{"id":3077,"date":"2026-04-22T09:00:00","date_gmt":"2026-04-22T09:00:00","guid":{"rendered":"https:\/\/www.gvs.com.br\/safety\/?p=3077"},"modified":"2026-03-23T20:13:40","modified_gmt":"2026-03-23T20:13:40","slug":"respirador-descartavel-pff2-valvula-gvs","status":"publish","type":"post","link":"https:\/\/www.gvs.com.br\/safety\/2026\/04\/22\/respirador-descartavel-pff2-valvula-gvs\/","title":{"rendered":"Respirador Descart\u00e1vel PFF2 com V\u00e1lvula: Tecnologia Avan\u00e7ada da GVS para M\u00e1xima Seguran\u00e7a no Trabalho"},"content":{"rendered":"\n<div class=\"wp-block-uagb-container uagb-block-2d8af228 alignwide uagb-is-root-container\">\n<div class=\"wp-block-uagb-advanced-heading uagb-block-d00b05fd\"><h2 class=\"uagb-heading-text\"><strong><strong>Respirador Descart\u00e1vel PFF2 com V\u00e1lvula: Tecnologia Avan\u00e7ada da GVS para M\u00e1xima Seguran\u00e7a no Trabalho<\/strong><\/strong><\/h2><\/div>\n<\/div>\n\n\n\n<p><\/p>\n\n\n\n<p class=\"has-text-align-justify has-text-align-justify\">Diversos processos industriais geram part\u00edculas invis\u00edveis que representam riscos significativos \u00e0 sa\u00fade respirat\u00f3ria. Poeiras finas, n\u00e9voas qu\u00edmicas e fumos met\u00e1licos podem permanecer suspensos no ar e penetrar profundamente nas vias respirat\u00f3rias.<br>Atividades comuns como: lixamento de superf\u00edcies, corte e serragem de materiais, soldagem e fundi\u00e7\u00e3o, pulveriza\u00e7\u00e3o e pintura, manipula\u00e7\u00e3o de produtos qu\u00edmicos, geram contaminantes capazes de comprometer a seguran\u00e7a dos trabalhadores.<br>Nesse contexto, o Respirador Descart\u00e1vel PFF2 com V\u00e1lvula torna-se um equipamento de prote\u00e7\u00e3o individual indispens\u00e1vel. Projetado para ambientes com part\u00edculas suspensas, ele ajuda a reduzir a exposi\u00e7\u00e3o a contaminantes e contribui para condi\u00e7\u00f5es de trabalho mais seguras.<br>Entre as solu\u00e7\u00f5es dispon\u00edveis no mercado, o Respirador Descart\u00e1vel PFF2 com V\u00e1lvula da GVS destaca-se pela combina\u00e7\u00e3o de tecnologia, conforto e excelente veda\u00e7\u00e3o facial.<\/p>\n\n\n\n<figure class=\"wp-block-image aligncenter size-full is-resized\"><img loading=\"lazy\" decoding=\"async\" width=\"1920\" height=\"1080\" src=\"https:\/\/www.gvs.com.br\/safety\/wp-content\/uploads\/2026\/03\/BANNER-BLOG-pff2.png\" alt=\"\" class=\"wp-image-3078\" style=\"width:845px;height:auto\" srcset=\"https:\/\/www.gvs.com.br\/safety\/wp-content\/uploads\/2026\/03\/BANNER-BLOG-pff2.png 1920w, https:\/\/www.gvs.com.br\/safety\/wp-content\/uploads\/2026\/03\/BANNER-BLOG-pff2-300x169.png 300w, https:\/\/www.gvs.com.br\/safety\/wp-content\/uploads\/2026\/03\/BANNER-BLOG-pff2-1024x576.png 1024w, https:\/\/www.gvs.com.br\/safety\/wp-content\/uploads\/2026\/03\/BANNER-BLOG-pff2-768x432.png 768w, https:\/\/www.gvs.com.br\/safety\/wp-content\/uploads\/2026\/03\/BANNER-BLOG-pff2-1536x864.png 1536w\" sizes=\"auto, (max-width: 1920px) 100vw, 1920px\" \/><\/figure>\n\n\n\n<div class=\"wp-block-uagb-advanced-heading uagb-block-945c4c02\"><h2 class=\"uagb-heading-text\">Conhe\u00e7a o Respirador Descart\u00e1vel PFF2 com V\u00e1lvula em Detalhes<\/h2><\/div>\n\n\n\n<p class=\"has-text-align-justify has-text-align-justify\"><\/p>\n\n\n\n<p><strong>Conceito e tecnologia<br><\/strong>O Respirador Descart\u00e1vel PFF2 com V\u00e1lvula foi desenvolvido para oferecer prote\u00e7\u00e3o respirat\u00f3ria eficiente aliada ao m\u00e1ximo conforto durante o uso prolongado.<br>Seu design resulta de um sistema de desenho eletr\u00f4nico para corte de tecidos, tecnologia que permite uma conforma\u00e7\u00e3o inovadora capaz de se adaptar aos mais variados formatos de rosto.<br>Esse projeto avan\u00e7ado contribui para melhorar a veda\u00e7\u00e3o facial e aumentar a efici\u00eancia da prote\u00e7\u00e3o respirat\u00f3ria.<\/p>\n\n\n\n<div class=\"wp-block-uagb-advanced-heading uagb-block-477b83ba\"><h2 class=\"uagb-heading-text\">Caracter\u00edsticas t\u00e9cnicas<\/h2><\/div>\n\n\n\n<p>O respirador incorpora componentes e materiais desenvolvidos com tecnologia de ponta.<\/p>\n\n\n\n<ul class=\"wp-block-list\">\n<li>Sistema exclusivo de fixa\u00e7\u00e3o com quatro pontos de ajuste.<\/li>\n\n\n\n<li>V\u00e1lvula de exala\u00e7\u00e3o de alta performance.<\/li>\n\n\n\n<li>Materiais filtrantes de alta qualidade.<\/li>\n\n\n\n<li>Formato dobr\u00e1vel, pr\u00e1tico para armazenamento.<\/li>\n\n\n\n<li>Cinta interna de espuma de alta densidade.<\/li>\n\n\n\n<li>Material interno macio para contato com a pele.<\/li>\n\n\n\n<li>El\u00e1sticos projetados para garantir veda\u00e7\u00e3o sem desconforto.<\/li>\n<\/ul>\n\n\n\n<p>Todos os materiais filtrantes utilizados atendem \u00e0s mais rigorosas normas nacionais e internacionais e s\u00e3o desenvolvidos e testados em laborat\u00f3rios especializados.<\/p>\n\n\n\n<div class=\"wp-block-uagb-advanced-heading uagb-block-d0488a5b\"><h2 class=\"uagb-heading-text\">Sistema de prote\u00e7\u00e3o<\/h2><\/div>\n\n\n\n<p>O respirador possui filtro 50 g\/m\u00b2 com carga eletrost\u00e1tica que atua como um purificador e barreira filtrante contra part\u00edculas suspensas no ar. Ele oferece prote\u00e7\u00e3o contra tr\u00eas principais tipos de contaminantes:<\/p>\n\n\n\n<p><strong>Poeiras<\/strong><br>Part\u00edculas s\u00f3lidas geradas por processos mec\u00e2nicos como: serragem de madeira, lixamento e corte de materiais. Quanto mais finas as part\u00edculas, maior o risco de inala\u00e7\u00e3o e danos respirat\u00f3rios.<br><strong>N\u00e9voas<\/strong><br>Part\u00edculas l\u00edquidas produzidas por: pulveriza\u00e7\u00e3o, condensa\u00e7\u00e3o e processos de pintura.<br><strong>Fumos<\/strong><br>Part\u00edculas extremamente finas originadas da condensa\u00e7\u00e3o de vapores met\u00e1licos, comuns em atividades como: soldagem, fundi\u00e7\u00e3o e processos t\u00e9rmicos industriais.<\/p>\n\n\n\n<div class=\"wp-block-uagb-container uagb-block-3fd75d03 alignfull uagb-is-root-container\"><div class=\"uagb-container-inner-blocks-wrap\">\n<div class=\"wp-block-uagb-container uagb-block-22c1e1f0\">\n<div class=\"wp-block-uagb-image uagb-block-2f8507b6 wp-block-uagb-image--layout-default wp-block-uagb-image--effect-static wp-block-uagb-image--align-none\"><figure class=\"wp-block-uagb-image__figure\"><img decoding=\"async\" srcset=\"https:\/\/www.gvs.com.br\/safety\/wp-content\/uploads\/2025\/02\/Respirador-Descartavel-Aero-2-PFF2-com-Valvula-2.jpg ,https:\/\/www.gvs.com.br\/safety\/wp-content\/uploads\/2025\/02\/Respirador-Descartavel-Aero-2-PFF2-com-Valvula-2.jpg 780w, https:\/\/www.gvs.com.br\/safety\/wp-content\/uploads\/2025\/02\/Respirador-Descartavel-Aero-2-PFF2-com-Valvula-2.jpg 360w\" sizes=\"auto, (max-width: 480px) 150px\" src=\"https:\/\/www.gvs.com.br\/safety\/wp-content\/uploads\/2025\/02\/Respirador-Descartavel-Aero-2-PFF2-com-Valvula-2.jpg\" alt=\"\" class=\"uag-image-588\" width=\"900\" height=\"900\" title=\"Respirador Descart\u00e1vel Aero 2 PFF2 com V\u00e1lvula (2)\" loading=\"lazy\" role=\"img\"\/><\/figure><\/div>\n<\/div>\n\n\n\n<div class=\"wp-block-uagb-container uagb-block-60892c35\">\n<div class=\"wp-block-uagb-image uagb-block-82ff844a wp-block-uagb-image--layout-default wp-block-uagb-image--effect-static wp-block-uagb-image--align-none\"><figure class=\"wp-block-uagb-image__figure\"><img decoding=\"async\" srcset=\"https:\/\/www.gvs.com.br\/safety\/wp-content\/uploads\/2025\/02\/Respirador-Descartavel-Aero-2-PFF2-com-Valvula-4.jpg ,https:\/\/www.gvs.com.br\/safety\/wp-content\/uploads\/2025\/02\/Respirador-Descartavel-Aero-2-PFF2-com-Valvula-4.jpg 780w, https:\/\/www.gvs.com.br\/safety\/wp-content\/uploads\/2025\/02\/Respirador-Descartavel-Aero-2-PFF2-com-Valvula-4.jpg 360w\" sizes=\"auto, (max-width: 480px) 150px\" src=\"https:\/\/www.gvs.com.br\/safety\/wp-content\/uploads\/2025\/02\/Respirador-Descartavel-Aero-2-PFF2-com-Valvula-4.jpg\" alt=\"\" class=\"uag-image-590\" width=\"336\" height=\"336\" title=\"Respirador Descart\u00e1vel Aero 2 PFF2 com V\u00e1lvula (4)\" loading=\"lazy\" role=\"img\"\/><\/figure><\/div>\n<\/div>\n\n\n\n<div class=\"wp-block-uagb-container uagb-block-2ccfa662\">\n<div class=\"wp-block-uagb-image uagb-block-a4f4d981 wp-block-uagb-image--layout-default wp-block-uagb-image--effect-static wp-block-uagb-image--align-none\"><figure class=\"wp-block-uagb-image__figure\"><img decoding=\"async\" srcset=\"https:\/\/www.gvs.com.br\/safety\/wp-content\/uploads\/2025\/02\/Respirador-Descartavel-Aero-2-PFF2-com-Valvula-3.jpg ,https:\/\/www.gvs.com.br\/safety\/wp-content\/uploads\/2025\/02\/Respirador-Descartavel-Aero-2-PFF2-com-Valvula-3.jpg 780w, https:\/\/www.gvs.com.br\/safety\/wp-content\/uploads\/2025\/02\/Respirador-Descartavel-Aero-2-PFF2-com-Valvula-3.jpg 360w\" sizes=\"auto, (max-width: 480px) 150px\" src=\"https:\/\/www.gvs.com.br\/safety\/wp-content\/uploads\/2025\/02\/Respirador-Descartavel-Aero-2-PFF2-com-Valvula-3.jpg\" alt=\"\" class=\"uag-image-589\" width=\"339\" height=\"339\" title=\"Respirador Descart\u00e1vel Aero 2 PFF2 com V\u00e1lvula (3)\" loading=\"lazy\" role=\"img\"\/><\/figure><\/div>\n<\/div>\n<\/div><\/div>\n\n\n\n<div class=\"wp-block-uagb-advanced-heading uagb-block-f01b0ef6\"><h2 class=\"uagb-heading-text\">Benef\u00edcios e Vantagens no Dia a Dia<\/h2><\/div>\n\n\n\n<p>O Respirador Descart\u00e1vel PFF2 com V\u00e1lvula foi projetado para resolver problemas reais enfrentados pelos usu\u00e1rios no ambiente de trabalho.<\/p>\n\n\n\n<p class=\"has-text-align-justify has-text-align-justify\"><strong>Veda\u00e7\u00e3o superior:<\/strong> o sistema exclusivo de fixa\u00e7\u00e3o com quatro pontos de ajuste melhora significativamente o encaixe facial. Isso proporciona: melhor desempenho de prote\u00e7\u00e3o, adapta\u00e7\u00e3o a diferentes formatos de rosto e maior estabilidade durante o uso.<br><strong>Conforto respirat\u00f3rio elevado:<\/strong> a v\u00e1lvula de exala\u00e7\u00e3o de alta tecnologia possui baix\u00edssima resist\u00eancia ao fluxo de ar. Na pr\u00e1tica, isso significa: respira\u00e7\u00e3o mais suave, menor esfor\u00e7o respirat\u00f3rio e melhor troca de ar. Al\u00e9m disso, o sistema reduz significativamente o aumento de temperatura dentro do respirador.<br>Menos emba\u00e7amento de \u00f3culos de seguran\u00e7a: a cinta interna de espuma de alta densidade, localizada na parte superior do respirador, melhora a veda\u00e7\u00e3o e contribui para evitar o emba\u00e7amento de \u00f3culos de prote\u00e7\u00e3o. Esse detalhe aumenta a seguran\u00e7a e o conforto durante atividades que exigem vis\u00e3o clara e constante.<br><strong>Ajuste confort\u00e1vel sem press\u00e3o excessiva:<\/strong> os novos el\u00e1sticos foram desenvolvidos para garantir veda\u00e7\u00e3o eficiente sem necessidade de compress\u00e3o excessiva no rosto. Isso reduz: fadiga do usu\u00e1rio, desconforto durante longos per\u00edodos de uso e necessidade de ajustes constantes.<br>Praticidade e armazenamento: o formato dobr\u00e1vel facilita o transporte e o armazenamento, tornando o respirador mais pr\u00e1tico para uso em diferentes ambientes de trabalho.<\/p>\n\n\n\n<div class=\"wp-block-uagb-advanced-heading uagb-block-79dded1e\"><h2 class=\"uagb-heading-text\">\u00c1reas de Aplica\u00e7\u00e3o<\/h2><\/div>\n\n\n\n<p class=\"has-text-align-justify has-text-align-justify\">Devido \u00e0 sua efici\u00eancia e conforto, o respirador pode ser utilizado em diversos setores industriais e profissionais. \u00c9 amplamente utilizado em diversos setores produtivos que exigem prote\u00e7\u00e3o respirat\u00f3ria eficiente contra part\u00edculas suspensas no ar.<br>Sua aplica\u00e7\u00e3o \u00e9 comum na ind\u00fastria metal\u00fargica, qu\u00edmica, farmac\u00eautica, aliment\u00edcia, moveleira e t\u00eaxtil, al\u00e9m de ambientes como constru\u00e7\u00e3o civil e constru\u00e7\u00e3o naval.<br>O equipamento tamb\u00e9m atende \u00e0s demandas de seguran\u00e7a em atividades de minera\u00e7\u00e3o, fundi\u00e7\u00f5es, serralherias e processos de soldagem, bem como em opera\u00e7\u00f5es de pinturas industriais e manipula\u00e7\u00e3o de fibra de vidro.<br>Al\u00e9m disso, \u00e9 indicado para uso em setores como agricultura, frigor\u00edficos, laborat\u00f3rios e hospitais, contribuindo para reduzir a exposi\u00e7\u00e3o a poeiras, n\u00e9voas e fumos gerados durante diferentes processos produtivos.<br>Esses ambientes frequentemente apresentam part\u00edculas suspensas que exigem prote\u00e7\u00e3o respirat\u00f3ria eficiente e confi\u00e1vel.<\/p>\n\n\n\n<div class=\"wp-block-uagb-advanced-heading uagb-block-415b9666\"><h2 class=\"uagb-heading-text\">Por que escolher o Respirador Descart\u00e1vel PFF2 com V\u00e1lvula da GVS?<\/h2><\/div>\n\n\n\n<p class=\"has-text-align-justify has-text-align-justify\">A prote\u00e7\u00e3o respirat\u00f3ria \u00e9 um dos pilares da seguran\u00e7a ocupacional. Escolher o respirador adequado ajuda a reduzir riscos e contribui para ambientes de trabalho mais seguros.<br>O Respirador Descart\u00e1vel PFF2 com V\u00e1lvula da GVS re\u00fane tecnologia, ergonomia e desempenho para atender \u00e0s necessidades de diversos setores industriais.<\/p>\n\n\n\n<div class=\"wp-block-uagb-advanced-heading uagb-block-c15050bf\"><h2 class=\"uagb-heading-text\">Acreditamos em proteger voc\u00ea para os melhores momentos da vida!<\/h2><\/div>\n\n\n\n<p class=\"has-text-align-justify has-text-align-justify\">Criamos solu\u00e7\u00f5es de prote\u00e7\u00e3o respirat\u00f3ria que tornam voc\u00ea e sua equipe mais seguros, para que todos possam voltar para casa no final de cada dia, seguros, saud\u00e1veis e capazes de fazer aquilo que mais importa.<\/p>\n\n\n\n<div class=\"wp-block-uagb-call-to-action uagb-block-e6f6b3df wp-block-button\"><div class=\"uagb-cta__wrap\"><h3 class=\"uagb-cta__title\">Fale com a gente!<\/h3><p class=\"uagb-cta__desc\">Entre em contato com o nosso time hoje mesmo, esclare\u00e7a as suas d\u00favidas e&nbsp;<strong>solicite a sua cota\u00e7\u00e3o!<\/strong><\/p><\/div><div class=\"uagb-cta__buttons\"><a href=\"https:\/\/wa.me\/551938797222\" class=\"uagb-cta__button-link-wrapper wp-block-button__link\" target=\"_self\" rel=\"noopener noreferrer\"><svg xmlns=\"https:\/\/www.w3.org\/2000\/svg\" viewBox=\"0 0 448 512\"><path d=\"M380.9 97.1C339 55.1 283.2 32 223.9 32c-122.4 0-222 99.6-222 222 0 39.1 10.2 77.3 29.6 111L0 480l117.7-30.9c32.4 17.7 68.9 27 106.1 27h.1c122.3 0 224.1-99.6 224.1-222 0-59.3-25.2-115-67.1-157zm-157 341.6c-33.2 0-65.7-8.9-94-25.7l-6.7-4-69.8 18.3L72 359.2l-4.4-7c-18.5-29.4-28.2-63.3-28.2-98.2 0-101.7 82.8-184.5 184.6-184.5 49.3 0 95.6 19.2 130.4 54.1 34.8 34.9 56.2 81.2 56.1 130.5 0 101.8-84.9 184.6-186.6 184.6zm101.2-138.2c-5.5-2.8-32.8-16.2-37.9-18-5.1-1.9-8.8-2.8-12.5 2.8-3.7 5.6-14.3 18-17.6 21.8-3.2 3.7-6.5 4.2-12 1.4-32.6-16.3-54-29.1-75.5-66-5.7-9.8 5.7-9.1 16.3-30.3 1.8-3.7 .9-6.9-.5-9.7-1.4-2.8-12.5-30.1-17.1-41.2-4.5-10.8-9.1-9.3-12.5-9.5-3.2-.2-6.9-.2-10.6-.2-3.7 0-9.7 1.4-14.8 6.9-5.1 5.6-19.4 19-19.4 46.3 0 27.3 19.9 53.7 22.6 57.4 2.8 3.7 39.1 59.7 94.8 83.8 35.2 15.2 49 16.5 66.6 13.9 10.7-1.6 32.8-13.4 37.4-26.4 4.6-13 4.6-24.1 3.2-26.4-1.3-2.5-5-3.9-10.5-6.6z\"><\/path><\/svg>WhatsApp<\/a><\/div><\/div>\n\n\n\n<div class=\"wp-block-uagb-container uagb-block-c0c1a3e3 alignfull uagb-is-root-container\"><div class=\"uagb-container-inner-blocks-wrap\">\n<div class=\"wp-block-uagb-advanced-heading uagb-block-ad5e840a\"><h2 class=\"uagb-heading-text\"><strong>Conhe\u00e7a todas as solu\u00e7\u00f5es de prote\u00e7\u00e3o respirat\u00f3ria da GVS e encontre o modelo ideal para sua aplica\u00e7\u00e3o.<\/strong><\/h2><\/div>\n<\/div><\/div>\n\n\n\n<div class=\"wp-block-uagb-separator uagb-block-96e52944\"><div class=\"uagb-separator-spacing-wrapper\"><div class=\"wp-block-uagb-separator__inner\" style=\"--my-background-image:\"><\/div><\/div><\/div>\n\n\n\n<div class=\"wp-block-uagb-call-to-action uagb-block-bf9c28ce wp-block-button\"><div class=\"uagb-cta__wrap\"><h3 class=\"uagb-cta__title\">Confira mais detalhes!<\/h3><p class=\"uagb-cta__desc\">Confira aqui as especifica\u00e7\u00f5es t\u00e9cnicas do <strong>Respirador Descart\u00e1vel PFF2 com V\u00e1lvula da GVS.<\/strong><\/p><\/div><div class=\"uagb-cta__buttons\"><a href=\"https:\/\/www.gvs.com.br\/safety\/wp-content\/uploads\/2025\/05\/Especificacao-de-produto-PFF2NVKD02-Azul-com-Valvula.pdf \" class=\"uagb-cta__button-link-wrapper wp-block-button__link\" target=\"_self\" rel=\"noopener noreferrer\">Saiba mais!<\/a><\/div><\/div>\n\n\n\n<div class=\"wp-block-uagb-separator uagb-block-b8b79ce8\"><div class=\"uagb-separator-spacing-wrapper\"><div class=\"wp-block-uagb-separator__inner\" style=\"--my-background-image:\"><\/div><\/div><\/div>\n\n\n\n<div class=\"wp-block-uagb-call-to-action uagb-block-74b20309 wp-block-button\"><div class=\"uagb-cta__wrap\"><h3 class=\"uagb-cta__title\">Fique por dentro das novidades!<\/h3><p class=\"uagb-cta__desc\">Acompanhe nossa jornada de inova\u00e7\u00e3o e saiba mais sobre nossos produtos, acesse <strong>Safety da GVS.<\/strong><\/p><\/div><div class=\"uagb-cta__buttons\"><a href=\"https:\/\/www.gvs.com.br\/safety\" class=\"uagb-cta__button-link-wrapper wp-block-button__link\" target=\"_self\" rel=\"noopener noreferrer\">Acesse o site<\/a><\/div><\/div>\n\n\n\n<p><\/p>\n","protected":false},"excerpt":{"rendered":"<p>Respirador Descart\u00e1vel PFF2 com V\u00e1lvula: Tecnologia Avan\u00e7ada da GVS para M\u00e1xima Seguran\u00e7a no Trabalho Diversos processos industriais geram part\u00edculas invis\u00edveis [&hellip;]<\/p>\n","protected":false},"author":3,"featured_media":3078,"comment_status":"closed","ping_status":"closed","sticky":false,"template":"","format":"standard","meta":{"_uag_custom_page_level_css":"","site-sidebar-layout":"default","site-content-layout":"","ast-site-content-layout":"","site-content-style":"default","site-sidebar-style":"default","ast-global-header-display":"","ast-banner-title-visibility":"","ast-main-header-display":"","ast-hfb-above-header-display":"","ast-hfb-below-header-display":"","ast-hfb-mobile-header-display":"","site-post-title":"disabled","ast-breadcrumbs-content":"","ast-featured-img":"disabled","footer-sml-layout":"","ast-disable-related-posts":"","theme-transparent-header-meta":"","adv-header-id-meta":"","stick-header-meta":"","header-above-stick-meta":"","header-main-stick-meta":"","header-below-stick-meta":"","astra-migrate-meta-layouts":"default","ast-page-background-enabled":"default","ast-page-background-meta":{"desktop":{"background-color":"var(--ast-global-color-4)","background-image":"","background-repeat":"repeat","background-position":"center center","background-size":"auto","background-attachment":"scroll","background-type":"","background-media":"","overlay-type":"","overlay-color":"","overlay-opacity":"","overlay-gradient":""},"tablet":{"background-color":"","background-image":"","background-repeat":"repeat","background-position":"center center","background-size":"auto","background-attachment":"scroll","background-type":"","background-media":"","overlay-type":"","overlay-color":"","overlay-opacity":"","overlay-gradient":""},"mobile":{"background-color":"","background-image":"","background-repeat":"repeat","background-position":"center center","background-size":"auto","background-attachment":"scroll","background-type":"","background-media":"","overlay-type":"","overlay-color":"","overlay-opacity":"","overlay-gradient":""}},"ast-content-background-meta":{"desktop":{"background-color":"var(--ast-global-color-5)","background-image":"","background-repeat":"repeat","background-position":"center center","background-size":"auto","background-attachment":"scroll","background-type":"","background-media":"","overlay-type":"","overlay-color":"","overlay-opacity":"","overlay-gradient":""},"tablet":{"background-color":"var(--ast-global-color-5)","background-image":"","background-repeat":"repeat","background-position":"center center","background-size":"auto","background-attachment":"scroll","background-type":"","background-media":"","overlay-type":"","overlay-color":"","overlay-opacity":"","overlay-gradient":""},"mobile":{"background-color":"var(--ast-global-color-5)","background-image":"","background-repeat":"repeat","background-position":"center center","background-size":"auto","background-attachment":"scroll","background-type":"","background-media":"","overlay-type":"","overlay-color":"","overlay-opacity":"","overlay-gradient":""}},"footnotes":""},"categories":[11,5],"tags":[50,49,17,15,16],"class_list":["post-3077","post","type-post","status-publish","format-standard","has-post-thumbnail","hentry","category-ajuste-apertado","category-safety","tag-com-valvula","tag-pff2","tag-produtos-gvs","tag-protecao-respiratoria","tag-safety"],"yoast_head":"<!-- This site is optimized with the Yoast SEO plugin v27.2 - https:\/\/yoast.com\/product\/yoast-seo-wordpress\/ -->\n<title>Respirador Descart\u00e1vel PFF2 com V\u00e1lvula da GVS<\/title>\n<meta name=\"description\" content=\"O Respirador Descart\u00e1vel PFF2 com V\u00e1lvula da GVS foi desenvolvido para oferecer prote\u00e7\u00e3o eficiente aliada ao conforto durante o uso, mesmo em atividades intensas.\" \/>\n<meta name=\"robots\" content=\"index, follow, max-snippet:-1, max-image-preview:large, max-video-preview:-1\" \/>\n<link rel=\"canonical\" href=\"https:\/\/www.gvs.com.br\/safety\/2026\/04\/22\/respirador-descartavel-pff2-valvula-gvs\/\" \/>\n<meta property=\"og:locale\" content=\"pt_BR\" \/>\n<meta property=\"og:type\" content=\"article\" \/>\n<meta property=\"og:title\" content=\"Respirador Descart\u00e1vel PFF2 com V\u00e1lvula da GVS\" \/>\n<meta property=\"og:description\" content=\"O Respirador Descart\u00e1vel PFF2 com V\u00e1lvula da GVS foi desenvolvido para oferecer prote\u00e7\u00e3o eficiente aliada ao conforto durante o uso, mesmo em atividades intensas.\" \/>\n<meta property=\"og:url\" content=\"https:\/\/www.gvs.com.br\/safety\/2026\/04\/22\/respirador-descartavel-pff2-valvula-gvs\/\" \/>\n<meta property=\"og:site_name\" content=\"Safety\" \/>\n<meta property=\"article:published_time\" content=\"2026-04-22T09:00:00+00:00\" \/>\n<meta property=\"og:image\" content=\"https:\/\/www.gvs.com.br\/safety\/wp-content\/uploads\/2026\/03\/BANNER-BLOG-pff2.png\" \/>\n\t<meta property=\"og:image:width\" content=\"1920\" \/>\n\t<meta property=\"og:image:height\" content=\"1080\" \/>\n\t<meta property=\"og:image:type\" content=\"image\/png\" \/>\n<meta name=\"author\" content=\"admin-dla3\" \/>\n<meta name=\"twitter:card\" content=\"summary_large_image\" \/>\n<meta name=\"twitter:label1\" content=\"Escrito por\" \/>\n\t<meta name=\"twitter:data1\" content=\"admin-dla3\" \/>\n\t<meta name=\"twitter:label2\" content=\"Est. tempo de leitura\" \/>\n\t<meta name=\"twitter:data2\" content=\"7 minutos\" \/>\n<script type=\"application\/ld+json\" class=\"yoast-schema-graph\">{\"@context\":\"https:\/\/schema.org\",\"@graph\":[{\"@type\":\"Article\",\"@id\":\"https:\/\/www.gvs.com.br\/safety\/2026\/04\/22\/respirador-descartavel-pff2-valvula-gvs\/#article\",\"isPartOf\":{\"@id\":\"https:\/\/www.gvs.com.br\/safety\/2026\/04\/22\/respirador-descartavel-pff2-valvula-gvs\/\"},\"author\":{\"name\":\"admin-dla3\",\"@id\":\"https:\/\/www.gvs.com.br\/safety\/#\/schema\/person\/369c6e3ee393f9b765fd5cefab76db91\"},\"headline\":\"Respirador Descart\u00e1vel PFF2 com V\u00e1lvula: Tecnologia Avan\u00e7ada da GVS para M\u00e1xima Seguran\u00e7a no Trabalho\",\"datePublished\":\"2026-04-22T09:00:00+00:00\",\"mainEntityOfPage\":{\"@id\":\"https:\/\/www.gvs.com.br\/safety\/2026\/04\/22\/respirador-descartavel-pff2-valvula-gvs\/\"},\"wordCount\":1103,\"publisher\":{\"@id\":\"https:\/\/www.gvs.com.br\/safety\/#organization\"},\"image\":{\"@id\":\"https:\/\/www.gvs.com.br\/safety\/2026\/04\/22\/respirador-descartavel-pff2-valvula-gvs\/#primaryimage\"},\"thumbnailUrl\":\"https:\/\/www.gvs.com.br\/safety\/wp-content\/uploads\/2026\/03\/BANNER-BLOG-pff2.png\",\"keywords\":[\"com V\u00e1lvula\",\"PFF2\",\"Produtos GVS\",\"Prote\u00e7\u00e3o Respirat\u00f3ria\",\"Safety\"],\"articleSection\":[\"Ajuste Apertado\",\"Safety\"],\"inLanguage\":\"pt-BR\"},{\"@type\":\"WebPage\",\"@id\":\"https:\/\/www.gvs.com.br\/safety\/2026\/04\/22\/respirador-descartavel-pff2-valvula-gvs\/\",\"url\":\"https:\/\/www.gvs.com.br\/safety\/2026\/04\/22\/respirador-descartavel-pff2-valvula-gvs\/\",\"name\":\"Respirador Descart\u00e1vel PFF2 com V\u00e1lvula da GVS\",\"isPartOf\":{\"@id\":\"https:\/\/www.gvs.com.br\/safety\/#website\"},\"primaryImageOfPage\":{\"@id\":\"https:\/\/www.gvs.com.br\/safety\/2026\/04\/22\/respirador-descartavel-pff2-valvula-gvs\/#primaryimage\"},\"image\":{\"@id\":\"https:\/\/www.gvs.com.br\/safety\/2026\/04\/22\/respirador-descartavel-pff2-valvula-gvs\/#primaryimage\"},\"thumbnailUrl\":\"https:\/\/www.gvs.com.br\/safety\/wp-content\/uploads\/2026\/03\/BANNER-BLOG-pff2.png\",\"datePublished\":\"2026-04-22T09:00:00+00:00\",\"description\":\"O Respirador Descart\u00e1vel PFF2 com V\u00e1lvula da GVS foi desenvolvido para oferecer prote\u00e7\u00e3o eficiente aliada ao conforto durante o uso, mesmo em atividades intensas.\",\"breadcrumb\":{\"@id\":\"https:\/\/www.gvs.com.br\/safety\/2026\/04\/22\/respirador-descartavel-pff2-valvula-gvs\/#breadcrumb\"},\"inLanguage\":\"pt-BR\",\"potentialAction\":[{\"@type\":\"ReadAction\",\"target\":[\"https:\/\/www.gvs.com.br\/safety\/2026\/04\/22\/respirador-descartavel-pff2-valvula-gvs\/\"]}]},{\"@type\":\"ImageObject\",\"inLanguage\":\"pt-BR\",\"@id\":\"https:\/\/www.gvs.com.br\/safety\/2026\/04\/22\/respirador-descartavel-pff2-valvula-gvs\/#primaryimage\",\"url\":\"https:\/\/www.gvs.com.br\/safety\/wp-content\/uploads\/2026\/03\/BANNER-BLOG-pff2.png\",\"contentUrl\":\"https:\/\/www.gvs.com.br\/safety\/wp-content\/uploads\/2026\/03\/BANNER-BLOG-pff2.png\",\"width\":1920,\"height\":1080},{\"@type\":\"BreadcrumbList\",\"@id\":\"https:\/\/www.gvs.com.br\/safety\/2026\/04\/22\/respirador-descartavel-pff2-valvula-gvs\/#breadcrumb\",\"itemListElement\":[{\"@type\":\"ListItem\",\"position\":1,\"name\":\"In\u00edcio\",\"item\":\"https:\/\/www.gvs.com.br\/safety\/\"},{\"@type\":\"ListItem\",\"position\":2,\"name\":\"Respirador Descart\u00e1vel PFF2 com V\u00e1lvula: Tecnologia Avan\u00e7ada da GVS para M\u00e1xima Seguran\u00e7a no Trabalho\"}]},{\"@type\":\"WebSite\",\"@id\":\"https:\/\/www.gvs.com.br\/safety\/#website\",\"url\":\"https:\/\/www.gvs.com.br\/safety\/\",\"name\":\"Safety\",\"description\":\"\",\"publisher\":{\"@id\":\"https:\/\/www.gvs.com.br\/safety\/#organization\"},\"potentialAction\":[{\"@type\":\"SearchAction\",\"target\":{\"@type\":\"EntryPoint\",\"urlTemplate\":\"https:\/\/www.gvs.com.br\/safety\/?s={search_term_string}\"},\"query-input\":{\"@type\":\"PropertyValueSpecification\",\"valueRequired\":true,\"valueName\":\"search_term_string\"}}],\"inLanguage\":\"pt-BR\"},{\"@type\":\"Organization\",\"@id\":\"https:\/\/www.gvs.com.br\/safety\/#organization\",\"name\":\"Safety\",\"url\":\"https:\/\/www.gvs.com.br\/safety\/\",\"logo\":{\"@type\":\"ImageObject\",\"inLanguage\":\"pt-BR\",\"@id\":\"https:\/\/www.gvs.com.br\/safety\/#\/schema\/logo\/image\/\",\"url\":\"https:\/\/www.gvs.com.br\/safety\/wp-content\/uploads\/2024\/12\/Logo-GVS-Safety.png\",\"contentUrl\":\"https:\/\/www.gvs.com.br\/safety\/wp-content\/uploads\/2024\/12\/Logo-GVS-Safety.png\",\"width\":1920,\"height\":1080,\"caption\":\"Safety\"},\"image\":{\"@id\":\"https:\/\/www.gvs.com.br\/safety\/#\/schema\/logo\/image\/\"}},{\"@type\":\"Person\",\"@id\":\"https:\/\/www.gvs.com.br\/safety\/#\/schema\/person\/369c6e3ee393f9b765fd5cefab76db91\",\"name\":\"admin-dla3\",\"image\":{\"@type\":\"ImageObject\",\"inLanguage\":\"pt-BR\",\"@id\":\"https:\/\/secure.gravatar.com\/avatar\/ad1c9d9708d64f615830e78264488f73aab12a9e3c19cc9a499967a57d52e788?s=96&d=mm&r=g\",\"url\":\"https:\/\/secure.gravatar.com\/avatar\/ad1c9d9708d64f615830e78264488f73aab12a9e3c19cc9a499967a57d52e788?s=96&d=mm&r=g\",\"contentUrl\":\"https:\/\/secure.gravatar.com\/avatar\/ad1c9d9708d64f615830e78264488f73aab12a9e3c19cc9a499967a57d52e788?s=96&d=mm&r=g\",\"caption\":\"admin-dla3\"},\"url\":\"https:\/\/www.gvs.com.br\/safety\/author\/admin-dla3\/\"}]}<\/script>\n<!-- \/ Yoast SEO plugin. -->","yoast_head_json":{"title":"Respirador Descart\u00e1vel PFF2 com V\u00e1lvula da GVS","description":"O Respirador Descart\u00e1vel PFF2 com V\u00e1lvula da GVS foi desenvolvido para oferecer prote\u00e7\u00e3o eficiente aliada ao conforto durante o uso, mesmo em atividades intensas.","robots":{"index":"index","follow":"follow","max-snippet":"max-snippet:-1","max-image-preview":"max-image-preview:large","max-video-preview":"max-video-preview:-1"},"canonical":"https:\/\/www.gvs.com.br\/safety\/2026\/04\/22\/respirador-descartavel-pff2-valvula-gvs\/","og_locale":"pt_BR","og_type":"article","og_title":"Respirador Descart\u00e1vel PFF2 com V\u00e1lvula da GVS","og_description":"O Respirador Descart\u00e1vel PFF2 com V\u00e1lvula da GVS foi desenvolvido para oferecer prote\u00e7\u00e3o eficiente aliada ao conforto durante o uso, mesmo em atividades intensas.","og_url":"https:\/\/www.gvs.com.br\/safety\/2026\/04\/22\/respirador-descartavel-pff2-valvula-gvs\/","og_site_name":"Safety","article_published_time":"2026-04-22T09:00:00+00:00","og_image":[{"width":1920,"height":1080,"url":"https:\/\/www.gvs.com.br\/safety\/wp-content\/uploads\/2026\/03\/BANNER-BLOG-pff2.png","type":"image\/png"}],"author":"admin-dla3","twitter_card":"summary_large_image","twitter_misc":{"Escrito por":"admin-dla3","Est. tempo de leitura":"7 minutos"},"schema":{"@context":"https:\/\/schema.org","@graph":[{"@type":"Article","@id":"https:\/\/www.gvs.com.br\/safety\/2026\/04\/22\/respirador-descartavel-pff2-valvula-gvs\/#article","isPartOf":{"@id":"https:\/\/www.gvs.com.br\/safety\/2026\/04\/22\/respirador-descartavel-pff2-valvula-gvs\/"},"author":{"name":"admin-dla3","@id":"https:\/\/www.gvs.com.br\/safety\/#\/schema\/person\/369c6e3ee393f9b765fd5cefab76db91"},"headline":"Respirador Descart\u00e1vel PFF2 com V\u00e1lvula: Tecnologia Avan\u00e7ada da GVS para M\u00e1xima Seguran\u00e7a no Trabalho","datePublished":"2026-04-22T09:00:00+00:00","mainEntityOfPage":{"@id":"https:\/\/www.gvs.com.br\/safety\/2026\/04\/22\/respirador-descartavel-pff2-valvula-gvs\/"},"wordCount":1103,"publisher":{"@id":"https:\/\/www.gvs.com.br\/safety\/#organization"},"image":{"@id":"https:\/\/www.gvs.com.br\/safety\/2026\/04\/22\/respirador-descartavel-pff2-valvula-gvs\/#primaryimage"},"thumbnailUrl":"https:\/\/www.gvs.com.br\/safety\/wp-content\/uploads\/2026\/03\/BANNER-BLOG-pff2.png","keywords":["com V\u00e1lvula","PFF2","Produtos GVS","Prote\u00e7\u00e3o Respirat\u00f3ria","Safety"],"articleSection":["Ajuste Apertado","Safety"],"inLanguage":"pt-BR"},{"@type":"WebPage","@id":"https:\/\/www.gvs.com.br\/safety\/2026\/04\/22\/respirador-descartavel-pff2-valvula-gvs\/","url":"https:\/\/www.gvs.com.br\/safety\/2026\/04\/22\/respirador-descartavel-pff2-valvula-gvs\/","name":"Respirador Descart\u00e1vel PFF2 com V\u00e1lvula da GVS","isPartOf":{"@id":"https:\/\/www.gvs.com.br\/safety\/#website"},"primaryImageOfPage":{"@id":"https:\/\/www.gvs.com.br\/safety\/2026\/04\/22\/respirador-descartavel-pff2-valvula-gvs\/#primaryimage"},"image":{"@id":"https:\/\/www.gvs.com.br\/safety\/2026\/04\/22\/respirador-descartavel-pff2-valvula-gvs\/#primaryimage"},"thumbnailUrl":"https:\/\/www.gvs.com.br\/safety\/wp-content\/uploads\/2026\/03\/BANNER-BLOG-pff2.png","datePublished":"2026-04-22T09:00:00+00:00","description":"O Respirador Descart\u00e1vel PFF2 com V\u00e1lvula da GVS foi desenvolvido para oferecer prote\u00e7\u00e3o eficiente aliada ao conforto durante o uso, mesmo em atividades intensas.","breadcrumb":{"@id":"https:\/\/www.gvs.com.br\/safety\/2026\/04\/22\/respirador-descartavel-pff2-valvula-gvs\/#breadcrumb"},"inLanguage":"pt-BR","potentialAction":[{"@type":"ReadAction","target":["https:\/\/www.gvs.com.br\/safety\/2026\/04\/22\/respirador-descartavel-pff2-valvula-gvs\/"]}]},{"@type":"ImageObject","inLanguage":"pt-BR","@id":"https:\/\/www.gvs.com.br\/safety\/2026\/04\/22\/respirador-descartavel-pff2-valvula-gvs\/#primaryimage","url":"https:\/\/www.gvs.com.br\/safety\/wp-content\/uploads\/2026\/03\/BANNER-BLOG-pff2.png","contentUrl":"https:\/\/www.gvs.com.br\/safety\/wp-content\/uploads\/2026\/03\/BANNER-BLOG-pff2.png","width":1920,"height":1080},{"@type":"BreadcrumbList","@id":"https:\/\/www.gvs.com.br\/safety\/2026\/04\/22\/respirador-descartavel-pff2-valvula-gvs\/#breadcrumb","itemListElement":[{"@type":"ListItem","position":1,"name":"In\u00edcio","item":"https:\/\/www.gvs.com.br\/safety\/"},{"@type":"ListItem","position":2,"name":"Respirador Descart\u00e1vel PFF2 com V\u00e1lvula: Tecnologia Avan\u00e7ada da GVS para M\u00e1xima Seguran\u00e7a no Trabalho"}]},{"@type":"WebSite","@id":"https:\/\/www.gvs.com.br\/safety\/#website","url":"https:\/\/www.gvs.com.br\/safety\/","name":"Safety","description":"","publisher":{"@id":"https:\/\/www.gvs.com.br\/safety\/#organization"},"potentialAction":[{"@type":"SearchAction","target":{"@type":"EntryPoint","urlTemplate":"https:\/\/www.gvs.com.br\/safety\/?s={search_term_string}"},"query-input":{"@type":"PropertyValueSpecification","valueRequired":true,"valueName":"search_term_string"}}],"inLanguage":"pt-BR"},{"@type":"Organization","@id":"https:\/\/www.gvs.com.br\/safety\/#organization","name":"Safety","url":"https:\/\/www.gvs.com.br\/safety\/","logo":{"@type":"ImageObject","inLanguage":"pt-BR","@id":"https:\/\/www.gvs.com.br\/safety\/#\/schema\/logo\/image\/","url":"https:\/\/www.gvs.com.br\/safety\/wp-content\/uploads\/2024\/12\/Logo-GVS-Safety.png","contentUrl":"https:\/\/www.gvs.com.br\/safety\/wp-content\/uploads\/2024\/12\/Logo-GVS-Safety.png","width":1920,"height":1080,"caption":"Safety"},"image":{"@id":"https:\/\/www.gvs.com.br\/safety\/#\/schema\/logo\/image\/"}},{"@type":"Person","@id":"https:\/\/www.gvs.com.br\/safety\/#\/schema\/person\/369c6e3ee393f9b765fd5cefab76db91","name":"admin-dla3","image":{"@type":"ImageObject","inLanguage":"pt-BR","@id":"https:\/\/secure.gravatar.com\/avatar\/ad1c9d9708d64f615830e78264488f73aab12a9e3c19cc9a499967a57d52e788?s=96&d=mm&r=g","url":"https:\/\/secure.gravatar.com\/avatar\/ad1c9d9708d64f615830e78264488f73aab12a9e3c19cc9a499967a57d52e788?s=96&d=mm&r=g","contentUrl":"https:\/\/secure.gravatar.com\/avatar\/ad1c9d9708d64f615830e78264488f73aab12a9e3c19cc9a499967a57d52e788?s=96&d=mm&r=g","caption":"admin-dla3"},"url":"https:\/\/www.gvs.com.br\/safety\/author\/admin-dla3\/"}]}},"uagb_featured_image_src":{"full":["https:\/\/www.gvs.com.br\/safety\/wp-content\/uploads\/2026\/03\/BANNER-BLOG-pff2.png",1920,1080,false],"thumbnail":["https:\/\/www.gvs.com.br\/safety\/wp-content\/uploads\/2026\/03\/BANNER-BLOG-pff2-150x150.png",150,150,true],"medium":["https:\/\/www.gvs.com.br\/safety\/wp-content\/uploads\/2026\/03\/BANNER-BLOG-pff2-300x169.png",300,169,true],"medium_large":["https:\/\/www.gvs.com.br\/safety\/wp-content\/uploads\/2026\/03\/BANNER-BLOG-pff2-768x432.png",768,432,true],"large":["https:\/\/www.gvs.com.br\/safety\/wp-content\/uploads\/2026\/03\/BANNER-BLOG-pff2-1024x576.png",1024,576,true],"1536x1536":["https:\/\/www.gvs.com.br\/safety\/wp-content\/uploads\/2026\/03\/BANNER-BLOG-pff2-1536x864.png",1536,864,true],"2048x2048":["https:\/\/www.gvs.com.br\/safety\/wp-content\/uploads\/2026\/03\/BANNER-BLOG-pff2.png",1920,1080,false]},"uagb_author_info":{"display_name":"admin-dla3","author_link":"https:\/\/www.gvs.com.br\/safety\/author\/admin-dla3\/"},"uagb_comment_info":0,"uagb_excerpt":"Respirador Descart\u00e1vel PFF2 com V\u00e1lvula: Tecnologia Avan\u00e7ada da GVS para M\u00e1xima Seguran\u00e7a no Trabalho Diversos processos industriais geram part\u00edculas invis\u00edveis [&hellip;]","_links":{"self":[{"href":"https:\/\/www.gvs.com.br\/safety\/wp-json\/wp\/v2\/posts\/3077","targetHints":{"allow":["GET"]}}],"collection":[{"href":"https:\/\/www.gvs.com.br\/safety\/wp-json\/wp\/v2\/posts"}],"about":[{"href":"https:\/\/www.gvs.com.br\/safety\/wp-json\/wp\/v2\/types\/post"}],"author":[{"embeddable":true,"href":"https:\/\/www.gvs.com.br\/safety\/wp-json\/wp\/v2\/users\/3"}],"replies":[{"embeddable":true,"href":"https:\/\/www.gvs.com.br\/safety\/wp-json\/wp\/v2\/comments?post=3077"}],"version-history":[{"count":1,"href":"https:\/\/www.gvs.com.br\/safety\/wp-json\/wp\/v2\/posts\/3077\/revisions"}],"predecessor-version":[{"id":3079,"href":"https:\/\/www.gvs.com.br\/safety\/wp-json\/wp\/v2\/posts\/3077\/revisions\/3079"}],"wp:featuredmedia":[{"embeddable":true,"href":"https:\/\/www.gvs.com.br\/safety\/wp-json\/wp\/v2\/media\/3078"}],"wp:attachment":[{"href":"https:\/\/www.gvs.com.br\/safety\/wp-json\/wp\/v2\/media?parent=3077"}],"wp:term":[{"taxonomy":"category","embeddable":true,"href":"https:\/\/www.gvs.com.br\/safety\/wp-json\/wp\/v2\/categories?post=3077"},{"taxonomy":"post_tag","embeddable":true,"href":"https:\/\/www.gvs.com.br\/safety\/wp-json\/wp\/v2\/tags?post=3077"}],"curies":[{"name":"wp","href":"https:\/\/api.w.org\/{rel}","templated":true}]}}