{"id":3073,"date":"2026-03-18T09:00:00","date_gmt":"2026-03-18T09:00:00","guid":{"rendered":"https:\/\/www.gvs.com.br\/safety\/?p=3073"},"modified":"2026-03-04T20:44:35","modified_gmt":"2026-03-04T20:44:35","slug":"respirador-elipse-fullface-a2p3-gvs","status":"publish","type":"post","link":"https:\/\/www.gvs.com.br\/safety\/2026\/03\/18\/respirador-elipse-fullface-a2p3-gvs\/","title":{"rendered":"Como garantir prote\u00e7\u00e3o m\u00e1xima contra vapores org\u00e2nicos? Descubra o Respirador Elipse\u00ae Full Face A2P3 da GVS!"},"content":{"rendered":"\n<div class=\"wp-block-uagb-container uagb-block-2d8af228 alignwide uagb-is-root-container\">\n<div class=\"wp-block-uagb-advanced-heading uagb-block-d00b05fd\"><h2 class=\"uagb-heading-text\"><strong><strong>Como garantir prote\u00e7\u00e3o m\u00e1xima contra vapores org\u00e2nicos? Descubra o Respirador Elipse\u00ae Full Face A2P3 da GVS!<\/strong><\/strong><\/h2><\/div>\n<\/div>\n\n\n\n<p><\/p>\n\n\n\n<p class=\"has-text-align-justify has-text-align-justify\">A exposi\u00e7\u00e3o a vapores org\u00e2nicos, part\u00edculas finas e gases industriais representa um dos maiores riscos ocupacionais em diversos segmentos produtivos. Em setores como constru\u00e7\u00e3o, automotivo, mar\u00edtimo, ind\u00fastria qu\u00edmica e agr\u00edcola, a presen\u00e7a de contaminantes no ar exige solu\u00e7\u00f5es de prote\u00e7\u00e3o respirat\u00f3ria cada vez mais avan\u00e7adas.<br>Nesse cen\u00e1rio, profissionais de seguran\u00e7a do trabalho buscam equipamentos que aliem alto desempenho, conforto prolongado e confiabilidade operacional. O uso do Respirador Elipse\u00ae Full Face A2P3 torna-se essencial quando a prote\u00e7\u00e3o precisa abranger simultaneamente part\u00edculas perigosas e vapores org\u00e2nicos, garantindo veda\u00e7\u00e3o facial completa e m\u00e1xima efici\u00eancia de filtra\u00e7\u00e3o.<br>\u00c9 exatamente essa proposta que a GVS entrega com o Respirador Elipse\u00ae Full Face com filtros A2P3: uma solu\u00e7\u00e3o desenvolvida para ambientes desafiadores, com tecnologia avan\u00e7ada e foco total na seguran\u00e7a ocupacional.<\/p>\n\n\n\n<p class=\"has-text-align-justify has-text-align-justify\"><\/p>\n\n\n\n<p class=\"has-text-align-justify has-text-align-justify\"><\/p>\n\n\n\n<figure class=\"wp-block-image aligncenter size-full is-resized\"><img loading=\"lazy\" decoding=\"async\" width=\"1920\" height=\"1080\" src=\"https:\/\/www.gvs.com.br\/safety\/wp-content\/uploads\/2026\/03\/BANNER-BLOG-fullfaceA2p3.png\" alt=\"\" class=\"wp-image-3074\" style=\"width:845px;height:auto\" srcset=\"https:\/\/www.gvs.com.br\/safety\/wp-content\/uploads\/2026\/03\/BANNER-BLOG-fullfaceA2p3.png 1920w, https:\/\/www.gvs.com.br\/safety\/wp-content\/uploads\/2026\/03\/BANNER-BLOG-fullfaceA2p3-300x169.png 300w, https:\/\/www.gvs.com.br\/safety\/wp-content\/uploads\/2026\/03\/BANNER-BLOG-fullfaceA2p3-1024x576.png 1024w, https:\/\/www.gvs.com.br\/safety\/wp-content\/uploads\/2026\/03\/BANNER-BLOG-fullfaceA2p3-768x432.png 768w, https:\/\/www.gvs.com.br\/safety\/wp-content\/uploads\/2026\/03\/BANNER-BLOG-fullfaceA2p3-1536x864.png 1536w\" sizes=\"auto, (max-width: 1920px) 100vw, 1920px\" \/><\/figure>\n\n\n\n<div class=\"wp-block-uagb-advanced-heading uagb-block-945c4c02\"><h2 class=\"uagb-heading-text\">Respirador Elipse\u00ae Full Face com Filtros A2P3 em Detalhes<\/h2><\/div>\n\n\n\n<p>O Respirador Elipse\u00ae Full Face A2P3 com filtros de reposi\u00e7\u00e3o \u00e9 um equipamento de prote\u00e7\u00e3o respirat\u00f3ria de face inteira, projetado para proteger contra vapores org\u00e2nicos e part\u00edculas perigosas. Sua constru\u00e7\u00e3o combina materiais de alto desempenho com tecnologias patenteadas de filtra\u00e7\u00e3o mec\u00e2nica e adsor\u00e7\u00e3o qu\u00edmica.<\/p>\n\n\n\n<div class=\"wp-block-uagb-advanced-heading uagb-block-043f8cb9\"><h2 class=\"uagb-heading-text\">Conceito de prote\u00e7\u00e3o A2P3:<\/h2><\/div>\n\n\n\n<p>O conceito A2P3 \u00e9 o resultado de uma combina\u00e7\u00e3o de filtros que une dois n\u00edveis de prote\u00e7\u00e3o:<br>A2: prote\u00e7\u00e3o contra vapores org\u00e2nicos.<br>P3: efici\u00eancia superior a 99,95% para part\u00edculas de 0,3 \u03bcm.<br>Essa combina\u00e7\u00e3o garante prote\u00e7\u00e3o simult\u00e2nea contra gases org\u00e2nicos e part\u00edculas s\u00f3lidas e l\u00edquidas, ampliando a seguran\u00e7a em ambientes cr\u00edticos.<\/p>\n\n\n\n<div class=\"wp-block-uagb-advanced-heading uagb-block-f3145961\"><h2 class=\"uagb-heading-text\">Materiais e constru\u00e7\u00e3o:<\/h2><\/div>\n\n\n\n<p>O respirador foi projetado com materiais que equilibram resist\u00eancia, conforto e durabilidade:<\/p>\n\n\n\n<ul class=\"wp-block-list\">\n<li>Corpo interno em TPE grau m\u00e9dico.<\/li>\n\n\n\n<li>Viseira em policarbonato com moldura de silicone.<\/li>\n\n\n\n<li>Tira de fixa\u00e7\u00e3o em silicone.<\/li>\n\n\n\n<li>Tampas em PE.<\/li>\n\n\n\n<li>Corpo da v\u00e1lvula em nylon com diafragmas de silicone.<\/li>\n<\/ul>\n\n\n\n<p>A veda\u00e7\u00e3o facial em silicone macio proporciona encaixe seguro, conforto prolongado e alta durabilidade mesmo em jornadas extensas.<\/p>\n\n\n\n<p>Design de perfil baixo e campo de vis\u00e3o ampliado:<br>O novo design de perfil baixo diferencia o equipamento no mercado. Os filtros compactos ampliam o campo de vis\u00e3o e reduzem interfer\u00eancias visuais, fator decisivo em opera\u00e7\u00f5es de alto risco. Essa caracter\u00edstica reduz a necessidade de ajustes constantes e melhora a ergonomia durante o uso cont\u00ednuo.<\/p>\n\n\n\n<div class=\"wp-block-uagb-advanced-heading uagb-block-15bf3889\"><h2 class=\"uagb-heading-text\">Tecnologia de filtra\u00e7\u00e3o avan\u00e7ada:<\/h2><\/div>\n\n\n\n<p>O sistema de filtragem integra duas tecnologias fundamentais:<\/p>\n\n\n\n<ul class=\"wp-block-list\">\n<li>Meio filtrante sint\u00e9tico HESPA multicamadas com filtra\u00e7\u00e3o mec\u00e2nica de alta efici\u00eancia<\/li>\n\n\n\n<li>Carv\u00e3o ativado tratado para absor\u00e7\u00e3o de gases org\u00e2nicos<\/li>\n<\/ul>\n\n\n\n<p>O encapsulamento do meio filtrante permite design curvo e compacto, otimizando a resist\u00eancia ao fluxo de ar e mantendo alta efici\u00eancia. J\u00e1 o carv\u00e3o graduado amplia o caminho das mol\u00e9culas de g\u00e1s, potencializando a adsor\u00e7\u00e3o e elevando o desempenho contra vapores org\u00e2nicos.<br>O resultado \u00e9 um filtro de alto desempenho, menor em tamanho e peso, sem comprometer a capacidade de prote\u00e7\u00e3o.<\/p>\n\n\n\n<div class=\"wp-block-uagb-image uagb-block-ab425890 wp-block-uagb-image--layout-default wp-block-uagb-image--effect-static wp-block-uagb-image--align-none\"><figure class=\"wp-block-uagb-image__figure\"><img decoding=\"async\" srcset=\"https:\/\/www.gvs.com.br\/safety\/wp-content\/uploads\/2025\/05\/Full-Face-com-Filtros-A2P3.png ,https:\/\/www.gvs.com.br\/safety\/wp-content\/uploads\/2025\/05\/Full-Face-com-Filtros-A2P3.png 780w, https:\/\/www.gvs.com.br\/safety\/wp-content\/uploads\/2025\/05\/Full-Face-com-Filtros-A2P3.png 360w\" sizes=\"auto, (max-width: 480px) 150px\" src=\"https:\/\/www.gvs.com.br\/safety\/wp-content\/uploads\/2025\/05\/Full-Face-com-Filtros-A2P3.png\" alt=\"\" class=\"uag-image-1925\" width=\"485\" height=\"485\" title=\"Full Face com Filtros A2P3\" loading=\"lazy\" role=\"img\"\/><\/figure><\/div>\n\n\n\n<div class=\"wp-block-uagb-advanced-heading uagb-block-66126124\"><h2 class=\"uagb-heading-text\">Benef\u00edcios Transformados em Vantagens<\/h2><\/div>\n\n\n\n<p>Ao avaliar um respirador para seguran\u00e7a do trabalho, o foco deve estar nas vantagens operacionais reais que o equipamento oferece no dia a dia. O Respirador Elipse\u00ae Full Face A2P3 entrega benef\u00edcios diretos e mensur\u00e1veis:<\/p>\n\n\n\n<ul class=\"wp-block-list\">\n<li>Prote\u00e7\u00e3o simult\u00e2nea contra vapores org\u00e2nicos e part\u00edculas perigosas.<\/li>\n\n\n\n<li>Efici\u00eancia P3 superior a 99,95% para part\u00edculas ultrafinas.<\/li>\n\n\n\n<li>Campo de vis\u00e3o ampliado, essencial para tarefas cr\u00edticas.<\/li>\n\n\n\n<li>Compatibilidade com a maioria dos capacetes de seguran\u00e7a.<\/li>\n\n\n\n<li>Leveza e conforto para uso prolongado (aproximadamente 550 g).<\/li>\n\n\n\n<li>Baixa manuten\u00e7\u00e3o, sem necessidade de ferramentas para desmontagem e limpeza.<\/li>\n\n\n\n<li>Ajuste seguro e ergon\u00f4mico com veda\u00e7\u00e3o em silicone macio.<\/li>\n\n\n\n<li>Filtros de reposi\u00e7\u00e3o dispon\u00edveis, garantindo continuidade operacional.<\/li>\n<\/ul>\n\n\n\n<p>Al\u00e9m disso, a validade de armazenamento de at\u00e9 5 anos para m\u00e1scaras e filtros favorece o planejamento log\u00edstico e o controle de estoque de EPIs.<\/p>\n\n\n\n<div class=\"wp-block-uagb-advanced-heading uagb-block-336f7208\"><h2 class=\"uagb-heading-text\">Onde o Respirador Elipse\u00ae Full Face A2P3 Faz a Diferen\u00e7a<\/h2><\/div>\n\n\n\n<p>A versatilidade do Respirador Full Face A2P3 permite sua aplica\u00e7\u00e3o em diferentes setores industriais que enfrentam riscos respirat\u00f3rios complexos.<\/p>\n\n\n\n<p><strong>Ind\u00fastria e Processos Qu\u00edmicos<br><\/strong>Ideal para ambientes com presen\u00e7a de solventes e gases org\u00e2nicos, onde a prote\u00e7\u00e3o combinada contra vapores e part\u00edculas \u00e9 indispens\u00e1vel.<\/p>\n\n\n\n<p><strong>Constru\u00e7\u00e3o Civil<br><\/strong>Indicado para atividades com exposi\u00e7\u00e3o a tintas, moldes e poeiras finas, protegendo o trabalhador durante opera\u00e7\u00f5es de alto impacto respirat\u00f3rio.<\/p>\n\n\n\n<p><strong>Soldagem e Esmerilhamento<br><\/strong>Oferece prote\u00e7\u00e3o contra fumos met\u00e1licos e poeira em espa\u00e7os confinados, contribuindo para a redu\u00e7\u00e3o de riscos ocupacionais cr\u00edticos.<\/p>\n\n\n\n<p><strong>Setores Automotivo e Mar\u00edtimo<br><\/strong>Protege contra poeira de carv\u00e3o, s\u00edlica e contaminantes gerados em processos de manuten\u00e7\u00e3o, pintura e reparo.<\/p>\n\n\n\n<p><strong>Agricultura<br><\/strong>Adequado para uso com pesticidas e aeross\u00f3is qu\u00edmicos, garantindo seguran\u00e7a respirat\u00f3ria em aplica\u00e7\u00f5es agr\u00edcolas intensivas.<\/p>\n\n\n\n<p>Em todos esses cen\u00e1rios, o respirador atua como uma barreira eficiente contra contaminantes perigosos, refor\u00e7ando os programas de seguran\u00e7a do trabalho e prevenindo doen\u00e7as ocupacionais.<\/p>\n\n\n\n<div class=\"wp-block-uagb-image uagb-block-dd749d50 wp-block-uagb-image--layout-default wp-block-uagb-image--effect-static wp-block-uagb-image--align-none\"><figure class=\"wp-block-uagb-image__figure\"><img decoding=\"async\" srcset=\"https:\/\/www.gvs.com.br\/safety\/wp-content\/uploads\/2025\/05\/Full-Face-com-Filtros-A2P3.jpg ,https:\/\/www.gvs.com.br\/safety\/wp-content\/uploads\/2025\/05\/Full-Face-com-Filtros-A2P3.jpg 780w, https:\/\/www.gvs.com.br\/safety\/wp-content\/uploads\/2025\/05\/Full-Face-com-Filtros-A2P3.jpg 360w\" sizes=\"auto, (max-width: 480px) 150px\" src=\"https:\/\/www.gvs.com.br\/safety\/wp-content\/uploads\/2025\/05\/Full-Face-com-Filtros-A2P3.jpg\" alt=\"\" class=\"uag-image-1944\" width=\"655\" height=\"437\" title=\"Full Face com Filtros A2P3\" loading=\"lazy\" role=\"img\"\/><\/figure><\/div>\n\n\n\n<div class=\"wp-block-uagb-advanced-heading uagb-block-5ba64cdd\"><h2 class=\"uagb-heading-text\">Por que escolher o Respirador Elipse\u00ae Full Face A2P3 para prote\u00e7\u00e3o respirat\u00f3ria contra vapores org\u00e2nicos?<\/h2><\/div>\n\n\n\n<p>A escolha de um Respirador Full Face n\u00e3o deve se limitar \u00e0 conformidade t\u00e9cnica. \u00c9 fundamental considerar tecnologia, confiabilidade e compatibilidade com as demandas reais da ind\u00fastria.<\/p>\n\n\n\n<p>A GVS desenvolve solu\u00e7\u00f5es de filtra\u00e7\u00e3o reconhecidas globalmente, com foco em inova\u00e7\u00e3o, ergonomia e desempenho comprovado. O Respirador Elipse\u00ae Full Face A2P3 reflete esse compromisso ao reunir tecnologia patenteada de filtra\u00e7\u00e3o mec\u00e2nica e adsor\u00e7\u00e3o de gases, design ergon\u00f4mico de perfil baixo com amplo campo de vis\u00e3o, materiais de alto padr\u00e3o para durabilidade, facilidade de manuten\u00e7\u00e3o e integra\u00e7\u00e3o com outros EPIs.<\/p>\n\n\n\n<p>Investir no Respirador Elipse\u00ae Full Face A2P3 representa uma decis\u00e3o estrat\u00e9gica para elevar o n\u00edvel de prote\u00e7\u00e3o respirat\u00f3ria e a produtividade operacional.<\/p>\n\n\n\n<p>A prote\u00e7\u00e3o contra vapores org\u00e2nicos exige equipamentos confi\u00e1veis e tecnologicamente avan\u00e7ados. A GVS oferece um portf\u00f3lio completo de solu\u00e7\u00f5es para seguran\u00e7a do trabalho em ambientes cr\u00edticos.<\/p>\n\n\n\n<div class=\"wp-block-uagb-advanced-heading uagb-block-d3a633df\"><h2 class=\"uagb-heading-text\">Acreditamos em proteger voc\u00ea para os melhores momentos da vida!<\/h2><\/div>\n\n\n\n<p>Criamos solu\u00e7\u00f5es de prote\u00e7\u00e3o respirat\u00f3ria que tornam voc\u00ea e sua equipe mais seguros, para que todos possam voltar para casa no final de cada dia, seguros, saud\u00e1veis e capazes de fazer aquilo que mais importa.<\/p>\n\n\n\n<div class=\"wp-block-uagb-call-to-action uagb-block-e6f6b3df wp-block-button\"><div class=\"uagb-cta__wrap\"><h3 class=\"uagb-cta__title\">Fale com a gente!<\/h3><p class=\"uagb-cta__desc\">Entre em contato com o nosso time hoje mesmo, esclare\u00e7a as suas d\u00favidas e&nbsp;<strong>solicite a sua cota\u00e7\u00e3o!<\/strong><\/p><\/div><div class=\"uagb-cta__buttons\"><a href=\"https:\/\/wa.me\/551938797222\" class=\"uagb-cta__button-link-wrapper wp-block-button__link\" target=\"_self\" rel=\"noopener noreferrer\"><svg xmlns=\"https:\/\/www.w3.org\/2000\/svg\" viewBox=\"0 0 448 512\"><path d=\"M380.9 97.1C339 55.1 283.2 32 223.9 32c-122.4 0-222 99.6-222 222 0 39.1 10.2 77.3 29.6 111L0 480l117.7-30.9c32.4 17.7 68.9 27 106.1 27h.1c122.3 0 224.1-99.6 224.1-222 0-59.3-25.2-115-67.1-157zm-157 341.6c-33.2 0-65.7-8.9-94-25.7l-6.7-4-69.8 18.3L72 359.2l-4.4-7c-18.5-29.4-28.2-63.3-28.2-98.2 0-101.7 82.8-184.5 184.6-184.5 49.3 0 95.6 19.2 130.4 54.1 34.8 34.9 56.2 81.2 56.1 130.5 0 101.8-84.9 184.6-186.6 184.6zm101.2-138.2c-5.5-2.8-32.8-16.2-37.9-18-5.1-1.9-8.8-2.8-12.5 2.8-3.7 5.6-14.3 18-17.6 21.8-3.2 3.7-6.5 4.2-12 1.4-32.6-16.3-54-29.1-75.5-66-5.7-9.8 5.7-9.1 16.3-30.3 1.8-3.7 .9-6.9-.5-9.7-1.4-2.8-12.5-30.1-17.1-41.2-4.5-10.8-9.1-9.3-12.5-9.5-3.2-.2-6.9-.2-10.6-.2-3.7 0-9.7 1.4-14.8 6.9-5.1 5.6-19.4 19-19.4 46.3 0 27.3 19.9 53.7 22.6 57.4 2.8 3.7 39.1 59.7 94.8 83.8 35.2 15.2 49 16.5 66.6 13.9 10.7-1.6 32.8-13.4 37.4-26.4 4.6-13 4.6-24.1 3.2-26.4-1.3-2.5-5-3.9-10.5-6.6z\"><\/path><\/svg>WhatsApp<\/a><\/div><\/div>\n\n\n\n<div class=\"wp-block-uagb-container uagb-block-c0c1a3e3 alignfull uagb-is-root-container\"><div class=\"uagb-container-inner-blocks-wrap\">\n<div class=\"wp-block-uagb-advanced-heading uagb-block-ad5e840a\"><h2 class=\"uagb-heading-text\"><strong>Conhe\u00e7a todas as solu\u00e7\u00f5es de prote\u00e7\u00e3o respirat\u00f3ria da GVS e encontre o modelo ideal para sua aplica\u00e7\u00e3o.<\/strong><\/h2><\/div>\n<\/div><\/div>\n\n\n\n<div class=\"wp-block-uagb-separator uagb-block-96e52944\"><div class=\"uagb-separator-spacing-wrapper\"><div class=\"wp-block-uagb-separator__inner\" style=\"--my-background-image:\"><\/div><\/div><\/div>\n\n\n\n<div class=\"wp-block-uagb-call-to-action uagb-block-bf9c28ce wp-block-button\"><div class=\"uagb-cta__wrap\"><h3 class=\"uagb-cta__title\">Confira mais detalhes!<\/h3><p class=\"uagb-cta__desc\">Confira aqui as especifica\u00e7\u00f5es t\u00e9cnicas do <strong>Respirador Elipse\u00ae Full Face A2P3 da GVS.<\/strong><\/p><\/div><div class=\"uagb-cta__buttons\"><a href=\"https:\/\/www.gvs.com.br\/safety\/wp-content\/uploads\/2025\/05\/TDS-FFM-A2P3.pdf\" class=\"uagb-cta__button-link-wrapper wp-block-button__link\" target=\"_self\" rel=\"noopener noreferrer\">Saiba mais!<\/a><\/div><\/div>\n\n\n\n<div class=\"wp-block-uagb-separator uagb-block-b8b79ce8\"><div class=\"uagb-separator-spacing-wrapper\"><div class=\"wp-block-uagb-separator__inner\" style=\"--my-background-image:\"><\/div><\/div><\/div>\n\n\n\n<div class=\"wp-block-uagb-call-to-action uagb-block-74b20309 wp-block-button\"><div class=\"uagb-cta__wrap\"><h3 class=\"uagb-cta__title\">Fique por dentro das novidades!<\/h3><p class=\"uagb-cta__desc\">Acompanhe nossa jornada de inova\u00e7\u00e3o e saiba mais sobre nossos produtos, acesse <strong>Safety da GVS.<\/strong><\/p><\/div><div class=\"uagb-cta__buttons\"><a href=\"https:\/\/www.gvs.com.br\/safety\" class=\"uagb-cta__button-link-wrapper wp-block-button__link\" target=\"_self\" rel=\"noopener noreferrer\">Acesse o site<\/a><\/div><\/div>\n\n\n\n<p><\/p>\n","protected":false},"excerpt":{"rendered":"<p>Como garantir prote\u00e7\u00e3o m\u00e1xima contra vapores org\u00e2nicos? Descubra o Respirador Elipse\u00ae Full Face A2P3 da GVS! A exposi\u00e7\u00e3o a vapores [&hellip;]<\/p>\n","protected":false},"author":3,"featured_media":3074,"comment_status":"closed","ping_status":"closed","sticky":false,"template":"","format":"standard","meta":{"_uag_custom_page_level_css":"","site-sidebar-layout":"default","site-content-layout":"","ast-site-content-layout":"","site-content-style":"default","site-sidebar-style":"default","ast-global-header-display":"","ast-banner-title-visibility":"","ast-main-header-display":"","ast-hfb-above-header-display":"","ast-hfb-below-header-display":"","ast-hfb-mobile-header-display":"","site-post-title":"disabled","ast-breadcrumbs-content":"","ast-featured-img":"disabled","footer-sml-layout":"","ast-disable-related-posts":"","theme-transparent-header-meta":"","adv-header-id-meta":"","stick-header-meta":"","header-above-stick-meta":"","header-main-stick-meta":"","header-below-stick-meta":"","astra-migrate-meta-layouts":"default","ast-page-background-enabled":"default","ast-page-background-meta":{"desktop":{"background-color":"var(--ast-global-color-4)","background-image":"","background-repeat":"repeat","background-position":"center center","background-size":"auto","background-attachment":"scroll","background-type":"","background-media":"","overlay-type":"","overlay-color":"","overlay-opacity":"","overlay-gradient":""},"tablet":{"background-color":"","background-image":"","background-repeat":"repeat","background-position":"center center","background-size":"auto","background-attachment":"scroll","background-type":"","background-media":"","overlay-type":"","overlay-color":"","overlay-opacity":"","overlay-gradient":""},"mobile":{"background-color":"","background-image":"","background-repeat":"repeat","background-position":"center center","background-size":"auto","background-attachment":"scroll","background-type":"","background-media":"","overlay-type":"","overlay-color":"","overlay-opacity":"","overlay-gradient":""}},"ast-content-background-meta":{"desktop":{"background-color":"var(--ast-global-color-5)","background-image":"","background-repeat":"repeat","background-position":"center center","background-size":"auto","background-attachment":"scroll","background-type":"","background-media":"","overlay-type":"","overlay-color":"","overlay-opacity":"","overlay-gradient":""},"tablet":{"background-color":"var(--ast-global-color-5)","background-image":"","background-repeat":"repeat","background-position":"center center","background-size":"auto","background-attachment":"scroll","background-type":"","background-media":"","overlay-type":"","overlay-color":"","overlay-opacity":"","overlay-gradient":""},"mobile":{"background-color":"var(--ast-global-color-5)","background-image":"","background-repeat":"repeat","background-position":"center center","background-size":"auto","background-attachment":"scroll","background-type":"","background-media":"","overlay-type":"","overlay-color":"","overlay-opacity":"","overlay-gradient":""}},"footnotes":""},"categories":[11,38,5],"tags":[48,34,47,17,15,16],"class_list":["post-3073","post","type-post","status-publish","format-standard","has-post-thumbnail","hentry","category-ajuste-apertado","category-full-face","category-safety","tag-a2p3","tag-elipse","tag-full-face","tag-produtos-gvs","tag-protecao-respiratoria","tag-safety"],"yoast_head":"<!-- This site is optimized with the Yoast SEO plugin v27.2 - https:\/\/yoast.com\/product\/yoast-seo-wordpress\/ -->\n<title>Respirador Elipse\u00ae Full Face A2P3 da GVS<\/title>\n<meta name=\"description\" content=\"O Respirador Elipse\u00ae Full Face A2P3 com filtros de reposi\u00e7\u00e3o foi desenvolvido para ambientes industriais complexos, unindo alto desempenho de filtra\u00e7\u00e3o, conforto ergon\u00f4mico e campo de vis\u00e3o ampliado.\" \/>\n<meta name=\"robots\" content=\"index, follow, max-snippet:-1, max-image-preview:large, max-video-preview:-1\" \/>\n<link rel=\"canonical\" href=\"https:\/\/www.gvs.com.br\/safety\/2026\/03\/18\/respirador-elipse-fullface-a2p3-gvs\/\" \/>\n<meta property=\"og:locale\" content=\"pt_BR\" \/>\n<meta property=\"og:type\" content=\"article\" \/>\n<meta property=\"og:title\" content=\"Respirador Elipse\u00ae Full Face A2P3 da GVS\" \/>\n<meta property=\"og:description\" content=\"O Respirador Elipse\u00ae Full Face A2P3 com filtros de reposi\u00e7\u00e3o foi desenvolvido para ambientes industriais complexos, unindo alto desempenho de filtra\u00e7\u00e3o, conforto ergon\u00f4mico e campo de vis\u00e3o ampliado.\" \/>\n<meta property=\"og:url\" content=\"https:\/\/www.gvs.com.br\/safety\/2026\/03\/18\/respirador-elipse-fullface-a2p3-gvs\/\" \/>\n<meta property=\"og:site_name\" content=\"Safety\" \/>\n<meta property=\"article:published_time\" content=\"2026-03-18T09:00:00+00:00\" \/>\n<meta property=\"og:image\" content=\"https:\/\/www.gvs.com.br\/safety\/wp-content\/uploads\/2026\/03\/BANNER-BLOG-fullfaceA2p3-1024x576.png\" \/>\n\t<meta property=\"og:image:width\" content=\"1024\" \/>\n\t<meta property=\"og:image:height\" content=\"576\" \/>\n\t<meta property=\"og:image:type\" content=\"image\/png\" \/>\n<meta name=\"author\" content=\"admin-dla3\" \/>\n<meta name=\"twitter:card\" content=\"summary_large_image\" \/>\n<meta name=\"twitter:label1\" content=\"Escrito por\" \/>\n\t<meta name=\"twitter:data1\" content=\"admin-dla3\" \/>\n\t<meta name=\"twitter:label2\" content=\"Est. tempo de leitura\" \/>\n\t<meta name=\"twitter:data2\" content=\"7 minutos\" \/>\n<script type=\"application\/ld+json\" class=\"yoast-schema-graph\">{\"@context\":\"https:\/\/schema.org\",\"@graph\":[{\"@type\":\"Article\",\"@id\":\"https:\/\/www.gvs.com.br\/safety\/2026\/03\/18\/respirador-elipse-fullface-a2p3-gvs\/#article\",\"isPartOf\":{\"@id\":\"https:\/\/www.gvs.com.br\/safety\/2026\/03\/18\/respirador-elipse-fullface-a2p3-gvs\/\"},\"author\":{\"name\":\"admin-dla3\",\"@id\":\"https:\/\/www.gvs.com.br\/safety\/#\/schema\/person\/369c6e3ee393f9b765fd5cefab76db91\"},\"headline\":\"Como garantir prote\u00e7\u00e3o m\u00e1xima contra vapores org\u00e2nicos? Descubra o Respirador Elipse\u00ae Full Face A2P3 da GVS!\",\"datePublished\":\"2026-03-18T09:00:00+00:00\",\"mainEntityOfPage\":{\"@id\":\"https:\/\/www.gvs.com.br\/safety\/2026\/03\/18\/respirador-elipse-fullface-a2p3-gvs\/\"},\"wordCount\":1229,\"publisher\":{\"@id\":\"https:\/\/www.gvs.com.br\/safety\/#organization\"},\"image\":{\"@id\":\"https:\/\/www.gvs.com.br\/safety\/2026\/03\/18\/respirador-elipse-fullface-a2p3-gvs\/#primaryimage\"},\"thumbnailUrl\":\"https:\/\/www.gvs.com.br\/safety\/wp-content\/uploads\/2026\/03\/BANNER-BLOG-fullfaceA2p3.png\",\"keywords\":[\"A2P3\",\"Elipse\",\"Full Face\",\"Produtos GVS\",\"Prote\u00e7\u00e3o Respirat\u00f3ria\",\"Safety\"],\"articleSection\":[\"Ajuste Apertado\",\"Full Face\",\"Safety\"],\"inLanguage\":\"pt-BR\"},{\"@type\":\"WebPage\",\"@id\":\"https:\/\/www.gvs.com.br\/safety\/2026\/03\/18\/respirador-elipse-fullface-a2p3-gvs\/\",\"url\":\"https:\/\/www.gvs.com.br\/safety\/2026\/03\/18\/respirador-elipse-fullface-a2p3-gvs\/\",\"name\":\"Respirador Elipse\u00ae Full Face A2P3 da GVS\",\"isPartOf\":{\"@id\":\"https:\/\/www.gvs.com.br\/safety\/#website\"},\"primaryImageOfPage\":{\"@id\":\"https:\/\/www.gvs.com.br\/safety\/2026\/03\/18\/respirador-elipse-fullface-a2p3-gvs\/#primaryimage\"},\"image\":{\"@id\":\"https:\/\/www.gvs.com.br\/safety\/2026\/03\/18\/respirador-elipse-fullface-a2p3-gvs\/#primaryimage\"},\"thumbnailUrl\":\"https:\/\/www.gvs.com.br\/safety\/wp-content\/uploads\/2026\/03\/BANNER-BLOG-fullfaceA2p3.png\",\"datePublished\":\"2026-03-18T09:00:00+00:00\",\"description\":\"O Respirador Elipse\u00ae Full Face A2P3 com filtros de reposi\u00e7\u00e3o foi desenvolvido para ambientes industriais complexos, unindo alto desempenho de filtra\u00e7\u00e3o, conforto ergon\u00f4mico e campo de vis\u00e3o ampliado.\",\"breadcrumb\":{\"@id\":\"https:\/\/www.gvs.com.br\/safety\/2026\/03\/18\/respirador-elipse-fullface-a2p3-gvs\/#breadcrumb\"},\"inLanguage\":\"pt-BR\",\"potentialAction\":[{\"@type\":\"ReadAction\",\"target\":[\"https:\/\/www.gvs.com.br\/safety\/2026\/03\/18\/respirador-elipse-fullface-a2p3-gvs\/\"]}]},{\"@type\":\"ImageObject\",\"inLanguage\":\"pt-BR\",\"@id\":\"https:\/\/www.gvs.com.br\/safety\/2026\/03\/18\/respirador-elipse-fullface-a2p3-gvs\/#primaryimage\",\"url\":\"https:\/\/www.gvs.com.br\/safety\/wp-content\/uploads\/2026\/03\/BANNER-BLOG-fullfaceA2p3.png\",\"contentUrl\":\"https:\/\/www.gvs.com.br\/safety\/wp-content\/uploads\/2026\/03\/BANNER-BLOG-fullfaceA2p3.png\",\"width\":1920,\"height\":1080},{\"@type\":\"BreadcrumbList\",\"@id\":\"https:\/\/www.gvs.com.br\/safety\/2026\/03\/18\/respirador-elipse-fullface-a2p3-gvs\/#breadcrumb\",\"itemListElement\":[{\"@type\":\"ListItem\",\"position\":1,\"name\":\"In\u00edcio\",\"item\":\"https:\/\/www.gvs.com.br\/safety\/\"},{\"@type\":\"ListItem\",\"position\":2,\"name\":\"Como garantir prote\u00e7\u00e3o m\u00e1xima contra vapores org\u00e2nicos? Descubra o Respirador Elipse\u00ae Full Face A2P3 da GVS!\"}]},{\"@type\":\"WebSite\",\"@id\":\"https:\/\/www.gvs.com.br\/safety\/#website\",\"url\":\"https:\/\/www.gvs.com.br\/safety\/\",\"name\":\"Safety\",\"description\":\"\",\"publisher\":{\"@id\":\"https:\/\/www.gvs.com.br\/safety\/#organization\"},\"potentialAction\":[{\"@type\":\"SearchAction\",\"target\":{\"@type\":\"EntryPoint\",\"urlTemplate\":\"https:\/\/www.gvs.com.br\/safety\/?s={search_term_string}\"},\"query-input\":{\"@type\":\"PropertyValueSpecification\",\"valueRequired\":true,\"valueName\":\"search_term_string\"}}],\"inLanguage\":\"pt-BR\"},{\"@type\":\"Organization\",\"@id\":\"https:\/\/www.gvs.com.br\/safety\/#organization\",\"name\":\"Safety\",\"url\":\"https:\/\/www.gvs.com.br\/safety\/\",\"logo\":{\"@type\":\"ImageObject\",\"inLanguage\":\"pt-BR\",\"@id\":\"https:\/\/www.gvs.com.br\/safety\/#\/schema\/logo\/image\/\",\"url\":\"https:\/\/www.gvs.com.br\/safety\/wp-content\/uploads\/2024\/12\/Logo-GVS-Safety.png\",\"contentUrl\":\"https:\/\/www.gvs.com.br\/safety\/wp-content\/uploads\/2024\/12\/Logo-GVS-Safety.png\",\"width\":1920,\"height\":1080,\"caption\":\"Safety\"},\"image\":{\"@id\":\"https:\/\/www.gvs.com.br\/safety\/#\/schema\/logo\/image\/\"}},{\"@type\":\"Person\",\"@id\":\"https:\/\/www.gvs.com.br\/safety\/#\/schema\/person\/369c6e3ee393f9b765fd5cefab76db91\",\"name\":\"admin-dla3\",\"image\":{\"@type\":\"ImageObject\",\"inLanguage\":\"pt-BR\",\"@id\":\"https:\/\/secure.gravatar.com\/avatar\/ad1c9d9708d64f615830e78264488f73aab12a9e3c19cc9a499967a57d52e788?s=96&d=mm&r=g\",\"url\":\"https:\/\/secure.gravatar.com\/avatar\/ad1c9d9708d64f615830e78264488f73aab12a9e3c19cc9a499967a57d52e788?s=96&d=mm&r=g\",\"contentUrl\":\"https:\/\/secure.gravatar.com\/avatar\/ad1c9d9708d64f615830e78264488f73aab12a9e3c19cc9a499967a57d52e788?s=96&d=mm&r=g\",\"caption\":\"admin-dla3\"},\"url\":\"https:\/\/www.gvs.com.br\/safety\/author\/admin-dla3\/\"}]}<\/script>\n<!-- \/ Yoast SEO plugin. -->","yoast_head_json":{"title":"Respirador Elipse\u00ae Full Face A2P3 da GVS","description":"O Respirador Elipse\u00ae Full Face A2P3 com filtros de reposi\u00e7\u00e3o foi desenvolvido para ambientes industriais complexos, unindo alto desempenho de filtra\u00e7\u00e3o, conforto ergon\u00f4mico e campo de vis\u00e3o ampliado.","robots":{"index":"index","follow":"follow","max-snippet":"max-snippet:-1","max-image-preview":"max-image-preview:large","max-video-preview":"max-video-preview:-1"},"canonical":"https:\/\/www.gvs.com.br\/safety\/2026\/03\/18\/respirador-elipse-fullface-a2p3-gvs\/","og_locale":"pt_BR","og_type":"article","og_title":"Respirador Elipse\u00ae Full Face A2P3 da GVS","og_description":"O Respirador Elipse\u00ae Full Face A2P3 com filtros de reposi\u00e7\u00e3o foi desenvolvido para ambientes industriais complexos, unindo alto desempenho de filtra\u00e7\u00e3o, conforto ergon\u00f4mico e campo de vis\u00e3o ampliado.","og_url":"https:\/\/www.gvs.com.br\/safety\/2026\/03\/18\/respirador-elipse-fullface-a2p3-gvs\/","og_site_name":"Safety","article_published_time":"2026-03-18T09:00:00+00:00","og_image":[{"width":1024,"height":576,"url":"https:\/\/www.gvs.com.br\/safety\/wp-content\/uploads\/2026\/03\/BANNER-BLOG-fullfaceA2p3-1024x576.png","type":"image\/png"}],"author":"admin-dla3","twitter_card":"summary_large_image","twitter_misc":{"Escrito por":"admin-dla3","Est. tempo de leitura":"7 minutos"},"schema":{"@context":"https:\/\/schema.org","@graph":[{"@type":"Article","@id":"https:\/\/www.gvs.com.br\/safety\/2026\/03\/18\/respirador-elipse-fullface-a2p3-gvs\/#article","isPartOf":{"@id":"https:\/\/www.gvs.com.br\/safety\/2026\/03\/18\/respirador-elipse-fullface-a2p3-gvs\/"},"author":{"name":"admin-dla3","@id":"https:\/\/www.gvs.com.br\/safety\/#\/schema\/person\/369c6e3ee393f9b765fd5cefab76db91"},"headline":"Como garantir prote\u00e7\u00e3o m\u00e1xima contra vapores org\u00e2nicos? Descubra o Respirador Elipse\u00ae Full Face A2P3 da GVS!","datePublished":"2026-03-18T09:00:00+00:00","mainEntityOfPage":{"@id":"https:\/\/www.gvs.com.br\/safety\/2026\/03\/18\/respirador-elipse-fullface-a2p3-gvs\/"},"wordCount":1229,"publisher":{"@id":"https:\/\/www.gvs.com.br\/safety\/#organization"},"image":{"@id":"https:\/\/www.gvs.com.br\/safety\/2026\/03\/18\/respirador-elipse-fullface-a2p3-gvs\/#primaryimage"},"thumbnailUrl":"https:\/\/www.gvs.com.br\/safety\/wp-content\/uploads\/2026\/03\/BANNER-BLOG-fullfaceA2p3.png","keywords":["A2P3","Elipse","Full Face","Produtos GVS","Prote\u00e7\u00e3o Respirat\u00f3ria","Safety"],"articleSection":["Ajuste Apertado","Full Face","Safety"],"inLanguage":"pt-BR"},{"@type":"WebPage","@id":"https:\/\/www.gvs.com.br\/safety\/2026\/03\/18\/respirador-elipse-fullface-a2p3-gvs\/","url":"https:\/\/www.gvs.com.br\/safety\/2026\/03\/18\/respirador-elipse-fullface-a2p3-gvs\/","name":"Respirador Elipse\u00ae Full Face A2P3 da GVS","isPartOf":{"@id":"https:\/\/www.gvs.com.br\/safety\/#website"},"primaryImageOfPage":{"@id":"https:\/\/www.gvs.com.br\/safety\/2026\/03\/18\/respirador-elipse-fullface-a2p3-gvs\/#primaryimage"},"image":{"@id":"https:\/\/www.gvs.com.br\/safety\/2026\/03\/18\/respirador-elipse-fullface-a2p3-gvs\/#primaryimage"},"thumbnailUrl":"https:\/\/www.gvs.com.br\/safety\/wp-content\/uploads\/2026\/03\/BANNER-BLOG-fullfaceA2p3.png","datePublished":"2026-03-18T09:00:00+00:00","description":"O Respirador Elipse\u00ae Full Face A2P3 com filtros de reposi\u00e7\u00e3o foi desenvolvido para ambientes industriais complexos, unindo alto desempenho de filtra\u00e7\u00e3o, conforto ergon\u00f4mico e campo de vis\u00e3o ampliado.","breadcrumb":{"@id":"https:\/\/www.gvs.com.br\/safety\/2026\/03\/18\/respirador-elipse-fullface-a2p3-gvs\/#breadcrumb"},"inLanguage":"pt-BR","potentialAction":[{"@type":"ReadAction","target":["https:\/\/www.gvs.com.br\/safety\/2026\/03\/18\/respirador-elipse-fullface-a2p3-gvs\/"]}]},{"@type":"ImageObject","inLanguage":"pt-BR","@id":"https:\/\/www.gvs.com.br\/safety\/2026\/03\/18\/respirador-elipse-fullface-a2p3-gvs\/#primaryimage","url":"https:\/\/www.gvs.com.br\/safety\/wp-content\/uploads\/2026\/03\/BANNER-BLOG-fullfaceA2p3.png","contentUrl":"https:\/\/www.gvs.com.br\/safety\/wp-content\/uploads\/2026\/03\/BANNER-BLOG-fullfaceA2p3.png","width":1920,"height":1080},{"@type":"BreadcrumbList","@id":"https:\/\/www.gvs.com.br\/safety\/2026\/03\/18\/respirador-elipse-fullface-a2p3-gvs\/#breadcrumb","itemListElement":[{"@type":"ListItem","position":1,"name":"In\u00edcio","item":"https:\/\/www.gvs.com.br\/safety\/"},{"@type":"ListItem","position":2,"name":"Como garantir prote\u00e7\u00e3o m\u00e1xima contra vapores org\u00e2nicos? Descubra o Respirador Elipse\u00ae Full Face A2P3 da GVS!"}]},{"@type":"WebSite","@id":"https:\/\/www.gvs.com.br\/safety\/#website","url":"https:\/\/www.gvs.com.br\/safety\/","name":"Safety","description":"","publisher":{"@id":"https:\/\/www.gvs.com.br\/safety\/#organization"},"potentialAction":[{"@type":"SearchAction","target":{"@type":"EntryPoint","urlTemplate":"https:\/\/www.gvs.com.br\/safety\/?s={search_term_string}"},"query-input":{"@type":"PropertyValueSpecification","valueRequired":true,"valueName":"search_term_string"}}],"inLanguage":"pt-BR"},{"@type":"Organization","@id":"https:\/\/www.gvs.com.br\/safety\/#organization","name":"Safety","url":"https:\/\/www.gvs.com.br\/safety\/","logo":{"@type":"ImageObject","inLanguage":"pt-BR","@id":"https:\/\/www.gvs.com.br\/safety\/#\/schema\/logo\/image\/","url":"https:\/\/www.gvs.com.br\/safety\/wp-content\/uploads\/2024\/12\/Logo-GVS-Safety.png","contentUrl":"https:\/\/www.gvs.com.br\/safety\/wp-content\/uploads\/2024\/12\/Logo-GVS-Safety.png","width":1920,"height":1080,"caption":"Safety"},"image":{"@id":"https:\/\/www.gvs.com.br\/safety\/#\/schema\/logo\/image\/"}},{"@type":"Person","@id":"https:\/\/www.gvs.com.br\/safety\/#\/schema\/person\/369c6e3ee393f9b765fd5cefab76db91","name":"admin-dla3","image":{"@type":"ImageObject","inLanguage":"pt-BR","@id":"https:\/\/secure.gravatar.com\/avatar\/ad1c9d9708d64f615830e78264488f73aab12a9e3c19cc9a499967a57d52e788?s=96&d=mm&r=g","url":"https:\/\/secure.gravatar.com\/avatar\/ad1c9d9708d64f615830e78264488f73aab12a9e3c19cc9a499967a57d52e788?s=96&d=mm&r=g","contentUrl":"https:\/\/secure.gravatar.com\/avatar\/ad1c9d9708d64f615830e78264488f73aab12a9e3c19cc9a499967a57d52e788?s=96&d=mm&r=g","caption":"admin-dla3"},"url":"https:\/\/www.gvs.com.br\/safety\/author\/admin-dla3\/"}]}},"uagb_featured_image_src":{"full":["https:\/\/www.gvs.com.br\/safety\/wp-content\/uploads\/2026\/03\/BANNER-BLOG-fullfaceA2p3.png",1920,1080,false],"thumbnail":["https:\/\/www.gvs.com.br\/safety\/wp-content\/uploads\/2026\/03\/BANNER-BLOG-fullfaceA2p3-150x150.png",150,150,true],"medium":["https:\/\/www.gvs.com.br\/safety\/wp-content\/uploads\/2026\/03\/BANNER-BLOG-fullfaceA2p3-300x169.png",300,169,true],"medium_large":["https:\/\/www.gvs.com.br\/safety\/wp-content\/uploads\/2026\/03\/BANNER-BLOG-fullfaceA2p3-768x432.png",768,432,true],"large":["https:\/\/www.gvs.com.br\/safety\/wp-content\/uploads\/2026\/03\/BANNER-BLOG-fullfaceA2p3-1024x576.png",1024,576,true],"1536x1536":["https:\/\/www.gvs.com.br\/safety\/wp-content\/uploads\/2026\/03\/BANNER-BLOG-fullfaceA2p3-1536x864.png",1536,864,true],"2048x2048":["https:\/\/www.gvs.com.br\/safety\/wp-content\/uploads\/2026\/03\/BANNER-BLOG-fullfaceA2p3.png",1920,1080,false]},"uagb_author_info":{"display_name":"admin-dla3","author_link":"https:\/\/www.gvs.com.br\/safety\/author\/admin-dla3\/"},"uagb_comment_info":0,"uagb_excerpt":"Como garantir prote\u00e7\u00e3o m\u00e1xima contra vapores org\u00e2nicos? Descubra o Respirador Elipse\u00ae Full Face A2P3 da GVS! A exposi\u00e7\u00e3o a vapores [&hellip;]","_links":{"self":[{"href":"https:\/\/www.gvs.com.br\/safety\/wp-json\/wp\/v2\/posts\/3073","targetHints":{"allow":["GET"]}}],"collection":[{"href":"https:\/\/www.gvs.com.br\/safety\/wp-json\/wp\/v2\/posts"}],"about":[{"href":"https:\/\/www.gvs.com.br\/safety\/wp-json\/wp\/v2\/types\/post"}],"author":[{"embeddable":true,"href":"https:\/\/www.gvs.com.br\/safety\/wp-json\/wp\/v2\/users\/3"}],"replies":[{"embeddable":true,"href":"https:\/\/www.gvs.com.br\/safety\/wp-json\/wp\/v2\/comments?post=3073"}],"version-history":[{"count":1,"href":"https:\/\/www.gvs.com.br\/safety\/wp-json\/wp\/v2\/posts\/3073\/revisions"}],"predecessor-version":[{"id":3075,"href":"https:\/\/www.gvs.com.br\/safety\/wp-json\/wp\/v2\/posts\/3073\/revisions\/3075"}],"wp:featuredmedia":[{"embeddable":true,"href":"https:\/\/www.gvs.com.br\/safety\/wp-json\/wp\/v2\/media\/3074"}],"wp:attachment":[{"href":"https:\/\/www.gvs.com.br\/safety\/wp-json\/wp\/v2\/media?parent=3073"}],"wp:term":[{"taxonomy":"category","embeddable":true,"href":"https:\/\/www.gvs.com.br\/safety\/wp-json\/wp\/v2\/categories?post=3073"},{"taxonomy":"post_tag","embeddable":true,"href":"https:\/\/www.gvs.com.br\/safety\/wp-json\/wp\/v2\/tags?post=3073"}],"curies":[{"name":"wp","href":"https:\/\/api.w.org\/{rel}","templated":true}]}}