{"id":3067,"date":"2026-03-04T17:12:15","date_gmt":"2026-03-04T17:12:15","guid":{"rendered":"https:\/\/www.gvs.com.br\/safety\/?p=3067"},"modified":"2026-03-04T17:12:16","modified_gmt":"2026-03-04T17:12:16","slug":"respirador-t-link-gvs","status":"publish","type":"post","link":"https:\/\/www.gvs.com.br\/safety\/2026\/03\/04\/respirador-t-link-gvs\/","title":{"rendered":"Respirador T-Link\u00ae da GVS: desempenho ergon\u00f4mico e prote\u00e7\u00e3o respirat\u00f3ria de alto n\u00edvel para ambientes de alta exposi\u00e7\u00e3o"},"content":{"rendered":"\n<div class=\"wp-block-uagb-container uagb-block-2d8af228 alignwide uagb-is-root-container\">\n<div class=\"wp-block-uagb-advanced-heading uagb-block-d00b05fd\"><h2 class=\"uagb-heading-text\"><strong><strong>Respirador T-Link\u00ae da GVS: desempenho ergon\u00f4mico e prote\u00e7\u00e3o respirat\u00f3ria de alto n\u00edvel para ambientes de alta exposi\u00e7\u00e3o<\/strong><\/strong><\/h2><\/div>\n<\/div>\n\n\n\n<p><\/p>\n\n\n\n<p class=\"has-text-align-justify has-text-align-justify\">A evolu\u00e7\u00e3o dos processos industriais, exige n\u00edveis cada vez mais elevados de prote\u00e7\u00e3o respirat\u00f3ria. A presen\u00e7a de part\u00edculas, vapores, aeross\u00f3is e agentes qu\u00edmicos em ambientes cr\u00edticos imp\u00f5e a necessidade de EPIs confi\u00e1veis, confort\u00e1veis e tecnicamente avan\u00e7ados. Nesse cen\u00e1rio, solu\u00e7\u00f5es que integrem prote\u00e7\u00e3o respirat\u00f3ria, ergonomia e versatilidade tornam-se essenciais para programas de seguran\u00e7a do trabalho eficientes e sustent\u00e1veis.<br>O Respirador T-Link\u00ae atende a essa demanda ao oferecer prote\u00e7\u00e3o respirat\u00f3ria de alto desempenho aliada ao conforto prolongado e \u00e0 flexibilidade de configura\u00e7\u00e3o. A solu\u00e7\u00e3o refor\u00e7a o compromisso da GVS em disponibilizar equipamentos que elevam o padr\u00e3o de seguran\u00e7a ocupacional, atendendo \u00e0s exig\u00eancias t\u00e9cnicas de profissionais que operam em ambientes cr\u00edticos.<\/p>\n\n\n\n<p class=\"has-text-align-justify has-text-align-justify\"><\/p>\n\n\n\n<figure class=\"wp-block-image aligncenter size-full is-resized\"><img loading=\"lazy\" decoding=\"async\" width=\"1920\" height=\"1080\" src=\"https:\/\/www.gvs.com.br\/safety\/wp-content\/uploads\/2026\/03\/BANNER-BLOG-tlink.png\" alt=\"\" class=\"wp-image-3068\" style=\"width:845px;height:auto\" srcset=\"https:\/\/www.gvs.com.br\/safety\/wp-content\/uploads\/2026\/03\/BANNER-BLOG-tlink.png 1920w, https:\/\/www.gvs.com.br\/safety\/wp-content\/uploads\/2026\/03\/BANNER-BLOG-tlink-300x169.png 300w, https:\/\/www.gvs.com.br\/safety\/wp-content\/uploads\/2026\/03\/BANNER-BLOG-tlink-1024x576.png 1024w, https:\/\/www.gvs.com.br\/safety\/wp-content\/uploads\/2026\/03\/BANNER-BLOG-tlink-768x432.png 768w, https:\/\/www.gvs.com.br\/safety\/wp-content\/uploads\/2026\/03\/BANNER-BLOG-tlink-1536x864.png 1536w\" sizes=\"auto, (max-width: 1920px) 100vw, 1920px\" \/><\/figure>\n\n\n\n<div class=\"wp-block-uagb-advanced-heading uagb-block-fc7565c0\"><h2 class=\"uagb-heading-text\">T-Link\u00ae em Detalhes<\/h2><\/div>\n\n\n\n<p>O Respirador T-Link\u00ae foi projetado para trabalhar em sintonia com o usu\u00e1rio, acompanhando o movimento natural da cabe\u00e7a e reduzindo restri\u00e7\u00f5es durante a execu\u00e7\u00e3o das atividades. Seu design head-top multiuso proporciona liberdade operacional, conforto ergon\u00f4mico e alto n\u00edvel de prote\u00e7\u00e3o respirat\u00f3ria.<br>Conceito e funcionamento:<\/p>\n\n\n\n<p>O sistema pode operar com encaixe solto, com sistema motorizado ou com suprimento de ar, permitindo adapta\u00e7\u00e3o a diferentes n\u00edveis de risco ocupacional. Essa flexibilidade operacional garante prote\u00e7\u00e3o respirat\u00f3ria com FPA 1000 \/ TH3 para diversas aplica\u00e7\u00f5es industriais, mantendo desempenho consistente mesmo em ambientes cr\u00edticos.<\/p>\n\n\n\n<p><strong>Caracter\u00edsticas e tecnologia:<br><\/strong>O conjunto apresenta forro interno macio e respir\u00e1vel, que contribui para o conforto prolongado do usu\u00e1rio. A gola extra direciona o fluxo de ar para baixo do corpo, auxiliando no resfriamento e reduzindo o estresse t\u00e9rmico durante jornadas extensas. O amplo visor frontal oferece campo de vis\u00e3o ampliado, favorecendo precis\u00e3o e seguran\u00e7a em tarefas que exigem aten\u00e7\u00e3o aos detalhes.<\/p>\n\n\n\n<p>O sistema leve, aliado ao mecanismo de suspens\u00e3o e ao acolchoamento interno, distribui o peso de forma uniforme e reduz pontos de press\u00e3o na cabe\u00e7a. Dependendo da vers\u00e3o escolhida, o equipamento tamb\u00e9m fornece prote\u00e7\u00e3o para olhos, rosto, cabe\u00e7a e audi\u00e7\u00e3o, consolidando-se como um EPI respirat\u00f3rio completo.<\/p>\n\n\n\n<p>Outro diferencial relevante \u00e9 a dispensa de teste de ajuste facial, caracter\u00edstica que facilita a implementa\u00e7\u00e3o em rotinas industriais din\u00e2micas.<\/p>\n\n\n\n<div class=\"wp-block-uagb-image uagb-block-d72cb568 wp-block-uagb-image--layout-default wp-block-uagb-image--effect-static wp-block-uagb-image--align-none\"><figure class=\"wp-block-uagb-image__figure\"><img decoding=\"async\" srcset=\"https:\/\/www.gvs.com.br\/safety\/wp-content\/uploads\/2026\/03\/T-Link-2.jpg ,https:\/\/www.gvs.com.br\/safety\/wp-content\/uploads\/2026\/03\/T-Link-2.jpg 780w, https:\/\/www.gvs.com.br\/safety\/wp-content\/uploads\/2026\/03\/T-Link-2.jpg 360w\" sizes=\"auto, (max-width: 480px) 150px\" src=\"https:\/\/www.gvs.com.br\/safety\/wp-content\/uploads\/2026\/03\/T-Link-2.jpg\" alt=\"\" class=\"uag-image-3070\" width=\"611\" height=\"409\" title=\"T-Link (2)\" loading=\"lazy\" role=\"img\"\/><\/figure><\/div>\n\n\n\n<div class=\"wp-block-uagb-advanced-heading uagb-block-2884db4b\"><h2 class=\"uagb-heading-text\">Modularidade e Versatilidade<\/h2><\/div>\n\n\n\n<p>A arquitetura modular do Respirador T-Link\u00ae permite ampliar funcionalidades e adaptar o equipamento \u00e0s necessidades espec\u00edficas de cada opera\u00e7\u00e3o.<\/p>\n\n\n\n<p>Entre os acess\u00f3rios opcionais dispon\u00edveis, destacam-se:<\/p>\n\n\n\n<ul class=\"wp-block-list\">\n<li>Sistema de protetor de ouvido Quiet-Link\u2122.<\/li>\n\n\n\n<li>Kit de luz no capuz Vision-Link\u2122.<\/li>\n\n\n\n<li>Sistema de comunica\u00e7\u00e3o no capacete Comms-Link\u2122.<\/li>\n\n\n\n<li>Dispositivo de controle clim\u00e1tico C40\u2122.<\/li>\n\n\n\n<li>Sistema de lentes cassete de vis\u00e3o clara.<\/li>\n\n\n\n<li>Lentes remov\u00edveis para reposi\u00e7\u00e3o.<\/li>\n<\/ul>\n\n\n\n<div class=\"wp-block-uagb-image uagb-block-b7354c7d wp-block-uagb-image--layout-default wp-block-uagb-image--effect-static wp-block-uagb-image--align-none\"><figure class=\"wp-block-uagb-image__figure\"><img decoding=\"async\" srcset=\"https:\/\/www.gvs.com.br\/safety\/wp-content\/uploads\/2026\/03\/ace-1024x298.png ,https:\/\/www.gvs.com.br\/safety\/wp-content\/uploads\/2026\/03\/ace.png 780w, https:\/\/www.gvs.com.br\/safety\/wp-content\/uploads\/2026\/03\/ace.png 360w\" sizes=\"auto, (max-width: 480px) 150px\" src=\"https:\/\/www.gvs.com.br\/safety\/wp-content\/uploads\/2026\/03\/ace-1024x298.png\" alt=\"\" class=\"uag-image-3071\" width=\"1336\" height=\"389\" title=\"ace\" loading=\"lazy\" role=\"img\"\/><\/figure><\/div>\n\n\n\n<p>Para opera\u00e7\u00e3o adequada, o sistema requer o respirador head-top T-Link\u00ae, tubo de respira\u00e7\u00e3o e o dispositivo de controle de fluxo e respira\u00e7\u00e3o, assegurando desempenho consistente conforme a exig\u00eancia do ambiente.<\/p>\n\n\n\n<div class=\"wp-block-uagb-advanced-heading uagb-block-308e03ac\"><h2 class=\"uagb-heading-text\">Benef\u00edcios Transformados em Vantagens<\/h2><\/div>\n\n\n\n<p>O Respirador T-Link\u00ae re\u00fane atributos que o posicionam como refer\u00eancia em prote\u00e7\u00e3o respirat\u00f3ria para ambientes industriais e se convertem em benef\u00edcios operacionais claros para a seguran\u00e7a do trabalho. O bem-estar t\u00e9rmico proporcionado pela ventila\u00e7\u00e3o interna auxilia na manuten\u00e7\u00e3o do desempenho ao longo da jornada. A distribui\u00e7\u00e3o uniforme de peso reduz a fadiga e aumenta a estabilidade ergon\u00f4mica do equipamento durante o uso cont\u00ednuo. A vis\u00e3o clara e ampliada favorece a execu\u00e7\u00e3o de tarefas com maior exatid\u00e3o proporcionando a redu\u00e7\u00e3o de erros em atividades cr\u00edticas. A prote\u00e7\u00e3o integrada para vias respirat\u00f3rias, pele e olhos amplia o n\u00edvel de seguran\u00e7a ocupacional e reduz riscos de exposi\u00e7\u00e3o em ambientes complexos.<\/p>\n\n\n\n<div class=\"wp-block-uagb-advanced-heading uagb-block-6fbde3cc\"><h2 class=\"uagb-heading-text\">Onde o T-Link\u00ae faz a Diferen\u00e7a<\/h2><\/div>\n\n\n\n<p>O Respirador T-Link\u00ae demonstra alta efici\u00eancia em diferentes segmentos industriais e operacionais que exigem prote\u00e7\u00e3o respirat\u00f3ria confi\u00e1vel e conforto prolongado.<\/p>\n\n\n\n<ul class=\"wp-block-list\">\n<li>Pintura automotiva, industrial e \u00e0 prova de fogo.<\/li>\n\n\n\n<li>Processos de revestimento e acabamento.<\/li>\n\n\n\n<li>Corte de concreto e manipula\u00e7\u00e3o de agregados.<\/li>\n\n\n\n<li>Ind\u00fastria farmac\u00eautica.<\/li>\n\n\n\n<li>Ambientes de sa\u00fade e laboratoriais.<\/li>\n\n\n\n<li>Processos qu\u00edmicos e manuseio de pesticidas.<\/li>\n\n\n\n<li>Descascamento qu\u00edmico e lixamento.<\/li>\n\n\n\n<li>Gest\u00e3o de res\u00edduos e materiais perigosos.<\/li>\n<\/ul>\n\n\n\n<div class=\"wp-block-uagb-image uagb-block-d488cf68 wp-block-uagb-image--layout-default wp-block-uagb-image--effect-static wp-block-uagb-image--align-none\"><figure class=\"wp-block-uagb-image__figure\"><img decoding=\"async\" srcset=\"https:\/\/www.gvs.com.br\/safety\/wp-content\/uploads\/2026\/03\/T-Link-1-1024x475.jpg ,https:\/\/www.gvs.com.br\/safety\/wp-content\/uploads\/2026\/03\/T-Link-1.jpg 780w, https:\/\/www.gvs.com.br\/safety\/wp-content\/uploads\/2026\/03\/T-Link-1.jpg 360w\" sizes=\"auto, (max-width: 480px) 150px\" src=\"https:\/\/www.gvs.com.br\/safety\/wp-content\/uploads\/2026\/03\/T-Link-1-1024x475.jpg\" alt=\"\" class=\"uag-image-3069\" width=\"729\" height=\"338\" title=\"T-Link (1)\" loading=\"lazy\" role=\"img\"\/><\/figure><\/div>\n\n\n\n<p><\/p>\n\n\n\n<div class=\"wp-block-uagb-advanced-heading uagb-block-240ab997\"><h2 class=\"uagb-heading-text\">Por que escolher o Respirador T-Link\u00ae da GVS?<\/h2><\/div>\n\n\n\n<p>A escolha de um respirador para ambientes de alta exposi\u00e7\u00e3o exige avalia\u00e7\u00e3o t\u00e9cnica criteriosa, considerando n\u00edvel de prote\u00e7\u00e3o, ergonomia, versatilidade e confiabilidade operacional. O Respirador T-Link\u00ae atende a esses requisitos ao integrar prote\u00e7\u00e3o respirat\u00f3ria de alto n\u00edvel, modularidade funcional e conforto prolongado em um \u00fanico sistema.<\/p>\n\n\n\n<p>O Respirador T-Link\u00ae da GVS representa uma solu\u00e7\u00e3o estrat\u00e9gica para ind\u00fastrias que priorizam a seguran\u00e7a do trabalho, a efici\u00eancia operacional e o bem-estar do usu\u00e1rio. Ao investir em um EPI com tecnologia avan\u00e7ada e ampla capacidade de adapta\u00e7\u00e3o, torna-se poss\u00edvel maximizar o padr\u00e3o de prote\u00e7\u00e3o ocupacional e reduzir riscos.<\/p>\n\n\n\n<div class=\"wp-block-uagb-advanced-heading uagb-block-d3a633df\"><h2 class=\"uagb-heading-text\">Acreditamos em proteger voc\u00ea para os melhores momentos da vida!<\/h2><\/div>\n\n\n\n<p>Criamos solu\u00e7\u00f5es de prote\u00e7\u00e3o respirat\u00f3ria que tornam voc\u00ea e sua equipe mais seguros, para que todos possam voltar para casa no final de cada dia, seguros, saud\u00e1veis e capazes de fazer aquilo que mais importa.<\/p>\n\n\n\n<div class=\"wp-block-uagb-call-to-action uagb-block-e6f6b3df wp-block-button\"><div class=\"uagb-cta__wrap\"><h3 class=\"uagb-cta__title\">Fale com a gente!<\/h3><p class=\"uagb-cta__desc\">Entre em contato com o nosso time hoje mesmo, esclare\u00e7a as suas d\u00favidas e&nbsp;<strong>solicite a sua cota\u00e7\u00e3o!<\/strong><\/p><\/div><div class=\"uagb-cta__buttons\"><a href=\"https:\/\/wa.me\/551938797222\" class=\"uagb-cta__button-link-wrapper wp-block-button__link\" target=\"_self\" rel=\"noopener noreferrer\"><svg xmlns=\"https:\/\/www.w3.org\/2000\/svg\" viewBox=\"0 0 448 512\"><path d=\"M380.9 97.1C339 55.1 283.2 32 223.9 32c-122.4 0-222 99.6-222 222 0 39.1 10.2 77.3 29.6 111L0 480l117.7-30.9c32.4 17.7 68.9 27 106.1 27h.1c122.3 0 224.1-99.6 224.1-222 0-59.3-25.2-115-67.1-157zm-157 341.6c-33.2 0-65.7-8.9-94-25.7l-6.7-4-69.8 18.3L72 359.2l-4.4-7c-18.5-29.4-28.2-63.3-28.2-98.2 0-101.7 82.8-184.5 184.6-184.5 49.3 0 95.6 19.2 130.4 54.1 34.8 34.9 56.2 81.2 56.1 130.5 0 101.8-84.9 184.6-186.6 184.6zm101.2-138.2c-5.5-2.8-32.8-16.2-37.9-18-5.1-1.9-8.8-2.8-12.5 2.8-3.7 5.6-14.3 18-17.6 21.8-3.2 3.7-6.5 4.2-12 1.4-32.6-16.3-54-29.1-75.5-66-5.7-9.8 5.7-9.1 16.3-30.3 1.8-3.7 .9-6.9-.5-9.7-1.4-2.8-12.5-30.1-17.1-41.2-4.5-10.8-9.1-9.3-12.5-9.5-3.2-.2-6.9-.2-10.6-.2-3.7 0-9.7 1.4-14.8 6.9-5.1 5.6-19.4 19-19.4 46.3 0 27.3 19.9 53.7 22.6 57.4 2.8 3.7 39.1 59.7 94.8 83.8 35.2 15.2 49 16.5 66.6 13.9 10.7-1.6 32.8-13.4 37.4-26.4 4.6-13 4.6-24.1 3.2-26.4-1.3-2.5-5-3.9-10.5-6.6z\"><\/path><\/svg>WhatsApp<\/a><\/div><\/div>\n\n\n\n<div class=\"wp-block-uagb-container uagb-block-c0c1a3e3 alignfull uagb-is-root-container\"><div class=\"uagb-container-inner-blocks-wrap\">\n<div class=\"wp-block-uagb-advanced-heading uagb-block-ad5e840a\"><h2 class=\"uagb-heading-text\"><strong>Conhe\u00e7a todas as solu\u00e7\u00f5es de prote\u00e7\u00e3o respirat\u00f3ria da GVS e encontre o modelo ideal para sua aplica\u00e7\u00e3o.<\/strong><\/h2><\/div>\n<\/div><\/div>\n\n\n\n<div class=\"wp-block-uagb-separator uagb-block-96e52944\"><div class=\"uagb-separator-spacing-wrapper\"><div class=\"wp-block-uagb-separator__inner\" style=\"--my-background-image:\"><\/div><\/div><\/div>\n\n\n\n<div class=\"wp-block-uagb-call-to-action uagb-block-bf9c28ce wp-block-button\"><div class=\"uagb-cta__wrap\"><h3 class=\"uagb-cta__title\">Confira mais detalhes!<\/h3><p class=\"uagb-cta__desc\">Clique aqui e confira as especifica\u00e7\u00f5es t\u00e9cnicas do <strong>Respirador Semifacial Elipse\u00ae P3 da GVS.<\/strong><\/p><\/div><div class=\"uagb-cta__buttons\"><a href=\"https:\/\/www.gvs.com.br\/safety\/wp-content\/uploads\/2025\/02\/T-Link-Folha-de-Dados-Tecnicos_PT-R8.pdf\" class=\"uagb-cta__button-link-wrapper wp-block-button__link\" target=\"_self\" rel=\"noopener noreferrer\">Saiba mais!<\/a><\/div><\/div>\n\n\n\n<div class=\"wp-block-uagb-separator uagb-block-b8b79ce8\"><div class=\"uagb-separator-spacing-wrapper\"><div class=\"wp-block-uagb-separator__inner\" style=\"--my-background-image:\"><\/div><\/div><\/div>\n\n\n\n<div class=\"wp-block-uagb-call-to-action uagb-block-74b20309 wp-block-button\"><div class=\"uagb-cta__wrap\"><h3 class=\"uagb-cta__title\">Fique por dentro das novidades!<\/h3><p class=\"uagb-cta__desc\">Acompanhe nossa jornada de inova\u00e7\u00e3o e saiba mais sobre nossos produtos, acesse <strong>Safety da GVS.<\/strong><\/p><\/div><div class=\"uagb-cta__buttons\"><a href=\"https:\/\/www.gvs.com.br\/safety\" class=\"uagb-cta__button-link-wrapper wp-block-button__link\" target=\"_self\" rel=\"noopener noreferrer\">Acesse o site<\/a><\/div><\/div>\n\n\n\n<p><\/p>\n","protected":false},"excerpt":{"rendered":"<p>Respirador T-Link\u00ae da GVS: desempenho ergon\u00f4mico e prote\u00e7\u00e3o respirat\u00f3ria de alto n\u00edvel para ambientes de alta exposi\u00e7\u00e3o A evolu\u00e7\u00e3o dos [&hellip;]<\/p>\n","protected":false},"author":3,"featured_media":3068,"comment_status":"closed","ping_status":"closed","sticky":false,"template":"","format":"standard","meta":{"_uag_custom_page_level_css":"","site-sidebar-layout":"default","site-content-layout":"","ast-site-content-layout":"","site-content-style":"default","site-sidebar-style":"default","ast-global-header-display":"","ast-banner-title-visibility":"","ast-main-header-display":"","ast-hfb-above-header-display":"","ast-hfb-below-header-display":"","ast-hfb-mobile-header-display":"","site-post-title":"disabled","ast-breadcrumbs-content":"","ast-featured-img":"disabled","footer-sml-layout":"","ast-disable-related-posts":"","theme-transparent-header-meta":"","adv-header-id-meta":"","stick-header-meta":"","header-above-stick-meta":"","header-main-stick-meta":"","header-below-stick-meta":"","astra-migrate-meta-layouts":"default","ast-page-background-enabled":"default","ast-page-background-meta":{"desktop":{"background-color":"var(--ast-global-color-4)","background-image":"","background-repeat":"repeat","background-position":"center center","background-size":"auto","background-attachment":"scroll","background-type":"","background-media":"","overlay-type":"","overlay-color":"","overlay-opacity":"","overlay-gradient":""},"tablet":{"background-color":"","background-image":"","background-repeat":"repeat","background-position":"center center","background-size":"auto","background-attachment":"scroll","background-type":"","background-media":"","overlay-type":"","overlay-color":"","overlay-opacity":"","overlay-gradient":""},"mobile":{"background-color":"","background-image":"","background-repeat":"repeat","background-position":"center center","background-size":"auto","background-attachment":"scroll","background-type":"","background-media":"","overlay-type":"","overlay-color":"","overlay-opacity":"","overlay-gradient":""}},"ast-content-background-meta":{"desktop":{"background-color":"var(--ast-global-color-5)","background-image":"","background-repeat":"repeat","background-position":"center center","background-size":"auto","background-attachment":"scroll","background-type":"","background-media":"","overlay-type":"","overlay-color":"","overlay-opacity":"","overlay-gradient":""},"tablet":{"background-color":"var(--ast-global-color-5)","background-image":"","background-repeat":"repeat","background-position":"center center","background-size":"auto","background-attachment":"scroll","background-type":"","background-media":"","overlay-type":"","overlay-color":"","overlay-opacity":"","overlay-gradient":""},"mobile":{"background-color":"var(--ast-global-color-5)","background-image":"","background-repeat":"repeat","background-position":"center center","background-size":"auto","background-attachment":"scroll","background-type":"","background-media":"","overlay-type":"","overlay-color":"","overlay-opacity":"","overlay-gradient":""}},"footnotes":""},"categories":[11,12,5],"tags":[46,17,15,16,23],"class_list":["post-3067","post","type-post","status-publish","format-standard","has-post-thumbnail","hentry","category-ajuste-apertado","category-ajuste-solto","category-safety","tag-ajuste-solto","tag-produtos-gvs","tag-protecao-respiratoria","tag-safety","tag-t-link"],"yoast_head":"<!-- This site is optimized with the Yoast SEO plugin v27.2 - https:\/\/yoast.com\/product\/yoast-seo-wordpress\/ -->\n<title>Respirador T-Link\u00ae da GVS<\/title>\n<meta name=\"description\" content=\"O T-Link\u00ae foi desenvolvido para acompanhar o movimento natural da cabe\u00e7a, oferecendo alto n\u00edvel de prote\u00e7\u00e3o com liberdade de opera\u00e7\u00e3o ao usu\u00e1rio em ambientes industriais e operacionais.\" \/>\n<meta name=\"robots\" content=\"index, follow, max-snippet:-1, max-image-preview:large, max-video-preview:-1\" \/>\n<link rel=\"canonical\" href=\"https:\/\/www.gvs.com.br\/safety\/2026\/03\/04\/respirador-t-link-gvs\/\" \/>\n<meta property=\"og:locale\" content=\"pt_BR\" \/>\n<meta property=\"og:type\" content=\"article\" \/>\n<meta property=\"og:title\" content=\"Respirador T-Link\u00ae da GVS\" \/>\n<meta property=\"og:description\" content=\"O T-Link\u00ae foi desenvolvido para acompanhar o movimento natural da cabe\u00e7a, oferecendo alto n\u00edvel de prote\u00e7\u00e3o com liberdade de opera\u00e7\u00e3o ao usu\u00e1rio em ambientes industriais e operacionais.\" \/>\n<meta property=\"og:url\" content=\"https:\/\/www.gvs.com.br\/safety\/2026\/03\/04\/respirador-t-link-gvs\/\" \/>\n<meta property=\"og:site_name\" content=\"Safety\" \/>\n<meta property=\"article:published_time\" content=\"2026-03-04T17:12:15+00:00\" \/>\n<meta property=\"article:modified_time\" content=\"2026-03-04T17:12:16+00:00\" \/>\n<meta property=\"og:image\" content=\"https:\/\/www.gvs.com.br\/safety\/wp-content\/uploads\/2026\/03\/BANNER-BLOG-tlink.png\" \/>\n\t<meta property=\"og:image:width\" content=\"1920\" \/>\n\t<meta property=\"og:image:height\" content=\"1080\" \/>\n\t<meta property=\"og:image:type\" content=\"image\/png\" \/>\n<meta name=\"author\" content=\"admin-dla3\" \/>\n<meta name=\"twitter:card\" content=\"summary_large_image\" \/>\n<meta name=\"twitter:label1\" content=\"Escrito por\" \/>\n\t<meta name=\"twitter:data1\" content=\"admin-dla3\" \/>\n\t<meta name=\"twitter:label2\" content=\"Est. tempo de leitura\" \/>\n\t<meta name=\"twitter:data2\" content=\"6 minutos\" \/>\n<script type=\"application\/ld+json\" class=\"yoast-schema-graph\">{\"@context\":\"https:\/\/schema.org\",\"@graph\":[{\"@type\":\"Article\",\"@id\":\"https:\/\/www.gvs.com.br\/safety\/2026\/03\/04\/respirador-t-link-gvs\/#article\",\"isPartOf\":{\"@id\":\"https:\/\/www.gvs.com.br\/safety\/2026\/03\/04\/respirador-t-link-gvs\/\"},\"author\":{\"name\":\"admin-dla3\",\"@id\":\"https:\/\/www.gvs.com.br\/safety\/#\/schema\/person\/369c6e3ee393f9b765fd5cefab76db91\"},\"headline\":\"Respirador T-Link\u00ae da GVS: desempenho ergon\u00f4mico e prote\u00e7\u00e3o respirat\u00f3ria de alto n\u00edvel para ambientes de alta exposi\u00e7\u00e3o\",\"datePublished\":\"2026-03-04T17:12:15+00:00\",\"dateModified\":\"2026-03-04T17:12:16+00:00\",\"mainEntityOfPage\":{\"@id\":\"https:\/\/www.gvs.com.br\/safety\/2026\/03\/04\/respirador-t-link-gvs\/\"},\"wordCount\":1016,\"publisher\":{\"@id\":\"https:\/\/www.gvs.com.br\/safety\/#organization\"},\"image\":{\"@id\":\"https:\/\/www.gvs.com.br\/safety\/2026\/03\/04\/respirador-t-link-gvs\/#primaryimage\"},\"thumbnailUrl\":\"https:\/\/www.gvs.com.br\/safety\/wp-content\/uploads\/2026\/03\/BANNER-BLOG-tlink.png\",\"keywords\":[\"Ajuste Solto\",\"Produtos GVS\",\"Prote\u00e7\u00e3o Respirat\u00f3ria\",\"Safety\",\"T-Link\"],\"articleSection\":[\"Ajuste Apertado\",\"Ajuste Solto\",\"Safety\"],\"inLanguage\":\"pt-BR\"},{\"@type\":\"WebPage\",\"@id\":\"https:\/\/www.gvs.com.br\/safety\/2026\/03\/04\/respirador-t-link-gvs\/\",\"url\":\"https:\/\/www.gvs.com.br\/safety\/2026\/03\/04\/respirador-t-link-gvs\/\",\"name\":\"Respirador T-Link\u00ae da GVS\",\"isPartOf\":{\"@id\":\"https:\/\/www.gvs.com.br\/safety\/#website\"},\"primaryImageOfPage\":{\"@id\":\"https:\/\/www.gvs.com.br\/safety\/2026\/03\/04\/respirador-t-link-gvs\/#primaryimage\"},\"image\":{\"@id\":\"https:\/\/www.gvs.com.br\/safety\/2026\/03\/04\/respirador-t-link-gvs\/#primaryimage\"},\"thumbnailUrl\":\"https:\/\/www.gvs.com.br\/safety\/wp-content\/uploads\/2026\/03\/BANNER-BLOG-tlink.png\",\"datePublished\":\"2026-03-04T17:12:15+00:00\",\"dateModified\":\"2026-03-04T17:12:16+00:00\",\"description\":\"O T-Link\u00ae foi desenvolvido para acompanhar o movimento natural da cabe\u00e7a, oferecendo alto n\u00edvel de prote\u00e7\u00e3o com liberdade de opera\u00e7\u00e3o ao usu\u00e1rio em ambientes industriais e operacionais.\",\"breadcrumb\":{\"@id\":\"https:\/\/www.gvs.com.br\/safety\/2026\/03\/04\/respirador-t-link-gvs\/#breadcrumb\"},\"inLanguage\":\"pt-BR\",\"potentialAction\":[{\"@type\":\"ReadAction\",\"target\":[\"https:\/\/www.gvs.com.br\/safety\/2026\/03\/04\/respirador-t-link-gvs\/\"]}]},{\"@type\":\"ImageObject\",\"inLanguage\":\"pt-BR\",\"@id\":\"https:\/\/www.gvs.com.br\/safety\/2026\/03\/04\/respirador-t-link-gvs\/#primaryimage\",\"url\":\"https:\/\/www.gvs.com.br\/safety\/wp-content\/uploads\/2026\/03\/BANNER-BLOG-tlink.png\",\"contentUrl\":\"https:\/\/www.gvs.com.br\/safety\/wp-content\/uploads\/2026\/03\/BANNER-BLOG-tlink.png\",\"width\":1920,\"height\":1080},{\"@type\":\"BreadcrumbList\",\"@id\":\"https:\/\/www.gvs.com.br\/safety\/2026\/03\/04\/respirador-t-link-gvs\/#breadcrumb\",\"itemListElement\":[{\"@type\":\"ListItem\",\"position\":1,\"name\":\"In\u00edcio\",\"item\":\"https:\/\/www.gvs.com.br\/safety\/\"},{\"@type\":\"ListItem\",\"position\":2,\"name\":\"Respirador T-Link\u00ae da GVS: desempenho ergon\u00f4mico e prote\u00e7\u00e3o respirat\u00f3ria de alto n\u00edvel para ambientes de alta exposi\u00e7\u00e3o\"}]},{\"@type\":\"WebSite\",\"@id\":\"https:\/\/www.gvs.com.br\/safety\/#website\",\"url\":\"https:\/\/www.gvs.com.br\/safety\/\",\"name\":\"Safety\",\"description\":\"\",\"publisher\":{\"@id\":\"https:\/\/www.gvs.com.br\/safety\/#organization\"},\"potentialAction\":[{\"@type\":\"SearchAction\",\"target\":{\"@type\":\"EntryPoint\",\"urlTemplate\":\"https:\/\/www.gvs.com.br\/safety\/?s={search_term_string}\"},\"query-input\":{\"@type\":\"PropertyValueSpecification\",\"valueRequired\":true,\"valueName\":\"search_term_string\"}}],\"inLanguage\":\"pt-BR\"},{\"@type\":\"Organization\",\"@id\":\"https:\/\/www.gvs.com.br\/safety\/#organization\",\"name\":\"Safety\",\"url\":\"https:\/\/www.gvs.com.br\/safety\/\",\"logo\":{\"@type\":\"ImageObject\",\"inLanguage\":\"pt-BR\",\"@id\":\"https:\/\/www.gvs.com.br\/safety\/#\/schema\/logo\/image\/\",\"url\":\"https:\/\/www.gvs.com.br\/safety\/wp-content\/uploads\/2024\/12\/Logo-GVS-Safety.png\",\"contentUrl\":\"https:\/\/www.gvs.com.br\/safety\/wp-content\/uploads\/2024\/12\/Logo-GVS-Safety.png\",\"width\":1920,\"height\":1080,\"caption\":\"Safety\"},\"image\":{\"@id\":\"https:\/\/www.gvs.com.br\/safety\/#\/schema\/logo\/image\/\"}},{\"@type\":\"Person\",\"@id\":\"https:\/\/www.gvs.com.br\/safety\/#\/schema\/person\/369c6e3ee393f9b765fd5cefab76db91\",\"name\":\"admin-dla3\",\"image\":{\"@type\":\"ImageObject\",\"inLanguage\":\"pt-BR\",\"@id\":\"https:\/\/secure.gravatar.com\/avatar\/ad1c9d9708d64f615830e78264488f73aab12a9e3c19cc9a499967a57d52e788?s=96&d=mm&r=g\",\"url\":\"https:\/\/secure.gravatar.com\/avatar\/ad1c9d9708d64f615830e78264488f73aab12a9e3c19cc9a499967a57d52e788?s=96&d=mm&r=g\",\"contentUrl\":\"https:\/\/secure.gravatar.com\/avatar\/ad1c9d9708d64f615830e78264488f73aab12a9e3c19cc9a499967a57d52e788?s=96&d=mm&r=g\",\"caption\":\"admin-dla3\"},\"url\":\"https:\/\/www.gvs.com.br\/safety\/author\/admin-dla3\/\"}]}<\/script>\n<!-- \/ Yoast SEO plugin. -->","yoast_head_json":{"title":"Respirador T-Link\u00ae da GVS","description":"O T-Link\u00ae foi desenvolvido para acompanhar o movimento natural da cabe\u00e7a, oferecendo alto n\u00edvel de prote\u00e7\u00e3o com liberdade de opera\u00e7\u00e3o ao usu\u00e1rio em ambientes industriais e operacionais.","robots":{"index":"index","follow":"follow","max-snippet":"max-snippet:-1","max-image-preview":"max-image-preview:large","max-video-preview":"max-video-preview:-1"},"canonical":"https:\/\/www.gvs.com.br\/safety\/2026\/03\/04\/respirador-t-link-gvs\/","og_locale":"pt_BR","og_type":"article","og_title":"Respirador T-Link\u00ae da GVS","og_description":"O T-Link\u00ae foi desenvolvido para acompanhar o movimento natural da cabe\u00e7a, oferecendo alto n\u00edvel de prote\u00e7\u00e3o com liberdade de opera\u00e7\u00e3o ao usu\u00e1rio em ambientes industriais e operacionais.","og_url":"https:\/\/www.gvs.com.br\/safety\/2026\/03\/04\/respirador-t-link-gvs\/","og_site_name":"Safety","article_published_time":"2026-03-04T17:12:15+00:00","article_modified_time":"2026-03-04T17:12:16+00:00","og_image":[{"width":1920,"height":1080,"url":"https:\/\/www.gvs.com.br\/safety\/wp-content\/uploads\/2026\/03\/BANNER-BLOG-tlink.png","type":"image\/png"}],"author":"admin-dla3","twitter_card":"summary_large_image","twitter_misc":{"Escrito por":"admin-dla3","Est. tempo de leitura":"6 minutos"},"schema":{"@context":"https:\/\/schema.org","@graph":[{"@type":"Article","@id":"https:\/\/www.gvs.com.br\/safety\/2026\/03\/04\/respirador-t-link-gvs\/#article","isPartOf":{"@id":"https:\/\/www.gvs.com.br\/safety\/2026\/03\/04\/respirador-t-link-gvs\/"},"author":{"name":"admin-dla3","@id":"https:\/\/www.gvs.com.br\/safety\/#\/schema\/person\/369c6e3ee393f9b765fd5cefab76db91"},"headline":"Respirador T-Link\u00ae da GVS: desempenho ergon\u00f4mico e prote\u00e7\u00e3o respirat\u00f3ria de alto n\u00edvel para ambientes de alta exposi\u00e7\u00e3o","datePublished":"2026-03-04T17:12:15+00:00","dateModified":"2026-03-04T17:12:16+00:00","mainEntityOfPage":{"@id":"https:\/\/www.gvs.com.br\/safety\/2026\/03\/04\/respirador-t-link-gvs\/"},"wordCount":1016,"publisher":{"@id":"https:\/\/www.gvs.com.br\/safety\/#organization"},"image":{"@id":"https:\/\/www.gvs.com.br\/safety\/2026\/03\/04\/respirador-t-link-gvs\/#primaryimage"},"thumbnailUrl":"https:\/\/www.gvs.com.br\/safety\/wp-content\/uploads\/2026\/03\/BANNER-BLOG-tlink.png","keywords":["Ajuste Solto","Produtos GVS","Prote\u00e7\u00e3o Respirat\u00f3ria","Safety","T-Link"],"articleSection":["Ajuste Apertado","Ajuste Solto","Safety"],"inLanguage":"pt-BR"},{"@type":"WebPage","@id":"https:\/\/www.gvs.com.br\/safety\/2026\/03\/04\/respirador-t-link-gvs\/","url":"https:\/\/www.gvs.com.br\/safety\/2026\/03\/04\/respirador-t-link-gvs\/","name":"Respirador T-Link\u00ae da GVS","isPartOf":{"@id":"https:\/\/www.gvs.com.br\/safety\/#website"},"primaryImageOfPage":{"@id":"https:\/\/www.gvs.com.br\/safety\/2026\/03\/04\/respirador-t-link-gvs\/#primaryimage"},"image":{"@id":"https:\/\/www.gvs.com.br\/safety\/2026\/03\/04\/respirador-t-link-gvs\/#primaryimage"},"thumbnailUrl":"https:\/\/www.gvs.com.br\/safety\/wp-content\/uploads\/2026\/03\/BANNER-BLOG-tlink.png","datePublished":"2026-03-04T17:12:15+00:00","dateModified":"2026-03-04T17:12:16+00:00","description":"O T-Link\u00ae foi desenvolvido para acompanhar o movimento natural da cabe\u00e7a, oferecendo alto n\u00edvel de prote\u00e7\u00e3o com liberdade de opera\u00e7\u00e3o ao usu\u00e1rio em ambientes industriais e operacionais.","breadcrumb":{"@id":"https:\/\/www.gvs.com.br\/safety\/2026\/03\/04\/respirador-t-link-gvs\/#breadcrumb"},"inLanguage":"pt-BR","potentialAction":[{"@type":"ReadAction","target":["https:\/\/www.gvs.com.br\/safety\/2026\/03\/04\/respirador-t-link-gvs\/"]}]},{"@type":"ImageObject","inLanguage":"pt-BR","@id":"https:\/\/www.gvs.com.br\/safety\/2026\/03\/04\/respirador-t-link-gvs\/#primaryimage","url":"https:\/\/www.gvs.com.br\/safety\/wp-content\/uploads\/2026\/03\/BANNER-BLOG-tlink.png","contentUrl":"https:\/\/www.gvs.com.br\/safety\/wp-content\/uploads\/2026\/03\/BANNER-BLOG-tlink.png","width":1920,"height":1080},{"@type":"BreadcrumbList","@id":"https:\/\/www.gvs.com.br\/safety\/2026\/03\/04\/respirador-t-link-gvs\/#breadcrumb","itemListElement":[{"@type":"ListItem","position":1,"name":"In\u00edcio","item":"https:\/\/www.gvs.com.br\/safety\/"},{"@type":"ListItem","position":2,"name":"Respirador T-Link\u00ae da GVS: desempenho ergon\u00f4mico e prote\u00e7\u00e3o respirat\u00f3ria de alto n\u00edvel para ambientes de alta exposi\u00e7\u00e3o"}]},{"@type":"WebSite","@id":"https:\/\/www.gvs.com.br\/safety\/#website","url":"https:\/\/www.gvs.com.br\/safety\/","name":"Safety","description":"","publisher":{"@id":"https:\/\/www.gvs.com.br\/safety\/#organization"},"potentialAction":[{"@type":"SearchAction","target":{"@type":"EntryPoint","urlTemplate":"https:\/\/www.gvs.com.br\/safety\/?s={search_term_string}"},"query-input":{"@type":"PropertyValueSpecification","valueRequired":true,"valueName":"search_term_string"}}],"inLanguage":"pt-BR"},{"@type":"Organization","@id":"https:\/\/www.gvs.com.br\/safety\/#organization","name":"Safety","url":"https:\/\/www.gvs.com.br\/safety\/","logo":{"@type":"ImageObject","inLanguage":"pt-BR","@id":"https:\/\/www.gvs.com.br\/safety\/#\/schema\/logo\/image\/","url":"https:\/\/www.gvs.com.br\/safety\/wp-content\/uploads\/2024\/12\/Logo-GVS-Safety.png","contentUrl":"https:\/\/www.gvs.com.br\/safety\/wp-content\/uploads\/2024\/12\/Logo-GVS-Safety.png","width":1920,"height":1080,"caption":"Safety"},"image":{"@id":"https:\/\/www.gvs.com.br\/safety\/#\/schema\/logo\/image\/"}},{"@type":"Person","@id":"https:\/\/www.gvs.com.br\/safety\/#\/schema\/person\/369c6e3ee393f9b765fd5cefab76db91","name":"admin-dla3","image":{"@type":"ImageObject","inLanguage":"pt-BR","@id":"https:\/\/secure.gravatar.com\/avatar\/ad1c9d9708d64f615830e78264488f73aab12a9e3c19cc9a499967a57d52e788?s=96&d=mm&r=g","url":"https:\/\/secure.gravatar.com\/avatar\/ad1c9d9708d64f615830e78264488f73aab12a9e3c19cc9a499967a57d52e788?s=96&d=mm&r=g","contentUrl":"https:\/\/secure.gravatar.com\/avatar\/ad1c9d9708d64f615830e78264488f73aab12a9e3c19cc9a499967a57d52e788?s=96&d=mm&r=g","caption":"admin-dla3"},"url":"https:\/\/www.gvs.com.br\/safety\/author\/admin-dla3\/"}]}},"uagb_featured_image_src":{"full":["https:\/\/www.gvs.com.br\/safety\/wp-content\/uploads\/2026\/03\/BANNER-BLOG-tlink.png",1920,1080,false],"thumbnail":["https:\/\/www.gvs.com.br\/safety\/wp-content\/uploads\/2026\/03\/BANNER-BLOG-tlink-150x150.png",150,150,true],"medium":["https:\/\/www.gvs.com.br\/safety\/wp-content\/uploads\/2026\/03\/BANNER-BLOG-tlink-300x169.png",300,169,true],"medium_large":["https:\/\/www.gvs.com.br\/safety\/wp-content\/uploads\/2026\/03\/BANNER-BLOG-tlink-768x432.png",768,432,true],"large":["https:\/\/www.gvs.com.br\/safety\/wp-content\/uploads\/2026\/03\/BANNER-BLOG-tlink-1024x576.png",1024,576,true],"1536x1536":["https:\/\/www.gvs.com.br\/safety\/wp-content\/uploads\/2026\/03\/BANNER-BLOG-tlink-1536x864.png",1536,864,true],"2048x2048":["https:\/\/www.gvs.com.br\/safety\/wp-content\/uploads\/2026\/03\/BANNER-BLOG-tlink.png",1920,1080,false]},"uagb_author_info":{"display_name":"admin-dla3","author_link":"https:\/\/www.gvs.com.br\/safety\/author\/admin-dla3\/"},"uagb_comment_info":0,"uagb_excerpt":"Respirador T-Link\u00ae da GVS: desempenho ergon\u00f4mico e prote\u00e7\u00e3o respirat\u00f3ria de alto n\u00edvel para ambientes de alta exposi\u00e7\u00e3o A evolu\u00e7\u00e3o dos [&hellip;]","_links":{"self":[{"href":"https:\/\/www.gvs.com.br\/safety\/wp-json\/wp\/v2\/posts\/3067","targetHints":{"allow":["GET"]}}],"collection":[{"href":"https:\/\/www.gvs.com.br\/safety\/wp-json\/wp\/v2\/posts"}],"about":[{"href":"https:\/\/www.gvs.com.br\/safety\/wp-json\/wp\/v2\/types\/post"}],"author":[{"embeddable":true,"href":"https:\/\/www.gvs.com.br\/safety\/wp-json\/wp\/v2\/users\/3"}],"replies":[{"embeddable":true,"href":"https:\/\/www.gvs.com.br\/safety\/wp-json\/wp\/v2\/comments?post=3067"}],"version-history":[{"count":1,"href":"https:\/\/www.gvs.com.br\/safety\/wp-json\/wp\/v2\/posts\/3067\/revisions"}],"predecessor-version":[{"id":3072,"href":"https:\/\/www.gvs.com.br\/safety\/wp-json\/wp\/v2\/posts\/3067\/revisions\/3072"}],"wp:featuredmedia":[{"embeddable":true,"href":"https:\/\/www.gvs.com.br\/safety\/wp-json\/wp\/v2\/media\/3068"}],"wp:attachment":[{"href":"https:\/\/www.gvs.com.br\/safety\/wp-json\/wp\/v2\/media?parent=3067"}],"wp:term":[{"taxonomy":"category","embeddable":true,"href":"https:\/\/www.gvs.com.br\/safety\/wp-json\/wp\/v2\/categories?post=3067"},{"taxonomy":"post_tag","embeddable":true,"href":"https:\/\/www.gvs.com.br\/safety\/wp-json\/wp\/v2\/tags?post=3067"}],"curies":[{"name":"wp","href":"https:\/\/api.w.org\/{rel}","templated":true}]}}