{"id":3055,"date":"2026-02-18T09:00:00","date_gmt":"2026-02-18T09:00:00","guid":{"rendered":"https:\/\/www.gvs.com.br\/safety\/?p=3055"},"modified":"2026-02-18T15:26:10","modified_gmt":"2026-02-18T15:26:10","slug":"respirador-semifacial-elipse-p3-eficiencia-conforto-e-seguranca","status":"publish","type":"post","link":"https:\/\/www.gvs.com.br\/safety\/2026\/02\/18\/respirador-semifacial-elipse-p3-eficiencia-conforto-e-seguranca\/","title":{"rendered":"Respirador Semifacial Elipse\u00ae P3: efici\u00eancia, conforto e seguran\u00e7a na prote\u00e7\u00e3o respirat\u00f3ria profissional contra particulados"},"content":{"rendered":"\n<div class=\"wp-block-uagb-container uagb-block-2d8af228 alignwide uagb-is-root-container\">\n<div class=\"wp-block-uagb-advanced-heading uagb-block-d00b05fd\"><h2 class=\"uagb-heading-text\"><strong><strong>Respirador Semifacial Elipse\u00ae P3: efici\u00eancia, conforto e seguran\u00e7a na prote\u00e7\u00e3o respirat\u00f3ria profissional contra particulados<\/strong><\/strong><\/h2><\/div>\n<\/div>\n\n\n\n<p><\/p>\n\n\n\n<p class=\"has-text-align-justify has-text-align-justify\">A prote\u00e7\u00e3o das vias respirat\u00f3rias \u00e9 um requisito essencial em ambientes industriais que apresentam riscos \u00e0 sa\u00fade ocupacional. Poeiras, n\u00e9voas, fumos met\u00e1licos e microrganismos est\u00e3o presentes em diversos processos produtivos e exigem solu\u00e7\u00f5es confi\u00e1veis, eficientes e confort\u00e1veis. Nesse contexto, o Respirador Semifacial Elipse\u00ae P3 da GVS destaca-se como uma solu\u00e7\u00e3o de alto desempenho, desenvolvida para oferecer m\u00e1xima prote\u00e7\u00e3o aliada a conforto duradouro, mesmo em longos per\u00edodos de uso.<\/p>\n\n\n\n<figure class=\"wp-block-image aligncenter size-full is-resized\"><img loading=\"lazy\" decoding=\"async\" width=\"1875\" height=\"746\" src=\"https:\/\/www.gvs.com.br\/safety\/wp-content\/uploads\/2026\/01\/elipse.jpg\" alt=\"\" class=\"wp-image-3056\" style=\"width:845px;height:auto\"\/><\/figure>\n\n\n\n<div class=\"wp-block-uagb-container uagb-block-b71f466f alignfull uagb-is-root-container\"><div class=\"uagb-container-inner-blocks-wrap\">\n<div class=\"wp-block-uagb-container uagb-block-b3da1e59\">\n<div class=\"wp-block-uagb-advanced-heading uagb-block-5f6483d0\"><h2 class=\"uagb-heading-text\">Saiba mais sobre o Respirador Semifacial Elipse\u00ae P3<\/h2><\/div>\n\n\n\n<p class=\"has-text-align-justify has-text-align-justify\">O Respirador Semifacial Elipse\u00ae P3 \u00e9 um respirador reutiliz\u00e1vel projetado para prote\u00e7\u00e3o contra particulados, como poeiras, n\u00e9voas e fumos. Compacto, leve e flex\u00edvel, apresenta um design tridimensional extra\u00eddo e modelado a partir do formato do rosto humano, garantindo excelente adapta\u00e7\u00e3o a diferentes tipos de face.<br>Seu perfil reduzido permite o uso simult\u00e2neo com outros Equipamentos de Prote\u00e7\u00e3o Individual (EPIs), como \u00f3culos de seguran\u00e7a, protetores auriculares e viseiras, sem interferir no campo visual ou comprometer a veda\u00e7\u00e3o.<\/p>\n\n\n\n<p class=\"has-text-align-justify has-text-align-justify\"><\/p>\n<\/div>\n\n\n\n<div class=\"wp-block-uagb-container uagb-block-c5bd8bcc\">\n<figure class=\"wp-block-image aligncenter size-full is-resized\"><img loading=\"lazy\" decoding=\"async\" width=\"900\" height=\"900\" src=\"https:\/\/www.gvs.com.br\/safety\/wp-content\/uploads\/2025\/02\/Respirador-Semifacial-Elipse-P3-Antiodor.jpg\" alt=\"\" class=\"wp-image-461\" style=\"width:436px;height:auto\" srcset=\"https:\/\/www.gvs.com.br\/safety\/wp-content\/uploads\/2025\/02\/Respirador-Semifacial-Elipse-P3-Antiodor.jpg 900w, https:\/\/www.gvs.com.br\/safety\/wp-content\/uploads\/2025\/02\/Respirador-Semifacial-Elipse-P3-Antiodor-300x300.jpg 300w, https:\/\/www.gvs.com.br\/safety\/wp-content\/uploads\/2025\/02\/Respirador-Semifacial-Elipse-P3-Antiodor-150x150.jpg 150w, https:\/\/www.gvs.com.br\/safety\/wp-content\/uploads\/2025\/02\/Respirador-Semifacial-Elipse-P3-Antiodor-768x768.jpg 768w\" sizes=\"auto, (max-width: 900px) 100vw, 900px\" \/><\/figure>\n<\/div>\n<\/div><\/div>\n\n\n\n<div class=\"wp-block-uagb-container uagb-block-4846bd64 alignfull uagb-is-root-container\"><div class=\"uagb-container-inner-blocks-wrap\">\n<div class=\"wp-block-uagb-container uagb-block-4e935db1\">\n<figure class=\"wp-block-image size-full\"><img loading=\"lazy\" decoding=\"async\" width=\"988\" height=\"749\" src=\"https:\/\/www.gvs.com.br\/safety\/wp-content\/uploads\/2026\/01\/Elipse-BLOCO4-IMAGEM.jpg\" alt=\"\" class=\"wp-image-3057\" srcset=\"https:\/\/www.gvs.com.br\/safety\/wp-content\/uploads\/2026\/01\/Elipse-BLOCO4-IMAGEM.jpg 988w, https:\/\/www.gvs.com.br\/safety\/wp-content\/uploads\/2026\/01\/Elipse-BLOCO4-IMAGEM-300x227.jpg 300w, https:\/\/www.gvs.com.br\/safety\/wp-content\/uploads\/2026\/01\/Elipse-BLOCO4-IMAGEM-768x582.jpg 768w\" sizes=\"auto, (max-width: 988px) 100vw, 988px\" \/><\/figure>\n<\/div>\n\n\n\n<div class=\"wp-block-uagb-container uagb-block-f110c3bb\">\n<div class=\"wp-block-uagb-advanced-heading uagb-block-2c30797e\"><h2 class=\"uagb-heading-text\">Respirador Semifacial<\/h2><\/div>\n\n\n\n<p class=\"has-text-align-justify has-text-align-justify\">O modelo Semifacial cobre nariz e boca, oferecendo prote\u00e7\u00e3o eficaz contra particulados presentes no ambiente de trabalho, com excelente conforto e estabilidade durante o uso.<\/p>\n<\/div>\n<\/div><\/div>\n\n\n\n<div class=\"wp-block-uagb-container uagb-block-ca5120d7 alignfull uagb-is-root-container\"><div class=\"uagb-container-inner-blocks-wrap\">\n<div class=\"wp-block-uagb-container uagb-block-e33595bd\">\n<div class=\"wp-block-uagb-advanced-heading uagb-block-30a0ae16\"><h2 class=\"uagb-heading-text\">Prote\u00e7\u00e3o Contra Particulados<\/h2><\/div>\n\n\n\n<p class=\"has-text-align-justify has-text-align-justify\">O respirador \u00e9 indicado para prote\u00e7\u00e3o contra poeiras, n\u00e9voas e fumos, incluindo fumos met\u00e1licos e microrganismos, sendo adequado para diversas aplica\u00e7\u00f5es industriais.<\/p>\n\n\n\n<div class=\"wp-block-uagb-advanced-heading uagb-block-f3452a2d\"><h2 class=\"uagb-heading-text\">Filtro P3<\/h2><\/div>\n\n\n\n<p class=\"has-text-align-justify has-text-align-justify\">O filtro P3 utiliza tecnologia HESPA, com filtro multicamada em n\u00e3o tecido sint\u00e9tico, encapsulado em arma\u00e7\u00e3o de TPE. O sistema plissado oferece grande \u00e1rea de filtragem, combinando alta efici\u00eancia com baixa resist\u00eancia respirat\u00f3ria. A efici\u00eancia m\u00ednima de filtragem \u00e9 de 99,95%, com repel\u00eancia \u00e0 \u00e1gua e elevada durabilidade.<\/p>\n<\/div>\n\n\n\n<div class=\"wp-block-uagb-container uagb-block-d03cce36\">\n<figure class=\"wp-block-image size-full\"><img loading=\"lazy\" decoding=\"async\" width=\"900\" height=\"600\" src=\"https:\/\/www.gvs.com.br\/safety\/wp-content\/uploads\/2025\/07\/SPR316-P3-Filters.png\" alt=\"\" class=\"wp-image-2470\" srcset=\"https:\/\/www.gvs.com.br\/safety\/wp-content\/uploads\/2025\/07\/SPR316-P3-Filters.png 900w, https:\/\/www.gvs.com.br\/safety\/wp-content\/uploads\/2025\/07\/SPR316-P3-Filters-300x200.png 300w, https:\/\/www.gvs.com.br\/safety\/wp-content\/uploads\/2025\/07\/SPR316-P3-Filters-768x512.png 768w\" sizes=\"auto, (max-width: 900px) 100vw, 900px\" \/><\/figure>\n<\/div>\n<\/div><\/div>\n\n\n\n<div class=\"wp-block-uagb-container uagb-block-c6cbfb7e alignfull uagb-is-root-container\"><div class=\"uagb-container-inner-blocks-wrap\">\n<div class=\"wp-block-uagb-container uagb-block-dcb3989f\">\n<div class=\"wp-block-uagb-advanced-heading uagb-block-80ab7fac\"><h2 class=\"uagb-heading-text\">Principais Caracter\u00edsticas<\/h2><\/div>\n\n\n\n<p class=\"has-text-align-justify has-text-align-justify\">O Respirador Semifacial Elipse\u00ae P3 re\u00fane caracter\u00edsticas t\u00e9cnicas que elevam o padr\u00e3o de prote\u00e7\u00e3o respirat\u00f3ria:<\/p>\n\n\n\n<ul class=\"wp-block-list\">\n<li><strong>Design compacto<\/strong>, leve e ergon\u00f4mico.<\/li>\n\n\n\n<li><strong>Peso total<\/strong> aproximado de apenas 133 gramas, reduzindo a fadiga do usu\u00e1rio.<\/li>\n\n\n\n<li><strong>Grande v\u00e1lvula central de exala\u00e7\u00e3o<\/strong>, que facilita a sa\u00edda do ar e reduz a umidade interna.<\/li>\n\n\n\n<li><strong>Ajuste anat\u00f4mico<\/strong> com excelente veda\u00e7\u00e3o facial.<\/li>\n\n\n\n<li>Arn\u00eas com quatro pontos de fixa\u00e7\u00e3o e tira para o pesco\u00e7o com prote\u00e7\u00e3o em TPE.<\/li>\n\n\n\n<li><strong>Dispon\u00edvel em dois tamanhos:<\/strong> S\/M e M\/L.<\/li>\n\n\n\n<li>Compat\u00edvel com outros EPIs, sem perda de desempenho.<\/li>\n<\/ul>\n<\/div>\n\n\n\n<div class=\"wp-block-uagb-container uagb-block-275e4c0a\">\n<figure class=\"wp-block-image size-full\"><img loading=\"lazy\" decoding=\"async\" width=\"900\" height=\"900\" src=\"https:\/\/www.gvs.com.br\/safety\/wp-content\/uploads\/2026\/01\/mascara-semifacial-elipse-p3-antiodor-gal-2.jpg\" alt=\"\" class=\"wp-image-3058\" srcset=\"https:\/\/www.gvs.com.br\/safety\/wp-content\/uploads\/2026\/01\/mascara-semifacial-elipse-p3-antiodor-gal-2.jpg 900w, https:\/\/www.gvs.com.br\/safety\/wp-content\/uploads\/2026\/01\/mascara-semifacial-elipse-p3-antiodor-gal-2-300x300.jpg 300w, https:\/\/www.gvs.com.br\/safety\/wp-content\/uploads\/2026\/01\/mascara-semifacial-elipse-p3-antiodor-gal-2-150x150.jpg 150w, https:\/\/www.gvs.com.br\/safety\/wp-content\/uploads\/2026\/01\/mascara-semifacial-elipse-p3-antiodor-gal-2-768x768.jpg 768w\" sizes=\"auto, (max-width: 900px) 100vw, 900px\" \/><\/figure>\n<\/div>\n<\/div><\/div>\n\n\n\n<div class=\"wp-block-uagb-advanced-heading uagb-block-7cd6e472\"><h2 class=\"uagb-heading-text\">Varia\u00e7\u00e3o Dispon\u00edvel<\/h2><\/div>\n\n\n\n<p><strong>Respirador Semifacial Elipse\u00ae P3 Antiodor<\/strong><\/p>\n\n\n\n<p class=\"has-text-align-justify has-text-align-justify\">A vers\u00e3o Elipse\u00ae P3 Antiodor incorpora manta de carv\u00e3o ativo FBC, impregnada com carv\u00e3o ativo antiodor, proporcionando maior conforto ao usu\u00e1rio em ambientes com odores desagrad\u00e1veis associados a particulados. A cor, apar\u00eancia e rotulagem do filtro podem variar dependendo do tipo de filtro e da regi\u00e3o.<\/p>\n\n\n\n<div class=\"wp-block-uagb-container uagb-block-88464415 alignfull uagb-is-root-container\"><div class=\"uagb-container-inner-blocks-wrap\">\n<div class=\"wp-block-uagb-container uagb-block-349aab6f\"><\/div>\n\n\n\n<div class=\"wp-block-uagb-container uagb-block-16895c3e\">\n<div class=\"wp-block-uagb-image uagb-block-6da3c575 wp-block-uagb-image--layout-default wp-block-uagb-image--effect-static wp-block-uagb-image--align-none\"><figure class=\"wp-block-uagb-image__figure\"><img decoding=\"async\" srcset=\"https:\/\/www.gvs.com.br\/safety\/wp-content\/uploads\/2026\/01\/mascara-semifacial-elipse-p3-antiodor-uso.jpg ,https:\/\/www.gvs.com.br\/safety\/wp-content\/uploads\/2026\/01\/mascara-semifacial-elipse-p3-antiodor-uso.jpg 780w, https:\/\/www.gvs.com.br\/safety\/wp-content\/uploads\/2026\/01\/mascara-semifacial-elipse-p3-antiodor-uso.jpg 360w\" sizes=\"auto, (max-width: 480px) 150px\" src=\"https:\/\/www.gvs.com.br\/safety\/wp-content\/uploads\/2026\/01\/mascara-semifacial-elipse-p3-antiodor-uso.jpg\" alt=\"\" class=\"uag-image-3059\" width=\"900\" height=\"900\" title=\"mascara-semifacial-elipse-p3-antiodor-uso\" loading=\"lazy\" role=\"img\"\/><\/figure><\/div>\n<\/div>\n\n\n\n<div class=\"wp-block-uagb-container uagb-block-be93576e\">\n<div class=\"wp-block-uagb-image uagb-block-bb7b674b wp-block-uagb-image--layout-default wp-block-uagb-image--effect-static wp-block-uagb-image--align-none\"><figure class=\"wp-block-uagb-image__figure\"><img decoding=\"async\" srcset=\"https:\/\/www.gvs.com.br\/safety\/wp-content\/uploads\/2026\/01\/mascara-semifacial-elipse-p3-antiodor-filtro.jpg ,https:\/\/www.gvs.com.br\/safety\/wp-content\/uploads\/2026\/01\/mascara-semifacial-elipse-p3-antiodor-filtro.jpg 780w, https:\/\/www.gvs.com.br\/safety\/wp-content\/uploads\/2026\/01\/mascara-semifacial-elipse-p3-antiodor-filtro.jpg 360w\" sizes=\"auto, (max-width: 480px) 150px\" src=\"https:\/\/www.gvs.com.br\/safety\/wp-content\/uploads\/2026\/01\/mascara-semifacial-elipse-p3-antiodor-filtro.jpg\" alt=\"\" class=\"uag-image-3060\" width=\"900\" height=\"900\" title=\"mascara-semifacial-elipse-p3-antiodor-filtro\" loading=\"lazy\" role=\"img\"\/><\/figure><\/div>\n<\/div>\n\n\n\n<div class=\"wp-block-uagb-container uagb-block-de1994ac\"><\/div>\n<\/div><\/div>\n\n\n\n<p class=\"has-text-align-center\"><strong>Respirador Semifacial Elipse\u00ae P3 Antiodor<\/strong><\/p>\n\n\n\n<div class=\"wp-block-uagb-advanced-heading uagb-block-6309d2ff\"><h2 class=\"uagb-heading-text\">Benef\u00edcios e Vantagens<\/h2><\/div>\n\n\n\n<p>A utiliza\u00e7\u00e3o do Respirador Semifacial Elipse\u00ae P3 em processos profissionais proporciona uma s\u00e9rie de benef\u00edcios:<\/p>\n\n\n\n<ul class=\"wp-block-list\">\n<li>Alta efici\u00eancia de filtragem com baixa resist\u00eancia \u00e0 respira\u00e7\u00e3o.<\/li>\n\n\n\n<li>Conforto superior mesmo em longos per\u00edodos de uso.<\/li>\n\n\n\n<li>Redu\u00e7\u00e3o do emba\u00e7amento de \u00f3culos gra\u00e7as \u00e0 sali\u00eancia na \u00e1rea nasal.<\/li>\n\n\n\n<li>Filtros reutiliz\u00e1veis, dur\u00e1veis e de f\u00e1cil substitui\u00e7\u00e3o.<\/li>\n\n\n\n<li>Menor volume para armazenamento e gest\u00e3o de estoque.<\/li>\n\n\n\n<li>Materiais hipoalerg\u00eanicos, sem odor, livres de l\u00e1tex e silicone.<\/li>\n<\/ul>\n\n\n\n<div class=\"wp-block-uagb-advanced-heading uagb-block-985c2b71\"><h2 class=\"uagb-heading-text\">\u00c1reas de Aplica\u00e7\u00e3o<\/h2><\/div>\n\n\n\n<p>O Respirador Semifacial Elipse\u00ae P3 \u00e9 adequado para uma ampla variedade de ind\u00fastrias e aplica\u00e7\u00f5es, incluindo:<\/p>\n\n\n\n<ul class=\"wp-block-list\">\n<li>Minera\u00e7\u00e3o: poeira de carv\u00e3o mineral e s\u00edlica.<\/li>\n\n\n\n<li>Siderurgia, fundi\u00e7\u00e3o e soldagem: fumos met\u00e1licos e poeiras.<\/li>\n\n\n\n<li>Constru\u00e7\u00e3o civil: poeira de s\u00edlica, concreto, cimento, madeira e pedras.<\/li>\n\n\n\n<li>Ind\u00fastria farmac\u00eautica: poeiras, v\u00edrus e bact\u00e9rias.<\/li>\n\n\n\n<li>Ind\u00fastria t\u00eaxtil.<\/li>\n\n\n\n<li>Produ\u00e7\u00e3o de cimento, vidro e cer\u00e2mica.<\/li>\n\n\n\n<li>Agricultura e agroind\u00fastria: poeira de gr\u00e3os, pimentas e abatedouros.<\/li>\n<\/ul>\n\n\n\n<div class=\"wp-block-uagb-advanced-heading uagb-block-3a2d875e\"><h2 class=\"uagb-heading-text\">Por que escolher o Respirador Semifacial Elipse\u00ae P3 da GVS<\/h2><\/div>\n\n\n\n<p>Optar pelo Respirador Semifacial Elipse\u00ae P3 da GVS significa investir em tecnologia, seguran\u00e7a e conforto. Seu formato anat\u00f4mico garante veda\u00e7\u00e3o eficiente, enquanto os materiais de alta qualidade asseguram durabilidade, conforto e desempenho superior.<br>Ao longo dos anos, o Respirador Semifacial Elipse\u00ae P3, se tornou a escolha ideal para profissionais que atuam em ambientes com alta concentra\u00e7\u00e3o de particulados e que n\u00e3o abrem m\u00e3o de conforto, efici\u00eancia e seguran\u00e7a. Seu design compacto, aliado \u00e0 tecnologia avan\u00e7ada de filtragem P3 HESPA, oferece prote\u00e7\u00e3o confi\u00e1vel em diferentes setores industriais.<\/p>\n\n\n\n<div class=\"wp-block-uagb-advanced-heading uagb-block-d3a633df\"><h2 class=\"uagb-heading-text\">Acreditamos em proteger voc\u00ea para os melhores momentos da vida!<\/h2><\/div>\n\n\n\n<p>Criamos solu\u00e7\u00f5es de prote\u00e7\u00e3o respirat\u00f3ria que tornam voc\u00ea e sua equipe mais seguros, para que todos possam voltar para casa no final de cada dia, seguros, saud\u00e1veis e capazes de fazer aquilo que mais importa.<\/p>\n\n\n\n<div class=\"wp-block-uagb-call-to-action uagb-block-e6f6b3df wp-block-button\"><div class=\"uagb-cta__wrap\"><h3 class=\"uagb-cta__title\">Fale com a gente!<\/h3><p class=\"uagb-cta__desc\">Entre em contato com o nosso time hoje mesmo, esclare\u00e7a as suas d\u00favidas e&nbsp;<strong>solicite a sua cota\u00e7\u00e3o!<\/strong><\/p><\/div><div class=\"uagb-cta__buttons\"><a href=\"https:\/\/wa.me\/551938797222\" class=\"uagb-cta__button-link-wrapper wp-block-button__link\" target=\"_self\" rel=\"noopener noreferrer\"><svg xmlns=\"https:\/\/www.w3.org\/2000\/svg\" viewBox=\"0 0 448 512\"><path d=\"M380.9 97.1C339 55.1 283.2 32 223.9 32c-122.4 0-222 99.6-222 222 0 39.1 10.2 77.3 29.6 111L0 480l117.7-30.9c32.4 17.7 68.9 27 106.1 27h.1c122.3 0 224.1-99.6 224.1-222 0-59.3-25.2-115-67.1-157zm-157 341.6c-33.2 0-65.7-8.9-94-25.7l-6.7-4-69.8 18.3L72 359.2l-4.4-7c-18.5-29.4-28.2-63.3-28.2-98.2 0-101.7 82.8-184.5 184.6-184.5 49.3 0 95.6 19.2 130.4 54.1 34.8 34.9 56.2 81.2 56.1 130.5 0 101.8-84.9 184.6-186.6 184.6zm101.2-138.2c-5.5-2.8-32.8-16.2-37.9-18-5.1-1.9-8.8-2.8-12.5 2.8-3.7 5.6-14.3 18-17.6 21.8-3.2 3.7-6.5 4.2-12 1.4-32.6-16.3-54-29.1-75.5-66-5.7-9.8 5.7-9.1 16.3-30.3 1.8-3.7 .9-6.9-.5-9.7-1.4-2.8-12.5-30.1-17.1-41.2-4.5-10.8-9.1-9.3-12.5-9.5-3.2-.2-6.9-.2-10.6-.2-3.7 0-9.7 1.4-14.8 6.9-5.1 5.6-19.4 19-19.4 46.3 0 27.3 19.9 53.7 22.6 57.4 2.8 3.7 39.1 59.7 94.8 83.8 35.2 15.2 49 16.5 66.6 13.9 10.7-1.6 32.8-13.4 37.4-26.4 4.6-13 4.6-24.1 3.2-26.4-1.3-2.5-5-3.9-10.5-6.6z\"><\/path><\/svg>WhatsApp<\/a><\/div><\/div>\n\n\n\n<div class=\"wp-block-uagb-container uagb-block-c0c1a3e3 alignfull uagb-is-root-container\"><div class=\"uagb-container-inner-blocks-wrap\">\n<div class=\"wp-block-uagb-advanced-heading uagb-block-ad5e840a\"><h2 class=\"uagb-heading-text\"><strong>Conhe\u00e7a todas as solu\u00e7\u00f5es de prote\u00e7\u00e3o respirat\u00f3ria da GVS e encontre o modelo ideal para sua aplica\u00e7\u00e3o.<\/strong><\/h2><\/div>\n<\/div><\/div>\n\n\n\n<div class=\"wp-block-uagb-separator uagb-block-96e52944\"><div class=\"uagb-separator-spacing-wrapper\"><div class=\"wp-block-uagb-separator__inner\" style=\"--my-background-image:\"><\/div><\/div><\/div>\n\n\n\n<div class=\"wp-block-uagb-call-to-action uagb-block-bf9c28ce wp-block-button\"><div class=\"uagb-cta__wrap\"><h3 class=\"uagb-cta__title\">Confira mais detalhes!<\/h3><p class=\"uagb-cta__desc\">Clique aqui e confira as especifica\u00e7\u00f5es t\u00e9cnicas do <strong>Respirador Semifacial Elipse\u00ae P3 da GVS.<\/strong><\/p><\/div><div class=\"uagb-cta__buttons\"><a href=\"https:\/\/www.gvs.com.br\/safety\/produtos-ajuste-apertado-respirador-elipse\/\" class=\"uagb-cta__button-link-wrapper wp-block-button__link\" target=\"_self\" rel=\"noopener noreferrer\">Saiba mais!<\/a><\/div><\/div>\n\n\n\n<div class=\"wp-block-uagb-separator uagb-block-b8b79ce8\"><div class=\"uagb-separator-spacing-wrapper\"><div class=\"wp-block-uagb-separator__inner\" style=\"--my-background-image:\"><\/div><\/div><\/div>\n\n\n\n<div class=\"wp-block-uagb-call-to-action uagb-block-74b20309 wp-block-button\"><div class=\"uagb-cta__wrap\"><h3 class=\"uagb-cta__title\">Fique por dentro das novidades!<\/h3><p class=\"uagb-cta__desc\">Acompanhe nossa jornada de inova\u00e7\u00e3o e saiba mais sobre nossos produtos, acesse <strong>Safety da GVS.<\/strong><\/p><\/div><div class=\"uagb-cta__buttons\"><a href=\"https:\/\/www.gvs.com.br\/safety\" class=\"uagb-cta__button-link-wrapper wp-block-button__link\" target=\"_self\" rel=\"noopener noreferrer\">Acesse o site<\/a><\/div><\/div>\n\n\n\n<p><\/p>\n","protected":false},"excerpt":{"rendered":"<p>Respirador Semifacial Elipse\u00ae P3: efici\u00eancia, conforto e seguran\u00e7a na prote\u00e7\u00e3o respirat\u00f3ria profissional contra particulados A prote\u00e7\u00e3o das vias respirat\u00f3rias \u00e9 [&hellip;]<\/p>\n","protected":false},"author":3,"featured_media":3065,"comment_status":"closed","ping_status":"closed","sticky":false,"template":"","format":"standard","meta":{"_uag_custom_page_level_css":"","site-sidebar-layout":"default","site-content-layout":"","ast-site-content-layout":"","site-content-style":"default","site-sidebar-style":"default","ast-global-header-display":"","ast-banner-title-visibility":"","ast-main-header-display":"","ast-hfb-above-header-display":"","ast-hfb-below-header-display":"","ast-hfb-mobile-header-display":"","site-post-title":"disabled","ast-breadcrumbs-content":"","ast-featured-img":"disabled","footer-sml-layout":"","ast-disable-related-posts":"","theme-transparent-header-meta":"","adv-header-id-meta":"","stick-header-meta":"","header-above-stick-meta":"","header-main-stick-meta":"","header-below-stick-meta":"","astra-migrate-meta-layouts":"default","ast-page-background-enabled":"default","ast-page-background-meta":{"desktop":{"background-color":"var(--ast-global-color-4)","background-image":"","background-repeat":"repeat","background-position":"center center","background-size":"auto","background-attachment":"scroll","background-type":"","background-media":"","overlay-type":"","overlay-color":"","overlay-opacity":"","overlay-gradient":""},"tablet":{"background-color":"","background-image":"","background-repeat":"repeat","background-position":"center center","background-size":"auto","background-attachment":"scroll","background-type":"","background-media":"","overlay-type":"","overlay-color":"","overlay-opacity":"","overlay-gradient":""},"mobile":{"background-color":"","background-image":"","background-repeat":"repeat","background-position":"center center","background-size":"auto","background-attachment":"scroll","background-type":"","background-media":"","overlay-type":"","overlay-color":"","overlay-opacity":"","overlay-gradient":""}},"ast-content-background-meta":{"desktop":{"background-color":"var(--ast-global-color-5)","background-image":"","background-repeat":"repeat","background-position":"center center","background-size":"auto","background-attachment":"scroll","background-type":"","background-media":"","overlay-type":"","overlay-color":"","overlay-opacity":"","overlay-gradient":""},"tablet":{"background-color":"var(--ast-global-color-5)","background-image":"","background-repeat":"repeat","background-position":"center center","background-size":"auto","background-attachment":"scroll","background-type":"","background-media":"","overlay-type":"","overlay-color":"","overlay-opacity":"","overlay-gradient":""},"mobile":{"background-color":"var(--ast-global-color-5)","background-image":"","background-repeat":"repeat","background-position":"center center","background-size":"auto","background-attachment":"scroll","background-type":"","background-media":"","overlay-type":"","overlay-color":"","overlay-opacity":"","overlay-gradient":""}},"footnotes":""},"categories":[11,5],"tags":[34,17,15,16,45],"class_list":["post-3055","post","type-post","status-publish","format-standard","has-post-thumbnail","hentry","category-ajuste-apertado","category-safety","tag-elipse","tag-produtos-gvs","tag-protecao-respiratoria","tag-safety","tag-semifacial"],"yoast_head":"<!-- This site is optimized with the Yoast SEO plugin v27.2 - https:\/\/yoast.com\/product\/yoast-seo-wordpress\/ -->\n<title>Respirador Semifacial Elipse\u00ae P3: efici\u00eancia, conforto e seguran\u00e7a<\/title>\n<meta name=\"description\" content=\"o Respirador Semifacial Elipse\u00ae P3, se tornou a escolha ideal para profissionais que atuam em ambientes com alta concentra\u00e7\u00e3o de particulados e que n\u00e3o abrem m\u00e3o de conforto, efici\u00eancia e seguran\u00e7a.\" \/>\n<meta name=\"robots\" content=\"index, follow, max-snippet:-1, max-image-preview:large, max-video-preview:-1\" \/>\n<link rel=\"canonical\" href=\"https:\/\/www.gvs.com.br\/safety\/2026\/02\/18\/respirador-semifacial-elipse-p3-eficiencia-conforto-e-seguranca\/\" \/>\n<meta property=\"og:locale\" content=\"pt_BR\" \/>\n<meta property=\"og:type\" content=\"article\" \/>\n<meta property=\"og:title\" content=\"Respirador Semifacial Elipse\u00ae P3: efici\u00eancia, conforto e seguran\u00e7a\" \/>\n<meta property=\"og:description\" content=\"o Respirador Semifacial Elipse\u00ae P3, se tornou a escolha ideal para profissionais que atuam em ambientes com alta concentra\u00e7\u00e3o de particulados e que n\u00e3o abrem m\u00e3o de conforto, efici\u00eancia e seguran\u00e7a.\" \/>\n<meta property=\"og:url\" content=\"https:\/\/www.gvs.com.br\/safety\/2026\/02\/18\/respirador-semifacial-elipse-p3-eficiencia-conforto-e-seguranca\/\" \/>\n<meta property=\"og:site_name\" content=\"Safety\" \/>\n<meta property=\"article:published_time\" content=\"2026-02-18T09:00:00+00:00\" \/>\n<meta property=\"article:modified_time\" content=\"2026-02-18T15:26:10+00:00\" \/>\n<meta property=\"og:image\" content=\"https:\/\/www.gvs.com.br\/safety\/wp-content\/uploads\/2026\/02\/banner-elipse.png\" \/>\n\t<meta property=\"og:image:width\" content=\"1920\" \/>\n\t<meta property=\"og:image:height\" content=\"1080\" \/>\n\t<meta property=\"og:image:type\" content=\"image\/png\" \/>\n<meta name=\"author\" content=\"admin-dla3\" \/>\n<meta name=\"twitter:card\" content=\"summary_large_image\" \/>\n<meta name=\"twitter:label1\" content=\"Escrito por\" \/>\n\t<meta name=\"twitter:data1\" content=\"admin-dla3\" \/>\n\t<meta name=\"twitter:label2\" content=\"Est. tempo de leitura\" \/>\n\t<meta name=\"twitter:data2\" content=\"6 minutos\" \/>\n<script type=\"application\/ld+json\" class=\"yoast-schema-graph\">{\"@context\":\"https:\/\/schema.org\",\"@graph\":[{\"@type\":\"Article\",\"@id\":\"https:\/\/www.gvs.com.br\/safety\/2026\/02\/18\/respirador-semifacial-elipse-p3-eficiencia-conforto-e-seguranca\/#article\",\"isPartOf\":{\"@id\":\"https:\/\/www.gvs.com.br\/safety\/2026\/02\/18\/respirador-semifacial-elipse-p3-eficiencia-conforto-e-seguranca\/\"},\"author\":{\"name\":\"admin-dla3\",\"@id\":\"https:\/\/www.gvs.com.br\/safety\/#\/schema\/person\/369c6e3ee393f9b765fd5cefab76db91\"},\"headline\":\"Respirador Semifacial Elipse\u00ae P3: efici\u00eancia, conforto e seguran\u00e7a na prote\u00e7\u00e3o respirat\u00f3ria profissional contra particulados\",\"datePublished\":\"2026-02-18T09:00:00+00:00\",\"dateModified\":\"2026-02-18T15:26:10+00:00\",\"mainEntityOfPage\":{\"@id\":\"https:\/\/www.gvs.com.br\/safety\/2026\/02\/18\/respirador-semifacial-elipse-p3-eficiencia-conforto-e-seguranca\/\"},\"wordCount\":917,\"publisher\":{\"@id\":\"https:\/\/www.gvs.com.br\/safety\/#organization\"},\"image\":{\"@id\":\"https:\/\/www.gvs.com.br\/safety\/2026\/02\/18\/respirador-semifacial-elipse-p3-eficiencia-conforto-e-seguranca\/#primaryimage\"},\"thumbnailUrl\":\"https:\/\/www.gvs.com.br\/safety\/wp-content\/uploads\/2026\/02\/banner-elipse.png\",\"keywords\":[\"Elipse\",\"Produtos GVS\",\"Prote\u00e7\u00e3o Respirat\u00f3ria\",\"Safety\",\"Semifacial\"],\"articleSection\":[\"Ajuste Apertado\",\"Safety\"],\"inLanguage\":\"pt-BR\"},{\"@type\":\"WebPage\",\"@id\":\"https:\/\/www.gvs.com.br\/safety\/2026\/02\/18\/respirador-semifacial-elipse-p3-eficiencia-conforto-e-seguranca\/\",\"url\":\"https:\/\/www.gvs.com.br\/safety\/2026\/02\/18\/respirador-semifacial-elipse-p3-eficiencia-conforto-e-seguranca\/\",\"name\":\"Respirador Semifacial Elipse\u00ae P3: efici\u00eancia, conforto e seguran\u00e7a\",\"isPartOf\":{\"@id\":\"https:\/\/www.gvs.com.br\/safety\/#website\"},\"primaryImageOfPage\":{\"@id\":\"https:\/\/www.gvs.com.br\/safety\/2026\/02\/18\/respirador-semifacial-elipse-p3-eficiencia-conforto-e-seguranca\/#primaryimage\"},\"image\":{\"@id\":\"https:\/\/www.gvs.com.br\/safety\/2026\/02\/18\/respirador-semifacial-elipse-p3-eficiencia-conforto-e-seguranca\/#primaryimage\"},\"thumbnailUrl\":\"https:\/\/www.gvs.com.br\/safety\/wp-content\/uploads\/2026\/02\/banner-elipse.png\",\"datePublished\":\"2026-02-18T09:00:00+00:00\",\"dateModified\":\"2026-02-18T15:26:10+00:00\",\"description\":\"o Respirador Semifacial Elipse\u00ae P3, se tornou a escolha ideal para profissionais que atuam em ambientes com alta concentra\u00e7\u00e3o de particulados e que n\u00e3o abrem m\u00e3o de conforto, efici\u00eancia e seguran\u00e7a.\",\"breadcrumb\":{\"@id\":\"https:\/\/www.gvs.com.br\/safety\/2026\/02\/18\/respirador-semifacial-elipse-p3-eficiencia-conforto-e-seguranca\/#breadcrumb\"},\"inLanguage\":\"pt-BR\",\"potentialAction\":[{\"@type\":\"ReadAction\",\"target\":[\"https:\/\/www.gvs.com.br\/safety\/2026\/02\/18\/respirador-semifacial-elipse-p3-eficiencia-conforto-e-seguranca\/\"]}]},{\"@type\":\"ImageObject\",\"inLanguage\":\"pt-BR\",\"@id\":\"https:\/\/www.gvs.com.br\/safety\/2026\/02\/18\/respirador-semifacial-elipse-p3-eficiencia-conforto-e-seguranca\/#primaryimage\",\"url\":\"https:\/\/www.gvs.com.br\/safety\/wp-content\/uploads\/2026\/02\/banner-elipse.png\",\"contentUrl\":\"https:\/\/www.gvs.com.br\/safety\/wp-content\/uploads\/2026\/02\/banner-elipse.png\",\"width\":1920,\"height\":1080},{\"@type\":\"BreadcrumbList\",\"@id\":\"https:\/\/www.gvs.com.br\/safety\/2026\/02\/18\/respirador-semifacial-elipse-p3-eficiencia-conforto-e-seguranca\/#breadcrumb\",\"itemListElement\":[{\"@type\":\"ListItem\",\"position\":1,\"name\":\"In\u00edcio\",\"item\":\"https:\/\/www.gvs.com.br\/safety\/\"},{\"@type\":\"ListItem\",\"position\":2,\"name\":\"Respirador Semifacial Elipse\u00ae P3: efici\u00eancia, conforto e seguran\u00e7a na prote\u00e7\u00e3o respirat\u00f3ria profissional contra particulados\"}]},{\"@type\":\"WebSite\",\"@id\":\"https:\/\/www.gvs.com.br\/safety\/#website\",\"url\":\"https:\/\/www.gvs.com.br\/safety\/\",\"name\":\"Safety\",\"description\":\"\",\"publisher\":{\"@id\":\"https:\/\/www.gvs.com.br\/safety\/#organization\"},\"potentialAction\":[{\"@type\":\"SearchAction\",\"target\":{\"@type\":\"EntryPoint\",\"urlTemplate\":\"https:\/\/www.gvs.com.br\/safety\/?s={search_term_string}\"},\"query-input\":{\"@type\":\"PropertyValueSpecification\",\"valueRequired\":true,\"valueName\":\"search_term_string\"}}],\"inLanguage\":\"pt-BR\"},{\"@type\":\"Organization\",\"@id\":\"https:\/\/www.gvs.com.br\/safety\/#organization\",\"name\":\"Safety\",\"url\":\"https:\/\/www.gvs.com.br\/safety\/\",\"logo\":{\"@type\":\"ImageObject\",\"inLanguage\":\"pt-BR\",\"@id\":\"https:\/\/www.gvs.com.br\/safety\/#\/schema\/logo\/image\/\",\"url\":\"https:\/\/www.gvs.com.br\/safety\/wp-content\/uploads\/2024\/12\/Logo-GVS-Safety.png\",\"contentUrl\":\"https:\/\/www.gvs.com.br\/safety\/wp-content\/uploads\/2024\/12\/Logo-GVS-Safety.png\",\"width\":1920,\"height\":1080,\"caption\":\"Safety\"},\"image\":{\"@id\":\"https:\/\/www.gvs.com.br\/safety\/#\/schema\/logo\/image\/\"}},{\"@type\":\"Person\",\"@id\":\"https:\/\/www.gvs.com.br\/safety\/#\/schema\/person\/369c6e3ee393f9b765fd5cefab76db91\",\"name\":\"admin-dla3\",\"image\":{\"@type\":\"ImageObject\",\"inLanguage\":\"pt-BR\",\"@id\":\"https:\/\/secure.gravatar.com\/avatar\/ad1c9d9708d64f615830e78264488f73aab12a9e3c19cc9a499967a57d52e788?s=96&d=mm&r=g\",\"url\":\"https:\/\/secure.gravatar.com\/avatar\/ad1c9d9708d64f615830e78264488f73aab12a9e3c19cc9a499967a57d52e788?s=96&d=mm&r=g\",\"contentUrl\":\"https:\/\/secure.gravatar.com\/avatar\/ad1c9d9708d64f615830e78264488f73aab12a9e3c19cc9a499967a57d52e788?s=96&d=mm&r=g\",\"caption\":\"admin-dla3\"},\"url\":\"https:\/\/www.gvs.com.br\/safety\/author\/admin-dla3\/\"}]}<\/script>\n<!-- \/ Yoast SEO plugin. -->","yoast_head_json":{"title":"Respirador Semifacial Elipse\u00ae P3: efici\u00eancia, conforto e seguran\u00e7a","description":"o Respirador Semifacial Elipse\u00ae P3, se tornou a escolha ideal para profissionais que atuam em ambientes com alta concentra\u00e7\u00e3o de particulados e que n\u00e3o abrem m\u00e3o de conforto, efici\u00eancia e seguran\u00e7a.","robots":{"index":"index","follow":"follow","max-snippet":"max-snippet:-1","max-image-preview":"max-image-preview:large","max-video-preview":"max-video-preview:-1"},"canonical":"https:\/\/www.gvs.com.br\/safety\/2026\/02\/18\/respirador-semifacial-elipse-p3-eficiencia-conforto-e-seguranca\/","og_locale":"pt_BR","og_type":"article","og_title":"Respirador Semifacial Elipse\u00ae P3: efici\u00eancia, conforto e seguran\u00e7a","og_description":"o Respirador Semifacial Elipse\u00ae P3, se tornou a escolha ideal para profissionais que atuam em ambientes com alta concentra\u00e7\u00e3o de particulados e que n\u00e3o abrem m\u00e3o de conforto, efici\u00eancia e seguran\u00e7a.","og_url":"https:\/\/www.gvs.com.br\/safety\/2026\/02\/18\/respirador-semifacial-elipse-p3-eficiencia-conforto-e-seguranca\/","og_site_name":"Safety","article_published_time":"2026-02-18T09:00:00+00:00","article_modified_time":"2026-02-18T15:26:10+00:00","og_image":[{"width":1920,"height":1080,"url":"https:\/\/www.gvs.com.br\/safety\/wp-content\/uploads\/2026\/02\/banner-elipse.png","type":"image\/png"}],"author":"admin-dla3","twitter_card":"summary_large_image","twitter_misc":{"Escrito por":"admin-dla3","Est. tempo de leitura":"6 minutos"},"schema":{"@context":"https:\/\/schema.org","@graph":[{"@type":"Article","@id":"https:\/\/www.gvs.com.br\/safety\/2026\/02\/18\/respirador-semifacial-elipse-p3-eficiencia-conforto-e-seguranca\/#article","isPartOf":{"@id":"https:\/\/www.gvs.com.br\/safety\/2026\/02\/18\/respirador-semifacial-elipse-p3-eficiencia-conforto-e-seguranca\/"},"author":{"name":"admin-dla3","@id":"https:\/\/www.gvs.com.br\/safety\/#\/schema\/person\/369c6e3ee393f9b765fd5cefab76db91"},"headline":"Respirador Semifacial Elipse\u00ae P3: efici\u00eancia, conforto e seguran\u00e7a na prote\u00e7\u00e3o respirat\u00f3ria profissional contra particulados","datePublished":"2026-02-18T09:00:00+00:00","dateModified":"2026-02-18T15:26:10+00:00","mainEntityOfPage":{"@id":"https:\/\/www.gvs.com.br\/safety\/2026\/02\/18\/respirador-semifacial-elipse-p3-eficiencia-conforto-e-seguranca\/"},"wordCount":917,"publisher":{"@id":"https:\/\/www.gvs.com.br\/safety\/#organization"},"image":{"@id":"https:\/\/www.gvs.com.br\/safety\/2026\/02\/18\/respirador-semifacial-elipse-p3-eficiencia-conforto-e-seguranca\/#primaryimage"},"thumbnailUrl":"https:\/\/www.gvs.com.br\/safety\/wp-content\/uploads\/2026\/02\/banner-elipse.png","keywords":["Elipse","Produtos GVS","Prote\u00e7\u00e3o Respirat\u00f3ria","Safety","Semifacial"],"articleSection":["Ajuste Apertado","Safety"],"inLanguage":"pt-BR"},{"@type":"WebPage","@id":"https:\/\/www.gvs.com.br\/safety\/2026\/02\/18\/respirador-semifacial-elipse-p3-eficiencia-conforto-e-seguranca\/","url":"https:\/\/www.gvs.com.br\/safety\/2026\/02\/18\/respirador-semifacial-elipse-p3-eficiencia-conforto-e-seguranca\/","name":"Respirador Semifacial Elipse\u00ae P3: efici\u00eancia, conforto e seguran\u00e7a","isPartOf":{"@id":"https:\/\/www.gvs.com.br\/safety\/#website"},"primaryImageOfPage":{"@id":"https:\/\/www.gvs.com.br\/safety\/2026\/02\/18\/respirador-semifacial-elipse-p3-eficiencia-conforto-e-seguranca\/#primaryimage"},"image":{"@id":"https:\/\/www.gvs.com.br\/safety\/2026\/02\/18\/respirador-semifacial-elipse-p3-eficiencia-conforto-e-seguranca\/#primaryimage"},"thumbnailUrl":"https:\/\/www.gvs.com.br\/safety\/wp-content\/uploads\/2026\/02\/banner-elipse.png","datePublished":"2026-02-18T09:00:00+00:00","dateModified":"2026-02-18T15:26:10+00:00","description":"o Respirador Semifacial Elipse\u00ae P3, se tornou a escolha ideal para profissionais que atuam em ambientes com alta concentra\u00e7\u00e3o de particulados e que n\u00e3o abrem m\u00e3o de conforto, efici\u00eancia e seguran\u00e7a.","breadcrumb":{"@id":"https:\/\/www.gvs.com.br\/safety\/2026\/02\/18\/respirador-semifacial-elipse-p3-eficiencia-conforto-e-seguranca\/#breadcrumb"},"inLanguage":"pt-BR","potentialAction":[{"@type":"ReadAction","target":["https:\/\/www.gvs.com.br\/safety\/2026\/02\/18\/respirador-semifacial-elipse-p3-eficiencia-conforto-e-seguranca\/"]}]},{"@type":"ImageObject","inLanguage":"pt-BR","@id":"https:\/\/www.gvs.com.br\/safety\/2026\/02\/18\/respirador-semifacial-elipse-p3-eficiencia-conforto-e-seguranca\/#primaryimage","url":"https:\/\/www.gvs.com.br\/safety\/wp-content\/uploads\/2026\/02\/banner-elipse.png","contentUrl":"https:\/\/www.gvs.com.br\/safety\/wp-content\/uploads\/2026\/02\/banner-elipse.png","width":1920,"height":1080},{"@type":"BreadcrumbList","@id":"https:\/\/www.gvs.com.br\/safety\/2026\/02\/18\/respirador-semifacial-elipse-p3-eficiencia-conforto-e-seguranca\/#breadcrumb","itemListElement":[{"@type":"ListItem","position":1,"name":"In\u00edcio","item":"https:\/\/www.gvs.com.br\/safety\/"},{"@type":"ListItem","position":2,"name":"Respirador Semifacial Elipse\u00ae P3: efici\u00eancia, conforto e seguran\u00e7a na prote\u00e7\u00e3o respirat\u00f3ria profissional contra particulados"}]},{"@type":"WebSite","@id":"https:\/\/www.gvs.com.br\/safety\/#website","url":"https:\/\/www.gvs.com.br\/safety\/","name":"Safety","description":"","publisher":{"@id":"https:\/\/www.gvs.com.br\/safety\/#organization"},"potentialAction":[{"@type":"SearchAction","target":{"@type":"EntryPoint","urlTemplate":"https:\/\/www.gvs.com.br\/safety\/?s={search_term_string}"},"query-input":{"@type":"PropertyValueSpecification","valueRequired":true,"valueName":"search_term_string"}}],"inLanguage":"pt-BR"},{"@type":"Organization","@id":"https:\/\/www.gvs.com.br\/safety\/#organization","name":"Safety","url":"https:\/\/www.gvs.com.br\/safety\/","logo":{"@type":"ImageObject","inLanguage":"pt-BR","@id":"https:\/\/www.gvs.com.br\/safety\/#\/schema\/logo\/image\/","url":"https:\/\/www.gvs.com.br\/safety\/wp-content\/uploads\/2024\/12\/Logo-GVS-Safety.png","contentUrl":"https:\/\/www.gvs.com.br\/safety\/wp-content\/uploads\/2024\/12\/Logo-GVS-Safety.png","width":1920,"height":1080,"caption":"Safety"},"image":{"@id":"https:\/\/www.gvs.com.br\/safety\/#\/schema\/logo\/image\/"}},{"@type":"Person","@id":"https:\/\/www.gvs.com.br\/safety\/#\/schema\/person\/369c6e3ee393f9b765fd5cefab76db91","name":"admin-dla3","image":{"@type":"ImageObject","inLanguage":"pt-BR","@id":"https:\/\/secure.gravatar.com\/avatar\/ad1c9d9708d64f615830e78264488f73aab12a9e3c19cc9a499967a57d52e788?s=96&d=mm&r=g","url":"https:\/\/secure.gravatar.com\/avatar\/ad1c9d9708d64f615830e78264488f73aab12a9e3c19cc9a499967a57d52e788?s=96&d=mm&r=g","contentUrl":"https:\/\/secure.gravatar.com\/avatar\/ad1c9d9708d64f615830e78264488f73aab12a9e3c19cc9a499967a57d52e788?s=96&d=mm&r=g","caption":"admin-dla3"},"url":"https:\/\/www.gvs.com.br\/safety\/author\/admin-dla3\/"}]}},"uagb_featured_image_src":{"full":["https:\/\/www.gvs.com.br\/safety\/wp-content\/uploads\/2026\/02\/banner-elipse.png",1920,1080,false],"thumbnail":["https:\/\/www.gvs.com.br\/safety\/wp-content\/uploads\/2026\/02\/banner-elipse-150x150.png",150,150,true],"medium":["https:\/\/www.gvs.com.br\/safety\/wp-content\/uploads\/2026\/02\/banner-elipse-300x169.png",300,169,true],"medium_large":["https:\/\/www.gvs.com.br\/safety\/wp-content\/uploads\/2026\/02\/banner-elipse-768x432.png",768,432,true],"large":["https:\/\/www.gvs.com.br\/safety\/wp-content\/uploads\/2026\/02\/banner-elipse-1024x576.png",1024,576,true],"1536x1536":["https:\/\/www.gvs.com.br\/safety\/wp-content\/uploads\/2026\/02\/banner-elipse-1536x864.png",1536,864,true],"2048x2048":["https:\/\/www.gvs.com.br\/safety\/wp-content\/uploads\/2026\/02\/banner-elipse.png",1920,1080,false]},"uagb_author_info":{"display_name":"admin-dla3","author_link":"https:\/\/www.gvs.com.br\/safety\/author\/admin-dla3\/"},"uagb_comment_info":0,"uagb_excerpt":"Respirador Semifacial Elipse\u00ae P3: efici\u00eancia, conforto e seguran\u00e7a na prote\u00e7\u00e3o respirat\u00f3ria profissional contra particulados A prote\u00e7\u00e3o das vias respirat\u00f3rias \u00e9 [&hellip;]","_links":{"self":[{"href":"https:\/\/www.gvs.com.br\/safety\/wp-json\/wp\/v2\/posts\/3055","targetHints":{"allow":["GET"]}}],"collection":[{"href":"https:\/\/www.gvs.com.br\/safety\/wp-json\/wp\/v2\/posts"}],"about":[{"href":"https:\/\/www.gvs.com.br\/safety\/wp-json\/wp\/v2\/types\/post"}],"author":[{"embeddable":true,"href":"https:\/\/www.gvs.com.br\/safety\/wp-json\/wp\/v2\/users\/3"}],"replies":[{"embeddable":true,"href":"https:\/\/www.gvs.com.br\/safety\/wp-json\/wp\/v2\/comments?post=3055"}],"version-history":[{"count":1,"href":"https:\/\/www.gvs.com.br\/safety\/wp-json\/wp\/v2\/posts\/3055\/revisions"}],"predecessor-version":[{"id":3061,"href":"https:\/\/www.gvs.com.br\/safety\/wp-json\/wp\/v2\/posts\/3055\/revisions\/3061"}],"wp:featuredmedia":[{"embeddable":true,"href":"https:\/\/www.gvs.com.br\/safety\/wp-json\/wp\/v2\/media\/3065"}],"wp:attachment":[{"href":"https:\/\/www.gvs.com.br\/safety\/wp-json\/wp\/v2\/media?parent=3055"}],"wp:term":[{"taxonomy":"category","embeddable":true,"href":"https:\/\/www.gvs.com.br\/safety\/wp-json\/wp\/v2\/categories?post=3055"},{"taxonomy":"post_tag","embeddable":true,"href":"https:\/\/www.gvs.com.br\/safety\/wp-json\/wp\/v2\/tags?post=3055"}],"curies":[{"name":"wp","href":"https:\/\/api.w.org\/{rel}","templated":true}]}}