{"id":3043,"date":"2026-01-21T09:00:00","date_gmt":"2026-01-21T09:00:00","guid":{"rendered":"https:\/\/www.gvs.com.br\/safety\/?p=3043"},"modified":"2025-12-12T16:36:54","modified_gmt":"2025-12-12T16:36:54","slug":"respirador-elipse-full-face-com-filtros-p3-maxima-protecao-respiratoria-para-ambientes-de-alto-risco","status":"publish","type":"post","link":"https:\/\/www.gvs.com.br\/safety\/2026\/01\/21\/respirador-elipse-full-face-com-filtros-p3-maxima-protecao-respiratoria-para-ambientes-de-alto-risco\/","title":{"rendered":"Respirador Elipse\u00ae Full Face com Filtros P3: m\u00e1xima prote\u00e7\u00e3o respirat\u00f3ria para ambientes de alto risco."},"content":{"rendered":"\n<div class=\"wp-block-uagb-container uagb-block-2d8af228 alignwide uagb-is-root-container\">\n<div class=\"wp-block-uagb-advanced-heading uagb-block-d00b05fd\"><h2 class=\"uagb-heading-text\"><strong><strong>Respirador Elipse\u00ae Full Face com Filtros P3: m\u00e1xima prote\u00e7\u00e3o respirat\u00f3ria para ambientes de alto risco.<\/strong><\/strong><\/h2><\/div>\n<\/div>\n\n\n\n<p><\/p>\n\n\n\n<p class=\"has-text-align-justify has-text-align-justify\">O uso de Equipamentos de Prote\u00e7\u00e3o Respirat\u00f3ria tornou-se indispens\u00e1vel em processos industriais, laboratoriais, construtivos e operacionais que envolvem poeiras, fumos, part\u00edculas t\u00f3xicas e agentes biol\u00f3gicos. Para garantir seguran\u00e7a, conforto e efici\u00eancia em condi\u00e7\u00f5es de alta demanda, o Respirador Elipse\u00ae Full Face com Filtros P3 (<em>Prote\u00e7\u00e3o contra Particulados<\/em>) surge como uma solu\u00e7\u00e3o de alto desempenho desenvolvida para prote\u00e7\u00e3o integral das vias respirat\u00f3rias e da vis\u00e3o do usu\u00e1rio.<\/p>\n\n\n\n<p class=\"has-text-align-justify has-text-align-justify\">Apresentaremos, de forma clara e objetiva, tudo o que voc\u00ea precisa saber sobre o respirador: funcionamento, diferenciais, benef\u00edcios e onde aplicar com total seguran\u00e7a.<\/p>\n\n\n\n<div class=\"wp-block-uagb-container uagb-block-9fd3f5ad alignfull uagb-is-root-container\"><div class=\"uagb-container-inner-blocks-wrap\">\n<div class=\"wp-block-uagb-container uagb-block-eada94eb\"><\/div>\n\n\n\n<div class=\"wp-block-uagb-container uagb-block-de22ea3a\">\n<div class=\"wp-block-uagb-image uagb-block-973530e1 wp-block-uagb-image--layout-default wp-block-uagb-image--effect-static wp-block-uagb-image--align-none\"><figure class=\"wp-block-uagb-image__figure\"><img decoding=\"async\" srcset=\"https:\/\/www.gvs.com.br\/safety\/wp-content\/uploads\/2025\/05\/Full-Face-Mask-com-Filtros-P3-.png ,https:\/\/www.gvs.com.br\/safety\/wp-content\/uploads\/2025\/05\/Full-Face-Mask-com-Filtros-P3-.png 780w, https:\/\/www.gvs.com.br\/safety\/wp-content\/uploads\/2025\/05\/Full-Face-Mask-com-Filtros-P3-.png 360w\" sizes=\"auto, (max-width: 480px) 150px\" src=\"https:\/\/www.gvs.com.br\/safety\/wp-content\/uploads\/2025\/05\/Full-Face-Mask-com-Filtros-P3-.png\" alt=\"\" class=\"uag-image-1928\" width=\"1000\" height=\"1000\" title=\"Full Face Mask com Filtros P3-\" loading=\"lazy\" role=\"img\"\/><\/figure><\/div>\n<\/div>\n\n\n\n<div class=\"wp-block-uagb-container uagb-block-da393d4c\"><\/div>\n<\/div><\/div>\n\n\n\n<div class=\"wp-block-uagb-advanced-heading uagb-block-e4fa866c\"><h2 class=\"uagb-heading-text\"><strong>O que \u00e9 o Respirador Elipse\u00ae Full Face com Filtros P3?<\/strong><\/h2><\/div>\n\n\n\n<p>O Respirador Elipse\u00ae Full Face com Filtros P3 \u00e9 um equipamento de prote\u00e7\u00e3o respirat\u00f3ria projetado para proteger o profissional contra particulados diversos, incluindo poeiras t\u00f3xicas, fumos met\u00e1licos e micro-organismos. Com visor panor\u00e2mico em policarbonato e veda\u00e7\u00e3o em silicone macio, o Full Face oferece prote\u00e7\u00e3o facial completa com amplo campo de vis\u00e3o e o m\u00e1ximo de conforto durante o uso prolongado.<\/p>\n\n\n\n<p>Seu design de perfil baixo permite compatibilidade com grande parte dos capacetes de seguran\u00e7a, garantindo integra\u00e7\u00e3o eficiente em ambientes industriais, de constru\u00e7\u00e3o, minera\u00e7\u00e3o e laborat\u00f3rios.<\/p>\n\n\n\n<div class=\"wp-block-uagb-advanced-heading uagb-block-6337a01c\"><h2 class=\"uagb-heading-text\"><strong>Como o Respirador Elipse\u00ae Full Face com Filtros P3 funciona?<\/strong><\/h2><\/div>\n\n\n\n<p>O equipamento atua a partir de filtros mec\u00e2nicos de alta efici\u00eancia do tipo <strong>HESPA<\/strong>, com capacidade m\u00ednima de reten\u00e7\u00e3o de <strong>99,95% de part\u00edculas de 0,3 \u03bcm<\/strong>. O ar \u00e9 purificado no momento da respira\u00e7\u00e3o, retendo particulados s\u00f3lidos e aeross\u00f3is t\u00f3xicos, preservando a sa\u00fade do usu\u00e1rio mesmo em atmosferas cr\u00edticas.<\/p>\n\n\n\n<p class=\"has-text-align-justify has-text-align-justify\">O sistema de encaixe dos filtros dispensa ferramentas, tornando simples a montagem, limpeza e substitui\u00e7\u00e3o.<\/p>\n\n\n\n<figure class=\"wp-block-table is-style-stripes\"><table class=\"has-ast-global-color-0-color has-text-color has-link-color has-fixed-layout\"><thead><tr><td><strong>C\u00f3digo<\/strong><\/td><td><strong>Descri\u00e7\u00e3o<\/strong><\/td><\/tr><\/thead><tbody><tr><td><strong>FFM2243<\/strong><\/td><td>Respirador Elipse\u00ae Full Face com Filtros P3<\/td><\/tr><tr><td><strong>SPR316<\/strong><\/td><td>Par de Filtros Reposi\u00e7\u00e3o P3<\/td><\/tr><\/tbody><\/table><\/figure>\n\n\n\n<div class=\"wp-block-uagb-advanced-heading uagb-block-2cf401dc\"><h2 class=\"uagb-heading-text\"><strong>Caracter\u00edsticas do Respirador Elipse\u00ae Full Face com Filtros P3<\/strong><\/h2><\/div>\n\n\n\n<p>Para uso seguro, pr\u00e1tico e confort\u00e1vel, o respirador apresenta:<\/p>\n\n\n\n<ul class=\"wp-block-list\">\n<li>Visor panor\u00e2mico em policarbonato com arma\u00e7\u00e3o de silicone.<\/li>\n\n\n\n<li>Corpo interno da m\u00e1scara em TPE de grau m\u00e9dico.<\/li>\n\n\n\n<li>Faixa de cabe\u00e7a em silicone com ajuste seguro.<\/li>\n\n\n\n<li>Design leve (aprox. 400 g com filtros).<\/li>\n\n\n\n<li>Baixa manuten\u00e7\u00e3o e desmontagem sem ferramentas.<\/li>\n\n\n\n<li>Validade de armazenamento de 5 anos.<\/li>\n\n\n\n<li>Compat\u00edvel com cartuchos Elipse\u00ae P3 novos e existentes.<\/li>\n\n\n\n<li>Filtros mec\u00e2nicos HESPA multicamadas em TPE encapsulado.<\/li>\n\n\n\n<li>Efici\u00eancia m\u00ednima > 99,95% para part\u00edculas de 0,3 \u03bcm.<\/li>\n<\/ul>\n\n\n\n<div class=\"wp-block-uagb-container uagb-block-86851595 alignfull uagb-is-root-container\"><div class=\"uagb-container-inner-blocks-wrap\">\n<div class=\"wp-block-uagb-container uagb-block-3137cbb0\">\n<div class=\"wp-block-uagb-advanced-heading uagb-block-e6731bb6\"><h2 class=\"uagb-heading-text\"><strong>Benef\u00edcios e Vantagens<\/strong><\/h2><\/div>\n\n\n\n<p>O Respirador Elipse\u00ae Full Face com Filtros P3 assegura desempenho superior em prote\u00e7\u00e3o respirat\u00f3ria com benef\u00edcios essenciais ao profissional:<\/p>\n\n\n\n<p>\u2714 <strong>Prote\u00e7\u00e3o integral<\/strong> do rosto e das vias a\u00e9reas.<br>\u2714 <strong>Conforto prolongado<\/strong> com veda\u00e7\u00e3o macia e ergon\u00f4mica.<br>\u2714 <strong>Campo de vis\u00e3o ampliado<\/strong> gra\u00e7as ao design de perfil baixo.<br>\u2714 <strong>Redu\u00e7\u00e3o de riscos ocupacionais<\/strong> em atmosferas cr\u00edticas.<br>\u2714 <strong>Leveza e praticidade<\/strong> para uso cont\u00ednuo.<br>\u2714 <strong>Efici\u00eancia avan\u00e7ada de filtra\u00e7\u00e3o mec\u00e2nica.<\/strong><br>\u2714 <strong>Modelo de f\u00e1cil higieniza\u00e7\u00e3o e manuten\u00e7\u00e3o.<\/strong><\/p>\n<\/div>\n\n\n\n<div class=\"wp-block-uagb-container uagb-block-e90af2ef\">\n<div class=\"wp-block-uagb-image uagb-block-b17db78b wp-block-uagb-image--layout-default wp-block-uagb-image--effect-static wp-block-uagb-image--align-none\"><figure class=\"wp-block-uagb-image__figure\"><img decoding=\"async\" srcset=\"https:\/\/www.gvs.com.br\/safety\/wp-content\/uploads\/2025\/12\/FFM-P3.jpg ,https:\/\/www.gvs.com.br\/safety\/wp-content\/uploads\/2025\/12\/FFM-P3.jpg 780w, https:\/\/www.gvs.com.br\/safety\/wp-content\/uploads\/2025\/12\/FFM-P3.jpg 360w\" sizes=\"auto, (max-width: 480px) 150px\" src=\"https:\/\/www.gvs.com.br\/safety\/wp-content\/uploads\/2025\/12\/FFM-P3.jpg\" alt=\"\" class=\"uag-image-3045\" width=\"446\" height=\"360\" title=\"FFM P3\" loading=\"lazy\" role=\"img\"\/><\/figure><\/div>\n<\/div>\n<\/div><\/div>\n\n\n\n<div class=\"wp-block-uagb-advanced-heading uagb-block-60a78a8e\"><h2 class=\"uagb-heading-text\"><strong>\u00c1reas de Aplica\u00e7\u00e3o<\/strong><\/h2><\/div>\n\n\n\n<p>O Respirador Elipse\u00ae Full Face com Filtros P3 pode ser aplicado em diversos segmentos industriais:<\/p>\n\n\n\n<ul class=\"wp-block-list\">\n<li><strong>Soldagem e Esmerilhamento: <\/strong>fumos met\u00e1licos e part\u00edculas s\u00f3lidas.<\/li>\n\n\n\n<li><strong>Constru\u00e7\u00e3o Civil: <\/strong>poeira de s\u00edlica, concreto, cimento, pedra, madeira, agregados e mofo.<\/li>\n\n\n\n<li><strong>Ind\u00fastria: <\/strong>fibras de vidro, compostos, fumos de chumbo.<\/li>\n\n\n\n<li><strong>Minera\u00e7\u00e3o: <\/strong>poeira de carv\u00e3o e s\u00edlica cristalina.<\/li>\n\n\n\n<li><strong>Ind\u00fastria Aliment\u00edcia: <\/strong>manipula\u00e7\u00e3o de p\u00f3s finos, especiarias e derivados de gr\u00e3os.<\/li>\n\n\n\n<li><strong>Ind\u00fastria Farmac\u00eautica: <\/strong>exposi\u00e7\u00e3o a p\u00f3s, v\u00edrus e bact\u00e9rias.<\/li>\n<\/ul>\n\n\n\n<div class=\"wp-block-uagb-container uagb-block-e6564500 alignfull uagb-is-root-container\"><div class=\"uagb-container-inner-blocks-wrap\">\n<div class=\"wp-block-uagb-container uagb-block-804916e2\"><\/div>\n\n\n\n<div class=\"wp-block-uagb-container uagb-block-28dd0b88\">\n<div class=\"wp-block-uagb-image uagb-block-8ffd54bf wp-block-uagb-image--layout-default wp-block-uagb-image--effect-static wp-block-uagb-image--align-none\"><figure class=\"wp-block-uagb-image__figure\"><img decoding=\"async\" srcset=\"https:\/\/www.gvs.com.br\/safety\/wp-content\/uploads\/2025\/12\/Full-Face-Mask-com-Filtros-P3-1024x839.png ,https:\/\/www.gvs.com.br\/safety\/wp-content\/uploads\/2025\/12\/Full-Face-Mask-com-Filtros-P3.png 780w, https:\/\/www.gvs.com.br\/safety\/wp-content\/uploads\/2025\/12\/Full-Face-Mask-com-Filtros-P3.png 360w\" sizes=\"auto, (max-width: 480px) 150px\" src=\"https:\/\/www.gvs.com.br\/safety\/wp-content\/uploads\/2025\/12\/Full-Face-Mask-com-Filtros-P3-1024x839.png\" alt=\"\" class=\"uag-image-3046\" width=\"1024\" height=\"839\" title=\"Full-Face-Mask-com-Filtros-P3\" loading=\"lazy\" role=\"img\"\/><\/figure><\/div>\n<\/div>\n\n\n\n<div class=\"wp-block-uagb-container uagb-block-c7fd60fc\"><\/div>\n<\/div><\/div>\n\n\n\n<div class=\"wp-block-uagb-advanced-heading uagb-block-0add26c8\"><h2 class=\"uagb-heading-text\"><strong>Por que escolher o Respirador Elipse\u00ae Full Face com Filtros P3 da GVS?<\/strong><\/h2><\/div>\n\n\n\n<p>A GVS oferece solu\u00e7\u00f5es de alta performance para prote\u00e7\u00e3o respirat\u00f3ria com tecnologia, confiabilidade e rigor industrial. O <strong>Respirador Elipse\u00ae Full Face com Filtros P3<\/strong> \u00e9 a escolha ideal para profissionais que exigem m\u00e1ximo desempenho, durabilidade e conforto, garantindo seguran\u00e7a mesmo em tarefas de risco elevado.<\/p>\n\n\n\n<p>Seu conjunto de filtros P3 protege contra poeiras nocivas que podem resultar em doen\u00e7as pulmonares ocupacionais, incluindo carv\u00e3o, s\u00edlica, grafite, mangan\u00eas, chumbo, amianto e outras part\u00edculas agressivas presentes em ambientes industriais.<\/p>\n\n\n\n<p>O Respirador Elipse\u00ae Full Face com Filtros P3 combina robustez, conforto e efici\u00eancia de filtra\u00e7\u00e3o em um \u00fanico equipamento, garantindo prote\u00e7\u00e3o confi\u00e1vel em ambientes exigentes. Sua constru\u00e7\u00e3o leve, visor panor\u00e2mico, veda\u00e7\u00e3o em silicone e filtros P3 de alto desempenho posicionam o modelo como refer\u00eancia em seguran\u00e7a respirat\u00f3ria profissional.<\/p>\n\n\n\n<p><strong>Dispon\u00edvel agora no Brasil. Consulte o nosso time.<\/strong><\/p>\n\n\n\n<div class=\"wp-block-uagb-advanced-heading uagb-block-d3a633df\"><h2 class=\"uagb-heading-text\">Acreditamos em proteger voc\u00ea para os melhores momentos da vida!<\/h2><\/div>\n\n\n\n<p>Criamos solu\u00e7\u00f5es de prote\u00e7\u00e3o respirat\u00f3ria que tornam voc\u00ea e sua equipe mais seguros, para que todos possam voltar para casa no final de cada dia, seguros, saud\u00e1veis e capazes de fazer aquilo que mais importa.<\/p>\n\n\n\n<div class=\"wp-block-uagb-call-to-action uagb-block-e6f6b3df wp-block-button\"><div class=\"uagb-cta__wrap\"><h3 class=\"uagb-cta__title\">Fale com a gente!<\/h3><p class=\"uagb-cta__desc\">Entre em contato com o nosso time hoje mesmo, esclare\u00e7a as suas d\u00favidas e&nbsp;<strong>solicite a sua cota\u00e7\u00e3o!<\/strong><\/p><\/div><div class=\"uagb-cta__buttons\"><a href=\"https:\/\/wa.me\/551938797222\" class=\"uagb-cta__button-link-wrapper wp-block-button__link\" target=\"_self\" rel=\"noopener noreferrer\"><svg xmlns=\"https:\/\/www.w3.org\/2000\/svg\" viewBox=\"0 0 448 512\"><path d=\"M380.9 97.1C339 55.1 283.2 32 223.9 32c-122.4 0-222 99.6-222 222 0 39.1 10.2 77.3 29.6 111L0 480l117.7-30.9c32.4 17.7 68.9 27 106.1 27h.1c122.3 0 224.1-99.6 224.1-222 0-59.3-25.2-115-67.1-157zm-157 341.6c-33.2 0-65.7-8.9-94-25.7l-6.7-4-69.8 18.3L72 359.2l-4.4-7c-18.5-29.4-28.2-63.3-28.2-98.2 0-101.7 82.8-184.5 184.6-184.5 49.3 0 95.6 19.2 130.4 54.1 34.8 34.9 56.2 81.2 56.1 130.5 0 101.8-84.9 184.6-186.6 184.6zm101.2-138.2c-5.5-2.8-32.8-16.2-37.9-18-5.1-1.9-8.8-2.8-12.5 2.8-3.7 5.6-14.3 18-17.6 21.8-3.2 3.7-6.5 4.2-12 1.4-32.6-16.3-54-29.1-75.5-66-5.7-9.8 5.7-9.1 16.3-30.3 1.8-3.7 .9-6.9-.5-9.7-1.4-2.8-12.5-30.1-17.1-41.2-4.5-10.8-9.1-9.3-12.5-9.5-3.2-.2-6.9-.2-10.6-.2-3.7 0-9.7 1.4-14.8 6.9-5.1 5.6-19.4 19-19.4 46.3 0 27.3 19.9 53.7 22.6 57.4 2.8 3.7 39.1 59.7 94.8 83.8 35.2 15.2 49 16.5 66.6 13.9 10.7-1.6 32.8-13.4 37.4-26.4 4.6-13 4.6-24.1 3.2-26.4-1.3-2.5-5-3.9-10.5-6.6z\"><\/path><\/svg>WhatsApp<\/a><\/div><\/div>\n\n\n\n<div class=\"wp-block-uagb-container uagb-block-c0c1a3e3 alignfull uagb-is-root-container\"><div class=\"uagb-container-inner-blocks-wrap\">\n<div class=\"wp-block-uagb-advanced-heading uagb-block-ad5e840a\"><h2 class=\"uagb-heading-text\"><strong>Conhe\u00e7a todas as solu\u00e7\u00f5es de prote\u00e7\u00e3o respirat\u00f3ria da GVS e encontre o modelo ideal para sua aplica\u00e7\u00e3o.<\/strong><\/h2><\/div>\n<\/div><\/div>\n\n\n\n<div class=\"wp-block-uagb-separator uagb-block-96e52944\"><div class=\"uagb-separator-spacing-wrapper\"><div class=\"wp-block-uagb-separator__inner\" style=\"--my-background-image:\"><\/div><\/div><\/div>\n\n\n\n<div class=\"wp-block-uagb-call-to-action uagb-block-bf9c28ce wp-block-button\"><div class=\"uagb-cta__wrap\"><h3 class=\"uagb-cta__title\">Confira mais detalhes!<\/h3><p class=\"uagb-cta__desc\">Confira aqui as especifica\u00e7\u00f5es t\u00e9cnicas do <strong>Respirador Elipse\u00ae Full Face com Filtros P3 <\/strong>da <strong>GVS<\/strong>.<\/p><\/div><div class=\"uagb-cta__buttons\"><a href=\"https:\/\/www.gvs.com.br\/safety\/produtos-ajuste-apertado-respirador-elipse-full-face-com-filtro-p3\/\" class=\"uagb-cta__button-link-wrapper wp-block-button__link\" target=\"_self\" rel=\"noopener noreferrer\">Saiba mais!<\/a><\/div><\/div>\n\n\n\n<div class=\"wp-block-uagb-separator uagb-block-b8b79ce8\"><div class=\"uagb-separator-spacing-wrapper\"><div class=\"wp-block-uagb-separator__inner\" style=\"--my-background-image:\"><\/div><\/div><\/div>\n\n\n\n<div class=\"wp-block-uagb-call-to-action uagb-block-74b20309 wp-block-button\"><div class=\"uagb-cta__wrap\"><h3 class=\"uagb-cta__title\">Fique por dentro das novidades!<\/h3><p class=\"uagb-cta__desc\">Acompanhe nossa jornada de inova\u00e7\u00e3o e saiba mais sobre nossos produtos, acesse <strong>Safety da GVS.<\/strong><\/p><\/div><div class=\"uagb-cta__buttons\"><a href=\"https:\/\/www.gvs.com.br\/safety\" class=\"uagb-cta__button-link-wrapper wp-block-button__link\" target=\"_self\" rel=\"noopener noreferrer\">Acesse o site<\/a><\/div><\/div>\n\n\n\n<p><\/p>\n","protected":false},"excerpt":{"rendered":"<p>Respirador Elipse\u00ae Full Face com Filtros P3: m\u00e1xima prote\u00e7\u00e3o respirat\u00f3ria para ambientes de alto risco. O uso de Equipamentos de [&hellip;]<\/p>\n","protected":false},"author":3,"featured_media":3044,"comment_status":"open","ping_status":"open","sticky":false,"template":"","format":"standard","meta":{"_uag_custom_page_level_css":"","site-sidebar-layout":"default","site-content-layout":"","ast-site-content-layout":"","site-content-style":"default","site-sidebar-style":"default","ast-global-header-display":"","ast-banner-title-visibility":"","ast-main-header-display":"","ast-hfb-above-header-display":"","ast-hfb-below-header-display":"","ast-hfb-mobile-header-display":"","site-post-title":"disabled","ast-breadcrumbs-content":"","ast-featured-img":"disabled","footer-sml-layout":"","ast-disable-related-posts":"","theme-transparent-header-meta":"","adv-header-id-meta":"","stick-header-meta":"","header-above-stick-meta":"","header-main-stick-meta":"","header-below-stick-meta":"","astra-migrate-meta-layouts":"default","ast-page-background-enabled":"default","ast-page-background-meta":{"desktop":{"background-color":"var(--ast-global-color-4)","background-image":"","background-repeat":"repeat","background-position":"center center","background-size":"auto","background-attachment":"scroll","background-type":"","background-media":"","overlay-type":"","overlay-color":"","overlay-opacity":"","overlay-gradient":""},"tablet":{"background-color":"","background-image":"","background-repeat":"repeat","background-position":"center center","background-size":"auto","background-attachment":"scroll","background-type":"","background-media":"","overlay-type":"","overlay-color":"","overlay-opacity":"","overlay-gradient":""},"mobile":{"background-color":"","background-image":"","background-repeat":"repeat","background-position":"center center","background-size":"auto","background-attachment":"scroll","background-type":"","background-media":"","overlay-type":"","overlay-color":"","overlay-opacity":"","overlay-gradient":""}},"ast-content-background-meta":{"desktop":{"background-color":"var(--ast-global-color-5)","background-image":"","background-repeat":"repeat","background-position":"center center","background-size":"auto","background-attachment":"scroll","background-type":"","background-media":"","overlay-type":"","overlay-color":"","overlay-opacity":"","overlay-gradient":""},"tablet":{"background-color":"var(--ast-global-color-5)","background-image":"","background-repeat":"repeat","background-position":"center center","background-size":"auto","background-attachment":"scroll","background-type":"","background-media":"","overlay-type":"","overlay-color":"","overlay-opacity":"","overlay-gradient":""},"mobile":{"background-color":"var(--ast-global-color-5)","background-image":"","background-repeat":"repeat","background-position":"center center","background-size":"auto","background-attachment":"scroll","background-type":"","background-media":"","overlay-type":"","overlay-color":"","overlay-opacity":"","overlay-gradient":""}},"footnotes":""},"categories":[38,5],"tags":[34,35,17,15,16],"class_list":["post-3043","post","type-post","status-publish","format-standard","has-post-thumbnail","hentry","category-full-face","category-safety","tag-elipse","tag-p3","tag-produtos-gvs","tag-protecao-respiratoria","tag-safety"],"yoast_head":"<!-- This site is optimized with the Yoast SEO plugin v27.2 - https:\/\/yoast.com\/product\/yoast-seo-wordpress\/ -->\n<title>Respirador Elipse\u00ae Full Face com Filtros P3<\/title>\n<meta name=\"description\" content=\"O Respirador Elipse\u00ae Full Face com Filtros P3 \u00e9 um equipamento de prote\u00e7\u00e3o respirat\u00f3ria projetado para proteger o profissional contra particulados diversos.\" \/>\n<meta name=\"robots\" content=\"index, follow, max-snippet:-1, max-image-preview:large, max-video-preview:-1\" \/>\n<link rel=\"canonical\" href=\"https:\/\/www.gvs.com.br\/safety\/2026\/01\/21\/respirador-elipse-full-face-com-filtros-p3-maxima-protecao-respiratoria-para-ambientes-de-alto-risco\/\" \/>\n<meta property=\"og:locale\" content=\"pt_BR\" \/>\n<meta property=\"og:type\" content=\"article\" \/>\n<meta property=\"og:title\" content=\"Respirador Elipse\u00ae Full Face com Filtros P3\" \/>\n<meta property=\"og:description\" content=\"O Respirador Elipse\u00ae Full Face com Filtros P3 \u00e9 um equipamento de prote\u00e7\u00e3o respirat\u00f3ria projetado para proteger o profissional contra particulados diversos.\" \/>\n<meta property=\"og:url\" content=\"https:\/\/www.gvs.com.br\/safety\/2026\/01\/21\/respirador-elipse-full-face-com-filtros-p3-maxima-protecao-respiratoria-para-ambientes-de-alto-risco\/\" \/>\n<meta property=\"og:site_name\" content=\"Safety\" \/>\n<meta property=\"article:published_time\" content=\"2026-01-21T09:00:00+00:00\" \/>\n<meta property=\"og:image\" content=\"https:\/\/www.gvs.com.br\/safety\/wp-content\/uploads\/2025\/12\/BANNER-BLOG-1024x576.png\" \/>\n\t<meta property=\"og:image:width\" content=\"1024\" \/>\n\t<meta property=\"og:image:height\" content=\"576\" \/>\n\t<meta property=\"og:image:type\" content=\"image\/png\" \/>\n<meta name=\"author\" content=\"admin-dla3\" \/>\n<meta name=\"twitter:card\" content=\"summary_large_image\" \/>\n<meta name=\"twitter:label1\" content=\"Escrito por\" \/>\n\t<meta name=\"twitter:data1\" content=\"admin-dla3\" \/>\n\t<meta name=\"twitter:label2\" content=\"Est. tempo de leitura\" \/>\n\t<meta name=\"twitter:data2\" content=\"6 minutos\" \/>\n<script type=\"application\/ld+json\" class=\"yoast-schema-graph\">{\"@context\":\"https:\/\/schema.org\",\"@graph\":[{\"@type\":\"Article\",\"@id\":\"https:\/\/www.gvs.com.br\/safety\/2026\/01\/21\/respirador-elipse-full-face-com-filtros-p3-maxima-protecao-respiratoria-para-ambientes-de-alto-risco\/#article\",\"isPartOf\":{\"@id\":\"https:\/\/www.gvs.com.br\/safety\/2026\/01\/21\/respirador-elipse-full-face-com-filtros-p3-maxima-protecao-respiratoria-para-ambientes-de-alto-risco\/\"},\"author\":{\"name\":\"admin-dla3\",\"@id\":\"https:\/\/www.gvs.com.br\/safety\/#\/schema\/person\/369c6e3ee393f9b765fd5cefab76db91\"},\"headline\":\"Respirador Elipse\u00ae Full Face com Filtros P3: m\u00e1xima prote\u00e7\u00e3o respirat\u00f3ria para ambientes de alto risco.\",\"datePublished\":\"2026-01-21T09:00:00+00:00\",\"mainEntityOfPage\":{\"@id\":\"https:\/\/www.gvs.com.br\/safety\/2026\/01\/21\/respirador-elipse-full-face-com-filtros-p3-maxima-protecao-respiratoria-para-ambientes-de-alto-risco\/\"},\"wordCount\":942,\"commentCount\":0,\"publisher\":{\"@id\":\"https:\/\/www.gvs.com.br\/safety\/#organization\"},\"image\":{\"@id\":\"https:\/\/www.gvs.com.br\/safety\/2026\/01\/21\/respirador-elipse-full-face-com-filtros-p3-maxima-protecao-respiratoria-para-ambientes-de-alto-risco\/#primaryimage\"},\"thumbnailUrl\":\"https:\/\/www.gvs.com.br\/safety\/wp-content\/uploads\/2025\/12\/BANNER-BLOG.png\",\"keywords\":[\"Elipse\",\"P3\",\"Produtos GVS\",\"Prote\u00e7\u00e3o Respirat\u00f3ria\",\"Safety\"],\"articleSection\":[\"Full Face\",\"Safety\"],\"inLanguage\":\"pt-BR\",\"potentialAction\":[{\"@type\":\"CommentAction\",\"name\":\"Comment\",\"target\":[\"https:\/\/www.gvs.com.br\/safety\/2026\/01\/21\/respirador-elipse-full-face-com-filtros-p3-maxima-protecao-respiratoria-para-ambientes-de-alto-risco\/#respond\"]}]},{\"@type\":\"WebPage\",\"@id\":\"https:\/\/www.gvs.com.br\/safety\/2026\/01\/21\/respirador-elipse-full-face-com-filtros-p3-maxima-protecao-respiratoria-para-ambientes-de-alto-risco\/\",\"url\":\"https:\/\/www.gvs.com.br\/safety\/2026\/01\/21\/respirador-elipse-full-face-com-filtros-p3-maxima-protecao-respiratoria-para-ambientes-de-alto-risco\/\",\"name\":\"Respirador Elipse\u00ae Full Face com Filtros P3\",\"isPartOf\":{\"@id\":\"https:\/\/www.gvs.com.br\/safety\/#website\"},\"primaryImageOfPage\":{\"@id\":\"https:\/\/www.gvs.com.br\/safety\/2026\/01\/21\/respirador-elipse-full-face-com-filtros-p3-maxima-protecao-respiratoria-para-ambientes-de-alto-risco\/#primaryimage\"},\"image\":{\"@id\":\"https:\/\/www.gvs.com.br\/safety\/2026\/01\/21\/respirador-elipse-full-face-com-filtros-p3-maxima-protecao-respiratoria-para-ambientes-de-alto-risco\/#primaryimage\"},\"thumbnailUrl\":\"https:\/\/www.gvs.com.br\/safety\/wp-content\/uploads\/2025\/12\/BANNER-BLOG.png\",\"datePublished\":\"2026-01-21T09:00:00+00:00\",\"description\":\"O Respirador Elipse\u00ae Full Face com Filtros P3 \u00e9 um equipamento de prote\u00e7\u00e3o respirat\u00f3ria projetado para proteger o profissional contra particulados diversos.\",\"breadcrumb\":{\"@id\":\"https:\/\/www.gvs.com.br\/safety\/2026\/01\/21\/respirador-elipse-full-face-com-filtros-p3-maxima-protecao-respiratoria-para-ambientes-de-alto-risco\/#breadcrumb\"},\"inLanguage\":\"pt-BR\",\"potentialAction\":[{\"@type\":\"ReadAction\",\"target\":[\"https:\/\/www.gvs.com.br\/safety\/2026\/01\/21\/respirador-elipse-full-face-com-filtros-p3-maxima-protecao-respiratoria-para-ambientes-de-alto-risco\/\"]}]},{\"@type\":\"ImageObject\",\"inLanguage\":\"pt-BR\",\"@id\":\"https:\/\/www.gvs.com.br\/safety\/2026\/01\/21\/respirador-elipse-full-face-com-filtros-p3-maxima-protecao-respiratoria-para-ambientes-de-alto-risco\/#primaryimage\",\"url\":\"https:\/\/www.gvs.com.br\/safety\/wp-content\/uploads\/2025\/12\/BANNER-BLOG.png\",\"contentUrl\":\"https:\/\/www.gvs.com.br\/safety\/wp-content\/uploads\/2025\/12\/BANNER-BLOG.png\",\"width\":1920,\"height\":1080},{\"@type\":\"BreadcrumbList\",\"@id\":\"https:\/\/www.gvs.com.br\/safety\/2026\/01\/21\/respirador-elipse-full-face-com-filtros-p3-maxima-protecao-respiratoria-para-ambientes-de-alto-risco\/#breadcrumb\",\"itemListElement\":[{\"@type\":\"ListItem\",\"position\":1,\"name\":\"In\u00edcio\",\"item\":\"https:\/\/www.gvs.com.br\/safety\/\"},{\"@type\":\"ListItem\",\"position\":2,\"name\":\"Respirador Elipse\u00ae Full Face com Filtros P3: m\u00e1xima prote\u00e7\u00e3o respirat\u00f3ria para ambientes de alto risco.\"}]},{\"@type\":\"WebSite\",\"@id\":\"https:\/\/www.gvs.com.br\/safety\/#website\",\"url\":\"https:\/\/www.gvs.com.br\/safety\/\",\"name\":\"Safety\",\"description\":\"\",\"publisher\":{\"@id\":\"https:\/\/www.gvs.com.br\/safety\/#organization\"},\"potentialAction\":[{\"@type\":\"SearchAction\",\"target\":{\"@type\":\"EntryPoint\",\"urlTemplate\":\"https:\/\/www.gvs.com.br\/safety\/?s={search_term_string}\"},\"query-input\":{\"@type\":\"PropertyValueSpecification\",\"valueRequired\":true,\"valueName\":\"search_term_string\"}}],\"inLanguage\":\"pt-BR\"},{\"@type\":\"Organization\",\"@id\":\"https:\/\/www.gvs.com.br\/safety\/#organization\",\"name\":\"Safety\",\"url\":\"https:\/\/www.gvs.com.br\/safety\/\",\"logo\":{\"@type\":\"ImageObject\",\"inLanguage\":\"pt-BR\",\"@id\":\"https:\/\/www.gvs.com.br\/safety\/#\/schema\/logo\/image\/\",\"url\":\"https:\/\/www.gvs.com.br\/safety\/wp-content\/uploads\/2024\/12\/Logo-GVS-Safety.png\",\"contentUrl\":\"https:\/\/www.gvs.com.br\/safety\/wp-content\/uploads\/2024\/12\/Logo-GVS-Safety.png\",\"width\":1920,\"height\":1080,\"caption\":\"Safety\"},\"image\":{\"@id\":\"https:\/\/www.gvs.com.br\/safety\/#\/schema\/logo\/image\/\"}},{\"@type\":\"Person\",\"@id\":\"https:\/\/www.gvs.com.br\/safety\/#\/schema\/person\/369c6e3ee393f9b765fd5cefab76db91\",\"name\":\"admin-dla3\",\"image\":{\"@type\":\"ImageObject\",\"inLanguage\":\"pt-BR\",\"@id\":\"https:\/\/secure.gravatar.com\/avatar\/ad1c9d9708d64f615830e78264488f73aab12a9e3c19cc9a499967a57d52e788?s=96&d=mm&r=g\",\"url\":\"https:\/\/secure.gravatar.com\/avatar\/ad1c9d9708d64f615830e78264488f73aab12a9e3c19cc9a499967a57d52e788?s=96&d=mm&r=g\",\"contentUrl\":\"https:\/\/secure.gravatar.com\/avatar\/ad1c9d9708d64f615830e78264488f73aab12a9e3c19cc9a499967a57d52e788?s=96&d=mm&r=g\",\"caption\":\"admin-dla3\"},\"url\":\"https:\/\/www.gvs.com.br\/safety\/author\/admin-dla3\/\"}]}<\/script>\n<!-- \/ Yoast SEO plugin. -->","yoast_head_json":{"title":"Respirador Elipse\u00ae Full Face com Filtros P3","description":"O Respirador Elipse\u00ae Full Face com Filtros P3 \u00e9 um equipamento de prote\u00e7\u00e3o respirat\u00f3ria projetado para proteger o profissional contra particulados diversos.","robots":{"index":"index","follow":"follow","max-snippet":"max-snippet:-1","max-image-preview":"max-image-preview:large","max-video-preview":"max-video-preview:-1"},"canonical":"https:\/\/www.gvs.com.br\/safety\/2026\/01\/21\/respirador-elipse-full-face-com-filtros-p3-maxima-protecao-respiratoria-para-ambientes-de-alto-risco\/","og_locale":"pt_BR","og_type":"article","og_title":"Respirador Elipse\u00ae Full Face com Filtros P3","og_description":"O Respirador Elipse\u00ae Full Face com Filtros P3 \u00e9 um equipamento de prote\u00e7\u00e3o respirat\u00f3ria projetado para proteger o profissional contra particulados diversos.","og_url":"https:\/\/www.gvs.com.br\/safety\/2026\/01\/21\/respirador-elipse-full-face-com-filtros-p3-maxima-protecao-respiratoria-para-ambientes-de-alto-risco\/","og_site_name":"Safety","article_published_time":"2026-01-21T09:00:00+00:00","og_image":[{"width":1024,"height":576,"url":"https:\/\/www.gvs.com.br\/safety\/wp-content\/uploads\/2025\/12\/BANNER-BLOG-1024x576.png","type":"image\/png"}],"author":"admin-dla3","twitter_card":"summary_large_image","twitter_misc":{"Escrito por":"admin-dla3","Est. tempo de leitura":"6 minutos"},"schema":{"@context":"https:\/\/schema.org","@graph":[{"@type":"Article","@id":"https:\/\/www.gvs.com.br\/safety\/2026\/01\/21\/respirador-elipse-full-face-com-filtros-p3-maxima-protecao-respiratoria-para-ambientes-de-alto-risco\/#article","isPartOf":{"@id":"https:\/\/www.gvs.com.br\/safety\/2026\/01\/21\/respirador-elipse-full-face-com-filtros-p3-maxima-protecao-respiratoria-para-ambientes-de-alto-risco\/"},"author":{"name":"admin-dla3","@id":"https:\/\/www.gvs.com.br\/safety\/#\/schema\/person\/369c6e3ee393f9b765fd5cefab76db91"},"headline":"Respirador Elipse\u00ae Full Face com Filtros P3: m\u00e1xima prote\u00e7\u00e3o respirat\u00f3ria para ambientes de alto risco.","datePublished":"2026-01-21T09:00:00+00:00","mainEntityOfPage":{"@id":"https:\/\/www.gvs.com.br\/safety\/2026\/01\/21\/respirador-elipse-full-face-com-filtros-p3-maxima-protecao-respiratoria-para-ambientes-de-alto-risco\/"},"wordCount":942,"commentCount":0,"publisher":{"@id":"https:\/\/www.gvs.com.br\/safety\/#organization"},"image":{"@id":"https:\/\/www.gvs.com.br\/safety\/2026\/01\/21\/respirador-elipse-full-face-com-filtros-p3-maxima-protecao-respiratoria-para-ambientes-de-alto-risco\/#primaryimage"},"thumbnailUrl":"https:\/\/www.gvs.com.br\/safety\/wp-content\/uploads\/2025\/12\/BANNER-BLOG.png","keywords":["Elipse","P3","Produtos GVS","Prote\u00e7\u00e3o Respirat\u00f3ria","Safety"],"articleSection":["Full Face","Safety"],"inLanguage":"pt-BR","potentialAction":[{"@type":"CommentAction","name":"Comment","target":["https:\/\/www.gvs.com.br\/safety\/2026\/01\/21\/respirador-elipse-full-face-com-filtros-p3-maxima-protecao-respiratoria-para-ambientes-de-alto-risco\/#respond"]}]},{"@type":"WebPage","@id":"https:\/\/www.gvs.com.br\/safety\/2026\/01\/21\/respirador-elipse-full-face-com-filtros-p3-maxima-protecao-respiratoria-para-ambientes-de-alto-risco\/","url":"https:\/\/www.gvs.com.br\/safety\/2026\/01\/21\/respirador-elipse-full-face-com-filtros-p3-maxima-protecao-respiratoria-para-ambientes-de-alto-risco\/","name":"Respirador Elipse\u00ae Full Face com Filtros P3","isPartOf":{"@id":"https:\/\/www.gvs.com.br\/safety\/#website"},"primaryImageOfPage":{"@id":"https:\/\/www.gvs.com.br\/safety\/2026\/01\/21\/respirador-elipse-full-face-com-filtros-p3-maxima-protecao-respiratoria-para-ambientes-de-alto-risco\/#primaryimage"},"image":{"@id":"https:\/\/www.gvs.com.br\/safety\/2026\/01\/21\/respirador-elipse-full-face-com-filtros-p3-maxima-protecao-respiratoria-para-ambientes-de-alto-risco\/#primaryimage"},"thumbnailUrl":"https:\/\/www.gvs.com.br\/safety\/wp-content\/uploads\/2025\/12\/BANNER-BLOG.png","datePublished":"2026-01-21T09:00:00+00:00","description":"O Respirador Elipse\u00ae Full Face com Filtros P3 \u00e9 um equipamento de prote\u00e7\u00e3o respirat\u00f3ria projetado para proteger o profissional contra particulados diversos.","breadcrumb":{"@id":"https:\/\/www.gvs.com.br\/safety\/2026\/01\/21\/respirador-elipse-full-face-com-filtros-p3-maxima-protecao-respiratoria-para-ambientes-de-alto-risco\/#breadcrumb"},"inLanguage":"pt-BR","potentialAction":[{"@type":"ReadAction","target":["https:\/\/www.gvs.com.br\/safety\/2026\/01\/21\/respirador-elipse-full-face-com-filtros-p3-maxima-protecao-respiratoria-para-ambientes-de-alto-risco\/"]}]},{"@type":"ImageObject","inLanguage":"pt-BR","@id":"https:\/\/www.gvs.com.br\/safety\/2026\/01\/21\/respirador-elipse-full-face-com-filtros-p3-maxima-protecao-respiratoria-para-ambientes-de-alto-risco\/#primaryimage","url":"https:\/\/www.gvs.com.br\/safety\/wp-content\/uploads\/2025\/12\/BANNER-BLOG.png","contentUrl":"https:\/\/www.gvs.com.br\/safety\/wp-content\/uploads\/2025\/12\/BANNER-BLOG.png","width":1920,"height":1080},{"@type":"BreadcrumbList","@id":"https:\/\/www.gvs.com.br\/safety\/2026\/01\/21\/respirador-elipse-full-face-com-filtros-p3-maxima-protecao-respiratoria-para-ambientes-de-alto-risco\/#breadcrumb","itemListElement":[{"@type":"ListItem","position":1,"name":"In\u00edcio","item":"https:\/\/www.gvs.com.br\/safety\/"},{"@type":"ListItem","position":2,"name":"Respirador Elipse\u00ae Full Face com Filtros P3: m\u00e1xima prote\u00e7\u00e3o respirat\u00f3ria para ambientes de alto risco."}]},{"@type":"WebSite","@id":"https:\/\/www.gvs.com.br\/safety\/#website","url":"https:\/\/www.gvs.com.br\/safety\/","name":"Safety","description":"","publisher":{"@id":"https:\/\/www.gvs.com.br\/safety\/#organization"},"potentialAction":[{"@type":"SearchAction","target":{"@type":"EntryPoint","urlTemplate":"https:\/\/www.gvs.com.br\/safety\/?s={search_term_string}"},"query-input":{"@type":"PropertyValueSpecification","valueRequired":true,"valueName":"search_term_string"}}],"inLanguage":"pt-BR"},{"@type":"Organization","@id":"https:\/\/www.gvs.com.br\/safety\/#organization","name":"Safety","url":"https:\/\/www.gvs.com.br\/safety\/","logo":{"@type":"ImageObject","inLanguage":"pt-BR","@id":"https:\/\/www.gvs.com.br\/safety\/#\/schema\/logo\/image\/","url":"https:\/\/www.gvs.com.br\/safety\/wp-content\/uploads\/2024\/12\/Logo-GVS-Safety.png","contentUrl":"https:\/\/www.gvs.com.br\/safety\/wp-content\/uploads\/2024\/12\/Logo-GVS-Safety.png","width":1920,"height":1080,"caption":"Safety"},"image":{"@id":"https:\/\/www.gvs.com.br\/safety\/#\/schema\/logo\/image\/"}},{"@type":"Person","@id":"https:\/\/www.gvs.com.br\/safety\/#\/schema\/person\/369c6e3ee393f9b765fd5cefab76db91","name":"admin-dla3","image":{"@type":"ImageObject","inLanguage":"pt-BR","@id":"https:\/\/secure.gravatar.com\/avatar\/ad1c9d9708d64f615830e78264488f73aab12a9e3c19cc9a499967a57d52e788?s=96&d=mm&r=g","url":"https:\/\/secure.gravatar.com\/avatar\/ad1c9d9708d64f615830e78264488f73aab12a9e3c19cc9a499967a57d52e788?s=96&d=mm&r=g","contentUrl":"https:\/\/secure.gravatar.com\/avatar\/ad1c9d9708d64f615830e78264488f73aab12a9e3c19cc9a499967a57d52e788?s=96&d=mm&r=g","caption":"admin-dla3"},"url":"https:\/\/www.gvs.com.br\/safety\/author\/admin-dla3\/"}]}},"uagb_featured_image_src":{"full":["https:\/\/www.gvs.com.br\/safety\/wp-content\/uploads\/2025\/12\/BANNER-BLOG.png",1920,1080,false],"thumbnail":["https:\/\/www.gvs.com.br\/safety\/wp-content\/uploads\/2025\/12\/BANNER-BLOG-150x150.png",150,150,true],"medium":["https:\/\/www.gvs.com.br\/safety\/wp-content\/uploads\/2025\/12\/BANNER-BLOG-300x169.png",300,169,true],"medium_large":["https:\/\/www.gvs.com.br\/safety\/wp-content\/uploads\/2025\/12\/BANNER-BLOG-768x432.png",768,432,true],"large":["https:\/\/www.gvs.com.br\/safety\/wp-content\/uploads\/2025\/12\/BANNER-BLOG-1024x576.png",1024,576,true],"1536x1536":["https:\/\/www.gvs.com.br\/safety\/wp-content\/uploads\/2025\/12\/BANNER-BLOG-1536x864.png",1536,864,true],"2048x2048":["https:\/\/www.gvs.com.br\/safety\/wp-content\/uploads\/2025\/12\/BANNER-BLOG.png",1920,1080,false]},"uagb_author_info":{"display_name":"admin-dla3","author_link":"https:\/\/www.gvs.com.br\/safety\/author\/admin-dla3\/"},"uagb_comment_info":0,"uagb_excerpt":"Respirador Elipse\u00ae Full Face com Filtros P3: m\u00e1xima prote\u00e7\u00e3o respirat\u00f3ria para ambientes de alto risco. O uso de Equipamentos de [&hellip;]","_links":{"self":[{"href":"https:\/\/www.gvs.com.br\/safety\/wp-json\/wp\/v2\/posts\/3043","targetHints":{"allow":["GET"]}}],"collection":[{"href":"https:\/\/www.gvs.com.br\/safety\/wp-json\/wp\/v2\/posts"}],"about":[{"href":"https:\/\/www.gvs.com.br\/safety\/wp-json\/wp\/v2\/types\/post"}],"author":[{"embeddable":true,"href":"https:\/\/www.gvs.com.br\/safety\/wp-json\/wp\/v2\/users\/3"}],"replies":[{"embeddable":true,"href":"https:\/\/www.gvs.com.br\/safety\/wp-json\/wp\/v2\/comments?post=3043"}],"version-history":[{"count":1,"href":"https:\/\/www.gvs.com.br\/safety\/wp-json\/wp\/v2\/posts\/3043\/revisions"}],"predecessor-version":[{"id":3047,"href":"https:\/\/www.gvs.com.br\/safety\/wp-json\/wp\/v2\/posts\/3043\/revisions\/3047"}],"wp:featuredmedia":[{"embeddable":true,"href":"https:\/\/www.gvs.com.br\/safety\/wp-json\/wp\/v2\/media\/3044"}],"wp:attachment":[{"href":"https:\/\/www.gvs.com.br\/safety\/wp-json\/wp\/v2\/media?parent=3043"}],"wp:term":[{"taxonomy":"category","embeddable":true,"href":"https:\/\/www.gvs.com.br\/safety\/wp-json\/wp\/v2\/categories?post=3043"},{"taxonomy":"post_tag","embeddable":true,"href":"https:\/\/www.gvs.com.br\/safety\/wp-json\/wp\/v2\/tags?post=3043"}],"curies":[{"name":"wp","href":"https:\/\/api.w.org\/{rel}","templated":true}]}}