{"id":3020,"date":"2025-10-15T09:00:00","date_gmt":"2025-10-15T09:00:00","guid":{"rendered":"https:\/\/www.gvs.com.br\/safety\/?p=3020"},"modified":"2025-09-25T20:49:08","modified_gmt":"2025-09-25T20:49:08","slug":"respirador-elipse-fullface-a1p3","status":"publish","type":"post","link":"https:\/\/www.gvs.com.br\/safety\/2025\/10\/15\/respirador-elipse-fullface-a1p3\/","title":{"rendered":"Respirador Elipse\u00ae Full Face A1P3: prote\u00e7\u00e3o completa e conforto para profissionais"},"content":{"rendered":"\n<div class=\"wp-block-uagb-container uagb-block-2d8af228 alignfull uagb-is-root-container\"><div class=\"uagb-container-inner-blocks-wrap\">\n<div class=\"wp-block-uagb-advanced-heading uagb-block-d00b05fd\"><h2 class=\"uagb-heading-text\">Respirador Elipse\u00ae Full Face A1P3: prote\u00e7\u00e3o completa e conforto para profissionais<\/h2><\/div>\n<\/div><\/div>\n\n\n\n<p><\/p>\n\n\n\n<p class=\"has-text-align-justify has-text-align-justify\">Em setores que exigem prote\u00e7\u00e3o, a seguran\u00e7a do trabalhador depende diretamente do uso de Equipamentos de Prote\u00e7\u00e3o Respirat\u00f3ria de alta qualidade. O Respirador Elipse\u00ae Full Face A1P3 foi desenvolvido para oferecer m\u00e1xima prote\u00e7\u00e3o contra part\u00edculas, gases e vapores, sem abrir m\u00e3o do conforto e da praticidade. Reconhecido por sua efici\u00eancia e durabilidade, o equipamento \u00e9 indispens\u00e1vel em ambientes que exigem alto desempenho e seguran\u00e7a cont\u00ednua.<\/p>\n\n\n\n<div class=\"wp-block-uagb-container uagb-block-9fd3f5ad alignfull uagb-is-root-container\"><div class=\"uagb-container-inner-blocks-wrap\">\n<div class=\"wp-block-uagb-container uagb-block-eada94eb\"><\/div>\n\n\n\n<div class=\"wp-block-uagb-container uagb-block-de22ea3a\">\n<div class=\"wp-block-uagb-image uagb-block-973530e1 wp-block-uagb-image--layout-default wp-block-uagb-image--effect-static wp-block-uagb-image--align-none\"><figure class=\"wp-block-uagb-image__figure\"><img decoding=\"async\" srcset=\"https:\/\/www.gvs.com.br\/safety\/wp-content\/uploads\/2025\/05\/Full-Face-com-Filtros-A1P3.png ,https:\/\/www.gvs.com.br\/safety\/wp-content\/uploads\/2025\/05\/Full-Face-com-Filtros-A1P3.png 780w, https:\/\/www.gvs.com.br\/safety\/wp-content\/uploads\/2025\/05\/Full-Face-com-Filtros-A1P3.png 360w\" sizes=\"auto, (max-width: 480px) 150px\" src=\"https:\/\/www.gvs.com.br\/safety\/wp-content\/uploads\/2025\/05\/Full-Face-com-Filtros-A1P3.png\" alt=\"\" class=\"uag-image-1926\" width=\"1000\" height=\"1000\" title=\"Full Face com Filtros A1P3\" loading=\"lazy\" role=\"img\"\/><\/figure><\/div>\n<\/div>\n\n\n\n<div class=\"wp-block-uagb-container uagb-block-da393d4c\"><\/div>\n<\/div><\/div>\n\n\n\n<h2 class=\"wp-block-heading\"><strong><strong><strong><strong>O que \u00e9 o Respirador Elipse\u00ae Full Face A1P3, para que serve e como funciona?<\/strong><\/strong><\/strong><\/strong><\/h2>\n\n\n\n<p class=\"has-text-align-justify has-text-align-justify\">O Respirador Elipse\u00ae Full Face com filtros A1P3 \u00e9 um equipamento projetado para proteger o usu\u00e1rio contra part\u00edculas s\u00f3lidas, fumos met\u00e1licos, poeiras t\u00f3xicas, gases e vapores org\u00e2nicos.<\/p>\n\n\n\n<div class=\"wp-block-uagb-advanced-heading uagb-block-2c5a860b\"><h2 class=\"uagb-heading-text\">Seu funcionamento combina:<\/h2><\/div>\n\n\n\n<p class=\"has-text-align-justify has-text-align-justify\">Filtro P3: prote\u00e7\u00e3o avan\u00e7ada contra part\u00edculas, do tipo mec\u00e2nico plissado HESPA, capaz de reter mais de 99,95% das part\u00edculas com tamanho de at\u00e9 0,3 \u03bcm. Essa tecnologia garante prote\u00e7\u00e3o contra poeiras finas, fumos met\u00e1licos, n\u00e9voas e aeross\u00f3is perigosos, comuns em atividades como soldagem, retifica\u00e7\u00e3o, lixamento e constru\u00e7\u00e3o civil. Sua alta efici\u00eancia proporciona seguran\u00e7a respirat\u00f3ria em ambientes cr\u00edticos, reduzindo os riscos de inala\u00e7\u00e3o de subst\u00e2ncias prejudiciais \u00e0 sa\u00fade.<br>Essa combina\u00e7\u00e3o oferece uma prote\u00e7\u00e3o dupla e abrangente, permitindo que o respirador seja utilizado com seguran\u00e7a em ambientes onde diferentes tipos de contaminantes est\u00e3o presentes ao mesmo tempo.<br>A veda\u00e7\u00e3o facial em silicone m\u00e9dico proporciona conforto, enquanto a viseira em policarbonato amplia a visibilidade sem comprometer a seguran\u00e7a. O design de perfil baixo reduz a fadiga do usu\u00e1rio e permite compatibilidade com a maioria dos capacetes de seguran\u00e7a.<\/p>\n\n\n\n<p>Filtro A1: seguran\u00e7a contra gases e vapores org\u00e2nicos, utiliza carv\u00e3o ativado tratado para adsor\u00e7\u00e3o de gases e vapores org\u00e2nicos presentes em solventes, tintas, adesivos e pesticidas. Essa barreira qu\u00edmica protege o usu\u00e1rio em diferentes cen\u00e1rios de risco, como manufatura, setor automotivo, ind\u00fastria naval e agricultura. Al\u00e9m da prote\u00e7\u00e3o qu\u00edmica, o filtro foi projetado para difundir o fluxo de ar, garantindo melhor aproveitamento do carv\u00e3o ativado e prolongando a efici\u00eancia do sistema de filtra\u00e7\u00e3o.<\/p>\n\n\n\n<div class=\"wp-block-uagb-container uagb-block-2414cc93 alignfull uagb-is-root-container\"><div class=\"uagb-container-inner-blocks-wrap\">\n<div class=\"wp-block-uagb-container uagb-block-55cd2221\"><\/div>\n\n\n\n<div class=\"wp-block-uagb-container uagb-block-98d49d8f\">\n<div class=\"wp-block-uagb-image uagb-block-f817272a wp-block-uagb-image--layout-default wp-block-uagb-image--effect-static wp-block-uagb-image--align-none\"><figure class=\"wp-block-uagb-image__figure\"><img decoding=\"async\" srcset=\"https:\/\/www.gvs.com.br\/safety\/wp-content\/uploads\/2025\/09\/CARROZZERIA-A1P3-30-1-1024x683.jpg ,https:\/\/www.gvs.com.br\/safety\/wp-content\/uploads\/2025\/09\/CARROZZERIA-A1P3-30-1.jpg 780w, https:\/\/www.gvs.com.br\/safety\/wp-content\/uploads\/2025\/09\/CARROZZERIA-A1P3-30-1.jpg 360w\" sizes=\"auto, (max-width: 480px) 150px\" src=\"https:\/\/www.gvs.com.br\/safety\/wp-content\/uploads\/2025\/09\/CARROZZERIA-A1P3-30-1-1024x683.jpg\" alt=\"\" class=\"uag-image-3023\" width=\"1024\" height=\"683\" title=\"CARROZZERIA-A1P3-30 (1)\" loading=\"lazy\" role=\"img\"\/><\/figure><\/div>\n<\/div>\n\n\n\n<div class=\"wp-block-uagb-container uagb-block-58947b23\"><\/div>\n<\/div><\/div>\n\n\n\n<div class=\"wp-block-uagb-advanced-heading uagb-block-ce891c24\"><h2 class=\"uagb-heading-text\">Benef\u00edcios e Vantagens<\/h2><\/div>\n\n\n\n<p>O Respirador Elipse\u00ae Full Face A1P3 foi desenvolvido para superar as exig\u00eancias da rotina em ambientes desafiadores. Entre seus principais diferenciais, destacam-se:<\/p>\n\n\n\n<ul class=\"wp-block-list\">\n<li>Prote\u00e7\u00e3o avan\u00e7ada: contra part\u00edculas e gases.<\/li>\n\n\n\n<li>Campo de vis\u00e3o ampliado: gra\u00e7as ao design de filtros de perfil baixo.<\/li>\n\n\n\n<li>Conforto prolongado: com veda\u00e7\u00e3o facial em silicone macio e encaixe seguro.<\/li>\n\n\n\n<li>Leveza (apenas 526 g): reduzindo o cansa\u00e7o durante longas jornadas.<\/li>\n\n\n\n<li>Baixa manuten\u00e7\u00e3o: sem necessidade de ferramentas para desmontagem e limpeza.<\/li>\n\n\n\n<li>Durabilidade e resist\u00eancia: com vida \u00fatil de at\u00e9 5 anos (m\u00e1scara e filtros, seguindo condi\u00e7\u00f5es de armazenamento).<\/li>\n\n\n\n<li>Compatibilidade: com filtros de reposi\u00e7\u00e3o A1P3.<\/li>\n<\/ul>\n\n\n\n<div class=\"wp-block-uagb-advanced-heading uagb-block-a569c408\"><h2 class=\"uagb-heading-text\">\u00c1reas de Aplica\u00e7\u00e3o<\/h2><\/div>\n\n\n\n<p>O Respirador Elipse\u00ae Full Face A1P3 \u00e9 indicado para diversos setores industriais, incluindo:<\/p>\n\n\n\n<ul class=\"wp-block-list\">\n<li>Agricultura: barreira eficaz contra pesticidas.<\/li>\n\n\n\n<li>Soldagem e retifica\u00e7\u00e3o: prote\u00e7\u00e3o contra fumos e p\u00f3s met\u00e1licos.<\/li>\n\n\n\n<li>Constru\u00e7\u00e3o civil: bloqueio de poeiras, tintas e mofos.<\/li>\n\n\n\n<li>Manufatura: seguran\u00e7a contra solventes e gases org\u00e2nicos.<\/li>\n\n\n\n<li>Automotivo e naval: prote\u00e7\u00e3o em processos com adesivos, tintas e solventes.<\/li>\n<\/ul>\n\n\n\n<div class=\"wp-block-uagb-separator uagb-block-1f7568bb\"><div class=\"uagb-separator-spacing-wrapper\"><div class=\"wp-block-uagb-separator__inner\" style=\"--my-background-image:\"><\/div><\/div><\/div>\n\n\n\n<div class=\"wp-block-uagb-container uagb-block-aaadcd32 alignfull uagb-is-root-container\"><div class=\"uagb-container-inner-blocks-wrap\">\n<div class=\"wp-block-uagb-container uagb-block-34535d19\"><\/div>\n\n\n\n<div class=\"wp-block-uagb-container uagb-block-68ebbb65\">\n<div class=\"wp-block-uagb-image uagb-block-a24b206d wp-block-uagb-image--layout-default wp-block-uagb-image--effect-static wp-block-uagb-image--align-none\"><figure class=\"wp-block-uagb-image__figure\"><img decoding=\"async\" srcset=\"https:\/\/www.gvs.com.br\/safety\/wp-content\/uploads\/2025\/09\/AGRICOLTURA-A1P3-02-1024x683.jpg ,https:\/\/www.gvs.com.br\/safety\/wp-content\/uploads\/2025\/09\/AGRICOLTURA-A1P3-02.jpg 780w, https:\/\/www.gvs.com.br\/safety\/wp-content\/uploads\/2025\/09\/AGRICOLTURA-A1P3-02.jpg 360w\" sizes=\"auto, (max-width: 480px) 150px\" src=\"https:\/\/www.gvs.com.br\/safety\/wp-content\/uploads\/2025\/09\/AGRICOLTURA-A1P3-02-1024x683.jpg\" alt=\"\" class=\"uag-image-3021\" width=\"1024\" height=\"683\" title=\"AGRICOLTURA-A1P3-02\" loading=\"lazy\" role=\"img\"\/><\/figure><\/div>\n<\/div>\n\n\n\n<div class=\"wp-block-uagb-container uagb-block-d94d4ca4\"><\/div>\n<\/div><\/div>\n\n\n\n<div class=\"wp-block-uagb-advanced-heading uagb-block-2ebece97\"><h2 class=\"uagb-heading-text\">Por que escolher o Respirador Elipse\u00ae Full Face A1P3 da GVS?<\/h2><\/div>\n\n\n\n<p>A GVS \u00e9 refer\u00eancia global em solu\u00e7\u00f5es de filtra\u00e7\u00e3o e seguran\u00e7a respirat\u00f3ria, unindo inova\u00e7\u00e3o tecnol\u00f3gica e qualidade certificada. Ao optar pelo Respirador Elipse\u00ae Full Face A1P3, profissionais garantem:<\/p>\n\n\n\n<ul class=\"wp-block-list\">\n<li>Confiabilidade de uma marca l\u00edder em prote\u00e7\u00e3o industrial.<\/li>\n\n\n\n<li>Produto certificado e testado para m\u00e1xima efici\u00eancia.<\/li>\n\n\n\n<li>Disponibilidade de filtros de reposi\u00e7\u00e3o originais, assegurando maior economia e praticidade.<\/li>\n<\/ul>\n\n\n\n<p>O Respirador Elipse\u00ae Full Face A1P3 \u00e9 a escolha ideal para profissionais que exigem seguran\u00e7a, conforto e desempenho em ambientes desafiadores. Com tecnologia de filtra\u00e7\u00e3o avan\u00e7ada, design ergon\u00f4mico e certifica\u00e7\u00f5es que garantem confian\u00e7a, o equipamento se destaca como uma solu\u00e7\u00e3o completa para prote\u00e7\u00e3o respirat\u00f3ria.<br><strong>Dispon\u00edvel agora no Brasil. Consulte o nosso time.<\/strong><\/p>\n\n\n\n<div class=\"wp-block-uagb-advanced-heading uagb-block-d3a633df\"><h2 class=\"uagb-heading-text\">Acreditamos em proteger voc\u00ea para os melhores momentos da vida!<\/h2><\/div>\n\n\n\n<p>Criamos solu\u00e7\u00f5es de prote\u00e7\u00e3o respirat\u00f3ria que tornam voc\u00ea e sua equipe mais seguros, para que todos possam voltar para casa no final de cada dia, seguros, saud\u00e1veis e capazes de fazer aquilo que mais importa.<\/p>\n\n\n\n<div class=\"wp-block-uagb-call-to-action uagb-block-e6f6b3df wp-block-button\"><div class=\"uagb-cta__wrap\"><h3 class=\"uagb-cta__title\">Fale com a gente!<\/h3><p class=\"uagb-cta__desc\">Entre em contato com o nosso time hoje mesmo, esclare\u00e7a as suas d\u00favidas e&nbsp;<strong>solicite a sua cota\u00e7\u00e3o!<\/strong><\/p><\/div><div class=\"uagb-cta__buttons\"><a href=\"https:\/\/wa.me\/551938797222\" class=\"uagb-cta__button-link-wrapper wp-block-button__link\" target=\"_self\" rel=\"noopener noreferrer\"><svg xmlns=\"https:\/\/www.w3.org\/2000\/svg\" viewBox=\"0 0 448 512\"><path d=\"M380.9 97.1C339 55.1 283.2 32 223.9 32c-122.4 0-222 99.6-222 222 0 39.1 10.2 77.3 29.6 111L0 480l117.7-30.9c32.4 17.7 68.9 27 106.1 27h.1c122.3 0 224.1-99.6 224.1-222 0-59.3-25.2-115-67.1-157zm-157 341.6c-33.2 0-65.7-8.9-94-25.7l-6.7-4-69.8 18.3L72 359.2l-4.4-7c-18.5-29.4-28.2-63.3-28.2-98.2 0-101.7 82.8-184.5 184.6-184.5 49.3 0 95.6 19.2 130.4 54.1 34.8 34.9 56.2 81.2 56.1 130.5 0 101.8-84.9 184.6-186.6 184.6zm101.2-138.2c-5.5-2.8-32.8-16.2-37.9-18-5.1-1.9-8.8-2.8-12.5 2.8-3.7 5.6-14.3 18-17.6 21.8-3.2 3.7-6.5 4.2-12 1.4-32.6-16.3-54-29.1-75.5-66-5.7-9.8 5.7-9.1 16.3-30.3 1.8-3.7 .9-6.9-.5-9.7-1.4-2.8-12.5-30.1-17.1-41.2-4.5-10.8-9.1-9.3-12.5-9.5-3.2-.2-6.9-.2-10.6-.2-3.7 0-9.7 1.4-14.8 6.9-5.1 5.6-19.4 19-19.4 46.3 0 27.3 19.9 53.7 22.6 57.4 2.8 3.7 39.1 59.7 94.8 83.8 35.2 15.2 49 16.5 66.6 13.9 10.7-1.6 32.8-13.4 37.4-26.4 4.6-13 4.6-24.1 3.2-26.4-1.3-2.5-5-3.9-10.5-6.6z\"><\/path><\/svg>WhatsApp<\/a><\/div><\/div>\n\n\n\n<div class=\"wp-block-uagb-separator uagb-block-b8b79ce8\"><div class=\"uagb-separator-spacing-wrapper\"><div class=\"wp-block-uagb-separator__inner\" style=\"--my-background-image:\"><\/div><\/div><\/div>\n\n\n\n<div class=\"wp-block-uagb-container uagb-block-c0c1a3e3 alignfull uagb-is-root-container\"><div class=\"uagb-container-inner-blocks-wrap\">\n<div class=\"wp-block-uagb-advanced-heading uagb-block-ad5e840a\"><h2 class=\"uagb-heading-text\"><strong>Conhe\u00e7a todas as solu\u00e7\u00f5es de prote\u00e7\u00e3o respirat\u00f3ria da GVS e encontre o modelo ideal para sua aplica\u00e7\u00e3o.<\/strong><\/h2><\/div>\n<\/div><\/div>\n\n\n\n<div class=\"wp-block-uagb-separator uagb-block-96e52944\"><div class=\"uagb-separator-spacing-wrapper\"><div class=\"wp-block-uagb-separator__inner\" style=\"--my-background-image:\"><\/div><\/div><\/div>\n\n\n\n<div class=\"wp-block-uagb-call-to-action uagb-block-bf9c28ce wp-block-button\"><div class=\"uagb-cta__wrap\"><h3 class=\"uagb-cta__title\">Fique por dentro das novidades!<\/h3><p class=\"uagb-cta__desc\">Acompanhe nossa jornada de inova\u00e7\u00e3o e saiba mais sobre nossos produtos, acesse <strong>Safety da GVS.<\/strong><\/p><\/div><div class=\"uagb-cta__buttons\"><a href=\"https:\/\/www.gvs.com.br\/safety\" class=\"uagb-cta__button-link-wrapper wp-block-button__link\" target=\"_self\" rel=\"noopener noreferrer\">Acesse o site<\/a><\/div><\/div>\n\n\n\n<p><\/p>\n","protected":false},"excerpt":{"rendered":"<p>Respirador Elipse\u00ae Full Face A1P3: prote\u00e7\u00e3o completa e conforto para profissionais Em setores que exigem prote\u00e7\u00e3o, a seguran\u00e7a do trabalhador [&hellip;]<\/p>\n","protected":false},"author":3,"featured_media":3022,"comment_status":"open","ping_status":"open","sticky":false,"template":"","format":"standard","meta":{"_uag_custom_page_level_css":"","site-sidebar-layout":"default","site-content-layout":"","ast-site-content-layout":"","site-content-style":"default","site-sidebar-style":"default","ast-global-header-display":"","ast-banner-title-visibility":"","ast-main-header-display":"","ast-hfb-above-header-display":"","ast-hfb-below-header-display":"","ast-hfb-mobile-header-display":"","site-post-title":"disabled","ast-breadcrumbs-content":"","ast-featured-img":"disabled","footer-sml-layout":"","ast-disable-related-posts":"","theme-transparent-header-meta":"","adv-header-id-meta":"","stick-header-meta":"","header-above-stick-meta":"","header-main-stick-meta":"","header-below-stick-meta":"","astra-migrate-meta-layouts":"default","ast-page-background-enabled":"default","ast-page-background-meta":{"desktop":{"background-color":"var(--ast-global-color-4)","background-image":"","background-repeat":"repeat","background-position":"center center","background-size":"auto","background-attachment":"scroll","background-type":"","background-media":"","overlay-type":"","overlay-color":"","overlay-opacity":"","overlay-gradient":""},"tablet":{"background-color":"","background-image":"","background-repeat":"repeat","background-position":"center center","background-size":"auto","background-attachment":"scroll","background-type":"","background-media":"","overlay-type":"","overlay-color":"","overlay-opacity":"","overlay-gradient":""},"mobile":{"background-color":"","background-image":"","background-repeat":"repeat","background-position":"center center","background-size":"auto","background-attachment":"scroll","background-type":"","background-media":"","overlay-type":"","overlay-color":"","overlay-opacity":"","overlay-gradient":""}},"ast-content-background-meta":{"desktop":{"background-color":"var(--ast-global-color-5)","background-image":"","background-repeat":"repeat","background-position":"center center","background-size":"auto","background-attachment":"scroll","background-type":"","background-media":"","overlay-type":"","overlay-color":"","overlay-opacity":"","overlay-gradient":""},"tablet":{"background-color":"var(--ast-global-color-5)","background-image":"","background-repeat":"repeat","background-position":"center center","background-size":"auto","background-attachment":"scroll","background-type":"","background-media":"","overlay-type":"","overlay-color":"","overlay-opacity":"","overlay-gradient":""},"mobile":{"background-color":"var(--ast-global-color-5)","background-image":"","background-repeat":"repeat","background-position":"center center","background-size":"auto","background-attachment":"scroll","background-type":"","background-media":"","overlay-type":"","overlay-color":"","overlay-opacity":"","overlay-gradient":""}},"footnotes":""},"categories":[11,38,5],"tags":[39,34,17,15,16],"class_list":["post-3020","post","type-post","status-publish","format-standard","has-post-thumbnail","hentry","category-ajuste-apertado","category-full-face","category-safety","tag-antiodor","tag-elipse","tag-produtos-gvs","tag-protecao-respiratoria","tag-safety"],"yoast_head":"<!-- This site is optimized with the Yoast SEO plugin v27.2 - https:\/\/yoast.com\/product\/yoast-seo-wordpress\/ -->\n<title>Respirador Elipse\u00ae Full Face A1P3 GVS<\/title>\n<meta name=\"description\" content=\"O Respirador Elipse\u00ae Full Face com filtros A1P3 \u00e9 um equipamento projetado para proteger o usu\u00e1rio contra part\u00edculas s\u00f3lidas, fumos met\u00e1licos, poeiras t\u00f3xicas, gases e vapores org\u00e2nicos\" \/>\n<meta name=\"robots\" content=\"index, follow, max-snippet:-1, max-image-preview:large, max-video-preview:-1\" \/>\n<link rel=\"canonical\" href=\"https:\/\/www.gvs.com.br\/safety\/2025\/10\/15\/respirador-elipse-fullface-a1p3\/\" \/>\n<meta property=\"og:locale\" content=\"pt_BR\" \/>\n<meta property=\"og:type\" content=\"article\" \/>\n<meta property=\"og:title\" content=\"Respirador Elipse\u00ae Full Face A1P3 GVS\" \/>\n<meta property=\"og:description\" content=\"O Respirador Elipse\u00ae Full Face com filtros A1P3 \u00e9 um equipamento projetado para proteger o usu\u00e1rio contra part\u00edculas s\u00f3lidas, fumos met\u00e1licos, poeiras t\u00f3xicas, gases e vapores org\u00e2nicos\" \/>\n<meta property=\"og:url\" content=\"https:\/\/www.gvs.com.br\/safety\/2025\/10\/15\/respirador-elipse-fullface-a1p3\/\" \/>\n<meta property=\"og:site_name\" content=\"Safety\" \/>\n<meta property=\"article:published_time\" content=\"2025-10-15T09:00:00+00:00\" \/>\n<meta property=\"og:image\" content=\"https:\/\/www.gvs.com.br\/safety\/wp-content\/uploads\/2025\/09\/BANNER-BLOG-A1P3.png\" \/>\n\t<meta property=\"og:image:width\" content=\"1920\" \/>\n\t<meta property=\"og:image:height\" content=\"1080\" \/>\n\t<meta property=\"og:image:type\" content=\"image\/png\" \/>\n<meta name=\"author\" content=\"admin-dla3\" \/>\n<meta name=\"twitter:card\" content=\"summary_large_image\" \/>\n<meta name=\"twitter:label1\" content=\"Escrito por\" \/>\n\t<meta name=\"twitter:data1\" content=\"admin-dla3\" \/>\n\t<meta name=\"twitter:label2\" content=\"Est. tempo de leitura\" \/>\n\t<meta name=\"twitter:data2\" content=\"5 minutos\" \/>\n<script type=\"application\/ld+json\" class=\"yoast-schema-graph\">{\"@context\":\"https:\/\/schema.org\",\"@graph\":[{\"@type\":\"Article\",\"@id\":\"https:\/\/www.gvs.com.br\/safety\/2025\/10\/15\/respirador-elipse-fullface-a1p3\/#article\",\"isPartOf\":{\"@id\":\"https:\/\/www.gvs.com.br\/safety\/2025\/10\/15\/respirador-elipse-fullface-a1p3\/\"},\"author\":{\"name\":\"admin-dla3\",\"@id\":\"https:\/\/www.gvs.com.br\/safety\/#\/schema\/person\/369c6e3ee393f9b765fd5cefab76db91\"},\"headline\":\"Respirador Elipse\u00ae Full Face A1P3: prote\u00e7\u00e3o completa e conforto para profissionais\",\"datePublished\":\"2025-10-15T09:00:00+00:00\",\"mainEntityOfPage\":{\"@id\":\"https:\/\/www.gvs.com.br\/safety\/2025\/10\/15\/respirador-elipse-fullface-a1p3\/\"},\"wordCount\":839,\"commentCount\":0,\"publisher\":{\"@id\":\"https:\/\/www.gvs.com.br\/safety\/#organization\"},\"image\":{\"@id\":\"https:\/\/www.gvs.com.br\/safety\/2025\/10\/15\/respirador-elipse-fullface-a1p3\/#primaryimage\"},\"thumbnailUrl\":\"https:\/\/www.gvs.com.br\/safety\/wp-content\/uploads\/2025\/09\/BANNER-BLOG-A1P3.png\",\"keywords\":[\"Antiodor\",\"Elipse\",\"Produtos GVS\",\"Prote\u00e7\u00e3o Respirat\u00f3ria\",\"Safety\"],\"articleSection\":[\"Ajuste Apertado\",\"Full Face\",\"Safety\"],\"inLanguage\":\"pt-BR\",\"potentialAction\":[{\"@type\":\"CommentAction\",\"name\":\"Comment\",\"target\":[\"https:\/\/www.gvs.com.br\/safety\/2025\/10\/15\/respirador-elipse-fullface-a1p3\/#respond\"]}]},{\"@type\":\"WebPage\",\"@id\":\"https:\/\/www.gvs.com.br\/safety\/2025\/10\/15\/respirador-elipse-fullface-a1p3\/\",\"url\":\"https:\/\/www.gvs.com.br\/safety\/2025\/10\/15\/respirador-elipse-fullface-a1p3\/\",\"name\":\"Respirador Elipse\u00ae Full Face A1P3 GVS\",\"isPartOf\":{\"@id\":\"https:\/\/www.gvs.com.br\/safety\/#website\"},\"primaryImageOfPage\":{\"@id\":\"https:\/\/www.gvs.com.br\/safety\/2025\/10\/15\/respirador-elipse-fullface-a1p3\/#primaryimage\"},\"image\":{\"@id\":\"https:\/\/www.gvs.com.br\/safety\/2025\/10\/15\/respirador-elipse-fullface-a1p3\/#primaryimage\"},\"thumbnailUrl\":\"https:\/\/www.gvs.com.br\/safety\/wp-content\/uploads\/2025\/09\/BANNER-BLOG-A1P3.png\",\"datePublished\":\"2025-10-15T09:00:00+00:00\",\"description\":\"O Respirador Elipse\u00ae Full Face com filtros A1P3 \u00e9 um equipamento projetado para proteger o usu\u00e1rio contra part\u00edculas s\u00f3lidas, fumos met\u00e1licos, poeiras t\u00f3xicas, gases e vapores org\u00e2nicos\",\"breadcrumb\":{\"@id\":\"https:\/\/www.gvs.com.br\/safety\/2025\/10\/15\/respirador-elipse-fullface-a1p3\/#breadcrumb\"},\"inLanguage\":\"pt-BR\",\"potentialAction\":[{\"@type\":\"ReadAction\",\"target\":[\"https:\/\/www.gvs.com.br\/safety\/2025\/10\/15\/respirador-elipse-fullface-a1p3\/\"]}]},{\"@type\":\"ImageObject\",\"inLanguage\":\"pt-BR\",\"@id\":\"https:\/\/www.gvs.com.br\/safety\/2025\/10\/15\/respirador-elipse-fullface-a1p3\/#primaryimage\",\"url\":\"https:\/\/www.gvs.com.br\/safety\/wp-content\/uploads\/2025\/09\/BANNER-BLOG-A1P3.png\",\"contentUrl\":\"https:\/\/www.gvs.com.br\/safety\/wp-content\/uploads\/2025\/09\/BANNER-BLOG-A1P3.png\",\"width\":1920,\"height\":1080},{\"@type\":\"BreadcrumbList\",\"@id\":\"https:\/\/www.gvs.com.br\/safety\/2025\/10\/15\/respirador-elipse-fullface-a1p3\/#breadcrumb\",\"itemListElement\":[{\"@type\":\"ListItem\",\"position\":1,\"name\":\"In\u00edcio\",\"item\":\"https:\/\/www.gvs.com.br\/safety\/\"},{\"@type\":\"ListItem\",\"position\":2,\"name\":\"Respirador Elipse\u00ae Full Face A1P3: prote\u00e7\u00e3o completa e conforto para profissionais\"}]},{\"@type\":\"WebSite\",\"@id\":\"https:\/\/www.gvs.com.br\/safety\/#website\",\"url\":\"https:\/\/www.gvs.com.br\/safety\/\",\"name\":\"Safety\",\"description\":\"\",\"publisher\":{\"@id\":\"https:\/\/www.gvs.com.br\/safety\/#organization\"},\"potentialAction\":[{\"@type\":\"SearchAction\",\"target\":{\"@type\":\"EntryPoint\",\"urlTemplate\":\"https:\/\/www.gvs.com.br\/safety\/?s={search_term_string}\"},\"query-input\":{\"@type\":\"PropertyValueSpecification\",\"valueRequired\":true,\"valueName\":\"search_term_string\"}}],\"inLanguage\":\"pt-BR\"},{\"@type\":\"Organization\",\"@id\":\"https:\/\/www.gvs.com.br\/safety\/#organization\",\"name\":\"Safety\",\"url\":\"https:\/\/www.gvs.com.br\/safety\/\",\"logo\":{\"@type\":\"ImageObject\",\"inLanguage\":\"pt-BR\",\"@id\":\"https:\/\/www.gvs.com.br\/safety\/#\/schema\/logo\/image\/\",\"url\":\"https:\/\/www.gvs.com.br\/safety\/wp-content\/uploads\/2024\/12\/Logo-GVS-Safety.png\",\"contentUrl\":\"https:\/\/www.gvs.com.br\/safety\/wp-content\/uploads\/2024\/12\/Logo-GVS-Safety.png\",\"width\":1920,\"height\":1080,\"caption\":\"Safety\"},\"image\":{\"@id\":\"https:\/\/www.gvs.com.br\/safety\/#\/schema\/logo\/image\/\"}},{\"@type\":\"Person\",\"@id\":\"https:\/\/www.gvs.com.br\/safety\/#\/schema\/person\/369c6e3ee393f9b765fd5cefab76db91\",\"name\":\"admin-dla3\",\"image\":{\"@type\":\"ImageObject\",\"inLanguage\":\"pt-BR\",\"@id\":\"https:\/\/secure.gravatar.com\/avatar\/ad1c9d9708d64f615830e78264488f73aab12a9e3c19cc9a499967a57d52e788?s=96&d=mm&r=g\",\"url\":\"https:\/\/secure.gravatar.com\/avatar\/ad1c9d9708d64f615830e78264488f73aab12a9e3c19cc9a499967a57d52e788?s=96&d=mm&r=g\",\"contentUrl\":\"https:\/\/secure.gravatar.com\/avatar\/ad1c9d9708d64f615830e78264488f73aab12a9e3c19cc9a499967a57d52e788?s=96&d=mm&r=g\",\"caption\":\"admin-dla3\"},\"url\":\"https:\/\/www.gvs.com.br\/safety\/author\/admin-dla3\/\"}]}<\/script>\n<!-- \/ Yoast SEO plugin. -->","yoast_head_json":{"title":"Respirador Elipse\u00ae Full Face A1P3 GVS","description":"O Respirador Elipse\u00ae Full Face com filtros A1P3 \u00e9 um equipamento projetado para proteger o usu\u00e1rio contra part\u00edculas s\u00f3lidas, fumos met\u00e1licos, poeiras t\u00f3xicas, gases e vapores org\u00e2nicos","robots":{"index":"index","follow":"follow","max-snippet":"max-snippet:-1","max-image-preview":"max-image-preview:large","max-video-preview":"max-video-preview:-1"},"canonical":"https:\/\/www.gvs.com.br\/safety\/2025\/10\/15\/respirador-elipse-fullface-a1p3\/","og_locale":"pt_BR","og_type":"article","og_title":"Respirador Elipse\u00ae Full Face A1P3 GVS","og_description":"O Respirador Elipse\u00ae Full Face com filtros A1P3 \u00e9 um equipamento projetado para proteger o usu\u00e1rio contra part\u00edculas s\u00f3lidas, fumos met\u00e1licos, poeiras t\u00f3xicas, gases e vapores org\u00e2nicos","og_url":"https:\/\/www.gvs.com.br\/safety\/2025\/10\/15\/respirador-elipse-fullface-a1p3\/","og_site_name":"Safety","article_published_time":"2025-10-15T09:00:00+00:00","og_image":[{"width":1920,"height":1080,"url":"https:\/\/www.gvs.com.br\/safety\/wp-content\/uploads\/2025\/09\/BANNER-BLOG-A1P3.png","type":"image\/png"}],"author":"admin-dla3","twitter_card":"summary_large_image","twitter_misc":{"Escrito por":"admin-dla3","Est. tempo de leitura":"5 minutos"},"schema":{"@context":"https:\/\/schema.org","@graph":[{"@type":"Article","@id":"https:\/\/www.gvs.com.br\/safety\/2025\/10\/15\/respirador-elipse-fullface-a1p3\/#article","isPartOf":{"@id":"https:\/\/www.gvs.com.br\/safety\/2025\/10\/15\/respirador-elipse-fullface-a1p3\/"},"author":{"name":"admin-dla3","@id":"https:\/\/www.gvs.com.br\/safety\/#\/schema\/person\/369c6e3ee393f9b765fd5cefab76db91"},"headline":"Respirador Elipse\u00ae Full Face A1P3: prote\u00e7\u00e3o completa e conforto para profissionais","datePublished":"2025-10-15T09:00:00+00:00","mainEntityOfPage":{"@id":"https:\/\/www.gvs.com.br\/safety\/2025\/10\/15\/respirador-elipse-fullface-a1p3\/"},"wordCount":839,"commentCount":0,"publisher":{"@id":"https:\/\/www.gvs.com.br\/safety\/#organization"},"image":{"@id":"https:\/\/www.gvs.com.br\/safety\/2025\/10\/15\/respirador-elipse-fullface-a1p3\/#primaryimage"},"thumbnailUrl":"https:\/\/www.gvs.com.br\/safety\/wp-content\/uploads\/2025\/09\/BANNER-BLOG-A1P3.png","keywords":["Antiodor","Elipse","Produtos GVS","Prote\u00e7\u00e3o Respirat\u00f3ria","Safety"],"articleSection":["Ajuste Apertado","Full Face","Safety"],"inLanguage":"pt-BR","potentialAction":[{"@type":"CommentAction","name":"Comment","target":["https:\/\/www.gvs.com.br\/safety\/2025\/10\/15\/respirador-elipse-fullface-a1p3\/#respond"]}]},{"@type":"WebPage","@id":"https:\/\/www.gvs.com.br\/safety\/2025\/10\/15\/respirador-elipse-fullface-a1p3\/","url":"https:\/\/www.gvs.com.br\/safety\/2025\/10\/15\/respirador-elipse-fullface-a1p3\/","name":"Respirador Elipse\u00ae Full Face A1P3 GVS","isPartOf":{"@id":"https:\/\/www.gvs.com.br\/safety\/#website"},"primaryImageOfPage":{"@id":"https:\/\/www.gvs.com.br\/safety\/2025\/10\/15\/respirador-elipse-fullface-a1p3\/#primaryimage"},"image":{"@id":"https:\/\/www.gvs.com.br\/safety\/2025\/10\/15\/respirador-elipse-fullface-a1p3\/#primaryimage"},"thumbnailUrl":"https:\/\/www.gvs.com.br\/safety\/wp-content\/uploads\/2025\/09\/BANNER-BLOG-A1P3.png","datePublished":"2025-10-15T09:00:00+00:00","description":"O Respirador Elipse\u00ae Full Face com filtros A1P3 \u00e9 um equipamento projetado para proteger o usu\u00e1rio contra part\u00edculas s\u00f3lidas, fumos met\u00e1licos, poeiras t\u00f3xicas, gases e vapores org\u00e2nicos","breadcrumb":{"@id":"https:\/\/www.gvs.com.br\/safety\/2025\/10\/15\/respirador-elipse-fullface-a1p3\/#breadcrumb"},"inLanguage":"pt-BR","potentialAction":[{"@type":"ReadAction","target":["https:\/\/www.gvs.com.br\/safety\/2025\/10\/15\/respirador-elipse-fullface-a1p3\/"]}]},{"@type":"ImageObject","inLanguage":"pt-BR","@id":"https:\/\/www.gvs.com.br\/safety\/2025\/10\/15\/respirador-elipse-fullface-a1p3\/#primaryimage","url":"https:\/\/www.gvs.com.br\/safety\/wp-content\/uploads\/2025\/09\/BANNER-BLOG-A1P3.png","contentUrl":"https:\/\/www.gvs.com.br\/safety\/wp-content\/uploads\/2025\/09\/BANNER-BLOG-A1P3.png","width":1920,"height":1080},{"@type":"BreadcrumbList","@id":"https:\/\/www.gvs.com.br\/safety\/2025\/10\/15\/respirador-elipse-fullface-a1p3\/#breadcrumb","itemListElement":[{"@type":"ListItem","position":1,"name":"In\u00edcio","item":"https:\/\/www.gvs.com.br\/safety\/"},{"@type":"ListItem","position":2,"name":"Respirador Elipse\u00ae Full Face A1P3: prote\u00e7\u00e3o completa e conforto para profissionais"}]},{"@type":"WebSite","@id":"https:\/\/www.gvs.com.br\/safety\/#website","url":"https:\/\/www.gvs.com.br\/safety\/","name":"Safety","description":"","publisher":{"@id":"https:\/\/www.gvs.com.br\/safety\/#organization"},"potentialAction":[{"@type":"SearchAction","target":{"@type":"EntryPoint","urlTemplate":"https:\/\/www.gvs.com.br\/safety\/?s={search_term_string}"},"query-input":{"@type":"PropertyValueSpecification","valueRequired":true,"valueName":"search_term_string"}}],"inLanguage":"pt-BR"},{"@type":"Organization","@id":"https:\/\/www.gvs.com.br\/safety\/#organization","name":"Safety","url":"https:\/\/www.gvs.com.br\/safety\/","logo":{"@type":"ImageObject","inLanguage":"pt-BR","@id":"https:\/\/www.gvs.com.br\/safety\/#\/schema\/logo\/image\/","url":"https:\/\/www.gvs.com.br\/safety\/wp-content\/uploads\/2024\/12\/Logo-GVS-Safety.png","contentUrl":"https:\/\/www.gvs.com.br\/safety\/wp-content\/uploads\/2024\/12\/Logo-GVS-Safety.png","width":1920,"height":1080,"caption":"Safety"},"image":{"@id":"https:\/\/www.gvs.com.br\/safety\/#\/schema\/logo\/image\/"}},{"@type":"Person","@id":"https:\/\/www.gvs.com.br\/safety\/#\/schema\/person\/369c6e3ee393f9b765fd5cefab76db91","name":"admin-dla3","image":{"@type":"ImageObject","inLanguage":"pt-BR","@id":"https:\/\/secure.gravatar.com\/avatar\/ad1c9d9708d64f615830e78264488f73aab12a9e3c19cc9a499967a57d52e788?s=96&d=mm&r=g","url":"https:\/\/secure.gravatar.com\/avatar\/ad1c9d9708d64f615830e78264488f73aab12a9e3c19cc9a499967a57d52e788?s=96&d=mm&r=g","contentUrl":"https:\/\/secure.gravatar.com\/avatar\/ad1c9d9708d64f615830e78264488f73aab12a9e3c19cc9a499967a57d52e788?s=96&d=mm&r=g","caption":"admin-dla3"},"url":"https:\/\/www.gvs.com.br\/safety\/author\/admin-dla3\/"}]}},"uagb_featured_image_src":{"full":["https:\/\/www.gvs.com.br\/safety\/wp-content\/uploads\/2025\/09\/BANNER-BLOG-A1P3.png",1920,1080,false],"thumbnail":["https:\/\/www.gvs.com.br\/safety\/wp-content\/uploads\/2025\/09\/BANNER-BLOG-A1P3-150x150.png",150,150,true],"medium":["https:\/\/www.gvs.com.br\/safety\/wp-content\/uploads\/2025\/09\/BANNER-BLOG-A1P3-300x169.png",300,169,true],"medium_large":["https:\/\/www.gvs.com.br\/safety\/wp-content\/uploads\/2025\/09\/BANNER-BLOG-A1P3-768x432.png",768,432,true],"large":["https:\/\/www.gvs.com.br\/safety\/wp-content\/uploads\/2025\/09\/BANNER-BLOG-A1P3-1024x576.png",1024,576,true],"1536x1536":["https:\/\/www.gvs.com.br\/safety\/wp-content\/uploads\/2025\/09\/BANNER-BLOG-A1P3-1536x864.png",1536,864,true],"2048x2048":["https:\/\/www.gvs.com.br\/safety\/wp-content\/uploads\/2025\/09\/BANNER-BLOG-A1P3.png",1920,1080,false]},"uagb_author_info":{"display_name":"admin-dla3","author_link":"https:\/\/www.gvs.com.br\/safety\/author\/admin-dla3\/"},"uagb_comment_info":0,"uagb_excerpt":"Respirador Elipse\u00ae Full Face A1P3: prote\u00e7\u00e3o completa e conforto para profissionais Em setores que exigem prote\u00e7\u00e3o, a seguran\u00e7a do trabalhador [&hellip;]","_links":{"self":[{"href":"https:\/\/www.gvs.com.br\/safety\/wp-json\/wp\/v2\/posts\/3020","targetHints":{"allow":["GET"]}}],"collection":[{"href":"https:\/\/www.gvs.com.br\/safety\/wp-json\/wp\/v2\/posts"}],"about":[{"href":"https:\/\/www.gvs.com.br\/safety\/wp-json\/wp\/v2\/types\/post"}],"author":[{"embeddable":true,"href":"https:\/\/www.gvs.com.br\/safety\/wp-json\/wp\/v2\/users\/3"}],"replies":[{"embeddable":true,"href":"https:\/\/www.gvs.com.br\/safety\/wp-json\/wp\/v2\/comments?post=3020"}],"version-history":[{"count":2,"href":"https:\/\/www.gvs.com.br\/safety\/wp-json\/wp\/v2\/posts\/3020\/revisions"}],"predecessor-version":[{"id":3029,"href":"https:\/\/www.gvs.com.br\/safety\/wp-json\/wp\/v2\/posts\/3020\/revisions\/3029"}],"wp:featuredmedia":[{"embeddable":true,"href":"https:\/\/www.gvs.com.br\/safety\/wp-json\/wp\/v2\/media\/3022"}],"wp:attachment":[{"href":"https:\/\/www.gvs.com.br\/safety\/wp-json\/wp\/v2\/media?parent=3020"}],"wp:term":[{"taxonomy":"category","embeddable":true,"href":"https:\/\/www.gvs.com.br\/safety\/wp-json\/wp\/v2\/categories?post=3020"},{"taxonomy":"post_tag","embeddable":true,"href":"https:\/\/www.gvs.com.br\/safety\/wp-json\/wp\/v2\/tags?post=3020"}],"curies":[{"name":"wp","href":"https:\/\/api.w.org\/{rel}","templated":true}]}}