{"id":2998,"date":"2025-01-12T19:13:00","date_gmt":"2025-01-12T19:13:00","guid":{"rendered":"https:\/\/www.gvs.com.br\/safety\/?p=2998"},"modified":"2025-09-11T19:44:51","modified_gmt":"2025-09-11T19:44:51","slug":"t-link-mascara-de-protecao-para-pintura","status":"publish","type":"post","link":"https:\/\/www.gvs.com.br\/safety\/2025\/01\/12\/t-link-mascara-de-protecao-para-pintura\/","title":{"rendered":"T-Link: m\u00e1scara de prote\u00e7\u00e3o para pintura, confort\u00e1vel e flex\u00edvel"},"content":{"rendered":"\n<div class=\"wp-block-uagb-container uagb-block-2d8af228 alignfull uagb-is-root-container\"><div class=\"uagb-container-inner-blocks-wrap\">\n<div class=\"wp-block-uagb-advanced-heading uagb-block-88fad113\"><h2 class=\"uagb-heading-text\"><strong>T-Link: m\u00e1scara de prote\u00e7\u00e3o para <\/strong><br><strong>pintura, confort\u00e1vel e flex\u00edvel<\/strong><\/h2><\/div>\n\n\n\n<p class=\"has-ast-global-color-5-color has-text-color has-link-color wp-elements-49fe6522495ca0061c494c9751190941\"><strong>Respirador flex\u00edvel que aumenta a seguran\u00e7a e a produtividade do trabalhador<\/strong><\/p>\n<\/div><\/div>\n\n\n\n<p><\/p>\n\n\n\n<p>A m\u00e1scara de prote\u00e7\u00e3o para pintura \u00e9 um EPI essencial, pois, apesar de ser considerada uma atividade comum em muitos setores industriais, como constru\u00e7\u00e3o civil e trabalhos art\u00edsticos, a pintura, uma tarefa aparentemente simples, pode expor os trabalhadores a diversos perigos.<\/p>\n\n\n\n<p>Por isso, utilizar um equipamento prestativo, como uma m\u00e1scara de prote\u00e7\u00e3o para pintura adequada, \u00e9 fundamental para garantir a sa\u00fade e a seguran\u00e7a dos trabalhadores desse ramo.<\/p>\n\n\n\n<p>Neste texto, abordaremos a import\u00e2ncia de uma m\u00e1scara de prote\u00e7\u00e3o para pintura ser flex\u00edvel, bem como, os perigos que esse tipo de trabalho pode provocar ao trabalhador.<\/p>\n\n\n\n<p>Continue acompanhando para entender a fundo cada detalhe que circula esse ramo, e conhecer um equipamento espec\u00edfico para trabalhos de pintura e metaliza\u00e7\u00e3o.<\/p>\n\n\n\n<h2 class=\"wp-block-heading\">Por que uma m\u00e1scara de prote\u00e7\u00e3o para pintura precisa ser flex\u00edvel?<\/h2>\n\n\n\n<p>Primeiramente, voc\u00ea precisa entender porque esse equipamento precisa ser confort\u00e1vel e leve para esse tipo de tarefa.<\/p>\n\n\n\n<p>Abaixo, est\u00e3o algumas vantagens de escolher uma m\u00e1scara de prote\u00e7\u00e3o para pintura flex\u00edvel. Confira:<\/p>\n\n\n\n<ul class=\"wp-block-list\">\n<li><strong>Adapta\u00e7\u00e3o ao rosto<\/strong><\/li>\n<\/ul>\n\n\n\n<p>A flexibilidade de uma\u00a0<a href=\"https:\/\/www.gvs.com.br\/safety\/produtos\/\" target=\"_blank\" rel=\"noreferrer noopener\">m\u00e1scara de prote\u00e7\u00e3o<\/a>\u00a0\u00e9 crucial para que ela se adapte ao formato do rosto do pintor. Um ajuste adequado garante que a m\u00e1scara cubra completamente o nariz e a boca, impedindo a entrada de part\u00edculas nocivas presentes no ambiente de pintura.<\/p>\n\n\n\n<ul class=\"wp-block-list\">\n<li><strong>Conforto durante o uso<\/strong><\/li>\n<\/ul>\n\n\n\n<p>Isso torna a m\u00e1scara mais confort\u00e1vel para uso prolongado. Pinturas podem levar horas, e uma m\u00e1scara r\u00edgida pode causar desconforto e irrita\u00e7\u00e3o na pele, resultando em ajustes frequentes ou, at\u00e9 mesmo na remo\u00e7\u00e3o da prote\u00e7\u00e3o, aumentando os riscos para o pintor.<\/p>\n\n\n\n<ul class=\"wp-block-list\">\n<li><strong>Facilidade de movimenta\u00e7\u00e3o<\/strong><\/li>\n<\/ul>\n\n\n\n<p>Permite que o pintor tenha ampla liberdade de movimentos durante a pintura. Isso \u00e9, especialmente em trabalhos que exigem movimentos precisos e detalhados, como a pintura art\u00edstica, para que a m\u00e1scara n\u00e3o atrapalhe o desempenho do profissional.<\/p>\n\n\n\n<ul class=\"wp-block-list\">\n<li><strong>Veda\u00e7\u00e3o eficiente<\/strong><\/li>\n<\/ul>\n\n\n\n<p>Ajuda na veda\u00e7\u00e3o adequada da m\u00e1scara ao redor do rosto do pintor. Uma veda\u00e7\u00e3o eficiente \u00e9 crucial para evitar a entrada de poeiras, vapores de tintas, solventes e outros agentes t\u00f3xicos no sistema respirat\u00f3rio do trabalhador.<\/p>\n\n\n\n<figure class=\"wp-block-image aligncenter size-large\"><img loading=\"lazy\" decoding=\"async\" width=\"1024\" height=\"323\" src=\"https:\/\/www.gvs.com.br\/safety\/wp-content\/uploads\/2025\/09\/blog-4-meio-1-1024x323.png\" alt=\"\" class=\"wp-image-3016\" srcset=\"https:\/\/www.gvs.com.br\/safety\/wp-content\/uploads\/2025\/09\/blog-4-meio-1-1024x323.png 1024w, https:\/\/www.gvs.com.br\/safety\/wp-content\/uploads\/2025\/09\/blog-4-meio-1-300x95.png 300w, https:\/\/www.gvs.com.br\/safety\/wp-content\/uploads\/2025\/09\/blog-4-meio-1-768x242.png 768w, https:\/\/www.gvs.com.br\/safety\/wp-content\/uploads\/2025\/09\/blog-4-meio-1.png 1110w\" sizes=\"auto, (max-width: 1024px) 100vw, 1024px\" \/><\/figure>\n\n\n\n<h2 class=\"wp-block-heading\">Quais s\u00e3o os perigos que trabalhos de pintura podem provocar ao trabalhador?<\/h2>\n\n\n\n<p>No t\u00f3pico anterior, voc\u00ea viu os motivos que levam uma m\u00e1scara de prote\u00e7\u00e3o para pintura flex\u00edvel ser a melhor escolha.<\/p>\n\n\n\n<p>Agora, est\u00e1 na hora de saber quais s\u00e3o os perigos enfrentados pelo trabalhador nas tarefas de pintura e metaliza\u00e7\u00e3o dentro de uma empresa.<\/p>\n\n\n\n<p>Veja a quais riscos os funcion\u00e1rios ficam expostos nessas atividades:<\/p>\n\n\n\n<ul class=\"wp-block-list\">\n<li><strong>Inala\u00e7\u00e3o de vapores t\u00f3xicos<\/strong><\/li>\n<\/ul>\n\n\n\n<p>Tintas e solventes utilizados na pintura emitem vapores qu\u00edmicos que podem ser inalados pelo pintor. A exposi\u00e7\u00e3o a esses vapores pode causar irrita\u00e7\u00f5es respirat\u00f3rias, tonturas, dores de cabe\u00e7a e at\u00e9 afetar \u00f3rg\u00e3os internos.<\/p>\n\n\n\n<ul class=\"wp-block-list\">\n<li><strong>Exposi\u00e7\u00e3o a part\u00edculas suspensas<\/strong><\/li>\n<\/ul>\n\n\n\n<p>Durante a pintura, pequenas part\u00edculas de tinta e poeira ficam suspensas no ar. A inala\u00e7\u00e3o dessas part\u00edculas pode levar a problemas respirat\u00f3rios, alergias e danos pulmonares a longo prazo.<\/p>\n\n\n\n<ul class=\"wp-block-list\">\n<li><strong>Riscos cut\u00e2neos<\/strong><\/li>\n<\/ul>\n\n\n\n<p>O contato direto com tintas e solventes pode causar irrita\u00e7\u00f5es e dermatites na pele do pintor. Al\u00e9m disso, algumas tintas cont\u00eam subst\u00e2ncias t\u00f3xicas que podem ser absorvidas pela pele, causando efeitos adversos \u00e0 sa\u00fade.<\/p>\n\n\n\n<ul class=\"wp-block-list\">\n<li><strong>Impacto nos olhos<\/strong><\/li>\n<\/ul>\n\n\n\n<p>Salpicos de tinta podem atingir os olhos do pintor, causando irrita\u00e7\u00f5es ou les\u00f5es oculares. Sendo assim, algumas tintas liberam vapores que irritam os olhos e prejudicam a vis\u00e3o.<\/p>\n\n\n\n<p>O uso de uma m\u00e1scara de prote\u00e7\u00e3o adequada e flex\u00edvel \u00e9 imprescind\u00edvel para a seguran\u00e7a do pintor durante o trabalho.<\/p>\n\n\n\n<p>Essa prote\u00e7\u00e3o eficaz previne a exposi\u00e7\u00e3o a vapores t\u00f3xicos, part\u00edculas suspensas e outros perigos que podem afetar a sa\u00fade do profissional a curto e longo prazo.<\/p>\n\n\n\n<p>Afinal, a flexibilidade da m\u00e1scara garante conforto e facilidade de movimenta\u00e7\u00e3o, permitindo ao pintor executar suas tarefas com efici\u00eancia e seguran\u00e7a.<\/p>\n\n\n\n<p>Dessa forma, investir em uma m\u00e1scara de prote\u00e7\u00e3o para pintura \u00e9 essencial para garantir um ambiente de trabalho saud\u00e1vel e protegido para os profissionais dessa \u00e1rea.<\/p>\n\n\n\n<h2 class=\"wp-block-heading\">T-200: respirador purificador de ar motorizado<\/h2>\n\n\n\n<p>O\u00a0<a href=\"https:\/\/www.gvs.com.br\/safety\/produtos-ajuste-solto-gvs-t200-respirador\/\" target=\"_blank\" rel=\"noreferrer noopener\">respirador T-200 da GVS<\/a>\u00a0faz parte da linha T-Link e, \u00e9 um equipamento purificador de ar motorizado.<\/p>\n\n\n\n<p>Foi projetado exclusivamente para facilitar a locomo\u00e7\u00e3o, com o conforto como foco principal, aumentando a seguran\u00e7a e a produtividade em todos os aspectos.<\/p>\n\n\n\n<p>Pode ser utilizado nas \u00e1reas da sa\u00fade, fabrica\u00e7\u00e3o farmac\u00eautica, qu\u00edmica, pesticidas, pintura, revestimento, lixamento e muito mais.<\/p>\n\n\n\n<p>Ficou interessado nesse produto? Ent\u00e3o, acesse o site da GVS e conhe\u00e7a, tamb\u00e9m, outras\u00a0<a href=\"https:\/\/www.gvs.com.br\/safety\/industrias\/\" target=\"_blank\" rel=\"noreferrer noopener\">solu\u00e7\u00f5es \u00fateis para a seguran\u00e7a na sua ind\u00fastria<\/a>.<\/p>\n\n\n\n<p>Desenvolvemos muitos equipamentos de prote\u00e7\u00e3o, como: m\u00e1scaras leves e compactas, e respiradores com roupa de prote\u00e7\u00e3o.<\/p>\n\n\n\n<p>Acesse todo o nosso cat\u00e1logo de produtos e confira as\u00a0<a href=\"https:\/\/www.gvs.com.br\/safety\/suporte\/\" target=\"_blank\" rel=\"noreferrer noopener\">solu\u00e7\u00f5es filtrantes Safety.<\/a><\/p>\n\n\n\n<p>Mas, se desejar pesquisar mais informa\u00e7\u00f5es e ficar por dentro de cada assunto detalhadamente, leia mais textos em nosso blog. Nele, publicamos artigos completos sobre como\u00a0<a href=\"https:\/\/www.gvs.com.br\/safety\/blog\/\" target=\"_blank\" rel=\"noreferrer noopener\">fortalecer a seguran\u00e7a do trabalho<\/a>\u00a0e preservar a sa\u00fade de todos os funcion\u00e1rios.<\/p>\n\n\n\n<div class=\"wp-block-uagb-separator uagb-block-12928a3d\"><div class=\"uagb-separator-spacing-wrapper\"><div class=\"wp-block-uagb-separator__inner\" style=\"--my-background-image:\"><\/div><\/div><\/div>\n\n\n\n<div class=\"wp-block-uagb-advanced-heading uagb-block-37689345\"><h2 class=\"uagb-heading-text\"><strong>Acreditamos em proteger voc\u00ea para os melhores momentos da vida!<\/strong><\/h2><\/div>\n\n\n\n<p>Criamos solu\u00e7\u00f5es de prote\u00e7\u00e3o respirat\u00f3ria que tornam voc\u00ea e sua equipe mais seguros, para que todos possam voltar para casa no final de cada dia, seguros, saud\u00e1veis e capazes de fazer aquilo que mais importa.<\/p>\n\n\n\n<div class=\"wp-block-uagb-separator uagb-block-b8b79ce8\"><div class=\"uagb-separator-spacing-wrapper\"><div class=\"wp-block-uagb-separator__inner\" style=\"--my-background-image:\"><\/div><\/div><\/div>\n\n\n\n<div class=\"wp-block-uagb-call-to-action uagb-block-e6f6b3df wp-block-button\"><div class=\"uagb-cta__wrap\"><h3 class=\"uagb-cta__title\">Fale com a gente!<\/h3><p class=\"uagb-cta__desc\">Entre em contato com o nosso time hoje mesmo, esclare\u00e7a as suas d\u00favidas e&nbsp;<strong>solicite a sua cota\u00e7\u00e3o!<\/strong><\/p><\/div><div class=\"uagb-cta__buttons\"><a href=\"https:\/\/wa.me\/551938797222\" class=\"uagb-cta__button-link-wrapper wp-block-button__link\" target=\"_self\" rel=\"noopener noreferrer\"><svg xmlns=\"https:\/\/www.w3.org\/2000\/svg\" viewBox=\"0 0 448 512\"><path d=\"M380.9 97.1C339 55.1 283.2 32 223.9 32c-122.4 0-222 99.6-222 222 0 39.1 10.2 77.3 29.6 111L0 480l117.7-30.9c32.4 17.7 68.9 27 106.1 27h.1c122.3 0 224.1-99.6 224.1-222 0-59.3-25.2-115-67.1-157zm-157 341.6c-33.2 0-65.7-8.9-94-25.7l-6.7-4-69.8 18.3L72 359.2l-4.4-7c-18.5-29.4-28.2-63.3-28.2-98.2 0-101.7 82.8-184.5 184.6-184.5 49.3 0 95.6 19.2 130.4 54.1 34.8 34.9 56.2 81.2 56.1 130.5 0 101.8-84.9 184.6-186.6 184.6zm101.2-138.2c-5.5-2.8-32.8-16.2-37.9-18-5.1-1.9-8.8-2.8-12.5 2.8-3.7 5.6-14.3 18-17.6 21.8-3.2 3.7-6.5 4.2-12 1.4-32.6-16.3-54-29.1-75.5-66-5.7-9.8 5.7-9.1 16.3-30.3 1.8-3.7 .9-6.9-.5-9.7-1.4-2.8-12.5-30.1-17.1-41.2-4.5-10.8-9.1-9.3-12.5-9.5-3.2-.2-6.9-.2-10.6-.2-3.7 0-9.7 1.4-14.8 6.9-5.1 5.6-19.4 19-19.4 46.3 0 27.3 19.9 53.7 22.6 57.4 2.8 3.7 39.1 59.7 94.8 83.8 35.2 15.2 49 16.5 66.6 13.9 10.7-1.6 32.8-13.4 37.4-26.4 4.6-13 4.6-24.1 3.2-26.4-1.3-2.5-5-3.9-10.5-6.6z\"><\/path><\/svg>WhatsApp<\/a><\/div><\/div>\n\n\n\n<div class=\"wp-block-uagb-separator uagb-block-96e52944\"><div class=\"uagb-separator-spacing-wrapper\"><div class=\"wp-block-uagb-separator__inner\" style=\"--my-background-image:\"><\/div><\/div><\/div>\n\n\n\n<div class=\"wp-block-uagb-call-to-action uagb-block-bf9c28ce wp-block-button\"><div class=\"uagb-cta__wrap\"><h3 class=\"uagb-cta__title\">Fique por dentro das novidades!<\/h3><p class=\"uagb-cta__desc\">Acompanhe nossa jornada de inova\u00e7\u00e3o e saiba mais sobre nossos produtos, acesse <strong>Safety da GVS.<\/strong><\/p><\/div><div class=\"uagb-cta__buttons\"><a href=\"https:\/\/www.gvs.com.br\/safety\" class=\"uagb-cta__button-link-wrapper wp-block-button__link\" target=\"_self\" rel=\"noopener noreferrer\">Acesse o site<\/a><\/div><\/div>\n\n\n\n<p><\/p>\n","protected":false},"excerpt":{"rendered":"<p>T-Link: m\u00e1scara de prote\u00e7\u00e3o para pintura, confort\u00e1vel e flex\u00edvel Respirador flex\u00edvel que aumenta a seguran\u00e7a e a produtividade do trabalhador [&hellip;]<\/p>\n","protected":false},"author":2,"featured_media":3015,"comment_status":"open","ping_status":"open","sticky":false,"template":"","format":"standard","meta":{"_uag_custom_page_level_css":"","site-sidebar-layout":"default","site-content-layout":"","ast-site-content-layout":"","site-content-style":"default","site-sidebar-style":"default","ast-global-header-display":"","ast-banner-title-visibility":"","ast-main-header-display":"","ast-hfb-above-header-display":"","ast-hfb-below-header-display":"","ast-hfb-mobile-header-display":"","site-post-title":"disabled","ast-breadcrumbs-content":"","ast-featured-img":"","footer-sml-layout":"","ast-disable-related-posts":"","theme-transparent-header-meta":"","adv-header-id-meta":"","stick-header-meta":"","header-above-stick-meta":"","header-main-stick-meta":"","header-below-stick-meta":"","astra-migrate-meta-layouts":"default","ast-page-background-enabled":"default","ast-page-background-meta":{"desktop":{"background-color":"var(--ast-global-color-4)","background-image":"","background-repeat":"repeat","background-position":"center center","background-size":"auto","background-attachment":"scroll","background-type":"","background-media":"","overlay-type":"","overlay-color":"","overlay-opacity":"","overlay-gradient":""},"tablet":{"background-color":"","background-image":"","background-repeat":"repeat","background-position":"center center","background-size":"auto","background-attachment":"scroll","background-type":"","background-media":"","overlay-type":"","overlay-color":"","overlay-opacity":"","overlay-gradient":""},"mobile":{"background-color":"","background-image":"","background-repeat":"repeat","background-position":"center center","background-size":"auto","background-attachment":"scroll","background-type":"","background-media":"","overlay-type":"","overlay-color":"","overlay-opacity":"","overlay-gradient":""}},"ast-content-background-meta":{"desktop":{"background-color":"var(--ast-global-color-5)","background-image":"","background-repeat":"repeat","background-position":"center center","background-size":"auto","background-attachment":"scroll","background-type":"","background-media":"","overlay-type":"","overlay-color":"","overlay-opacity":"","overlay-gradient":""},"tablet":{"background-color":"var(--ast-global-color-5)","background-image":"","background-repeat":"repeat","background-position":"center center","background-size":"auto","background-attachment":"scroll","background-type":"","background-media":"","overlay-type":"","overlay-color":"","overlay-opacity":"","overlay-gradient":""},"mobile":{"background-color":"var(--ast-global-color-5)","background-image":"","background-repeat":"repeat","background-position":"center center","background-size":"auto","background-attachment":"scroll","background-type":"","background-media":"","overlay-type":"","overlay-color":"","overlay-opacity":"","overlay-gradient":""}},"footnotes":""},"categories":[5],"tags":[17,15,16],"class_list":["post-2998","post","type-post","status-publish","format-standard","has-post-thumbnail","hentry","category-safety","tag-produtos-gvs","tag-protecao-respiratoria","tag-safety"],"yoast_head":"<!-- This site is optimized with the Yoast SEO plugin v27.2 - https:\/\/yoast.com\/product\/yoast-seo-wordpress\/ -->\n<title>T-Link: m\u00e1scara de prote\u00e7\u00e3o para pintura<\/title>\n<meta name=\"description\" content=\"T-Link: m\u00e1scara de prote\u00e7\u00e3o para pintura, confort\u00e1vel e flex\u00edvel. Respirador flex\u00edvel que aumenta a seguran\u00e7a e a produtividade do trabalhador.\" \/>\n<meta name=\"robots\" content=\"index, follow, max-snippet:-1, max-image-preview:large, max-video-preview:-1\" \/>\n<link rel=\"canonical\" href=\"https:\/\/www.gvs.com.br\/safety\/2025\/01\/12\/t-link-mascara-de-protecao-para-pintura\/\" \/>\n<meta property=\"og:locale\" content=\"pt_BR\" \/>\n<meta property=\"og:type\" content=\"article\" \/>\n<meta property=\"og:title\" content=\"T-Link: m\u00e1scara de prote\u00e7\u00e3o para pintura\" \/>\n<meta property=\"og:description\" content=\"T-Link: m\u00e1scara de prote\u00e7\u00e3o para pintura, confort\u00e1vel e flex\u00edvel. Respirador flex\u00edvel que aumenta a seguran\u00e7a e a produtividade do trabalhador.\" \/>\n<meta property=\"og:url\" content=\"https:\/\/www.gvs.com.br\/safety\/2025\/01\/12\/t-link-mascara-de-protecao-para-pintura\/\" \/>\n<meta property=\"og:site_name\" content=\"Safety\" \/>\n<meta property=\"article:published_time\" content=\"2025-01-12T19:13:00+00:00\" \/>\n<meta property=\"article:modified_time\" content=\"2025-09-11T19:44:51+00:00\" \/>\n<meta property=\"og:image\" content=\"https:\/\/www.gvs.com.br\/safety\/wp-content\/uploads\/2025\/09\/blog-4-topo-1.png\" \/>\n\t<meta property=\"og:image:width\" content=\"1123\" \/>\n\t<meta property=\"og:image:height\" content=\"633\" \/>\n\t<meta property=\"og:image:type\" content=\"image\/png\" \/>\n<meta name=\"author\" content=\"admin-gvs\" \/>\n<meta name=\"twitter:card\" content=\"summary_large_image\" \/>\n<meta name=\"twitter:label1\" content=\"Escrito por\" \/>\n\t<meta name=\"twitter:data1\" content=\"admin-gvs\" \/>\n\t<meta name=\"twitter:label2\" content=\"Est. tempo de leitura\" \/>\n\t<meta name=\"twitter:data2\" content=\"6 minutos\" \/>\n<script type=\"application\/ld+json\" class=\"yoast-schema-graph\">{\"@context\":\"https:\/\/schema.org\",\"@graph\":[{\"@type\":\"Article\",\"@id\":\"https:\/\/www.gvs.com.br\/safety\/2025\/01\/12\/t-link-mascara-de-protecao-para-pintura\/#article\",\"isPartOf\":{\"@id\":\"https:\/\/www.gvs.com.br\/safety\/2025\/01\/12\/t-link-mascara-de-protecao-para-pintura\/\"},\"author\":{\"name\":\"admin-gvs\",\"@id\":\"https:\/\/www.gvs.com.br\/safety\/#\/schema\/person\/08f0e38941dafa538ee5706ec48fe5a1\"},\"headline\":\"T-Link: m\u00e1scara de prote\u00e7\u00e3o para pintura, confort\u00e1vel e flex\u00edvel\",\"datePublished\":\"2025-01-12T19:13:00+00:00\",\"dateModified\":\"2025-09-11T19:44:51+00:00\",\"mainEntityOfPage\":{\"@id\":\"https:\/\/www.gvs.com.br\/safety\/2025\/01\/12\/t-link-mascara-de-protecao-para-pintura\/\"},\"wordCount\":1024,\"commentCount\":0,\"publisher\":{\"@id\":\"https:\/\/www.gvs.com.br\/safety\/#organization\"},\"image\":{\"@id\":\"https:\/\/www.gvs.com.br\/safety\/2025\/01\/12\/t-link-mascara-de-protecao-para-pintura\/#primaryimage\"},\"thumbnailUrl\":\"https:\/\/www.gvs.com.br\/safety\/wp-content\/uploads\/2025\/09\/blog-4-topo-1.png\",\"keywords\":[\"Produtos GVS\",\"Prote\u00e7\u00e3o Respirat\u00f3ria\",\"Safety\"],\"articleSection\":[\"Safety\"],\"inLanguage\":\"pt-BR\",\"potentialAction\":[{\"@type\":\"CommentAction\",\"name\":\"Comment\",\"target\":[\"https:\/\/www.gvs.com.br\/safety\/2025\/01\/12\/t-link-mascara-de-protecao-para-pintura\/#respond\"]}]},{\"@type\":\"WebPage\",\"@id\":\"https:\/\/www.gvs.com.br\/safety\/2025\/01\/12\/t-link-mascara-de-protecao-para-pintura\/\",\"url\":\"https:\/\/www.gvs.com.br\/safety\/2025\/01\/12\/t-link-mascara-de-protecao-para-pintura\/\",\"name\":\"T-Link: m\u00e1scara de prote\u00e7\u00e3o para pintura\",\"isPartOf\":{\"@id\":\"https:\/\/www.gvs.com.br\/safety\/#website\"},\"primaryImageOfPage\":{\"@id\":\"https:\/\/www.gvs.com.br\/safety\/2025\/01\/12\/t-link-mascara-de-protecao-para-pintura\/#primaryimage\"},\"image\":{\"@id\":\"https:\/\/www.gvs.com.br\/safety\/2025\/01\/12\/t-link-mascara-de-protecao-para-pintura\/#primaryimage\"},\"thumbnailUrl\":\"https:\/\/www.gvs.com.br\/safety\/wp-content\/uploads\/2025\/09\/blog-4-topo-1.png\",\"datePublished\":\"2025-01-12T19:13:00+00:00\",\"dateModified\":\"2025-09-11T19:44:51+00:00\",\"description\":\"T-Link: m\u00e1scara de prote\u00e7\u00e3o para pintura, confort\u00e1vel e flex\u00edvel. Respirador flex\u00edvel que aumenta a seguran\u00e7a e a produtividade do trabalhador.\",\"breadcrumb\":{\"@id\":\"https:\/\/www.gvs.com.br\/safety\/2025\/01\/12\/t-link-mascara-de-protecao-para-pintura\/#breadcrumb\"},\"inLanguage\":\"pt-BR\",\"potentialAction\":[{\"@type\":\"ReadAction\",\"target\":[\"https:\/\/www.gvs.com.br\/safety\/2025\/01\/12\/t-link-mascara-de-protecao-para-pintura\/\"]}]},{\"@type\":\"ImageObject\",\"inLanguage\":\"pt-BR\",\"@id\":\"https:\/\/www.gvs.com.br\/safety\/2025\/01\/12\/t-link-mascara-de-protecao-para-pintura\/#primaryimage\",\"url\":\"https:\/\/www.gvs.com.br\/safety\/wp-content\/uploads\/2025\/09\/blog-4-topo-1.png\",\"contentUrl\":\"https:\/\/www.gvs.com.br\/safety\/wp-content\/uploads\/2025\/09\/blog-4-topo-1.png\",\"width\":1123,\"height\":633},{\"@type\":\"BreadcrumbList\",\"@id\":\"https:\/\/www.gvs.com.br\/safety\/2025\/01\/12\/t-link-mascara-de-protecao-para-pintura\/#breadcrumb\",\"itemListElement\":[{\"@type\":\"ListItem\",\"position\":1,\"name\":\"In\u00edcio\",\"item\":\"https:\/\/www.gvs.com.br\/safety\/\"},{\"@type\":\"ListItem\",\"position\":2,\"name\":\"T-Link: m\u00e1scara de prote\u00e7\u00e3o para pintura, confort\u00e1vel e flex\u00edvel\"}]},{\"@type\":\"WebSite\",\"@id\":\"https:\/\/www.gvs.com.br\/safety\/#website\",\"url\":\"https:\/\/www.gvs.com.br\/safety\/\",\"name\":\"Safety\",\"description\":\"\",\"publisher\":{\"@id\":\"https:\/\/www.gvs.com.br\/safety\/#organization\"},\"potentialAction\":[{\"@type\":\"SearchAction\",\"target\":{\"@type\":\"EntryPoint\",\"urlTemplate\":\"https:\/\/www.gvs.com.br\/safety\/?s={search_term_string}\"},\"query-input\":{\"@type\":\"PropertyValueSpecification\",\"valueRequired\":true,\"valueName\":\"search_term_string\"}}],\"inLanguage\":\"pt-BR\"},{\"@type\":\"Organization\",\"@id\":\"https:\/\/www.gvs.com.br\/safety\/#organization\",\"name\":\"Safety\",\"url\":\"https:\/\/www.gvs.com.br\/safety\/\",\"logo\":{\"@type\":\"ImageObject\",\"inLanguage\":\"pt-BR\",\"@id\":\"https:\/\/www.gvs.com.br\/safety\/#\/schema\/logo\/image\/\",\"url\":\"https:\/\/www.gvs.com.br\/safety\/wp-content\/uploads\/2024\/12\/Logo-GVS-Safety.png\",\"contentUrl\":\"https:\/\/www.gvs.com.br\/safety\/wp-content\/uploads\/2024\/12\/Logo-GVS-Safety.png\",\"width\":1920,\"height\":1080,\"caption\":\"Safety\"},\"image\":{\"@id\":\"https:\/\/www.gvs.com.br\/safety\/#\/schema\/logo\/image\/\"}},{\"@type\":\"Person\",\"@id\":\"https:\/\/www.gvs.com.br\/safety\/#\/schema\/person\/08f0e38941dafa538ee5706ec48fe5a1\",\"name\":\"admin-gvs\",\"image\":{\"@type\":\"ImageObject\",\"inLanguage\":\"pt-BR\",\"@id\":\"https:\/\/secure.gravatar.com\/avatar\/753807cf2c24e7c5051446eb4fc6c55657714e911f26a29329d9dc501ae35121?s=96&d=mm&r=g\",\"url\":\"https:\/\/secure.gravatar.com\/avatar\/753807cf2c24e7c5051446eb4fc6c55657714e911f26a29329d9dc501ae35121?s=96&d=mm&r=g\",\"contentUrl\":\"https:\/\/secure.gravatar.com\/avatar\/753807cf2c24e7c5051446eb4fc6c55657714e911f26a29329d9dc501ae35121?s=96&d=mm&r=g\",\"caption\":\"admin-gvs\"},\"url\":\"https:\/\/www.gvs.com.br\/safety\/author\/admin-gvs\/\"}]}<\/script>\n<!-- \/ Yoast SEO plugin. -->","yoast_head_json":{"title":"T-Link: m\u00e1scara de prote\u00e7\u00e3o para pintura","description":"T-Link: m\u00e1scara de prote\u00e7\u00e3o para pintura, confort\u00e1vel e flex\u00edvel. Respirador flex\u00edvel que aumenta a seguran\u00e7a e a produtividade do trabalhador.","robots":{"index":"index","follow":"follow","max-snippet":"max-snippet:-1","max-image-preview":"max-image-preview:large","max-video-preview":"max-video-preview:-1"},"canonical":"https:\/\/www.gvs.com.br\/safety\/2025\/01\/12\/t-link-mascara-de-protecao-para-pintura\/","og_locale":"pt_BR","og_type":"article","og_title":"T-Link: m\u00e1scara de prote\u00e7\u00e3o para pintura","og_description":"T-Link: m\u00e1scara de prote\u00e7\u00e3o para pintura, confort\u00e1vel e flex\u00edvel. Respirador flex\u00edvel que aumenta a seguran\u00e7a e a produtividade do trabalhador.","og_url":"https:\/\/www.gvs.com.br\/safety\/2025\/01\/12\/t-link-mascara-de-protecao-para-pintura\/","og_site_name":"Safety","article_published_time":"2025-01-12T19:13:00+00:00","article_modified_time":"2025-09-11T19:44:51+00:00","og_image":[{"width":1123,"height":633,"url":"https:\/\/www.gvs.com.br\/safety\/wp-content\/uploads\/2025\/09\/blog-4-topo-1.png","type":"image\/png"}],"author":"admin-gvs","twitter_card":"summary_large_image","twitter_misc":{"Escrito por":"admin-gvs","Est. tempo de leitura":"6 minutos"},"schema":{"@context":"https:\/\/schema.org","@graph":[{"@type":"Article","@id":"https:\/\/www.gvs.com.br\/safety\/2025\/01\/12\/t-link-mascara-de-protecao-para-pintura\/#article","isPartOf":{"@id":"https:\/\/www.gvs.com.br\/safety\/2025\/01\/12\/t-link-mascara-de-protecao-para-pintura\/"},"author":{"name":"admin-gvs","@id":"https:\/\/www.gvs.com.br\/safety\/#\/schema\/person\/08f0e38941dafa538ee5706ec48fe5a1"},"headline":"T-Link: m\u00e1scara de prote\u00e7\u00e3o para pintura, confort\u00e1vel e flex\u00edvel","datePublished":"2025-01-12T19:13:00+00:00","dateModified":"2025-09-11T19:44:51+00:00","mainEntityOfPage":{"@id":"https:\/\/www.gvs.com.br\/safety\/2025\/01\/12\/t-link-mascara-de-protecao-para-pintura\/"},"wordCount":1024,"commentCount":0,"publisher":{"@id":"https:\/\/www.gvs.com.br\/safety\/#organization"},"image":{"@id":"https:\/\/www.gvs.com.br\/safety\/2025\/01\/12\/t-link-mascara-de-protecao-para-pintura\/#primaryimage"},"thumbnailUrl":"https:\/\/www.gvs.com.br\/safety\/wp-content\/uploads\/2025\/09\/blog-4-topo-1.png","keywords":["Produtos GVS","Prote\u00e7\u00e3o Respirat\u00f3ria","Safety"],"articleSection":["Safety"],"inLanguage":"pt-BR","potentialAction":[{"@type":"CommentAction","name":"Comment","target":["https:\/\/www.gvs.com.br\/safety\/2025\/01\/12\/t-link-mascara-de-protecao-para-pintura\/#respond"]}]},{"@type":"WebPage","@id":"https:\/\/www.gvs.com.br\/safety\/2025\/01\/12\/t-link-mascara-de-protecao-para-pintura\/","url":"https:\/\/www.gvs.com.br\/safety\/2025\/01\/12\/t-link-mascara-de-protecao-para-pintura\/","name":"T-Link: m\u00e1scara de prote\u00e7\u00e3o para pintura","isPartOf":{"@id":"https:\/\/www.gvs.com.br\/safety\/#website"},"primaryImageOfPage":{"@id":"https:\/\/www.gvs.com.br\/safety\/2025\/01\/12\/t-link-mascara-de-protecao-para-pintura\/#primaryimage"},"image":{"@id":"https:\/\/www.gvs.com.br\/safety\/2025\/01\/12\/t-link-mascara-de-protecao-para-pintura\/#primaryimage"},"thumbnailUrl":"https:\/\/www.gvs.com.br\/safety\/wp-content\/uploads\/2025\/09\/blog-4-topo-1.png","datePublished":"2025-01-12T19:13:00+00:00","dateModified":"2025-09-11T19:44:51+00:00","description":"T-Link: m\u00e1scara de prote\u00e7\u00e3o para pintura, confort\u00e1vel e flex\u00edvel. Respirador flex\u00edvel que aumenta a seguran\u00e7a e a produtividade do trabalhador.","breadcrumb":{"@id":"https:\/\/www.gvs.com.br\/safety\/2025\/01\/12\/t-link-mascara-de-protecao-para-pintura\/#breadcrumb"},"inLanguage":"pt-BR","potentialAction":[{"@type":"ReadAction","target":["https:\/\/www.gvs.com.br\/safety\/2025\/01\/12\/t-link-mascara-de-protecao-para-pintura\/"]}]},{"@type":"ImageObject","inLanguage":"pt-BR","@id":"https:\/\/www.gvs.com.br\/safety\/2025\/01\/12\/t-link-mascara-de-protecao-para-pintura\/#primaryimage","url":"https:\/\/www.gvs.com.br\/safety\/wp-content\/uploads\/2025\/09\/blog-4-topo-1.png","contentUrl":"https:\/\/www.gvs.com.br\/safety\/wp-content\/uploads\/2025\/09\/blog-4-topo-1.png","width":1123,"height":633},{"@type":"BreadcrumbList","@id":"https:\/\/www.gvs.com.br\/safety\/2025\/01\/12\/t-link-mascara-de-protecao-para-pintura\/#breadcrumb","itemListElement":[{"@type":"ListItem","position":1,"name":"In\u00edcio","item":"https:\/\/www.gvs.com.br\/safety\/"},{"@type":"ListItem","position":2,"name":"T-Link: m\u00e1scara de prote\u00e7\u00e3o para pintura, confort\u00e1vel e flex\u00edvel"}]},{"@type":"WebSite","@id":"https:\/\/www.gvs.com.br\/safety\/#website","url":"https:\/\/www.gvs.com.br\/safety\/","name":"Safety","description":"","publisher":{"@id":"https:\/\/www.gvs.com.br\/safety\/#organization"},"potentialAction":[{"@type":"SearchAction","target":{"@type":"EntryPoint","urlTemplate":"https:\/\/www.gvs.com.br\/safety\/?s={search_term_string}"},"query-input":{"@type":"PropertyValueSpecification","valueRequired":true,"valueName":"search_term_string"}}],"inLanguage":"pt-BR"},{"@type":"Organization","@id":"https:\/\/www.gvs.com.br\/safety\/#organization","name":"Safety","url":"https:\/\/www.gvs.com.br\/safety\/","logo":{"@type":"ImageObject","inLanguage":"pt-BR","@id":"https:\/\/www.gvs.com.br\/safety\/#\/schema\/logo\/image\/","url":"https:\/\/www.gvs.com.br\/safety\/wp-content\/uploads\/2024\/12\/Logo-GVS-Safety.png","contentUrl":"https:\/\/www.gvs.com.br\/safety\/wp-content\/uploads\/2024\/12\/Logo-GVS-Safety.png","width":1920,"height":1080,"caption":"Safety"},"image":{"@id":"https:\/\/www.gvs.com.br\/safety\/#\/schema\/logo\/image\/"}},{"@type":"Person","@id":"https:\/\/www.gvs.com.br\/safety\/#\/schema\/person\/08f0e38941dafa538ee5706ec48fe5a1","name":"admin-gvs","image":{"@type":"ImageObject","inLanguage":"pt-BR","@id":"https:\/\/secure.gravatar.com\/avatar\/753807cf2c24e7c5051446eb4fc6c55657714e911f26a29329d9dc501ae35121?s=96&d=mm&r=g","url":"https:\/\/secure.gravatar.com\/avatar\/753807cf2c24e7c5051446eb4fc6c55657714e911f26a29329d9dc501ae35121?s=96&d=mm&r=g","contentUrl":"https:\/\/secure.gravatar.com\/avatar\/753807cf2c24e7c5051446eb4fc6c55657714e911f26a29329d9dc501ae35121?s=96&d=mm&r=g","caption":"admin-gvs"},"url":"https:\/\/www.gvs.com.br\/safety\/author\/admin-gvs\/"}]}},"uagb_featured_image_src":{"full":["https:\/\/www.gvs.com.br\/safety\/wp-content\/uploads\/2025\/09\/blog-4-topo-1.png",1123,633,false],"thumbnail":["https:\/\/www.gvs.com.br\/safety\/wp-content\/uploads\/2025\/09\/blog-4-topo-1-150x150.png",150,150,true],"medium":["https:\/\/www.gvs.com.br\/safety\/wp-content\/uploads\/2025\/09\/blog-4-topo-1-300x169.png",300,169,true],"medium_large":["https:\/\/www.gvs.com.br\/safety\/wp-content\/uploads\/2025\/09\/blog-4-topo-1-768x433.png",768,433,true],"large":["https:\/\/www.gvs.com.br\/safety\/wp-content\/uploads\/2025\/09\/blog-4-topo-1-1024x577.png",1024,577,true],"1536x1536":["https:\/\/www.gvs.com.br\/safety\/wp-content\/uploads\/2025\/09\/blog-4-topo-1.png",1123,633,false],"2048x2048":["https:\/\/www.gvs.com.br\/safety\/wp-content\/uploads\/2025\/09\/blog-4-topo-1.png",1123,633,false]},"uagb_author_info":{"display_name":"admin-gvs","author_link":"https:\/\/www.gvs.com.br\/safety\/author\/admin-gvs\/"},"uagb_comment_info":0,"uagb_excerpt":"T-Link: m\u00e1scara de prote\u00e7\u00e3o para pintura, confort\u00e1vel e flex\u00edvel Respirador flex\u00edvel que aumenta a seguran\u00e7a e a produtividade do trabalhador [&hellip;]","_links":{"self":[{"href":"https:\/\/www.gvs.com.br\/safety\/wp-json\/wp\/v2\/posts\/2998","targetHints":{"allow":["GET"]}}],"collection":[{"href":"https:\/\/www.gvs.com.br\/safety\/wp-json\/wp\/v2\/posts"}],"about":[{"href":"https:\/\/www.gvs.com.br\/safety\/wp-json\/wp\/v2\/types\/post"}],"author":[{"embeddable":true,"href":"https:\/\/www.gvs.com.br\/safety\/wp-json\/wp\/v2\/users\/2"}],"replies":[{"embeddable":true,"href":"https:\/\/www.gvs.com.br\/safety\/wp-json\/wp\/v2\/comments?post=2998"}],"version-history":[{"count":1,"href":"https:\/\/www.gvs.com.br\/safety\/wp-json\/wp\/v2\/posts\/2998\/revisions"}],"predecessor-version":[{"id":3017,"href":"https:\/\/www.gvs.com.br\/safety\/wp-json\/wp\/v2\/posts\/2998\/revisions\/3017"}],"wp:featuredmedia":[{"embeddable":true,"href":"https:\/\/www.gvs.com.br\/safety\/wp-json\/wp\/v2\/media\/3015"}],"wp:attachment":[{"href":"https:\/\/www.gvs.com.br\/safety\/wp-json\/wp\/v2\/media?parent=2998"}],"wp:term":[{"taxonomy":"category","embeddable":true,"href":"https:\/\/www.gvs.com.br\/safety\/wp-json\/wp\/v2\/categories?post=2998"},{"taxonomy":"post_tag","embeddable":true,"href":"https:\/\/www.gvs.com.br\/safety\/wp-json\/wp\/v2\/tags?post=2998"}],"curies":[{"name":"wp","href":"https:\/\/api.w.org\/{rel}","templated":true}]}}