{"id":2977,"date":"2025-01-12T18:42:00","date_gmt":"2025-01-12T18:42:00","guid":{"rendered":"https:\/\/www.gvs.com.br\/safety\/?p=2977"},"modified":"2025-09-11T18:45:41","modified_gmt":"2025-09-11T18:45:41","slug":"equipamentos-de-protecao-respiratoria-da-gvs","status":"publish","type":"post","link":"https:\/\/www.gvs.com.br\/safety\/2025\/01\/12\/equipamentos-de-protecao-respiratoria-da-gvs\/","title":{"rendered":"Confira as melhores op\u00e7\u00f5es de respirador para garantir a seguran\u00e7a de sua equipe!"},"content":{"rendered":"\n<div class=\"wp-block-uagb-container uagb-block-2d8af228 alignfull uagb-is-root-container\"><div class=\"uagb-container-inner-blocks-wrap\">\n<div class=\"wp-block-uagb-advanced-heading uagb-block-88fad113\"><h2 class=\"uagb-heading-text\">Confira as melhores op\u00e7\u00f5es de respirador <br>para garantir a seguran\u00e7a de sua equipe!<\/h2><\/div>\n\n\n\n<p class=\"has-ast-global-color-5-color has-text-color has-link-color wp-elements-bced721e36a6ae5d7804d7d962510951\"><strong>Conhe\u00e7a os equipamentos de prote\u00e7\u00e3o respirat\u00f3ria da GVS!<\/strong><\/p>\n<\/div><\/div>\n\n\n\n<p><\/p>\n\n\n\n<p>Em princ\u00edpio, dentro de uma boa empresa, deve ter um profissional respons\u00e1vel pela seguran\u00e7a e sa\u00fade dos funcion\u00e1rios, que visa cuidar das condi\u00e7\u00f5es respirat\u00f3rias, inclusive, optar pelo melhor respirador.<\/p>\n\n\n\n<p>Antes de tudo, uma ind\u00fastria pode ser um local perigoso e prejudicial para os seres humanos que convivem regularmente nesses ambientes com alguma interfer\u00eancia qu\u00edmica.<\/p>\n\n\n\n<p>Por isso, pensar na melhor forma de garantir um trabalho saud\u00e1vel, seguro e com condi\u00e7\u00f5es decentes \u00e9 o que diferencia uma grande corpora\u00e7\u00e3o de uma empresa em degrada\u00e7\u00e3o.<\/p>\n\n\n\n<p>Dessa maneira, \u00e9 preciso garantir bons equipamentos de prote\u00e7\u00e3o, incluindo um respirador de qualidade, para que o colaborador n\u00e3o tenha sua sa\u00fade danificada por causa da empresa.<\/p>\n\n\n\n<p>Portanto, uma linha de produ\u00e7\u00e3o exige muitos cuidados, e voc\u00ea deve ficar atento \u00e0 qualidade de cada aparelho e material adquirido.<\/p>\n\n\n\n<p>Enfim, acompanhe o texto at\u00e9 o final e confira os melhores equipamentos para uma seguran\u00e7a respirat\u00f3ria eficiente.<\/p>\n\n\n\n<h2 class=\"wp-block-heading\">Por que utilizar um respirador?<\/h2>\n\n\n\n<p>Para come\u00e7ar a te mostrar tudo sobre as solu\u00e7\u00f5es de prote\u00e7\u00e3o precisamos, primeiro, te explicar o motivo de ser t\u00e3o importante usar equipamentos de prote\u00e7\u00e3o respirat\u00f3ria.<\/p>\n\n\n\n<p>Voc\u00ea tamb\u00e9m precisa entender o que \u00e9 um respirador e como ele funciona, s\u00f3 assim poder\u00e1 concluir se \u00e9 o que procura para a sua empresa.<\/p>\n\n\n\n<p>Sendo assim, saiba que o respirador \u00e9 um equipamento utilizado para proteger as vias a\u00e9reas do indiv\u00edduo, de contamina\u00e7\u00e3o por agentes biol\u00f3gicos, qu\u00edmicos ou f\u00edsicos que podem estar presentes na produ\u00e7\u00e3o de uma empresa.<\/p>\n\n\n\n<p>Principalmente, aquelas empresas que envolvem algum grau de periculosidade, como: empresas qu\u00edmicas, sider\u00fargicas, farmac\u00eauticas, entre outros setores.<\/p>\n\n\n\n<p>Ali\u00e1s, sua utiliza\u00e7\u00e3o \u00e9 recomendada para prevenir doen\u00e7as respirat\u00f3rias que podem ser desenvolvidas por causa do contato com esses agentes agressores, como: a gripe, o resfriado e a asma.<\/p>\n\n\n\n<p>Mas, a aplica\u00e7\u00e3o desse tipo de aparelho pode trazer muitos outros benef\u00edcios para quem optar por us\u00e1-lo.<\/p>\n\n\n\n<h2 class=\"wp-block-heading\">Equipamento que s\u00f3 traz vantagens!<\/h2>\n\n\n\n<p>Viu como um respirador pode ser eficiente em uma ind\u00fastria? Pois, saiba que ele apenas prop\u00f5e vantagens.<\/p>\n\n\n\n<p>E isso acontece ao passo que, o respirador tamb\u00e9m pode ser \u00fatil para proteger o indiv\u00edduo de infec\u00e7\u00f5es e de agentes cancer\u00edgenos.<\/p>\n\n\n\n<p>Dessa forma, existem v\u00e1rios tipos de respiradores, que podem ser classificados de acordo com a sua finalidade, funcionalidade e objetivo.<\/p>\n\n\n\n<p>Como os respiradores podem ser utilizados para proteger as vias a\u00e9reas do indiv\u00edduo de contamina\u00e7\u00e3o por agentes agressivos que comp\u00f5em uma linha de produ\u00e7\u00e3o, eles tamb\u00e9m podem ser \u00fateis para proteger o indiv\u00edduo de infec\u00e7\u00f5es e de agentes cancer\u00edgenos.<\/p>\n\n\n\n<p>Nesse sentido, os respiradores podem ser divididos em duas categorias: respiradores de prote\u00e7\u00e3o respirat\u00f3ria e respiradores de prote\u00e7\u00e3o facial.<\/p>\n\n\n\n<p>Os respiradores de prote\u00e7\u00e3o respirat\u00f3ria s\u00e3o utilizados para proteger as vias a\u00e9reas do indiv\u00edduo da contamina\u00e7\u00e3o que existe no ambiente que ele frequenta e passa a maior parte do tempo.<\/p>\n\n\n\n<p>J\u00e1 os respiradores de prote\u00e7\u00e3o facial s\u00e3o utilizados para proteger a face do indiv\u00edduo, como um todo, da contamina\u00e7\u00e3o desses agentes.<\/p>\n\n\n\n<p>E isso tudo, \u00e9 a melhor solu\u00e7\u00e3o para evitar complica\u00e7\u00f5es na sa\u00fade de cada funcion\u00e1rio. Principalmente, para que a empresa n\u00e3o tenha complica\u00e7\u00f5es futuras com as condi\u00e7\u00f5es de trabalho de cada colaborador.<\/p>\n\n\n\n<p>Em conclus\u00e3o, usar esses equipamentos, tende a trazer mais economia e seguran\u00e7a financeira, visto que, a empresa n\u00e3o ter\u00e1 grandes preju\u00edzos.<\/p>\n\n\n\n<figure class=\"wp-block-image aligncenter size-large\"><img loading=\"lazy\" decoding=\"async\" width=\"1024\" height=\"323\" src=\"https:\/\/www.gvs.com.br\/safety\/wp-content\/uploads\/2025\/09\/profissional-com-respirador-2-1024x323.jpg\" alt=\"\" class=\"wp-image-2979\" srcset=\"https:\/\/www.gvs.com.br\/safety\/wp-content\/uploads\/2025\/09\/profissional-com-respirador-2-1024x323.jpg 1024w, https:\/\/www.gvs.com.br\/safety\/wp-content\/uploads\/2025\/09\/profissional-com-respirador-2-300x95.jpg 300w, https:\/\/www.gvs.com.br\/safety\/wp-content\/uploads\/2025\/09\/profissional-com-respirador-2-768x242.jpg 768w, https:\/\/www.gvs.com.br\/safety\/wp-content\/uploads\/2025\/09\/profissional-com-respirador-2.jpg 1110w\" sizes=\"auto, (max-width: 1024px) 100vw, 1024px\" \/><\/figure>\n\n\n\n<h2 class=\"wp-block-heading\">Como a seguran\u00e7a respirat\u00f3ria pode ser garantida com um respirador?<\/h2>\n\n\n\n<p>Agora que voc\u00ea j\u00e1 sabe que um respirador pode trazer muitos benef\u00edcios e como ele \u00e9 usado dentro de uma ind\u00fastria, est\u00e1 na hora de entender como um respirador pode garantir a seguran\u00e7a respirat\u00f3ria.<\/p>\n\n\n\n<p>Sendo assim, a seguran\u00e7a respirat\u00f3ria pode ser garantida com um respirador certo, desde que ele seja adequado para a atividade a ser desenvolvida.<\/p>\n\n\n\n<p>\u00c9 importante que o respirador seja escolhido de acordo com as caracter\u00edsticas do trabalho, como o tipo de contaminante a ser evitado e a concentra\u00e7\u00e3o desse contaminante.<\/p>\n\n\n\n<p>Al\u00e9m disso, \u00e9 necess\u00e1rio que o respirador seja ajustado corretamente para garantir a veda\u00e7\u00e3o adequada.<\/p>\n\n\n\n<p>O respirador deve ser usado sempre que houver risco de contamina\u00e7\u00e3o do ar ambiente com part\u00edculas ou gases nocivos \u00e0 sa\u00fade.<\/p>\n\n\n\n<p>Em resumo, o respirador \u00e9 um equipamento de prote\u00e7\u00e3o respirat\u00f3ria que impede a entrada de agentes agressivos no rosto.<\/p>\n\n\n\n<p>Ele \u00e9 constitu\u00eddo por um filtro que ret\u00e9m as part\u00edculas s\u00f3lidas e um elemento de absor\u00e7\u00e3o de gases e vapores.<\/p>\n\n\n\n<p>O respirador \u00e9 um equipamento de seguran\u00e7a importante, essencial para todo plano de seguran\u00e7a do trabalho, pois, protege o usu\u00e1rio de poss\u00edveis danos \u00e0 sa\u00fade.<\/p>\n\n\n\n<p>O respirador \u00e9 indicado, inclusive para proteger o usu\u00e1rio em casos da prolifera\u00e7\u00e3o de agentes qu\u00edmicos, biol\u00f3gicos e radiol\u00f3gicos que, quando inspirados pelo ser humano, podem causar muitos danos no organismo.<\/p>\n\n\n\n<p>O filtro ret\u00e9m as part\u00edculas s\u00f3lidas, enquanto o elemento de absor\u00e7\u00e3o de gases e vapores elimina os agentes nocivos.<\/p>\n\n\n\n<p>Por fim, o equipamento \u00e9 muito eficaz, impedindo a passagem de elementos s\u00f3lidos, l\u00edquidos e gasosos, trazendo uma prote\u00e7\u00e3o refor\u00e7ada para que a sa\u00fade seja preservada de todos os riscos.<\/p>\n\n\n\n<h2 class=\"wp-block-heading\">Conhe\u00e7a os respiradores da GVS!<\/h2>\n\n\n\n<p>Agora que voc\u00ea j\u00e1 sabe tudo sobre os respiradores, est\u00e1 na hora de conhecer as solu\u00e7\u00f5es que a GVS pode te oferecer!<\/p>\n\n\n\n<p>Desenvolvemos os melhores equipamentos para a prote\u00e7\u00e3o respirat\u00f3ria, focando em construir produtos que sejam fortes e resistentes para superar qualquer situa\u00e7\u00e3o.<\/p>\n\n\n\n<p>Nossa\u00a0<a href=\"https:\/\/www.gvs.com.br\/safety\/produtos-ajuste-solto\/\" target=\"_blank\" rel=\"noreferrer noopener\">linha RPB<\/a>, \u00e9 composta com respiradores para trabalhos especiais, que necessitam garantir uma prote\u00e7\u00e3o refor\u00e7ada, como por exemplo, servi\u00e7os de soldagem.<\/p>\n\n\n\n<p>Por isso,\u00a0<a href=\"https:\/\/www.gvs.com.br\/safety\/\" target=\"_blank\" rel=\"noreferrer noopener\">entre agora mesmo em nosso site<\/a>\u00a0e veja os equipamentos de prote\u00e7\u00e3o que podemos proporcionar para a sua empresa.<\/p>\n\n\n\n<p>Mas, n\u00e3o deixe de\u00a0<a href=\"https:\/\/www.gvs.com.br\/safety\/blog\/\" target=\"_blank\" rel=\"noreferrer noopener\">acessar o nosso blog<\/a>\u00a0e ler mais mat\u00e9rias para auxili\u00e1-lo na hora de fazer um plano de seguran\u00e7a do trabalho em sua empresa.<\/p>\n\n\n\n<p>A GVS pode te ajudar de muitas maneiras, conte conosco para garantir uma prote\u00e7\u00e3o de qualidade!<\/p>\n\n\n\n<p>Procurar informa\u00e7\u00f5es pode te ajudar na hora de tomar as melhores decis\u00f5es! Leia mais artigos informativos da GVS e cres\u00e7a como um profissional.<\/p>\n\n\n\n<div class=\"wp-block-uagb-separator uagb-block-12928a3d\"><div class=\"uagb-separator-spacing-wrapper\"><div class=\"wp-block-uagb-separator__inner\" style=\"--my-background-image:\"><\/div><\/div><\/div>\n\n\n\n<div class=\"wp-block-uagb-advanced-heading uagb-block-37689345\"><h2 class=\"uagb-heading-text\"><strong>Acreditamos em proteger voc\u00ea para os melhores momentos da vida!<\/strong><\/h2><\/div>\n\n\n\n<p>Criamos solu\u00e7\u00f5es de prote\u00e7\u00e3o respirat\u00f3ria que tornam voc\u00ea e sua equipe mais seguros, para que todos possam voltar para casa no final de cada dia, seguros, saud\u00e1veis e capazes de fazer aquilo que mais importa.<\/p>\n\n\n\n<div class=\"wp-block-uagb-separator uagb-block-b8b79ce8\"><div class=\"uagb-separator-spacing-wrapper\"><div class=\"wp-block-uagb-separator__inner\" style=\"--my-background-image:\"><\/div><\/div><\/div>\n\n\n\n<div class=\"wp-block-uagb-call-to-action uagb-block-e6f6b3df wp-block-button\"><div class=\"uagb-cta__wrap\"><h3 class=\"uagb-cta__title\">Fale com a gente!<\/h3><p class=\"uagb-cta__desc\">Entre em contato com o nosso time hoje mesmo, esclare\u00e7a as suas d\u00favidas e&nbsp;<strong>solicite a sua cota\u00e7\u00e3o!<\/strong><\/p><\/div><div class=\"uagb-cta__buttons\"><a href=\"https:\/\/wa.me\/551938797222\" class=\"uagb-cta__button-link-wrapper wp-block-button__link\" target=\"_self\" rel=\"noopener noreferrer\"><svg xmlns=\"https:\/\/www.w3.org\/2000\/svg\" viewBox=\"0 0 448 512\"><path d=\"M380.9 97.1C339 55.1 283.2 32 223.9 32c-122.4 0-222 99.6-222 222 0 39.1 10.2 77.3 29.6 111L0 480l117.7-30.9c32.4 17.7 68.9 27 106.1 27h.1c122.3 0 224.1-99.6 224.1-222 0-59.3-25.2-115-67.1-157zm-157 341.6c-33.2 0-65.7-8.9-94-25.7l-6.7-4-69.8 18.3L72 359.2l-4.4-7c-18.5-29.4-28.2-63.3-28.2-98.2 0-101.7 82.8-184.5 184.6-184.5 49.3 0 95.6 19.2 130.4 54.1 34.8 34.9 56.2 81.2 56.1 130.5 0 101.8-84.9 184.6-186.6 184.6zm101.2-138.2c-5.5-2.8-32.8-16.2-37.9-18-5.1-1.9-8.8-2.8-12.5 2.8-3.7 5.6-14.3 18-17.6 21.8-3.2 3.7-6.5 4.2-12 1.4-32.6-16.3-54-29.1-75.5-66-5.7-9.8 5.7-9.1 16.3-30.3 1.8-3.7 .9-6.9-.5-9.7-1.4-2.8-12.5-30.1-17.1-41.2-4.5-10.8-9.1-9.3-12.5-9.5-3.2-.2-6.9-.2-10.6-.2-3.7 0-9.7 1.4-14.8 6.9-5.1 5.6-19.4 19-19.4 46.3 0 27.3 19.9 53.7 22.6 57.4 2.8 3.7 39.1 59.7 94.8 83.8 35.2 15.2 49 16.5 66.6 13.9 10.7-1.6 32.8-13.4 37.4-26.4 4.6-13 4.6-24.1 3.2-26.4-1.3-2.5-5-3.9-10.5-6.6z\"><\/path><\/svg>WhatsApp<\/a><\/div><\/div>\n\n\n\n<div class=\"wp-block-uagb-separator uagb-block-96e52944\"><div class=\"uagb-separator-spacing-wrapper\"><div class=\"wp-block-uagb-separator__inner\" style=\"--my-background-image:\"><\/div><\/div><\/div>\n\n\n\n<div class=\"wp-block-uagb-call-to-action uagb-block-bf9c28ce wp-block-button\"><div class=\"uagb-cta__wrap\"><h3 class=\"uagb-cta__title\">Fique por dentro das novidades!<\/h3><p class=\"uagb-cta__desc\">Acompanhe nossa jornada de inova\u00e7\u00e3o e saiba mais sobre nossos produtos, acesse <strong>Safety da GVS.<\/strong><\/p><\/div><div class=\"uagb-cta__buttons\"><a href=\"https:\/\/www.gvs.com.br\/safety\" class=\"uagb-cta__button-link-wrapper wp-block-button__link\" target=\"_self\" rel=\"noopener noreferrer\">Acesse o site<\/a><\/div><\/div>\n\n\n\n<p><\/p>\n","protected":false},"excerpt":{"rendered":"<p>Confira as melhores op\u00e7\u00f5es de respirador para garantir a seguran\u00e7a de sua equipe! Conhe\u00e7a os equipamentos de prote\u00e7\u00e3o respirat\u00f3ria da [&hellip;]<\/p>\n","protected":false},"author":2,"featured_media":2978,"comment_status":"open","ping_status":"open","sticky":false,"template":"","format":"standard","meta":{"_uag_custom_page_level_css":"","site-sidebar-layout":"default","site-content-layout":"","ast-site-content-layout":"","site-content-style":"default","site-sidebar-style":"default","ast-global-header-display":"","ast-banner-title-visibility":"","ast-main-header-display":"","ast-hfb-above-header-display":"","ast-hfb-below-header-display":"","ast-hfb-mobile-header-display":"","site-post-title":"disabled","ast-breadcrumbs-content":"","ast-featured-img":"","footer-sml-layout":"","ast-disable-related-posts":"","theme-transparent-header-meta":"","adv-header-id-meta":"","stick-header-meta":"","header-above-stick-meta":"","header-main-stick-meta":"","header-below-stick-meta":"","astra-migrate-meta-layouts":"default","ast-page-background-enabled":"default","ast-page-background-meta":{"desktop":{"background-color":"var(--ast-global-color-4)","background-image":"","background-repeat":"repeat","background-position":"center center","background-size":"auto","background-attachment":"scroll","background-type":"","background-media":"","overlay-type":"","overlay-color":"","overlay-opacity":"","overlay-gradient":""},"tablet":{"background-color":"","background-image":"","background-repeat":"repeat","background-position":"center center","background-size":"auto","background-attachment":"scroll","background-type":"","background-media":"","overlay-type":"","overlay-color":"","overlay-opacity":"","overlay-gradient":""},"mobile":{"background-color":"","background-image":"","background-repeat":"repeat","background-position":"center center","background-size":"auto","background-attachment":"scroll","background-type":"","background-media":"","overlay-type":"","overlay-color":"","overlay-opacity":"","overlay-gradient":""}},"ast-content-background-meta":{"desktop":{"background-color":"var(--ast-global-color-5)","background-image":"","background-repeat":"repeat","background-position":"center center","background-size":"auto","background-attachment":"scroll","background-type":"","background-media":"","overlay-type":"","overlay-color":"","overlay-opacity":"","overlay-gradient":""},"tablet":{"background-color":"var(--ast-global-color-5)","background-image":"","background-repeat":"repeat","background-position":"center center","background-size":"auto","background-attachment":"scroll","background-type":"","background-media":"","overlay-type":"","overlay-color":"","overlay-opacity":"","overlay-gradient":""},"mobile":{"background-color":"var(--ast-global-color-5)","background-image":"","background-repeat":"repeat","background-position":"center center","background-size":"auto","background-attachment":"scroll","background-type":"","background-media":"","overlay-type":"","overlay-color":"","overlay-opacity":"","overlay-gradient":""}},"footnotes":""},"categories":[5],"tags":[17,15,43,16],"class_list":["post-2977","post","type-post","status-publish","format-standard","has-post-thumbnail","hentry","category-safety","tag-produtos-gvs","tag-protecao-respiratoria","tag-rpb","tag-safety"],"yoast_head":"<!-- This site is optimized with the Yoast SEO plugin v27.2 - https:\/\/yoast.com\/product\/yoast-seo-wordpress\/ -->\n<title>Equipamentos de prote\u00e7\u00e3o respirat\u00f3ria da GVS<\/title>\n<meta name=\"description\" content=\"Confira as melhores op\u00e7\u00f5es de respirador para garantir a seguran\u00e7a de sua equipe! Conhe\u00e7a os equipamentos de prote\u00e7\u00e3o respirat\u00f3ria da GVS!\" \/>\n<meta name=\"robots\" content=\"index, follow, max-snippet:-1, max-image-preview:large, max-video-preview:-1\" \/>\n<link rel=\"canonical\" href=\"https:\/\/www.gvs.com.br\/safety\/2025\/01\/12\/equipamentos-de-protecao-respiratoria-da-gvs\/\" \/>\n<meta property=\"og:locale\" content=\"pt_BR\" \/>\n<meta property=\"og:type\" content=\"article\" \/>\n<meta property=\"og:title\" content=\"Equipamentos de prote\u00e7\u00e3o respirat\u00f3ria da GVS\" \/>\n<meta property=\"og:description\" content=\"Confira as melhores op\u00e7\u00f5es de respirador para garantir a seguran\u00e7a de sua equipe! Conhe\u00e7a os equipamentos de prote\u00e7\u00e3o respirat\u00f3ria da GVS!\" \/>\n<meta property=\"og:url\" content=\"https:\/\/www.gvs.com.br\/safety\/2025\/01\/12\/equipamentos-de-protecao-respiratoria-da-gvs\/\" \/>\n<meta property=\"og:site_name\" content=\"Safety\" \/>\n<meta property=\"article:published_time\" content=\"2025-01-12T18:42:00+00:00\" \/>\n<meta property=\"article:modified_time\" content=\"2025-09-11T18:45:41+00:00\" \/>\n<meta property=\"og:image\" content=\"https:\/\/www.gvs.com.br\/safety\/wp-content\/uploads\/2025\/09\/homem-com-mascara-2.jpg\" \/>\n\t<meta property=\"og:image:width\" content=\"1123\" \/>\n\t<meta property=\"og:image:height\" content=\"633\" \/>\n\t<meta property=\"og:image:type\" content=\"image\/jpeg\" \/>\n<meta name=\"author\" content=\"admin-gvs\" \/>\n<meta name=\"twitter:card\" content=\"summary_large_image\" \/>\n<meta name=\"twitter:label1\" content=\"Escrito por\" \/>\n\t<meta name=\"twitter:data1\" content=\"admin-gvs\" \/>\n\t<meta name=\"twitter:label2\" content=\"Est. tempo de leitura\" \/>\n\t<meta name=\"twitter:data2\" content=\"7 minutos\" \/>\n<script type=\"application\/ld+json\" class=\"yoast-schema-graph\">{\"@context\":\"https:\/\/schema.org\",\"@graph\":[{\"@type\":\"Article\",\"@id\":\"https:\/\/www.gvs.com.br\/safety\/2025\/01\/12\/equipamentos-de-protecao-respiratoria-da-gvs\/#article\",\"isPartOf\":{\"@id\":\"https:\/\/www.gvs.com.br\/safety\/2025\/01\/12\/equipamentos-de-protecao-respiratoria-da-gvs\/\"},\"author\":{\"name\":\"admin-gvs\",\"@id\":\"https:\/\/www.gvs.com.br\/safety\/#\/schema\/person\/08f0e38941dafa538ee5706ec48fe5a1\"},\"headline\":\"Confira as melhores op\u00e7\u00f5es de respirador para garantir a seguran\u00e7a de sua equipe!\",\"datePublished\":\"2025-01-12T18:42:00+00:00\",\"dateModified\":\"2025-09-11T18:45:41+00:00\",\"mainEntityOfPage\":{\"@id\":\"https:\/\/www.gvs.com.br\/safety\/2025\/01\/12\/equipamentos-de-protecao-respiratoria-da-gvs\/\"},\"wordCount\":1223,\"commentCount\":0,\"publisher\":{\"@id\":\"https:\/\/www.gvs.com.br\/safety\/#organization\"},\"image\":{\"@id\":\"https:\/\/www.gvs.com.br\/safety\/2025\/01\/12\/equipamentos-de-protecao-respiratoria-da-gvs\/#primaryimage\"},\"thumbnailUrl\":\"https:\/\/www.gvs.com.br\/safety\/wp-content\/uploads\/2025\/09\/homem-com-mascara-2.jpg\",\"keywords\":[\"Produtos GVS\",\"Prote\u00e7\u00e3o Respirat\u00f3ria\",\"RPB\",\"Safety\"],\"articleSection\":[\"Safety\"],\"inLanguage\":\"pt-BR\",\"potentialAction\":[{\"@type\":\"CommentAction\",\"name\":\"Comment\",\"target\":[\"https:\/\/www.gvs.com.br\/safety\/2025\/01\/12\/equipamentos-de-protecao-respiratoria-da-gvs\/#respond\"]}]},{\"@type\":\"WebPage\",\"@id\":\"https:\/\/www.gvs.com.br\/safety\/2025\/01\/12\/equipamentos-de-protecao-respiratoria-da-gvs\/\",\"url\":\"https:\/\/www.gvs.com.br\/safety\/2025\/01\/12\/equipamentos-de-protecao-respiratoria-da-gvs\/\",\"name\":\"Equipamentos de prote\u00e7\u00e3o respirat\u00f3ria da GVS\",\"isPartOf\":{\"@id\":\"https:\/\/www.gvs.com.br\/safety\/#website\"},\"primaryImageOfPage\":{\"@id\":\"https:\/\/www.gvs.com.br\/safety\/2025\/01\/12\/equipamentos-de-protecao-respiratoria-da-gvs\/#primaryimage\"},\"image\":{\"@id\":\"https:\/\/www.gvs.com.br\/safety\/2025\/01\/12\/equipamentos-de-protecao-respiratoria-da-gvs\/#primaryimage\"},\"thumbnailUrl\":\"https:\/\/www.gvs.com.br\/safety\/wp-content\/uploads\/2025\/09\/homem-com-mascara-2.jpg\",\"datePublished\":\"2025-01-12T18:42:00+00:00\",\"dateModified\":\"2025-09-11T18:45:41+00:00\",\"description\":\"Confira as melhores op\u00e7\u00f5es de respirador para garantir a seguran\u00e7a de sua equipe! Conhe\u00e7a os equipamentos de prote\u00e7\u00e3o respirat\u00f3ria da GVS!\",\"breadcrumb\":{\"@id\":\"https:\/\/www.gvs.com.br\/safety\/2025\/01\/12\/equipamentos-de-protecao-respiratoria-da-gvs\/#breadcrumb\"},\"inLanguage\":\"pt-BR\",\"potentialAction\":[{\"@type\":\"ReadAction\",\"target\":[\"https:\/\/www.gvs.com.br\/safety\/2025\/01\/12\/equipamentos-de-protecao-respiratoria-da-gvs\/\"]}]},{\"@type\":\"ImageObject\",\"inLanguage\":\"pt-BR\",\"@id\":\"https:\/\/www.gvs.com.br\/safety\/2025\/01\/12\/equipamentos-de-protecao-respiratoria-da-gvs\/#primaryimage\",\"url\":\"https:\/\/www.gvs.com.br\/safety\/wp-content\/uploads\/2025\/09\/homem-com-mascara-2.jpg\",\"contentUrl\":\"https:\/\/www.gvs.com.br\/safety\/wp-content\/uploads\/2025\/09\/homem-com-mascara-2.jpg\",\"width\":1123,\"height\":633},{\"@type\":\"BreadcrumbList\",\"@id\":\"https:\/\/www.gvs.com.br\/safety\/2025\/01\/12\/equipamentos-de-protecao-respiratoria-da-gvs\/#breadcrumb\",\"itemListElement\":[{\"@type\":\"ListItem\",\"position\":1,\"name\":\"In\u00edcio\",\"item\":\"https:\/\/www.gvs.com.br\/safety\/\"},{\"@type\":\"ListItem\",\"position\":2,\"name\":\"Confira as melhores op\u00e7\u00f5es de respirador para garantir a seguran\u00e7a de sua equipe!\"}]},{\"@type\":\"WebSite\",\"@id\":\"https:\/\/www.gvs.com.br\/safety\/#website\",\"url\":\"https:\/\/www.gvs.com.br\/safety\/\",\"name\":\"Safety\",\"description\":\"\",\"publisher\":{\"@id\":\"https:\/\/www.gvs.com.br\/safety\/#organization\"},\"potentialAction\":[{\"@type\":\"SearchAction\",\"target\":{\"@type\":\"EntryPoint\",\"urlTemplate\":\"https:\/\/www.gvs.com.br\/safety\/?s={search_term_string}\"},\"query-input\":{\"@type\":\"PropertyValueSpecification\",\"valueRequired\":true,\"valueName\":\"search_term_string\"}}],\"inLanguage\":\"pt-BR\"},{\"@type\":\"Organization\",\"@id\":\"https:\/\/www.gvs.com.br\/safety\/#organization\",\"name\":\"Safety\",\"url\":\"https:\/\/www.gvs.com.br\/safety\/\",\"logo\":{\"@type\":\"ImageObject\",\"inLanguage\":\"pt-BR\",\"@id\":\"https:\/\/www.gvs.com.br\/safety\/#\/schema\/logo\/image\/\",\"url\":\"https:\/\/www.gvs.com.br\/safety\/wp-content\/uploads\/2024\/12\/Logo-GVS-Safety.png\",\"contentUrl\":\"https:\/\/www.gvs.com.br\/safety\/wp-content\/uploads\/2024\/12\/Logo-GVS-Safety.png\",\"width\":1920,\"height\":1080,\"caption\":\"Safety\"},\"image\":{\"@id\":\"https:\/\/www.gvs.com.br\/safety\/#\/schema\/logo\/image\/\"}},{\"@type\":\"Person\",\"@id\":\"https:\/\/www.gvs.com.br\/safety\/#\/schema\/person\/08f0e38941dafa538ee5706ec48fe5a1\",\"name\":\"admin-gvs\",\"image\":{\"@type\":\"ImageObject\",\"inLanguage\":\"pt-BR\",\"@id\":\"https:\/\/secure.gravatar.com\/avatar\/753807cf2c24e7c5051446eb4fc6c55657714e911f26a29329d9dc501ae35121?s=96&d=mm&r=g\",\"url\":\"https:\/\/secure.gravatar.com\/avatar\/753807cf2c24e7c5051446eb4fc6c55657714e911f26a29329d9dc501ae35121?s=96&d=mm&r=g\",\"contentUrl\":\"https:\/\/secure.gravatar.com\/avatar\/753807cf2c24e7c5051446eb4fc6c55657714e911f26a29329d9dc501ae35121?s=96&d=mm&r=g\",\"caption\":\"admin-gvs\"},\"url\":\"https:\/\/www.gvs.com.br\/safety\/author\/admin-gvs\/\"}]}<\/script>\n<!-- \/ Yoast SEO plugin. -->","yoast_head_json":{"title":"Equipamentos de prote\u00e7\u00e3o respirat\u00f3ria da GVS","description":"Confira as melhores op\u00e7\u00f5es de respirador para garantir a seguran\u00e7a de sua equipe! Conhe\u00e7a os equipamentos de prote\u00e7\u00e3o respirat\u00f3ria da GVS!","robots":{"index":"index","follow":"follow","max-snippet":"max-snippet:-1","max-image-preview":"max-image-preview:large","max-video-preview":"max-video-preview:-1"},"canonical":"https:\/\/www.gvs.com.br\/safety\/2025\/01\/12\/equipamentos-de-protecao-respiratoria-da-gvs\/","og_locale":"pt_BR","og_type":"article","og_title":"Equipamentos de prote\u00e7\u00e3o respirat\u00f3ria da GVS","og_description":"Confira as melhores op\u00e7\u00f5es de respirador para garantir a seguran\u00e7a de sua equipe! Conhe\u00e7a os equipamentos de prote\u00e7\u00e3o respirat\u00f3ria da GVS!","og_url":"https:\/\/www.gvs.com.br\/safety\/2025\/01\/12\/equipamentos-de-protecao-respiratoria-da-gvs\/","og_site_name":"Safety","article_published_time":"2025-01-12T18:42:00+00:00","article_modified_time":"2025-09-11T18:45:41+00:00","og_image":[{"width":1123,"height":633,"url":"https:\/\/www.gvs.com.br\/safety\/wp-content\/uploads\/2025\/09\/homem-com-mascara-2.jpg","type":"image\/jpeg"}],"author":"admin-gvs","twitter_card":"summary_large_image","twitter_misc":{"Escrito por":"admin-gvs","Est. tempo de leitura":"7 minutos"},"schema":{"@context":"https:\/\/schema.org","@graph":[{"@type":"Article","@id":"https:\/\/www.gvs.com.br\/safety\/2025\/01\/12\/equipamentos-de-protecao-respiratoria-da-gvs\/#article","isPartOf":{"@id":"https:\/\/www.gvs.com.br\/safety\/2025\/01\/12\/equipamentos-de-protecao-respiratoria-da-gvs\/"},"author":{"name":"admin-gvs","@id":"https:\/\/www.gvs.com.br\/safety\/#\/schema\/person\/08f0e38941dafa538ee5706ec48fe5a1"},"headline":"Confira as melhores op\u00e7\u00f5es de respirador para garantir a seguran\u00e7a de sua equipe!","datePublished":"2025-01-12T18:42:00+00:00","dateModified":"2025-09-11T18:45:41+00:00","mainEntityOfPage":{"@id":"https:\/\/www.gvs.com.br\/safety\/2025\/01\/12\/equipamentos-de-protecao-respiratoria-da-gvs\/"},"wordCount":1223,"commentCount":0,"publisher":{"@id":"https:\/\/www.gvs.com.br\/safety\/#organization"},"image":{"@id":"https:\/\/www.gvs.com.br\/safety\/2025\/01\/12\/equipamentos-de-protecao-respiratoria-da-gvs\/#primaryimage"},"thumbnailUrl":"https:\/\/www.gvs.com.br\/safety\/wp-content\/uploads\/2025\/09\/homem-com-mascara-2.jpg","keywords":["Produtos GVS","Prote\u00e7\u00e3o Respirat\u00f3ria","RPB","Safety"],"articleSection":["Safety"],"inLanguage":"pt-BR","potentialAction":[{"@type":"CommentAction","name":"Comment","target":["https:\/\/www.gvs.com.br\/safety\/2025\/01\/12\/equipamentos-de-protecao-respiratoria-da-gvs\/#respond"]}]},{"@type":"WebPage","@id":"https:\/\/www.gvs.com.br\/safety\/2025\/01\/12\/equipamentos-de-protecao-respiratoria-da-gvs\/","url":"https:\/\/www.gvs.com.br\/safety\/2025\/01\/12\/equipamentos-de-protecao-respiratoria-da-gvs\/","name":"Equipamentos de prote\u00e7\u00e3o respirat\u00f3ria da GVS","isPartOf":{"@id":"https:\/\/www.gvs.com.br\/safety\/#website"},"primaryImageOfPage":{"@id":"https:\/\/www.gvs.com.br\/safety\/2025\/01\/12\/equipamentos-de-protecao-respiratoria-da-gvs\/#primaryimage"},"image":{"@id":"https:\/\/www.gvs.com.br\/safety\/2025\/01\/12\/equipamentos-de-protecao-respiratoria-da-gvs\/#primaryimage"},"thumbnailUrl":"https:\/\/www.gvs.com.br\/safety\/wp-content\/uploads\/2025\/09\/homem-com-mascara-2.jpg","datePublished":"2025-01-12T18:42:00+00:00","dateModified":"2025-09-11T18:45:41+00:00","description":"Confira as melhores op\u00e7\u00f5es de respirador para garantir a seguran\u00e7a de sua equipe! Conhe\u00e7a os equipamentos de prote\u00e7\u00e3o respirat\u00f3ria da GVS!","breadcrumb":{"@id":"https:\/\/www.gvs.com.br\/safety\/2025\/01\/12\/equipamentos-de-protecao-respiratoria-da-gvs\/#breadcrumb"},"inLanguage":"pt-BR","potentialAction":[{"@type":"ReadAction","target":["https:\/\/www.gvs.com.br\/safety\/2025\/01\/12\/equipamentos-de-protecao-respiratoria-da-gvs\/"]}]},{"@type":"ImageObject","inLanguage":"pt-BR","@id":"https:\/\/www.gvs.com.br\/safety\/2025\/01\/12\/equipamentos-de-protecao-respiratoria-da-gvs\/#primaryimage","url":"https:\/\/www.gvs.com.br\/safety\/wp-content\/uploads\/2025\/09\/homem-com-mascara-2.jpg","contentUrl":"https:\/\/www.gvs.com.br\/safety\/wp-content\/uploads\/2025\/09\/homem-com-mascara-2.jpg","width":1123,"height":633},{"@type":"BreadcrumbList","@id":"https:\/\/www.gvs.com.br\/safety\/2025\/01\/12\/equipamentos-de-protecao-respiratoria-da-gvs\/#breadcrumb","itemListElement":[{"@type":"ListItem","position":1,"name":"In\u00edcio","item":"https:\/\/www.gvs.com.br\/safety\/"},{"@type":"ListItem","position":2,"name":"Confira as melhores op\u00e7\u00f5es de respirador para garantir a seguran\u00e7a de sua equipe!"}]},{"@type":"WebSite","@id":"https:\/\/www.gvs.com.br\/safety\/#website","url":"https:\/\/www.gvs.com.br\/safety\/","name":"Safety","description":"","publisher":{"@id":"https:\/\/www.gvs.com.br\/safety\/#organization"},"potentialAction":[{"@type":"SearchAction","target":{"@type":"EntryPoint","urlTemplate":"https:\/\/www.gvs.com.br\/safety\/?s={search_term_string}"},"query-input":{"@type":"PropertyValueSpecification","valueRequired":true,"valueName":"search_term_string"}}],"inLanguage":"pt-BR"},{"@type":"Organization","@id":"https:\/\/www.gvs.com.br\/safety\/#organization","name":"Safety","url":"https:\/\/www.gvs.com.br\/safety\/","logo":{"@type":"ImageObject","inLanguage":"pt-BR","@id":"https:\/\/www.gvs.com.br\/safety\/#\/schema\/logo\/image\/","url":"https:\/\/www.gvs.com.br\/safety\/wp-content\/uploads\/2024\/12\/Logo-GVS-Safety.png","contentUrl":"https:\/\/www.gvs.com.br\/safety\/wp-content\/uploads\/2024\/12\/Logo-GVS-Safety.png","width":1920,"height":1080,"caption":"Safety"},"image":{"@id":"https:\/\/www.gvs.com.br\/safety\/#\/schema\/logo\/image\/"}},{"@type":"Person","@id":"https:\/\/www.gvs.com.br\/safety\/#\/schema\/person\/08f0e38941dafa538ee5706ec48fe5a1","name":"admin-gvs","image":{"@type":"ImageObject","inLanguage":"pt-BR","@id":"https:\/\/secure.gravatar.com\/avatar\/753807cf2c24e7c5051446eb4fc6c55657714e911f26a29329d9dc501ae35121?s=96&d=mm&r=g","url":"https:\/\/secure.gravatar.com\/avatar\/753807cf2c24e7c5051446eb4fc6c55657714e911f26a29329d9dc501ae35121?s=96&d=mm&r=g","contentUrl":"https:\/\/secure.gravatar.com\/avatar\/753807cf2c24e7c5051446eb4fc6c55657714e911f26a29329d9dc501ae35121?s=96&d=mm&r=g","caption":"admin-gvs"},"url":"https:\/\/www.gvs.com.br\/safety\/author\/admin-gvs\/"}]}},"uagb_featured_image_src":{"full":["https:\/\/www.gvs.com.br\/safety\/wp-content\/uploads\/2025\/09\/homem-com-mascara-2.jpg",1123,633,false],"thumbnail":["https:\/\/www.gvs.com.br\/safety\/wp-content\/uploads\/2025\/09\/homem-com-mascara-2-150x150.jpg",150,150,true],"medium":["https:\/\/www.gvs.com.br\/safety\/wp-content\/uploads\/2025\/09\/homem-com-mascara-2-300x169.jpg",300,169,true],"medium_large":["https:\/\/www.gvs.com.br\/safety\/wp-content\/uploads\/2025\/09\/homem-com-mascara-2-768x433.jpg",768,433,true],"large":["https:\/\/www.gvs.com.br\/safety\/wp-content\/uploads\/2025\/09\/homem-com-mascara-2-1024x577.jpg",1024,577,true],"1536x1536":["https:\/\/www.gvs.com.br\/safety\/wp-content\/uploads\/2025\/09\/homem-com-mascara-2.jpg",1123,633,false],"2048x2048":["https:\/\/www.gvs.com.br\/safety\/wp-content\/uploads\/2025\/09\/homem-com-mascara-2.jpg",1123,633,false]},"uagb_author_info":{"display_name":"admin-gvs","author_link":"https:\/\/www.gvs.com.br\/safety\/author\/admin-gvs\/"},"uagb_comment_info":0,"uagb_excerpt":"Confira as melhores op\u00e7\u00f5es de respirador para garantir a seguran\u00e7a de sua equipe! Conhe\u00e7a os equipamentos de prote\u00e7\u00e3o respirat\u00f3ria da [&hellip;]","_links":{"self":[{"href":"https:\/\/www.gvs.com.br\/safety\/wp-json\/wp\/v2\/posts\/2977","targetHints":{"allow":["GET"]}}],"collection":[{"href":"https:\/\/www.gvs.com.br\/safety\/wp-json\/wp\/v2\/posts"}],"about":[{"href":"https:\/\/www.gvs.com.br\/safety\/wp-json\/wp\/v2\/types\/post"}],"author":[{"embeddable":true,"href":"https:\/\/www.gvs.com.br\/safety\/wp-json\/wp\/v2\/users\/2"}],"replies":[{"embeddable":true,"href":"https:\/\/www.gvs.com.br\/safety\/wp-json\/wp\/v2\/comments?post=2977"}],"version-history":[{"count":1,"href":"https:\/\/www.gvs.com.br\/safety\/wp-json\/wp\/v2\/posts\/2977\/revisions"}],"predecessor-version":[{"id":2980,"href":"https:\/\/www.gvs.com.br\/safety\/wp-json\/wp\/v2\/posts\/2977\/revisions\/2980"}],"wp:featuredmedia":[{"embeddable":true,"href":"https:\/\/www.gvs.com.br\/safety\/wp-json\/wp\/v2\/media\/2978"}],"wp:attachment":[{"href":"https:\/\/www.gvs.com.br\/safety\/wp-json\/wp\/v2\/media?parent=2977"}],"wp:term":[{"taxonomy":"category","embeddable":true,"href":"https:\/\/www.gvs.com.br\/safety\/wp-json\/wp\/v2\/categories?post=2977"},{"taxonomy":"post_tag","embeddable":true,"href":"https:\/\/www.gvs.com.br\/safety\/wp-json\/wp\/v2\/tags?post=2977"}],"curies":[{"name":"wp","href":"https:\/\/api.w.org\/{rel}","templated":true}]}}