{"id":2976,"date":"2025-01-12T18:42:00","date_gmt":"2025-01-12T18:42:00","guid":{"rendered":"https:\/\/www.gvs.com.br\/safety\/?p=2976"},"modified":"2025-09-11T18:50:00","modified_gmt":"2025-09-11T18:50:00","slug":"mascara-industrial-conheca-a-linha-rpb-da-gvs","status":"publish","type":"post","link":"https:\/\/www.gvs.com.br\/safety\/2025\/01\/12\/mascara-industrial-conheca-a-linha-rpb-da-gvs\/","title":{"rendered":"M\u00e1scara industrial: conhe\u00e7a a linha RPB da GVS!"},"content":{"rendered":"\n<div class=\"wp-block-uagb-container uagb-block-2d8af228 alignfull uagb-is-root-container\"><div class=\"uagb-container-inner-blocks-wrap\">\n<div class=\"wp-block-uagb-advanced-heading uagb-block-88fad113\"><h2 class=\"uagb-heading-text\">M\u00e1scara industrial: conhe\u00e7a a linha RPB da GVS!<\/h2><\/div>\n\n\n\n<p class=\"has-ast-global-color-5-color has-text-color has-link-color wp-elements-d39ca583090ecea604a293a7136b7237\"><strong>Os melhores equipamentos de prote\u00e7\u00e3o respirat\u00f3ria para trabalhos perigosos!<\/strong><\/p>\n<\/div><\/div>\n\n\n\n<p><\/p>\n\n\n\n<p>Com toda a certeza, uma m\u00e1scara industrial de qualidade \u00e9 o que voc\u00ea precisa para proteger seu funcion\u00e1rio dos perigos aos quais ele \u00e9 exposto durante o trabalho.<\/p>\n\n\n\n<p>Trabalhar com agentes agressivos exige um cuidado redobrado com a sa\u00fade de todos os colaboradores, que est\u00e3o em constante contato com esses agentes.<\/p>\n\n\n\n<p>Dessa forma, voc\u00ea precisa saber investir nos melhores equipamentos para que a sua empresa funcione da melhor maneira.<\/p>\n\n\n\n<p>Ter as melhores solu\u00e7\u00f5es para preservar a sa\u00fade de seus funcion\u00e1rios, pode trazer muita economia de tempo e de dinheiro. Visto que, os problemas que poderiam ser gerados atrav\u00e9s disso, ser\u00e3o evitados.<\/p>\n\n\n\n<p>Portanto, para que a seguran\u00e7a da sua empresa seja fortalecida, continue no texto e conhe\u00e7a as linhas de respiradores que te ajudar\u00e3o nesse processo.<\/p>\n\n\n\n<p>Vamos te mostrar como uma m\u00e1scara industrial \u00e9 importante para se ter numa linha de produ\u00e7\u00e3o com periculosidades.<\/p>\n\n\n\n<p>Acompanhe os t\u00f3picos e conhe\u00e7a os produtos certos para uma prote\u00e7\u00e3o de qualidade!<\/p>\n\n\n\n<h2 class=\"wp-block-heading\">O que \u00e9 uma m\u00e1scara industrial?<\/h2>\n\n\n\n<p>Em primeiro lugar, antes de te apresentar todos os produtos, vamos come\u00e7ar explicando o que \u00e9 uma m\u00e1scara industrial e para o que ela serve.<\/p>\n\n\n\n<p>Em resumo, a m\u00e1scara industrial \u00e9 um dispositivo que \u00e9 usado para proteger a face e, isso inclui os olhos, o nariz e a boca, os protegendo de poeiras, fuma\u00e7as, respingos de \u00f3leo e outros materiais nocivos que podem agredir a sa\u00fade humana.<\/p>\n\n\n\n<p>Ela \u00e9 considerada um equipamento de prote\u00e7\u00e3o individual, que \u00e9 muito utilizada para atender <a href=\"https:\/\/www.gvs.com.br\/safety\/industrias\/\" target=\"_blank\" rel=\"noreferrer noopener\">setores industriais<\/a> que possuem contato com elementos perigosos.<\/p>\n\n\n\n<p>Como por exemplo, setores que trabalham com ramos na metal\u00fargica, qu\u00edmica, sider\u00fargica, farm\u00e1cia, entre outros.<\/p>\n\n\n\n<p>Esses ramos necessitam de equipamentos mais pesados e completos, que possam prevenir qualquer risco.<\/p>\n\n\n\n<p>Os materiais que comp\u00f5em uma m\u00e1scara industrial tamb\u00e9m s\u00e3o importantes, pois, s\u00e3o eles que determinam se o equipamento realmente possui uma resist\u00eancia de prote\u00e7\u00e3o.<\/p>\n\n\n\n<p>Geralmente, s\u00e3o feitas de pl\u00e1stico ou metal e t\u00eam um filtro que remove as part\u00edculas nocivas do ar.<\/p>\n\n\n\n<p>Assim, algumas m\u00e1scaras tamb\u00e9m portam v\u00e1lvulas de exala\u00e7\u00e3o que permitem a sa\u00edda do ar quente e \u00famido.<\/p>\n\n\n\n<p>Ent\u00e3o, saiba que uma m\u00e1scara industrial n\u00e3o passa de um equipamento de prote\u00e7\u00e3o individual, utilizado na ind\u00fastria que necessita refor\u00e7ar a seguran\u00e7a de seus funcion\u00e1rios evitando o contato deles com os agentes agressivos presentes no processo de produ\u00e7\u00e3o.<\/p>\n\n\n\n<p>Mas, agora, entenda quais s\u00e3o as vantagens que o uso desse tipo de prote\u00e7\u00e3o pode trazer para a sua empresa.<\/p>\n\n\n\n<figure class=\"wp-block-image aligncenter size-large\"><img loading=\"lazy\" decoding=\"async\" width=\"1024\" height=\"323\" src=\"https:\/\/www.gvs.com.br\/safety\/wp-content\/uploads\/2025\/09\/profissional-com-respirador-4-1024x323.jpg\" alt=\"\" class=\"wp-image-2982\" srcset=\"https:\/\/www.gvs.com.br\/safety\/wp-content\/uploads\/2025\/09\/profissional-com-respirador-4-1024x323.jpg 1024w, https:\/\/www.gvs.com.br\/safety\/wp-content\/uploads\/2025\/09\/profissional-com-respirador-4-300x95.jpg 300w, https:\/\/www.gvs.com.br\/safety\/wp-content\/uploads\/2025\/09\/profissional-com-respirador-4-768x242.jpg 768w, https:\/\/www.gvs.com.br\/safety\/wp-content\/uploads\/2025\/09\/profissional-com-respirador-4.jpg 1110w\" sizes=\"auto, (max-width: 1024px) 100vw, 1024px\" \/><\/figure>\n\n\n\n<h2 class=\"wp-block-heading\">Por que uma m\u00e1scara industrial \u00e9 importante?<\/h2>\n\n\n\n<p>Com o intuito de te deixar por dentro de tudo, para que saiba argumentar com algum superior sobre as melhores escolhas, vamos mostrar porque uma m\u00e1scara industrial \u00e9 t\u00e3o importante.<\/p>\n\n\n\n<p>Optar por utilizar uma m\u00e1scara industrial, isto \u00e9, um respirador, traz apenas benef\u00edcios para todos os setores da sua empresa. Ela poder\u00e1 se beneficiar at\u00e9 mesmo com uma reputa\u00e7\u00e3o de cuidado e aten\u00e7\u00e3o aos detalhes.<\/p>\n\n\n\n<p>Transformando sua imagem e gerando mais apreciadores, admiradores e at\u00e9 mesmo, compradores e clientes.<\/p>\n\n\n\n<p>A m\u00e1scara industrial \u00e9 importante porque ela protege o funcion\u00e1rio contra agentes qu\u00edmicos, biol\u00f3gicos e radia\u00e7\u00e3o que podem se proliferar no ambiente.<\/p>\n\n\n\n<p>Al\u00e9m disso, a m\u00e1scara industrial \u00e9 um elemento essencial, porque ela ajuda a proteger o local contra a polui\u00e7\u00e3o do ar.<\/p>\n\n\n\n<p>Como a m\u00e1scara industrial \u00e9 um equipamento de prote\u00e7\u00e3o individual, que tem como objetivo proteger o trabalhador contra agentes agressivos, como poeiras, fumos, n\u00e9voas, gases e vapores, a sua utiliza\u00e7\u00e3o \u00e9 essencial na linha de produ\u00e7\u00e3o de uma ind\u00fastria, pois, ela garante a seguran\u00e7a do trabalhador e a qualidade do produto final.<\/p>\n\n\n\n<p>Dessa forma, os equipamentos de prote\u00e7\u00e3o podem trazer muitas vantagens para uma empresa. Alguns exemplos s\u00e3o: redu\u00e7\u00e3o de acidentes, diminui\u00e7\u00e3o de custos com indeniza\u00e7\u00f5es, melhoria da imagem da empresa, entre outros.<\/p>\n\n\n\n<p>A utiliza\u00e7\u00e3o de equipamentos de prote\u00e7\u00e3o \u00e9 essencial para a seguran\u00e7a dos funcion\u00e1rios.<\/p>\n\n\n\n<p>Al\u00e9m de reduzir a incid\u00eancia de acidentes, estes equipamentos tamb\u00e9m ajudam a melhorar a imagem da empresa perante seus clientes e parceiros.<\/p>\n\n\n\n<p>Ent\u00e3o, no pr\u00f3ximo t\u00f3pico, fique por dentro das melhores solu\u00e7\u00f5es de m\u00e1scara industrial do mercado atual.<\/p>\n\n\n\n<h2 class=\"wp-block-heading\">Respiradores GVS!<\/h2>\n\n\n\n<p>Agora chegou a hora que voc\u00ea esperava; vamos te mostrar nossos respiradores desenvolvidos para serem inovadores e para uma prote\u00e7\u00e3o refor\u00e7ada e eficiente.<\/p>\n\n\n\n<p>H\u00e1 muitos anos no mercado, temos buscado aprimorar nossas linhas, para que elas sejam \u00fanicas e personalizadas.<\/p>\n\n\n\n<p>Abaixo,\u00a0<a href=\"https:\/\/www.gvs.com.br\/safety\/produtos-ajuste-solto\/\" target=\"_blank\" rel=\"noreferrer noopener\">conhe\u00e7a nossa linha RPB de respiradores<\/a>. As melhores op\u00e7\u00f5es para o uso de m\u00e1scaras industriais:<\/p>\n\n\n\n<h3 class=\"wp-block-heading\">Respirador de soldagem Z4<\/h3>\n\n\n\n<p>Feito exclusivamente para trabalhos que envolvem solda e tritura\u00e7\u00e3o Z4. Sua estrutura fornece prote\u00e7\u00e3o durante toda a execu\u00e7\u00e3o das tarefas, poupando os olhos contra o arco de solda e protegendo as vias respirat\u00f3rias.<\/p>\n\n\n\n<h3 class=\"wp-block-heading\">Respirador Nova 3<\/h3>\n\n\n\n<p>O Nova 3 \u00e9 um equipamento pesado, projetado para proteger completamente quem o utiliza.<\/p>\n\n\n\n<p>Usado principalmente, em aplica\u00e7\u00f5es industriais que necessitam da prote\u00e7\u00e3o respirat\u00f3ria, ocular, facial, auditiva e da cabe\u00e7a em geral.<\/p>\n\n\n\n<h3 class=\"wp-block-heading\">Respirador Purificador de Ar Motorizado T-200<\/h3>\n\n\n\n<p>J\u00e1 esse respirador, possui bateria e carregador e comp\u00f5em uma capa ou capuz, purificando o ar com um motor.<\/p>\n\n\n\n<p>Al\u00e9m disso, podendo ser usado por trabalhadores da \u00e1rea da sa\u00fade, farmac\u00eautica, pesticidas, pintura, gerenciamento de res\u00edduos e outros setores.<\/p>\n\n\n\n<p>Ent\u00e3o, viu como a GVS pode te oferecer as melhores op\u00e7\u00f5es? Est\u00e1 esperando o que para adquirir um equipamento de qualidade?<\/p>\n\n\n\n<p><a href=\"https:\/\/www.gvs.com.br\/safety\/\" target=\"_blank\" rel=\"noreferrer noopener\">Entre em nosso site<\/a>\u00a0e confira mais produtos que podem te ajudar nessa jornada de prote\u00e7\u00e3o!<\/p>\n\n\n\n<p>Mas,\u00a0<a href=\"https:\/\/www.gvs.com.br\/safety\/blog\/\" target=\"_blank\" rel=\"noreferrer noopener\">n\u00e3o esque\u00e7a de acessar nosso blog<\/a>, j\u00e1 que nele, voc\u00ea pode encontrar mais informa\u00e7\u00f5es sobre elementos que comp\u00f5em a seguran\u00e7a respirat\u00f3ria.<\/p>\n\n\n\n<div class=\"wp-block-uagb-separator uagb-block-12928a3d\"><div class=\"uagb-separator-spacing-wrapper\"><div class=\"wp-block-uagb-separator__inner\" style=\"--my-background-image:\"><\/div><\/div><\/div>\n\n\n\n<div class=\"wp-block-uagb-advanced-heading uagb-block-37689345\"><h2 class=\"uagb-heading-text\"><strong>Acreditamos em proteger voc\u00ea para os melhores momentos da vida!<\/strong><\/h2><\/div>\n\n\n\n<p>Criamos solu\u00e7\u00f5es de prote\u00e7\u00e3o respirat\u00f3ria que tornam voc\u00ea e sua equipe mais seguros, para que todos possam voltar para casa no final de cada dia, seguros, saud\u00e1veis e capazes de fazer aquilo que mais importa.<\/p>\n\n\n\n<div class=\"wp-block-uagb-separator uagb-block-b8b79ce8\"><div class=\"uagb-separator-spacing-wrapper\"><div class=\"wp-block-uagb-separator__inner\" style=\"--my-background-image:\"><\/div><\/div><\/div>\n\n\n\n<div class=\"wp-block-uagb-call-to-action uagb-block-e6f6b3df wp-block-button\"><div class=\"uagb-cta__wrap\"><h3 class=\"uagb-cta__title\">Fale com a gente!<\/h3><p class=\"uagb-cta__desc\">Entre em contato com o nosso time hoje mesmo, esclare\u00e7a as suas d\u00favidas e&nbsp;<strong>solicite a sua cota\u00e7\u00e3o!<\/strong><\/p><\/div><div class=\"uagb-cta__buttons\"><a href=\"https:\/\/wa.me\/551938797222\" class=\"uagb-cta__button-link-wrapper wp-block-button__link\" target=\"_self\" rel=\"noopener noreferrer\"><svg xmlns=\"https:\/\/www.w3.org\/2000\/svg\" viewBox=\"0 0 448 512\"><path d=\"M380.9 97.1C339 55.1 283.2 32 223.9 32c-122.4 0-222 99.6-222 222 0 39.1 10.2 77.3 29.6 111L0 480l117.7-30.9c32.4 17.7 68.9 27 106.1 27h.1c122.3 0 224.1-99.6 224.1-222 0-59.3-25.2-115-67.1-157zm-157 341.6c-33.2 0-65.7-8.9-94-25.7l-6.7-4-69.8 18.3L72 359.2l-4.4-7c-18.5-29.4-28.2-63.3-28.2-98.2 0-101.7 82.8-184.5 184.6-184.5 49.3 0 95.6 19.2 130.4 54.1 34.8 34.9 56.2 81.2 56.1 130.5 0 101.8-84.9 184.6-186.6 184.6zm101.2-138.2c-5.5-2.8-32.8-16.2-37.9-18-5.1-1.9-8.8-2.8-12.5 2.8-3.7 5.6-14.3 18-17.6 21.8-3.2 3.7-6.5 4.2-12 1.4-32.6-16.3-54-29.1-75.5-66-5.7-9.8 5.7-9.1 16.3-30.3 1.8-3.7 .9-6.9-.5-9.7-1.4-2.8-12.5-30.1-17.1-41.2-4.5-10.8-9.1-9.3-12.5-9.5-3.2-.2-6.9-.2-10.6-.2-3.7 0-9.7 1.4-14.8 6.9-5.1 5.6-19.4 19-19.4 46.3 0 27.3 19.9 53.7 22.6 57.4 2.8 3.7 39.1 59.7 94.8 83.8 35.2 15.2 49 16.5 66.6 13.9 10.7-1.6 32.8-13.4 37.4-26.4 4.6-13 4.6-24.1 3.2-26.4-1.3-2.5-5-3.9-10.5-6.6z\"><\/path><\/svg>WhatsApp<\/a><\/div><\/div>\n\n\n\n<div class=\"wp-block-uagb-separator uagb-block-96e52944\"><div class=\"uagb-separator-spacing-wrapper\"><div class=\"wp-block-uagb-separator__inner\" style=\"--my-background-image:\"><\/div><\/div><\/div>\n\n\n\n<div class=\"wp-block-uagb-call-to-action uagb-block-bf9c28ce wp-block-button\"><div class=\"uagb-cta__wrap\"><h3 class=\"uagb-cta__title\">Fique por dentro das novidades!<\/h3><p class=\"uagb-cta__desc\">Acompanhe nossa jornada de inova\u00e7\u00e3o e saiba mais sobre nossos produtos, acesse <strong>Safety da GVS.<\/strong><\/p><\/div><div class=\"uagb-cta__buttons\"><a href=\"https:\/\/www.gvs.com.br\/safety\" class=\"uagb-cta__button-link-wrapper wp-block-button__link\" target=\"_self\" rel=\"noopener noreferrer\">Acesse o site<\/a><\/div><\/div>\n\n\n\n<p><\/p>\n","protected":false},"excerpt":{"rendered":"<p>M\u00e1scara industrial: conhe\u00e7a a linha RPB da GVS! Os melhores equipamentos de prote\u00e7\u00e3o respirat\u00f3ria para trabalhos perigosos! Com toda a [&hellip;]<\/p>\n","protected":false},"author":2,"featured_media":2981,"comment_status":"open","ping_status":"open","sticky":false,"template":"","format":"standard","meta":{"_uag_custom_page_level_css":"","site-sidebar-layout":"default","site-content-layout":"","ast-site-content-layout":"","site-content-style":"default","site-sidebar-style":"default","ast-global-header-display":"","ast-banner-title-visibility":"","ast-main-header-display":"","ast-hfb-above-header-display":"","ast-hfb-below-header-display":"","ast-hfb-mobile-header-display":"","site-post-title":"disabled","ast-breadcrumbs-content":"","ast-featured-img":"","footer-sml-layout":"","ast-disable-related-posts":"","theme-transparent-header-meta":"","adv-header-id-meta":"","stick-header-meta":"","header-above-stick-meta":"","header-main-stick-meta":"","header-below-stick-meta":"","astra-migrate-meta-layouts":"default","ast-page-background-enabled":"default","ast-page-background-meta":{"desktop":{"background-color":"var(--ast-global-color-4)","background-image":"","background-repeat":"repeat","background-position":"center center","background-size":"auto","background-attachment":"scroll","background-type":"","background-media":"","overlay-type":"","overlay-color":"","overlay-opacity":"","overlay-gradient":""},"tablet":{"background-color":"","background-image":"","background-repeat":"repeat","background-position":"center center","background-size":"auto","background-attachment":"scroll","background-type":"","background-media":"","overlay-type":"","overlay-color":"","overlay-opacity":"","overlay-gradient":""},"mobile":{"background-color":"","background-image":"","background-repeat":"repeat","background-position":"center center","background-size":"auto","background-attachment":"scroll","background-type":"","background-media":"","overlay-type":"","overlay-color":"","overlay-opacity":"","overlay-gradient":""}},"ast-content-background-meta":{"desktop":{"background-color":"var(--ast-global-color-5)","background-image":"","background-repeat":"repeat","background-position":"center center","background-size":"auto","background-attachment":"scroll","background-type":"","background-media":"","overlay-type":"","overlay-color":"","overlay-opacity":"","overlay-gradient":""},"tablet":{"background-color":"var(--ast-global-color-5)","background-image":"","background-repeat":"repeat","background-position":"center center","background-size":"auto","background-attachment":"scroll","background-type":"","background-media":"","overlay-type":"","overlay-color":"","overlay-opacity":"","overlay-gradient":""},"mobile":{"background-color":"var(--ast-global-color-5)","background-image":"","background-repeat":"repeat","background-position":"center center","background-size":"auto","background-attachment":"scroll","background-type":"","background-media":"","overlay-type":"","overlay-color":"","overlay-opacity":"","overlay-gradient":""}},"footnotes":""},"categories":[5],"tags":[17,15,43,16],"class_list":["post-2976","post","type-post","status-publish","format-standard","has-post-thumbnail","hentry","category-safety","tag-produtos-gvs","tag-protecao-respiratoria","tag-rpb","tag-safety"],"yoast_head":"<!-- This site is optimized with the Yoast SEO plugin v27.2 - https:\/\/yoast.com\/product\/yoast-seo-wordpress\/ -->\n<title>M\u00e1scara industrial: conhe\u00e7a a linha RPB da GVS<\/title>\n<meta name=\"description\" content=\"M\u00e1scara industrial: conhe\u00e7a a linha RPB da GVS! Os melhores equipamentos de prote\u00e7\u00e3o respirat\u00f3ria para trabalhos perigosos!\" \/>\n<meta name=\"robots\" content=\"index, follow, max-snippet:-1, max-image-preview:large, max-video-preview:-1\" \/>\n<link rel=\"canonical\" href=\"https:\/\/www.gvs.com.br\/safety\/2025\/01\/12\/mascara-industrial-conheca-a-linha-rpb-da-gvs\/\" \/>\n<meta property=\"og:locale\" content=\"pt_BR\" \/>\n<meta property=\"og:type\" content=\"article\" \/>\n<meta property=\"og:title\" content=\"M\u00e1scara industrial: conhe\u00e7a a linha RPB da GVS\" \/>\n<meta property=\"og:description\" content=\"M\u00e1scara industrial: conhe\u00e7a a linha RPB da GVS! Os melhores equipamentos de prote\u00e7\u00e3o respirat\u00f3ria para trabalhos perigosos!\" \/>\n<meta property=\"og:url\" content=\"https:\/\/www.gvs.com.br\/safety\/2025\/01\/12\/mascara-industrial-conheca-a-linha-rpb-da-gvs\/\" \/>\n<meta property=\"og:site_name\" content=\"Safety\" \/>\n<meta property=\"article:published_time\" content=\"2025-01-12T18:42:00+00:00\" \/>\n<meta property=\"article:modified_time\" content=\"2025-09-11T18:50:00+00:00\" \/>\n<meta property=\"og:image\" content=\"https:\/\/www.gvs.com.br\/safety\/wp-content\/uploads\/2025\/09\/profissional-com-mascara-industrial-1.jpg\" \/>\n\t<meta property=\"og:image:width\" content=\"1123\" \/>\n\t<meta property=\"og:image:height\" content=\"633\" \/>\n\t<meta property=\"og:image:type\" content=\"image\/jpeg\" \/>\n<meta name=\"author\" content=\"admin-gvs\" \/>\n<meta name=\"twitter:card\" content=\"summary_large_image\" \/>\n<meta name=\"twitter:label1\" content=\"Escrito por\" \/>\n\t<meta name=\"twitter:data1\" content=\"admin-gvs\" \/>\n\t<meta name=\"twitter:label2\" content=\"Est. tempo de leitura\" \/>\n\t<meta name=\"twitter:data2\" content=\"6 minutos\" \/>\n<script type=\"application\/ld+json\" class=\"yoast-schema-graph\">{\"@context\":\"https:\/\/schema.org\",\"@graph\":[{\"@type\":\"Article\",\"@id\":\"https:\/\/www.gvs.com.br\/safety\/2025\/01\/12\/mascara-industrial-conheca-a-linha-rpb-da-gvs\/#article\",\"isPartOf\":{\"@id\":\"https:\/\/www.gvs.com.br\/safety\/2025\/01\/12\/mascara-industrial-conheca-a-linha-rpb-da-gvs\/\"},\"author\":{\"name\":\"admin-gvs\",\"@id\":\"https:\/\/www.gvs.com.br\/safety\/#\/schema\/person\/08f0e38941dafa538ee5706ec48fe5a1\"},\"headline\":\"M\u00e1scara industrial: conhe\u00e7a a linha RPB da GVS!\",\"datePublished\":\"2025-01-12T18:42:00+00:00\",\"dateModified\":\"2025-09-11T18:50:00+00:00\",\"mainEntityOfPage\":{\"@id\":\"https:\/\/www.gvs.com.br\/safety\/2025\/01\/12\/mascara-industrial-conheca-a-linha-rpb-da-gvs\/\"},\"wordCount\":1127,\"commentCount\":0,\"publisher\":{\"@id\":\"https:\/\/www.gvs.com.br\/safety\/#organization\"},\"image\":{\"@id\":\"https:\/\/www.gvs.com.br\/safety\/2025\/01\/12\/mascara-industrial-conheca-a-linha-rpb-da-gvs\/#primaryimage\"},\"thumbnailUrl\":\"https:\/\/www.gvs.com.br\/safety\/wp-content\/uploads\/2025\/09\/profissional-com-mascara-industrial-1.jpg\",\"keywords\":[\"Produtos GVS\",\"Prote\u00e7\u00e3o Respirat\u00f3ria\",\"RPB\",\"Safety\"],\"articleSection\":[\"Safety\"],\"inLanguage\":\"pt-BR\",\"potentialAction\":[{\"@type\":\"CommentAction\",\"name\":\"Comment\",\"target\":[\"https:\/\/www.gvs.com.br\/safety\/2025\/01\/12\/mascara-industrial-conheca-a-linha-rpb-da-gvs\/#respond\"]}]},{\"@type\":\"WebPage\",\"@id\":\"https:\/\/www.gvs.com.br\/safety\/2025\/01\/12\/mascara-industrial-conheca-a-linha-rpb-da-gvs\/\",\"url\":\"https:\/\/www.gvs.com.br\/safety\/2025\/01\/12\/mascara-industrial-conheca-a-linha-rpb-da-gvs\/\",\"name\":\"M\u00e1scara industrial: conhe\u00e7a a linha RPB da GVS\",\"isPartOf\":{\"@id\":\"https:\/\/www.gvs.com.br\/safety\/#website\"},\"primaryImageOfPage\":{\"@id\":\"https:\/\/www.gvs.com.br\/safety\/2025\/01\/12\/mascara-industrial-conheca-a-linha-rpb-da-gvs\/#primaryimage\"},\"image\":{\"@id\":\"https:\/\/www.gvs.com.br\/safety\/2025\/01\/12\/mascara-industrial-conheca-a-linha-rpb-da-gvs\/#primaryimage\"},\"thumbnailUrl\":\"https:\/\/www.gvs.com.br\/safety\/wp-content\/uploads\/2025\/09\/profissional-com-mascara-industrial-1.jpg\",\"datePublished\":\"2025-01-12T18:42:00+00:00\",\"dateModified\":\"2025-09-11T18:50:00+00:00\",\"description\":\"M\u00e1scara industrial: conhe\u00e7a a linha RPB da GVS! Os melhores equipamentos de prote\u00e7\u00e3o respirat\u00f3ria para trabalhos perigosos!\",\"breadcrumb\":{\"@id\":\"https:\/\/www.gvs.com.br\/safety\/2025\/01\/12\/mascara-industrial-conheca-a-linha-rpb-da-gvs\/#breadcrumb\"},\"inLanguage\":\"pt-BR\",\"potentialAction\":[{\"@type\":\"ReadAction\",\"target\":[\"https:\/\/www.gvs.com.br\/safety\/2025\/01\/12\/mascara-industrial-conheca-a-linha-rpb-da-gvs\/\"]}]},{\"@type\":\"ImageObject\",\"inLanguage\":\"pt-BR\",\"@id\":\"https:\/\/www.gvs.com.br\/safety\/2025\/01\/12\/mascara-industrial-conheca-a-linha-rpb-da-gvs\/#primaryimage\",\"url\":\"https:\/\/www.gvs.com.br\/safety\/wp-content\/uploads\/2025\/09\/profissional-com-mascara-industrial-1.jpg\",\"contentUrl\":\"https:\/\/www.gvs.com.br\/safety\/wp-content\/uploads\/2025\/09\/profissional-com-mascara-industrial-1.jpg\",\"width\":1123,\"height\":633},{\"@type\":\"BreadcrumbList\",\"@id\":\"https:\/\/www.gvs.com.br\/safety\/2025\/01\/12\/mascara-industrial-conheca-a-linha-rpb-da-gvs\/#breadcrumb\",\"itemListElement\":[{\"@type\":\"ListItem\",\"position\":1,\"name\":\"In\u00edcio\",\"item\":\"https:\/\/www.gvs.com.br\/safety\/\"},{\"@type\":\"ListItem\",\"position\":2,\"name\":\"M\u00e1scara industrial: conhe\u00e7a a linha RPB da GVS!\"}]},{\"@type\":\"WebSite\",\"@id\":\"https:\/\/www.gvs.com.br\/safety\/#website\",\"url\":\"https:\/\/www.gvs.com.br\/safety\/\",\"name\":\"Safety\",\"description\":\"\",\"publisher\":{\"@id\":\"https:\/\/www.gvs.com.br\/safety\/#organization\"},\"potentialAction\":[{\"@type\":\"SearchAction\",\"target\":{\"@type\":\"EntryPoint\",\"urlTemplate\":\"https:\/\/www.gvs.com.br\/safety\/?s={search_term_string}\"},\"query-input\":{\"@type\":\"PropertyValueSpecification\",\"valueRequired\":true,\"valueName\":\"search_term_string\"}}],\"inLanguage\":\"pt-BR\"},{\"@type\":\"Organization\",\"@id\":\"https:\/\/www.gvs.com.br\/safety\/#organization\",\"name\":\"Safety\",\"url\":\"https:\/\/www.gvs.com.br\/safety\/\",\"logo\":{\"@type\":\"ImageObject\",\"inLanguage\":\"pt-BR\",\"@id\":\"https:\/\/www.gvs.com.br\/safety\/#\/schema\/logo\/image\/\",\"url\":\"https:\/\/www.gvs.com.br\/safety\/wp-content\/uploads\/2024\/12\/Logo-GVS-Safety.png\",\"contentUrl\":\"https:\/\/www.gvs.com.br\/safety\/wp-content\/uploads\/2024\/12\/Logo-GVS-Safety.png\",\"width\":1920,\"height\":1080,\"caption\":\"Safety\"},\"image\":{\"@id\":\"https:\/\/www.gvs.com.br\/safety\/#\/schema\/logo\/image\/\"}},{\"@type\":\"Person\",\"@id\":\"https:\/\/www.gvs.com.br\/safety\/#\/schema\/person\/08f0e38941dafa538ee5706ec48fe5a1\",\"name\":\"admin-gvs\",\"image\":{\"@type\":\"ImageObject\",\"inLanguage\":\"pt-BR\",\"@id\":\"https:\/\/secure.gravatar.com\/avatar\/753807cf2c24e7c5051446eb4fc6c55657714e911f26a29329d9dc501ae35121?s=96&d=mm&r=g\",\"url\":\"https:\/\/secure.gravatar.com\/avatar\/753807cf2c24e7c5051446eb4fc6c55657714e911f26a29329d9dc501ae35121?s=96&d=mm&r=g\",\"contentUrl\":\"https:\/\/secure.gravatar.com\/avatar\/753807cf2c24e7c5051446eb4fc6c55657714e911f26a29329d9dc501ae35121?s=96&d=mm&r=g\",\"caption\":\"admin-gvs\"},\"url\":\"https:\/\/www.gvs.com.br\/safety\/author\/admin-gvs\/\"}]}<\/script>\n<!-- \/ Yoast SEO plugin. -->","yoast_head_json":{"title":"M\u00e1scara industrial: conhe\u00e7a a linha RPB da GVS","description":"M\u00e1scara industrial: conhe\u00e7a a linha RPB da GVS! Os melhores equipamentos de prote\u00e7\u00e3o respirat\u00f3ria para trabalhos perigosos!","robots":{"index":"index","follow":"follow","max-snippet":"max-snippet:-1","max-image-preview":"max-image-preview:large","max-video-preview":"max-video-preview:-1"},"canonical":"https:\/\/www.gvs.com.br\/safety\/2025\/01\/12\/mascara-industrial-conheca-a-linha-rpb-da-gvs\/","og_locale":"pt_BR","og_type":"article","og_title":"M\u00e1scara industrial: conhe\u00e7a a linha RPB da GVS","og_description":"M\u00e1scara industrial: conhe\u00e7a a linha RPB da GVS! Os melhores equipamentos de prote\u00e7\u00e3o respirat\u00f3ria para trabalhos perigosos!","og_url":"https:\/\/www.gvs.com.br\/safety\/2025\/01\/12\/mascara-industrial-conheca-a-linha-rpb-da-gvs\/","og_site_name":"Safety","article_published_time":"2025-01-12T18:42:00+00:00","article_modified_time":"2025-09-11T18:50:00+00:00","og_image":[{"width":1123,"height":633,"url":"https:\/\/www.gvs.com.br\/safety\/wp-content\/uploads\/2025\/09\/profissional-com-mascara-industrial-1.jpg","type":"image\/jpeg"}],"author":"admin-gvs","twitter_card":"summary_large_image","twitter_misc":{"Escrito por":"admin-gvs","Est. tempo de leitura":"6 minutos"},"schema":{"@context":"https:\/\/schema.org","@graph":[{"@type":"Article","@id":"https:\/\/www.gvs.com.br\/safety\/2025\/01\/12\/mascara-industrial-conheca-a-linha-rpb-da-gvs\/#article","isPartOf":{"@id":"https:\/\/www.gvs.com.br\/safety\/2025\/01\/12\/mascara-industrial-conheca-a-linha-rpb-da-gvs\/"},"author":{"name":"admin-gvs","@id":"https:\/\/www.gvs.com.br\/safety\/#\/schema\/person\/08f0e38941dafa538ee5706ec48fe5a1"},"headline":"M\u00e1scara industrial: conhe\u00e7a a linha RPB da GVS!","datePublished":"2025-01-12T18:42:00+00:00","dateModified":"2025-09-11T18:50:00+00:00","mainEntityOfPage":{"@id":"https:\/\/www.gvs.com.br\/safety\/2025\/01\/12\/mascara-industrial-conheca-a-linha-rpb-da-gvs\/"},"wordCount":1127,"commentCount":0,"publisher":{"@id":"https:\/\/www.gvs.com.br\/safety\/#organization"},"image":{"@id":"https:\/\/www.gvs.com.br\/safety\/2025\/01\/12\/mascara-industrial-conheca-a-linha-rpb-da-gvs\/#primaryimage"},"thumbnailUrl":"https:\/\/www.gvs.com.br\/safety\/wp-content\/uploads\/2025\/09\/profissional-com-mascara-industrial-1.jpg","keywords":["Produtos GVS","Prote\u00e7\u00e3o Respirat\u00f3ria","RPB","Safety"],"articleSection":["Safety"],"inLanguage":"pt-BR","potentialAction":[{"@type":"CommentAction","name":"Comment","target":["https:\/\/www.gvs.com.br\/safety\/2025\/01\/12\/mascara-industrial-conheca-a-linha-rpb-da-gvs\/#respond"]}]},{"@type":"WebPage","@id":"https:\/\/www.gvs.com.br\/safety\/2025\/01\/12\/mascara-industrial-conheca-a-linha-rpb-da-gvs\/","url":"https:\/\/www.gvs.com.br\/safety\/2025\/01\/12\/mascara-industrial-conheca-a-linha-rpb-da-gvs\/","name":"M\u00e1scara industrial: conhe\u00e7a a linha RPB da GVS","isPartOf":{"@id":"https:\/\/www.gvs.com.br\/safety\/#website"},"primaryImageOfPage":{"@id":"https:\/\/www.gvs.com.br\/safety\/2025\/01\/12\/mascara-industrial-conheca-a-linha-rpb-da-gvs\/#primaryimage"},"image":{"@id":"https:\/\/www.gvs.com.br\/safety\/2025\/01\/12\/mascara-industrial-conheca-a-linha-rpb-da-gvs\/#primaryimage"},"thumbnailUrl":"https:\/\/www.gvs.com.br\/safety\/wp-content\/uploads\/2025\/09\/profissional-com-mascara-industrial-1.jpg","datePublished":"2025-01-12T18:42:00+00:00","dateModified":"2025-09-11T18:50:00+00:00","description":"M\u00e1scara industrial: conhe\u00e7a a linha RPB da GVS! Os melhores equipamentos de prote\u00e7\u00e3o respirat\u00f3ria para trabalhos perigosos!","breadcrumb":{"@id":"https:\/\/www.gvs.com.br\/safety\/2025\/01\/12\/mascara-industrial-conheca-a-linha-rpb-da-gvs\/#breadcrumb"},"inLanguage":"pt-BR","potentialAction":[{"@type":"ReadAction","target":["https:\/\/www.gvs.com.br\/safety\/2025\/01\/12\/mascara-industrial-conheca-a-linha-rpb-da-gvs\/"]}]},{"@type":"ImageObject","inLanguage":"pt-BR","@id":"https:\/\/www.gvs.com.br\/safety\/2025\/01\/12\/mascara-industrial-conheca-a-linha-rpb-da-gvs\/#primaryimage","url":"https:\/\/www.gvs.com.br\/safety\/wp-content\/uploads\/2025\/09\/profissional-com-mascara-industrial-1.jpg","contentUrl":"https:\/\/www.gvs.com.br\/safety\/wp-content\/uploads\/2025\/09\/profissional-com-mascara-industrial-1.jpg","width":1123,"height":633},{"@type":"BreadcrumbList","@id":"https:\/\/www.gvs.com.br\/safety\/2025\/01\/12\/mascara-industrial-conheca-a-linha-rpb-da-gvs\/#breadcrumb","itemListElement":[{"@type":"ListItem","position":1,"name":"In\u00edcio","item":"https:\/\/www.gvs.com.br\/safety\/"},{"@type":"ListItem","position":2,"name":"M\u00e1scara industrial: conhe\u00e7a a linha RPB da GVS!"}]},{"@type":"WebSite","@id":"https:\/\/www.gvs.com.br\/safety\/#website","url":"https:\/\/www.gvs.com.br\/safety\/","name":"Safety","description":"","publisher":{"@id":"https:\/\/www.gvs.com.br\/safety\/#organization"},"potentialAction":[{"@type":"SearchAction","target":{"@type":"EntryPoint","urlTemplate":"https:\/\/www.gvs.com.br\/safety\/?s={search_term_string}"},"query-input":{"@type":"PropertyValueSpecification","valueRequired":true,"valueName":"search_term_string"}}],"inLanguage":"pt-BR"},{"@type":"Organization","@id":"https:\/\/www.gvs.com.br\/safety\/#organization","name":"Safety","url":"https:\/\/www.gvs.com.br\/safety\/","logo":{"@type":"ImageObject","inLanguage":"pt-BR","@id":"https:\/\/www.gvs.com.br\/safety\/#\/schema\/logo\/image\/","url":"https:\/\/www.gvs.com.br\/safety\/wp-content\/uploads\/2024\/12\/Logo-GVS-Safety.png","contentUrl":"https:\/\/www.gvs.com.br\/safety\/wp-content\/uploads\/2024\/12\/Logo-GVS-Safety.png","width":1920,"height":1080,"caption":"Safety"},"image":{"@id":"https:\/\/www.gvs.com.br\/safety\/#\/schema\/logo\/image\/"}},{"@type":"Person","@id":"https:\/\/www.gvs.com.br\/safety\/#\/schema\/person\/08f0e38941dafa538ee5706ec48fe5a1","name":"admin-gvs","image":{"@type":"ImageObject","inLanguage":"pt-BR","@id":"https:\/\/secure.gravatar.com\/avatar\/753807cf2c24e7c5051446eb4fc6c55657714e911f26a29329d9dc501ae35121?s=96&d=mm&r=g","url":"https:\/\/secure.gravatar.com\/avatar\/753807cf2c24e7c5051446eb4fc6c55657714e911f26a29329d9dc501ae35121?s=96&d=mm&r=g","contentUrl":"https:\/\/secure.gravatar.com\/avatar\/753807cf2c24e7c5051446eb4fc6c55657714e911f26a29329d9dc501ae35121?s=96&d=mm&r=g","caption":"admin-gvs"},"url":"https:\/\/www.gvs.com.br\/safety\/author\/admin-gvs\/"}]}},"uagb_featured_image_src":{"full":["https:\/\/www.gvs.com.br\/safety\/wp-content\/uploads\/2025\/09\/profissional-com-mascara-industrial-1.jpg",1123,633,false],"thumbnail":["https:\/\/www.gvs.com.br\/safety\/wp-content\/uploads\/2025\/09\/profissional-com-mascara-industrial-1-150x150.jpg",150,150,true],"medium":["https:\/\/www.gvs.com.br\/safety\/wp-content\/uploads\/2025\/09\/profissional-com-mascara-industrial-1-300x169.jpg",300,169,true],"medium_large":["https:\/\/www.gvs.com.br\/safety\/wp-content\/uploads\/2025\/09\/profissional-com-mascara-industrial-1-768x433.jpg",768,433,true],"large":["https:\/\/www.gvs.com.br\/safety\/wp-content\/uploads\/2025\/09\/profissional-com-mascara-industrial-1-1024x577.jpg",1024,577,true],"1536x1536":["https:\/\/www.gvs.com.br\/safety\/wp-content\/uploads\/2025\/09\/profissional-com-mascara-industrial-1.jpg",1123,633,false],"2048x2048":["https:\/\/www.gvs.com.br\/safety\/wp-content\/uploads\/2025\/09\/profissional-com-mascara-industrial-1.jpg",1123,633,false]},"uagb_author_info":{"display_name":"admin-gvs","author_link":"https:\/\/www.gvs.com.br\/safety\/author\/admin-gvs\/"},"uagb_comment_info":0,"uagb_excerpt":"M\u00e1scara industrial: conhe\u00e7a a linha RPB da GVS! Os melhores equipamentos de prote\u00e7\u00e3o respirat\u00f3ria para trabalhos perigosos! Com toda a [&hellip;]","_links":{"self":[{"href":"https:\/\/www.gvs.com.br\/safety\/wp-json\/wp\/v2\/posts\/2976","targetHints":{"allow":["GET"]}}],"collection":[{"href":"https:\/\/www.gvs.com.br\/safety\/wp-json\/wp\/v2\/posts"}],"about":[{"href":"https:\/\/www.gvs.com.br\/safety\/wp-json\/wp\/v2\/types\/post"}],"author":[{"embeddable":true,"href":"https:\/\/www.gvs.com.br\/safety\/wp-json\/wp\/v2\/users\/2"}],"replies":[{"embeddable":true,"href":"https:\/\/www.gvs.com.br\/safety\/wp-json\/wp\/v2\/comments?post=2976"}],"version-history":[{"count":1,"href":"https:\/\/www.gvs.com.br\/safety\/wp-json\/wp\/v2\/posts\/2976\/revisions"}],"predecessor-version":[{"id":2983,"href":"https:\/\/www.gvs.com.br\/safety\/wp-json\/wp\/v2\/posts\/2976\/revisions\/2983"}],"wp:featuredmedia":[{"embeddable":true,"href":"https:\/\/www.gvs.com.br\/safety\/wp-json\/wp\/v2\/media\/2981"}],"wp:attachment":[{"href":"https:\/\/www.gvs.com.br\/safety\/wp-json\/wp\/v2\/media?parent=2976"}],"wp:term":[{"taxonomy":"category","embeddable":true,"href":"https:\/\/www.gvs.com.br\/safety\/wp-json\/wp\/v2\/categories?post=2976"},{"taxonomy":"post_tag","embeddable":true,"href":"https:\/\/www.gvs.com.br\/safety\/wp-json\/wp\/v2\/tags?post=2976"}],"curies":[{"name":"wp","href":"https:\/\/api.w.org\/{rel}","templated":true}]}}