{"id":2975,"date":"2025-01-12T18:41:00","date_gmt":"2025-01-12T18:41:00","guid":{"rendered":"https:\/\/www.gvs.com.br\/safety\/?p=2975"},"modified":"2025-09-11T18:53:38","modified_gmt":"2025-09-11T18:53:38","slug":"mascara-de-protecao-respiratoria-2","status":"publish","type":"post","link":"https:\/\/www.gvs.com.br\/safety\/2025\/01\/12\/mascara-de-protecao-respiratoria-2\/","title":{"rendered":"M\u00e1scara de prote\u00e7\u00e3o respirat\u00f3ria: modelos flex\u00edveis e leves!"},"content":{"rendered":"\n<div class=\"wp-block-uagb-container uagb-block-2d8af228 alignfull uagb-is-root-container\"><div class=\"uagb-container-inner-blocks-wrap\">\n<div class=\"wp-block-uagb-advanced-heading uagb-block-88fad113\"><h2 class=\"uagb-heading-text\"><strong><strong>M\u00e1scara de prote\u00e7\u00e3o respirat\u00f3ria: <\/strong><\/strong><br><strong><strong>modelos flex\u00edveis e leves!<\/strong><\/strong><\/h2><\/div>\n\n\n\n<p class=\"has-ast-global-color-5-color has-text-color has-link-color wp-elements-cff8e48315c65f253e35bfb51b9d05cc\"><strong>Confira equipamentos tecnol\u00f3gicos que facilitam o trabalho di\u00e1rio de uma equipe<\/strong><\/p>\n<\/div><\/div>\n\n\n\n<p><\/p>\n\n\n\n<p>Voc\u00ea j\u00e1 parou para pensar em como as m\u00e1scaras de prote\u00e7\u00e3o respirat\u00f3ria s\u00e3o importantes na sua empresa?<\/p>\n\n\n\n<p>Isso se d\u00e1, pelo fato de que os funcion\u00e1rios s\u00e3o imprescind\u00edveis na linha de produ\u00e7\u00e3o de qualquer segmento. Por isso, a sa\u00fade deles deve ser prioridade sempre.<\/p>\n\n\n\n<p>Para que isso se concretize e voc\u00ea consiga proporcionar a seguran\u00e7a necess\u00e1ria em todas as atividades da sua empresa, vamos te apresentar algumas sugest\u00f5es de modelos de m\u00e1scaras de prote\u00e7\u00e3o respirat\u00f3ria.<\/p>\n\n\n\n<p>Ent\u00e3o, fique bem atento a todas as sugest\u00f5es para escolher a melhor, mais tecnol\u00f3gica e adequada para as atividades presentes na sua empresa.<\/p>\n\n\n\n<h2 class=\"wp-block-heading\"><strong>Por que as m\u00e1scaras de prote\u00e7\u00e3o respirat\u00f3ria s\u00e3o importantes?<\/strong><\/h2>\n\n\n\n<p>Primeiramente, saber os motivos que levam as m\u00e1scaras de prote\u00e7\u00e3o respirat\u00f3ria serem t\u00e3o importante, \u00e9 o primeiro passo para investir em produtos de qualidade e valorizar o trabalho dos seus funcion\u00e1rios.<\/p>\n\n\n\n<p>Portanto, saiba que a m\u00e1scara de prote\u00e7\u00e3o respirat\u00f3ria \u00e9 essencial, especialmente em setores industriais ou em ambientes onde h\u00e1 presen\u00e7a de subst\u00e2ncias nocivas ou agentes contaminantes no ar.<\/p>\n\n\n\n<p>Em muitos ambientes de trabalho, h\u00e1 presen\u00e7a de poeira, fumos, gases, vapores, aeross\u00f3is ou outros poluentes que podem ser inalados pelo trabalhador. A m\u00e1scara de prote\u00e7\u00e3o impede que essas subst\u00e2ncias prejudiciais cheguem aos pulm\u00f5es, protegendo a sa\u00fade respirat\u00f3ria de todos os colaboradores.<\/p>\n\n\n\n<p>Por fim, as m\u00e1scaras de prote\u00e7\u00e3o respirat\u00f3ria s\u00e3o importantes para preservar a sa\u00fade dos trabalhadores, prevenir doen\u00e7as ocupacionais e cumprir as regulamenta\u00e7\u00f5es de seguran\u00e7a no ambiente de trabalho.<\/p>\n\n\n\n<p>\u00c9 fundamental que os funcion\u00e1rios sejam devidamente treinados para o uso correto das m\u00e1scaras, al\u00e9m de garantir a qualidade e a adequa\u00e7\u00e3o do equipamento \u00e0s tarefas realizadas na empresa.<\/p>\n\n\n\n<h2 class=\"wp-block-heading\"><strong>Linha Elipse Integra: modelos de m\u00e1scaras de prote\u00e7\u00e3o respirat\u00f3ria<\/strong><\/h2>\n\n\n\n<p>Chegou o momento de conhecer as m\u00e1scaras desenvolvidas pela GVS, modelos tecnol\u00f3gicos que prometem facilitar a vida do trabalhador.<\/p>\n\n\n\n<p>Abaixo, confira alguns modelos da nossa linha Elipse Integra:<\/p>\n\n\n\n<figure class=\"wp-block-image aligncenter size-large\"><img loading=\"lazy\" decoding=\"async\" width=\"1024\" height=\"323\" src=\"https:\/\/www.gvs.com.br\/safety\/wp-content\/uploads\/2025\/09\/blog-1-meio-1024x323.png\" alt=\"\" class=\"wp-image-2985\" srcset=\"https:\/\/www.gvs.com.br\/safety\/wp-content\/uploads\/2025\/09\/blog-1-meio-1024x323.png 1024w, https:\/\/www.gvs.com.br\/safety\/wp-content\/uploads\/2025\/09\/blog-1-meio-300x95.png 300w, https:\/\/www.gvs.com.br\/safety\/wp-content\/uploads\/2025\/09\/blog-1-meio-768x242.png 768w, https:\/\/www.gvs.com.br\/safety\/wp-content\/uploads\/2025\/09\/blog-1-meio.png 1110w\" sizes=\"auto, (max-width: 1024px) 100vw, 1024px\" \/><\/figure>\n\n\n\n<h3 class=\"wp-block-heading\">M\u00e1scara Elipse Integra P3<\/h3>\n\n\n\n<p>Adapt\u00e1vel a diversos tipos de rostos, possui um tamanho reduzido, o que permite o uso conjunto com outros tipos de EPIs.<\/p>\n\n\n\n<p>Atua na prote\u00e7\u00e3o contra poeiras, n\u00e9voas e fumos, sendo muito usada na ind\u00fastria sider\u00fargica, de soldagem, farmac\u00eautica, agricultura e outras.<\/p>\n\n\n\n<h3 class=\"wp-block-heading\">M\u00e1scara Semifacial Elipse A1<\/h3>\n\n\n\n<p>Equipamento que permite sa\u00edda r\u00e1pida e f\u00e1cil de ar, e impede o ac\u00famulo de suor quente dentro da m\u00e1scara, garantindo a seguran\u00e7a do trabalhador.<\/p>\n\n\n\n<p>Afinal, tendo um design moderno, \u00e9 leve e protege contra vapores, gases, fumos e outros. Em atua\u00e7\u00e3o nas atividades de pintura, agroneg\u00f3cio, manuseio de solventes, ind\u00fastria automotiva e naval.<\/p>\n\n\n\n<h3 class=\"wp-block-heading\">M\u00e1scara Semifacial Elipse A1P3<\/h3>\n\n\n\n<p>Oferece um campo de vis\u00e3o sem interfer\u00eancias, sendo adequada para ser utilizada com EPIs de prote\u00e7\u00e3o, como: \u00f3culos e abafadores de ru\u00eddos.<\/p>\n\n\n\n<p>Possui um tamanho compacto e \u00e9 feita de materiais hipoalerg\u00eanicos. Dessa forma, por ser resistente a altas temperaturas, torna a sua prote\u00e7\u00e3o superior.<\/p>\n\n\n\n<p>Usada em atividades que geram vapores inc\u00f4modos, no manuseio de solventes nas ind\u00fastrias automotiva e naval.<\/p>\n\n\n\n<h3 class=\"wp-block-heading\">M\u00e1scara Semifacial Elipse Integra ABEK<\/h3>\n\n\n\n<p>Com alto n\u00edvel de prote\u00e7\u00e3o contra agentes agressivos, a m\u00e1scara ABEK, \u00e9 composta por cartucho qu\u00edmico multigases que atuam de forma eficiente.<\/p>\n\n\n\n<p>Al\u00e9m disso, essa m\u00e1scara funciona com filtro de carv\u00e3o ativado e absorve contaminantes qu\u00edmicos, protegendo contra poeiras, n\u00e9voas, fumos, contra vapores org\u00e2nicos, am\u00f4nia, metilamina e formalde\u00eddo.<\/p>\n\n\n\n<h3 class=\"wp-block-heading\">M\u00e1scara Semifacial Elipse AE1<\/h3>\n\n\n\n<p>Equipamento com um tamanho adequado, sendo adapt\u00e1vel em qualquer tipo de rosto, com uma boa estrutura e largura em compara\u00e7\u00e3o com os concorrentes.<\/p>\n\n\n\n<p>Assim, disponibiliza maior conforto no uso e alta qualidade na filtra\u00e7\u00e3o respirat\u00f3ria, com tecnologia e modernidade para ser usada em trabalhos de: pintura, \u00e1lcool, gasolina, acetona, aplica\u00e7\u00e3o de defensivos agr\u00edcolas e outros.<\/p>\n\n\n\n<h2 class=\"wp-block-heading\">A GVS tem as melhores m\u00e1scaras de prote\u00e7\u00e3o respirat\u00f3ria!<\/h2>\n\n\n\n<p>Temos os modelos de m\u00e1scaras mais flex\u00edveis e leves do mercado atual, atendendo uma grande gama de trabalhadores em muitos ramos industriais.<\/p>\n\n\n\n<p>Contudo, saiba que nossos produtos v\u00e3o al\u00e9m de tudo o que voc\u00ea j\u00e1 viu. Estamos h\u00e1 anos desenvolvendo solu\u00e7\u00f5es que possam atuar com qualidade, prezando por um design original e tecnologia avan\u00e7ada.<\/p>\n\n\n\n<p>Ent\u00e3o, n\u00e3o fique a\u00ed parado! Conhe\u00e7a tamb\u00e9m, os nossos\u00a0<a href=\"https:\/\/www.gvs.com.br\/safety\/industrias\/\" target=\"_blank\" rel=\"noreferrer noopener\">respiradores para ind\u00fastria pesada<\/a>!<\/p>\n\n\n\n<p>Se voc\u00ea est\u00e1 buscando uma empresa de confian\u00e7a, que garanta o fornecimento de prote\u00e7\u00e3o eficiente em n\u00edveis superiores, conte com a GVS.<\/p>\n\n\n\n<p>A seguran\u00e7a do seu funcion\u00e1rio precisa estar em primeiro lugar, ent\u00e3o, n\u00e3o espere nem mais um segundo para\u00a0<a href=\"https:\/\/www.gvs.com.br\/safety\/contato\/\" target=\"_blank\" rel=\"noreferrer noopener\">entrar em contato<\/a>.<\/p>\n\n\n\n<div class=\"wp-block-uagb-separator uagb-block-12928a3d\"><div class=\"uagb-separator-spacing-wrapper\"><div class=\"wp-block-uagb-separator__inner\" style=\"--my-background-image:\"><\/div><\/div><\/div>\n\n\n\n<div class=\"wp-block-uagb-advanced-heading uagb-block-37689345\"><h2 class=\"uagb-heading-text\"><strong>Acreditamos em proteger voc\u00ea para os melhores momentos da vida!<\/strong><\/h2><\/div>\n\n\n\n<p>Criamos solu\u00e7\u00f5es de prote\u00e7\u00e3o respirat\u00f3ria que tornam voc\u00ea e sua equipe mais seguros, para que todos possam voltar para casa no final de cada dia, seguros, saud\u00e1veis e capazes de fazer aquilo que mais importa.<\/p>\n\n\n\n<div class=\"wp-block-uagb-separator uagb-block-b8b79ce8\"><div class=\"uagb-separator-spacing-wrapper\"><div class=\"wp-block-uagb-separator__inner\" style=\"--my-background-image:\"><\/div><\/div><\/div>\n\n\n\n<div class=\"wp-block-uagb-call-to-action uagb-block-e6f6b3df wp-block-button\"><div class=\"uagb-cta__wrap\"><h3 class=\"uagb-cta__title\">Fale com a gente!<\/h3><p class=\"uagb-cta__desc\">Entre em contato com o nosso time hoje mesmo, esclare\u00e7a as suas d\u00favidas e&nbsp;<strong>solicite a sua cota\u00e7\u00e3o!<\/strong><\/p><\/div><div class=\"uagb-cta__buttons\"><a href=\"https:\/\/wa.me\/551938797222\" class=\"uagb-cta__button-link-wrapper wp-block-button__link\" target=\"_self\" rel=\"noopener noreferrer\"><svg xmlns=\"https:\/\/www.w3.org\/2000\/svg\" viewBox=\"0 0 448 512\"><path d=\"M380.9 97.1C339 55.1 283.2 32 223.9 32c-122.4 0-222 99.6-222 222 0 39.1 10.2 77.3 29.6 111L0 480l117.7-30.9c32.4 17.7 68.9 27 106.1 27h.1c122.3 0 224.1-99.6 224.1-222 0-59.3-25.2-115-67.1-157zm-157 341.6c-33.2 0-65.7-8.9-94-25.7l-6.7-4-69.8 18.3L72 359.2l-4.4-7c-18.5-29.4-28.2-63.3-28.2-98.2 0-101.7 82.8-184.5 184.6-184.5 49.3 0 95.6 19.2 130.4 54.1 34.8 34.9 56.2 81.2 56.1 130.5 0 101.8-84.9 184.6-186.6 184.6zm101.2-138.2c-5.5-2.8-32.8-16.2-37.9-18-5.1-1.9-8.8-2.8-12.5 2.8-3.7 5.6-14.3 18-17.6 21.8-3.2 3.7-6.5 4.2-12 1.4-32.6-16.3-54-29.1-75.5-66-5.7-9.8 5.7-9.1 16.3-30.3 1.8-3.7 .9-6.9-.5-9.7-1.4-2.8-12.5-30.1-17.1-41.2-4.5-10.8-9.1-9.3-12.5-9.5-3.2-.2-6.9-.2-10.6-.2-3.7 0-9.7 1.4-14.8 6.9-5.1 5.6-19.4 19-19.4 46.3 0 27.3 19.9 53.7 22.6 57.4 2.8 3.7 39.1 59.7 94.8 83.8 35.2 15.2 49 16.5 66.6 13.9 10.7-1.6 32.8-13.4 37.4-26.4 4.6-13 4.6-24.1 3.2-26.4-1.3-2.5-5-3.9-10.5-6.6z\"><\/path><\/svg>WhatsApp<\/a><\/div><\/div>\n\n\n\n<div class=\"wp-block-uagb-separator uagb-block-96e52944\"><div class=\"uagb-separator-spacing-wrapper\"><div class=\"wp-block-uagb-separator__inner\" style=\"--my-background-image:\"><\/div><\/div><\/div>\n\n\n\n<div class=\"wp-block-uagb-call-to-action uagb-block-bf9c28ce wp-block-button\"><div class=\"uagb-cta__wrap\"><h3 class=\"uagb-cta__title\">Fique por dentro das novidades!<\/h3><p class=\"uagb-cta__desc\">Acompanhe nossa jornada de inova\u00e7\u00e3o e saiba mais sobre nossos produtos, acesse <strong>Safety da GVS.<\/strong><\/p><\/div><div class=\"uagb-cta__buttons\"><a href=\"https:\/\/www.gvs.com.br\/safety\" class=\"uagb-cta__button-link-wrapper wp-block-button__link\" target=\"_self\" rel=\"noopener noreferrer\">Acesse o site<\/a><\/div><\/div>\n\n\n\n<p><\/p>\n","protected":false},"excerpt":{"rendered":"<p>M\u00e1scara de prote\u00e7\u00e3o respirat\u00f3ria: modelos flex\u00edveis e leves! Confira equipamentos tecnol\u00f3gicos que facilitam o trabalho di\u00e1rio de uma equipe Voc\u00ea [&hellip;]<\/p>\n","protected":false},"author":2,"featured_media":2984,"comment_status":"open","ping_status":"open","sticky":false,"template":"","format":"standard","meta":{"_uag_custom_page_level_css":"","site-sidebar-layout":"default","site-content-layout":"","ast-site-content-layout":"","site-content-style":"default","site-sidebar-style":"default","ast-global-header-display":"","ast-banner-title-visibility":"","ast-main-header-display":"","ast-hfb-above-header-display":"","ast-hfb-below-header-display":"","ast-hfb-mobile-header-display":"","site-post-title":"disabled","ast-breadcrumbs-content":"","ast-featured-img":"","footer-sml-layout":"","ast-disable-related-posts":"","theme-transparent-header-meta":"","adv-header-id-meta":"","stick-header-meta":"","header-above-stick-meta":"","header-main-stick-meta":"","header-below-stick-meta":"","astra-migrate-meta-layouts":"default","ast-page-background-enabled":"default","ast-page-background-meta":{"desktop":{"background-color":"var(--ast-global-color-4)","background-image":"","background-repeat":"repeat","background-position":"center center","background-size":"auto","background-attachment":"scroll","background-type":"","background-media":"","overlay-type":"","overlay-color":"","overlay-opacity":"","overlay-gradient":""},"tablet":{"background-color":"","background-image":"","background-repeat":"repeat","background-position":"center center","background-size":"auto","background-attachment":"scroll","background-type":"","background-media":"","overlay-type":"","overlay-color":"","overlay-opacity":"","overlay-gradient":""},"mobile":{"background-color":"","background-image":"","background-repeat":"repeat","background-position":"center center","background-size":"auto","background-attachment":"scroll","background-type":"","background-media":"","overlay-type":"","overlay-color":"","overlay-opacity":"","overlay-gradient":""}},"ast-content-background-meta":{"desktop":{"background-color":"var(--ast-global-color-5)","background-image":"","background-repeat":"repeat","background-position":"center center","background-size":"auto","background-attachment":"scroll","background-type":"","background-media":"","overlay-type":"","overlay-color":"","overlay-opacity":"","overlay-gradient":""},"tablet":{"background-color":"var(--ast-global-color-5)","background-image":"","background-repeat":"repeat","background-position":"center center","background-size":"auto","background-attachment":"scroll","background-type":"","background-media":"","overlay-type":"","overlay-color":"","overlay-opacity":"","overlay-gradient":""},"mobile":{"background-color":"var(--ast-global-color-5)","background-image":"","background-repeat":"repeat","background-position":"center center","background-size":"auto","background-attachment":"scroll","background-type":"","background-media":"","overlay-type":"","overlay-color":"","overlay-opacity":"","overlay-gradient":""}},"footnotes":""},"categories":[5],"tags":[34,17,15,43,16],"class_list":["post-2975","post","type-post","status-publish","format-standard","has-post-thumbnail","hentry","category-safety","tag-elipse","tag-produtos-gvs","tag-protecao-respiratoria","tag-rpb","tag-safety"],"yoast_head":"<!-- This site is optimized with the Yoast SEO plugin v27.2 - https:\/\/yoast.com\/product\/yoast-seo-wordpress\/ -->\n<title>M\u00e1scara de prote\u00e7\u00e3o respirat\u00f3ria<\/title>\n<meta name=\"description\" content=\"M\u00e1scara de prote\u00e7\u00e3o respirat\u00f3ria: modelos flex\u00edveis e leves! Confira equipamentos tecnol\u00f3gicos que facilitam o trabalho di\u00e1rio de uma equipe.\" \/>\n<meta name=\"robots\" content=\"index, follow, max-snippet:-1, max-image-preview:large, max-video-preview:-1\" \/>\n<link rel=\"canonical\" href=\"https:\/\/www.gvs.com.br\/safety\/2025\/01\/12\/mascara-de-protecao-respiratoria-2\/\" \/>\n<meta property=\"og:locale\" content=\"pt_BR\" \/>\n<meta property=\"og:type\" content=\"article\" \/>\n<meta property=\"og:title\" content=\"M\u00e1scara de prote\u00e7\u00e3o respirat\u00f3ria\" \/>\n<meta property=\"og:description\" content=\"M\u00e1scara de prote\u00e7\u00e3o respirat\u00f3ria: modelos flex\u00edveis e leves! Confira equipamentos tecnol\u00f3gicos que facilitam o trabalho di\u00e1rio de uma equipe.\" \/>\n<meta property=\"og:url\" content=\"https:\/\/www.gvs.com.br\/safety\/2025\/01\/12\/mascara-de-protecao-respiratoria-2\/\" \/>\n<meta property=\"og:site_name\" content=\"Safety\" \/>\n<meta property=\"article:published_time\" content=\"2025-01-12T18:41:00+00:00\" \/>\n<meta property=\"article:modified_time\" content=\"2025-09-11T18:53:38+00:00\" \/>\n<meta property=\"og:image\" content=\"https:\/\/www.gvs.com.br\/safety\/wp-content\/uploads\/2025\/09\/blog-1-topo.png\" \/>\n\t<meta property=\"og:image:width\" content=\"1123\" \/>\n\t<meta property=\"og:image:height\" content=\"633\" \/>\n\t<meta property=\"og:image:type\" content=\"image\/png\" \/>\n<meta name=\"author\" content=\"admin-gvs\" \/>\n<meta name=\"twitter:card\" content=\"summary_large_image\" \/>\n<meta name=\"twitter:label1\" content=\"Escrito por\" \/>\n\t<meta name=\"twitter:data1\" content=\"admin-gvs\" \/>\n\t<meta name=\"twitter:label2\" content=\"Est. tempo de leitura\" \/>\n\t<meta name=\"twitter:data2\" content=\"5 minutos\" \/>\n<script type=\"application\/ld+json\" class=\"yoast-schema-graph\">{\"@context\":\"https:\/\/schema.org\",\"@graph\":[{\"@type\":\"Article\",\"@id\":\"https:\/\/www.gvs.com.br\/safety\/2025\/01\/12\/mascara-de-protecao-respiratoria-2\/#article\",\"isPartOf\":{\"@id\":\"https:\/\/www.gvs.com.br\/safety\/2025\/01\/12\/mascara-de-protecao-respiratoria-2\/\"},\"author\":{\"name\":\"admin-gvs\",\"@id\":\"https:\/\/www.gvs.com.br\/safety\/#\/schema\/person\/08f0e38941dafa538ee5706ec48fe5a1\"},\"headline\":\"M\u00e1scara de prote\u00e7\u00e3o respirat\u00f3ria: modelos flex\u00edveis e leves!\",\"datePublished\":\"2025-01-12T18:41:00+00:00\",\"dateModified\":\"2025-09-11T18:53:38+00:00\",\"mainEntityOfPage\":{\"@id\":\"https:\/\/www.gvs.com.br\/safety\/2025\/01\/12\/mascara-de-protecao-respiratoria-2\/\"},\"wordCount\":956,\"commentCount\":0,\"publisher\":{\"@id\":\"https:\/\/www.gvs.com.br\/safety\/#organization\"},\"image\":{\"@id\":\"https:\/\/www.gvs.com.br\/safety\/2025\/01\/12\/mascara-de-protecao-respiratoria-2\/#primaryimage\"},\"thumbnailUrl\":\"https:\/\/www.gvs.com.br\/safety\/wp-content\/uploads\/2025\/09\/blog-1-topo.png\",\"keywords\":[\"Elipse\",\"Produtos GVS\",\"Prote\u00e7\u00e3o Respirat\u00f3ria\",\"RPB\",\"Safety\"],\"articleSection\":[\"Safety\"],\"inLanguage\":\"pt-BR\",\"potentialAction\":[{\"@type\":\"CommentAction\",\"name\":\"Comment\",\"target\":[\"https:\/\/www.gvs.com.br\/safety\/2025\/01\/12\/mascara-de-protecao-respiratoria-2\/#respond\"]}]},{\"@type\":\"WebPage\",\"@id\":\"https:\/\/www.gvs.com.br\/safety\/2025\/01\/12\/mascara-de-protecao-respiratoria-2\/\",\"url\":\"https:\/\/www.gvs.com.br\/safety\/2025\/01\/12\/mascara-de-protecao-respiratoria-2\/\",\"name\":\"M\u00e1scara de prote\u00e7\u00e3o respirat\u00f3ria\",\"isPartOf\":{\"@id\":\"https:\/\/www.gvs.com.br\/safety\/#website\"},\"primaryImageOfPage\":{\"@id\":\"https:\/\/www.gvs.com.br\/safety\/2025\/01\/12\/mascara-de-protecao-respiratoria-2\/#primaryimage\"},\"image\":{\"@id\":\"https:\/\/www.gvs.com.br\/safety\/2025\/01\/12\/mascara-de-protecao-respiratoria-2\/#primaryimage\"},\"thumbnailUrl\":\"https:\/\/www.gvs.com.br\/safety\/wp-content\/uploads\/2025\/09\/blog-1-topo.png\",\"datePublished\":\"2025-01-12T18:41:00+00:00\",\"dateModified\":\"2025-09-11T18:53:38+00:00\",\"description\":\"M\u00e1scara de prote\u00e7\u00e3o respirat\u00f3ria: modelos flex\u00edveis e leves! Confira equipamentos tecnol\u00f3gicos que facilitam o trabalho di\u00e1rio de uma equipe.\",\"breadcrumb\":{\"@id\":\"https:\/\/www.gvs.com.br\/safety\/2025\/01\/12\/mascara-de-protecao-respiratoria-2\/#breadcrumb\"},\"inLanguage\":\"pt-BR\",\"potentialAction\":[{\"@type\":\"ReadAction\",\"target\":[\"https:\/\/www.gvs.com.br\/safety\/2025\/01\/12\/mascara-de-protecao-respiratoria-2\/\"]}]},{\"@type\":\"ImageObject\",\"inLanguage\":\"pt-BR\",\"@id\":\"https:\/\/www.gvs.com.br\/safety\/2025\/01\/12\/mascara-de-protecao-respiratoria-2\/#primaryimage\",\"url\":\"https:\/\/www.gvs.com.br\/safety\/wp-content\/uploads\/2025\/09\/blog-1-topo.png\",\"contentUrl\":\"https:\/\/www.gvs.com.br\/safety\/wp-content\/uploads\/2025\/09\/blog-1-topo.png\",\"width\":1123,\"height\":633},{\"@type\":\"BreadcrumbList\",\"@id\":\"https:\/\/www.gvs.com.br\/safety\/2025\/01\/12\/mascara-de-protecao-respiratoria-2\/#breadcrumb\",\"itemListElement\":[{\"@type\":\"ListItem\",\"position\":1,\"name\":\"In\u00edcio\",\"item\":\"https:\/\/www.gvs.com.br\/safety\/\"},{\"@type\":\"ListItem\",\"position\":2,\"name\":\"M\u00e1scara de prote\u00e7\u00e3o respirat\u00f3ria: modelos flex\u00edveis e leves!\"}]},{\"@type\":\"WebSite\",\"@id\":\"https:\/\/www.gvs.com.br\/safety\/#website\",\"url\":\"https:\/\/www.gvs.com.br\/safety\/\",\"name\":\"Safety\",\"description\":\"\",\"publisher\":{\"@id\":\"https:\/\/www.gvs.com.br\/safety\/#organization\"},\"potentialAction\":[{\"@type\":\"SearchAction\",\"target\":{\"@type\":\"EntryPoint\",\"urlTemplate\":\"https:\/\/www.gvs.com.br\/safety\/?s={search_term_string}\"},\"query-input\":{\"@type\":\"PropertyValueSpecification\",\"valueRequired\":true,\"valueName\":\"search_term_string\"}}],\"inLanguage\":\"pt-BR\"},{\"@type\":\"Organization\",\"@id\":\"https:\/\/www.gvs.com.br\/safety\/#organization\",\"name\":\"Safety\",\"url\":\"https:\/\/www.gvs.com.br\/safety\/\",\"logo\":{\"@type\":\"ImageObject\",\"inLanguage\":\"pt-BR\",\"@id\":\"https:\/\/www.gvs.com.br\/safety\/#\/schema\/logo\/image\/\",\"url\":\"https:\/\/www.gvs.com.br\/safety\/wp-content\/uploads\/2024\/12\/Logo-GVS-Safety.png\",\"contentUrl\":\"https:\/\/www.gvs.com.br\/safety\/wp-content\/uploads\/2024\/12\/Logo-GVS-Safety.png\",\"width\":1920,\"height\":1080,\"caption\":\"Safety\"},\"image\":{\"@id\":\"https:\/\/www.gvs.com.br\/safety\/#\/schema\/logo\/image\/\"}},{\"@type\":\"Person\",\"@id\":\"https:\/\/www.gvs.com.br\/safety\/#\/schema\/person\/08f0e38941dafa538ee5706ec48fe5a1\",\"name\":\"admin-gvs\",\"image\":{\"@type\":\"ImageObject\",\"inLanguage\":\"pt-BR\",\"@id\":\"https:\/\/secure.gravatar.com\/avatar\/753807cf2c24e7c5051446eb4fc6c55657714e911f26a29329d9dc501ae35121?s=96&d=mm&r=g\",\"url\":\"https:\/\/secure.gravatar.com\/avatar\/753807cf2c24e7c5051446eb4fc6c55657714e911f26a29329d9dc501ae35121?s=96&d=mm&r=g\",\"contentUrl\":\"https:\/\/secure.gravatar.com\/avatar\/753807cf2c24e7c5051446eb4fc6c55657714e911f26a29329d9dc501ae35121?s=96&d=mm&r=g\",\"caption\":\"admin-gvs\"},\"url\":\"https:\/\/www.gvs.com.br\/safety\/author\/admin-gvs\/\"}]}<\/script>\n<!-- \/ Yoast SEO plugin. -->","yoast_head_json":{"title":"M\u00e1scara de prote\u00e7\u00e3o respirat\u00f3ria","description":"M\u00e1scara de prote\u00e7\u00e3o respirat\u00f3ria: modelos flex\u00edveis e leves! Confira equipamentos tecnol\u00f3gicos que facilitam o trabalho di\u00e1rio de uma equipe.","robots":{"index":"index","follow":"follow","max-snippet":"max-snippet:-1","max-image-preview":"max-image-preview:large","max-video-preview":"max-video-preview:-1"},"canonical":"https:\/\/www.gvs.com.br\/safety\/2025\/01\/12\/mascara-de-protecao-respiratoria-2\/","og_locale":"pt_BR","og_type":"article","og_title":"M\u00e1scara de prote\u00e7\u00e3o respirat\u00f3ria","og_description":"M\u00e1scara de prote\u00e7\u00e3o respirat\u00f3ria: modelos flex\u00edveis e leves! Confira equipamentos tecnol\u00f3gicos que facilitam o trabalho di\u00e1rio de uma equipe.","og_url":"https:\/\/www.gvs.com.br\/safety\/2025\/01\/12\/mascara-de-protecao-respiratoria-2\/","og_site_name":"Safety","article_published_time":"2025-01-12T18:41:00+00:00","article_modified_time":"2025-09-11T18:53:38+00:00","og_image":[{"width":1123,"height":633,"url":"https:\/\/www.gvs.com.br\/safety\/wp-content\/uploads\/2025\/09\/blog-1-topo.png","type":"image\/png"}],"author":"admin-gvs","twitter_card":"summary_large_image","twitter_misc":{"Escrito por":"admin-gvs","Est. tempo de leitura":"5 minutos"},"schema":{"@context":"https:\/\/schema.org","@graph":[{"@type":"Article","@id":"https:\/\/www.gvs.com.br\/safety\/2025\/01\/12\/mascara-de-protecao-respiratoria-2\/#article","isPartOf":{"@id":"https:\/\/www.gvs.com.br\/safety\/2025\/01\/12\/mascara-de-protecao-respiratoria-2\/"},"author":{"name":"admin-gvs","@id":"https:\/\/www.gvs.com.br\/safety\/#\/schema\/person\/08f0e38941dafa538ee5706ec48fe5a1"},"headline":"M\u00e1scara de prote\u00e7\u00e3o respirat\u00f3ria: modelos flex\u00edveis e leves!","datePublished":"2025-01-12T18:41:00+00:00","dateModified":"2025-09-11T18:53:38+00:00","mainEntityOfPage":{"@id":"https:\/\/www.gvs.com.br\/safety\/2025\/01\/12\/mascara-de-protecao-respiratoria-2\/"},"wordCount":956,"commentCount":0,"publisher":{"@id":"https:\/\/www.gvs.com.br\/safety\/#organization"},"image":{"@id":"https:\/\/www.gvs.com.br\/safety\/2025\/01\/12\/mascara-de-protecao-respiratoria-2\/#primaryimage"},"thumbnailUrl":"https:\/\/www.gvs.com.br\/safety\/wp-content\/uploads\/2025\/09\/blog-1-topo.png","keywords":["Elipse","Produtos GVS","Prote\u00e7\u00e3o Respirat\u00f3ria","RPB","Safety"],"articleSection":["Safety"],"inLanguage":"pt-BR","potentialAction":[{"@type":"CommentAction","name":"Comment","target":["https:\/\/www.gvs.com.br\/safety\/2025\/01\/12\/mascara-de-protecao-respiratoria-2\/#respond"]}]},{"@type":"WebPage","@id":"https:\/\/www.gvs.com.br\/safety\/2025\/01\/12\/mascara-de-protecao-respiratoria-2\/","url":"https:\/\/www.gvs.com.br\/safety\/2025\/01\/12\/mascara-de-protecao-respiratoria-2\/","name":"M\u00e1scara de prote\u00e7\u00e3o respirat\u00f3ria","isPartOf":{"@id":"https:\/\/www.gvs.com.br\/safety\/#website"},"primaryImageOfPage":{"@id":"https:\/\/www.gvs.com.br\/safety\/2025\/01\/12\/mascara-de-protecao-respiratoria-2\/#primaryimage"},"image":{"@id":"https:\/\/www.gvs.com.br\/safety\/2025\/01\/12\/mascara-de-protecao-respiratoria-2\/#primaryimage"},"thumbnailUrl":"https:\/\/www.gvs.com.br\/safety\/wp-content\/uploads\/2025\/09\/blog-1-topo.png","datePublished":"2025-01-12T18:41:00+00:00","dateModified":"2025-09-11T18:53:38+00:00","description":"M\u00e1scara de prote\u00e7\u00e3o respirat\u00f3ria: modelos flex\u00edveis e leves! Confira equipamentos tecnol\u00f3gicos que facilitam o trabalho di\u00e1rio de uma equipe.","breadcrumb":{"@id":"https:\/\/www.gvs.com.br\/safety\/2025\/01\/12\/mascara-de-protecao-respiratoria-2\/#breadcrumb"},"inLanguage":"pt-BR","potentialAction":[{"@type":"ReadAction","target":["https:\/\/www.gvs.com.br\/safety\/2025\/01\/12\/mascara-de-protecao-respiratoria-2\/"]}]},{"@type":"ImageObject","inLanguage":"pt-BR","@id":"https:\/\/www.gvs.com.br\/safety\/2025\/01\/12\/mascara-de-protecao-respiratoria-2\/#primaryimage","url":"https:\/\/www.gvs.com.br\/safety\/wp-content\/uploads\/2025\/09\/blog-1-topo.png","contentUrl":"https:\/\/www.gvs.com.br\/safety\/wp-content\/uploads\/2025\/09\/blog-1-topo.png","width":1123,"height":633},{"@type":"BreadcrumbList","@id":"https:\/\/www.gvs.com.br\/safety\/2025\/01\/12\/mascara-de-protecao-respiratoria-2\/#breadcrumb","itemListElement":[{"@type":"ListItem","position":1,"name":"In\u00edcio","item":"https:\/\/www.gvs.com.br\/safety\/"},{"@type":"ListItem","position":2,"name":"M\u00e1scara de prote\u00e7\u00e3o respirat\u00f3ria: modelos flex\u00edveis e leves!"}]},{"@type":"WebSite","@id":"https:\/\/www.gvs.com.br\/safety\/#website","url":"https:\/\/www.gvs.com.br\/safety\/","name":"Safety","description":"","publisher":{"@id":"https:\/\/www.gvs.com.br\/safety\/#organization"},"potentialAction":[{"@type":"SearchAction","target":{"@type":"EntryPoint","urlTemplate":"https:\/\/www.gvs.com.br\/safety\/?s={search_term_string}"},"query-input":{"@type":"PropertyValueSpecification","valueRequired":true,"valueName":"search_term_string"}}],"inLanguage":"pt-BR"},{"@type":"Organization","@id":"https:\/\/www.gvs.com.br\/safety\/#organization","name":"Safety","url":"https:\/\/www.gvs.com.br\/safety\/","logo":{"@type":"ImageObject","inLanguage":"pt-BR","@id":"https:\/\/www.gvs.com.br\/safety\/#\/schema\/logo\/image\/","url":"https:\/\/www.gvs.com.br\/safety\/wp-content\/uploads\/2024\/12\/Logo-GVS-Safety.png","contentUrl":"https:\/\/www.gvs.com.br\/safety\/wp-content\/uploads\/2024\/12\/Logo-GVS-Safety.png","width":1920,"height":1080,"caption":"Safety"},"image":{"@id":"https:\/\/www.gvs.com.br\/safety\/#\/schema\/logo\/image\/"}},{"@type":"Person","@id":"https:\/\/www.gvs.com.br\/safety\/#\/schema\/person\/08f0e38941dafa538ee5706ec48fe5a1","name":"admin-gvs","image":{"@type":"ImageObject","inLanguage":"pt-BR","@id":"https:\/\/secure.gravatar.com\/avatar\/753807cf2c24e7c5051446eb4fc6c55657714e911f26a29329d9dc501ae35121?s=96&d=mm&r=g","url":"https:\/\/secure.gravatar.com\/avatar\/753807cf2c24e7c5051446eb4fc6c55657714e911f26a29329d9dc501ae35121?s=96&d=mm&r=g","contentUrl":"https:\/\/secure.gravatar.com\/avatar\/753807cf2c24e7c5051446eb4fc6c55657714e911f26a29329d9dc501ae35121?s=96&d=mm&r=g","caption":"admin-gvs"},"url":"https:\/\/www.gvs.com.br\/safety\/author\/admin-gvs\/"}]}},"uagb_featured_image_src":{"full":["https:\/\/www.gvs.com.br\/safety\/wp-content\/uploads\/2025\/09\/blog-1-topo.png",1123,633,false],"thumbnail":["https:\/\/www.gvs.com.br\/safety\/wp-content\/uploads\/2025\/09\/blog-1-topo-150x150.png",150,150,true],"medium":["https:\/\/www.gvs.com.br\/safety\/wp-content\/uploads\/2025\/09\/blog-1-topo-300x169.png",300,169,true],"medium_large":["https:\/\/www.gvs.com.br\/safety\/wp-content\/uploads\/2025\/09\/blog-1-topo-768x433.png",768,433,true],"large":["https:\/\/www.gvs.com.br\/safety\/wp-content\/uploads\/2025\/09\/blog-1-topo-1024x577.png",1024,577,true],"1536x1536":["https:\/\/www.gvs.com.br\/safety\/wp-content\/uploads\/2025\/09\/blog-1-topo.png",1123,633,false],"2048x2048":["https:\/\/www.gvs.com.br\/safety\/wp-content\/uploads\/2025\/09\/blog-1-topo.png",1123,633,false]},"uagb_author_info":{"display_name":"admin-gvs","author_link":"https:\/\/www.gvs.com.br\/safety\/author\/admin-gvs\/"},"uagb_comment_info":0,"uagb_excerpt":"M\u00e1scara de prote\u00e7\u00e3o respirat\u00f3ria: modelos flex\u00edveis e leves! Confira equipamentos tecnol\u00f3gicos que facilitam o trabalho di\u00e1rio de uma equipe Voc\u00ea [&hellip;]","_links":{"self":[{"href":"https:\/\/www.gvs.com.br\/safety\/wp-json\/wp\/v2\/posts\/2975","targetHints":{"allow":["GET"]}}],"collection":[{"href":"https:\/\/www.gvs.com.br\/safety\/wp-json\/wp\/v2\/posts"}],"about":[{"href":"https:\/\/www.gvs.com.br\/safety\/wp-json\/wp\/v2\/types\/post"}],"author":[{"embeddable":true,"href":"https:\/\/www.gvs.com.br\/safety\/wp-json\/wp\/v2\/users\/2"}],"replies":[{"embeddable":true,"href":"https:\/\/www.gvs.com.br\/safety\/wp-json\/wp\/v2\/comments?post=2975"}],"version-history":[{"count":1,"href":"https:\/\/www.gvs.com.br\/safety\/wp-json\/wp\/v2\/posts\/2975\/revisions"}],"predecessor-version":[{"id":2986,"href":"https:\/\/www.gvs.com.br\/safety\/wp-json\/wp\/v2\/posts\/2975\/revisions\/2986"}],"wp:featuredmedia":[{"embeddable":true,"href":"https:\/\/www.gvs.com.br\/safety\/wp-json\/wp\/v2\/media\/2984"}],"wp:attachment":[{"href":"https:\/\/www.gvs.com.br\/safety\/wp-json\/wp\/v2\/media?parent=2975"}],"wp:term":[{"taxonomy":"category","embeddable":true,"href":"https:\/\/www.gvs.com.br\/safety\/wp-json\/wp\/v2\/categories?post=2975"},{"taxonomy":"post_tag","embeddable":true,"href":"https:\/\/www.gvs.com.br\/safety\/wp-json\/wp\/v2\/tags?post=2975"}],"curies":[{"name":"wp","href":"https:\/\/api.w.org\/{rel}","templated":true}]}}