{"id":2957,"date":"2025-01-12T18:12:00","date_gmt":"2025-01-12T18:12:00","guid":{"rendered":"https:\/\/www.gvs.com.br\/safety\/?p=2957"},"modified":"2025-09-11T18:21:25","modified_gmt":"2025-09-11T18:21:25","slug":"garanta-a-protecao-das-vias-respiratorias-de-seus-funcionarios","status":"publish","type":"post","link":"https:\/\/www.gvs.com.br\/safety\/2025\/01\/12\/garanta-a-protecao-das-vias-respiratorias-de-seus-funcionarios\/","title":{"rendered":"Descubra como garantir a prote\u00e7\u00e3o das vias respirat\u00f3rias de seus funcion\u00e1rios"},"content":{"rendered":"\n<div class=\"wp-block-uagb-container uagb-block-2d8af228 alignfull uagb-is-root-container\"><div class=\"uagb-container-inner-blocks-wrap\">\n<div class=\"wp-block-uagb-advanced-heading uagb-block-88fad113\"><h2 class=\"uagb-heading-text\"><strong><strong>Descubra como garantir a prote\u00e7\u00e3o das vias <\/strong><\/strong><br><strong><strong>respirat\u00f3rias de seus funcion\u00e1rios<\/strong><\/strong><\/h2><\/div>\n\n\n\n<p class=\"has-ast-global-color-5-color has-text-color has-link-color wp-elements-b921370f3282ac0f9f7d251e1d37c84b\"><strong>Coloque a seguran\u00e7a da sua empresa em primeiro lugar!<\/strong><\/p>\n<\/div><\/div>\n\n\n\n<p><\/p>\n\n\n\n<p>Para que o ambiente de trabalho seja agrad\u00e1vel e saud\u00e1vel, deve-se garantir a prote\u00e7\u00e3o das vias respirat\u00f3rias de todos que est\u00e3o na linha de produ\u00e7\u00e3o.<\/p>\n\n\n\n<p>Uma empresa precisa ter um plano de seguran\u00e7a para que a sa\u00fade dos funcion\u00e1rios seja preservada, e n\u00e3o sofram complica\u00e7\u00f5es causadas por fatores agressivos no trabalho.<\/p>\n\n\n\n<p>Dessa forma, poder\u00e1 evitar adversidades futuras que poderiam surgir por causa desses fatores.<\/p>\n\n\n\n<p>Por isso, separamos alguns t\u00f3picos que te explicar\u00e3o como refor\u00e7ar a seguran\u00e7a e a prote\u00e7\u00e3o das vias respirat\u00f3rias de todos que est\u00e3o presentes no ambiente de trabalho.<\/p>\n\n\n\n<p>Essa \u00e9 uma das tarefas mais importantes que uma ind\u00fastria pode ter. E exige muita responsabilidade e conhecimento.<\/p>\n\n\n\n<p>Portanto, acompanhe o texto at\u00e9 o final e adquira mais informa\u00e7\u00f5es sobre seguran\u00e7a do trabalho e como fazer uma boa estrat\u00e9gia de prote\u00e7\u00e3o.<\/p>\n\n\n\n<h2 class=\"wp-block-heading\">Como as vias respirat\u00f3rias dos funcion\u00e1rios se prejudicam em uma empresa?<\/h2>\n\n\n\n<p>Em primeiro lugar, para te explicar tudo, vamos come\u00e7ar falando dos elementos que podem provocar um agravo na sa\u00fade, principalmente, nas vias respirat\u00f3rias.<\/p>\n\n\n\n<p>Voc\u00ea deve entender que s\u00e3o comuns os perigosos que podem danificar as vias respirat\u00f3rias dos funcion\u00e1rios, as prejudicando dentro de uma empresa. Pois, estes ambientes possuem diversos agentes agressores \u00e0 sa\u00fade, como: poeiras, vapores, gases, fuma\u00e7as, elementos qu\u00edmicos e outros agentes agressivos.<\/p>\n\n\n\n<p>E todos esses fatores, podem acabar agravando a sa\u00fade e levando a casos mais s\u00e9rios. Afinal, esses poluentes podem causar doen\u00e7as respirat\u00f3rias, como asma, bronquite e enfisema, al\u00e9m de problemas de pele e olhos.<\/p>\n\n\n\n<p>Dessa maneira, os funcion\u00e1rios devem estar atentos \u00e0s medidas de preven\u00e7\u00e3o, como o uso de equipamentos de prote\u00e7\u00e3o individual, e procurar orienta\u00e7\u00e3o m\u00e9dica caso apresentem sintomas de doen\u00e7as respirat\u00f3rias.<\/p>\n\n\n\n<p>Al\u00e9m disso, \u00e9 importante que a empresa promova a limpeza e a manuten\u00e7\u00e3o dos equipamentos e instala\u00e7\u00f5es, para minimizar a emiss\u00e3o de poluentes.<\/p>\n\n\n\n<p>S\u00f3 com os cuidados necess\u00e1rios, a empresa poder\u00e1 ter um bom plano de seguran\u00e7a e construir um ambiente mais apto para o trabalho.<\/p>\n\n\n\n<p>\u00c9 necess\u00e1rio, tamb\u00e9m, que a empresa ofere\u00e7a treinamento e orienta\u00e7\u00e3o sobre os riscos \u00e0 sa\u00fade e os cuidados a serem tomados.<\/p>\n\n\n\n<p>Ent\u00e3o, leia o pr\u00f3ximo t\u00f3pico e veja como fazer para cuidar de seus funcion\u00e1rios!<\/p>\n\n\n\n<figure class=\"wp-block-image aligncenter size-large\"><img loading=\"lazy\" decoding=\"async\" width=\"1024\" height=\"323\" src=\"https:\/\/www.gvs.com.br\/safety\/wp-content\/uploads\/2025\/09\/trabalhador-com-mascara-1024x323.jpg\" alt=\"\" class=\"wp-image-2963\" srcset=\"https:\/\/www.gvs.com.br\/safety\/wp-content\/uploads\/2025\/09\/trabalhador-com-mascara-1024x323.jpg 1024w, https:\/\/www.gvs.com.br\/safety\/wp-content\/uploads\/2025\/09\/trabalhador-com-mascara-300x95.jpg 300w, https:\/\/www.gvs.com.br\/safety\/wp-content\/uploads\/2025\/09\/trabalhador-com-mascara-768x242.jpg 768w, https:\/\/www.gvs.com.br\/safety\/wp-content\/uploads\/2025\/09\/trabalhador-com-mascara.jpg 1110w\" sizes=\"auto, (max-width: 1024px) 100vw, 1024px\" \/><\/figure>\n\n\n\n<h2 class=\"wp-block-heading\">Como realizar uma boa prote\u00e7\u00e3o das vias respirat\u00f3rias?<\/h2>\n\n\n\n<p>Os profissionais devem cuidar das vias respirat\u00f3rias para prevenir doen\u00e7as e mant\u00ea-las saud\u00e1veis.<\/p>\n\n\n\n<p>Assim, \u00e9 muito importante que os equipamentos corretos sejam usados por pessoas que sabem exatamente como manipul\u00e1-los. Dessa forma, garantindo a prote\u00e7\u00e3o de todos.<\/p>\n\n\n\n<p>Portanto, os profissionais devem usar m\u00e1scaras e \u00f3culos de prote\u00e7\u00e3o para se protegerem das part\u00edculas encontradas na produ\u00e7\u00e3o.<\/p>\n\n\n\n<p>Tamb\u00e9m \u00e9 importante utilizar equipamentos de prote\u00e7\u00e3o respirat\u00f3ria, quando h\u00e1 risco de inala\u00e7\u00e3o de subst\u00e2ncias t\u00f3xicas.<\/p>\n\n\n\n<p>\u00c9 fundamental que os profissionais conhe\u00e7am os sintomas de doen\u00e7as respirat\u00f3rias, para que possam identific\u00e1-las e iniciar o tratamento o mais r\u00e1pido poss\u00edvel.<\/p>\n\n\n\n<p>As doen\u00e7as respirat\u00f3rias podem ser graves e levar \u00e0 morte, por isso, \u00e9 importante cuidar da sa\u00fade com a prote\u00e7\u00e3o das vias a\u00e9reas.<\/p>\n\n\n\n<p>Por isso, uma empresa deve sempre prezar pelo seu funcion\u00e1rio e cuidar para que nada de ruim aconte\u00e7a com ele enquanto estiver em seu dom\u00ednio.<\/p>\n\n\n\n<h2 class=\"wp-block-heading\">O que os problemas nas vias respirat\u00f3rias podem causar em um ser humano?<\/h2>\n\n\n\n<p>As vias respirat\u00f3rias s\u00e3o fundamentais para a sa\u00fade de um ser humano, pois, elas permitem que o oxig\u00eanio chegue aos pulm\u00f5es e o di\u00f3xido de carbono seja eliminado.<\/p>\n\n\n\n<p>Quando essas vias ficam obstru\u00eddas, ocorre uma diminui\u00e7\u00e3o na quantidade de oxig\u00eanio que chega aos pulm\u00f5es, o que pode causar danos aos \u00f3rg\u00e3os.<\/p>\n\n\n\n<p>Al\u00e9m disso, a falta de oxig\u00eanio pode levar \u00e0 forma\u00e7\u00e3o de c\u00e1lculos nos rins.<\/p>\n\n\n\n<p>A obstru\u00e7\u00e3o das vias respirat\u00f3rias pode ser causada por diversos fatores, como a presen\u00e7a de muco, de sangue, de c\u00e1lculos ou de tumores.<\/p>\n\n\n\n<p>\u00c9 tamb\u00e9m, provocada pela presen\u00e7a de v\u00edrus, de bact\u00e9rias ou de fungos.<\/p>\n\n\n\n<p>Em alguns casos, a obstru\u00e7\u00e3o \u00e9 provocada por um acidente ou por um trauma.<\/p>\n\n\n\n<p>E todos esses elementos podem estar presentes em sua linha de produ\u00e7\u00e3o, por isso, \u00e9 fundamental a utiliza\u00e7\u00e3o de respiradores, m\u00e1scara e outros equipamentos de prote\u00e7\u00e3o individual para evitar esse tipo de problema.<\/p>\n\n\n\n<h2 class=\"wp-block-heading\">Quais equipamentos podem proteger as vias respirat\u00f3rias dos funcion\u00e1rios de uma ind\u00fastria?<\/h2>\n\n\n\n<p>Para finalizar, vamos te mostrar quais s\u00e3o os equipamentos mais adequados para proteger as vias respirat\u00f3rias de seus funcion\u00e1rios.<\/p>\n\n\n\n<p>Conforme explicado anteriormente, podemos concluir que, os EPIs s\u00e3o utilizados em ambientes onde existe prolifera\u00e7\u00e3o de poeiras, fumos, n\u00e9voas, gases etc.<\/p>\n\n\n\n<p>E quando pensamos em equipamentos de prote\u00e7\u00e3o respirat\u00f3ria, os mais comuns s\u00e3o: os respiradores, as m\u00e1scaras e os \u00f3culos de prote\u00e7\u00e3o.<\/p>\n\n\n\n<p>Esse conjunto tende a prometer maior prote\u00e7\u00e3o facial contra os agentes agressivos. Mas, agora, est\u00e1 na hora de voc\u00ea descobrir os equipamentos mais qualificados para come\u00e7ar a realizar esse processo.<\/p>\n\n\n\n<p>Conhe\u00e7a os\u00a0<a href=\"https:\/\/www.gvs.com.br\/safety\/produtos\/\" target=\"_blank\" rel=\"noreferrer noopener\">produtos GVS<\/a>\u00a0para a melhor prote\u00e7\u00e3o das vias respirat\u00f3rias! Temos respiradores desenvolvidos para garantir a mais eficiente e maior prote\u00e7\u00e3o respirat\u00f3ria que voc\u00ea pode proporcionar a todos os colaboradores.<\/p>\n\n\n\n<p>Nossos\u00a0<a href=\"https:\/\/www.gvs.com.br\/safety\/produtos-ajuste-solto\/\" target=\"_blank\" rel=\"noreferrer noopener\">respiradores<\/a>, feitos para a ind\u00fastria pesada, equipados com uma alta tecnologia, para a seguran\u00e7a em diversas \u00e1reas, como, por exemplo: a metal\u00fargica, da sa\u00fade, qu\u00edmica entre outras.<\/p>\n\n\n\n<p>Por isso,\u00a0<a href=\"https:\/\/www.gvs.com.br\/safety\/blog\/\" target=\"_blank\" rel=\"noreferrer noopener\">acesse o nosso blog<\/a>\u00a0e busque mais informa\u00e7\u00f5es sobre o assunto. Nele, voc\u00ea vai encontrar explica\u00e7\u00f5es sobre nossos produtos, e mais conte\u00fado sobre prote\u00e7\u00e3o e seguran\u00e7a do trabalho.<\/p>\n\n\n\n<div class=\"wp-block-uagb-separator uagb-block-12928a3d\"><div class=\"uagb-separator-spacing-wrapper\"><div class=\"wp-block-uagb-separator__inner\" style=\"--my-background-image:\"><\/div><\/div><\/div>\n\n\n\n<div class=\"wp-block-uagb-advanced-heading uagb-block-37689345\"><h2 class=\"uagb-heading-text\"><strong>Acreditamos em proteger voc\u00ea para os melhores momentos da vida!<\/strong><\/h2><\/div>\n\n\n\n<p>Criamos solu\u00e7\u00f5es de prote\u00e7\u00e3o respirat\u00f3ria que tornam voc\u00ea e sua equipe mais seguros, para que todos possam voltar para casa no final de cada dia, seguros, saud\u00e1veis e capazes de fazer aquilo que mais importa.<\/p>\n\n\n\n<div class=\"wp-block-uagb-separator uagb-block-b8b79ce8\"><div class=\"uagb-separator-spacing-wrapper\"><div class=\"wp-block-uagb-separator__inner\" style=\"--my-background-image:\"><\/div><\/div><\/div>\n\n\n\n<div class=\"wp-block-uagb-call-to-action uagb-block-e6f6b3df wp-block-button\"><div class=\"uagb-cta__wrap\"><h3 class=\"uagb-cta__title\">Fale com a gente!<\/h3><p class=\"uagb-cta__desc\">Entre em contato com o nosso time hoje mesmo, esclare\u00e7a as suas d\u00favidas e&nbsp;<strong>solicite a sua cota\u00e7\u00e3o!<\/strong><\/p><\/div><div class=\"uagb-cta__buttons\"><a href=\"https:\/\/wa.me\/551938797222\" class=\"uagb-cta__button-link-wrapper wp-block-button__link\" target=\"_self\" rel=\"noopener noreferrer\"><svg xmlns=\"https:\/\/www.w3.org\/2000\/svg\" viewBox=\"0 0 448 512\"><path d=\"M380.9 97.1C339 55.1 283.2 32 223.9 32c-122.4 0-222 99.6-222 222 0 39.1 10.2 77.3 29.6 111L0 480l117.7-30.9c32.4 17.7 68.9 27 106.1 27h.1c122.3 0 224.1-99.6 224.1-222 0-59.3-25.2-115-67.1-157zm-157 341.6c-33.2 0-65.7-8.9-94-25.7l-6.7-4-69.8 18.3L72 359.2l-4.4-7c-18.5-29.4-28.2-63.3-28.2-98.2 0-101.7 82.8-184.5 184.6-184.5 49.3 0 95.6 19.2 130.4 54.1 34.8 34.9 56.2 81.2 56.1 130.5 0 101.8-84.9 184.6-186.6 184.6zm101.2-138.2c-5.5-2.8-32.8-16.2-37.9-18-5.1-1.9-8.8-2.8-12.5 2.8-3.7 5.6-14.3 18-17.6 21.8-3.2 3.7-6.5 4.2-12 1.4-32.6-16.3-54-29.1-75.5-66-5.7-9.8 5.7-9.1 16.3-30.3 1.8-3.7 .9-6.9-.5-9.7-1.4-2.8-12.5-30.1-17.1-41.2-4.5-10.8-9.1-9.3-12.5-9.5-3.2-.2-6.9-.2-10.6-.2-3.7 0-9.7 1.4-14.8 6.9-5.1 5.6-19.4 19-19.4 46.3 0 27.3 19.9 53.7 22.6 57.4 2.8 3.7 39.1 59.7 94.8 83.8 35.2 15.2 49 16.5 66.6 13.9 10.7-1.6 32.8-13.4 37.4-26.4 4.6-13 4.6-24.1 3.2-26.4-1.3-2.5-5-3.9-10.5-6.6z\"><\/path><\/svg>WhatsApp<\/a><\/div><\/div>\n\n\n\n<div class=\"wp-block-uagb-separator uagb-block-96e52944\"><div class=\"uagb-separator-spacing-wrapper\"><div class=\"wp-block-uagb-separator__inner\" style=\"--my-background-image:\"><\/div><\/div><\/div>\n\n\n\n<div class=\"wp-block-uagb-call-to-action uagb-block-bf9c28ce wp-block-button\"><div class=\"uagb-cta__wrap\"><h3 class=\"uagb-cta__title\">Fique por dentro das novidades!<\/h3><p class=\"uagb-cta__desc\">Acompanhe nossa jornada de inova\u00e7\u00e3o e saiba mais sobre nossos produtos, acesse <strong>Safety da GVS.<\/strong><\/p><\/div><div class=\"uagb-cta__buttons\"><a href=\"https:\/\/www.gvs.com.br\/safety\" class=\"uagb-cta__button-link-wrapper wp-block-button__link\" target=\"_self\" rel=\"noopener noreferrer\">Acesse o site<\/a><\/div><\/div>\n\n\n\n<p><\/p>\n","protected":false},"excerpt":{"rendered":"<p>Descubra como garantir a prote\u00e7\u00e3o das vias respirat\u00f3rias de seus funcion\u00e1rios Coloque a seguran\u00e7a da sua empresa em primeiro lugar! [&hellip;]<\/p>\n","protected":false},"author":2,"featured_media":2962,"comment_status":"open","ping_status":"open","sticky":false,"template":"","format":"standard","meta":{"_uag_custom_page_level_css":"","site-sidebar-layout":"default","site-content-layout":"","ast-site-content-layout":"","site-content-style":"default","site-sidebar-style":"default","ast-global-header-display":"","ast-banner-title-visibility":"","ast-main-header-display":"","ast-hfb-above-header-display":"","ast-hfb-below-header-display":"","ast-hfb-mobile-header-display":"","site-post-title":"disabled","ast-breadcrumbs-content":"","ast-featured-img":"","footer-sml-layout":"","ast-disable-related-posts":"","theme-transparent-header-meta":"","adv-header-id-meta":"","stick-header-meta":"","header-above-stick-meta":"","header-main-stick-meta":"","header-below-stick-meta":"","astra-migrate-meta-layouts":"default","ast-page-background-enabled":"default","ast-page-background-meta":{"desktop":{"background-color":"var(--ast-global-color-4)","background-image":"","background-repeat":"repeat","background-position":"center center","background-size":"auto","background-attachment":"scroll","background-type":"","background-media":"","overlay-type":"","overlay-color":"","overlay-opacity":"","overlay-gradient":""},"tablet":{"background-color":"","background-image":"","background-repeat":"repeat","background-position":"center center","background-size":"auto","background-attachment":"scroll","background-type":"","background-media":"","overlay-type":"","overlay-color":"","overlay-opacity":"","overlay-gradient":""},"mobile":{"background-color":"","background-image":"","background-repeat":"repeat","background-position":"center center","background-size":"auto","background-attachment":"scroll","background-type":"","background-media":"","overlay-type":"","overlay-color":"","overlay-opacity":"","overlay-gradient":""}},"ast-content-background-meta":{"desktop":{"background-color":"var(--ast-global-color-5)","background-image":"","background-repeat":"repeat","background-position":"center center","background-size":"auto","background-attachment":"scroll","background-type":"","background-media":"","overlay-type":"","overlay-color":"","overlay-opacity":"","overlay-gradient":""},"tablet":{"background-color":"var(--ast-global-color-5)","background-image":"","background-repeat":"repeat","background-position":"center center","background-size":"auto","background-attachment":"scroll","background-type":"","background-media":"","overlay-type":"","overlay-color":"","overlay-opacity":"","overlay-gradient":""},"mobile":{"background-color":"var(--ast-global-color-5)","background-image":"","background-repeat":"repeat","background-position":"center center","background-size":"auto","background-attachment":"scroll","background-type":"","background-media":"","overlay-type":"","overlay-color":"","overlay-opacity":"","overlay-gradient":""}},"footnotes":""},"categories":[5],"tags":[34,17,15,16],"class_list":["post-2957","post","type-post","status-publish","format-standard","has-post-thumbnail","hentry","category-safety","tag-elipse","tag-produtos-gvs","tag-protecao-respiratoria","tag-safety"],"yoast_head":"<!-- This site is optimized with the Yoast SEO plugin v27.2 - https:\/\/yoast.com\/product\/yoast-seo-wordpress\/ -->\n<title>Garanta a prote\u00e7\u00e3o das vias respirat\u00f3rias de seus funcion\u00e1rios<\/title>\n<meta name=\"description\" content=\"Descubra como garantir a prote\u00e7\u00e3o das vias respirat\u00f3rias de seus funcion\u00e1rios. Coloque a seguran\u00e7a da sua empresa em primeiro lugar!\" \/>\n<meta name=\"robots\" content=\"index, follow, max-snippet:-1, max-image-preview:large, max-video-preview:-1\" \/>\n<link rel=\"canonical\" href=\"https:\/\/www.gvs.com.br\/safety\/2025\/01\/12\/garanta-a-protecao-das-vias-respiratorias-de-seus-funcionarios\/\" \/>\n<meta property=\"og:locale\" content=\"pt_BR\" \/>\n<meta property=\"og:type\" content=\"article\" \/>\n<meta property=\"og:title\" content=\"Garanta a prote\u00e7\u00e3o das vias respirat\u00f3rias de seus funcion\u00e1rios\" \/>\n<meta property=\"og:description\" content=\"Descubra como garantir a prote\u00e7\u00e3o das vias respirat\u00f3rias de seus funcion\u00e1rios. Coloque a seguran\u00e7a da sua empresa em primeiro lugar!\" \/>\n<meta property=\"og:url\" content=\"https:\/\/www.gvs.com.br\/safety\/2025\/01\/12\/garanta-a-protecao-das-vias-respiratorias-de-seus-funcionarios\/\" \/>\n<meta property=\"og:site_name\" content=\"Safety\" \/>\n<meta property=\"article:published_time\" content=\"2025-01-12T18:12:00+00:00\" \/>\n<meta property=\"article:modified_time\" content=\"2025-09-11T18:21:25+00:00\" \/>\n<meta property=\"og:image\" content=\"https:\/\/www.gvs.com.br\/safety\/wp-content\/uploads\/2025\/09\/tecnica-de-seguranca-do-trabalho.jpg\" \/>\n\t<meta property=\"og:image:width\" content=\"1123\" \/>\n\t<meta property=\"og:image:height\" content=\"633\" \/>\n\t<meta property=\"og:image:type\" content=\"image\/jpeg\" \/>\n<meta name=\"author\" content=\"admin-gvs\" \/>\n<meta name=\"twitter:card\" content=\"summary_large_image\" \/>\n<meta name=\"twitter:label1\" content=\"Escrito por\" \/>\n\t<meta name=\"twitter:data1\" content=\"admin-gvs\" \/>\n\t<meta name=\"twitter:label2\" content=\"Est. tempo de leitura\" \/>\n\t<meta name=\"twitter:data2\" content=\"6 minutos\" \/>\n<script type=\"application\/ld+json\" class=\"yoast-schema-graph\">{\"@context\":\"https:\/\/schema.org\",\"@graph\":[{\"@type\":\"Article\",\"@id\":\"https:\/\/www.gvs.com.br\/safety\/2025\/01\/12\/garanta-a-protecao-das-vias-respiratorias-de-seus-funcionarios\/#article\",\"isPartOf\":{\"@id\":\"https:\/\/www.gvs.com.br\/safety\/2025\/01\/12\/garanta-a-protecao-das-vias-respiratorias-de-seus-funcionarios\/\"},\"author\":{\"name\":\"admin-gvs\",\"@id\":\"https:\/\/www.gvs.com.br\/safety\/#\/schema\/person\/08f0e38941dafa538ee5706ec48fe5a1\"},\"headline\":\"Descubra como garantir a prote\u00e7\u00e3o das vias respirat\u00f3rias de seus funcion\u00e1rios\",\"datePublished\":\"2025-01-12T18:12:00+00:00\",\"dateModified\":\"2025-09-11T18:21:25+00:00\",\"mainEntityOfPage\":{\"@id\":\"https:\/\/www.gvs.com.br\/safety\/2025\/01\/12\/garanta-a-protecao-das-vias-respiratorias-de-seus-funcionarios\/\"},\"wordCount\":1131,\"commentCount\":0,\"publisher\":{\"@id\":\"https:\/\/www.gvs.com.br\/safety\/#organization\"},\"image\":{\"@id\":\"https:\/\/www.gvs.com.br\/safety\/2025\/01\/12\/garanta-a-protecao-das-vias-respiratorias-de-seus-funcionarios\/#primaryimage\"},\"thumbnailUrl\":\"https:\/\/www.gvs.com.br\/safety\/wp-content\/uploads\/2025\/09\/tecnica-de-seguranca-do-trabalho.jpg\",\"keywords\":[\"Elipse\",\"Produtos GVS\",\"Prote\u00e7\u00e3o Respirat\u00f3ria\",\"Safety\"],\"articleSection\":[\"Safety\"],\"inLanguage\":\"pt-BR\",\"potentialAction\":[{\"@type\":\"CommentAction\",\"name\":\"Comment\",\"target\":[\"https:\/\/www.gvs.com.br\/safety\/2025\/01\/12\/garanta-a-protecao-das-vias-respiratorias-de-seus-funcionarios\/#respond\"]}]},{\"@type\":\"WebPage\",\"@id\":\"https:\/\/www.gvs.com.br\/safety\/2025\/01\/12\/garanta-a-protecao-das-vias-respiratorias-de-seus-funcionarios\/\",\"url\":\"https:\/\/www.gvs.com.br\/safety\/2025\/01\/12\/garanta-a-protecao-das-vias-respiratorias-de-seus-funcionarios\/\",\"name\":\"Garanta a prote\u00e7\u00e3o das vias respirat\u00f3rias de seus funcion\u00e1rios\",\"isPartOf\":{\"@id\":\"https:\/\/www.gvs.com.br\/safety\/#website\"},\"primaryImageOfPage\":{\"@id\":\"https:\/\/www.gvs.com.br\/safety\/2025\/01\/12\/garanta-a-protecao-das-vias-respiratorias-de-seus-funcionarios\/#primaryimage\"},\"image\":{\"@id\":\"https:\/\/www.gvs.com.br\/safety\/2025\/01\/12\/garanta-a-protecao-das-vias-respiratorias-de-seus-funcionarios\/#primaryimage\"},\"thumbnailUrl\":\"https:\/\/www.gvs.com.br\/safety\/wp-content\/uploads\/2025\/09\/tecnica-de-seguranca-do-trabalho.jpg\",\"datePublished\":\"2025-01-12T18:12:00+00:00\",\"dateModified\":\"2025-09-11T18:21:25+00:00\",\"description\":\"Descubra como garantir a prote\u00e7\u00e3o das vias respirat\u00f3rias de seus funcion\u00e1rios. Coloque a seguran\u00e7a da sua empresa em primeiro lugar!\",\"breadcrumb\":{\"@id\":\"https:\/\/www.gvs.com.br\/safety\/2025\/01\/12\/garanta-a-protecao-das-vias-respiratorias-de-seus-funcionarios\/#breadcrumb\"},\"inLanguage\":\"pt-BR\",\"potentialAction\":[{\"@type\":\"ReadAction\",\"target\":[\"https:\/\/www.gvs.com.br\/safety\/2025\/01\/12\/garanta-a-protecao-das-vias-respiratorias-de-seus-funcionarios\/\"]}]},{\"@type\":\"ImageObject\",\"inLanguage\":\"pt-BR\",\"@id\":\"https:\/\/www.gvs.com.br\/safety\/2025\/01\/12\/garanta-a-protecao-das-vias-respiratorias-de-seus-funcionarios\/#primaryimage\",\"url\":\"https:\/\/www.gvs.com.br\/safety\/wp-content\/uploads\/2025\/09\/tecnica-de-seguranca-do-trabalho.jpg\",\"contentUrl\":\"https:\/\/www.gvs.com.br\/safety\/wp-content\/uploads\/2025\/09\/tecnica-de-seguranca-do-trabalho.jpg\",\"width\":1123,\"height\":633},{\"@type\":\"BreadcrumbList\",\"@id\":\"https:\/\/www.gvs.com.br\/safety\/2025\/01\/12\/garanta-a-protecao-das-vias-respiratorias-de-seus-funcionarios\/#breadcrumb\",\"itemListElement\":[{\"@type\":\"ListItem\",\"position\":1,\"name\":\"In\u00edcio\",\"item\":\"https:\/\/www.gvs.com.br\/safety\/\"},{\"@type\":\"ListItem\",\"position\":2,\"name\":\"Descubra como garantir a prote\u00e7\u00e3o das vias respirat\u00f3rias de seus funcion\u00e1rios\"}]},{\"@type\":\"WebSite\",\"@id\":\"https:\/\/www.gvs.com.br\/safety\/#website\",\"url\":\"https:\/\/www.gvs.com.br\/safety\/\",\"name\":\"Safety\",\"description\":\"\",\"publisher\":{\"@id\":\"https:\/\/www.gvs.com.br\/safety\/#organization\"},\"potentialAction\":[{\"@type\":\"SearchAction\",\"target\":{\"@type\":\"EntryPoint\",\"urlTemplate\":\"https:\/\/www.gvs.com.br\/safety\/?s={search_term_string}\"},\"query-input\":{\"@type\":\"PropertyValueSpecification\",\"valueRequired\":true,\"valueName\":\"search_term_string\"}}],\"inLanguage\":\"pt-BR\"},{\"@type\":\"Organization\",\"@id\":\"https:\/\/www.gvs.com.br\/safety\/#organization\",\"name\":\"Safety\",\"url\":\"https:\/\/www.gvs.com.br\/safety\/\",\"logo\":{\"@type\":\"ImageObject\",\"inLanguage\":\"pt-BR\",\"@id\":\"https:\/\/www.gvs.com.br\/safety\/#\/schema\/logo\/image\/\",\"url\":\"https:\/\/www.gvs.com.br\/safety\/wp-content\/uploads\/2024\/12\/Logo-GVS-Safety.png\",\"contentUrl\":\"https:\/\/www.gvs.com.br\/safety\/wp-content\/uploads\/2024\/12\/Logo-GVS-Safety.png\",\"width\":1920,\"height\":1080,\"caption\":\"Safety\"},\"image\":{\"@id\":\"https:\/\/www.gvs.com.br\/safety\/#\/schema\/logo\/image\/\"}},{\"@type\":\"Person\",\"@id\":\"https:\/\/www.gvs.com.br\/safety\/#\/schema\/person\/08f0e38941dafa538ee5706ec48fe5a1\",\"name\":\"admin-gvs\",\"image\":{\"@type\":\"ImageObject\",\"inLanguage\":\"pt-BR\",\"@id\":\"https:\/\/secure.gravatar.com\/avatar\/753807cf2c24e7c5051446eb4fc6c55657714e911f26a29329d9dc501ae35121?s=96&d=mm&r=g\",\"url\":\"https:\/\/secure.gravatar.com\/avatar\/753807cf2c24e7c5051446eb4fc6c55657714e911f26a29329d9dc501ae35121?s=96&d=mm&r=g\",\"contentUrl\":\"https:\/\/secure.gravatar.com\/avatar\/753807cf2c24e7c5051446eb4fc6c55657714e911f26a29329d9dc501ae35121?s=96&d=mm&r=g\",\"caption\":\"admin-gvs\"},\"url\":\"https:\/\/www.gvs.com.br\/safety\/author\/admin-gvs\/\"}]}<\/script>\n<!-- \/ Yoast SEO plugin. -->","yoast_head_json":{"title":"Garanta a prote\u00e7\u00e3o das vias respirat\u00f3rias de seus funcion\u00e1rios","description":"Descubra como garantir a prote\u00e7\u00e3o das vias respirat\u00f3rias de seus funcion\u00e1rios. Coloque a seguran\u00e7a da sua empresa em primeiro lugar!","robots":{"index":"index","follow":"follow","max-snippet":"max-snippet:-1","max-image-preview":"max-image-preview:large","max-video-preview":"max-video-preview:-1"},"canonical":"https:\/\/www.gvs.com.br\/safety\/2025\/01\/12\/garanta-a-protecao-das-vias-respiratorias-de-seus-funcionarios\/","og_locale":"pt_BR","og_type":"article","og_title":"Garanta a prote\u00e7\u00e3o das vias respirat\u00f3rias de seus funcion\u00e1rios","og_description":"Descubra como garantir a prote\u00e7\u00e3o das vias respirat\u00f3rias de seus funcion\u00e1rios. Coloque a seguran\u00e7a da sua empresa em primeiro lugar!","og_url":"https:\/\/www.gvs.com.br\/safety\/2025\/01\/12\/garanta-a-protecao-das-vias-respiratorias-de-seus-funcionarios\/","og_site_name":"Safety","article_published_time":"2025-01-12T18:12:00+00:00","article_modified_time":"2025-09-11T18:21:25+00:00","og_image":[{"width":1123,"height":633,"url":"https:\/\/www.gvs.com.br\/safety\/wp-content\/uploads\/2025\/09\/tecnica-de-seguranca-do-trabalho.jpg","type":"image\/jpeg"}],"author":"admin-gvs","twitter_card":"summary_large_image","twitter_misc":{"Escrito por":"admin-gvs","Est. tempo de leitura":"6 minutos"},"schema":{"@context":"https:\/\/schema.org","@graph":[{"@type":"Article","@id":"https:\/\/www.gvs.com.br\/safety\/2025\/01\/12\/garanta-a-protecao-das-vias-respiratorias-de-seus-funcionarios\/#article","isPartOf":{"@id":"https:\/\/www.gvs.com.br\/safety\/2025\/01\/12\/garanta-a-protecao-das-vias-respiratorias-de-seus-funcionarios\/"},"author":{"name":"admin-gvs","@id":"https:\/\/www.gvs.com.br\/safety\/#\/schema\/person\/08f0e38941dafa538ee5706ec48fe5a1"},"headline":"Descubra como garantir a prote\u00e7\u00e3o das vias respirat\u00f3rias de seus funcion\u00e1rios","datePublished":"2025-01-12T18:12:00+00:00","dateModified":"2025-09-11T18:21:25+00:00","mainEntityOfPage":{"@id":"https:\/\/www.gvs.com.br\/safety\/2025\/01\/12\/garanta-a-protecao-das-vias-respiratorias-de-seus-funcionarios\/"},"wordCount":1131,"commentCount":0,"publisher":{"@id":"https:\/\/www.gvs.com.br\/safety\/#organization"},"image":{"@id":"https:\/\/www.gvs.com.br\/safety\/2025\/01\/12\/garanta-a-protecao-das-vias-respiratorias-de-seus-funcionarios\/#primaryimage"},"thumbnailUrl":"https:\/\/www.gvs.com.br\/safety\/wp-content\/uploads\/2025\/09\/tecnica-de-seguranca-do-trabalho.jpg","keywords":["Elipse","Produtos GVS","Prote\u00e7\u00e3o Respirat\u00f3ria","Safety"],"articleSection":["Safety"],"inLanguage":"pt-BR","potentialAction":[{"@type":"CommentAction","name":"Comment","target":["https:\/\/www.gvs.com.br\/safety\/2025\/01\/12\/garanta-a-protecao-das-vias-respiratorias-de-seus-funcionarios\/#respond"]}]},{"@type":"WebPage","@id":"https:\/\/www.gvs.com.br\/safety\/2025\/01\/12\/garanta-a-protecao-das-vias-respiratorias-de-seus-funcionarios\/","url":"https:\/\/www.gvs.com.br\/safety\/2025\/01\/12\/garanta-a-protecao-das-vias-respiratorias-de-seus-funcionarios\/","name":"Garanta a prote\u00e7\u00e3o das vias respirat\u00f3rias de seus funcion\u00e1rios","isPartOf":{"@id":"https:\/\/www.gvs.com.br\/safety\/#website"},"primaryImageOfPage":{"@id":"https:\/\/www.gvs.com.br\/safety\/2025\/01\/12\/garanta-a-protecao-das-vias-respiratorias-de-seus-funcionarios\/#primaryimage"},"image":{"@id":"https:\/\/www.gvs.com.br\/safety\/2025\/01\/12\/garanta-a-protecao-das-vias-respiratorias-de-seus-funcionarios\/#primaryimage"},"thumbnailUrl":"https:\/\/www.gvs.com.br\/safety\/wp-content\/uploads\/2025\/09\/tecnica-de-seguranca-do-trabalho.jpg","datePublished":"2025-01-12T18:12:00+00:00","dateModified":"2025-09-11T18:21:25+00:00","description":"Descubra como garantir a prote\u00e7\u00e3o das vias respirat\u00f3rias de seus funcion\u00e1rios. Coloque a seguran\u00e7a da sua empresa em primeiro lugar!","breadcrumb":{"@id":"https:\/\/www.gvs.com.br\/safety\/2025\/01\/12\/garanta-a-protecao-das-vias-respiratorias-de-seus-funcionarios\/#breadcrumb"},"inLanguage":"pt-BR","potentialAction":[{"@type":"ReadAction","target":["https:\/\/www.gvs.com.br\/safety\/2025\/01\/12\/garanta-a-protecao-das-vias-respiratorias-de-seus-funcionarios\/"]}]},{"@type":"ImageObject","inLanguage":"pt-BR","@id":"https:\/\/www.gvs.com.br\/safety\/2025\/01\/12\/garanta-a-protecao-das-vias-respiratorias-de-seus-funcionarios\/#primaryimage","url":"https:\/\/www.gvs.com.br\/safety\/wp-content\/uploads\/2025\/09\/tecnica-de-seguranca-do-trabalho.jpg","contentUrl":"https:\/\/www.gvs.com.br\/safety\/wp-content\/uploads\/2025\/09\/tecnica-de-seguranca-do-trabalho.jpg","width":1123,"height":633},{"@type":"BreadcrumbList","@id":"https:\/\/www.gvs.com.br\/safety\/2025\/01\/12\/garanta-a-protecao-das-vias-respiratorias-de-seus-funcionarios\/#breadcrumb","itemListElement":[{"@type":"ListItem","position":1,"name":"In\u00edcio","item":"https:\/\/www.gvs.com.br\/safety\/"},{"@type":"ListItem","position":2,"name":"Descubra como garantir a prote\u00e7\u00e3o das vias respirat\u00f3rias de seus funcion\u00e1rios"}]},{"@type":"WebSite","@id":"https:\/\/www.gvs.com.br\/safety\/#website","url":"https:\/\/www.gvs.com.br\/safety\/","name":"Safety","description":"","publisher":{"@id":"https:\/\/www.gvs.com.br\/safety\/#organization"},"potentialAction":[{"@type":"SearchAction","target":{"@type":"EntryPoint","urlTemplate":"https:\/\/www.gvs.com.br\/safety\/?s={search_term_string}"},"query-input":{"@type":"PropertyValueSpecification","valueRequired":true,"valueName":"search_term_string"}}],"inLanguage":"pt-BR"},{"@type":"Organization","@id":"https:\/\/www.gvs.com.br\/safety\/#organization","name":"Safety","url":"https:\/\/www.gvs.com.br\/safety\/","logo":{"@type":"ImageObject","inLanguage":"pt-BR","@id":"https:\/\/www.gvs.com.br\/safety\/#\/schema\/logo\/image\/","url":"https:\/\/www.gvs.com.br\/safety\/wp-content\/uploads\/2024\/12\/Logo-GVS-Safety.png","contentUrl":"https:\/\/www.gvs.com.br\/safety\/wp-content\/uploads\/2024\/12\/Logo-GVS-Safety.png","width":1920,"height":1080,"caption":"Safety"},"image":{"@id":"https:\/\/www.gvs.com.br\/safety\/#\/schema\/logo\/image\/"}},{"@type":"Person","@id":"https:\/\/www.gvs.com.br\/safety\/#\/schema\/person\/08f0e38941dafa538ee5706ec48fe5a1","name":"admin-gvs","image":{"@type":"ImageObject","inLanguage":"pt-BR","@id":"https:\/\/secure.gravatar.com\/avatar\/753807cf2c24e7c5051446eb4fc6c55657714e911f26a29329d9dc501ae35121?s=96&d=mm&r=g","url":"https:\/\/secure.gravatar.com\/avatar\/753807cf2c24e7c5051446eb4fc6c55657714e911f26a29329d9dc501ae35121?s=96&d=mm&r=g","contentUrl":"https:\/\/secure.gravatar.com\/avatar\/753807cf2c24e7c5051446eb4fc6c55657714e911f26a29329d9dc501ae35121?s=96&d=mm&r=g","caption":"admin-gvs"},"url":"https:\/\/www.gvs.com.br\/safety\/author\/admin-gvs\/"}]}},"uagb_featured_image_src":{"full":["https:\/\/www.gvs.com.br\/safety\/wp-content\/uploads\/2025\/09\/tecnica-de-seguranca-do-trabalho.jpg",1123,633,false],"thumbnail":["https:\/\/www.gvs.com.br\/safety\/wp-content\/uploads\/2025\/09\/tecnica-de-seguranca-do-trabalho-150x150.jpg",150,150,true],"medium":["https:\/\/www.gvs.com.br\/safety\/wp-content\/uploads\/2025\/09\/tecnica-de-seguranca-do-trabalho-300x169.jpg",300,169,true],"medium_large":["https:\/\/www.gvs.com.br\/safety\/wp-content\/uploads\/2025\/09\/tecnica-de-seguranca-do-trabalho-768x433.jpg",768,433,true],"large":["https:\/\/www.gvs.com.br\/safety\/wp-content\/uploads\/2025\/09\/tecnica-de-seguranca-do-trabalho-1024x577.jpg",1024,577,true],"1536x1536":["https:\/\/www.gvs.com.br\/safety\/wp-content\/uploads\/2025\/09\/tecnica-de-seguranca-do-trabalho.jpg",1123,633,false],"2048x2048":["https:\/\/www.gvs.com.br\/safety\/wp-content\/uploads\/2025\/09\/tecnica-de-seguranca-do-trabalho.jpg",1123,633,false]},"uagb_author_info":{"display_name":"admin-gvs","author_link":"https:\/\/www.gvs.com.br\/safety\/author\/admin-gvs\/"},"uagb_comment_info":0,"uagb_excerpt":"Descubra como garantir a prote\u00e7\u00e3o das vias respirat\u00f3rias de seus funcion\u00e1rios Coloque a seguran\u00e7a da sua empresa em primeiro lugar! [&hellip;]","_links":{"self":[{"href":"https:\/\/www.gvs.com.br\/safety\/wp-json\/wp\/v2\/posts\/2957","targetHints":{"allow":["GET"]}}],"collection":[{"href":"https:\/\/www.gvs.com.br\/safety\/wp-json\/wp\/v2\/posts"}],"about":[{"href":"https:\/\/www.gvs.com.br\/safety\/wp-json\/wp\/v2\/types\/post"}],"author":[{"embeddable":true,"href":"https:\/\/www.gvs.com.br\/safety\/wp-json\/wp\/v2\/users\/2"}],"replies":[{"embeddable":true,"href":"https:\/\/www.gvs.com.br\/safety\/wp-json\/wp\/v2\/comments?post=2957"}],"version-history":[{"count":1,"href":"https:\/\/www.gvs.com.br\/safety\/wp-json\/wp\/v2\/posts\/2957\/revisions"}],"predecessor-version":[{"id":2964,"href":"https:\/\/www.gvs.com.br\/safety\/wp-json\/wp\/v2\/posts\/2957\/revisions\/2964"}],"wp:featuredmedia":[{"embeddable":true,"href":"https:\/\/www.gvs.com.br\/safety\/wp-json\/wp\/v2\/media\/2962"}],"wp:attachment":[{"href":"https:\/\/www.gvs.com.br\/safety\/wp-json\/wp\/v2\/media?parent=2957"}],"wp:term":[{"taxonomy":"category","embeddable":true,"href":"https:\/\/www.gvs.com.br\/safety\/wp-json\/wp\/v2\/categories?post=2957"},{"taxonomy":"post_tag","embeddable":true,"href":"https:\/\/www.gvs.com.br\/safety\/wp-json\/wp\/v2\/tags?post=2957"}],"curies":[{"name":"wp","href":"https:\/\/api.w.org\/{rel}","templated":true}]}}