{"id":2955,"date":"2025-01-12T18:11:00","date_gmt":"2025-01-12T18:11:00","guid":{"rendered":"https:\/\/www.gvs.com.br\/safety\/?p=2955"},"modified":"2025-09-11T18:34:59","modified_gmt":"2025-09-11T18:34:59","slug":"equipamento-de-protecao-respiratoria-2","status":"publish","type":"post","link":"https:\/\/www.gvs.com.br\/safety\/2025\/01\/12\/equipamento-de-protecao-respiratoria-2\/","title":{"rendered":"Equipamento de prote\u00e7\u00e3o respirat\u00f3ria: como eles ajudam a prevenir problemas?"},"content":{"rendered":"\n<div class=\"wp-block-uagb-container uagb-block-2d8af228 alignfull uagb-is-root-container\"><div class=\"uagb-container-inner-blocks-wrap\">\n<div class=\"wp-block-uagb-advanced-heading uagb-block-88fad113\"><h2 class=\"uagb-heading-text\">Equipamento de prote\u00e7\u00e3o respirat\u00f3ria: <br>como eles ajudam a prevenir problemas?<\/h2><\/div>\n\n\n\n<p class=\"has-ast-global-color-5-color has-text-color has-link-color wp-elements-159a25482c9587fd18b22a751c86b53b\"><strong>Tenha as melhores alternativas para uma prote\u00e7\u00e3o de qualidade<\/strong><\/p>\n<\/div><\/div>\n\n\n\n<p><\/p>\n\n\n\n<p>Primeiramente, ter conhecimento de que a sa\u00fade \u00e9 um dos aspectos mais importantes para se lidar em uma empresa, \u00e9 conseguir priorizar o funcion\u00e1rio com a utiliza\u00e7\u00e3o de um equipamento de prote\u00e7\u00e3o respirat\u00f3ria.<\/p>\n\n\n\n<p>A princ\u00edpio, um ambiente onde a seguran\u00e7a \u00e9 a prioridade, tende a ser um local mais bem desenvolvido, com a produ\u00e7\u00e3o alinhada e entregas qualificadas.<\/p>\n\n\n\n<p>Por isso, para que a sua empresa funcione perfeitamente, sem problemas futuros, vamos te explicar como um equipamento de prote\u00e7\u00e3o respirat\u00f3ria pode te ajudar.<\/p>\n\n\n\n<p>Ent\u00e3o, leia o texto at\u00e9 o final e n\u00e3o perca nenhuma informa\u00e7\u00e3o! Proteger seus funcion\u00e1rios \u00e9 uma obriga\u00e7\u00e3o que deve ser seguida \u00e0 risca.<\/p>\n\n\n\n<p>Saiba muito mais nos t\u00f3picos abaixo! Confira dicas de como obter os melhores equipamentos!<\/p>\n\n\n\n<h2 class=\"wp-block-heading\">Para que serve um equipamento de prote\u00e7\u00e3o respirat\u00f3ria?<\/h2>\n\n\n\n<p>Para come\u00e7ar, voc\u00ea precisa entender o motivo de um equipamento de prote\u00e7\u00e3o ser t\u00e3o importante para uma empresa.<\/p>\n\n\n\n<p>Eles servem para que as estrat\u00e9gias de seguran\u00e7a de uma corpora\u00e7\u00e3o sejam efetuadas da melhor maneira. Pois, s\u00e3o um dos pontos que exigem mais responsabilidade e aten\u00e7\u00e3o dentro de uma ind\u00fastria, por exemplo.<\/p>\n\n\n\n<p>A n\u00e3o utiliza\u00e7\u00e3o desses equipamentos, pode provocar muitos danos na estrutura de uma empresa, e at\u00e9 mesmo, na imagem que ela quer passar.<\/p>\n\n\n\n<p>Sendo assim, os equipamentos de prote\u00e7\u00e3o respirat\u00f3ria s\u00e3o utilizados para proteger o trabalhador de agentes nocivos \u00e0 sa\u00fade, como poeiras, fumos, gases e vapores.<\/p>\n\n\n\n<p>Com essa prote\u00e7\u00e3o, podem ser evitadas outras ocasi\u00f5es de emerg\u00eancia. Eles s\u00e3o fundamentais para prevenir doen\u00e7as respirat\u00f3rias, como asma, bronquite e enfisema, entre outras.<\/p>\n\n\n\n<p>Em resumo, servem para impedir que agentes agressivos presentes em ambientes de produ\u00e7\u00e3o, possam causar algum impacto na sa\u00fade de um funcion\u00e1rio, levando-o a ter doen\u00e7as ou complica\u00e7\u00f5es m\u00e9dicas.<\/p>\n\n\n\n<h2 class=\"wp-block-heading\">Por que os equipamentos de prote\u00e7\u00e3o respirat\u00f3ria s\u00e3o t\u00e3o importantes para uma empresa?<\/h2>\n\n\n\n<p>Agora, saiba porque eles s\u00e3o t\u00e3o fundamentais nos processos industriais, e v\u00e3o muito al\u00e9m da prote\u00e7\u00e3o individual.<\/p>\n\n\n\n<p>Um equipamento de prote\u00e7\u00e3o respirat\u00f3ria \u00e9 extremamente importante para uma empresa. Pois, protege os funcion\u00e1rios de contamina\u00e7\u00f5es de agentes qu\u00edmicos, biol\u00f3gicos ou f\u00edsicos que comp\u00f5em uma linha de produ\u00e7\u00e3o.<\/p>\n\n\n\n<p>Al\u00e9m disso, esses equipamentos tamb\u00e9m podem manter a qualidade do ar interno, evitando que os funcion\u00e1rios sejam expostos aos agentes nocivos.<\/p>\n\n\n\n<p>Existem assim, muitos tipos de equipamentos que s\u00e3o indicados para cada trabalho e atua\u00e7\u00e3o envolvendo algum elemento agressivos.<\/p>\n\n\n\n<p>Dessa forma, voc\u00ea deve saber quais existem, a sua fun\u00e7\u00e3o, e o n\u00edvel de prote\u00e7\u00e3o que possuem.<\/p>\n\n\n\n<p>S\u00f3 assim, poder\u00e1 entender qual deles se encaixa nas suas necessidades. Sendo o respons\u00e1vel pela administra\u00e7\u00e3o da seguran\u00e7a da empresa, cabe a voc\u00ea decidir qual o melhor caminho para ser seguido.<\/p>\n\n\n\n<p>E isso, exige muita pesquisa e responsabilidade para tomar a decis\u00e3o certa. Abaixo, saiba um pouquinho sobre os diversos tipos de equipamentos de prote\u00e7\u00e3o respirat\u00f3ria que existem.<\/p>\n\n\n\n<figure class=\"wp-block-image aligncenter size-large\"><img loading=\"lazy\" decoding=\"async\" width=\"1024\" height=\"323\" src=\"https:\/\/www.gvs.com.br\/safety\/wp-content\/uploads\/2025\/09\/industria-4-1024x323.jpg\" alt=\"\" class=\"wp-image-2969\" srcset=\"https:\/\/www.gvs.com.br\/safety\/wp-content\/uploads\/2025\/09\/industria-4-1024x323.jpg 1024w, https:\/\/www.gvs.com.br\/safety\/wp-content\/uploads\/2025\/09\/industria-4-300x95.jpg 300w, https:\/\/www.gvs.com.br\/safety\/wp-content\/uploads\/2025\/09\/industria-4-768x242.jpg 768w, https:\/\/www.gvs.com.br\/safety\/wp-content\/uploads\/2025\/09\/industria-4.jpg 1110w\" sizes=\"auto, (max-width: 1024px) 100vw, 1024px\" \/><\/figure>\n\n\n\n<h2 class=\"wp-block-heading\"><strong>Quais s\u00e3o os&nbsp;<\/strong>e<strong>quipamentos de prote\u00e7\u00e3o que existem?<\/strong><\/h2>\n\n\n\n<p>Nos dias atuais, no mercado, existem diversos tipos de EPIs, como as m\u00e1scaras, os \u00f3culos, os capacetes e as luvas.<\/p>\n\n\n\n<p>Mas, alguns equipamentos servem exclusivamente para proteger a respira\u00e7\u00e3o dos trabalhadores de diversos riscos, como a poeira, os gases e os vapores.<\/p>\n\n\n\n<p>Por isso, veja alguns desses EPIs feitos para a seguran\u00e7a respirat\u00f3ria de um trabalhado insalubre.<\/p>\n\n\n\n<p><strong>M\u00e1scaras:&nbsp;<\/strong>s\u00e3o usadas para proteger a face e o nariz do usu\u00e1rio. Existem v\u00e1rios, mas, as mais comuns s\u00e3o as m\u00e1scaras de v\u00e1cuo e as de press\u00e3o positiva.<\/p>\n\n\n\n<p><strong>Filtros:<\/strong>&nbsp;s\u00e3o usados para filtrar o ar que entra na m\u00e1scara. Os filtros podem ser de v\u00e1rios tipos, como os de part\u00edculas, os de g\u00e1s e os biol\u00f3gicos.<\/p>\n\n\n\n<p><strong>Protetores faciais:<\/strong>&nbsp;s\u00e3o usados para proteger a face do usu\u00e1rio. Os protetores faciais podem ser de v\u00e1rios tipos, como os \u00f3culos de prote\u00e7\u00e3o, os protetores de orelha e os de nariz.<\/p>\n\n\n\n<p>E dentro desses tipos de equipamentos, existem mais categorias seletivas para cada aparelho protetivo.<\/p>\n\n\n\n<h2 class=\"wp-block-heading\">Como eles podem ajudar a prevenir problemas?<\/h2>\n\n\n\n<p>Agora, vamos te explicar de quais formas eles podem ajudar na prote\u00e7\u00e3o de seu funcion\u00e1rio, para evitar emerg\u00eancias futuras.<\/p>\n\n\n\n<p>Como voc\u00ea j\u00e1 viu anteriormente, os equipamentos de prote\u00e7\u00e3o respirat\u00f3ria ajudam a prevenir problemas respirat\u00f3rios que podem ser desenvolvidos em lugares insalubres, como em ind\u00fastrias qu\u00edmicas, farmac\u00eauticas, entre outros.<\/p>\n\n\n\n<p>Al\u00e9m de proteger contra poeiras, fuma\u00e7as e outros agentes nocivos, os equipamentos de prote\u00e7\u00e3o respirat\u00f3ria ajudam a manter a qualidade do ar e a proteger a sa\u00fade dos trabalhadores.<\/p>\n\n\n\n<p>Dessa forma, doen\u00e7as adquiridas atrav\u00e9s desses fatores, como a asma, por exemplo, ser\u00e3o evitadas e a empresa n\u00e3o sofrer\u00e1 preju\u00edzos com a sa\u00fade do funcion\u00e1rio.<\/p>\n\n\n\n<p>Assim sendo, os equipamentos de prote\u00e7\u00e3o respirat\u00f3ria, ajudam a prevenir problemas dentro de uma ind\u00fastria com agentes agressivos. Pois, ajudam a manter a qualidade do ar e a proteger os funcion\u00e1rios da exposi\u00e7\u00e3o a esses agentes.<\/p>\n\n\n\n<p>Os equipamentos de prote\u00e7\u00e3o respirat\u00f3ria podem ser usados em conjunto com outros itens de seguran\u00e7a, como os equipamentos de prote\u00e7\u00e3o ocular e os equipamentos de prote\u00e7\u00e3o da pele.<\/p>\n\n\n\n<p>Tudo isso, vai ajudar para que a prote\u00e7\u00e3o seja mais eficiente. Com essa jun\u00e7\u00e3o de fatores, a sa\u00fade da pessoa que os est\u00e1 utilizando ser\u00e1 preservada, e um ambiente de trabalho mais agrad\u00e1vel e seguro ser\u00e1 constru\u00eddo.<\/p>\n\n\n\n<h2 class=\"wp-block-heading\">A GVS tem os melhores equipamentos!<\/h2>\n\n\n\n<p>Depois de ter visto como a utiliza\u00e7\u00e3o de um bom equipamento \u00e9 fundamental para toda empresa, est\u00e1 na hora de voc\u00ea conhecer os aparelhos GVS!<\/p>\n\n\n\n<p>Ali\u00e1s, se ainda n\u00e3o sabe, somos um dos principais fabricantes mundiais de solu\u00e7\u00f5es de filtro para setores que necessitam de purifica\u00e7\u00e3o do ar e prote\u00e7\u00e3o respirat\u00f3ria.<\/p>\n\n\n\n<p>Nossas especialidades s\u00e3o os filtros e materiais de filtros e, componentes prontos para uso.<\/p>\n\n\n\n<p>Temos tamb\u00e9m, uma gama de m\u00e1scaras faciais e semifaciais para que voc\u00ea possa optar pela seguran\u00e7a de sua equipe de colaboradores.<\/p>\n\n\n\n<p>Por isso,\u00a0<a href=\"https:\/\/www.gvs.com.br\/safety\/\" target=\"_blank\" rel=\"noreferrer noopener\">entre em nosso site<\/a>\u00a0e confira todos os produtos que podemos te oferecer! Sua empresa precisa de prote\u00e7\u00e3o respirat\u00f3ria de qualidade e n\u00f3s podemos te ajudar!<\/p>\n\n\n\n<p>Mas, n\u00e3o deixe de buscar mais informa\u00e7\u00e3o e pesquisar sobre as melhores solu\u00e7\u00f5es para voc\u00ea.<\/p>\n\n\n\n<p>Portanto, continue lendo mais mat\u00e9rias sobre a seguran\u00e7a no trabalho e os melhores meios para isso.<\/p>\n\n\n\n<p>Enfim,<a href=\"https:\/\/www.gvs.com.br\/safety\/blog\/\" target=\"_blank\" rel=\"noreferrer noopener\">\u00a0acesse nosso blog<\/a>\u00a0e leia outros conte\u00fados que escrevemos exclusivamente para te ajudar!<\/p>\n\n\n\n<div class=\"wp-block-uagb-separator uagb-block-12928a3d\"><div class=\"uagb-separator-spacing-wrapper\"><div class=\"wp-block-uagb-separator__inner\" style=\"--my-background-image:\"><\/div><\/div><\/div>\n\n\n\n<div class=\"wp-block-uagb-advanced-heading uagb-block-37689345\"><h2 class=\"uagb-heading-text\"><strong>Acreditamos em proteger voc\u00ea para os melhores momentos da vida!<\/strong><\/h2><\/div>\n\n\n\n<p>Criamos solu\u00e7\u00f5es de prote\u00e7\u00e3o respirat\u00f3ria que tornam voc\u00ea e sua equipe mais seguros, para que todos possam voltar para casa no final de cada dia, seguros, saud\u00e1veis e capazes de fazer aquilo que mais importa.<\/p>\n\n\n\n<div class=\"wp-block-uagb-separator uagb-block-b8b79ce8\"><div class=\"uagb-separator-spacing-wrapper\"><div class=\"wp-block-uagb-separator__inner\" style=\"--my-background-image:\"><\/div><\/div><\/div>\n\n\n\n<div class=\"wp-block-uagb-call-to-action uagb-block-e6f6b3df wp-block-button\"><div class=\"uagb-cta__wrap\"><h3 class=\"uagb-cta__title\">Fale com a gente!<\/h3><p class=\"uagb-cta__desc\">Entre em contato com o nosso time hoje mesmo, esclare\u00e7a as suas d\u00favidas e&nbsp;<strong>solicite a sua cota\u00e7\u00e3o!<\/strong><\/p><\/div><div class=\"uagb-cta__buttons\"><a href=\"https:\/\/wa.me\/551938797222\" class=\"uagb-cta__button-link-wrapper wp-block-button__link\" target=\"_self\" rel=\"noopener noreferrer\"><svg xmlns=\"https:\/\/www.w3.org\/2000\/svg\" viewBox=\"0 0 448 512\"><path d=\"M380.9 97.1C339 55.1 283.2 32 223.9 32c-122.4 0-222 99.6-222 222 0 39.1 10.2 77.3 29.6 111L0 480l117.7-30.9c32.4 17.7 68.9 27 106.1 27h.1c122.3 0 224.1-99.6 224.1-222 0-59.3-25.2-115-67.1-157zm-157 341.6c-33.2 0-65.7-8.9-94-25.7l-6.7-4-69.8 18.3L72 359.2l-4.4-7c-18.5-29.4-28.2-63.3-28.2-98.2 0-101.7 82.8-184.5 184.6-184.5 49.3 0 95.6 19.2 130.4 54.1 34.8 34.9 56.2 81.2 56.1 130.5 0 101.8-84.9 184.6-186.6 184.6zm101.2-138.2c-5.5-2.8-32.8-16.2-37.9-18-5.1-1.9-8.8-2.8-12.5 2.8-3.7 5.6-14.3 18-17.6 21.8-3.2 3.7-6.5 4.2-12 1.4-32.6-16.3-54-29.1-75.5-66-5.7-9.8 5.7-9.1 16.3-30.3 1.8-3.7 .9-6.9-.5-9.7-1.4-2.8-12.5-30.1-17.1-41.2-4.5-10.8-9.1-9.3-12.5-9.5-3.2-.2-6.9-.2-10.6-.2-3.7 0-9.7 1.4-14.8 6.9-5.1 5.6-19.4 19-19.4 46.3 0 27.3 19.9 53.7 22.6 57.4 2.8 3.7 39.1 59.7 94.8 83.8 35.2 15.2 49 16.5 66.6 13.9 10.7-1.6 32.8-13.4 37.4-26.4 4.6-13 4.6-24.1 3.2-26.4-1.3-2.5-5-3.9-10.5-6.6z\"><\/path><\/svg>WhatsApp<\/a><\/div><\/div>\n\n\n\n<div class=\"wp-block-uagb-separator uagb-block-96e52944\"><div class=\"uagb-separator-spacing-wrapper\"><div class=\"wp-block-uagb-separator__inner\" style=\"--my-background-image:\"><\/div><\/div><\/div>\n\n\n\n<div class=\"wp-block-uagb-call-to-action uagb-block-bf9c28ce wp-block-button\"><div class=\"uagb-cta__wrap\"><h3 class=\"uagb-cta__title\">Fique por dentro das novidades!<\/h3><p class=\"uagb-cta__desc\">Acompanhe nossa jornada de inova\u00e7\u00e3o e saiba mais sobre nossos produtos, acesse <strong>Safety da GVS.<\/strong><\/p><\/div><div class=\"uagb-cta__buttons\"><a href=\"https:\/\/www.gvs.com.br\/safety\" class=\"uagb-cta__button-link-wrapper wp-block-button__link\" target=\"_self\" rel=\"noopener noreferrer\">Acesse o site<\/a><\/div><\/div>\n\n\n\n<p><\/p>\n","protected":false},"excerpt":{"rendered":"<p>Equipamento de prote\u00e7\u00e3o respirat\u00f3ria: como eles ajudam a prevenir problemas? Tenha as melhores alternativas para uma prote\u00e7\u00e3o de qualidade Primeiramente, [&hellip;]<\/p>\n","protected":false},"author":2,"featured_media":2968,"comment_status":"open","ping_status":"open","sticky":false,"template":"","format":"standard","meta":{"_uag_custom_page_level_css":"","site-sidebar-layout":"default","site-content-layout":"","ast-site-content-layout":"","site-content-style":"default","site-sidebar-style":"default","ast-global-header-display":"","ast-banner-title-visibility":"","ast-main-header-display":"","ast-hfb-above-header-display":"","ast-hfb-below-header-display":"","ast-hfb-mobile-header-display":"","site-post-title":"disabled","ast-breadcrumbs-content":"","ast-featured-img":"","footer-sml-layout":"","ast-disable-related-posts":"","theme-transparent-header-meta":"","adv-header-id-meta":"","stick-header-meta":"","header-above-stick-meta":"","header-main-stick-meta":"","header-below-stick-meta":"","astra-migrate-meta-layouts":"default","ast-page-background-enabled":"default","ast-page-background-meta":{"desktop":{"background-color":"var(--ast-global-color-4)","background-image":"","background-repeat":"repeat","background-position":"center center","background-size":"auto","background-attachment":"scroll","background-type":"","background-media":"","overlay-type":"","overlay-color":"","overlay-opacity":"","overlay-gradient":""},"tablet":{"background-color":"","background-image":"","background-repeat":"repeat","background-position":"center center","background-size":"auto","background-attachment":"scroll","background-type":"","background-media":"","overlay-type":"","overlay-color":"","overlay-opacity":"","overlay-gradient":""},"mobile":{"background-color":"","background-image":"","background-repeat":"repeat","background-position":"center center","background-size":"auto","background-attachment":"scroll","background-type":"","background-media":"","overlay-type":"","overlay-color":"","overlay-opacity":"","overlay-gradient":""}},"ast-content-background-meta":{"desktop":{"background-color":"var(--ast-global-color-5)","background-image":"","background-repeat":"repeat","background-position":"center center","background-size":"auto","background-attachment":"scroll","background-type":"","background-media":"","overlay-type":"","overlay-color":"","overlay-opacity":"","overlay-gradient":""},"tablet":{"background-color":"var(--ast-global-color-5)","background-image":"","background-repeat":"repeat","background-position":"center center","background-size":"auto","background-attachment":"scroll","background-type":"","background-media":"","overlay-type":"","overlay-color":"","overlay-opacity":"","overlay-gradient":""},"mobile":{"background-color":"var(--ast-global-color-5)","background-image":"","background-repeat":"repeat","background-position":"center center","background-size":"auto","background-attachment":"scroll","background-type":"","background-media":"","overlay-type":"","overlay-color":"","overlay-opacity":"","overlay-gradient":""}},"footnotes":""},"categories":[5],"tags":[17,15,16],"class_list":["post-2955","post","type-post","status-publish","format-standard","has-post-thumbnail","hentry","category-safety","tag-produtos-gvs","tag-protecao-respiratoria","tag-safety"],"yoast_head":"<!-- This site is optimized with the Yoast SEO plugin v27.2 - https:\/\/yoast.com\/product\/yoast-seo-wordpress\/ -->\n<title>Equipamento de prote\u00e7\u00e3o respirat\u00f3ria<\/title>\n<meta name=\"description\" content=\"Equipamento de prote\u00e7\u00e3o respirat\u00f3ria: como eles ajudam a prevenir problemas?Tenha as melhores alternativas para uma prote\u00e7\u00e3o de qualidade\" \/>\n<meta name=\"robots\" content=\"index, follow, max-snippet:-1, max-image-preview:large, max-video-preview:-1\" \/>\n<link rel=\"canonical\" href=\"https:\/\/www.gvs.com.br\/safety\/2025\/01\/12\/equipamento-de-protecao-respiratoria-2\/\" \/>\n<meta property=\"og:locale\" content=\"pt_BR\" \/>\n<meta property=\"og:type\" content=\"article\" \/>\n<meta property=\"og:title\" content=\"Equipamento de prote\u00e7\u00e3o respirat\u00f3ria\" \/>\n<meta property=\"og:description\" content=\"Equipamento de prote\u00e7\u00e3o respirat\u00f3ria: como eles ajudam a prevenir problemas?Tenha as melhores alternativas para uma prote\u00e7\u00e3o de qualidade\" \/>\n<meta property=\"og:url\" content=\"https:\/\/www.gvs.com.br\/safety\/2025\/01\/12\/equipamento-de-protecao-respiratoria-2\/\" \/>\n<meta property=\"og:site_name\" content=\"Safety\" \/>\n<meta property=\"article:published_time\" content=\"2025-01-12T18:11:00+00:00\" \/>\n<meta property=\"article:modified_time\" content=\"2025-09-11T18:34:59+00:00\" \/>\n<meta property=\"og:image\" content=\"https:\/\/www.gvs.com.br\/safety\/wp-content\/uploads\/2025\/09\/funcionario-com-equipamento-de-protecao-respiratoria.jpg\" \/>\n\t<meta property=\"og:image:width\" content=\"1123\" \/>\n\t<meta property=\"og:image:height\" content=\"633\" \/>\n\t<meta property=\"og:image:type\" content=\"image\/jpeg\" \/>\n<meta name=\"author\" content=\"admin-gvs\" \/>\n<meta name=\"twitter:card\" content=\"summary_large_image\" \/>\n<meta name=\"twitter:label1\" content=\"Escrito por\" \/>\n\t<meta name=\"twitter:data1\" content=\"admin-gvs\" \/>\n\t<meta name=\"twitter:label2\" content=\"Est. tempo de leitura\" \/>\n\t<meta name=\"twitter:data2\" content=\"7 minutos\" \/>\n<script type=\"application\/ld+json\" class=\"yoast-schema-graph\">{\"@context\":\"https:\/\/schema.org\",\"@graph\":[{\"@type\":\"Article\",\"@id\":\"https:\/\/www.gvs.com.br\/safety\/2025\/01\/12\/equipamento-de-protecao-respiratoria-2\/#article\",\"isPartOf\":{\"@id\":\"https:\/\/www.gvs.com.br\/safety\/2025\/01\/12\/equipamento-de-protecao-respiratoria-2\/\"},\"author\":{\"name\":\"admin-gvs\",\"@id\":\"https:\/\/www.gvs.com.br\/safety\/#\/schema\/person\/08f0e38941dafa538ee5706ec48fe5a1\"},\"headline\":\"Equipamento de prote\u00e7\u00e3o respirat\u00f3ria: como eles ajudam a prevenir problemas?\",\"datePublished\":\"2025-01-12T18:11:00+00:00\",\"dateModified\":\"2025-09-11T18:34:59+00:00\",\"mainEntityOfPage\":{\"@id\":\"https:\/\/www.gvs.com.br\/safety\/2025\/01\/12\/equipamento-de-protecao-respiratoria-2\/\"},\"wordCount\":1280,\"commentCount\":0,\"publisher\":{\"@id\":\"https:\/\/www.gvs.com.br\/safety\/#organization\"},\"image\":{\"@id\":\"https:\/\/www.gvs.com.br\/safety\/2025\/01\/12\/equipamento-de-protecao-respiratoria-2\/#primaryimage\"},\"thumbnailUrl\":\"https:\/\/www.gvs.com.br\/safety\/wp-content\/uploads\/2025\/09\/funcionario-com-equipamento-de-protecao-respiratoria.jpg\",\"keywords\":[\"Produtos GVS\",\"Prote\u00e7\u00e3o Respirat\u00f3ria\",\"Safety\"],\"articleSection\":[\"Safety\"],\"inLanguage\":\"pt-BR\",\"potentialAction\":[{\"@type\":\"CommentAction\",\"name\":\"Comment\",\"target\":[\"https:\/\/www.gvs.com.br\/safety\/2025\/01\/12\/equipamento-de-protecao-respiratoria-2\/#respond\"]}]},{\"@type\":\"WebPage\",\"@id\":\"https:\/\/www.gvs.com.br\/safety\/2025\/01\/12\/equipamento-de-protecao-respiratoria-2\/\",\"url\":\"https:\/\/www.gvs.com.br\/safety\/2025\/01\/12\/equipamento-de-protecao-respiratoria-2\/\",\"name\":\"Equipamento de prote\u00e7\u00e3o respirat\u00f3ria\",\"isPartOf\":{\"@id\":\"https:\/\/www.gvs.com.br\/safety\/#website\"},\"primaryImageOfPage\":{\"@id\":\"https:\/\/www.gvs.com.br\/safety\/2025\/01\/12\/equipamento-de-protecao-respiratoria-2\/#primaryimage\"},\"image\":{\"@id\":\"https:\/\/www.gvs.com.br\/safety\/2025\/01\/12\/equipamento-de-protecao-respiratoria-2\/#primaryimage\"},\"thumbnailUrl\":\"https:\/\/www.gvs.com.br\/safety\/wp-content\/uploads\/2025\/09\/funcionario-com-equipamento-de-protecao-respiratoria.jpg\",\"datePublished\":\"2025-01-12T18:11:00+00:00\",\"dateModified\":\"2025-09-11T18:34:59+00:00\",\"description\":\"Equipamento de prote\u00e7\u00e3o respirat\u00f3ria: como eles ajudam a prevenir problemas?Tenha as melhores alternativas para uma prote\u00e7\u00e3o de qualidade\",\"breadcrumb\":{\"@id\":\"https:\/\/www.gvs.com.br\/safety\/2025\/01\/12\/equipamento-de-protecao-respiratoria-2\/#breadcrumb\"},\"inLanguage\":\"pt-BR\",\"potentialAction\":[{\"@type\":\"ReadAction\",\"target\":[\"https:\/\/www.gvs.com.br\/safety\/2025\/01\/12\/equipamento-de-protecao-respiratoria-2\/\"]}]},{\"@type\":\"ImageObject\",\"inLanguage\":\"pt-BR\",\"@id\":\"https:\/\/www.gvs.com.br\/safety\/2025\/01\/12\/equipamento-de-protecao-respiratoria-2\/#primaryimage\",\"url\":\"https:\/\/www.gvs.com.br\/safety\/wp-content\/uploads\/2025\/09\/funcionario-com-equipamento-de-protecao-respiratoria.jpg\",\"contentUrl\":\"https:\/\/www.gvs.com.br\/safety\/wp-content\/uploads\/2025\/09\/funcionario-com-equipamento-de-protecao-respiratoria.jpg\",\"width\":1123,\"height\":633},{\"@type\":\"BreadcrumbList\",\"@id\":\"https:\/\/www.gvs.com.br\/safety\/2025\/01\/12\/equipamento-de-protecao-respiratoria-2\/#breadcrumb\",\"itemListElement\":[{\"@type\":\"ListItem\",\"position\":1,\"name\":\"In\u00edcio\",\"item\":\"https:\/\/www.gvs.com.br\/safety\/\"},{\"@type\":\"ListItem\",\"position\":2,\"name\":\"Equipamento de prote\u00e7\u00e3o respirat\u00f3ria: como eles ajudam a prevenir problemas?\"}]},{\"@type\":\"WebSite\",\"@id\":\"https:\/\/www.gvs.com.br\/safety\/#website\",\"url\":\"https:\/\/www.gvs.com.br\/safety\/\",\"name\":\"Safety\",\"description\":\"\",\"publisher\":{\"@id\":\"https:\/\/www.gvs.com.br\/safety\/#organization\"},\"potentialAction\":[{\"@type\":\"SearchAction\",\"target\":{\"@type\":\"EntryPoint\",\"urlTemplate\":\"https:\/\/www.gvs.com.br\/safety\/?s={search_term_string}\"},\"query-input\":{\"@type\":\"PropertyValueSpecification\",\"valueRequired\":true,\"valueName\":\"search_term_string\"}}],\"inLanguage\":\"pt-BR\"},{\"@type\":\"Organization\",\"@id\":\"https:\/\/www.gvs.com.br\/safety\/#organization\",\"name\":\"Safety\",\"url\":\"https:\/\/www.gvs.com.br\/safety\/\",\"logo\":{\"@type\":\"ImageObject\",\"inLanguage\":\"pt-BR\",\"@id\":\"https:\/\/www.gvs.com.br\/safety\/#\/schema\/logo\/image\/\",\"url\":\"https:\/\/www.gvs.com.br\/safety\/wp-content\/uploads\/2024\/12\/Logo-GVS-Safety.png\",\"contentUrl\":\"https:\/\/www.gvs.com.br\/safety\/wp-content\/uploads\/2024\/12\/Logo-GVS-Safety.png\",\"width\":1920,\"height\":1080,\"caption\":\"Safety\"},\"image\":{\"@id\":\"https:\/\/www.gvs.com.br\/safety\/#\/schema\/logo\/image\/\"}},{\"@type\":\"Person\",\"@id\":\"https:\/\/www.gvs.com.br\/safety\/#\/schema\/person\/08f0e38941dafa538ee5706ec48fe5a1\",\"name\":\"admin-gvs\",\"image\":{\"@type\":\"ImageObject\",\"inLanguage\":\"pt-BR\",\"@id\":\"https:\/\/secure.gravatar.com\/avatar\/753807cf2c24e7c5051446eb4fc6c55657714e911f26a29329d9dc501ae35121?s=96&d=mm&r=g\",\"url\":\"https:\/\/secure.gravatar.com\/avatar\/753807cf2c24e7c5051446eb4fc6c55657714e911f26a29329d9dc501ae35121?s=96&d=mm&r=g\",\"contentUrl\":\"https:\/\/secure.gravatar.com\/avatar\/753807cf2c24e7c5051446eb4fc6c55657714e911f26a29329d9dc501ae35121?s=96&d=mm&r=g\",\"caption\":\"admin-gvs\"},\"url\":\"https:\/\/www.gvs.com.br\/safety\/author\/admin-gvs\/\"}]}<\/script>\n<!-- \/ Yoast SEO plugin. -->","yoast_head_json":{"title":"Equipamento de prote\u00e7\u00e3o respirat\u00f3ria","description":"Equipamento de prote\u00e7\u00e3o respirat\u00f3ria: como eles ajudam a prevenir problemas?Tenha as melhores alternativas para uma prote\u00e7\u00e3o de qualidade","robots":{"index":"index","follow":"follow","max-snippet":"max-snippet:-1","max-image-preview":"max-image-preview:large","max-video-preview":"max-video-preview:-1"},"canonical":"https:\/\/www.gvs.com.br\/safety\/2025\/01\/12\/equipamento-de-protecao-respiratoria-2\/","og_locale":"pt_BR","og_type":"article","og_title":"Equipamento de prote\u00e7\u00e3o respirat\u00f3ria","og_description":"Equipamento de prote\u00e7\u00e3o respirat\u00f3ria: como eles ajudam a prevenir problemas?Tenha as melhores alternativas para uma prote\u00e7\u00e3o de qualidade","og_url":"https:\/\/www.gvs.com.br\/safety\/2025\/01\/12\/equipamento-de-protecao-respiratoria-2\/","og_site_name":"Safety","article_published_time":"2025-01-12T18:11:00+00:00","article_modified_time":"2025-09-11T18:34:59+00:00","og_image":[{"width":1123,"height":633,"url":"https:\/\/www.gvs.com.br\/safety\/wp-content\/uploads\/2025\/09\/funcionario-com-equipamento-de-protecao-respiratoria.jpg","type":"image\/jpeg"}],"author":"admin-gvs","twitter_card":"summary_large_image","twitter_misc":{"Escrito por":"admin-gvs","Est. tempo de leitura":"7 minutos"},"schema":{"@context":"https:\/\/schema.org","@graph":[{"@type":"Article","@id":"https:\/\/www.gvs.com.br\/safety\/2025\/01\/12\/equipamento-de-protecao-respiratoria-2\/#article","isPartOf":{"@id":"https:\/\/www.gvs.com.br\/safety\/2025\/01\/12\/equipamento-de-protecao-respiratoria-2\/"},"author":{"name":"admin-gvs","@id":"https:\/\/www.gvs.com.br\/safety\/#\/schema\/person\/08f0e38941dafa538ee5706ec48fe5a1"},"headline":"Equipamento de prote\u00e7\u00e3o respirat\u00f3ria: como eles ajudam a prevenir problemas?","datePublished":"2025-01-12T18:11:00+00:00","dateModified":"2025-09-11T18:34:59+00:00","mainEntityOfPage":{"@id":"https:\/\/www.gvs.com.br\/safety\/2025\/01\/12\/equipamento-de-protecao-respiratoria-2\/"},"wordCount":1280,"commentCount":0,"publisher":{"@id":"https:\/\/www.gvs.com.br\/safety\/#organization"},"image":{"@id":"https:\/\/www.gvs.com.br\/safety\/2025\/01\/12\/equipamento-de-protecao-respiratoria-2\/#primaryimage"},"thumbnailUrl":"https:\/\/www.gvs.com.br\/safety\/wp-content\/uploads\/2025\/09\/funcionario-com-equipamento-de-protecao-respiratoria.jpg","keywords":["Produtos GVS","Prote\u00e7\u00e3o Respirat\u00f3ria","Safety"],"articleSection":["Safety"],"inLanguage":"pt-BR","potentialAction":[{"@type":"CommentAction","name":"Comment","target":["https:\/\/www.gvs.com.br\/safety\/2025\/01\/12\/equipamento-de-protecao-respiratoria-2\/#respond"]}]},{"@type":"WebPage","@id":"https:\/\/www.gvs.com.br\/safety\/2025\/01\/12\/equipamento-de-protecao-respiratoria-2\/","url":"https:\/\/www.gvs.com.br\/safety\/2025\/01\/12\/equipamento-de-protecao-respiratoria-2\/","name":"Equipamento de prote\u00e7\u00e3o respirat\u00f3ria","isPartOf":{"@id":"https:\/\/www.gvs.com.br\/safety\/#website"},"primaryImageOfPage":{"@id":"https:\/\/www.gvs.com.br\/safety\/2025\/01\/12\/equipamento-de-protecao-respiratoria-2\/#primaryimage"},"image":{"@id":"https:\/\/www.gvs.com.br\/safety\/2025\/01\/12\/equipamento-de-protecao-respiratoria-2\/#primaryimage"},"thumbnailUrl":"https:\/\/www.gvs.com.br\/safety\/wp-content\/uploads\/2025\/09\/funcionario-com-equipamento-de-protecao-respiratoria.jpg","datePublished":"2025-01-12T18:11:00+00:00","dateModified":"2025-09-11T18:34:59+00:00","description":"Equipamento de prote\u00e7\u00e3o respirat\u00f3ria: como eles ajudam a prevenir problemas?Tenha as melhores alternativas para uma prote\u00e7\u00e3o de qualidade","breadcrumb":{"@id":"https:\/\/www.gvs.com.br\/safety\/2025\/01\/12\/equipamento-de-protecao-respiratoria-2\/#breadcrumb"},"inLanguage":"pt-BR","potentialAction":[{"@type":"ReadAction","target":["https:\/\/www.gvs.com.br\/safety\/2025\/01\/12\/equipamento-de-protecao-respiratoria-2\/"]}]},{"@type":"ImageObject","inLanguage":"pt-BR","@id":"https:\/\/www.gvs.com.br\/safety\/2025\/01\/12\/equipamento-de-protecao-respiratoria-2\/#primaryimage","url":"https:\/\/www.gvs.com.br\/safety\/wp-content\/uploads\/2025\/09\/funcionario-com-equipamento-de-protecao-respiratoria.jpg","contentUrl":"https:\/\/www.gvs.com.br\/safety\/wp-content\/uploads\/2025\/09\/funcionario-com-equipamento-de-protecao-respiratoria.jpg","width":1123,"height":633},{"@type":"BreadcrumbList","@id":"https:\/\/www.gvs.com.br\/safety\/2025\/01\/12\/equipamento-de-protecao-respiratoria-2\/#breadcrumb","itemListElement":[{"@type":"ListItem","position":1,"name":"In\u00edcio","item":"https:\/\/www.gvs.com.br\/safety\/"},{"@type":"ListItem","position":2,"name":"Equipamento de prote\u00e7\u00e3o respirat\u00f3ria: como eles ajudam a prevenir problemas?"}]},{"@type":"WebSite","@id":"https:\/\/www.gvs.com.br\/safety\/#website","url":"https:\/\/www.gvs.com.br\/safety\/","name":"Safety","description":"","publisher":{"@id":"https:\/\/www.gvs.com.br\/safety\/#organization"},"potentialAction":[{"@type":"SearchAction","target":{"@type":"EntryPoint","urlTemplate":"https:\/\/www.gvs.com.br\/safety\/?s={search_term_string}"},"query-input":{"@type":"PropertyValueSpecification","valueRequired":true,"valueName":"search_term_string"}}],"inLanguage":"pt-BR"},{"@type":"Organization","@id":"https:\/\/www.gvs.com.br\/safety\/#organization","name":"Safety","url":"https:\/\/www.gvs.com.br\/safety\/","logo":{"@type":"ImageObject","inLanguage":"pt-BR","@id":"https:\/\/www.gvs.com.br\/safety\/#\/schema\/logo\/image\/","url":"https:\/\/www.gvs.com.br\/safety\/wp-content\/uploads\/2024\/12\/Logo-GVS-Safety.png","contentUrl":"https:\/\/www.gvs.com.br\/safety\/wp-content\/uploads\/2024\/12\/Logo-GVS-Safety.png","width":1920,"height":1080,"caption":"Safety"},"image":{"@id":"https:\/\/www.gvs.com.br\/safety\/#\/schema\/logo\/image\/"}},{"@type":"Person","@id":"https:\/\/www.gvs.com.br\/safety\/#\/schema\/person\/08f0e38941dafa538ee5706ec48fe5a1","name":"admin-gvs","image":{"@type":"ImageObject","inLanguage":"pt-BR","@id":"https:\/\/secure.gravatar.com\/avatar\/753807cf2c24e7c5051446eb4fc6c55657714e911f26a29329d9dc501ae35121?s=96&d=mm&r=g","url":"https:\/\/secure.gravatar.com\/avatar\/753807cf2c24e7c5051446eb4fc6c55657714e911f26a29329d9dc501ae35121?s=96&d=mm&r=g","contentUrl":"https:\/\/secure.gravatar.com\/avatar\/753807cf2c24e7c5051446eb4fc6c55657714e911f26a29329d9dc501ae35121?s=96&d=mm&r=g","caption":"admin-gvs"},"url":"https:\/\/www.gvs.com.br\/safety\/author\/admin-gvs\/"}]}},"uagb_featured_image_src":{"full":["https:\/\/www.gvs.com.br\/safety\/wp-content\/uploads\/2025\/09\/funcionario-com-equipamento-de-protecao-respiratoria.jpg",1123,633,false],"thumbnail":["https:\/\/www.gvs.com.br\/safety\/wp-content\/uploads\/2025\/09\/funcionario-com-equipamento-de-protecao-respiratoria-150x150.jpg",150,150,true],"medium":["https:\/\/www.gvs.com.br\/safety\/wp-content\/uploads\/2025\/09\/funcionario-com-equipamento-de-protecao-respiratoria-300x169.jpg",300,169,true],"medium_large":["https:\/\/www.gvs.com.br\/safety\/wp-content\/uploads\/2025\/09\/funcionario-com-equipamento-de-protecao-respiratoria-768x433.jpg",768,433,true],"large":["https:\/\/www.gvs.com.br\/safety\/wp-content\/uploads\/2025\/09\/funcionario-com-equipamento-de-protecao-respiratoria-1024x577.jpg",1024,577,true],"1536x1536":["https:\/\/www.gvs.com.br\/safety\/wp-content\/uploads\/2025\/09\/funcionario-com-equipamento-de-protecao-respiratoria.jpg",1123,633,false],"2048x2048":["https:\/\/www.gvs.com.br\/safety\/wp-content\/uploads\/2025\/09\/funcionario-com-equipamento-de-protecao-respiratoria.jpg",1123,633,false]},"uagb_author_info":{"display_name":"admin-gvs","author_link":"https:\/\/www.gvs.com.br\/safety\/author\/admin-gvs\/"},"uagb_comment_info":0,"uagb_excerpt":"Equipamento de prote\u00e7\u00e3o respirat\u00f3ria: como eles ajudam a prevenir problemas? Tenha as melhores alternativas para uma prote\u00e7\u00e3o de qualidade Primeiramente, [&hellip;]","_links":{"self":[{"href":"https:\/\/www.gvs.com.br\/safety\/wp-json\/wp\/v2\/posts\/2955","targetHints":{"allow":["GET"]}}],"collection":[{"href":"https:\/\/www.gvs.com.br\/safety\/wp-json\/wp\/v2\/posts"}],"about":[{"href":"https:\/\/www.gvs.com.br\/safety\/wp-json\/wp\/v2\/types\/post"}],"author":[{"embeddable":true,"href":"https:\/\/www.gvs.com.br\/safety\/wp-json\/wp\/v2\/users\/2"}],"replies":[{"embeddable":true,"href":"https:\/\/www.gvs.com.br\/safety\/wp-json\/wp\/v2\/comments?post=2955"}],"version-history":[{"count":1,"href":"https:\/\/www.gvs.com.br\/safety\/wp-json\/wp\/v2\/posts\/2955\/revisions"}],"predecessor-version":[{"id":2970,"href":"https:\/\/www.gvs.com.br\/safety\/wp-json\/wp\/v2\/posts\/2955\/revisions\/2970"}],"wp:featuredmedia":[{"embeddable":true,"href":"https:\/\/www.gvs.com.br\/safety\/wp-json\/wp\/v2\/media\/2968"}],"wp:attachment":[{"href":"https:\/\/www.gvs.com.br\/safety\/wp-json\/wp\/v2\/media?parent=2955"}],"wp:term":[{"taxonomy":"category","embeddable":true,"href":"https:\/\/www.gvs.com.br\/safety\/wp-json\/wp\/v2\/categories?post=2955"},{"taxonomy":"post_tag","embeddable":true,"href":"https:\/\/www.gvs.com.br\/safety\/wp-json\/wp\/v2\/tags?post=2955"}],"curies":[{"name":"wp","href":"https:\/\/api.w.org\/{rel}","templated":true}]}}