{"id":2947,"date":"2025-01-12T18:03:00","date_gmt":"2025-01-12T18:03:00","guid":{"rendered":"https:\/\/www.gvs.com.br\/safety\/?p=2947"},"modified":"2025-09-11T18:06:29","modified_gmt":"2025-09-11T18:06:29","slug":"programa-de-protecao-respiratoria","status":"publish","type":"post","link":"https:\/\/www.gvs.com.br\/safety\/2025\/01\/12\/programa-de-protecao-respiratoria\/","title":{"rendered":"O que \u00e9 um Programa de Prote\u00e7\u00e3o Respirat\u00f3ria e como montar o seu?"},"content":{"rendered":"\n<div class=\"wp-block-uagb-container uagb-block-2d8af228 alignfull uagb-is-root-container\"><div class=\"uagb-container-inner-blocks-wrap\">\n<div class=\"wp-block-uagb-advanced-heading uagb-block-88fad113\"><h2 class=\"uagb-heading-text\"><strong>O que \u00e9 um Programa de Prote\u00e7\u00e3o <\/strong><br><strong>Respirat\u00f3ria e como montar o seu?<\/strong><\/h2><\/div>\n\n\n\n<p class=\"has-ast-global-color-5-color has-text-color has-link-color wp-elements-0893a19f8c8dae33c421b1dc4a8c6ca8\"><strong>Aprenda o que \u00e9 o PPR e comece a execut\u00e1-lo em seus processos<\/strong><\/p>\n<\/div><\/div>\n\n\n\n<p><\/p>\n\n\n\n<p>Para que voc\u00ea consiga montar da melhor forma um programa de prote\u00e7\u00e3o respirat\u00f3ria, \u00e9 necess\u00e1rio que primeiro, voc\u00ea saiba exatamente como fazer isso.<\/p>\n\n\n\n<p>Primeiramente, te explicaremos todas as formas de proporcionar uma maior seguran\u00e7a e cuidado com seus funcion\u00e1rios.<\/p>\n\n\n\n<p>Dessa maneira, o ambiente de trabalho na sua empresa ser\u00e1 agrad\u00e1vel, eficiente e funcionar\u00e1 corretamente sem que voc\u00ea tenha problemas futuros com a sa\u00fade de seus colaboradores.<\/p>\n\n\n\n<p>Portanto, acompanhe o texto at\u00e9 o final e descubra como montar um programa de prote\u00e7\u00e3o respirat\u00f3ria.<\/p>\n\n\n\n<h2 class=\"wp-block-heading\">O que \u00e9 um programa de prote\u00e7\u00e3o respirat\u00f3ria?<\/h2>\n\n\n\n<p>Em primeiro lugar, te explicaremos em que o PPR ou Programa de prote\u00e7\u00e3o respirat\u00f3ria, consiste.<\/p>\n\n\n\n<p>Ele \u00e9 importante para a prote\u00e7\u00e3o di\u00e1ria de todos os trabalhadores em uma linha de produ\u00e7\u00e3o.<\/p>\n\n\n\n<p>Proporcionando, assim, maior qualidade de vida e o mais importante, seguran\u00e7a para exercerem as atividades profissionais do dia a dia.<\/p>\n\n\n\n<p>Conforme o objetivo principal, o empregador ou funcion\u00e1rio respons\u00e1vel pela administra\u00e7\u00e3o da seguran\u00e7a privada da empresa, deve planejar e elaborar com certa responsabilidade, alternativas plaus\u00edveis para a prote\u00e7\u00e3o de todos.<\/p>\n\n\n\n<p>Evitando acidentes trabalhistas ou, at\u00e9 mesmo, o desenvolvimento de doen\u00e7as enquanto o trabalhador estiver registrado na empresa.<\/p>\n\n\n\n<p>Em suma, o programa \u00e9 um conjunto de medidas e normas para proteger as vias respirat\u00f3rias.<\/p>\n\n\n\n<p>Mas, para iniciar esse tipo de estrat\u00e9gia de prote\u00e7\u00e3o, \u00e9 necess\u00e1rio que seja feita uma an\u00e1lise de riscos do Programa de Preven\u00e7\u00e3o de Riscos Ambientais, o PPRA. Com ela, voc\u00ea poder\u00e1 concluir se a sua empresa realmente possui riscos respirat\u00f3rios e se h\u00e1 a necessidade da implementa\u00e7\u00e3o do PPR.<\/p>\n\n\n\n<h2 class=\"wp-block-heading\">Programa de preven\u00e7\u00e3o de riscos ambientais<\/h2>\n\n\n\n<p>Certamente, o programa de preven\u00e7\u00e3o de riscos ambientais \u00e9 um conjunto de a\u00e7\u00f5es voltadas para a promo\u00e7\u00e3o da sa\u00fade e seguran\u00e7a dos trabalhadores, visando a preven\u00e7\u00e3o de acidentes e doen\u00e7as ocupacionais.<\/p>\n\n\n\n<p>A elabora\u00e7\u00e3o de um programa de preven\u00e7\u00e3o de riscos ambientais deve levar em conta a avalia\u00e7\u00e3o dos riscos presentes no local de trabalho, bem como, as medidas de controle existentes ou a serem implantadas.<\/p>\n\n\n\n<p>Ent\u00e3o, o programa deve ser revisado periodicamente, para garantir maior efic\u00e1cia em seus resultados.<\/p>\n\n\n\n<h2 class=\"wp-block-heading\">Por que utilizar o Programa de prote\u00e7\u00e3o respirat\u00f3ria?<\/h2>\n\n\n\n<p>Enfim, o programa de prote\u00e7\u00e3o respirat\u00f3ria \u00e9 fundamental para a sa\u00fade dos trabalhadores. Ele proporciona a prote\u00e7\u00e3o adequada contra agentes nocivos, aos quais os funcion\u00e1rios est\u00e3o expostos durante a realiza\u00e7\u00e3o de suas atividades laborais.<\/p>\n\n\n\n<p>Assim, ele deve ser adequado \u00e0s caracter\u00edsticas do ambiente de trabalho e aos riscos existentes, e ser periodicamente avaliado e atualizado de acordo com as mudan\u00e7as nas condi\u00e7\u00f5es de trabalho.<\/p>\n\n\n\n<p>Contudo, todas as empresas devem implement\u00e1-lo para garantir a seguran\u00e7a e a sa\u00fade de seus funcion\u00e1rios.<\/p>\n\n\n\n<p>Dessa forma, os colaboradores devem ser treinados para utilizar os equipamentos de prote\u00e7\u00e3o respirat\u00f3ria de forma adequada.<\/p>\n\n\n\n<p>Em resumo, ele \u00e9 uma parte importante da prote\u00e7\u00e3o respirat\u00f3ria em seu local de trabalho, para proteger seus funcion\u00e1rios de riscos respirat\u00f3rios.<\/p>\n\n\n\n<figure class=\"wp-block-image aligncenter size-large\"><img loading=\"lazy\" decoding=\"async\" width=\"1024\" height=\"323\" src=\"https:\/\/www.gvs.com.br\/safety\/wp-content\/uploads\/2025\/09\/trabalhador-com-mascara-respiratoria-1024x323.jpg\" alt=\"\" class=\"wp-image-2949\" srcset=\"https:\/\/www.gvs.com.br\/safety\/wp-content\/uploads\/2025\/09\/trabalhador-com-mascara-respiratoria-1024x323.jpg 1024w, https:\/\/www.gvs.com.br\/safety\/wp-content\/uploads\/2025\/09\/trabalhador-com-mascara-respiratoria-300x95.jpg 300w, https:\/\/www.gvs.com.br\/safety\/wp-content\/uploads\/2025\/09\/trabalhador-com-mascara-respiratoria-768x242.jpg 768w, https:\/\/www.gvs.com.br\/safety\/wp-content\/uploads\/2025\/09\/trabalhador-com-mascara-respiratoria.jpg 1110w\" sizes=\"auto, (max-width: 1024px) 100vw, 1024px\" \/><\/figure>\n\n\n\n<h2 class=\"wp-block-heading\">Como ele deve ser implementado?<\/h2>\n\n\n\n<p>Ent\u00e3o, a prote\u00e7\u00e3o respirat\u00f3ria \u00e9 essencial para todos os trabalhadores que lidam com materiais t\u00f3xicos ou poluentes.<\/p>\n\n\n\n<p>Portanto, deve ser implantado para garantir que todos os funcion\u00e1rios estejam protegidos adequadamente.<\/p>\n\n\n\n<p>Sendo assim, suas etapas devem incluir:<\/p>\n\n\n\n<ul class=\"wp-block-list\">\n<li>Treinamento adequado sobre como usar os equipamentos de prote\u00e7\u00e3o respirat\u00f3ria;<\/li>\n\n\n\n<li>Avalia\u00e7\u00e3o da necessidade de usar equipamentos de prote\u00e7\u00e3o respirat\u00f3ria;<\/li>\n\n\n\n<li>Sele\u00e7\u00e3o e uso adequado de equipamentos de prote\u00e7\u00e3o respirat\u00f3ria;<\/li>\n\n\n\n<li>Manuten\u00e7\u00e3o e inspe\u00e7\u00e3o peri\u00f3dica de equipamentos de prote\u00e7\u00e3o respirat\u00f3ria;<\/li>\n\n\n\n<li>Monitoramento da exposi\u00e7\u00e3o ao poluente ou material t\u00f3xico.<\/li>\n<\/ul>\n\n\n\n<p>Inegavelmente, todos os funcion\u00e1rios devem ser treinados sobre como usar os EPIs da forma mais adequada.<\/p>\n\n\n\n<p>Ent\u00e3o, a avalia\u00e7\u00e3o da necessidade do uso desses equipamentos de prote\u00e7\u00e3o deve ser realizada para cada trabalhador, de acordo com o tipo de atividade que ele executa dentro da empresa.<\/p>\n\n\n\n<p>Afinal, eles devem ser selecionados de acordo com o tipo de poluente ou material t\u00f3xico a que o funcion\u00e1rio est\u00e1 exposto.<\/p>\n\n\n\n<p>Primordialmente, n\u00e3o esque\u00e7a de realizar uma manuten\u00e7\u00e3o e inspe\u00e7\u00e3o peri\u00f3dica em todos os equipamentos que s\u00e3o utilizados regularmente, para garantir que eles estejam funcionando adequadamente e n\u00e3o v\u00e3o prejudicar o funcion\u00e1rio.<\/p>\n\n\n\n<p>Nesse sentido, veja algumas caracter\u00edsticas que o programa de prote\u00e7\u00e3o respirat\u00f3ria deve incluir:<\/p>\n\n\n\n<p>1. Uma pol\u00edtica escrita de prote\u00e7\u00e3o respirat\u00f3ria que especifica todos os requisitos para a opera\u00e7\u00e3o, incluindo a sele\u00e7\u00e3o e uso de respiradores.<\/p>\n\n\n\n<p><strong>2.<\/strong>&nbsp;Procedimentos para selecionar e ajustar respiradores, contendo o uso de teste de ajuste.<strong><\/strong><\/p>\n\n\n\n<p><strong>3.<\/strong>&nbsp;Procedimentos para treinamento de funcion\u00e1rios no uso de todos os equipamentos.<strong><\/strong><\/p>\n\n\n\n<p><strong>4.<\/strong>&nbsp;Procedimentos para manuten\u00e7\u00e3o e limpeza dos respiradores.<strong><\/strong><\/p>\n\n\n\n<p><strong>5.<\/strong>&nbsp;Procedimentos para armazenamento dos mesmos.<\/p>\n\n\n\n<p><strong>6.<\/strong>&nbsp;Uma lista de riscos respirat\u00f3rios no local de trabalho.<strong><\/strong><\/p>\n\n\n\n<p><strong>7.<\/strong>&nbsp;Uma lista de respiradores aprovados para cada risco respirat\u00f3rio.<strong><\/strong><\/p>\n\n\n\n<p><strong>8.<\/strong>&nbsp;Um procedimento para avaliar a efic\u00e1cia do programa de prote\u00e7\u00e3o respirat\u00f3ria.<\/p>\n\n\n\n<h2 class=\"wp-block-heading\">Comece a execut\u00e1-lo em sua empresa!<\/h2>\n\n\n\n<p>Sobretudo, agora que voc\u00ea j\u00e1 sabe o que \u00e9 e como realizar um programa de prote\u00e7\u00e3o respirat\u00f3ria, chegou a hora de come\u00e7ar a implant\u00e1-lo em suas atividades.<\/p>\n\n\n\n<p>Apesar de parecer complicado, n\u00e3o \u00e9 nem um pouco quando se tem os melhores equipamentos de prote\u00e7\u00e3o respirat\u00f3ria, e a GVS pode te ajudar nessa etapa do processo.<\/p>\n\n\n\n<p>Eventualmente, sendo um dos principais fabricantes de solu\u00e7\u00f5es para a seguran\u00e7a respirat\u00f3ria, a GVS tem m\u00e1scaras e filtros especializados para o ambiente industrial.<\/p>\n\n\n\n<p><a href=\"https:\/\/www.gvs.com.br\/safety\/produtos\/\" target=\"_blank\" rel=\"noreferrer noopener\">Acesse agora mesmo a nossa \u00e1rea de produtos<\/a>\u00a0e verifique qual a melhor op\u00e7\u00e3o para beneficiar todos os seus processos.<\/p>\n\n\n\n<p>Ali\u00e1s, para ler mais mat\u00e9rias relacionadas aos cuidados respirat\u00f3rios,\u00a0<a href=\"https:\/\/www.gvs.com.br\/safety\/blog\/\" target=\"_blank\" rel=\"noreferrer noopener\">entre em nosso blog<\/a>\u00a0e obtenha mais conte\u00fados sobre o assunto.<\/p>\n\n\n\n<p>Prote\u00e7\u00e3o de qualidade e a preserva\u00e7\u00e3o da sa\u00fade, \u00e9 com a GVS!<\/p>\n\n\n\n<div class=\"wp-block-uagb-separator uagb-block-12928a3d\"><div class=\"uagb-separator-spacing-wrapper\"><div class=\"wp-block-uagb-separator__inner\" style=\"--my-background-image:\"><\/div><\/div><\/div>\n\n\n\n<div class=\"wp-block-uagb-advanced-heading uagb-block-37689345\"><h2 class=\"uagb-heading-text\"><strong>Acreditamos em proteger voc\u00ea para os melhores momentos da vida!<\/strong><\/h2><\/div>\n\n\n\n<p>Criamos solu\u00e7\u00f5es de prote\u00e7\u00e3o respirat\u00f3ria que tornam voc\u00ea e sua equipe mais seguros, para que todos possam voltar para casa no final de cada dia, seguros, saud\u00e1veis e capazes de fazer aquilo que mais importa.<\/p>\n\n\n\n<div class=\"wp-block-uagb-separator uagb-block-b8b79ce8\"><div class=\"uagb-separator-spacing-wrapper\"><div class=\"wp-block-uagb-separator__inner\" style=\"--my-background-image:\"><\/div><\/div><\/div>\n\n\n\n<div class=\"wp-block-uagb-call-to-action uagb-block-e6f6b3df wp-block-button\"><div class=\"uagb-cta__wrap\"><h3 class=\"uagb-cta__title\">Fale com a gente!<\/h3><p class=\"uagb-cta__desc\">Entre em contato com o nosso time hoje mesmo, esclare\u00e7a as suas d\u00favidas e&nbsp;<strong>solicite a sua cota\u00e7\u00e3o!<\/strong><\/p><\/div><div class=\"uagb-cta__buttons\"><a href=\"https:\/\/wa.me\/551938797222\" class=\"uagb-cta__button-link-wrapper wp-block-button__link\" target=\"_self\" rel=\"noopener noreferrer\"><svg xmlns=\"https:\/\/www.w3.org\/2000\/svg\" viewBox=\"0 0 448 512\"><path d=\"M380.9 97.1C339 55.1 283.2 32 223.9 32c-122.4 0-222 99.6-222 222 0 39.1 10.2 77.3 29.6 111L0 480l117.7-30.9c32.4 17.7 68.9 27 106.1 27h.1c122.3 0 224.1-99.6 224.1-222 0-59.3-25.2-115-67.1-157zm-157 341.6c-33.2 0-65.7-8.9-94-25.7l-6.7-4-69.8 18.3L72 359.2l-4.4-7c-18.5-29.4-28.2-63.3-28.2-98.2 0-101.7 82.8-184.5 184.6-184.5 49.3 0 95.6 19.2 130.4 54.1 34.8 34.9 56.2 81.2 56.1 130.5 0 101.8-84.9 184.6-186.6 184.6zm101.2-138.2c-5.5-2.8-32.8-16.2-37.9-18-5.1-1.9-8.8-2.8-12.5 2.8-3.7 5.6-14.3 18-17.6 21.8-3.2 3.7-6.5 4.2-12 1.4-32.6-16.3-54-29.1-75.5-66-5.7-9.8 5.7-9.1 16.3-30.3 1.8-3.7 .9-6.9-.5-9.7-1.4-2.8-12.5-30.1-17.1-41.2-4.5-10.8-9.1-9.3-12.5-9.5-3.2-.2-6.9-.2-10.6-.2-3.7 0-9.7 1.4-14.8 6.9-5.1 5.6-19.4 19-19.4 46.3 0 27.3 19.9 53.7 22.6 57.4 2.8 3.7 39.1 59.7 94.8 83.8 35.2 15.2 49 16.5 66.6 13.9 10.7-1.6 32.8-13.4 37.4-26.4 4.6-13 4.6-24.1 3.2-26.4-1.3-2.5-5-3.9-10.5-6.6z\"><\/path><\/svg>WhatsApp<\/a><\/div><\/div>\n\n\n\n<div class=\"wp-block-uagb-separator uagb-block-96e52944\"><div class=\"uagb-separator-spacing-wrapper\"><div class=\"wp-block-uagb-separator__inner\" style=\"--my-background-image:\"><\/div><\/div><\/div>\n\n\n\n<div class=\"wp-block-uagb-call-to-action uagb-block-bf9c28ce wp-block-button\"><div class=\"uagb-cta__wrap\"><h3 class=\"uagb-cta__title\">Fique por dentro das novidades!<\/h3><p class=\"uagb-cta__desc\">Acompanhe nossa jornada de inova\u00e7\u00e3o e saiba mais sobre nossos produtos, acesse <strong>Safety da GVS.<\/strong><\/p><\/div><div class=\"uagb-cta__buttons\"><a href=\"https:\/\/www.gvs.com.br\/safety\" class=\"uagb-cta__button-link-wrapper wp-block-button__link\" target=\"_self\" rel=\"noopener noreferrer\">Acesse o site<\/a><\/div><\/div>\n\n\n\n<p><\/p>\n","protected":false},"excerpt":{"rendered":"<p>O que \u00e9 um Programa de Prote\u00e7\u00e3o Respirat\u00f3ria e como montar o seu? Aprenda o que \u00e9 o PPR e [&hellip;]<\/p>\n","protected":false},"author":2,"featured_media":2948,"comment_status":"open","ping_status":"open","sticky":false,"template":"","format":"standard","meta":{"_uag_custom_page_level_css":"","site-sidebar-layout":"default","site-content-layout":"","ast-site-content-layout":"","site-content-style":"default","site-sidebar-style":"default","ast-global-header-display":"","ast-banner-title-visibility":"","ast-main-header-display":"","ast-hfb-above-header-display":"","ast-hfb-below-header-display":"","ast-hfb-mobile-header-display":"","site-post-title":"disabled","ast-breadcrumbs-content":"","ast-featured-img":"","footer-sml-layout":"","ast-disable-related-posts":"","theme-transparent-header-meta":"","adv-header-id-meta":"","stick-header-meta":"","header-above-stick-meta":"","header-main-stick-meta":"","header-below-stick-meta":"","astra-migrate-meta-layouts":"default","ast-page-background-enabled":"default","ast-page-background-meta":{"desktop":{"background-color":"var(--ast-global-color-4)","background-image":"","background-repeat":"repeat","background-position":"center center","background-size":"auto","background-attachment":"scroll","background-type":"","background-media":"","overlay-type":"","overlay-color":"","overlay-opacity":"","overlay-gradient":""},"tablet":{"background-color":"","background-image":"","background-repeat":"repeat","background-position":"center center","background-size":"auto","background-attachment":"scroll","background-type":"","background-media":"","overlay-type":"","overlay-color":"","overlay-opacity":"","overlay-gradient":""},"mobile":{"background-color":"","background-image":"","background-repeat":"repeat","background-position":"center center","background-size":"auto","background-attachment":"scroll","background-type":"","background-media":"","overlay-type":"","overlay-color":"","overlay-opacity":"","overlay-gradient":""}},"ast-content-background-meta":{"desktop":{"background-color":"var(--ast-global-color-5)","background-image":"","background-repeat":"repeat","background-position":"center center","background-size":"auto","background-attachment":"scroll","background-type":"","background-media":"","overlay-type":"","overlay-color":"","overlay-opacity":"","overlay-gradient":""},"tablet":{"background-color":"var(--ast-global-color-5)","background-image":"","background-repeat":"repeat","background-position":"center center","background-size":"auto","background-attachment":"scroll","background-type":"","background-media":"","overlay-type":"","overlay-color":"","overlay-opacity":"","overlay-gradient":""},"mobile":{"background-color":"var(--ast-global-color-5)","background-image":"","background-repeat":"repeat","background-position":"center center","background-size":"auto","background-attachment":"scroll","background-type":"","background-media":"","overlay-type":"","overlay-color":"","overlay-opacity":"","overlay-gradient":""}},"footnotes":""},"categories":[5],"tags":[34,17,15,16],"class_list":["post-2947","post","type-post","status-publish","format-standard","has-post-thumbnail","hentry","category-safety","tag-elipse","tag-produtos-gvs","tag-protecao-respiratoria","tag-safety"],"yoast_head":"<!-- This site is optimized with the Yoast SEO plugin v27.2 - https:\/\/yoast.com\/product\/yoast-seo-wordpress\/ -->\n<title>Programa de Prote\u00e7\u00e3o Respirat\u00f3ria<\/title>\n<meta name=\"description\" content=\"O que \u00e9 um Programa de Prote\u00e7\u00e3o Respirat\u00f3ria e como montar o seu? Aprenda o que \u00e9 o PPR e comece a execut\u00e1-lo em seus processos.\" \/>\n<meta name=\"robots\" content=\"index, follow, max-snippet:-1, max-image-preview:large, max-video-preview:-1\" \/>\n<link rel=\"canonical\" href=\"https:\/\/www.gvs.com.br\/safety\/2025\/01\/12\/programa-de-protecao-respiratoria\/\" \/>\n<meta property=\"og:locale\" content=\"pt_BR\" \/>\n<meta property=\"og:type\" content=\"article\" \/>\n<meta property=\"og:title\" content=\"Programa de Prote\u00e7\u00e3o Respirat\u00f3ria\" \/>\n<meta property=\"og:description\" content=\"O que \u00e9 um Programa de Prote\u00e7\u00e3o Respirat\u00f3ria e como montar o seu? Aprenda o que \u00e9 o PPR e comece a execut\u00e1-lo em seus processos.\" \/>\n<meta property=\"og:url\" content=\"https:\/\/www.gvs.com.br\/safety\/2025\/01\/12\/programa-de-protecao-respiratoria\/\" \/>\n<meta property=\"og:site_name\" content=\"Safety\" \/>\n<meta property=\"article:published_time\" content=\"2025-01-12T18:03:00+00:00\" \/>\n<meta property=\"article:modified_time\" content=\"2025-09-11T18:06:29+00:00\" \/>\n<meta property=\"og:image\" content=\"https:\/\/www.gvs.com.br\/safety\/wp-content\/uploads\/2025\/09\/topo-blog1-safety.jpg\" \/>\n\t<meta property=\"og:image:width\" content=\"1123\" \/>\n\t<meta property=\"og:image:height\" content=\"633\" \/>\n\t<meta property=\"og:image:type\" content=\"image\/jpeg\" \/>\n<meta name=\"author\" content=\"admin-gvs\" \/>\n<meta name=\"twitter:card\" content=\"summary_large_image\" \/>\n<meta name=\"twitter:label1\" content=\"Escrito por\" \/>\n\t<meta name=\"twitter:data1\" content=\"admin-gvs\" \/>\n\t<meta name=\"twitter:label2\" content=\"Est. tempo de leitura\" \/>\n\t<meta name=\"twitter:data2\" content=\"6 minutos\" \/>\n<script type=\"application\/ld+json\" class=\"yoast-schema-graph\">{\"@context\":\"https:\/\/schema.org\",\"@graph\":[{\"@type\":\"Article\",\"@id\":\"https:\/\/www.gvs.com.br\/safety\/2025\/01\/12\/programa-de-protecao-respiratoria\/#article\",\"isPartOf\":{\"@id\":\"https:\/\/www.gvs.com.br\/safety\/2025\/01\/12\/programa-de-protecao-respiratoria\/\"},\"author\":{\"name\":\"admin-gvs\",\"@id\":\"https:\/\/www.gvs.com.br\/safety\/#\/schema\/person\/08f0e38941dafa538ee5706ec48fe5a1\"},\"headline\":\"O que \u00e9 um Programa de Prote\u00e7\u00e3o Respirat\u00f3ria e como montar o seu?\",\"datePublished\":\"2025-01-12T18:03:00+00:00\",\"dateModified\":\"2025-09-11T18:06:29+00:00\",\"mainEntityOfPage\":{\"@id\":\"https:\/\/www.gvs.com.br\/safety\/2025\/01\/12\/programa-de-protecao-respiratoria\/\"},\"wordCount\":1157,\"commentCount\":0,\"publisher\":{\"@id\":\"https:\/\/www.gvs.com.br\/safety\/#organization\"},\"image\":{\"@id\":\"https:\/\/www.gvs.com.br\/safety\/2025\/01\/12\/programa-de-protecao-respiratoria\/#primaryimage\"},\"thumbnailUrl\":\"https:\/\/www.gvs.com.br\/safety\/wp-content\/uploads\/2025\/09\/topo-blog1-safety.jpg\",\"keywords\":[\"Elipse\",\"Produtos GVS\",\"Prote\u00e7\u00e3o Respirat\u00f3ria\",\"Safety\"],\"articleSection\":[\"Safety\"],\"inLanguage\":\"pt-BR\",\"potentialAction\":[{\"@type\":\"CommentAction\",\"name\":\"Comment\",\"target\":[\"https:\/\/www.gvs.com.br\/safety\/2025\/01\/12\/programa-de-protecao-respiratoria\/#respond\"]}]},{\"@type\":\"WebPage\",\"@id\":\"https:\/\/www.gvs.com.br\/safety\/2025\/01\/12\/programa-de-protecao-respiratoria\/\",\"url\":\"https:\/\/www.gvs.com.br\/safety\/2025\/01\/12\/programa-de-protecao-respiratoria\/\",\"name\":\"Programa de Prote\u00e7\u00e3o Respirat\u00f3ria\",\"isPartOf\":{\"@id\":\"https:\/\/www.gvs.com.br\/safety\/#website\"},\"primaryImageOfPage\":{\"@id\":\"https:\/\/www.gvs.com.br\/safety\/2025\/01\/12\/programa-de-protecao-respiratoria\/#primaryimage\"},\"image\":{\"@id\":\"https:\/\/www.gvs.com.br\/safety\/2025\/01\/12\/programa-de-protecao-respiratoria\/#primaryimage\"},\"thumbnailUrl\":\"https:\/\/www.gvs.com.br\/safety\/wp-content\/uploads\/2025\/09\/topo-blog1-safety.jpg\",\"datePublished\":\"2025-01-12T18:03:00+00:00\",\"dateModified\":\"2025-09-11T18:06:29+00:00\",\"description\":\"O que \u00e9 um Programa de Prote\u00e7\u00e3o Respirat\u00f3ria e como montar o seu? Aprenda o que \u00e9 o PPR e comece a execut\u00e1-lo em seus processos.\",\"breadcrumb\":{\"@id\":\"https:\/\/www.gvs.com.br\/safety\/2025\/01\/12\/programa-de-protecao-respiratoria\/#breadcrumb\"},\"inLanguage\":\"pt-BR\",\"potentialAction\":[{\"@type\":\"ReadAction\",\"target\":[\"https:\/\/www.gvs.com.br\/safety\/2025\/01\/12\/programa-de-protecao-respiratoria\/\"]}]},{\"@type\":\"ImageObject\",\"inLanguage\":\"pt-BR\",\"@id\":\"https:\/\/www.gvs.com.br\/safety\/2025\/01\/12\/programa-de-protecao-respiratoria\/#primaryimage\",\"url\":\"https:\/\/www.gvs.com.br\/safety\/wp-content\/uploads\/2025\/09\/topo-blog1-safety.jpg\",\"contentUrl\":\"https:\/\/www.gvs.com.br\/safety\/wp-content\/uploads\/2025\/09\/topo-blog1-safety.jpg\",\"width\":1123,\"height\":633},{\"@type\":\"BreadcrumbList\",\"@id\":\"https:\/\/www.gvs.com.br\/safety\/2025\/01\/12\/programa-de-protecao-respiratoria\/#breadcrumb\",\"itemListElement\":[{\"@type\":\"ListItem\",\"position\":1,\"name\":\"In\u00edcio\",\"item\":\"https:\/\/www.gvs.com.br\/safety\/\"},{\"@type\":\"ListItem\",\"position\":2,\"name\":\"O que \u00e9 um Programa de Prote\u00e7\u00e3o Respirat\u00f3ria e como montar o seu?\"}]},{\"@type\":\"WebSite\",\"@id\":\"https:\/\/www.gvs.com.br\/safety\/#website\",\"url\":\"https:\/\/www.gvs.com.br\/safety\/\",\"name\":\"Safety\",\"description\":\"\",\"publisher\":{\"@id\":\"https:\/\/www.gvs.com.br\/safety\/#organization\"},\"potentialAction\":[{\"@type\":\"SearchAction\",\"target\":{\"@type\":\"EntryPoint\",\"urlTemplate\":\"https:\/\/www.gvs.com.br\/safety\/?s={search_term_string}\"},\"query-input\":{\"@type\":\"PropertyValueSpecification\",\"valueRequired\":true,\"valueName\":\"search_term_string\"}}],\"inLanguage\":\"pt-BR\"},{\"@type\":\"Organization\",\"@id\":\"https:\/\/www.gvs.com.br\/safety\/#organization\",\"name\":\"Safety\",\"url\":\"https:\/\/www.gvs.com.br\/safety\/\",\"logo\":{\"@type\":\"ImageObject\",\"inLanguage\":\"pt-BR\",\"@id\":\"https:\/\/www.gvs.com.br\/safety\/#\/schema\/logo\/image\/\",\"url\":\"https:\/\/www.gvs.com.br\/safety\/wp-content\/uploads\/2024\/12\/Logo-GVS-Safety.png\",\"contentUrl\":\"https:\/\/www.gvs.com.br\/safety\/wp-content\/uploads\/2024\/12\/Logo-GVS-Safety.png\",\"width\":1920,\"height\":1080,\"caption\":\"Safety\"},\"image\":{\"@id\":\"https:\/\/www.gvs.com.br\/safety\/#\/schema\/logo\/image\/\"}},{\"@type\":\"Person\",\"@id\":\"https:\/\/www.gvs.com.br\/safety\/#\/schema\/person\/08f0e38941dafa538ee5706ec48fe5a1\",\"name\":\"admin-gvs\",\"image\":{\"@type\":\"ImageObject\",\"inLanguage\":\"pt-BR\",\"@id\":\"https:\/\/secure.gravatar.com\/avatar\/753807cf2c24e7c5051446eb4fc6c55657714e911f26a29329d9dc501ae35121?s=96&d=mm&r=g\",\"url\":\"https:\/\/secure.gravatar.com\/avatar\/753807cf2c24e7c5051446eb4fc6c55657714e911f26a29329d9dc501ae35121?s=96&d=mm&r=g\",\"contentUrl\":\"https:\/\/secure.gravatar.com\/avatar\/753807cf2c24e7c5051446eb4fc6c55657714e911f26a29329d9dc501ae35121?s=96&d=mm&r=g\",\"caption\":\"admin-gvs\"},\"url\":\"https:\/\/www.gvs.com.br\/safety\/author\/admin-gvs\/\"}]}<\/script>\n<!-- \/ Yoast SEO plugin. -->","yoast_head_json":{"title":"Programa de Prote\u00e7\u00e3o Respirat\u00f3ria","description":"O que \u00e9 um Programa de Prote\u00e7\u00e3o Respirat\u00f3ria e como montar o seu? Aprenda o que \u00e9 o PPR e comece a execut\u00e1-lo em seus processos.","robots":{"index":"index","follow":"follow","max-snippet":"max-snippet:-1","max-image-preview":"max-image-preview:large","max-video-preview":"max-video-preview:-1"},"canonical":"https:\/\/www.gvs.com.br\/safety\/2025\/01\/12\/programa-de-protecao-respiratoria\/","og_locale":"pt_BR","og_type":"article","og_title":"Programa de Prote\u00e7\u00e3o Respirat\u00f3ria","og_description":"O que \u00e9 um Programa de Prote\u00e7\u00e3o Respirat\u00f3ria e como montar o seu? Aprenda o que \u00e9 o PPR e comece a execut\u00e1-lo em seus processos.","og_url":"https:\/\/www.gvs.com.br\/safety\/2025\/01\/12\/programa-de-protecao-respiratoria\/","og_site_name":"Safety","article_published_time":"2025-01-12T18:03:00+00:00","article_modified_time":"2025-09-11T18:06:29+00:00","og_image":[{"width":1123,"height":633,"url":"https:\/\/www.gvs.com.br\/safety\/wp-content\/uploads\/2025\/09\/topo-blog1-safety.jpg","type":"image\/jpeg"}],"author":"admin-gvs","twitter_card":"summary_large_image","twitter_misc":{"Escrito por":"admin-gvs","Est. tempo de leitura":"6 minutos"},"schema":{"@context":"https:\/\/schema.org","@graph":[{"@type":"Article","@id":"https:\/\/www.gvs.com.br\/safety\/2025\/01\/12\/programa-de-protecao-respiratoria\/#article","isPartOf":{"@id":"https:\/\/www.gvs.com.br\/safety\/2025\/01\/12\/programa-de-protecao-respiratoria\/"},"author":{"name":"admin-gvs","@id":"https:\/\/www.gvs.com.br\/safety\/#\/schema\/person\/08f0e38941dafa538ee5706ec48fe5a1"},"headline":"O que \u00e9 um Programa de Prote\u00e7\u00e3o Respirat\u00f3ria e como montar o seu?","datePublished":"2025-01-12T18:03:00+00:00","dateModified":"2025-09-11T18:06:29+00:00","mainEntityOfPage":{"@id":"https:\/\/www.gvs.com.br\/safety\/2025\/01\/12\/programa-de-protecao-respiratoria\/"},"wordCount":1157,"commentCount":0,"publisher":{"@id":"https:\/\/www.gvs.com.br\/safety\/#organization"},"image":{"@id":"https:\/\/www.gvs.com.br\/safety\/2025\/01\/12\/programa-de-protecao-respiratoria\/#primaryimage"},"thumbnailUrl":"https:\/\/www.gvs.com.br\/safety\/wp-content\/uploads\/2025\/09\/topo-blog1-safety.jpg","keywords":["Elipse","Produtos GVS","Prote\u00e7\u00e3o Respirat\u00f3ria","Safety"],"articleSection":["Safety"],"inLanguage":"pt-BR","potentialAction":[{"@type":"CommentAction","name":"Comment","target":["https:\/\/www.gvs.com.br\/safety\/2025\/01\/12\/programa-de-protecao-respiratoria\/#respond"]}]},{"@type":"WebPage","@id":"https:\/\/www.gvs.com.br\/safety\/2025\/01\/12\/programa-de-protecao-respiratoria\/","url":"https:\/\/www.gvs.com.br\/safety\/2025\/01\/12\/programa-de-protecao-respiratoria\/","name":"Programa de Prote\u00e7\u00e3o Respirat\u00f3ria","isPartOf":{"@id":"https:\/\/www.gvs.com.br\/safety\/#website"},"primaryImageOfPage":{"@id":"https:\/\/www.gvs.com.br\/safety\/2025\/01\/12\/programa-de-protecao-respiratoria\/#primaryimage"},"image":{"@id":"https:\/\/www.gvs.com.br\/safety\/2025\/01\/12\/programa-de-protecao-respiratoria\/#primaryimage"},"thumbnailUrl":"https:\/\/www.gvs.com.br\/safety\/wp-content\/uploads\/2025\/09\/topo-blog1-safety.jpg","datePublished":"2025-01-12T18:03:00+00:00","dateModified":"2025-09-11T18:06:29+00:00","description":"O que \u00e9 um Programa de Prote\u00e7\u00e3o Respirat\u00f3ria e como montar o seu? Aprenda o que \u00e9 o PPR e comece a execut\u00e1-lo em seus processos.","breadcrumb":{"@id":"https:\/\/www.gvs.com.br\/safety\/2025\/01\/12\/programa-de-protecao-respiratoria\/#breadcrumb"},"inLanguage":"pt-BR","potentialAction":[{"@type":"ReadAction","target":["https:\/\/www.gvs.com.br\/safety\/2025\/01\/12\/programa-de-protecao-respiratoria\/"]}]},{"@type":"ImageObject","inLanguage":"pt-BR","@id":"https:\/\/www.gvs.com.br\/safety\/2025\/01\/12\/programa-de-protecao-respiratoria\/#primaryimage","url":"https:\/\/www.gvs.com.br\/safety\/wp-content\/uploads\/2025\/09\/topo-blog1-safety.jpg","contentUrl":"https:\/\/www.gvs.com.br\/safety\/wp-content\/uploads\/2025\/09\/topo-blog1-safety.jpg","width":1123,"height":633},{"@type":"BreadcrumbList","@id":"https:\/\/www.gvs.com.br\/safety\/2025\/01\/12\/programa-de-protecao-respiratoria\/#breadcrumb","itemListElement":[{"@type":"ListItem","position":1,"name":"In\u00edcio","item":"https:\/\/www.gvs.com.br\/safety\/"},{"@type":"ListItem","position":2,"name":"O que \u00e9 um Programa de Prote\u00e7\u00e3o Respirat\u00f3ria e como montar o seu?"}]},{"@type":"WebSite","@id":"https:\/\/www.gvs.com.br\/safety\/#website","url":"https:\/\/www.gvs.com.br\/safety\/","name":"Safety","description":"","publisher":{"@id":"https:\/\/www.gvs.com.br\/safety\/#organization"},"potentialAction":[{"@type":"SearchAction","target":{"@type":"EntryPoint","urlTemplate":"https:\/\/www.gvs.com.br\/safety\/?s={search_term_string}"},"query-input":{"@type":"PropertyValueSpecification","valueRequired":true,"valueName":"search_term_string"}}],"inLanguage":"pt-BR"},{"@type":"Organization","@id":"https:\/\/www.gvs.com.br\/safety\/#organization","name":"Safety","url":"https:\/\/www.gvs.com.br\/safety\/","logo":{"@type":"ImageObject","inLanguage":"pt-BR","@id":"https:\/\/www.gvs.com.br\/safety\/#\/schema\/logo\/image\/","url":"https:\/\/www.gvs.com.br\/safety\/wp-content\/uploads\/2024\/12\/Logo-GVS-Safety.png","contentUrl":"https:\/\/www.gvs.com.br\/safety\/wp-content\/uploads\/2024\/12\/Logo-GVS-Safety.png","width":1920,"height":1080,"caption":"Safety"},"image":{"@id":"https:\/\/www.gvs.com.br\/safety\/#\/schema\/logo\/image\/"}},{"@type":"Person","@id":"https:\/\/www.gvs.com.br\/safety\/#\/schema\/person\/08f0e38941dafa538ee5706ec48fe5a1","name":"admin-gvs","image":{"@type":"ImageObject","inLanguage":"pt-BR","@id":"https:\/\/secure.gravatar.com\/avatar\/753807cf2c24e7c5051446eb4fc6c55657714e911f26a29329d9dc501ae35121?s=96&d=mm&r=g","url":"https:\/\/secure.gravatar.com\/avatar\/753807cf2c24e7c5051446eb4fc6c55657714e911f26a29329d9dc501ae35121?s=96&d=mm&r=g","contentUrl":"https:\/\/secure.gravatar.com\/avatar\/753807cf2c24e7c5051446eb4fc6c55657714e911f26a29329d9dc501ae35121?s=96&d=mm&r=g","caption":"admin-gvs"},"url":"https:\/\/www.gvs.com.br\/safety\/author\/admin-gvs\/"}]}},"uagb_featured_image_src":{"full":["https:\/\/www.gvs.com.br\/safety\/wp-content\/uploads\/2025\/09\/topo-blog1-safety.jpg",1123,633,false],"thumbnail":["https:\/\/www.gvs.com.br\/safety\/wp-content\/uploads\/2025\/09\/topo-blog1-safety-150x150.jpg",150,150,true],"medium":["https:\/\/www.gvs.com.br\/safety\/wp-content\/uploads\/2025\/09\/topo-blog1-safety-300x169.jpg",300,169,true],"medium_large":["https:\/\/www.gvs.com.br\/safety\/wp-content\/uploads\/2025\/09\/topo-blog1-safety-768x433.jpg",768,433,true],"large":["https:\/\/www.gvs.com.br\/safety\/wp-content\/uploads\/2025\/09\/topo-blog1-safety-1024x577.jpg",1024,577,true],"1536x1536":["https:\/\/www.gvs.com.br\/safety\/wp-content\/uploads\/2025\/09\/topo-blog1-safety.jpg",1123,633,false],"2048x2048":["https:\/\/www.gvs.com.br\/safety\/wp-content\/uploads\/2025\/09\/topo-blog1-safety.jpg",1123,633,false]},"uagb_author_info":{"display_name":"admin-gvs","author_link":"https:\/\/www.gvs.com.br\/safety\/author\/admin-gvs\/"},"uagb_comment_info":0,"uagb_excerpt":"O que \u00e9 um Programa de Prote\u00e7\u00e3o Respirat\u00f3ria e como montar o seu? Aprenda o que \u00e9 o PPR e [&hellip;]","_links":{"self":[{"href":"https:\/\/www.gvs.com.br\/safety\/wp-json\/wp\/v2\/posts\/2947","targetHints":{"allow":["GET"]}}],"collection":[{"href":"https:\/\/www.gvs.com.br\/safety\/wp-json\/wp\/v2\/posts"}],"about":[{"href":"https:\/\/www.gvs.com.br\/safety\/wp-json\/wp\/v2\/types\/post"}],"author":[{"embeddable":true,"href":"https:\/\/www.gvs.com.br\/safety\/wp-json\/wp\/v2\/users\/2"}],"replies":[{"embeddable":true,"href":"https:\/\/www.gvs.com.br\/safety\/wp-json\/wp\/v2\/comments?post=2947"}],"version-history":[{"count":1,"href":"https:\/\/www.gvs.com.br\/safety\/wp-json\/wp\/v2\/posts\/2947\/revisions"}],"predecessor-version":[{"id":2950,"href":"https:\/\/www.gvs.com.br\/safety\/wp-json\/wp\/v2\/posts\/2947\/revisions\/2950"}],"wp:featuredmedia":[{"embeddable":true,"href":"https:\/\/www.gvs.com.br\/safety\/wp-json\/wp\/v2\/media\/2948"}],"wp:attachment":[{"href":"https:\/\/www.gvs.com.br\/safety\/wp-json\/wp\/v2\/media?parent=2947"}],"wp:term":[{"taxonomy":"category","embeddable":true,"href":"https:\/\/www.gvs.com.br\/safety\/wp-json\/wp\/v2\/categories?post=2947"},{"taxonomy":"post_tag","embeddable":true,"href":"https:\/\/www.gvs.com.br\/safety\/wp-json\/wp\/v2\/tags?post=2947"}],"curies":[{"name":"wp","href":"https:\/\/api.w.org\/{rel}","templated":true}]}}