{"id":2939,"date":"2025-01-12T17:49:00","date_gmt":"2025-01-12T17:49:00","guid":{"rendered":"https:\/\/www.gvs.com.br\/safety\/?p=2939"},"modified":"2025-09-11T18:02:27","modified_gmt":"2025-09-11T18:02:27","slug":"doencas-respiratorias-ocupacionais","status":"publish","type":"post","link":"https:\/\/www.gvs.com.br\/safety\/2025\/01\/12\/doencas-respiratorias-ocupacionais\/","title":{"rendered":"Descubra quais s\u00e3o as principais doen\u00e7as respirat\u00f3rias ocupacionais"},"content":{"rendered":"\n<div class=\"wp-block-uagb-container uagb-block-2d8af228 alignfull uagb-is-root-container\"><div class=\"uagb-container-inner-blocks-wrap\">\n<div class=\"wp-block-uagb-advanced-heading uagb-block-88fad113\"><h2 class=\"uagb-heading-text\"><strong>Descubra quais s\u00e3o as principais doen\u00e7as <\/strong><br><strong>respirat\u00f3rias ocupacionais<\/strong><\/h2><\/div>\n\n\n\n<p class=\"has-ast-global-color-5-color has-text-color has-link-color wp-elements-7c90acfa245e8022e52b084d47069322\"><strong>Saiba quais s\u00e3o as doen\u00e7as respirat\u00f3rias ocasionadas por situa\u00e7\u00f5es nocivas de trabalho e como preveni-las!<\/strong><\/p>\n<\/div><\/div>\n\n\n\n<p><\/p>\n\n\n\n<p>De fato, as doen\u00e7as respirat\u00f3rias ocupacionais, tamb\u00e9m conhecidas como DROs, s\u00e3o mais comuns em nosso meio do que imaginamos. Ali\u00e1s, atualmente, contamos com uma extensa gama de agentes causadores desse problema,<\/p>\n\n\n\n<p>Em geral, as doen\u00e7as pulmonares em ambiente de trabalho, ocasionam-se por meio da inala\u00e7\u00e3o de part\u00edculas nocivas no local. Assim, os componentes maiores, em muitos casos, ficam retidos nas narinas. No entanto, os menores, acabam atingindo o pulm\u00e3o, agravando a situa\u00e7\u00e3o.<\/p>\n\n\n\n<p>Desse modo, pensando na seriedade do assunto, hoje vamos te mostrar quais s\u00e3o essas doen\u00e7as, suas principais causas e, tamb\u00e9m, a melhor forma de evitar que esse problema ocorra.<\/p>\n\n\n\n<p>Ent\u00e3o, continue a leitura e descubra no decorrer desse artigo, todas as informa\u00e7\u00f5es que voc\u00ea precisa!<\/p>\n\n\n\n<h2 class=\"wp-block-heading\">O que s\u00e3o e quais as principais causas das doen\u00e7as respirat\u00f3rias ocupacionais?<\/h2>\n\n\n\n<p>Primeiramente, o sistema respirat\u00f3rio \u00e9 a principal interface entre o meio interno e externo do corpo humano. Dessa forma, ao levarmos em conta o grande n\u00famero de elementos dispersos no meio ambiente em geral, podemos tirar como conclus\u00e3o o quanto estamos expostos a essas part\u00edculas.<\/p>\n\n\n\n<p>Mas, quando falamos em uma DRO sabemos que, diferente de doen\u00e7as pulmonares comuns, a sua causa \u00e9 proveniente de subst\u00e2ncias nocivas no ambiente de trabalho, que atingem o sistema respirat\u00f3rio, comprometendo as vias superiores e inferiores.<\/p>\n\n\n\n<p>Ent\u00e3o, o risco que elas oferecem para a sa\u00fade, varia de acordo com a concentra\u00e7\u00e3o da part\u00edcula inalada no ar, tamanho, caracter\u00edsticas f\u00edsico-qu\u00edmicas e a sua carga de tempo de exposi\u00e7\u00e3o.<\/p>\n\n\n\n<p>Contudo, ainda existem alguns fatores de risco que podem agravar ainda mais a situa\u00e7\u00e3o, como por exemplo: o tabagismo, polui\u00e7\u00e3o da atmosfera e algumas doen\u00e7as cr\u00f4nicas que diminuem as defesas pulmonares.<\/p>\n\n\n\n<h2 class=\"wp-block-heading\">Conhe\u00e7a quais s\u00e3o as principais doen\u00e7as respirat\u00f3rias ocupacionais<\/h2>\n\n\n\n<p>Sem d\u00favida, em geral, essas enfermidades aparecem por conta do material suspenso no ar do local de trabalho.<\/p>\n\n\n\n<p>Ali\u00e1s, o local exato das vias a\u00e9reas ou dos pulm\u00f5es onde a subst\u00e2ncia inalada se depositar\u00e1, e o tipo da doen\u00e7a ocasionada, depender\u00e3o do tamanho das part\u00edculas absorvidas.<\/p>\n\n\n\n<p>Por isso, \u00e9 muito importante estar atento \u00e0s condi\u00e7\u00f5es do ambiente laboral e os sintomas que podem ser impulsionados devido a situa\u00e7\u00f5es como essa.<\/p>\n\n\n\n<p>Dessa forma, hoje, vamos te mostrar alguns exemplos de doen\u00e7as respirat\u00f3rias que ocorrem por conta de part\u00edculas nocivas inaladas no ambiente de trabalho.<\/p>\n\n\n\n<p>Quer saber mais? Ent\u00e3o, continue a leitura e confira a seguir!<\/p>\n\n\n\n<h3 class=\"wp-block-heading\">Asma<\/h3>\n\n\n\n<p>Primeiramente, a asma, \u00e9 uma das doen\u00e7as pulmonares ocupacionais que surgem com maior frequ\u00eancia entre os colaboradores.<\/p>\n\n\n\n<p>Atualmente, contamos cada vez mais com agentes respons\u00e1veis por essa enfermidade, sejam eles produtos org\u00e2nicos, de origem animal e vegetal, ou at\u00e9 mesmo compostos industriais.<\/p>\n\n\n\n<h3 class=\"wp-block-heading\">Silicose<\/h3>\n\n\n\n<p>Provocando dificuldade respirat\u00f3ria ao realizar atividades que necessitam de esfor\u00e7o, a silicose \u00e9 causada pela inala\u00e7\u00e3o de finas part\u00edculas de s\u00edlica cristalina.<\/p>\n\n\n\n<p>Assim, a mesma se caracteriza pela forma\u00e7\u00e3o de les\u00f5es nodulares nas partes superiores do pulm\u00e3o. Al\u00e9m disso, ela pode evoluir com sintomas de tosses frequentes e, at\u00e9 mesmo se agravando a um c\u00e2ncer de pulm\u00e3o.<\/p>\n\n\n\n<h3 class=\"wp-block-heading\">Bissinose<\/h3>\n\n\n\n<p>Ocasionada pela endotoxina bacteriana da poeira do algod\u00e3o antes do processamento, a bissinose provoca, inicialmente, uma dificuldade respirat\u00f3ria, sendo um sintoma que pode aparecer e desaparecer dependendo da exposi\u00e7\u00e3o \u00e0 part\u00edcula causadora desse problema.<\/p>\n\n\n\n<h3 class=\"wp-block-heading\">C\u00e2ncer de pulm\u00e3o<\/h3>\n\n\n\n<p>Dependendo da atividade desenvolvida por um trabalhador, o mesmo pode encontrar-se exposto a fibras de amianto, subst\u00e2ncia composta por diversos elementos qu\u00edmicos nocivos \u00e0 sa\u00fade respirat\u00f3ria do profissional.<\/p>\n\n\n\n<p>Entretanto, para os fumantes, a inala\u00e7\u00e3o de part\u00edculas desse produto, podem ser muito mais agressivas ao ter contato com o organismo.<\/p>\n\n\n\n<h3 class=\"wp-block-heading\">Doen\u00e7a Pulmonar Obstrutiva Cr\u00f4nica<\/h3>\n\n\n\n<p>Por fim, vamos falar sobre a doen\u00e7a pulmonar obstrutiva cr\u00f4nica. Portanto, os mais atingidos por essa enfermidade, s\u00e3o trabalhadores agr\u00edcolas e da \u00e1rea de minera\u00e7\u00e3o. Ali\u00e1s, em muitos casos, ela ocasiona-se em raz\u00e3o do tabagismo. No entanto, tamb\u00e9m pode ocorrer por conta da inala\u00e7\u00e3o de subst\u00e2ncias gasosas, vapores ou poeiras minerais.<\/p>\n\n\n\n<p>Portanto, na maior parte das vezes, a doen\u00e7a \u00e9 composta pela bronquite e enfisema.<\/p>\n\n\n\n<figure class=\"wp-block-image aligncenter size-large\"><img loading=\"lazy\" decoding=\"async\" width=\"1024\" height=\"323\" src=\"https:\/\/www.gvs.com.br\/safety\/wp-content\/uploads\/2025\/09\/meio-gvs-safety-1024x323.jpg\" alt=\"\" class=\"wp-image-2944\" srcset=\"https:\/\/www.gvs.com.br\/safety\/wp-content\/uploads\/2025\/09\/meio-gvs-safety-1024x323.jpg 1024w, https:\/\/www.gvs.com.br\/safety\/wp-content\/uploads\/2025\/09\/meio-gvs-safety-300x95.jpg 300w, https:\/\/www.gvs.com.br\/safety\/wp-content\/uploads\/2025\/09\/meio-gvs-safety-768x242.jpg 768w, https:\/\/www.gvs.com.br\/safety\/wp-content\/uploads\/2025\/09\/meio-gvs-safety.jpg 1110w\" sizes=\"auto, (max-width: 1024px) 100vw, 1024px\" \/><\/figure>\n\n\n\n<h2 class=\"wp-block-heading\">Saiba como prevenir doen\u00e7as respirat\u00f3rias ocupacionais<\/h2>\n\n\n\n<p>Inegavelmente, a falta de medidas corretivas no ambiente de trabalho, \u00e9 um dos principais agravadores dessas doen\u00e7as que citamos ao longo do texto.<\/p>\n\n\n\n<p>Mas, n\u00e3o se preocupe. Pois, existem diversos meios para prevenir essas doen\u00e7as e tornar o local de realiza\u00e7\u00e3o das tarefas operacionais, mais seguro para o colaborador.<\/p>\n\n\n\n<p>Ent\u00e3o, para garantir a precau\u00e7\u00e3o das mesmas, alguns pontos devem ser analisados e seguidos.<\/p>\n\n\n\n<ul class=\"wp-block-list\">\n<li>Identifique os perigos que s\u00e3o potenciais causadores de uma doen\u00e7a respirat\u00f3ria no local de trabalho;<\/li>\n\n\n\n<li>Evite o uso e exposi\u00e7\u00e3o aos agentes alerg\u00eanicos, substituindo-os por subst\u00e2ncias menos perigosas;<\/li>\n\n\n\n<li>Diminua a concentra\u00e7\u00e3o, dura\u00e7\u00e3o e exposi\u00e7\u00e3o \u00e0s subst\u00e2ncias t\u00f3xicas para o pulm\u00e3o;<\/li>\n\n\n\n<li>Elabore um plano de prote\u00e7\u00e3o respirat\u00f3ria;<\/li>\n\n\n\n<li>Informe os trabalhadores sobre os poss\u00edveis riscos e cuidados necess\u00e1rios do ambiente laboral;<\/li>\n\n\n\n<li>Garanta que seus funcion\u00e1rios fa\u00e7am o uso do equipamento de prote\u00e7\u00e3o individual.<\/li>\n<\/ul>\n\n\n\n<h2 class=\"wp-block-heading\">Garanta a sa\u00fade dos seus funcion\u00e1rios com uma m\u00e1scara de prote\u00e7\u00e3o respirat\u00f3ria!<\/h2>\n\n\n\n<p>Com base em tudo o que foi lido at\u00e9 o momento, podemos perceber que o uso de prote\u00e7\u00e3o respirat\u00f3ria \u00e9 indispens\u00e1vel para quem atua em ambientes que emitem componentes nocivos no ar, em especial, nos locais pequenos e fechados.<\/p>\n\n\n\n<p>Quando esses itens s\u00e3o usados no local de trabalho, algumas doen\u00e7as respirat\u00f3rias ocupacionais podem ser evitadas, j\u00e1 que grande parte delas s\u00e3o ocasionadas pela inala\u00e7\u00e3o de poeira, fuma\u00e7as, n\u00e9voa, gases e vapores.<\/p>\n\n\n\n<p>Al\u00e9m disso, o uso desses equipamentos auxilia, para garantir a boa reputa\u00e7\u00e3o de uma empresa. Pois, demonstra a responsabilidade com seus funcion\u00e1rios e as normas de uso dos equipamentos individuais de prote\u00e7\u00e3o.<\/p>\n\n\n\n<p>Portanto, para garantir \u00f3timos componentes, \u00e9 necess\u00e1rio contar com uma boa empresa de fabrica\u00e7\u00e3o dos mesmos. Saber escolher o seu fornecedor, \u00e9 um passo de extrema import\u00e2ncia.<\/p>\n\n\n\n<h2 class=\"wp-block-heading\">Conhe\u00e7a o melhor fornecedor de EPIs para garantir o cuidado com os seus colaboradores!<\/h2>\n\n\n\n<p>Se o que voc\u00ea precisa agora \u00e9 garantir a preocupa\u00e7\u00e3o com a sa\u00fade dos seus colaboradores, a GVS tem os melhores componentes para atender as suas necessidades.<\/p>\n\n\n\n<p>Nosso grupo \u00e9 um dos principais fabricantes de solu\u00e7\u00f5es de filtros para aplica\u00e7\u00f5es nos setores de Sa\u00fade e Ci\u00eancias Biol\u00f3gicas, Energia e Mobilidade e Sa\u00fade e Seguran\u00e7a.<\/p>\n\n\n\n<p>A tecnologia em nossos filtros respiradores, promove toda a prote\u00e7\u00e3o e cuidados que os seus funcion\u00e1rios merecem em ambientes de trabalho onde a qualidade do ar \u00e9 impr\u00f3pria!<\/p>\n\n\n\n<p>Nossos EPIs s\u00e3o fundamentais para garantir a preserva\u00e7\u00e3o da sa\u00fade dos seus colaboradores, oferecendo toda a qualidade necess\u00e1ria.<\/p>\n\n\n\n<p>Conhe\u00e7a mais sobre nossos produtos acessando o\u00a0<a href=\"https:\/\/www.gvs.com.br\/safety\/\" target=\"_blank\" rel=\"noreferrer noopener\">nosso site<\/a>. E para ficar por dentro de mais conte\u00fados como esse, visite o\u00a0<a href=\"https:\/\/www.gvs.com.br\/safety\/blog\/\" target=\"_blank\" rel=\"noreferrer noopener\">nosso blog<\/a>\u00a0e tenha todas as informa\u00e7\u00f5es que precisa sobre m\u00e1scaras respirat\u00f3rias.<\/p>\n\n\n\n<div class=\"wp-block-uagb-separator uagb-block-12928a3d\"><div class=\"uagb-separator-spacing-wrapper\"><div class=\"wp-block-uagb-separator__inner\" style=\"--my-background-image:\"><\/div><\/div><\/div>\n\n\n\n<div class=\"wp-block-uagb-advanced-heading uagb-block-37689345\"><h2 class=\"uagb-heading-text\"><strong>Acreditamos em proteger voc\u00ea para os melhores momentos da vida!<\/strong><\/h2><\/div>\n\n\n\n<p>Criamos solu\u00e7\u00f5es de prote\u00e7\u00e3o respirat\u00f3ria que tornam voc\u00ea e sua equipe mais seguros, para que todos possam voltar para casa no final de cada dia, seguros, saud\u00e1veis e capazes de fazer aquilo que mais importa.<\/p>\n\n\n\n<div class=\"wp-block-uagb-separator uagb-block-b8b79ce8\"><div class=\"uagb-separator-spacing-wrapper\"><div class=\"wp-block-uagb-separator__inner\" style=\"--my-background-image:\"><\/div><\/div><\/div>\n\n\n\n<div class=\"wp-block-uagb-call-to-action uagb-block-e6f6b3df wp-block-button\"><div class=\"uagb-cta__wrap\"><h3 class=\"uagb-cta__title\">Fale com a gente!<\/h3><p class=\"uagb-cta__desc\">Entre em contato com o nosso time hoje mesmo, esclare\u00e7a as suas d\u00favidas e&nbsp;<strong>solicite a sua cota\u00e7\u00e3o!<\/strong><\/p><\/div><div class=\"uagb-cta__buttons\"><a href=\"https:\/\/wa.me\/551938797222\" class=\"uagb-cta__button-link-wrapper wp-block-button__link\" target=\"_self\" rel=\"noopener noreferrer\"><svg xmlns=\"https:\/\/www.w3.org\/2000\/svg\" viewBox=\"0 0 448 512\"><path d=\"M380.9 97.1C339 55.1 283.2 32 223.9 32c-122.4 0-222 99.6-222 222 0 39.1 10.2 77.3 29.6 111L0 480l117.7-30.9c32.4 17.7 68.9 27 106.1 27h.1c122.3 0 224.1-99.6 224.1-222 0-59.3-25.2-115-67.1-157zm-157 341.6c-33.2 0-65.7-8.9-94-25.7l-6.7-4-69.8 18.3L72 359.2l-4.4-7c-18.5-29.4-28.2-63.3-28.2-98.2 0-101.7 82.8-184.5 184.6-184.5 49.3 0 95.6 19.2 130.4 54.1 34.8 34.9 56.2 81.2 56.1 130.5 0 101.8-84.9 184.6-186.6 184.6zm101.2-138.2c-5.5-2.8-32.8-16.2-37.9-18-5.1-1.9-8.8-2.8-12.5 2.8-3.7 5.6-14.3 18-17.6 21.8-3.2 3.7-6.5 4.2-12 1.4-32.6-16.3-54-29.1-75.5-66-5.7-9.8 5.7-9.1 16.3-30.3 1.8-3.7 .9-6.9-.5-9.7-1.4-2.8-12.5-30.1-17.1-41.2-4.5-10.8-9.1-9.3-12.5-9.5-3.2-.2-6.9-.2-10.6-.2-3.7 0-9.7 1.4-14.8 6.9-5.1 5.6-19.4 19-19.4 46.3 0 27.3 19.9 53.7 22.6 57.4 2.8 3.7 39.1 59.7 94.8 83.8 35.2 15.2 49 16.5 66.6 13.9 10.7-1.6 32.8-13.4 37.4-26.4 4.6-13 4.6-24.1 3.2-26.4-1.3-2.5-5-3.9-10.5-6.6z\"><\/path><\/svg>WhatsApp<\/a><\/div><\/div>\n\n\n\n<div class=\"wp-block-uagb-separator uagb-block-96e52944\"><div class=\"uagb-separator-spacing-wrapper\"><div class=\"wp-block-uagb-separator__inner\" style=\"--my-background-image:\"><\/div><\/div><\/div>\n\n\n\n<div class=\"wp-block-uagb-call-to-action uagb-block-bf9c28ce wp-block-button\"><div class=\"uagb-cta__wrap\"><h3 class=\"uagb-cta__title\">Fique por dentro das novidades!<\/h3><p class=\"uagb-cta__desc\">Acompanhe nossa jornada de inova\u00e7\u00e3o e saiba mais sobre nossos produtos, acesse <strong>Safety da GVS.<\/strong><\/p><\/div><div class=\"uagb-cta__buttons\"><a href=\"https:\/\/www.gvs.com.br\/safety\" class=\"uagb-cta__button-link-wrapper wp-block-button__link\" target=\"_self\" rel=\"noopener noreferrer\">Acesse o site<\/a><\/div><\/div>\n\n\n\n<p><\/p>\n","protected":false},"excerpt":{"rendered":"<p>Descubra quais s\u00e3o as principais doen\u00e7as respirat\u00f3rias ocupacionais Saiba quais s\u00e3o as doen\u00e7as respirat\u00f3rias ocasionadas por situa\u00e7\u00f5es nocivas de trabalho [&hellip;]<\/p>\n","protected":false},"author":2,"featured_media":2943,"comment_status":"open","ping_status":"open","sticky":false,"template":"","format":"standard","meta":{"_uag_custom_page_level_css":"","site-sidebar-layout":"default","site-content-layout":"","ast-site-content-layout":"","site-content-style":"default","site-sidebar-style":"default","ast-global-header-display":"","ast-banner-title-visibility":"","ast-main-header-display":"","ast-hfb-above-header-display":"","ast-hfb-below-header-display":"","ast-hfb-mobile-header-display":"","site-post-title":"disabled","ast-breadcrumbs-content":"","ast-featured-img":"","footer-sml-layout":"","ast-disable-related-posts":"","theme-transparent-header-meta":"","adv-header-id-meta":"","stick-header-meta":"","header-above-stick-meta":"","header-main-stick-meta":"","header-below-stick-meta":"","astra-migrate-meta-layouts":"default","ast-page-background-enabled":"default","ast-page-background-meta":{"desktop":{"background-color":"var(--ast-global-color-4)","background-image":"","background-repeat":"repeat","background-position":"center center","background-size":"auto","background-attachment":"scroll","background-type":"","background-media":"","overlay-type":"","overlay-color":"","overlay-opacity":"","overlay-gradient":""},"tablet":{"background-color":"","background-image":"","background-repeat":"repeat","background-position":"center center","background-size":"auto","background-attachment":"scroll","background-type":"","background-media":"","overlay-type":"","overlay-color":"","overlay-opacity":"","overlay-gradient":""},"mobile":{"background-color":"","background-image":"","background-repeat":"repeat","background-position":"center center","background-size":"auto","background-attachment":"scroll","background-type":"","background-media":"","overlay-type":"","overlay-color":"","overlay-opacity":"","overlay-gradient":""}},"ast-content-background-meta":{"desktop":{"background-color":"var(--ast-global-color-5)","background-image":"","background-repeat":"repeat","background-position":"center center","background-size":"auto","background-attachment":"scroll","background-type":"","background-media":"","overlay-type":"","overlay-color":"","overlay-opacity":"","overlay-gradient":""},"tablet":{"background-color":"var(--ast-global-color-5)","background-image":"","background-repeat":"repeat","background-position":"center center","background-size":"auto","background-attachment":"scroll","background-type":"","background-media":"","overlay-type":"","overlay-color":"","overlay-opacity":"","overlay-gradient":""},"mobile":{"background-color":"var(--ast-global-color-5)","background-image":"","background-repeat":"repeat","background-position":"center center","background-size":"auto","background-attachment":"scroll","background-type":"","background-media":"","overlay-type":"","overlay-color":"","overlay-opacity":"","overlay-gradient":""}},"footnotes":""},"categories":[5],"tags":[34,17,15,16],"class_list":["post-2939","post","type-post","status-publish","format-standard","has-post-thumbnail","hentry","category-safety","tag-elipse","tag-produtos-gvs","tag-protecao-respiratoria","tag-safety"],"yoast_head":"<!-- This site is optimized with the Yoast SEO plugin v27.2 - https:\/\/yoast.com\/product\/yoast-seo-wordpress\/ -->\n<title>Doen\u00e7as respirat\u00f3rias ocupacionais<\/title>\n<meta name=\"description\" content=\"Descubra quais s\u00e3o as principais doen\u00e7as respirat\u00f3rias ocupacionais. Saiba quais s\u00e3o as doen\u00e7as respirat\u00f3rias ocasionadas por situa\u00e7\u00f5es nocivas de trabalho e como preveni-las!\" \/>\n<meta name=\"robots\" content=\"index, follow, max-snippet:-1, max-image-preview:large, max-video-preview:-1\" \/>\n<link rel=\"canonical\" href=\"https:\/\/www.gvs.com.br\/safety\/2025\/01\/12\/doencas-respiratorias-ocupacionais\/\" \/>\n<meta property=\"og:locale\" content=\"pt_BR\" \/>\n<meta property=\"og:type\" content=\"article\" \/>\n<meta property=\"og:title\" content=\"Doen\u00e7as respirat\u00f3rias ocupacionais\" \/>\n<meta property=\"og:description\" content=\"Descubra quais s\u00e3o as principais doen\u00e7as respirat\u00f3rias ocupacionais. Saiba quais s\u00e3o as doen\u00e7as respirat\u00f3rias ocasionadas por situa\u00e7\u00f5es nocivas de trabalho e como preveni-las!\" \/>\n<meta property=\"og:url\" content=\"https:\/\/www.gvs.com.br\/safety\/2025\/01\/12\/doencas-respiratorias-ocupacionais\/\" \/>\n<meta property=\"og:site_name\" content=\"Safety\" \/>\n<meta property=\"article:published_time\" content=\"2025-01-12T17:49:00+00:00\" \/>\n<meta property=\"article:modified_time\" content=\"2025-09-11T18:02:27+00:00\" \/>\n<meta property=\"og:image\" content=\"https:\/\/www.gvs.com.br\/safety\/wp-content\/uploads\/2025\/09\/topo-gvs-safety.jpg\" \/>\n\t<meta property=\"og:image:width\" content=\"1123\" \/>\n\t<meta property=\"og:image:height\" content=\"633\" \/>\n\t<meta property=\"og:image:type\" content=\"image\/jpeg\" \/>\n<meta name=\"author\" content=\"admin-gvs\" \/>\n<meta name=\"twitter:card\" content=\"summary_large_image\" \/>\n<meta name=\"twitter:label1\" content=\"Escrito por\" \/>\n\t<meta name=\"twitter:data1\" content=\"admin-gvs\" \/>\n\t<meta name=\"twitter:label2\" content=\"Est. tempo de leitura\" \/>\n\t<meta name=\"twitter:data2\" content=\"7 minutos\" \/>\n<script type=\"application\/ld+json\" class=\"yoast-schema-graph\">{\"@context\":\"https:\/\/schema.org\",\"@graph\":[{\"@type\":\"Article\",\"@id\":\"https:\/\/www.gvs.com.br\/safety\/2025\/01\/12\/doencas-respiratorias-ocupacionais\/#article\",\"isPartOf\":{\"@id\":\"https:\/\/www.gvs.com.br\/safety\/2025\/01\/12\/doencas-respiratorias-ocupacionais\/\"},\"author\":{\"name\":\"admin-gvs\",\"@id\":\"https:\/\/www.gvs.com.br\/safety\/#\/schema\/person\/08f0e38941dafa538ee5706ec48fe5a1\"},\"headline\":\"Descubra quais s\u00e3o as principais doen\u00e7as respirat\u00f3rias ocupacionais\",\"datePublished\":\"2025-01-12T17:49:00+00:00\",\"dateModified\":\"2025-09-11T18:02:27+00:00\",\"mainEntityOfPage\":{\"@id\":\"https:\/\/www.gvs.com.br\/safety\/2025\/01\/12\/doencas-respiratorias-ocupacionais\/\"},\"wordCount\":1362,\"commentCount\":0,\"publisher\":{\"@id\":\"https:\/\/www.gvs.com.br\/safety\/#organization\"},\"image\":{\"@id\":\"https:\/\/www.gvs.com.br\/safety\/2025\/01\/12\/doencas-respiratorias-ocupacionais\/#primaryimage\"},\"thumbnailUrl\":\"https:\/\/www.gvs.com.br\/safety\/wp-content\/uploads\/2025\/09\/topo-gvs-safety.jpg\",\"keywords\":[\"Elipse\",\"Produtos GVS\",\"Prote\u00e7\u00e3o Respirat\u00f3ria\",\"Safety\"],\"articleSection\":[\"Safety\"],\"inLanguage\":\"pt-BR\",\"potentialAction\":[{\"@type\":\"CommentAction\",\"name\":\"Comment\",\"target\":[\"https:\/\/www.gvs.com.br\/safety\/2025\/01\/12\/doencas-respiratorias-ocupacionais\/#respond\"]}]},{\"@type\":\"WebPage\",\"@id\":\"https:\/\/www.gvs.com.br\/safety\/2025\/01\/12\/doencas-respiratorias-ocupacionais\/\",\"url\":\"https:\/\/www.gvs.com.br\/safety\/2025\/01\/12\/doencas-respiratorias-ocupacionais\/\",\"name\":\"Doen\u00e7as respirat\u00f3rias ocupacionais\",\"isPartOf\":{\"@id\":\"https:\/\/www.gvs.com.br\/safety\/#website\"},\"primaryImageOfPage\":{\"@id\":\"https:\/\/www.gvs.com.br\/safety\/2025\/01\/12\/doencas-respiratorias-ocupacionais\/#primaryimage\"},\"image\":{\"@id\":\"https:\/\/www.gvs.com.br\/safety\/2025\/01\/12\/doencas-respiratorias-ocupacionais\/#primaryimage\"},\"thumbnailUrl\":\"https:\/\/www.gvs.com.br\/safety\/wp-content\/uploads\/2025\/09\/topo-gvs-safety.jpg\",\"datePublished\":\"2025-01-12T17:49:00+00:00\",\"dateModified\":\"2025-09-11T18:02:27+00:00\",\"description\":\"Descubra quais s\u00e3o as principais doen\u00e7as respirat\u00f3rias ocupacionais. Saiba quais s\u00e3o as doen\u00e7as respirat\u00f3rias ocasionadas por situa\u00e7\u00f5es nocivas de trabalho e como preveni-las!\",\"breadcrumb\":{\"@id\":\"https:\/\/www.gvs.com.br\/safety\/2025\/01\/12\/doencas-respiratorias-ocupacionais\/#breadcrumb\"},\"inLanguage\":\"pt-BR\",\"potentialAction\":[{\"@type\":\"ReadAction\",\"target\":[\"https:\/\/www.gvs.com.br\/safety\/2025\/01\/12\/doencas-respiratorias-ocupacionais\/\"]}]},{\"@type\":\"ImageObject\",\"inLanguage\":\"pt-BR\",\"@id\":\"https:\/\/www.gvs.com.br\/safety\/2025\/01\/12\/doencas-respiratorias-ocupacionais\/#primaryimage\",\"url\":\"https:\/\/www.gvs.com.br\/safety\/wp-content\/uploads\/2025\/09\/topo-gvs-safety.jpg\",\"contentUrl\":\"https:\/\/www.gvs.com.br\/safety\/wp-content\/uploads\/2025\/09\/topo-gvs-safety.jpg\",\"width\":1123,\"height\":633},{\"@type\":\"BreadcrumbList\",\"@id\":\"https:\/\/www.gvs.com.br\/safety\/2025\/01\/12\/doencas-respiratorias-ocupacionais\/#breadcrumb\",\"itemListElement\":[{\"@type\":\"ListItem\",\"position\":1,\"name\":\"In\u00edcio\",\"item\":\"https:\/\/www.gvs.com.br\/safety\/\"},{\"@type\":\"ListItem\",\"position\":2,\"name\":\"Descubra quais s\u00e3o as principais doen\u00e7as respirat\u00f3rias ocupacionais\"}]},{\"@type\":\"WebSite\",\"@id\":\"https:\/\/www.gvs.com.br\/safety\/#website\",\"url\":\"https:\/\/www.gvs.com.br\/safety\/\",\"name\":\"Safety\",\"description\":\"\",\"publisher\":{\"@id\":\"https:\/\/www.gvs.com.br\/safety\/#organization\"},\"potentialAction\":[{\"@type\":\"SearchAction\",\"target\":{\"@type\":\"EntryPoint\",\"urlTemplate\":\"https:\/\/www.gvs.com.br\/safety\/?s={search_term_string}\"},\"query-input\":{\"@type\":\"PropertyValueSpecification\",\"valueRequired\":true,\"valueName\":\"search_term_string\"}}],\"inLanguage\":\"pt-BR\"},{\"@type\":\"Organization\",\"@id\":\"https:\/\/www.gvs.com.br\/safety\/#organization\",\"name\":\"Safety\",\"url\":\"https:\/\/www.gvs.com.br\/safety\/\",\"logo\":{\"@type\":\"ImageObject\",\"inLanguage\":\"pt-BR\",\"@id\":\"https:\/\/www.gvs.com.br\/safety\/#\/schema\/logo\/image\/\",\"url\":\"https:\/\/www.gvs.com.br\/safety\/wp-content\/uploads\/2024\/12\/Logo-GVS-Safety.png\",\"contentUrl\":\"https:\/\/www.gvs.com.br\/safety\/wp-content\/uploads\/2024\/12\/Logo-GVS-Safety.png\",\"width\":1920,\"height\":1080,\"caption\":\"Safety\"},\"image\":{\"@id\":\"https:\/\/www.gvs.com.br\/safety\/#\/schema\/logo\/image\/\"}},{\"@type\":\"Person\",\"@id\":\"https:\/\/www.gvs.com.br\/safety\/#\/schema\/person\/08f0e38941dafa538ee5706ec48fe5a1\",\"name\":\"admin-gvs\",\"image\":{\"@type\":\"ImageObject\",\"inLanguage\":\"pt-BR\",\"@id\":\"https:\/\/secure.gravatar.com\/avatar\/753807cf2c24e7c5051446eb4fc6c55657714e911f26a29329d9dc501ae35121?s=96&d=mm&r=g\",\"url\":\"https:\/\/secure.gravatar.com\/avatar\/753807cf2c24e7c5051446eb4fc6c55657714e911f26a29329d9dc501ae35121?s=96&d=mm&r=g\",\"contentUrl\":\"https:\/\/secure.gravatar.com\/avatar\/753807cf2c24e7c5051446eb4fc6c55657714e911f26a29329d9dc501ae35121?s=96&d=mm&r=g\",\"caption\":\"admin-gvs\"},\"url\":\"https:\/\/www.gvs.com.br\/safety\/author\/admin-gvs\/\"}]}<\/script>\n<!-- \/ Yoast SEO plugin. -->","yoast_head_json":{"title":"Doen\u00e7as respirat\u00f3rias ocupacionais","description":"Descubra quais s\u00e3o as principais doen\u00e7as respirat\u00f3rias ocupacionais. Saiba quais s\u00e3o as doen\u00e7as respirat\u00f3rias ocasionadas por situa\u00e7\u00f5es nocivas de trabalho e como preveni-las!","robots":{"index":"index","follow":"follow","max-snippet":"max-snippet:-1","max-image-preview":"max-image-preview:large","max-video-preview":"max-video-preview:-1"},"canonical":"https:\/\/www.gvs.com.br\/safety\/2025\/01\/12\/doencas-respiratorias-ocupacionais\/","og_locale":"pt_BR","og_type":"article","og_title":"Doen\u00e7as respirat\u00f3rias ocupacionais","og_description":"Descubra quais s\u00e3o as principais doen\u00e7as respirat\u00f3rias ocupacionais. Saiba quais s\u00e3o as doen\u00e7as respirat\u00f3rias ocasionadas por situa\u00e7\u00f5es nocivas de trabalho e como preveni-las!","og_url":"https:\/\/www.gvs.com.br\/safety\/2025\/01\/12\/doencas-respiratorias-ocupacionais\/","og_site_name":"Safety","article_published_time":"2025-01-12T17:49:00+00:00","article_modified_time":"2025-09-11T18:02:27+00:00","og_image":[{"width":1123,"height":633,"url":"https:\/\/www.gvs.com.br\/safety\/wp-content\/uploads\/2025\/09\/topo-gvs-safety.jpg","type":"image\/jpeg"}],"author":"admin-gvs","twitter_card":"summary_large_image","twitter_misc":{"Escrito por":"admin-gvs","Est. tempo de leitura":"7 minutos"},"schema":{"@context":"https:\/\/schema.org","@graph":[{"@type":"Article","@id":"https:\/\/www.gvs.com.br\/safety\/2025\/01\/12\/doencas-respiratorias-ocupacionais\/#article","isPartOf":{"@id":"https:\/\/www.gvs.com.br\/safety\/2025\/01\/12\/doencas-respiratorias-ocupacionais\/"},"author":{"name":"admin-gvs","@id":"https:\/\/www.gvs.com.br\/safety\/#\/schema\/person\/08f0e38941dafa538ee5706ec48fe5a1"},"headline":"Descubra quais s\u00e3o as principais doen\u00e7as respirat\u00f3rias ocupacionais","datePublished":"2025-01-12T17:49:00+00:00","dateModified":"2025-09-11T18:02:27+00:00","mainEntityOfPage":{"@id":"https:\/\/www.gvs.com.br\/safety\/2025\/01\/12\/doencas-respiratorias-ocupacionais\/"},"wordCount":1362,"commentCount":0,"publisher":{"@id":"https:\/\/www.gvs.com.br\/safety\/#organization"},"image":{"@id":"https:\/\/www.gvs.com.br\/safety\/2025\/01\/12\/doencas-respiratorias-ocupacionais\/#primaryimage"},"thumbnailUrl":"https:\/\/www.gvs.com.br\/safety\/wp-content\/uploads\/2025\/09\/topo-gvs-safety.jpg","keywords":["Elipse","Produtos GVS","Prote\u00e7\u00e3o Respirat\u00f3ria","Safety"],"articleSection":["Safety"],"inLanguage":"pt-BR","potentialAction":[{"@type":"CommentAction","name":"Comment","target":["https:\/\/www.gvs.com.br\/safety\/2025\/01\/12\/doencas-respiratorias-ocupacionais\/#respond"]}]},{"@type":"WebPage","@id":"https:\/\/www.gvs.com.br\/safety\/2025\/01\/12\/doencas-respiratorias-ocupacionais\/","url":"https:\/\/www.gvs.com.br\/safety\/2025\/01\/12\/doencas-respiratorias-ocupacionais\/","name":"Doen\u00e7as respirat\u00f3rias ocupacionais","isPartOf":{"@id":"https:\/\/www.gvs.com.br\/safety\/#website"},"primaryImageOfPage":{"@id":"https:\/\/www.gvs.com.br\/safety\/2025\/01\/12\/doencas-respiratorias-ocupacionais\/#primaryimage"},"image":{"@id":"https:\/\/www.gvs.com.br\/safety\/2025\/01\/12\/doencas-respiratorias-ocupacionais\/#primaryimage"},"thumbnailUrl":"https:\/\/www.gvs.com.br\/safety\/wp-content\/uploads\/2025\/09\/topo-gvs-safety.jpg","datePublished":"2025-01-12T17:49:00+00:00","dateModified":"2025-09-11T18:02:27+00:00","description":"Descubra quais s\u00e3o as principais doen\u00e7as respirat\u00f3rias ocupacionais. Saiba quais s\u00e3o as doen\u00e7as respirat\u00f3rias ocasionadas por situa\u00e7\u00f5es nocivas de trabalho e como preveni-las!","breadcrumb":{"@id":"https:\/\/www.gvs.com.br\/safety\/2025\/01\/12\/doencas-respiratorias-ocupacionais\/#breadcrumb"},"inLanguage":"pt-BR","potentialAction":[{"@type":"ReadAction","target":["https:\/\/www.gvs.com.br\/safety\/2025\/01\/12\/doencas-respiratorias-ocupacionais\/"]}]},{"@type":"ImageObject","inLanguage":"pt-BR","@id":"https:\/\/www.gvs.com.br\/safety\/2025\/01\/12\/doencas-respiratorias-ocupacionais\/#primaryimage","url":"https:\/\/www.gvs.com.br\/safety\/wp-content\/uploads\/2025\/09\/topo-gvs-safety.jpg","contentUrl":"https:\/\/www.gvs.com.br\/safety\/wp-content\/uploads\/2025\/09\/topo-gvs-safety.jpg","width":1123,"height":633},{"@type":"BreadcrumbList","@id":"https:\/\/www.gvs.com.br\/safety\/2025\/01\/12\/doencas-respiratorias-ocupacionais\/#breadcrumb","itemListElement":[{"@type":"ListItem","position":1,"name":"In\u00edcio","item":"https:\/\/www.gvs.com.br\/safety\/"},{"@type":"ListItem","position":2,"name":"Descubra quais s\u00e3o as principais doen\u00e7as respirat\u00f3rias ocupacionais"}]},{"@type":"WebSite","@id":"https:\/\/www.gvs.com.br\/safety\/#website","url":"https:\/\/www.gvs.com.br\/safety\/","name":"Safety","description":"","publisher":{"@id":"https:\/\/www.gvs.com.br\/safety\/#organization"},"potentialAction":[{"@type":"SearchAction","target":{"@type":"EntryPoint","urlTemplate":"https:\/\/www.gvs.com.br\/safety\/?s={search_term_string}"},"query-input":{"@type":"PropertyValueSpecification","valueRequired":true,"valueName":"search_term_string"}}],"inLanguage":"pt-BR"},{"@type":"Organization","@id":"https:\/\/www.gvs.com.br\/safety\/#organization","name":"Safety","url":"https:\/\/www.gvs.com.br\/safety\/","logo":{"@type":"ImageObject","inLanguage":"pt-BR","@id":"https:\/\/www.gvs.com.br\/safety\/#\/schema\/logo\/image\/","url":"https:\/\/www.gvs.com.br\/safety\/wp-content\/uploads\/2024\/12\/Logo-GVS-Safety.png","contentUrl":"https:\/\/www.gvs.com.br\/safety\/wp-content\/uploads\/2024\/12\/Logo-GVS-Safety.png","width":1920,"height":1080,"caption":"Safety"},"image":{"@id":"https:\/\/www.gvs.com.br\/safety\/#\/schema\/logo\/image\/"}},{"@type":"Person","@id":"https:\/\/www.gvs.com.br\/safety\/#\/schema\/person\/08f0e38941dafa538ee5706ec48fe5a1","name":"admin-gvs","image":{"@type":"ImageObject","inLanguage":"pt-BR","@id":"https:\/\/secure.gravatar.com\/avatar\/753807cf2c24e7c5051446eb4fc6c55657714e911f26a29329d9dc501ae35121?s=96&d=mm&r=g","url":"https:\/\/secure.gravatar.com\/avatar\/753807cf2c24e7c5051446eb4fc6c55657714e911f26a29329d9dc501ae35121?s=96&d=mm&r=g","contentUrl":"https:\/\/secure.gravatar.com\/avatar\/753807cf2c24e7c5051446eb4fc6c55657714e911f26a29329d9dc501ae35121?s=96&d=mm&r=g","caption":"admin-gvs"},"url":"https:\/\/www.gvs.com.br\/safety\/author\/admin-gvs\/"}]}},"uagb_featured_image_src":{"full":["https:\/\/www.gvs.com.br\/safety\/wp-content\/uploads\/2025\/09\/topo-gvs-safety.jpg",1123,633,false],"thumbnail":["https:\/\/www.gvs.com.br\/safety\/wp-content\/uploads\/2025\/09\/topo-gvs-safety-150x150.jpg",150,150,true],"medium":["https:\/\/www.gvs.com.br\/safety\/wp-content\/uploads\/2025\/09\/topo-gvs-safety-300x169.jpg",300,169,true],"medium_large":["https:\/\/www.gvs.com.br\/safety\/wp-content\/uploads\/2025\/09\/topo-gvs-safety-768x433.jpg",768,433,true],"large":["https:\/\/www.gvs.com.br\/safety\/wp-content\/uploads\/2025\/09\/topo-gvs-safety-1024x577.jpg",1024,577,true],"1536x1536":["https:\/\/www.gvs.com.br\/safety\/wp-content\/uploads\/2025\/09\/topo-gvs-safety.jpg",1123,633,false],"2048x2048":["https:\/\/www.gvs.com.br\/safety\/wp-content\/uploads\/2025\/09\/topo-gvs-safety.jpg",1123,633,false]},"uagb_author_info":{"display_name":"admin-gvs","author_link":"https:\/\/www.gvs.com.br\/safety\/author\/admin-gvs\/"},"uagb_comment_info":0,"uagb_excerpt":"Descubra quais s\u00e3o as principais doen\u00e7as respirat\u00f3rias ocupacionais Saiba quais s\u00e3o as doen\u00e7as respirat\u00f3rias ocasionadas por situa\u00e7\u00f5es nocivas de trabalho [&hellip;]","_links":{"self":[{"href":"https:\/\/www.gvs.com.br\/safety\/wp-json\/wp\/v2\/posts\/2939","targetHints":{"allow":["GET"]}}],"collection":[{"href":"https:\/\/www.gvs.com.br\/safety\/wp-json\/wp\/v2\/posts"}],"about":[{"href":"https:\/\/www.gvs.com.br\/safety\/wp-json\/wp\/v2\/types\/post"}],"author":[{"embeddable":true,"href":"https:\/\/www.gvs.com.br\/safety\/wp-json\/wp\/v2\/users\/2"}],"replies":[{"embeddable":true,"href":"https:\/\/www.gvs.com.br\/safety\/wp-json\/wp\/v2\/comments?post=2939"}],"version-history":[{"count":1,"href":"https:\/\/www.gvs.com.br\/safety\/wp-json\/wp\/v2\/posts\/2939\/revisions"}],"predecessor-version":[{"id":2945,"href":"https:\/\/www.gvs.com.br\/safety\/wp-json\/wp\/v2\/posts\/2939\/revisions\/2945"}],"wp:featuredmedia":[{"embeddable":true,"href":"https:\/\/www.gvs.com.br\/safety\/wp-json\/wp\/v2\/media\/2943"}],"wp:attachment":[{"href":"https:\/\/www.gvs.com.br\/safety\/wp-json\/wp\/v2\/media?parent=2939"}],"wp:term":[{"taxonomy":"category","embeddable":true,"href":"https:\/\/www.gvs.com.br\/safety\/wp-json\/wp\/v2\/categories?post=2939"},{"taxonomy":"post_tag","embeddable":true,"href":"https:\/\/www.gvs.com.br\/safety\/wp-json\/wp\/v2\/tags?post=2939"}],"curies":[{"name":"wp","href":"https:\/\/api.w.org\/{rel}","templated":true}]}}