{"id":2920,"date":"2025-01-12T17:18:00","date_gmt":"2025-01-12T17:18:00","guid":{"rendered":"https:\/\/www.gvs.com.br\/safety\/?p=2920"},"modified":"2025-09-11T17:35:35","modified_gmt":"2025-09-11T17:35:35","slug":"equipamento-de-protecao-respiratoria","status":"publish","type":"post","link":"https:\/\/www.gvs.com.br\/safety\/2025\/01\/12\/equipamento-de-protecao-respiratoria\/","title":{"rendered":"Equipamento de prote\u00e7\u00e3o respirat\u00f3ria: tudo o que voc\u00ea precisa saber para escolher corretamente"},"content":{"rendered":"\n<div class=\"wp-block-uagb-container uagb-block-2d8af228 alignfull uagb-is-root-container\"><div class=\"uagb-container-inner-blocks-wrap\">\n<div class=\"wp-block-uagb-advanced-heading uagb-block-88fad113\"><h2 class=\"uagb-heading-text\"><strong>Equipamento de prote\u00e7\u00e3o respirat\u00f3ria: <\/strong><br><strong>tudo o que voc\u00ea precisa saber para escolher <\/strong><br><strong>corretamente<\/strong><\/h2><\/div>\n\n\n\n<p class=\"has-ast-global-color-5-color has-text-color has-link-color wp-elements-d20c88f13f5c3b8c5a5d384f184dbc9e\"><strong>Descubra quais informa\u00e7\u00f5es s\u00e3o necess\u00e1rias no momento da compra<\/strong><\/p>\n<\/div><\/div>\n\n\n\n<p><\/p>\n\n\n\n<p>Voc\u00ea sabe como escolher o equipamento de prote\u00e7\u00e3o respirat\u00f3ria ideal para a sua empresa? Pois, saiba que \u00e9 comum se enganar nessa tarefa. Assim, acabamos optando por apetrechos que n\u00e3o entregam a seguran\u00e7a desejada.<\/p>\n\n\n\n<p>O mercado de EPRs est\u00e1 em constante evolu\u00e7\u00e3o, isso \u00e9 um fato. Por isso, \u00e9 poss\u00edvel notar uma grande oferta de solu\u00e7\u00f5es, mas, a GVS pode facilitar a sua procura.<\/p>\n\n\n\n<p>Al\u00e9m de trabalharmos, de forma constante, para entregar seguran\u00e7a, efici\u00eancia e qualidade, estamos a todo momento pensando na rotina de profissionais como voc\u00ea.<\/p>\n\n\n\n<p>Desse modo, sabemos como a otimiza\u00e7\u00e3o do tempo, principalmente, em assuntos que envolvam a compra de equipamentos \u00e9 importante para voc\u00ea.<\/p>\n\n\n\n<p>Com isso em mente, nosso time de especialista revelou todos os segredos para a escolha do equipamento de prote\u00e7\u00e3o respirat\u00f3ria ideal para a sua equipe.<\/p>\n\n\n\n<p>Quer acabar com as rotinas ma\u00e7antes de pesquisa? Ent\u00e3o, voc\u00ea encontrou o artigo certo.<\/p>\n\n\n\n<p>Acompanhe as dicas e tire todas as suas d\u00favidas!<\/p>\n\n\n\n<h2 class=\"wp-block-heading\">Por que pesquisar por equipamentos de prote\u00e7\u00e3o respirat\u00f3ria?<\/h2>\n\n\n\n<p>N\u00e3o existe discuss\u00e3o quando falamos da prote\u00e7\u00e3o dos nossos funcion\u00e1rios, n\u00e3o \u00e9 mesmo?<\/p>\n\n\n\n<p>Essa fun\u00e7\u00e3o tem muitos objetivos, como por exemplo: manter a equipe motivada, segura e alinhada com as diretrizes dos \u00f3rg\u00e3os regulamentadores, s\u00e3o algumas delas.<\/p>\n\n\n\n<p>Mas, isso vai muito al\u00e9m. Reconhecer esse passo como fundamental para a produtividade da sua empresa, \u00e9 a primeira etapa para obter o sucesso que voc\u00ea espera.<\/p>\n\n\n\n<p>Como j\u00e1 vimos no in\u00edcio, essa n\u00e3o \u00e9 uma tarefa f\u00e1cil. S\u00e3o muitas especifica\u00e7\u00f5es e detalhes que podem fazer a total diferen\u00e7a, mas, ao final do processo de compra, voc\u00ea deve ter certeza da escolha que est\u00e1 fazendo.<\/p>\n\n\n\n<p>Assertividade. Esse \u00e9 o termo que define o seu objetivo em todos os procedimentos envolvendo a pesquisa por itens que garantam a seguran\u00e7a dos seus funcion\u00e1rios.<\/p>\n\n\n\n<p>Acertar nas escolhas, pode resultar em prote\u00e7\u00e3o elevada, baixo custo de manuten\u00e7\u00e3o e redu\u00e7\u00e3o de gastos com trocas constantes. \u00c9 por isso que, al\u00e9m de pesquisar por equipamentos de prote\u00e7\u00e3o respirat\u00f3ria, voc\u00ea deve saber quais informa\u00e7\u00f5es s\u00e3o essenciais.<\/p>\n\n\n\n<p>A seguir, voc\u00ea ter\u00e1 acesso aos segredos das l\u00edderes em seguran\u00e7a do trabalho para a escolha dos EPRs que comp\u00f5em todo o sistema de prote\u00e7\u00e3o. Confira!<\/p>\n\n\n\n<h2 class=\"wp-block-heading\">Como escolher equipamentos de prote\u00e7\u00e3o respirat\u00f3ria?<\/h2>\n\n\n\n<p>\u00c9 obvio que as regulamenta\u00e7\u00f5es para aplica\u00e7\u00e3o de solu\u00e7\u00f5es em seguran\u00e7a no trabalho, se estendem para o processo de compra. Mas, \u00e9 importante relembrar quais s\u00e3o os passos fundamentais nessa etapa.<\/p>\n\n\n\n<p>De acordo com a&nbsp;<a href=\"http:\/\/www.fiocruz.br\/biosseguranca\/Bis\/virtual%20tour\/hipertextos\/up1\/respiradores.html\">Fiocruz<\/a>, por exemplo,&nbsp;<strong>a prote\u00e7\u00e3o respirat\u00f3ria \u00e9 uma etapa essencial em toda a cadeia de produ\u00e7\u00e3o<\/strong>. Seu principal objetivo \u00e9 proteger a mucosa de todo e qualquer componente nocivo ao profissional.<\/p>\n\n\n\n<p>Pensando nisso,&nbsp;<strong>a escolha do equipamento de prote\u00e7\u00e3o respirat\u00f3ria deve ser feita a partir de processos de avalia\u00e7\u00e3o criteriosos<\/strong>, que englobem todas as fun\u00e7\u00f5es do trabalhador em quest\u00e3o.<\/p>\n\n\n\n<p>Por isso, torna-se t\u00e3o importante realizar pesquisas. Dessa maneira, \u00e9 poss\u00edvel conciliar os riscos presentes no ambiente \u00e0s especifica\u00e7\u00f5es do equipamento.<\/p>\n\n\n\n<h3 class=\"wp-block-heading\">Crit\u00e9rios para avalia\u00e7\u00e3o de risco<\/h3>\n\n\n\n<figure class=\"wp-block-image aligncenter size-large\"><img loading=\"lazy\" decoding=\"async\" width=\"1024\" height=\"323\" src=\"https:\/\/www.gvs.com.br\/safety\/wp-content\/uploads\/2025\/09\/meio-gvs-safety-1024x323.png\" alt=\"\" class=\"wp-image-2930\" srcset=\"https:\/\/www.gvs.com.br\/safety\/wp-content\/uploads\/2025\/09\/meio-gvs-safety-1024x323.png 1024w, https:\/\/www.gvs.com.br\/safety\/wp-content\/uploads\/2025\/09\/meio-gvs-safety-300x95.png 300w, https:\/\/www.gvs.com.br\/safety\/wp-content\/uploads\/2025\/09\/meio-gvs-safety-768x242.png 768w, https:\/\/www.gvs.com.br\/safety\/wp-content\/uploads\/2025\/09\/meio-gvs-safety.png 1110w\" sizes=\"auto, (max-width: 1024px) 100vw, 1024px\" \/><\/figure>\n\n\n\n<p>Por se tratar de um procedimento complexo, s\u00e3o muitas as etapas pertencentes ao ciclo de avalia\u00e7\u00e3o de riscos. Por isso,&nbsp;<a href=\"https:\/\/portal.fiocruz.br\/\">a Funda\u00e7\u00e3o Oswaldo Cruz&nbsp;<\/a>ainda determina quais s\u00e3o os crit\u00e9rios para an\u00e1lise de determinadas \u00e1reas.<\/p>\n\n\n\n<p>Entre as etapas, deve-se levar em considera\u00e7\u00e3o os seguintes pontos:<\/p>\n\n\n\n<ul class=\"wp-block-list\">\n<li>Origem do risco;<\/li>\n\n\n\n<li>Suas propriedades f\u00edsicas;<\/li>\n\n\n\n<li>Defici\u00eancias de prote\u00e7\u00e3o;<\/li>\n\n\n\n<li>Efeitos fisiol\u00f3gicos no organismo;<\/li>\n\n\n\n<li>Concentra\u00e7\u00e3o dos componentes nocivos;<\/li>\n\n\n\n<li>Os limites de exposi\u00e7\u00e3o;<\/li>\n\n\n\n<li>E seu n\u00edvel de radioatividade.<\/li>\n<\/ul>\n\n\n\n<p>Al\u00e9m disso, \u00e9 preciso estabelecer o melhor ambiente para determinadas fun\u00e7\u00f5es. Assim, tornando-as mais seguras atrav\u00e9s de posicionamentos estrat\u00e9gicos para sa\u00eddas de emerg\u00eancia e, tamb\u00e9m, proximidades com ambientes ventilados.<\/p>\n\n\n\n<p>Ademais, existem ainda, especifica\u00e7\u00f5es governamentais, presentes na legisla\u00e7\u00e3o brasileira, que englobam:<\/p>\n\n\n\n<ul class=\"wp-block-list\">\n<li>Auditorias para a defini\u00e7\u00e3o de procedimentos;<\/li>\n\n\n\n<li>Monitoramento ambiental;<\/li>\n\n\n\n<li>Garantia de uso adequado dos equipamentos de prote\u00e7\u00e3o respirat\u00f3ria;<\/li>\n\n\n\n<li>Entre outros pontos.<\/li>\n<\/ul>\n\n\n\n<h2 class=\"wp-block-heading\">Mas, afinal, como definir o equipamento certo para a sua empresa?<\/h2>\n\n\n\n<p>Com certeza, estar alinhado \u00e0s regras de prote\u00e7\u00e3o \u00e9 fundamental para o seu neg\u00f3cio. Mas, o assunto que mais interessa \u00e9: como, com base nas informa\u00e7\u00f5es que voc\u00ea obteve, definir o tipo ideal de prote\u00e7\u00e3o respirat\u00f3ria?<\/p>\n\n\n\n<p>De acordo com a Associa\u00e7\u00e3o Brasileira de Normas T\u00e9cnicas, os EPRs s\u00e3o divididos em dois grupos. Sendo eles:<\/p>\n\n\n\n<h4 class=\"wp-block-heading\">Respiradores de adu\u00e7\u00e3o do ar<\/h4>\n\n\n\n<p>Neste subgrupo, voc\u00ea poder\u00e1 encontrar os equipamentos que utilizam uma fonte a parte do ambiente de trabalho para a capta\u00e7\u00e3o de ar. Por isso, s\u00e3o mais comuns em casos de risco extremo.<\/p>\n\n\n\n<p>Esses dispositivos s\u00e3o caracterizados pelo acompanhamento de cilindros de oxig\u00eanio ao sistema de veda\u00e7\u00e3o facial. Por isso, nessa categoriza\u00e7\u00e3o, encontramos os respiradores de ar natural e a linha de ar comprimido.<\/p>\n\n\n\n<h4 class=\"wp-block-heading\">Purificadores de ar<\/h4>\n\n\n\n<p>Aqui, encontramos as pe\u00e7as que fazem a prote\u00e7\u00e3o atrav\u00e9s de filtros que, dependendo das suas varia\u00e7\u00f5es, podem atender diversos ambientes.<\/p>\n\n\n\n<p>Desse modo, podendo adaptar-se \u00e0s necessidades do seu ambiente profissional e realizando a prote\u00e7\u00e3o contra: gases, poeiras, particulados, vapores e aeross\u00f3is.<\/p>\n\n\n\n<p>Al\u00e9m disso, podem se diferenciar entre filtros qu\u00edmicos e mec\u00e2nicos, realizando assim, diferentes tipos de reten\u00e7\u00e3o. Para escolher \u00e9 preciso definir os riscos presentes nas \u00e1reas em que a sua equipe atua.<\/p>\n\n\n\n<p>Mas, fica tranquilo. Separamos as principais especifica\u00e7\u00f5es para que voc\u00ea defina com m\u00e1xima assertividade, qual o equipamento de prote\u00e7\u00e3o respirat\u00f3ria ideal para a rotina do seu time.<\/p>\n\n\n\n<figure class=\"wp-block-table\"><table class=\"has-fixed-layout\"><tbody><tr><td>Classifica\u00e7\u00e3o<\/td><td>Riscos<\/td><td>Concentra\u00e7\u00e3o m\u00e1xima<\/td><td>Tipo de EPR<\/td><\/tr><tr><td>FBC \u2013 1<\/td><td>Vapores org\u00e2nicos<br>Gases org\u00e2nicos<\/td><td>50 ppm<br>50 ppm<\/td><td>Semifacial<\/td><\/tr><tr><td>FBC \u2013 2<\/td><td>Vapores org\u00e2nicos<br>Cloro<\/td><td>1000 ppm<br>10 ppm<\/td><td>Semifacial ou facial<br>inteira<\/td><\/tr><tr><td>Classe I<\/td><td>Vapores org\u00e2nicos<br>Am\u00f4nia<br>Metilamina<br>Gases org\u00e2nicos<br>\u00c1cido clor\u00eddrico<br>Cloro<\/td><td>1000 ppm<br>300 ppm<br>100 ppm<br>1000 ppm<br>50 ppm<br>10 ppm<\/td><td>Semifacial ou facial inteira<\/td><\/tr><tr><td>Classe II<\/td><td>Vapores org\u00e2nicos<br>Am\u00f4nia<br>Metilamina<br>Gases org\u00e2nicos<\/td><td>5000 ppm<\/td><td>\u2013<\/td><\/tr><\/tbody><\/table><\/figure>\n\n\n\n<h2 class=\"wp-block-heading\">Garanta a seguran\u00e7a da sua equipe, conte com a GVS!<\/h2>\n\n\n\n<p>J\u00e1 falamos o quanto nos preocupamos com a seguran\u00e7a. Por isso, desenvolvemos processos que garantam alta performance na filtra\u00e7\u00e3o de diversos componentes.<\/p>\n\n\n\n<p>Se voc\u00ea precisa de ajuda com a prote\u00e7\u00e3o dos seus colaboradores, a GVS tem um componente que atender\u00e1 suas expectativas. S\u00e3o anos de experi\u00eancia no mercado de filtra\u00e7\u00e3o que possibilitou o aprimoramento de todas as nossas solu\u00e7\u00f5es.<\/p>\n\n\n\n<p>Al\u00e9m disso, contamos com uma vasta gama de produtos, para que voc\u00ea possa atender todas as demandas do seu ambiente profissional.<\/p>\n\n\n\n<p>Assim, com uma estrutura flex\u00edvel e din\u00e2mica, e foco em pesquisa e desenvolvimento, nossa parceria ser\u00e1 muito vantajosa para a sua empresa. Isso tudo, com processos embasados na preserva\u00e7\u00e3o do meio ambiente e a qualidade esperada pelos nossos clientes.<\/p>\n\n\n\n<p>Gostou das informa\u00e7\u00f5es do artigo e quer saber mais sobre o mercado de prote\u00e7\u00e3o respirat\u00f3ria?\u00a0<a href=\"https:\/\/www.gvs.com.br\/safety\/blog\/\" target=\"_blank\" rel=\"noreferrer noopener\">Acompanhe o nosso blog<\/a>\u00a0e saiba tudo sobre as novidades e melhores dicas.<\/p>\n\n\n\n<p><a href=\"https:\/\/www.gvs.com.br\/\" target=\"_blank\" rel=\"noreferrer noopener\">Acesse nosso site<\/a>\u00a0e saiba mais sobre a l\u00edder mundial na produ\u00e7\u00e3o de filtros!<\/p>\n\n\n\n<div class=\"wp-block-uagb-separator uagb-block-12928a3d\"><div class=\"uagb-separator-spacing-wrapper\"><div class=\"wp-block-uagb-separator__inner\" style=\"--my-background-image:\"><\/div><\/div><\/div>\n\n\n\n<div class=\"wp-block-uagb-advanced-heading uagb-block-37689345\"><h2 class=\"uagb-heading-text\"><strong>Acreditamos em proteger voc\u00ea para os melhores momentos da vida!<\/strong><\/h2><\/div>\n\n\n\n<p>Criamos solu\u00e7\u00f5es de prote\u00e7\u00e3o respirat\u00f3ria que tornam voc\u00ea e sua equipe mais seguros, para que todos possam voltar para casa no final de cada dia, seguros, saud\u00e1veis e capazes de fazer aquilo que mais importa.<\/p>\n\n\n\n<div class=\"wp-block-uagb-separator uagb-block-b8b79ce8\"><div class=\"uagb-separator-spacing-wrapper\"><div class=\"wp-block-uagb-separator__inner\" style=\"--my-background-image:\"><\/div><\/div><\/div>\n\n\n\n<div class=\"wp-block-uagb-call-to-action uagb-block-e6f6b3df wp-block-button\"><div class=\"uagb-cta__wrap\"><h3 class=\"uagb-cta__title\">Fale com a gente!<\/h3><p class=\"uagb-cta__desc\">Entre em contato com o nosso time hoje mesmo, esclare\u00e7a as suas d\u00favidas e&nbsp;<strong>solicite a sua cota\u00e7\u00e3o!<\/strong><\/p><\/div><div class=\"uagb-cta__buttons\"><a href=\"https:\/\/wa.me\/551938797222\" class=\"uagb-cta__button-link-wrapper wp-block-button__link\" target=\"_self\" rel=\"noopener noreferrer\"><svg xmlns=\"https:\/\/www.w3.org\/2000\/svg\" viewBox=\"0 0 448 512\"><path d=\"M380.9 97.1C339 55.1 283.2 32 223.9 32c-122.4 0-222 99.6-222 222 0 39.1 10.2 77.3 29.6 111L0 480l117.7-30.9c32.4 17.7 68.9 27 106.1 27h.1c122.3 0 224.1-99.6 224.1-222 0-59.3-25.2-115-67.1-157zm-157 341.6c-33.2 0-65.7-8.9-94-25.7l-6.7-4-69.8 18.3L72 359.2l-4.4-7c-18.5-29.4-28.2-63.3-28.2-98.2 0-101.7 82.8-184.5 184.6-184.5 49.3 0 95.6 19.2 130.4 54.1 34.8 34.9 56.2 81.2 56.1 130.5 0 101.8-84.9 184.6-186.6 184.6zm101.2-138.2c-5.5-2.8-32.8-16.2-37.9-18-5.1-1.9-8.8-2.8-12.5 2.8-3.7 5.6-14.3 18-17.6 21.8-3.2 3.7-6.5 4.2-12 1.4-32.6-16.3-54-29.1-75.5-66-5.7-9.8 5.7-9.1 16.3-30.3 1.8-3.7 .9-6.9-.5-9.7-1.4-2.8-12.5-30.1-17.1-41.2-4.5-10.8-9.1-9.3-12.5-9.5-3.2-.2-6.9-.2-10.6-.2-3.7 0-9.7 1.4-14.8 6.9-5.1 5.6-19.4 19-19.4 46.3 0 27.3 19.9 53.7 22.6 57.4 2.8 3.7 39.1 59.7 94.8 83.8 35.2 15.2 49 16.5 66.6 13.9 10.7-1.6 32.8-13.4 37.4-26.4 4.6-13 4.6-24.1 3.2-26.4-1.3-2.5-5-3.9-10.5-6.6z\"><\/path><\/svg>WhatsApp<\/a><\/div><\/div>\n\n\n\n<div class=\"wp-block-uagb-separator uagb-block-96e52944\"><div class=\"uagb-separator-spacing-wrapper\"><div class=\"wp-block-uagb-separator__inner\" style=\"--my-background-image:\"><\/div><\/div><\/div>\n\n\n\n<div class=\"wp-block-uagb-call-to-action uagb-block-bf9c28ce wp-block-button\"><div class=\"uagb-cta__wrap\"><h3 class=\"uagb-cta__title\">Fique por dentro das novidades!<\/h3><p class=\"uagb-cta__desc\">Acompanhe nossa jornada de inova\u00e7\u00e3o e saiba mais sobre nossos produtos, acesse <strong>Safety da GVS.<\/strong><\/p><\/div><div class=\"uagb-cta__buttons\"><a href=\"https:\/\/www.gvs.com.br\/safety\" class=\"uagb-cta__button-link-wrapper wp-block-button__link\" target=\"_self\" rel=\"noopener noreferrer\">Acesse o site<\/a><\/div><\/div>\n\n\n\n<p><\/p>\n","protected":false},"excerpt":{"rendered":"<p>Equipamento de prote\u00e7\u00e3o respirat\u00f3ria: tudo o que voc\u00ea precisa saber para escolher corretamente Descubra quais informa\u00e7\u00f5es s\u00e3o necess\u00e1rias no momento [&hellip;]<\/p>\n","protected":false},"author":2,"featured_media":2929,"comment_status":"open","ping_status":"open","sticky":false,"template":"","format":"standard","meta":{"_uag_custom_page_level_css":"","site-sidebar-layout":"default","site-content-layout":"","ast-site-content-layout":"","site-content-style":"default","site-sidebar-style":"default","ast-global-header-display":"","ast-banner-title-visibility":"","ast-main-header-display":"","ast-hfb-above-header-display":"","ast-hfb-below-header-display":"","ast-hfb-mobile-header-display":"","site-post-title":"disabled","ast-breadcrumbs-content":"","ast-featured-img":"","footer-sml-layout":"","ast-disable-related-posts":"","theme-transparent-header-meta":"","adv-header-id-meta":"","stick-header-meta":"","header-above-stick-meta":"","header-main-stick-meta":"","header-below-stick-meta":"","astra-migrate-meta-layouts":"default","ast-page-background-enabled":"default","ast-page-background-meta":{"desktop":{"background-color":"var(--ast-global-color-4)","background-image":"","background-repeat":"repeat","background-position":"center center","background-size":"auto","background-attachment":"scroll","background-type":"","background-media":"","overlay-type":"","overlay-color":"","overlay-opacity":"","overlay-gradient":""},"tablet":{"background-color":"","background-image":"","background-repeat":"repeat","background-position":"center center","background-size":"auto","background-attachment":"scroll","background-type":"","background-media":"","overlay-type":"","overlay-color":"","overlay-opacity":"","overlay-gradient":""},"mobile":{"background-color":"","background-image":"","background-repeat":"repeat","background-position":"center center","background-size":"auto","background-attachment":"scroll","background-type":"","background-media":"","overlay-type":"","overlay-color":"","overlay-opacity":"","overlay-gradient":""}},"ast-content-background-meta":{"desktop":{"background-color":"var(--ast-global-color-5)","background-image":"","background-repeat":"repeat","background-position":"center center","background-size":"auto","background-attachment":"scroll","background-type":"","background-media":"","overlay-type":"","overlay-color":"","overlay-opacity":"","overlay-gradient":""},"tablet":{"background-color":"var(--ast-global-color-5)","background-image":"","background-repeat":"repeat","background-position":"center center","background-size":"auto","background-attachment":"scroll","background-type":"","background-media":"","overlay-type":"","overlay-color":"","overlay-opacity":"","overlay-gradient":""},"mobile":{"background-color":"var(--ast-global-color-5)","background-image":"","background-repeat":"repeat","background-position":"center center","background-size":"auto","background-attachment":"scroll","background-type":"","background-media":"","overlay-type":"","overlay-color":"","overlay-opacity":"","overlay-gradient":""}},"footnotes":""},"categories":[5],"tags":[34,17,15,16],"class_list":["post-2920","post","type-post","status-publish","format-standard","has-post-thumbnail","hentry","category-safety","tag-elipse","tag-produtos-gvs","tag-protecao-respiratoria","tag-safety"],"yoast_head":"<!-- This site is optimized with the Yoast SEO plugin v27.2 - https:\/\/yoast.com\/product\/yoast-seo-wordpress\/ -->\n<title>Equipamento de prote\u00e7\u00e3o respirat\u00f3ria<\/title>\n<meta name=\"description\" content=\"Equipamento de prote\u00e7\u00e3o respirat\u00f3ria: tudo o que voc\u00ea precisa saber para escolher corretamente. Descubra quais informa\u00e7\u00f5es s\u00e3o necess\u00e1rias no momento da compra.\" \/>\n<meta name=\"robots\" content=\"index, follow, max-snippet:-1, max-image-preview:large, max-video-preview:-1\" \/>\n<link rel=\"canonical\" href=\"https:\/\/www.gvs.com.br\/safety\/2025\/01\/12\/equipamento-de-protecao-respiratoria\/\" \/>\n<meta property=\"og:locale\" content=\"pt_BR\" \/>\n<meta property=\"og:type\" content=\"article\" \/>\n<meta property=\"og:title\" content=\"Equipamento de prote\u00e7\u00e3o respirat\u00f3ria\" \/>\n<meta property=\"og:description\" content=\"Equipamento de prote\u00e7\u00e3o respirat\u00f3ria: tudo o que voc\u00ea precisa saber para escolher corretamente. Descubra quais informa\u00e7\u00f5es s\u00e3o necess\u00e1rias no momento da compra.\" \/>\n<meta property=\"og:url\" content=\"https:\/\/www.gvs.com.br\/safety\/2025\/01\/12\/equipamento-de-protecao-respiratoria\/\" \/>\n<meta property=\"og:site_name\" content=\"Safety\" \/>\n<meta property=\"article:published_time\" content=\"2025-01-12T17:18:00+00:00\" \/>\n<meta property=\"article:modified_time\" content=\"2025-09-11T17:35:35+00:00\" \/>\n<meta property=\"og:image\" content=\"https:\/\/www.gvs.com.br\/safety\/wp-content\/uploads\/2025\/09\/topo-gvs-safety-1-1-1.png\" \/>\n\t<meta property=\"og:image:width\" content=\"1123\" \/>\n\t<meta property=\"og:image:height\" content=\"633\" \/>\n\t<meta property=\"og:image:type\" content=\"image\/png\" \/>\n<meta name=\"author\" content=\"admin-gvs\" \/>\n<meta name=\"twitter:card\" content=\"summary_large_image\" \/>\n<meta name=\"twitter:label1\" content=\"Escrito por\" \/>\n\t<meta name=\"twitter:data1\" content=\"admin-gvs\" \/>\n\t<meta name=\"twitter:label2\" content=\"Est. tempo de leitura\" \/>\n\t<meta name=\"twitter:data2\" content=\"8 minutos\" \/>\n<script type=\"application\/ld+json\" class=\"yoast-schema-graph\">{\"@context\":\"https:\/\/schema.org\",\"@graph\":[{\"@type\":\"Article\",\"@id\":\"https:\/\/www.gvs.com.br\/safety\/2025\/01\/12\/equipamento-de-protecao-respiratoria\/#article\",\"isPartOf\":{\"@id\":\"https:\/\/www.gvs.com.br\/safety\/2025\/01\/12\/equipamento-de-protecao-respiratoria\/\"},\"author\":{\"name\":\"admin-gvs\",\"@id\":\"https:\/\/www.gvs.com.br\/safety\/#\/schema\/person\/08f0e38941dafa538ee5706ec48fe5a1\"},\"headline\":\"Equipamento de prote\u00e7\u00e3o respirat\u00f3ria: tudo o que voc\u00ea precisa saber para escolher corretamente\",\"datePublished\":\"2025-01-12T17:18:00+00:00\",\"dateModified\":\"2025-09-11T17:35:35+00:00\",\"mainEntityOfPage\":{\"@id\":\"https:\/\/www.gvs.com.br\/safety\/2025\/01\/12\/equipamento-de-protecao-respiratoria\/\"},\"wordCount\":1346,\"commentCount\":0,\"publisher\":{\"@id\":\"https:\/\/www.gvs.com.br\/safety\/#organization\"},\"image\":{\"@id\":\"https:\/\/www.gvs.com.br\/safety\/2025\/01\/12\/equipamento-de-protecao-respiratoria\/#primaryimage\"},\"thumbnailUrl\":\"https:\/\/www.gvs.com.br\/safety\/wp-content\/uploads\/2025\/09\/topo-gvs-safety-1-1-1.png\",\"keywords\":[\"Elipse\",\"Produtos GVS\",\"Prote\u00e7\u00e3o Respirat\u00f3ria\",\"Safety\"],\"articleSection\":[\"Safety\"],\"inLanguage\":\"pt-BR\",\"potentialAction\":[{\"@type\":\"CommentAction\",\"name\":\"Comment\",\"target\":[\"https:\/\/www.gvs.com.br\/safety\/2025\/01\/12\/equipamento-de-protecao-respiratoria\/#respond\"]}]},{\"@type\":\"WebPage\",\"@id\":\"https:\/\/www.gvs.com.br\/safety\/2025\/01\/12\/equipamento-de-protecao-respiratoria\/\",\"url\":\"https:\/\/www.gvs.com.br\/safety\/2025\/01\/12\/equipamento-de-protecao-respiratoria\/\",\"name\":\"Equipamento de prote\u00e7\u00e3o respirat\u00f3ria\",\"isPartOf\":{\"@id\":\"https:\/\/www.gvs.com.br\/safety\/#website\"},\"primaryImageOfPage\":{\"@id\":\"https:\/\/www.gvs.com.br\/safety\/2025\/01\/12\/equipamento-de-protecao-respiratoria\/#primaryimage\"},\"image\":{\"@id\":\"https:\/\/www.gvs.com.br\/safety\/2025\/01\/12\/equipamento-de-protecao-respiratoria\/#primaryimage\"},\"thumbnailUrl\":\"https:\/\/www.gvs.com.br\/safety\/wp-content\/uploads\/2025\/09\/topo-gvs-safety-1-1-1.png\",\"datePublished\":\"2025-01-12T17:18:00+00:00\",\"dateModified\":\"2025-09-11T17:35:35+00:00\",\"description\":\"Equipamento de prote\u00e7\u00e3o respirat\u00f3ria: tudo o que voc\u00ea precisa saber para escolher corretamente. Descubra quais informa\u00e7\u00f5es s\u00e3o necess\u00e1rias no momento da compra.\",\"breadcrumb\":{\"@id\":\"https:\/\/www.gvs.com.br\/safety\/2025\/01\/12\/equipamento-de-protecao-respiratoria\/#breadcrumb\"},\"inLanguage\":\"pt-BR\",\"potentialAction\":[{\"@type\":\"ReadAction\",\"target\":[\"https:\/\/www.gvs.com.br\/safety\/2025\/01\/12\/equipamento-de-protecao-respiratoria\/\"]}]},{\"@type\":\"ImageObject\",\"inLanguage\":\"pt-BR\",\"@id\":\"https:\/\/www.gvs.com.br\/safety\/2025\/01\/12\/equipamento-de-protecao-respiratoria\/#primaryimage\",\"url\":\"https:\/\/www.gvs.com.br\/safety\/wp-content\/uploads\/2025\/09\/topo-gvs-safety-1-1-1.png\",\"contentUrl\":\"https:\/\/www.gvs.com.br\/safety\/wp-content\/uploads\/2025\/09\/topo-gvs-safety-1-1-1.png\",\"width\":1123,\"height\":633},{\"@type\":\"BreadcrumbList\",\"@id\":\"https:\/\/www.gvs.com.br\/safety\/2025\/01\/12\/equipamento-de-protecao-respiratoria\/#breadcrumb\",\"itemListElement\":[{\"@type\":\"ListItem\",\"position\":1,\"name\":\"In\u00edcio\",\"item\":\"https:\/\/www.gvs.com.br\/safety\/\"},{\"@type\":\"ListItem\",\"position\":2,\"name\":\"Equipamento de prote\u00e7\u00e3o respirat\u00f3ria: tudo o que voc\u00ea precisa saber para escolher corretamente\"}]},{\"@type\":\"WebSite\",\"@id\":\"https:\/\/www.gvs.com.br\/safety\/#website\",\"url\":\"https:\/\/www.gvs.com.br\/safety\/\",\"name\":\"Safety\",\"description\":\"\",\"publisher\":{\"@id\":\"https:\/\/www.gvs.com.br\/safety\/#organization\"},\"potentialAction\":[{\"@type\":\"SearchAction\",\"target\":{\"@type\":\"EntryPoint\",\"urlTemplate\":\"https:\/\/www.gvs.com.br\/safety\/?s={search_term_string}\"},\"query-input\":{\"@type\":\"PropertyValueSpecification\",\"valueRequired\":true,\"valueName\":\"search_term_string\"}}],\"inLanguage\":\"pt-BR\"},{\"@type\":\"Organization\",\"@id\":\"https:\/\/www.gvs.com.br\/safety\/#organization\",\"name\":\"Safety\",\"url\":\"https:\/\/www.gvs.com.br\/safety\/\",\"logo\":{\"@type\":\"ImageObject\",\"inLanguage\":\"pt-BR\",\"@id\":\"https:\/\/www.gvs.com.br\/safety\/#\/schema\/logo\/image\/\",\"url\":\"https:\/\/www.gvs.com.br\/safety\/wp-content\/uploads\/2024\/12\/Logo-GVS-Safety.png\",\"contentUrl\":\"https:\/\/www.gvs.com.br\/safety\/wp-content\/uploads\/2024\/12\/Logo-GVS-Safety.png\",\"width\":1920,\"height\":1080,\"caption\":\"Safety\"},\"image\":{\"@id\":\"https:\/\/www.gvs.com.br\/safety\/#\/schema\/logo\/image\/\"}},{\"@type\":\"Person\",\"@id\":\"https:\/\/www.gvs.com.br\/safety\/#\/schema\/person\/08f0e38941dafa538ee5706ec48fe5a1\",\"name\":\"admin-gvs\",\"image\":{\"@type\":\"ImageObject\",\"inLanguage\":\"pt-BR\",\"@id\":\"https:\/\/secure.gravatar.com\/avatar\/753807cf2c24e7c5051446eb4fc6c55657714e911f26a29329d9dc501ae35121?s=96&d=mm&r=g\",\"url\":\"https:\/\/secure.gravatar.com\/avatar\/753807cf2c24e7c5051446eb4fc6c55657714e911f26a29329d9dc501ae35121?s=96&d=mm&r=g\",\"contentUrl\":\"https:\/\/secure.gravatar.com\/avatar\/753807cf2c24e7c5051446eb4fc6c55657714e911f26a29329d9dc501ae35121?s=96&d=mm&r=g\",\"caption\":\"admin-gvs\"},\"url\":\"https:\/\/www.gvs.com.br\/safety\/author\/admin-gvs\/\"}]}<\/script>\n<!-- \/ Yoast SEO plugin. -->","yoast_head_json":{"title":"Equipamento de prote\u00e7\u00e3o respirat\u00f3ria","description":"Equipamento de prote\u00e7\u00e3o respirat\u00f3ria: tudo o que voc\u00ea precisa saber para escolher corretamente. Descubra quais informa\u00e7\u00f5es s\u00e3o necess\u00e1rias no momento da compra.","robots":{"index":"index","follow":"follow","max-snippet":"max-snippet:-1","max-image-preview":"max-image-preview:large","max-video-preview":"max-video-preview:-1"},"canonical":"https:\/\/www.gvs.com.br\/safety\/2025\/01\/12\/equipamento-de-protecao-respiratoria\/","og_locale":"pt_BR","og_type":"article","og_title":"Equipamento de prote\u00e7\u00e3o respirat\u00f3ria","og_description":"Equipamento de prote\u00e7\u00e3o respirat\u00f3ria: tudo o que voc\u00ea precisa saber para escolher corretamente. Descubra quais informa\u00e7\u00f5es s\u00e3o necess\u00e1rias no momento da compra.","og_url":"https:\/\/www.gvs.com.br\/safety\/2025\/01\/12\/equipamento-de-protecao-respiratoria\/","og_site_name":"Safety","article_published_time":"2025-01-12T17:18:00+00:00","article_modified_time":"2025-09-11T17:35:35+00:00","og_image":[{"width":1123,"height":633,"url":"https:\/\/www.gvs.com.br\/safety\/wp-content\/uploads\/2025\/09\/topo-gvs-safety-1-1-1.png","type":"image\/png"}],"author":"admin-gvs","twitter_card":"summary_large_image","twitter_misc":{"Escrito por":"admin-gvs","Est. tempo de leitura":"8 minutos"},"schema":{"@context":"https:\/\/schema.org","@graph":[{"@type":"Article","@id":"https:\/\/www.gvs.com.br\/safety\/2025\/01\/12\/equipamento-de-protecao-respiratoria\/#article","isPartOf":{"@id":"https:\/\/www.gvs.com.br\/safety\/2025\/01\/12\/equipamento-de-protecao-respiratoria\/"},"author":{"name":"admin-gvs","@id":"https:\/\/www.gvs.com.br\/safety\/#\/schema\/person\/08f0e38941dafa538ee5706ec48fe5a1"},"headline":"Equipamento de prote\u00e7\u00e3o respirat\u00f3ria: tudo o que voc\u00ea precisa saber para escolher corretamente","datePublished":"2025-01-12T17:18:00+00:00","dateModified":"2025-09-11T17:35:35+00:00","mainEntityOfPage":{"@id":"https:\/\/www.gvs.com.br\/safety\/2025\/01\/12\/equipamento-de-protecao-respiratoria\/"},"wordCount":1346,"commentCount":0,"publisher":{"@id":"https:\/\/www.gvs.com.br\/safety\/#organization"},"image":{"@id":"https:\/\/www.gvs.com.br\/safety\/2025\/01\/12\/equipamento-de-protecao-respiratoria\/#primaryimage"},"thumbnailUrl":"https:\/\/www.gvs.com.br\/safety\/wp-content\/uploads\/2025\/09\/topo-gvs-safety-1-1-1.png","keywords":["Elipse","Produtos GVS","Prote\u00e7\u00e3o Respirat\u00f3ria","Safety"],"articleSection":["Safety"],"inLanguage":"pt-BR","potentialAction":[{"@type":"CommentAction","name":"Comment","target":["https:\/\/www.gvs.com.br\/safety\/2025\/01\/12\/equipamento-de-protecao-respiratoria\/#respond"]}]},{"@type":"WebPage","@id":"https:\/\/www.gvs.com.br\/safety\/2025\/01\/12\/equipamento-de-protecao-respiratoria\/","url":"https:\/\/www.gvs.com.br\/safety\/2025\/01\/12\/equipamento-de-protecao-respiratoria\/","name":"Equipamento de prote\u00e7\u00e3o respirat\u00f3ria","isPartOf":{"@id":"https:\/\/www.gvs.com.br\/safety\/#website"},"primaryImageOfPage":{"@id":"https:\/\/www.gvs.com.br\/safety\/2025\/01\/12\/equipamento-de-protecao-respiratoria\/#primaryimage"},"image":{"@id":"https:\/\/www.gvs.com.br\/safety\/2025\/01\/12\/equipamento-de-protecao-respiratoria\/#primaryimage"},"thumbnailUrl":"https:\/\/www.gvs.com.br\/safety\/wp-content\/uploads\/2025\/09\/topo-gvs-safety-1-1-1.png","datePublished":"2025-01-12T17:18:00+00:00","dateModified":"2025-09-11T17:35:35+00:00","description":"Equipamento de prote\u00e7\u00e3o respirat\u00f3ria: tudo o que voc\u00ea precisa saber para escolher corretamente. Descubra quais informa\u00e7\u00f5es s\u00e3o necess\u00e1rias no momento da compra.","breadcrumb":{"@id":"https:\/\/www.gvs.com.br\/safety\/2025\/01\/12\/equipamento-de-protecao-respiratoria\/#breadcrumb"},"inLanguage":"pt-BR","potentialAction":[{"@type":"ReadAction","target":["https:\/\/www.gvs.com.br\/safety\/2025\/01\/12\/equipamento-de-protecao-respiratoria\/"]}]},{"@type":"ImageObject","inLanguage":"pt-BR","@id":"https:\/\/www.gvs.com.br\/safety\/2025\/01\/12\/equipamento-de-protecao-respiratoria\/#primaryimage","url":"https:\/\/www.gvs.com.br\/safety\/wp-content\/uploads\/2025\/09\/topo-gvs-safety-1-1-1.png","contentUrl":"https:\/\/www.gvs.com.br\/safety\/wp-content\/uploads\/2025\/09\/topo-gvs-safety-1-1-1.png","width":1123,"height":633},{"@type":"BreadcrumbList","@id":"https:\/\/www.gvs.com.br\/safety\/2025\/01\/12\/equipamento-de-protecao-respiratoria\/#breadcrumb","itemListElement":[{"@type":"ListItem","position":1,"name":"In\u00edcio","item":"https:\/\/www.gvs.com.br\/safety\/"},{"@type":"ListItem","position":2,"name":"Equipamento de prote\u00e7\u00e3o respirat\u00f3ria: tudo o que voc\u00ea precisa saber para escolher corretamente"}]},{"@type":"WebSite","@id":"https:\/\/www.gvs.com.br\/safety\/#website","url":"https:\/\/www.gvs.com.br\/safety\/","name":"Safety","description":"","publisher":{"@id":"https:\/\/www.gvs.com.br\/safety\/#organization"},"potentialAction":[{"@type":"SearchAction","target":{"@type":"EntryPoint","urlTemplate":"https:\/\/www.gvs.com.br\/safety\/?s={search_term_string}"},"query-input":{"@type":"PropertyValueSpecification","valueRequired":true,"valueName":"search_term_string"}}],"inLanguage":"pt-BR"},{"@type":"Organization","@id":"https:\/\/www.gvs.com.br\/safety\/#organization","name":"Safety","url":"https:\/\/www.gvs.com.br\/safety\/","logo":{"@type":"ImageObject","inLanguage":"pt-BR","@id":"https:\/\/www.gvs.com.br\/safety\/#\/schema\/logo\/image\/","url":"https:\/\/www.gvs.com.br\/safety\/wp-content\/uploads\/2024\/12\/Logo-GVS-Safety.png","contentUrl":"https:\/\/www.gvs.com.br\/safety\/wp-content\/uploads\/2024\/12\/Logo-GVS-Safety.png","width":1920,"height":1080,"caption":"Safety"},"image":{"@id":"https:\/\/www.gvs.com.br\/safety\/#\/schema\/logo\/image\/"}},{"@type":"Person","@id":"https:\/\/www.gvs.com.br\/safety\/#\/schema\/person\/08f0e38941dafa538ee5706ec48fe5a1","name":"admin-gvs","image":{"@type":"ImageObject","inLanguage":"pt-BR","@id":"https:\/\/secure.gravatar.com\/avatar\/753807cf2c24e7c5051446eb4fc6c55657714e911f26a29329d9dc501ae35121?s=96&d=mm&r=g","url":"https:\/\/secure.gravatar.com\/avatar\/753807cf2c24e7c5051446eb4fc6c55657714e911f26a29329d9dc501ae35121?s=96&d=mm&r=g","contentUrl":"https:\/\/secure.gravatar.com\/avatar\/753807cf2c24e7c5051446eb4fc6c55657714e911f26a29329d9dc501ae35121?s=96&d=mm&r=g","caption":"admin-gvs"},"url":"https:\/\/www.gvs.com.br\/safety\/author\/admin-gvs\/"}]}},"uagb_featured_image_src":{"full":["https:\/\/www.gvs.com.br\/safety\/wp-content\/uploads\/2025\/09\/topo-gvs-safety-1-1-1.png",1123,633,false],"thumbnail":["https:\/\/www.gvs.com.br\/safety\/wp-content\/uploads\/2025\/09\/topo-gvs-safety-1-1-1-150x150.png",150,150,true],"medium":["https:\/\/www.gvs.com.br\/safety\/wp-content\/uploads\/2025\/09\/topo-gvs-safety-1-1-1-300x169.png",300,169,true],"medium_large":["https:\/\/www.gvs.com.br\/safety\/wp-content\/uploads\/2025\/09\/topo-gvs-safety-1-1-1-768x433.png",768,433,true],"large":["https:\/\/www.gvs.com.br\/safety\/wp-content\/uploads\/2025\/09\/topo-gvs-safety-1-1-1-1024x577.png",1024,577,true],"1536x1536":["https:\/\/www.gvs.com.br\/safety\/wp-content\/uploads\/2025\/09\/topo-gvs-safety-1-1-1.png",1123,633,false],"2048x2048":["https:\/\/www.gvs.com.br\/safety\/wp-content\/uploads\/2025\/09\/topo-gvs-safety-1-1-1.png",1123,633,false]},"uagb_author_info":{"display_name":"admin-gvs","author_link":"https:\/\/www.gvs.com.br\/safety\/author\/admin-gvs\/"},"uagb_comment_info":0,"uagb_excerpt":"Equipamento de prote\u00e7\u00e3o respirat\u00f3ria: tudo o que voc\u00ea precisa saber para escolher corretamente Descubra quais informa\u00e7\u00f5es s\u00e3o necess\u00e1rias no momento [&hellip;]","_links":{"self":[{"href":"https:\/\/www.gvs.com.br\/safety\/wp-json\/wp\/v2\/posts\/2920","targetHints":{"allow":["GET"]}}],"collection":[{"href":"https:\/\/www.gvs.com.br\/safety\/wp-json\/wp\/v2\/posts"}],"about":[{"href":"https:\/\/www.gvs.com.br\/safety\/wp-json\/wp\/v2\/types\/post"}],"author":[{"embeddable":true,"href":"https:\/\/www.gvs.com.br\/safety\/wp-json\/wp\/v2\/users\/2"}],"replies":[{"embeddable":true,"href":"https:\/\/www.gvs.com.br\/safety\/wp-json\/wp\/v2\/comments?post=2920"}],"version-history":[{"count":1,"href":"https:\/\/www.gvs.com.br\/safety\/wp-json\/wp\/v2\/posts\/2920\/revisions"}],"predecessor-version":[{"id":2931,"href":"https:\/\/www.gvs.com.br\/safety\/wp-json\/wp\/v2\/posts\/2920\/revisions\/2931"}],"wp:featuredmedia":[{"embeddable":true,"href":"https:\/\/www.gvs.com.br\/safety\/wp-json\/wp\/v2\/media\/2929"}],"wp:attachment":[{"href":"https:\/\/www.gvs.com.br\/safety\/wp-json\/wp\/v2\/media?parent=2920"}],"wp:term":[{"taxonomy":"category","embeddable":true,"href":"https:\/\/www.gvs.com.br\/safety\/wp-json\/wp\/v2\/categories?post=2920"},{"taxonomy":"post_tag","embeddable":true,"href":"https:\/\/www.gvs.com.br\/safety\/wp-json\/wp\/v2\/tags?post=2920"}],"curies":[{"name":"wp","href":"https:\/\/api.w.org\/{rel}","templated":true}]}}