{"id":2919,"date":"2025-01-12T17:18:00","date_gmt":"2025-01-12T17:18:00","guid":{"rendered":"https:\/\/www.gvs.com.br\/safety\/?p=2919"},"modified":"2025-09-11T17:47:46","modified_gmt":"2025-09-11T17:47:46","slug":"evite-doencas-respiratorias-nos-colaboradores-da-sua-empresa","status":"publish","type":"post","link":"https:\/\/www.gvs.com.br\/safety\/2025\/01\/12\/evite-doencas-respiratorias-nos-colaboradores-da-sua-empresa\/","title":{"rendered":"Como evitar doen\u00e7as respirat\u00f3rias nos colaboradores da sua empresa?"},"content":{"rendered":"\n<div class=\"wp-block-uagb-container uagb-block-2d8af228 alignfull uagb-is-root-container\"><div class=\"uagb-container-inner-blocks-wrap\">\n<div class=\"wp-block-uagb-advanced-heading uagb-block-88fad113\"><h2 class=\"uagb-heading-text\">Como evitar doen\u00e7as respirat\u00f3rias nos <br>colaboradores da sua empresa?<\/h2><\/div>\n\n\n\n<p class=\"has-ast-global-color-5-color has-text-color has-link-color wp-elements-52d1b423f43e9c01278706aa38c5d136\"><strong>Veja dicas para poupar seus funcion\u00e1rios de complica\u00e7\u00f5es futuras<\/strong><\/p>\n<\/div><\/div>\n\n\n\n<p><\/p>\n\n\n\n<p>Pensar na sa\u00fade de seus colaboradores e nas doen\u00e7as respirat\u00f3rias, \u00e9 essencial para o bom desenvolvimento do relacionamento, produ\u00e7\u00e3o e at\u00e9 mesmo financeiro.<\/p>\n\n\n\n<p>Sendo assim, valorizando os trabalhadores que fazem sua empresa funcionar, voc\u00ea estar\u00e1 valorizando o esfor\u00e7o e a dedica\u00e7\u00e3o que levaram a resultados.<\/p>\n\n\n\n<p>Dessa forma, o ambiente trabalhista ao qual pertence, ficar\u00e1 mais cheio de vida, resultando em mais produtividade, efici\u00eancia e afeto.<\/p>\n\n\n\n<p>Por isso, confira algumas dicas e orienta\u00e7\u00f5es de como evitar esse tipo de doen\u00e7a, e construa um ambiente profissional adequado e seguro para todos.<\/p>\n\n\n\n<h2 class=\"wp-block-heading\">O que causa doen\u00e7as respirat\u00f3rias?<\/h2>\n\n\n\n<p>Certamente, muitos s\u00e3o os fatores que podem contribuir para o desenvolvimento de uma doen\u00e7a respirat\u00f3ria.<\/p>\n\n\n\n<p>Muitas vezes, a solu\u00e7\u00e3o completa \u00e9 quase imposs\u00edvel, porque depende de fatores naturais, como por exemplo: o tempo seco, baixa umidade e varia\u00e7\u00e3o de temperatura. Sobretudo nas grandes cidades, onde a polui\u00e7\u00e3o prevalece, dificultando uma solu\u00e7\u00e3o concreta.<\/p>\n\n\n\n<p>Assim sendo, as doen\u00e7as respirat\u00f3rias tendem a aumentar drasticamente, mas voc\u00ea precisa ficar atento \u00e0s insalubridades que sua empresa pode estar concedendo.<\/p>\n\n\n\n<p>Confira abaixo, alguns fatores que podem contribuir para o desenvolvimento de uma doen\u00e7a respirat\u00f3ria:<\/p>\n\n\n\n<h3 class=\"wp-block-heading\">Infec\u00e7\u00f5es virais<\/h3>\n\n\n\n<p>Em primeiro lugar, est\u00e3o as infec\u00e7\u00f5es virais. Elas, atacam \u00f3rg\u00e3os do sistema respirat\u00f3rio, causando inflama\u00e7\u00f5es nos br\u00f4nquios, vias a\u00e9reas e pulm\u00f5es.<\/p>\n\n\n\n<h3 class=\"wp-block-heading\">Polui\u00e7\u00e3o e tabagismo<\/h3>\n\n\n\n<p>N\u00e3o \u00e9 novidade para ningu\u00e9m que o v\u00edcio em cigarros pode provocar muitas complica\u00e7\u00f5es de sa\u00fade conforme o tempo passa.<\/p>\n\n\n\n<p>S\u00e3o algumas delas: tuberculose, infec\u00e7\u00f5es respirat\u00f3rias, \u00falcera gastrintestinal, impot\u00eancia sexual, infertilidade em mulheres e homens, osteoporose, catarata, c\u00e2ncer de pulm\u00e3o, c\u00e2ncer de garganta, entre outros.<\/p>\n\n\n\n<p>Assim, na polui\u00e7\u00e3o, existem subst\u00e2ncias t\u00f3xicas que podem danificar o sistema respirat\u00f3rio, causando inflama\u00e7\u00f5es e reduzindo a movimenta\u00e7\u00e3o dos c\u00edlios que temos no revestimento de todo o trato respirat\u00f3rio.<\/p>\n\n\n\n<h3 class=\"wp-block-heading\">\u00c1caros e pelos de animais<\/h3>\n\n\n\n<p>\u00c0s vezes, alguns organismos presentes em ambientes dom\u00e9sticos, podem trazer alergias que desencadeiam em doen\u00e7as respirat\u00f3rias.<\/p>\n\n\n\n<h3 class=\"wp-block-heading\">Ambientes secos e sem ventila\u00e7\u00e3o<\/h3>\n\n\n\n<p>Em contrapartida, a n\u00e3o circula\u00e7\u00e3o de ar em ambientes fechados, pode gerar por consequ\u00eancia, doen\u00e7as respirat\u00f3rias. E quando esses ambientes mesclam com a falta de umidade, isso torna o ar dif\u00edcil de respirar, afinal, podem desenvolver a prolifera\u00e7\u00e3o de bact\u00e9rias.<\/p>\n\n\n\n<h3 class=\"wp-block-heading\">Neglig\u00eancia de hidrata\u00e7\u00e3o e alimenta\u00e7\u00e3o<\/h3>\n\n\n\n<p>Em princ\u00edpio, uma pessoa que n\u00e3o cuida de sua alimenta\u00e7\u00e3o, e tamb\u00e9m n\u00e3o ingere a quantidade de \u00e1gua que o corpo humano precisa, \u00e9 muito mais propicia a ficar exposta e vulner\u00e1vel a contrair uma doen\u00e7a respirat\u00f3ria.<\/p>\n\n\n\n<h2 class=\"wp-block-heading\">Quais os riscos no ambiente de trabalho?<\/h2>\n\n\n\n<p>As partes sens\u00edveis do corpo humano s\u00e3o constitu\u00eddas pela boca e vias a\u00e9reas, compostas pelas cavidades nasais.<\/p>\n\n\n\n<p>Por isso, riscos ambientais, como produtos qu\u00edmicos e part\u00edculas, podem causar uma certa sensibilidade nessas \u00e1reas.<\/p>\n\n\n\n<p>Contudo, n\u00e3o \u00e9 s\u00f3 isso! Alguns microrganismos, poeira, gases e outros fatores quando inalados, podem colocar em risco a sa\u00fade do funcion\u00e1rio.<\/p>\n\n\n\n<h2 class=\"wp-block-heading\">Como identificar doen\u00e7as respirat\u00f3rias?<\/h2>\n\n\n\n<p>A maneira mais f\u00e1cil de identificar se uma pessoa est\u00e1 com alguma doen\u00e7a respirat\u00f3ria, \u00e9 com base nos sintomas que ela est\u00e1 sentindo. Dessa maneira, pode-se fazer uma pequena avalia\u00e7\u00e3o primordial para identificar o problema.<\/p>\n\n\n\n<p>Alguns dos sintomas mais comuns s\u00e3o:<\/p>\n\n\n\n<ul class=\"wp-block-list\">\n<li>Febre repentina;<\/li>\n\n\n\n<li>Tosse moderada;<\/li>\n\n\n\n<li>Dor de cabe\u00e7a;<\/li>\n\n\n\n<li>Dor de Garganta;<\/li>\n\n\n\n<li>Dores nas juntas e articula\u00e7\u00f5es;<\/li>\n\n\n\n<li>Falta de Ar;<\/li>\n\n\n\n<li>Cansa\u00e7o ou Fadiga;<\/li>\n\n\n\n<li>Calafrios.\u00a0<\/li>\n<\/ul>\n\n\n\n<figure class=\"wp-block-image aligncenter size-large\"><img loading=\"lazy\" decoding=\"async\" width=\"1024\" height=\"323\" src=\"https:\/\/www.gvs.com.br\/safety\/wp-content\/uploads\/2025\/01\/meio-gvs-safety-3-1024x323.png\" alt=\"\" class=\"wp-image-2937\" srcset=\"https:\/\/www.gvs.com.br\/safety\/wp-content\/uploads\/2025\/01\/meio-gvs-safety-3-1024x323.png 1024w, https:\/\/www.gvs.com.br\/safety\/wp-content\/uploads\/2025\/01\/meio-gvs-safety-3-300x95.png 300w, https:\/\/www.gvs.com.br\/safety\/wp-content\/uploads\/2025\/01\/meio-gvs-safety-3-768x242.png 768w, https:\/\/www.gvs.com.br\/safety\/wp-content\/uploads\/2025\/01\/meio-gvs-safety-3.png 1110w\" sizes=\"auto, (max-width: 1024px) 100vw, 1024px\" \/><\/figure>\n\n\n\n<h2 class=\"wp-block-heading\">Como posso prevenir doen\u00e7as respirat\u00f3rias?<\/h2>\n\n\n\n<p>Em outras palavras, para realizar uma boa seguran\u00e7a do trabalho e cuidar de seus colaboradores, voc\u00ea precisa oferecer alguns cuidados essenciais para a sua qualidade de vida.<\/p>\n\n\n\n<p>Portanto, seguem algumas recomenda\u00e7\u00f5es para serem utilizadas e executadas em sua empresa.<\/p>\n\n\n\n<h3 class=\"wp-block-heading\">1.Utilize equipamentos de prote\u00e7\u00e3o adequados<\/h3>\n\n\n\n<p>Um dos pontos, se n\u00e3o o mais importante para toda empresa que precisa cuidar da sa\u00fade de seus colaboradores, \u00e9 a utiliza\u00e7\u00e3o de equipamentos que possuem a fun\u00e7\u00e3o de prote\u00e7\u00e3o, principalmente a respirat\u00f3ria.<\/p>\n\n\n\n<h3 class=\"wp-block-heading\">2.Conceda a higieniza\u00e7\u00e3o das m\u00e3os e do ambiente<\/h3>\n\n\n\n<p>Sem d\u00favida, executar regularmente a limpeza do ambiente de trabalho, diminui as chances da prolifera\u00e7\u00e3o de bact\u00e9rias que podem danificar os sistemas respirat\u00f3rios. Em seguida, \u00e9 importante manter uma rotina de higieniza\u00e7\u00e3o de m\u00e3os, ent\u00e3o, sempre disponibilize os produtos para tal.<\/p>\n\n\n\n<h3 class=\"wp-block-heading\">3.Conscientize seus funcion\u00e1rios<\/h3>\n\n\n\n<p>Por fim, um outro fator que \u00e9 imprescind\u00edvel para a preven\u00e7\u00e3o de doen\u00e7as respirat\u00f3rias, \u00e9 a conscientiza\u00e7\u00e3o geral da equipe.<\/p>\n\n\n\n<p>Realizando essa tarefa, ficar\u00e1 mais f\u00e1cil a conviv\u00eancia e o cumprimento das regras da empresa.<\/p>\n\n\n\n<h2 class=\"wp-block-heading\">Evitando doen\u00e7as respirat\u00f3rias voc\u00ea evita problemas<\/h2>\n\n\n\n<p>Ao evitar que seus trabalhadores desenvolvam algum tipo de problema de sa\u00fade, voc\u00ea estar\u00e1 evitando, tamb\u00e9m, problemas burocr\u00e1ticos trabalhistas.<\/p>\n\n\n\n<p>Al\u00e9m disso, n\u00e3o precisar\u00e1 arcar com muitas outras consequ\u00eancias de submeter pessoas em trabalhos perigosos e prejudiciais \u00e0 sa\u00fade.<\/p>\n\n\n\n<p>Sendo assim, a rela\u00e7\u00e3o entre empregador e contratado ficar\u00e1 mais harmoniosa, trazendo muitos outros benef\u00edcios para diversas \u00e1reas de sua empresa.<\/p>\n\n\n\n<h2 class=\"wp-block-heading\">Equipamentos de prote\u00e7\u00e3o respirat\u00f3ria<\/h2>\n\n\n\n<p>Acima de tudo, o ideal e mais recomendado \u00e9 que voc\u00ea invista em equipamentos de prote\u00e7\u00e3o respirat\u00f3ria.<\/p>\n\n\n\n<p>Eles, far\u00e3o com que o seu ambiente trabalhista se torne mais seguro e tecnol\u00f3gico, servindo de exemplo para v\u00e1rios outros no ramo.<\/p>\n\n\n\n<p>Dessa maneira, o trabalho ser\u00e1 desenvolvido da melhor forma, porque os funcion\u00e1rios v\u00e3o se sentir seguros e cuidados.<\/p>\n\n\n\n<h2 class=\"wp-block-heading\">Conte com a GVS!<\/h2>\n\n\n\n<p>A GVS est\u00e1 h\u00e1 muitos anos no mercado desenvolvendo e produzindo filtros para purifica\u00e7\u00e3o do ar.<\/p>\n\n\n\n<p>Em virtude de seu melhor desenvolvimento, temos muitos produtos que podem ajudar numa nova etapa de preven\u00e7\u00e3o contra doen\u00e7as respirat\u00f3rias. Sua empresa precisa adquirir um de nossos produtos!<\/p>\n\n\n\n<p>Trabalhamos com microfiltra\u00e7\u00e3o, microbiologia, monitoramento de ar, biologia molecular, filtra\u00e7\u00e3o, sistema de filtra\u00e7\u00e3o est\u00e9ril e muito mais.<\/p>\n\n\n\n<p>Tudo para proporcionarmos \u00e0 sua empresa, a melhor solu\u00e7\u00e3o de purifica\u00e7\u00e3o de ar poss\u00edvel.<\/p>\n\n\n\n<p>Por isso,\u00a0<a href=\"https:\/\/www.gvs.com.br\/safety\/produtos\/\" target=\"_blank\" rel=\"noreferrer noopener\">acesse agora a nossa p\u00e1gina de produtos<\/a>\u00a0e escolha a melhor op\u00e7\u00e3o para voc\u00ea.<\/p>\n\n\n\n<p><a href=\"https:\/\/www.gvs.com.br\/safety\/blog\/\" target=\"_blank\" rel=\"noreferrer noopener\">Continue acompanhando nosso blog<\/a>\u00a0e confira mais sobre o assunto! Estamos aqui para prover mais detalhes e te orientar em suas decis\u00f5es.<\/p>\n\n\n\n<div class=\"wp-block-uagb-separator uagb-block-12928a3d\"><div class=\"uagb-separator-spacing-wrapper\"><div class=\"wp-block-uagb-separator__inner\" style=\"--my-background-image:\"><\/div><\/div><\/div>\n\n\n\n<div class=\"wp-block-uagb-advanced-heading uagb-block-37689345\"><h2 class=\"uagb-heading-text\"><strong>Acreditamos em proteger voc\u00ea para os melhores momentos da vida!<\/strong><\/h2><\/div>\n\n\n\n<p>Criamos solu\u00e7\u00f5es de prote\u00e7\u00e3o respirat\u00f3ria que tornam voc\u00ea e sua equipe mais seguros, para que todos possam voltar para casa no final de cada dia, seguros, saud\u00e1veis e capazes de fazer aquilo que mais importa.<\/p>\n\n\n\n<div class=\"wp-block-uagb-separator uagb-block-b8b79ce8\"><div class=\"uagb-separator-spacing-wrapper\"><div class=\"wp-block-uagb-separator__inner\" style=\"--my-background-image:\"><\/div><\/div><\/div>\n\n\n\n<div class=\"wp-block-uagb-call-to-action uagb-block-e6f6b3df wp-block-button\"><div class=\"uagb-cta__wrap\"><h3 class=\"uagb-cta__title\">Fale com a gente!<\/h3><p class=\"uagb-cta__desc\">Entre em contato com o nosso time hoje mesmo, esclare\u00e7a as suas d\u00favidas e&nbsp;<strong>solicite a sua cota\u00e7\u00e3o!<\/strong><\/p><\/div><div class=\"uagb-cta__buttons\"><a href=\"https:\/\/wa.me\/551938797222\" class=\"uagb-cta__button-link-wrapper wp-block-button__link\" target=\"_self\" rel=\"noopener noreferrer\"><svg xmlns=\"https:\/\/www.w3.org\/2000\/svg\" viewBox=\"0 0 448 512\"><path d=\"M380.9 97.1C339 55.1 283.2 32 223.9 32c-122.4 0-222 99.6-222 222 0 39.1 10.2 77.3 29.6 111L0 480l117.7-30.9c32.4 17.7 68.9 27 106.1 27h.1c122.3 0 224.1-99.6 224.1-222 0-59.3-25.2-115-67.1-157zm-157 341.6c-33.2 0-65.7-8.9-94-25.7l-6.7-4-69.8 18.3L72 359.2l-4.4-7c-18.5-29.4-28.2-63.3-28.2-98.2 0-101.7 82.8-184.5 184.6-184.5 49.3 0 95.6 19.2 130.4 54.1 34.8 34.9 56.2 81.2 56.1 130.5 0 101.8-84.9 184.6-186.6 184.6zm101.2-138.2c-5.5-2.8-32.8-16.2-37.9-18-5.1-1.9-8.8-2.8-12.5 2.8-3.7 5.6-14.3 18-17.6 21.8-3.2 3.7-6.5 4.2-12 1.4-32.6-16.3-54-29.1-75.5-66-5.7-9.8 5.7-9.1 16.3-30.3 1.8-3.7 .9-6.9-.5-9.7-1.4-2.8-12.5-30.1-17.1-41.2-4.5-10.8-9.1-9.3-12.5-9.5-3.2-.2-6.9-.2-10.6-.2-3.7 0-9.7 1.4-14.8 6.9-5.1 5.6-19.4 19-19.4 46.3 0 27.3 19.9 53.7 22.6 57.4 2.8 3.7 39.1 59.7 94.8 83.8 35.2 15.2 49 16.5 66.6 13.9 10.7-1.6 32.8-13.4 37.4-26.4 4.6-13 4.6-24.1 3.2-26.4-1.3-2.5-5-3.9-10.5-6.6z\"><\/path><\/svg>WhatsApp<\/a><\/div><\/div>\n\n\n\n<div class=\"wp-block-uagb-separator uagb-block-96e52944\"><div class=\"uagb-separator-spacing-wrapper\"><div class=\"wp-block-uagb-separator__inner\" style=\"--my-background-image:\"><\/div><\/div><\/div>\n\n\n\n<div class=\"wp-block-uagb-call-to-action uagb-block-bf9c28ce wp-block-button\"><div class=\"uagb-cta__wrap\"><h3 class=\"uagb-cta__title\">Fique por dentro das novidades!<\/h3><p class=\"uagb-cta__desc\">Acompanhe nossa jornada de inova\u00e7\u00e3o e saiba mais sobre nossos produtos, acesse <strong>Safety da GVS.<\/strong><\/p><\/div><div class=\"uagb-cta__buttons\"><a href=\"https:\/\/www.gvs.com.br\/safety\" class=\"uagb-cta__button-link-wrapper wp-block-button__link\" target=\"_self\" rel=\"noopener noreferrer\">Acesse o site<\/a><\/div><\/div>\n\n\n\n<p><\/p>\n","protected":false},"excerpt":{"rendered":"<p>Como evitar doen\u00e7as respirat\u00f3rias nos colaboradores da sua empresa? Veja dicas para poupar seus funcion\u00e1rios de complica\u00e7\u00f5es futuras Pensar na [&hellip;]<\/p>\n","protected":false},"author":2,"featured_media":2935,"comment_status":"open","ping_status":"open","sticky":false,"template":"","format":"standard","meta":{"_uag_custom_page_level_css":"","site-sidebar-layout":"default","site-content-layout":"","ast-site-content-layout":"","site-content-style":"default","site-sidebar-style":"default","ast-global-header-display":"","ast-banner-title-visibility":"","ast-main-header-display":"","ast-hfb-above-header-display":"","ast-hfb-below-header-display":"","ast-hfb-mobile-header-display":"","site-post-title":"disabled","ast-breadcrumbs-content":"","ast-featured-img":"","footer-sml-layout":"","ast-disable-related-posts":"","theme-transparent-header-meta":"","adv-header-id-meta":"","stick-header-meta":"","header-above-stick-meta":"","header-main-stick-meta":"","header-below-stick-meta":"","astra-migrate-meta-layouts":"default","ast-page-background-enabled":"default","ast-page-background-meta":{"desktop":{"background-color":"var(--ast-global-color-4)","background-image":"","background-repeat":"repeat","background-position":"center center","background-size":"auto","background-attachment":"scroll","background-type":"","background-media":"","overlay-type":"","overlay-color":"","overlay-opacity":"","overlay-gradient":""},"tablet":{"background-color":"","background-image":"","background-repeat":"repeat","background-position":"center center","background-size":"auto","background-attachment":"scroll","background-type":"","background-media":"","overlay-type":"","overlay-color":"","overlay-opacity":"","overlay-gradient":""},"mobile":{"background-color":"","background-image":"","background-repeat":"repeat","background-position":"center center","background-size":"auto","background-attachment":"scroll","background-type":"","background-media":"","overlay-type":"","overlay-color":"","overlay-opacity":"","overlay-gradient":""}},"ast-content-background-meta":{"desktop":{"background-color":"var(--ast-global-color-5)","background-image":"","background-repeat":"repeat","background-position":"center center","background-size":"auto","background-attachment":"scroll","background-type":"","background-media":"","overlay-type":"","overlay-color":"","overlay-opacity":"","overlay-gradient":""},"tablet":{"background-color":"var(--ast-global-color-5)","background-image":"","background-repeat":"repeat","background-position":"center center","background-size":"auto","background-attachment":"scroll","background-type":"","background-media":"","overlay-type":"","overlay-color":"","overlay-opacity":"","overlay-gradient":""},"mobile":{"background-color":"var(--ast-global-color-5)","background-image":"","background-repeat":"repeat","background-position":"center center","background-size":"auto","background-attachment":"scroll","background-type":"","background-media":"","overlay-type":"","overlay-color":"","overlay-opacity":"","overlay-gradient":""}},"footnotes":""},"categories":[5],"tags":[34,17,15,16],"class_list":["post-2919","post","type-post","status-publish","format-standard","has-post-thumbnail","hentry","category-safety","tag-elipse","tag-produtos-gvs","tag-protecao-respiratoria","tag-safety"],"yoast_head":"<!-- This site is optimized with the Yoast SEO plugin v27.2 - https:\/\/yoast.com\/product\/yoast-seo-wordpress\/ -->\n<title>Evite doen\u00e7as respirat\u00f3rias nos colaboradores da sua empresa<\/title>\n<meta name=\"description\" content=\"Como evitar doen\u00e7as respirat\u00f3rias nos colaboradores da sua empresa? Veja dicas para poupar seus funcion\u00e1rios de complica\u00e7\u00f5es futuras.\" \/>\n<meta name=\"robots\" content=\"index, follow, max-snippet:-1, max-image-preview:large, max-video-preview:-1\" \/>\n<link rel=\"canonical\" href=\"https:\/\/www.gvs.com.br\/safety\/2025\/01\/12\/evite-doencas-respiratorias-nos-colaboradores-da-sua-empresa\/\" \/>\n<meta property=\"og:locale\" content=\"pt_BR\" \/>\n<meta property=\"og:type\" content=\"article\" \/>\n<meta property=\"og:title\" content=\"Evite doen\u00e7as respirat\u00f3rias nos colaboradores da sua empresa\" \/>\n<meta property=\"og:description\" content=\"Como evitar doen\u00e7as respirat\u00f3rias nos colaboradores da sua empresa? Veja dicas para poupar seus funcion\u00e1rios de complica\u00e7\u00f5es futuras.\" \/>\n<meta property=\"og:url\" content=\"https:\/\/www.gvs.com.br\/safety\/2025\/01\/12\/evite-doencas-respiratorias-nos-colaboradores-da-sua-empresa\/\" \/>\n<meta property=\"og:site_name\" content=\"Safety\" \/>\n<meta property=\"article:published_time\" content=\"2025-01-12T17:18:00+00:00\" \/>\n<meta property=\"article:modified_time\" content=\"2025-09-11T17:47:46+00:00\" \/>\n<meta property=\"og:image\" content=\"https:\/\/www.gvs.com.br\/safety\/wp-content\/uploads\/2025\/01\/topo-gvs-safety-3.png\" \/>\n\t<meta property=\"og:image:width\" content=\"1123\" \/>\n\t<meta property=\"og:image:height\" content=\"633\" \/>\n\t<meta property=\"og:image:type\" content=\"image\/png\" \/>\n<meta name=\"author\" content=\"admin-gvs\" \/>\n<meta name=\"twitter:card\" content=\"summary_large_image\" \/>\n<meta name=\"twitter:label1\" content=\"Escrito por\" \/>\n\t<meta name=\"twitter:data1\" content=\"admin-gvs\" \/>\n\t<meta name=\"twitter:label2\" content=\"Est. tempo de leitura\" \/>\n\t<meta name=\"twitter:data2\" content=\"7 minutos\" \/>\n<script type=\"application\/ld+json\" class=\"yoast-schema-graph\">{\"@context\":\"https:\/\/schema.org\",\"@graph\":[{\"@type\":\"Article\",\"@id\":\"https:\/\/www.gvs.com.br\/safety\/2025\/01\/12\/evite-doencas-respiratorias-nos-colaboradores-da-sua-empresa\/#article\",\"isPartOf\":{\"@id\":\"https:\/\/www.gvs.com.br\/safety\/2025\/01\/12\/evite-doencas-respiratorias-nos-colaboradores-da-sua-empresa\/\"},\"author\":{\"name\":\"admin-gvs\",\"@id\":\"https:\/\/www.gvs.com.br\/safety\/#\/schema\/person\/08f0e38941dafa538ee5706ec48fe5a1\"},\"headline\":\"Como evitar doen\u00e7as respirat\u00f3rias nos colaboradores da sua empresa?\",\"datePublished\":\"2025-01-12T17:18:00+00:00\",\"dateModified\":\"2025-09-11T17:47:46+00:00\",\"mainEntityOfPage\":{\"@id\":\"https:\/\/www.gvs.com.br\/safety\/2025\/01\/12\/evite-doencas-respiratorias-nos-colaboradores-da-sua-empresa\/\"},\"wordCount\":1208,\"commentCount\":0,\"publisher\":{\"@id\":\"https:\/\/www.gvs.com.br\/safety\/#organization\"},\"image\":{\"@id\":\"https:\/\/www.gvs.com.br\/safety\/2025\/01\/12\/evite-doencas-respiratorias-nos-colaboradores-da-sua-empresa\/#primaryimage\"},\"thumbnailUrl\":\"https:\/\/www.gvs.com.br\/safety\/wp-content\/uploads\/2025\/01\/topo-gvs-safety-3.png\",\"keywords\":[\"Elipse\",\"Produtos GVS\",\"Prote\u00e7\u00e3o Respirat\u00f3ria\",\"Safety\"],\"articleSection\":[\"Safety\"],\"inLanguage\":\"pt-BR\",\"potentialAction\":[{\"@type\":\"CommentAction\",\"name\":\"Comment\",\"target\":[\"https:\/\/www.gvs.com.br\/safety\/2025\/01\/12\/evite-doencas-respiratorias-nos-colaboradores-da-sua-empresa\/#respond\"]}]},{\"@type\":\"WebPage\",\"@id\":\"https:\/\/www.gvs.com.br\/safety\/2025\/01\/12\/evite-doencas-respiratorias-nos-colaboradores-da-sua-empresa\/\",\"url\":\"https:\/\/www.gvs.com.br\/safety\/2025\/01\/12\/evite-doencas-respiratorias-nos-colaboradores-da-sua-empresa\/\",\"name\":\"Evite doen\u00e7as respirat\u00f3rias nos colaboradores da sua empresa\",\"isPartOf\":{\"@id\":\"https:\/\/www.gvs.com.br\/safety\/#website\"},\"primaryImageOfPage\":{\"@id\":\"https:\/\/www.gvs.com.br\/safety\/2025\/01\/12\/evite-doencas-respiratorias-nos-colaboradores-da-sua-empresa\/#primaryimage\"},\"image\":{\"@id\":\"https:\/\/www.gvs.com.br\/safety\/2025\/01\/12\/evite-doencas-respiratorias-nos-colaboradores-da-sua-empresa\/#primaryimage\"},\"thumbnailUrl\":\"https:\/\/www.gvs.com.br\/safety\/wp-content\/uploads\/2025\/01\/topo-gvs-safety-3.png\",\"datePublished\":\"2025-01-12T17:18:00+00:00\",\"dateModified\":\"2025-09-11T17:47:46+00:00\",\"description\":\"Como evitar doen\u00e7as respirat\u00f3rias nos colaboradores da sua empresa? Veja dicas para poupar seus funcion\u00e1rios de complica\u00e7\u00f5es futuras.\",\"breadcrumb\":{\"@id\":\"https:\/\/www.gvs.com.br\/safety\/2025\/01\/12\/evite-doencas-respiratorias-nos-colaboradores-da-sua-empresa\/#breadcrumb\"},\"inLanguage\":\"pt-BR\",\"potentialAction\":[{\"@type\":\"ReadAction\",\"target\":[\"https:\/\/www.gvs.com.br\/safety\/2025\/01\/12\/evite-doencas-respiratorias-nos-colaboradores-da-sua-empresa\/\"]}]},{\"@type\":\"ImageObject\",\"inLanguage\":\"pt-BR\",\"@id\":\"https:\/\/www.gvs.com.br\/safety\/2025\/01\/12\/evite-doencas-respiratorias-nos-colaboradores-da-sua-empresa\/#primaryimage\",\"url\":\"https:\/\/www.gvs.com.br\/safety\/wp-content\/uploads\/2025\/01\/topo-gvs-safety-3.png\",\"contentUrl\":\"https:\/\/www.gvs.com.br\/safety\/wp-content\/uploads\/2025\/01\/topo-gvs-safety-3.png\",\"width\":1123,\"height\":633},{\"@type\":\"BreadcrumbList\",\"@id\":\"https:\/\/www.gvs.com.br\/safety\/2025\/01\/12\/evite-doencas-respiratorias-nos-colaboradores-da-sua-empresa\/#breadcrumb\",\"itemListElement\":[{\"@type\":\"ListItem\",\"position\":1,\"name\":\"In\u00edcio\",\"item\":\"https:\/\/www.gvs.com.br\/safety\/\"},{\"@type\":\"ListItem\",\"position\":2,\"name\":\"Como evitar doen\u00e7as respirat\u00f3rias nos colaboradores da sua empresa?\"}]},{\"@type\":\"WebSite\",\"@id\":\"https:\/\/www.gvs.com.br\/safety\/#website\",\"url\":\"https:\/\/www.gvs.com.br\/safety\/\",\"name\":\"Safety\",\"description\":\"\",\"publisher\":{\"@id\":\"https:\/\/www.gvs.com.br\/safety\/#organization\"},\"potentialAction\":[{\"@type\":\"SearchAction\",\"target\":{\"@type\":\"EntryPoint\",\"urlTemplate\":\"https:\/\/www.gvs.com.br\/safety\/?s={search_term_string}\"},\"query-input\":{\"@type\":\"PropertyValueSpecification\",\"valueRequired\":true,\"valueName\":\"search_term_string\"}}],\"inLanguage\":\"pt-BR\"},{\"@type\":\"Organization\",\"@id\":\"https:\/\/www.gvs.com.br\/safety\/#organization\",\"name\":\"Safety\",\"url\":\"https:\/\/www.gvs.com.br\/safety\/\",\"logo\":{\"@type\":\"ImageObject\",\"inLanguage\":\"pt-BR\",\"@id\":\"https:\/\/www.gvs.com.br\/safety\/#\/schema\/logo\/image\/\",\"url\":\"https:\/\/www.gvs.com.br\/safety\/wp-content\/uploads\/2024\/12\/Logo-GVS-Safety.png\",\"contentUrl\":\"https:\/\/www.gvs.com.br\/safety\/wp-content\/uploads\/2024\/12\/Logo-GVS-Safety.png\",\"width\":1920,\"height\":1080,\"caption\":\"Safety\"},\"image\":{\"@id\":\"https:\/\/www.gvs.com.br\/safety\/#\/schema\/logo\/image\/\"}},{\"@type\":\"Person\",\"@id\":\"https:\/\/www.gvs.com.br\/safety\/#\/schema\/person\/08f0e38941dafa538ee5706ec48fe5a1\",\"name\":\"admin-gvs\",\"image\":{\"@type\":\"ImageObject\",\"inLanguage\":\"pt-BR\",\"@id\":\"https:\/\/secure.gravatar.com\/avatar\/753807cf2c24e7c5051446eb4fc6c55657714e911f26a29329d9dc501ae35121?s=96&d=mm&r=g\",\"url\":\"https:\/\/secure.gravatar.com\/avatar\/753807cf2c24e7c5051446eb4fc6c55657714e911f26a29329d9dc501ae35121?s=96&d=mm&r=g\",\"contentUrl\":\"https:\/\/secure.gravatar.com\/avatar\/753807cf2c24e7c5051446eb4fc6c55657714e911f26a29329d9dc501ae35121?s=96&d=mm&r=g\",\"caption\":\"admin-gvs\"},\"url\":\"https:\/\/www.gvs.com.br\/safety\/author\/admin-gvs\/\"}]}<\/script>\n<!-- \/ Yoast SEO plugin. -->","yoast_head_json":{"title":"Evite doen\u00e7as respirat\u00f3rias nos colaboradores da sua empresa","description":"Como evitar doen\u00e7as respirat\u00f3rias nos colaboradores da sua empresa? Veja dicas para poupar seus funcion\u00e1rios de complica\u00e7\u00f5es futuras.","robots":{"index":"index","follow":"follow","max-snippet":"max-snippet:-1","max-image-preview":"max-image-preview:large","max-video-preview":"max-video-preview:-1"},"canonical":"https:\/\/www.gvs.com.br\/safety\/2025\/01\/12\/evite-doencas-respiratorias-nos-colaboradores-da-sua-empresa\/","og_locale":"pt_BR","og_type":"article","og_title":"Evite doen\u00e7as respirat\u00f3rias nos colaboradores da sua empresa","og_description":"Como evitar doen\u00e7as respirat\u00f3rias nos colaboradores da sua empresa? Veja dicas para poupar seus funcion\u00e1rios de complica\u00e7\u00f5es futuras.","og_url":"https:\/\/www.gvs.com.br\/safety\/2025\/01\/12\/evite-doencas-respiratorias-nos-colaboradores-da-sua-empresa\/","og_site_name":"Safety","article_published_time":"2025-01-12T17:18:00+00:00","article_modified_time":"2025-09-11T17:47:46+00:00","og_image":[{"width":1123,"height":633,"url":"https:\/\/www.gvs.com.br\/safety\/wp-content\/uploads\/2025\/01\/topo-gvs-safety-3.png","type":"image\/png"}],"author":"admin-gvs","twitter_card":"summary_large_image","twitter_misc":{"Escrito por":"admin-gvs","Est. tempo de leitura":"7 minutos"},"schema":{"@context":"https:\/\/schema.org","@graph":[{"@type":"Article","@id":"https:\/\/www.gvs.com.br\/safety\/2025\/01\/12\/evite-doencas-respiratorias-nos-colaboradores-da-sua-empresa\/#article","isPartOf":{"@id":"https:\/\/www.gvs.com.br\/safety\/2025\/01\/12\/evite-doencas-respiratorias-nos-colaboradores-da-sua-empresa\/"},"author":{"name":"admin-gvs","@id":"https:\/\/www.gvs.com.br\/safety\/#\/schema\/person\/08f0e38941dafa538ee5706ec48fe5a1"},"headline":"Como evitar doen\u00e7as respirat\u00f3rias nos colaboradores da sua empresa?","datePublished":"2025-01-12T17:18:00+00:00","dateModified":"2025-09-11T17:47:46+00:00","mainEntityOfPage":{"@id":"https:\/\/www.gvs.com.br\/safety\/2025\/01\/12\/evite-doencas-respiratorias-nos-colaboradores-da-sua-empresa\/"},"wordCount":1208,"commentCount":0,"publisher":{"@id":"https:\/\/www.gvs.com.br\/safety\/#organization"},"image":{"@id":"https:\/\/www.gvs.com.br\/safety\/2025\/01\/12\/evite-doencas-respiratorias-nos-colaboradores-da-sua-empresa\/#primaryimage"},"thumbnailUrl":"https:\/\/www.gvs.com.br\/safety\/wp-content\/uploads\/2025\/01\/topo-gvs-safety-3.png","keywords":["Elipse","Produtos GVS","Prote\u00e7\u00e3o Respirat\u00f3ria","Safety"],"articleSection":["Safety"],"inLanguage":"pt-BR","potentialAction":[{"@type":"CommentAction","name":"Comment","target":["https:\/\/www.gvs.com.br\/safety\/2025\/01\/12\/evite-doencas-respiratorias-nos-colaboradores-da-sua-empresa\/#respond"]}]},{"@type":"WebPage","@id":"https:\/\/www.gvs.com.br\/safety\/2025\/01\/12\/evite-doencas-respiratorias-nos-colaboradores-da-sua-empresa\/","url":"https:\/\/www.gvs.com.br\/safety\/2025\/01\/12\/evite-doencas-respiratorias-nos-colaboradores-da-sua-empresa\/","name":"Evite doen\u00e7as respirat\u00f3rias nos colaboradores da sua empresa","isPartOf":{"@id":"https:\/\/www.gvs.com.br\/safety\/#website"},"primaryImageOfPage":{"@id":"https:\/\/www.gvs.com.br\/safety\/2025\/01\/12\/evite-doencas-respiratorias-nos-colaboradores-da-sua-empresa\/#primaryimage"},"image":{"@id":"https:\/\/www.gvs.com.br\/safety\/2025\/01\/12\/evite-doencas-respiratorias-nos-colaboradores-da-sua-empresa\/#primaryimage"},"thumbnailUrl":"https:\/\/www.gvs.com.br\/safety\/wp-content\/uploads\/2025\/01\/topo-gvs-safety-3.png","datePublished":"2025-01-12T17:18:00+00:00","dateModified":"2025-09-11T17:47:46+00:00","description":"Como evitar doen\u00e7as respirat\u00f3rias nos colaboradores da sua empresa? Veja dicas para poupar seus funcion\u00e1rios de complica\u00e7\u00f5es futuras.","breadcrumb":{"@id":"https:\/\/www.gvs.com.br\/safety\/2025\/01\/12\/evite-doencas-respiratorias-nos-colaboradores-da-sua-empresa\/#breadcrumb"},"inLanguage":"pt-BR","potentialAction":[{"@type":"ReadAction","target":["https:\/\/www.gvs.com.br\/safety\/2025\/01\/12\/evite-doencas-respiratorias-nos-colaboradores-da-sua-empresa\/"]}]},{"@type":"ImageObject","inLanguage":"pt-BR","@id":"https:\/\/www.gvs.com.br\/safety\/2025\/01\/12\/evite-doencas-respiratorias-nos-colaboradores-da-sua-empresa\/#primaryimage","url":"https:\/\/www.gvs.com.br\/safety\/wp-content\/uploads\/2025\/01\/topo-gvs-safety-3.png","contentUrl":"https:\/\/www.gvs.com.br\/safety\/wp-content\/uploads\/2025\/01\/topo-gvs-safety-3.png","width":1123,"height":633},{"@type":"BreadcrumbList","@id":"https:\/\/www.gvs.com.br\/safety\/2025\/01\/12\/evite-doencas-respiratorias-nos-colaboradores-da-sua-empresa\/#breadcrumb","itemListElement":[{"@type":"ListItem","position":1,"name":"In\u00edcio","item":"https:\/\/www.gvs.com.br\/safety\/"},{"@type":"ListItem","position":2,"name":"Como evitar doen\u00e7as respirat\u00f3rias nos colaboradores da sua empresa?"}]},{"@type":"WebSite","@id":"https:\/\/www.gvs.com.br\/safety\/#website","url":"https:\/\/www.gvs.com.br\/safety\/","name":"Safety","description":"","publisher":{"@id":"https:\/\/www.gvs.com.br\/safety\/#organization"},"potentialAction":[{"@type":"SearchAction","target":{"@type":"EntryPoint","urlTemplate":"https:\/\/www.gvs.com.br\/safety\/?s={search_term_string}"},"query-input":{"@type":"PropertyValueSpecification","valueRequired":true,"valueName":"search_term_string"}}],"inLanguage":"pt-BR"},{"@type":"Organization","@id":"https:\/\/www.gvs.com.br\/safety\/#organization","name":"Safety","url":"https:\/\/www.gvs.com.br\/safety\/","logo":{"@type":"ImageObject","inLanguage":"pt-BR","@id":"https:\/\/www.gvs.com.br\/safety\/#\/schema\/logo\/image\/","url":"https:\/\/www.gvs.com.br\/safety\/wp-content\/uploads\/2024\/12\/Logo-GVS-Safety.png","contentUrl":"https:\/\/www.gvs.com.br\/safety\/wp-content\/uploads\/2024\/12\/Logo-GVS-Safety.png","width":1920,"height":1080,"caption":"Safety"},"image":{"@id":"https:\/\/www.gvs.com.br\/safety\/#\/schema\/logo\/image\/"}},{"@type":"Person","@id":"https:\/\/www.gvs.com.br\/safety\/#\/schema\/person\/08f0e38941dafa538ee5706ec48fe5a1","name":"admin-gvs","image":{"@type":"ImageObject","inLanguage":"pt-BR","@id":"https:\/\/secure.gravatar.com\/avatar\/753807cf2c24e7c5051446eb4fc6c55657714e911f26a29329d9dc501ae35121?s=96&d=mm&r=g","url":"https:\/\/secure.gravatar.com\/avatar\/753807cf2c24e7c5051446eb4fc6c55657714e911f26a29329d9dc501ae35121?s=96&d=mm&r=g","contentUrl":"https:\/\/secure.gravatar.com\/avatar\/753807cf2c24e7c5051446eb4fc6c55657714e911f26a29329d9dc501ae35121?s=96&d=mm&r=g","caption":"admin-gvs"},"url":"https:\/\/www.gvs.com.br\/safety\/author\/admin-gvs\/"}]}},"uagb_featured_image_src":{"full":["https:\/\/www.gvs.com.br\/safety\/wp-content\/uploads\/2025\/01\/topo-gvs-safety-3.png",1123,633,false],"thumbnail":["https:\/\/www.gvs.com.br\/safety\/wp-content\/uploads\/2025\/01\/topo-gvs-safety-3-150x150.png",150,150,true],"medium":["https:\/\/www.gvs.com.br\/safety\/wp-content\/uploads\/2025\/01\/topo-gvs-safety-3-300x169.png",300,169,true],"medium_large":["https:\/\/www.gvs.com.br\/safety\/wp-content\/uploads\/2025\/01\/topo-gvs-safety-3-768x433.png",768,433,true],"large":["https:\/\/www.gvs.com.br\/safety\/wp-content\/uploads\/2025\/01\/topo-gvs-safety-3-1024x577.png",1024,577,true],"1536x1536":["https:\/\/www.gvs.com.br\/safety\/wp-content\/uploads\/2025\/01\/topo-gvs-safety-3.png",1123,633,false],"2048x2048":["https:\/\/www.gvs.com.br\/safety\/wp-content\/uploads\/2025\/01\/topo-gvs-safety-3.png",1123,633,false]},"uagb_author_info":{"display_name":"admin-gvs","author_link":"https:\/\/www.gvs.com.br\/safety\/author\/admin-gvs\/"},"uagb_comment_info":0,"uagb_excerpt":"Como evitar doen\u00e7as respirat\u00f3rias nos colaboradores da sua empresa? Veja dicas para poupar seus funcion\u00e1rios de complica\u00e7\u00f5es futuras Pensar na [&hellip;]","_links":{"self":[{"href":"https:\/\/www.gvs.com.br\/safety\/wp-json\/wp\/v2\/posts\/2919","targetHints":{"allow":["GET"]}}],"collection":[{"href":"https:\/\/www.gvs.com.br\/safety\/wp-json\/wp\/v2\/posts"}],"about":[{"href":"https:\/\/www.gvs.com.br\/safety\/wp-json\/wp\/v2\/types\/post"}],"author":[{"embeddable":true,"href":"https:\/\/www.gvs.com.br\/safety\/wp-json\/wp\/v2\/users\/2"}],"replies":[{"embeddable":true,"href":"https:\/\/www.gvs.com.br\/safety\/wp-json\/wp\/v2\/comments?post=2919"}],"version-history":[{"count":2,"href":"https:\/\/www.gvs.com.br\/safety\/wp-json\/wp\/v2\/posts\/2919\/revisions"}],"predecessor-version":[{"id":2938,"href":"https:\/\/www.gvs.com.br\/safety\/wp-json\/wp\/v2\/posts\/2919\/revisions\/2938"}],"wp:featuredmedia":[{"embeddable":true,"href":"https:\/\/www.gvs.com.br\/safety\/wp-json\/wp\/v2\/media\/2935"}],"wp:attachment":[{"href":"https:\/\/www.gvs.com.br\/safety\/wp-json\/wp\/v2\/media?parent=2919"}],"wp:term":[{"taxonomy":"category","embeddable":true,"href":"https:\/\/www.gvs.com.br\/safety\/wp-json\/wp\/v2\/categories?post=2919"},{"taxonomy":"post_tag","embeddable":true,"href":"https:\/\/www.gvs.com.br\/safety\/wp-json\/wp\/v2\/tags?post=2919"}],"curies":[{"name":"wp","href":"https:\/\/api.w.org\/{rel}","templated":true}]}}