{"id":2912,"date":"2025-01-11T20:49:00","date_gmt":"2025-01-11T20:49:00","guid":{"rendered":"https:\/\/www.gvs.com.br\/safety\/?p=2912"},"modified":"2025-09-10T20:54:23","modified_gmt":"2025-09-10T20:54:23","slug":"mascara-de-protecao-respiratoria","status":"publish","type":"post","link":"https:\/\/www.gvs.com.br\/safety\/2025\/01\/11\/mascara-de-protecao-respiratoria\/","title":{"rendered":"M\u00e1scara de prote\u00e7\u00e3o respirat\u00f3ria: saiba como manusear"},"content":{"rendered":"\n<div class=\"wp-block-uagb-container uagb-block-2d8af228 alignfull uagb-is-root-container\"><div class=\"uagb-container-inner-blocks-wrap\">\n<div class=\"wp-block-uagb-advanced-heading uagb-block-88fad113\"><h2 class=\"uagb-heading-text\"><strong>M\u00e1scara de prote\u00e7\u00e3o respirat\u00f3ria: saiba <\/strong><br><strong>como manusear<\/strong><\/h2><\/div>\n\n\n\n<p class=\"has-ast-global-color-5-color has-text-color has-link-color wp-elements-03e405d906181c0c7127a3478df880e9\"><strong>Descubra quais as t\u00e9cnicas para conserva\u00e7\u00e3o e uso dos Equipamentos de Prote\u00e7\u00e3o Respirat\u00f3ria<\/strong><\/p>\n<\/div><\/div>\n\n\n\n<p><\/p>\n\n\n\n<p>Se voc\u00ea j\u00e1 companha nosso blog h\u00e1 um tempo, temos certeza que voc\u00ea j\u00e1 sabe como escolher a m\u00e1scara de prote\u00e7\u00e3o respirat\u00f3ria para a sua empresa.<\/p>\n\n\n\n<p>Mas, sabemos que entender como aplicar essas solu\u00e7\u00f5es no ambiente profissional, \u00e9 t\u00e3o importante quanto adquirir o equipamento ideal.<\/p>\n\n\n\n<p>Por isso, preparamos esse artigo que vai te explicar todos os detalhes para o uso correto da m\u00e1scara de prote\u00e7\u00e3o respirat\u00f3ria.<\/p>\n\n\n\n<p>Assim como, as melhores formas para realizar a manuten\u00e7\u00e3o ou descarte adequado dos equipamentos.<\/p>\n\n\n\n<p>Voc\u00ea n\u00e3o vai querer ficar de fora dessa, n\u00e3o \u00e9 mesmo? Ent\u00e3o, acompanhe a leitura e saiba tudo sobre o assunto!<\/p>\n\n\n\n<h2 class=\"wp-block-heading\">M\u00e1scara de prote\u00e7\u00e3o respirat\u00f3ria no novo PGR<\/h2>\n\n\n\n<p>Antes de mais nada, \u00e9 preciso lembrar que, agora, o Programa de Gerenciamento de Riscos \u00e9 obriga\u00e7\u00e3o do empregador.<\/p>\n\n\n\n<p>Mas, o que \u00e9 o PGR? J\u00e1 mencionamos em outros textos, essa ferramenta t\u00e3o importante e que \u00e9 respons\u00e1vel por reunir os relat\u00f3rios sobre riscos no ambiente de trabalho. Assim como, \u00e9 nesse programa que especificamos as medidas preventivas e de conten\u00e7\u00e3o para cada \u00e1rea.<\/p>\n\n\n\n<p>Por isso, falar sobre o PGR \u00e9 t\u00e3o importante para analisarmos os m\u00e9todos de conserva\u00e7\u00e3o, uso, manuten\u00e7\u00e3o e descarte dos EPRs. Pois, \u00e9 nele que voc\u00ea vai especificar esses detalhes, assim como, definir\u00e1 os m\u00e9todos de manuseio do equipamento.<\/p>\n\n\n\n<p>Assim, podemos notar que o PGR da sua empresa, deve atender as seguintes qualifica\u00e7\u00f5es:<\/p>\n\n\n\n<ul class=\"wp-block-list\">\n<li>Informa\u00e7\u00f5es de Seguran\u00e7a de Processo;<\/li>\n\n\n\n<li>Revis\u00e3o dos Riscos de Processo;<\/li>\n\n\n\n<li>Gerenciamento de modifica\u00e7\u00f5es;<\/li>\n\n\n\n<li>Manuten\u00e7\u00e3o e garantia da integridade;<\/li>\n\n\n\n<li>Procedimentos inerente a uma opera\u00e7\u00e3o;<\/li>\n\n\n\n<li>Capacita\u00e7\u00e3o dos profissionais;<\/li>\n\n\n\n<li>Investiga\u00e7\u00e3o de incidentes;<\/li>\n\n\n\n<li>Plano de A\u00e7\u00e3o de Emerg\u00eancia (PAE e PEI);<\/li>\n\n\n\n<li>Auditorias.<\/li>\n<\/ul>\n\n\n\n<p>As auditorias e monitoramento para revis\u00e3o dos riscos, devem ser realizadas com periodicidade. Pois, \u00e9 dessa forma que voc\u00ea conseguir\u00e1 averiguar a necessidade de mudan\u00e7as, por exemplo.<\/p>\n\n\n\n<p>Como vimos, a capacita\u00e7\u00e3o do profissional, \u00e9 parte fundamental do PGR. Por isso, hoje reunimos todas as informa\u00e7\u00f5es que voc\u00ea precisa para instruir o seu colaborador sobre a utiliza\u00e7\u00e3o de m\u00e1scaras de prote\u00e7\u00e3o respirat\u00f3ria.<\/p>\n\n\n\n<figure class=\"wp-block-image aligncenter size-large\"><img loading=\"lazy\" decoding=\"async\" width=\"1024\" height=\"323\" src=\"https:\/\/www.gvs.com.br\/safety\/wp-content\/uploads\/2025\/09\/meio-gvs-safety-mascara-de-protecao-respiratoria-1024x323.jpg\" alt=\"\" class=\"wp-image-2914\" srcset=\"https:\/\/www.gvs.com.br\/safety\/wp-content\/uploads\/2025\/09\/meio-gvs-safety-mascara-de-protecao-respiratoria-1024x323.jpg 1024w, https:\/\/www.gvs.com.br\/safety\/wp-content\/uploads\/2025\/09\/meio-gvs-safety-mascara-de-protecao-respiratoria-300x95.jpg 300w, https:\/\/www.gvs.com.br\/safety\/wp-content\/uploads\/2025\/09\/meio-gvs-safety-mascara-de-protecao-respiratoria-768x242.jpg 768w, https:\/\/www.gvs.com.br\/safety\/wp-content\/uploads\/2025\/09\/meio-gvs-safety-mascara-de-protecao-respiratoria.jpg 1110w\" sizes=\"auto, (max-width: 1024px) 100vw, 1024px\" \/><\/figure>\n\n\n\n<h2 class=\"wp-block-heading\">Efici\u00eancia de m\u00e1scara de prote\u00e7\u00e3o respirat\u00f3ria<\/h2>\n\n\n\n<p>Como dissemos anteriormente, constatar a efici\u00eancia de m\u00e1scaras de prote\u00e7\u00e3o respirat\u00f3ria, \u00e9 a melhor forma de assegurar sua adequa\u00e7\u00e3o ao ambiente.<\/p>\n\n\n\n<p>Assim, dispor de m\u00e9todos para essa an\u00e1lise, \u00e9 parte fundamental da rotina do usu\u00e1rio, para, assim, garantir sua prote\u00e7\u00e3o.<\/p>\n\n\n\n<p>Da mesma forma, \u00e9 preciso que o respons\u00e1vel pela Sa\u00fade e Seguran\u00e7a no Trabalho, fa\u00e7a a averigua\u00e7\u00e3o do uso correto dos itens.<\/p>\n\n\n\n<p>Alguns dos m\u00e9todos que devem ser realizados, no momento que antecede a entrada do profissional no ambiente de risco, s\u00e3o:<\/p>\n\n\n\n<h4 class=\"wp-block-heading\">Manuseio correto do EPR<\/h4>\n\n\n\n<p>Antes de tudo, \u00e9 preciso atentar-se ao manuseio correto da m\u00e1scara de prote\u00e7\u00e3o respirat\u00f3ria para que, dessa forma, n\u00e3o haja contamina\u00e7\u00e3o.<\/p>\n\n\n\n<p>Al\u00e9m disso, \u00e9 nesse ponto que o seu colaborador realizar\u00e1 a primeira vistoria no equipamento, observando a integridade do dispositivo. Bem como, as condi\u00e7\u00f5es de veda\u00e7\u00e3o da m\u00e1scara de prote\u00e7\u00e3o respirat\u00f3ria.<\/p>\n\n\n\n<p>\u00c9 importante ressaltar que, a qualquer sinal de irregularidade, o t\u00e9cnico em seguran\u00e7a no trabalho dever\u00e1 ser consultado. Assim como, as diretrizes para aplica\u00e7\u00e3o do produto, presentes em sua embalagem.<\/p>\n\n\n\n<p>Outro passo a ser seguido, \u00e9 a verifica\u00e7\u00e3o de veda\u00e7\u00e3o do dispositivo, para que, assim, seja constatada a sua efici\u00eancia para a reten\u00e7\u00e3o de part\u00edculas e, tamb\u00e9m, excluir pontos de vaz\u00e3o de ar ao redor do equipamento.<\/p>\n\n\n\n<p>Continue a leitura e saiba como funciona esse processo!<\/p>\n\n\n\n<h4 class=\"wp-block-heading\">Verifica\u00e7\u00e3o de veda\u00e7\u00e3o<\/h4>\n\n\n\n<p>A\u00a0<a href=\"https:\/\/www.gvs.com.br\/safety\/2025\/01\/11\/recomendacoes-para-a-verificacao-da-vedacao\/\" target=\"_blank\" rel=\"noreferrer noopener\">verifica\u00e7\u00e3o de veda\u00e7\u00e3o<\/a>, \u00e9 feita todas as vezes que o profissional adentrar uma \u00e1rea de risco. Assim, \u00e9 poss\u00edvel constatar o funcionamento do equipamento e tomar provid\u00eancias caso seja confirmada a irregularidade.<\/p>\n\n\n\n<p>Da mesma forma, quando realizado um ajuste do EPR, \u00e9 preciso verificar a adequa\u00e7\u00e3o da m\u00e1scara no rosto do usu\u00e1rio.<\/p>\n\n\n\n<p>Vale ressaltar que a verifica\u00e7\u00e3o de veda\u00e7\u00e3o n\u00e3o substitui o teste realizado para a adapta\u00e7\u00e3o do equipamento ao rosto do usu\u00e1rio, como veremos a seguir. Continue a leitura!<\/p>\n\n\n\n<h4 class=\"wp-block-heading\">Teste de veda\u00e7\u00e3o<\/h4>\n\n\n\n<p>Apesar de terem nomes parecidos, os dois procedimentos apresentam diferen\u00e7as quanto a sua realiza\u00e7\u00e3o.<\/p>\n\n\n\n<p>Ao contr\u00e1rio do anterior, o teste de veda\u00e7\u00e3o, ou ensaio de veda\u00e7\u00e3o como tamb\u00e9m \u00e9 conhecido, quantifica as part\u00edculas presentes no ambiente, no interior e exterior do EPR.<\/p>\n\n\n\n<p>Desse modo, \u00e9 poss\u00edvel constatar a adapta\u00e7\u00e3o do dispositivo ao rosto do usu\u00e1rio, bem como, a efici\u00eancia do sistema de veda\u00e7\u00e3o.<\/p>\n\n\n\n<p>A principal caracter\u00edstica do procedimento, \u00e9 o uso de subst\u00e2ncias para quantificar particulados. Al\u00e9m disso, com a aplica\u00e7\u00e3o de sacarina, Bitrex ou fumos irritantes, \u00e9 poss\u00edvel identificar de forma quantitativa e qualitativa dos componentes nocivos ao sistema respirat\u00f3rio.<\/p>\n\n\n\n<h4 class=\"wp-block-heading\">Teste de press\u00e3o positiva<\/h4>\n\n\n\n<p>O teste de press\u00e3o positiva, \u00e9 realizado atrav\u00e9s do bloqueio das v\u00e1lvulas do equipamento e exala\u00e7\u00e3o suave do usu\u00e1rio. Isso deve ser realizado at\u00e9 o momento em que o profissional n\u00e3o si mais a passagem de ar pelas laterais do equipamento.<\/p>\n\n\n\n<p>Da mesma forma, \u00e9 preciso se atentar \u00e0 press\u00e3o no interior do equipamento, assim, constatando a efic\u00e1cia da m\u00e1scara de prote\u00e7\u00e3o respirat\u00f3ria.<\/p>\n\n\n\n<h4 class=\"wp-block-heading\">Teste de press\u00e3o negativa<\/h4>\n\n\n\n<p>O teste de press\u00e3o negativa, \u00e9 constitu\u00eddo pelo bloqueio das entradas e sa\u00eddas de ar do equipamento. Assim, ao prender a respira\u00e7\u00e3o, o usu\u00e1rio deve constatar se o equipamento se fixou corretamente ao seu rosto.<\/p>\n\n\n\n<p>Dessa forma, \u00e9 poss\u00edvel observar sua efic\u00e1cia, necessidade de manuten\u00e7\u00e3o ou troca do equipamento.<\/p>\n\n\n\n<p>\u00c9 importante levar em conta, que o teste deve ser realizado com cautela, assim, evitando danos nas v\u00e1lvulas do equipamento.<\/p>\n\n\n\n<h2 class=\"wp-block-heading\">Busque por fornecedores de qualidade<\/h2>\n\n\n\n<p>Como vimos, propor um ambiente de trabalho saud\u00e1vel e seguro, n\u00e3o precisa ser um problema no dia a dia da sua empresa, mas sim, uma solu\u00e7\u00e3o.<\/p>\n\n\n\n<p>Para isso, contar com fornecedores de confian\u00e7a que atuam com responsabilidade em rela\u00e7\u00e3o \u00e0s necessidades do cliente, \u00e9 fundamental.<\/p>\n\n\n\n<p>Al\u00e9m disso, \u00e9 preciso atentar-se aos m\u00e9todos de fabrica\u00e7\u00e3o dos produtos, j\u00e1 que a qualidade dos itens \u00e9 parte essencial da prote\u00e7\u00e3o do seu colaborador.<\/p>\n\n\n\n<p>Da mesma forma, buscar por fornecedores que se proponham a explicar o funcionamento dos itens, bem como: a sua funcionalidade, m\u00e9todos de manuseio, manuten\u00e7\u00e3o e descarte adequado, \u00e9 o ideal.<\/p>\n\n\n\n<p>\u00c9 por isso que somos refer\u00eancia no mercado de filtra\u00e7\u00e3o mundial, atuando no projeto, fabrica\u00e7\u00e3o e distribui\u00e7\u00e3o de equipamentos filtrantes para diversos segmentos. Entre eles, podemos citar:<\/p>\n\n\n\n<ul class=\"wp-block-list\">\n<li>Healthcare &amp; Safety;<\/li>\n\n\n\n<li>Healticare Air and Gas;<\/li>\n\n\n\n<li>Life Science.<\/li>\n<\/ul>\n\n\n\n<p>Al\u00e9m disso, desenvolvemos os melhores m\u00e9todos para atender da melhor forma as necessidades dos nossos clientes.<\/p>\n\n\n\n<p>Saiba mais sobre nossas solu\u00e7\u00f5es atrav\u00e9s do\u00a0<a href=\"https:\/\/www.gvs.com.br\/safety\/\" target=\"_blank\" rel=\"noreferrer noopener\">nosso site<\/a>\u00a0ou, ent\u00e3o, por meio do\u00a0<a href=\"https:\/\/www.gvs.com.br\/safety\/produtos\/\" target=\"_blank\" rel=\"noreferrer noopener\">nosso cat\u00e1logo<\/a>\u00a0de produtos.<\/p>\n\n\n\n<p>Quer conhecer tudo sobre os melhores m\u00e9todos para garantir o bem-estar e a seguran\u00e7a da sua equipe? Acompanhe\u00a0<a href=\"https:\/\/www.gvs.com.br\/safety\/blog\/\" target=\"_blank\" rel=\"noreferrer noopener\">nosso blog<\/a>\u00a0e entenda tudo a respeito!<\/p>\n\n\n\n<h2 class=\"wp-block-heading\">Refer\u00eancia<\/h2>\n\n\n\n<p><a href=\"https:\/\/www.segurancadotrabalho.ufv.br\/manuseio-seguro-de-epr\/\" target=\"_blank\" rel=\"noreferrer noopener\">www.segurancadotrabalho.ufv.br\/manuseio-seguro-de-epr\/<\/a><\/p>\n\n\n\n<p><a href=\"https:\/\/prihdesigner.com.br\/backupgvs\/blog\/health-safety\/fit-test-entenda-porque-ele-e-tao-importante-na-vida-dos-usuarios-de-mascaras-respiratorias\/\" target=\"_blank\" rel=\"noreferrer noopener\">www.gvs.com.br\/blog\/health-safety\/fit-test-entenda-porque-ele-e-tao-importante-na-vida-dos-usuarios-de-mascaras-respiratorias\/<\/a><\/p>\n\n\n\n<div class=\"wp-block-uagb-separator uagb-block-12928a3d\"><div class=\"uagb-separator-spacing-wrapper\"><div class=\"wp-block-uagb-separator__inner\" style=\"--my-background-image:\"><\/div><\/div><\/div>\n\n\n\n<div class=\"wp-block-uagb-advanced-heading uagb-block-37689345\"><h2 class=\"uagb-heading-text\"><strong>Acreditamos em proteger voc\u00ea para os melhores momentos da vida!<\/strong><\/h2><\/div>\n\n\n\n<p>Criamos solu\u00e7\u00f5es de prote\u00e7\u00e3o respirat\u00f3ria que tornam voc\u00ea e sua equipe mais seguros, para que todos possam voltar para casa no final de cada dia, seguros, saud\u00e1veis e capazes de fazer aquilo que mais importa.<\/p>\n\n\n\n<div class=\"wp-block-uagb-separator uagb-block-b8b79ce8\"><div class=\"uagb-separator-spacing-wrapper\"><div class=\"wp-block-uagb-separator__inner\" style=\"--my-background-image:\"><\/div><\/div><\/div>\n\n\n\n<div class=\"wp-block-uagb-call-to-action uagb-block-e6f6b3df wp-block-button\"><div class=\"uagb-cta__wrap\"><h3 class=\"uagb-cta__title\">Fale com a gente!<\/h3><p class=\"uagb-cta__desc\">Entre em contato com o nosso time hoje mesmo, esclare\u00e7a as suas d\u00favidas e&nbsp;<strong>solicite a sua cota\u00e7\u00e3o!<\/strong><\/p><\/div><div class=\"uagb-cta__buttons\"><a href=\"https:\/\/wa.me\/551938797222\" class=\"uagb-cta__button-link-wrapper wp-block-button__link\" target=\"_self\" rel=\"noopener noreferrer\"><svg xmlns=\"https:\/\/www.w3.org\/2000\/svg\" viewBox=\"0 0 448 512\"><path d=\"M380.9 97.1C339 55.1 283.2 32 223.9 32c-122.4 0-222 99.6-222 222 0 39.1 10.2 77.3 29.6 111L0 480l117.7-30.9c32.4 17.7 68.9 27 106.1 27h.1c122.3 0 224.1-99.6 224.1-222 0-59.3-25.2-115-67.1-157zm-157 341.6c-33.2 0-65.7-8.9-94-25.7l-6.7-4-69.8 18.3L72 359.2l-4.4-7c-18.5-29.4-28.2-63.3-28.2-98.2 0-101.7 82.8-184.5 184.6-184.5 49.3 0 95.6 19.2 130.4 54.1 34.8 34.9 56.2 81.2 56.1 130.5 0 101.8-84.9 184.6-186.6 184.6zm101.2-138.2c-5.5-2.8-32.8-16.2-37.9-18-5.1-1.9-8.8-2.8-12.5 2.8-3.7 5.6-14.3 18-17.6 21.8-3.2 3.7-6.5 4.2-12 1.4-32.6-16.3-54-29.1-75.5-66-5.7-9.8 5.7-9.1 16.3-30.3 1.8-3.7 .9-6.9-.5-9.7-1.4-2.8-12.5-30.1-17.1-41.2-4.5-10.8-9.1-9.3-12.5-9.5-3.2-.2-6.9-.2-10.6-.2-3.7 0-9.7 1.4-14.8 6.9-5.1 5.6-19.4 19-19.4 46.3 0 27.3 19.9 53.7 22.6 57.4 2.8 3.7 39.1 59.7 94.8 83.8 35.2 15.2 49 16.5 66.6 13.9 10.7-1.6 32.8-13.4 37.4-26.4 4.6-13 4.6-24.1 3.2-26.4-1.3-2.5-5-3.9-10.5-6.6z\"><\/path><\/svg>WhatsApp<\/a><\/div><\/div>\n\n\n\n<div class=\"wp-block-uagb-separator uagb-block-96e52944\"><div class=\"uagb-separator-spacing-wrapper\"><div class=\"wp-block-uagb-separator__inner\" style=\"--my-background-image:\"><\/div><\/div><\/div>\n\n\n\n<div class=\"wp-block-uagb-call-to-action uagb-block-bf9c28ce wp-block-button\"><div class=\"uagb-cta__wrap\"><h3 class=\"uagb-cta__title\">Fique por dentro das novidades!<\/h3><p class=\"uagb-cta__desc\">Acompanhe nossa jornada de inova\u00e7\u00e3o e saiba mais sobre nossos produtos, acesse <strong>Safety da GVS.<\/strong><\/p><\/div><div class=\"uagb-cta__buttons\"><a href=\"https:\/\/www.gvs.com.br\/safety\" class=\"uagb-cta__button-link-wrapper wp-block-button__link\" target=\"_self\" rel=\"noopener noreferrer\">Acesse o site<\/a><\/div><\/div>\n\n\n\n<p><\/p>\n","protected":false},"excerpt":{"rendered":"<p>M\u00e1scara de prote\u00e7\u00e3o respirat\u00f3ria: saiba como manusear Descubra quais as t\u00e9cnicas para conserva\u00e7\u00e3o e uso dos Equipamentos de Prote\u00e7\u00e3o Respirat\u00f3ria [&hellip;]<\/p>\n","protected":false},"author":2,"featured_media":2913,"comment_status":"open","ping_status":"open","sticky":false,"template":"","format":"standard","meta":{"_uag_custom_page_level_css":"","site-sidebar-layout":"default","site-content-layout":"","ast-site-content-layout":"","site-content-style":"default","site-sidebar-style":"default","ast-global-header-display":"","ast-banner-title-visibility":"","ast-main-header-display":"","ast-hfb-above-header-display":"","ast-hfb-below-header-display":"","ast-hfb-mobile-header-display":"","site-post-title":"disabled","ast-breadcrumbs-content":"","ast-featured-img":"","footer-sml-layout":"","ast-disable-related-posts":"","theme-transparent-header-meta":"","adv-header-id-meta":"","stick-header-meta":"","header-above-stick-meta":"","header-main-stick-meta":"","header-below-stick-meta":"","astra-migrate-meta-layouts":"default","ast-page-background-enabled":"default","ast-page-background-meta":{"desktop":{"background-color":"var(--ast-global-color-4)","background-image":"","background-repeat":"repeat","background-position":"center center","background-size":"auto","background-attachment":"scroll","background-type":"","background-media":"","overlay-type":"","overlay-color":"","overlay-opacity":"","overlay-gradient":""},"tablet":{"background-color":"","background-image":"","background-repeat":"repeat","background-position":"center center","background-size":"auto","background-attachment":"scroll","background-type":"","background-media":"","overlay-type":"","overlay-color":"","overlay-opacity":"","overlay-gradient":""},"mobile":{"background-color":"","background-image":"","background-repeat":"repeat","background-position":"center center","background-size":"auto","background-attachment":"scroll","background-type":"","background-media":"","overlay-type":"","overlay-color":"","overlay-opacity":"","overlay-gradient":""}},"ast-content-background-meta":{"desktop":{"background-color":"var(--ast-global-color-5)","background-image":"","background-repeat":"repeat","background-position":"center center","background-size":"auto","background-attachment":"scroll","background-type":"","background-media":"","overlay-type":"","overlay-color":"","overlay-opacity":"","overlay-gradient":""},"tablet":{"background-color":"var(--ast-global-color-5)","background-image":"","background-repeat":"repeat","background-position":"center center","background-size":"auto","background-attachment":"scroll","background-type":"","background-media":"","overlay-type":"","overlay-color":"","overlay-opacity":"","overlay-gradient":""},"mobile":{"background-color":"var(--ast-global-color-5)","background-image":"","background-repeat":"repeat","background-position":"center center","background-size":"auto","background-attachment":"scroll","background-type":"","background-media":"","overlay-type":"","overlay-color":"","overlay-opacity":"","overlay-gradient":""}},"footnotes":""},"categories":[5],"tags":[34,17,15,16],"class_list":["post-2912","post","type-post","status-publish","format-standard","has-post-thumbnail","hentry","category-safety","tag-elipse","tag-produtos-gvs","tag-protecao-respiratoria","tag-safety"],"yoast_head":"<!-- This site is optimized with the Yoast SEO plugin v27.2 - https:\/\/yoast.com\/product\/yoast-seo-wordpress\/ -->\n<title>M\u00e1scara de prote\u00e7\u00e3o respirat\u00f3ria<\/title>\n<meta name=\"description\" content=\"M\u00e1scara de prote\u00e7\u00e3o respirat\u00f3ria: saiba como manusear. Descubra quais as t\u00e9cnicas para conserva\u00e7\u00e3o e uso dos Equipamentos de Prote\u00e7\u00e3o Respirat\u00f3ria\" \/>\n<meta name=\"robots\" content=\"index, follow, max-snippet:-1, max-image-preview:large, max-video-preview:-1\" \/>\n<link rel=\"canonical\" href=\"https:\/\/www.gvs.com.br\/safety\/2025\/01\/11\/mascara-de-protecao-respiratoria\/\" \/>\n<meta property=\"og:locale\" content=\"pt_BR\" \/>\n<meta property=\"og:type\" content=\"article\" \/>\n<meta property=\"og:title\" content=\"M\u00e1scara de prote\u00e7\u00e3o respirat\u00f3ria\" \/>\n<meta property=\"og:description\" content=\"M\u00e1scara de prote\u00e7\u00e3o respirat\u00f3ria: saiba como manusear. Descubra quais as t\u00e9cnicas para conserva\u00e7\u00e3o e uso dos Equipamentos de Prote\u00e7\u00e3o Respirat\u00f3ria\" \/>\n<meta property=\"og:url\" content=\"https:\/\/www.gvs.com.br\/safety\/2025\/01\/11\/mascara-de-protecao-respiratoria\/\" \/>\n<meta property=\"og:site_name\" content=\"Safety\" \/>\n<meta property=\"article:published_time\" content=\"2025-01-11T20:49:00+00:00\" \/>\n<meta property=\"article:modified_time\" content=\"2025-09-10T20:54:23+00:00\" \/>\n<meta property=\"og:image\" content=\"https:\/\/www.gvs.com.br\/safety\/wp-content\/uploads\/2025\/09\/topo-gvs-safety-mascara-de-protecao-respiratoria.jpg\" \/>\n\t<meta property=\"og:image:width\" content=\"1123\" \/>\n\t<meta property=\"og:image:height\" content=\"633\" \/>\n\t<meta property=\"og:image:type\" content=\"image\/jpeg\" \/>\n<meta name=\"author\" content=\"admin-gvs\" \/>\n<meta name=\"twitter:card\" content=\"summary_large_image\" \/>\n<meta name=\"twitter:label1\" content=\"Escrito por\" \/>\n\t<meta name=\"twitter:data1\" content=\"admin-gvs\" \/>\n\t<meta name=\"twitter:label2\" content=\"Est. tempo de leitura\" \/>\n\t<meta name=\"twitter:data2\" content=\"7 minutos\" \/>\n<script type=\"application\/ld+json\" class=\"yoast-schema-graph\">{\"@context\":\"https:\/\/schema.org\",\"@graph\":[{\"@type\":\"Article\",\"@id\":\"https:\/\/www.gvs.com.br\/safety\/2025\/01\/11\/mascara-de-protecao-respiratoria\/#article\",\"isPartOf\":{\"@id\":\"https:\/\/www.gvs.com.br\/safety\/2025\/01\/11\/mascara-de-protecao-respiratoria\/\"},\"author\":{\"name\":\"admin-gvs\",\"@id\":\"https:\/\/www.gvs.com.br\/safety\/#\/schema\/person\/08f0e38941dafa538ee5706ec48fe5a1\"},\"headline\":\"M\u00e1scara de prote\u00e7\u00e3o respirat\u00f3ria: saiba como manusear\",\"datePublished\":\"2025-01-11T20:49:00+00:00\",\"dateModified\":\"2025-09-10T20:54:23+00:00\",\"mainEntityOfPage\":{\"@id\":\"https:\/\/www.gvs.com.br\/safety\/2025\/01\/11\/mascara-de-protecao-respiratoria\/\"},\"wordCount\":1350,\"commentCount\":0,\"publisher\":{\"@id\":\"https:\/\/www.gvs.com.br\/safety\/#organization\"},\"image\":{\"@id\":\"https:\/\/www.gvs.com.br\/safety\/2025\/01\/11\/mascara-de-protecao-respiratoria\/#primaryimage\"},\"thumbnailUrl\":\"https:\/\/www.gvs.com.br\/safety\/wp-content\/uploads\/2025\/09\/topo-gvs-safety-mascara-de-protecao-respiratoria.jpg\",\"keywords\":[\"Elipse\",\"Produtos GVS\",\"Prote\u00e7\u00e3o Respirat\u00f3ria\",\"Safety\"],\"articleSection\":[\"Safety\"],\"inLanguage\":\"pt-BR\",\"potentialAction\":[{\"@type\":\"CommentAction\",\"name\":\"Comment\",\"target\":[\"https:\/\/www.gvs.com.br\/safety\/2025\/01\/11\/mascara-de-protecao-respiratoria\/#respond\"]}]},{\"@type\":\"WebPage\",\"@id\":\"https:\/\/www.gvs.com.br\/safety\/2025\/01\/11\/mascara-de-protecao-respiratoria\/\",\"url\":\"https:\/\/www.gvs.com.br\/safety\/2025\/01\/11\/mascara-de-protecao-respiratoria\/\",\"name\":\"M\u00e1scara de prote\u00e7\u00e3o respirat\u00f3ria\",\"isPartOf\":{\"@id\":\"https:\/\/www.gvs.com.br\/safety\/#website\"},\"primaryImageOfPage\":{\"@id\":\"https:\/\/www.gvs.com.br\/safety\/2025\/01\/11\/mascara-de-protecao-respiratoria\/#primaryimage\"},\"image\":{\"@id\":\"https:\/\/www.gvs.com.br\/safety\/2025\/01\/11\/mascara-de-protecao-respiratoria\/#primaryimage\"},\"thumbnailUrl\":\"https:\/\/www.gvs.com.br\/safety\/wp-content\/uploads\/2025\/09\/topo-gvs-safety-mascara-de-protecao-respiratoria.jpg\",\"datePublished\":\"2025-01-11T20:49:00+00:00\",\"dateModified\":\"2025-09-10T20:54:23+00:00\",\"description\":\"M\u00e1scara de prote\u00e7\u00e3o respirat\u00f3ria: saiba como manusear. Descubra quais as t\u00e9cnicas para conserva\u00e7\u00e3o e uso dos Equipamentos de Prote\u00e7\u00e3o Respirat\u00f3ria\",\"breadcrumb\":{\"@id\":\"https:\/\/www.gvs.com.br\/safety\/2025\/01\/11\/mascara-de-protecao-respiratoria\/#breadcrumb\"},\"inLanguage\":\"pt-BR\",\"potentialAction\":[{\"@type\":\"ReadAction\",\"target\":[\"https:\/\/www.gvs.com.br\/safety\/2025\/01\/11\/mascara-de-protecao-respiratoria\/\"]}]},{\"@type\":\"ImageObject\",\"inLanguage\":\"pt-BR\",\"@id\":\"https:\/\/www.gvs.com.br\/safety\/2025\/01\/11\/mascara-de-protecao-respiratoria\/#primaryimage\",\"url\":\"https:\/\/www.gvs.com.br\/safety\/wp-content\/uploads\/2025\/09\/topo-gvs-safety-mascara-de-protecao-respiratoria.jpg\",\"contentUrl\":\"https:\/\/www.gvs.com.br\/safety\/wp-content\/uploads\/2025\/09\/topo-gvs-safety-mascara-de-protecao-respiratoria.jpg\",\"width\":1123,\"height\":633},{\"@type\":\"BreadcrumbList\",\"@id\":\"https:\/\/www.gvs.com.br\/safety\/2025\/01\/11\/mascara-de-protecao-respiratoria\/#breadcrumb\",\"itemListElement\":[{\"@type\":\"ListItem\",\"position\":1,\"name\":\"In\u00edcio\",\"item\":\"https:\/\/www.gvs.com.br\/safety\/\"},{\"@type\":\"ListItem\",\"position\":2,\"name\":\"M\u00e1scara de prote\u00e7\u00e3o respirat\u00f3ria: saiba como manusear\"}]},{\"@type\":\"WebSite\",\"@id\":\"https:\/\/www.gvs.com.br\/safety\/#website\",\"url\":\"https:\/\/www.gvs.com.br\/safety\/\",\"name\":\"Safety\",\"description\":\"\",\"publisher\":{\"@id\":\"https:\/\/www.gvs.com.br\/safety\/#organization\"},\"potentialAction\":[{\"@type\":\"SearchAction\",\"target\":{\"@type\":\"EntryPoint\",\"urlTemplate\":\"https:\/\/www.gvs.com.br\/safety\/?s={search_term_string}\"},\"query-input\":{\"@type\":\"PropertyValueSpecification\",\"valueRequired\":true,\"valueName\":\"search_term_string\"}}],\"inLanguage\":\"pt-BR\"},{\"@type\":\"Organization\",\"@id\":\"https:\/\/www.gvs.com.br\/safety\/#organization\",\"name\":\"Safety\",\"url\":\"https:\/\/www.gvs.com.br\/safety\/\",\"logo\":{\"@type\":\"ImageObject\",\"inLanguage\":\"pt-BR\",\"@id\":\"https:\/\/www.gvs.com.br\/safety\/#\/schema\/logo\/image\/\",\"url\":\"https:\/\/www.gvs.com.br\/safety\/wp-content\/uploads\/2024\/12\/Logo-GVS-Safety.png\",\"contentUrl\":\"https:\/\/www.gvs.com.br\/safety\/wp-content\/uploads\/2024\/12\/Logo-GVS-Safety.png\",\"width\":1920,\"height\":1080,\"caption\":\"Safety\"},\"image\":{\"@id\":\"https:\/\/www.gvs.com.br\/safety\/#\/schema\/logo\/image\/\"}},{\"@type\":\"Person\",\"@id\":\"https:\/\/www.gvs.com.br\/safety\/#\/schema\/person\/08f0e38941dafa538ee5706ec48fe5a1\",\"name\":\"admin-gvs\",\"image\":{\"@type\":\"ImageObject\",\"inLanguage\":\"pt-BR\",\"@id\":\"https:\/\/secure.gravatar.com\/avatar\/753807cf2c24e7c5051446eb4fc6c55657714e911f26a29329d9dc501ae35121?s=96&d=mm&r=g\",\"url\":\"https:\/\/secure.gravatar.com\/avatar\/753807cf2c24e7c5051446eb4fc6c55657714e911f26a29329d9dc501ae35121?s=96&d=mm&r=g\",\"contentUrl\":\"https:\/\/secure.gravatar.com\/avatar\/753807cf2c24e7c5051446eb4fc6c55657714e911f26a29329d9dc501ae35121?s=96&d=mm&r=g\",\"caption\":\"admin-gvs\"},\"url\":\"https:\/\/www.gvs.com.br\/safety\/author\/admin-gvs\/\"}]}<\/script>\n<!-- \/ Yoast SEO plugin. -->","yoast_head_json":{"title":"M\u00e1scara de prote\u00e7\u00e3o respirat\u00f3ria","description":"M\u00e1scara de prote\u00e7\u00e3o respirat\u00f3ria: saiba como manusear. Descubra quais as t\u00e9cnicas para conserva\u00e7\u00e3o e uso dos Equipamentos de Prote\u00e7\u00e3o Respirat\u00f3ria","robots":{"index":"index","follow":"follow","max-snippet":"max-snippet:-1","max-image-preview":"max-image-preview:large","max-video-preview":"max-video-preview:-1"},"canonical":"https:\/\/www.gvs.com.br\/safety\/2025\/01\/11\/mascara-de-protecao-respiratoria\/","og_locale":"pt_BR","og_type":"article","og_title":"M\u00e1scara de prote\u00e7\u00e3o respirat\u00f3ria","og_description":"M\u00e1scara de prote\u00e7\u00e3o respirat\u00f3ria: saiba como manusear. Descubra quais as t\u00e9cnicas para conserva\u00e7\u00e3o e uso dos Equipamentos de Prote\u00e7\u00e3o Respirat\u00f3ria","og_url":"https:\/\/www.gvs.com.br\/safety\/2025\/01\/11\/mascara-de-protecao-respiratoria\/","og_site_name":"Safety","article_published_time":"2025-01-11T20:49:00+00:00","article_modified_time":"2025-09-10T20:54:23+00:00","og_image":[{"width":1123,"height":633,"url":"https:\/\/www.gvs.com.br\/safety\/wp-content\/uploads\/2025\/09\/topo-gvs-safety-mascara-de-protecao-respiratoria.jpg","type":"image\/jpeg"}],"author":"admin-gvs","twitter_card":"summary_large_image","twitter_misc":{"Escrito por":"admin-gvs","Est. tempo de leitura":"7 minutos"},"schema":{"@context":"https:\/\/schema.org","@graph":[{"@type":"Article","@id":"https:\/\/www.gvs.com.br\/safety\/2025\/01\/11\/mascara-de-protecao-respiratoria\/#article","isPartOf":{"@id":"https:\/\/www.gvs.com.br\/safety\/2025\/01\/11\/mascara-de-protecao-respiratoria\/"},"author":{"name":"admin-gvs","@id":"https:\/\/www.gvs.com.br\/safety\/#\/schema\/person\/08f0e38941dafa538ee5706ec48fe5a1"},"headline":"M\u00e1scara de prote\u00e7\u00e3o respirat\u00f3ria: saiba como manusear","datePublished":"2025-01-11T20:49:00+00:00","dateModified":"2025-09-10T20:54:23+00:00","mainEntityOfPage":{"@id":"https:\/\/www.gvs.com.br\/safety\/2025\/01\/11\/mascara-de-protecao-respiratoria\/"},"wordCount":1350,"commentCount":0,"publisher":{"@id":"https:\/\/www.gvs.com.br\/safety\/#organization"},"image":{"@id":"https:\/\/www.gvs.com.br\/safety\/2025\/01\/11\/mascara-de-protecao-respiratoria\/#primaryimage"},"thumbnailUrl":"https:\/\/www.gvs.com.br\/safety\/wp-content\/uploads\/2025\/09\/topo-gvs-safety-mascara-de-protecao-respiratoria.jpg","keywords":["Elipse","Produtos GVS","Prote\u00e7\u00e3o Respirat\u00f3ria","Safety"],"articleSection":["Safety"],"inLanguage":"pt-BR","potentialAction":[{"@type":"CommentAction","name":"Comment","target":["https:\/\/www.gvs.com.br\/safety\/2025\/01\/11\/mascara-de-protecao-respiratoria\/#respond"]}]},{"@type":"WebPage","@id":"https:\/\/www.gvs.com.br\/safety\/2025\/01\/11\/mascara-de-protecao-respiratoria\/","url":"https:\/\/www.gvs.com.br\/safety\/2025\/01\/11\/mascara-de-protecao-respiratoria\/","name":"M\u00e1scara de prote\u00e7\u00e3o respirat\u00f3ria","isPartOf":{"@id":"https:\/\/www.gvs.com.br\/safety\/#website"},"primaryImageOfPage":{"@id":"https:\/\/www.gvs.com.br\/safety\/2025\/01\/11\/mascara-de-protecao-respiratoria\/#primaryimage"},"image":{"@id":"https:\/\/www.gvs.com.br\/safety\/2025\/01\/11\/mascara-de-protecao-respiratoria\/#primaryimage"},"thumbnailUrl":"https:\/\/www.gvs.com.br\/safety\/wp-content\/uploads\/2025\/09\/topo-gvs-safety-mascara-de-protecao-respiratoria.jpg","datePublished":"2025-01-11T20:49:00+00:00","dateModified":"2025-09-10T20:54:23+00:00","description":"M\u00e1scara de prote\u00e7\u00e3o respirat\u00f3ria: saiba como manusear. Descubra quais as t\u00e9cnicas para conserva\u00e7\u00e3o e uso dos Equipamentos de Prote\u00e7\u00e3o Respirat\u00f3ria","breadcrumb":{"@id":"https:\/\/www.gvs.com.br\/safety\/2025\/01\/11\/mascara-de-protecao-respiratoria\/#breadcrumb"},"inLanguage":"pt-BR","potentialAction":[{"@type":"ReadAction","target":["https:\/\/www.gvs.com.br\/safety\/2025\/01\/11\/mascara-de-protecao-respiratoria\/"]}]},{"@type":"ImageObject","inLanguage":"pt-BR","@id":"https:\/\/www.gvs.com.br\/safety\/2025\/01\/11\/mascara-de-protecao-respiratoria\/#primaryimage","url":"https:\/\/www.gvs.com.br\/safety\/wp-content\/uploads\/2025\/09\/topo-gvs-safety-mascara-de-protecao-respiratoria.jpg","contentUrl":"https:\/\/www.gvs.com.br\/safety\/wp-content\/uploads\/2025\/09\/topo-gvs-safety-mascara-de-protecao-respiratoria.jpg","width":1123,"height":633},{"@type":"BreadcrumbList","@id":"https:\/\/www.gvs.com.br\/safety\/2025\/01\/11\/mascara-de-protecao-respiratoria\/#breadcrumb","itemListElement":[{"@type":"ListItem","position":1,"name":"In\u00edcio","item":"https:\/\/www.gvs.com.br\/safety\/"},{"@type":"ListItem","position":2,"name":"M\u00e1scara de prote\u00e7\u00e3o respirat\u00f3ria: saiba como manusear"}]},{"@type":"WebSite","@id":"https:\/\/www.gvs.com.br\/safety\/#website","url":"https:\/\/www.gvs.com.br\/safety\/","name":"Safety","description":"","publisher":{"@id":"https:\/\/www.gvs.com.br\/safety\/#organization"},"potentialAction":[{"@type":"SearchAction","target":{"@type":"EntryPoint","urlTemplate":"https:\/\/www.gvs.com.br\/safety\/?s={search_term_string}"},"query-input":{"@type":"PropertyValueSpecification","valueRequired":true,"valueName":"search_term_string"}}],"inLanguage":"pt-BR"},{"@type":"Organization","@id":"https:\/\/www.gvs.com.br\/safety\/#organization","name":"Safety","url":"https:\/\/www.gvs.com.br\/safety\/","logo":{"@type":"ImageObject","inLanguage":"pt-BR","@id":"https:\/\/www.gvs.com.br\/safety\/#\/schema\/logo\/image\/","url":"https:\/\/www.gvs.com.br\/safety\/wp-content\/uploads\/2024\/12\/Logo-GVS-Safety.png","contentUrl":"https:\/\/www.gvs.com.br\/safety\/wp-content\/uploads\/2024\/12\/Logo-GVS-Safety.png","width":1920,"height":1080,"caption":"Safety"},"image":{"@id":"https:\/\/www.gvs.com.br\/safety\/#\/schema\/logo\/image\/"}},{"@type":"Person","@id":"https:\/\/www.gvs.com.br\/safety\/#\/schema\/person\/08f0e38941dafa538ee5706ec48fe5a1","name":"admin-gvs","image":{"@type":"ImageObject","inLanguage":"pt-BR","@id":"https:\/\/secure.gravatar.com\/avatar\/753807cf2c24e7c5051446eb4fc6c55657714e911f26a29329d9dc501ae35121?s=96&d=mm&r=g","url":"https:\/\/secure.gravatar.com\/avatar\/753807cf2c24e7c5051446eb4fc6c55657714e911f26a29329d9dc501ae35121?s=96&d=mm&r=g","contentUrl":"https:\/\/secure.gravatar.com\/avatar\/753807cf2c24e7c5051446eb4fc6c55657714e911f26a29329d9dc501ae35121?s=96&d=mm&r=g","caption":"admin-gvs"},"url":"https:\/\/www.gvs.com.br\/safety\/author\/admin-gvs\/"}]}},"uagb_featured_image_src":{"full":["https:\/\/www.gvs.com.br\/safety\/wp-content\/uploads\/2025\/09\/topo-gvs-safety-mascara-de-protecao-respiratoria.jpg",1123,633,false],"thumbnail":["https:\/\/www.gvs.com.br\/safety\/wp-content\/uploads\/2025\/09\/topo-gvs-safety-mascara-de-protecao-respiratoria-150x150.jpg",150,150,true],"medium":["https:\/\/www.gvs.com.br\/safety\/wp-content\/uploads\/2025\/09\/topo-gvs-safety-mascara-de-protecao-respiratoria-300x169.jpg",300,169,true],"medium_large":["https:\/\/www.gvs.com.br\/safety\/wp-content\/uploads\/2025\/09\/topo-gvs-safety-mascara-de-protecao-respiratoria-768x433.jpg",768,433,true],"large":["https:\/\/www.gvs.com.br\/safety\/wp-content\/uploads\/2025\/09\/topo-gvs-safety-mascara-de-protecao-respiratoria-1024x577.jpg",1024,577,true],"1536x1536":["https:\/\/www.gvs.com.br\/safety\/wp-content\/uploads\/2025\/09\/topo-gvs-safety-mascara-de-protecao-respiratoria.jpg",1123,633,false],"2048x2048":["https:\/\/www.gvs.com.br\/safety\/wp-content\/uploads\/2025\/09\/topo-gvs-safety-mascara-de-protecao-respiratoria.jpg",1123,633,false]},"uagb_author_info":{"display_name":"admin-gvs","author_link":"https:\/\/www.gvs.com.br\/safety\/author\/admin-gvs\/"},"uagb_comment_info":0,"uagb_excerpt":"M\u00e1scara de prote\u00e7\u00e3o respirat\u00f3ria: saiba como manusear Descubra quais as t\u00e9cnicas para conserva\u00e7\u00e3o e uso dos Equipamentos de Prote\u00e7\u00e3o Respirat\u00f3ria [&hellip;]","_links":{"self":[{"href":"https:\/\/www.gvs.com.br\/safety\/wp-json\/wp\/v2\/posts\/2912","targetHints":{"allow":["GET"]}}],"collection":[{"href":"https:\/\/www.gvs.com.br\/safety\/wp-json\/wp\/v2\/posts"}],"about":[{"href":"https:\/\/www.gvs.com.br\/safety\/wp-json\/wp\/v2\/types\/post"}],"author":[{"embeddable":true,"href":"https:\/\/www.gvs.com.br\/safety\/wp-json\/wp\/v2\/users\/2"}],"replies":[{"embeddable":true,"href":"https:\/\/www.gvs.com.br\/safety\/wp-json\/wp\/v2\/comments?post=2912"}],"version-history":[{"count":1,"href":"https:\/\/www.gvs.com.br\/safety\/wp-json\/wp\/v2\/posts\/2912\/revisions"}],"predecessor-version":[{"id":2915,"href":"https:\/\/www.gvs.com.br\/safety\/wp-json\/wp\/v2\/posts\/2912\/revisions\/2915"}],"wp:featuredmedia":[{"embeddable":true,"href":"https:\/\/www.gvs.com.br\/safety\/wp-json\/wp\/v2\/media\/2913"}],"wp:attachment":[{"href":"https:\/\/www.gvs.com.br\/safety\/wp-json\/wp\/v2\/media?parent=2912"}],"wp:term":[{"taxonomy":"category","embeddable":true,"href":"https:\/\/www.gvs.com.br\/safety\/wp-json\/wp\/v2\/categories?post=2912"},{"taxonomy":"post_tag","embeddable":true,"href":"https:\/\/www.gvs.com.br\/safety\/wp-json\/wp\/v2\/tags?post=2912"}],"curies":[{"name":"wp","href":"https:\/\/api.w.org\/{rel}","templated":true}]}}