{"id":2906,"date":"2025-01-12T20:21:00","date_gmt":"2025-01-12T20:21:00","guid":{"rendered":"https:\/\/www.gvs.com.br\/safety\/?p=2906"},"modified":"2025-09-11T17:17:20","modified_gmt":"2025-09-11T17:17:20","slug":"respirador-pff","status":"publish","type":"post","link":"https:\/\/www.gvs.com.br\/safety\/2025\/01\/12\/respirador-pff\/","title":{"rendered":"Respirador PFF: entenda como escolher o ideal para a sua empresa"},"content":{"rendered":"\n<div class=\"wp-block-uagb-container uagb-block-2d8af228 alignfull uagb-is-root-container\"><div class=\"uagb-container-inner-blocks-wrap\">\n<div class=\"wp-block-uagb-advanced-heading uagb-block-88fad113\"><h2 class=\"uagb-heading-text\"><strong>Respirador PFF: entenda como escolher <\/strong><br><strong>o ideal para a sua empresa<\/strong><\/h2><\/div>\n\n\n\n<p class=\"has-ast-global-color-5-color has-text-color has-link-color wp-elements-cd8a4a36c1ecfaec6baf4059811e57b6\"><strong>Descubra qual a principal diferen\u00e7a entre as Pe\u00e7as Faciais Filtrantes (PFFs)<\/strong><\/p>\n<\/div><\/div>\n\n\n\n<p><\/p>\n\n\n\n<p>De fato, a prote\u00e7\u00e3o respirat\u00f3ria da sua equipe, torna-se essencial para a implanta\u00e7\u00e3o de um Programa de Gerenciamento de Riscos (PGR) eficiente. Isso porque, ao analisar os riscos de um ambiente, nos deparamos com in\u00fameros pontos a serem observados, incluindo riscos as vias respirat\u00f3rias.<\/p>\n\n\n\n<p>Por isso, contamos com diversos dispositivos de prote\u00e7\u00e3o destinados ao boqueio da aspira\u00e7\u00e3o de particulados. Assim, torna-se essencial, entender mais sobre os EPIs dispon\u00edveis no mercado e, desse modo, aumentar a seguran\u00e7a no ambiente de trabalho.<\/p>\n\n\n\n<p>Portanto, hoje falaremos sobre o respirador PFF e suas varia\u00e7\u00f5es. Dessa forma, te ajudaremos a encontrar o modelo ideal para a sua empresa e para a seguran\u00e7a dos seus funcion\u00e1rios.<\/p>\n\n\n\n<p>Quer saber mais sobre esses dispositivos, essenciais para a assegurar as condi\u00e7\u00f5es de trabalho ideais para os seus colaboradores?<\/p>\n\n\n\n<p>Garantimos que ao final desse texto, voc\u00ea ter\u00e1 certeza do EPI certo para a sua empresa.<\/p>\n\n\n\n<p>Ent\u00e3o, acompanhe a leitura e fique por dentro de tudo sobre o assunto!<\/p>\n\n\n\n<h2 class=\"wp-block-heading\">Leis e regras da prote\u00e7\u00e3o respirat\u00f3ria<\/h2>\n\n\n\n<p>Antes de mais nada, \u00e9 preciso entender que a aplica\u00e7\u00e3o de EPIs e, tamb\u00e9m, de EPCs, s\u00e3o de extrema import\u00e2ncia para garantir seguran\u00e7a no ambiente de trabalho. Mas, tamb\u00e9m, se encaixam em regulamentos e leis de prote\u00e7\u00e3o.<\/p>\n\n\n\n<p>Dessa forma, s\u00e3o obriga\u00e7\u00f5es importantes para o empregador. Assim, \u00e9 poss\u00edvel assegurar bem-estar e sa\u00fade aos seus colaboradores e, tamb\u00e9m, estar em dia com os programas de seguran\u00e7a no ambiente de trabalho.<\/p>\n\n\n\n<p>Al\u00e9m disso, \u00e9 importante ressaltar que as diretrizes para estabelecimento de um ambiente seguro, foram reunidas em apenas um programa.<\/p>\n\n\n\n<p>Dessa maneira, a tarefa de an\u00e1lise, planejamento, implanta\u00e7\u00e3o e monitoramento, tornaram-se muito mais simples para a rotina do profissional respons\u00e1vel por esse trabalho.<\/p>\n\n\n\n<p>Assim, o PGR (Programa de Gerenciamento de Riscos), \u00e9 respons\u00e1vel por reunir todas as informa\u00e7\u00f5es sobre \u00e1reas e pr\u00e1ticas que possam ser nocivas ao colaborador.<\/p>\n\n\n\n<p>\u00c9 nele, tamb\u00e9m, que estabelecemos os meios de conten\u00e7\u00e3o e preven\u00e7\u00e3o dos riscos presentes no ambiente, tais como as m\u00e1scaras de prote\u00e7\u00e3o e\/ou o respirador PFF.<\/p>\n\n\n\n<h2 class=\"wp-block-heading\">O que \u00e9 o respirador PFF?<\/h2>\n\n\n\n<p>O respirador PFF, ou Pe\u00e7a Facial Filtrante, ao contr\u00e1rio de outros componentes que possuam a mesma finalidade, tem os filtros integrados ao seu corpo.<\/p>\n\n\n\n<p>Desse modo, n\u00e3o existe nenhuma forma de trocar ou repor o meio filtrante, exceto a troca do pr\u00f3prio respirador.<\/p>\n\n\n\n<p>Por isso, geralmente, \u00e9 realizado o descarte do dispositivo. Mas, em alguns casos, o repouso do componente pode inativar o particulado filtrado, possibilitando a reutiliza\u00e7\u00e3o da m\u00e1scara.<\/p>\n\n\n\n<p>Assim, uma das principais vantagens dos dispositivos PFF, \u00e9 a sua versatilidade e praticidade de aplica\u00e7\u00e3o. Isso porque, o respirador PFF n\u00e3o exige manuten\u00e7\u00f5es t\u00e3o rigorosas quanto outras m\u00e1scaras.<\/p>\n\n\n\n<p>Voc\u00ea sabe por qual motivo o respirador PFF contribui para a versatilidade no seu ambiente de trabalho?<\/p>\n\n\n\n<p>Continue a leitura e descubra!<\/p>\n\n\n\n<figure class=\"wp-block-image aligncenter size-large\"><img loading=\"lazy\" decoding=\"async\" width=\"1024\" height=\"323\" src=\"https:\/\/www.gvs.com.br\/safety\/wp-content\/uploads\/2025\/09\/meio-gvs-safety-respirador-pff-1024x323.jpg\" alt=\"\" class=\"wp-image-2917\" srcset=\"https:\/\/www.gvs.com.br\/safety\/wp-content\/uploads\/2025\/09\/meio-gvs-safety-respirador-pff-1024x323.jpg 1024w, https:\/\/www.gvs.com.br\/safety\/wp-content\/uploads\/2025\/09\/meio-gvs-safety-respirador-pff-300x95.jpg 300w, https:\/\/www.gvs.com.br\/safety\/wp-content\/uploads\/2025\/09\/meio-gvs-safety-respirador-pff-768x242.jpg 768w, https:\/\/www.gvs.com.br\/safety\/wp-content\/uploads\/2025\/09\/meio-gvs-safety-respirador-pff.jpg 1110w\" sizes=\"auto, (max-width: 1024px) 100vw, 1024px\" \/><\/figure>\n\n\n\n<h2 class=\"wp-block-heading\">Tipos de respirador PFF<\/h2>\n\n\n\n<p>Como hav\u00edamos mencionado anteriormente, o respirador PFF pode atender diversas \u00e1reas do seu ambiente profissional. Isso porque, o dispositivo conta com algumas vers\u00f5es que determinam a sua capacidade filtrante.<\/p>\n\n\n\n<p>Assim, \u00e9 poss\u00edvel definir qual o dispositivo ideal para um determinado setor, de acordo com sua aptid\u00e3o para a reten\u00e7\u00e3o de particulados, baseado em m\u00e9tricas, como: tamanho do componente.<\/p>\n\n\n\n<p>Desse modo, podemos encontrar atualmente tr\u00eas varia\u00e7\u00f5es do EPI com alguns diferenciais al\u00e9m da capacidade de filtra\u00e7\u00e3o, s\u00e3o eles:<\/p>\n\n\n\n<ul class=\"wp-block-list\">\n<li>Respirador PFF 1;<\/li>\n\n\n\n<li>M\u00e1scara PFF 2;<\/li>\n<\/ul>\n\n\n\n<p>IMAGEM AQUI<\/p>\n\n\n\n<ul class=\"wp-block-list\">\n<li>M\u00e1scara PFF 2 com filtro de carv\u00e3o;<\/li>\n\n\n\n<li>Respirador PFF 3.<\/li>\n<\/ul>\n\n\n\n<p>Quer saber mais sobre esses componentes? Segue o artigo!<\/p>\n\n\n\n<h4 class=\"wp-block-heading\">Respirador PFF1<\/h4>\n\n\n\n<p>As Pe\u00e7as Faciais Filtrantes, classificadas como PFF 1, s\u00e3o respons\u00e1veis pela filtra\u00e7\u00e3o de part\u00edculas s\u00f3lidas. Ou seja, poeiras e n\u00e9voas n\u00e3o oleosas.<\/p>\n\n\n\n<p>Dessa forma, este respirador \u00e9 categorizado como eficiente para reten\u00e7\u00e3o m\u00ednima de 80% e 20% de penetra\u00e7\u00e3o m\u00e1xima dos particulados.<\/p>\n\n\n\n<p>Por isso, existem algumas contraindica\u00e7\u00f5es para a sua aplica\u00e7\u00e3o de acordo com o ambiente para o qual \u00e9 destinado. Veja a seguir!<\/p>\n\n\n\n<ul class=\"wp-block-list\">\n<li>Ambientes com a presen\u00e7a de amianto;<\/li>\n\n\n\n<li>\u00c1reas que contenham s\u00edlica;<\/li>\n\n\n\n<li>N\u00e3o indicado para a prote\u00e7\u00e3o contra fumos;<\/li>\n\n\n\n<li>N\u00e3o indicado para concentra\u00e7\u00f5es 10 vezes superior ao limite de toler\u00e2ncia.<\/li>\n<\/ul>\n\n\n\n<h4 class=\"wp-block-heading\">Respirador PFF2<\/h4>\n\n\n\n<p>J\u00e1 os respiradores classificados em\u00a0<a href=\"https:\/\/www.gvs.com.br\/safety\/produtos-respirador-descartavel-aero-2-pff2-com-valvula\/\" target=\"_blank\" rel=\"noreferrer noopener\">PFF2<\/a>, t\u00eam a capacidade de reter os componentes citados no item anterior. Mas, adicionam em sua lista de componentes filtrados os seguintes particulados: fumos met\u00e1licos ou pl\u00e1sticos e part\u00edculas de toxidade desconhecida.<\/p>\n\n\n\n<p>Assim, tem efetividade maior, dependendo do ambiente e tarefa para a qual ser\u00e1 aplicado. Al\u00e9m disso, conta com 94% de capacidade de reten\u00e7\u00e3o e penetra\u00e7\u00e3o m\u00e1xima contabilizada em 6%.<\/p>\n\n\n\n<p>Entretanto, o componente ainda n\u00e3o \u00e9 indicado para o uso em ambientes que possuam amianto e, tamb\u00e9m, ambientes hospitalares e odontol\u00f3gicos.<\/p>\n\n\n\n<p>Como mencionado anteriormente, as m\u00e1scaras PFF2 ainda contam com uma varia\u00e7\u00e3o que adiciona o filtro de carv\u00e3o na sua constru\u00e7\u00e3o.<\/p>\n\n\n\n<p>Desse modo, \u00e9 poss\u00edvel reduzir os odores de determinados vapores, o que facilita a realiza\u00e7\u00e3o da fun\u00e7\u00e3o do profissional, aumentando o seu conforto e, consequentemente, sua produtividade.<\/p>\n\n\n\n<h4 class=\"wp-block-heading\">Respirador PFF3<\/h4>\n\n\n\n<p>Por \u00faltimo, mas, n\u00e3o menos importante, temos a <a href=\"https:\/\/www.gvs.com.br\/safety\/produtos-respirador-descartavel-aero-2-pff3-com-valvula\/\" target=\"_blank\" rel=\"noreferrer noopener\">PFF3<\/a>, que \u00e9 indicada para ambientes que apresentam riscos mais altos ao sistema respirat\u00f3rio do profissional.<\/p>\n\n\n\n<p>Por isso, a PFF3 \u00e9 indicada para a prote\u00e7\u00e3o contra os seguintes contaminantes:<\/p>\n\n\n\n<ul class=\"wp-block-list\">\n<li>Poeiras;<\/li>\n\n\n\n<li>S\u00edlicas;<\/li>\n\n\n\n<li>Arc\u00eanio;<\/li>\n\n\n\n<li>Ber\u00edlio;<\/li>\n\n\n\n<li>Chumbo;<\/li>\n\n\n\n<li>Entre outras n\u00e9voas n\u00e3o oleosas.<\/li>\n<\/ul>\n\n\n\n<p>Com isso, podemos constatar que a efici\u00eancia de reten\u00e7\u00e3o de particulados \u00e9 de 97,7% e a penetra\u00e7\u00e3o m\u00e1xima \u00e9 inferior a 0,05%. Desse modo, garantindo maior seguran\u00e7a ao seu colaborador.<\/p>\n\n\n\n<h2 class=\"wp-block-heading\">Conte com empresas de confian\u00e7a<\/h2>\n\n\n\n<p>Agora que voc\u00ea j\u00e1 sabe sobre as principais diferen\u00e7as entre os respiradores PFF e, tamb\u00e9m, j\u00e1 sabe qual escolher para a sua empresa, \u00e9 preciso procurar pelo fornecedor certo.<\/p>\n\n\n\n<p>Para isso, apostar em empresas de confian\u00e7a, torna-se essencial para o seu neg\u00f3cio. Assim, voc\u00ea consegue o equipamento correto para o seu tipo de neg\u00f3cio, sem maiores problemas.<\/p>\n\n\n\n<p>A GVS, atua no mercado de projeto, fabrica\u00e7\u00e3o e fornecimento de EPIs respirat\u00f3rios, desde 1979. Buscamos estabelecer uma rela\u00e7\u00e3o de compromisso com as necessidades dos nossos clientes, al\u00e9m de prestar todo o suporte necess\u00e1rio para a compra e implanta\u00e7\u00e3o de respiradores e demais equipamentos.<\/p>\n\n\n\n<p>Al\u00e9m disso, buscamos pela excel\u00eancia dos servi\u00e7os e produtos oferecidos, desde a escolha da mat\u00e9ria-prima at\u00e9 o atendimento e entrega dos nossos equipamentos.<\/p>\n\n\n\n<p>Saiba mais sobre nossas solu\u00e7\u00f5es para a seguran\u00e7a no seu ambiente profissional clicando\u00a0<a href=\"https:\/\/www.gvs.com.br\/safety\/produtos\/\" target=\"_blank\" rel=\"noreferrer noopener\">aqui<\/a>. Acesse\u00a0<a href=\"https:\/\/www.gvs.com.br\/safety\/\" target=\"_blank\" rel=\"noreferrer noopener\">nosso site<\/a>\u00a0e descubra o motivo de sermos refer\u00eancia no mercado de Equipamentos de Prote\u00e7\u00e3o Respirat\u00f3ria.<\/p>\n\n\n\n<p>Quer ficar por dentro do mercado de prote\u00e7\u00e3o respirat\u00f3ria e seguran\u00e7a para a sua empresa? Acesse\u00a0<a href=\"https:\/\/www.gvs.com.br\/safety\/blog\/\" target=\"_blank\" rel=\"noreferrer noopener\">nosso blog<\/a>\u00a0e saiba tudo sobre o assunto!<\/p>\n\n\n\n<h2 class=\"wp-block-heading\">Refer\u00eancias<\/h2>\n\n\n\n<p><a href=\"https:\/\/safetytrab.com.br\/blog\/pff-1-pff-2-e-pff3-qual-a-diferenca-entre-os-filtros\/\" target=\"_blank\" rel=\"noreferrer noopener\">www.safetytrab.com.br\/blog\/pff-1-pff-2-e-pff3-qual-a-diferenca-entre-os-filtros\/<\/a><\/p>\n\n\n\n<div class=\"wp-block-uagb-separator uagb-block-12928a3d\"><div class=\"uagb-separator-spacing-wrapper\"><div class=\"wp-block-uagb-separator__inner\" style=\"--my-background-image:\"><\/div><\/div><\/div>\n\n\n\n<div class=\"wp-block-uagb-advanced-heading uagb-block-37689345\"><h2 class=\"uagb-heading-text\"><strong>Acreditamos em proteger voc\u00ea para os melhores momentos da vida!<\/strong><\/h2><\/div>\n\n\n\n<p>Criamos solu\u00e7\u00f5es de prote\u00e7\u00e3o respirat\u00f3ria que tornam voc\u00ea e sua equipe mais seguros, para que todos possam voltar para casa no final de cada dia, seguros, saud\u00e1veis e capazes de fazer aquilo que mais importa.<\/p>\n\n\n\n<div class=\"wp-block-uagb-separator uagb-block-b8b79ce8\"><div class=\"uagb-separator-spacing-wrapper\"><div class=\"wp-block-uagb-separator__inner\" style=\"--my-background-image:\"><\/div><\/div><\/div>\n\n\n\n<div class=\"wp-block-uagb-call-to-action uagb-block-e6f6b3df wp-block-button\"><div class=\"uagb-cta__wrap\"><h3 class=\"uagb-cta__title\">Fale com a gente!<\/h3><p class=\"uagb-cta__desc\">Entre em contato com o nosso time hoje mesmo, esclare\u00e7a as suas d\u00favidas e&nbsp;<strong>solicite a sua cota\u00e7\u00e3o!<\/strong><\/p><\/div><div class=\"uagb-cta__buttons\"><a href=\"https:\/\/wa.me\/551938797222\" class=\"uagb-cta__button-link-wrapper wp-block-button__link\" target=\"_self\" rel=\"noopener noreferrer\"><svg xmlns=\"https:\/\/www.w3.org\/2000\/svg\" viewBox=\"0 0 448 512\"><path d=\"M380.9 97.1C339 55.1 283.2 32 223.9 32c-122.4 0-222 99.6-222 222 0 39.1 10.2 77.3 29.6 111L0 480l117.7-30.9c32.4 17.7 68.9 27 106.1 27h.1c122.3 0 224.1-99.6 224.1-222 0-59.3-25.2-115-67.1-157zm-157 341.6c-33.2 0-65.7-8.9-94-25.7l-6.7-4-69.8 18.3L72 359.2l-4.4-7c-18.5-29.4-28.2-63.3-28.2-98.2 0-101.7 82.8-184.5 184.6-184.5 49.3 0 95.6 19.2 130.4 54.1 34.8 34.9 56.2 81.2 56.1 130.5 0 101.8-84.9 184.6-186.6 184.6zm101.2-138.2c-5.5-2.8-32.8-16.2-37.9-18-5.1-1.9-8.8-2.8-12.5 2.8-3.7 5.6-14.3 18-17.6 21.8-3.2 3.7-6.5 4.2-12 1.4-32.6-16.3-54-29.1-75.5-66-5.7-9.8 5.7-9.1 16.3-30.3 1.8-3.7 .9-6.9-.5-9.7-1.4-2.8-12.5-30.1-17.1-41.2-4.5-10.8-9.1-9.3-12.5-9.5-3.2-.2-6.9-.2-10.6-.2-3.7 0-9.7 1.4-14.8 6.9-5.1 5.6-19.4 19-19.4 46.3 0 27.3 19.9 53.7 22.6 57.4 2.8 3.7 39.1 59.7 94.8 83.8 35.2 15.2 49 16.5 66.6 13.9 10.7-1.6 32.8-13.4 37.4-26.4 4.6-13 4.6-24.1 3.2-26.4-1.3-2.5-5-3.9-10.5-6.6z\"><\/path><\/svg>WhatsApp<\/a><\/div><\/div>\n\n\n\n<div class=\"wp-block-uagb-separator uagb-block-96e52944\"><div class=\"uagb-separator-spacing-wrapper\"><div class=\"wp-block-uagb-separator__inner\" style=\"--my-background-image:\"><\/div><\/div><\/div>\n\n\n\n<div class=\"wp-block-uagb-call-to-action uagb-block-bf9c28ce wp-block-button\"><div class=\"uagb-cta__wrap\"><h3 class=\"uagb-cta__title\">Fique por dentro das novidades!<\/h3><p class=\"uagb-cta__desc\">Acompanhe nossa jornada de inova\u00e7\u00e3o e saiba mais sobre nossos produtos, acesse <strong>Safety da GVS.<\/strong><\/p><\/div><div class=\"uagb-cta__buttons\"><a href=\"https:\/\/www.gvs.com.br\/safety\" class=\"uagb-cta__button-link-wrapper wp-block-button__link\" target=\"_self\" rel=\"noopener noreferrer\">Acesse o site<\/a><\/div><\/div>\n\n\n\n<p><\/p>\n","protected":false},"excerpt":{"rendered":"<p>Respirador PFF: entenda como escolher o ideal para a sua empresa Descubra qual a principal diferen\u00e7a entre as Pe\u00e7as Faciais [&hellip;]<\/p>\n","protected":false},"author":2,"featured_media":2916,"comment_status":"open","ping_status":"open","sticky":false,"template":"","format":"standard","meta":{"_uag_custom_page_level_css":"","site-sidebar-layout":"default","site-content-layout":"","ast-site-content-layout":"","site-content-style":"default","site-sidebar-style":"default","ast-global-header-display":"","ast-banner-title-visibility":"","ast-main-header-display":"","ast-hfb-above-header-display":"","ast-hfb-below-header-display":"","ast-hfb-mobile-header-display":"","site-post-title":"disabled","ast-breadcrumbs-content":"","ast-featured-img":"","footer-sml-layout":"","ast-disable-related-posts":"","theme-transparent-header-meta":"","adv-header-id-meta":"","stick-header-meta":"","header-above-stick-meta":"","header-main-stick-meta":"","header-below-stick-meta":"","astra-migrate-meta-layouts":"default","ast-page-background-enabled":"default","ast-page-background-meta":{"desktop":{"background-color":"var(--ast-global-color-4)","background-image":"","background-repeat":"repeat","background-position":"center center","background-size":"auto","background-attachment":"scroll","background-type":"","background-media":"","overlay-type":"","overlay-color":"","overlay-opacity":"","overlay-gradient":""},"tablet":{"background-color":"","background-image":"","background-repeat":"repeat","background-position":"center center","background-size":"auto","background-attachment":"scroll","background-type":"","background-media":"","overlay-type":"","overlay-color":"","overlay-opacity":"","overlay-gradient":""},"mobile":{"background-color":"","background-image":"","background-repeat":"repeat","background-position":"center center","background-size":"auto","background-attachment":"scroll","background-type":"","background-media":"","overlay-type":"","overlay-color":"","overlay-opacity":"","overlay-gradient":""}},"ast-content-background-meta":{"desktop":{"background-color":"var(--ast-global-color-5)","background-image":"","background-repeat":"repeat","background-position":"center center","background-size":"auto","background-attachment":"scroll","background-type":"","background-media":"","overlay-type":"","overlay-color":"","overlay-opacity":"","overlay-gradient":""},"tablet":{"background-color":"var(--ast-global-color-5)","background-image":"","background-repeat":"repeat","background-position":"center center","background-size":"auto","background-attachment":"scroll","background-type":"","background-media":"","overlay-type":"","overlay-color":"","overlay-opacity":"","overlay-gradient":""},"mobile":{"background-color":"var(--ast-global-color-5)","background-image":"","background-repeat":"repeat","background-position":"center center","background-size":"auto","background-attachment":"scroll","background-type":"","background-media":"","overlay-type":"","overlay-color":"","overlay-opacity":"","overlay-gradient":""}},"footnotes":""},"categories":[5],"tags":[34,17,15,16],"class_list":["post-2906","post","type-post","status-publish","format-standard","has-post-thumbnail","hentry","category-safety","tag-elipse","tag-produtos-gvs","tag-protecao-respiratoria","tag-safety"],"yoast_head":"<!-- This site is optimized with the Yoast SEO plugin v27.2 - https:\/\/yoast.com\/product\/yoast-seo-wordpress\/ -->\n<title>Respirador PFF<\/title>\n<meta name=\"description\" content=\"Respirador PFF: entenda como escolher o ideal para a sua empresa. Descubra qual a principal diferen\u00e7a entre as Pe\u00e7as Faciais Filtrantes (PFFs).\" \/>\n<meta name=\"robots\" content=\"index, follow, max-snippet:-1, max-image-preview:large, max-video-preview:-1\" \/>\n<link rel=\"canonical\" href=\"https:\/\/www.gvs.com.br\/safety\/2025\/01\/12\/respirador-pff\/\" \/>\n<meta property=\"og:locale\" content=\"pt_BR\" \/>\n<meta property=\"og:type\" content=\"article\" \/>\n<meta property=\"og:title\" content=\"Respirador PFF\" \/>\n<meta property=\"og:description\" content=\"Respirador PFF: entenda como escolher o ideal para a sua empresa. Descubra qual a principal diferen\u00e7a entre as Pe\u00e7as Faciais Filtrantes (PFFs).\" \/>\n<meta property=\"og:url\" content=\"https:\/\/www.gvs.com.br\/safety\/2025\/01\/12\/respirador-pff\/\" \/>\n<meta property=\"og:site_name\" content=\"Safety\" \/>\n<meta property=\"article:published_time\" content=\"2025-01-12T20:21:00+00:00\" \/>\n<meta property=\"article:modified_time\" content=\"2025-09-11T17:17:20+00:00\" \/>\n<meta property=\"og:image\" content=\"https:\/\/www.gvs.com.br\/safety\/wp-content\/uploads\/2025\/09\/topo-gvs-safety-respirador-pff.jpg\" \/>\n\t<meta property=\"og:image:width\" content=\"1123\" \/>\n\t<meta property=\"og:image:height\" content=\"633\" \/>\n\t<meta property=\"og:image:type\" content=\"image\/jpeg\" \/>\n<meta name=\"author\" content=\"admin-gvs\" \/>\n<meta name=\"twitter:card\" content=\"summary_large_image\" \/>\n<meta name=\"twitter:label1\" content=\"Escrito por\" \/>\n\t<meta name=\"twitter:data1\" content=\"admin-gvs\" \/>\n\t<meta name=\"twitter:label2\" content=\"Est. tempo de leitura\" \/>\n\t<meta name=\"twitter:data2\" content=\"7 minutos\" \/>\n<script type=\"application\/ld+json\" class=\"yoast-schema-graph\">{\"@context\":\"https:\/\/schema.org\",\"@graph\":[{\"@type\":\"Article\",\"@id\":\"https:\/\/www.gvs.com.br\/safety\/2025\/01\/12\/respirador-pff\/#article\",\"isPartOf\":{\"@id\":\"https:\/\/www.gvs.com.br\/safety\/2025\/01\/12\/respirador-pff\/\"},\"author\":{\"name\":\"admin-gvs\",\"@id\":\"https:\/\/www.gvs.com.br\/safety\/#\/schema\/person\/08f0e38941dafa538ee5706ec48fe5a1\"},\"headline\":\"Respirador PFF: entenda como escolher o ideal para a sua empresa\",\"datePublished\":\"2025-01-12T20:21:00+00:00\",\"dateModified\":\"2025-09-11T17:17:20+00:00\",\"mainEntityOfPage\":{\"@id\":\"https:\/\/www.gvs.com.br\/safety\/2025\/01\/12\/respirador-pff\/\"},\"wordCount\":1313,\"commentCount\":0,\"publisher\":{\"@id\":\"https:\/\/www.gvs.com.br\/safety\/#organization\"},\"image\":{\"@id\":\"https:\/\/www.gvs.com.br\/safety\/2025\/01\/12\/respirador-pff\/#primaryimage\"},\"thumbnailUrl\":\"https:\/\/www.gvs.com.br\/safety\/wp-content\/uploads\/2025\/09\/topo-gvs-safety-respirador-pff.jpg\",\"keywords\":[\"Elipse\",\"Produtos GVS\",\"Prote\u00e7\u00e3o Respirat\u00f3ria\",\"Safety\"],\"articleSection\":[\"Safety\"],\"inLanguage\":\"pt-BR\",\"potentialAction\":[{\"@type\":\"CommentAction\",\"name\":\"Comment\",\"target\":[\"https:\/\/www.gvs.com.br\/safety\/2025\/01\/12\/respirador-pff\/#respond\"]}]},{\"@type\":\"WebPage\",\"@id\":\"https:\/\/www.gvs.com.br\/safety\/2025\/01\/12\/respirador-pff\/\",\"url\":\"https:\/\/www.gvs.com.br\/safety\/2025\/01\/12\/respirador-pff\/\",\"name\":\"Respirador PFF\",\"isPartOf\":{\"@id\":\"https:\/\/www.gvs.com.br\/safety\/#website\"},\"primaryImageOfPage\":{\"@id\":\"https:\/\/www.gvs.com.br\/safety\/2025\/01\/12\/respirador-pff\/#primaryimage\"},\"image\":{\"@id\":\"https:\/\/www.gvs.com.br\/safety\/2025\/01\/12\/respirador-pff\/#primaryimage\"},\"thumbnailUrl\":\"https:\/\/www.gvs.com.br\/safety\/wp-content\/uploads\/2025\/09\/topo-gvs-safety-respirador-pff.jpg\",\"datePublished\":\"2025-01-12T20:21:00+00:00\",\"dateModified\":\"2025-09-11T17:17:20+00:00\",\"description\":\"Respirador PFF: entenda como escolher o ideal para a sua empresa. Descubra qual a principal diferen\u00e7a entre as Pe\u00e7as Faciais Filtrantes (PFFs).\",\"breadcrumb\":{\"@id\":\"https:\/\/www.gvs.com.br\/safety\/2025\/01\/12\/respirador-pff\/#breadcrumb\"},\"inLanguage\":\"pt-BR\",\"potentialAction\":[{\"@type\":\"ReadAction\",\"target\":[\"https:\/\/www.gvs.com.br\/safety\/2025\/01\/12\/respirador-pff\/\"]}]},{\"@type\":\"ImageObject\",\"inLanguage\":\"pt-BR\",\"@id\":\"https:\/\/www.gvs.com.br\/safety\/2025\/01\/12\/respirador-pff\/#primaryimage\",\"url\":\"https:\/\/www.gvs.com.br\/safety\/wp-content\/uploads\/2025\/09\/topo-gvs-safety-respirador-pff.jpg\",\"contentUrl\":\"https:\/\/www.gvs.com.br\/safety\/wp-content\/uploads\/2025\/09\/topo-gvs-safety-respirador-pff.jpg\",\"width\":1123,\"height\":633},{\"@type\":\"BreadcrumbList\",\"@id\":\"https:\/\/www.gvs.com.br\/safety\/2025\/01\/12\/respirador-pff\/#breadcrumb\",\"itemListElement\":[{\"@type\":\"ListItem\",\"position\":1,\"name\":\"In\u00edcio\",\"item\":\"https:\/\/www.gvs.com.br\/safety\/\"},{\"@type\":\"ListItem\",\"position\":2,\"name\":\"Respirador PFF: entenda como escolher o ideal para a sua empresa\"}]},{\"@type\":\"WebSite\",\"@id\":\"https:\/\/www.gvs.com.br\/safety\/#website\",\"url\":\"https:\/\/www.gvs.com.br\/safety\/\",\"name\":\"Safety\",\"description\":\"\",\"publisher\":{\"@id\":\"https:\/\/www.gvs.com.br\/safety\/#organization\"},\"potentialAction\":[{\"@type\":\"SearchAction\",\"target\":{\"@type\":\"EntryPoint\",\"urlTemplate\":\"https:\/\/www.gvs.com.br\/safety\/?s={search_term_string}\"},\"query-input\":{\"@type\":\"PropertyValueSpecification\",\"valueRequired\":true,\"valueName\":\"search_term_string\"}}],\"inLanguage\":\"pt-BR\"},{\"@type\":\"Organization\",\"@id\":\"https:\/\/www.gvs.com.br\/safety\/#organization\",\"name\":\"Safety\",\"url\":\"https:\/\/www.gvs.com.br\/safety\/\",\"logo\":{\"@type\":\"ImageObject\",\"inLanguage\":\"pt-BR\",\"@id\":\"https:\/\/www.gvs.com.br\/safety\/#\/schema\/logo\/image\/\",\"url\":\"https:\/\/www.gvs.com.br\/safety\/wp-content\/uploads\/2024\/12\/Logo-GVS-Safety.png\",\"contentUrl\":\"https:\/\/www.gvs.com.br\/safety\/wp-content\/uploads\/2024\/12\/Logo-GVS-Safety.png\",\"width\":1920,\"height\":1080,\"caption\":\"Safety\"},\"image\":{\"@id\":\"https:\/\/www.gvs.com.br\/safety\/#\/schema\/logo\/image\/\"}},{\"@type\":\"Person\",\"@id\":\"https:\/\/www.gvs.com.br\/safety\/#\/schema\/person\/08f0e38941dafa538ee5706ec48fe5a1\",\"name\":\"admin-gvs\",\"image\":{\"@type\":\"ImageObject\",\"inLanguage\":\"pt-BR\",\"@id\":\"https:\/\/secure.gravatar.com\/avatar\/753807cf2c24e7c5051446eb4fc6c55657714e911f26a29329d9dc501ae35121?s=96&d=mm&r=g\",\"url\":\"https:\/\/secure.gravatar.com\/avatar\/753807cf2c24e7c5051446eb4fc6c55657714e911f26a29329d9dc501ae35121?s=96&d=mm&r=g\",\"contentUrl\":\"https:\/\/secure.gravatar.com\/avatar\/753807cf2c24e7c5051446eb4fc6c55657714e911f26a29329d9dc501ae35121?s=96&d=mm&r=g\",\"caption\":\"admin-gvs\"},\"url\":\"https:\/\/www.gvs.com.br\/safety\/author\/admin-gvs\/\"}]}<\/script>\n<!-- \/ Yoast SEO plugin. -->","yoast_head_json":{"title":"Respirador PFF","description":"Respirador PFF: entenda como escolher o ideal para a sua empresa. Descubra qual a principal diferen\u00e7a entre as Pe\u00e7as Faciais Filtrantes (PFFs).","robots":{"index":"index","follow":"follow","max-snippet":"max-snippet:-1","max-image-preview":"max-image-preview:large","max-video-preview":"max-video-preview:-1"},"canonical":"https:\/\/www.gvs.com.br\/safety\/2025\/01\/12\/respirador-pff\/","og_locale":"pt_BR","og_type":"article","og_title":"Respirador PFF","og_description":"Respirador PFF: entenda como escolher o ideal para a sua empresa. Descubra qual a principal diferen\u00e7a entre as Pe\u00e7as Faciais Filtrantes (PFFs).","og_url":"https:\/\/www.gvs.com.br\/safety\/2025\/01\/12\/respirador-pff\/","og_site_name":"Safety","article_published_time":"2025-01-12T20:21:00+00:00","article_modified_time":"2025-09-11T17:17:20+00:00","og_image":[{"width":1123,"height":633,"url":"https:\/\/www.gvs.com.br\/safety\/wp-content\/uploads\/2025\/09\/topo-gvs-safety-respirador-pff.jpg","type":"image\/jpeg"}],"author":"admin-gvs","twitter_card":"summary_large_image","twitter_misc":{"Escrito por":"admin-gvs","Est. tempo de leitura":"7 minutos"},"schema":{"@context":"https:\/\/schema.org","@graph":[{"@type":"Article","@id":"https:\/\/www.gvs.com.br\/safety\/2025\/01\/12\/respirador-pff\/#article","isPartOf":{"@id":"https:\/\/www.gvs.com.br\/safety\/2025\/01\/12\/respirador-pff\/"},"author":{"name":"admin-gvs","@id":"https:\/\/www.gvs.com.br\/safety\/#\/schema\/person\/08f0e38941dafa538ee5706ec48fe5a1"},"headline":"Respirador PFF: entenda como escolher o ideal para a sua empresa","datePublished":"2025-01-12T20:21:00+00:00","dateModified":"2025-09-11T17:17:20+00:00","mainEntityOfPage":{"@id":"https:\/\/www.gvs.com.br\/safety\/2025\/01\/12\/respirador-pff\/"},"wordCount":1313,"commentCount":0,"publisher":{"@id":"https:\/\/www.gvs.com.br\/safety\/#organization"},"image":{"@id":"https:\/\/www.gvs.com.br\/safety\/2025\/01\/12\/respirador-pff\/#primaryimage"},"thumbnailUrl":"https:\/\/www.gvs.com.br\/safety\/wp-content\/uploads\/2025\/09\/topo-gvs-safety-respirador-pff.jpg","keywords":["Elipse","Produtos GVS","Prote\u00e7\u00e3o Respirat\u00f3ria","Safety"],"articleSection":["Safety"],"inLanguage":"pt-BR","potentialAction":[{"@type":"CommentAction","name":"Comment","target":["https:\/\/www.gvs.com.br\/safety\/2025\/01\/12\/respirador-pff\/#respond"]}]},{"@type":"WebPage","@id":"https:\/\/www.gvs.com.br\/safety\/2025\/01\/12\/respirador-pff\/","url":"https:\/\/www.gvs.com.br\/safety\/2025\/01\/12\/respirador-pff\/","name":"Respirador PFF","isPartOf":{"@id":"https:\/\/www.gvs.com.br\/safety\/#website"},"primaryImageOfPage":{"@id":"https:\/\/www.gvs.com.br\/safety\/2025\/01\/12\/respirador-pff\/#primaryimage"},"image":{"@id":"https:\/\/www.gvs.com.br\/safety\/2025\/01\/12\/respirador-pff\/#primaryimage"},"thumbnailUrl":"https:\/\/www.gvs.com.br\/safety\/wp-content\/uploads\/2025\/09\/topo-gvs-safety-respirador-pff.jpg","datePublished":"2025-01-12T20:21:00+00:00","dateModified":"2025-09-11T17:17:20+00:00","description":"Respirador PFF: entenda como escolher o ideal para a sua empresa. Descubra qual a principal diferen\u00e7a entre as Pe\u00e7as Faciais Filtrantes (PFFs).","breadcrumb":{"@id":"https:\/\/www.gvs.com.br\/safety\/2025\/01\/12\/respirador-pff\/#breadcrumb"},"inLanguage":"pt-BR","potentialAction":[{"@type":"ReadAction","target":["https:\/\/www.gvs.com.br\/safety\/2025\/01\/12\/respirador-pff\/"]}]},{"@type":"ImageObject","inLanguage":"pt-BR","@id":"https:\/\/www.gvs.com.br\/safety\/2025\/01\/12\/respirador-pff\/#primaryimage","url":"https:\/\/www.gvs.com.br\/safety\/wp-content\/uploads\/2025\/09\/topo-gvs-safety-respirador-pff.jpg","contentUrl":"https:\/\/www.gvs.com.br\/safety\/wp-content\/uploads\/2025\/09\/topo-gvs-safety-respirador-pff.jpg","width":1123,"height":633},{"@type":"BreadcrumbList","@id":"https:\/\/www.gvs.com.br\/safety\/2025\/01\/12\/respirador-pff\/#breadcrumb","itemListElement":[{"@type":"ListItem","position":1,"name":"In\u00edcio","item":"https:\/\/www.gvs.com.br\/safety\/"},{"@type":"ListItem","position":2,"name":"Respirador PFF: entenda como escolher o ideal para a sua empresa"}]},{"@type":"WebSite","@id":"https:\/\/www.gvs.com.br\/safety\/#website","url":"https:\/\/www.gvs.com.br\/safety\/","name":"Safety","description":"","publisher":{"@id":"https:\/\/www.gvs.com.br\/safety\/#organization"},"potentialAction":[{"@type":"SearchAction","target":{"@type":"EntryPoint","urlTemplate":"https:\/\/www.gvs.com.br\/safety\/?s={search_term_string}"},"query-input":{"@type":"PropertyValueSpecification","valueRequired":true,"valueName":"search_term_string"}}],"inLanguage":"pt-BR"},{"@type":"Organization","@id":"https:\/\/www.gvs.com.br\/safety\/#organization","name":"Safety","url":"https:\/\/www.gvs.com.br\/safety\/","logo":{"@type":"ImageObject","inLanguage":"pt-BR","@id":"https:\/\/www.gvs.com.br\/safety\/#\/schema\/logo\/image\/","url":"https:\/\/www.gvs.com.br\/safety\/wp-content\/uploads\/2024\/12\/Logo-GVS-Safety.png","contentUrl":"https:\/\/www.gvs.com.br\/safety\/wp-content\/uploads\/2024\/12\/Logo-GVS-Safety.png","width":1920,"height":1080,"caption":"Safety"},"image":{"@id":"https:\/\/www.gvs.com.br\/safety\/#\/schema\/logo\/image\/"}},{"@type":"Person","@id":"https:\/\/www.gvs.com.br\/safety\/#\/schema\/person\/08f0e38941dafa538ee5706ec48fe5a1","name":"admin-gvs","image":{"@type":"ImageObject","inLanguage":"pt-BR","@id":"https:\/\/secure.gravatar.com\/avatar\/753807cf2c24e7c5051446eb4fc6c55657714e911f26a29329d9dc501ae35121?s=96&d=mm&r=g","url":"https:\/\/secure.gravatar.com\/avatar\/753807cf2c24e7c5051446eb4fc6c55657714e911f26a29329d9dc501ae35121?s=96&d=mm&r=g","contentUrl":"https:\/\/secure.gravatar.com\/avatar\/753807cf2c24e7c5051446eb4fc6c55657714e911f26a29329d9dc501ae35121?s=96&d=mm&r=g","caption":"admin-gvs"},"url":"https:\/\/www.gvs.com.br\/safety\/author\/admin-gvs\/"}]}},"uagb_featured_image_src":{"full":["https:\/\/www.gvs.com.br\/safety\/wp-content\/uploads\/2025\/09\/topo-gvs-safety-respirador-pff.jpg",1123,633,false],"thumbnail":["https:\/\/www.gvs.com.br\/safety\/wp-content\/uploads\/2025\/09\/topo-gvs-safety-respirador-pff-150x150.jpg",150,150,true],"medium":["https:\/\/www.gvs.com.br\/safety\/wp-content\/uploads\/2025\/09\/topo-gvs-safety-respirador-pff-300x169.jpg",300,169,true],"medium_large":["https:\/\/www.gvs.com.br\/safety\/wp-content\/uploads\/2025\/09\/topo-gvs-safety-respirador-pff-768x433.jpg",768,433,true],"large":["https:\/\/www.gvs.com.br\/safety\/wp-content\/uploads\/2025\/09\/topo-gvs-safety-respirador-pff-1024x577.jpg",1024,577,true],"1536x1536":["https:\/\/www.gvs.com.br\/safety\/wp-content\/uploads\/2025\/09\/topo-gvs-safety-respirador-pff.jpg",1123,633,false],"2048x2048":["https:\/\/www.gvs.com.br\/safety\/wp-content\/uploads\/2025\/09\/topo-gvs-safety-respirador-pff.jpg",1123,633,false]},"uagb_author_info":{"display_name":"admin-gvs","author_link":"https:\/\/www.gvs.com.br\/safety\/author\/admin-gvs\/"},"uagb_comment_info":0,"uagb_excerpt":"Respirador PFF: entenda como escolher o ideal para a sua empresa Descubra qual a principal diferen\u00e7a entre as Pe\u00e7as Faciais [&hellip;]","_links":{"self":[{"href":"https:\/\/www.gvs.com.br\/safety\/wp-json\/wp\/v2\/posts\/2906","targetHints":{"allow":["GET"]}}],"collection":[{"href":"https:\/\/www.gvs.com.br\/safety\/wp-json\/wp\/v2\/posts"}],"about":[{"href":"https:\/\/www.gvs.com.br\/safety\/wp-json\/wp\/v2\/types\/post"}],"author":[{"embeddable":true,"href":"https:\/\/www.gvs.com.br\/safety\/wp-json\/wp\/v2\/users\/2"}],"replies":[{"embeddable":true,"href":"https:\/\/www.gvs.com.br\/safety\/wp-json\/wp\/v2\/comments?post=2906"}],"version-history":[{"count":1,"href":"https:\/\/www.gvs.com.br\/safety\/wp-json\/wp\/v2\/posts\/2906\/revisions"}],"predecessor-version":[{"id":2918,"href":"https:\/\/www.gvs.com.br\/safety\/wp-json\/wp\/v2\/posts\/2906\/revisions\/2918"}],"wp:featuredmedia":[{"embeddable":true,"href":"https:\/\/www.gvs.com.br\/safety\/wp-json\/wp\/v2\/media\/2916"}],"wp:attachment":[{"href":"https:\/\/www.gvs.com.br\/safety\/wp-json\/wp\/v2\/media?parent=2906"}],"wp:term":[{"taxonomy":"category","embeddable":true,"href":"https:\/\/www.gvs.com.br\/safety\/wp-json\/wp\/v2\/categories?post=2906"},{"taxonomy":"post_tag","embeddable":true,"href":"https:\/\/www.gvs.com.br\/safety\/wp-json\/wp\/v2\/tags?post=2906"}],"curies":[{"name":"wp","href":"https:\/\/api.w.org\/{rel}","templated":true}]}}