{"id":2898,"date":"2025-01-10T21:24:00","date_gmt":"2025-01-10T21:24:00","guid":{"rendered":"https:\/\/www.gvs.com.br\/safety\/?p=2898"},"modified":"2025-09-09T21:28:13","modified_gmt":"2025-09-09T21:28:13","slug":"epis","status":"publish","type":"post","link":"https:\/\/www.gvs.com.br\/safety\/2025\/01\/10\/epis\/","title":{"rendered":"EPIs: Voc\u00ea est\u00e1 usando o seu conjunto corretamente?"},"content":{"rendered":"\n<div class=\"wp-block-uagb-container uagb-block-2d8af228 alignfull uagb-is-root-container\"><div class=\"uagb-container-inner-blocks-wrap\">\n<div class=\"wp-block-uagb-advanced-heading uagb-block-88fad113\"><h2 class=\"uagb-heading-text\">EPIs: Voc\u00ea est\u00e1 usando o seu conjunto <br>corretamente?<\/h2><\/div>\n\n\n\n<p class=\"has-ast-global-color-5-color has-text-color has-link-color wp-elements-f45dd7fe991a4bf883baf9d7528eb03a\"><strong>Veja como escolher os melhores equipamentos e a forma certa de utiliz\u00e1-los em sua empresa.<\/strong><\/p>\n<\/div><\/div>\n\n\n\n<p><\/p>\n\n\n\n<p>Os EPIs (Equipamentos de prote\u00e7\u00e3o Individual) s\u00e3o constitu\u00eddos por dispositivos que visam a prote\u00e7\u00e3o do trabalhador que realiza atividade de risco. Desse modo, seu uso \u00e9 importante para garantia da integridade f\u00edsica dos funcion\u00e1rios.<\/p>\n\n\n\n<p>Antes de tudo, para falarmos sobre como utilizar de forma efetiva esses itens, \u00e9 necess\u00e1rio entender qual a norma que designa a aplica\u00e7\u00e3o de seguran\u00e7a individual na realiza\u00e7\u00e3o de trabalhos que possam causar risco \u00e0 integridade f\u00edsica do profissional.<\/p>\n\n\n\n<p>Portanto, tendo isso em mente, hoje vamos falar sobre a Norma Regulamentadora 06 e mostrar como definir a necessidade de equipamentos de prote\u00e7\u00e3o individual. Al\u00e9m disso, vamos revelar quais devem ser utilizados e quais os melhores meios para garantir que todas as medidas de seguran\u00e7a sejam seguidas.<\/p>\n\n\n\n<p>Ent\u00e3o, se voc\u00ea se interessou pelo assunto, continue a leitura e tire todas as suas duvidas!<\/p>\n\n\n\n<h2 class=\"wp-block-heading\">Norma Regulamentadora n\u00b0 6<\/h2>\n\n\n\n<p>A lei regulamentadora n\u00b0 6 (ou NR6), determina as melhores pr\u00e1ticas para estabelecer a seguran\u00e7a dos funcion\u00e1rios por meio do uso de equipamentos que visam essa prote\u00e7\u00e3o. Em outras palavras, estabelece quais os equipamentos e quais a situa\u00e7\u00f5es indicadas para cada um, al\u00e9m de definir o manuseio e testes de qualidade para garantir sua efetividade.<\/p>\n\n\n\n<h2 class=\"wp-block-heading\">Mas, afinal, o que s\u00e3o os equipamentos de prote\u00e7\u00e3o individual?<\/h2>\n\n\n\n<p>Os EPIs, regimentados pela NR6 s\u00e3o utilizados para a prote\u00e7\u00e3o de profissionais que realizam trabalhos de alto riscos. Entre esses dispositivos, est\u00e3o listados:<\/p>\n\n\n\n<h4 class=\"wp-block-heading\">\u00d3culos de prote\u00e7\u00e3o<\/h4>\n\n\n\n<p>Importantes para a proteger a retina contra poeira, fragmentos provenientes de trabalhos com madeira ou ferro e no manuseio de produtos qu\u00edmicos;<\/p>\n\n\n\n<h4 class=\"wp-block-heading\">Cal\u00e7ados espec\u00edficos<\/h4>\n\n\n\n<p>Auxiliam na integridade f\u00edsica do profissional que realiza atividades com risco de contato com produtos nocivos para a pele, al\u00e9m de evitar maiores problemas em quedas acidentais de objetos em seus p\u00e9s.<\/p>\n\n\n\n<h4 class=\"wp-block-heading\">Mascara de prote\u00e7\u00e3o<\/h4>\n\n\n\n<p>Contribui para a integridade respirat\u00f3ria do colaborador. Ali\u00e1s, um dos fatores de maior import\u00e2ncia no momento de estabelecer os riscos do ambiente \u00e9 definir a necessidade de\u00a0<strong><a href=\"https:\/\/www.gvs.com.br\/safety\/2025\/01\/09\/importancia-da-protecao-respiratoria-nos-ambientes-de-trabalho\/\" target=\"_blank\" rel=\"noreferrer noopener\">prote\u00e7\u00e3o respirat\u00f3ria<\/a><\/strong>\u00a0dependendo de sua finalidade, pode proteger contra poeira, inala\u00e7\u00e3o de agentes biol\u00f3gicos e qu\u00edmicos;<\/p>\n\n\n\n<figure class=\"wp-block-image aligncenter size-large\"><img loading=\"lazy\" decoding=\"async\" width=\"1024\" height=\"323\" src=\"https:\/\/www.gvs.com.br\/safety\/wp-content\/uploads\/2025\/09\/epis-voce-esta-usando-o-seu-conjunto-corretamente-meio-1024x323.jpg\" alt=\"\" class=\"wp-image-2900\" srcset=\"https:\/\/www.gvs.com.br\/safety\/wp-content\/uploads\/2025\/09\/epis-voce-esta-usando-o-seu-conjunto-corretamente-meio-1024x323.jpg 1024w, https:\/\/www.gvs.com.br\/safety\/wp-content\/uploads\/2025\/09\/epis-voce-esta-usando-o-seu-conjunto-corretamente-meio-300x95.jpg 300w, https:\/\/www.gvs.com.br\/safety\/wp-content\/uploads\/2025\/09\/epis-voce-esta-usando-o-seu-conjunto-corretamente-meio-768x242.jpg 768w, https:\/\/www.gvs.com.br\/safety\/wp-content\/uploads\/2025\/09\/epis-voce-esta-usando-o-seu-conjunto-corretamente-meio.jpg 1110w\" sizes=\"auto, (max-width: 1024px) 100vw, 1024px\" \/><\/figure>\n\n\n\n<h4 class=\"wp-block-heading\">Protetores faciais<\/h4>\n\n\n\n<p>Tamb\u00e9m conhecidos como Face Shield, podem ser utilizados junto \u00e0s m\u00e1scaras de prote\u00e7\u00e3o para aumentar sua efetividade, j\u00e1 que impedem o contato de objetos s\u00f3lidos ou produtos qu\u00edmicos e biol\u00f3gicos com o rosto de quem manuseia;<\/p>\n\n\n\n<h4 class=\"wp-block-heading\">Protetores auditivos<\/h4>\n\n\n\n<p>S\u00e3o utilizados em atividades insalubres que podem danificar a audi\u00e7\u00e3o do profissional; geralmente em forma de abafadores de som para impedir maiores efeitos do barulho de m\u00e1quinas, por exemplo;<\/p>\n\n\n\n<h4 class=\"wp-block-heading\">Capacete de seguran\u00e7a<\/h4>\n\n\n\n<p>Prote\u00e7\u00e3o utilizada em ambientes onde existe o risco de queda de objetos; embora comum em \u00e1reas de constru\u00e7\u00e3o, n\u00e3o esta restrito a esse tipo de ambiente;<\/p>\n\n\n\n<h4 class=\"wp-block-heading\">Colete de sinaliza\u00e7\u00e3o<\/h4>\n\n\n\n<p>Utilizado para indicar a presen\u00e7a de pessoas em locais com baixa incid\u00eancia de luz, j\u00e1 que possui faixas refletoras que sinalizam quando s\u00e3o iluminadas.<\/p>\n\n\n\n<h2 class=\"wp-block-heading\">Como definir quais os EPIs necess\u00e1rios para a minha empresa?<\/h2>\n\n\n\n<p>Existem diversas situa\u00e7\u00f5es diferentes, dentro de in\u00fameros setores espec\u00edficos, que necessitam do uso de EPIs.<\/p>\n\n\n\n<p>Ent\u00e3o, a melhor forma de definir as necessidades da sua empresa \u00e9 realizar uma an\u00e1lise de risco. Assim, \u00e9 poss\u00edvel observar de forma mais clara quais os pontos de maior aten\u00e7\u00e3o que devem ser levados em conta na tomada de medidas preventivas.<\/p>\n\n\n\n<p>Dessa forma, \u00e9 poss\u00edvel definir quais as possibilidades durante a execu\u00e7\u00e3o de uma tarefa de risco e se planejar para evitar acidentes ou situa\u00e7\u00f5es que prejudiquem a gest\u00e3o de Seguran\u00e7a e Sa\u00fade no Trabalho (SST).<\/p>\n\n\n\n<h4 class=\"wp-block-heading\">Como montar o meu formul\u00e1rio de analise de risco?<\/h4>\n\n\n\n<p>Os formul\u00e1rios utilizados nesse tipo de an\u00e1lise, podem variar dependendo das atividades realizadas, contudo, existem alguns campos que devem ser levados em conta na maioria das an\u00e1lises de risco. Entre eles est\u00e3o:<\/p>\n\n\n\n<ul class=\"wp-block-list\">\n<li>O servi\u00e7o que ser\u00e1 executado;<\/li>\n\n\n\n<li>Quem vai realizar;<\/li>\n\n\n\n<li>Quais os riscos que a atividade proporciona;<\/li>\n\n\n\n<li>Quais as formas de conten\u00e7\u00e3o deste risco;<\/li>\n\n\n\n<li>Al\u00e9m de determinar local, prazo e respons\u00e1veis.<\/li>\n<\/ul>\n\n\n\n<h2 class=\"wp-block-heading\">Como voc\u00ea pode aplicar?<\/h2>\n\n\n\n<p>Entre as obriga\u00e7\u00f5es do empregador, est\u00e3o a aquisi\u00e7\u00e3o de EPIs de qualidade, que possuam o Certificado de Aprova\u00e7\u00e3o (CA), emitido pelo \u00f3rg\u00e3o competente, assim garantindo, qualidade e efici\u00eancia.<\/p>\n\n\n\n<p>Bem como, exigir o uso por todos os profissionais que realizem atividades que ofere\u00e7am riscos \u00e0 sua sa\u00fade, al\u00e9m de oferecer treinamentos e palestras que demonstrem a import\u00e2ncia da sua utiliza\u00e7\u00e3o.<\/p>\n\n\n\n<p>Al\u00e9m disso, \u00e9 responsabilidade do contratante ficar atento a integridade dos EPIs e observar a necessidade de trocas. Do mesmo modo, ele deve comunicar o \u00f3rg\u00e3o respons\u00e1vel por verificar o cumprimento das regras estabelecidas pela NR6 ao sinal de qualquer irregularidade.<\/p>\n\n\n\n<h4 class=\"wp-block-heading\">CIPA (Comiss\u00e3o Interna de Preven\u00e7\u00e3o de Acidentes)<\/h4>\n\n\n\n<p>A Comiss\u00e3o Interna de Preven\u00e7\u00e3o de Acidentes (CIPA), obrigat\u00f3ria em empresas com mais de 50 funcion\u00e1rio, de acordo com NR5, tem como objetivo colocar representantes dos empregados e empregador para dialogarem sobre a seguran\u00e7a no ambiente de trabalho.<\/p>\n\n\n\n<p>Em outras palavras, cria-se um setor que \u00e9 respons\u00e1vel por analisar e relatar poss\u00edveis riscos \u00e0 integridade f\u00edsica dos funcion\u00e1rios, por meio de campanhas informativas e verifica\u00e7\u00e3o do uso dos EPIs e Equipamentos de Prote\u00e7\u00e3o Coletiva (EPCs).<\/p>\n\n\n\n<p>Portanto, a CIPA \u00e9 um dos melhores mecanismos para voc\u00ea estabelecer o uso correto dos equipamentos de prote\u00e7\u00e3o individual e conscientizar sobre o seu uso, e dessa forma, obter retorno dos pr\u00f3prios colaboradores.<\/p>\n\n\n\n<h2 class=\"wp-block-heading\">Mas, afinal, por que aplicar EPIs na minha empresa?<\/h2>\n\n\n\n<p>Em s\u00edntese, al\u00e9m de proporcionar um ambiente mais seguro, garantindo a integridade f\u00edsica dos funcion\u00e1rios, os EPIs, antes de mais nada, ajudam na redu\u00e7\u00e3o de custos com multas indenizat\u00f3rias em situa\u00e7\u00f5es de servi\u00e7o insalubre que podem gerar les\u00f5es permanentes ou tempor\u00e1rias.<\/p>\n\n\n\n<p>Do mesmo modo, h\u00e1 uma redu\u00e7\u00e3o de custos em pagamentos adicionais por atividades que podem oferecer riscos ao empregado. Mas, \u00e9 importante ressaltar que apenas fornecer o equipamento de prote\u00e7\u00e3o individual ao funcion\u00e1rio n\u00e3o \u00e9 suficiente.<\/p>\n\n\n\n<p>Igualmente, \u00e9 necess\u00e1rio fiscalizar sua utiliza\u00e7\u00e3o e incentivar o seu uso, j\u00e1 que \u00e9 comum observar funcion\u00e1rios sem os seus respectivos EPIs, alegando desconforto em sua utiliza\u00e7\u00e3o.<\/p>\n\n\n\n<p>Dessa forma, treinamentos de uso e armazenamento para estender a vida \u00fatil do equipamento e palestras que demonstrem a import\u00e2ncia de sua utiliza\u00e7\u00e3o devem ser consideradas, al\u00e9m de advert\u00eancias em caso de m\u00e1 utiliza\u00e7\u00e3o, mediante as circunst\u00e2ncias citadas.<\/p>\n\n\n\n<h2 class=\"wp-block-heading\">Quais s\u00e3o as responsabilidades do funcion\u00e1rio?<\/h2>\n\n\n\n<p>Igualmente, h\u00e1 alguns pontos que o empregado deve levar em conta durante a utiliza\u00e7\u00e3o dos seus equipamentos de prote\u00e7\u00e3o individual e devem ser ministrados pelo empregador de forma did\u00e1tica, visando o melhor entendimento.<\/p>\n\n\n\n<ul class=\"wp-block-list\">\n<li>Destinar os respectivos EPIs para suas finalidades, sem comprometer sua efic\u00e1cia com atividades desnecess\u00e1rias;<\/li>\n\n\n\n<li>Se responsabilizar pela conserva\u00e7\u00e3o do seu equipamento, mantendo o material em seu melhor estado;<\/li>\n\n\n\n<li>Verificar a usabilidade de seus equipamentos e notificar o empregador ao menor sinal de irregularidade;<\/li>\n\n\n\n<li>Cumprir aquilo que for determinado pelo empregador durante a jornada de trabalho, no que diz respeito ao uso de equipamentos de prote\u00e7\u00e3o individual.<\/li>\n<\/ul>\n\n\n\n<p>Como citado acima, esses s\u00e3o os principais t\u00f3picos que devem ser observados pelo empregado. Mas, sempre \u00e9 bom ressaltar a responsabilidade do empregador em instruir para que essas medidas sejam seguidas da melhor forma poss\u00edvel.<\/p>\n\n\n\n<h2 class=\"wp-block-heading\">A GVS &nbsp;&nbsp;&nbsp;&nbsp;&nbsp;&nbsp;&nbsp;&nbsp;&nbsp;&nbsp;&nbsp;&nbsp;&nbsp;&nbsp;&nbsp;&nbsp;&nbsp;&nbsp;&nbsp;&nbsp;&nbsp;&nbsp;&nbsp;&nbsp;&nbsp;&nbsp;&nbsp;&nbsp;&nbsp;&nbsp;&nbsp;&nbsp;&nbsp;&nbsp;&nbsp;&nbsp;&nbsp;&nbsp;&nbsp;&nbsp;&nbsp;&nbsp;&nbsp;&nbsp;&nbsp;&nbsp;&nbsp;&nbsp;&nbsp;&nbsp;&nbsp;&nbsp;&nbsp;&nbsp;&nbsp;&nbsp;&nbsp;&nbsp;&nbsp;&nbsp;&nbsp;&nbsp;&nbsp;&nbsp;&nbsp;&nbsp;&nbsp;&nbsp;&nbsp;&nbsp;&nbsp;&nbsp;&nbsp;&nbsp;&nbsp;&nbsp;&nbsp;&nbsp;<\/h2>\n\n\n\n<p>Fundada em 1979, a GVS \u00e9 l\u00edder no mercado de fabrica\u00e7\u00e3o e comercializa\u00e7\u00e3o de filtros utilizados nos mais diversos setores, dedicando seus esfor\u00e7os no desenvolvimento de tecnologias que a fizeram alcan\u00e7ar alta qualidade e inova\u00e7\u00e3o em seu\u00a0<strong><a href=\"https:\/\/www.gvs.com.br\/safety\/produtos\/\" target=\"_blank\" rel=\"noreferrer noopener\">cat\u00e1logo de produtos<\/a><\/strong>.<\/p>\n\n\n\n<p>Assim, por meio de nossos produtos promovemos seguran\u00e7a e bem-estar nos mais diversos ambientes.<\/p>\n\n\n\n<p>Descubra mais sobre a nossa hist\u00f3ria e solu\u00e7\u00f5es\u00a0<a href=\"http:\/\/www.gvs.com.br\" target=\"_blank\" rel=\"noreferrer noopener\"><strong>acessando o nosso site!<\/strong><\/a><\/p>\n\n\n\n<div class=\"wp-block-uagb-separator uagb-block-12928a3d\"><div class=\"uagb-separator-spacing-wrapper\"><div class=\"wp-block-uagb-separator__inner\" style=\"--my-background-image:\"><\/div><\/div><\/div>\n\n\n\n<div class=\"wp-block-uagb-advanced-heading uagb-block-37689345\"><h2 class=\"uagb-heading-text\"><strong>Acreditamos em proteger voc\u00ea para os melhores momentos da vida!<\/strong><\/h2><\/div>\n\n\n\n<p>Criamos solu\u00e7\u00f5es de prote\u00e7\u00e3o respirat\u00f3ria que tornam voc\u00ea e sua equipe mais seguros, para que todos possam voltar para casa no final de cada dia, seguros, saud\u00e1veis e capazes de fazer aquilo que mais importa.<\/p>\n\n\n\n<div class=\"wp-block-uagb-separator uagb-block-b8b79ce8\"><div class=\"uagb-separator-spacing-wrapper\"><div class=\"wp-block-uagb-separator__inner\" style=\"--my-background-image:\"><\/div><\/div><\/div>\n\n\n\n<div class=\"wp-block-uagb-call-to-action uagb-block-e6f6b3df wp-block-button\"><div class=\"uagb-cta__wrap\"><h3 class=\"uagb-cta__title\">Fale com a gente!<\/h3><p class=\"uagb-cta__desc\">Entre em contato com o nosso time hoje mesmo, esclare\u00e7a as suas d\u00favidas e&nbsp;<strong>solicite a sua cota\u00e7\u00e3o!<\/strong><\/p><\/div><div class=\"uagb-cta__buttons\"><a href=\"https:\/\/wa.me\/551938797222\" class=\"uagb-cta__button-link-wrapper wp-block-button__link\" target=\"_self\" rel=\"noopener noreferrer\"><svg xmlns=\"https:\/\/www.w3.org\/2000\/svg\" viewBox=\"0 0 448 512\"><path d=\"M380.9 97.1C339 55.1 283.2 32 223.9 32c-122.4 0-222 99.6-222 222 0 39.1 10.2 77.3 29.6 111L0 480l117.7-30.9c32.4 17.7 68.9 27 106.1 27h.1c122.3 0 224.1-99.6 224.1-222 0-59.3-25.2-115-67.1-157zm-157 341.6c-33.2 0-65.7-8.9-94-25.7l-6.7-4-69.8 18.3L72 359.2l-4.4-7c-18.5-29.4-28.2-63.3-28.2-98.2 0-101.7 82.8-184.5 184.6-184.5 49.3 0 95.6 19.2 130.4 54.1 34.8 34.9 56.2 81.2 56.1 130.5 0 101.8-84.9 184.6-186.6 184.6zm101.2-138.2c-5.5-2.8-32.8-16.2-37.9-18-5.1-1.9-8.8-2.8-12.5 2.8-3.7 5.6-14.3 18-17.6 21.8-3.2 3.7-6.5 4.2-12 1.4-32.6-16.3-54-29.1-75.5-66-5.7-9.8 5.7-9.1 16.3-30.3 1.8-3.7 .9-6.9-.5-9.7-1.4-2.8-12.5-30.1-17.1-41.2-4.5-10.8-9.1-9.3-12.5-9.5-3.2-.2-6.9-.2-10.6-.2-3.7 0-9.7 1.4-14.8 6.9-5.1 5.6-19.4 19-19.4 46.3 0 27.3 19.9 53.7 22.6 57.4 2.8 3.7 39.1 59.7 94.8 83.8 35.2 15.2 49 16.5 66.6 13.9 10.7-1.6 32.8-13.4 37.4-26.4 4.6-13 4.6-24.1 3.2-26.4-1.3-2.5-5-3.9-10.5-6.6z\"><\/path><\/svg>WhatsApp<\/a><\/div><\/div>\n\n\n\n<div class=\"wp-block-uagb-separator uagb-block-96e52944\"><div class=\"uagb-separator-spacing-wrapper\"><div class=\"wp-block-uagb-separator__inner\" style=\"--my-background-image:\"><\/div><\/div><\/div>\n\n\n\n<div class=\"wp-block-uagb-call-to-action uagb-block-bf9c28ce wp-block-button\"><div class=\"uagb-cta__wrap\"><h3 class=\"uagb-cta__title\">Fique por dentro das novidades!<\/h3><p class=\"uagb-cta__desc\">Acompanhe nossa jornada de inova\u00e7\u00e3o e saiba mais sobre nossos produtos, acesse <strong>Safety da GVS.<\/strong><\/p><\/div><div class=\"uagb-cta__buttons\"><a href=\"https:\/\/www.gvs.com.br\/safety\" class=\"uagb-cta__button-link-wrapper wp-block-button__link\" target=\"_self\" rel=\"noopener noreferrer\">Acesse o site<\/a><\/div><\/div>\n\n\n\n<p><\/p>\n","protected":false},"excerpt":{"rendered":"<p>EPIs: Voc\u00ea est\u00e1 usando o seu conjunto corretamente? Veja como escolher os melhores equipamentos e a forma certa de utiliz\u00e1-los [&hellip;]<\/p>\n","protected":false},"author":2,"featured_media":2899,"comment_status":"open","ping_status":"open","sticky":false,"template":"","format":"standard","meta":{"_uag_custom_page_level_css":"","site-sidebar-layout":"default","site-content-layout":"","ast-site-content-layout":"","site-content-style":"default","site-sidebar-style":"default","ast-global-header-display":"","ast-banner-title-visibility":"","ast-main-header-display":"","ast-hfb-above-header-display":"","ast-hfb-below-header-display":"","ast-hfb-mobile-header-display":"","site-post-title":"disabled","ast-breadcrumbs-content":"","ast-featured-img":"","footer-sml-layout":"","ast-disable-related-posts":"","theme-transparent-header-meta":"","adv-header-id-meta":"","stick-header-meta":"","header-above-stick-meta":"","header-main-stick-meta":"","header-below-stick-meta":"","astra-migrate-meta-layouts":"default","ast-page-background-enabled":"default","ast-page-background-meta":{"desktop":{"background-color":"var(--ast-global-color-4)","background-image":"","background-repeat":"repeat","background-position":"center center","background-size":"auto","background-attachment":"scroll","background-type":"","background-media":"","overlay-type":"","overlay-color":"","overlay-opacity":"","overlay-gradient":""},"tablet":{"background-color":"","background-image":"","background-repeat":"repeat","background-position":"center center","background-size":"auto","background-attachment":"scroll","background-type":"","background-media":"","overlay-type":"","overlay-color":"","overlay-opacity":"","overlay-gradient":""},"mobile":{"background-color":"","background-image":"","background-repeat":"repeat","background-position":"center center","background-size":"auto","background-attachment":"scroll","background-type":"","background-media":"","overlay-type":"","overlay-color":"","overlay-opacity":"","overlay-gradient":""}},"ast-content-background-meta":{"desktop":{"background-color":"var(--ast-global-color-5)","background-image":"","background-repeat":"repeat","background-position":"center center","background-size":"auto","background-attachment":"scroll","background-type":"","background-media":"","overlay-type":"","overlay-color":"","overlay-opacity":"","overlay-gradient":""},"tablet":{"background-color":"var(--ast-global-color-5)","background-image":"","background-repeat":"repeat","background-position":"center center","background-size":"auto","background-attachment":"scroll","background-type":"","background-media":"","overlay-type":"","overlay-color":"","overlay-opacity":"","overlay-gradient":""},"mobile":{"background-color":"var(--ast-global-color-5)","background-image":"","background-repeat":"repeat","background-position":"center center","background-size":"auto","background-attachment":"scroll","background-type":"","background-media":"","overlay-type":"","overlay-color":"","overlay-opacity":"","overlay-gradient":""}},"footnotes":""},"categories":[5],"tags":[34,17,15,16],"class_list":["post-2898","post","type-post","status-publish","format-standard","has-post-thumbnail","hentry","category-safety","tag-elipse","tag-produtos-gvs","tag-protecao-respiratoria","tag-safety"],"yoast_head":"<!-- This site is optimized with the Yoast SEO plugin v27.2 - https:\/\/yoast.com\/product\/yoast-seo-wordpress\/ -->\n<title>EPIs<\/title>\n<meta name=\"description\" content=\"EPIs: Voc\u00ea est\u00e1 usando o seu conjunto corretamente? Veja como escolher os melhores equipamentos e a forma certa de utiliz\u00e1-los em sua empresa.\" \/>\n<meta name=\"robots\" content=\"index, follow, max-snippet:-1, max-image-preview:large, max-video-preview:-1\" \/>\n<link rel=\"canonical\" href=\"https:\/\/www.gvs.com.br\/safety\/2025\/01\/10\/epis\/\" \/>\n<meta property=\"og:locale\" content=\"pt_BR\" \/>\n<meta property=\"og:type\" content=\"article\" \/>\n<meta property=\"og:title\" content=\"EPIs\" \/>\n<meta property=\"og:description\" content=\"EPIs: Voc\u00ea est\u00e1 usando o seu conjunto corretamente? Veja como escolher os melhores equipamentos e a forma certa de utiliz\u00e1-los em sua empresa.\" \/>\n<meta property=\"og:url\" content=\"https:\/\/www.gvs.com.br\/safety\/2025\/01\/10\/epis\/\" \/>\n<meta property=\"og:site_name\" content=\"Safety\" \/>\n<meta property=\"article:published_time\" content=\"2025-01-10T21:24:00+00:00\" \/>\n<meta property=\"article:modified_time\" content=\"2025-09-09T21:28:13+00:00\" \/>\n<meta property=\"og:image\" content=\"https:\/\/www.gvs.com.br\/safety\/wp-content\/uploads\/2025\/09\/epis-voce-esta-usando-o-seu-conjunto-corretamente-topo.jpg\" \/>\n\t<meta property=\"og:image:width\" content=\"1123\" \/>\n\t<meta property=\"og:image:height\" content=\"633\" \/>\n\t<meta property=\"og:image:type\" content=\"image\/jpeg\" \/>\n<meta name=\"author\" content=\"admin-gvs\" \/>\n<meta name=\"twitter:card\" content=\"summary_large_image\" \/>\n<meta name=\"twitter:label1\" content=\"Escrito por\" \/>\n\t<meta name=\"twitter:data1\" content=\"admin-gvs\" \/>\n\t<meta name=\"twitter:label2\" content=\"Est. tempo de leitura\" \/>\n\t<meta name=\"twitter:data2\" content=\"8 minutos\" \/>\n<script type=\"application\/ld+json\" class=\"yoast-schema-graph\">{\"@context\":\"https:\/\/schema.org\",\"@graph\":[{\"@type\":\"Article\",\"@id\":\"https:\/\/www.gvs.com.br\/safety\/2025\/01\/10\/epis\/#article\",\"isPartOf\":{\"@id\":\"https:\/\/www.gvs.com.br\/safety\/2025\/01\/10\/epis\/\"},\"author\":{\"name\":\"admin-gvs\",\"@id\":\"https:\/\/www.gvs.com.br\/safety\/#\/schema\/person\/08f0e38941dafa538ee5706ec48fe5a1\"},\"headline\":\"EPIs: Voc\u00ea est\u00e1 usando o seu conjunto corretamente?\",\"datePublished\":\"2025-01-10T21:24:00+00:00\",\"dateModified\":\"2025-09-09T21:28:13+00:00\",\"mainEntityOfPage\":{\"@id\":\"https:\/\/www.gvs.com.br\/safety\/2025\/01\/10\/epis\/\"},\"wordCount\":1552,\"commentCount\":0,\"publisher\":{\"@id\":\"https:\/\/www.gvs.com.br\/safety\/#organization\"},\"image\":{\"@id\":\"https:\/\/www.gvs.com.br\/safety\/2025\/01\/10\/epis\/#primaryimage\"},\"thumbnailUrl\":\"https:\/\/www.gvs.com.br\/safety\/wp-content\/uploads\/2025\/09\/epis-voce-esta-usando-o-seu-conjunto-corretamente-topo.jpg\",\"keywords\":[\"Elipse\",\"Produtos GVS\",\"Prote\u00e7\u00e3o Respirat\u00f3ria\",\"Safety\"],\"articleSection\":[\"Safety\"],\"inLanguage\":\"pt-BR\",\"potentialAction\":[{\"@type\":\"CommentAction\",\"name\":\"Comment\",\"target\":[\"https:\/\/www.gvs.com.br\/safety\/2025\/01\/10\/epis\/#respond\"]}]},{\"@type\":\"WebPage\",\"@id\":\"https:\/\/www.gvs.com.br\/safety\/2025\/01\/10\/epis\/\",\"url\":\"https:\/\/www.gvs.com.br\/safety\/2025\/01\/10\/epis\/\",\"name\":\"EPIs\",\"isPartOf\":{\"@id\":\"https:\/\/www.gvs.com.br\/safety\/#website\"},\"primaryImageOfPage\":{\"@id\":\"https:\/\/www.gvs.com.br\/safety\/2025\/01\/10\/epis\/#primaryimage\"},\"image\":{\"@id\":\"https:\/\/www.gvs.com.br\/safety\/2025\/01\/10\/epis\/#primaryimage\"},\"thumbnailUrl\":\"https:\/\/www.gvs.com.br\/safety\/wp-content\/uploads\/2025\/09\/epis-voce-esta-usando-o-seu-conjunto-corretamente-topo.jpg\",\"datePublished\":\"2025-01-10T21:24:00+00:00\",\"dateModified\":\"2025-09-09T21:28:13+00:00\",\"description\":\"EPIs: Voc\u00ea est\u00e1 usando o seu conjunto corretamente? Veja como escolher os melhores equipamentos e a forma certa de utiliz\u00e1-los em sua empresa.\",\"breadcrumb\":{\"@id\":\"https:\/\/www.gvs.com.br\/safety\/2025\/01\/10\/epis\/#breadcrumb\"},\"inLanguage\":\"pt-BR\",\"potentialAction\":[{\"@type\":\"ReadAction\",\"target\":[\"https:\/\/www.gvs.com.br\/safety\/2025\/01\/10\/epis\/\"]}]},{\"@type\":\"ImageObject\",\"inLanguage\":\"pt-BR\",\"@id\":\"https:\/\/www.gvs.com.br\/safety\/2025\/01\/10\/epis\/#primaryimage\",\"url\":\"https:\/\/www.gvs.com.br\/safety\/wp-content\/uploads\/2025\/09\/epis-voce-esta-usando-o-seu-conjunto-corretamente-topo.jpg\",\"contentUrl\":\"https:\/\/www.gvs.com.br\/safety\/wp-content\/uploads\/2025\/09\/epis-voce-esta-usando-o-seu-conjunto-corretamente-topo.jpg\",\"width\":1123,\"height\":633},{\"@type\":\"BreadcrumbList\",\"@id\":\"https:\/\/www.gvs.com.br\/safety\/2025\/01\/10\/epis\/#breadcrumb\",\"itemListElement\":[{\"@type\":\"ListItem\",\"position\":1,\"name\":\"In\u00edcio\",\"item\":\"https:\/\/www.gvs.com.br\/safety\/\"},{\"@type\":\"ListItem\",\"position\":2,\"name\":\"EPIs: Voc\u00ea est\u00e1 usando o seu conjunto corretamente?\"}]},{\"@type\":\"WebSite\",\"@id\":\"https:\/\/www.gvs.com.br\/safety\/#website\",\"url\":\"https:\/\/www.gvs.com.br\/safety\/\",\"name\":\"Safety\",\"description\":\"\",\"publisher\":{\"@id\":\"https:\/\/www.gvs.com.br\/safety\/#organization\"},\"potentialAction\":[{\"@type\":\"SearchAction\",\"target\":{\"@type\":\"EntryPoint\",\"urlTemplate\":\"https:\/\/www.gvs.com.br\/safety\/?s={search_term_string}\"},\"query-input\":{\"@type\":\"PropertyValueSpecification\",\"valueRequired\":true,\"valueName\":\"search_term_string\"}}],\"inLanguage\":\"pt-BR\"},{\"@type\":\"Organization\",\"@id\":\"https:\/\/www.gvs.com.br\/safety\/#organization\",\"name\":\"Safety\",\"url\":\"https:\/\/www.gvs.com.br\/safety\/\",\"logo\":{\"@type\":\"ImageObject\",\"inLanguage\":\"pt-BR\",\"@id\":\"https:\/\/www.gvs.com.br\/safety\/#\/schema\/logo\/image\/\",\"url\":\"https:\/\/www.gvs.com.br\/safety\/wp-content\/uploads\/2024\/12\/Logo-GVS-Safety.png\",\"contentUrl\":\"https:\/\/www.gvs.com.br\/safety\/wp-content\/uploads\/2024\/12\/Logo-GVS-Safety.png\",\"width\":1920,\"height\":1080,\"caption\":\"Safety\"},\"image\":{\"@id\":\"https:\/\/www.gvs.com.br\/safety\/#\/schema\/logo\/image\/\"}},{\"@type\":\"Person\",\"@id\":\"https:\/\/www.gvs.com.br\/safety\/#\/schema\/person\/08f0e38941dafa538ee5706ec48fe5a1\",\"name\":\"admin-gvs\",\"image\":{\"@type\":\"ImageObject\",\"inLanguage\":\"pt-BR\",\"@id\":\"https:\/\/secure.gravatar.com\/avatar\/753807cf2c24e7c5051446eb4fc6c55657714e911f26a29329d9dc501ae35121?s=96&d=mm&r=g\",\"url\":\"https:\/\/secure.gravatar.com\/avatar\/753807cf2c24e7c5051446eb4fc6c55657714e911f26a29329d9dc501ae35121?s=96&d=mm&r=g\",\"contentUrl\":\"https:\/\/secure.gravatar.com\/avatar\/753807cf2c24e7c5051446eb4fc6c55657714e911f26a29329d9dc501ae35121?s=96&d=mm&r=g\",\"caption\":\"admin-gvs\"},\"url\":\"https:\/\/www.gvs.com.br\/safety\/author\/admin-gvs\/\"}]}<\/script>\n<!-- \/ Yoast SEO plugin. -->","yoast_head_json":{"title":"EPIs","description":"EPIs: Voc\u00ea est\u00e1 usando o seu conjunto corretamente? Veja como escolher os melhores equipamentos e a forma certa de utiliz\u00e1-los em sua empresa.","robots":{"index":"index","follow":"follow","max-snippet":"max-snippet:-1","max-image-preview":"max-image-preview:large","max-video-preview":"max-video-preview:-1"},"canonical":"https:\/\/www.gvs.com.br\/safety\/2025\/01\/10\/epis\/","og_locale":"pt_BR","og_type":"article","og_title":"EPIs","og_description":"EPIs: Voc\u00ea est\u00e1 usando o seu conjunto corretamente? Veja como escolher os melhores equipamentos e a forma certa de utiliz\u00e1-los em sua empresa.","og_url":"https:\/\/www.gvs.com.br\/safety\/2025\/01\/10\/epis\/","og_site_name":"Safety","article_published_time":"2025-01-10T21:24:00+00:00","article_modified_time":"2025-09-09T21:28:13+00:00","og_image":[{"width":1123,"height":633,"url":"https:\/\/www.gvs.com.br\/safety\/wp-content\/uploads\/2025\/09\/epis-voce-esta-usando-o-seu-conjunto-corretamente-topo.jpg","type":"image\/jpeg"}],"author":"admin-gvs","twitter_card":"summary_large_image","twitter_misc":{"Escrito por":"admin-gvs","Est. tempo de leitura":"8 minutos"},"schema":{"@context":"https:\/\/schema.org","@graph":[{"@type":"Article","@id":"https:\/\/www.gvs.com.br\/safety\/2025\/01\/10\/epis\/#article","isPartOf":{"@id":"https:\/\/www.gvs.com.br\/safety\/2025\/01\/10\/epis\/"},"author":{"name":"admin-gvs","@id":"https:\/\/www.gvs.com.br\/safety\/#\/schema\/person\/08f0e38941dafa538ee5706ec48fe5a1"},"headline":"EPIs: Voc\u00ea est\u00e1 usando o seu conjunto corretamente?","datePublished":"2025-01-10T21:24:00+00:00","dateModified":"2025-09-09T21:28:13+00:00","mainEntityOfPage":{"@id":"https:\/\/www.gvs.com.br\/safety\/2025\/01\/10\/epis\/"},"wordCount":1552,"commentCount":0,"publisher":{"@id":"https:\/\/www.gvs.com.br\/safety\/#organization"},"image":{"@id":"https:\/\/www.gvs.com.br\/safety\/2025\/01\/10\/epis\/#primaryimage"},"thumbnailUrl":"https:\/\/www.gvs.com.br\/safety\/wp-content\/uploads\/2025\/09\/epis-voce-esta-usando-o-seu-conjunto-corretamente-topo.jpg","keywords":["Elipse","Produtos GVS","Prote\u00e7\u00e3o Respirat\u00f3ria","Safety"],"articleSection":["Safety"],"inLanguage":"pt-BR","potentialAction":[{"@type":"CommentAction","name":"Comment","target":["https:\/\/www.gvs.com.br\/safety\/2025\/01\/10\/epis\/#respond"]}]},{"@type":"WebPage","@id":"https:\/\/www.gvs.com.br\/safety\/2025\/01\/10\/epis\/","url":"https:\/\/www.gvs.com.br\/safety\/2025\/01\/10\/epis\/","name":"EPIs","isPartOf":{"@id":"https:\/\/www.gvs.com.br\/safety\/#website"},"primaryImageOfPage":{"@id":"https:\/\/www.gvs.com.br\/safety\/2025\/01\/10\/epis\/#primaryimage"},"image":{"@id":"https:\/\/www.gvs.com.br\/safety\/2025\/01\/10\/epis\/#primaryimage"},"thumbnailUrl":"https:\/\/www.gvs.com.br\/safety\/wp-content\/uploads\/2025\/09\/epis-voce-esta-usando-o-seu-conjunto-corretamente-topo.jpg","datePublished":"2025-01-10T21:24:00+00:00","dateModified":"2025-09-09T21:28:13+00:00","description":"EPIs: Voc\u00ea est\u00e1 usando o seu conjunto corretamente? Veja como escolher os melhores equipamentos e a forma certa de utiliz\u00e1-los em sua empresa.","breadcrumb":{"@id":"https:\/\/www.gvs.com.br\/safety\/2025\/01\/10\/epis\/#breadcrumb"},"inLanguage":"pt-BR","potentialAction":[{"@type":"ReadAction","target":["https:\/\/www.gvs.com.br\/safety\/2025\/01\/10\/epis\/"]}]},{"@type":"ImageObject","inLanguage":"pt-BR","@id":"https:\/\/www.gvs.com.br\/safety\/2025\/01\/10\/epis\/#primaryimage","url":"https:\/\/www.gvs.com.br\/safety\/wp-content\/uploads\/2025\/09\/epis-voce-esta-usando-o-seu-conjunto-corretamente-topo.jpg","contentUrl":"https:\/\/www.gvs.com.br\/safety\/wp-content\/uploads\/2025\/09\/epis-voce-esta-usando-o-seu-conjunto-corretamente-topo.jpg","width":1123,"height":633},{"@type":"BreadcrumbList","@id":"https:\/\/www.gvs.com.br\/safety\/2025\/01\/10\/epis\/#breadcrumb","itemListElement":[{"@type":"ListItem","position":1,"name":"In\u00edcio","item":"https:\/\/www.gvs.com.br\/safety\/"},{"@type":"ListItem","position":2,"name":"EPIs: Voc\u00ea est\u00e1 usando o seu conjunto corretamente?"}]},{"@type":"WebSite","@id":"https:\/\/www.gvs.com.br\/safety\/#website","url":"https:\/\/www.gvs.com.br\/safety\/","name":"Safety","description":"","publisher":{"@id":"https:\/\/www.gvs.com.br\/safety\/#organization"},"potentialAction":[{"@type":"SearchAction","target":{"@type":"EntryPoint","urlTemplate":"https:\/\/www.gvs.com.br\/safety\/?s={search_term_string}"},"query-input":{"@type":"PropertyValueSpecification","valueRequired":true,"valueName":"search_term_string"}}],"inLanguage":"pt-BR"},{"@type":"Organization","@id":"https:\/\/www.gvs.com.br\/safety\/#organization","name":"Safety","url":"https:\/\/www.gvs.com.br\/safety\/","logo":{"@type":"ImageObject","inLanguage":"pt-BR","@id":"https:\/\/www.gvs.com.br\/safety\/#\/schema\/logo\/image\/","url":"https:\/\/www.gvs.com.br\/safety\/wp-content\/uploads\/2024\/12\/Logo-GVS-Safety.png","contentUrl":"https:\/\/www.gvs.com.br\/safety\/wp-content\/uploads\/2024\/12\/Logo-GVS-Safety.png","width":1920,"height":1080,"caption":"Safety"},"image":{"@id":"https:\/\/www.gvs.com.br\/safety\/#\/schema\/logo\/image\/"}},{"@type":"Person","@id":"https:\/\/www.gvs.com.br\/safety\/#\/schema\/person\/08f0e38941dafa538ee5706ec48fe5a1","name":"admin-gvs","image":{"@type":"ImageObject","inLanguage":"pt-BR","@id":"https:\/\/secure.gravatar.com\/avatar\/753807cf2c24e7c5051446eb4fc6c55657714e911f26a29329d9dc501ae35121?s=96&d=mm&r=g","url":"https:\/\/secure.gravatar.com\/avatar\/753807cf2c24e7c5051446eb4fc6c55657714e911f26a29329d9dc501ae35121?s=96&d=mm&r=g","contentUrl":"https:\/\/secure.gravatar.com\/avatar\/753807cf2c24e7c5051446eb4fc6c55657714e911f26a29329d9dc501ae35121?s=96&d=mm&r=g","caption":"admin-gvs"},"url":"https:\/\/www.gvs.com.br\/safety\/author\/admin-gvs\/"}]}},"uagb_featured_image_src":{"full":["https:\/\/www.gvs.com.br\/safety\/wp-content\/uploads\/2025\/09\/epis-voce-esta-usando-o-seu-conjunto-corretamente-topo.jpg",1123,633,false],"thumbnail":["https:\/\/www.gvs.com.br\/safety\/wp-content\/uploads\/2025\/09\/epis-voce-esta-usando-o-seu-conjunto-corretamente-topo-150x150.jpg",150,150,true],"medium":["https:\/\/www.gvs.com.br\/safety\/wp-content\/uploads\/2025\/09\/epis-voce-esta-usando-o-seu-conjunto-corretamente-topo-300x169.jpg",300,169,true],"medium_large":["https:\/\/www.gvs.com.br\/safety\/wp-content\/uploads\/2025\/09\/epis-voce-esta-usando-o-seu-conjunto-corretamente-topo-768x433.jpg",768,433,true],"large":["https:\/\/www.gvs.com.br\/safety\/wp-content\/uploads\/2025\/09\/epis-voce-esta-usando-o-seu-conjunto-corretamente-topo-1024x577.jpg",1024,577,true],"1536x1536":["https:\/\/www.gvs.com.br\/safety\/wp-content\/uploads\/2025\/09\/epis-voce-esta-usando-o-seu-conjunto-corretamente-topo.jpg",1123,633,false],"2048x2048":["https:\/\/www.gvs.com.br\/safety\/wp-content\/uploads\/2025\/09\/epis-voce-esta-usando-o-seu-conjunto-corretamente-topo.jpg",1123,633,false]},"uagb_author_info":{"display_name":"admin-gvs","author_link":"https:\/\/www.gvs.com.br\/safety\/author\/admin-gvs\/"},"uagb_comment_info":0,"uagb_excerpt":"EPIs: Voc\u00ea est\u00e1 usando o seu conjunto corretamente? Veja como escolher os melhores equipamentos e a forma certa de utiliz\u00e1-los [&hellip;]","_links":{"self":[{"href":"https:\/\/www.gvs.com.br\/safety\/wp-json\/wp\/v2\/posts\/2898","targetHints":{"allow":["GET"]}}],"collection":[{"href":"https:\/\/www.gvs.com.br\/safety\/wp-json\/wp\/v2\/posts"}],"about":[{"href":"https:\/\/www.gvs.com.br\/safety\/wp-json\/wp\/v2\/types\/post"}],"author":[{"embeddable":true,"href":"https:\/\/www.gvs.com.br\/safety\/wp-json\/wp\/v2\/users\/2"}],"replies":[{"embeddable":true,"href":"https:\/\/www.gvs.com.br\/safety\/wp-json\/wp\/v2\/comments?post=2898"}],"version-history":[{"count":1,"href":"https:\/\/www.gvs.com.br\/safety\/wp-json\/wp\/v2\/posts\/2898\/revisions"}],"predecessor-version":[{"id":2901,"href":"https:\/\/www.gvs.com.br\/safety\/wp-json\/wp\/v2\/posts\/2898\/revisions\/2901"}],"wp:featuredmedia":[{"embeddable":true,"href":"https:\/\/www.gvs.com.br\/safety\/wp-json\/wp\/v2\/media\/2899"}],"wp:attachment":[{"href":"https:\/\/www.gvs.com.br\/safety\/wp-json\/wp\/v2\/media?parent=2898"}],"wp:term":[{"taxonomy":"category","embeddable":true,"href":"https:\/\/www.gvs.com.br\/safety\/wp-json\/wp\/v2\/categories?post=2898"},{"taxonomy":"post_tag","embeddable":true,"href":"https:\/\/www.gvs.com.br\/safety\/wp-json\/wp\/v2\/tags?post=2898"}],"curies":[{"name":"wp","href":"https:\/\/api.w.org\/{rel}","templated":true}]}}