{"id":2894,"date":"2025-01-10T21:11:00","date_gmt":"2025-01-10T21:11:00","guid":{"rendered":"https:\/\/www.gvs.com.br\/safety\/?p=2894"},"modified":"2025-09-09T21:33:56","modified_gmt":"2025-09-09T21:33:56","slug":"uso-de-respiradores-saiba-quais-os-procedimentos-adequados","status":"publish","type":"post","link":"https:\/\/www.gvs.com.br\/safety\/2025\/01\/10\/uso-de-respiradores-saiba-quais-os-procedimentos-adequados\/","title":{"rendered":"Uso de respiradores: saiba quais os procedimentos adequados"},"content":{"rendered":"\n<div class=\"wp-block-uagb-container uagb-block-2d8af228 alignfull uagb-is-root-container\"><div class=\"uagb-container-inner-blocks-wrap\">\n<div class=\"wp-block-uagb-advanced-heading uagb-block-88fad113\"><h2 class=\"uagb-heading-text\"><strong>Uso de respiradores: saiba quais <\/strong><br><strong>os procedimentos adequados<\/strong><\/h2><\/div>\n\n\n\n<p class=\"has-ast-global-color-5-color has-text-color has-link-color wp-elements-5b8d9ec6e6fd57d5eba1f4c0b589a2e5\"><strong>Conhe\u00e7a as principais formas de estabelecer o uso correto dos EPRs na sua empresa.<\/strong><\/p>\n<\/div><\/div>\n\n\n\n<p><\/p>\n\n\n\n<p>A identifica\u00e7\u00e3o de riscos para definir o uso de respiradores, \u00e9 um dos principais pontos a serem considerados no processo de implementa\u00e7\u00e3o do Programa de Prote\u00e7\u00e3o Respirat\u00f3ria.<\/p>\n\n\n\n<p>Pois, \u00e9 um dos primeiros passos a serem tomados para a seguran\u00e7a dos colaboradores.<\/p>\n\n\n\n<p>Por\u00e9m, algo que deve ter aten\u00e7\u00e3o redobrada, durante a execu\u00e7\u00e3o do programa, \u00e9 o cuidado mediante o uso de respiradores, sejam eles destinados \u00e0 preven\u00e7\u00e3o de acidentes ou para situa\u00e7\u00f5es emergenciais.<\/p>\n\n\n\n<p>Desse modo, reunimos neste texto, as melhores pr\u00e1ticas para a utiliza\u00e7\u00e3o desses dispositivos.<\/p>\n\n\n\n<p>Ent\u00e3o, se tem d\u00favidas sobre o assunto e quer aprimorar a prote\u00e7\u00e3o respirat\u00f3ria dos seus funcion\u00e1rios, acompanhe a leitura!<\/p>\n\n\n\n<h2 class=\"wp-block-heading\">Aquisi\u00e7\u00e3o de respiradores<\/h2>\n\n\n\n<p>J\u00e1 citamos em outros textos, a import\u00e2ncia de adquirir equipamentos de prote\u00e7\u00e3o que apresentam o selo de verifica\u00e7\u00e3o da ANVISA.<\/p>\n\n\n\n<p>Isso porque, o \u00f3rg\u00e3o \u00e9 respons\u00e1vel pela verifica\u00e7\u00e3o da qualidade dos dispositivos.<\/p>\n\n\n\n<p>Dessa forma, \u00e9 assegurado o bom funcionamentos de diversos Equipamentos de Prote\u00e7\u00e3o Individual, para a prote\u00e7\u00e3o do usu\u00e1rio.<\/p>\n\n\n\n<p>Assim como, \u00e9 garantida a efici\u00eancia dos Equipamentos de Prote\u00e7\u00e3o Respirat\u00f3ria, para impedir a inala\u00e7\u00e3o de componentes nocivos ao funcion\u00e1rio.<\/p>\n\n\n\n<p>Por isso, atentar-se aos indicadores da ag\u00eancia reguladora, \u00e9 a melhor forma de garantir a seguran\u00e7a dos seus profissionais.<\/p>\n\n\n\n<p>Mas, depois que determinamos quais os riscos do ambiente e tomamos medidas de seguran\u00e7a, qual \u00e9 a melhor forma de garantir que elas sejam eficazes para a prote\u00e7\u00e3o da equipe?<\/p>\n\n\n\n<p>Continue a leitura e descubra!<\/p>\n\n\n\n<h2 class=\"wp-block-heading\">Dicas para o uso de respiradores<\/h2>\n\n\n\n<p>Saber como utilizar corretamente os respiradores e m\u00e1scaras de prote\u00e7\u00e3o, \u00e9 a melhor forma de assegurar a funcionalidade do seu Programa de Prote\u00e7\u00e3o Respirat\u00f3ria.<\/p>\n\n\n\n<p>Dessa maneira, oferecer treinamentos aos seus colaboradores, pode auxiliar na integridade dos equipamentos e garantir a manuten\u00e7\u00e3o e uso correto dos respiradores.<\/p>\n\n\n\n<p>Desse modo, listaremos a seguir, a melhor forma de estabelecer os crit\u00e9rios de boa utiliza\u00e7\u00e3o de Equipamentos de Prote\u00e7\u00e3o Respirat\u00f3ria (EPRs).<\/p>\n\n\n\n<h3 class=\"wp-block-heading\">Verifica\u00e7\u00f5es preliminares para o uso de respiradores<\/h3>\n\n\n\n<p>Sempre refor\u00e7amos que uma postura preventiva \u00e0s in\u00fameras situa\u00e7\u00f5es de riscos, presentes no ambiente profissional, \u00e9 a melhor forma de reduzir os perigos.<\/p>\n\n\n\n<p>Por isso, a an\u00e1lise preventiva dos componentes destinados \u00e0 seguran\u00e7a do colaborador, \u00e9 a melhor maneira de garantir a sua prote\u00e7\u00e3o durante a realiza\u00e7\u00e3o das tarefas.<\/p>\n\n\n\n<p>Assim, deve ser clara a informa\u00e7\u00e3o de que o dispositivo n\u00e3o pode apresentar nenhuma altera\u00e7\u00e3o em sua composi\u00e7\u00e3o original.<\/p>\n\n\n\n<p>Al\u00e9m disso, os passos para a aplica\u00e7\u00e3o da m\u00e1scara de prote\u00e7\u00e3o, informados pelos treinamentos e informa\u00e7\u00f5es disponibilizadas pelo fabricante, sempre devem ser seguidos.<\/p>\n\n\n\n<p>A inspe\u00e7\u00e3o preliminar, aplic\u00e1vel em casos que n\u00e3o sejam classificados como emerg\u00eancias, deve seguir os seguintes passos:<\/p>\n\n\n\n<h4 class=\"wp-block-heading\">Integridade do dispositivo<\/h4>\n\n\n\n<p>Deve haver a confirma\u00e7\u00e3o de que todas as partes do dispositivo de seguran\u00e7a est\u00e3o em bom estado de conserva\u00e7\u00e3o, al\u00e9m de garantir que exerceram sua fun\u00e7\u00e3o de maneira adequada.<\/p>\n\n\n\n<p>Dessa modo, averiguar o estado de v\u00e1lvulas, tirantes, superf\u00edcie de selagem no rosto, guarni\u00e7\u00f5es, entre outras partes do dispositivo, \u00e9 essencial para assegurar seu bom funcionamento.<\/p>\n\n\n\n<h4 class=\"wp-block-heading\">Filtros adequados<\/h4>\n\n\n\n<p>Outro ponto essencial para a confirma\u00e7\u00e3o de bom funcionamento do dispositivo, \u00e9 a capacidade de filtra\u00e7\u00e3o do dispositivo, principalmente, da subst\u00e2ncia a que ele ser\u00e1 destinado.<\/p>\n\n\n\n<p>Desse modo, verificar a integridade dos filtros e, tamb\u00e9m, sua classifica\u00e7\u00e3o, torna-se essencial para o uso correto dos respiradores e m\u00e1scaras de prote\u00e7\u00e3o.<\/p>\n\n\n\n<p>Assim como, averiguar datas de validade e vida \u00fatil, em casos de respiradores que realizam a purifica\u00e7\u00e3o do ar.<\/p>\n\n\n\n<h4 class=\"wp-block-heading\">Vaz\u00e3o e press\u00e3o<\/h4>\n\n\n\n<p>\u00c9 preciso, confirmar a press\u00e3o e a vaz\u00e3o da opera\u00e7\u00e3o, para adequar o dispositivo \u00e0s condi\u00e7\u00f5es do ambiente a que ser\u00e1 destinado.<\/p>\n\n\n\n<h4 class=\"wp-block-heading\">Teste de press\u00e3o<\/h4>\n\n\n\n<p>Em casos de dispositivos que apresentam a selagem facial, \u00e9 necess\u00e1rio realizar de um teste de press\u00e3o para a verifica\u00e7\u00e3o da funcionalidade do dispositivo.<\/p>\n\n\n\n<p>O teste de press\u00e3o positiva e negativa, por exemplo, determina se a selagem do rosto est\u00e1 de acordo com os par\u00e2metros estabelecidos pela an\u00e1lise de risco.<\/p>\n\n\n\n<p>Dessa forma, \u00e9 poss\u00edvel concluir a efic\u00e1cia da veda\u00e7\u00e3o e determinar n\u00edveis aceit\u00e1veis para a caracter\u00edstica.<\/p>\n\n\n\n<p>Lembrando que, o uso de respiradores e m\u00e1scaras de prote\u00e7\u00e3o s\u00f3 deve ser realizado, se o dispositivo receber classifica\u00e7\u00e3o aceit\u00e1vel nos testes e verifica\u00e7\u00f5es realizadas.<\/p>\n\n\n\n<figure class=\"wp-block-image aligncenter size-large\"><img loading=\"lazy\" decoding=\"async\" width=\"1024\" height=\"323\" src=\"https:\/\/www.gvs.com.br\/safety\/wp-content\/uploads\/2025\/09\/meio-safety-uso-de-respiradores-2-1024x323.jpg\" alt=\"\" class=\"wp-image-2904\" srcset=\"https:\/\/www.gvs.com.br\/safety\/wp-content\/uploads\/2025\/09\/meio-safety-uso-de-respiradores-2-1024x323.jpg 1024w, https:\/\/www.gvs.com.br\/safety\/wp-content\/uploads\/2025\/09\/meio-safety-uso-de-respiradores-2-300x95.jpg 300w, https:\/\/www.gvs.com.br\/safety\/wp-content\/uploads\/2025\/09\/meio-safety-uso-de-respiradores-2-768x242.jpg 768w, https:\/\/www.gvs.com.br\/safety\/wp-content\/uploads\/2025\/09\/meio-safety-uso-de-respiradores-2.jpg 1110w\" sizes=\"auto, (max-width: 1024px) 100vw, 1024px\" \/><\/figure>\n\n\n\n<h2 class=\"wp-block-heading\">Troca dos filtros das m\u00e1scaras e respiradores<\/h2>\n\n\n\n<p>Al\u00e9m de se atentar \u00e0 aplica\u00e7\u00e3o correta dos dispositivos, lembrar tamb\u00e9m, da manuten\u00e7\u00e3o e troca dos componentes que possuem essa op\u00e7\u00e3o.<\/p>\n\n\n\n<p>Por exemplo, os filtros, que recebem uma aten\u00e7\u00e3o especial na sua confec\u00e7\u00e3o, pelo administrador do Programa de Prote\u00e7\u00e3o Respirat\u00f3ria (PPR).<\/p>\n\n\n\n<p>Dessa maneira, \u00e9 poss\u00edvel registrar as datas corretas para a troca dos componentes e assegurar a funcionalidade do dispositivo de prote\u00e7\u00e3o.<\/p>\n\n\n\n<p>Mas, como ocorrem as substitui\u00e7\u00f5es?<\/p>\n\n\n\n<p>Primeiramente, assim como j\u00e1 citado, o tempo para uso do componente, \u00e9 determinado pelo administrador do PPR.<\/p>\n\n\n\n<p>Assim, com base nas especifica\u00e7\u00f5es do fabricante, \u00e9 poss\u00edvel determinar o tempo adequado para a troca do dispositivo.<\/p>\n\n\n\n<p>Por\u00e9m, existem casos em que a substitui\u00e7\u00e3o deve ser realizada de forma antecipada. Pois, os filtros podem apresentar defici\u00eancia na filtragem de determinadas part\u00edculas ou compostos qu\u00edmicos.<\/p>\n\n\n\n<p>Nesses casos, as irregularidades devem ser informadas pelo usu\u00e1rio ao administrador, para que, assim, sejam realizados os procedimentos adequados.<\/p>\n\n\n\n<p>Ou seja, na menor percep\u00e7\u00e3o de odores ou irrita\u00e7\u00e3o, que venham antes do per\u00edodo estipulado para a troca do filtro, o trabalhador deve comunicar os respons\u00e1veis.<\/p>\n\n\n\n<p>Por meio da comunica\u00e7\u00e3o adequada, \u00e9 poss\u00edvel, tamb\u00e9m, reavaliar o tempo de troca dos dispositivos.<\/p>\n\n\n\n<h2 class=\"wp-block-heading\">Conhecimento do profissional sobre o uso de respiradores<\/h2>\n\n\n\n<p>Assim como, j\u00e1 citamos em outros textos, a implementa\u00e7\u00e3o de treinamentos para a prote\u00e7\u00e3o respirat\u00f3ria dos colaboradores, \u00e9 essencial.<\/p>\n\n\n\n<p>Desse modo, \u00e9 poss\u00edvel assegurar que a aplica\u00e7\u00e3o dos componentes ser\u00e1 feita de forma correta.<\/p>\n\n\n\n<p>Por isso, \u00e9 necess\u00e1rio que os treinamentos sejam aplicados em todos os n\u00edveis hier\u00e1rquicos. Pois, assim \u00e9 poss\u00edvel determinar uma tomada de decis\u00e3o r\u00e1pida.<\/p>\n\n\n\n<p>E, dessa forma, garantir que todas as solu\u00e7\u00f5es sejam aplicadas de maneira eficiente para extinguir o problema.<\/p>\n\n\n\n<p>Para isso, o usu\u00e1rio deve ter conhecimento dos riscos presentes no ambiente, assim como, a import\u00e2ncia dos componentes de prote\u00e7\u00e3o para a sua seguran\u00e7a.<\/p>\n\n\n\n<h2 class=\"wp-block-heading\">Dicas para a seguran\u00e7a do funcion\u00e1rio<\/h2>\n\n\n\n<p>Problemas como o emba\u00e7amento do visor dos dispositivos que disp\u00f5em desse componente, \u00e9 um indicador de baixa vaz\u00e3o do equipamento.<\/p>\n\n\n\n<p>Desse modo, a realiza\u00e7\u00e3o de testes para verifica\u00e7\u00e3o da vaz\u00e3o, tornam-se essenciais para a tomada de medidas corretivas para o problema.<\/p>\n\n\n\n<p>Al\u00e9m disso, devem ser claras as informa\u00e7\u00f5es que determinam os procedimentos em situa\u00e7\u00f5es de emerg\u00eancias.<\/p>\n\n\n\n<p>Assim, alarmes que indicam poss\u00edveis irregularidades no ambiente ou nos equipamentos utilizados pelos colaboradores, \u00e9 um dos principais meios para tomada de decis\u00f5es r\u00e1pidas e efetivas.<\/p>\n\n\n\n<p>Assim como, determinar os procedimentos necess\u00e1rios em casos de identifica\u00e7\u00e3o de irregularidade no equipamento, pelo empregado, em situa\u00e7\u00f5es de risco.<\/p>\n\n\n\n<p>Quer saber mais sobre as melhores formas de garantir a seguran\u00e7a dos seus funcion\u00e1rios?<\/p>\n\n\n\n<p>Acompanhe\u00a0<a href=\"https:\/\/www.gvs.com.br\/safety\/blog\/\" target=\"_blank\" rel=\"noreferrer noopener\">nosso blog<\/a>\u00a0e tire todas as suas d\u00favidas!<\/p>\n\n\n\n<h2 class=\"wp-block-heading\">Refer\u00eancia<\/h2>\n\n\n\n<p>Programa de Prote\u00e7\u00e3o Respirat\u00f3ria (ANVISA)<\/p>\n\n\n\n<div class=\"wp-block-uagb-separator uagb-block-12928a3d\"><div class=\"uagb-separator-spacing-wrapper\"><div class=\"wp-block-uagb-separator__inner\" style=\"--my-background-image:\"><\/div><\/div><\/div>\n\n\n\n<div class=\"wp-block-uagb-advanced-heading uagb-block-37689345\"><h2 class=\"uagb-heading-text\"><strong>Acreditamos em proteger voc\u00ea para os melhores momentos da vida!<\/strong><\/h2><\/div>\n\n\n\n<p>Criamos solu\u00e7\u00f5es de prote\u00e7\u00e3o respirat\u00f3ria que tornam voc\u00ea e sua equipe mais seguros, para que todos possam voltar para casa no final de cada dia, seguros, saud\u00e1veis e capazes de fazer aquilo que mais importa.<\/p>\n\n\n\n<div class=\"wp-block-uagb-separator uagb-block-b8b79ce8\"><div class=\"uagb-separator-spacing-wrapper\"><div class=\"wp-block-uagb-separator__inner\" style=\"--my-background-image:\"><\/div><\/div><\/div>\n\n\n\n<div class=\"wp-block-uagb-call-to-action uagb-block-e6f6b3df wp-block-button\"><div class=\"uagb-cta__wrap\"><h3 class=\"uagb-cta__title\">Fale com a gente!<\/h3><p class=\"uagb-cta__desc\">Entre em contato com o nosso time hoje mesmo, esclare\u00e7a as suas d\u00favidas e&nbsp;<strong>solicite a sua cota\u00e7\u00e3o!<\/strong><\/p><\/div><div class=\"uagb-cta__buttons\"><a href=\"https:\/\/wa.me\/551938797222\" class=\"uagb-cta__button-link-wrapper wp-block-button__link\" target=\"_self\" rel=\"noopener noreferrer\"><svg xmlns=\"https:\/\/www.w3.org\/2000\/svg\" viewBox=\"0 0 448 512\"><path d=\"M380.9 97.1C339 55.1 283.2 32 223.9 32c-122.4 0-222 99.6-222 222 0 39.1 10.2 77.3 29.6 111L0 480l117.7-30.9c32.4 17.7 68.9 27 106.1 27h.1c122.3 0 224.1-99.6 224.1-222 0-59.3-25.2-115-67.1-157zm-157 341.6c-33.2 0-65.7-8.9-94-25.7l-6.7-4-69.8 18.3L72 359.2l-4.4-7c-18.5-29.4-28.2-63.3-28.2-98.2 0-101.7 82.8-184.5 184.6-184.5 49.3 0 95.6 19.2 130.4 54.1 34.8 34.9 56.2 81.2 56.1 130.5 0 101.8-84.9 184.6-186.6 184.6zm101.2-138.2c-5.5-2.8-32.8-16.2-37.9-18-5.1-1.9-8.8-2.8-12.5 2.8-3.7 5.6-14.3 18-17.6 21.8-3.2 3.7-6.5 4.2-12 1.4-32.6-16.3-54-29.1-75.5-66-5.7-9.8 5.7-9.1 16.3-30.3 1.8-3.7 .9-6.9-.5-9.7-1.4-2.8-12.5-30.1-17.1-41.2-4.5-10.8-9.1-9.3-12.5-9.5-3.2-.2-6.9-.2-10.6-.2-3.7 0-9.7 1.4-14.8 6.9-5.1 5.6-19.4 19-19.4 46.3 0 27.3 19.9 53.7 22.6 57.4 2.8 3.7 39.1 59.7 94.8 83.8 35.2 15.2 49 16.5 66.6 13.9 10.7-1.6 32.8-13.4 37.4-26.4 4.6-13 4.6-24.1 3.2-26.4-1.3-2.5-5-3.9-10.5-6.6z\"><\/path><\/svg>WhatsApp<\/a><\/div><\/div>\n\n\n\n<div class=\"wp-block-uagb-separator uagb-block-96e52944\"><div class=\"uagb-separator-spacing-wrapper\"><div class=\"wp-block-uagb-separator__inner\" style=\"--my-background-image:\"><\/div><\/div><\/div>\n\n\n\n<div class=\"wp-block-uagb-call-to-action uagb-block-bf9c28ce wp-block-button\"><div class=\"uagb-cta__wrap\"><h3 class=\"uagb-cta__title\">Fique por dentro das novidades!<\/h3><p class=\"uagb-cta__desc\">Acompanhe nossa jornada de inova\u00e7\u00e3o e saiba mais sobre nossos produtos, acesse <strong>Safety da GVS.<\/strong><\/p><\/div><div class=\"uagb-cta__buttons\"><a href=\"https:\/\/www.gvs.com.br\/safety\" class=\"uagb-cta__button-link-wrapper wp-block-button__link\" target=\"_self\" rel=\"noopener noreferrer\">Acesse o site<\/a><\/div><\/div>\n\n\n\n<p><\/p>\n","protected":false},"excerpt":{"rendered":"<p>Uso de respiradores: saiba quais os procedimentos adequados Conhe\u00e7a as principais formas de estabelecer o uso correto dos EPRs na [&hellip;]<\/p>\n","protected":false},"author":2,"featured_media":2903,"comment_status":"open","ping_status":"open","sticky":false,"template":"","format":"standard","meta":{"_uag_custom_page_level_css":"","site-sidebar-layout":"default","site-content-layout":"","ast-site-content-layout":"","site-content-style":"default","site-sidebar-style":"default","ast-global-header-display":"","ast-banner-title-visibility":"","ast-main-header-display":"","ast-hfb-above-header-display":"","ast-hfb-below-header-display":"","ast-hfb-mobile-header-display":"","site-post-title":"disabled","ast-breadcrumbs-content":"","ast-featured-img":"","footer-sml-layout":"","ast-disable-related-posts":"","theme-transparent-header-meta":"","adv-header-id-meta":"","stick-header-meta":"","header-above-stick-meta":"","header-main-stick-meta":"","header-below-stick-meta":"","astra-migrate-meta-layouts":"default","ast-page-background-enabled":"default","ast-page-background-meta":{"desktop":{"background-color":"var(--ast-global-color-4)","background-image":"","background-repeat":"repeat","background-position":"center center","background-size":"auto","background-attachment":"scroll","background-type":"","background-media":"","overlay-type":"","overlay-color":"","overlay-opacity":"","overlay-gradient":""},"tablet":{"background-color":"","background-image":"","background-repeat":"repeat","background-position":"center center","background-size":"auto","background-attachment":"scroll","background-type":"","background-media":"","overlay-type":"","overlay-color":"","overlay-opacity":"","overlay-gradient":""},"mobile":{"background-color":"","background-image":"","background-repeat":"repeat","background-position":"center center","background-size":"auto","background-attachment":"scroll","background-type":"","background-media":"","overlay-type":"","overlay-color":"","overlay-opacity":"","overlay-gradient":""}},"ast-content-background-meta":{"desktop":{"background-color":"var(--ast-global-color-5)","background-image":"","background-repeat":"repeat","background-position":"center center","background-size":"auto","background-attachment":"scroll","background-type":"","background-media":"","overlay-type":"","overlay-color":"","overlay-opacity":"","overlay-gradient":""},"tablet":{"background-color":"var(--ast-global-color-5)","background-image":"","background-repeat":"repeat","background-position":"center center","background-size":"auto","background-attachment":"scroll","background-type":"","background-media":"","overlay-type":"","overlay-color":"","overlay-opacity":"","overlay-gradient":""},"mobile":{"background-color":"var(--ast-global-color-5)","background-image":"","background-repeat":"repeat","background-position":"center center","background-size":"auto","background-attachment":"scroll","background-type":"","background-media":"","overlay-type":"","overlay-color":"","overlay-opacity":"","overlay-gradient":""}},"footnotes":""},"categories":[5],"tags":[34,42,17,15,40,16],"class_list":["post-2894","post","type-post","status-publish","format-standard","has-post-thumbnail","hentry","category-safety","tag-elipse","tag-epis","tag-produtos-gvs","tag-protecao-respiratoria","tag-respiradores","tag-safety"],"yoast_head":"<!-- This site is optimized with the Yoast SEO plugin v27.2 - https:\/\/yoast.com\/product\/yoast-seo-wordpress\/ -->\n<title>Import\u00e2ncia da prote\u00e7\u00e3o respirat\u00f3ria nos ambientes de trabalho<\/title>\n<meta name=\"description\" content=\"Qual a import\u00e2ncia da prote\u00e7\u00e3o respirat\u00f3ria nos ambientes de trabalho? Conhe\u00e7a as vantagens dos equipamentos voltados para esse cuidado\" \/>\n<meta name=\"robots\" content=\"index, follow, max-snippet:-1, max-image-preview:large, max-video-preview:-1\" \/>\n<link rel=\"canonical\" href=\"https:\/\/www.gvs.com.br\/safety\/2025\/01\/10\/uso-de-respiradores-saiba-quais-os-procedimentos-adequados\/\" \/>\n<meta property=\"og:locale\" content=\"pt_BR\" \/>\n<meta property=\"og:type\" content=\"article\" \/>\n<meta property=\"og:title\" content=\"Import\u00e2ncia da prote\u00e7\u00e3o respirat\u00f3ria nos ambientes de trabalho\" \/>\n<meta property=\"og:description\" content=\"Qual a import\u00e2ncia da prote\u00e7\u00e3o respirat\u00f3ria nos ambientes de trabalho? Conhe\u00e7a as vantagens dos equipamentos voltados para esse cuidado\" \/>\n<meta property=\"og:url\" content=\"https:\/\/www.gvs.com.br\/safety\/2025\/01\/10\/uso-de-respiradores-saiba-quais-os-procedimentos-adequados\/\" \/>\n<meta property=\"og:site_name\" content=\"Safety\" \/>\n<meta property=\"article:published_time\" content=\"2025-01-10T21:11:00+00:00\" \/>\n<meta property=\"article:modified_time\" content=\"2025-09-09T21:33:56+00:00\" \/>\n<meta property=\"og:image\" content=\"https:\/\/www.gvs.com.br\/safety\/wp-content\/uploads\/2025\/09\/topo-safety-uso-de-respiradores.jpg\" \/>\n\t<meta property=\"og:image:width\" content=\"1123\" \/>\n\t<meta property=\"og:image:height\" content=\"633\" \/>\n\t<meta property=\"og:image:type\" content=\"image\/jpeg\" \/>\n<meta name=\"author\" content=\"admin-gvs\" \/>\n<meta name=\"twitter:card\" content=\"summary_large_image\" \/>\n<meta name=\"twitter:label1\" content=\"Escrito por\" \/>\n\t<meta name=\"twitter:data1\" content=\"admin-gvs\" \/>\n\t<meta name=\"twitter:label2\" content=\"Est. tempo de leitura\" \/>\n\t<meta name=\"twitter:data2\" content=\"8 minutos\" \/>\n<script type=\"application\/ld+json\" class=\"yoast-schema-graph\">{\"@context\":\"https:\/\/schema.org\",\"@graph\":[{\"@type\":\"Article\",\"@id\":\"https:\/\/www.gvs.com.br\/safety\/2025\/01\/10\/uso-de-respiradores-saiba-quais-os-procedimentos-adequados\/#article\",\"isPartOf\":{\"@id\":\"https:\/\/www.gvs.com.br\/safety\/2025\/01\/10\/uso-de-respiradores-saiba-quais-os-procedimentos-adequados\/\"},\"author\":{\"name\":\"admin-gvs\",\"@id\":\"https:\/\/www.gvs.com.br\/safety\/#\/schema\/person\/08f0e38941dafa538ee5706ec48fe5a1\"},\"headline\":\"Uso de respiradores: saiba quais os procedimentos adequados\",\"datePublished\":\"2025-01-10T21:11:00+00:00\",\"dateModified\":\"2025-09-09T21:33:56+00:00\",\"mainEntityOfPage\":{\"@id\":\"https:\/\/www.gvs.com.br\/safety\/2025\/01\/10\/uso-de-respiradores-saiba-quais-os-procedimentos-adequados\/\"},\"wordCount\":1383,\"commentCount\":0,\"publisher\":{\"@id\":\"https:\/\/www.gvs.com.br\/safety\/#organization\"},\"image\":{\"@id\":\"https:\/\/www.gvs.com.br\/safety\/2025\/01\/10\/uso-de-respiradores-saiba-quais-os-procedimentos-adequados\/#primaryimage\"},\"thumbnailUrl\":\"https:\/\/www.gvs.com.br\/safety\/wp-content\/uploads\/2025\/09\/topo-safety-uso-de-respiradores.jpg\",\"keywords\":[\"Elipse\",\"epis\",\"Produtos GVS\",\"Prote\u00e7\u00e3o Respirat\u00f3ria\",\"Respiradores\",\"Safety\"],\"articleSection\":[\"Safety\"],\"inLanguage\":\"pt-BR\",\"potentialAction\":[{\"@type\":\"CommentAction\",\"name\":\"Comment\",\"target\":[\"https:\/\/www.gvs.com.br\/safety\/2025\/01\/10\/uso-de-respiradores-saiba-quais-os-procedimentos-adequados\/#respond\"]}]},{\"@type\":\"WebPage\",\"@id\":\"https:\/\/www.gvs.com.br\/safety\/2025\/01\/10\/uso-de-respiradores-saiba-quais-os-procedimentos-adequados\/\",\"url\":\"https:\/\/www.gvs.com.br\/safety\/2025\/01\/10\/uso-de-respiradores-saiba-quais-os-procedimentos-adequados\/\",\"name\":\"Import\u00e2ncia da prote\u00e7\u00e3o respirat\u00f3ria nos ambientes de trabalho\",\"isPartOf\":{\"@id\":\"https:\/\/www.gvs.com.br\/safety\/#website\"},\"primaryImageOfPage\":{\"@id\":\"https:\/\/www.gvs.com.br\/safety\/2025\/01\/10\/uso-de-respiradores-saiba-quais-os-procedimentos-adequados\/#primaryimage\"},\"image\":{\"@id\":\"https:\/\/www.gvs.com.br\/safety\/2025\/01\/10\/uso-de-respiradores-saiba-quais-os-procedimentos-adequados\/#primaryimage\"},\"thumbnailUrl\":\"https:\/\/www.gvs.com.br\/safety\/wp-content\/uploads\/2025\/09\/topo-safety-uso-de-respiradores.jpg\",\"datePublished\":\"2025-01-10T21:11:00+00:00\",\"dateModified\":\"2025-09-09T21:33:56+00:00\",\"description\":\"Qual a import\u00e2ncia da prote\u00e7\u00e3o respirat\u00f3ria nos ambientes de trabalho? Conhe\u00e7a as vantagens dos equipamentos voltados para esse cuidado\",\"breadcrumb\":{\"@id\":\"https:\/\/www.gvs.com.br\/safety\/2025\/01\/10\/uso-de-respiradores-saiba-quais-os-procedimentos-adequados\/#breadcrumb\"},\"inLanguage\":\"pt-BR\",\"potentialAction\":[{\"@type\":\"ReadAction\",\"target\":[\"https:\/\/www.gvs.com.br\/safety\/2025\/01\/10\/uso-de-respiradores-saiba-quais-os-procedimentos-adequados\/\"]}]},{\"@type\":\"ImageObject\",\"inLanguage\":\"pt-BR\",\"@id\":\"https:\/\/www.gvs.com.br\/safety\/2025\/01\/10\/uso-de-respiradores-saiba-quais-os-procedimentos-adequados\/#primaryimage\",\"url\":\"https:\/\/www.gvs.com.br\/safety\/wp-content\/uploads\/2025\/09\/topo-safety-uso-de-respiradores.jpg\",\"contentUrl\":\"https:\/\/www.gvs.com.br\/safety\/wp-content\/uploads\/2025\/09\/topo-safety-uso-de-respiradores.jpg\",\"width\":1123,\"height\":633},{\"@type\":\"BreadcrumbList\",\"@id\":\"https:\/\/www.gvs.com.br\/safety\/2025\/01\/10\/uso-de-respiradores-saiba-quais-os-procedimentos-adequados\/#breadcrumb\",\"itemListElement\":[{\"@type\":\"ListItem\",\"position\":1,\"name\":\"In\u00edcio\",\"item\":\"https:\/\/www.gvs.com.br\/safety\/\"},{\"@type\":\"ListItem\",\"position\":2,\"name\":\"Uso de respiradores: saiba quais os procedimentos adequados\"}]},{\"@type\":\"WebSite\",\"@id\":\"https:\/\/www.gvs.com.br\/safety\/#website\",\"url\":\"https:\/\/www.gvs.com.br\/safety\/\",\"name\":\"Safety\",\"description\":\"\",\"publisher\":{\"@id\":\"https:\/\/www.gvs.com.br\/safety\/#organization\"},\"potentialAction\":[{\"@type\":\"SearchAction\",\"target\":{\"@type\":\"EntryPoint\",\"urlTemplate\":\"https:\/\/www.gvs.com.br\/safety\/?s={search_term_string}\"},\"query-input\":{\"@type\":\"PropertyValueSpecification\",\"valueRequired\":true,\"valueName\":\"search_term_string\"}}],\"inLanguage\":\"pt-BR\"},{\"@type\":\"Organization\",\"@id\":\"https:\/\/www.gvs.com.br\/safety\/#organization\",\"name\":\"Safety\",\"url\":\"https:\/\/www.gvs.com.br\/safety\/\",\"logo\":{\"@type\":\"ImageObject\",\"inLanguage\":\"pt-BR\",\"@id\":\"https:\/\/www.gvs.com.br\/safety\/#\/schema\/logo\/image\/\",\"url\":\"https:\/\/www.gvs.com.br\/safety\/wp-content\/uploads\/2024\/12\/Logo-GVS-Safety.png\",\"contentUrl\":\"https:\/\/www.gvs.com.br\/safety\/wp-content\/uploads\/2024\/12\/Logo-GVS-Safety.png\",\"width\":1920,\"height\":1080,\"caption\":\"Safety\"},\"image\":{\"@id\":\"https:\/\/www.gvs.com.br\/safety\/#\/schema\/logo\/image\/\"}},{\"@type\":\"Person\",\"@id\":\"https:\/\/www.gvs.com.br\/safety\/#\/schema\/person\/08f0e38941dafa538ee5706ec48fe5a1\",\"name\":\"admin-gvs\",\"image\":{\"@type\":\"ImageObject\",\"inLanguage\":\"pt-BR\",\"@id\":\"https:\/\/secure.gravatar.com\/avatar\/753807cf2c24e7c5051446eb4fc6c55657714e911f26a29329d9dc501ae35121?s=96&d=mm&r=g\",\"url\":\"https:\/\/secure.gravatar.com\/avatar\/753807cf2c24e7c5051446eb4fc6c55657714e911f26a29329d9dc501ae35121?s=96&d=mm&r=g\",\"contentUrl\":\"https:\/\/secure.gravatar.com\/avatar\/753807cf2c24e7c5051446eb4fc6c55657714e911f26a29329d9dc501ae35121?s=96&d=mm&r=g\",\"caption\":\"admin-gvs\"},\"url\":\"https:\/\/www.gvs.com.br\/safety\/author\/admin-gvs\/\"}]}<\/script>\n<!-- \/ Yoast SEO plugin. -->","yoast_head_json":{"title":"Import\u00e2ncia da prote\u00e7\u00e3o respirat\u00f3ria nos ambientes de trabalho","description":"Qual a import\u00e2ncia da prote\u00e7\u00e3o respirat\u00f3ria nos ambientes de trabalho? Conhe\u00e7a as vantagens dos equipamentos voltados para esse cuidado","robots":{"index":"index","follow":"follow","max-snippet":"max-snippet:-1","max-image-preview":"max-image-preview:large","max-video-preview":"max-video-preview:-1"},"canonical":"https:\/\/www.gvs.com.br\/safety\/2025\/01\/10\/uso-de-respiradores-saiba-quais-os-procedimentos-adequados\/","og_locale":"pt_BR","og_type":"article","og_title":"Import\u00e2ncia da prote\u00e7\u00e3o respirat\u00f3ria nos ambientes de trabalho","og_description":"Qual a import\u00e2ncia da prote\u00e7\u00e3o respirat\u00f3ria nos ambientes de trabalho? Conhe\u00e7a as vantagens dos equipamentos voltados para esse cuidado","og_url":"https:\/\/www.gvs.com.br\/safety\/2025\/01\/10\/uso-de-respiradores-saiba-quais-os-procedimentos-adequados\/","og_site_name":"Safety","article_published_time":"2025-01-10T21:11:00+00:00","article_modified_time":"2025-09-09T21:33:56+00:00","og_image":[{"width":1123,"height":633,"url":"https:\/\/www.gvs.com.br\/safety\/wp-content\/uploads\/2025\/09\/topo-safety-uso-de-respiradores.jpg","type":"image\/jpeg"}],"author":"admin-gvs","twitter_card":"summary_large_image","twitter_misc":{"Escrito por":"admin-gvs","Est. tempo de leitura":"8 minutos"},"schema":{"@context":"https:\/\/schema.org","@graph":[{"@type":"Article","@id":"https:\/\/www.gvs.com.br\/safety\/2025\/01\/10\/uso-de-respiradores-saiba-quais-os-procedimentos-adequados\/#article","isPartOf":{"@id":"https:\/\/www.gvs.com.br\/safety\/2025\/01\/10\/uso-de-respiradores-saiba-quais-os-procedimentos-adequados\/"},"author":{"name":"admin-gvs","@id":"https:\/\/www.gvs.com.br\/safety\/#\/schema\/person\/08f0e38941dafa538ee5706ec48fe5a1"},"headline":"Uso de respiradores: saiba quais os procedimentos adequados","datePublished":"2025-01-10T21:11:00+00:00","dateModified":"2025-09-09T21:33:56+00:00","mainEntityOfPage":{"@id":"https:\/\/www.gvs.com.br\/safety\/2025\/01\/10\/uso-de-respiradores-saiba-quais-os-procedimentos-adequados\/"},"wordCount":1383,"commentCount":0,"publisher":{"@id":"https:\/\/www.gvs.com.br\/safety\/#organization"},"image":{"@id":"https:\/\/www.gvs.com.br\/safety\/2025\/01\/10\/uso-de-respiradores-saiba-quais-os-procedimentos-adequados\/#primaryimage"},"thumbnailUrl":"https:\/\/www.gvs.com.br\/safety\/wp-content\/uploads\/2025\/09\/topo-safety-uso-de-respiradores.jpg","keywords":["Elipse","epis","Produtos GVS","Prote\u00e7\u00e3o Respirat\u00f3ria","Respiradores","Safety"],"articleSection":["Safety"],"inLanguage":"pt-BR","potentialAction":[{"@type":"CommentAction","name":"Comment","target":["https:\/\/www.gvs.com.br\/safety\/2025\/01\/10\/uso-de-respiradores-saiba-quais-os-procedimentos-adequados\/#respond"]}]},{"@type":"WebPage","@id":"https:\/\/www.gvs.com.br\/safety\/2025\/01\/10\/uso-de-respiradores-saiba-quais-os-procedimentos-adequados\/","url":"https:\/\/www.gvs.com.br\/safety\/2025\/01\/10\/uso-de-respiradores-saiba-quais-os-procedimentos-adequados\/","name":"Import\u00e2ncia da prote\u00e7\u00e3o respirat\u00f3ria nos ambientes de trabalho","isPartOf":{"@id":"https:\/\/www.gvs.com.br\/safety\/#website"},"primaryImageOfPage":{"@id":"https:\/\/www.gvs.com.br\/safety\/2025\/01\/10\/uso-de-respiradores-saiba-quais-os-procedimentos-adequados\/#primaryimage"},"image":{"@id":"https:\/\/www.gvs.com.br\/safety\/2025\/01\/10\/uso-de-respiradores-saiba-quais-os-procedimentos-adequados\/#primaryimage"},"thumbnailUrl":"https:\/\/www.gvs.com.br\/safety\/wp-content\/uploads\/2025\/09\/topo-safety-uso-de-respiradores.jpg","datePublished":"2025-01-10T21:11:00+00:00","dateModified":"2025-09-09T21:33:56+00:00","description":"Qual a import\u00e2ncia da prote\u00e7\u00e3o respirat\u00f3ria nos ambientes de trabalho? Conhe\u00e7a as vantagens dos equipamentos voltados para esse cuidado","breadcrumb":{"@id":"https:\/\/www.gvs.com.br\/safety\/2025\/01\/10\/uso-de-respiradores-saiba-quais-os-procedimentos-adequados\/#breadcrumb"},"inLanguage":"pt-BR","potentialAction":[{"@type":"ReadAction","target":["https:\/\/www.gvs.com.br\/safety\/2025\/01\/10\/uso-de-respiradores-saiba-quais-os-procedimentos-adequados\/"]}]},{"@type":"ImageObject","inLanguage":"pt-BR","@id":"https:\/\/www.gvs.com.br\/safety\/2025\/01\/10\/uso-de-respiradores-saiba-quais-os-procedimentos-adequados\/#primaryimage","url":"https:\/\/www.gvs.com.br\/safety\/wp-content\/uploads\/2025\/09\/topo-safety-uso-de-respiradores.jpg","contentUrl":"https:\/\/www.gvs.com.br\/safety\/wp-content\/uploads\/2025\/09\/topo-safety-uso-de-respiradores.jpg","width":1123,"height":633},{"@type":"BreadcrumbList","@id":"https:\/\/www.gvs.com.br\/safety\/2025\/01\/10\/uso-de-respiradores-saiba-quais-os-procedimentos-adequados\/#breadcrumb","itemListElement":[{"@type":"ListItem","position":1,"name":"In\u00edcio","item":"https:\/\/www.gvs.com.br\/safety\/"},{"@type":"ListItem","position":2,"name":"Uso de respiradores: saiba quais os procedimentos adequados"}]},{"@type":"WebSite","@id":"https:\/\/www.gvs.com.br\/safety\/#website","url":"https:\/\/www.gvs.com.br\/safety\/","name":"Safety","description":"","publisher":{"@id":"https:\/\/www.gvs.com.br\/safety\/#organization"},"potentialAction":[{"@type":"SearchAction","target":{"@type":"EntryPoint","urlTemplate":"https:\/\/www.gvs.com.br\/safety\/?s={search_term_string}"},"query-input":{"@type":"PropertyValueSpecification","valueRequired":true,"valueName":"search_term_string"}}],"inLanguage":"pt-BR"},{"@type":"Organization","@id":"https:\/\/www.gvs.com.br\/safety\/#organization","name":"Safety","url":"https:\/\/www.gvs.com.br\/safety\/","logo":{"@type":"ImageObject","inLanguage":"pt-BR","@id":"https:\/\/www.gvs.com.br\/safety\/#\/schema\/logo\/image\/","url":"https:\/\/www.gvs.com.br\/safety\/wp-content\/uploads\/2024\/12\/Logo-GVS-Safety.png","contentUrl":"https:\/\/www.gvs.com.br\/safety\/wp-content\/uploads\/2024\/12\/Logo-GVS-Safety.png","width":1920,"height":1080,"caption":"Safety"},"image":{"@id":"https:\/\/www.gvs.com.br\/safety\/#\/schema\/logo\/image\/"}},{"@type":"Person","@id":"https:\/\/www.gvs.com.br\/safety\/#\/schema\/person\/08f0e38941dafa538ee5706ec48fe5a1","name":"admin-gvs","image":{"@type":"ImageObject","inLanguage":"pt-BR","@id":"https:\/\/secure.gravatar.com\/avatar\/753807cf2c24e7c5051446eb4fc6c55657714e911f26a29329d9dc501ae35121?s=96&d=mm&r=g","url":"https:\/\/secure.gravatar.com\/avatar\/753807cf2c24e7c5051446eb4fc6c55657714e911f26a29329d9dc501ae35121?s=96&d=mm&r=g","contentUrl":"https:\/\/secure.gravatar.com\/avatar\/753807cf2c24e7c5051446eb4fc6c55657714e911f26a29329d9dc501ae35121?s=96&d=mm&r=g","caption":"admin-gvs"},"url":"https:\/\/www.gvs.com.br\/safety\/author\/admin-gvs\/"}]}},"uagb_featured_image_src":{"full":["https:\/\/www.gvs.com.br\/safety\/wp-content\/uploads\/2025\/09\/topo-safety-uso-de-respiradores.jpg",1123,633,false],"thumbnail":["https:\/\/www.gvs.com.br\/safety\/wp-content\/uploads\/2025\/09\/topo-safety-uso-de-respiradores-150x150.jpg",150,150,true],"medium":["https:\/\/www.gvs.com.br\/safety\/wp-content\/uploads\/2025\/09\/topo-safety-uso-de-respiradores-300x169.jpg",300,169,true],"medium_large":["https:\/\/www.gvs.com.br\/safety\/wp-content\/uploads\/2025\/09\/topo-safety-uso-de-respiradores-768x433.jpg",768,433,true],"large":["https:\/\/www.gvs.com.br\/safety\/wp-content\/uploads\/2025\/09\/topo-safety-uso-de-respiradores-1024x577.jpg",1024,577,true],"1536x1536":["https:\/\/www.gvs.com.br\/safety\/wp-content\/uploads\/2025\/09\/topo-safety-uso-de-respiradores.jpg",1123,633,false],"2048x2048":["https:\/\/www.gvs.com.br\/safety\/wp-content\/uploads\/2025\/09\/topo-safety-uso-de-respiradores.jpg",1123,633,false]},"uagb_author_info":{"display_name":"admin-gvs","author_link":"https:\/\/www.gvs.com.br\/safety\/author\/admin-gvs\/"},"uagb_comment_info":0,"uagb_excerpt":"Uso de respiradores: saiba quais os procedimentos adequados Conhe\u00e7a as principais formas de estabelecer o uso correto dos EPRs na [&hellip;]","_links":{"self":[{"href":"https:\/\/www.gvs.com.br\/safety\/wp-json\/wp\/v2\/posts\/2894","targetHints":{"allow":["GET"]}}],"collection":[{"href":"https:\/\/www.gvs.com.br\/safety\/wp-json\/wp\/v2\/posts"}],"about":[{"href":"https:\/\/www.gvs.com.br\/safety\/wp-json\/wp\/v2\/types\/post"}],"author":[{"embeddable":true,"href":"https:\/\/www.gvs.com.br\/safety\/wp-json\/wp\/v2\/users\/2"}],"replies":[{"embeddable":true,"href":"https:\/\/www.gvs.com.br\/safety\/wp-json\/wp\/v2\/comments?post=2894"}],"version-history":[{"count":1,"href":"https:\/\/www.gvs.com.br\/safety\/wp-json\/wp\/v2\/posts\/2894\/revisions"}],"predecessor-version":[{"id":2905,"href":"https:\/\/www.gvs.com.br\/safety\/wp-json\/wp\/v2\/posts\/2894\/revisions\/2905"}],"wp:featuredmedia":[{"embeddable":true,"href":"https:\/\/www.gvs.com.br\/safety\/wp-json\/wp\/v2\/media\/2903"}],"wp:attachment":[{"href":"https:\/\/www.gvs.com.br\/safety\/wp-json\/wp\/v2\/media?parent=2894"}],"wp:term":[{"taxonomy":"category","embeddable":true,"href":"https:\/\/www.gvs.com.br\/safety\/wp-json\/wp\/v2\/categories?post=2894"},{"taxonomy":"post_tag","embeddable":true,"href":"https:\/\/www.gvs.com.br\/safety\/wp-json\/wp\/v2\/tags?post=2894"}],"curies":[{"name":"wp","href":"https:\/\/api.w.org\/{rel}","templated":true}]}}