{"id":2886,"date":"2025-01-10T20:21:00","date_gmt":"2025-01-10T20:21:00","guid":{"rendered":"https:\/\/www.gvs.com.br\/safety\/?p=2886"},"modified":"2025-09-09T21:11:03","modified_gmt":"2025-09-09T21:11:03","slug":"cuidados-no-ambiente-intra-hospitalar-para-evitar-o-coronavirus","status":"publish","type":"post","link":"https:\/\/www.gvs.com.br\/safety\/2025\/01\/10\/cuidados-no-ambiente-intra-hospitalar-para-evitar-o-coronavirus\/","title":{"rendered":"Veja os cuidados no ambiente intra-hospitalar para evitar o coronav\u00edrus"},"content":{"rendered":"\n<div class=\"wp-block-uagb-container uagb-block-2d8af228 alignfull uagb-is-root-container\"><div class=\"uagb-container-inner-blocks-wrap\">\n<div class=\"wp-block-uagb-advanced-heading uagb-block-88fad113\"><h2 class=\"uagb-heading-text\"><strong>Veja os cuidados no ambiente intra-hospitalar <\/strong><br><strong>para evitar o coronav\u00edrus<\/strong><\/h2><\/div>\n\n\n\n<p class=\"has-ast-global-color-5-color has-text-color has-link-color wp-elements-d07fcf2e58bdf8949425d2989c11bf78\"><strong>Conhe\u00e7a as principais instru\u00e7\u00f5es acerca do seu uso<\/strong><\/p>\n<\/div><\/div>\n\n\n\n<p><\/p>\n\n\n\n<p>O grande assunto do momento, tanto na internet quanto nas m\u00eddias, tradicionais \u00e9 o novo coronav\u00edrus. E n\u00e3o \u00e9 para menos, j\u00e1 que sua prolifera\u00e7\u00e3o se tornou uma pandemia que j\u00e1 atingiu centenas de pa\u00edses.<br>Apesar de possuir uma taxa de mortalidade baixa, inferior a doen\u00e7as como a H1N1 por exemplo, h\u00e1 uma grande mobiliza\u00e7\u00e3o mundial quanto ao achatamento da curva de infec\u00e7\u00e3o.<br>Ou seja, medidas importantes v\u00eam sendo tomadas para que menos pessoas peguem a doen\u00e7a. Isso porque, a n\u00edvel mundial, os sistemas de sa\u00fade n\u00e3o t\u00eam a estrutura para comportar de forma adequada todos os infectados, somados \u00e0quelas pessoas que precisam de atendimento m\u00e9dico por outros motivos.<br>Mas, e dentro dos hospitais? O que os profissionais da sa\u00fade precisam fazer para tratarem seus pacientes e evitar o coronav\u00edrus simultaneamente?<\/p>\n\n\n\n<p>Confira dicas da ANVISA (Ag\u00eancia Nacional de Vigil\u00e2ncia Sanit\u00e1ria) para se proteger e conhe\u00e7a em detalhes o tipo de m\u00e1scara que ajuda quem trabalha nos hospitais a manterem a sa\u00fade.<\/p>\n\n\n\n<h2 class=\"wp-block-heading\">Como reduzir a propaga\u00e7\u00e3o do coronav\u00edrus<\/h2>\n\n\n\n<p>Existem medidas fundamentais a serem tomadas, tanto pelas pessoas que apresentam sintomas da doen\u00e7a quanto por quem tem contato pr\u00f3ximo com elas ou n\u00e3o apresenta nenhum sintoma.<br>Essas medidas s\u00e3o repetidas de forma exaustiva, mas \u00e9 sempre v\u00e1lido refor\u00e7a-las.<\/p>\n\n\n\n<h3 class=\"wp-block-heading\">Formas gerais de se prevenir<\/h3>\n\n\n\n<ul class=\"wp-block-list\">\n<li>Uso de m\u00e1scara cir\u00fargica por parte do ambiente sintom\u00e1tico;<\/li>\n\n\n\n<li>Lavar as m\u00e3os sempre que poss\u00edvel, com \u00e1gua e sab\u00e3o;<\/li>\n\n\n\n<li>Higienizar as m\u00e3os com \u00e1lcool gel 70%;<\/li>\n\n\n\n<li>Evitar aglomera\u00e7\u00f5es;<\/li>\n\n\n\n<li>Ao tossir ou espirrar, cobrir o rosto com a parte interna do cotovelo;<\/li>\n\n\n\n<li>Evitar contato f\u00edsico com outras pessoas, como apertos de m\u00e3o.<\/li>\n<\/ul>\n\n\n\n<h3 class=\"wp-block-heading\">Quem tem contato pr\u00f3ximo com casos suspeitos<\/h3>\n\n\n\n<p>S\u00e3o definidas pela ANVISA algumas situa\u00e7\u00f5es que caracterizam o contato pr\u00f3ximo das pessoas com poss\u00edveis contaminados. S\u00e3o elas:<\/p>\n\n\n\n<ul class=\"wp-block-list\">\n<li>Contato f\u00edsico direto ou frente a frente por 15 minutos ou mais;<\/li>\n\n\n\n<li>Coexist\u00eancia em ambiente fechado, \u00e0 uma dist\u00e2ncia inferior a 2 metros, por 15 minutos ou mais;<\/li>\n\n\n\n<li>Profissionais da sa\u00fade, profissionais de laborat\u00f3rios que entrem em contato com pessoas infectadas e\/ou manipulem testes sem EPI e cuidadores;<\/li>\n\n\n\n<li>Pessoas que moram ou compartilham espa\u00e7o constantemente com algu\u00e9m infectado.<\/li>\n<\/ul>\n\n\n\n<h2 class=\"wp-block-heading\">Evitar o coronav\u00edrus no ambiente intra-hospitalar<\/h2>\n\n\n\n<p>Sem d\u00favidas, o hospital \u00e9 o ambiente que concentra maior n\u00famero de casos suspeitos, sintom\u00e1ticos e confirmados do coronav\u00edrus. Por isso, \u00e9 fundamental tomar a\u00e7\u00f5es que previnam todos os pacientes e visitantes da contamina\u00e7\u00e3o, de modo a evitar o coronav\u00edrus.<\/p>\n\n\n\n<p>Desse modo, uma pessoa que possui os sintomas mas n\u00e3o est\u00e1 com a doen\u00e7a ou algum acompanhante, poder\u00e3o sair do hospital sem contra\u00ed-la.<\/p>\n\n\n\n<p>Para isso, cuidados gerais s\u00e3o necess\u00e1rios. De acordo com informativo da ANVISA, \u00e9 preciso:<\/p>\n\n\n\n<ul class=\"wp-block-list\">\n<li>Definir um fluxo exclusivo para este tipo de pacientes, al\u00e9m de sinalizar a unidade para indicar o fluxo;<\/li>\n\n\n\n<li>Destinar um local de espera exclusivo, bem como uma \u00e1rea de atendimento, para os casos suspeitos e sintom\u00e1ticos;<\/li>\n\n\n\n<li>Providenciar m\u00e1scaras cir\u00fargicas para o paciente sintom\u00e1tico\/suspeito e para seu acompanhante, se tiver. \u00c9 necess\u00e1rio tamb\u00e9m orienta-los a permanecer de m\u00e1scara at\u00e9 que sejam instru\u00eddos a tira-la;<\/li>\n\n\n\n<li>Dedicar uma sala exclusiva, ventilada e com a porta fechada para avaliar os pacientes suspeitos de infec\u00e7\u00e3o pelo novo coronav\u00edrus. Se poss\u00edvel, utilizar uma sala de isolamento respirat\u00f3rio;<\/li>\n\n\n\n<li>Distribuir materiais de comunica\u00e7\u00e3o pelo hospital, com orienta\u00e7\u00f5es aos pacientes sobre como se portar ao tossir, espirrar e demais a\u00e7\u00f5es ligadas \u00e0 etiqueta respirat\u00f3ria.<\/li>\n<\/ul>\n\n\n\n<figure class=\"wp-block-image aligncenter size-large\"><img loading=\"lazy\" decoding=\"async\" width=\"1024\" height=\"323\" src=\"https:\/\/www.gvs.com.br\/safety\/wp-content\/uploads\/2025\/09\/meio-blog-meio-gvs-1024x323.jpg\" alt=\"\" class=\"wp-image-2892\" srcset=\"https:\/\/www.gvs.com.br\/safety\/wp-content\/uploads\/2025\/09\/meio-blog-meio-gvs-1024x323.jpg 1024w, https:\/\/www.gvs.com.br\/safety\/wp-content\/uploads\/2025\/09\/meio-blog-meio-gvs-300x95.jpg 300w, https:\/\/www.gvs.com.br\/safety\/wp-content\/uploads\/2025\/09\/meio-blog-meio-gvs-768x242.jpg 768w, https:\/\/www.gvs.com.br\/safety\/wp-content\/uploads\/2025\/09\/meio-blog-meio-gvs.jpg 1110w\" sizes=\"auto, (max-width: 1024px) 100vw, 1024px\" \/><figcaption class=\"wp-element-caption\">M\u00e1scara PFF2 GVS<\/figcaption><\/figure>\n\n\n\n<h2 class=\"wp-block-heading\">Medidas que o profissional da sa\u00fade deve tomar para evitar o coronav\u00edrus<\/h2>\n\n\n\n<p>\u00c9 essencial que os profissionais da sa\u00fade instituam medidas que protejam sua respira\u00e7\u00e3o, al\u00e9m de se proteger do contato f\u00edsico.<br>As orienta\u00e7\u00f5es para estes profissionais s\u00e3o:<\/p>\n\n\n\n<ul class=\"wp-block-list\">\n<li>Higienizar frequentemente as m\u00e3os com \u00e1lcool gel a 70%;<\/li>\n\n\n\n<li>Utilizar m\u00e1scara descart\u00e1vel PFF2;<\/li>\n\n\n\n<li>Fazer uso de \u00f3culos de prote\u00e7\u00e3o ou protetor facial;<\/li>\n\n\n\n<li>Manter o uso de avental de mangas longas;<\/li>\n\n\n\n<li>Utilizar luvas de procedimento.<\/li>\n<\/ul>\n\n\n\n<p>Para os procedimentos com risco de gera\u00e7\u00e3o de aerossol, a prote\u00e7\u00e3o respirat\u00f3ria \u00e9 obrigat\u00f3ria!<br>Alguns exemplos de procedimentos s\u00e3o:<\/p>\n\n\n\n<ul class=\"wp-block-list\">\n<li>Intuba\u00e7\u00e3o traqueal;<\/li>\n\n\n\n<li>Extuba\u00e7\u00e3o;<\/li>\n\n\n\n<li>Aspira\u00e7\u00e3o aberta das vias a\u00e9reas;<\/li>\n\n\n\n<li>Broncoscopia;<\/li>\n\n\n\n<li>Fisioterapia respirat\u00f3ria;<\/li>\n\n\n\n<li>Ressuscita\u00e7\u00e3o cardiopulmonar respirat\u00f3ria.<\/li>\n<\/ul>\n\n\n\n<h2 class=\"wp-block-heading\">A m\u00e1scara descart\u00e1vel PFF2<\/h2>\n\n\n\n<p>Este tipo de m\u00e1scara \u00e9 projetado para proteger os profissionais da sa\u00fade que est\u00e3o diretamente envolvidos no atendimento de pessoas com sintomas ou infectadas por doen\u00e7as transmitidas por aeross\u00f3is.<\/p>\n\n\n\n<p>Com elas, o profissional fica menos exposto aos contaminantes biol\u00f3gicos que ficam suspensos no ar.<\/p>\n\n\n\n<p>A m\u00e1scara \u00e9 respons\u00e1vel por vedar a boca e o nariz, evitando que part\u00edculas entrem atrav\u00e9s de frestas e laterais, filtrando part\u00edculas menores que 5 \u03bcm<\/p>\n\n\n\n<p>Dentro do contexto do COVID-19, elas ajudam os n\u00e3o-contaminados a manterem sua sa\u00fade e, principalmente, permitem que os profissionais da sa\u00fade desempenham sua fun\u00e7\u00e3o da forma adequada.<\/p>\n\n\n\n<h3 class=\"wp-block-heading\">Aplica\u00e7\u00e3o da m\u00e1scara<\/h3>\n\n\n\n<p>Ela protege as vias respirat\u00f3rias de seu usu\u00e1rio, protegendo-o contra poeiras, part\u00edculas e n\u00e9voas em concentra\u00e7\u00f5es n\u00e3o superiores a 10 vezes o limite de exposi\u00e7\u00e3o ocupacional (LT ou TLV) das mat\u00e9rias.<\/p>\n\n\n\n<p>Vale ressaltar que a m\u00e1scara deve ser utilizada mediante o conhecimento e aprova\u00e7\u00e3o das \u00e1reas de Higiene, Seguran\u00e7a e Medicina do Trabalho ou por um respons\u00e1vel t\u00e9cnico dentro do hospital.<\/p>\n\n\n\n<h3 class=\"wp-block-heading\">Armazenagem<\/h3>\n\n\n\n<p>A m\u00e1scara PFF2 \u00e9 descart\u00e1vel, portanto, ela deve ser jogada no lixo adequado logo ap\u00f3s o seu uso.<br>Por\u00e9m, antes de utilizada, ela deve ser guardada em local limpo, seco e isento de contaminantes, nas embalagens pl\u00e1sticas individuais seladas.<\/p>\n\n\n\n<h3 class=\"wp-block-heading\">Como colocar a m\u00e1scara<\/h3>\n\n\n\n<p>Antes de mais nada, \u00e9 primordial realizar a higieniza\u00e7\u00e3o adequada das m\u00e3os. Devem ser utilizados \u00e1gua e sab\u00e3o e o \u00e1lcool gel 70% posteriormente.<\/p>\n\n\n\n<p>Depois da limpeza das m\u00e3os, \u00e9 preciso retirar a m\u00e1scara selecionada da embalagem e inspecionar as suas condi\u00e7\u00f5es. Em seguida, deve-se abrir a m\u00e1scara at\u00e9 obter o formato aproximado de \u201ccoador\u201d. Posteriormente, segurar o equipamento com uma das m\u00e3os, com a pe\u00e7a de ajuste nasal pr\u00f3xima \u00e0 ponta dos dedos, deixando as al\u00e7as pendentes sobre a pin\u00e7a nasal. Logo ap\u00f3s, encaixar a PFF2 sob o queixo e posicionar o tirante inferior na nuca e o outro sobre a cabe\u00e7a. E, por fim, ajustar a pin\u00e7a nasal comprimindo-a com os dedos indicadores.<\/p>\n\n\n\n<p>Para retirar a m\u00e1scara e descarta-la, a instru\u00e7\u00e3o \u00e9 remove-la utilizando os el\u00e1sticos laterais. Desse modo evita-se o contato com a parte da frente do equipamento.<\/p>\n\n\n\n<h2 class=\"wp-block-heading\">A GVS<\/h2>\n\n\n\n<p>Fundado em 1979, na It\u00e1lia, o Grupo GVS \u00e9 um dos l\u00edderes mundiais na fabrica\u00e7\u00e3o e comercializa\u00e7\u00e3o de filtros.<br>Ao longo de sua hist\u00f3ria, a empresa investiu intensamente em pesquisas e desenvolvimento, alcan\u00e7ando qualidade e inova\u00e7\u00e3o em seus produtos.<br>Hoje, a GVS tem em seu portf\u00f3lio produtos inovadores, que promovem a sa\u00fade e o bem-estar nas mais diversas esferas.<\/p>\n\n\n\n<p>Conhe\u00e7a mais sobre a hist\u00f3ria da GVS e sobre os seus produtos\u00a0<strong><a href=\"http:\/\/www.gvs.com.br\" target=\"_blank\" rel=\"noreferrer noopener\">acessando o nosso site!<\/a><\/strong><\/p>\n\n\n\n<div class=\"wp-block-uagb-separator uagb-block-12928a3d\"><div class=\"uagb-separator-spacing-wrapper\"><div class=\"wp-block-uagb-separator__inner\" style=\"--my-background-image:\"><\/div><\/div><\/div>\n\n\n\n<div class=\"wp-block-uagb-advanced-heading uagb-block-37689345\"><h2 class=\"uagb-heading-text\"><strong>Acreditamos em proteger voc\u00ea para os melhores momentos da vida!<\/strong><\/h2><\/div>\n\n\n\n<p>Criamos solu\u00e7\u00f5es de prote\u00e7\u00e3o respirat\u00f3ria que tornam voc\u00ea e sua equipe mais seguros, para que todos possam voltar para casa no final de cada dia, seguros, saud\u00e1veis e capazes de fazer aquilo que mais importa.<\/p>\n\n\n\n<div class=\"wp-block-uagb-separator uagb-block-b8b79ce8\"><div class=\"uagb-separator-spacing-wrapper\"><div class=\"wp-block-uagb-separator__inner\" style=\"--my-background-image:\"><\/div><\/div><\/div>\n\n\n\n<div class=\"wp-block-uagb-call-to-action uagb-block-e6f6b3df wp-block-button\"><div class=\"uagb-cta__wrap\"><h3 class=\"uagb-cta__title\">Fale com a gente!<\/h3><p class=\"uagb-cta__desc\">Entre em contato com o nosso time hoje mesmo, esclare\u00e7a as suas d\u00favidas e&nbsp;<strong>solicite a sua cota\u00e7\u00e3o!<\/strong><\/p><\/div><div class=\"uagb-cta__buttons\"><a href=\"https:\/\/wa.me\/551938797222\" class=\"uagb-cta__button-link-wrapper wp-block-button__link\" target=\"_self\" rel=\"noopener noreferrer\"><svg xmlns=\"https:\/\/www.w3.org\/2000\/svg\" viewBox=\"0 0 448 512\"><path d=\"M380.9 97.1C339 55.1 283.2 32 223.9 32c-122.4 0-222 99.6-222 222 0 39.1 10.2 77.3 29.6 111L0 480l117.7-30.9c32.4 17.7 68.9 27 106.1 27h.1c122.3 0 224.1-99.6 224.1-222 0-59.3-25.2-115-67.1-157zm-157 341.6c-33.2 0-65.7-8.9-94-25.7l-6.7-4-69.8 18.3L72 359.2l-4.4-7c-18.5-29.4-28.2-63.3-28.2-98.2 0-101.7 82.8-184.5 184.6-184.5 49.3 0 95.6 19.2 130.4 54.1 34.8 34.9 56.2 81.2 56.1 130.5 0 101.8-84.9 184.6-186.6 184.6zm101.2-138.2c-5.5-2.8-32.8-16.2-37.9-18-5.1-1.9-8.8-2.8-12.5 2.8-3.7 5.6-14.3 18-17.6 21.8-3.2 3.7-6.5 4.2-12 1.4-32.6-16.3-54-29.1-75.5-66-5.7-9.8 5.7-9.1 16.3-30.3 1.8-3.7 .9-6.9-.5-9.7-1.4-2.8-12.5-30.1-17.1-41.2-4.5-10.8-9.1-9.3-12.5-9.5-3.2-.2-6.9-.2-10.6-.2-3.7 0-9.7 1.4-14.8 6.9-5.1 5.6-19.4 19-19.4 46.3 0 27.3 19.9 53.7 22.6 57.4 2.8 3.7 39.1 59.7 94.8 83.8 35.2 15.2 49 16.5 66.6 13.9 10.7-1.6 32.8-13.4 37.4-26.4 4.6-13 4.6-24.1 3.2-26.4-1.3-2.5-5-3.9-10.5-6.6z\"><\/path><\/svg>WhatsApp<\/a><\/div><\/div>\n\n\n\n<div class=\"wp-block-uagb-separator uagb-block-96e52944\"><div class=\"uagb-separator-spacing-wrapper\"><div class=\"wp-block-uagb-separator__inner\" style=\"--my-background-image:\"><\/div><\/div><\/div>\n\n\n\n<div class=\"wp-block-uagb-call-to-action uagb-block-bf9c28ce wp-block-button\"><div class=\"uagb-cta__wrap\"><h3 class=\"uagb-cta__title\">Fique por dentro das novidades!<\/h3><p class=\"uagb-cta__desc\">Acompanhe nossa jornada de inova\u00e7\u00e3o e saiba mais sobre nossos produtos, acesse <strong>Safety da GVS.<\/strong><\/p><\/div><div class=\"uagb-cta__buttons\"><a href=\"https:\/\/www.gvs.com.br\/safety\" class=\"uagb-cta__button-link-wrapper wp-block-button__link\" target=\"_self\" rel=\"noopener noreferrer\">Acesse o site<\/a><\/div><\/div>\n\n\n\n<p><\/p>\n","protected":false},"excerpt":{"rendered":"<p>Veja os cuidados no ambiente intra-hospitalar para evitar o coronav\u00edrus Conhe\u00e7a as principais instru\u00e7\u00f5es acerca do seu uso O grande [&hellip;]<\/p>\n","protected":false},"author":2,"featured_media":2891,"comment_status":"open","ping_status":"open","sticky":false,"template":"","format":"standard","meta":{"_uag_custom_page_level_css":"","site-sidebar-layout":"default","site-content-layout":"","ast-site-content-layout":"","site-content-style":"default","site-sidebar-style":"default","ast-global-header-display":"","ast-banner-title-visibility":"","ast-main-header-display":"","ast-hfb-above-header-display":"","ast-hfb-below-header-display":"","ast-hfb-mobile-header-display":"","site-post-title":"disabled","ast-breadcrumbs-content":"","ast-featured-img":"","footer-sml-layout":"","ast-disable-related-posts":"","theme-transparent-header-meta":"","adv-header-id-meta":"","stick-header-meta":"","header-above-stick-meta":"","header-main-stick-meta":"","header-below-stick-meta":"","astra-migrate-meta-layouts":"default","ast-page-background-enabled":"default","ast-page-background-meta":{"desktop":{"background-color":"var(--ast-global-color-4)","background-image":"","background-repeat":"repeat","background-position":"center center","background-size":"auto","background-attachment":"scroll","background-type":"","background-media":"","overlay-type":"","overlay-color":"","overlay-opacity":"","overlay-gradient":""},"tablet":{"background-color":"","background-image":"","background-repeat":"repeat","background-position":"center center","background-size":"auto","background-attachment":"scroll","background-type":"","background-media":"","overlay-type":"","overlay-color":"","overlay-opacity":"","overlay-gradient":""},"mobile":{"background-color":"","background-image":"","background-repeat":"repeat","background-position":"center center","background-size":"auto","background-attachment":"scroll","background-type":"","background-media":"","overlay-type":"","overlay-color":"","overlay-opacity":"","overlay-gradient":""}},"ast-content-background-meta":{"desktop":{"background-color":"var(--ast-global-color-5)","background-image":"","background-repeat":"repeat","background-position":"center center","background-size":"auto","background-attachment":"scroll","background-type":"","background-media":"","overlay-type":"","overlay-color":"","overlay-opacity":"","overlay-gradient":""},"tablet":{"background-color":"var(--ast-global-color-5)","background-image":"","background-repeat":"repeat","background-position":"center center","background-size":"auto","background-attachment":"scroll","background-type":"","background-media":"","overlay-type":"","overlay-color":"","overlay-opacity":"","overlay-gradient":""},"mobile":{"background-color":"var(--ast-global-color-5)","background-image":"","background-repeat":"repeat","background-position":"center center","background-size":"auto","background-attachment":"scroll","background-type":"","background-media":"","overlay-type":"","overlay-color":"","overlay-opacity":"","overlay-gradient":""}},"footnotes":""},"categories":[5],"tags":[34,17,15,16],"class_list":["post-2886","post","type-post","status-publish","format-standard","has-post-thumbnail","hentry","category-safety","tag-elipse","tag-produtos-gvs","tag-protecao-respiratoria","tag-safety"],"yoast_head":"<!-- This site is optimized with the Yoast SEO plugin v27.2 - https:\/\/yoast.com\/product\/yoast-seo-wordpress\/ -->\n<title>Cuidados no ambiente intra-hospitalar para evitar o coronav\u00edrus<\/title>\n<meta name=\"description\" content=\"Veja os cuidados no ambiente intra-hospitalar para evitar o coronav\u00edrus. Conhe\u00e7a as principais instru\u00e7\u00f5es acerca do seu uso\" \/>\n<meta name=\"robots\" content=\"index, follow, max-snippet:-1, max-image-preview:large, max-video-preview:-1\" \/>\n<link rel=\"canonical\" href=\"https:\/\/www.gvs.com.br\/safety\/2025\/01\/10\/cuidados-no-ambiente-intra-hospitalar-para-evitar-o-coronavirus\/\" \/>\n<meta property=\"og:locale\" content=\"pt_BR\" \/>\n<meta property=\"og:type\" content=\"article\" \/>\n<meta property=\"og:title\" content=\"Cuidados no ambiente intra-hospitalar para evitar o coronav\u00edrus\" \/>\n<meta property=\"og:description\" content=\"Veja os cuidados no ambiente intra-hospitalar para evitar o coronav\u00edrus. Conhe\u00e7a as principais instru\u00e7\u00f5es acerca do seu uso\" \/>\n<meta property=\"og:url\" content=\"https:\/\/www.gvs.com.br\/safety\/2025\/01\/10\/cuidados-no-ambiente-intra-hospitalar-para-evitar-o-coronavirus\/\" \/>\n<meta property=\"og:site_name\" content=\"Safety\" \/>\n<meta property=\"article:published_time\" content=\"2025-01-10T20:21:00+00:00\" \/>\n<meta property=\"article:modified_time\" content=\"2025-09-09T21:11:03+00:00\" \/>\n<meta property=\"og:image\" content=\"https:\/\/www.gvs.com.br\/safety\/wp-content\/uploads\/2025\/09\/topo-safety-evitar-coronavirus.jpg\" \/>\n\t<meta property=\"og:image:width\" content=\"1123\" \/>\n\t<meta property=\"og:image:height\" content=\"633\" \/>\n\t<meta property=\"og:image:type\" content=\"image\/jpeg\" \/>\n<meta name=\"author\" content=\"admin-gvs\" \/>\n<meta name=\"twitter:card\" content=\"summary_large_image\" \/>\n<meta name=\"twitter:label1\" content=\"Escrito por\" \/>\n\t<meta name=\"twitter:data1\" content=\"admin-gvs\" \/>\n\t<meta name=\"twitter:label2\" content=\"Est. tempo de leitura\" \/>\n\t<meta name=\"twitter:data2\" content=\"7 minutos\" \/>\n<script type=\"application\/ld+json\" class=\"yoast-schema-graph\">{\"@context\":\"https:\/\/schema.org\",\"@graph\":[{\"@type\":\"Article\",\"@id\":\"https:\/\/www.gvs.com.br\/safety\/2025\/01\/10\/cuidados-no-ambiente-intra-hospitalar-para-evitar-o-coronavirus\/#article\",\"isPartOf\":{\"@id\":\"https:\/\/www.gvs.com.br\/safety\/2025\/01\/10\/cuidados-no-ambiente-intra-hospitalar-para-evitar-o-coronavirus\/\"},\"author\":{\"name\":\"admin-gvs\",\"@id\":\"https:\/\/www.gvs.com.br\/safety\/#\/schema\/person\/08f0e38941dafa538ee5706ec48fe5a1\"},\"headline\":\"Veja os cuidados no ambiente intra-hospitalar para evitar o coronav\u00edrus\",\"datePublished\":\"2025-01-10T20:21:00+00:00\",\"dateModified\":\"2025-09-09T21:11:03+00:00\",\"mainEntityOfPage\":{\"@id\":\"https:\/\/www.gvs.com.br\/safety\/2025\/01\/10\/cuidados-no-ambiente-intra-hospitalar-para-evitar-o-coronavirus\/\"},\"wordCount\":1362,\"commentCount\":0,\"publisher\":{\"@id\":\"https:\/\/www.gvs.com.br\/safety\/#organization\"},\"image\":{\"@id\":\"https:\/\/www.gvs.com.br\/safety\/2025\/01\/10\/cuidados-no-ambiente-intra-hospitalar-para-evitar-o-coronavirus\/#primaryimage\"},\"thumbnailUrl\":\"https:\/\/www.gvs.com.br\/safety\/wp-content\/uploads\/2025\/09\/topo-safety-evitar-coronavirus.jpg\",\"keywords\":[\"Elipse\",\"Produtos GVS\",\"Prote\u00e7\u00e3o Respirat\u00f3ria\",\"Safety\"],\"articleSection\":[\"Safety\"],\"inLanguage\":\"pt-BR\",\"potentialAction\":[{\"@type\":\"CommentAction\",\"name\":\"Comment\",\"target\":[\"https:\/\/www.gvs.com.br\/safety\/2025\/01\/10\/cuidados-no-ambiente-intra-hospitalar-para-evitar-o-coronavirus\/#respond\"]}]},{\"@type\":\"WebPage\",\"@id\":\"https:\/\/www.gvs.com.br\/safety\/2025\/01\/10\/cuidados-no-ambiente-intra-hospitalar-para-evitar-o-coronavirus\/\",\"url\":\"https:\/\/www.gvs.com.br\/safety\/2025\/01\/10\/cuidados-no-ambiente-intra-hospitalar-para-evitar-o-coronavirus\/\",\"name\":\"Cuidados no ambiente intra-hospitalar para evitar o coronav\u00edrus\",\"isPartOf\":{\"@id\":\"https:\/\/www.gvs.com.br\/safety\/#website\"},\"primaryImageOfPage\":{\"@id\":\"https:\/\/www.gvs.com.br\/safety\/2025\/01\/10\/cuidados-no-ambiente-intra-hospitalar-para-evitar-o-coronavirus\/#primaryimage\"},\"image\":{\"@id\":\"https:\/\/www.gvs.com.br\/safety\/2025\/01\/10\/cuidados-no-ambiente-intra-hospitalar-para-evitar-o-coronavirus\/#primaryimage\"},\"thumbnailUrl\":\"https:\/\/www.gvs.com.br\/safety\/wp-content\/uploads\/2025\/09\/topo-safety-evitar-coronavirus.jpg\",\"datePublished\":\"2025-01-10T20:21:00+00:00\",\"dateModified\":\"2025-09-09T21:11:03+00:00\",\"description\":\"Veja os cuidados no ambiente intra-hospitalar para evitar o coronav\u00edrus. Conhe\u00e7a as principais instru\u00e7\u00f5es acerca do seu uso\",\"breadcrumb\":{\"@id\":\"https:\/\/www.gvs.com.br\/safety\/2025\/01\/10\/cuidados-no-ambiente-intra-hospitalar-para-evitar-o-coronavirus\/#breadcrumb\"},\"inLanguage\":\"pt-BR\",\"potentialAction\":[{\"@type\":\"ReadAction\",\"target\":[\"https:\/\/www.gvs.com.br\/safety\/2025\/01\/10\/cuidados-no-ambiente-intra-hospitalar-para-evitar-o-coronavirus\/\"]}]},{\"@type\":\"ImageObject\",\"inLanguage\":\"pt-BR\",\"@id\":\"https:\/\/www.gvs.com.br\/safety\/2025\/01\/10\/cuidados-no-ambiente-intra-hospitalar-para-evitar-o-coronavirus\/#primaryimage\",\"url\":\"https:\/\/www.gvs.com.br\/safety\/wp-content\/uploads\/2025\/09\/topo-safety-evitar-coronavirus.jpg\",\"contentUrl\":\"https:\/\/www.gvs.com.br\/safety\/wp-content\/uploads\/2025\/09\/topo-safety-evitar-coronavirus.jpg\",\"width\":1123,\"height\":633},{\"@type\":\"BreadcrumbList\",\"@id\":\"https:\/\/www.gvs.com.br\/safety\/2025\/01\/10\/cuidados-no-ambiente-intra-hospitalar-para-evitar-o-coronavirus\/#breadcrumb\",\"itemListElement\":[{\"@type\":\"ListItem\",\"position\":1,\"name\":\"In\u00edcio\",\"item\":\"https:\/\/www.gvs.com.br\/safety\/\"},{\"@type\":\"ListItem\",\"position\":2,\"name\":\"Veja os cuidados no ambiente intra-hospitalar para evitar o coronav\u00edrus\"}]},{\"@type\":\"WebSite\",\"@id\":\"https:\/\/www.gvs.com.br\/safety\/#website\",\"url\":\"https:\/\/www.gvs.com.br\/safety\/\",\"name\":\"Safety\",\"description\":\"\",\"publisher\":{\"@id\":\"https:\/\/www.gvs.com.br\/safety\/#organization\"},\"potentialAction\":[{\"@type\":\"SearchAction\",\"target\":{\"@type\":\"EntryPoint\",\"urlTemplate\":\"https:\/\/www.gvs.com.br\/safety\/?s={search_term_string}\"},\"query-input\":{\"@type\":\"PropertyValueSpecification\",\"valueRequired\":true,\"valueName\":\"search_term_string\"}}],\"inLanguage\":\"pt-BR\"},{\"@type\":\"Organization\",\"@id\":\"https:\/\/www.gvs.com.br\/safety\/#organization\",\"name\":\"Safety\",\"url\":\"https:\/\/www.gvs.com.br\/safety\/\",\"logo\":{\"@type\":\"ImageObject\",\"inLanguage\":\"pt-BR\",\"@id\":\"https:\/\/www.gvs.com.br\/safety\/#\/schema\/logo\/image\/\",\"url\":\"https:\/\/www.gvs.com.br\/safety\/wp-content\/uploads\/2024\/12\/Logo-GVS-Safety.png\",\"contentUrl\":\"https:\/\/www.gvs.com.br\/safety\/wp-content\/uploads\/2024\/12\/Logo-GVS-Safety.png\",\"width\":1920,\"height\":1080,\"caption\":\"Safety\"},\"image\":{\"@id\":\"https:\/\/www.gvs.com.br\/safety\/#\/schema\/logo\/image\/\"}},{\"@type\":\"Person\",\"@id\":\"https:\/\/www.gvs.com.br\/safety\/#\/schema\/person\/08f0e38941dafa538ee5706ec48fe5a1\",\"name\":\"admin-gvs\",\"image\":{\"@type\":\"ImageObject\",\"inLanguage\":\"pt-BR\",\"@id\":\"https:\/\/secure.gravatar.com\/avatar\/753807cf2c24e7c5051446eb4fc6c55657714e911f26a29329d9dc501ae35121?s=96&d=mm&r=g\",\"url\":\"https:\/\/secure.gravatar.com\/avatar\/753807cf2c24e7c5051446eb4fc6c55657714e911f26a29329d9dc501ae35121?s=96&d=mm&r=g\",\"contentUrl\":\"https:\/\/secure.gravatar.com\/avatar\/753807cf2c24e7c5051446eb4fc6c55657714e911f26a29329d9dc501ae35121?s=96&d=mm&r=g\",\"caption\":\"admin-gvs\"},\"url\":\"https:\/\/www.gvs.com.br\/safety\/author\/admin-gvs\/\"}]}<\/script>\n<!-- \/ Yoast SEO plugin. -->","yoast_head_json":{"title":"Cuidados no ambiente intra-hospitalar para evitar o coronav\u00edrus","description":"Veja os cuidados no ambiente intra-hospitalar para evitar o coronav\u00edrus. Conhe\u00e7a as principais instru\u00e7\u00f5es acerca do seu uso","robots":{"index":"index","follow":"follow","max-snippet":"max-snippet:-1","max-image-preview":"max-image-preview:large","max-video-preview":"max-video-preview:-1"},"canonical":"https:\/\/www.gvs.com.br\/safety\/2025\/01\/10\/cuidados-no-ambiente-intra-hospitalar-para-evitar-o-coronavirus\/","og_locale":"pt_BR","og_type":"article","og_title":"Cuidados no ambiente intra-hospitalar para evitar o coronav\u00edrus","og_description":"Veja os cuidados no ambiente intra-hospitalar para evitar o coronav\u00edrus. Conhe\u00e7a as principais instru\u00e7\u00f5es acerca do seu uso","og_url":"https:\/\/www.gvs.com.br\/safety\/2025\/01\/10\/cuidados-no-ambiente-intra-hospitalar-para-evitar-o-coronavirus\/","og_site_name":"Safety","article_published_time":"2025-01-10T20:21:00+00:00","article_modified_time":"2025-09-09T21:11:03+00:00","og_image":[{"width":1123,"height":633,"url":"https:\/\/www.gvs.com.br\/safety\/wp-content\/uploads\/2025\/09\/topo-safety-evitar-coronavirus.jpg","type":"image\/jpeg"}],"author":"admin-gvs","twitter_card":"summary_large_image","twitter_misc":{"Escrito por":"admin-gvs","Est. tempo de leitura":"7 minutos"},"schema":{"@context":"https:\/\/schema.org","@graph":[{"@type":"Article","@id":"https:\/\/www.gvs.com.br\/safety\/2025\/01\/10\/cuidados-no-ambiente-intra-hospitalar-para-evitar-o-coronavirus\/#article","isPartOf":{"@id":"https:\/\/www.gvs.com.br\/safety\/2025\/01\/10\/cuidados-no-ambiente-intra-hospitalar-para-evitar-o-coronavirus\/"},"author":{"name":"admin-gvs","@id":"https:\/\/www.gvs.com.br\/safety\/#\/schema\/person\/08f0e38941dafa538ee5706ec48fe5a1"},"headline":"Veja os cuidados no ambiente intra-hospitalar para evitar o coronav\u00edrus","datePublished":"2025-01-10T20:21:00+00:00","dateModified":"2025-09-09T21:11:03+00:00","mainEntityOfPage":{"@id":"https:\/\/www.gvs.com.br\/safety\/2025\/01\/10\/cuidados-no-ambiente-intra-hospitalar-para-evitar-o-coronavirus\/"},"wordCount":1362,"commentCount":0,"publisher":{"@id":"https:\/\/www.gvs.com.br\/safety\/#organization"},"image":{"@id":"https:\/\/www.gvs.com.br\/safety\/2025\/01\/10\/cuidados-no-ambiente-intra-hospitalar-para-evitar-o-coronavirus\/#primaryimage"},"thumbnailUrl":"https:\/\/www.gvs.com.br\/safety\/wp-content\/uploads\/2025\/09\/topo-safety-evitar-coronavirus.jpg","keywords":["Elipse","Produtos GVS","Prote\u00e7\u00e3o Respirat\u00f3ria","Safety"],"articleSection":["Safety"],"inLanguage":"pt-BR","potentialAction":[{"@type":"CommentAction","name":"Comment","target":["https:\/\/www.gvs.com.br\/safety\/2025\/01\/10\/cuidados-no-ambiente-intra-hospitalar-para-evitar-o-coronavirus\/#respond"]}]},{"@type":"WebPage","@id":"https:\/\/www.gvs.com.br\/safety\/2025\/01\/10\/cuidados-no-ambiente-intra-hospitalar-para-evitar-o-coronavirus\/","url":"https:\/\/www.gvs.com.br\/safety\/2025\/01\/10\/cuidados-no-ambiente-intra-hospitalar-para-evitar-o-coronavirus\/","name":"Cuidados no ambiente intra-hospitalar para evitar o coronav\u00edrus","isPartOf":{"@id":"https:\/\/www.gvs.com.br\/safety\/#website"},"primaryImageOfPage":{"@id":"https:\/\/www.gvs.com.br\/safety\/2025\/01\/10\/cuidados-no-ambiente-intra-hospitalar-para-evitar-o-coronavirus\/#primaryimage"},"image":{"@id":"https:\/\/www.gvs.com.br\/safety\/2025\/01\/10\/cuidados-no-ambiente-intra-hospitalar-para-evitar-o-coronavirus\/#primaryimage"},"thumbnailUrl":"https:\/\/www.gvs.com.br\/safety\/wp-content\/uploads\/2025\/09\/topo-safety-evitar-coronavirus.jpg","datePublished":"2025-01-10T20:21:00+00:00","dateModified":"2025-09-09T21:11:03+00:00","description":"Veja os cuidados no ambiente intra-hospitalar para evitar o coronav\u00edrus. Conhe\u00e7a as principais instru\u00e7\u00f5es acerca do seu uso","breadcrumb":{"@id":"https:\/\/www.gvs.com.br\/safety\/2025\/01\/10\/cuidados-no-ambiente-intra-hospitalar-para-evitar-o-coronavirus\/#breadcrumb"},"inLanguage":"pt-BR","potentialAction":[{"@type":"ReadAction","target":["https:\/\/www.gvs.com.br\/safety\/2025\/01\/10\/cuidados-no-ambiente-intra-hospitalar-para-evitar-o-coronavirus\/"]}]},{"@type":"ImageObject","inLanguage":"pt-BR","@id":"https:\/\/www.gvs.com.br\/safety\/2025\/01\/10\/cuidados-no-ambiente-intra-hospitalar-para-evitar-o-coronavirus\/#primaryimage","url":"https:\/\/www.gvs.com.br\/safety\/wp-content\/uploads\/2025\/09\/topo-safety-evitar-coronavirus.jpg","contentUrl":"https:\/\/www.gvs.com.br\/safety\/wp-content\/uploads\/2025\/09\/topo-safety-evitar-coronavirus.jpg","width":1123,"height":633},{"@type":"BreadcrumbList","@id":"https:\/\/www.gvs.com.br\/safety\/2025\/01\/10\/cuidados-no-ambiente-intra-hospitalar-para-evitar-o-coronavirus\/#breadcrumb","itemListElement":[{"@type":"ListItem","position":1,"name":"In\u00edcio","item":"https:\/\/www.gvs.com.br\/safety\/"},{"@type":"ListItem","position":2,"name":"Veja os cuidados no ambiente intra-hospitalar para evitar o coronav\u00edrus"}]},{"@type":"WebSite","@id":"https:\/\/www.gvs.com.br\/safety\/#website","url":"https:\/\/www.gvs.com.br\/safety\/","name":"Safety","description":"","publisher":{"@id":"https:\/\/www.gvs.com.br\/safety\/#organization"},"potentialAction":[{"@type":"SearchAction","target":{"@type":"EntryPoint","urlTemplate":"https:\/\/www.gvs.com.br\/safety\/?s={search_term_string}"},"query-input":{"@type":"PropertyValueSpecification","valueRequired":true,"valueName":"search_term_string"}}],"inLanguage":"pt-BR"},{"@type":"Organization","@id":"https:\/\/www.gvs.com.br\/safety\/#organization","name":"Safety","url":"https:\/\/www.gvs.com.br\/safety\/","logo":{"@type":"ImageObject","inLanguage":"pt-BR","@id":"https:\/\/www.gvs.com.br\/safety\/#\/schema\/logo\/image\/","url":"https:\/\/www.gvs.com.br\/safety\/wp-content\/uploads\/2024\/12\/Logo-GVS-Safety.png","contentUrl":"https:\/\/www.gvs.com.br\/safety\/wp-content\/uploads\/2024\/12\/Logo-GVS-Safety.png","width":1920,"height":1080,"caption":"Safety"},"image":{"@id":"https:\/\/www.gvs.com.br\/safety\/#\/schema\/logo\/image\/"}},{"@type":"Person","@id":"https:\/\/www.gvs.com.br\/safety\/#\/schema\/person\/08f0e38941dafa538ee5706ec48fe5a1","name":"admin-gvs","image":{"@type":"ImageObject","inLanguage":"pt-BR","@id":"https:\/\/secure.gravatar.com\/avatar\/753807cf2c24e7c5051446eb4fc6c55657714e911f26a29329d9dc501ae35121?s=96&d=mm&r=g","url":"https:\/\/secure.gravatar.com\/avatar\/753807cf2c24e7c5051446eb4fc6c55657714e911f26a29329d9dc501ae35121?s=96&d=mm&r=g","contentUrl":"https:\/\/secure.gravatar.com\/avatar\/753807cf2c24e7c5051446eb4fc6c55657714e911f26a29329d9dc501ae35121?s=96&d=mm&r=g","caption":"admin-gvs"},"url":"https:\/\/www.gvs.com.br\/safety\/author\/admin-gvs\/"}]}},"uagb_featured_image_src":{"full":["https:\/\/www.gvs.com.br\/safety\/wp-content\/uploads\/2025\/09\/topo-safety-evitar-coronavirus.jpg",1123,633,false],"thumbnail":["https:\/\/www.gvs.com.br\/safety\/wp-content\/uploads\/2025\/09\/topo-safety-evitar-coronavirus-150x150.jpg",150,150,true],"medium":["https:\/\/www.gvs.com.br\/safety\/wp-content\/uploads\/2025\/09\/topo-safety-evitar-coronavirus-300x169.jpg",300,169,true],"medium_large":["https:\/\/www.gvs.com.br\/safety\/wp-content\/uploads\/2025\/09\/topo-safety-evitar-coronavirus-768x433.jpg",768,433,true],"large":["https:\/\/www.gvs.com.br\/safety\/wp-content\/uploads\/2025\/09\/topo-safety-evitar-coronavirus-1024x577.jpg",1024,577,true],"1536x1536":["https:\/\/www.gvs.com.br\/safety\/wp-content\/uploads\/2025\/09\/topo-safety-evitar-coronavirus.jpg",1123,633,false],"2048x2048":["https:\/\/www.gvs.com.br\/safety\/wp-content\/uploads\/2025\/09\/topo-safety-evitar-coronavirus.jpg",1123,633,false]},"uagb_author_info":{"display_name":"admin-gvs","author_link":"https:\/\/www.gvs.com.br\/safety\/author\/admin-gvs\/"},"uagb_comment_info":0,"uagb_excerpt":"Veja os cuidados no ambiente intra-hospitalar para evitar o coronav\u00edrus Conhe\u00e7a as principais instru\u00e7\u00f5es acerca do seu uso O grande [&hellip;]","_links":{"self":[{"href":"https:\/\/www.gvs.com.br\/safety\/wp-json\/wp\/v2\/posts\/2886","targetHints":{"allow":["GET"]}}],"collection":[{"href":"https:\/\/www.gvs.com.br\/safety\/wp-json\/wp\/v2\/posts"}],"about":[{"href":"https:\/\/www.gvs.com.br\/safety\/wp-json\/wp\/v2\/types\/post"}],"author":[{"embeddable":true,"href":"https:\/\/www.gvs.com.br\/safety\/wp-json\/wp\/v2\/users\/2"}],"replies":[{"embeddable":true,"href":"https:\/\/www.gvs.com.br\/safety\/wp-json\/wp\/v2\/comments?post=2886"}],"version-history":[{"count":1,"href":"https:\/\/www.gvs.com.br\/safety\/wp-json\/wp\/v2\/posts\/2886\/revisions"}],"predecessor-version":[{"id":2893,"href":"https:\/\/www.gvs.com.br\/safety\/wp-json\/wp\/v2\/posts\/2886\/revisions\/2893"}],"wp:featuredmedia":[{"embeddable":true,"href":"https:\/\/www.gvs.com.br\/safety\/wp-json\/wp\/v2\/media\/2891"}],"wp:attachment":[{"href":"https:\/\/www.gvs.com.br\/safety\/wp-json\/wp\/v2\/media?parent=2886"}],"wp:term":[{"taxonomy":"category","embeddable":true,"href":"https:\/\/www.gvs.com.br\/safety\/wp-json\/wp\/v2\/categories?post=2886"},{"taxonomy":"post_tag","embeddable":true,"href":"https:\/\/www.gvs.com.br\/safety\/wp-json\/wp\/v2\/tags?post=2886"}],"curies":[{"name":"wp","href":"https:\/\/api.w.org\/{rel}","templated":true}]}}