{"id":2867,"date":"2025-01-09T19:46:00","date_gmt":"2025-01-09T19:46:00","guid":{"rendered":"https:\/\/www.gvs.com.br\/safety\/?p=2867"},"modified":"2025-09-09T19:54:57","modified_gmt":"2025-09-09T19:54:57","slug":"importancia-da-protecao-respiratoria-nos-ambientes-de-trabalho","status":"publish","type":"post","link":"https:\/\/www.gvs.com.br\/safety\/2025\/01\/09\/importancia-da-protecao-respiratoria-nos-ambientes-de-trabalho\/","title":{"rendered":"Qual a import\u00e2ncia da prote\u00e7\u00e3o respirat\u00f3ria nos ambientes de trabalho?"},"content":{"rendered":"\n<div class=\"wp-block-uagb-container uagb-block-2d8af228 alignfull uagb-is-root-container\"><div class=\"uagb-container-inner-blocks-wrap\">\n<div class=\"wp-block-uagb-advanced-heading uagb-block-88fad113\"><h2 class=\"uagb-heading-text\"><strong>Qual a import\u00e2ncia da prote\u00e7\u00e3o respirat\u00f3ria <br>nos ambientes de trabalho?<\/strong><\/h2><\/div>\n\n\n\n<p class=\"has-ast-global-color-5-color has-text-color has-link-color wp-elements-1c944a6e4bdf0a70ea1950c711f864b8\"><strong>Conhe\u00e7a as vantagens dos equipamentos voltados para esse cuidado<\/strong><\/p>\n<\/div><\/div>\n\n\n\n<p><\/p>\n\n\n\n<p>De fato, o ambiente industrial pode apresentar alguns riscos para a sa\u00fade dos funcion\u00e1rios. \u00c9 comum que esses riscos apare\u00e7am, pois enquanto os colaboradores trabalham normalmente s\u00e3o expostos a subst\u00e2ncias qu\u00edmicas e outras quest\u00f5es que podem comprometer sua sa\u00fade. Por isso, no texto de hoje vamos falar sobre a import\u00e2ncia da prote\u00e7\u00e3o respirat\u00f3ria na sua empresa. Confira!<\/p>\n\n\n\n<h2 class=\"wp-block-heading\"><strong>Avalia\u00e7\u00e3o de riscos respirat\u00f3rios<\/strong><\/h2>\n\n\n\n<p>Sem d\u00favida, fazer a avalia\u00e7\u00e3o dos riscos respirat\u00f3rios \u00e9 uma tarefa muito importante para definir a necessidade de utilizar m\u00e1scaras e outros itens para prote\u00e7\u00e3o respirat\u00f3ria. Desse modo, a an\u00e1lise correta inclui algumas etapas, como por exemplo:<\/p>\n\n\n\n<ul class=\"wp-block-list\">\n<li>Avalia\u00e7\u00e3o dos perigos presentes no ambiente de trabalho;<\/li>\n\n\n\n<li>An\u00e1lise de quais produtos de prote\u00e7\u00e3o podem ser utilizados no local;<\/li>\n\n\n\n<li>Considera\u00e7\u00e3o da aplica\u00e7\u00e3o dos equipamentos que visam proteger os funcion\u00e1rios nas tarefas realizadas.<\/li>\n<\/ul>\n\n\n\n<h2 class=\"wp-block-heading\"><strong>Equipamento de prote\u00e7\u00e3o respirat\u00f3ria<\/strong><\/h2>\n\n\n\n<p>Inegavelmente, os equipamentos de prote\u00e7\u00e3o respirat\u00f3ria s\u00e3o indispens\u00e1veis para quem atua em ambientes que emitem contaminantes nocivos no ar, principalmente em ambientes pequenos e mais fechados. Isso porque os gases se propagam de forma r\u00e1pida e h\u00e1 uma quantidade menor de oxig\u00eanio no local. Al\u00e9m disso, quando esses itens s\u00e3o utilizados de forma correta algumas doen\u00e7as ocupacionais s\u00e3o evitadas, j\u00e1 que muitas delas s\u00e3o causadas pela inala\u00e7\u00e3o de poeira, fuma\u00e7as, n\u00e9voas, gases e vapores.<\/p>\n\n\n\n<figure class=\"wp-block-image aligncenter size-large\"><img loading=\"lazy\" decoding=\"async\" width=\"1024\" height=\"323\" src=\"https:\/\/www.gvs.com.br\/safety\/wp-content\/uploads\/2025\/09\/meio-protecao-respiratoria-1024x323.jpg\" alt=\"\" class=\"wp-image-2869\" srcset=\"https:\/\/www.gvs.com.br\/safety\/wp-content\/uploads\/2025\/09\/meio-protecao-respiratoria-1024x323.jpg 1024w, https:\/\/www.gvs.com.br\/safety\/wp-content\/uploads\/2025\/09\/meio-protecao-respiratoria-300x95.jpg 300w, https:\/\/www.gvs.com.br\/safety\/wp-content\/uploads\/2025\/09\/meio-protecao-respiratoria-768x242.jpg 768w, https:\/\/www.gvs.com.br\/safety\/wp-content\/uploads\/2025\/09\/meio-protecao-respiratoria.jpg 1110w\" sizes=\"auto, (max-width: 1024px) 100vw, 1024px\" \/><\/figure>\n\n\n\n<h2 class=\"wp-block-heading\"><strong>Por que a empresa deve investir neste cuidado?<\/strong><\/h2>\n\n\n\n<p>Primeiramente, \u00e9 importante ressaltar que apostar em medidas de prote\u00e7\u00e3o respirat\u00f3ria \u00e9 fundamental para garantir a sa\u00fade dos colaboradores. A principal vantagem em utilizar equipamentos adequados \u00e9 ter funcion\u00e1rios mais seguros em suas fun\u00e7\u00f5es. Desse modo, vale destacar que como resultado deste investimento, a produtividade aumenta, j\u00e1 que a equipe trabalha mais motivada.<\/p>\n\n\n\n<p>Al\u00e9m disso, os equipamentos auxiliam na reputa\u00e7\u00e3o da empresa, pois demonstra responsabilidades sociais no ambiente de trabalho. Sem d\u00favida, essa postura \u00e9 muito admirada e valorizada no mundo corporativo e faz com que o neg\u00f3cio seja lembrado por a\u00e7\u00f5es positivas.<\/p>\n\n\n\n<p>Por fim, trabalhar com foco na prote\u00e7\u00e3o respirat\u00f3ria ajuda a reduzir custos com multas e indeniza\u00e7\u00f5es. Afinal, a pr\u00e1tica reduz riscos de poss\u00edveis acidentes envolvendo a inala\u00e7\u00e3o de subst\u00e2ncias prejudiciais.<\/p>\n\n\n\n<h2 class=\"wp-block-heading\"><strong>GVS<\/strong><\/h2>\n\n\n\n<p>O Grupo GVS \u00e9 um dos maiores produtores mundiais de filtros e componentes para aplica\u00e7\u00f5es nos setores m\u00e9dico, laboratorial, comercial, industrial e outros segmentos.<\/p>\n\n\n\n<p>Entre os produtos da empresa est\u00e3o equipamentos de EPI para prote\u00e7\u00e3o respirat\u00f3ria, que atendem quatro categorias, sendo elas:<\/p>\n\n\n\n<ul class=\"wp-block-list\">\n<li>P1: poeiras;<\/li>\n\n\n\n<li>P2: poeiras, n\u00e9voas e fumos;<\/li>\n\n\n\n<li>P3: poeiras, n\u00e9voas, fumos e radionucl\u00eddeos;<\/li>\n\n\n\n<li>Qu\u00edmicos: cartuchos e prote\u00e7\u00e3o para gases.<\/li>\n<\/ul>\n\n\n\n<p>Gostou do nosso texto sobre prote\u00e7\u00e3o respirat\u00f3ria? Continue acessando\u00a0o<strong>\u00a0<a href=\"https:\/\/www.gvs.com.br\/safety\/blog\/\" target=\"_blank\" rel=\"noreferrer noopener\">nosso blog<\/a><\/strong>, pois em breve teremos novas mat\u00e9rias como essa!<\/p>\n\n\n\n<div class=\"wp-block-uagb-separator uagb-block-12928a3d\"><div class=\"uagb-separator-spacing-wrapper\"><div class=\"wp-block-uagb-separator__inner\" style=\"--my-background-image:\"><\/div><\/div><\/div>\n\n\n\n<div class=\"wp-block-uagb-advanced-heading uagb-block-37689345\"><h2 class=\"uagb-heading-text\"><strong>Acreditamos em proteger voc\u00ea para os melhores momentos da vida!<\/strong><\/h2><\/div>\n\n\n\n<p>Criamos solu\u00e7\u00f5es de prote\u00e7\u00e3o respirat\u00f3ria que tornam voc\u00ea e sua equipe mais seguros, para que todos possam voltar para casa no final de cada dia, seguros, saud\u00e1veis e capazes de fazer aquilo que mais importa.<\/p>\n\n\n\n<div class=\"wp-block-uagb-separator uagb-block-b8b79ce8\"><div class=\"uagb-separator-spacing-wrapper\"><div class=\"wp-block-uagb-separator__inner\" style=\"--my-background-image:\"><\/div><\/div><\/div>\n\n\n\n<div class=\"wp-block-uagb-call-to-action uagb-block-e6f6b3df wp-block-button\"><div class=\"uagb-cta__wrap\"><h3 class=\"uagb-cta__title\">Fale com a gente!<\/h3><p class=\"uagb-cta__desc\">Entre em contato com o nosso time hoje mesmo, esclare\u00e7a as suas d\u00favidas e&nbsp;<strong>solicite a sua cota\u00e7\u00e3o!<\/strong><\/p><\/div><div class=\"uagb-cta__buttons\"><a href=\"https:\/\/wa.me\/551938797222\" class=\"uagb-cta__button-link-wrapper wp-block-button__link\" target=\"_self\" rel=\"noopener noreferrer\"><svg xmlns=\"https:\/\/www.w3.org\/2000\/svg\" viewBox=\"0 0 448 512\"><path d=\"M380.9 97.1C339 55.1 283.2 32 223.9 32c-122.4 0-222 99.6-222 222 0 39.1 10.2 77.3 29.6 111L0 480l117.7-30.9c32.4 17.7 68.9 27 106.1 27h.1c122.3 0 224.1-99.6 224.1-222 0-59.3-25.2-115-67.1-157zm-157 341.6c-33.2 0-65.7-8.9-94-25.7l-6.7-4-69.8 18.3L72 359.2l-4.4-7c-18.5-29.4-28.2-63.3-28.2-98.2 0-101.7 82.8-184.5 184.6-184.5 49.3 0 95.6 19.2 130.4 54.1 34.8 34.9 56.2 81.2 56.1 130.5 0 101.8-84.9 184.6-186.6 184.6zm101.2-138.2c-5.5-2.8-32.8-16.2-37.9-18-5.1-1.9-8.8-2.8-12.5 2.8-3.7 5.6-14.3 18-17.6 21.8-3.2 3.7-6.5 4.2-12 1.4-32.6-16.3-54-29.1-75.5-66-5.7-9.8 5.7-9.1 16.3-30.3 1.8-3.7 .9-6.9-.5-9.7-1.4-2.8-12.5-30.1-17.1-41.2-4.5-10.8-9.1-9.3-12.5-9.5-3.2-.2-6.9-.2-10.6-.2-3.7 0-9.7 1.4-14.8 6.9-5.1 5.6-19.4 19-19.4 46.3 0 27.3 19.9 53.7 22.6 57.4 2.8 3.7 39.1 59.7 94.8 83.8 35.2 15.2 49 16.5 66.6 13.9 10.7-1.6 32.8-13.4 37.4-26.4 4.6-13 4.6-24.1 3.2-26.4-1.3-2.5-5-3.9-10.5-6.6z\"><\/path><\/svg>WhatsApp<\/a><\/div><\/div>\n\n\n\n<div class=\"wp-block-uagb-separator uagb-block-96e52944\"><div class=\"uagb-separator-spacing-wrapper\"><div class=\"wp-block-uagb-separator__inner\" style=\"--my-background-image:\"><\/div><\/div><\/div>\n\n\n\n<div class=\"wp-block-uagb-call-to-action uagb-block-bf9c28ce wp-block-button\"><div class=\"uagb-cta__wrap\"><h3 class=\"uagb-cta__title\">Fique por dentro das novidades!<\/h3><p class=\"uagb-cta__desc\">Acompanhe nossa jornada de inova\u00e7\u00e3o e saiba mais sobre nossos produtos, acesse <strong>Safety da GVS.<\/strong><\/p><\/div><div class=\"uagb-cta__buttons\"><a href=\"https:\/\/www.gvs.com.br\/safety\" class=\"uagb-cta__button-link-wrapper wp-block-button__link\" target=\"_self\" rel=\"noopener noreferrer\">Acesse o site<\/a><\/div><\/div>\n\n\n\n<p><\/p>\n","protected":false},"excerpt":{"rendered":"<p>Qual a import\u00e2ncia da prote\u00e7\u00e3o respirat\u00f3ria nos ambientes de trabalho? Conhe\u00e7a as vantagens dos equipamentos voltados para esse cuidado De [&hellip;]<\/p>\n","protected":false},"author":2,"featured_media":2868,"comment_status":"open","ping_status":"open","sticky":false,"template":"","format":"standard","meta":{"_uag_custom_page_level_css":"","site-sidebar-layout":"default","site-content-layout":"","ast-site-content-layout":"","site-content-style":"default","site-sidebar-style":"default","ast-global-header-display":"","ast-banner-title-visibility":"","ast-main-header-display":"","ast-hfb-above-header-display":"","ast-hfb-below-header-display":"","ast-hfb-mobile-header-display":"","site-post-title":"disabled","ast-breadcrumbs-content":"","ast-featured-img":"","footer-sml-layout":"","ast-disable-related-posts":"","theme-transparent-header-meta":"","adv-header-id-meta":"","stick-header-meta":"","header-above-stick-meta":"","header-main-stick-meta":"","header-below-stick-meta":"","astra-migrate-meta-layouts":"default","ast-page-background-enabled":"default","ast-page-background-meta":{"desktop":{"background-color":"var(--ast-global-color-4)","background-image":"","background-repeat":"repeat","background-position":"center center","background-size":"auto","background-attachment":"scroll","background-type":"","background-media":"","overlay-type":"","overlay-color":"","overlay-opacity":"","overlay-gradient":""},"tablet":{"background-color":"","background-image":"","background-repeat":"repeat","background-position":"center center","background-size":"auto","background-attachment":"scroll","background-type":"","background-media":"","overlay-type":"","overlay-color":"","overlay-opacity":"","overlay-gradient":""},"mobile":{"background-color":"","background-image":"","background-repeat":"repeat","background-position":"center center","background-size":"auto","background-attachment":"scroll","background-type":"","background-media":"","overlay-type":"","overlay-color":"","overlay-opacity":"","overlay-gradient":""}},"ast-content-background-meta":{"desktop":{"background-color":"var(--ast-global-color-5)","background-image":"","background-repeat":"repeat","background-position":"center center","background-size":"auto","background-attachment":"scroll","background-type":"","background-media":"","overlay-type":"","overlay-color":"","overlay-opacity":"","overlay-gradient":""},"tablet":{"background-color":"var(--ast-global-color-5)","background-image":"","background-repeat":"repeat","background-position":"center center","background-size":"auto","background-attachment":"scroll","background-type":"","background-media":"","overlay-type":"","overlay-color":"","overlay-opacity":"","overlay-gradient":""},"mobile":{"background-color":"var(--ast-global-color-5)","background-image":"","background-repeat":"repeat","background-position":"center center","background-size":"auto","background-attachment":"scroll","background-type":"","background-media":"","overlay-type":"","overlay-color":"","overlay-opacity":"","overlay-gradient":""}},"footnotes":""},"categories":[5],"tags":[34,17,15,16],"class_list":["post-2867","post","type-post","status-publish","format-standard","has-post-thumbnail","hentry","category-safety","tag-elipse","tag-produtos-gvs","tag-protecao-respiratoria","tag-safety"],"yoast_head":"<!-- This site is optimized with the Yoast SEO plugin v27.2 - https:\/\/yoast.com\/product\/yoast-seo-wordpress\/ -->\n<title>Import\u00e2ncia da prote\u00e7\u00e3o respirat\u00f3ria nos ambientes de trabalho<\/title>\n<meta name=\"description\" content=\"Qual a import\u00e2ncia da prote\u00e7\u00e3o respirat\u00f3ria nos ambientes de trabalho? Conhe\u00e7a as vantagens dos equipamentos voltados para esse cuidado\" \/>\n<meta name=\"robots\" content=\"index, follow, max-snippet:-1, max-image-preview:large, max-video-preview:-1\" \/>\n<link rel=\"canonical\" href=\"https:\/\/www.gvs.com.br\/safety\/2025\/01\/09\/importancia-da-protecao-respiratoria-nos-ambientes-de-trabalho\/\" \/>\n<meta property=\"og:locale\" content=\"pt_BR\" \/>\n<meta property=\"og:type\" content=\"article\" \/>\n<meta property=\"og:title\" content=\"Import\u00e2ncia da prote\u00e7\u00e3o respirat\u00f3ria nos ambientes de trabalho\" \/>\n<meta property=\"og:description\" content=\"Qual a import\u00e2ncia da prote\u00e7\u00e3o respirat\u00f3ria nos ambientes de trabalho? Conhe\u00e7a as vantagens dos equipamentos voltados para esse cuidado\" \/>\n<meta property=\"og:url\" content=\"https:\/\/www.gvs.com.br\/safety\/2025\/01\/09\/importancia-da-protecao-respiratoria-nos-ambientes-de-trabalho\/\" \/>\n<meta property=\"og:site_name\" content=\"Safety\" \/>\n<meta property=\"article:published_time\" content=\"2025-01-09T19:46:00+00:00\" \/>\n<meta property=\"article:modified_time\" content=\"2025-09-09T19:54:57+00:00\" \/>\n<meta property=\"og:image\" content=\"https:\/\/www.gvs.com.br\/safety\/wp-content\/uploads\/2025\/09\/topo-protecao-respiratoria.jpg\" \/>\n\t<meta property=\"og:image:width\" content=\"1123\" \/>\n\t<meta property=\"og:image:height\" content=\"633\" \/>\n\t<meta property=\"og:image:type\" content=\"image\/jpeg\" \/>\n<meta name=\"author\" content=\"admin-gvs\" \/>\n<meta name=\"twitter:card\" content=\"summary_large_image\" \/>\n<meta name=\"twitter:label1\" content=\"Escrito por\" \/>\n\t<meta name=\"twitter:data1\" content=\"admin-gvs\" \/>\n\t<meta name=\"twitter:label2\" content=\"Est. tempo de leitura\" \/>\n\t<meta name=\"twitter:data2\" content=\"4 minutos\" \/>\n<script type=\"application\/ld+json\" class=\"yoast-schema-graph\">{\"@context\":\"https:\/\/schema.org\",\"@graph\":[{\"@type\":\"Article\",\"@id\":\"https:\/\/www.gvs.com.br\/safety\/2025\/01\/09\/importancia-da-protecao-respiratoria-nos-ambientes-de-trabalho\/#article\",\"isPartOf\":{\"@id\":\"https:\/\/www.gvs.com.br\/safety\/2025\/01\/09\/importancia-da-protecao-respiratoria-nos-ambientes-de-trabalho\/\"},\"author\":{\"name\":\"admin-gvs\",\"@id\":\"https:\/\/www.gvs.com.br\/safety\/#\/schema\/person\/08f0e38941dafa538ee5706ec48fe5a1\"},\"headline\":\"Qual a import\u00e2ncia da prote\u00e7\u00e3o respirat\u00f3ria nos ambientes de trabalho?\",\"datePublished\":\"2025-01-09T19:46:00+00:00\",\"dateModified\":\"2025-09-09T19:54:57+00:00\",\"mainEntityOfPage\":{\"@id\":\"https:\/\/www.gvs.com.br\/safety\/2025\/01\/09\/importancia-da-protecao-respiratoria-nos-ambientes-de-trabalho\/\"},\"wordCount\":622,\"commentCount\":0,\"publisher\":{\"@id\":\"https:\/\/www.gvs.com.br\/safety\/#organization\"},\"image\":{\"@id\":\"https:\/\/www.gvs.com.br\/safety\/2025\/01\/09\/importancia-da-protecao-respiratoria-nos-ambientes-de-trabalho\/#primaryimage\"},\"thumbnailUrl\":\"https:\/\/www.gvs.com.br\/safety\/wp-content\/uploads\/2025\/09\/topo-protecao-respiratoria.jpg\",\"keywords\":[\"Elipse\",\"Produtos GVS\",\"Prote\u00e7\u00e3o Respirat\u00f3ria\",\"Safety\"],\"articleSection\":[\"Safety\"],\"inLanguage\":\"pt-BR\",\"potentialAction\":[{\"@type\":\"CommentAction\",\"name\":\"Comment\",\"target\":[\"https:\/\/www.gvs.com.br\/safety\/2025\/01\/09\/importancia-da-protecao-respiratoria-nos-ambientes-de-trabalho\/#respond\"]}]},{\"@type\":\"WebPage\",\"@id\":\"https:\/\/www.gvs.com.br\/safety\/2025\/01\/09\/importancia-da-protecao-respiratoria-nos-ambientes-de-trabalho\/\",\"url\":\"https:\/\/www.gvs.com.br\/safety\/2025\/01\/09\/importancia-da-protecao-respiratoria-nos-ambientes-de-trabalho\/\",\"name\":\"Import\u00e2ncia da prote\u00e7\u00e3o respirat\u00f3ria nos ambientes de trabalho\",\"isPartOf\":{\"@id\":\"https:\/\/www.gvs.com.br\/safety\/#website\"},\"primaryImageOfPage\":{\"@id\":\"https:\/\/www.gvs.com.br\/safety\/2025\/01\/09\/importancia-da-protecao-respiratoria-nos-ambientes-de-trabalho\/#primaryimage\"},\"image\":{\"@id\":\"https:\/\/www.gvs.com.br\/safety\/2025\/01\/09\/importancia-da-protecao-respiratoria-nos-ambientes-de-trabalho\/#primaryimage\"},\"thumbnailUrl\":\"https:\/\/www.gvs.com.br\/safety\/wp-content\/uploads\/2025\/09\/topo-protecao-respiratoria.jpg\",\"datePublished\":\"2025-01-09T19:46:00+00:00\",\"dateModified\":\"2025-09-09T19:54:57+00:00\",\"description\":\"Qual a import\u00e2ncia da prote\u00e7\u00e3o respirat\u00f3ria nos ambientes de trabalho? Conhe\u00e7a as vantagens dos equipamentos voltados para esse cuidado\",\"breadcrumb\":{\"@id\":\"https:\/\/www.gvs.com.br\/safety\/2025\/01\/09\/importancia-da-protecao-respiratoria-nos-ambientes-de-trabalho\/#breadcrumb\"},\"inLanguage\":\"pt-BR\",\"potentialAction\":[{\"@type\":\"ReadAction\",\"target\":[\"https:\/\/www.gvs.com.br\/safety\/2025\/01\/09\/importancia-da-protecao-respiratoria-nos-ambientes-de-trabalho\/\"]}]},{\"@type\":\"ImageObject\",\"inLanguage\":\"pt-BR\",\"@id\":\"https:\/\/www.gvs.com.br\/safety\/2025\/01\/09\/importancia-da-protecao-respiratoria-nos-ambientes-de-trabalho\/#primaryimage\",\"url\":\"https:\/\/www.gvs.com.br\/safety\/wp-content\/uploads\/2025\/09\/topo-protecao-respiratoria.jpg\",\"contentUrl\":\"https:\/\/www.gvs.com.br\/safety\/wp-content\/uploads\/2025\/09\/topo-protecao-respiratoria.jpg\",\"width\":1123,\"height\":633},{\"@type\":\"BreadcrumbList\",\"@id\":\"https:\/\/www.gvs.com.br\/safety\/2025\/01\/09\/importancia-da-protecao-respiratoria-nos-ambientes-de-trabalho\/#breadcrumb\",\"itemListElement\":[{\"@type\":\"ListItem\",\"position\":1,\"name\":\"In\u00edcio\",\"item\":\"https:\/\/www.gvs.com.br\/safety\/\"},{\"@type\":\"ListItem\",\"position\":2,\"name\":\"Qual a import\u00e2ncia da prote\u00e7\u00e3o respirat\u00f3ria nos ambientes de trabalho?\"}]},{\"@type\":\"WebSite\",\"@id\":\"https:\/\/www.gvs.com.br\/safety\/#website\",\"url\":\"https:\/\/www.gvs.com.br\/safety\/\",\"name\":\"Safety\",\"description\":\"\",\"publisher\":{\"@id\":\"https:\/\/www.gvs.com.br\/safety\/#organization\"},\"potentialAction\":[{\"@type\":\"SearchAction\",\"target\":{\"@type\":\"EntryPoint\",\"urlTemplate\":\"https:\/\/www.gvs.com.br\/safety\/?s={search_term_string}\"},\"query-input\":{\"@type\":\"PropertyValueSpecification\",\"valueRequired\":true,\"valueName\":\"search_term_string\"}}],\"inLanguage\":\"pt-BR\"},{\"@type\":\"Organization\",\"@id\":\"https:\/\/www.gvs.com.br\/safety\/#organization\",\"name\":\"Safety\",\"url\":\"https:\/\/www.gvs.com.br\/safety\/\",\"logo\":{\"@type\":\"ImageObject\",\"inLanguage\":\"pt-BR\",\"@id\":\"https:\/\/www.gvs.com.br\/safety\/#\/schema\/logo\/image\/\",\"url\":\"https:\/\/www.gvs.com.br\/safety\/wp-content\/uploads\/2024\/12\/Logo-GVS-Safety.png\",\"contentUrl\":\"https:\/\/www.gvs.com.br\/safety\/wp-content\/uploads\/2024\/12\/Logo-GVS-Safety.png\",\"width\":1920,\"height\":1080,\"caption\":\"Safety\"},\"image\":{\"@id\":\"https:\/\/www.gvs.com.br\/safety\/#\/schema\/logo\/image\/\"}},{\"@type\":\"Person\",\"@id\":\"https:\/\/www.gvs.com.br\/safety\/#\/schema\/person\/08f0e38941dafa538ee5706ec48fe5a1\",\"name\":\"admin-gvs\",\"image\":{\"@type\":\"ImageObject\",\"inLanguage\":\"pt-BR\",\"@id\":\"https:\/\/secure.gravatar.com\/avatar\/753807cf2c24e7c5051446eb4fc6c55657714e911f26a29329d9dc501ae35121?s=96&d=mm&r=g\",\"url\":\"https:\/\/secure.gravatar.com\/avatar\/753807cf2c24e7c5051446eb4fc6c55657714e911f26a29329d9dc501ae35121?s=96&d=mm&r=g\",\"contentUrl\":\"https:\/\/secure.gravatar.com\/avatar\/753807cf2c24e7c5051446eb4fc6c55657714e911f26a29329d9dc501ae35121?s=96&d=mm&r=g\",\"caption\":\"admin-gvs\"},\"url\":\"https:\/\/www.gvs.com.br\/safety\/author\/admin-gvs\/\"}]}<\/script>\n<!-- \/ Yoast SEO plugin. -->","yoast_head_json":{"title":"Import\u00e2ncia da prote\u00e7\u00e3o respirat\u00f3ria nos ambientes de trabalho","description":"Qual a import\u00e2ncia da prote\u00e7\u00e3o respirat\u00f3ria nos ambientes de trabalho? Conhe\u00e7a as vantagens dos equipamentos voltados para esse cuidado","robots":{"index":"index","follow":"follow","max-snippet":"max-snippet:-1","max-image-preview":"max-image-preview:large","max-video-preview":"max-video-preview:-1"},"canonical":"https:\/\/www.gvs.com.br\/safety\/2025\/01\/09\/importancia-da-protecao-respiratoria-nos-ambientes-de-trabalho\/","og_locale":"pt_BR","og_type":"article","og_title":"Import\u00e2ncia da prote\u00e7\u00e3o respirat\u00f3ria nos ambientes de trabalho","og_description":"Qual a import\u00e2ncia da prote\u00e7\u00e3o respirat\u00f3ria nos ambientes de trabalho? Conhe\u00e7a as vantagens dos equipamentos voltados para esse cuidado","og_url":"https:\/\/www.gvs.com.br\/safety\/2025\/01\/09\/importancia-da-protecao-respiratoria-nos-ambientes-de-trabalho\/","og_site_name":"Safety","article_published_time":"2025-01-09T19:46:00+00:00","article_modified_time":"2025-09-09T19:54:57+00:00","og_image":[{"width":1123,"height":633,"url":"https:\/\/www.gvs.com.br\/safety\/wp-content\/uploads\/2025\/09\/topo-protecao-respiratoria.jpg","type":"image\/jpeg"}],"author":"admin-gvs","twitter_card":"summary_large_image","twitter_misc":{"Escrito por":"admin-gvs","Est. tempo de leitura":"4 minutos"},"schema":{"@context":"https:\/\/schema.org","@graph":[{"@type":"Article","@id":"https:\/\/www.gvs.com.br\/safety\/2025\/01\/09\/importancia-da-protecao-respiratoria-nos-ambientes-de-trabalho\/#article","isPartOf":{"@id":"https:\/\/www.gvs.com.br\/safety\/2025\/01\/09\/importancia-da-protecao-respiratoria-nos-ambientes-de-trabalho\/"},"author":{"name":"admin-gvs","@id":"https:\/\/www.gvs.com.br\/safety\/#\/schema\/person\/08f0e38941dafa538ee5706ec48fe5a1"},"headline":"Qual a import\u00e2ncia da prote\u00e7\u00e3o respirat\u00f3ria nos ambientes de trabalho?","datePublished":"2025-01-09T19:46:00+00:00","dateModified":"2025-09-09T19:54:57+00:00","mainEntityOfPage":{"@id":"https:\/\/www.gvs.com.br\/safety\/2025\/01\/09\/importancia-da-protecao-respiratoria-nos-ambientes-de-trabalho\/"},"wordCount":622,"commentCount":0,"publisher":{"@id":"https:\/\/www.gvs.com.br\/safety\/#organization"},"image":{"@id":"https:\/\/www.gvs.com.br\/safety\/2025\/01\/09\/importancia-da-protecao-respiratoria-nos-ambientes-de-trabalho\/#primaryimage"},"thumbnailUrl":"https:\/\/www.gvs.com.br\/safety\/wp-content\/uploads\/2025\/09\/topo-protecao-respiratoria.jpg","keywords":["Elipse","Produtos GVS","Prote\u00e7\u00e3o Respirat\u00f3ria","Safety"],"articleSection":["Safety"],"inLanguage":"pt-BR","potentialAction":[{"@type":"CommentAction","name":"Comment","target":["https:\/\/www.gvs.com.br\/safety\/2025\/01\/09\/importancia-da-protecao-respiratoria-nos-ambientes-de-trabalho\/#respond"]}]},{"@type":"WebPage","@id":"https:\/\/www.gvs.com.br\/safety\/2025\/01\/09\/importancia-da-protecao-respiratoria-nos-ambientes-de-trabalho\/","url":"https:\/\/www.gvs.com.br\/safety\/2025\/01\/09\/importancia-da-protecao-respiratoria-nos-ambientes-de-trabalho\/","name":"Import\u00e2ncia da prote\u00e7\u00e3o respirat\u00f3ria nos ambientes de trabalho","isPartOf":{"@id":"https:\/\/www.gvs.com.br\/safety\/#website"},"primaryImageOfPage":{"@id":"https:\/\/www.gvs.com.br\/safety\/2025\/01\/09\/importancia-da-protecao-respiratoria-nos-ambientes-de-trabalho\/#primaryimage"},"image":{"@id":"https:\/\/www.gvs.com.br\/safety\/2025\/01\/09\/importancia-da-protecao-respiratoria-nos-ambientes-de-trabalho\/#primaryimage"},"thumbnailUrl":"https:\/\/www.gvs.com.br\/safety\/wp-content\/uploads\/2025\/09\/topo-protecao-respiratoria.jpg","datePublished":"2025-01-09T19:46:00+00:00","dateModified":"2025-09-09T19:54:57+00:00","description":"Qual a import\u00e2ncia da prote\u00e7\u00e3o respirat\u00f3ria nos ambientes de trabalho? Conhe\u00e7a as vantagens dos equipamentos voltados para esse cuidado","breadcrumb":{"@id":"https:\/\/www.gvs.com.br\/safety\/2025\/01\/09\/importancia-da-protecao-respiratoria-nos-ambientes-de-trabalho\/#breadcrumb"},"inLanguage":"pt-BR","potentialAction":[{"@type":"ReadAction","target":["https:\/\/www.gvs.com.br\/safety\/2025\/01\/09\/importancia-da-protecao-respiratoria-nos-ambientes-de-trabalho\/"]}]},{"@type":"ImageObject","inLanguage":"pt-BR","@id":"https:\/\/www.gvs.com.br\/safety\/2025\/01\/09\/importancia-da-protecao-respiratoria-nos-ambientes-de-trabalho\/#primaryimage","url":"https:\/\/www.gvs.com.br\/safety\/wp-content\/uploads\/2025\/09\/topo-protecao-respiratoria.jpg","contentUrl":"https:\/\/www.gvs.com.br\/safety\/wp-content\/uploads\/2025\/09\/topo-protecao-respiratoria.jpg","width":1123,"height":633},{"@type":"BreadcrumbList","@id":"https:\/\/www.gvs.com.br\/safety\/2025\/01\/09\/importancia-da-protecao-respiratoria-nos-ambientes-de-trabalho\/#breadcrumb","itemListElement":[{"@type":"ListItem","position":1,"name":"In\u00edcio","item":"https:\/\/www.gvs.com.br\/safety\/"},{"@type":"ListItem","position":2,"name":"Qual a import\u00e2ncia da prote\u00e7\u00e3o respirat\u00f3ria nos ambientes de trabalho?"}]},{"@type":"WebSite","@id":"https:\/\/www.gvs.com.br\/safety\/#website","url":"https:\/\/www.gvs.com.br\/safety\/","name":"Safety","description":"","publisher":{"@id":"https:\/\/www.gvs.com.br\/safety\/#organization"},"potentialAction":[{"@type":"SearchAction","target":{"@type":"EntryPoint","urlTemplate":"https:\/\/www.gvs.com.br\/safety\/?s={search_term_string}"},"query-input":{"@type":"PropertyValueSpecification","valueRequired":true,"valueName":"search_term_string"}}],"inLanguage":"pt-BR"},{"@type":"Organization","@id":"https:\/\/www.gvs.com.br\/safety\/#organization","name":"Safety","url":"https:\/\/www.gvs.com.br\/safety\/","logo":{"@type":"ImageObject","inLanguage":"pt-BR","@id":"https:\/\/www.gvs.com.br\/safety\/#\/schema\/logo\/image\/","url":"https:\/\/www.gvs.com.br\/safety\/wp-content\/uploads\/2024\/12\/Logo-GVS-Safety.png","contentUrl":"https:\/\/www.gvs.com.br\/safety\/wp-content\/uploads\/2024\/12\/Logo-GVS-Safety.png","width":1920,"height":1080,"caption":"Safety"},"image":{"@id":"https:\/\/www.gvs.com.br\/safety\/#\/schema\/logo\/image\/"}},{"@type":"Person","@id":"https:\/\/www.gvs.com.br\/safety\/#\/schema\/person\/08f0e38941dafa538ee5706ec48fe5a1","name":"admin-gvs","image":{"@type":"ImageObject","inLanguage":"pt-BR","@id":"https:\/\/secure.gravatar.com\/avatar\/753807cf2c24e7c5051446eb4fc6c55657714e911f26a29329d9dc501ae35121?s=96&d=mm&r=g","url":"https:\/\/secure.gravatar.com\/avatar\/753807cf2c24e7c5051446eb4fc6c55657714e911f26a29329d9dc501ae35121?s=96&d=mm&r=g","contentUrl":"https:\/\/secure.gravatar.com\/avatar\/753807cf2c24e7c5051446eb4fc6c55657714e911f26a29329d9dc501ae35121?s=96&d=mm&r=g","caption":"admin-gvs"},"url":"https:\/\/www.gvs.com.br\/safety\/author\/admin-gvs\/"}]}},"uagb_featured_image_src":{"full":["https:\/\/www.gvs.com.br\/safety\/wp-content\/uploads\/2025\/09\/topo-protecao-respiratoria.jpg",1123,633,false],"thumbnail":["https:\/\/www.gvs.com.br\/safety\/wp-content\/uploads\/2025\/09\/topo-protecao-respiratoria-150x150.jpg",150,150,true],"medium":["https:\/\/www.gvs.com.br\/safety\/wp-content\/uploads\/2025\/09\/topo-protecao-respiratoria-300x169.jpg",300,169,true],"medium_large":["https:\/\/www.gvs.com.br\/safety\/wp-content\/uploads\/2025\/09\/topo-protecao-respiratoria-768x433.jpg",768,433,true],"large":["https:\/\/www.gvs.com.br\/safety\/wp-content\/uploads\/2025\/09\/topo-protecao-respiratoria-1024x577.jpg",1024,577,true],"1536x1536":["https:\/\/www.gvs.com.br\/safety\/wp-content\/uploads\/2025\/09\/topo-protecao-respiratoria.jpg",1123,633,false],"2048x2048":["https:\/\/www.gvs.com.br\/safety\/wp-content\/uploads\/2025\/09\/topo-protecao-respiratoria.jpg",1123,633,false]},"uagb_author_info":{"display_name":"admin-gvs","author_link":"https:\/\/www.gvs.com.br\/safety\/author\/admin-gvs\/"},"uagb_comment_info":0,"uagb_excerpt":"Qual a import\u00e2ncia da prote\u00e7\u00e3o respirat\u00f3ria nos ambientes de trabalho? Conhe\u00e7a as vantagens dos equipamentos voltados para esse cuidado De [&hellip;]","_links":{"self":[{"href":"https:\/\/www.gvs.com.br\/safety\/wp-json\/wp\/v2\/posts\/2867","targetHints":{"allow":["GET"]}}],"collection":[{"href":"https:\/\/www.gvs.com.br\/safety\/wp-json\/wp\/v2\/posts"}],"about":[{"href":"https:\/\/www.gvs.com.br\/safety\/wp-json\/wp\/v2\/types\/post"}],"author":[{"embeddable":true,"href":"https:\/\/www.gvs.com.br\/safety\/wp-json\/wp\/v2\/users\/2"}],"replies":[{"embeddable":true,"href":"https:\/\/www.gvs.com.br\/safety\/wp-json\/wp\/v2\/comments?post=2867"}],"version-history":[{"count":2,"href":"https:\/\/www.gvs.com.br\/safety\/wp-json\/wp\/v2\/posts\/2867\/revisions"}],"predecessor-version":[{"id":2871,"href":"https:\/\/www.gvs.com.br\/safety\/wp-json\/wp\/v2\/posts\/2867\/revisions\/2871"}],"wp:featuredmedia":[{"embeddable":true,"href":"https:\/\/www.gvs.com.br\/safety\/wp-json\/wp\/v2\/media\/2868"}],"wp:attachment":[{"href":"https:\/\/www.gvs.com.br\/safety\/wp-json\/wp\/v2\/media?parent=2867"}],"wp:term":[{"taxonomy":"category","embeddable":true,"href":"https:\/\/www.gvs.com.br\/safety\/wp-json\/wp\/v2\/categories?post=2867"},{"taxonomy":"post_tag","embeddable":true,"href":"https:\/\/www.gvs.com.br\/safety\/wp-json\/wp\/v2\/tags?post=2867"}],"curies":[{"name":"wp","href":"https:\/\/api.w.org\/{rel}","templated":true}]}}