{"id":2779,"date":"2025-09-24T09:00:00","date_gmt":"2025-09-24T09:00:00","guid":{"rendered":"https:\/\/www.gvs.com.br\/safety\/?p=2779"},"modified":"2025-09-09T19:46:15","modified_gmt":"2025-09-09T19:46:15","slug":"respirador-elipse-full-face-filtro-p3-antiodor-gvs","status":"publish","type":"post","link":"https:\/\/www.gvs.com.br\/safety\/2025\/09\/24\/respirador-elipse-full-face-filtro-p3-antiodor-gvs\/","title":{"rendered":"Respirador Elipse\u00ae Full Face com Filtros P3 Antiodor: prote\u00e7\u00e3o, conforto e barreira contra odores na ind\u00fastria"},"content":{"rendered":"\n<div class=\"wp-block-uagb-container uagb-block-2d8af228 alignfull uagb-is-root-container\"><div class=\"uagb-container-inner-blocks-wrap\">\n<div class=\"wp-block-uagb-advanced-heading uagb-block-d00b05fd\"><h2 class=\"uagb-heading-text\"><strong><strong><strong><strong>Respirador Elipse\u00ae Full Face com Filtros P3 Antiodor:<\/strong><\/strong><\/strong><\/strong><br><strong><strong><strong><strong><strong><strong><strong><strong><strong><strong>prote\u00e7\u00e3o, conforto e barreira contra odores na ind\u00fastria<\/strong><\/strong><\/strong><\/strong><\/strong><\/strong> <\/strong><\/strong><\/strong><\/strong><\/h2><\/div>\n<\/div><\/div>\n\n\n\n<p><\/p>\n\n\n\n<p class=\"has-text-align-justify has-text-align-justify\">Ambientes industriais podem apresentar n\u00e3o apenas poeiras e part\u00edculas perigosas, mas tamb\u00e9m odores desagrad\u00e1veis que comprometem o conforto e o desempenho do profissional. O Respirador Elipse\u00ae Full Face com Filtros P3 Antiodor, da Divis\u00e3o Safety da GVS, foi desenvolvido para oferecer prote\u00e7\u00e3o respirat\u00f3ria de alto n\u00edvel aliada a um eficiente sistema de neutraliza\u00e7\u00e3o de odores. Compacto, leve e confort\u00e1vel, este modelo se destaca pela tecnologia avan\u00e7ada que une filtragem mec\u00e2nica de part\u00edculas a um meio filtrante com carv\u00e3o ativado, garantindo efici\u00eancia e bem-estar durante toda a jornada de trabalho.<\/p>\n\n\n\n<div class=\"wp-block-uagb-container uagb-block-9fd3f5ad alignfull uagb-is-root-container\"><div class=\"uagb-container-inner-blocks-wrap\">\n<div class=\"wp-block-uagb-container uagb-block-eada94eb\"><\/div>\n\n\n\n<div class=\"wp-block-uagb-container uagb-block-de22ea3a\">\n<div class=\"wp-block-uagb-image uagb-block-973530e1 wp-block-uagb-image--layout-default wp-block-uagb-image--effect-static wp-block-uagb-image--align-none\"><figure class=\"wp-block-uagb-image__figure\"><img decoding=\"async\" srcset=\"https:\/\/www.gvs.com.br\/safety\/wp-content\/uploads\/2025\/05\/Full-Face-com-Filtros-P3-Antiodor.png ,https:\/\/www.gvs.com.br\/safety\/wp-content\/uploads\/2025\/05\/Full-Face-com-Filtros-P3-Antiodor.png 780w, https:\/\/www.gvs.com.br\/safety\/wp-content\/uploads\/2025\/05\/Full-Face-com-Filtros-P3-Antiodor.png 360w\" sizes=\"auto, (max-width: 480px) 150px\" src=\"https:\/\/www.gvs.com.br\/safety\/wp-content\/uploads\/2025\/05\/Full-Face-com-Filtros-P3-Antiodor.png\" alt=\"\" class=\"uag-image-1922\" width=\"1000\" height=\"1000\" title=\"Full Face com Filtros P3 Antiodor\" loading=\"lazy\" role=\"img\"\/><\/figure><\/div>\n<\/div>\n\n\n\n<div class=\"wp-block-uagb-container uagb-block-da393d4c\"><\/div>\n<\/div><\/div>\n\n\n\n<h2 class=\"wp-block-heading\"><strong><strong><strong><strong>Descubra o Respirador Elipse\u00ae Full Face com Filtros P3 Antiodor<\/strong><\/strong><\/strong><\/strong><\/h2>\n\n\n\n<p class=\"has-text-align-justify has-text-align-justify\">Projetado para uso profissional em ambientes desafiadores, o Respirador Elipse\u00ae Full Face com Filtros P3 Antiodor protege contra poeiras, vapores e odores em diversas atividades industriais.<br>Sua viseira em policarbonato, sobremoldada com arma\u00e7\u00e3o de silicone, oferece ampla visibilidade e resist\u00eancia, enquanto o corpo em TPE de grau m\u00e9dico assegura conforto e veda\u00e7\u00e3o eficiente.<\/p>\n\n\n\n<p class=\"has-text-align-justify has-text-align-justify\">O modelo conta com filtros de alto desempenho, combinando a tecnologia HESPA com carv\u00e3o ativado para reter part\u00edculas de at\u00e9 0,3 m\u00edcron com efici\u00eancia superior a 99,95% e reduzir odores inc\u00f4modos.<\/p>\n\n\n\n<div class=\"wp-block-uagb-container uagb-block-2414cc93 alignfull uagb-is-root-container\"><div class=\"uagb-container-inner-blocks-wrap\">\n<div class=\"wp-block-uagb-container uagb-block-55cd2221\"><\/div>\n\n\n\n<div class=\"wp-block-uagb-container uagb-block-98d49d8f\">\n<div class=\"wp-block-uagb-image uagb-block-f817272a wp-block-uagb-image--layout-default wp-block-uagb-image--effect-static wp-block-uagb-image--align-none\"><figure class=\"wp-block-uagb-image__figure\"><img decoding=\"async\" srcset=\"https:\/\/www.gvs.com.br\/safety\/wp-content\/uploads\/2025\/08\/RICICLAGGIO-P100-10-1024x683.jpg ,https:\/\/www.gvs.com.br\/safety\/wp-content\/uploads\/2025\/08\/RICICLAGGIO-P100-10.jpg 780w, https:\/\/www.gvs.com.br\/safety\/wp-content\/uploads\/2025\/08\/RICICLAGGIO-P100-10.jpg 360w\" sizes=\"auto, (max-width: 480px) 150px\" src=\"https:\/\/www.gvs.com.br\/safety\/wp-content\/uploads\/2025\/08\/RICICLAGGIO-P100-10-1024x683.jpg\" alt=\"\" class=\"uag-image-2781\" width=\"1192\" height=\"977\" title=\"RICICLAGGIO-P100-10\" loading=\"lazy\" role=\"img\"\/><\/figure><\/div>\n<\/div>\n\n\n\n<div class=\"wp-block-uagb-container uagb-block-58947b23\"><\/div>\n<\/div><\/div>\n\n\n\n<p><strong>Informa\u00e7\u00f5es para Pedidos:<\/strong><\/p>\n\n\n\n<ul class=\"wp-block-list\">\n<li><strong>FFM2244 \u2013 <\/strong>Respirador Elipse\u00ae Full Face com Filtros P3 Antiodor.<\/li>\n\n\n\n<li><strong>SPR336 \u2013 <\/strong>Par de Filtros P3 Antiodor de reposi\u00e7\u00e3o.<\/li>\n<\/ul>\n\n\n\n<h2 class=\"wp-block-heading\"><strong><strong><strong>Benef\u00edcios e Vantagens<\/strong><\/strong><\/strong><\/h2>\n\n\n\n<p class=\"has-text-align-justify has-text-align-justify\">O diferencial deste respirador est\u00e1 no filtro P3 com fun\u00e7\u00e3o antiodor, que amplia a prote\u00e7\u00e3o e garante maior conforto sensorial ao usu\u00e1rio. Entre seus principais benef\u00edcios, destacam-se:<\/p>\n\n\n\n<ul class=\"wp-block-list\">\n<li><strong>Baixa manuten\u00e7\u00e3o: <\/strong>filtros de f\u00e1cil substitui\u00e7\u00e3o e alta durabilidade.<\/li>\n\n\n\n<li><strong>Barreira contra odores: <\/strong>o carv\u00e3o ativado incorporado ao filtro ret\u00e9m vapores e odores presentes no ambiente, mantendo o ar mais puro e agrad\u00e1vel.<\/li>\n\n\n\n<li><strong>Prote\u00e7\u00e3o avan\u00e7ada contra part\u00edculas: <\/strong>efici\u00eancia superior a 99,95% para part\u00edculas de 0,3 m\u00edcron, protegendo contra poeiras comuns e t\u00f3xicas.<\/li>\n\n\n\n<li><strong>Amplo campo de vis\u00e3o: <\/strong>design de perfil baixo que garante melhor visibilidade e menor interfer\u00eancia no uso de outros EPIs.<\/li>\n\n\n\n<li><strong>Compatibilidade: <\/strong>adapt\u00e1vel \u00e0 maioria dos capacetes de seguran\u00e7a.<\/li>\n\n\n\n<li><strong>Conforto prolongado: <\/strong>veda\u00e7\u00e3o facial em silicone macio e ajuste seguro para longos per\u00edodos de uso.<\/li>\n\n\n\n<li><strong>Leveza e praticidade: <\/strong>pesa apenas 350 gramas e possui montagem e limpeza simples, sem ferramentas.<\/li>\n<\/ul>\n\n\n\n<div class=\"wp-block-uagb-separator uagb-block-1f7568bb\"><div class=\"uagb-separator-spacing-wrapper\"><div class=\"wp-block-uagb-separator__inner\" style=\"--my-background-image:\"><\/div><\/div><\/div>\n\n\n\n<div class=\"wp-block-uagb-advanced-heading uagb-block-92bbe7c8\"><h2 class=\"uagb-heading-text\"><strong><strong>\u00c1reas de Aplica\u00e7\u00e3o Industrial<\/strong><\/strong><\/h2><\/div>\n\n\n\n<p>O Respirador Elipse\u00ae Full Face com Filtros P3 Antiodor \u00e9 indicado para setores que exigem prote\u00e7\u00e3o contra poeiras e odores simultaneamente, como:<\/p>\n\n\n\n<ul class=\"wp-block-list\">\n<li><strong>Soldagem e Retifica\u00e7\u00e3o: <\/strong>prote\u00e7\u00e3o contra fumos e p\u00f3s met\u00e1licos.<\/li>\n\n\n\n<li><strong>Constru\u00e7\u00e3o Civil: <\/strong>contra p\u00f3 de s\u00edlica, amianto, cimento, concreto, madeira e mofo.<\/li>\n\n\n\n<li><strong>Manufatura: <\/strong>prote\u00e7\u00e3o contra fibras de vidro e compostas, fuma\u00e7a de chumbo.<\/li>\n\n\n\n<li><strong>Minera\u00e7\u00e3o: <\/strong>contra poeiras de carv\u00e3o e s\u00edlica.<\/li>\n\n\n\n<li><strong>Ind\u00fastria Aliment\u00edcia: <\/strong>prote\u00e7\u00e3o contra p\u00f3s de gr\u00e3os, latic\u00ednios e especiarias.<\/li>\n\n\n\n<li><strong>Setor Farmac\u00eautico: <\/strong>prote\u00e7\u00e3o contra v\u00edrus, bact\u00e9rias e p\u00f3s finos.<\/li>\n<\/ul>\n\n\n\n<p>Em todos esses contextos, o recurso antiodor contribui para um ambiente de trabalho mais confort\u00e1vel, minimizando distra\u00e7\u00f5es e desconforto.<\/p>\n\n\n\n<div class=\"wp-block-uagb-container uagb-block-aaadcd32 alignfull uagb-is-root-container\"><div class=\"uagb-container-inner-blocks-wrap\">\n<div class=\"wp-block-uagb-container uagb-block-34535d19\"><\/div>\n\n\n\n<div class=\"wp-block-uagb-container uagb-block-68ebbb65\">\n<div class=\"wp-block-uagb-image uagb-block-a24b206d wp-block-uagb-image--layout-default wp-block-uagb-image--effect-static wp-block-uagb-image--align-none\"><figure class=\"wp-block-uagb-image__figure\"><img decoding=\"async\" srcset=\"https:\/\/www.gvs.com.br\/safety\/wp-content\/uploads\/2025\/08\/RICICLAGGIO-P100-25-1024x683.jpg ,https:\/\/www.gvs.com.br\/safety\/wp-content\/uploads\/2025\/08\/RICICLAGGIO-P100-25.jpg 780w, https:\/\/www.gvs.com.br\/safety\/wp-content\/uploads\/2025\/08\/RICICLAGGIO-P100-25.jpg 360w\" sizes=\"auto, (max-width: 480px) 150px\" src=\"https:\/\/www.gvs.com.br\/safety\/wp-content\/uploads\/2025\/08\/RICICLAGGIO-P100-25-1024x683.jpg\" alt=\"\" class=\"uag-image-2782\" width=\"1024\" height=\"683\" title=\"RICICLAGGIO-P100-25\" loading=\"lazy\" role=\"img\"\/><\/figure><\/div>\n<\/div>\n\n\n\n<div class=\"wp-block-uagb-container uagb-block-d94d4ca4\"><\/div>\n<\/div><\/div>\n\n\n\n<div class=\"wp-block-uagb-advanced-heading uagb-block-07cc41d5\"><h2 class=\"uagb-heading-text\"><strong><strong>Por que escolher o Respirador Elipse\u00ae Full Face com Filtros P3 Antiodor da GVS?<\/strong><\/strong><\/h2><\/div>\n\n\n\n<p>A GVS \u00e9 refer\u00eancia mundial em solu\u00e7\u00f5es de filtragem e seguran\u00e7a, combinando inova\u00e7\u00e3o tecnol\u00f3gica com rigorosos padr\u00f5es de qualidade. Ao escolher o Respirador Elipse\u00ae Full Face com Filtros P3 Antiodor, o profissional investe em um EPI que entrega:<\/p>\n\n\n\n<ul class=\"wp-block-list\">\n<li>Seguran\u00e7a comprovada por testes de efici\u00eancia e conformidade.<\/li>\n\n\n\n<li>Design inteligente que alia prote\u00e7\u00e3o, conforto e visibilidade.<\/li>\n\n\n\n<li>Tecnologia antiodor que melhora a experi\u00eancia de uso, mesmo em ambientes cr\u00edticos.<\/li>\n<\/ul>\n\n\n\n<p>Esse conjunto de atributos torna o modelo ideal para empresas que priorizam a sa\u00fade, a seguran\u00e7a e o bem-estar de suas equipes.<\/p>\n\n\n\n<p>O Respirador Elipse\u00ae Full Face com Filtros P3 Antiodor \u00e9 mais que um equipamento de prote\u00e7\u00e3o: \u00e9 uma solu\u00e7\u00e3o completa que une filtragem de alta efici\u00eancia, neutraliza\u00e7\u00e3o de odores e conforto ergon\u00f4mico. Na GVS, cada produto \u00e9 projetado para atender aos desafios reais da ind\u00fastria, com tecnologia de ponta e compromisso com a seguran\u00e7a do trabalhador.<\/p>\n\n\n\n<p><strong>Dispon\u00edvel agora no Brasil. Consulte o nosso time.<\/strong><\/p>\n\n\n\n<div class=\"wp-block-uagb-separator uagb-block-14e02ed2\"><div class=\"uagb-separator-spacing-wrapper\"><div class=\"wp-block-uagb-separator__inner\" style=\"--my-background-image:\"><\/div><\/div><\/div>\n\n\n\n<div class=\"wp-block-uagb-advanced-heading uagb-block-ade8597f\"><h2 class=\"uagb-heading-text\"><strong>Acreditamos em proteger voc\u00ea para os melhores momentos da vida!<\/strong><\/h2><\/div>\n\n\n\n<p>Criamos solu\u00e7\u00f5es de prote\u00e7\u00e3o respirat\u00f3ria que tornam voc\u00ea e sua equipe mais seguros, para que todos possam voltar para casa no final de cada dia, seguros, saud\u00e1veis e capazes de fazer aquilo que mais importa.<\/p>\n\n\n\n<div class=\"wp-block-uagb-call-to-action uagb-block-e6f6b3df wp-block-button\"><div class=\"uagb-cta__wrap\"><h3 class=\"uagb-cta__title\">Fale com a gente!<\/h3><p class=\"uagb-cta__desc\">Entre em contato com o nosso time hoje mesmo, esclare\u00e7a as suas d\u00favidas e&nbsp;<strong>solicite a sua cota\u00e7\u00e3o!<\/strong><\/p><\/div><div class=\"uagb-cta__buttons\"><a href=\"https:\/\/wa.me\/551938797222\" class=\"uagb-cta__button-link-wrapper wp-block-button__link\" target=\"_self\" rel=\"noopener noreferrer\"><svg xmlns=\"https:\/\/www.w3.org\/2000\/svg\" viewBox=\"0 0 448 512\"><path d=\"M380.9 97.1C339 55.1 283.2 32 223.9 32c-122.4 0-222 99.6-222 222 0 39.1 10.2 77.3 29.6 111L0 480l117.7-30.9c32.4 17.7 68.9 27 106.1 27h.1c122.3 0 224.1-99.6 224.1-222 0-59.3-25.2-115-67.1-157zm-157 341.6c-33.2 0-65.7-8.9-94-25.7l-6.7-4-69.8 18.3L72 359.2l-4.4-7c-18.5-29.4-28.2-63.3-28.2-98.2 0-101.7 82.8-184.5 184.6-184.5 49.3 0 95.6 19.2 130.4 54.1 34.8 34.9 56.2 81.2 56.1 130.5 0 101.8-84.9 184.6-186.6 184.6zm101.2-138.2c-5.5-2.8-32.8-16.2-37.9-18-5.1-1.9-8.8-2.8-12.5 2.8-3.7 5.6-14.3 18-17.6 21.8-3.2 3.7-6.5 4.2-12 1.4-32.6-16.3-54-29.1-75.5-66-5.7-9.8 5.7-9.1 16.3-30.3 1.8-3.7 .9-6.9-.5-9.7-1.4-2.8-12.5-30.1-17.1-41.2-4.5-10.8-9.1-9.3-12.5-9.5-3.2-.2-6.9-.2-10.6-.2-3.7 0-9.7 1.4-14.8 6.9-5.1 5.6-19.4 19-19.4 46.3 0 27.3 19.9 53.7 22.6 57.4 2.8 3.7 39.1 59.7 94.8 83.8 35.2 15.2 49 16.5 66.6 13.9 10.7-1.6 32.8-13.4 37.4-26.4 4.6-13 4.6-24.1 3.2-26.4-1.3-2.5-5-3.9-10.5-6.6z\"><\/path><\/svg>WhatsApp<\/a><\/div><\/div>\n\n\n\n<div class=\"wp-block-uagb-separator uagb-block-b8b79ce8\"><div class=\"uagb-separator-spacing-wrapper\"><div class=\"wp-block-uagb-separator__inner\" style=\"--my-background-image:\"><\/div><\/div><\/div>\n\n\n\n<div class=\"wp-block-uagb-container uagb-block-c0c1a3e3 alignfull uagb-is-root-container\"><div class=\"uagb-container-inner-blocks-wrap\">\n<div class=\"wp-block-uagb-advanced-heading uagb-block-ad5e840a\"><h2 class=\"uagb-heading-text\"><strong>Conhe\u00e7a todas as solu\u00e7\u00f5es de prote\u00e7\u00e3o respirat\u00f3ria da GVS e encontre o modelo ideal para sua aplica\u00e7\u00e3o.<\/strong><\/h2><\/div>\n<\/div><\/div>\n\n\n\n<div class=\"wp-block-uagb-separator uagb-block-96e52944\"><div class=\"uagb-separator-spacing-wrapper\"><div class=\"wp-block-uagb-separator__inner\" style=\"--my-background-image:\"><\/div><\/div><\/div>\n\n\n\n<div class=\"wp-block-uagb-call-to-action uagb-block-bf9c28ce wp-block-button\"><div class=\"uagb-cta__wrap\"><h3 class=\"uagb-cta__title\">Fique por dentro das novidades!<\/h3><p class=\"uagb-cta__desc\">Acompanhe nossa jornada de inova\u00e7\u00e3o e saiba mais sobre nossos produtos, acesse <strong>Safety da GVS.<\/strong><\/p><\/div><div class=\"uagb-cta__buttons\"><a href=\"https:\/\/www.gvs.com.br\/safety\" class=\"uagb-cta__button-link-wrapper wp-block-button__link\" target=\"_self\" rel=\"noopener noreferrer\">Acesse o site<\/a><\/div><\/div>\n\n\n\n<p><\/p>\n","protected":false},"excerpt":{"rendered":"<p>Respirador Elipse\u00ae Full Face com Filtros P3 Antiodor:prote\u00e7\u00e3o, conforto e barreira contra odores na ind\u00fastria Ambientes industriais podem apresentar n\u00e3o [&hellip;]<\/p>\n","protected":false},"author":2,"featured_media":2780,"comment_status":"open","ping_status":"open","sticky":false,"template":"","format":"standard","meta":{"_uag_custom_page_level_css":"","site-sidebar-layout":"default","site-content-layout":"","ast-site-content-layout":"","site-content-style":"default","site-sidebar-style":"default","ast-global-header-display":"","ast-banner-title-visibility":"","ast-main-header-display":"","ast-hfb-above-header-display":"","ast-hfb-below-header-display":"","ast-hfb-mobile-header-display":"","site-post-title":"disabled","ast-breadcrumbs-content":"","ast-featured-img":"disabled","footer-sml-layout":"","ast-disable-related-posts":"","theme-transparent-header-meta":"","adv-header-id-meta":"","stick-header-meta":"","header-above-stick-meta":"","header-main-stick-meta":"","header-below-stick-meta":"","astra-migrate-meta-layouts":"default","ast-page-background-enabled":"default","ast-page-background-meta":{"desktop":{"background-color":"var(--ast-global-color-4)","background-image":"","background-repeat":"repeat","background-position":"center center","background-size":"auto","background-attachment":"scroll","background-type":"","background-media":"","overlay-type":"","overlay-color":"","overlay-opacity":"","overlay-gradient":""},"tablet":{"background-color":"","background-image":"","background-repeat":"repeat","background-position":"center center","background-size":"auto","background-attachment":"scroll","background-type":"","background-media":"","overlay-type":"","overlay-color":"","overlay-opacity":"","overlay-gradient":""},"mobile":{"background-color":"","background-image":"","background-repeat":"repeat","background-position":"center center","background-size":"auto","background-attachment":"scroll","background-type":"","background-media":"","overlay-type":"","overlay-color":"","overlay-opacity":"","overlay-gradient":""}},"ast-content-background-meta":{"desktop":{"background-color":"var(--ast-global-color-5)","background-image":"","background-repeat":"repeat","background-position":"center center","background-size":"auto","background-attachment":"scroll","background-type":"","background-media":"","overlay-type":"","overlay-color":"","overlay-opacity":"","overlay-gradient":""},"tablet":{"background-color":"var(--ast-global-color-5)","background-image":"","background-repeat":"repeat","background-position":"center center","background-size":"auto","background-attachment":"scroll","background-type":"","background-media":"","overlay-type":"","overlay-color":"","overlay-opacity":"","overlay-gradient":""},"mobile":{"background-color":"var(--ast-global-color-5)","background-image":"","background-repeat":"repeat","background-position":"center center","background-size":"auto","background-attachment":"scroll","background-type":"","background-media":"","overlay-type":"","overlay-color":"","overlay-opacity":"","overlay-gradient":""}},"footnotes":""},"categories":[11,38,5],"tags":[39,34,17,15,16],"class_list":["post-2779","post","type-post","status-publish","format-standard","has-post-thumbnail","hentry","category-ajuste-apertado","category-full-face","category-safety","tag-antiodor","tag-elipse","tag-produtos-gvs","tag-protecao-respiratoria","tag-safety"],"yoast_head":"<!-- This site is optimized with the Yoast SEO plugin v27.2 - https:\/\/yoast.com\/product\/yoast-seo-wordpress\/ -->\n<title>Respirador Elipse\u00ae Full Face com Filtros P3 Antiodor<\/title>\n<meta name=\"description\" content=\"Com design de perfil baixo, oferece campo de vis\u00e3o ampliado, conforto prolongado e compatibilidade com a maioria dos capacetes de seguran\u00e7a.\" \/>\n<meta name=\"robots\" content=\"index, follow, max-snippet:-1, max-image-preview:large, max-video-preview:-1\" \/>\n<link rel=\"canonical\" href=\"https:\/\/www.gvs.com.br\/safety\/2025\/09\/24\/respirador-elipse-full-face-filtro-p3-antiodor-gvs\/\" \/>\n<meta property=\"og:locale\" content=\"pt_BR\" \/>\n<meta property=\"og:type\" content=\"article\" \/>\n<meta property=\"og:title\" content=\"Respirador Elipse\u00ae Full Face com Filtros P3 Antiodor\" \/>\n<meta property=\"og:description\" content=\"Com design de perfil baixo, oferece campo de vis\u00e3o ampliado, conforto prolongado e compatibilidade com a maioria dos capacetes de seguran\u00e7a.\" \/>\n<meta property=\"og:url\" content=\"https:\/\/www.gvs.com.br\/safety\/2025\/09\/24\/respirador-elipse-full-face-filtro-p3-antiodor-gvs\/\" \/>\n<meta property=\"og:site_name\" content=\"Safety\" \/>\n<meta property=\"article:published_time\" content=\"2025-09-24T09:00:00+00:00\" \/>\n<meta property=\"og:image\" content=\"https:\/\/www.gvs.com.br\/safety\/wp-content\/uploads\/2025\/08\/BANNER-BLOG-P3-Antiodor-1024x576.png\" \/>\n\t<meta property=\"og:image:width\" content=\"1024\" \/>\n\t<meta property=\"og:image:height\" content=\"576\" \/>\n\t<meta property=\"og:image:type\" content=\"image\/png\" \/>\n<meta name=\"author\" content=\"admin-gvs\" \/>\n<meta name=\"twitter:card\" content=\"summary_large_image\" \/>\n<meta name=\"twitter:label1\" content=\"Escrito por\" \/>\n\t<meta name=\"twitter:data1\" content=\"admin-gvs\" \/>\n\t<meta name=\"twitter:label2\" content=\"Est. tempo de leitura\" \/>\n\t<meta name=\"twitter:data2\" content=\"5 minutos\" \/>\n<script type=\"application\/ld+json\" class=\"yoast-schema-graph\">{\"@context\":\"https:\/\/schema.org\",\"@graph\":[{\"@type\":\"Article\",\"@id\":\"https:\/\/www.gvs.com.br\/safety\/2025\/09\/24\/respirador-elipse-full-face-filtro-p3-antiodor-gvs\/#article\",\"isPartOf\":{\"@id\":\"https:\/\/www.gvs.com.br\/safety\/2025\/09\/24\/respirador-elipse-full-face-filtro-p3-antiodor-gvs\/\"},\"author\":{\"name\":\"admin-gvs\",\"@id\":\"https:\/\/www.gvs.com.br\/safety\/#\/schema\/person\/08f0e38941dafa538ee5706ec48fe5a1\"},\"headline\":\"Respirador Elipse\u00ae Full Face com Filtros P3 Antiodor: prote\u00e7\u00e3o, conforto e barreira contra odores na ind\u00fastria\",\"datePublished\":\"2025-09-24T09:00:00+00:00\",\"mainEntityOfPage\":{\"@id\":\"https:\/\/www.gvs.com.br\/safety\/2025\/09\/24\/respirador-elipse-full-face-filtro-p3-antiodor-gvs\/\"},\"wordCount\":855,\"commentCount\":0,\"publisher\":{\"@id\":\"https:\/\/www.gvs.com.br\/safety\/#organization\"},\"image\":{\"@id\":\"https:\/\/www.gvs.com.br\/safety\/2025\/09\/24\/respirador-elipse-full-face-filtro-p3-antiodor-gvs\/#primaryimage\"},\"thumbnailUrl\":\"https:\/\/www.gvs.com.br\/safety\/wp-content\/uploads\/2025\/08\/BANNER-BLOG-P3-Antiodor.png\",\"keywords\":[\"Antiodor\",\"Elipse\",\"Produtos GVS\",\"Prote\u00e7\u00e3o Respirat\u00f3ria\",\"Safety\"],\"articleSection\":[\"Ajuste Apertado\",\"Full Face\",\"Safety\"],\"inLanguage\":\"pt-BR\",\"potentialAction\":[{\"@type\":\"CommentAction\",\"name\":\"Comment\",\"target\":[\"https:\/\/www.gvs.com.br\/safety\/2025\/09\/24\/respirador-elipse-full-face-filtro-p3-antiodor-gvs\/#respond\"]}]},{\"@type\":\"WebPage\",\"@id\":\"https:\/\/www.gvs.com.br\/safety\/2025\/09\/24\/respirador-elipse-full-face-filtro-p3-antiodor-gvs\/\",\"url\":\"https:\/\/www.gvs.com.br\/safety\/2025\/09\/24\/respirador-elipse-full-face-filtro-p3-antiodor-gvs\/\",\"name\":\"Respirador Elipse\u00ae Full Face com Filtros P3 Antiodor\",\"isPartOf\":{\"@id\":\"https:\/\/www.gvs.com.br\/safety\/#website\"},\"primaryImageOfPage\":{\"@id\":\"https:\/\/www.gvs.com.br\/safety\/2025\/09\/24\/respirador-elipse-full-face-filtro-p3-antiodor-gvs\/#primaryimage\"},\"image\":{\"@id\":\"https:\/\/www.gvs.com.br\/safety\/2025\/09\/24\/respirador-elipse-full-face-filtro-p3-antiodor-gvs\/#primaryimage\"},\"thumbnailUrl\":\"https:\/\/www.gvs.com.br\/safety\/wp-content\/uploads\/2025\/08\/BANNER-BLOG-P3-Antiodor.png\",\"datePublished\":\"2025-09-24T09:00:00+00:00\",\"description\":\"Com design de perfil baixo, oferece campo de vis\u00e3o ampliado, conforto prolongado e compatibilidade com a maioria dos capacetes de seguran\u00e7a.\",\"breadcrumb\":{\"@id\":\"https:\/\/www.gvs.com.br\/safety\/2025\/09\/24\/respirador-elipse-full-face-filtro-p3-antiodor-gvs\/#breadcrumb\"},\"inLanguage\":\"pt-BR\",\"potentialAction\":[{\"@type\":\"ReadAction\",\"target\":[\"https:\/\/www.gvs.com.br\/safety\/2025\/09\/24\/respirador-elipse-full-face-filtro-p3-antiodor-gvs\/\"]}]},{\"@type\":\"ImageObject\",\"inLanguage\":\"pt-BR\",\"@id\":\"https:\/\/www.gvs.com.br\/safety\/2025\/09\/24\/respirador-elipse-full-face-filtro-p3-antiodor-gvs\/#primaryimage\",\"url\":\"https:\/\/www.gvs.com.br\/safety\/wp-content\/uploads\/2025\/08\/BANNER-BLOG-P3-Antiodor.png\",\"contentUrl\":\"https:\/\/www.gvs.com.br\/safety\/wp-content\/uploads\/2025\/08\/BANNER-BLOG-P3-Antiodor.png\",\"width\":1920,\"height\":1080},{\"@type\":\"BreadcrumbList\",\"@id\":\"https:\/\/www.gvs.com.br\/safety\/2025\/09\/24\/respirador-elipse-full-face-filtro-p3-antiodor-gvs\/#breadcrumb\",\"itemListElement\":[{\"@type\":\"ListItem\",\"position\":1,\"name\":\"In\u00edcio\",\"item\":\"https:\/\/www.gvs.com.br\/safety\/\"},{\"@type\":\"ListItem\",\"position\":2,\"name\":\"Respirador Elipse\u00ae Full Face com Filtros P3 Antiodor: prote\u00e7\u00e3o, conforto e barreira contra odores na ind\u00fastria\"}]},{\"@type\":\"WebSite\",\"@id\":\"https:\/\/www.gvs.com.br\/safety\/#website\",\"url\":\"https:\/\/www.gvs.com.br\/safety\/\",\"name\":\"Safety\",\"description\":\"\",\"publisher\":{\"@id\":\"https:\/\/www.gvs.com.br\/safety\/#organization\"},\"potentialAction\":[{\"@type\":\"SearchAction\",\"target\":{\"@type\":\"EntryPoint\",\"urlTemplate\":\"https:\/\/www.gvs.com.br\/safety\/?s={search_term_string}\"},\"query-input\":{\"@type\":\"PropertyValueSpecification\",\"valueRequired\":true,\"valueName\":\"search_term_string\"}}],\"inLanguage\":\"pt-BR\"},{\"@type\":\"Organization\",\"@id\":\"https:\/\/www.gvs.com.br\/safety\/#organization\",\"name\":\"Safety\",\"url\":\"https:\/\/www.gvs.com.br\/safety\/\",\"logo\":{\"@type\":\"ImageObject\",\"inLanguage\":\"pt-BR\",\"@id\":\"https:\/\/www.gvs.com.br\/safety\/#\/schema\/logo\/image\/\",\"url\":\"https:\/\/www.gvs.com.br\/safety\/wp-content\/uploads\/2024\/12\/Logo-GVS-Safety.png\",\"contentUrl\":\"https:\/\/www.gvs.com.br\/safety\/wp-content\/uploads\/2024\/12\/Logo-GVS-Safety.png\",\"width\":1920,\"height\":1080,\"caption\":\"Safety\"},\"image\":{\"@id\":\"https:\/\/www.gvs.com.br\/safety\/#\/schema\/logo\/image\/\"}},{\"@type\":\"Person\",\"@id\":\"https:\/\/www.gvs.com.br\/safety\/#\/schema\/person\/08f0e38941dafa538ee5706ec48fe5a1\",\"name\":\"admin-gvs\",\"image\":{\"@type\":\"ImageObject\",\"inLanguage\":\"pt-BR\",\"@id\":\"https:\/\/secure.gravatar.com\/avatar\/753807cf2c24e7c5051446eb4fc6c55657714e911f26a29329d9dc501ae35121?s=96&d=mm&r=g\",\"url\":\"https:\/\/secure.gravatar.com\/avatar\/753807cf2c24e7c5051446eb4fc6c55657714e911f26a29329d9dc501ae35121?s=96&d=mm&r=g\",\"contentUrl\":\"https:\/\/secure.gravatar.com\/avatar\/753807cf2c24e7c5051446eb4fc6c55657714e911f26a29329d9dc501ae35121?s=96&d=mm&r=g\",\"caption\":\"admin-gvs\"},\"url\":\"https:\/\/www.gvs.com.br\/safety\/author\/admin-gvs\/\"}]}<\/script>\n<!-- \/ Yoast SEO plugin. -->","yoast_head_json":{"title":"Respirador Elipse\u00ae Full Face com Filtros P3 Antiodor","description":"Com design de perfil baixo, oferece campo de vis\u00e3o ampliado, conforto prolongado e compatibilidade com a maioria dos capacetes de seguran\u00e7a.","robots":{"index":"index","follow":"follow","max-snippet":"max-snippet:-1","max-image-preview":"max-image-preview:large","max-video-preview":"max-video-preview:-1"},"canonical":"https:\/\/www.gvs.com.br\/safety\/2025\/09\/24\/respirador-elipse-full-face-filtro-p3-antiodor-gvs\/","og_locale":"pt_BR","og_type":"article","og_title":"Respirador Elipse\u00ae Full Face com Filtros P3 Antiodor","og_description":"Com design de perfil baixo, oferece campo de vis\u00e3o ampliado, conforto prolongado e compatibilidade com a maioria dos capacetes de seguran\u00e7a.","og_url":"https:\/\/www.gvs.com.br\/safety\/2025\/09\/24\/respirador-elipse-full-face-filtro-p3-antiodor-gvs\/","og_site_name":"Safety","article_published_time":"2025-09-24T09:00:00+00:00","og_image":[{"width":1024,"height":576,"url":"https:\/\/www.gvs.com.br\/safety\/wp-content\/uploads\/2025\/08\/BANNER-BLOG-P3-Antiodor-1024x576.png","type":"image\/png"}],"author":"admin-gvs","twitter_card":"summary_large_image","twitter_misc":{"Escrito por":"admin-gvs","Est. tempo de leitura":"5 minutos"},"schema":{"@context":"https:\/\/schema.org","@graph":[{"@type":"Article","@id":"https:\/\/www.gvs.com.br\/safety\/2025\/09\/24\/respirador-elipse-full-face-filtro-p3-antiodor-gvs\/#article","isPartOf":{"@id":"https:\/\/www.gvs.com.br\/safety\/2025\/09\/24\/respirador-elipse-full-face-filtro-p3-antiodor-gvs\/"},"author":{"name":"admin-gvs","@id":"https:\/\/www.gvs.com.br\/safety\/#\/schema\/person\/08f0e38941dafa538ee5706ec48fe5a1"},"headline":"Respirador Elipse\u00ae Full Face com Filtros P3 Antiodor: prote\u00e7\u00e3o, conforto e barreira contra odores na ind\u00fastria","datePublished":"2025-09-24T09:00:00+00:00","mainEntityOfPage":{"@id":"https:\/\/www.gvs.com.br\/safety\/2025\/09\/24\/respirador-elipse-full-face-filtro-p3-antiodor-gvs\/"},"wordCount":855,"commentCount":0,"publisher":{"@id":"https:\/\/www.gvs.com.br\/safety\/#organization"},"image":{"@id":"https:\/\/www.gvs.com.br\/safety\/2025\/09\/24\/respirador-elipse-full-face-filtro-p3-antiodor-gvs\/#primaryimage"},"thumbnailUrl":"https:\/\/www.gvs.com.br\/safety\/wp-content\/uploads\/2025\/08\/BANNER-BLOG-P3-Antiodor.png","keywords":["Antiodor","Elipse","Produtos GVS","Prote\u00e7\u00e3o Respirat\u00f3ria","Safety"],"articleSection":["Ajuste Apertado","Full Face","Safety"],"inLanguage":"pt-BR","potentialAction":[{"@type":"CommentAction","name":"Comment","target":["https:\/\/www.gvs.com.br\/safety\/2025\/09\/24\/respirador-elipse-full-face-filtro-p3-antiodor-gvs\/#respond"]}]},{"@type":"WebPage","@id":"https:\/\/www.gvs.com.br\/safety\/2025\/09\/24\/respirador-elipse-full-face-filtro-p3-antiodor-gvs\/","url":"https:\/\/www.gvs.com.br\/safety\/2025\/09\/24\/respirador-elipse-full-face-filtro-p3-antiodor-gvs\/","name":"Respirador Elipse\u00ae Full Face com Filtros P3 Antiodor","isPartOf":{"@id":"https:\/\/www.gvs.com.br\/safety\/#website"},"primaryImageOfPage":{"@id":"https:\/\/www.gvs.com.br\/safety\/2025\/09\/24\/respirador-elipse-full-face-filtro-p3-antiodor-gvs\/#primaryimage"},"image":{"@id":"https:\/\/www.gvs.com.br\/safety\/2025\/09\/24\/respirador-elipse-full-face-filtro-p3-antiodor-gvs\/#primaryimage"},"thumbnailUrl":"https:\/\/www.gvs.com.br\/safety\/wp-content\/uploads\/2025\/08\/BANNER-BLOG-P3-Antiodor.png","datePublished":"2025-09-24T09:00:00+00:00","description":"Com design de perfil baixo, oferece campo de vis\u00e3o ampliado, conforto prolongado e compatibilidade com a maioria dos capacetes de seguran\u00e7a.","breadcrumb":{"@id":"https:\/\/www.gvs.com.br\/safety\/2025\/09\/24\/respirador-elipse-full-face-filtro-p3-antiodor-gvs\/#breadcrumb"},"inLanguage":"pt-BR","potentialAction":[{"@type":"ReadAction","target":["https:\/\/www.gvs.com.br\/safety\/2025\/09\/24\/respirador-elipse-full-face-filtro-p3-antiodor-gvs\/"]}]},{"@type":"ImageObject","inLanguage":"pt-BR","@id":"https:\/\/www.gvs.com.br\/safety\/2025\/09\/24\/respirador-elipse-full-face-filtro-p3-antiodor-gvs\/#primaryimage","url":"https:\/\/www.gvs.com.br\/safety\/wp-content\/uploads\/2025\/08\/BANNER-BLOG-P3-Antiodor.png","contentUrl":"https:\/\/www.gvs.com.br\/safety\/wp-content\/uploads\/2025\/08\/BANNER-BLOG-P3-Antiodor.png","width":1920,"height":1080},{"@type":"BreadcrumbList","@id":"https:\/\/www.gvs.com.br\/safety\/2025\/09\/24\/respirador-elipse-full-face-filtro-p3-antiodor-gvs\/#breadcrumb","itemListElement":[{"@type":"ListItem","position":1,"name":"In\u00edcio","item":"https:\/\/www.gvs.com.br\/safety\/"},{"@type":"ListItem","position":2,"name":"Respirador Elipse\u00ae Full Face com Filtros P3 Antiodor: prote\u00e7\u00e3o, conforto e barreira contra odores na ind\u00fastria"}]},{"@type":"WebSite","@id":"https:\/\/www.gvs.com.br\/safety\/#website","url":"https:\/\/www.gvs.com.br\/safety\/","name":"Safety","description":"","publisher":{"@id":"https:\/\/www.gvs.com.br\/safety\/#organization"},"potentialAction":[{"@type":"SearchAction","target":{"@type":"EntryPoint","urlTemplate":"https:\/\/www.gvs.com.br\/safety\/?s={search_term_string}"},"query-input":{"@type":"PropertyValueSpecification","valueRequired":true,"valueName":"search_term_string"}}],"inLanguage":"pt-BR"},{"@type":"Organization","@id":"https:\/\/www.gvs.com.br\/safety\/#organization","name":"Safety","url":"https:\/\/www.gvs.com.br\/safety\/","logo":{"@type":"ImageObject","inLanguage":"pt-BR","@id":"https:\/\/www.gvs.com.br\/safety\/#\/schema\/logo\/image\/","url":"https:\/\/www.gvs.com.br\/safety\/wp-content\/uploads\/2024\/12\/Logo-GVS-Safety.png","contentUrl":"https:\/\/www.gvs.com.br\/safety\/wp-content\/uploads\/2024\/12\/Logo-GVS-Safety.png","width":1920,"height":1080,"caption":"Safety"},"image":{"@id":"https:\/\/www.gvs.com.br\/safety\/#\/schema\/logo\/image\/"}},{"@type":"Person","@id":"https:\/\/www.gvs.com.br\/safety\/#\/schema\/person\/08f0e38941dafa538ee5706ec48fe5a1","name":"admin-gvs","image":{"@type":"ImageObject","inLanguage":"pt-BR","@id":"https:\/\/secure.gravatar.com\/avatar\/753807cf2c24e7c5051446eb4fc6c55657714e911f26a29329d9dc501ae35121?s=96&d=mm&r=g","url":"https:\/\/secure.gravatar.com\/avatar\/753807cf2c24e7c5051446eb4fc6c55657714e911f26a29329d9dc501ae35121?s=96&d=mm&r=g","contentUrl":"https:\/\/secure.gravatar.com\/avatar\/753807cf2c24e7c5051446eb4fc6c55657714e911f26a29329d9dc501ae35121?s=96&d=mm&r=g","caption":"admin-gvs"},"url":"https:\/\/www.gvs.com.br\/safety\/author\/admin-gvs\/"}]}},"uagb_featured_image_src":{"full":["https:\/\/www.gvs.com.br\/safety\/wp-content\/uploads\/2025\/08\/BANNER-BLOG-P3-Antiodor.png",1920,1080,false],"thumbnail":["https:\/\/www.gvs.com.br\/safety\/wp-content\/uploads\/2025\/08\/BANNER-BLOG-P3-Antiodor-150x150.png",150,150,true],"medium":["https:\/\/www.gvs.com.br\/safety\/wp-content\/uploads\/2025\/08\/BANNER-BLOG-P3-Antiodor-300x169.png",300,169,true],"medium_large":["https:\/\/www.gvs.com.br\/safety\/wp-content\/uploads\/2025\/08\/BANNER-BLOG-P3-Antiodor-768x432.png",768,432,true],"large":["https:\/\/www.gvs.com.br\/safety\/wp-content\/uploads\/2025\/08\/BANNER-BLOG-P3-Antiodor-1024x576.png",1024,576,true],"1536x1536":["https:\/\/www.gvs.com.br\/safety\/wp-content\/uploads\/2025\/08\/BANNER-BLOG-P3-Antiodor-1536x864.png",1536,864,true],"2048x2048":["https:\/\/www.gvs.com.br\/safety\/wp-content\/uploads\/2025\/08\/BANNER-BLOG-P3-Antiodor.png",1920,1080,false]},"uagb_author_info":{"display_name":"admin-gvs","author_link":"https:\/\/www.gvs.com.br\/safety\/author\/admin-gvs\/"},"uagb_comment_info":0,"uagb_excerpt":"Respirador Elipse\u00ae Full Face com Filtros P3 Antiodor:prote\u00e7\u00e3o, conforto e barreira contra odores na ind\u00fastria Ambientes industriais podem apresentar n\u00e3o [&hellip;]","_links":{"self":[{"href":"https:\/\/www.gvs.com.br\/safety\/wp-json\/wp\/v2\/posts\/2779","targetHints":{"allow":["GET"]}}],"collection":[{"href":"https:\/\/www.gvs.com.br\/safety\/wp-json\/wp\/v2\/posts"}],"about":[{"href":"https:\/\/www.gvs.com.br\/safety\/wp-json\/wp\/v2\/types\/post"}],"author":[{"embeddable":true,"href":"https:\/\/www.gvs.com.br\/safety\/wp-json\/wp\/v2\/users\/2"}],"replies":[{"embeddable":true,"href":"https:\/\/www.gvs.com.br\/safety\/wp-json\/wp\/v2\/comments?post=2779"}],"version-history":[{"count":2,"href":"https:\/\/www.gvs.com.br\/safety\/wp-json\/wp\/v2\/posts\/2779\/revisions"}],"predecessor-version":[{"id":2866,"href":"https:\/\/www.gvs.com.br\/safety\/wp-json\/wp\/v2\/posts\/2779\/revisions\/2866"}],"wp:featuredmedia":[{"embeddable":true,"href":"https:\/\/www.gvs.com.br\/safety\/wp-json\/wp\/v2\/media\/2780"}],"wp:attachment":[{"href":"https:\/\/www.gvs.com.br\/safety\/wp-json\/wp\/v2\/media?parent=2779"}],"wp:term":[{"taxonomy":"category","embeddable":true,"href":"https:\/\/www.gvs.com.br\/safety\/wp-json\/wp\/v2\/categories?post=2779"},{"taxonomy":"post_tag","embeddable":true,"href":"https:\/\/www.gvs.com.br\/safety\/wp-json\/wp\/v2\/tags?post=2779"}],"curies":[{"name":"wp","href":"https:\/\/api.w.org\/{rel}","templated":true}]}}