{"id":2451,"date":"2025-07-23T21:00:00","date_gmt":"2025-07-23T21:00:00","guid":{"rendered":"https:\/\/gvs.com.br\/safety\/?p=2451"},"modified":"2025-09-09T19:42:54","modified_gmt":"2025-09-09T19:42:54","slug":"respirador-semifacial-elipse-abek1","status":"publish","type":"post","link":"https:\/\/www.gvs.com.br\/safety\/2025\/07\/23\/respirador-semifacial-elipse-abek1\/","title":{"rendered":"Respirador Semifacial Elipse\u00ae ABEK1 da GVS: Prote\u00e7\u00e3o qu\u00edmica avan\u00e7ada contra multigases"},"content":{"rendered":"\n<div class=\"wp-block-uagb-container uagb-block-2d8af228 alignfull uagb-is-root-container\"><div class=\"uagb-container-inner-blocks-wrap\">\n<div class=\"wp-block-uagb-advanced-heading uagb-block-852b7a11\"><h2 class=\"uagb-heading-text\"><strong><strong>Respirador Semifacial Elipse\u00ae ABEK1 da GVS: <\/strong><\/strong><br><strong><strong>Prote\u00e7\u00e3o qu\u00edmica avan\u00e7ada contra multigases<\/strong><\/strong><\/h2><\/div>\n<\/div><\/div>\n\n\n\n<p><\/p>\n\n\n\n<p class=\"has-text-align-justify has-text-align-justify\">Ambientes industriais exigem solu\u00e7\u00f5es de prote\u00e7\u00e3o respirat\u00f3ria confi\u00e1veis, eficientes e confort\u00e1veis. O Respirador Semifacial Elipse\u00ae ABEK1 da divis\u00e3o Safety GVS foi desenvolvido para atender a essas necessidades com excel\u00eancia. Compacto, leve e extremamente funcional, esse EPI se destaca pela alta performance na filtragem de m\u00faltiplos gases e vapores perigosos, garantindo seguran\u00e7a e conforto em tarefas cr\u00edticas.<\/p>\n\n\n\n<div class=\"wp-block-uagb-container uagb-block-6a5288a5 alignfull uagb-is-root-container\"><div class=\"uagb-container-inner-blocks-wrap\">\n<div class=\"wp-block-uagb-container uagb-block-0ac0aeba\">\n<div class=\"wp-block-uagb-image uagb-block-da8f7bf4 wp-block-uagb-image--layout-default wp-block-uagb-image--effect-static wp-block-uagb-image--align-none\"><figure class=\"wp-block-uagb-image__figure\"><img decoding=\"async\"  sizes=\"auto, (max-width: 480px) 150px\" src=\"https:\/\/www.gvs.com.br\/safety\/wp-content\/uploads\/2025\/06\/Elipse-ABEK1-Respirator-3-1024x853.jpg\" alt=\"\" width=\"1024\" height=\"853\" title=\"Elipse-ABEK1-Respirator--3\" loading=\"lazy\" role=\"img\"\/><\/figure><\/div>\n<\/div>\n\n\n\n<div class=\"wp-block-uagb-container uagb-block-5ef92ef7\">\n<div class=\"wp-block-uagb-image uagb-block-959a9de9 wp-block-uagb-image--layout-default wp-block-uagb-image--effect-static wp-block-uagb-image--align-none\"><figure class=\"wp-block-uagb-image__figure\"><img decoding=\"async\" srcset=\"https:\/\/gvs.com.br\/safety\/wp-content\/uploads\/2025\/02\/mascara-semifacial-elipse-abek.jpg ,https:\/\/gvs.com.br\/safety\/wp-content\/uploads\/2025\/02\/mascara-semifacial-elipse-abek.jpg 780w, https:\/\/gvs.com.br\/safety\/wp-content\/uploads\/2025\/02\/mascara-semifacial-elipse-abek.jpg 360w\" sizes=\"auto, (max-width: 480px) 150px\" src=\"https:\/\/gvs.com.br\/safety\/wp-content\/uploads\/2025\/02\/mascara-semifacial-elipse-abek.jpg\" alt=\"\" class=\"uag-image-464\" width=\"900\" height=\"694\" title=\"mascara-semifacial-elipse-abek\" loading=\"lazy\" role=\"img\"\/><\/figure><\/div>\n<\/div>\n<\/div><\/div>\n\n\n\n<p><\/p>\n\n\n\n<div class=\"wp-block-uagb-advanced-heading uagb-block-fdc26343\"><h2 class=\"uagb-heading-text\">Respirador Semifacial Elipse\u00ae ABEK1<\/h2><\/div>\n\n\n\n<p>Trata-se de um respirador semifacial reutiliz\u00e1vel, equipado com cartuchos de carv\u00e3o ativado ABEK1, projetado para prote\u00e7\u00e3o contra uma ampla gama de contaminantes qu\u00edmicos. Com design ergon\u00f4mico, corpo em TPE de grau m\u00e9dico e livre de l\u00e1tex e silicone, adapta-se perfeitamente ao rosto do usu\u00e1rio, proporcionando veda\u00e7\u00e3o eficiente sem comprometer o conforto.<\/p>\n\n\n\n<h2 class=\"wp-block-heading\">Benef\u00edcios e Vantagens<\/h2>\n\n\n\n<p><strong>Design compacto e leve: <\/strong>Com quase metade da largura em compara\u00e7\u00e3o aos modelos concorrentes, o Respirador Semifacial Elipse\u00ae ABEK1 permite ampla visibilidade e uso simult\u00e2neo com \u00f3culos de seguran\u00e7a e abafadores de ru\u00eddo, sem interfer\u00eancias.<br><strong>Alta efici\u00eancia com baixa resist\u00eancia respirat\u00f3ria:<\/strong> Os cartuchos cont\u00eam carv\u00e3o ativado com caracter\u00edsticas otimizadas, oferecendo alto desempenho na adsor\u00e7\u00e3o de gases e vapores com resist\u00eancia m\u00ednima \u00e0 respira\u00e7\u00e3o, mesmo durante o uso prolongado.<br><strong>Maior durabilidade e economia:<\/strong> Os filtros s\u00e3o reutiliz\u00e1veis, troc\u00e1veis e possuem vida \u00fatil de armazenamento de at\u00e9 5 anos. Isso reduz a necessidade de substitui\u00e7\u00f5es frequentes e melhora o custo-benef\u00edcio ao longo do tempo.<br><strong>Conforto durante toda a jornada de trabalho:<\/strong> Com al\u00e7as el\u00e1sticas ajust\u00e1veis de quatro pontos e almofadas de conforto, o respirador reduz significativamente a fadiga do usu\u00e1rio, mesmo em longos per\u00edodos de uso cont\u00ednuo.<br><strong>Manuten\u00e7\u00e3o pr\u00e1tica e segura: <\/strong>A troca dos filtros \u00e9 r\u00e1pida e simples, permitindo a renova\u00e7\u00e3o dos filtros qu\u00edmicos, mec\u00e2nicos e v\u00e1lvulas de inala\u00e7\u00e3o com uma \u00fanica substitui\u00e7\u00e3o.<\/p>\n\n\n\n<div class=\"wp-block-uagb-container uagb-block-51e800ab alignfull uagb-is-root-container\"><div class=\"uagb-container-inner-blocks-wrap\">\n<div class=\"wp-block-uagb-container uagb-block-e783130d\">\n<h2 class=\"wp-block-heading\">Prote\u00e7\u00e3o Avan\u00e7ada Contra M\u00faltiplos Gases<\/h2>\n\n\n\n<p>O Respirador Semifacial Elipse\u00ae ABEK1 oferece prote\u00e7\u00e3o contra:<\/p>\n\n\n\n<ul class=\"wp-block-list\">\n<li>VO com ponto de ebuli\u00e7\u00e3o acima de 65\u202f\u00b0C (tipo A)<\/li>\n\n\n\n<li>Gases e vapores inorg\u00e2nicos (tipo B)<\/li>\n\n\n\n<li>Di\u00f3xido de enxofre e GA (tipo E)<\/li>\n\n\n\n<li>Am\u00f4nia e derivados org\u00e2nicos de am\u00f4nia (tipo K)<\/li>\n<\/ul>\n\n\n\n<p>Protege contra concentra\u00e7\u00f5es de at\u00e9 5.000 ppm, com efici\u00eancia comprovada para Cloro, Cianeto de hidrog\u00eanio, Am\u00f4nia, Di\u00f3xido de enxofre e Sulfeto de hidrog\u00eanio, entre outros.<\/p>\n<\/div>\n\n\n\n<div class=\"wp-block-uagb-container uagb-block-c051bcb2\">\n<div class=\"wp-block-uagb-image uagb-block-c395dbad wp-block-uagb-image--layout-default wp-block-uagb-image--effect-static wp-block-uagb-image--align-none\"><figure class=\"wp-block-uagb-image__figure\"><img decoding=\"async\"  sizes=\"auto, (max-width: 480px) 150px\" src=\"https:\/\/www.gvs.com.br\/safety\/wp-content\/uploads\/2025\/06\/cartucho-quimico-abek-spr-489.jpg\" alt=\"\" width=\"900\" height=\"900\" title=\"cartucho-quimico-abek-spr-489\" loading=\"lazy\" role=\"img\"\/><\/figure><\/div>\n<\/div>\n<\/div><\/div>\n\n\n\n<h2 class=\"wp-block-heading\">\u00c1reas de Aplica\u00e7\u00e3o<\/h2>\n\n\n\n<p>O Respirador Semifacial Elipse\u00ae ABEK1 \u00e9 ideal para:<\/p>\n\n\n\n<ul class=\"wp-block-list\">\n<li>Ind\u00fastrias qu\u00edmicas e petroqu\u00edmicas.<\/li>\n\n\n\n<li>Laborat\u00f3rios e ambientes controlados.<\/li>\n\n\n\n<li>Atividades com manuseio de solventes, desengraxantes e \u00e1cidos.<\/li>\n\n\n\n<li>Processos de limpeza industrial com produtos qu\u00edmicos.<\/li>\n\n\n\n<li>Tratamento de \u00e1gua e esgoto.<\/li>\n\n\n\n<li>Agricultura e fumiga\u00e7\u00e3o.<\/li>\n<\/ul>\n\n\n\n<h2 class=\"wp-block-heading\">Por que escolher o Respirador Semifacial Elipse\u00ae ABEK1 da GVS?<\/h2>\n\n\n\n<p><strong>Efici\u00eancia testada e comprovada:<\/strong> Todos os filtros passam por testes rigorosos de desempenho e possuem rastreabilidade total, garantindo seguran\u00e7a m\u00e1xima ao usu\u00e1rio.<br><strong>Qualidade europeia com certifica\u00e7\u00e3o internacional:<\/strong> Produzido no Reino Unido, o Elipse\u00ae ABEK1 possui certifica\u00e7\u00f5es EN140:1998 e EN14387:2004 + A1:2008 ABEK1 R, al\u00e9m do selo CE 2797.<br><strong>Compromisso com a sa\u00fade do trabalhador:<\/strong> Desenvolvido com materiais hipoalerg\u00eanicos, inodoros e aprovados pelo FDA, o respirador \u00e9 seguro mesmo para usu\u00e1rios com pele sens\u00edvel.<\/p>\n\n\n\n<p>Para quem busca uma solu\u00e7\u00e3o completa de prote\u00e7\u00e3o respirat\u00f3ria qu\u00edmica com tecnologia de ponta, conforto ergon\u00f4mico e alto desempenho, o Respirador Semifacial Elipse\u00ae ABEK1 da GVS \u00e9 a escolha ideal. Equipamento robusto, certificado e desenvolvido para enfrentar os desafios mais exigentes do ambiente industrial com seguran\u00e7a e efici\u00eancia.<\/p>\n\n\n\n<div class=\"wp-block-uagb-advanced-heading uagb-block-37689345\"><h2 class=\"uagb-heading-text\"><strong>Acreditamos em proteger voc\u00ea para os melhores momentos da vida!<\/strong><\/h2><\/div>\n\n\n\n<p>Criamos solu\u00e7\u00f5es de prote\u00e7\u00e3o respirat\u00f3ria que tornam voc\u00ea e sua equipe mais seguros, para que todos possam voltar para casa no final de cada dia, seguros, saud\u00e1veis e capazes de fazer aquilo que mais importa.<\/p>\n\n\n\n<div class=\"wp-block-uagb-separator uagb-block-b8b79ce8\"><div class=\"uagb-separator-spacing-wrapper\"><div class=\"wp-block-uagb-separator__inner\" style=\"--my-background-image:\"><\/div><\/div><\/div>\n\n\n\n<div class=\"wp-block-uagb-call-to-action uagb-block-e6f6b3df wp-block-button\"><div class=\"uagb-cta__wrap\"><h3 class=\"uagb-cta__title\">Fale com a gente!<\/h3><p class=\"uagb-cta__desc\">Entre em contato com o nosso time hoje mesmo, esclare\u00e7a as suas d\u00favidas e&nbsp;<strong>solicite a sua cota\u00e7\u00e3o!<\/strong><\/p><\/div><div class=\"uagb-cta__buttons\"><a href=\"https:\/\/wa.me\/551938797222\" class=\"uagb-cta__button-link-wrapper wp-block-button__link\" target=\"_self\" rel=\"noopener noreferrer\"><svg xmlns=\"https:\/\/www.w3.org\/2000\/svg\" viewBox=\"0 0 448 512\"><path d=\"M380.9 97.1C339 55.1 283.2 32 223.9 32c-122.4 0-222 99.6-222 222 0 39.1 10.2 77.3 29.6 111L0 480l117.7-30.9c32.4 17.7 68.9 27 106.1 27h.1c122.3 0 224.1-99.6 224.1-222 0-59.3-25.2-115-67.1-157zm-157 341.6c-33.2 0-65.7-8.9-94-25.7l-6.7-4-69.8 18.3L72 359.2l-4.4-7c-18.5-29.4-28.2-63.3-28.2-98.2 0-101.7 82.8-184.5 184.6-184.5 49.3 0 95.6 19.2 130.4 54.1 34.8 34.9 56.2 81.2 56.1 130.5 0 101.8-84.9 184.6-186.6 184.6zm101.2-138.2c-5.5-2.8-32.8-16.2-37.9-18-5.1-1.9-8.8-2.8-12.5 2.8-3.7 5.6-14.3 18-17.6 21.8-3.2 3.7-6.5 4.2-12 1.4-32.6-16.3-54-29.1-75.5-66-5.7-9.8 5.7-9.1 16.3-30.3 1.8-3.7 .9-6.9-.5-9.7-1.4-2.8-12.5-30.1-17.1-41.2-4.5-10.8-9.1-9.3-12.5-9.5-3.2-.2-6.9-.2-10.6-.2-3.7 0-9.7 1.4-14.8 6.9-5.1 5.6-19.4 19-19.4 46.3 0 27.3 19.9 53.7 22.6 57.4 2.8 3.7 39.1 59.7 94.8 83.8 35.2 15.2 49 16.5 66.6 13.9 10.7-1.6 32.8-13.4 37.4-26.4 4.6-13 4.6-24.1 3.2-26.4-1.3-2.5-5-3.9-10.5-6.6z\"><\/path><\/svg>WhatsApp<\/a><\/div><\/div>\n\n\n\n<div class=\"wp-block-uagb-separator uagb-block-96e52944\"><div class=\"uagb-separator-spacing-wrapper\"><div class=\"wp-block-uagb-separator__inner\" style=\"--my-background-image:\"><\/div><\/div><\/div>\n\n\n\n<div class=\"wp-block-uagb-call-to-action uagb-block-bf9c28ce wp-block-button\"><div class=\"uagb-cta__wrap\"><h3 class=\"uagb-cta__title\">Fique por dentro das novidades!<\/h3><p class=\"uagb-cta__desc\">Acompanhe nossa jornada de inova\u00e7\u00e3o e saiba mais sobre nossos produtos, acesse <strong>Safety da GVS.<\/strong><\/p><\/div><div class=\"uagb-cta__buttons\"><a href=\"https:\/\/www.gvs.com.br\/safety\" class=\"uagb-cta__button-link-wrapper wp-block-button__link\" target=\"_self\" rel=\"noopener noreferrer\">Acesse o site<\/a><\/div><\/div>\n\n\n\n<p><\/p>\n","protected":false},"excerpt":{"rendered":"<p>Respirador Semifacial Elipse\u00ae ABEK1 da GVS: Prote\u00e7\u00e3o qu\u00edmica avan\u00e7ada contra multigases Ambientes industriais exigem solu\u00e7\u00f5es de prote\u00e7\u00e3o respirat\u00f3ria confi\u00e1veis, eficientes [&hellip;]<\/p>\n","protected":false},"author":2,"featured_media":2447,"comment_status":"open","ping_status":"open","sticky":false,"template":"","format":"standard","meta":{"_uag_custom_page_level_css":"","site-sidebar-layout":"default","site-content-layout":"","ast-site-content-layout":"","site-content-style":"default","site-sidebar-style":"default","ast-global-header-display":"","ast-banner-title-visibility":"","ast-main-header-display":"","ast-hfb-above-header-display":"","ast-hfb-below-header-display":"","ast-hfb-mobile-header-display":"","site-post-title":"disabled","ast-breadcrumbs-content":"","ast-featured-img":"","footer-sml-layout":"","ast-disable-related-posts":"","theme-transparent-header-meta":"","adv-header-id-meta":"","stick-header-meta":"","header-above-stick-meta":"","header-main-stick-meta":"","header-below-stick-meta":"","astra-migrate-meta-layouts":"default","ast-page-background-enabled":"default","ast-page-background-meta":{"desktop":{"background-color":"var(--ast-global-color-4)","background-image":"","background-repeat":"repeat","background-position":"center center","background-size":"auto","background-attachment":"scroll","background-type":"","background-media":"","overlay-type":"","overlay-color":"","overlay-opacity":"","overlay-gradient":""},"tablet":{"background-color":"","background-image":"","background-repeat":"repeat","background-position":"center center","background-size":"auto","background-attachment":"scroll","background-type":"","background-media":"","overlay-type":"","overlay-color":"","overlay-opacity":"","overlay-gradient":""},"mobile":{"background-color":"","background-image":"","background-repeat":"repeat","background-position":"center center","background-size":"auto","background-attachment":"scroll","background-type":"","background-media":"","overlay-type":"","overlay-color":"","overlay-opacity":"","overlay-gradient":""}},"ast-content-background-meta":{"desktop":{"background-color":"var(--ast-global-color-5)","background-image":"","background-repeat":"repeat","background-position":"center center","background-size":"auto","background-attachment":"scroll","background-type":"","background-media":"","overlay-type":"","overlay-color":"","overlay-opacity":"","overlay-gradient":""},"tablet":{"background-color":"var(--ast-global-color-5)","background-image":"","background-repeat":"repeat","background-position":"center center","background-size":"auto","background-attachment":"scroll","background-type":"","background-media":"","overlay-type":"","overlay-color":"","overlay-opacity":"","overlay-gradient":""},"mobile":{"background-color":"var(--ast-global-color-5)","background-image":"","background-repeat":"repeat","background-position":"center center","background-size":"auto","background-attachment":"scroll","background-type":"","background-media":"","overlay-type":"","overlay-color":"","overlay-opacity":"","overlay-gradient":""}},"footnotes":""},"categories":[11,5],"tags":[34,17,15,16],"class_list":["post-2451","post","type-post","status-publish","format-standard","has-post-thumbnail","hentry","category-ajuste-apertado","category-safety","tag-elipse","tag-produtos-gvs","tag-protecao-respiratoria","tag-safety"],"yoast_head":"<!-- This site is optimized with the Yoast SEO plugin v27.2 - https:\/\/yoast.com\/product\/yoast-seo-wordpress\/ -->\n<title>Respirador Semifacial Elipse\u00ae ABEK1 da GVS<\/title>\n<meta name=\"description\" content=\"Uma solu\u00e7\u00e3o compacta, leve e extremamente eficaz para garantir a prote\u00e7\u00e3o das vias respirat\u00f3rias contra uma ampla gama de contaminantes.\" \/>\n<meta name=\"robots\" content=\"index, follow, max-snippet:-1, max-image-preview:large, max-video-preview:-1\" \/>\n<link rel=\"canonical\" href=\"https:\/\/www.gvs.com.br\/safety\/2025\/07\/23\/respirador-semifacial-elipse-abek1\/\" \/>\n<meta property=\"og:locale\" content=\"pt_BR\" \/>\n<meta property=\"og:type\" content=\"article\" \/>\n<meta property=\"og:title\" content=\"Respirador Semifacial Elipse\u00ae ABEK1 da GVS\" \/>\n<meta property=\"og:description\" content=\"Uma solu\u00e7\u00e3o compacta, leve e extremamente eficaz para garantir a prote\u00e7\u00e3o das vias respirat\u00f3rias contra uma ampla gama de contaminantes.\" \/>\n<meta property=\"og:url\" content=\"https:\/\/www.gvs.com.br\/safety\/2025\/07\/23\/respirador-semifacial-elipse-abek1\/\" \/>\n<meta property=\"og:site_name\" content=\"Safety\" \/>\n<meta property=\"article:published_time\" content=\"2025-07-23T21:00:00+00:00\" \/>\n<meta property=\"article:modified_time\" content=\"2025-09-09T19:42:54+00:00\" \/>\n<meta property=\"og:image\" content=\"https:\/\/www.gvs.com.br\/safety\/wp-content\/uploads\/2025\/06\/Banner-Blog-Respirador-Abek1.jpg\" \/>\n\t<meta property=\"og:image:width\" content=\"1920\" \/>\n\t<meta property=\"og:image:height\" content=\"1080\" \/>\n\t<meta property=\"og:image:type\" content=\"image\/jpeg\" \/>\n<meta name=\"author\" content=\"admin-gvs\" \/>\n<meta name=\"twitter:card\" content=\"summary_large_image\" \/>\n<meta name=\"twitter:label1\" content=\"Escrito por\" \/>\n\t<meta name=\"twitter:data1\" content=\"admin-gvs\" \/>\n\t<meta name=\"twitter:label2\" content=\"Est. tempo de leitura\" \/>\n\t<meta name=\"twitter:data2\" content=\"5 minutos\" \/>\n<script type=\"application\/ld+json\" class=\"yoast-schema-graph\">{\"@context\":\"https:\/\/schema.org\",\"@graph\":[{\"@type\":\"Article\",\"@id\":\"https:\/\/www.gvs.com.br\/safety\/2025\/07\/23\/respirador-semifacial-elipse-abek1\/#article\",\"isPartOf\":{\"@id\":\"https:\/\/www.gvs.com.br\/safety\/2025\/07\/23\/respirador-semifacial-elipse-abek1\/\"},\"author\":{\"name\":\"admin-gvs\",\"@id\":\"https:\/\/www.gvs.com.br\/safety\/#\/schema\/person\/08f0e38941dafa538ee5706ec48fe5a1\"},\"headline\":\"Respirador Semifacial Elipse\u00ae ABEK1 da GVS: Prote\u00e7\u00e3o qu\u00edmica avan\u00e7ada contra multigases\",\"datePublished\":\"2025-07-23T21:00:00+00:00\",\"dateModified\":\"2025-09-09T19:42:54+00:00\",\"mainEntityOfPage\":{\"@id\":\"https:\/\/www.gvs.com.br\/safety\/2025\/07\/23\/respirador-semifacial-elipse-abek1\/\"},\"wordCount\":733,\"commentCount\":0,\"publisher\":{\"@id\":\"https:\/\/www.gvs.com.br\/safety\/#organization\"},\"image\":{\"@id\":\"https:\/\/www.gvs.com.br\/safety\/2025\/07\/23\/respirador-semifacial-elipse-abek1\/#primaryimage\"},\"thumbnailUrl\":\"https:\/\/www.gvs.com.br\/safety\/wp-content\/uploads\/2025\/06\/Banner-Blog-Respirador-Abek1.jpg\",\"keywords\":[\"Elipse\",\"Produtos GVS\",\"Prote\u00e7\u00e3o Respirat\u00f3ria\",\"Safety\"],\"articleSection\":[\"Ajuste Apertado\",\"Safety\"],\"inLanguage\":\"pt-BR\",\"potentialAction\":[{\"@type\":\"CommentAction\",\"name\":\"Comment\",\"target\":[\"https:\/\/www.gvs.com.br\/safety\/2025\/07\/23\/respirador-semifacial-elipse-abek1\/#respond\"]}]},{\"@type\":\"WebPage\",\"@id\":\"https:\/\/www.gvs.com.br\/safety\/2025\/07\/23\/respirador-semifacial-elipse-abek1\/\",\"url\":\"https:\/\/www.gvs.com.br\/safety\/2025\/07\/23\/respirador-semifacial-elipse-abek1\/\",\"name\":\"Respirador Semifacial Elipse\u00ae ABEK1 da GVS\",\"isPartOf\":{\"@id\":\"https:\/\/www.gvs.com.br\/safety\/#website\"},\"primaryImageOfPage\":{\"@id\":\"https:\/\/www.gvs.com.br\/safety\/2025\/07\/23\/respirador-semifacial-elipse-abek1\/#primaryimage\"},\"image\":{\"@id\":\"https:\/\/www.gvs.com.br\/safety\/2025\/07\/23\/respirador-semifacial-elipse-abek1\/#primaryimage\"},\"thumbnailUrl\":\"https:\/\/www.gvs.com.br\/safety\/wp-content\/uploads\/2025\/06\/Banner-Blog-Respirador-Abek1.jpg\",\"datePublished\":\"2025-07-23T21:00:00+00:00\",\"dateModified\":\"2025-09-09T19:42:54+00:00\",\"description\":\"Uma solu\u00e7\u00e3o compacta, leve e extremamente eficaz para garantir a prote\u00e7\u00e3o das vias respirat\u00f3rias contra uma ampla gama de contaminantes.\",\"breadcrumb\":{\"@id\":\"https:\/\/www.gvs.com.br\/safety\/2025\/07\/23\/respirador-semifacial-elipse-abek1\/#breadcrumb\"},\"inLanguage\":\"pt-BR\",\"potentialAction\":[{\"@type\":\"ReadAction\",\"target\":[\"https:\/\/www.gvs.com.br\/safety\/2025\/07\/23\/respirador-semifacial-elipse-abek1\/\"]}]},{\"@type\":\"ImageObject\",\"inLanguage\":\"pt-BR\",\"@id\":\"https:\/\/www.gvs.com.br\/safety\/2025\/07\/23\/respirador-semifacial-elipse-abek1\/#primaryimage\",\"url\":\"https:\/\/www.gvs.com.br\/safety\/wp-content\/uploads\/2025\/06\/Banner-Blog-Respirador-Abek1.jpg\",\"contentUrl\":\"https:\/\/www.gvs.com.br\/safety\/wp-content\/uploads\/2025\/06\/Banner-Blog-Respirador-Abek1.jpg\",\"width\":1920,\"height\":1080},{\"@type\":\"BreadcrumbList\",\"@id\":\"https:\/\/www.gvs.com.br\/safety\/2025\/07\/23\/respirador-semifacial-elipse-abek1\/#breadcrumb\",\"itemListElement\":[{\"@type\":\"ListItem\",\"position\":1,\"name\":\"In\u00edcio\",\"item\":\"https:\/\/www.gvs.com.br\/safety\/\"},{\"@type\":\"ListItem\",\"position\":2,\"name\":\"Respirador Semifacial Elipse\u00ae ABEK1 da GVS: Prote\u00e7\u00e3o qu\u00edmica avan\u00e7ada contra multigases\"}]},{\"@type\":\"WebSite\",\"@id\":\"https:\/\/www.gvs.com.br\/safety\/#website\",\"url\":\"https:\/\/www.gvs.com.br\/safety\/\",\"name\":\"Safety\",\"description\":\"\",\"publisher\":{\"@id\":\"https:\/\/www.gvs.com.br\/safety\/#organization\"},\"potentialAction\":[{\"@type\":\"SearchAction\",\"target\":{\"@type\":\"EntryPoint\",\"urlTemplate\":\"https:\/\/www.gvs.com.br\/safety\/?s={search_term_string}\"},\"query-input\":{\"@type\":\"PropertyValueSpecification\",\"valueRequired\":true,\"valueName\":\"search_term_string\"}}],\"inLanguage\":\"pt-BR\"},{\"@type\":\"Organization\",\"@id\":\"https:\/\/www.gvs.com.br\/safety\/#organization\",\"name\":\"Safety\",\"url\":\"https:\/\/www.gvs.com.br\/safety\/\",\"logo\":{\"@type\":\"ImageObject\",\"inLanguage\":\"pt-BR\",\"@id\":\"https:\/\/www.gvs.com.br\/safety\/#\/schema\/logo\/image\/\",\"url\":\"https:\/\/www.gvs.com.br\/safety\/wp-content\/uploads\/2024\/12\/Logo-GVS-Safety.png\",\"contentUrl\":\"https:\/\/www.gvs.com.br\/safety\/wp-content\/uploads\/2024\/12\/Logo-GVS-Safety.png\",\"width\":1920,\"height\":1080,\"caption\":\"Safety\"},\"image\":{\"@id\":\"https:\/\/www.gvs.com.br\/safety\/#\/schema\/logo\/image\/\"}},{\"@type\":\"Person\",\"@id\":\"https:\/\/www.gvs.com.br\/safety\/#\/schema\/person\/08f0e38941dafa538ee5706ec48fe5a1\",\"name\":\"admin-gvs\",\"image\":{\"@type\":\"ImageObject\",\"inLanguage\":\"pt-BR\",\"@id\":\"https:\/\/secure.gravatar.com\/avatar\/753807cf2c24e7c5051446eb4fc6c55657714e911f26a29329d9dc501ae35121?s=96&d=mm&r=g\",\"url\":\"https:\/\/secure.gravatar.com\/avatar\/753807cf2c24e7c5051446eb4fc6c55657714e911f26a29329d9dc501ae35121?s=96&d=mm&r=g\",\"contentUrl\":\"https:\/\/secure.gravatar.com\/avatar\/753807cf2c24e7c5051446eb4fc6c55657714e911f26a29329d9dc501ae35121?s=96&d=mm&r=g\",\"caption\":\"admin-gvs\"},\"url\":\"https:\/\/www.gvs.com.br\/safety\/author\/admin-gvs\/\"}]}<\/script>\n<!-- \/ Yoast SEO plugin. -->","yoast_head_json":{"title":"Respirador Semifacial Elipse\u00ae ABEK1 da GVS","description":"Uma solu\u00e7\u00e3o compacta, leve e extremamente eficaz para garantir a prote\u00e7\u00e3o das vias respirat\u00f3rias contra uma ampla gama de contaminantes.","robots":{"index":"index","follow":"follow","max-snippet":"max-snippet:-1","max-image-preview":"max-image-preview:large","max-video-preview":"max-video-preview:-1"},"canonical":"https:\/\/www.gvs.com.br\/safety\/2025\/07\/23\/respirador-semifacial-elipse-abek1\/","og_locale":"pt_BR","og_type":"article","og_title":"Respirador Semifacial Elipse\u00ae ABEK1 da GVS","og_description":"Uma solu\u00e7\u00e3o compacta, leve e extremamente eficaz para garantir a prote\u00e7\u00e3o das vias respirat\u00f3rias contra uma ampla gama de contaminantes.","og_url":"https:\/\/www.gvs.com.br\/safety\/2025\/07\/23\/respirador-semifacial-elipse-abek1\/","og_site_name":"Safety","article_published_time":"2025-07-23T21:00:00+00:00","article_modified_time":"2025-09-09T19:42:54+00:00","og_image":[{"width":1920,"height":1080,"url":"https:\/\/www.gvs.com.br\/safety\/wp-content\/uploads\/2025\/06\/Banner-Blog-Respirador-Abek1.jpg","type":"image\/jpeg"}],"author":"admin-gvs","twitter_card":"summary_large_image","twitter_misc":{"Escrito por":"admin-gvs","Est. tempo de leitura":"5 minutos"},"schema":{"@context":"https:\/\/schema.org","@graph":[{"@type":"Article","@id":"https:\/\/www.gvs.com.br\/safety\/2025\/07\/23\/respirador-semifacial-elipse-abek1\/#article","isPartOf":{"@id":"https:\/\/www.gvs.com.br\/safety\/2025\/07\/23\/respirador-semifacial-elipse-abek1\/"},"author":{"name":"admin-gvs","@id":"https:\/\/www.gvs.com.br\/safety\/#\/schema\/person\/08f0e38941dafa538ee5706ec48fe5a1"},"headline":"Respirador Semifacial Elipse\u00ae ABEK1 da GVS: Prote\u00e7\u00e3o qu\u00edmica avan\u00e7ada contra multigases","datePublished":"2025-07-23T21:00:00+00:00","dateModified":"2025-09-09T19:42:54+00:00","mainEntityOfPage":{"@id":"https:\/\/www.gvs.com.br\/safety\/2025\/07\/23\/respirador-semifacial-elipse-abek1\/"},"wordCount":733,"commentCount":0,"publisher":{"@id":"https:\/\/www.gvs.com.br\/safety\/#organization"},"image":{"@id":"https:\/\/www.gvs.com.br\/safety\/2025\/07\/23\/respirador-semifacial-elipse-abek1\/#primaryimage"},"thumbnailUrl":"https:\/\/www.gvs.com.br\/safety\/wp-content\/uploads\/2025\/06\/Banner-Blog-Respirador-Abek1.jpg","keywords":["Elipse","Produtos GVS","Prote\u00e7\u00e3o Respirat\u00f3ria","Safety"],"articleSection":["Ajuste Apertado","Safety"],"inLanguage":"pt-BR","potentialAction":[{"@type":"CommentAction","name":"Comment","target":["https:\/\/www.gvs.com.br\/safety\/2025\/07\/23\/respirador-semifacial-elipse-abek1\/#respond"]}]},{"@type":"WebPage","@id":"https:\/\/www.gvs.com.br\/safety\/2025\/07\/23\/respirador-semifacial-elipse-abek1\/","url":"https:\/\/www.gvs.com.br\/safety\/2025\/07\/23\/respirador-semifacial-elipse-abek1\/","name":"Respirador Semifacial Elipse\u00ae ABEK1 da GVS","isPartOf":{"@id":"https:\/\/www.gvs.com.br\/safety\/#website"},"primaryImageOfPage":{"@id":"https:\/\/www.gvs.com.br\/safety\/2025\/07\/23\/respirador-semifacial-elipse-abek1\/#primaryimage"},"image":{"@id":"https:\/\/www.gvs.com.br\/safety\/2025\/07\/23\/respirador-semifacial-elipse-abek1\/#primaryimage"},"thumbnailUrl":"https:\/\/www.gvs.com.br\/safety\/wp-content\/uploads\/2025\/06\/Banner-Blog-Respirador-Abek1.jpg","datePublished":"2025-07-23T21:00:00+00:00","dateModified":"2025-09-09T19:42:54+00:00","description":"Uma solu\u00e7\u00e3o compacta, leve e extremamente eficaz para garantir a prote\u00e7\u00e3o das vias respirat\u00f3rias contra uma ampla gama de contaminantes.","breadcrumb":{"@id":"https:\/\/www.gvs.com.br\/safety\/2025\/07\/23\/respirador-semifacial-elipse-abek1\/#breadcrumb"},"inLanguage":"pt-BR","potentialAction":[{"@type":"ReadAction","target":["https:\/\/www.gvs.com.br\/safety\/2025\/07\/23\/respirador-semifacial-elipse-abek1\/"]}]},{"@type":"ImageObject","inLanguage":"pt-BR","@id":"https:\/\/www.gvs.com.br\/safety\/2025\/07\/23\/respirador-semifacial-elipse-abek1\/#primaryimage","url":"https:\/\/www.gvs.com.br\/safety\/wp-content\/uploads\/2025\/06\/Banner-Blog-Respirador-Abek1.jpg","contentUrl":"https:\/\/www.gvs.com.br\/safety\/wp-content\/uploads\/2025\/06\/Banner-Blog-Respirador-Abek1.jpg","width":1920,"height":1080},{"@type":"BreadcrumbList","@id":"https:\/\/www.gvs.com.br\/safety\/2025\/07\/23\/respirador-semifacial-elipse-abek1\/#breadcrumb","itemListElement":[{"@type":"ListItem","position":1,"name":"In\u00edcio","item":"https:\/\/www.gvs.com.br\/safety\/"},{"@type":"ListItem","position":2,"name":"Respirador Semifacial Elipse\u00ae ABEK1 da GVS: Prote\u00e7\u00e3o qu\u00edmica avan\u00e7ada contra multigases"}]},{"@type":"WebSite","@id":"https:\/\/www.gvs.com.br\/safety\/#website","url":"https:\/\/www.gvs.com.br\/safety\/","name":"Safety","description":"","publisher":{"@id":"https:\/\/www.gvs.com.br\/safety\/#organization"},"potentialAction":[{"@type":"SearchAction","target":{"@type":"EntryPoint","urlTemplate":"https:\/\/www.gvs.com.br\/safety\/?s={search_term_string}"},"query-input":{"@type":"PropertyValueSpecification","valueRequired":true,"valueName":"search_term_string"}}],"inLanguage":"pt-BR"},{"@type":"Organization","@id":"https:\/\/www.gvs.com.br\/safety\/#organization","name":"Safety","url":"https:\/\/www.gvs.com.br\/safety\/","logo":{"@type":"ImageObject","inLanguage":"pt-BR","@id":"https:\/\/www.gvs.com.br\/safety\/#\/schema\/logo\/image\/","url":"https:\/\/www.gvs.com.br\/safety\/wp-content\/uploads\/2024\/12\/Logo-GVS-Safety.png","contentUrl":"https:\/\/www.gvs.com.br\/safety\/wp-content\/uploads\/2024\/12\/Logo-GVS-Safety.png","width":1920,"height":1080,"caption":"Safety"},"image":{"@id":"https:\/\/www.gvs.com.br\/safety\/#\/schema\/logo\/image\/"}},{"@type":"Person","@id":"https:\/\/www.gvs.com.br\/safety\/#\/schema\/person\/08f0e38941dafa538ee5706ec48fe5a1","name":"admin-gvs","image":{"@type":"ImageObject","inLanguage":"pt-BR","@id":"https:\/\/secure.gravatar.com\/avatar\/753807cf2c24e7c5051446eb4fc6c55657714e911f26a29329d9dc501ae35121?s=96&d=mm&r=g","url":"https:\/\/secure.gravatar.com\/avatar\/753807cf2c24e7c5051446eb4fc6c55657714e911f26a29329d9dc501ae35121?s=96&d=mm&r=g","contentUrl":"https:\/\/secure.gravatar.com\/avatar\/753807cf2c24e7c5051446eb4fc6c55657714e911f26a29329d9dc501ae35121?s=96&d=mm&r=g","caption":"admin-gvs"},"url":"https:\/\/www.gvs.com.br\/safety\/author\/admin-gvs\/"}]}},"uagb_featured_image_src":{"full":["https:\/\/www.gvs.com.br\/safety\/wp-content\/uploads\/2025\/06\/Banner-Blog-Respirador-Abek1.jpg",1920,1080,false],"thumbnail":["https:\/\/www.gvs.com.br\/safety\/wp-content\/uploads\/2025\/06\/Banner-Blog-Respirador-Abek1-150x150.jpg",150,150,true],"medium":["https:\/\/www.gvs.com.br\/safety\/wp-content\/uploads\/2025\/06\/Banner-Blog-Respirador-Abek1-300x169.jpg",300,169,true],"medium_large":["https:\/\/www.gvs.com.br\/safety\/wp-content\/uploads\/2025\/06\/Banner-Blog-Respirador-Abek1-768x432.jpg",768,432,true],"large":["https:\/\/www.gvs.com.br\/safety\/wp-content\/uploads\/2025\/06\/Banner-Blog-Respirador-Abek1-1024x576.jpg",1024,576,true],"1536x1536":["https:\/\/www.gvs.com.br\/safety\/wp-content\/uploads\/2025\/06\/Banner-Blog-Respirador-Abek1-1536x864.jpg",1536,864,true],"2048x2048":["https:\/\/www.gvs.com.br\/safety\/wp-content\/uploads\/2025\/06\/Banner-Blog-Respirador-Abek1.jpg",1920,1080,false]},"uagb_author_info":{"display_name":"admin-gvs","author_link":"https:\/\/www.gvs.com.br\/safety\/author\/admin-gvs\/"},"uagb_comment_info":0,"uagb_excerpt":"Respirador Semifacial Elipse\u00ae ABEK1 da GVS: Prote\u00e7\u00e3o qu\u00edmica avan\u00e7ada contra multigases Ambientes industriais exigem solu\u00e7\u00f5es de prote\u00e7\u00e3o respirat\u00f3ria confi\u00e1veis, eficientes [&hellip;]","_links":{"self":[{"href":"https:\/\/www.gvs.com.br\/safety\/wp-json\/wp\/v2\/posts\/2451","targetHints":{"allow":["GET"]}}],"collection":[{"href":"https:\/\/www.gvs.com.br\/safety\/wp-json\/wp\/v2\/posts"}],"about":[{"href":"https:\/\/www.gvs.com.br\/safety\/wp-json\/wp\/v2\/types\/post"}],"author":[{"embeddable":true,"href":"https:\/\/www.gvs.com.br\/safety\/wp-json\/wp\/v2\/users\/2"}],"replies":[{"embeddable":true,"href":"https:\/\/www.gvs.com.br\/safety\/wp-json\/wp\/v2\/comments?post=2451"}],"version-history":[{"count":3,"href":"https:\/\/www.gvs.com.br\/safety\/wp-json\/wp\/v2\/posts\/2451\/revisions"}],"predecessor-version":[{"id":2859,"href":"https:\/\/www.gvs.com.br\/safety\/wp-json\/wp\/v2\/posts\/2451\/revisions\/2859"}],"wp:featuredmedia":[{"embeddable":true,"href":"https:\/\/www.gvs.com.br\/safety\/wp-json\/wp\/v2\/media\/2447"}],"wp:attachment":[{"href":"https:\/\/www.gvs.com.br\/safety\/wp-json\/wp\/v2\/media?parent=2451"}],"wp:term":[{"taxonomy":"category","embeddable":true,"href":"https:\/\/www.gvs.com.br\/safety\/wp-json\/wp\/v2\/categories?post=2451"},{"taxonomy":"post_tag","embeddable":true,"href":"https:\/\/www.gvs.com.br\/safety\/wp-json\/wp\/v2\/tags?post=2451"}],"curies":[{"name":"wp","href":"https:\/\/api.w.org\/{rel}","templated":true}]}}