{"id":2444,"date":"2025-07-09T09:00:00","date_gmt":"2025-07-09T09:00:00","guid":{"rendered":"https:\/\/gvs.com.br\/safety\/?p=2444"},"modified":"2025-09-09T19:40:35","modified_gmt":"2025-09-09T19:40:35","slug":"respirador-semifacial-elipse-abek1p3","status":"publish","type":"post","link":"https:\/\/www.gvs.com.br\/safety\/2025\/07\/09\/respirador-semifacial-elipse-abek1p3\/","title":{"rendered":"Respirador Semifacial Elipse\u00ae ABEK1P3 da GVS: Prote\u00e7\u00e3o respirat\u00f3ria completa de alto desempenho para ambientes qu\u00edmicos e industriais exigentes"},"content":{"rendered":"\n<div class=\"wp-block-uagb-container uagb-block-2d8af228 alignfull uagb-is-root-container\"><div class=\"uagb-container-inner-blocks-wrap\">\n<div class=\"wp-block-uagb-advanced-heading uagb-block-5d657ea9\"><h2 class=\"uagb-heading-text\"><strong><strong>Respirador Semifacial Elipse\u00ae ABEK1P3 da GVS: <\/strong><\/strong><br><strong><strong>Prote\u00e7\u00e3o respirat\u00f3ria completa de alto desempenho <\/strong><\/strong><br><strong><strong>para ambientes qu\u00edmicos e industriais exigentes<\/strong><\/strong><\/h2><\/div>\n<\/div><\/div>\n\n\n\n<p><\/p>\n\n\n\n<p class=\"has-text-align-justify has-text-align-justify\">A exposi\u00e7\u00e3o a gases t\u00f3xicos, vapores e part\u00edculas finas pode comprometer a sa\u00fade e a produtividade de profissionais em diversas \u00e1reas industriais. Pensando nisso, a divis\u00e3o Safety da GVS desenvolveu o Respirador Semifacial Elipse\u00ae ABEK1P3, uma solu\u00e7\u00e3o compacta, leve e extremamente eficaz para garantir a prote\u00e7\u00e3o das vias respirat\u00f3rias contra uma ampla gama de contaminantes. Com design ergon\u00f4mico e alta tecnologia em filtra\u00e7\u00e3o, este respirador oferece performance, conforto e seguran\u00e7a incompar\u00e1veis.<\/p>\n\n\n\n<div class=\"wp-block-uagb-container uagb-block-6a5288a5 alignfull uagb-is-root-container\"><div class=\"uagb-container-inner-blocks-wrap\">\n<div class=\"wp-block-uagb-container uagb-block-0ac0aeba\">\n<div class=\"wp-block-uagb-image uagb-block-da8f7bf4 wp-block-uagb-image--layout-default wp-block-uagb-image--effect-static wp-block-uagb-image--align-none\"><figure class=\"wp-block-uagb-image__figure\"><img decoding=\"async\"  sizes=\"auto, (max-width: 480px) 150px\" src=\"https:\/\/www.gvs.com.br\/safety\/wp-content\/uploads\/2025\/06\/ABEK1P3-03-1024x853.jpg\" alt=\"\" width=\"1024\" height=\"853\" title=\"ABEK1P3-03\" loading=\"lazy\" role=\"img\"\/><\/figure><\/div>\n<\/div>\n\n\n\n<div class=\"wp-block-uagb-container uagb-block-5ef92ef7\">\n<div class=\"wp-block-uagb-image uagb-block-959a9de9 wp-block-uagb-image--layout-default wp-block-uagb-image--effect-static wp-block-uagb-image--align-none\"><figure class=\"wp-block-uagb-image__figure\"><img decoding=\"async\"  sizes=\"auto, (max-width: 480px) 150px\" src=\"https:\/\/www.gvs.com.br\/safety\/wp-content\/uploads\/2025\/05\/SPR490-SPR491-ABEK1P3-Mask.png\" alt=\"\" width=\"900\" height=\"694\" title=\"SPR490 SPR491 ABEK1P3 Mask\" loading=\"lazy\" role=\"img\"\/><\/figure><\/div>\n<\/div>\n<\/div><\/div>\n\n\n\n<p><\/p>\n\n\n\n<h2 class=\"wp-block-heading\">Respirador Semifacial Elipse\u00ae ABEK1P3 da GVS<\/h2>\n\n\n\n<p>O Respirador Semifacial Elipse\u00ae ABEK1P3 \u00e9 um equipamento de prote\u00e7\u00e3o respirat\u00f3ria com filtros combinados de carv\u00e3o ativado e filtros mec\u00e2nicos multicamada HESPA\u00ae, projetado para proteger o usu\u00e1rio contra multigases, poeiras, n\u00e9voas e fumos. O modelo ABEK1P3 combina prote\u00e7\u00e3o qu\u00edmica e contra part\u00edculas em um \u00fanico dispositivo pr\u00e1tico e reutiliz\u00e1vel.<\/p>\n\n\n\n<h2 class=\"wp-block-heading\">Qual o n\u00edvel de prote\u00e7\u00e3o do Respirador Semifacial Elipse\u00ae ABEK1P3?<\/h2>\n\n\n\n<p>Este respirador foi desenvolvido para proteger contra contaminantes qu\u00edmicos como:<\/p>\n\n\n\n<ul class=\"wp-block-list\">\n<li>Gases e VO (A),<\/li>\n\n\n\n<li>Gases e vapores inorg\u00e2nicos (B),<\/li>\n\n\n\n<li>Di\u00f3xido de enxofre e GA (E),<\/li>\n\n\n\n<li>Am\u00f4nia e compostos org\u00e2nicos de am\u00f4nia (K),<\/li>\n\n\n\n<li>Al\u00e9m de part\u00edculas s\u00f3lidas e l\u00edquidas (P3).<br>Seu uso \u00e9 indicado para profissionais expostos a atmosferas com risco respirat\u00f3rio, como em ind\u00fastrias qu\u00edmicas, metal\u00fargicas, automotivas, agr\u00edcolas e muitas outras.<\/li>\n<\/ul>\n\n\n\n<div class=\"wp-block-uagb-image uagb-block-94dfe4eb wp-block-uagb-image--layout-default wp-block-uagb-image--effect-static wp-block-uagb-image--align-none\"><figure class=\"wp-block-uagb-image__figure\"><img decoding=\"async\"  sizes=\"auto, (max-width: 480px) 150px\" src=\"https:\/\/www.gvs.com.br\/safety\/wp-content\/uploads\/2025\/06\/ABEK1P3-02-1024x853.jpg\" alt=\"\" width=\"591\" height=\"492\" title=\"ABEK1P3-02\" loading=\"lazy\" role=\"img\"\/><\/figure><\/div>\n\n\n\n<h2 class=\"wp-block-heading\">Benef\u00edcios e vantagens do Respirador Semifacial Elipse\u00ae ABEK1P3<\/h2>\n\n\n\n<ul class=\"wp-block-list\">\n<li>Design compacto e anat\u00f4mico: adapta-se perfeitamente ao rosto, sem interferir no uso de \u00f3culos de prote\u00e7\u00e3o ou abafadores de ru\u00eddo. Dispon\u00edvel em 2 tamanhos: P\/M e M\/G.<\/li>\n\n\n\n<li>Leve e confort\u00e1vel: com apenas 374g, o respirador reduz a fadiga mesmo ap\u00f3s longas horas de uso.<\/li>\n\n\n\n<li>Baixa resist\u00eancia respirat\u00f3ria: filtros com carv\u00e3o ativado de alta qualidade e configura\u00e7\u00e3o que facilita a respira\u00e7\u00e3o, mesmo em ambientes cr\u00edticos.<\/li>\n\n\n\n<li>Filtros combinados: prote\u00e7\u00e3o simult\u00e2nea contra gases, vapores e part\u00edculas com efici\u00eancia P3 &gt; 99,95%.<\/li>\n\n\n\n<li>Facilidade de substitui\u00e7\u00e3o: cartuchos de g\u00e1s e filtros de part\u00edculas podem ser trocados rapidamente, garantindo manuten\u00e7\u00e3o pr\u00e1tica e economia.<\/li>\n\n\n\n<li>Durabilidade e confiabilidade: validade de at\u00e9 3 anos e filtros reutiliz\u00e1veis com certifica\u00e7\u00f5es rigorosas.<\/li>\n<\/ul>\n\n\n\n<div class=\"wp-block-uagb-image uagb-block-6c1326d4 wp-block-uagb-image--layout-default wp-block-uagb-image--effect-static wp-block-uagb-image--align-none\"><figure class=\"wp-block-uagb-image__figure\"><img decoding=\"async\"  sizes=\"auto, (max-width: 480px) 150px\" src=\"https:\/\/www.gvs.com.br\/safety\/wp-content\/uploads\/2025\/05\/ABEK1P3-Mask.png\" alt=\"\" width=\"577\" height=\"375\" title=\"ABEK1P3 Mask\" loading=\"lazy\" role=\"img\"\/><\/figure><\/div>\n\n\n\n<p><\/p>\n\n\n\n<h2 class=\"wp-block-heading\">Por que escolher o Respirador Semifacial Elipse\u00ae ABEK1P3 GVS?<\/h2>\n\n\n\n<p>O Respirador Semifacial Elipse\u00ae ABEK1P3 da GVS \u00e9 a escolha ideal para profissionais que atuam em ambientes com alta exposi\u00e7\u00e3o a agentes qu\u00edmicos e part\u00edculas perigosas. Seu design inovador, os materiais de qualidade e a prote\u00e7\u00e3o comprovada fazem deste respirador uma solu\u00e7\u00e3o eficiente, confort\u00e1vel e segura para o dia a dia industrial.<\/p>\n\n\n\n<p>Este produto alia desempenho t\u00e9cnico de ponta com ergonomia, sendo ideal para quem n\u00e3o abre m\u00e3o de seguran\u00e7a com conforto durante a jornada de trabalho. Os Respiradores s\u00e3o 100% testados para garantir efici\u00eancia e prote\u00e7\u00e3o em ambientes cr\u00edticos. Al\u00e9m disso, os materiais utilizados s\u00e3o hipoalerg\u00eanicos, livres de l\u00e1tex e silicone, at\u00f3xicos e inodoros, seguindo rigorosamente as normas internacionais de seguran\u00e7a.<\/p>\n\n\n\n<div class=\"wp-block-uagb-separator uagb-block-12928a3d\"><div class=\"uagb-separator-spacing-wrapper\"><div class=\"wp-block-uagb-separator__inner\" style=\"--my-background-image:\"><\/div><\/div><\/div>\n\n\n\n<div class=\"wp-block-uagb-advanced-heading uagb-block-37689345\"><h2 class=\"uagb-heading-text\"><strong>Acreditamos em proteger voc\u00ea para os melhores momentos da vida!<\/strong><\/h2><\/div>\n\n\n\n<p>Criamos solu\u00e7\u00f5es de prote\u00e7\u00e3o respirat\u00f3ria que tornam voc\u00ea e sua equipe mais seguros, para que todos possam voltar para casa no final de cada dia, seguros, saud\u00e1veis e capazes de fazer aquilo que mais importa.<\/p>\n\n\n\n<div class=\"wp-block-uagb-separator uagb-block-b8b79ce8\"><div class=\"uagb-separator-spacing-wrapper\"><div class=\"wp-block-uagb-separator__inner\" style=\"--my-background-image:\"><\/div><\/div><\/div>\n\n\n\n<div class=\"wp-block-uagb-call-to-action uagb-block-e6f6b3df wp-block-button\"><div class=\"uagb-cta__wrap\"><h3 class=\"uagb-cta__title\">Fale com a gente!<\/h3><p class=\"uagb-cta__desc\">Entre em contato com o nosso time hoje mesmo, esclare\u00e7a as suas d\u00favidas e&nbsp;<strong>solicite a sua cota\u00e7\u00e3o!<\/strong><\/p><\/div><div class=\"uagb-cta__buttons\"><a href=\"https:\/\/wa.me\/551938797222\" class=\"uagb-cta__button-link-wrapper wp-block-button__link\" target=\"_self\" rel=\"noopener noreferrer\"><svg xmlns=\"https:\/\/www.w3.org\/2000\/svg\" viewBox=\"0 0 448 512\"><path d=\"M380.9 97.1C339 55.1 283.2 32 223.9 32c-122.4 0-222 99.6-222 222 0 39.1 10.2 77.3 29.6 111L0 480l117.7-30.9c32.4 17.7 68.9 27 106.1 27h.1c122.3 0 224.1-99.6 224.1-222 0-59.3-25.2-115-67.1-157zm-157 341.6c-33.2 0-65.7-8.9-94-25.7l-6.7-4-69.8 18.3L72 359.2l-4.4-7c-18.5-29.4-28.2-63.3-28.2-98.2 0-101.7 82.8-184.5 184.6-184.5 49.3 0 95.6 19.2 130.4 54.1 34.8 34.9 56.2 81.2 56.1 130.5 0 101.8-84.9 184.6-186.6 184.6zm101.2-138.2c-5.5-2.8-32.8-16.2-37.9-18-5.1-1.9-8.8-2.8-12.5 2.8-3.7 5.6-14.3 18-17.6 21.8-3.2 3.7-6.5 4.2-12 1.4-32.6-16.3-54-29.1-75.5-66-5.7-9.8 5.7-9.1 16.3-30.3 1.8-3.7 .9-6.9-.5-9.7-1.4-2.8-12.5-30.1-17.1-41.2-4.5-10.8-9.1-9.3-12.5-9.5-3.2-.2-6.9-.2-10.6-.2-3.7 0-9.7 1.4-14.8 6.9-5.1 5.6-19.4 19-19.4 46.3 0 27.3 19.9 53.7 22.6 57.4 2.8 3.7 39.1 59.7 94.8 83.8 35.2 15.2 49 16.5 66.6 13.9 10.7-1.6 32.8-13.4 37.4-26.4 4.6-13 4.6-24.1 3.2-26.4-1.3-2.5-5-3.9-10.5-6.6z\"><\/path><\/svg>WhatsApp<\/a><\/div><\/div>\n\n\n\n<div class=\"wp-block-uagb-separator uagb-block-96e52944\"><div class=\"uagb-separator-spacing-wrapper\"><div class=\"wp-block-uagb-separator__inner\" style=\"--my-background-image:\"><\/div><\/div><\/div>\n\n\n\n<div class=\"wp-block-uagb-call-to-action uagb-block-bf9c28ce wp-block-button\"><div class=\"uagb-cta__wrap\"><h3 class=\"uagb-cta__title\">Fique por dentro das novidades!<\/h3><p class=\"uagb-cta__desc\">Acompanhe nossa jornada de inova\u00e7\u00e3o e saiba mais sobre nossos produtos, acesse <strong>Safety da GVS.<\/strong><\/p><\/div><div class=\"uagb-cta__buttons\"><a href=\"https:\/\/www.gvs.com.br\/safety\" class=\"uagb-cta__button-link-wrapper wp-block-button__link\" target=\"_self\" rel=\"noopener noreferrer\">Acesse o site<\/a><\/div><\/div>\n\n\n\n<p><\/p>\n","protected":false},"excerpt":{"rendered":"<p>Respirador Semifacial Elipse\u00ae ABEK1P3 da GVS: Prote\u00e7\u00e3o respirat\u00f3ria completa de alto desempenho para ambientes qu\u00edmicos e industriais exigentes A exposi\u00e7\u00e3o [&hellip;]<\/p>\n","protected":false},"author":2,"featured_media":2448,"comment_status":"open","ping_status":"open","sticky":false,"template":"","format":"standard","meta":{"_uag_custom_page_level_css":"","site-sidebar-layout":"default","site-content-layout":"","ast-site-content-layout":"","site-content-style":"default","site-sidebar-style":"default","ast-global-header-display":"","ast-banner-title-visibility":"","ast-main-header-display":"","ast-hfb-above-header-display":"","ast-hfb-below-header-display":"","ast-hfb-mobile-header-display":"","site-post-title":"disabled","ast-breadcrumbs-content":"","ast-featured-img":"","footer-sml-layout":"","ast-disable-related-posts":"","theme-transparent-header-meta":"","adv-header-id-meta":"","stick-header-meta":"","header-above-stick-meta":"","header-main-stick-meta":"","header-below-stick-meta":"","astra-migrate-meta-layouts":"default","ast-page-background-enabled":"default","ast-page-background-meta":{"desktop":{"background-color":"var(--ast-global-color-4)","background-image":"","background-repeat":"repeat","background-position":"center center","background-size":"auto","background-attachment":"scroll","background-type":"","background-media":"","overlay-type":"","overlay-color":"","overlay-opacity":"","overlay-gradient":""},"tablet":{"background-color":"","background-image":"","background-repeat":"repeat","background-position":"center center","background-size":"auto","background-attachment":"scroll","background-type":"","background-media":"","overlay-type":"","overlay-color":"","overlay-opacity":"","overlay-gradient":""},"mobile":{"background-color":"","background-image":"","background-repeat":"repeat","background-position":"center center","background-size":"auto","background-attachment":"scroll","background-type":"","background-media":"","overlay-type":"","overlay-color":"","overlay-opacity":"","overlay-gradient":""}},"ast-content-background-meta":{"desktop":{"background-color":"var(--ast-global-color-5)","background-image":"","background-repeat":"repeat","background-position":"center center","background-size":"auto","background-attachment":"scroll","background-type":"","background-media":"","overlay-type":"","overlay-color":"","overlay-opacity":"","overlay-gradient":""},"tablet":{"background-color":"var(--ast-global-color-5)","background-image":"","background-repeat":"repeat","background-position":"center center","background-size":"auto","background-attachment":"scroll","background-type":"","background-media":"","overlay-type":"","overlay-color":"","overlay-opacity":"","overlay-gradient":""},"mobile":{"background-color":"var(--ast-global-color-5)","background-image":"","background-repeat":"repeat","background-position":"center center","background-size":"auto","background-attachment":"scroll","background-type":"","background-media":"","overlay-type":"","overlay-color":"","overlay-opacity":"","overlay-gradient":""}},"footnotes":""},"categories":[11,5],"tags":[34,17,15,16],"class_list":["post-2444","post","type-post","status-publish","format-standard","has-post-thumbnail","hentry","category-ajuste-apertado","category-safety","tag-elipse","tag-produtos-gvs","tag-protecao-respiratoria","tag-safety"],"yoast_head":"<!-- This site is optimized with the Yoast SEO plugin v27.2 - https:\/\/yoast.com\/product\/yoast-seo-wordpress\/ -->\n<title>Respirador Semifacial Elipse\u00ae ABEK1P3 da GVS<\/title>\n<meta name=\"description\" content=\"Uma solu\u00e7\u00e3o compacta, leve e extremamente eficaz para garantir a prote\u00e7\u00e3o das vias respirat\u00f3rias contra uma ampla gama de contaminantes.\" \/>\n<meta name=\"robots\" content=\"index, follow, max-snippet:-1, max-image-preview:large, max-video-preview:-1\" \/>\n<link rel=\"canonical\" href=\"https:\/\/www.gvs.com.br\/safety\/2025\/07\/09\/respirador-semifacial-elipse-abek1p3\/\" \/>\n<meta property=\"og:locale\" content=\"pt_BR\" \/>\n<meta property=\"og:type\" content=\"article\" \/>\n<meta property=\"og:title\" content=\"Respirador Semifacial Elipse\u00ae ABEK1P3 da GVS\" \/>\n<meta property=\"og:description\" content=\"Uma solu\u00e7\u00e3o compacta, leve e extremamente eficaz para garantir a prote\u00e7\u00e3o das vias respirat\u00f3rias contra uma ampla gama de contaminantes.\" \/>\n<meta property=\"og:url\" content=\"https:\/\/www.gvs.com.br\/safety\/2025\/07\/09\/respirador-semifacial-elipse-abek1p3\/\" \/>\n<meta property=\"og:site_name\" content=\"Safety\" \/>\n<meta property=\"article:published_time\" content=\"2025-07-09T09:00:00+00:00\" \/>\n<meta property=\"article:modified_time\" content=\"2025-09-09T19:40:35+00:00\" \/>\n<meta property=\"og:image\" content=\"https:\/\/www.gvs.com.br\/safety\/wp-content\/uploads\/2025\/06\/Banner-Blog-Respirador-Abek1P3.jpg\" \/>\n\t<meta property=\"og:image:width\" content=\"1920\" \/>\n\t<meta property=\"og:image:height\" content=\"1080\" \/>\n\t<meta property=\"og:image:type\" content=\"image\/jpeg\" \/>\n<meta name=\"author\" content=\"admin-gvs\" \/>\n<meta name=\"twitter:card\" content=\"summary_large_image\" \/>\n<meta name=\"twitter:label1\" content=\"Escrito por\" \/>\n\t<meta name=\"twitter:data1\" content=\"admin-gvs\" \/>\n\t<meta name=\"twitter:label2\" content=\"Est. tempo de leitura\" \/>\n\t<meta name=\"twitter:data2\" content=\"5 minutos\" \/>\n<script type=\"application\/ld+json\" class=\"yoast-schema-graph\">{\"@context\":\"https:\/\/schema.org\",\"@graph\":[{\"@type\":\"Article\",\"@id\":\"https:\/\/www.gvs.com.br\/safety\/2025\/07\/09\/respirador-semifacial-elipse-abek1p3\/#article\",\"isPartOf\":{\"@id\":\"https:\/\/www.gvs.com.br\/safety\/2025\/07\/09\/respirador-semifacial-elipse-abek1p3\/\"},\"author\":{\"name\":\"admin-gvs\",\"@id\":\"https:\/\/www.gvs.com.br\/safety\/#\/schema\/person\/08f0e38941dafa538ee5706ec48fe5a1\"},\"headline\":\"Respirador Semifacial Elipse\u00ae ABEK1P3 da GVS: Prote\u00e7\u00e3o respirat\u00f3ria completa de alto desempenho para ambientes qu\u00edmicos e industriais exigentes\",\"datePublished\":\"2025-07-09T09:00:00+00:00\",\"dateModified\":\"2025-09-09T19:40:35+00:00\",\"mainEntityOfPage\":{\"@id\":\"https:\/\/www.gvs.com.br\/safety\/2025\/07\/09\/respirador-semifacial-elipse-abek1p3\/\"},\"wordCount\":668,\"commentCount\":0,\"publisher\":{\"@id\":\"https:\/\/www.gvs.com.br\/safety\/#organization\"},\"image\":{\"@id\":\"https:\/\/www.gvs.com.br\/safety\/2025\/07\/09\/respirador-semifacial-elipse-abek1p3\/#primaryimage\"},\"thumbnailUrl\":\"https:\/\/www.gvs.com.br\/safety\/wp-content\/uploads\/2025\/06\/Banner-Blog-Respirador-Abek1P3.jpg\",\"keywords\":[\"Elipse\",\"Produtos GVS\",\"Prote\u00e7\u00e3o Respirat\u00f3ria\",\"Safety\"],\"articleSection\":[\"Ajuste Apertado\",\"Safety\"],\"inLanguage\":\"pt-BR\",\"potentialAction\":[{\"@type\":\"CommentAction\",\"name\":\"Comment\",\"target\":[\"https:\/\/www.gvs.com.br\/safety\/2025\/07\/09\/respirador-semifacial-elipse-abek1p3\/#respond\"]}]},{\"@type\":\"WebPage\",\"@id\":\"https:\/\/www.gvs.com.br\/safety\/2025\/07\/09\/respirador-semifacial-elipse-abek1p3\/\",\"url\":\"https:\/\/www.gvs.com.br\/safety\/2025\/07\/09\/respirador-semifacial-elipse-abek1p3\/\",\"name\":\"Respirador Semifacial Elipse\u00ae ABEK1P3 da GVS\",\"isPartOf\":{\"@id\":\"https:\/\/www.gvs.com.br\/safety\/#website\"},\"primaryImageOfPage\":{\"@id\":\"https:\/\/www.gvs.com.br\/safety\/2025\/07\/09\/respirador-semifacial-elipse-abek1p3\/#primaryimage\"},\"image\":{\"@id\":\"https:\/\/www.gvs.com.br\/safety\/2025\/07\/09\/respirador-semifacial-elipse-abek1p3\/#primaryimage\"},\"thumbnailUrl\":\"https:\/\/www.gvs.com.br\/safety\/wp-content\/uploads\/2025\/06\/Banner-Blog-Respirador-Abek1P3.jpg\",\"datePublished\":\"2025-07-09T09:00:00+00:00\",\"dateModified\":\"2025-09-09T19:40:35+00:00\",\"description\":\"Uma solu\u00e7\u00e3o compacta, leve e extremamente eficaz para garantir a prote\u00e7\u00e3o das vias respirat\u00f3rias contra uma ampla gama de contaminantes.\",\"breadcrumb\":{\"@id\":\"https:\/\/www.gvs.com.br\/safety\/2025\/07\/09\/respirador-semifacial-elipse-abek1p3\/#breadcrumb\"},\"inLanguage\":\"pt-BR\",\"potentialAction\":[{\"@type\":\"ReadAction\",\"target\":[\"https:\/\/www.gvs.com.br\/safety\/2025\/07\/09\/respirador-semifacial-elipse-abek1p3\/\"]}]},{\"@type\":\"ImageObject\",\"inLanguage\":\"pt-BR\",\"@id\":\"https:\/\/www.gvs.com.br\/safety\/2025\/07\/09\/respirador-semifacial-elipse-abek1p3\/#primaryimage\",\"url\":\"https:\/\/www.gvs.com.br\/safety\/wp-content\/uploads\/2025\/06\/Banner-Blog-Respirador-Abek1P3.jpg\",\"contentUrl\":\"https:\/\/www.gvs.com.br\/safety\/wp-content\/uploads\/2025\/06\/Banner-Blog-Respirador-Abek1P3.jpg\",\"width\":1920,\"height\":1080},{\"@type\":\"BreadcrumbList\",\"@id\":\"https:\/\/www.gvs.com.br\/safety\/2025\/07\/09\/respirador-semifacial-elipse-abek1p3\/#breadcrumb\",\"itemListElement\":[{\"@type\":\"ListItem\",\"position\":1,\"name\":\"In\u00edcio\",\"item\":\"https:\/\/www.gvs.com.br\/safety\/\"},{\"@type\":\"ListItem\",\"position\":2,\"name\":\"Respirador Semifacial Elipse\u00ae ABEK1P3 da GVS: Prote\u00e7\u00e3o respirat\u00f3ria completa de alto desempenho para ambientes qu\u00edmicos e industriais exigentes\"}]},{\"@type\":\"WebSite\",\"@id\":\"https:\/\/www.gvs.com.br\/safety\/#website\",\"url\":\"https:\/\/www.gvs.com.br\/safety\/\",\"name\":\"Safety\",\"description\":\"\",\"publisher\":{\"@id\":\"https:\/\/www.gvs.com.br\/safety\/#organization\"},\"potentialAction\":[{\"@type\":\"SearchAction\",\"target\":{\"@type\":\"EntryPoint\",\"urlTemplate\":\"https:\/\/www.gvs.com.br\/safety\/?s={search_term_string}\"},\"query-input\":{\"@type\":\"PropertyValueSpecification\",\"valueRequired\":true,\"valueName\":\"search_term_string\"}}],\"inLanguage\":\"pt-BR\"},{\"@type\":\"Organization\",\"@id\":\"https:\/\/www.gvs.com.br\/safety\/#organization\",\"name\":\"Safety\",\"url\":\"https:\/\/www.gvs.com.br\/safety\/\",\"logo\":{\"@type\":\"ImageObject\",\"inLanguage\":\"pt-BR\",\"@id\":\"https:\/\/www.gvs.com.br\/safety\/#\/schema\/logo\/image\/\",\"url\":\"https:\/\/www.gvs.com.br\/safety\/wp-content\/uploads\/2024\/12\/Logo-GVS-Safety.png\",\"contentUrl\":\"https:\/\/www.gvs.com.br\/safety\/wp-content\/uploads\/2024\/12\/Logo-GVS-Safety.png\",\"width\":1920,\"height\":1080,\"caption\":\"Safety\"},\"image\":{\"@id\":\"https:\/\/www.gvs.com.br\/safety\/#\/schema\/logo\/image\/\"}},{\"@type\":\"Person\",\"@id\":\"https:\/\/www.gvs.com.br\/safety\/#\/schema\/person\/08f0e38941dafa538ee5706ec48fe5a1\",\"name\":\"admin-gvs\",\"image\":{\"@type\":\"ImageObject\",\"inLanguage\":\"pt-BR\",\"@id\":\"https:\/\/secure.gravatar.com\/avatar\/753807cf2c24e7c5051446eb4fc6c55657714e911f26a29329d9dc501ae35121?s=96&d=mm&r=g\",\"url\":\"https:\/\/secure.gravatar.com\/avatar\/753807cf2c24e7c5051446eb4fc6c55657714e911f26a29329d9dc501ae35121?s=96&d=mm&r=g\",\"contentUrl\":\"https:\/\/secure.gravatar.com\/avatar\/753807cf2c24e7c5051446eb4fc6c55657714e911f26a29329d9dc501ae35121?s=96&d=mm&r=g\",\"caption\":\"admin-gvs\"},\"url\":\"https:\/\/www.gvs.com.br\/safety\/author\/admin-gvs\/\"}]}<\/script>\n<!-- \/ Yoast SEO plugin. -->","yoast_head_json":{"title":"Respirador Semifacial Elipse\u00ae ABEK1P3 da GVS","description":"Uma solu\u00e7\u00e3o compacta, leve e extremamente eficaz para garantir a prote\u00e7\u00e3o das vias respirat\u00f3rias contra uma ampla gama de contaminantes.","robots":{"index":"index","follow":"follow","max-snippet":"max-snippet:-1","max-image-preview":"max-image-preview:large","max-video-preview":"max-video-preview:-1"},"canonical":"https:\/\/www.gvs.com.br\/safety\/2025\/07\/09\/respirador-semifacial-elipse-abek1p3\/","og_locale":"pt_BR","og_type":"article","og_title":"Respirador Semifacial Elipse\u00ae ABEK1P3 da GVS","og_description":"Uma solu\u00e7\u00e3o compacta, leve e extremamente eficaz para garantir a prote\u00e7\u00e3o das vias respirat\u00f3rias contra uma ampla gama de contaminantes.","og_url":"https:\/\/www.gvs.com.br\/safety\/2025\/07\/09\/respirador-semifacial-elipse-abek1p3\/","og_site_name":"Safety","article_published_time":"2025-07-09T09:00:00+00:00","article_modified_time":"2025-09-09T19:40:35+00:00","og_image":[{"width":1920,"height":1080,"url":"https:\/\/www.gvs.com.br\/safety\/wp-content\/uploads\/2025\/06\/Banner-Blog-Respirador-Abek1P3.jpg","type":"image\/jpeg"}],"author":"admin-gvs","twitter_card":"summary_large_image","twitter_misc":{"Escrito por":"admin-gvs","Est. tempo de leitura":"5 minutos"},"schema":{"@context":"https:\/\/schema.org","@graph":[{"@type":"Article","@id":"https:\/\/www.gvs.com.br\/safety\/2025\/07\/09\/respirador-semifacial-elipse-abek1p3\/#article","isPartOf":{"@id":"https:\/\/www.gvs.com.br\/safety\/2025\/07\/09\/respirador-semifacial-elipse-abek1p3\/"},"author":{"name":"admin-gvs","@id":"https:\/\/www.gvs.com.br\/safety\/#\/schema\/person\/08f0e38941dafa538ee5706ec48fe5a1"},"headline":"Respirador Semifacial Elipse\u00ae ABEK1P3 da GVS: Prote\u00e7\u00e3o respirat\u00f3ria completa de alto desempenho para ambientes qu\u00edmicos e industriais exigentes","datePublished":"2025-07-09T09:00:00+00:00","dateModified":"2025-09-09T19:40:35+00:00","mainEntityOfPage":{"@id":"https:\/\/www.gvs.com.br\/safety\/2025\/07\/09\/respirador-semifacial-elipse-abek1p3\/"},"wordCount":668,"commentCount":0,"publisher":{"@id":"https:\/\/www.gvs.com.br\/safety\/#organization"},"image":{"@id":"https:\/\/www.gvs.com.br\/safety\/2025\/07\/09\/respirador-semifacial-elipse-abek1p3\/#primaryimage"},"thumbnailUrl":"https:\/\/www.gvs.com.br\/safety\/wp-content\/uploads\/2025\/06\/Banner-Blog-Respirador-Abek1P3.jpg","keywords":["Elipse","Produtos GVS","Prote\u00e7\u00e3o Respirat\u00f3ria","Safety"],"articleSection":["Ajuste Apertado","Safety"],"inLanguage":"pt-BR","potentialAction":[{"@type":"CommentAction","name":"Comment","target":["https:\/\/www.gvs.com.br\/safety\/2025\/07\/09\/respirador-semifacial-elipse-abek1p3\/#respond"]}]},{"@type":"WebPage","@id":"https:\/\/www.gvs.com.br\/safety\/2025\/07\/09\/respirador-semifacial-elipse-abek1p3\/","url":"https:\/\/www.gvs.com.br\/safety\/2025\/07\/09\/respirador-semifacial-elipse-abek1p3\/","name":"Respirador Semifacial Elipse\u00ae ABEK1P3 da GVS","isPartOf":{"@id":"https:\/\/www.gvs.com.br\/safety\/#website"},"primaryImageOfPage":{"@id":"https:\/\/www.gvs.com.br\/safety\/2025\/07\/09\/respirador-semifacial-elipse-abek1p3\/#primaryimage"},"image":{"@id":"https:\/\/www.gvs.com.br\/safety\/2025\/07\/09\/respirador-semifacial-elipse-abek1p3\/#primaryimage"},"thumbnailUrl":"https:\/\/www.gvs.com.br\/safety\/wp-content\/uploads\/2025\/06\/Banner-Blog-Respirador-Abek1P3.jpg","datePublished":"2025-07-09T09:00:00+00:00","dateModified":"2025-09-09T19:40:35+00:00","description":"Uma solu\u00e7\u00e3o compacta, leve e extremamente eficaz para garantir a prote\u00e7\u00e3o das vias respirat\u00f3rias contra uma ampla gama de contaminantes.","breadcrumb":{"@id":"https:\/\/www.gvs.com.br\/safety\/2025\/07\/09\/respirador-semifacial-elipse-abek1p3\/#breadcrumb"},"inLanguage":"pt-BR","potentialAction":[{"@type":"ReadAction","target":["https:\/\/www.gvs.com.br\/safety\/2025\/07\/09\/respirador-semifacial-elipse-abek1p3\/"]}]},{"@type":"ImageObject","inLanguage":"pt-BR","@id":"https:\/\/www.gvs.com.br\/safety\/2025\/07\/09\/respirador-semifacial-elipse-abek1p3\/#primaryimage","url":"https:\/\/www.gvs.com.br\/safety\/wp-content\/uploads\/2025\/06\/Banner-Blog-Respirador-Abek1P3.jpg","contentUrl":"https:\/\/www.gvs.com.br\/safety\/wp-content\/uploads\/2025\/06\/Banner-Blog-Respirador-Abek1P3.jpg","width":1920,"height":1080},{"@type":"BreadcrumbList","@id":"https:\/\/www.gvs.com.br\/safety\/2025\/07\/09\/respirador-semifacial-elipse-abek1p3\/#breadcrumb","itemListElement":[{"@type":"ListItem","position":1,"name":"In\u00edcio","item":"https:\/\/www.gvs.com.br\/safety\/"},{"@type":"ListItem","position":2,"name":"Respirador Semifacial Elipse\u00ae ABEK1P3 da GVS: Prote\u00e7\u00e3o respirat\u00f3ria completa de alto desempenho para ambientes qu\u00edmicos e industriais exigentes"}]},{"@type":"WebSite","@id":"https:\/\/www.gvs.com.br\/safety\/#website","url":"https:\/\/www.gvs.com.br\/safety\/","name":"Safety","description":"","publisher":{"@id":"https:\/\/www.gvs.com.br\/safety\/#organization"},"potentialAction":[{"@type":"SearchAction","target":{"@type":"EntryPoint","urlTemplate":"https:\/\/www.gvs.com.br\/safety\/?s={search_term_string}"},"query-input":{"@type":"PropertyValueSpecification","valueRequired":true,"valueName":"search_term_string"}}],"inLanguage":"pt-BR"},{"@type":"Organization","@id":"https:\/\/www.gvs.com.br\/safety\/#organization","name":"Safety","url":"https:\/\/www.gvs.com.br\/safety\/","logo":{"@type":"ImageObject","inLanguage":"pt-BR","@id":"https:\/\/www.gvs.com.br\/safety\/#\/schema\/logo\/image\/","url":"https:\/\/www.gvs.com.br\/safety\/wp-content\/uploads\/2024\/12\/Logo-GVS-Safety.png","contentUrl":"https:\/\/www.gvs.com.br\/safety\/wp-content\/uploads\/2024\/12\/Logo-GVS-Safety.png","width":1920,"height":1080,"caption":"Safety"},"image":{"@id":"https:\/\/www.gvs.com.br\/safety\/#\/schema\/logo\/image\/"}},{"@type":"Person","@id":"https:\/\/www.gvs.com.br\/safety\/#\/schema\/person\/08f0e38941dafa538ee5706ec48fe5a1","name":"admin-gvs","image":{"@type":"ImageObject","inLanguage":"pt-BR","@id":"https:\/\/secure.gravatar.com\/avatar\/753807cf2c24e7c5051446eb4fc6c55657714e911f26a29329d9dc501ae35121?s=96&d=mm&r=g","url":"https:\/\/secure.gravatar.com\/avatar\/753807cf2c24e7c5051446eb4fc6c55657714e911f26a29329d9dc501ae35121?s=96&d=mm&r=g","contentUrl":"https:\/\/secure.gravatar.com\/avatar\/753807cf2c24e7c5051446eb4fc6c55657714e911f26a29329d9dc501ae35121?s=96&d=mm&r=g","caption":"admin-gvs"},"url":"https:\/\/www.gvs.com.br\/safety\/author\/admin-gvs\/"}]}},"uagb_featured_image_src":{"full":["https:\/\/www.gvs.com.br\/safety\/wp-content\/uploads\/2025\/06\/Banner-Blog-Respirador-Abek1P3.jpg",1920,1080,false],"thumbnail":["https:\/\/www.gvs.com.br\/safety\/wp-content\/uploads\/2025\/06\/Banner-Blog-Respirador-Abek1P3-150x150.jpg",150,150,true],"medium":["https:\/\/www.gvs.com.br\/safety\/wp-content\/uploads\/2025\/06\/Banner-Blog-Respirador-Abek1P3-300x169.jpg",300,169,true],"medium_large":["https:\/\/www.gvs.com.br\/safety\/wp-content\/uploads\/2025\/06\/Banner-Blog-Respirador-Abek1P3-768x432.jpg",768,432,true],"large":["https:\/\/www.gvs.com.br\/safety\/wp-content\/uploads\/2025\/06\/Banner-Blog-Respirador-Abek1P3-1024x576.jpg",1024,576,true],"1536x1536":["https:\/\/www.gvs.com.br\/safety\/wp-content\/uploads\/2025\/06\/Banner-Blog-Respirador-Abek1P3-1536x864.jpg",1536,864,true],"2048x2048":["https:\/\/www.gvs.com.br\/safety\/wp-content\/uploads\/2025\/06\/Banner-Blog-Respirador-Abek1P3.jpg",1920,1080,false]},"uagb_author_info":{"display_name":"admin-gvs","author_link":"https:\/\/www.gvs.com.br\/safety\/author\/admin-gvs\/"},"uagb_comment_info":0,"uagb_excerpt":"Respirador Semifacial Elipse\u00ae ABEK1P3 da GVS: Prote\u00e7\u00e3o respirat\u00f3ria completa de alto desempenho para ambientes qu\u00edmicos e industriais exigentes A exposi\u00e7\u00e3o [&hellip;]","_links":{"self":[{"href":"https:\/\/www.gvs.com.br\/safety\/wp-json\/wp\/v2\/posts\/2444","targetHints":{"allow":["GET"]}}],"collection":[{"href":"https:\/\/www.gvs.com.br\/safety\/wp-json\/wp\/v2\/posts"}],"about":[{"href":"https:\/\/www.gvs.com.br\/safety\/wp-json\/wp\/v2\/types\/post"}],"author":[{"embeddable":true,"href":"https:\/\/www.gvs.com.br\/safety\/wp-json\/wp\/v2\/users\/2"}],"replies":[{"embeddable":true,"href":"https:\/\/www.gvs.com.br\/safety\/wp-json\/wp\/v2\/comments?post=2444"}],"version-history":[{"count":4,"href":"https:\/\/www.gvs.com.br\/safety\/wp-json\/wp\/v2\/posts\/2444\/revisions"}],"predecessor-version":[{"id":2858,"href":"https:\/\/www.gvs.com.br\/safety\/wp-json\/wp\/v2\/posts\/2444\/revisions\/2858"}],"wp:featuredmedia":[{"embeddable":true,"href":"https:\/\/www.gvs.com.br\/safety\/wp-json\/wp\/v2\/media\/2448"}],"wp:attachment":[{"href":"https:\/\/www.gvs.com.br\/safety\/wp-json\/wp\/v2\/media?parent=2444"}],"wp:term":[{"taxonomy":"category","embeddable":true,"href":"https:\/\/www.gvs.com.br\/safety\/wp-json\/wp\/v2\/categories?post=2444"},{"taxonomy":"post_tag","embeddable":true,"href":"https:\/\/www.gvs.com.br\/safety\/wp-json\/wp\/v2\/tags?post=2444"}],"curies":[{"name":"wp","href":"https:\/\/api.w.org\/{rel}","templated":true}]}}