{"id":2442,"date":"2025-08-26T09:00:00","date_gmt":"2025-08-26T09:00:00","guid":{"rendered":"https:\/\/gvs.com.br\/safety\/?p=2442"},"modified":"2025-09-09T19:44:09","modified_gmt":"2025-09-09T19:44:09","slug":"respirador-elipse-fullfaceabek1p3-da-gvs","status":"publish","type":"post","link":"https:\/\/www.gvs.com.br\/safety\/2025\/08\/26\/respirador-elipse-fullfaceabek1p3-da-gvs\/","title":{"rendered":"LAN\u00c7AMENTO! Respirador Elipse\u00ae Full Face ABE1P3 &#8211; Prote\u00e7\u00e3o completa e inovadora contra vapores org\u00e2nicos, inorg\u00e2nicos e gases \u00e1cidos"},"content":{"rendered":"\n<div class=\"wp-block-uagb-container uagb-block-2d8af228 alignfull uagb-is-root-container\"><div class=\"uagb-container-inner-blocks-wrap\">\n<div class=\"wp-block-uagb-advanced-heading uagb-block-88fad113\"><h2 class=\"uagb-heading-text\"><strong><strong>LAN\u00c7AMENTO! <\/strong><\/strong><br><strong><strong>Respirador Elipse\u00ae Full Face ABEK1P3 da GVS<br>Uma nova era na prote\u00e7\u00e3o respirat\u00f3ria profissional<\/strong><\/strong><\/h2><\/div>\n<\/div><\/div>\n\n\n\n<p><\/p>\n\n\n\n<p class=\"has-text-align-justify has-text-align-justify\">A GVS apresenta ao mercado brasileiro o Respirador Elipse\u00ae Full Face com filtros ABEK1P3, um lan\u00e7amento que marca uma nova era na prote\u00e7\u00e3o respirat\u00f3ria. Desenvolvido para atender \u00e0s exig\u00eancias mais severas de ambientes industriais, o equipamento une inova\u00e7\u00e3o, seguran\u00e7a e conforto em um design revolucion\u00e1rio de perfil baixo. Com tecnologia de ponta e desempenho superior, o novo Respirador Elipse\u00ae Full Face ABEK1P3 com prote\u00e7\u00e3o multigases redefine o padr\u00e3o de excel\u00eancia em prote\u00e7\u00e3o para profissionais que atuam em situa\u00e7\u00f5es de alto risco.<\/p>\n\n\n\n<div class=\"wp-block-uagb-container uagb-block-5d8833fa alignfull uagb-is-root-container\"><div class=\"uagb-container-inner-blocks-wrap\">\n<div class=\"wp-block-uagb-container uagb-block-0912226c\">\n<div class=\"wp-block-uagb-advanced-heading uagb-block-7aef7225\"><h2 class=\"uagb-heading-text\"><strong><strong>Inova\u00e7\u00e3o em cada detalhe: conhe\u00e7a o novo Respirador Elipse\u00ae Full Face ABEK1P3<\/strong><\/strong><\/h2><\/div>\n\n\n\n<p class=\"has-text-align-justify has-text-align-justify\">O lan\u00e7amento do Respirador Elipse\u00ae Full Face ABEK1P3da GVS representa um salto tecnol\u00f3gico significativo. Projetado para garantir m\u00e1xima seguran\u00e7a sem comprometer o conforto, o equipamento apresenta um novo design com campo de vis\u00e3o ampliado, ideal para opera\u00e7\u00f5es cr\u00edticas que exigem aten\u00e7\u00e3o total aos detalhes e ao ambiente.<\/p>\n\n\n\n<p class=\"has-text-align-justify has-text-align-justify\">Seu perfil baixo, compat\u00edvel com a maioria dos capacetes de seguran\u00e7a, reduz a obstru\u00e7\u00e3o visual e melhora a mobilidade do usu\u00e1rio. Com apenas 526 g, o respirador \u00e9 extremamente leve, o que reduz a fadiga mesmo em longas jornadas de trabalho.<\/p>\n<\/div>\n\n\n\n<div class=\"wp-block-uagb-container uagb-block-185bea43\">\n<div class=\"wp-block-uagb-image uagb-block-c992fe02 wp-block-uagb-image--layout-default wp-block-uagb-image--effect-static wp-block-uagb-image--align-none\"><figure class=\"wp-block-uagb-image__figure\"><img decoding=\"async\"  sizes=\"auto, (max-width: 480px) 150px\" src=\"https:\/\/www.gvs.com.br\/safety\/wp-content\/uploads\/2025\/05\/Full-Face-com-Filtros-ABEK1P3.png\" alt=\"\" width=\"900\" height=\"900\" title=\"Full Face com Filtros ABEK1P3\" loading=\"lazy\" role=\"img\"\/><\/figure><\/div>\n<\/div>\n<\/div><\/div>\n\n\n\n<h2 class=\"wp-block-heading\"><strong><strong>Design que prioriza conforto e desempenho<\/strong><\/strong><\/h2>\n\n\n\n<p class=\"has-text-align-justify has-text-align-justify\">O novo Respirador Elipse\u00ae Full Face ABEK1P3 foi desenhado para oferecer um encaixe seguro e ergon\u00f4mico. A veda\u00e7\u00e3o facial em silicone macio proporciona conforto cont\u00ednuo, enquanto os filtros de perfil mais baixo mant\u00eam a leveza do conjunto sem sacrificar a performance.<\/p>\n\n\n\n<p class=\"has-text-align-justify has-text-align-justify\">A viseira de policarbonato sobremoldada com arma\u00e7\u00e3o de silicone garante durabilidade, prote\u00e7\u00e3o contra impactos e excelente visibilidade \u2014 um fator essencial em ambientes de risco elevado. Tudo isso com um sistema de manuten\u00e7\u00e3o simples, que dispensa o uso de ferramentas para desmontagem e limpeza.<\/p>\n\n\n\n<h2 class=\"wp-block-heading\"><strong><strong>Qual a fun\u00e7\u00e3o do novo Respirador Elipse\u00ae Full Face ABEK1P3?<\/strong><\/strong><\/h2>\n\n\n\n<p class=\"has-text-align-justify has-text-align-justify\">O Respirador Elipse\u00ae Full Face ABEK1P3 com prote\u00e7\u00e3o multigases \u00e9 um equipamento de prote\u00e7\u00e3o individual (EPI) desenvolvido para proteger as vias respirat\u00f3rias, olhos e rosto de profissionais expostos a contaminantes perigosos, como gases t\u00f3xicos, vapores qu\u00edmicos e part\u00edculas finas.<\/p>\n\n\n\n<p>Seu sistema de filtros integrados proporciona prote\u00e7\u00e3o combinada contra uma ampla gama de agentes:<\/p>\n\n\n\n<ul class=\"wp-block-list\">\n<li>Tipo P3: Part\u00edculas t\u00f3xicas, n\u00e9voas e poeiras com efici\u00eancia m\u00ednima de 99,95%.<\/li>\n\n\n\n<li>Tipo A: Gases e vapores org\u00e2nicos (PE &gt; 65 \u00b0C).<\/li>\n\n\n\n<li>Tipo B: Gases e vapores inorg\u00e2nicos (exceto CO).<\/li>\n\n\n\n<li>Tipo E: Gases e vapores \u00e1cidos, como di\u00f3xido de enxofre.<\/li>\n\n\n\n<li>Tipo K: Am\u00f4nia e compostos derivados.<\/li>\n<\/ul>\n\n\n\n<div class=\"wp-block-uagb-image uagb-block-79188061 wp-block-uagb-image--layout-default wp-block-uagb-image--effect-static wp-block-uagb-image--align-none\"><figure class=\"wp-block-uagb-image__figure\"><img decoding=\"async\"  sizes=\"auto, (max-width: 480px) 150px\" src=\"https:\/\/www.gvs.com.br\/safety\/wp-content\/uploads\/2025\/05\/AGRICOLTURA-ABEK1P3-REV3-04.jpg\" alt=\"\" width=\"1000\" height=\"666\" title=\"AGRICOLTURA-ABEK1P3-REV3-04\" loading=\"lazy\" role=\"img\"\/><\/figure><\/div>\n\n\n\n<p><\/p>\n\n\n\n<div class=\"wp-block-uagb-advanced-heading uagb-block-1f11d79d\"><h2 class=\"uagb-heading-text\"><strong><strong>Benef\u00edcios e vantagens do novo Respirador Elipse\u00ae Full Face ABEK1P3<\/strong><\/strong><\/h2><\/div>\n\n\n\n<p class=\"has-text-align-justify has-text-align-justify\">Desenvolvido para profissionais que enfrentam ambientes agressivos, o novo Respirador Elipse\u00ae Full Face ABEK1P3 da GVS entrega uma experi\u00eancia superior de prote\u00e7\u00e3o respirat\u00f3ria. Cada detalhe do equipamento foi pensado para unir seguran\u00e7a, ergonomia e praticidade no dia a dia de trabalho. Confira os principais benef\u00edcios:<\/p>\n\n\n\n<p><strong>\u2705 Prote\u00e7\u00e3o total e confi\u00e1vel<\/strong><\/p>\n\n\n\n<p class=\"has-text-align-justify has-text-align-justify\">O respirador oferece prote\u00e7\u00e3o combinada contra gases, vapores e part\u00edculas t\u00f3xicas, atendendo \u00e0s classes ABEK1P3. Isso garante seguran\u00e7a em m\u00faltiplos cen\u00e1rios de risco, com efici\u00eancia de filtragem m\u00ednima de 99,95% para part\u00edculas e excelente desempenho na reten\u00e7\u00e3o de gases perigosos como am\u00f4nia, cloro, di\u00f3xido de enxofre e vapores org\u00e2nicos.<\/p>\n\n\n\n<p><strong>\u2705 Conforto prolongado para longas jornadas<\/strong><\/p>\n\n\n\n<p class=\"has-text-align-justify has-text-align-justify\">A veda\u00e7\u00e3o facial feita em silicone macio proporciona um encaixe anat\u00f4mico, seguro e confort\u00e1vel, mesmo ap\u00f3s horas de uso. O respirador \u00e9 leve (apenas 526g), o que reduz a fadiga e melhora a mobilidade do usu\u00e1rio em ambientes operacionais intensos.<\/p>\n\n\n\n<p><strong>\u2705 Visibilidade ampliada e seguran\u00e7a operacional<\/strong><\/p>\n\n\n\n<p>Com visor panor\u00e2mico de policarbonato de alta resist\u00eancia, sobremoldado com arma\u00e7\u00e3o de silicone, o respirador oferece campo de vis\u00e3o ampliado e prote\u00e7\u00e3o contra impactos. O novo design de perfil baixo dos filtros tamb\u00e9m contribui para uma vis\u00e3o desobstru\u00edda e natural do ambiente de trabalho.<\/p>\n\n\n\n<p><strong>\u2705 Compatibilidade com capacetes e EPIs<\/strong><\/p>\n\n\n\n<p class=\"has-text-align-justify has-text-align-justify\">Projetado para ser usado com a maioria dos capacetes de seguran\u00e7a, o modelo se integra facilmente aos demais EPIs, oferecendo prote\u00e7\u00e3o integrada sem comprometer a performance.<\/p>\n\n\n\n<p><strong>\u2705 Baixa manuten\u00e7\u00e3o e limpeza facilitada<\/strong><\/p>\n\n\n\n<p class=\"has-text-align-justify has-text-align-justify\">Seu sistema modular permite desmontagem r\u00e1pida sem uso de ferramentas, o que simplifica a higieniza\u00e7\u00e3o e garante maior vida \u00fatil ao equipamento.<\/p>\n\n\n\n<p><strong>\u2705 Efici\u00eancia e economia com filtros dur\u00e1veis<\/strong><\/p>\n\n\n\n<p class=\"has-text-align-justify has-text-align-justify\">Os filtros combinados utilizam carv\u00e3o ativado tratado e m\u00eddia HESPA plissada de alto rendimento, garantindo excelente performance de adsor\u00e7\u00e3o e ampla durabilidade. O aproveitamento total dos materiais filtrantes reduz trocas frequentes e otimiza custos operacionais.<\/p>\n\n\n\n<div class=\"wp-block-uagb-advanced-heading uagb-block-9d8e5045\"><h2 class=\"uagb-heading-text\"><strong>Caracter\u00edsticas t\u00e9cnicas<\/strong><\/h2><\/div>\n\n\n\n<ul class=\"wp-block-list\">\n<li><strong>Corpo do respirador:<\/strong> TPE grau m\u00e9dico.<\/li>\n\n\n\n<li><strong>Visor:<\/strong> Policarbonato com moldura de silicone.<\/li>\n\n\n\n<li><strong>Faixa de fixa\u00e7\u00e3o:<\/strong> Silicone flex\u00edvel.<\/li>\n\n\n\n<li><strong>Filtros:<\/strong>\n<ul class=\"wp-block-list\">\n<li><strong>Gases:<\/strong> carv\u00e3o ativado selado em ABS.<\/li>\n\n\n\n<li><strong>Part\u00edculas<\/strong>: m\u00eddia sint\u00e9tica HESPA plissada com TPE.<\/li>\n<\/ul>\n<\/li>\n<\/ul>\n\n\n\n<p><strong>\u2705 Seguran\u00e7a comprovada com dados t\u00e9cnicos<\/strong><\/p>\n\n\n\n<p>Desempenho validado para diversos contaminantes cr\u00edticos:<\/p>\n\n\n\n<ul class=\"wp-block-list\">\n<li>70 min para Ciclohexano.<\/li>\n\n\n\n<li>50 min para Am\u00f4nia.<\/li>\n\n\n\n<li>40 min para Sulfeto de Hidrog\u00eanio.<\/li>\n\n\n\n<li>25 min para Cianeto de Hidrog\u00eanio.<\/li>\n\n\n\n<li>20 min para Cloro e Di\u00f3xido de Enxofre.<\/li>\n<\/ul>\n\n\n\n<div class=\"wp-block-uagb-advanced-heading uagb-block-2da9e877\"><h2 class=\"uagb-heading-text\"><strong>\u00c1reas de aplica\u00e7\u00e3o do Respirador Elipse\u00ae Full Face ABEK1P3<\/strong><\/h2><\/div>\n\n\n\n<p>Projetado para proteger em ambientes complexos e exigentes, o respirador \u00e9 indicado para:<\/p>\n\n\n\n<ul class=\"wp-block-list\">\n<li>Minera\u00e7\u00e3o, siderurgia e fundi\u00e7\u00f5es.<\/li>\n\n\n\n<li>Ind\u00fastria qu\u00edmica, vidreira e cer\u00e2mica.<\/li>\n\n\n\n<li>Pintura automotiva, naval e reparos com solventes.<\/li>\n\n\n\n<li>Trabalhos com metais pesados (chumbo, n\u00edquel, cromo).<\/li>\n\n\n\n<li>Ferrovia e manuten\u00e7\u00e3o industrial pesada.<\/li>\n\n\n\n<li>Pulveriza\u00e7\u00e3o agr\u00edcola e uso de am\u00f4nia.<\/li>\n<\/ul>\n\n\n\n<div class=\"wp-block-uagb-separator uagb-block-1f7568bb\"><div class=\"uagb-separator-spacing-wrapper\"><div class=\"wp-block-uagb-separator__inner\" style=\"--my-background-image:\"><\/div><\/div><\/div>\n\n\n\n<div class=\"wp-block-uagb-container uagb-block-1d023134 alignfull uagb-is-root-container\"><div class=\"uagb-container-inner-blocks-wrap\">\n<div class=\"wp-block-uagb-container uagb-block-1d0dacfd\">\n<div class=\"wp-block-uagb-advanced-heading uagb-block-7190c5bc\"><h2 class=\"uagb-heading-text\"><strong><strong>Embarque na nova era da prote\u00e7\u00e3o respirat\u00f3ria!<\/strong><\/strong><\/h2><\/div>\n\n\n\n<p class=\"has-text-align-justify has-text-align-justify\">O Respirador Elipse\u00ae Full Face ABEK1P3 da GVS combina seguran\u00e7a m\u00e1xima, conforto cont\u00ednuo e durabilidade comprovada, sendo a escolha ideal para profissionais que n\u00e3o podem correr riscos. Sua tecnologia de filtragem mec\u00e2nica com carv\u00e3o ativado tratado, o visor panor\u00e2mico e a estrutura de alta qualidade fazem deste respirador um dos mais completos do mercado.<\/p>\n\n\n\n<p class=\"has-text-align-justify has-text-align-justify\">Com a tradi\u00e7\u00e3o da GVS em inova\u00e7\u00e3o e excel\u00eancia t\u00e9cnica, o Respirador Elipse\u00ae Full Face ABEK1P3 chega como uma solu\u00e7\u00e3o completa para quem atua em ambientes perigosos e exige desempenho confi\u00e1vel em todas as situa\u00e7\u00f5es.<\/p>\n\n\n\n<div class=\"wp-block-uagb-advanced-heading uagb-block-ac2d3169\"><h4 class=\"uagb-heading-text\"><strong>Dispon\u00edvel agora no Brasil. Consulte o nosso time.<\/strong><\/h4><\/div>\n<\/div>\n\n\n\n<div class=\"wp-block-uagb-container uagb-block-656a40ed\">\n<div class=\"wp-block-uagb-image uagb-block-8240f3ee wp-block-uagb-image--layout-default wp-block-uagb-image--effect-static wp-block-uagb-image--align-none\"><figure class=\"wp-block-uagb-image__figure\"><img decoding=\"async\" srcset=\"https:\/\/gvs.com.br\/safety\/wp-content\/uploads\/2025\/06\/AGRICOLTURA-ABE1P3-05-683x1024.jpg ,https:\/\/gvs.com.br\/safety\/wp-content\/uploads\/2025\/06\/AGRICOLTURA-ABE1P3-05.jpg 780w, https:\/\/gvs.com.br\/safety\/wp-content\/uploads\/2025\/06\/AGRICOLTURA-ABE1P3-05.jpg 360w\" sizes=\"auto, (max-width: 480px) 150px\" src=\"https:\/\/gvs.com.br\/safety\/wp-content\/uploads\/2025\/06\/AGRICOLTURA-ABE1P3-05-683x1024.jpg\" alt=\"\" class=\"uag-image-2438\" width=\"357\" height=\"534\" title=\"AGRICOLTURA-ABE1P3-05\" loading=\"lazy\" role=\"img\"\/><\/figure><\/div>\n<\/div>\n<\/div><\/div>\n\n\n\n<div class=\"wp-block-uagb-separator uagb-block-12928a3d\"><div class=\"uagb-separator-spacing-wrapper\"><div class=\"wp-block-uagb-separator__inner\" style=\"--my-background-image:\"><\/div><\/div><\/div>\n\n\n\n<div class=\"wp-block-uagb-advanced-heading uagb-block-37689345\"><h2 class=\"uagb-heading-text\"><strong>Acreditamos em proteger voc\u00ea para os melhores momentos da vida!<\/strong><\/h2><\/div>\n\n\n\n<p>Criamos solu\u00e7\u00f5es de prote\u00e7\u00e3o respirat\u00f3ria que tornam voc\u00ea e sua equipe mais seguros, para que todos possam voltar para casa no final de cada dia, seguros, saud\u00e1veis e capazes de fazer aquilo que mais importa.<\/p>\n\n\n\n<div class=\"wp-block-uagb-separator uagb-block-b8b79ce8\"><div class=\"uagb-separator-spacing-wrapper\"><div class=\"wp-block-uagb-separator__inner\" style=\"--my-background-image:\"><\/div><\/div><\/div>\n\n\n\n<div class=\"wp-block-uagb-call-to-action uagb-block-e6f6b3df wp-block-button\"><div class=\"uagb-cta__wrap\"><h3 class=\"uagb-cta__title\">Fale com a gente!<\/h3><p class=\"uagb-cta__desc\">Entre em contato com o nosso time hoje mesmo, esclare\u00e7a as suas d\u00favidas e&nbsp;<strong>solicite a sua cota\u00e7\u00e3o!<\/strong><\/p><\/div><div class=\"uagb-cta__buttons\"><a href=\"https:\/\/wa.me\/551938797222\" class=\"uagb-cta__button-link-wrapper wp-block-button__link\" target=\"_self\" rel=\"noopener noreferrer\"><svg xmlns=\"https:\/\/www.w3.org\/2000\/svg\" viewBox=\"0 0 448 512\"><path d=\"M380.9 97.1C339 55.1 283.2 32 223.9 32c-122.4 0-222 99.6-222 222 0 39.1 10.2 77.3 29.6 111L0 480l117.7-30.9c32.4 17.7 68.9 27 106.1 27h.1c122.3 0 224.1-99.6 224.1-222 0-59.3-25.2-115-67.1-157zm-157 341.6c-33.2 0-65.7-8.9-94-25.7l-6.7-4-69.8 18.3L72 359.2l-4.4-7c-18.5-29.4-28.2-63.3-28.2-98.2 0-101.7 82.8-184.5 184.6-184.5 49.3 0 95.6 19.2 130.4 54.1 34.8 34.9 56.2 81.2 56.1 130.5 0 101.8-84.9 184.6-186.6 184.6zm101.2-138.2c-5.5-2.8-32.8-16.2-37.9-18-5.1-1.9-8.8-2.8-12.5 2.8-3.7 5.6-14.3 18-17.6 21.8-3.2 3.7-6.5 4.2-12 1.4-32.6-16.3-54-29.1-75.5-66-5.7-9.8 5.7-9.1 16.3-30.3 1.8-3.7 .9-6.9-.5-9.7-1.4-2.8-12.5-30.1-17.1-41.2-4.5-10.8-9.1-9.3-12.5-9.5-3.2-.2-6.9-.2-10.6-.2-3.7 0-9.7 1.4-14.8 6.9-5.1 5.6-19.4 19-19.4 46.3 0 27.3 19.9 53.7 22.6 57.4 2.8 3.7 39.1 59.7 94.8 83.8 35.2 15.2 49 16.5 66.6 13.9 10.7-1.6 32.8-13.4 37.4-26.4 4.6-13 4.6-24.1 3.2-26.4-1.3-2.5-5-3.9-10.5-6.6z\"><\/path><\/svg>WhatsApp<\/a><\/div><\/div>\n\n\n\n<div class=\"wp-block-uagb-separator uagb-block-96e52944\"><div class=\"uagb-separator-spacing-wrapper\"><div class=\"wp-block-uagb-separator__inner\" style=\"--my-background-image:\"><\/div><\/div><\/div>\n\n\n\n<div class=\"wp-block-uagb-call-to-action uagb-block-bf9c28ce wp-block-button\"><div class=\"uagb-cta__wrap\"><h3 class=\"uagb-cta__title\">Fique por dentro das novidades!<\/h3><p class=\"uagb-cta__desc\">Acompanhe nossa jornada de inova\u00e7\u00e3o e saiba mais sobre nossos produtos, acesse <strong>Safety da GVS.<\/strong><\/p><\/div><div class=\"uagb-cta__buttons\"><a href=\"https:\/\/www.gvs.com.br\/safety\" class=\"uagb-cta__button-link-wrapper wp-block-button__link\" target=\"_self\" rel=\"noopener noreferrer\">Acesse o site<\/a><\/div><\/div>\n\n\n\n<p><\/p>\n","protected":false},"excerpt":{"rendered":"<p>LAN\u00c7AMENTO! Respirador Elipse\u00ae Full Face ABEK1P3 da GVSUma nova era na prote\u00e7\u00e3o respirat\u00f3ria profissional A GVS apresenta ao mercado brasileiro [&hellip;]<\/p>\n","protected":false},"author":2,"featured_media":2437,"comment_status":"open","ping_status":"open","sticky":false,"template":"","format":"standard","meta":{"_uag_custom_page_level_css":"","site-sidebar-layout":"default","site-content-layout":"","ast-site-content-layout":"","site-content-style":"default","site-sidebar-style":"default","ast-global-header-display":"","ast-banner-title-visibility":"","ast-main-header-display":"","ast-hfb-above-header-display":"","ast-hfb-below-header-display":"","ast-hfb-mobile-header-display":"","site-post-title":"disabled","ast-breadcrumbs-content":"","ast-featured-img":"","footer-sml-layout":"","ast-disable-related-posts":"","theme-transparent-header-meta":"","adv-header-id-meta":"","stick-header-meta":"","header-above-stick-meta":"","header-main-stick-meta":"","header-below-stick-meta":"","astra-migrate-meta-layouts":"default","ast-page-background-enabled":"default","ast-page-background-meta":{"desktop":{"background-color":"var(--ast-global-color-4)","background-image":"","background-repeat":"repeat","background-position":"center center","background-size":"auto","background-attachment":"scroll","background-type":"","background-media":"","overlay-type":"","overlay-color":"","overlay-opacity":"","overlay-gradient":""},"tablet":{"background-color":"","background-image":"","background-repeat":"repeat","background-position":"center center","background-size":"auto","background-attachment":"scroll","background-type":"","background-media":"","overlay-type":"","overlay-color":"","overlay-opacity":"","overlay-gradient":""},"mobile":{"background-color":"","background-image":"","background-repeat":"repeat","background-position":"center center","background-size":"auto","background-attachment":"scroll","background-type":"","background-media":"","overlay-type":"","overlay-color":"","overlay-opacity":"","overlay-gradient":""}},"ast-content-background-meta":{"desktop":{"background-color":"var(--ast-global-color-5)","background-image":"","background-repeat":"repeat","background-position":"center center","background-size":"auto","background-attachment":"scroll","background-type":"","background-media":"","overlay-type":"","overlay-color":"","overlay-opacity":"","overlay-gradient":""},"tablet":{"background-color":"var(--ast-global-color-5)","background-image":"","background-repeat":"repeat","background-position":"center center","background-size":"auto","background-attachment":"scroll","background-type":"","background-media":"","overlay-type":"","overlay-color":"","overlay-opacity":"","overlay-gradient":""},"mobile":{"background-color":"var(--ast-global-color-5)","background-image":"","background-repeat":"repeat","background-position":"center center","background-size":"auto","background-attachment":"scroll","background-type":"","background-media":"","overlay-type":"","overlay-color":"","overlay-opacity":"","overlay-gradient":""}},"footnotes":""},"categories":[11,5],"tags":[34,17,15,16],"class_list":["post-2442","post","type-post","status-publish","format-standard","has-post-thumbnail","hentry","category-ajuste-apertado","category-safety","tag-elipse","tag-produtos-gvs","tag-protecao-respiratoria","tag-safety"],"yoast_head":"<!-- This site is optimized with the Yoast SEO plugin v27.2 - https:\/\/yoast.com\/product\/yoast-seo-wordpress\/ -->\n<title>Respirador Elipse Full Face ABEK1P3 da GVS<\/title>\n<meta name=\"description\" content=\"Com tecnologia de ponta e desempenho superior, o novo Respirador Elipse\u00ae Full Face ABEK1P3 com prote\u00e7\u00e3o multigases redefine o padr\u00e3o de excel\u00eancia.\" \/>\n<meta name=\"robots\" content=\"index, follow, max-snippet:-1, max-image-preview:large, max-video-preview:-1\" \/>\n<link rel=\"canonical\" href=\"https:\/\/www.gvs.com.br\/safety\/2025\/08\/26\/respirador-elipse-fullfaceabek1p3-da-gvs\/\" \/>\n<meta property=\"og:locale\" content=\"pt_BR\" \/>\n<meta property=\"og:type\" content=\"article\" \/>\n<meta property=\"og:title\" content=\"Respirador Elipse Full Face ABEK1P3 da GVS\" \/>\n<meta property=\"og:description\" content=\"Com tecnologia de ponta e desempenho superior, o novo Respirador Elipse\u00ae Full Face ABEK1P3 com prote\u00e7\u00e3o multigases redefine o padr\u00e3o de excel\u00eancia.\" \/>\n<meta property=\"og:url\" content=\"https:\/\/www.gvs.com.br\/safety\/2025\/08\/26\/respirador-elipse-fullfaceabek1p3-da-gvs\/\" \/>\n<meta property=\"og:site_name\" content=\"Safety\" \/>\n<meta property=\"article:published_time\" content=\"2025-08-26T09:00:00+00:00\" \/>\n<meta property=\"article:modified_time\" content=\"2025-09-09T19:44:09+00:00\" \/>\n<meta property=\"og:image\" content=\"https:\/\/www.gvs.com.br\/safety\/wp-content\/uploads\/2025\/06\/Banner-Blog-Full-Face-ABEK1P3.jpg\" \/>\n\t<meta property=\"og:image:width\" content=\"1920\" \/>\n\t<meta property=\"og:image:height\" content=\"1080\" \/>\n\t<meta property=\"og:image:type\" content=\"image\/jpeg\" \/>\n<meta name=\"author\" content=\"admin-gvs\" \/>\n<meta name=\"twitter:card\" content=\"summary_large_image\" \/>\n<meta name=\"twitter:label1\" content=\"Escrito por\" \/>\n\t<meta name=\"twitter:data1\" content=\"admin-gvs\" \/>\n\t<meta name=\"twitter:label2\" content=\"Est. tempo de leitura\" \/>\n\t<meta name=\"twitter:data2\" content=\"7 minutos\" \/>\n<script type=\"application\/ld+json\" class=\"yoast-schema-graph\">{\"@context\":\"https:\/\/schema.org\",\"@graph\":[{\"@type\":\"Article\",\"@id\":\"https:\/\/www.gvs.com.br\/safety\/2025\/08\/26\/respirador-elipse-fullfaceabek1p3-da-gvs\/#article\",\"isPartOf\":{\"@id\":\"https:\/\/www.gvs.com.br\/safety\/2025\/08\/26\/respirador-elipse-fullfaceabek1p3-da-gvs\/\"},\"author\":{\"name\":\"admin-gvs\",\"@id\":\"https:\/\/www.gvs.com.br\/safety\/#\/schema\/person\/08f0e38941dafa538ee5706ec48fe5a1\"},\"headline\":\"LAN\u00c7AMENTO! Respirador Elipse\u00ae Full Face ABE1P3 &#8211; Prote\u00e7\u00e3o completa e inovadora contra vapores org\u00e2nicos, inorg\u00e2nicos e gases \u00e1cidos\",\"datePublished\":\"2025-08-26T09:00:00+00:00\",\"dateModified\":\"2025-09-09T19:44:09+00:00\",\"mainEntityOfPage\":{\"@id\":\"https:\/\/www.gvs.com.br\/safety\/2025\/08\/26\/respirador-elipse-fullfaceabek1p3-da-gvs\/\"},\"wordCount\":1194,\"commentCount\":0,\"publisher\":{\"@id\":\"https:\/\/www.gvs.com.br\/safety\/#organization\"},\"image\":{\"@id\":\"https:\/\/www.gvs.com.br\/safety\/2025\/08\/26\/respirador-elipse-fullfaceabek1p3-da-gvs\/#primaryimage\"},\"thumbnailUrl\":\"https:\/\/www.gvs.com.br\/safety\/wp-content\/uploads\/2025\/06\/Banner-Blog-Full-Face-ABEK1P3.jpg\",\"keywords\":[\"Elipse\",\"Produtos GVS\",\"Prote\u00e7\u00e3o Respirat\u00f3ria\",\"Safety\"],\"articleSection\":[\"Ajuste Apertado\",\"Safety\"],\"inLanguage\":\"pt-BR\",\"potentialAction\":[{\"@type\":\"CommentAction\",\"name\":\"Comment\",\"target\":[\"https:\/\/www.gvs.com.br\/safety\/2025\/08\/26\/respirador-elipse-fullfaceabek1p3-da-gvs\/#respond\"]}]},{\"@type\":\"WebPage\",\"@id\":\"https:\/\/www.gvs.com.br\/safety\/2025\/08\/26\/respirador-elipse-fullfaceabek1p3-da-gvs\/\",\"url\":\"https:\/\/www.gvs.com.br\/safety\/2025\/08\/26\/respirador-elipse-fullfaceabek1p3-da-gvs\/\",\"name\":\"Respirador Elipse Full Face ABEK1P3 da GVS\",\"isPartOf\":{\"@id\":\"https:\/\/www.gvs.com.br\/safety\/#website\"},\"primaryImageOfPage\":{\"@id\":\"https:\/\/www.gvs.com.br\/safety\/2025\/08\/26\/respirador-elipse-fullfaceabek1p3-da-gvs\/#primaryimage\"},\"image\":{\"@id\":\"https:\/\/www.gvs.com.br\/safety\/2025\/08\/26\/respirador-elipse-fullfaceabek1p3-da-gvs\/#primaryimage\"},\"thumbnailUrl\":\"https:\/\/www.gvs.com.br\/safety\/wp-content\/uploads\/2025\/06\/Banner-Blog-Full-Face-ABEK1P3.jpg\",\"datePublished\":\"2025-08-26T09:00:00+00:00\",\"dateModified\":\"2025-09-09T19:44:09+00:00\",\"description\":\"Com tecnologia de ponta e desempenho superior, o novo Respirador Elipse\u00ae Full Face ABEK1P3 com prote\u00e7\u00e3o multigases redefine o padr\u00e3o de excel\u00eancia.\",\"breadcrumb\":{\"@id\":\"https:\/\/www.gvs.com.br\/safety\/2025\/08\/26\/respirador-elipse-fullfaceabek1p3-da-gvs\/#breadcrumb\"},\"inLanguage\":\"pt-BR\",\"potentialAction\":[{\"@type\":\"ReadAction\",\"target\":[\"https:\/\/www.gvs.com.br\/safety\/2025\/08\/26\/respirador-elipse-fullfaceabek1p3-da-gvs\/\"]}]},{\"@type\":\"ImageObject\",\"inLanguage\":\"pt-BR\",\"@id\":\"https:\/\/www.gvs.com.br\/safety\/2025\/08\/26\/respirador-elipse-fullfaceabek1p3-da-gvs\/#primaryimage\",\"url\":\"https:\/\/www.gvs.com.br\/safety\/wp-content\/uploads\/2025\/06\/Banner-Blog-Full-Face-ABEK1P3.jpg\",\"contentUrl\":\"https:\/\/www.gvs.com.br\/safety\/wp-content\/uploads\/2025\/06\/Banner-Blog-Full-Face-ABEK1P3.jpg\",\"width\":1920,\"height\":1080},{\"@type\":\"BreadcrumbList\",\"@id\":\"https:\/\/www.gvs.com.br\/safety\/2025\/08\/26\/respirador-elipse-fullfaceabek1p3-da-gvs\/#breadcrumb\",\"itemListElement\":[{\"@type\":\"ListItem\",\"position\":1,\"name\":\"In\u00edcio\",\"item\":\"https:\/\/www.gvs.com.br\/safety\/\"},{\"@type\":\"ListItem\",\"position\":2,\"name\":\"LAN\u00c7AMENTO! Respirador Elipse\u00ae Full Face ABE1P3 &#8211; Prote\u00e7\u00e3o completa e inovadora contra vapores org\u00e2nicos, inorg\u00e2nicos e gases \u00e1cidos\"}]},{\"@type\":\"WebSite\",\"@id\":\"https:\/\/www.gvs.com.br\/safety\/#website\",\"url\":\"https:\/\/www.gvs.com.br\/safety\/\",\"name\":\"Safety\",\"description\":\"\",\"publisher\":{\"@id\":\"https:\/\/www.gvs.com.br\/safety\/#organization\"},\"potentialAction\":[{\"@type\":\"SearchAction\",\"target\":{\"@type\":\"EntryPoint\",\"urlTemplate\":\"https:\/\/www.gvs.com.br\/safety\/?s={search_term_string}\"},\"query-input\":{\"@type\":\"PropertyValueSpecification\",\"valueRequired\":true,\"valueName\":\"search_term_string\"}}],\"inLanguage\":\"pt-BR\"},{\"@type\":\"Organization\",\"@id\":\"https:\/\/www.gvs.com.br\/safety\/#organization\",\"name\":\"Safety\",\"url\":\"https:\/\/www.gvs.com.br\/safety\/\",\"logo\":{\"@type\":\"ImageObject\",\"inLanguage\":\"pt-BR\",\"@id\":\"https:\/\/www.gvs.com.br\/safety\/#\/schema\/logo\/image\/\",\"url\":\"https:\/\/www.gvs.com.br\/safety\/wp-content\/uploads\/2024\/12\/Logo-GVS-Safety.png\",\"contentUrl\":\"https:\/\/www.gvs.com.br\/safety\/wp-content\/uploads\/2024\/12\/Logo-GVS-Safety.png\",\"width\":1920,\"height\":1080,\"caption\":\"Safety\"},\"image\":{\"@id\":\"https:\/\/www.gvs.com.br\/safety\/#\/schema\/logo\/image\/\"}},{\"@type\":\"Person\",\"@id\":\"https:\/\/www.gvs.com.br\/safety\/#\/schema\/person\/08f0e38941dafa538ee5706ec48fe5a1\",\"name\":\"admin-gvs\",\"image\":{\"@type\":\"ImageObject\",\"inLanguage\":\"pt-BR\",\"@id\":\"https:\/\/secure.gravatar.com\/avatar\/753807cf2c24e7c5051446eb4fc6c55657714e911f26a29329d9dc501ae35121?s=96&d=mm&r=g\",\"url\":\"https:\/\/secure.gravatar.com\/avatar\/753807cf2c24e7c5051446eb4fc6c55657714e911f26a29329d9dc501ae35121?s=96&d=mm&r=g\",\"contentUrl\":\"https:\/\/secure.gravatar.com\/avatar\/753807cf2c24e7c5051446eb4fc6c55657714e911f26a29329d9dc501ae35121?s=96&d=mm&r=g\",\"caption\":\"admin-gvs\"},\"url\":\"https:\/\/www.gvs.com.br\/safety\/author\/admin-gvs\/\"}]}<\/script>\n<!-- \/ Yoast SEO plugin. -->","yoast_head_json":{"title":"Respirador Elipse Full Face ABEK1P3 da GVS","description":"Com tecnologia de ponta e desempenho superior, o novo Respirador Elipse\u00ae Full Face ABEK1P3 com prote\u00e7\u00e3o multigases redefine o padr\u00e3o de excel\u00eancia.","robots":{"index":"index","follow":"follow","max-snippet":"max-snippet:-1","max-image-preview":"max-image-preview:large","max-video-preview":"max-video-preview:-1"},"canonical":"https:\/\/www.gvs.com.br\/safety\/2025\/08\/26\/respirador-elipse-fullfaceabek1p3-da-gvs\/","og_locale":"pt_BR","og_type":"article","og_title":"Respirador Elipse Full Face ABEK1P3 da GVS","og_description":"Com tecnologia de ponta e desempenho superior, o novo Respirador Elipse\u00ae Full Face ABEK1P3 com prote\u00e7\u00e3o multigases redefine o padr\u00e3o de excel\u00eancia.","og_url":"https:\/\/www.gvs.com.br\/safety\/2025\/08\/26\/respirador-elipse-fullfaceabek1p3-da-gvs\/","og_site_name":"Safety","article_published_time":"2025-08-26T09:00:00+00:00","article_modified_time":"2025-09-09T19:44:09+00:00","og_image":[{"width":1920,"height":1080,"url":"https:\/\/www.gvs.com.br\/safety\/wp-content\/uploads\/2025\/06\/Banner-Blog-Full-Face-ABEK1P3.jpg","type":"image\/jpeg"}],"author":"admin-gvs","twitter_card":"summary_large_image","twitter_misc":{"Escrito por":"admin-gvs","Est. tempo de leitura":"7 minutos"},"schema":{"@context":"https:\/\/schema.org","@graph":[{"@type":"Article","@id":"https:\/\/www.gvs.com.br\/safety\/2025\/08\/26\/respirador-elipse-fullfaceabek1p3-da-gvs\/#article","isPartOf":{"@id":"https:\/\/www.gvs.com.br\/safety\/2025\/08\/26\/respirador-elipse-fullfaceabek1p3-da-gvs\/"},"author":{"name":"admin-gvs","@id":"https:\/\/www.gvs.com.br\/safety\/#\/schema\/person\/08f0e38941dafa538ee5706ec48fe5a1"},"headline":"LAN\u00c7AMENTO! Respirador Elipse\u00ae Full Face ABE1P3 &#8211; Prote\u00e7\u00e3o completa e inovadora contra vapores org\u00e2nicos, inorg\u00e2nicos e gases \u00e1cidos","datePublished":"2025-08-26T09:00:00+00:00","dateModified":"2025-09-09T19:44:09+00:00","mainEntityOfPage":{"@id":"https:\/\/www.gvs.com.br\/safety\/2025\/08\/26\/respirador-elipse-fullfaceabek1p3-da-gvs\/"},"wordCount":1194,"commentCount":0,"publisher":{"@id":"https:\/\/www.gvs.com.br\/safety\/#organization"},"image":{"@id":"https:\/\/www.gvs.com.br\/safety\/2025\/08\/26\/respirador-elipse-fullfaceabek1p3-da-gvs\/#primaryimage"},"thumbnailUrl":"https:\/\/www.gvs.com.br\/safety\/wp-content\/uploads\/2025\/06\/Banner-Blog-Full-Face-ABEK1P3.jpg","keywords":["Elipse","Produtos GVS","Prote\u00e7\u00e3o Respirat\u00f3ria","Safety"],"articleSection":["Ajuste Apertado","Safety"],"inLanguage":"pt-BR","potentialAction":[{"@type":"CommentAction","name":"Comment","target":["https:\/\/www.gvs.com.br\/safety\/2025\/08\/26\/respirador-elipse-fullfaceabek1p3-da-gvs\/#respond"]}]},{"@type":"WebPage","@id":"https:\/\/www.gvs.com.br\/safety\/2025\/08\/26\/respirador-elipse-fullfaceabek1p3-da-gvs\/","url":"https:\/\/www.gvs.com.br\/safety\/2025\/08\/26\/respirador-elipse-fullfaceabek1p3-da-gvs\/","name":"Respirador Elipse Full Face ABEK1P3 da GVS","isPartOf":{"@id":"https:\/\/www.gvs.com.br\/safety\/#website"},"primaryImageOfPage":{"@id":"https:\/\/www.gvs.com.br\/safety\/2025\/08\/26\/respirador-elipse-fullfaceabek1p3-da-gvs\/#primaryimage"},"image":{"@id":"https:\/\/www.gvs.com.br\/safety\/2025\/08\/26\/respirador-elipse-fullfaceabek1p3-da-gvs\/#primaryimage"},"thumbnailUrl":"https:\/\/www.gvs.com.br\/safety\/wp-content\/uploads\/2025\/06\/Banner-Blog-Full-Face-ABEK1P3.jpg","datePublished":"2025-08-26T09:00:00+00:00","dateModified":"2025-09-09T19:44:09+00:00","description":"Com tecnologia de ponta e desempenho superior, o novo Respirador Elipse\u00ae Full Face ABEK1P3 com prote\u00e7\u00e3o multigases redefine o padr\u00e3o de excel\u00eancia.","breadcrumb":{"@id":"https:\/\/www.gvs.com.br\/safety\/2025\/08\/26\/respirador-elipse-fullfaceabek1p3-da-gvs\/#breadcrumb"},"inLanguage":"pt-BR","potentialAction":[{"@type":"ReadAction","target":["https:\/\/www.gvs.com.br\/safety\/2025\/08\/26\/respirador-elipse-fullfaceabek1p3-da-gvs\/"]}]},{"@type":"ImageObject","inLanguage":"pt-BR","@id":"https:\/\/www.gvs.com.br\/safety\/2025\/08\/26\/respirador-elipse-fullfaceabek1p3-da-gvs\/#primaryimage","url":"https:\/\/www.gvs.com.br\/safety\/wp-content\/uploads\/2025\/06\/Banner-Blog-Full-Face-ABEK1P3.jpg","contentUrl":"https:\/\/www.gvs.com.br\/safety\/wp-content\/uploads\/2025\/06\/Banner-Blog-Full-Face-ABEK1P3.jpg","width":1920,"height":1080},{"@type":"BreadcrumbList","@id":"https:\/\/www.gvs.com.br\/safety\/2025\/08\/26\/respirador-elipse-fullfaceabek1p3-da-gvs\/#breadcrumb","itemListElement":[{"@type":"ListItem","position":1,"name":"In\u00edcio","item":"https:\/\/www.gvs.com.br\/safety\/"},{"@type":"ListItem","position":2,"name":"LAN\u00c7AMENTO! Respirador Elipse\u00ae Full Face ABE1P3 &#8211; Prote\u00e7\u00e3o completa e inovadora contra vapores org\u00e2nicos, inorg\u00e2nicos e gases \u00e1cidos"}]},{"@type":"WebSite","@id":"https:\/\/www.gvs.com.br\/safety\/#website","url":"https:\/\/www.gvs.com.br\/safety\/","name":"Safety","description":"","publisher":{"@id":"https:\/\/www.gvs.com.br\/safety\/#organization"},"potentialAction":[{"@type":"SearchAction","target":{"@type":"EntryPoint","urlTemplate":"https:\/\/www.gvs.com.br\/safety\/?s={search_term_string}"},"query-input":{"@type":"PropertyValueSpecification","valueRequired":true,"valueName":"search_term_string"}}],"inLanguage":"pt-BR"},{"@type":"Organization","@id":"https:\/\/www.gvs.com.br\/safety\/#organization","name":"Safety","url":"https:\/\/www.gvs.com.br\/safety\/","logo":{"@type":"ImageObject","inLanguage":"pt-BR","@id":"https:\/\/www.gvs.com.br\/safety\/#\/schema\/logo\/image\/","url":"https:\/\/www.gvs.com.br\/safety\/wp-content\/uploads\/2024\/12\/Logo-GVS-Safety.png","contentUrl":"https:\/\/www.gvs.com.br\/safety\/wp-content\/uploads\/2024\/12\/Logo-GVS-Safety.png","width":1920,"height":1080,"caption":"Safety"},"image":{"@id":"https:\/\/www.gvs.com.br\/safety\/#\/schema\/logo\/image\/"}},{"@type":"Person","@id":"https:\/\/www.gvs.com.br\/safety\/#\/schema\/person\/08f0e38941dafa538ee5706ec48fe5a1","name":"admin-gvs","image":{"@type":"ImageObject","inLanguage":"pt-BR","@id":"https:\/\/secure.gravatar.com\/avatar\/753807cf2c24e7c5051446eb4fc6c55657714e911f26a29329d9dc501ae35121?s=96&d=mm&r=g","url":"https:\/\/secure.gravatar.com\/avatar\/753807cf2c24e7c5051446eb4fc6c55657714e911f26a29329d9dc501ae35121?s=96&d=mm&r=g","contentUrl":"https:\/\/secure.gravatar.com\/avatar\/753807cf2c24e7c5051446eb4fc6c55657714e911f26a29329d9dc501ae35121?s=96&d=mm&r=g","caption":"admin-gvs"},"url":"https:\/\/www.gvs.com.br\/safety\/author\/admin-gvs\/"}]}},"uagb_featured_image_src":{"full":["https:\/\/www.gvs.com.br\/safety\/wp-content\/uploads\/2025\/06\/Banner-Blog-Full-Face-ABEK1P3.jpg",1920,1080,false],"thumbnail":["https:\/\/www.gvs.com.br\/safety\/wp-content\/uploads\/2025\/06\/Banner-Blog-Full-Face-ABEK1P3-150x150.jpg",150,150,true],"medium":["https:\/\/www.gvs.com.br\/safety\/wp-content\/uploads\/2025\/06\/Banner-Blog-Full-Face-ABEK1P3-300x169.jpg",300,169,true],"medium_large":["https:\/\/www.gvs.com.br\/safety\/wp-content\/uploads\/2025\/06\/Banner-Blog-Full-Face-ABEK1P3-768x432.jpg",768,432,true],"large":["https:\/\/www.gvs.com.br\/safety\/wp-content\/uploads\/2025\/06\/Banner-Blog-Full-Face-ABEK1P3-1024x576.jpg",1024,576,true],"1536x1536":["https:\/\/www.gvs.com.br\/safety\/wp-content\/uploads\/2025\/06\/Banner-Blog-Full-Face-ABEK1P3-1536x864.jpg",1536,864,true],"2048x2048":["https:\/\/www.gvs.com.br\/safety\/wp-content\/uploads\/2025\/06\/Banner-Blog-Full-Face-ABEK1P3.jpg",1920,1080,false]},"uagb_author_info":{"display_name":"admin-gvs","author_link":"https:\/\/www.gvs.com.br\/safety\/author\/admin-gvs\/"},"uagb_comment_info":0,"uagb_excerpt":"LAN\u00c7AMENTO! Respirador Elipse\u00ae Full Face ABEK1P3 da GVSUma nova era na prote\u00e7\u00e3o respirat\u00f3ria profissional A GVS apresenta ao mercado brasileiro [&hellip;]","_links":{"self":[{"href":"https:\/\/www.gvs.com.br\/safety\/wp-json\/wp\/v2\/posts\/2442","targetHints":{"allow":["GET"]}}],"collection":[{"href":"https:\/\/www.gvs.com.br\/safety\/wp-json\/wp\/v2\/posts"}],"about":[{"href":"https:\/\/www.gvs.com.br\/safety\/wp-json\/wp\/v2\/types\/post"}],"author":[{"embeddable":true,"href":"https:\/\/www.gvs.com.br\/safety\/wp-json\/wp\/v2\/users\/2"}],"replies":[{"embeddable":true,"href":"https:\/\/www.gvs.com.br\/safety\/wp-json\/wp\/v2\/comments?post=2442"}],"version-history":[{"count":3,"href":"https:\/\/www.gvs.com.br\/safety\/wp-json\/wp\/v2\/posts\/2442\/revisions"}],"predecessor-version":[{"id":2862,"href":"https:\/\/www.gvs.com.br\/safety\/wp-json\/wp\/v2\/posts\/2442\/revisions\/2862"}],"wp:featuredmedia":[{"embeddable":true,"href":"https:\/\/www.gvs.com.br\/safety\/wp-json\/wp\/v2\/media\/2437"}],"wp:attachment":[{"href":"https:\/\/www.gvs.com.br\/safety\/wp-json\/wp\/v2\/media?parent=2442"}],"wp:term":[{"taxonomy":"category","embeddable":true,"href":"https:\/\/www.gvs.com.br\/safety\/wp-json\/wp\/v2\/categories?post=2442"},{"taxonomy":"post_tag","embeddable":true,"href":"https:\/\/www.gvs.com.br\/safety\/wp-json\/wp\/v2\/tags?post=2442"}],"curies":[{"name":"wp","href":"https:\/\/api.w.org\/{rel}","templated":true}]}}