{"id":2435,"date":"2025-08-13T09:00:00","date_gmt":"2025-08-13T09:00:00","guid":{"rendered":"https:\/\/gvs.com.br\/safety\/?p=2435"},"modified":"2025-09-09T19:42:18","modified_gmt":"2025-09-09T19:42:18","slug":"respirador-elipse-fullfaceabe1p3-da-gvs","status":"publish","type":"post","link":"https:\/\/www.gvs.com.br\/safety\/2025\/08\/13\/respirador-elipse-fullfaceabe1p3-da-gvs\/","title":{"rendered":"LAN\u00c7AMENTO! Respirador Elipse\u00ae Full Face ABE1P3Prote\u00e7\u00e3o completa e inovadora contra vapores org\u00e2nicos, inorg\u00e2nicos e gases \u00e1cidos"},"content":{"rendered":"\n<div class=\"wp-block-uagb-container uagb-block-2d8af228 alignfull uagb-is-root-container\"><div class=\"uagb-container-inner-blocks-wrap\">\n<div class=\"wp-block-uagb-advanced-heading uagb-block-5f83d798\"><h2 class=\"uagb-heading-text\"><strong>LAN\u00c7AMENTO! <\/strong><br><strong>Respirador Elipse\u00ae Full Face ABE1P3<\/strong><br><strong>Prote\u00e7\u00e3o completa e inovadora contra <\/strong><br><strong>vapores org\u00e2nicos, inorg\u00e2nicos e gases \u00e1cidos<\/strong><\/h2><\/div>\n<\/div><\/div>\n\n\n\n<p><\/p>\n\n\n\n<p class=\"has-text-align-justify has-text-align-justify\">A GVS, refer\u00eancia global em solu\u00e7\u00f5es de prote\u00e7\u00e3o individual, apresenta ao mercado brasileiro seu mais novo lan\u00e7amento: o Respirador Elipse\u00ae Full Face ABE1P3. Desenvolvido para elevar os padr\u00f5es de seguran\u00e7a e conforto em ambientes de risco elevado, o novo modelo se destaca por seu design de perfil baixo, alt\u00edssimo desempenho de filtragem e compatibilidade com capacetes de seguran\u00e7a. Este \u00e9 o equipamento ideal para quem n\u00e3o pode abrir m\u00e3o de prote\u00e7\u00e3o respirat\u00f3ria completa em atividades cr\u00edticas.<\/p>\n\n\n\n<div class=\"wp-block-uagb-container uagb-block-5d8833fa alignfull uagb-is-root-container\"><div class=\"uagb-container-inner-blocks-wrap\">\n<div class=\"wp-block-uagb-container uagb-block-0912226c\">\n<div class=\"wp-block-uagb-advanced-heading uagb-block-7aef7225\"><h2 class=\"uagb-heading-text\"><strong>Respirador Elipse\u00ae Full Face ABE1P3: Revolucionando a prote\u00e7\u00e3o respirat\u00f3ria<\/strong><\/h2><\/div>\n\n\n\n<p class=\"has-text-align-justify has-text-align-justify\">O Respirador Elipse\u00ae Full Face ABE1P3\u00e9 a mais nova solu\u00e7\u00e3o da divis\u00e3o Safety GVS, criada especialmente para profissionais expostos a vapores org\u00e2nicos, vapores inorg\u00e2nicos, gases \u00e1cidos e part\u00edculas t\u00f3xicas. O lan\u00e7amento representa um salto em tecnologia, ergonomia e efici\u00eancia. Com um campo de vis\u00e3o ampliado, veda\u00e7\u00e3o facial em silicone e estrutura leve, ele oferece uma experi\u00eancia de uso confort\u00e1vel e segura mesmo em longas jornadas.<\/p>\n<\/div>\n\n\n\n<div class=\"wp-block-uagb-container uagb-block-185bea43\">\n<div class=\"wp-block-uagb-image uagb-block-c992fe02 wp-block-uagb-image--layout-default wp-block-uagb-image--effect-static wp-block-uagb-image--align-none\"><figure class=\"wp-block-uagb-image__figure\"><img decoding=\"async\"  sizes=\"auto, (max-width: 480px) 150px\" src=\"https:\/\/www.gvs.com.br\/safety\/wp-content\/uploads\/2025\/05\/Full-Face-com-Filtros-ABE1P3.png\" alt=\"\" width=\"900\" height=\"900\" title=\"Full Face com Filtros ABE1P3\" loading=\"lazy\" role=\"img\"\/><\/figure><\/div>\n<\/div>\n<\/div><\/div>\n\n\n\n<h2 class=\"wp-block-heading\"><strong>Design inteligente: perfil baixo e vis\u00e3o panor\u00e2mica<\/strong><\/h2>\n\n\n\n<p>O grande diferencial do Respirador Elipse\u00ae Full Face ABE1P3est\u00e1 no design de perfil baixo, que reduz interfer\u00eancias durante o uso e amplia significativamente o campo de vis\u00e3o. Esse aspecto \u00e9 crucial para opera\u00e7\u00f5es em ambientes confinados, locais de dif\u00edcil acesso ou onde a percep\u00e7\u00e3o visual pode evitar acidentes. A viseira em policarbonato sobremoldada com silicone garante resist\u00eancia a impactos e total clareza visual.<\/p>\n\n\n\n<h2 class=\"wp-block-heading\"><strong>Qual a fun\u00e7\u00e3o do novo Respirador Elipse\u00ae Full Face ABE1P3?<\/strong><\/h2>\n\n\n\n<p>Trata-se de um respirador facial completo que cobre toda a face do usu\u00e1rio e utiliza filtros combinados ABE1P3. Esses filtros oferecem prote\u00e7\u00e3o contra vapores org\u00e2nicos (tipo A), vapores inorg\u00e2nicos (tipo B), gases \u00e1cidos (tipo E) e part\u00edculas (classe P3), sendo ideal para atmosferas potencialmente t\u00f3xicas. Sua fun\u00e7\u00e3o \u00e9 garantir a integridade respirat\u00f3ria do profissional exposto a agentes contaminantes no ar.<\/p>\n\n\n\n<div class=\"wp-block-uagb-image uagb-block-79188061 wp-block-uagb-image--layout-default wp-block-uagb-image--effect-static wp-block-uagb-image--align-none\"><figure class=\"wp-block-uagb-image__figure\"><img decoding=\"async\"  sizes=\"auto, (max-width: 480px) 150px\" src=\"https:\/\/www.gvs.com.br\/safety\/wp-content\/uploads\/2025\/06\/AGRICOLTURA-ABE1P3-11.jpg\" alt=\"\" width=\"1000\" height=\"666\" title=\"AGRICOLTURA-ABE1P3-11\" loading=\"lazy\" role=\"img\"\/><\/figure><\/div>\n\n\n\n<p><\/p>\n\n\n\n<div class=\"wp-block-uagb-advanced-heading uagb-block-1f11d79d\"><h2 class=\"uagb-heading-text\"><strong>Benef\u00edcios e vantagens do novo Respirador Elipse\u00ae Full Face ABE1P3<\/strong><\/h2><\/div>\n\n\n\n<p>Escolher o Respirador Elipse\u00ae Full Face ABE1P3 da GVS \u00e9 investir em uma solu\u00e7\u00e3o completa e eficaz de prote\u00e7\u00e3o respirat\u00f3ria. Seu projeto inovador combina alto desempenho t\u00e9cnico com conforto excepcional, atendendo \u00e0s necessidades dos profissionais mais exigentes. Veja os principais benef\u00edcios:<\/p>\n\n\n\n<p><strong>\u2705 Prote\u00e7\u00e3o avan\u00e7ada multirrisco<\/strong><\/p>\n\n\n\n<p>Com filtragem ABE1P3, o respirador oferece uma barreira eficaz contra vapores org\u00e2nicos (A), vapores inorg\u00e2nicos (B), gases \u00e1cidos (E) e part\u00edculas t\u00f3xicas (P3). \u00c9 a escolha ideal para ambientes com m\u00faltiplos agentes contaminantes, proporcionando prote\u00e7\u00e3o integral com efici\u00eancia m\u00ednima de 99,95%.<\/p>\n\n\n\n<p><strong>\u2705 Visibilidade superior com campo de vis\u00e3o ampliado<\/strong><\/p>\n\n\n\n<p>O design de perfil baixo e a viseira panor\u00e2mica em policarbonato garantem ampla visibilidade sem distor\u00e7\u00f5es. Isso reduz riscos operacionais e melhora a percep\u00e7\u00e3o do ambiente, fator essencial para a seguran\u00e7a em tarefas cr\u00edticas.<\/p>\n\n\n\n<p><strong>\u2705 Conforto extremo para longas jornadas<\/strong><\/p>\n\n\n\n<p>A veda\u00e7\u00e3o facial em silicone macio adapta-se perfeitamente ao rosto, distribuindo a press\u00e3o de forma uniforme e evitando inc\u00f4modos mesmo ap\u00f3s horas de uso cont\u00ednuo. A faixa de cabe\u00e7a ajust\u00e1vel tamb\u00e9m contribui para o encaixe preciso e confort\u00e1vel.<\/p>\n\n\n\n<p><strong>\u2705 Estrutura leve e ergon\u00f4mica<\/strong><\/p>\n\n\n\n<p>Com apenas 550 g, o respirador proporciona leveza e equil\u00edbrio no uso. A sensa\u00e7\u00e3o de peso reduzido aumenta a mobilidade e reduz a fadiga, tornando o equipamento ideal para jornadas prolongadas em ambientes industriais ou operacionais.<\/p>\n\n\n\n<p><strong>\u2705 Baixa manuten\u00e7\u00e3o, alta durabilidade<\/strong><\/p>\n\n\n\n<p>O respirador foi projetado para facilitar a limpeza e desmontagem sem uso de ferramentas. Al\u00e9m disso, os materiais resistentes e de grau m\u00e9dico garantem vida \u00fatil prolongada, mesmo em ambientes agressivos.<\/p>\n\n\n\n<p><strong>\u2705 Filtragem inteligente e eficiente<\/strong><\/p>\n\n\n\n<p>Os filtros plissados aumentam a \u00e1rea de contato com o ar, melhorando a efici\u00eancia na reten\u00e7\u00e3o de part\u00edculas. J\u00e1 o carv\u00e3o ativado tratado \u00e9 projetado para otimizar a adsor\u00e7\u00e3o de gases, com m\u00e1xima utiliza\u00e7\u00e3o do material filtrante gra\u00e7as ao design interno que favorece o fluxo de ar.<\/p>\n\n\n\n<p><strong>\u2705 Conformidade e confiabilidade<\/strong><\/p>\n\n\n\n<p>Todos os materiais utilizados s\u00e3o de alta qualidade, incluindo TPE grau m\u00e9dico, silicone e policarbonato. O respirador atende aos padr\u00f5es de seguran\u00e7a e qualidade exigidos para ambientes de alto risco, refor\u00e7ando o compromisso da GVS com a excel\u00eancia.<\/p>\n\n\n\n<div class=\"wp-block-uagb-advanced-heading uagb-block-45923a27\"><h2 class=\"uagb-heading-text\"><strong>Caracter\u00edsticas t\u00e9cnicas<\/strong><\/h2><\/div>\n\n\n\n<ul class=\"wp-block-list\">\n<li><strong>Efici\u00eancia de filtragem:<\/strong>\n<ul class=\"wp-block-list\">\n<li>P3 &gt; 99,95% para part\u00edculas de 0,3\u03bc.<\/li>\n\n\n\n<li>Prote\u00e7\u00e3o qu\u00edmica testada e aprovada:\n<ul class=\"wp-block-list\">\n<li>70 min contra Ciclohexano (C6H12).<\/li>\n\n\n\n<li>40 min contra Sulfeto de hidrog\u00eanio (H2S).<\/li>\n\n\n\n<li>25 min contra Cianeto de hidrog\u00eanio (HCN).<\/li>\n\n\n\n<li>20 min contra Cloro (Cl2) e Di\u00f3xido de enxofre (SO2).<\/li>\n\n\n\n<li>50 min contra Am\u00f4nia (NH3).<\/li>\n<\/ul>\n<\/li>\n<\/ul>\n<\/li>\n\n\n\n<li><strong>Materiais de alto desempenho:<\/strong>\n<ul class=\"wp-block-list\">\n<li>Corpo interno em TPE grau m\u00e9dico.<\/li>\n\n\n\n<li>Viseira em policarbonato sobremoldado.<\/li>\n\n\n\n<li>Faixa de cabe\u00e7a em silicone.<\/li>\n\n\n\n<li>V\u00e1lvula em nylon com diafragma de silicone.<\/li>\n<\/ul>\n<\/li>\n\n\n\n<li><strong>Filtros ABE1P3:<\/strong>\n<ul class=\"wp-block-list\">\n<li>Plissados para part\u00edculas + carv\u00e3o ativado tratado.<\/li>\n\n\n\n<li>Elemento de carbono encapsulado.<\/li>\n\n\n\n<li>Estrutura que facilita o fluxo de ar e o aproveitamento total do meio filtrante.<\/li>\n<\/ul>\n<\/li>\n<\/ul>\n\n\n\n<div class=\"wp-block-uagb-advanced-heading uagb-block-641bdea7\"><h2 class=\"uagb-heading-text\"><strong>\u00c1reas de aplica\u00e7\u00e3o<\/strong><\/h2><\/div>\n\n\n\n<p>O Respirador Elipse\u00ae Full Face ABE1P3 \u00e9 recomendado para uso nas seguintes ind\u00fastrias e atividades:<\/p>\n\n\n\n<ul class=\"wp-block-list\">\n<li><strong>Soldagem:<\/strong> fumos met\u00e1licos e part\u00edculas em espa\u00e7os confinados.<\/li>\n\n\n\n<li><strong>Constru\u00e7\u00e3o civil:<\/strong> contato com tintas, solventes e moldes.<\/li>\n\n\n\n<li><strong>Setor automotivo e naval:<\/strong> manipula\u00e7\u00e3o de ep\u00f3xi, tintas e solventes.<\/li>\n\n\n\n<li><strong>Manufatura qu\u00edmica:<\/strong> exposi\u00e7\u00e3o a gases org\u00e2nicos diversos.<\/li>\n\n\n\n<li><strong>Agricultura:<\/strong> aplica\u00e7\u00e3o de pesticidas e defensivos agr\u00edcolas.<\/li>\n<\/ul>\n\n\n\n<div class=\"wp-block-uagb-separator uagb-block-1f7568bb\"><div class=\"uagb-separator-spacing-wrapper\"><div class=\"wp-block-uagb-separator__inner\" style=\"--my-background-image:\"><\/div><\/div><\/div>\n\n\n\n<div class=\"wp-block-uagb-container uagb-block-1d023134 alignfull uagb-is-root-container\"><div class=\"uagb-container-inner-blocks-wrap\">\n<div class=\"wp-block-uagb-container uagb-block-1d0dacfd\">\n<div class=\"wp-block-uagb-advanced-heading uagb-block-7190c5bc\"><h2 class=\"uagb-heading-text\"><strong>\u00c1reas de aplica\u00e7\u00e3o<\/strong><\/h2><\/div>\n\n\n\n<p>O Respirador Elipse\u00ae Full Face ABE1P3 \u00e9 recomendado para uso nas seguintes ind\u00fastrias e atividades:<\/p>\n\n\n\n<ul class=\"wp-block-list\">\n<li><strong>Soldagem:<\/strong> fumos met\u00e1licos e part\u00edculas em espa\u00e7os confinados.<\/li>\n\n\n\n<li><strong>Constru\u00e7\u00e3o civil:<\/strong> contato com tintas, solventes e moldes.<\/li>\n\n\n\n<li><strong>Setor automotivo e naval:<\/strong> manipula\u00e7\u00e3o de ep\u00f3xi, tintas e solventes.<\/li>\n\n\n\n<li><strong>Manufatura qu\u00edmica:<\/strong> exposi\u00e7\u00e3o a gases org\u00e2nicos diversos.<\/li>\n\n\n\n<li><strong>Agricultura:<\/strong> aplica\u00e7\u00e3o de pesticidas e defensivos agr\u00edcolas.<\/li>\n<\/ul>\n<\/div>\n\n\n\n<div class=\"wp-block-uagb-container uagb-block-656a40ed\">\n<div class=\"wp-block-uagb-image uagb-block-8240f3ee wp-block-uagb-image--layout-default wp-block-uagb-image--effect-static wp-block-uagb-image--align-none\"><figure class=\"wp-block-uagb-image__figure\"><img decoding=\"async\"  sizes=\"auto, (max-width: 480px) 150px\" src=\"https:\/\/www.gvs.com.br\/safety\/wp-content\/uploads\/2025\/06\/AGRICOLTURA-ABE1P3-05-683x1024.jpg\" alt=\"\" width=\"412\" height=\"617\" title=\"AGRICOLTURA-ABE1P3-05\" loading=\"lazy\" role=\"img\"\/><\/figure><\/div>\n<\/div>\n<\/div><\/div>\n\n\n\n<div class=\"wp-block-uagb-separator uagb-block-12928a3d\"><div class=\"uagb-separator-spacing-wrapper\"><div class=\"wp-block-uagb-separator__inner\" style=\"--my-background-image:\"><\/div><\/div><\/div>\n\n\n\n<div class=\"wp-block-uagb-advanced-heading uagb-block-990acc68\"><h2 class=\"uagb-heading-text\"><strong>Por que escolher o Respirador Elipse\u00ae Full Face ABE1P3 da GVS?<\/strong><\/h2><\/div>\n\n\n\n<p>Ao escolher o Full Face ABE1P3, garante-se uma prote\u00e7\u00e3o respirat\u00f3ria de \u00faltima gera\u00e7\u00e3o, aliada ao conforto necess\u00e1rio para longos turnos e ambientes hostis. A expertise da GVS no desenvolvimento de solu\u00e7\u00f5es com alto desempenho t\u00e9cnico e ergon\u00f4mico \u00e9 refletida em cada detalhe do produto. Trata-se de um investimento em seguran\u00e7a, produtividade e qualidade de vida no trabalho.<\/p>\n\n\n\n<div class=\"wp-block-uagb-advanced-heading uagb-block-42103916\"><h3 class=\"uagb-heading-text\"><strong>Mais que um lan\u00e7amento, uma nova era em prote\u00e7\u00e3o respirat\u00f3ria<\/strong><\/h3><\/div>\n\n\n\n<p>A chegada da linha de Respiradores Elipse\u00ae Full Faceao portf\u00f3lio GVS marca o compromisso cont\u00ednuo da empresa com a inova\u00e7\u00e3o e a seguran\u00e7a do trabalhador. Com tecnologia de ponta, design moderno e prote\u00e7\u00e3o confi\u00e1vel, essa nova linha redefine o conceito de EPI para ambientes exigentes.<\/p>\n\n\n\n<div class=\"wp-block-uagb-advanced-heading uagb-block-02298dab\"><h4 class=\"uagb-heading-text\"><strong>Dispon\u00edvel agora no Brasil. Consulte o nosso time.<\/strong><\/h4><\/div>\n\n\n\n<div class=\"wp-block-uagb-separator uagb-block-73bdea59\"><div class=\"uagb-separator-spacing-wrapper\"><div class=\"wp-block-uagb-separator__inner\" style=\"--my-background-image:\"><\/div><\/div><\/div>\n\n\n\n<div class=\"wp-block-uagb-advanced-heading uagb-block-37689345\"><h2 class=\"uagb-heading-text\"><strong>Acreditamos em proteger voc\u00ea para os melhores momentos da vida!<\/strong><\/h2><\/div>\n\n\n\n<p>Criamos solu\u00e7\u00f5es de prote\u00e7\u00e3o respirat\u00f3ria que tornam voc\u00ea e sua equipe mais seguros, para que todos possam voltar para casa no final de cada dia, seguros, saud\u00e1veis e capazes de fazer aquilo que mais importa.<\/p>\n\n\n\n<div class=\"wp-block-uagb-separator uagb-block-b8b79ce8\"><div class=\"uagb-separator-spacing-wrapper\"><div class=\"wp-block-uagb-separator__inner\" style=\"--my-background-image:\"><\/div><\/div><\/div>\n\n\n\n<div class=\"wp-block-uagb-call-to-action uagb-block-e6f6b3df wp-block-button\"><div class=\"uagb-cta__wrap\"><h3 class=\"uagb-cta__title\">Fale com a gente!<\/h3><p class=\"uagb-cta__desc\">Entre em contato com o nosso time hoje mesmo, esclare\u00e7a as suas d\u00favidas e&nbsp;<strong>solicite a sua cota\u00e7\u00e3o!<\/strong><\/p><\/div><div class=\"uagb-cta__buttons\"><a href=\"https:\/\/wa.me\/551938797222\" class=\"uagb-cta__button-link-wrapper wp-block-button__link\" target=\"_self\" rel=\"noopener noreferrer\"><svg xmlns=\"https:\/\/www.w3.org\/2000\/svg\" viewBox=\"0 0 448 512\"><path d=\"M380.9 97.1C339 55.1 283.2 32 223.9 32c-122.4 0-222 99.6-222 222 0 39.1 10.2 77.3 29.6 111L0 480l117.7-30.9c32.4 17.7 68.9 27 106.1 27h.1c122.3 0 224.1-99.6 224.1-222 0-59.3-25.2-115-67.1-157zm-157 341.6c-33.2 0-65.7-8.9-94-25.7l-6.7-4-69.8 18.3L72 359.2l-4.4-7c-18.5-29.4-28.2-63.3-28.2-98.2 0-101.7 82.8-184.5 184.6-184.5 49.3 0 95.6 19.2 130.4 54.1 34.8 34.9 56.2 81.2 56.1 130.5 0 101.8-84.9 184.6-186.6 184.6zm101.2-138.2c-5.5-2.8-32.8-16.2-37.9-18-5.1-1.9-8.8-2.8-12.5 2.8-3.7 5.6-14.3 18-17.6 21.8-3.2 3.7-6.5 4.2-12 1.4-32.6-16.3-54-29.1-75.5-66-5.7-9.8 5.7-9.1 16.3-30.3 1.8-3.7 .9-6.9-.5-9.7-1.4-2.8-12.5-30.1-17.1-41.2-4.5-10.8-9.1-9.3-12.5-9.5-3.2-.2-6.9-.2-10.6-.2-3.7 0-9.7 1.4-14.8 6.9-5.1 5.6-19.4 19-19.4 46.3 0 27.3 19.9 53.7 22.6 57.4 2.8 3.7 39.1 59.7 94.8 83.8 35.2 15.2 49 16.5 66.6 13.9 10.7-1.6 32.8-13.4 37.4-26.4 4.6-13 4.6-24.1 3.2-26.4-1.3-2.5-5-3.9-10.5-6.6z\"><\/path><\/svg>WhatsApp<\/a><\/div><\/div>\n\n\n\n<div class=\"wp-block-uagb-separator uagb-block-96e52944\"><div class=\"uagb-separator-spacing-wrapper\"><div class=\"wp-block-uagb-separator__inner\" style=\"--my-background-image:\"><\/div><\/div><\/div>\n\n\n\n<div class=\"wp-block-uagb-call-to-action uagb-block-bf9c28ce wp-block-button\"><div class=\"uagb-cta__wrap\"><h3 class=\"uagb-cta__title\">Fique por dentro das novidades!<\/h3><p class=\"uagb-cta__desc\">Acompanhe nossa jornada de inova\u00e7\u00e3o e saiba mais sobre nossos produtos, acesse <strong>Safety da GVS.<\/strong><\/p><\/div><div class=\"uagb-cta__buttons\"><a href=\"https:\/\/www.gvs.com.br\/safety\" class=\"uagb-cta__button-link-wrapper wp-block-button__link\" target=\"_self\" rel=\"noopener noreferrer\">Acesse o site<\/a><\/div><\/div>\n\n\n\n<p><\/p>\n","protected":false},"excerpt":{"rendered":"<p>LAN\u00c7AMENTO! Respirador Elipse\u00ae Full Face ABE1P3Prote\u00e7\u00e3o completa e inovadora contra vapores org\u00e2nicos, inorg\u00e2nicos e gases \u00e1cidos A GVS, refer\u00eancia global [&hellip;]<\/p>\n","protected":false},"author":2,"featured_media":2436,"comment_status":"open","ping_status":"open","sticky":false,"template":"","format":"standard","meta":{"_uag_custom_page_level_css":"","site-sidebar-layout":"default","site-content-layout":"","ast-site-content-layout":"","site-content-style":"default","site-sidebar-style":"default","ast-global-header-display":"","ast-banner-title-visibility":"","ast-main-header-display":"","ast-hfb-above-header-display":"","ast-hfb-below-header-display":"","ast-hfb-mobile-header-display":"","site-post-title":"disabled","ast-breadcrumbs-content":"","ast-featured-img":"","footer-sml-layout":"","ast-disable-related-posts":"","theme-transparent-header-meta":"","adv-header-id-meta":"","stick-header-meta":"","header-above-stick-meta":"","header-main-stick-meta":"","header-below-stick-meta":"","astra-migrate-meta-layouts":"default","ast-page-background-enabled":"default","ast-page-background-meta":{"desktop":{"background-color":"var(--ast-global-color-4)","background-image":"","background-repeat":"repeat","background-position":"center center","background-size":"auto","background-attachment":"scroll","background-type":"","background-media":"","overlay-type":"","overlay-color":"","overlay-opacity":"","overlay-gradient":""},"tablet":{"background-color":"","background-image":"","background-repeat":"repeat","background-position":"center center","background-size":"auto","background-attachment":"scroll","background-type":"","background-media":"","overlay-type":"","overlay-color":"","overlay-opacity":"","overlay-gradient":""},"mobile":{"background-color":"","background-image":"","background-repeat":"repeat","background-position":"center center","background-size":"auto","background-attachment":"scroll","background-type":"","background-media":"","overlay-type":"","overlay-color":"","overlay-opacity":"","overlay-gradient":""}},"ast-content-background-meta":{"desktop":{"background-color":"var(--ast-global-color-5)","background-image":"","background-repeat":"repeat","background-position":"center center","background-size":"auto","background-attachment":"scroll","background-type":"","background-media":"","overlay-type":"","overlay-color":"","overlay-opacity":"","overlay-gradient":""},"tablet":{"background-color":"var(--ast-global-color-5)","background-image":"","background-repeat":"repeat","background-position":"center center","background-size":"auto","background-attachment":"scroll","background-type":"","background-media":"","overlay-type":"","overlay-color":"","overlay-opacity":"","overlay-gradient":""},"mobile":{"background-color":"var(--ast-global-color-5)","background-image":"","background-repeat":"repeat","background-position":"center center","background-size":"auto","background-attachment":"scroll","background-type":"","background-media":"","overlay-type":"","overlay-color":"","overlay-opacity":"","overlay-gradient":""}},"footnotes":""},"categories":[11,5],"tags":[34,17,15,16],"class_list":["post-2435","post","type-post","status-publish","format-standard","has-post-thumbnail","hentry","category-ajuste-apertado","category-safety","tag-elipse","tag-produtos-gvs","tag-protecao-respiratoria","tag-safety"],"yoast_head":"<!-- This site is optimized with the Yoast SEO plugin v27.2 - https:\/\/yoast.com\/product\/yoast-seo-wordpress\/ -->\n<title>Respirador Elipse\u00ae Full Face ABE1P3 da GVS<\/title>\n<meta name=\"description\" content=\"O Respirador Elipse\u00ae Full Face ABE1P3. Desenvolvido para elevar os padr\u00f5es de seguran\u00e7a e conforto em ambientes de risco elevado.\" \/>\n<meta name=\"robots\" content=\"index, follow, max-snippet:-1, max-image-preview:large, max-video-preview:-1\" \/>\n<link rel=\"canonical\" href=\"https:\/\/www.gvs.com.br\/safety\/2025\/08\/13\/respirador-elipse-fullfaceabe1p3-da-gvs\/\" \/>\n<meta property=\"og:locale\" content=\"pt_BR\" \/>\n<meta property=\"og:type\" content=\"article\" \/>\n<meta property=\"og:title\" content=\"Respirador Elipse\u00ae Full Face ABE1P3 da GVS\" \/>\n<meta property=\"og:description\" content=\"O Respirador Elipse\u00ae Full Face ABE1P3. Desenvolvido para elevar os padr\u00f5es de seguran\u00e7a e conforto em ambientes de risco elevado.\" \/>\n<meta property=\"og:url\" content=\"https:\/\/www.gvs.com.br\/safety\/2025\/08\/13\/respirador-elipse-fullfaceabe1p3-da-gvs\/\" \/>\n<meta property=\"og:site_name\" content=\"Safety\" \/>\n<meta property=\"article:published_time\" content=\"2025-08-13T09:00:00+00:00\" \/>\n<meta property=\"article:modified_time\" content=\"2025-09-09T19:42:18+00:00\" \/>\n<meta property=\"og:image\" content=\"https:\/\/www.gvs.com.br\/safety\/wp-content\/uploads\/2025\/06\/Banner-Blog-Full-Face-ABE1P3.jpg\" \/>\n\t<meta property=\"og:image:width\" content=\"1920\" \/>\n\t<meta property=\"og:image:height\" content=\"1080\" \/>\n\t<meta property=\"og:image:type\" content=\"image\/jpeg\" \/>\n<meta name=\"author\" content=\"admin-gvs\" \/>\n<meta name=\"twitter:card\" content=\"summary_large_image\" \/>\n<meta name=\"twitter:label1\" content=\"Escrito por\" \/>\n\t<meta name=\"twitter:data1\" content=\"admin-gvs\" \/>\n\t<meta name=\"twitter:label2\" content=\"Est. tempo de leitura\" \/>\n\t<meta name=\"twitter:data2\" content=\"7 minutos\" \/>\n<script type=\"application\/ld+json\" class=\"yoast-schema-graph\">{\"@context\":\"https:\/\/schema.org\",\"@graph\":[{\"@type\":\"Article\",\"@id\":\"https:\/\/www.gvs.com.br\/safety\/2025\/08\/13\/respirador-elipse-fullfaceabe1p3-da-gvs\/#article\",\"isPartOf\":{\"@id\":\"https:\/\/www.gvs.com.br\/safety\/2025\/08\/13\/respirador-elipse-fullfaceabe1p3-da-gvs\/\"},\"author\":{\"name\":\"admin-gvs\",\"@id\":\"https:\/\/www.gvs.com.br\/safety\/#\/schema\/person\/08f0e38941dafa538ee5706ec48fe5a1\"},\"headline\":\"LAN\u00c7AMENTO! Respirador Elipse\u00ae Full Face ABE1P3Prote\u00e7\u00e3o completa e inovadora contra vapores org\u00e2nicos, inorg\u00e2nicos e gases \u00e1cidos\",\"datePublished\":\"2025-08-13T09:00:00+00:00\",\"dateModified\":\"2025-09-09T19:42:18+00:00\",\"mainEntityOfPage\":{\"@id\":\"https:\/\/www.gvs.com.br\/safety\/2025\/08\/13\/respirador-elipse-fullfaceabe1p3-da-gvs\/\"},\"wordCount\":1283,\"commentCount\":0,\"publisher\":{\"@id\":\"https:\/\/www.gvs.com.br\/safety\/#organization\"},\"image\":{\"@id\":\"https:\/\/www.gvs.com.br\/safety\/2025\/08\/13\/respirador-elipse-fullfaceabe1p3-da-gvs\/#primaryimage\"},\"thumbnailUrl\":\"https:\/\/www.gvs.com.br\/safety\/wp-content\/uploads\/2025\/06\/Banner-Blog-Full-Face-ABE1P3.jpg\",\"keywords\":[\"Elipse\",\"Produtos GVS\",\"Prote\u00e7\u00e3o Respirat\u00f3ria\",\"Safety\"],\"articleSection\":[\"Ajuste Apertado\",\"Safety\"],\"inLanguage\":\"pt-BR\",\"potentialAction\":[{\"@type\":\"CommentAction\",\"name\":\"Comment\",\"target\":[\"https:\/\/www.gvs.com.br\/safety\/2025\/08\/13\/respirador-elipse-fullfaceabe1p3-da-gvs\/#respond\"]}]},{\"@type\":\"WebPage\",\"@id\":\"https:\/\/www.gvs.com.br\/safety\/2025\/08\/13\/respirador-elipse-fullfaceabe1p3-da-gvs\/\",\"url\":\"https:\/\/www.gvs.com.br\/safety\/2025\/08\/13\/respirador-elipse-fullfaceabe1p3-da-gvs\/\",\"name\":\"Respirador Elipse\u00ae Full Face ABE1P3 da GVS\",\"isPartOf\":{\"@id\":\"https:\/\/www.gvs.com.br\/safety\/#website\"},\"primaryImageOfPage\":{\"@id\":\"https:\/\/www.gvs.com.br\/safety\/2025\/08\/13\/respirador-elipse-fullfaceabe1p3-da-gvs\/#primaryimage\"},\"image\":{\"@id\":\"https:\/\/www.gvs.com.br\/safety\/2025\/08\/13\/respirador-elipse-fullfaceabe1p3-da-gvs\/#primaryimage\"},\"thumbnailUrl\":\"https:\/\/www.gvs.com.br\/safety\/wp-content\/uploads\/2025\/06\/Banner-Blog-Full-Face-ABE1P3.jpg\",\"datePublished\":\"2025-08-13T09:00:00+00:00\",\"dateModified\":\"2025-09-09T19:42:18+00:00\",\"description\":\"O Respirador Elipse\u00ae Full Face ABE1P3. Desenvolvido para elevar os padr\u00f5es de seguran\u00e7a e conforto em ambientes de risco elevado.\",\"breadcrumb\":{\"@id\":\"https:\/\/www.gvs.com.br\/safety\/2025\/08\/13\/respirador-elipse-fullfaceabe1p3-da-gvs\/#breadcrumb\"},\"inLanguage\":\"pt-BR\",\"potentialAction\":[{\"@type\":\"ReadAction\",\"target\":[\"https:\/\/www.gvs.com.br\/safety\/2025\/08\/13\/respirador-elipse-fullfaceabe1p3-da-gvs\/\"]}]},{\"@type\":\"ImageObject\",\"inLanguage\":\"pt-BR\",\"@id\":\"https:\/\/www.gvs.com.br\/safety\/2025\/08\/13\/respirador-elipse-fullfaceabe1p3-da-gvs\/#primaryimage\",\"url\":\"https:\/\/www.gvs.com.br\/safety\/wp-content\/uploads\/2025\/06\/Banner-Blog-Full-Face-ABE1P3.jpg\",\"contentUrl\":\"https:\/\/www.gvs.com.br\/safety\/wp-content\/uploads\/2025\/06\/Banner-Blog-Full-Face-ABE1P3.jpg\",\"width\":1920,\"height\":1080},{\"@type\":\"BreadcrumbList\",\"@id\":\"https:\/\/www.gvs.com.br\/safety\/2025\/08\/13\/respirador-elipse-fullfaceabe1p3-da-gvs\/#breadcrumb\",\"itemListElement\":[{\"@type\":\"ListItem\",\"position\":1,\"name\":\"In\u00edcio\",\"item\":\"https:\/\/www.gvs.com.br\/safety\/\"},{\"@type\":\"ListItem\",\"position\":2,\"name\":\"LAN\u00c7AMENTO! Respirador Elipse\u00ae Full Face ABE1P3Prote\u00e7\u00e3o completa e inovadora contra vapores org\u00e2nicos, inorg\u00e2nicos e gases \u00e1cidos\"}]},{\"@type\":\"WebSite\",\"@id\":\"https:\/\/www.gvs.com.br\/safety\/#website\",\"url\":\"https:\/\/www.gvs.com.br\/safety\/\",\"name\":\"Safety\",\"description\":\"\",\"publisher\":{\"@id\":\"https:\/\/www.gvs.com.br\/safety\/#organization\"},\"potentialAction\":[{\"@type\":\"SearchAction\",\"target\":{\"@type\":\"EntryPoint\",\"urlTemplate\":\"https:\/\/www.gvs.com.br\/safety\/?s={search_term_string}\"},\"query-input\":{\"@type\":\"PropertyValueSpecification\",\"valueRequired\":true,\"valueName\":\"search_term_string\"}}],\"inLanguage\":\"pt-BR\"},{\"@type\":\"Organization\",\"@id\":\"https:\/\/www.gvs.com.br\/safety\/#organization\",\"name\":\"Safety\",\"url\":\"https:\/\/www.gvs.com.br\/safety\/\",\"logo\":{\"@type\":\"ImageObject\",\"inLanguage\":\"pt-BR\",\"@id\":\"https:\/\/www.gvs.com.br\/safety\/#\/schema\/logo\/image\/\",\"url\":\"https:\/\/www.gvs.com.br\/safety\/wp-content\/uploads\/2024\/12\/Logo-GVS-Safety.png\",\"contentUrl\":\"https:\/\/www.gvs.com.br\/safety\/wp-content\/uploads\/2024\/12\/Logo-GVS-Safety.png\",\"width\":1920,\"height\":1080,\"caption\":\"Safety\"},\"image\":{\"@id\":\"https:\/\/www.gvs.com.br\/safety\/#\/schema\/logo\/image\/\"}},{\"@type\":\"Person\",\"@id\":\"https:\/\/www.gvs.com.br\/safety\/#\/schema\/person\/08f0e38941dafa538ee5706ec48fe5a1\",\"name\":\"admin-gvs\",\"image\":{\"@type\":\"ImageObject\",\"inLanguage\":\"pt-BR\",\"@id\":\"https:\/\/secure.gravatar.com\/avatar\/753807cf2c24e7c5051446eb4fc6c55657714e911f26a29329d9dc501ae35121?s=96&d=mm&r=g\",\"url\":\"https:\/\/secure.gravatar.com\/avatar\/753807cf2c24e7c5051446eb4fc6c55657714e911f26a29329d9dc501ae35121?s=96&d=mm&r=g\",\"contentUrl\":\"https:\/\/secure.gravatar.com\/avatar\/753807cf2c24e7c5051446eb4fc6c55657714e911f26a29329d9dc501ae35121?s=96&d=mm&r=g\",\"caption\":\"admin-gvs\"},\"url\":\"https:\/\/www.gvs.com.br\/safety\/author\/admin-gvs\/\"}]}<\/script>\n<!-- \/ Yoast SEO plugin. -->","yoast_head_json":{"title":"Respirador Elipse\u00ae Full Face ABE1P3 da GVS","description":"O Respirador Elipse\u00ae Full Face ABE1P3. Desenvolvido para elevar os padr\u00f5es de seguran\u00e7a e conforto em ambientes de risco elevado.","robots":{"index":"index","follow":"follow","max-snippet":"max-snippet:-1","max-image-preview":"max-image-preview:large","max-video-preview":"max-video-preview:-1"},"canonical":"https:\/\/www.gvs.com.br\/safety\/2025\/08\/13\/respirador-elipse-fullfaceabe1p3-da-gvs\/","og_locale":"pt_BR","og_type":"article","og_title":"Respirador Elipse\u00ae Full Face ABE1P3 da GVS","og_description":"O Respirador Elipse\u00ae Full Face ABE1P3. Desenvolvido para elevar os padr\u00f5es de seguran\u00e7a e conforto em ambientes de risco elevado.","og_url":"https:\/\/www.gvs.com.br\/safety\/2025\/08\/13\/respirador-elipse-fullfaceabe1p3-da-gvs\/","og_site_name":"Safety","article_published_time":"2025-08-13T09:00:00+00:00","article_modified_time":"2025-09-09T19:42:18+00:00","og_image":[{"width":1920,"height":1080,"url":"https:\/\/www.gvs.com.br\/safety\/wp-content\/uploads\/2025\/06\/Banner-Blog-Full-Face-ABE1P3.jpg","type":"image\/jpeg"}],"author":"admin-gvs","twitter_card":"summary_large_image","twitter_misc":{"Escrito por":"admin-gvs","Est. tempo de leitura":"7 minutos"},"schema":{"@context":"https:\/\/schema.org","@graph":[{"@type":"Article","@id":"https:\/\/www.gvs.com.br\/safety\/2025\/08\/13\/respirador-elipse-fullfaceabe1p3-da-gvs\/#article","isPartOf":{"@id":"https:\/\/www.gvs.com.br\/safety\/2025\/08\/13\/respirador-elipse-fullfaceabe1p3-da-gvs\/"},"author":{"name":"admin-gvs","@id":"https:\/\/www.gvs.com.br\/safety\/#\/schema\/person\/08f0e38941dafa538ee5706ec48fe5a1"},"headline":"LAN\u00c7AMENTO! Respirador Elipse\u00ae Full Face ABE1P3Prote\u00e7\u00e3o completa e inovadora contra vapores org\u00e2nicos, inorg\u00e2nicos e gases \u00e1cidos","datePublished":"2025-08-13T09:00:00+00:00","dateModified":"2025-09-09T19:42:18+00:00","mainEntityOfPage":{"@id":"https:\/\/www.gvs.com.br\/safety\/2025\/08\/13\/respirador-elipse-fullfaceabe1p3-da-gvs\/"},"wordCount":1283,"commentCount":0,"publisher":{"@id":"https:\/\/www.gvs.com.br\/safety\/#organization"},"image":{"@id":"https:\/\/www.gvs.com.br\/safety\/2025\/08\/13\/respirador-elipse-fullfaceabe1p3-da-gvs\/#primaryimage"},"thumbnailUrl":"https:\/\/www.gvs.com.br\/safety\/wp-content\/uploads\/2025\/06\/Banner-Blog-Full-Face-ABE1P3.jpg","keywords":["Elipse","Produtos GVS","Prote\u00e7\u00e3o Respirat\u00f3ria","Safety"],"articleSection":["Ajuste Apertado","Safety"],"inLanguage":"pt-BR","potentialAction":[{"@type":"CommentAction","name":"Comment","target":["https:\/\/www.gvs.com.br\/safety\/2025\/08\/13\/respirador-elipse-fullfaceabe1p3-da-gvs\/#respond"]}]},{"@type":"WebPage","@id":"https:\/\/www.gvs.com.br\/safety\/2025\/08\/13\/respirador-elipse-fullfaceabe1p3-da-gvs\/","url":"https:\/\/www.gvs.com.br\/safety\/2025\/08\/13\/respirador-elipse-fullfaceabe1p3-da-gvs\/","name":"Respirador Elipse\u00ae Full Face ABE1P3 da GVS","isPartOf":{"@id":"https:\/\/www.gvs.com.br\/safety\/#website"},"primaryImageOfPage":{"@id":"https:\/\/www.gvs.com.br\/safety\/2025\/08\/13\/respirador-elipse-fullfaceabe1p3-da-gvs\/#primaryimage"},"image":{"@id":"https:\/\/www.gvs.com.br\/safety\/2025\/08\/13\/respirador-elipse-fullfaceabe1p3-da-gvs\/#primaryimage"},"thumbnailUrl":"https:\/\/www.gvs.com.br\/safety\/wp-content\/uploads\/2025\/06\/Banner-Blog-Full-Face-ABE1P3.jpg","datePublished":"2025-08-13T09:00:00+00:00","dateModified":"2025-09-09T19:42:18+00:00","description":"O Respirador Elipse\u00ae Full Face ABE1P3. Desenvolvido para elevar os padr\u00f5es de seguran\u00e7a e conforto em ambientes de risco elevado.","breadcrumb":{"@id":"https:\/\/www.gvs.com.br\/safety\/2025\/08\/13\/respirador-elipse-fullfaceabe1p3-da-gvs\/#breadcrumb"},"inLanguage":"pt-BR","potentialAction":[{"@type":"ReadAction","target":["https:\/\/www.gvs.com.br\/safety\/2025\/08\/13\/respirador-elipse-fullfaceabe1p3-da-gvs\/"]}]},{"@type":"ImageObject","inLanguage":"pt-BR","@id":"https:\/\/www.gvs.com.br\/safety\/2025\/08\/13\/respirador-elipse-fullfaceabe1p3-da-gvs\/#primaryimage","url":"https:\/\/www.gvs.com.br\/safety\/wp-content\/uploads\/2025\/06\/Banner-Blog-Full-Face-ABE1P3.jpg","contentUrl":"https:\/\/www.gvs.com.br\/safety\/wp-content\/uploads\/2025\/06\/Banner-Blog-Full-Face-ABE1P3.jpg","width":1920,"height":1080},{"@type":"BreadcrumbList","@id":"https:\/\/www.gvs.com.br\/safety\/2025\/08\/13\/respirador-elipse-fullfaceabe1p3-da-gvs\/#breadcrumb","itemListElement":[{"@type":"ListItem","position":1,"name":"In\u00edcio","item":"https:\/\/www.gvs.com.br\/safety\/"},{"@type":"ListItem","position":2,"name":"LAN\u00c7AMENTO! Respirador Elipse\u00ae Full Face ABE1P3Prote\u00e7\u00e3o completa e inovadora contra vapores org\u00e2nicos, inorg\u00e2nicos e gases \u00e1cidos"}]},{"@type":"WebSite","@id":"https:\/\/www.gvs.com.br\/safety\/#website","url":"https:\/\/www.gvs.com.br\/safety\/","name":"Safety","description":"","publisher":{"@id":"https:\/\/www.gvs.com.br\/safety\/#organization"},"potentialAction":[{"@type":"SearchAction","target":{"@type":"EntryPoint","urlTemplate":"https:\/\/www.gvs.com.br\/safety\/?s={search_term_string}"},"query-input":{"@type":"PropertyValueSpecification","valueRequired":true,"valueName":"search_term_string"}}],"inLanguage":"pt-BR"},{"@type":"Organization","@id":"https:\/\/www.gvs.com.br\/safety\/#organization","name":"Safety","url":"https:\/\/www.gvs.com.br\/safety\/","logo":{"@type":"ImageObject","inLanguage":"pt-BR","@id":"https:\/\/www.gvs.com.br\/safety\/#\/schema\/logo\/image\/","url":"https:\/\/www.gvs.com.br\/safety\/wp-content\/uploads\/2024\/12\/Logo-GVS-Safety.png","contentUrl":"https:\/\/www.gvs.com.br\/safety\/wp-content\/uploads\/2024\/12\/Logo-GVS-Safety.png","width":1920,"height":1080,"caption":"Safety"},"image":{"@id":"https:\/\/www.gvs.com.br\/safety\/#\/schema\/logo\/image\/"}},{"@type":"Person","@id":"https:\/\/www.gvs.com.br\/safety\/#\/schema\/person\/08f0e38941dafa538ee5706ec48fe5a1","name":"admin-gvs","image":{"@type":"ImageObject","inLanguage":"pt-BR","@id":"https:\/\/secure.gravatar.com\/avatar\/753807cf2c24e7c5051446eb4fc6c55657714e911f26a29329d9dc501ae35121?s=96&d=mm&r=g","url":"https:\/\/secure.gravatar.com\/avatar\/753807cf2c24e7c5051446eb4fc6c55657714e911f26a29329d9dc501ae35121?s=96&d=mm&r=g","contentUrl":"https:\/\/secure.gravatar.com\/avatar\/753807cf2c24e7c5051446eb4fc6c55657714e911f26a29329d9dc501ae35121?s=96&d=mm&r=g","caption":"admin-gvs"},"url":"https:\/\/www.gvs.com.br\/safety\/author\/admin-gvs\/"}]}},"uagb_featured_image_src":{"full":["https:\/\/www.gvs.com.br\/safety\/wp-content\/uploads\/2025\/06\/Banner-Blog-Full-Face-ABE1P3.jpg",1920,1080,false],"thumbnail":["https:\/\/www.gvs.com.br\/safety\/wp-content\/uploads\/2025\/06\/Banner-Blog-Full-Face-ABE1P3-150x150.jpg",150,150,true],"medium":["https:\/\/www.gvs.com.br\/safety\/wp-content\/uploads\/2025\/06\/Banner-Blog-Full-Face-ABE1P3-300x169.jpg",300,169,true],"medium_large":["https:\/\/www.gvs.com.br\/safety\/wp-content\/uploads\/2025\/06\/Banner-Blog-Full-Face-ABE1P3-768x432.jpg",768,432,true],"large":["https:\/\/www.gvs.com.br\/safety\/wp-content\/uploads\/2025\/06\/Banner-Blog-Full-Face-ABE1P3-1024x576.jpg",1024,576,true],"1536x1536":["https:\/\/www.gvs.com.br\/safety\/wp-content\/uploads\/2025\/06\/Banner-Blog-Full-Face-ABE1P3-1536x864.jpg",1536,864,true],"2048x2048":["https:\/\/www.gvs.com.br\/safety\/wp-content\/uploads\/2025\/06\/Banner-Blog-Full-Face-ABE1P3.jpg",1920,1080,false]},"uagb_author_info":{"display_name":"admin-gvs","author_link":"https:\/\/www.gvs.com.br\/safety\/author\/admin-gvs\/"},"uagb_comment_info":0,"uagb_excerpt":"LAN\u00c7AMENTO! Respirador Elipse\u00ae Full Face ABE1P3Prote\u00e7\u00e3o completa e inovadora contra vapores org\u00e2nicos, inorg\u00e2nicos e gases \u00e1cidos A GVS, refer\u00eancia global [&hellip;]","_links":{"self":[{"href":"https:\/\/www.gvs.com.br\/safety\/wp-json\/wp\/v2\/posts\/2435","targetHints":{"allow":["GET"]}}],"collection":[{"href":"https:\/\/www.gvs.com.br\/safety\/wp-json\/wp\/v2\/posts"}],"about":[{"href":"https:\/\/www.gvs.com.br\/safety\/wp-json\/wp\/v2\/types\/post"}],"author":[{"embeddable":true,"href":"https:\/\/www.gvs.com.br\/safety\/wp-json\/wp\/v2\/users\/2"}],"replies":[{"embeddable":true,"href":"https:\/\/www.gvs.com.br\/safety\/wp-json\/wp\/v2\/comments?post=2435"}],"version-history":[{"count":3,"href":"https:\/\/www.gvs.com.br\/safety\/wp-json\/wp\/v2\/posts\/2435\/revisions"}],"predecessor-version":[{"id":2861,"href":"https:\/\/www.gvs.com.br\/safety\/wp-json\/wp\/v2\/posts\/2435\/revisions\/2861"}],"wp:featuredmedia":[{"embeddable":true,"href":"https:\/\/www.gvs.com.br\/safety\/wp-json\/wp\/v2\/media\/2436"}],"wp:attachment":[{"href":"https:\/\/www.gvs.com.br\/safety\/wp-json\/wp\/v2\/media?parent=2435"}],"wp:term":[{"taxonomy":"category","embeddable":true,"href":"https:\/\/www.gvs.com.br\/safety\/wp-json\/wp\/v2\/categories?post=2435"},{"taxonomy":"post_tag","embeddable":true,"href":"https:\/\/www.gvs.com.br\/safety\/wp-json\/wp\/v2\/tags?post=2435"}],"curies":[{"name":"wp","href":"https:\/\/api.w.org\/{rel}","templated":true}]}}