{"id":2134,"date":"2025-06-25T09:00:00","date_gmt":"2025-06-25T09:00:00","guid":{"rendered":"https:\/\/prihdesigner.com.br\/Health-Safety\/?p=2134"},"modified":"2025-09-09T19:40:02","modified_gmt":"2025-09-09T19:40:02","slug":"respiradores-semifaciais-elipse-ae1-da-gvs","status":"publish","type":"post","link":"https:\/\/www.gvs.com.br\/safety\/2025\/06\/25\/respiradores-semifaciais-elipse-ae1-da-gvs\/","title":{"rendered":"Respirador Semifacial Elipse\u00ae AE1 da GVS: Prote\u00e7\u00e3o Qu\u00edmica Inteligente com Conforto e Seguran\u00e7a Superior"},"content":{"rendered":"\n<div class=\"wp-block-uagb-container uagb-block-2d8af228 alignfull uagb-is-root-container\"><div class=\"uagb-container-inner-blocks-wrap\">\n<div class=\"wp-block-uagb-advanced-heading uagb-block-556e092c\"><h2 class=\"uagb-heading-text\"><strong>Respirador Semifacial Elipse\u00ae AE1 da GVS: <\/strong><br><strong>Prote\u00e7\u00e3o Qu\u00edmica Inteligente com Conforto <\/strong><br><strong>e Seguran\u00e7a Superior<\/strong><\/h2><\/div>\n<\/div><\/div>\n\n\n\n<p><\/p>\n\n\n\n<p class=\"has-text-align-justify has-text-align-justify\">Na ind\u00fastria, na agricultura ou em atividades com exposi\u00e7\u00e3o a vapores e gases, a prote\u00e7\u00e3o respirat\u00f3ria \u00e9 essencial. Pensando nisso, a GVS \u2014 refer\u00eancia global em solu\u00e7\u00f5es de filtragem \u2014 desenvolveu o Respirador Semifacial Elipse\u00ae AE1, uma solu\u00e7\u00e3o de alta performance que combina tecnologia, conforto e seguran\u00e7a em um design compacto e ergon\u00f4mico.<\/p>\n\n\n\n<p class=\"has-text-align-justify has-text-align-justify\">Conhe\u00e7a os benef\u00edcios e diferenciais que fazem dele uma escolha superior em prote\u00e7\u00e3o respirat\u00f3ria.<\/p>\n\n\n\n<div class=\"wp-block-uagb-container uagb-block-449213f7 alignfull uagb-is-root-container\"><div class=\"uagb-container-inner-blocks-wrap\">\n<div class=\"wp-block-uagb-container uagb-block-4edc6df5\"><\/div>\n\n\n\n<div class=\"wp-block-uagb-container uagb-block-f3e07066\">\n<div class=\"wp-block-uagb-image uagb-block-d64e01e9 wp-block-uagb-image--layout-default wp-block-uagb-image--effect-static wp-block-uagb-image--align-none\"><figure class=\"wp-block-uagb-image__figure\"><img decoding=\"async\"  sizes=\"auto, (max-width: 480px) 150px\" src=\"https:\/\/www.gvs.com.br\/safety\/wp-content\/uploads\/2025\/02\/mascara-semifacial-elipse-ae1.jpg\" alt=\"\" width=\"900\" height=\"900\" title=\"mascara-semifacial-elipse-ae1\" loading=\"lazy\" role=\"img\"\/><\/figure><\/div>\n<\/div>\n\n\n\n<div class=\"wp-block-uagb-container uagb-block-71e53783\"><\/div>\n<\/div><\/div>\n\n\n\n<h2 class=\"wp-block-heading\"><strong>O que \u00e9 o Respirador Semifacial Elipse\u00ae AE1?<\/strong><\/h2>\n\n\n\n<p class=\"has-text-align-justify has-text-align-justify\">O Respirador Semifacial Elipse\u00ae AE1 \u00e9 um equipamento de prote\u00e7\u00e3o individual (EPI) projetado para proteger as vias respirat\u00f3rias contra a inala\u00e7\u00e3o de vapores org\u00e2nicos e gases \u00e1cidos simultaneamente. Compacto, leve e de alta adaptabilidade, ele proporciona seguran\u00e7a sem comprometer o conforto ou o campo de vis\u00e3o do usu\u00e1rio.<\/p>\n\n\n\n<h2 class=\"wp-block-heading\"><strong>Para que serve o Respirador Semifacial Elipse\u00ae AE1?<\/strong><\/h2>\n\n\n\n<p>Este respirador \u00e9 ideal para profissionais expostos a subst\u00e2ncias qu\u00edmicas vol\u00e1teis em ambientes como:<\/p>\n\n\n\n<ul class=\"wp-block-list\">\n<li>Ind\u00fastrias automotiva e naval.<\/li>\n\n\n\n<li>Setores de pintura industrial.<\/li>\n\n\n\n<li>Agroneg\u00f3cio (aplica\u00e7\u00e3o de defensivos agr\u00edcolas).<\/li>\n\n\n\n<li>Manuseio de solventes como \u00e1lcool, gasolina, t\u00edner, acetona e benzeno.<\/li>\n<\/ul>\n\n\n\n<p class=\"has-text-align-justify has-text-align-justify\">Sua fun\u00e7\u00e3o principal \u00e9 proteger o sistema respirat\u00f3rio<strong> contra gases org\u00e2nicos (classe A) <\/strong>e<strong> gases \u00e1cidos (classe E) <\/strong>simultaneamente, garantindo que o usu\u00e1rio respire ar limpo mesmo em ambientes com altos n\u00edveis de contaminantes.<\/p>\n\n\n\n<h2 class=\"wp-block-heading\"><strong>Do que \u00e9 feito o Respirador Semifacial Elipse\u00ae AE1?<\/strong><\/h2>\n\n\n\n<p class=\"has-text-align-justify has-text-align-justify\">O Respirador Semifacial Elipse\u00ae AE1 \u00e9 produzido com TPE grau m\u00e9dico, um material livre de l\u00e1tex, silicone e odores, testado conforme a norma ISO 10993-10:2010 para evitar irrita\u00e7\u00f5es. Seu corpo flex\u00edvel se adapta perfeitamente ao rosto do usu\u00e1rio, garantindo veda\u00e7\u00e3o eficaz e uso confort\u00e1vel por longos per\u00edodos.<\/p>\n\n\n\n<p class=\"has-text-align-justify has-text-align-justify\">Os filtros qu\u00edmicos AE1, compostos por carv\u00e3o ativado selado em estrutura de ABS, s\u00e3o combinados com filtros mec\u00e2nicos e v\u00e1lvulas de inala\u00e7\u00e3o, oferecendo uma troca pr\u00e1tica e completa em um \u00fanico processo.<\/p>\n\n\n\n<h2 class=\"wp-block-heading\"><strong>A import\u00e2ncia da combina\u00e7\u00e3o de filtros AE1<\/strong><\/h2>\n\n\n\n<p class=\"has-text-align-justify has-text-align-justify\">O sistema de filtragem AE1 combina:<\/p>\n\n\n\n<ul class=\"wp-block-list\">\n<li><strong>Classe A<\/strong>: Prote\u00e7\u00e3o contra vapores org\u00e2nicos com ponto de ebuli\u00e7\u00e3o acima de 65\u00baC.<\/li>\n\n\n\n<li><strong>Classe E<\/strong>: Prote\u00e7\u00e3o contra gases \u00e1cidos, como o di\u00f3xido de enxofre.<\/li>\n<\/ul>\n\n\n\n<p class=\"has-text-align-justify has-text-align-justify\">Essa combina\u00e7\u00e3o garante <strong>prote\u00e7\u00e3o qu\u00edmica abrangente<\/strong>, ideal para ambientes onde h\u00e1 mistura de compostos org\u00e2nicos e \u00e1cidos no ar. A troca simult\u00e2nea dos componentes cr\u00edticos (filtros qu\u00edmicos, mec\u00e2nicos e v\u00e1lvulas) simplifica a manuten\u00e7\u00e3o e otimiza o desempenho respirat\u00f3rio<\/p>\n\n\n\n<div class=\"wp-block-uagb-container uagb-block-f53d58e0 alignfull uagb-is-root-container\"><div class=\"uagb-container-inner-blocks-wrap\">\n<div class=\"wp-block-uagb-container uagb-block-699ce39d\"><\/div>\n\n\n\n<div class=\"wp-block-uagb-container uagb-block-17296ca2\">\n<div class=\"wp-block-uagb-image uagb-block-7b4c6544 wp-block-uagb-image--layout-default wp-block-uagb-image--effect-static wp-block-uagb-image--align-none\"><figure class=\"wp-block-uagb-image__figure\"><img decoding=\"async\"  sizes=\"auto, (max-width: 480px) 150px\" src=\"https:\/\/www.gvs.com.br\/safety\/wp-content\/uploads\/2025\/05\/cartucho-ae1-para-reposicao-gavo-par-gvscartucho-ae1-para-reposicao-gavo-par-gvs16292346690.jpg\" alt=\"\" width=\"1000\" height=\"1000\" title=\"cartucho-ae1-para-reposicao-gavo-par-gvscartucho-ae1-para-reposicao-gavo-par-gvs16292346690\" loading=\"lazy\" role=\"img\"\/><\/figure><\/div>\n<\/div>\n\n\n\n<div class=\"wp-block-uagb-container uagb-block-23c0cdfa\"><\/div>\n<\/div><\/div>\n\n\n\n<h2 class=\"wp-block-heading\"><strong>\u00c1reas de aplica\u00e7\u00e3o do Respirador Semifacial Elipse\u00ae AE1<\/strong><\/h2>\n\n\n\n<p>O Respirador Semifacial Elipse\u00ae AE1 \u00e9 recomendado para diversas atividades profissionais, como:<\/p>\n\n\n\n<ul class=\"wp-block-list\">\n<li>Pintura industrial e automotiva.<\/li>\n\n\n\n<li>Aplica\u00e7\u00e3o e manipula\u00e7\u00e3o de defensivos agr\u00edcolas.<\/li>\n\n\n\n<li>Processos com solventes e diluentes.<\/li>\n\n\n\n<li>Opera\u00e7\u00f5es com combust\u00edveis e qu\u00edmicos org\u00e2nicos.<\/li>\n<\/ul>\n\n\n\n<p>Sua estrutura foi projetada para ser compat\u00edvel com \u00f3culos de prote\u00e7\u00e3o e abafadores de ru\u00eddo, tornando-se um EPI vers\u00e1til para diversas \u00e1reas industriais.<\/p>\n\n\n\n<h2 class=\"wp-block-heading\"><strong>Benef\u00edcios e diferenciais do Respirador Semifacial Elipse\u00ae AE1<\/strong><\/h2>\n\n\n\n<ul class=\"wp-block-list\">\n<li><strong>Design compacto e ergon\u00f4mico<\/strong>: ocupa quase metade do espa\u00e7o de respiradores convencionais, permitindo maior mobilidade e campo visual sem interfer\u00eancia.<\/li>\n<\/ul>\n\n\n\n<ul class=\"wp-block-list\">\n<li><strong>Extremo conforto<\/strong>: leveza e tiras ajust\u00e1veis com quatro pontos de fixa\u00e7\u00e3o garantem ajuste preciso e reduzem a fadiga durante o uso cont\u00ednuo.<\/li>\n<\/ul>\n\n\n\n<ul class=\"wp-block-list\">\n<li><strong>Grande v\u00e1lvula de exala\u00e7\u00e3o central<\/strong>: permite exala\u00e7\u00e3o r\u00e1pida, evitando o ac\u00famulo de ar quente e suor no interior da m\u00e1scara.<\/li>\n<\/ul>\n\n\n\n<ul class=\"wp-block-list\">\n<li><strong>Baixa manuten\u00e7\u00e3o<\/strong>: sistema de troca \u00fanica dos filtros e v\u00e1lvulas facilita a manuten\u00e7\u00e3o e prolonga a vida \u00fatil do respirador.<\/li>\n<\/ul>\n\n\n\n<ul class=\"wp-block-list\">\n<li><strong>Materiais de alta qualidade<\/strong>: compat\u00edveis com uso prolongado, hipoalerg\u00eanicos e seguros para uso em ambientes exigentes.<\/li>\n<\/ul>\n\n\n\n<h2 class=\"wp-block-heading\"><strong>Por que escolher o Respirador Semifacial Elipse\u00ae AE1 da GVS?<\/strong><\/h2>\n\n\n\n<p>Ao escolher o Respirador Semifacial Elipse\u00ae AE1, voc\u00ea est\u00e1 investindo em tecnologia de prote\u00e7\u00e3o respirat\u00f3ria de \u00faltima gera\u00e7\u00e3o, desenvolvida por uma empresa com d\u00e9cadas de experi\u00eancia em seguran\u00e7a ocupacional. A GVS oferece produtos certificados, inovadores e projetados com foco na experi\u00eancia do usu\u00e1rio.<\/p>\n\n\n\n<p>Com o Respirador Semifacial Elipse\u00ae AE1, o profissional trabalha com mais seguran\u00e7a, conforto e efici\u00eancia \u2014 atributos fundamentais para ambientes cr\u00edticos e de alta exig\u00eancia.<\/p>\n\n\n\n<p><strong>Lembre-se:<\/strong> a prote\u00e7\u00e3o respirat\u00f3ria n\u00e3o pode ser negligenciada, especialmente em ambientes com exposi\u00e7\u00e3o qu\u00edmica!<\/p>\n\n\n\n<div class=\"wp-block-uagb-image uagb-block-beebc5ba wp-block-uagb-image--layout-default wp-block-uagb-image--effect-static wp-block-uagb-image--align-none\"><figure class=\"wp-block-uagb-image__figure\"><img decoding=\"async\"  sizes=\"auto, (max-width: 480px) 150px\" src=\"https:\/\/www.gvs.com.br\/safety\/wp-content\/uploads\/2025\/05\/mascara-semifacial-elipse-a1-gal1.jpg\" alt=\"\" width=\"487\" height=\"487\" title=\"mascara-semifacial-elipse-a1-gal1\" loading=\"lazy\" role=\"img\"\/><\/figure><\/div>\n\n\n\n<div class=\"wp-block-uagb-separator uagb-block-73bdea59\"><div class=\"uagb-separator-spacing-wrapper\"><div class=\"wp-block-uagb-separator__inner\" style=\"--my-background-image:\"><\/div><\/div><\/div>\n\n\n\n<p><\/p>\n\n\n\n<div class=\"wp-block-uagb-advanced-heading uagb-block-37689345\"><h2 class=\"uagb-heading-text\"><strong>Acreditamos em proteger voc\u00ea para os melhores momentos da vida!<\/strong><\/h2><\/div>\n\n\n\n<p>Criamos solu\u00e7\u00f5es de prote\u00e7\u00e3o respirat\u00f3ria que tornam voc\u00ea e sua equipe mais seguros, para que todos possam voltar para casa no final de cada dia, seguros, saud\u00e1veis e capazes de fazer aquilo que mais importa.<\/p>\n\n\n\n<div class=\"wp-block-uagb-separator uagb-block-b8b79ce8\"><div class=\"uagb-separator-spacing-wrapper\"><div class=\"wp-block-uagb-separator__inner\" style=\"--my-background-image:\"><\/div><\/div><\/div>\n\n\n\n<div class=\"wp-block-uagb-call-to-action uagb-block-e6f6b3df wp-block-button\"><div class=\"uagb-cta__wrap\"><h3 class=\"uagb-cta__title\">Fale com a gente!<\/h3><p class=\"uagb-cta__desc\">Entre em contato com o nosso time hoje mesmo, esclare\u00e7a as suas d\u00favidas e&nbsp;<strong>solicite a sua cota\u00e7\u00e3o!<\/strong><\/p><\/div><div class=\"uagb-cta__buttons\"><a href=\"https:\/\/wa.me\/551938797222\" class=\"uagb-cta__button-link-wrapper wp-block-button__link\" target=\"_self\" rel=\"noopener noreferrer\"><svg xmlns=\"https:\/\/www.w3.org\/2000\/svg\" viewBox=\"0 0 448 512\"><path d=\"M380.9 97.1C339 55.1 283.2 32 223.9 32c-122.4 0-222 99.6-222 222 0 39.1 10.2 77.3 29.6 111L0 480l117.7-30.9c32.4 17.7 68.9 27 106.1 27h.1c122.3 0 224.1-99.6 224.1-222 0-59.3-25.2-115-67.1-157zm-157 341.6c-33.2 0-65.7-8.9-94-25.7l-6.7-4-69.8 18.3L72 359.2l-4.4-7c-18.5-29.4-28.2-63.3-28.2-98.2 0-101.7 82.8-184.5 184.6-184.5 49.3 0 95.6 19.2 130.4 54.1 34.8 34.9 56.2 81.2 56.1 130.5 0 101.8-84.9 184.6-186.6 184.6zm101.2-138.2c-5.5-2.8-32.8-16.2-37.9-18-5.1-1.9-8.8-2.8-12.5 2.8-3.7 5.6-14.3 18-17.6 21.8-3.2 3.7-6.5 4.2-12 1.4-32.6-16.3-54-29.1-75.5-66-5.7-9.8 5.7-9.1 16.3-30.3 1.8-3.7 .9-6.9-.5-9.7-1.4-2.8-12.5-30.1-17.1-41.2-4.5-10.8-9.1-9.3-12.5-9.5-3.2-.2-6.9-.2-10.6-.2-3.7 0-9.7 1.4-14.8 6.9-5.1 5.6-19.4 19-19.4 46.3 0 27.3 19.9 53.7 22.6 57.4 2.8 3.7 39.1 59.7 94.8 83.8 35.2 15.2 49 16.5 66.6 13.9 10.7-1.6 32.8-13.4 37.4-26.4 4.6-13 4.6-24.1 3.2-26.4-1.3-2.5-5-3.9-10.5-6.6z\"><\/path><\/svg>WhatsApp<\/a><\/div><\/div>\n\n\n\n<div class=\"wp-block-uagb-separator uagb-block-96e52944\"><div class=\"uagb-separator-spacing-wrapper\"><div class=\"wp-block-uagb-separator__inner\" style=\"--my-background-image:\"><\/div><\/div><\/div>\n\n\n\n<div class=\"wp-block-uagb-call-to-action uagb-block-bf9c28ce wp-block-button\"><div class=\"uagb-cta__wrap\"><h3 class=\"uagb-cta__title\">Fique por dentro das novidades!<\/h3><p class=\"uagb-cta__desc\">Acompanhe nossa jornada de inova\u00e7\u00e3o e saiba mais sobre nossos produtos, acesse <strong>Safety da GVS.<\/strong><\/p><\/div><div class=\"uagb-cta__buttons\"><a href=\"https:\/\/www.gvs.com.br\/safety\" class=\"uagb-cta__button-link-wrapper wp-block-button__link\" target=\"_self\" rel=\"noopener noreferrer\">Acesse o site<\/a><\/div><\/div>\n\n\n\n<p><\/p>\n","protected":false},"excerpt":{"rendered":"<p>Respirador Semifacial Elipse\u00ae AE1 da GVS: Prote\u00e7\u00e3o Qu\u00edmica Inteligente com Conforto e Seguran\u00e7a Superior Na ind\u00fastria, na agricultura ou em [&hellip;]<\/p>\n","protected":false},"author":2,"featured_media":2117,"comment_status":"open","ping_status":"open","sticky":false,"template":"","format":"standard","meta":{"_uag_custom_page_level_css":"","site-sidebar-layout":"default","site-content-layout":"","ast-site-content-layout":"","site-content-style":"default","site-sidebar-style":"default","ast-global-header-display":"","ast-banner-title-visibility":"","ast-main-header-display":"","ast-hfb-above-header-display":"","ast-hfb-below-header-display":"","ast-hfb-mobile-header-display":"","site-post-title":"disabled","ast-breadcrumbs-content":"","ast-featured-img":"","footer-sml-layout":"","ast-disable-related-posts":"","theme-transparent-header-meta":"","adv-header-id-meta":"","stick-header-meta":"","header-above-stick-meta":"","header-main-stick-meta":"","header-below-stick-meta":"","astra-migrate-meta-layouts":"default","ast-page-background-enabled":"default","ast-page-background-meta":{"desktop":{"background-color":"var(--ast-global-color-4)","background-image":"","background-repeat":"repeat","background-position":"center center","background-size":"auto","background-attachment":"scroll","background-type":"","background-media":"","overlay-type":"","overlay-color":"","overlay-opacity":"","overlay-gradient":""},"tablet":{"background-color":"","background-image":"","background-repeat":"repeat","background-position":"center center","background-size":"auto","background-attachment":"scroll","background-type":"","background-media":"","overlay-type":"","overlay-color":"","overlay-opacity":"","overlay-gradient":""},"mobile":{"background-color":"","background-image":"","background-repeat":"repeat","background-position":"center center","background-size":"auto","background-attachment":"scroll","background-type":"","background-media":"","overlay-type":"","overlay-color":"","overlay-opacity":"","overlay-gradient":""}},"ast-content-background-meta":{"desktop":{"background-color":"var(--ast-global-color-5)","background-image":"","background-repeat":"repeat","background-position":"center center","background-size":"auto","background-attachment":"scroll","background-type":"","background-media":"","overlay-type":"","overlay-color":"","overlay-opacity":"","overlay-gradient":""},"tablet":{"background-color":"var(--ast-global-color-5)","background-image":"","background-repeat":"repeat","background-position":"center center","background-size":"auto","background-attachment":"scroll","background-type":"","background-media":"","overlay-type":"","overlay-color":"","overlay-opacity":"","overlay-gradient":""},"mobile":{"background-color":"var(--ast-global-color-5)","background-image":"","background-repeat":"repeat","background-position":"center center","background-size":"auto","background-attachment":"scroll","background-type":"","background-media":"","overlay-type":"","overlay-color":"","overlay-opacity":"","overlay-gradient":""}},"footnotes":""},"categories":[11,5],"tags":[34,17,15,16],"class_list":["post-2134","post","type-post","status-publish","format-standard","has-post-thumbnail","hentry","category-ajuste-apertado","category-safety","tag-elipse","tag-produtos-gvs","tag-protecao-respiratoria","tag-safety"],"yoast_head":"<!-- This site is optimized with the Yoast SEO plugin v27.2 - https:\/\/yoast.com\/product\/yoast-seo-wordpress\/ -->\n<title>Respirador Semifacial Elipse\u00ae AE1 da GVS<\/title>\n<meta name=\"description\" content=\"Respirador Semifacial Elipse\u00ae AE1, uma solu\u00e7\u00e3o de alta performance que combina tecnologia, conforto e seguran\u00e7a em um design compacto e ergon\u00f4mico.\" \/>\n<meta name=\"robots\" content=\"index, follow, max-snippet:-1, max-image-preview:large, max-video-preview:-1\" \/>\n<link rel=\"canonical\" href=\"https:\/\/www.gvs.com.br\/safety\/2025\/06\/25\/respiradores-semifaciais-elipse-ae1-da-gvs\/\" \/>\n<meta property=\"og:locale\" content=\"pt_BR\" \/>\n<meta property=\"og:type\" content=\"article\" \/>\n<meta property=\"og:title\" content=\"Respirador Semifacial Elipse\u00ae AE1 da GVS\" \/>\n<meta property=\"og:description\" content=\"Respirador Semifacial Elipse\u00ae AE1, uma solu\u00e7\u00e3o de alta performance que combina tecnologia, conforto e seguran\u00e7a em um design compacto e ergon\u00f4mico.\" \/>\n<meta property=\"og:url\" content=\"https:\/\/www.gvs.com.br\/safety\/2025\/06\/25\/respiradores-semifaciais-elipse-ae1-da-gvs\/\" \/>\n<meta property=\"og:site_name\" content=\"Safety\" \/>\n<meta property=\"article:published_time\" content=\"2025-06-25T09:00:00+00:00\" \/>\n<meta property=\"article:modified_time\" content=\"2025-09-09T19:40:02+00:00\" \/>\n<meta property=\"og:image\" content=\"https:\/\/www.gvs.com.br\/safety\/wp-content\/uploads\/2025\/05\/banner-blog-ae1.png\" \/>\n\t<meta property=\"og:image:width\" content=\"1920\" \/>\n\t<meta property=\"og:image:height\" content=\"1080\" \/>\n\t<meta property=\"og:image:type\" content=\"image\/png\" \/>\n<meta name=\"author\" content=\"admin-gvs\" \/>\n<meta name=\"twitter:card\" content=\"summary_large_image\" \/>\n<meta name=\"twitter:label1\" content=\"Escrito por\" \/>\n\t<meta name=\"twitter:data1\" content=\"admin-gvs\" \/>\n\t<meta name=\"twitter:label2\" content=\"Est. tempo de leitura\" \/>\n\t<meta name=\"twitter:data2\" content=\"5 minutos\" \/>\n<script type=\"application\/ld+json\" class=\"yoast-schema-graph\">{\"@context\":\"https:\/\/schema.org\",\"@graph\":[{\"@type\":\"Article\",\"@id\":\"https:\/\/www.gvs.com.br\/safety\/2025\/06\/25\/respiradores-semifaciais-elipse-ae1-da-gvs\/#article\",\"isPartOf\":{\"@id\":\"https:\/\/www.gvs.com.br\/safety\/2025\/06\/25\/respiradores-semifaciais-elipse-ae1-da-gvs\/\"},\"author\":{\"name\":\"admin-gvs\",\"@id\":\"https:\/\/www.gvs.com.br\/safety\/#\/schema\/person\/08f0e38941dafa538ee5706ec48fe5a1\"},\"headline\":\"Respirador Semifacial Elipse\u00ae AE1 da GVS: Prote\u00e7\u00e3o Qu\u00edmica Inteligente com Conforto e Seguran\u00e7a Superior\",\"datePublished\":\"2025-06-25T09:00:00+00:00\",\"dateModified\":\"2025-09-09T19:40:02+00:00\",\"mainEntityOfPage\":{\"@id\":\"https:\/\/www.gvs.com.br\/safety\/2025\/06\/25\/respiradores-semifaciais-elipse-ae1-da-gvs\/\"},\"wordCount\":863,\"commentCount\":0,\"publisher\":{\"@id\":\"https:\/\/www.gvs.com.br\/safety\/#organization\"},\"image\":{\"@id\":\"https:\/\/www.gvs.com.br\/safety\/2025\/06\/25\/respiradores-semifaciais-elipse-ae1-da-gvs\/#primaryimage\"},\"thumbnailUrl\":\"https:\/\/www.gvs.com.br\/safety\/wp-content\/uploads\/2025\/05\/banner-blog-ae1.png\",\"keywords\":[\"Elipse\",\"Produtos GVS\",\"Prote\u00e7\u00e3o Respirat\u00f3ria\",\"Safety\"],\"articleSection\":[\"Ajuste Apertado\",\"Safety\"],\"inLanguage\":\"pt-BR\",\"potentialAction\":[{\"@type\":\"CommentAction\",\"name\":\"Comment\",\"target\":[\"https:\/\/www.gvs.com.br\/safety\/2025\/06\/25\/respiradores-semifaciais-elipse-ae1-da-gvs\/#respond\"]}]},{\"@type\":\"WebPage\",\"@id\":\"https:\/\/www.gvs.com.br\/safety\/2025\/06\/25\/respiradores-semifaciais-elipse-ae1-da-gvs\/\",\"url\":\"https:\/\/www.gvs.com.br\/safety\/2025\/06\/25\/respiradores-semifaciais-elipse-ae1-da-gvs\/\",\"name\":\"Respirador Semifacial Elipse\u00ae AE1 da GVS\",\"isPartOf\":{\"@id\":\"https:\/\/www.gvs.com.br\/safety\/#website\"},\"primaryImageOfPage\":{\"@id\":\"https:\/\/www.gvs.com.br\/safety\/2025\/06\/25\/respiradores-semifaciais-elipse-ae1-da-gvs\/#primaryimage\"},\"image\":{\"@id\":\"https:\/\/www.gvs.com.br\/safety\/2025\/06\/25\/respiradores-semifaciais-elipse-ae1-da-gvs\/#primaryimage\"},\"thumbnailUrl\":\"https:\/\/www.gvs.com.br\/safety\/wp-content\/uploads\/2025\/05\/banner-blog-ae1.png\",\"datePublished\":\"2025-06-25T09:00:00+00:00\",\"dateModified\":\"2025-09-09T19:40:02+00:00\",\"description\":\"Respirador Semifacial Elipse\u00ae AE1, uma solu\u00e7\u00e3o de alta performance que combina tecnologia, conforto e seguran\u00e7a em um design compacto e ergon\u00f4mico.\",\"breadcrumb\":{\"@id\":\"https:\/\/www.gvs.com.br\/safety\/2025\/06\/25\/respiradores-semifaciais-elipse-ae1-da-gvs\/#breadcrumb\"},\"inLanguage\":\"pt-BR\",\"potentialAction\":[{\"@type\":\"ReadAction\",\"target\":[\"https:\/\/www.gvs.com.br\/safety\/2025\/06\/25\/respiradores-semifaciais-elipse-ae1-da-gvs\/\"]}]},{\"@type\":\"ImageObject\",\"inLanguage\":\"pt-BR\",\"@id\":\"https:\/\/www.gvs.com.br\/safety\/2025\/06\/25\/respiradores-semifaciais-elipse-ae1-da-gvs\/#primaryimage\",\"url\":\"https:\/\/www.gvs.com.br\/safety\/wp-content\/uploads\/2025\/05\/banner-blog-ae1.png\",\"contentUrl\":\"https:\/\/www.gvs.com.br\/safety\/wp-content\/uploads\/2025\/05\/banner-blog-ae1.png\",\"width\":1920,\"height\":1080},{\"@type\":\"BreadcrumbList\",\"@id\":\"https:\/\/www.gvs.com.br\/safety\/2025\/06\/25\/respiradores-semifaciais-elipse-ae1-da-gvs\/#breadcrumb\",\"itemListElement\":[{\"@type\":\"ListItem\",\"position\":1,\"name\":\"In\u00edcio\",\"item\":\"https:\/\/www.gvs.com.br\/safety\/\"},{\"@type\":\"ListItem\",\"position\":2,\"name\":\"Respirador Semifacial Elipse\u00ae AE1 da GVS: Prote\u00e7\u00e3o Qu\u00edmica Inteligente com Conforto e Seguran\u00e7a Superior\"}]},{\"@type\":\"WebSite\",\"@id\":\"https:\/\/www.gvs.com.br\/safety\/#website\",\"url\":\"https:\/\/www.gvs.com.br\/safety\/\",\"name\":\"Safety\",\"description\":\"\",\"publisher\":{\"@id\":\"https:\/\/www.gvs.com.br\/safety\/#organization\"},\"potentialAction\":[{\"@type\":\"SearchAction\",\"target\":{\"@type\":\"EntryPoint\",\"urlTemplate\":\"https:\/\/www.gvs.com.br\/safety\/?s={search_term_string}\"},\"query-input\":{\"@type\":\"PropertyValueSpecification\",\"valueRequired\":true,\"valueName\":\"search_term_string\"}}],\"inLanguage\":\"pt-BR\"},{\"@type\":\"Organization\",\"@id\":\"https:\/\/www.gvs.com.br\/safety\/#organization\",\"name\":\"Safety\",\"url\":\"https:\/\/www.gvs.com.br\/safety\/\",\"logo\":{\"@type\":\"ImageObject\",\"inLanguage\":\"pt-BR\",\"@id\":\"https:\/\/www.gvs.com.br\/safety\/#\/schema\/logo\/image\/\",\"url\":\"https:\/\/www.gvs.com.br\/safety\/wp-content\/uploads\/2024\/12\/Logo-GVS-Safety.png\",\"contentUrl\":\"https:\/\/www.gvs.com.br\/safety\/wp-content\/uploads\/2024\/12\/Logo-GVS-Safety.png\",\"width\":1920,\"height\":1080,\"caption\":\"Safety\"},\"image\":{\"@id\":\"https:\/\/www.gvs.com.br\/safety\/#\/schema\/logo\/image\/\"}},{\"@type\":\"Person\",\"@id\":\"https:\/\/www.gvs.com.br\/safety\/#\/schema\/person\/08f0e38941dafa538ee5706ec48fe5a1\",\"name\":\"admin-gvs\",\"image\":{\"@type\":\"ImageObject\",\"inLanguage\":\"pt-BR\",\"@id\":\"https:\/\/secure.gravatar.com\/avatar\/753807cf2c24e7c5051446eb4fc6c55657714e911f26a29329d9dc501ae35121?s=96&d=mm&r=g\",\"url\":\"https:\/\/secure.gravatar.com\/avatar\/753807cf2c24e7c5051446eb4fc6c55657714e911f26a29329d9dc501ae35121?s=96&d=mm&r=g\",\"contentUrl\":\"https:\/\/secure.gravatar.com\/avatar\/753807cf2c24e7c5051446eb4fc6c55657714e911f26a29329d9dc501ae35121?s=96&d=mm&r=g\",\"caption\":\"admin-gvs\"},\"url\":\"https:\/\/www.gvs.com.br\/safety\/author\/admin-gvs\/\"}]}<\/script>\n<!-- \/ Yoast SEO plugin. -->","yoast_head_json":{"title":"Respirador Semifacial Elipse\u00ae AE1 da GVS","description":"Respirador Semifacial Elipse\u00ae AE1, uma solu\u00e7\u00e3o de alta performance que combina tecnologia, conforto e seguran\u00e7a em um design compacto e ergon\u00f4mico.","robots":{"index":"index","follow":"follow","max-snippet":"max-snippet:-1","max-image-preview":"max-image-preview:large","max-video-preview":"max-video-preview:-1"},"canonical":"https:\/\/www.gvs.com.br\/safety\/2025\/06\/25\/respiradores-semifaciais-elipse-ae1-da-gvs\/","og_locale":"pt_BR","og_type":"article","og_title":"Respirador Semifacial Elipse\u00ae AE1 da GVS","og_description":"Respirador Semifacial Elipse\u00ae AE1, uma solu\u00e7\u00e3o de alta performance que combina tecnologia, conforto e seguran\u00e7a em um design compacto e ergon\u00f4mico.","og_url":"https:\/\/www.gvs.com.br\/safety\/2025\/06\/25\/respiradores-semifaciais-elipse-ae1-da-gvs\/","og_site_name":"Safety","article_published_time":"2025-06-25T09:00:00+00:00","article_modified_time":"2025-09-09T19:40:02+00:00","og_image":[{"width":1920,"height":1080,"url":"https:\/\/www.gvs.com.br\/safety\/wp-content\/uploads\/2025\/05\/banner-blog-ae1.png","type":"image\/png"}],"author":"admin-gvs","twitter_card":"summary_large_image","twitter_misc":{"Escrito por":"admin-gvs","Est. tempo de leitura":"5 minutos"},"schema":{"@context":"https:\/\/schema.org","@graph":[{"@type":"Article","@id":"https:\/\/www.gvs.com.br\/safety\/2025\/06\/25\/respiradores-semifaciais-elipse-ae1-da-gvs\/#article","isPartOf":{"@id":"https:\/\/www.gvs.com.br\/safety\/2025\/06\/25\/respiradores-semifaciais-elipse-ae1-da-gvs\/"},"author":{"name":"admin-gvs","@id":"https:\/\/www.gvs.com.br\/safety\/#\/schema\/person\/08f0e38941dafa538ee5706ec48fe5a1"},"headline":"Respirador Semifacial Elipse\u00ae AE1 da GVS: Prote\u00e7\u00e3o Qu\u00edmica Inteligente com Conforto e Seguran\u00e7a Superior","datePublished":"2025-06-25T09:00:00+00:00","dateModified":"2025-09-09T19:40:02+00:00","mainEntityOfPage":{"@id":"https:\/\/www.gvs.com.br\/safety\/2025\/06\/25\/respiradores-semifaciais-elipse-ae1-da-gvs\/"},"wordCount":863,"commentCount":0,"publisher":{"@id":"https:\/\/www.gvs.com.br\/safety\/#organization"},"image":{"@id":"https:\/\/www.gvs.com.br\/safety\/2025\/06\/25\/respiradores-semifaciais-elipse-ae1-da-gvs\/#primaryimage"},"thumbnailUrl":"https:\/\/www.gvs.com.br\/safety\/wp-content\/uploads\/2025\/05\/banner-blog-ae1.png","keywords":["Elipse","Produtos GVS","Prote\u00e7\u00e3o Respirat\u00f3ria","Safety"],"articleSection":["Ajuste Apertado","Safety"],"inLanguage":"pt-BR","potentialAction":[{"@type":"CommentAction","name":"Comment","target":["https:\/\/www.gvs.com.br\/safety\/2025\/06\/25\/respiradores-semifaciais-elipse-ae1-da-gvs\/#respond"]}]},{"@type":"WebPage","@id":"https:\/\/www.gvs.com.br\/safety\/2025\/06\/25\/respiradores-semifaciais-elipse-ae1-da-gvs\/","url":"https:\/\/www.gvs.com.br\/safety\/2025\/06\/25\/respiradores-semifaciais-elipse-ae1-da-gvs\/","name":"Respirador Semifacial Elipse\u00ae AE1 da GVS","isPartOf":{"@id":"https:\/\/www.gvs.com.br\/safety\/#website"},"primaryImageOfPage":{"@id":"https:\/\/www.gvs.com.br\/safety\/2025\/06\/25\/respiradores-semifaciais-elipse-ae1-da-gvs\/#primaryimage"},"image":{"@id":"https:\/\/www.gvs.com.br\/safety\/2025\/06\/25\/respiradores-semifaciais-elipse-ae1-da-gvs\/#primaryimage"},"thumbnailUrl":"https:\/\/www.gvs.com.br\/safety\/wp-content\/uploads\/2025\/05\/banner-blog-ae1.png","datePublished":"2025-06-25T09:00:00+00:00","dateModified":"2025-09-09T19:40:02+00:00","description":"Respirador Semifacial Elipse\u00ae AE1, uma solu\u00e7\u00e3o de alta performance que combina tecnologia, conforto e seguran\u00e7a em um design compacto e ergon\u00f4mico.","breadcrumb":{"@id":"https:\/\/www.gvs.com.br\/safety\/2025\/06\/25\/respiradores-semifaciais-elipse-ae1-da-gvs\/#breadcrumb"},"inLanguage":"pt-BR","potentialAction":[{"@type":"ReadAction","target":["https:\/\/www.gvs.com.br\/safety\/2025\/06\/25\/respiradores-semifaciais-elipse-ae1-da-gvs\/"]}]},{"@type":"ImageObject","inLanguage":"pt-BR","@id":"https:\/\/www.gvs.com.br\/safety\/2025\/06\/25\/respiradores-semifaciais-elipse-ae1-da-gvs\/#primaryimage","url":"https:\/\/www.gvs.com.br\/safety\/wp-content\/uploads\/2025\/05\/banner-blog-ae1.png","contentUrl":"https:\/\/www.gvs.com.br\/safety\/wp-content\/uploads\/2025\/05\/banner-blog-ae1.png","width":1920,"height":1080},{"@type":"BreadcrumbList","@id":"https:\/\/www.gvs.com.br\/safety\/2025\/06\/25\/respiradores-semifaciais-elipse-ae1-da-gvs\/#breadcrumb","itemListElement":[{"@type":"ListItem","position":1,"name":"In\u00edcio","item":"https:\/\/www.gvs.com.br\/safety\/"},{"@type":"ListItem","position":2,"name":"Respirador Semifacial Elipse\u00ae AE1 da GVS: Prote\u00e7\u00e3o Qu\u00edmica Inteligente com Conforto e Seguran\u00e7a Superior"}]},{"@type":"WebSite","@id":"https:\/\/www.gvs.com.br\/safety\/#website","url":"https:\/\/www.gvs.com.br\/safety\/","name":"Safety","description":"","publisher":{"@id":"https:\/\/www.gvs.com.br\/safety\/#organization"},"potentialAction":[{"@type":"SearchAction","target":{"@type":"EntryPoint","urlTemplate":"https:\/\/www.gvs.com.br\/safety\/?s={search_term_string}"},"query-input":{"@type":"PropertyValueSpecification","valueRequired":true,"valueName":"search_term_string"}}],"inLanguage":"pt-BR"},{"@type":"Organization","@id":"https:\/\/www.gvs.com.br\/safety\/#organization","name":"Safety","url":"https:\/\/www.gvs.com.br\/safety\/","logo":{"@type":"ImageObject","inLanguage":"pt-BR","@id":"https:\/\/www.gvs.com.br\/safety\/#\/schema\/logo\/image\/","url":"https:\/\/www.gvs.com.br\/safety\/wp-content\/uploads\/2024\/12\/Logo-GVS-Safety.png","contentUrl":"https:\/\/www.gvs.com.br\/safety\/wp-content\/uploads\/2024\/12\/Logo-GVS-Safety.png","width":1920,"height":1080,"caption":"Safety"},"image":{"@id":"https:\/\/www.gvs.com.br\/safety\/#\/schema\/logo\/image\/"}},{"@type":"Person","@id":"https:\/\/www.gvs.com.br\/safety\/#\/schema\/person\/08f0e38941dafa538ee5706ec48fe5a1","name":"admin-gvs","image":{"@type":"ImageObject","inLanguage":"pt-BR","@id":"https:\/\/secure.gravatar.com\/avatar\/753807cf2c24e7c5051446eb4fc6c55657714e911f26a29329d9dc501ae35121?s=96&d=mm&r=g","url":"https:\/\/secure.gravatar.com\/avatar\/753807cf2c24e7c5051446eb4fc6c55657714e911f26a29329d9dc501ae35121?s=96&d=mm&r=g","contentUrl":"https:\/\/secure.gravatar.com\/avatar\/753807cf2c24e7c5051446eb4fc6c55657714e911f26a29329d9dc501ae35121?s=96&d=mm&r=g","caption":"admin-gvs"},"url":"https:\/\/www.gvs.com.br\/safety\/author\/admin-gvs\/"}]}},"uagb_featured_image_src":{"full":["https:\/\/www.gvs.com.br\/safety\/wp-content\/uploads\/2025\/05\/banner-blog-ae1.png",1920,1080,false],"thumbnail":["https:\/\/www.gvs.com.br\/safety\/wp-content\/uploads\/2025\/05\/banner-blog-ae1-150x150.png",150,150,true],"medium":["https:\/\/www.gvs.com.br\/safety\/wp-content\/uploads\/2025\/05\/banner-blog-ae1-300x169.png",300,169,true],"medium_large":["https:\/\/www.gvs.com.br\/safety\/wp-content\/uploads\/2025\/05\/banner-blog-ae1-768x432.png",768,432,true],"large":["https:\/\/www.gvs.com.br\/safety\/wp-content\/uploads\/2025\/05\/banner-blog-ae1-1024x576.png",1024,576,true],"1536x1536":["https:\/\/www.gvs.com.br\/safety\/wp-content\/uploads\/2025\/05\/banner-blog-ae1-1536x864.png",1536,864,true],"2048x2048":["https:\/\/www.gvs.com.br\/safety\/wp-content\/uploads\/2025\/05\/banner-blog-ae1.png",1920,1080,false]},"uagb_author_info":{"display_name":"admin-gvs","author_link":"https:\/\/www.gvs.com.br\/safety\/author\/admin-gvs\/"},"uagb_comment_info":0,"uagb_excerpt":"Respirador Semifacial Elipse\u00ae AE1 da GVS: Prote\u00e7\u00e3o Qu\u00edmica Inteligente com Conforto e Seguran\u00e7a Superior Na ind\u00fastria, na agricultura ou em [&hellip;]","_links":{"self":[{"href":"https:\/\/www.gvs.com.br\/safety\/wp-json\/wp\/v2\/posts\/2134","targetHints":{"allow":["GET"]}}],"collection":[{"href":"https:\/\/www.gvs.com.br\/safety\/wp-json\/wp\/v2\/posts"}],"about":[{"href":"https:\/\/www.gvs.com.br\/safety\/wp-json\/wp\/v2\/types\/post"}],"author":[{"embeddable":true,"href":"https:\/\/www.gvs.com.br\/safety\/wp-json\/wp\/v2\/users\/2"}],"replies":[{"embeddable":true,"href":"https:\/\/www.gvs.com.br\/safety\/wp-json\/wp\/v2\/comments?post=2134"}],"version-history":[{"count":4,"href":"https:\/\/www.gvs.com.br\/safety\/wp-json\/wp\/v2\/posts\/2134\/revisions"}],"predecessor-version":[{"id":2856,"href":"https:\/\/www.gvs.com.br\/safety\/wp-json\/wp\/v2\/posts\/2134\/revisions\/2856"}],"wp:featuredmedia":[{"embeddable":true,"href":"https:\/\/www.gvs.com.br\/safety\/wp-json\/wp\/v2\/media\/2117"}],"wp:attachment":[{"href":"https:\/\/www.gvs.com.br\/safety\/wp-json\/wp\/v2\/media?parent=2134"}],"wp:term":[{"taxonomy":"category","embeddable":true,"href":"https:\/\/www.gvs.com.br\/safety\/wp-json\/wp\/v2\/categories?post=2134"},{"taxonomy":"post_tag","embeddable":true,"href":"https:\/\/www.gvs.com.br\/safety\/wp-json\/wp\/v2\/tags?post=2134"}],"curies":[{"name":"wp","href":"https:\/\/api.w.org\/{rel}","templated":true}]}}