{"id":2115,"date":"2025-06-11T09:00:00","date_gmt":"2025-06-11T09:00:00","guid":{"rendered":"https:\/\/prihdesigner.com.br\/Health-Safety\/?p=2115"},"modified":"2025-09-09T19:39:15","modified_gmt":"2025-09-09T19:39:15","slug":"respiradores-semifaciais-elipse-a1-e-e1-da-gvs","status":"publish","type":"post","link":"https:\/\/www.gvs.com.br\/safety\/2025\/06\/11\/respiradores-semifaciais-elipse-a1-e-e1-da-gvs\/","title":{"rendered":"Respiradores Semifaciais Elipse\u00ae A1 e E1 da GVS: Prote\u00e7\u00e3o Respirat\u00f3ria Eficiente para Vapores Org\u00e2nicos e Gases \u00c1cidos"},"content":{"rendered":"\n<div class=\"wp-block-uagb-container uagb-block-2d8af228 alignfull uagb-is-root-container\"><div class=\"uagb-container-inner-blocks-wrap\">\n<div class=\"wp-block-uagb-advanced-heading uagb-block-809c7960\"><h2 class=\"uagb-heading-text\">R<strong>espiradores Semifaciais Elipse\u00ae A1 e E1 da GVS: <\/strong><br><strong>Prote\u00e7\u00e3o Respirat\u00f3ria Eficiente para Vapores <\/strong><br><strong>Org\u00e2nicos e Gases \u00c1cidos<\/strong><\/h2><\/div>\n<\/div><\/div>\n\n\n\n<p><\/p>\n\n\n\n<p class=\"has-text-align-justify has-text-align-justify\">Em ambientes com presen\u00e7a de vapores, solventes ou gases industriais, n\u00e3o basta confiar \u2014 \u00e9 essencial garantir prote\u00e7\u00e3o respirat\u00f3ria real.<\/p>\n\n\n\n<p class=\"has-text-align-justify has-text-align-justify\">Ao escolher o respirador adequado, reduz-se significativamente o risco de exposi\u00e7\u00e3o a agentes invis\u00edveis e nocivos. Para atender a essa necessidade com excel\u00eancia, a GVS desenvolveu os Respiradores Semifaciais Elipse\u00ae A1 e E1: solu\u00e7\u00f5es compactas, ergon\u00f4micas e tecnol\u00f3gicas, que oferecem o conforto e a prote\u00e7\u00e3o qu\u00edmica exigidos pelos mais diversos ambientes de trabalho.<\/p>\n\n\n\n<p class=\"has-text-align-justify has-text-align-justify\">Com alto desempenho e confiabilidade, os modelos Elipse\u00ae A1 e E1 se destacam como refer\u00eancia em prote\u00e7\u00e3o respirat\u00f3ria profissional. Ambientes industriais exigem m\u00e1xima seguran\u00e7a respirat\u00f3ria, cada detalhe importa. As Mangueiras de Ar Respir\u00e1vel da GVS s\u00e3o uma solu\u00e7\u00e3o confi\u00e1vel e certificada para conduzir ar respir\u00e1vel com total seguran\u00e7a e desempenho, atendendo aos mais altos padr\u00f5es de qualidade do setor.<\/p>\n\n\n\n<div class=\"wp-block-uagb-container uagb-block-969f62ac alignfull uagb-is-root-container\"><div class=\"uagb-container-inner-blocks-wrap\">\n<div class=\"wp-block-uagb-container uagb-block-4ca268c5\">\n<div class=\"wp-block-uagb-image uagb-block-1159b657 wp-block-uagb-image--layout-default wp-block-uagb-image--effect-static wp-block-uagb-image--align-none\"><figure class=\"wp-block-uagb-image__figure\"><img decoding=\"async\"  sizes=\"auto, (max-width: 480px) 150px\" src=\"https:\/\/www.gvs.com.br\/safety\/wp-content\/uploads\/2025\/05\/SPR514-SPR515-E1-Mask-.png\" alt=\"\" width=\"900\" height=\"706\" title=\"SPR514 SPR515 E1 Mask-\" loading=\"lazy\" role=\"img\"\/><\/figure><\/div>\n<\/div>\n\n\n\n<div class=\"wp-block-uagb-container uagb-block-14502bbb\">\n<div class=\"wp-block-uagb-image uagb-block-f00a836a wp-block-uagb-image--layout-default wp-block-uagb-image--effect-static wp-block-uagb-image--align-none\"><figure class=\"wp-block-uagb-image__figure\"><img decoding=\"async\"  sizes=\"auto, (max-width: 480px) 150px\" src=\"https:\/\/www.gvs.com.br\/safety\/wp-content\/uploads\/2025\/05\/mascara-semifacial-elipse-a1-gal1.jpg\" alt=\"\" width=\"900\" height=\"900\" title=\"mascara-semifacial-elipse-a1-gal1\" loading=\"lazy\" role=\"img\"\/><\/figure><\/div>\n<\/div>\n\n\n\n<div class=\"wp-block-uagb-container uagb-block-775e2da6\">\n<div class=\"wp-block-uagb-image uagb-block-32097fe7 wp-block-uagb-image--layout-default wp-block-uagb-image--effect-static wp-block-uagb-image--align-none\"><figure class=\"wp-block-uagb-image__figure\"><img decoding=\"async\"  sizes=\"auto, (max-width: 480px) 150px\" src=\"https:\/\/www.gvs.com.br\/safety\/wp-content\/uploads\/2025\/02\/mascara-semifacial-elipse-a1.jpg\" alt=\"\" width=\"900\" height=\"900\" title=\"mascara-semifacial-elipse-a1\" loading=\"lazy\" role=\"img\"\/><\/figure><\/div>\n<\/div>\n<\/div><\/div>\n\n\n\n<div class=\"wp-block-uagb-advanced-heading uagb-block-699831b7\"><h2 class=\"uagb-heading-text\"><strong>O que s\u00e3o os Respiradores Semifaciais Elipse\u00ae A1 e E1?<\/strong><\/h2><\/div>\n\n\n\n<p class=\"has-text-align-justify has-text-align-justify\">Os Respiradores Semifaciais Elipse\u00ae A1 e E1 da GVS s\u00e3o equipamentos de prote\u00e7\u00e3o individual (EPIs) projetados para oferecer seguran\u00e7a respirat\u00f3ria em ambientes com a presen\u00e7a de vapores, gases, poeiras, n\u00e9voas e fumos. Compactos, leves e extremamente confort\u00e1veis, s\u00e3o ideais para quem busca prote\u00e7\u00e3o eficaz sem abrir m\u00e3o da mobilidade e do conforto no uso prolongado.<\/p>\n\n\n\n<p class=\"has-text-align-justify has-text-align-justify\">Esses respiradores foram desenvolvidos para proteger o sistema respirat\u00f3rio contra subst\u00e2ncias qu\u00edmicas nocivas. O modelo <strong>A1<\/strong> \u00e9 indicado para <strong>vapores org\u00e2nicos<\/strong>, como os encontrados em solventes e tintas. J\u00e1 o modelo <strong>E1<\/strong> oferece prote\u00e7\u00e3o contra <strong>gases \u00e1cidos<\/strong>, como o <strong>di\u00f3xido de enxofre<\/strong>. Ambos s\u00e3o ideais para atividades em ambientes industriais, agr\u00edcolas e de manuten\u00e7\u00e3o.<\/p>\n\n\n\n<div class=\"wp-block-uagb-container uagb-block-3f2a1aa8 alignfull uagb-is-root-container\"><div class=\"uagb-container-inner-blocks-wrap\">\n<div class=\"wp-block-uagb-container uagb-block-f52722a8\">\n<div class=\"wp-block-uagb-image uagb-block-86fdcdb7 wp-block-uagb-image--layout-default wp-block-uagb-image--effect-static wp-block-uagb-image--align-none\"><figure class=\"wp-block-uagb-image__figure\"><img decoding=\"async\" srcset=\"https:\/\/www.gvs.com.br\/safety\/wp-content\/uploads\/2025\/05\/SPR514-SPR515-E1-Mask-.png ,https:\/\/gvs.com.br\/safety\/wp-content\/uploads\/2025\/05\/SPR514-SPR515-E1-Mask-.png 780w, https:\/\/gvs.com.br\/safety\/wp-content\/uploads\/2025\/05\/SPR514-SPR515-E1-Mask-.png 360w\" sizes=\"auto, (max-width: 480px) 150px\" src=\"https:\/\/www.gvs.com.br\/safety\/wp-content\/uploads\/2025\/05\/SPR514-SPR515-E1-Mask-.png\" alt=\"\" class=\"uag-image-1909\" width=\"900\" height=\"706\" title=\"SPR514 SPR515 E1 Mask-\" loading=\"lazy\" role=\"img\"\/><\/figure><\/div>\n\n\n\n<div class=\"wp-block-uagb-advanced-heading uagb-block-54a5ca4b\"><h3 class=\"uagb-heading-text\"><strong>Respirador Semifacial<br>Elipse\u00ae E1<\/strong><\/h3><\/div>\n<\/div>\n\n\n\n<div class=\"wp-block-uagb-container uagb-block-3859bea9\">\n<div class=\"wp-block-uagb-image uagb-block-a6e9e770 wp-block-uagb-image--layout-default wp-block-uagb-image--effect-static wp-block-uagb-image--align-none\"><figure class=\"wp-block-uagb-image__figure\"><img decoding=\"async\" srcset=\"https:\/\/www.gvs.com.br\/safety\/wp-content\/uploads\/2025\/02\/mascara-semifacial-elipse-a1.jpg ,https:\/\/gvs.com.br\/safety\/wp-content\/uploads\/2025\/02\/mascara-semifacial-elipse-a1.jpg 780w, https:\/\/gvs.com.br\/safety\/wp-content\/uploads\/2025\/02\/mascara-semifacial-elipse-a1.jpg 360w\" sizes=\"auto, (max-width: 480px) 150px\" src=\"https:\/\/www.gvs.com.br\/safety\/wp-content\/uploads\/2025\/02\/mascara-semifacial-elipse-a1.jpg\" alt=\"\" class=\"uag-image-466\" width=\"900\" height=\"900\" title=\"mascara-semifacial-elipse-a1\" loading=\"lazy\" role=\"img\"\/><\/figure><\/div>\n\n\n\n<div class=\"wp-block-uagb-advanced-heading uagb-block-1419318c\"><h3 class=\"uagb-heading-text\"><strong>Respirador Semifacial<br>Elipse\u00ae A1<\/strong><\/h3><\/div>\n<\/div>\n<\/div><\/div>\n\n\n\n<div class=\"wp-block-uagb-separator uagb-block-73bdea59\"><div class=\"uagb-separator-spacing-wrapper\"><div class=\"wp-block-uagb-separator__inner\" style=\"--my-background-image:\"><\/div><\/div><\/div>\n\n\n\n<h2 class=\"wp-block-heading\"><strong>Do que s\u00e3o confeccionados os Respiradores Semifaciais Elipse\u00ae A1 e E1?<\/strong><\/h2>\n\n\n\n<p class=\"has-text-align-justify has-text-align-justify\">Os Respiradores A1 e E1 s\u00e3o confeccionados em TPE (elast\u00f4mero termopl\u00e1stico) de grau m\u00e9dico, certificado conforme a norma ISO 10993-10:2010, que assegura baixa irritabilidade \u00e0 pele. O corpo do respirador \u00e9 livre de l\u00e1tex e silicone, sem odor, e oferece excelente veda\u00e7\u00e3o facial. Os filtros s\u00e3o compostos por carv\u00e3o ativo selado em estrutura de ABS, garantindo alta efici\u00eancia na filtragem de contaminantes.<\/p>\n\n\n\n<h2 class=\"wp-block-heading\"><strong>Como s\u00e3o utilizados os Respiradores Semifaciais Elipse\u00ae A1 e E1?<\/strong><\/h2>\n\n\n\n<p class=\"has-text-align-justify has-text-align-justify\">O respirador \u00e9 colocado sobre o nariz e a boca, ajustado com quatro pontos de el\u00e1stico e uma tira confort\u00e1vel para o pesco\u00e7o, garantindo firmeza e conforto. A grande v\u00e1lvula central de exala\u00e7\u00e3o permite a libera\u00e7\u00e3o r\u00e1pida do ar quente e \u00famido, reduzindo o ac\u00famulo de suor e aumentando o bem-estar durante o uso cont\u00ednuo.<\/p>\n\n\n\n<p class=\"has-text-align-justify has-text-align-justify\">Al\u00e9m disso, os filtros podem ser facilmente substitu\u00eddos, renovando simultaneamente os filtros qu\u00edmicos, filtros mec\u00e2nicos e v\u00e1lvulas de inala\u00e7\u00e3o, o que simplifica a manuten\u00e7\u00e3o e prolonga a vida \u00fatil do equipamento.<\/p>\n\n\n\n<h2 class=\"wp-block-heading\"><strong>Qual a diferen\u00e7a entre os modelos A1 e E1?<\/strong><\/h2>\n\n\n\n<p class=\"has-text-align-justify has-text-align-justify\">Ambos possuem a mesma estrutura: <strong>Respirador Semifacial Elipse\u00ae<\/strong>, mudando apenas o tipo de filtro de prote\u00e7\u00e3o qu\u00edmica. Com design ergon\u00f4mico, leve e compat\u00edvel com outros EPIs, como \u00f3culos de prote\u00e7\u00e3o e abafadores de ru\u00eddo. Entenda sobre os filtros:<\/p>\n\n\n\n<div class=\"wp-block-uagb-container uagb-block-c29199f3 alignfull uagb-is-root-container\"><div class=\"uagb-container-inner-blocks-wrap\">\n<div class=\"wp-block-uagb-container uagb-block-d2331401\">\n<div class=\"wp-block-uagb-image uagb-block-51270ada wp-block-uagb-image--layout-default wp-block-uagb-image--effect-static wp-block-uagb-image--align-none\"><figure class=\"wp-block-uagb-image__figure\"><img decoding=\"async\"  sizes=\"auto, (max-width: 480px) 150px\" src=\"https:\/\/www.gvs.com.br\/safety\/wp-content\/uploads\/2025\/05\/a1.png\" alt=\"\" width=\"900\" height=\"706\" title=\"a1\" loading=\"lazy\" role=\"img\"\/><\/figure><\/div>\n\n\n\n<div class=\"wp-block-uagb-advanced-heading uagb-block-f96181a0\"><h3 class=\"uagb-heading-text\"><strong><strong>Filtro A1: <\/strong>Protege contra vapores org\u00e2nicos com ponto de ebuli\u00e7\u00e3o superior a 65\u202f\u00b0C.<\/strong><\/h3><\/div>\n<\/div>\n\n\n\n<div class=\"wp-block-uagb-container uagb-block-477dc974\">\n<div class=\"wp-block-uagb-image uagb-block-c1ec80d2 wp-block-uagb-image--layout-default wp-block-uagb-image--effect-static wp-block-uagb-image--align-none\"><figure class=\"wp-block-uagb-image__figure\"><img decoding=\"async\"  sizes=\"auto, (max-width: 480px) 150px\" src=\"https:\/\/www.gvs.com.br\/safety\/wp-content\/uploads\/2025\/05\/e1.jpg\" alt=\"\" width=\"900\" height=\"900\" title=\"e1\" loading=\"lazy\" role=\"img\"\/><\/figure><\/div>\n\n\n\n<div class=\"wp-block-uagb-advanced-heading uagb-block-7e123471\"><h3 class=\"uagb-heading-text\"><strong><strong>Filtro E1:<\/strong> Protege contra gases \u00e1cidos, como di\u00f3xido de enxofre.<\/strong><\/h3><\/div>\n<\/div>\n<\/div><\/div>\n\n\n\n<div class=\"wp-block-uagb-separator uagb-block-40d90893\"><div class=\"uagb-separator-spacing-wrapper\"><div class=\"wp-block-uagb-separator__inner\" style=\"--my-background-image:\"><\/div><\/div><\/div>\n\n\n\n<h2 class=\"wp-block-heading\"><strong>\u00c1reas de aplica\u00e7\u00e3o dos Respiradores Semifaciais Elipse\u00ae A1 e E1<\/strong><\/h2>\n\n\n\n<p>Os Respiradores Semifaciais Elipse\u00ae A1 e E1 s\u00e3o recomendados para uso profissional em diversas \u00e1reas:<\/p>\n\n\n\n<ul class=\"wp-block-list\">\n<li>Trabalhos de pintura.<\/li>\n\n\n\n<li>Agroneg\u00f3cio.<\/li>\n\n\n\n<li>Aplica\u00e7\u00e3o de defensivos agr\u00edcolas.<\/li>\n\n\n\n<li>Ind\u00fastria automotiva e naval.<\/li>\n\n\n\n<li>Manuseio de solventes.<\/li>\n\n\n\n<li>Ambientes com exposi\u00e7\u00e3o a gases \u00e1cidos.<\/li>\n<\/ul>\n\n\n\n<h2 class=\"wp-block-heading\"><strong>Benef\u00edcios dos Respiradores Semifaciais Elipse\u00ae A1 e E1<\/strong><\/h2>\n\n\n\n<ul class=\"wp-block-list\">\n<li><strong>Design compacto<\/strong>: metade da largura em compara\u00e7\u00e3o aos concorrentes, permitindo uso com outros EPIs.<\/li>\n\n\n\n<li><strong>Leveza<\/strong>: apenas <strong>374 g<\/strong> (respirador) + <strong>137 g<\/strong> (filtro), reduzindo a fadiga.<\/li>\n\n\n\n<li><strong>Conforto superior<\/strong>: el\u00e1sticos ajust\u00e1veis com prote\u00e7\u00e3o em TPE.<\/li>\n\n\n\n<li><strong>Maior durabilidade<\/strong>: troca simples e econ\u00f4mica dos filtros e v\u00e1lvulas.<\/li>\n\n\n\n<li><strong>Alta efici\u00eancia de filtragem<\/strong>: filtros de carv\u00e3o ativo para prote\u00e7\u00e3o qu\u00edmica confi\u00e1vel.<\/li>\n\n\n\n<li><strong>Respira\u00e7\u00e3o facilitada<\/strong>: v\u00e1lvula de exala\u00e7\u00e3o que reduz ac\u00famulo de calor e umidade.<\/li>\n<\/ul>\n\n\n\n<h2 class=\"wp-block-heading\"><strong>Por que escolher os Respiradores Semifaciais Elipse\u00ae A1 e E1 da GVS?<\/strong><\/h2>\n\n\n\n<p>A GVS \u00e9 refer\u00eancia global em solu\u00e7\u00f5es para prote\u00e7\u00e3o respirat\u00f3ria, com tecnologia de ponta e compromisso com a seguran\u00e7a do trabalhador. Os Respiradores Semifaciais Elipse\u00ae A1 e E1 re\u00fanem efici\u00eancia, conforto e durabilidade, tornando-se a escolha ideal para quem atua em ambientes com riscos qu\u00edmicos.<\/p>\n\n\n\n<p>Seja qual for o seu desafio \u2013 vapores org\u00e2nicos ou gases \u00e1cidos \u2013 a linha Elipse\u00ae da GVS oferece prote\u00e7\u00e3o confi\u00e1vel, adapt\u00e1vel ao seu ritmo de trabalho, com qualidade certificada e ergonomia incompar\u00e1vel.<\/p>\n\n\n\n<div class=\"wp-block-uagb-image uagb-block-4c837003 wp-block-uagb-image--layout-default wp-block-uagb-image--effect-static wp-block-uagb-image--align-none\"><figure class=\"wp-block-uagb-image__figure\"><img decoding=\"async\"  sizes=\"auto, (max-width: 480px) 150px\" src=\"https:\/\/www.gvs.com.br\/safety\/wp-content\/uploads\/2025\/02\/mascara-semifacial-elipse-a1-gal1.jpg\" alt=\"\" width=\"414\" height=\"414\" title=\"\" loading=\"lazy\" role=\"img\"\/><\/figure><\/div>\n\n\n\n<p><\/p>\n\n\n\n<div class=\"wp-block-uagb-advanced-heading uagb-block-37689345\"><h2 class=\"uagb-heading-text\"><strong>Acreditamos em proteger voc\u00ea para os melhores momentos da vida!<\/strong><\/h2><\/div>\n\n\n\n<p>Criamos solu\u00e7\u00f5es de prote\u00e7\u00e3o respirat\u00f3ria que tornam voc\u00ea e sua equipe mais seguros, para que todos possam voltar para casa no final de cada dia, seguros, saud\u00e1veis e capazes de fazer aquilo que mais importa.<\/p>\n\n\n\n<div class=\"wp-block-uagb-separator uagb-block-b8b79ce8\"><div class=\"uagb-separator-spacing-wrapper\"><div class=\"wp-block-uagb-separator__inner\" style=\"--my-background-image:\"><\/div><\/div><\/div>\n\n\n\n<div class=\"wp-block-uagb-call-to-action uagb-block-e6f6b3df wp-block-button\"><div class=\"uagb-cta__wrap\"><h3 class=\"uagb-cta__title\">Fale com a gente!<\/h3><p class=\"uagb-cta__desc\">Entre em contato com o nosso time hoje mesmo, esclare\u00e7a as suas d\u00favidas e&nbsp;<strong>solicite a sua cota\u00e7\u00e3o!<\/strong><\/p><\/div><div class=\"uagb-cta__buttons\"><a href=\"https:\/\/wa.me\/551938797222\" class=\"uagb-cta__button-link-wrapper wp-block-button__link\" target=\"_self\" rel=\"noopener noreferrer\"><svg xmlns=\"https:\/\/www.w3.org\/2000\/svg\" viewBox=\"0 0 448 512\"><path d=\"M380.9 97.1C339 55.1 283.2 32 223.9 32c-122.4 0-222 99.6-222 222 0 39.1 10.2 77.3 29.6 111L0 480l117.7-30.9c32.4 17.7 68.9 27 106.1 27h.1c122.3 0 224.1-99.6 224.1-222 0-59.3-25.2-115-67.1-157zm-157 341.6c-33.2 0-65.7-8.9-94-25.7l-6.7-4-69.8 18.3L72 359.2l-4.4-7c-18.5-29.4-28.2-63.3-28.2-98.2 0-101.7 82.8-184.5 184.6-184.5 49.3 0 95.6 19.2 130.4 54.1 34.8 34.9 56.2 81.2 56.1 130.5 0 101.8-84.9 184.6-186.6 184.6zm101.2-138.2c-5.5-2.8-32.8-16.2-37.9-18-5.1-1.9-8.8-2.8-12.5 2.8-3.7 5.6-14.3 18-17.6 21.8-3.2 3.7-6.5 4.2-12 1.4-32.6-16.3-54-29.1-75.5-66-5.7-9.8 5.7-9.1 16.3-30.3 1.8-3.7 .9-6.9-.5-9.7-1.4-2.8-12.5-30.1-17.1-41.2-4.5-10.8-9.1-9.3-12.5-9.5-3.2-.2-6.9-.2-10.6-.2-3.7 0-9.7 1.4-14.8 6.9-5.1 5.6-19.4 19-19.4 46.3 0 27.3 19.9 53.7 22.6 57.4 2.8 3.7 39.1 59.7 94.8 83.8 35.2 15.2 49 16.5 66.6 13.9 10.7-1.6 32.8-13.4 37.4-26.4 4.6-13 4.6-24.1 3.2-26.4-1.3-2.5-5-3.9-10.5-6.6z\"><\/path><\/svg>WhatsApp<\/a><\/div><\/div>\n\n\n\n<div class=\"wp-block-uagb-separator uagb-block-96e52944\"><div class=\"uagb-separator-spacing-wrapper\"><div class=\"wp-block-uagb-separator__inner\" style=\"--my-background-image:\"><\/div><\/div><\/div>\n\n\n\n<div class=\"wp-block-uagb-call-to-action uagb-block-bf9c28ce wp-block-button\"><div class=\"uagb-cta__wrap\"><h3 class=\"uagb-cta__title\">Fique por dentro das novidades!<\/h3><p class=\"uagb-cta__desc\">Acompanhe nossa jornada de inova\u00e7\u00e3o e saiba mais sobre nossos produtos, acesse <strong>Safety da GVS.<\/strong><\/p><\/div><div class=\"uagb-cta__buttons\"><a href=\"https:\/\/www.gvs.com.br\/safety\" class=\"uagb-cta__button-link-wrapper wp-block-button__link\" target=\"_self\" rel=\"noopener noreferrer\">Acesse o site<\/a><\/div><\/div>\n\n\n\n<p><\/p>\n","protected":false},"excerpt":{"rendered":"<p>Respiradores Semifaciais Elipse\u00ae A1 e E1 da GVS: Prote\u00e7\u00e3o Respirat\u00f3ria Eficiente para Vapores Org\u00e2nicos e Gases \u00c1cidos Em ambientes com [&hellip;]<\/p>\n","protected":false},"author":2,"featured_media":2118,"comment_status":"open","ping_status":"open","sticky":false,"template":"","format":"standard","meta":{"_uag_custom_page_level_css":"","site-sidebar-layout":"default","site-content-layout":"","ast-site-content-layout":"","site-content-style":"default","site-sidebar-style":"default","ast-global-header-display":"","ast-banner-title-visibility":"","ast-main-header-display":"","ast-hfb-above-header-display":"","ast-hfb-below-header-display":"","ast-hfb-mobile-header-display":"","site-post-title":"disabled","ast-breadcrumbs-content":"","ast-featured-img":"","footer-sml-layout":"","ast-disable-related-posts":"","theme-transparent-header-meta":"","adv-header-id-meta":"","stick-header-meta":"","header-above-stick-meta":"","header-main-stick-meta":"","header-below-stick-meta":"","astra-migrate-meta-layouts":"default","ast-page-background-enabled":"default","ast-page-background-meta":{"desktop":{"background-color":"var(--ast-global-color-4)","background-image":"","background-repeat":"repeat","background-position":"center center","background-size":"auto","background-attachment":"scroll","background-type":"","background-media":"","overlay-type":"","overlay-color":"","overlay-opacity":"","overlay-gradient":""},"tablet":{"background-color":"","background-image":"","background-repeat":"repeat","background-position":"center center","background-size":"auto","background-attachment":"scroll","background-type":"","background-media":"","overlay-type":"","overlay-color":"","overlay-opacity":"","overlay-gradient":""},"mobile":{"background-color":"","background-image":"","background-repeat":"repeat","background-position":"center center","background-size":"auto","background-attachment":"scroll","background-type":"","background-media":"","overlay-type":"","overlay-color":"","overlay-opacity":"","overlay-gradient":""}},"ast-content-background-meta":{"desktop":{"background-color":"var(--ast-global-color-5)","background-image":"","background-repeat":"repeat","background-position":"center center","background-size":"auto","background-attachment":"scroll","background-type":"","background-media":"","overlay-type":"","overlay-color":"","overlay-opacity":"","overlay-gradient":""},"tablet":{"background-color":"var(--ast-global-color-5)","background-image":"","background-repeat":"repeat","background-position":"center center","background-size":"auto","background-attachment":"scroll","background-type":"","background-media":"","overlay-type":"","overlay-color":"","overlay-opacity":"","overlay-gradient":""},"mobile":{"background-color":"var(--ast-global-color-5)","background-image":"","background-repeat":"repeat","background-position":"center center","background-size":"auto","background-attachment":"scroll","background-type":"","background-media":"","overlay-type":"","overlay-color":"","overlay-opacity":"","overlay-gradient":""}},"footnotes":""},"categories":[11,5],"tags":[34,17,15,16],"class_list":["post-2115","post","type-post","status-publish","format-standard","has-post-thumbnail","hentry","category-ajuste-apertado","category-safety","tag-elipse","tag-produtos-gvs","tag-protecao-respiratoria","tag-safety"],"yoast_head":"<!-- This site is optimized with the Yoast SEO plugin v27.2 - https:\/\/yoast.com\/product\/yoast-seo-wordpress\/ -->\n<title>Respiradores Semifaciais Elipse\u00ae A1 e E1 da GVS<\/title>\n<meta name=\"description\" content=\"Com alto desempenho e confiabilidade, os modelos Elipse\u00ae A1 e E1 se destacam como refer\u00eancia em prote\u00e7\u00e3o respirat\u00f3ria profissional.\" \/>\n<meta name=\"robots\" content=\"index, follow, max-snippet:-1, max-image-preview:large, max-video-preview:-1\" \/>\n<link rel=\"canonical\" href=\"https:\/\/www.gvs.com.br\/safety\/2025\/06\/11\/respiradores-semifaciais-elipse-a1-e-e1-da-gvs\/\" \/>\n<meta property=\"og:locale\" content=\"pt_BR\" \/>\n<meta property=\"og:type\" content=\"article\" \/>\n<meta property=\"og:title\" content=\"Respiradores Semifaciais Elipse\u00ae A1 e E1 da GVS\" \/>\n<meta property=\"og:description\" content=\"Com alto desempenho e confiabilidade, os modelos Elipse\u00ae A1 e E1 se destacam como refer\u00eancia em prote\u00e7\u00e3o respirat\u00f3ria profissional.\" \/>\n<meta property=\"og:url\" content=\"https:\/\/www.gvs.com.br\/safety\/2025\/06\/11\/respiradores-semifaciais-elipse-a1-e-e1-da-gvs\/\" \/>\n<meta property=\"og:site_name\" content=\"Safety\" \/>\n<meta property=\"article:published_time\" content=\"2025-06-11T09:00:00+00:00\" \/>\n<meta property=\"article:modified_time\" content=\"2025-09-09T19:39:15+00:00\" \/>\n<meta property=\"og:image\" content=\"https:\/\/www.gvs.com.br\/safety\/wp-content\/uploads\/2025\/05\/banner-blog-respirador-a1-e-e1.jpg\" \/>\n\t<meta property=\"og:image:width\" content=\"1920\" \/>\n\t<meta property=\"og:image:height\" content=\"1080\" \/>\n\t<meta property=\"og:image:type\" content=\"image\/jpeg\" \/>\n<meta name=\"author\" content=\"admin-gvs\" \/>\n<meta name=\"twitter:card\" content=\"summary_large_image\" \/>\n<meta name=\"twitter:label1\" content=\"Escrito por\" \/>\n\t<meta name=\"twitter:data1\" content=\"admin-gvs\" \/>\n\t<meta name=\"twitter:label2\" content=\"Est. tempo de leitura\" \/>\n\t<meta name=\"twitter:data2\" content=\"7 minutos\" \/>\n<script type=\"application\/ld+json\" class=\"yoast-schema-graph\">{\"@context\":\"https:\/\/schema.org\",\"@graph\":[{\"@type\":\"Article\",\"@id\":\"https:\/\/www.gvs.com.br\/safety\/2025\/06\/11\/respiradores-semifaciais-elipse-a1-e-e1-da-gvs\/#article\",\"isPartOf\":{\"@id\":\"https:\/\/www.gvs.com.br\/safety\/2025\/06\/11\/respiradores-semifaciais-elipse-a1-e-e1-da-gvs\/\"},\"author\":{\"name\":\"admin-gvs\",\"@id\":\"https:\/\/www.gvs.com.br\/safety\/#\/schema\/person\/08f0e38941dafa538ee5706ec48fe5a1\"},\"headline\":\"Respiradores Semifaciais Elipse\u00ae A1 e E1 da GVS: Prote\u00e7\u00e3o Respirat\u00f3ria Eficiente para Vapores Org\u00e2nicos e Gases \u00c1cidos\",\"datePublished\":\"2025-06-11T09:00:00+00:00\",\"dateModified\":\"2025-09-09T19:39:15+00:00\",\"mainEntityOfPage\":{\"@id\":\"https:\/\/www.gvs.com.br\/safety\/2025\/06\/11\/respiradores-semifaciais-elipse-a1-e-e1-da-gvs\/\"},\"wordCount\":954,\"commentCount\":0,\"publisher\":{\"@id\":\"https:\/\/www.gvs.com.br\/safety\/#organization\"},\"image\":{\"@id\":\"https:\/\/www.gvs.com.br\/safety\/2025\/06\/11\/respiradores-semifaciais-elipse-a1-e-e1-da-gvs\/#primaryimage\"},\"thumbnailUrl\":\"https:\/\/www.gvs.com.br\/safety\/wp-content\/uploads\/2025\/05\/banner-blog-respirador-a1-e-e1.jpg\",\"keywords\":[\"Elipse\",\"Produtos GVS\",\"Prote\u00e7\u00e3o Respirat\u00f3ria\",\"Safety\"],\"articleSection\":[\"Ajuste Apertado\",\"Safety\"],\"inLanguage\":\"pt-BR\",\"potentialAction\":[{\"@type\":\"CommentAction\",\"name\":\"Comment\",\"target\":[\"https:\/\/www.gvs.com.br\/safety\/2025\/06\/11\/respiradores-semifaciais-elipse-a1-e-e1-da-gvs\/#respond\"]}]},{\"@type\":\"WebPage\",\"@id\":\"https:\/\/www.gvs.com.br\/safety\/2025\/06\/11\/respiradores-semifaciais-elipse-a1-e-e1-da-gvs\/\",\"url\":\"https:\/\/www.gvs.com.br\/safety\/2025\/06\/11\/respiradores-semifaciais-elipse-a1-e-e1-da-gvs\/\",\"name\":\"Respiradores Semifaciais Elipse\u00ae A1 e E1 da GVS\",\"isPartOf\":{\"@id\":\"https:\/\/www.gvs.com.br\/safety\/#website\"},\"primaryImageOfPage\":{\"@id\":\"https:\/\/www.gvs.com.br\/safety\/2025\/06\/11\/respiradores-semifaciais-elipse-a1-e-e1-da-gvs\/#primaryimage\"},\"image\":{\"@id\":\"https:\/\/www.gvs.com.br\/safety\/2025\/06\/11\/respiradores-semifaciais-elipse-a1-e-e1-da-gvs\/#primaryimage\"},\"thumbnailUrl\":\"https:\/\/www.gvs.com.br\/safety\/wp-content\/uploads\/2025\/05\/banner-blog-respirador-a1-e-e1.jpg\",\"datePublished\":\"2025-06-11T09:00:00+00:00\",\"dateModified\":\"2025-09-09T19:39:15+00:00\",\"description\":\"Com alto desempenho e confiabilidade, os modelos Elipse\u00ae A1 e E1 se destacam como refer\u00eancia em prote\u00e7\u00e3o respirat\u00f3ria profissional.\",\"breadcrumb\":{\"@id\":\"https:\/\/www.gvs.com.br\/safety\/2025\/06\/11\/respiradores-semifaciais-elipse-a1-e-e1-da-gvs\/#breadcrumb\"},\"inLanguage\":\"pt-BR\",\"potentialAction\":[{\"@type\":\"ReadAction\",\"target\":[\"https:\/\/www.gvs.com.br\/safety\/2025\/06\/11\/respiradores-semifaciais-elipse-a1-e-e1-da-gvs\/\"]}]},{\"@type\":\"ImageObject\",\"inLanguage\":\"pt-BR\",\"@id\":\"https:\/\/www.gvs.com.br\/safety\/2025\/06\/11\/respiradores-semifaciais-elipse-a1-e-e1-da-gvs\/#primaryimage\",\"url\":\"https:\/\/www.gvs.com.br\/safety\/wp-content\/uploads\/2025\/05\/banner-blog-respirador-a1-e-e1.jpg\",\"contentUrl\":\"https:\/\/www.gvs.com.br\/safety\/wp-content\/uploads\/2025\/05\/banner-blog-respirador-a1-e-e1.jpg\",\"width\":1920,\"height\":1080},{\"@type\":\"BreadcrumbList\",\"@id\":\"https:\/\/www.gvs.com.br\/safety\/2025\/06\/11\/respiradores-semifaciais-elipse-a1-e-e1-da-gvs\/#breadcrumb\",\"itemListElement\":[{\"@type\":\"ListItem\",\"position\":1,\"name\":\"In\u00edcio\",\"item\":\"https:\/\/www.gvs.com.br\/safety\/\"},{\"@type\":\"ListItem\",\"position\":2,\"name\":\"Respiradores Semifaciais Elipse\u00ae A1 e E1 da GVS: Prote\u00e7\u00e3o Respirat\u00f3ria Eficiente para Vapores Org\u00e2nicos e Gases \u00c1cidos\"}]},{\"@type\":\"WebSite\",\"@id\":\"https:\/\/www.gvs.com.br\/safety\/#website\",\"url\":\"https:\/\/www.gvs.com.br\/safety\/\",\"name\":\"Safety\",\"description\":\"\",\"publisher\":{\"@id\":\"https:\/\/www.gvs.com.br\/safety\/#organization\"},\"potentialAction\":[{\"@type\":\"SearchAction\",\"target\":{\"@type\":\"EntryPoint\",\"urlTemplate\":\"https:\/\/www.gvs.com.br\/safety\/?s={search_term_string}\"},\"query-input\":{\"@type\":\"PropertyValueSpecification\",\"valueRequired\":true,\"valueName\":\"search_term_string\"}}],\"inLanguage\":\"pt-BR\"},{\"@type\":\"Organization\",\"@id\":\"https:\/\/www.gvs.com.br\/safety\/#organization\",\"name\":\"Safety\",\"url\":\"https:\/\/www.gvs.com.br\/safety\/\",\"logo\":{\"@type\":\"ImageObject\",\"inLanguage\":\"pt-BR\",\"@id\":\"https:\/\/www.gvs.com.br\/safety\/#\/schema\/logo\/image\/\",\"url\":\"https:\/\/www.gvs.com.br\/safety\/wp-content\/uploads\/2024\/12\/Logo-GVS-Safety.png\",\"contentUrl\":\"https:\/\/www.gvs.com.br\/safety\/wp-content\/uploads\/2024\/12\/Logo-GVS-Safety.png\",\"width\":1920,\"height\":1080,\"caption\":\"Safety\"},\"image\":{\"@id\":\"https:\/\/www.gvs.com.br\/safety\/#\/schema\/logo\/image\/\"}},{\"@type\":\"Person\",\"@id\":\"https:\/\/www.gvs.com.br\/safety\/#\/schema\/person\/08f0e38941dafa538ee5706ec48fe5a1\",\"name\":\"admin-gvs\",\"image\":{\"@type\":\"ImageObject\",\"inLanguage\":\"pt-BR\",\"@id\":\"https:\/\/secure.gravatar.com\/avatar\/753807cf2c24e7c5051446eb4fc6c55657714e911f26a29329d9dc501ae35121?s=96&d=mm&r=g\",\"url\":\"https:\/\/secure.gravatar.com\/avatar\/753807cf2c24e7c5051446eb4fc6c55657714e911f26a29329d9dc501ae35121?s=96&d=mm&r=g\",\"contentUrl\":\"https:\/\/secure.gravatar.com\/avatar\/753807cf2c24e7c5051446eb4fc6c55657714e911f26a29329d9dc501ae35121?s=96&d=mm&r=g\",\"caption\":\"admin-gvs\"},\"url\":\"https:\/\/www.gvs.com.br\/safety\/author\/admin-gvs\/\"}]}<\/script>\n<!-- \/ Yoast SEO plugin. -->","yoast_head_json":{"title":"Respiradores Semifaciais Elipse\u00ae A1 e E1 da GVS","description":"Com alto desempenho e confiabilidade, os modelos Elipse\u00ae A1 e E1 se destacam como refer\u00eancia em prote\u00e7\u00e3o respirat\u00f3ria profissional.","robots":{"index":"index","follow":"follow","max-snippet":"max-snippet:-1","max-image-preview":"max-image-preview:large","max-video-preview":"max-video-preview:-1"},"canonical":"https:\/\/www.gvs.com.br\/safety\/2025\/06\/11\/respiradores-semifaciais-elipse-a1-e-e1-da-gvs\/","og_locale":"pt_BR","og_type":"article","og_title":"Respiradores Semifaciais Elipse\u00ae A1 e E1 da GVS","og_description":"Com alto desempenho e confiabilidade, os modelos Elipse\u00ae A1 e E1 se destacam como refer\u00eancia em prote\u00e7\u00e3o respirat\u00f3ria profissional.","og_url":"https:\/\/www.gvs.com.br\/safety\/2025\/06\/11\/respiradores-semifaciais-elipse-a1-e-e1-da-gvs\/","og_site_name":"Safety","article_published_time":"2025-06-11T09:00:00+00:00","article_modified_time":"2025-09-09T19:39:15+00:00","og_image":[{"width":1920,"height":1080,"url":"https:\/\/www.gvs.com.br\/safety\/wp-content\/uploads\/2025\/05\/banner-blog-respirador-a1-e-e1.jpg","type":"image\/jpeg"}],"author":"admin-gvs","twitter_card":"summary_large_image","twitter_misc":{"Escrito por":"admin-gvs","Est. tempo de leitura":"7 minutos"},"schema":{"@context":"https:\/\/schema.org","@graph":[{"@type":"Article","@id":"https:\/\/www.gvs.com.br\/safety\/2025\/06\/11\/respiradores-semifaciais-elipse-a1-e-e1-da-gvs\/#article","isPartOf":{"@id":"https:\/\/www.gvs.com.br\/safety\/2025\/06\/11\/respiradores-semifaciais-elipse-a1-e-e1-da-gvs\/"},"author":{"name":"admin-gvs","@id":"https:\/\/www.gvs.com.br\/safety\/#\/schema\/person\/08f0e38941dafa538ee5706ec48fe5a1"},"headline":"Respiradores Semifaciais Elipse\u00ae A1 e E1 da GVS: Prote\u00e7\u00e3o Respirat\u00f3ria Eficiente para Vapores Org\u00e2nicos e Gases \u00c1cidos","datePublished":"2025-06-11T09:00:00+00:00","dateModified":"2025-09-09T19:39:15+00:00","mainEntityOfPage":{"@id":"https:\/\/www.gvs.com.br\/safety\/2025\/06\/11\/respiradores-semifaciais-elipse-a1-e-e1-da-gvs\/"},"wordCount":954,"commentCount":0,"publisher":{"@id":"https:\/\/www.gvs.com.br\/safety\/#organization"},"image":{"@id":"https:\/\/www.gvs.com.br\/safety\/2025\/06\/11\/respiradores-semifaciais-elipse-a1-e-e1-da-gvs\/#primaryimage"},"thumbnailUrl":"https:\/\/www.gvs.com.br\/safety\/wp-content\/uploads\/2025\/05\/banner-blog-respirador-a1-e-e1.jpg","keywords":["Elipse","Produtos GVS","Prote\u00e7\u00e3o Respirat\u00f3ria","Safety"],"articleSection":["Ajuste Apertado","Safety"],"inLanguage":"pt-BR","potentialAction":[{"@type":"CommentAction","name":"Comment","target":["https:\/\/www.gvs.com.br\/safety\/2025\/06\/11\/respiradores-semifaciais-elipse-a1-e-e1-da-gvs\/#respond"]}]},{"@type":"WebPage","@id":"https:\/\/www.gvs.com.br\/safety\/2025\/06\/11\/respiradores-semifaciais-elipse-a1-e-e1-da-gvs\/","url":"https:\/\/www.gvs.com.br\/safety\/2025\/06\/11\/respiradores-semifaciais-elipse-a1-e-e1-da-gvs\/","name":"Respiradores Semifaciais Elipse\u00ae A1 e E1 da GVS","isPartOf":{"@id":"https:\/\/www.gvs.com.br\/safety\/#website"},"primaryImageOfPage":{"@id":"https:\/\/www.gvs.com.br\/safety\/2025\/06\/11\/respiradores-semifaciais-elipse-a1-e-e1-da-gvs\/#primaryimage"},"image":{"@id":"https:\/\/www.gvs.com.br\/safety\/2025\/06\/11\/respiradores-semifaciais-elipse-a1-e-e1-da-gvs\/#primaryimage"},"thumbnailUrl":"https:\/\/www.gvs.com.br\/safety\/wp-content\/uploads\/2025\/05\/banner-blog-respirador-a1-e-e1.jpg","datePublished":"2025-06-11T09:00:00+00:00","dateModified":"2025-09-09T19:39:15+00:00","description":"Com alto desempenho e confiabilidade, os modelos Elipse\u00ae A1 e E1 se destacam como refer\u00eancia em prote\u00e7\u00e3o respirat\u00f3ria profissional.","breadcrumb":{"@id":"https:\/\/www.gvs.com.br\/safety\/2025\/06\/11\/respiradores-semifaciais-elipse-a1-e-e1-da-gvs\/#breadcrumb"},"inLanguage":"pt-BR","potentialAction":[{"@type":"ReadAction","target":["https:\/\/www.gvs.com.br\/safety\/2025\/06\/11\/respiradores-semifaciais-elipse-a1-e-e1-da-gvs\/"]}]},{"@type":"ImageObject","inLanguage":"pt-BR","@id":"https:\/\/www.gvs.com.br\/safety\/2025\/06\/11\/respiradores-semifaciais-elipse-a1-e-e1-da-gvs\/#primaryimage","url":"https:\/\/www.gvs.com.br\/safety\/wp-content\/uploads\/2025\/05\/banner-blog-respirador-a1-e-e1.jpg","contentUrl":"https:\/\/www.gvs.com.br\/safety\/wp-content\/uploads\/2025\/05\/banner-blog-respirador-a1-e-e1.jpg","width":1920,"height":1080},{"@type":"BreadcrumbList","@id":"https:\/\/www.gvs.com.br\/safety\/2025\/06\/11\/respiradores-semifaciais-elipse-a1-e-e1-da-gvs\/#breadcrumb","itemListElement":[{"@type":"ListItem","position":1,"name":"In\u00edcio","item":"https:\/\/www.gvs.com.br\/safety\/"},{"@type":"ListItem","position":2,"name":"Respiradores Semifaciais Elipse\u00ae A1 e E1 da GVS: Prote\u00e7\u00e3o Respirat\u00f3ria Eficiente para Vapores Org\u00e2nicos e Gases \u00c1cidos"}]},{"@type":"WebSite","@id":"https:\/\/www.gvs.com.br\/safety\/#website","url":"https:\/\/www.gvs.com.br\/safety\/","name":"Safety","description":"","publisher":{"@id":"https:\/\/www.gvs.com.br\/safety\/#organization"},"potentialAction":[{"@type":"SearchAction","target":{"@type":"EntryPoint","urlTemplate":"https:\/\/www.gvs.com.br\/safety\/?s={search_term_string}"},"query-input":{"@type":"PropertyValueSpecification","valueRequired":true,"valueName":"search_term_string"}}],"inLanguage":"pt-BR"},{"@type":"Organization","@id":"https:\/\/www.gvs.com.br\/safety\/#organization","name":"Safety","url":"https:\/\/www.gvs.com.br\/safety\/","logo":{"@type":"ImageObject","inLanguage":"pt-BR","@id":"https:\/\/www.gvs.com.br\/safety\/#\/schema\/logo\/image\/","url":"https:\/\/www.gvs.com.br\/safety\/wp-content\/uploads\/2024\/12\/Logo-GVS-Safety.png","contentUrl":"https:\/\/www.gvs.com.br\/safety\/wp-content\/uploads\/2024\/12\/Logo-GVS-Safety.png","width":1920,"height":1080,"caption":"Safety"},"image":{"@id":"https:\/\/www.gvs.com.br\/safety\/#\/schema\/logo\/image\/"}},{"@type":"Person","@id":"https:\/\/www.gvs.com.br\/safety\/#\/schema\/person\/08f0e38941dafa538ee5706ec48fe5a1","name":"admin-gvs","image":{"@type":"ImageObject","inLanguage":"pt-BR","@id":"https:\/\/secure.gravatar.com\/avatar\/753807cf2c24e7c5051446eb4fc6c55657714e911f26a29329d9dc501ae35121?s=96&d=mm&r=g","url":"https:\/\/secure.gravatar.com\/avatar\/753807cf2c24e7c5051446eb4fc6c55657714e911f26a29329d9dc501ae35121?s=96&d=mm&r=g","contentUrl":"https:\/\/secure.gravatar.com\/avatar\/753807cf2c24e7c5051446eb4fc6c55657714e911f26a29329d9dc501ae35121?s=96&d=mm&r=g","caption":"admin-gvs"},"url":"https:\/\/www.gvs.com.br\/safety\/author\/admin-gvs\/"}]}},"uagb_featured_image_src":{"full":["https:\/\/www.gvs.com.br\/safety\/wp-content\/uploads\/2025\/05\/banner-blog-respirador-a1-e-e1.jpg",1920,1080,false],"thumbnail":["https:\/\/www.gvs.com.br\/safety\/wp-content\/uploads\/2025\/05\/banner-blog-respirador-a1-e-e1-150x150.jpg",150,150,true],"medium":["https:\/\/www.gvs.com.br\/safety\/wp-content\/uploads\/2025\/05\/banner-blog-respirador-a1-e-e1-300x169.jpg",300,169,true],"medium_large":["https:\/\/www.gvs.com.br\/safety\/wp-content\/uploads\/2025\/05\/banner-blog-respirador-a1-e-e1-768x432.jpg",768,432,true],"large":["https:\/\/www.gvs.com.br\/safety\/wp-content\/uploads\/2025\/05\/banner-blog-respirador-a1-e-e1-1024x576.jpg",1024,576,true],"1536x1536":["https:\/\/www.gvs.com.br\/safety\/wp-content\/uploads\/2025\/05\/banner-blog-respirador-a1-e-e1-1536x864.jpg",1536,864,true],"2048x2048":["https:\/\/www.gvs.com.br\/safety\/wp-content\/uploads\/2025\/05\/banner-blog-respirador-a1-e-e1.jpg",1920,1080,false]},"uagb_author_info":{"display_name":"admin-gvs","author_link":"https:\/\/www.gvs.com.br\/safety\/author\/admin-gvs\/"},"uagb_comment_info":0,"uagb_excerpt":"Respiradores Semifaciais Elipse\u00ae A1 e E1 da GVS: Prote\u00e7\u00e3o Respirat\u00f3ria Eficiente para Vapores Org\u00e2nicos e Gases \u00c1cidos Em ambientes com [&hellip;]","_links":{"self":[{"href":"https:\/\/www.gvs.com.br\/safety\/wp-json\/wp\/v2\/posts\/2115","targetHints":{"allow":["GET"]}}],"collection":[{"href":"https:\/\/www.gvs.com.br\/safety\/wp-json\/wp\/v2\/posts"}],"about":[{"href":"https:\/\/www.gvs.com.br\/safety\/wp-json\/wp\/v2\/types\/post"}],"author":[{"embeddable":true,"href":"https:\/\/www.gvs.com.br\/safety\/wp-json\/wp\/v2\/users\/2"}],"replies":[{"embeddable":true,"href":"https:\/\/www.gvs.com.br\/safety\/wp-json\/wp\/v2\/comments?post=2115"}],"version-history":[{"count":4,"href":"https:\/\/www.gvs.com.br\/safety\/wp-json\/wp\/v2\/posts\/2115\/revisions"}],"predecessor-version":[{"id":2854,"href":"https:\/\/www.gvs.com.br\/safety\/wp-json\/wp\/v2\/posts\/2115\/revisions\/2854"}],"wp:featuredmedia":[{"embeddable":true,"href":"https:\/\/www.gvs.com.br\/safety\/wp-json\/wp\/v2\/media\/2118"}],"wp:attachment":[{"href":"https:\/\/www.gvs.com.br\/safety\/wp-json\/wp\/v2\/media?parent=2115"}],"wp:term":[{"taxonomy":"category","embeddable":true,"href":"https:\/\/www.gvs.com.br\/safety\/wp-json\/wp\/v2\/categories?post=2115"},{"taxonomy":"post_tag","embeddable":true,"href":"https:\/\/www.gvs.com.br\/safety\/wp-json\/wp\/v2\/tags?post=2115"}],"curies":[{"name":"wp","href":"https:\/\/api.w.org\/{rel}","templated":true}]}}