{"id":1655,"date":"2025-04-30T09:00:00","date_gmt":"2025-04-30T09:00:00","guid":{"rendered":"https:\/\/prihdesigner.com.br\/Health-Safety\/?p=1655"},"modified":"2025-09-09T19:33:41","modified_gmt":"2025-09-09T19:33:41","slug":"respirador-semifacial-elipse-p3-antiodor-protecao-conforto-e-eficiencia-para-a-industria","status":"publish","type":"post","link":"https:\/\/www.gvs.com.br\/safety\/2025\/04\/30\/respirador-semifacial-elipse-p3-antiodor-protecao-conforto-e-eficiencia-para-a-industria\/","title":{"rendered":"Respirador Semifacial Elipse\u00ae P3 Antiodor: Prote\u00e7\u00e3o, Conforto e Efici\u00eancia para a Ind\u00fastria"},"content":{"rendered":"\n<div class=\"wp-block-uagb-container uagb-block-2d8af228 alignfull uagb-is-root-container\"><div class=\"uagb-container-inner-blocks-wrap\">\n<div class=\"wp-block-uagb-advanced-heading uagb-block-76a4c15c\"><h2 class=\"uagb-heading-text\"><strong>Respirador Semifacial Elipse\u00ae P3 Antiodor: <\/strong><br><strong>Prote\u00e7\u00e3o, Conforto e Efici\u00eancia para a Ind\u00fastria<\/strong><\/h2><\/div>\n<\/div><\/div>\n\n\n\n<div class=\"wp-block-uagb-separator uagb-block-c6c4fd86\"><div class=\"uagb-separator-spacing-wrapper\"><div class=\"wp-block-uagb-separator__inner\" style=\"--my-background-image:\"><\/div><\/div><\/div>\n\n\n\n<p class=\"has-text-align-justify has-text-align-justify\">O uso de Equipamentos de Prote\u00e7\u00e3o Individual (EPIs) \u00e9 essencial para garantir a seguran\u00e7a e bem-estar dos trabalhadores em diversas ind\u00fastrias. O Respirador Semifacial Elipse\u00ae P3 Antiodor da GVS \u00e9 uma solu\u00e7\u00e3o inovadora que combina prote\u00e7\u00e3o de alto desempenho com conforto e praticidade. Se voc\u00ea busca um respirador leve, ergon\u00f4mico e altamente eficiente, este \u00e9 o equipamento ideal.<\/p>\n\n\n\n<div class=\"wp-block-uagb-container uagb-block-b14dfe03 alignfull uagb-is-root-container\"><div class=\"uagb-container-inner-blocks-wrap\">\n<div class=\"wp-block-uagb-container uagb-block-11746617\"><\/div>\n\n\n\n<div class=\"wp-block-uagb-container uagb-block-699340fd\">\n<div class=\"wp-block-uagb-image uagb-block-00d67a74 wp-block-uagb-image--layout-default wp-block-uagb-image--effect-static wp-block-uagb-image--align-none\"><figure class=\"wp-block-uagb-image__figure\"><img decoding=\"async\"  sizes=\"auto, (max-width: 480px) 150px\" src=\"https:\/\/www.gvs.com.br\/safety\/wp-content\/uploads\/2025\/02\/Respirador-Semifacial-Elipse-P3-Antiodor.jpg\" alt=\"\" width=\"900\" height=\"900\" title=\"Respirador Semifacial Elipse P3 Antiodor\" loading=\"lazy\" role=\"img\"\/><\/figure><\/div>\n<\/div>\n\n\n\n<div class=\"wp-block-uagb-container uagb-block-f53eaeec\">\n<div class=\"wp-block-uagb-image uagb-block-356a9501 wp-block-uagb-image--layout-default wp-block-uagb-image--effect-static wp-block-uagb-image--align-none\"><figure class=\"wp-block-uagb-image__figure\"><img decoding=\"async\"  sizes=\"auto, (max-width: 480px) 150px\" src=\"https:\/\/www.gvs.com.br\/safety\/wp-content\/uploads\/2025\/04\/mascara-semifacial-elipse-p3-antiodor-gal-2.jpg\" alt=\"\" width=\"900\" height=\"900\" title=\"mascara-semifacial-elipse-p3-antiodor-gal-2\" loading=\"lazy\" role=\"img\"\/><\/figure><\/div>\n<\/div>\n\n\n\n<div class=\"wp-block-uagb-container uagb-block-4374f87c\"><\/div>\n<\/div><\/div>\n\n\n\n<div class=\"wp-block-uagb-advanced-heading uagb-block-d53ede56\"><h2 class=\"uagb-heading-text\"><strong>O que \u00e9 o Respirador Semifacial Elipse\u00ae P3 Antiodor?<\/strong><\/h2><\/div>\n\n\n\n<p>O Respirador Semifacial Elipse\u00ae P3 Antiodor \u00e9 um EPI compacto e flex\u00edvel, projetado para oferecer m\u00e1xima prote\u00e7\u00e3o contra vapores, poeiras, n\u00e9voas, fumos met\u00e1licos e microrganismos. Ele conta com um design ergon\u00f4mico que se adapta perfeitamente ao rosto do usu\u00e1rio, garantindo veda\u00e7\u00e3o eficaz e conforto durante o uso prolongado.<\/p>\n\n\n\n<div class=\"wp-block-uagb-container uagb-block-3612060f alignfull uagb-is-root-container\"><div class=\"uagb-container-inner-blocks-wrap\">\n<div class=\"wp-block-uagb-container uagb-block-1dc452ef\">\n<div class=\"wp-block-uagb-advanced-heading uagb-block-1e6f2c48\"><h2 class=\"uagb-heading-text\"><strong>Para que serve e onde pode ser utilizado?<\/strong><\/h2><\/div>\n\n\n\n<p>Este respirador \u00e9 indicado para profissionais que atuam em ambientes com alta presen\u00e7a de part\u00edculas t\u00f3xicas e odores inc\u00f4modos. Entre as principais \u00e1reas de aplica\u00e7\u00e3o est\u00e3o:<\/p>\n\n\n\n<ul class=\"wp-block-list\">\n<li>Minera\u00e7\u00e3o.<\/li>\n\n\n\n<li>Siderurgia e fundi\u00e7\u00e3o de metal.<\/li>\n\n\n\n<li>Soldagem.<\/li>\n\n\n\n<li>Ind\u00fastria farmac\u00eautica.<\/li>\n\n\n\n<li>Fabrica\u00e7\u00e3o de cimento, vidro e cer\u00e2mica.<\/li>\n\n\n\n<li>Ind\u00fastria t\u00eaxtil.<\/li>\n\n\n\n<li>Agricultura.<\/li>\n<\/ul>\n<\/div>\n\n\n\n<div class=\"wp-block-uagb-container uagb-block-99f1351f\">\n<div class=\"wp-block-uagb-image uagb-block-e2c8c76d wp-block-uagb-image--layout-default wp-block-uagb-image--effect-static wp-block-uagb-image--align-none\"><figure class=\"wp-block-uagb-image__figure\"><img decoding=\"async\"  sizes=\"auto, (max-width: 480px) 150px\" src=\"https:\/\/www.gvs.com.br\/safety\/wp-content\/uploads\/2025\/02\/mascara-semifacial-elipse-p3-antiodor-gal-1.jpg\" alt=\"\" width=\"900\" height=\"900\" title=\"mascara-semifacial-elipse-p3-antiodor-gal-1\" loading=\"lazy\" role=\"img\"\/><\/figure><\/div>\n<\/div>\n<\/div><\/div>\n\n\n\n<div class=\"wp-block-uagb-advanced-heading uagb-block-55ddf463\"><h2 class=\"uagb-heading-text\"><strong>Benef\u00edcios do Respirador Elipse\u00ae P3 Antiodor<\/strong><\/h2><\/div>\n\n\n\n<ul class=\"wp-block-list\">\n<li><strong>Alta Efici\u00eancia de Filtragem: <\/strong>O respirador conta com filtros reutiliz\u00e1veis P3 HESPA, que garantem uma efici\u00eancia m\u00ednima de 99,95% na reten\u00e7\u00e3o de part\u00edculas t\u00f3xicas de at\u00e9 0,3 m\u00edcrons. Esses filtros s\u00e3o compactos, leves e possuem alta durabilidade.<\/li>\n\n\n\n<li><strong>Conforto Superior: <\/strong>Fabricado em TPE de grau m\u00e9dico, o respirador \u00e9 hipoalerg\u00eanico, livre de l\u00e1tex e silicone, reduzindo o risco de irrita\u00e7\u00f5es na pele. O material macio se ajusta aos contornos do rosto, proporcionando um encaixe seguro e confort\u00e1vel.<\/li>\n\n\n\n<li><strong>Design Compacto e Ergon\u00f4mico: <\/strong>Seu formato compacto permite o uso em conjunto com outros EPIs, como \u00f3culos de seguran\u00e7a, protetores auriculares e viseiras de solda, sem comprometer a prote\u00e7\u00e3o respirat\u00f3ria.<\/li>\n\n\n\n<li><strong>V\u00e1lvula de Exala\u00e7\u00e3o Eficiente: <\/strong>A grande v\u00e1lvula de exala\u00e7\u00e3o posicionada na parte central facilita a libera\u00e7\u00e3o do ar quente e umidade, evitando o ac\u00famulo de calor dentro do respirador e reduzindo o desconforto durante longos per\u00edodos de uso.<\/li>\n<\/ul>\n\n\n\n<p class=\"has-text-align-justify has-text-align-justify\"><strong>Filtros Substitu\u00edveis: <\/strong>Os filtros do Respirador Elipse\u00ae P3 Antiodor possuem um design exclusivo e patenteado, s\u00e3o f\u00e1ceis de substituir e ocupam pouco espa\u00e7o no estoque, garantindo praticidade e economia.<\/p>\n\n\n\n<div class=\"wp-block-uagb-image uagb-block-ff884eeb wp-block-uagb-image--layout-default wp-block-uagb-image--effect-static wp-block-uagb-image--align-none\"><figure class=\"wp-block-uagb-image__figure\"><img decoding=\"async\"  sizes=\"auto, (max-width: 480px) 150px\" src=\"https:\/\/www.gvs.com.br\/safety\/wp-content\/uploads\/2025\/02\/mascara-semifacial-elipse-p3-antiodor-filtro.jpg\" alt=\"\" width=\"564\" height=\"564\" title=\"mascara-semifacial-elipse-p3-antiodor-filtro\" loading=\"lazy\" role=\"img\"\/><\/figure><\/div>\n\n\n\n<div class=\"wp-block-uagb-container uagb-block-b28493a0 alignfull uagb-is-root-container\"><div class=\"uagb-container-inner-blocks-wrap\">\n<div class=\"wp-block-uagb-container uagb-block-6a97d444\">\n<div class=\"wp-block-uagb-advanced-heading uagb-block-a5d6950f\"><h2 class=\"uagb-heading-text\"><strong><strong>Por que escolher o Respirador Semifacial Elipse\u00ae P3 Antiodor da GVS?<\/strong><\/strong><\/h2><\/div>\n\n\n\n<ul class=\"wp-block-list\">\n<li><strong>Prote\u00e7\u00e3o superior<\/strong>: Filtragem altamente eficiente contra poeiras, fumos met\u00e1licos e microrganismos.<\/li>\n\n\n\n<li><strong>Conforto duradouro<\/strong>: Material hipoalerg\u00eanico e ajuste ergon\u00f4mico garantem uso prolongado sem inc\u00f4modo.<\/li>\n\n\n\n<li><strong>Design inovador<\/strong>: Compacto, leve e compat\u00edvel com outros EPIs.<\/li>\n\n\n\n<li><strong>Economia e sustentabilidade<\/strong>: Filtros substitu\u00edveis prolongam a vida \u00fatil do equipamento.<\/li>\n\n\n\n<li><strong>Redu\u00e7\u00e3o de fadiga<\/strong>: Apenas 130g de peso total, minimizando o impacto no dia a dia do profissional.<\/li>\n<\/ul>\n<\/div>\n\n\n\n<div class=\"wp-block-uagb-container uagb-block-7346bbea\">\n<div class=\"wp-block-uagb-image uagb-block-f9ad7192 wp-block-uagb-image--layout-default wp-block-uagb-image--effect-static wp-block-uagb-image--align-none\"><figure class=\"wp-block-uagb-image__figure\"><img decoding=\"async\" srcset=\"https:\/\/www.gvs.com.br\/safety\/wp-content\/uploads\/2025\/02\/mascara-semifacial-elipse-p3-antiodor-gal-1.jpg ,https:\/\/gvs.com.br\/safety\/wp-content\/uploads\/2025\/02\/mascara-semifacial-elipse-p3-antiodor-gal-1.jpg 780w, https:\/\/gvs.com.br\/safety\/wp-content\/uploads\/2025\/02\/mascara-semifacial-elipse-p3-antiodor-gal-1.jpg 360w\" sizes=\"auto, (max-width: 480px) 150px\" src=\"https:\/\/www.gvs.com.br\/safety\/wp-content\/uploads\/2025\/02\/mascara-semifacial-elipse-p3-antiodor-gal-1.jpg\" alt=\"\" class=\"uag-image-495\" width=\"900\" height=\"900\" title=\"mascara-semifacial-elipse-p3-antiodor-gal-1\" loading=\"lazy\" role=\"img\"\/><\/figure><\/div>\n<\/div>\n<\/div><\/div>\n\n\n\n<div class=\"wp-block-uagb-advanced-heading uagb-block-cf21ca6f\"><h2 class=\"uagb-heading-text\"><strong>Invista em Prote\u00e7\u00e3o e Qualidade &#8211; GVS Elipse oferece um alto n\u00edvel de prote\u00e7\u00e3o e conforto duradouro gra\u00e7as \u00e0 sua constru\u00e7\u00e3o ergon\u00f4mica e leve.<\/strong> <\/h2><\/div>\n\n\n\n<p>O Respirador Semifacial Elipse\u00ae P3 Antiodor \u00e9 a escolha ideal para quem busca seguran\u00e7a, conforto e durabilidade em um \u00fanico equipamento. Proteja-se com a tecnologia da GVS e garanta um ambiente de trabalho mais seguro e eficiente.<\/p>\n\n\n\n<div class=\"wp-block-uagb-advanced-heading uagb-block-37689345\"><h2 class=\"uagb-heading-text\"><strong>Acreditamos em proteger voc\u00ea para os melhores momentos da vida!<\/strong><\/h2><\/div>\n\n\n\n<p>Criamos solu\u00e7\u00f5es de prote\u00e7\u00e3o respirat\u00f3ria que tornam voc\u00ea e sua equipe mais seguros, para que todos possam voltar para casa no final de cada dia, seguros, saud\u00e1veis e capazes de fazer aquilo que mais importa.<\/p>\n\n\n\n<p class=\"has-text-align-center\"><strong>O Respirador Semifacial Elipse\u00ae P3 Antiodor possui CERTIFICADO DE APROVA\u00c7\u00c3O \u2013 CA 29.416!<\/strong><\/p>\n\n\n\n<div class=\"wp-block-uagb-separator uagb-block-b8b79ce8\"><div class=\"uagb-separator-spacing-wrapper\"><div class=\"wp-block-uagb-separator__inner\" style=\"--my-background-image:\"><\/div><\/div><\/div>\n\n\n\n<div class=\"wp-block-uagb-call-to-action uagb-block-e6f6b3df wp-block-button\"><div class=\"uagb-cta__wrap\"><h3 class=\"uagb-cta__title\">Fale com a gente!<\/h3><p class=\"uagb-cta__desc\">Entre em contato com o nosso time hoje mesmo, esclare\u00e7a as suas d\u00favidas e&nbsp;<strong>solicite a sua cota\u00e7\u00e3o!<\/strong><\/p><\/div><div class=\"uagb-cta__buttons\"><a href=\"https:\/\/wa.me\/551938797222\" class=\"uagb-cta__button-link-wrapper wp-block-button__link\" target=\"_self\" rel=\"noopener noreferrer\"><svg xmlns=\"https:\/\/www.w3.org\/2000\/svg\" viewBox=\"0 0 448 512\"><path d=\"M380.9 97.1C339 55.1 283.2 32 223.9 32c-122.4 0-222 99.6-222 222 0 39.1 10.2 77.3 29.6 111L0 480l117.7-30.9c32.4 17.7 68.9 27 106.1 27h.1c122.3 0 224.1-99.6 224.1-222 0-59.3-25.2-115-67.1-157zm-157 341.6c-33.2 0-65.7-8.9-94-25.7l-6.7-4-69.8 18.3L72 359.2l-4.4-7c-18.5-29.4-28.2-63.3-28.2-98.2 0-101.7 82.8-184.5 184.6-184.5 49.3 0 95.6 19.2 130.4 54.1 34.8 34.9 56.2 81.2 56.1 130.5 0 101.8-84.9 184.6-186.6 184.6zm101.2-138.2c-5.5-2.8-32.8-16.2-37.9-18-5.1-1.9-8.8-2.8-12.5 2.8-3.7 5.6-14.3 18-17.6 21.8-3.2 3.7-6.5 4.2-12 1.4-32.6-16.3-54-29.1-75.5-66-5.7-9.8 5.7-9.1 16.3-30.3 1.8-3.7 .9-6.9-.5-9.7-1.4-2.8-12.5-30.1-17.1-41.2-4.5-10.8-9.1-9.3-12.5-9.5-3.2-.2-6.9-.2-10.6-.2-3.7 0-9.7 1.4-14.8 6.9-5.1 5.6-19.4 19-19.4 46.3 0 27.3 19.9 53.7 22.6 57.4 2.8 3.7 39.1 59.7 94.8 83.8 35.2 15.2 49 16.5 66.6 13.9 10.7-1.6 32.8-13.4 37.4-26.4 4.6-13 4.6-24.1 3.2-26.4-1.3-2.5-5-3.9-10.5-6.6z\"><\/path><\/svg>WhatsApp<\/a><\/div><\/div>\n\n\n\n<div class=\"wp-block-uagb-separator uagb-block-96e52944\"><div class=\"uagb-separator-spacing-wrapper\"><div class=\"wp-block-uagb-separator__inner\" style=\"--my-background-image:\"><\/div><\/div><\/div>\n\n\n\n<div class=\"wp-block-uagb-call-to-action uagb-block-bf9c28ce wp-block-button\"><div class=\"uagb-cta__wrap\"><h3 class=\"uagb-cta__title\">Fique por dentro das novidades!<\/h3><p class=\"uagb-cta__desc\">Acompanhe nossa jornada de inova\u00e7\u00e3o e saiba mais sobre nossos produtos, acesse <strong>Safety da GVS.<\/strong><\/p><\/div><div class=\"uagb-cta__buttons\"><a href=\"https:\/\/www.gvs.com.br\/safety\" class=\"uagb-cta__button-link-wrapper wp-block-button__link\" target=\"_self\" rel=\"noopener noreferrer\">Acesse o site<\/a><\/div><\/div>\n\n\n\n<p><\/p>\n","protected":false},"excerpt":{"rendered":"<p>Respirador Semifacial Elipse\u00ae P3 Antiodor: Prote\u00e7\u00e3o, Conforto e Efici\u00eancia para a Ind\u00fastria O uso de Equipamentos de Prote\u00e7\u00e3o Individual (EPIs) [&hellip;]<\/p>\n","protected":false},"author":2,"featured_media":1645,"comment_status":"open","ping_status":"open","sticky":false,"template":"","format":"standard","meta":{"_uag_custom_page_level_css":"","site-sidebar-layout":"default","site-content-layout":"","ast-site-content-layout":"","site-content-style":"default","site-sidebar-style":"default","ast-global-header-display":"","ast-banner-title-visibility":"","ast-main-header-display":"","ast-hfb-above-header-display":"","ast-hfb-below-header-display":"","ast-hfb-mobile-header-display":"","site-post-title":"disabled","ast-breadcrumbs-content":"","ast-featured-img":"","footer-sml-layout":"","ast-disable-related-posts":"","theme-transparent-header-meta":"","adv-header-id-meta":"","stick-header-meta":"","header-above-stick-meta":"","header-main-stick-meta":"","header-below-stick-meta":"","astra-migrate-meta-layouts":"default","ast-page-background-enabled":"default","ast-page-background-meta":{"desktop":{"background-color":"var(--ast-global-color-4)","background-image":"","background-repeat":"repeat","background-position":"center center","background-size":"auto","background-attachment":"scroll","background-type":"","background-media":"","overlay-type":"","overlay-color":"","overlay-opacity":"","overlay-gradient":""},"tablet":{"background-color":"","background-image":"","background-repeat":"repeat","background-position":"center center","background-size":"auto","background-attachment":"scroll","background-type":"","background-media":"","overlay-type":"","overlay-color":"","overlay-opacity":"","overlay-gradient":""},"mobile":{"background-color":"","background-image":"","background-repeat":"repeat","background-position":"center center","background-size":"auto","background-attachment":"scroll","background-type":"","background-media":"","overlay-type":"","overlay-color":"","overlay-opacity":"","overlay-gradient":""}},"ast-content-background-meta":{"desktop":{"background-color":"var(--ast-global-color-5)","background-image":"","background-repeat":"repeat","background-position":"center center","background-size":"auto","background-attachment":"scroll","background-type":"","background-media":"","overlay-type":"","overlay-color":"","overlay-opacity":"","overlay-gradient":""},"tablet":{"background-color":"var(--ast-global-color-5)","background-image":"","background-repeat":"repeat","background-position":"center center","background-size":"auto","background-attachment":"scroll","background-type":"","background-media":"","overlay-type":"","overlay-color":"","overlay-opacity":"","overlay-gradient":""},"mobile":{"background-color":"var(--ast-global-color-5)","background-image":"","background-repeat":"repeat","background-position":"center center","background-size":"auto","background-attachment":"scroll","background-type":"","background-media":"","overlay-type":"","overlay-color":"","overlay-opacity":"","overlay-gradient":""}},"footnotes":""},"categories":[11,5],"tags":[34,35,17,15,16],"class_list":["post-1655","post","type-post","status-publish","format-standard","has-post-thumbnail","hentry","category-ajuste-apertado","category-safety","tag-elipse","tag-p3","tag-produtos-gvs","tag-protecao-respiratoria","tag-safety"],"yoast_head":"<!-- This site is optimized with the Yoast SEO plugin v27.2 - https:\/\/yoast.com\/product\/yoast-seo-wordpress\/ -->\n<title>Respirador Semifacial Elipse\u00ae P3 Antiodor: Prote\u00e7\u00e3o, Conforto e Efici\u00eancia para a Ind\u00fastria - Safety<\/title>\n<meta name=\"robots\" content=\"index, follow, max-snippet:-1, max-image-preview:large, max-video-preview:-1\" \/>\n<link rel=\"canonical\" href=\"https:\/\/www.gvs.com.br\/safety\/2025\/04\/30\/respirador-semifacial-elipse-p3-antiodor-protecao-conforto-e-eficiencia-para-a-industria\/\" \/>\n<meta property=\"og:locale\" content=\"pt_BR\" \/>\n<meta property=\"og:type\" content=\"article\" \/>\n<meta property=\"og:title\" content=\"Respirador Semifacial Elipse\u00ae P3 Antiodor: Prote\u00e7\u00e3o, Conforto e Efici\u00eancia para a Ind\u00fastria - Safety\" \/>\n<meta property=\"og:description\" content=\"Respirador Semifacial Elipse\u00ae P3 Antiodor: Prote\u00e7\u00e3o, Conforto e Efici\u00eancia para a Ind\u00fastria O uso de Equipamentos de Prote\u00e7\u00e3o Individual (EPIs) [&hellip;]\" \/>\n<meta property=\"og:url\" content=\"https:\/\/www.gvs.com.br\/safety\/2025\/04\/30\/respirador-semifacial-elipse-p3-antiodor-protecao-conforto-e-eficiencia-para-a-industria\/\" \/>\n<meta property=\"og:site_name\" content=\"Safety\" \/>\n<meta property=\"article:published_time\" content=\"2025-04-30T09:00:00+00:00\" \/>\n<meta property=\"article:modified_time\" content=\"2025-09-09T19:33:41+00:00\" \/>\n<meta property=\"og:image\" content=\"https:\/\/www.gvs.com.br\/safety\/wp-content\/uploads\/2025\/04\/BANNER-BLOG-P3.jpg\" \/>\n\t<meta property=\"og:image:width\" content=\"1920\" \/>\n\t<meta property=\"og:image:height\" content=\"1080\" \/>\n\t<meta property=\"og:image:type\" content=\"image\/jpeg\" \/>\n<meta name=\"author\" content=\"admin-gvs\" \/>\n<meta name=\"twitter:card\" content=\"summary_large_image\" \/>\n<meta name=\"twitter:label1\" content=\"Escrito por\" \/>\n\t<meta name=\"twitter:data1\" content=\"admin-gvs\" \/>\n\t<meta name=\"twitter:label2\" content=\"Est. tempo de leitura\" \/>\n\t<meta name=\"twitter:data2\" content=\"5 minutos\" \/>\n<script type=\"application\/ld+json\" class=\"yoast-schema-graph\">{\"@context\":\"https:\/\/schema.org\",\"@graph\":[{\"@type\":\"Article\",\"@id\":\"https:\/\/www.gvs.com.br\/safety\/2025\/04\/30\/respirador-semifacial-elipse-p3-antiodor-protecao-conforto-e-eficiencia-para-a-industria\/#article\",\"isPartOf\":{\"@id\":\"https:\/\/www.gvs.com.br\/safety\/2025\/04\/30\/respirador-semifacial-elipse-p3-antiodor-protecao-conforto-e-eficiencia-para-a-industria\/\"},\"author\":{\"name\":\"admin-gvs\",\"@id\":\"https:\/\/www.gvs.com.br\/safety\/#\/schema\/person\/08f0e38941dafa538ee5706ec48fe5a1\"},\"headline\":\"Respirador Semifacial Elipse\u00ae P3 Antiodor: Prote\u00e7\u00e3o, Conforto e Efici\u00eancia para a Ind\u00fastria\",\"datePublished\":\"2025-04-30T09:00:00+00:00\",\"dateModified\":\"2025-09-09T19:33:41+00:00\",\"mainEntityOfPage\":{\"@id\":\"https:\/\/www.gvs.com.br\/safety\/2025\/04\/30\/respirador-semifacial-elipse-p3-antiodor-protecao-conforto-e-eficiencia-para-a-industria\/\"},\"wordCount\":682,\"commentCount\":0,\"publisher\":{\"@id\":\"https:\/\/www.gvs.com.br\/safety\/#organization\"},\"image\":{\"@id\":\"https:\/\/www.gvs.com.br\/safety\/2025\/04\/30\/respirador-semifacial-elipse-p3-antiodor-protecao-conforto-e-eficiencia-para-a-industria\/#primaryimage\"},\"thumbnailUrl\":\"https:\/\/www.gvs.com.br\/safety\/wp-content\/uploads\/2025\/04\/BANNER-BLOG-P3.jpg\",\"keywords\":[\"Elipse\",\"P3\",\"Produtos GVS\",\"Prote\u00e7\u00e3o Respirat\u00f3ria\",\"Safety\"],\"articleSection\":[\"Ajuste Apertado\",\"Safety\"],\"inLanguage\":\"pt-BR\",\"potentialAction\":[{\"@type\":\"CommentAction\",\"name\":\"Comment\",\"target\":[\"https:\/\/www.gvs.com.br\/safety\/2025\/04\/30\/respirador-semifacial-elipse-p3-antiodor-protecao-conforto-e-eficiencia-para-a-industria\/#respond\"]}]},{\"@type\":\"WebPage\",\"@id\":\"https:\/\/www.gvs.com.br\/safety\/2025\/04\/30\/respirador-semifacial-elipse-p3-antiodor-protecao-conforto-e-eficiencia-para-a-industria\/\",\"url\":\"https:\/\/www.gvs.com.br\/safety\/2025\/04\/30\/respirador-semifacial-elipse-p3-antiodor-protecao-conforto-e-eficiencia-para-a-industria\/\",\"name\":\"Respirador Semifacial Elipse\u00ae P3 Antiodor: Prote\u00e7\u00e3o, Conforto e Efici\u00eancia para a Ind\u00fastria - Safety\",\"isPartOf\":{\"@id\":\"https:\/\/www.gvs.com.br\/safety\/#website\"},\"primaryImageOfPage\":{\"@id\":\"https:\/\/www.gvs.com.br\/safety\/2025\/04\/30\/respirador-semifacial-elipse-p3-antiodor-protecao-conforto-e-eficiencia-para-a-industria\/#primaryimage\"},\"image\":{\"@id\":\"https:\/\/www.gvs.com.br\/safety\/2025\/04\/30\/respirador-semifacial-elipse-p3-antiodor-protecao-conforto-e-eficiencia-para-a-industria\/#primaryimage\"},\"thumbnailUrl\":\"https:\/\/www.gvs.com.br\/safety\/wp-content\/uploads\/2025\/04\/BANNER-BLOG-P3.jpg\",\"datePublished\":\"2025-04-30T09:00:00+00:00\",\"dateModified\":\"2025-09-09T19:33:41+00:00\",\"breadcrumb\":{\"@id\":\"https:\/\/www.gvs.com.br\/safety\/2025\/04\/30\/respirador-semifacial-elipse-p3-antiodor-protecao-conforto-e-eficiencia-para-a-industria\/#breadcrumb\"},\"inLanguage\":\"pt-BR\",\"potentialAction\":[{\"@type\":\"ReadAction\",\"target\":[\"https:\/\/www.gvs.com.br\/safety\/2025\/04\/30\/respirador-semifacial-elipse-p3-antiodor-protecao-conforto-e-eficiencia-para-a-industria\/\"]}]},{\"@type\":\"ImageObject\",\"inLanguage\":\"pt-BR\",\"@id\":\"https:\/\/www.gvs.com.br\/safety\/2025\/04\/30\/respirador-semifacial-elipse-p3-antiodor-protecao-conforto-e-eficiencia-para-a-industria\/#primaryimage\",\"url\":\"https:\/\/www.gvs.com.br\/safety\/wp-content\/uploads\/2025\/04\/BANNER-BLOG-P3.jpg\",\"contentUrl\":\"https:\/\/www.gvs.com.br\/safety\/wp-content\/uploads\/2025\/04\/BANNER-BLOG-P3.jpg\",\"width\":1920,\"height\":1080},{\"@type\":\"BreadcrumbList\",\"@id\":\"https:\/\/www.gvs.com.br\/safety\/2025\/04\/30\/respirador-semifacial-elipse-p3-antiodor-protecao-conforto-e-eficiencia-para-a-industria\/#breadcrumb\",\"itemListElement\":[{\"@type\":\"ListItem\",\"position\":1,\"name\":\"In\u00edcio\",\"item\":\"https:\/\/www.gvs.com.br\/safety\/\"},{\"@type\":\"ListItem\",\"position\":2,\"name\":\"Respirador Semifacial Elipse\u00ae P3 Antiodor: Prote\u00e7\u00e3o, Conforto e Efici\u00eancia para a Ind\u00fastria\"}]},{\"@type\":\"WebSite\",\"@id\":\"https:\/\/www.gvs.com.br\/safety\/#website\",\"url\":\"https:\/\/www.gvs.com.br\/safety\/\",\"name\":\"Safety\",\"description\":\"\",\"publisher\":{\"@id\":\"https:\/\/www.gvs.com.br\/safety\/#organization\"},\"potentialAction\":[{\"@type\":\"SearchAction\",\"target\":{\"@type\":\"EntryPoint\",\"urlTemplate\":\"https:\/\/www.gvs.com.br\/safety\/?s={search_term_string}\"},\"query-input\":{\"@type\":\"PropertyValueSpecification\",\"valueRequired\":true,\"valueName\":\"search_term_string\"}}],\"inLanguage\":\"pt-BR\"},{\"@type\":\"Organization\",\"@id\":\"https:\/\/www.gvs.com.br\/safety\/#organization\",\"name\":\"Safety\",\"url\":\"https:\/\/www.gvs.com.br\/safety\/\",\"logo\":{\"@type\":\"ImageObject\",\"inLanguage\":\"pt-BR\",\"@id\":\"https:\/\/www.gvs.com.br\/safety\/#\/schema\/logo\/image\/\",\"url\":\"https:\/\/www.gvs.com.br\/safety\/wp-content\/uploads\/2024\/12\/Logo-GVS-Safety.png\",\"contentUrl\":\"https:\/\/www.gvs.com.br\/safety\/wp-content\/uploads\/2024\/12\/Logo-GVS-Safety.png\",\"width\":1920,\"height\":1080,\"caption\":\"Safety\"},\"image\":{\"@id\":\"https:\/\/www.gvs.com.br\/safety\/#\/schema\/logo\/image\/\"}},{\"@type\":\"Person\",\"@id\":\"https:\/\/www.gvs.com.br\/safety\/#\/schema\/person\/08f0e38941dafa538ee5706ec48fe5a1\",\"name\":\"admin-gvs\",\"image\":{\"@type\":\"ImageObject\",\"inLanguage\":\"pt-BR\",\"@id\":\"https:\/\/secure.gravatar.com\/avatar\/753807cf2c24e7c5051446eb4fc6c55657714e911f26a29329d9dc501ae35121?s=96&d=mm&r=g\",\"url\":\"https:\/\/secure.gravatar.com\/avatar\/753807cf2c24e7c5051446eb4fc6c55657714e911f26a29329d9dc501ae35121?s=96&d=mm&r=g\",\"contentUrl\":\"https:\/\/secure.gravatar.com\/avatar\/753807cf2c24e7c5051446eb4fc6c55657714e911f26a29329d9dc501ae35121?s=96&d=mm&r=g\",\"caption\":\"admin-gvs\"},\"url\":\"https:\/\/www.gvs.com.br\/safety\/author\/admin-gvs\/\"}]}<\/script>\n<!-- \/ Yoast SEO plugin. -->","yoast_head_json":{"title":"Respirador Semifacial Elipse\u00ae P3 Antiodor: Prote\u00e7\u00e3o, Conforto e Efici\u00eancia para a Ind\u00fastria - Safety","robots":{"index":"index","follow":"follow","max-snippet":"max-snippet:-1","max-image-preview":"max-image-preview:large","max-video-preview":"max-video-preview:-1"},"canonical":"https:\/\/www.gvs.com.br\/safety\/2025\/04\/30\/respirador-semifacial-elipse-p3-antiodor-protecao-conforto-e-eficiencia-para-a-industria\/","og_locale":"pt_BR","og_type":"article","og_title":"Respirador Semifacial Elipse\u00ae P3 Antiodor: Prote\u00e7\u00e3o, Conforto e Efici\u00eancia para a Ind\u00fastria - Safety","og_description":"Respirador Semifacial Elipse\u00ae P3 Antiodor: Prote\u00e7\u00e3o, Conforto e Efici\u00eancia para a Ind\u00fastria O uso de Equipamentos de Prote\u00e7\u00e3o Individual (EPIs) [&hellip;]","og_url":"https:\/\/www.gvs.com.br\/safety\/2025\/04\/30\/respirador-semifacial-elipse-p3-antiodor-protecao-conforto-e-eficiencia-para-a-industria\/","og_site_name":"Safety","article_published_time":"2025-04-30T09:00:00+00:00","article_modified_time":"2025-09-09T19:33:41+00:00","og_image":[{"width":1920,"height":1080,"url":"https:\/\/www.gvs.com.br\/safety\/wp-content\/uploads\/2025\/04\/BANNER-BLOG-P3.jpg","type":"image\/jpeg"}],"author":"admin-gvs","twitter_card":"summary_large_image","twitter_misc":{"Escrito por":"admin-gvs","Est. tempo de leitura":"5 minutos"},"schema":{"@context":"https:\/\/schema.org","@graph":[{"@type":"Article","@id":"https:\/\/www.gvs.com.br\/safety\/2025\/04\/30\/respirador-semifacial-elipse-p3-antiodor-protecao-conforto-e-eficiencia-para-a-industria\/#article","isPartOf":{"@id":"https:\/\/www.gvs.com.br\/safety\/2025\/04\/30\/respirador-semifacial-elipse-p3-antiodor-protecao-conforto-e-eficiencia-para-a-industria\/"},"author":{"name":"admin-gvs","@id":"https:\/\/www.gvs.com.br\/safety\/#\/schema\/person\/08f0e38941dafa538ee5706ec48fe5a1"},"headline":"Respirador Semifacial Elipse\u00ae P3 Antiodor: Prote\u00e7\u00e3o, Conforto e Efici\u00eancia para a Ind\u00fastria","datePublished":"2025-04-30T09:00:00+00:00","dateModified":"2025-09-09T19:33:41+00:00","mainEntityOfPage":{"@id":"https:\/\/www.gvs.com.br\/safety\/2025\/04\/30\/respirador-semifacial-elipse-p3-antiodor-protecao-conforto-e-eficiencia-para-a-industria\/"},"wordCount":682,"commentCount":0,"publisher":{"@id":"https:\/\/www.gvs.com.br\/safety\/#organization"},"image":{"@id":"https:\/\/www.gvs.com.br\/safety\/2025\/04\/30\/respirador-semifacial-elipse-p3-antiodor-protecao-conforto-e-eficiencia-para-a-industria\/#primaryimage"},"thumbnailUrl":"https:\/\/www.gvs.com.br\/safety\/wp-content\/uploads\/2025\/04\/BANNER-BLOG-P3.jpg","keywords":["Elipse","P3","Produtos GVS","Prote\u00e7\u00e3o Respirat\u00f3ria","Safety"],"articleSection":["Ajuste Apertado","Safety"],"inLanguage":"pt-BR","potentialAction":[{"@type":"CommentAction","name":"Comment","target":["https:\/\/www.gvs.com.br\/safety\/2025\/04\/30\/respirador-semifacial-elipse-p3-antiodor-protecao-conforto-e-eficiencia-para-a-industria\/#respond"]}]},{"@type":"WebPage","@id":"https:\/\/www.gvs.com.br\/safety\/2025\/04\/30\/respirador-semifacial-elipse-p3-antiodor-protecao-conforto-e-eficiencia-para-a-industria\/","url":"https:\/\/www.gvs.com.br\/safety\/2025\/04\/30\/respirador-semifacial-elipse-p3-antiodor-protecao-conforto-e-eficiencia-para-a-industria\/","name":"Respirador Semifacial Elipse\u00ae P3 Antiodor: Prote\u00e7\u00e3o, Conforto e Efici\u00eancia para a Ind\u00fastria - Safety","isPartOf":{"@id":"https:\/\/www.gvs.com.br\/safety\/#website"},"primaryImageOfPage":{"@id":"https:\/\/www.gvs.com.br\/safety\/2025\/04\/30\/respirador-semifacial-elipse-p3-antiodor-protecao-conforto-e-eficiencia-para-a-industria\/#primaryimage"},"image":{"@id":"https:\/\/www.gvs.com.br\/safety\/2025\/04\/30\/respirador-semifacial-elipse-p3-antiodor-protecao-conforto-e-eficiencia-para-a-industria\/#primaryimage"},"thumbnailUrl":"https:\/\/www.gvs.com.br\/safety\/wp-content\/uploads\/2025\/04\/BANNER-BLOG-P3.jpg","datePublished":"2025-04-30T09:00:00+00:00","dateModified":"2025-09-09T19:33:41+00:00","breadcrumb":{"@id":"https:\/\/www.gvs.com.br\/safety\/2025\/04\/30\/respirador-semifacial-elipse-p3-antiodor-protecao-conforto-e-eficiencia-para-a-industria\/#breadcrumb"},"inLanguage":"pt-BR","potentialAction":[{"@type":"ReadAction","target":["https:\/\/www.gvs.com.br\/safety\/2025\/04\/30\/respirador-semifacial-elipse-p3-antiodor-protecao-conforto-e-eficiencia-para-a-industria\/"]}]},{"@type":"ImageObject","inLanguage":"pt-BR","@id":"https:\/\/www.gvs.com.br\/safety\/2025\/04\/30\/respirador-semifacial-elipse-p3-antiodor-protecao-conforto-e-eficiencia-para-a-industria\/#primaryimage","url":"https:\/\/www.gvs.com.br\/safety\/wp-content\/uploads\/2025\/04\/BANNER-BLOG-P3.jpg","contentUrl":"https:\/\/www.gvs.com.br\/safety\/wp-content\/uploads\/2025\/04\/BANNER-BLOG-P3.jpg","width":1920,"height":1080},{"@type":"BreadcrumbList","@id":"https:\/\/www.gvs.com.br\/safety\/2025\/04\/30\/respirador-semifacial-elipse-p3-antiodor-protecao-conforto-e-eficiencia-para-a-industria\/#breadcrumb","itemListElement":[{"@type":"ListItem","position":1,"name":"In\u00edcio","item":"https:\/\/www.gvs.com.br\/safety\/"},{"@type":"ListItem","position":2,"name":"Respirador Semifacial Elipse\u00ae P3 Antiodor: Prote\u00e7\u00e3o, Conforto e Efici\u00eancia para a Ind\u00fastria"}]},{"@type":"WebSite","@id":"https:\/\/www.gvs.com.br\/safety\/#website","url":"https:\/\/www.gvs.com.br\/safety\/","name":"Safety","description":"","publisher":{"@id":"https:\/\/www.gvs.com.br\/safety\/#organization"},"potentialAction":[{"@type":"SearchAction","target":{"@type":"EntryPoint","urlTemplate":"https:\/\/www.gvs.com.br\/safety\/?s={search_term_string}"},"query-input":{"@type":"PropertyValueSpecification","valueRequired":true,"valueName":"search_term_string"}}],"inLanguage":"pt-BR"},{"@type":"Organization","@id":"https:\/\/www.gvs.com.br\/safety\/#organization","name":"Safety","url":"https:\/\/www.gvs.com.br\/safety\/","logo":{"@type":"ImageObject","inLanguage":"pt-BR","@id":"https:\/\/www.gvs.com.br\/safety\/#\/schema\/logo\/image\/","url":"https:\/\/www.gvs.com.br\/safety\/wp-content\/uploads\/2024\/12\/Logo-GVS-Safety.png","contentUrl":"https:\/\/www.gvs.com.br\/safety\/wp-content\/uploads\/2024\/12\/Logo-GVS-Safety.png","width":1920,"height":1080,"caption":"Safety"},"image":{"@id":"https:\/\/www.gvs.com.br\/safety\/#\/schema\/logo\/image\/"}},{"@type":"Person","@id":"https:\/\/www.gvs.com.br\/safety\/#\/schema\/person\/08f0e38941dafa538ee5706ec48fe5a1","name":"admin-gvs","image":{"@type":"ImageObject","inLanguage":"pt-BR","@id":"https:\/\/secure.gravatar.com\/avatar\/753807cf2c24e7c5051446eb4fc6c55657714e911f26a29329d9dc501ae35121?s=96&d=mm&r=g","url":"https:\/\/secure.gravatar.com\/avatar\/753807cf2c24e7c5051446eb4fc6c55657714e911f26a29329d9dc501ae35121?s=96&d=mm&r=g","contentUrl":"https:\/\/secure.gravatar.com\/avatar\/753807cf2c24e7c5051446eb4fc6c55657714e911f26a29329d9dc501ae35121?s=96&d=mm&r=g","caption":"admin-gvs"},"url":"https:\/\/www.gvs.com.br\/safety\/author\/admin-gvs\/"}]}},"uagb_featured_image_src":{"full":["https:\/\/www.gvs.com.br\/safety\/wp-content\/uploads\/2025\/04\/BANNER-BLOG-P3.jpg",1920,1080,false],"thumbnail":["https:\/\/www.gvs.com.br\/safety\/wp-content\/uploads\/2025\/04\/BANNER-BLOG-P3-150x150.jpg",150,150,true],"medium":["https:\/\/www.gvs.com.br\/safety\/wp-content\/uploads\/2025\/04\/BANNER-BLOG-P3-300x169.jpg",300,169,true],"medium_large":["https:\/\/www.gvs.com.br\/safety\/wp-content\/uploads\/2025\/04\/BANNER-BLOG-P3-768x432.jpg",768,432,true],"large":["https:\/\/www.gvs.com.br\/safety\/wp-content\/uploads\/2025\/04\/BANNER-BLOG-P3-1024x576.jpg",1024,576,true],"1536x1536":["https:\/\/www.gvs.com.br\/safety\/wp-content\/uploads\/2025\/04\/BANNER-BLOG-P3-1536x864.jpg",1536,864,true],"2048x2048":["https:\/\/www.gvs.com.br\/safety\/wp-content\/uploads\/2025\/04\/BANNER-BLOG-P3.jpg",1920,1080,false]},"uagb_author_info":{"display_name":"admin-gvs","author_link":"https:\/\/www.gvs.com.br\/safety\/author\/admin-gvs\/"},"uagb_comment_info":0,"uagb_excerpt":"Respirador Semifacial Elipse\u00ae P3 Antiodor: Prote\u00e7\u00e3o, Conforto e Efici\u00eancia para a Ind\u00fastria O uso de Equipamentos de Prote\u00e7\u00e3o Individual (EPIs) [&hellip;]","_links":{"self":[{"href":"https:\/\/www.gvs.com.br\/safety\/wp-json\/wp\/v2\/posts\/1655","targetHints":{"allow":["GET"]}}],"collection":[{"href":"https:\/\/www.gvs.com.br\/safety\/wp-json\/wp\/v2\/posts"}],"about":[{"href":"https:\/\/www.gvs.com.br\/safety\/wp-json\/wp\/v2\/types\/post"}],"author":[{"embeddable":true,"href":"https:\/\/www.gvs.com.br\/safety\/wp-json\/wp\/v2\/users\/2"}],"replies":[{"embeddable":true,"href":"https:\/\/www.gvs.com.br\/safety\/wp-json\/wp\/v2\/comments?post=1655"}],"version-history":[{"count":5,"href":"https:\/\/www.gvs.com.br\/safety\/wp-json\/wp\/v2\/posts\/1655\/revisions"}],"predecessor-version":[{"id":2850,"href":"https:\/\/www.gvs.com.br\/safety\/wp-json\/wp\/v2\/posts\/1655\/revisions\/2850"}],"wp:featuredmedia":[{"embeddable":true,"href":"https:\/\/www.gvs.com.br\/safety\/wp-json\/wp\/v2\/media\/1645"}],"wp:attachment":[{"href":"https:\/\/www.gvs.com.br\/safety\/wp-json\/wp\/v2\/media?parent=1655"}],"wp:term":[{"taxonomy":"category","embeddable":true,"href":"https:\/\/www.gvs.com.br\/safety\/wp-json\/wp\/v2\/categories?post=1655"},{"taxonomy":"post_tag","embeddable":true,"href":"https:\/\/www.gvs.com.br\/safety\/wp-json\/wp\/v2\/tags?post=1655"}],"curies":[{"name":"wp","href":"https:\/\/api.w.org\/{rel}","templated":true}]}}