{"id":1644,"date":"2025-05-14T09:00:00","date_gmt":"2025-05-14T09:00:00","guid":{"rendered":"https:\/\/prihdesigner.com.br\/Health-Safety\/?p=1644"},"modified":"2025-09-09T19:39:19","modified_gmt":"2025-09-09T19:39:19","slug":"respirador-semifacial-a1p3","status":"publish","type":"post","link":"https:\/\/www.gvs.com.br\/safety\/2025\/05\/14\/respirador-semifacial-a1p3\/","title":{"rendered":"Respirador Semifacial A1P3 GVS: Prote\u00e7\u00e3o Avan\u00e7ada, Conforto Incompar\u00e1vel e Alta Performance para Ambientes Exigentes"},"content":{"rendered":"\n<div class=\"wp-block-uagb-container uagb-block-2d8af228 alignfull uagb-is-root-container\"><div class=\"uagb-container-inner-blocks-wrap\">\n<div class=\"wp-block-uagb-advanced-heading uagb-block-08a1021c\"><h2 class=\"uagb-heading-text\"><strong>Respirador Semifacial A1P3 GVS: Prote\u00e7\u00e3o <\/strong><br><strong>Avan\u00e7ada, Conforto Incompar\u00e1vel e Alta <\/strong><br><strong>Performance para Ambientes Exigentes<\/strong><\/h2><\/div>\n<\/div><\/div>\n\n\n\n<p><\/p>\n\n\n\n<p class=\"has-text-align-justify has-text-align-justify\">Se voc\u00ea procura um respirador que alie m\u00e1xima prote\u00e7\u00e3o, conforto prolongado e design inteligente, o Respirador Semifacial Elipse A1P3 da GVS \u00e9 a escolha certa, esse produto \u00e9 o seu aliado em seguran\u00e7a respirat\u00f3ria.<\/p>\n\n\n\n<div class=\"wp-block-uagb-advanced-heading uagb-block-d53ede56\"><h2 class=\"uagb-heading-text\"><strong>O que \u00e9 o Respirador Semifacial Elipse A1P3 da GVS?<\/strong><\/h2><\/div>\n\n\n\n<p class=\"has-text-align-justify has-text-align-justify\">O Respirador Semifacial Elipse A1P3 \u00e9 um equipamento de prote\u00e7\u00e3o respirat\u00f3ria desenvolvido pela GVS, refer\u00eancia global em solu\u00e7\u00f5es de filtragem. Ele foi projetado para proteger o usu\u00e1rio contra gases, vapores org\u00e2nicos e part\u00edculas s\u00f3lidas e l\u00edquidas em diversos ambientes industriais e profissionais.<br>Sua estrutura compacta, leve e ergon\u00f4mica se adapta perfeitamente ao rosto, oferecendo veda\u00e7\u00e3o eficiente e conforto superior, mesmo em longos per\u00edodos de uso.<\/p>\n\n\n\n<div class=\"wp-block-uagb-container uagb-block-3612060f alignfull uagb-is-root-container\"><div class=\"uagb-container-inner-blocks-wrap\">\n<div class=\"wp-block-uagb-container uagb-block-1dc452ef\">\n<div class=\"wp-block-uagb-advanced-heading uagb-block-1e6f2c48\"><h2 class=\"uagb-heading-text\"><strong>Para que serve?<\/strong><\/h2><\/div>\n\n\n\n<p class=\"has-text-align-justify has-text-align-justify\">O Respirador Semifacial Elipse A1P3 \u00e9 indicado para proteger as vias respirat\u00f3rias contra:<\/p>\n\n\n\n<ul class=\"wp-block-list\">\n<li>Gases e vapores org\u00e2nicos com ponto de ebuli\u00e7\u00e3o acima de 65\u00b0C.<\/li>\n\n\n\n<li>Poeiras, n\u00e9voas, fumos e microrganismos.<\/li>\n<\/ul>\n\n\n\n<p class=\"has-text-align-justify has-text-align-justify\">A efici\u00eancia de filtragem chega a 99,95% para part\u00edculas com tamanho de at\u00e9 0,3 m\u00edcron, atendendo aos mais altos padr\u00f5es internacionais de seguran\u00e7a.<\/p>\n<\/div>\n\n\n\n<div class=\"wp-block-uagb-container uagb-block-99f1351f\">\n<div class=\"wp-block-uagb-image uagb-block-e2c8c76d wp-block-uagb-image--layout-default wp-block-uagb-image--effect-static wp-block-uagb-image--align-none\"><figure class=\"wp-block-uagb-image__figure\"><img decoding=\"async\"  sizes=\"auto, (max-width: 480px) 150px\" src=\"https:\/\/www.gvs.com.br\/safety\/wp-content\/uploads\/2025\/02\/mascara-semifacial-elipse-a1p3.jpg\" alt=\"\" width=\"900\" height=\"900\" title=\"mascara-semifacial-elipse-a1p3\" loading=\"lazy\" role=\"img\"\/><\/figure><\/div>\n<\/div>\n<\/div><\/div>\n\n\n\n<div class=\"wp-block-uagb-advanced-heading uagb-block-55ddf463\"><h2 class=\"uagb-heading-text\"><strong>\u00c1reas de aplica\u00e7\u00e3o do Respirador Semifacial Elipse A1P3 da GVS<\/strong><\/h2><\/div>\n\n\n\n<p class=\"has-text-align-justify has-text-align-justify\">\u00c1reas de aplica\u00e7\u00e3o do Respirador Semifacial Elipse A1P3 da GVS:<\/p>\n\n\n\n<ul class=\"wp-block-list\">\n<li>Ind\u00fastrias automotiva e naval.<\/li>\n\n\n\n<li>Atividades de pintura e lixamento.<\/li>\n\n\n\n<li>Soldagem e fundi\u00e7\u00e3o de metais.<\/li>\n\n\n\n<li>Minera\u00e7\u00e3o, siderurgia e produ\u00e7\u00e3o de cimento.<\/li>\n\n\n\n<li>Fabrica\u00e7\u00e3o de vidro, cer\u00e2mica e produtos t\u00eaxteis.<\/li>\n\n\n\n<li>Agricultura e ind\u00fastria farmac\u00eautica.<br>Seu design compacto permite o uso simult\u00e2neo com outros EPIs, como \u00f3culos de prote\u00e7\u00e3o, protetores faciais e m\u00e1scaras de solda, sem comprometer a veda\u00e7\u00e3o ou o campo de vis\u00e3o.<\/li>\n<\/ul>\n\n\n\n<div class=\"wp-block-uagb-advanced-heading uagb-block-2cfb2940\"><h2 class=\"uagb-heading-text\">Diferenciais do Respirador Semifacial Elipse A1P3<\/h2><\/div>\n\n\n\n<ul class=\"wp-block-list\">\n<li><strong>Design anat\u00f4mico tridimensional:<\/strong> moldado a partir da estrutura facial humana, garante excelente veda\u00e7\u00e3o e conforto personalizado.<\/li>\n\n\n\n<li><strong>Extrema leveza:<\/strong> com apenas 130g, reduz significativamente a fadiga em usos prolongados.<\/li>\n\n\n\n<li><strong>V\u00e1lvula central de exala\u00e7\u00e3o:<\/strong> promove a r\u00e1pida libera\u00e7\u00e3o do ar quente e \u00famido, evitando o ac\u00famulo de suor dentro da m\u00e1scara.<\/li>\n\n\n\n<li><strong>Tamanhos ajust\u00e1veis:<\/strong> dispon\u00edvel nas vers\u00f5es P\/M e M\/G, com el\u00e1sticos confort\u00e1veis de 4 pontos de fixa\u00e7\u00e3o.<\/li>\n\n\n\n<li><strong>Filtros combinados:<\/strong> em uma \u00fanica troca, voc\u00ea substitui filtros qu\u00edmicos, filtros mec\u00e2nicos e v\u00e1lvulas de inala\u00e7\u00e3o, otimizando o tempo e o investimento.<\/li>\n\n\n\n<li><strong>Material hipoalerg\u00eanico:<\/strong> fabricado em TPE grau m\u00e9dico, livre de l\u00e1tex e silicone, aprovado pelo FDA, ideal para peles sens\u00edveis.<\/li>\n\n\n\n<li><strong>Compatibilidade com EPIs:<\/strong> o design estreito e curvado permite o uso junto a diversos equipamentos sem causar interfer\u00eancia.<\/li>\n<\/ul>\n\n\n\n<div class=\"wp-block-uagb-image uagb-block-8c9f7389 wp-block-uagb-image--layout-default wp-block-uagb-image--effect-static wp-block-uagb-image--align-none\"><figure class=\"wp-block-uagb-image__figure\"><img decoding=\"async\"  sizes=\"auto, (max-width: 480px) 150px\" src=\"https:\/\/www.gvs.com.br\/safety\/wp-content\/uploads\/2025\/02\/mascara-semifacial-elipse-a1p3-gal1.jpg\" alt=\"\" width=\"900\" height=\"900\" title=\"mascara-semifacial-elipse-a1p3-gal1\" loading=\"lazy\" role=\"img\"\/><\/figure><\/div>\n\n\n\n<h2 class=\"wp-block-heading\">Diferenciais do Respirador Semifacial Elipse A1P3<\/h2>\n\n\n\n<ul class=\"wp-block-list\">\n<li><strong>Design anat\u00f4mico tridimensional:<\/strong> moldado a partir da estrutura facial humana, garante excelente veda\u00e7\u00e3o e conforto personalizado.<\/li>\n\n\n\n<li><strong>Extrema leveza:<\/strong> com apenas 130g, reduz significativamente a fadiga em usos prolongados.<\/li>\n\n\n\n<li><strong>V\u00e1lvula central de exala\u00e7\u00e3o:<\/strong> promove a r\u00e1pida libera\u00e7\u00e3o do ar quente e \u00famido, evitando o ac\u00famulo de suor dentro da m\u00e1scara.<\/li>\n\n\n\n<li><strong>Tamanhos ajust\u00e1veis:<\/strong> dispon\u00edvel nas vers\u00f5es P\/M e M\/G, com el\u00e1sticos confort\u00e1veis de 4 pontos de fixa\u00e7\u00e3o.<\/li>\n\n\n\n<li><strong>Filtros combinados:<\/strong> em uma \u00fanica troca, voc\u00ea substitui filtros qu\u00edmicos, filtros mec\u00e2nicos e v\u00e1lvulas de inala\u00e7\u00e3o, otimizando o tempo e o investimento.<\/li>\n\n\n\n<li><strong>Material hipoalerg\u00eanico:<\/strong> fabricado em TPE grau m\u00e9dico, livre de l\u00e1tex e silicone, aprovado pelo FDA, ideal para peles sens\u00edveis.<\/li>\n\n\n\n<li><strong>Compatibilidade com EPIs:<\/strong> o design estreito e curvado permite o uso junto a diversos equipamentos sem causar interfer\u00eancia.<\/li>\n<\/ul>\n\n\n\n<h2 class=\"wp-block-heading\">Sobre os filtros combinados do Respirador Semifacial Elipse A1P3<\/h2>\n\n\n\n<p>Os filtros combinados do Respirador Semifacial Elipse A1P3 re\u00fanem dois tipos de barreiras em um \u00fanico cartucho:<br><strong>\u2022 Filtragem qu\u00edmica:<\/strong> respons\u00e1vel por reter gases e vapores org\u00e2nicos com ponto de ebuli\u00e7\u00e3o acima de 65\u00b0C (classe A1).<br><strong>\u2022 Filtragem mec\u00e2nica:<\/strong> captura part\u00edculas s\u00f3lidas e l\u00edquidas, como poeiras, n\u00e9voas, fumos met\u00e1licos e at\u00e9 microrganismos (classe P3).<br>Essa combina\u00e7\u00e3o oferece prote\u00e7\u00e3o abrangente em ambientes onde h\u00e1 riscos m\u00faltiplos de contamina\u00e7\u00e3o, como em processos industriais, pintura, lixamento, soldagem e manipula\u00e7\u00e3o de produtos qu\u00edmicos.<\/p>\n\n\n\n<p class=\"has-text-align-justify has-text-align-justify\">Al\u00e9m de garantir uma efici\u00eancia de reten\u00e7\u00e3o de 99,95% para part\u00edculas ultrafinas de at\u00e9 0,3 m\u00edcron, o sistema integrado de filtros permite uma \u00fanica troca para ambos os tipos de contaminantes, otimizando tempo, reduzindo custos com manuten\u00e7\u00e3o e simplificando a gest\u00e3o dos EPIs. Tudo isso sem comprometer o conforto nem o desempenho respirat\u00f3rio do usu\u00e1rio.<\/p>\n\n\n\n<h2 class=\"wp-block-heading\">Benef\u00edcios do Respirador Semifacial Elipse A1P3<\/h2>\n\n\n\n<ul class=\"wp-block-list\">\n<li><strong>Maior produtividade: <\/strong>o conforto prolongado e o baixo peso do respirador reduzem interrup\u00e7\u00f5es no trabalho.<\/li>\n\n\n\n<li><strong>Mais seguran\u00e7a:<\/strong> filtra contaminantes com alta efici\u00eancia, protegendo a sa\u00fade respirat\u00f3ria do trabalhador.<\/li>\n\n\n\n<li><strong>Economia inteligente:<\/strong> os filtros de longa dura\u00e7\u00e3o e a reposi\u00e7\u00e3o combinada minimizam custos operacionais.<\/li>\n\n\n\n<li><strong>Versatilidade:<\/strong> ideal para diversos setores, atendendo a m\u00faltiplas necessidades com um \u00fanico equipamento.<\/li>\n<\/ul>\n\n\n\n<h2 class=\"wp-block-heading\">Por que escolher o do Respirador Semifacial Elipse A1P3 da GVS?<\/h2>\n\n\n\n<p class=\"has-text-align-justify has-text-align-justify\">Ao escolher o do Respirador Semifacial Elipse A1P3 da GVS, voc\u00ea est\u00e1 optando por uma solu\u00e7\u00e3o desenvolvida com tecnologia de ponta, foco no bem-estar do usu\u00e1rio e compromisso com a excel\u00eancia em prote\u00e7\u00e3o. \u00c9 uma das m\u00e1scaras mais leves, eficazes e confort\u00e1veis do mercado, certificada pelas normas CA 31.870, EN 140:1998 e EN 14387.<\/p>\n\n\n\n<p class=\"has-text-align-justify has-text-align-justify\">O Respirador Semifacial Elipse A1P3 da GVS vai al\u00e9m da prote\u00e7\u00e3o respirat\u00f3ria. Ele entrega desempenho superior, conforto duradouro e seguran\u00e7a confi\u00e1vel. Seja para ambientes com gases, vapores ou part\u00edculas, essa \u00e9 a solu\u00e7\u00e3o certa para quem n\u00e3o abre m\u00e3o da qualidade, praticidade e bem-estar no trabalho.<\/p>\n\n\n\n<div class=\"wp-block-uagb-image uagb-block-88e700f1 wp-block-uagb-image--layout-default wp-block-uagb-image--effect-static wp-block-uagb-image--align-none\"><figure class=\"wp-block-uagb-image__figure\"><img decoding=\"async\"  sizes=\"auto, (max-width: 480px) 150px\" src=\"https:\/\/www.gvs.com.br\/safety\/wp-content\/uploads\/2025\/02\/mascara-semifacial-elipse-a1p3-gal2.jpg\" alt=\"\" width=\"900\" height=\"900\" title=\"mascara-semifacial-elipse-a1p3-gal2\" loading=\"lazy\" role=\"img\"\/><\/figure><\/div>\n\n\n\n<p><\/p>\n\n\n\n<div class=\"wp-block-uagb-advanced-heading uagb-block-37689345\"><h2 class=\"uagb-heading-text\"><strong>Acreditamos em proteger voc\u00ea para os melhores momentos da vida!<\/strong><\/h2><\/div>\n\n\n\n<p>Criamos solu\u00e7\u00f5es de prote\u00e7\u00e3o respirat\u00f3ria que tornam voc\u00ea e sua equipe mais seguros, para que todos possam voltar para casa no final de cada dia, seguros, saud\u00e1veis e capazes de fazer aquilo que mais importa.<\/p>\n\n\n\n<div class=\"wp-block-uagb-separator uagb-block-b8b79ce8\"><div class=\"uagb-separator-spacing-wrapper\"><div class=\"wp-block-uagb-separator__inner\" style=\"--my-background-image:\"><\/div><\/div><\/div>\n\n\n\n<div class=\"wp-block-uagb-call-to-action uagb-block-e6f6b3df wp-block-button\"><div class=\"uagb-cta__wrap\"><h3 class=\"uagb-cta__title\">Fale com a gente!<\/h3><p class=\"uagb-cta__desc\">Entre em contato com o nosso time hoje mesmo, esclare\u00e7a as suas d\u00favidas e&nbsp;<strong>solicite a sua cota\u00e7\u00e3o!<\/strong><\/p><\/div><div class=\"uagb-cta__buttons\"><a href=\"https:\/\/wa.me\/551938797222\" class=\"uagb-cta__button-link-wrapper wp-block-button__link\" target=\"_self\" rel=\"noopener noreferrer\"><svg xmlns=\"https:\/\/www.w3.org\/2000\/svg\" viewBox=\"0 0 448 512\"><path d=\"M380.9 97.1C339 55.1 283.2 32 223.9 32c-122.4 0-222 99.6-222 222 0 39.1 10.2 77.3 29.6 111L0 480l117.7-30.9c32.4 17.7 68.9 27 106.1 27h.1c122.3 0 224.1-99.6 224.1-222 0-59.3-25.2-115-67.1-157zm-157 341.6c-33.2 0-65.7-8.9-94-25.7l-6.7-4-69.8 18.3L72 359.2l-4.4-7c-18.5-29.4-28.2-63.3-28.2-98.2 0-101.7 82.8-184.5 184.6-184.5 49.3 0 95.6 19.2 130.4 54.1 34.8 34.9 56.2 81.2 56.1 130.5 0 101.8-84.9 184.6-186.6 184.6zm101.2-138.2c-5.5-2.8-32.8-16.2-37.9-18-5.1-1.9-8.8-2.8-12.5 2.8-3.7 5.6-14.3 18-17.6 21.8-3.2 3.7-6.5 4.2-12 1.4-32.6-16.3-54-29.1-75.5-66-5.7-9.8 5.7-9.1 16.3-30.3 1.8-3.7 .9-6.9-.5-9.7-1.4-2.8-12.5-30.1-17.1-41.2-4.5-10.8-9.1-9.3-12.5-9.5-3.2-.2-6.9-.2-10.6-.2-3.7 0-9.7 1.4-14.8 6.9-5.1 5.6-19.4 19-19.4 46.3 0 27.3 19.9 53.7 22.6 57.4 2.8 3.7 39.1 59.7 94.8 83.8 35.2 15.2 49 16.5 66.6 13.9 10.7-1.6 32.8-13.4 37.4-26.4 4.6-13 4.6-24.1 3.2-26.4-1.3-2.5-5-3.9-10.5-6.6z\"><\/path><\/svg>WhatsApp<\/a><\/div><\/div>\n\n\n\n<div class=\"wp-block-uagb-separator uagb-block-96e52944\"><div class=\"uagb-separator-spacing-wrapper\"><div class=\"wp-block-uagb-separator__inner\" style=\"--my-background-image:\"><\/div><\/div><\/div>\n\n\n\n<div class=\"wp-block-uagb-call-to-action uagb-block-bf9c28ce wp-block-button\"><div class=\"uagb-cta__wrap\"><h3 class=\"uagb-cta__title\">Fique por dentro das novidades!<\/h3><p class=\"uagb-cta__desc\">Acompanhe nossa jornada de inova\u00e7\u00e3o e saiba mais sobre nossos produtos, acesse <strong>Safety da GVS.<\/strong><\/p><\/div><div class=\"uagb-cta__buttons\"><a href=\"https:\/\/www.gvs.com.br\/safety\" class=\"uagb-cta__button-link-wrapper wp-block-button__link\" target=\"_self\" rel=\"noopener noreferrer\">Acesse o site<\/a><\/div><\/div>\n\n\n\n<p><\/p>\n","protected":false},"excerpt":{"rendered":"<p>Respirador Semifacial A1P3 GVS: Prote\u00e7\u00e3o Avan\u00e7ada, Conforto Incompar\u00e1vel e Alta Performance para Ambientes Exigentes Se voc\u00ea procura um respirador que [&hellip;]<\/p>\n","protected":false},"author":2,"featured_media":1658,"comment_status":"open","ping_status":"open","sticky":false,"template":"","format":"standard","meta":{"_uag_custom_page_level_css":"","site-sidebar-layout":"default","site-content-layout":"","ast-site-content-layout":"","site-content-style":"default","site-sidebar-style":"default","ast-global-header-display":"","ast-banner-title-visibility":"","ast-main-header-display":"","ast-hfb-above-header-display":"","ast-hfb-below-header-display":"","ast-hfb-mobile-header-display":"","site-post-title":"disabled","ast-breadcrumbs-content":"","ast-featured-img":"","footer-sml-layout":"","ast-disable-related-posts":"","theme-transparent-header-meta":"","adv-header-id-meta":"","stick-header-meta":"","header-above-stick-meta":"","header-main-stick-meta":"","header-below-stick-meta":"","astra-migrate-meta-layouts":"default","ast-page-background-enabled":"default","ast-page-background-meta":{"desktop":{"background-color":"var(--ast-global-color-4)","background-image":"","background-repeat":"repeat","background-position":"center center","background-size":"auto","background-attachment":"scroll","background-type":"","background-media":"","overlay-type":"","overlay-color":"","overlay-opacity":"","overlay-gradient":""},"tablet":{"background-color":"","background-image":"","background-repeat":"repeat","background-position":"center center","background-size":"auto","background-attachment":"scroll","background-type":"","background-media":"","overlay-type":"","overlay-color":"","overlay-opacity":"","overlay-gradient":""},"mobile":{"background-color":"","background-image":"","background-repeat":"repeat","background-position":"center center","background-size":"auto","background-attachment":"scroll","background-type":"","background-media":"","overlay-type":"","overlay-color":"","overlay-opacity":"","overlay-gradient":""}},"ast-content-background-meta":{"desktop":{"background-color":"var(--ast-global-color-5)","background-image":"","background-repeat":"repeat","background-position":"center center","background-size":"auto","background-attachment":"scroll","background-type":"","background-media":"","overlay-type":"","overlay-color":"","overlay-opacity":"","overlay-gradient":""},"tablet":{"background-color":"var(--ast-global-color-5)","background-image":"","background-repeat":"repeat","background-position":"center center","background-size":"auto","background-attachment":"scroll","background-type":"","background-media":"","overlay-type":"","overlay-color":"","overlay-opacity":"","overlay-gradient":""},"mobile":{"background-color":"var(--ast-global-color-5)","background-image":"","background-repeat":"repeat","background-position":"center center","background-size":"auto","background-attachment":"scroll","background-type":"","background-media":"","overlay-type":"","overlay-color":"","overlay-opacity":"","overlay-gradient":""}},"footnotes":""},"categories":[11,5],"tags":[36,34,17,15,16],"class_list":["post-1644","post","type-post","status-publish","format-standard","has-post-thumbnail","hentry","category-ajuste-apertado","category-safety","tag-a1p3","tag-elipse","tag-produtos-gvs","tag-protecao-respiratoria","tag-safety"],"yoast_head":"<!-- This site is optimized with the Yoast SEO plugin v27.2 - https:\/\/yoast.com\/product\/yoast-seo-wordpress\/ -->\n<title>Respirador Semifacial A1P3 GVS<\/title>\n<meta name=\"description\" content=\"Se voc\u00ea procura um respirador que alie m\u00e1xima prote\u00e7\u00e3o, conforto prolongado e design inteligente, o Respirador Semifacial Elipse A1P3\" \/>\n<meta name=\"robots\" content=\"index, follow, max-snippet:-1, max-image-preview:large, max-video-preview:-1\" \/>\n<link rel=\"canonical\" href=\"https:\/\/www.gvs.com.br\/safety\/2025\/05\/14\/respirador-semifacial-a1p3\/\" \/>\n<meta property=\"og:locale\" content=\"pt_BR\" \/>\n<meta property=\"og:type\" content=\"article\" \/>\n<meta property=\"og:title\" content=\"Respirador Semifacial A1P3 GVS\" \/>\n<meta property=\"og:description\" content=\"Se voc\u00ea procura um respirador que alie m\u00e1xima prote\u00e7\u00e3o, conforto prolongado e design inteligente, o Respirador Semifacial Elipse A1P3\" \/>\n<meta property=\"og:url\" content=\"https:\/\/www.gvs.com.br\/safety\/2025\/05\/14\/respirador-semifacial-a1p3\/\" \/>\n<meta property=\"og:site_name\" content=\"Safety\" \/>\n<meta property=\"article:published_time\" content=\"2025-05-14T09:00:00+00:00\" \/>\n<meta property=\"article:modified_time\" content=\"2025-09-09T19:39:19+00:00\" \/>\n<meta property=\"og:image\" content=\"https:\/\/www.gvs.com.br\/safety\/wp-content\/uploads\/2025\/04\/BANNER-BLOG-semifacial-elipse-1024x576.png\" \/>\n\t<meta property=\"og:image:width\" content=\"1024\" \/>\n\t<meta property=\"og:image:height\" content=\"576\" \/>\n\t<meta property=\"og:image:type\" content=\"image\/png\" \/>\n<meta name=\"author\" content=\"admin-gvs\" \/>\n<meta name=\"twitter:card\" content=\"summary_large_image\" \/>\n<meta name=\"twitter:label1\" content=\"Escrito por\" \/>\n\t<meta name=\"twitter:data1\" content=\"admin-gvs\" \/>\n\t<meta name=\"twitter:label2\" content=\"Est. tempo de leitura\" \/>\n\t<meta name=\"twitter:data2\" content=\"6 minutos\" \/>\n<script type=\"application\/ld+json\" class=\"yoast-schema-graph\">{\"@context\":\"https:\/\/schema.org\",\"@graph\":[{\"@type\":\"Article\",\"@id\":\"https:\/\/www.gvs.com.br\/safety\/2025\/05\/14\/respirador-semifacial-a1p3\/#article\",\"isPartOf\":{\"@id\":\"https:\/\/www.gvs.com.br\/safety\/2025\/05\/14\/respirador-semifacial-a1p3\/\"},\"author\":{\"name\":\"admin-gvs\",\"@id\":\"https:\/\/www.gvs.com.br\/safety\/#\/schema\/person\/08f0e38941dafa538ee5706ec48fe5a1\"},\"headline\":\"Respirador Semifacial A1P3 GVS: Prote\u00e7\u00e3o Avan\u00e7ada, Conforto Incompar\u00e1vel e Alta Performance para Ambientes Exigentes\",\"datePublished\":\"2025-05-14T09:00:00+00:00\",\"dateModified\":\"2025-09-09T19:39:19+00:00\",\"mainEntityOfPage\":{\"@id\":\"https:\/\/www.gvs.com.br\/safety\/2025\/05\/14\/respirador-semifacial-a1p3\/\"},\"wordCount\":1092,\"commentCount\":0,\"publisher\":{\"@id\":\"https:\/\/www.gvs.com.br\/safety\/#organization\"},\"image\":{\"@id\":\"https:\/\/www.gvs.com.br\/safety\/2025\/05\/14\/respirador-semifacial-a1p3\/#primaryimage\"},\"thumbnailUrl\":\"https:\/\/www.gvs.com.br\/safety\/wp-content\/uploads\/2025\/04\/BANNER-BLOG-semifacial-elipse.png\",\"keywords\":[\"A1P3\",\"Elipse\",\"Produtos GVS\",\"Prote\u00e7\u00e3o Respirat\u00f3ria\",\"Safety\"],\"articleSection\":[\"Ajuste Apertado\",\"Safety\"],\"inLanguage\":\"pt-BR\",\"potentialAction\":[{\"@type\":\"CommentAction\",\"name\":\"Comment\",\"target\":[\"https:\/\/www.gvs.com.br\/safety\/2025\/05\/14\/respirador-semifacial-a1p3\/#respond\"]}]},{\"@type\":\"WebPage\",\"@id\":\"https:\/\/www.gvs.com.br\/safety\/2025\/05\/14\/respirador-semifacial-a1p3\/\",\"url\":\"https:\/\/www.gvs.com.br\/safety\/2025\/05\/14\/respirador-semifacial-a1p3\/\",\"name\":\"Respirador Semifacial A1P3 GVS\",\"isPartOf\":{\"@id\":\"https:\/\/www.gvs.com.br\/safety\/#website\"},\"primaryImageOfPage\":{\"@id\":\"https:\/\/www.gvs.com.br\/safety\/2025\/05\/14\/respirador-semifacial-a1p3\/#primaryimage\"},\"image\":{\"@id\":\"https:\/\/www.gvs.com.br\/safety\/2025\/05\/14\/respirador-semifacial-a1p3\/#primaryimage\"},\"thumbnailUrl\":\"https:\/\/www.gvs.com.br\/safety\/wp-content\/uploads\/2025\/04\/BANNER-BLOG-semifacial-elipse.png\",\"datePublished\":\"2025-05-14T09:00:00+00:00\",\"dateModified\":\"2025-09-09T19:39:19+00:00\",\"description\":\"Se voc\u00ea procura um respirador que alie m\u00e1xima prote\u00e7\u00e3o, conforto prolongado e design inteligente, o Respirador Semifacial Elipse A1P3\",\"breadcrumb\":{\"@id\":\"https:\/\/www.gvs.com.br\/safety\/2025\/05\/14\/respirador-semifacial-a1p3\/#breadcrumb\"},\"inLanguage\":\"pt-BR\",\"potentialAction\":[{\"@type\":\"ReadAction\",\"target\":[\"https:\/\/www.gvs.com.br\/safety\/2025\/05\/14\/respirador-semifacial-a1p3\/\"]}]},{\"@type\":\"ImageObject\",\"inLanguage\":\"pt-BR\",\"@id\":\"https:\/\/www.gvs.com.br\/safety\/2025\/05\/14\/respirador-semifacial-a1p3\/#primaryimage\",\"url\":\"https:\/\/www.gvs.com.br\/safety\/wp-content\/uploads\/2025\/04\/BANNER-BLOG-semifacial-elipse.png\",\"contentUrl\":\"https:\/\/www.gvs.com.br\/safety\/wp-content\/uploads\/2025\/04\/BANNER-BLOG-semifacial-elipse.png\",\"width\":1920,\"height\":1080},{\"@type\":\"BreadcrumbList\",\"@id\":\"https:\/\/www.gvs.com.br\/safety\/2025\/05\/14\/respirador-semifacial-a1p3\/#breadcrumb\",\"itemListElement\":[{\"@type\":\"ListItem\",\"position\":1,\"name\":\"In\u00edcio\",\"item\":\"https:\/\/www.gvs.com.br\/safety\/\"},{\"@type\":\"ListItem\",\"position\":2,\"name\":\"Respirador Semifacial A1P3 GVS: Prote\u00e7\u00e3o Avan\u00e7ada, Conforto Incompar\u00e1vel e Alta Performance para Ambientes Exigentes\"}]},{\"@type\":\"WebSite\",\"@id\":\"https:\/\/www.gvs.com.br\/safety\/#website\",\"url\":\"https:\/\/www.gvs.com.br\/safety\/\",\"name\":\"Safety\",\"description\":\"\",\"publisher\":{\"@id\":\"https:\/\/www.gvs.com.br\/safety\/#organization\"},\"potentialAction\":[{\"@type\":\"SearchAction\",\"target\":{\"@type\":\"EntryPoint\",\"urlTemplate\":\"https:\/\/www.gvs.com.br\/safety\/?s={search_term_string}\"},\"query-input\":{\"@type\":\"PropertyValueSpecification\",\"valueRequired\":true,\"valueName\":\"search_term_string\"}}],\"inLanguage\":\"pt-BR\"},{\"@type\":\"Organization\",\"@id\":\"https:\/\/www.gvs.com.br\/safety\/#organization\",\"name\":\"Safety\",\"url\":\"https:\/\/www.gvs.com.br\/safety\/\",\"logo\":{\"@type\":\"ImageObject\",\"inLanguage\":\"pt-BR\",\"@id\":\"https:\/\/www.gvs.com.br\/safety\/#\/schema\/logo\/image\/\",\"url\":\"https:\/\/www.gvs.com.br\/safety\/wp-content\/uploads\/2024\/12\/Logo-GVS-Safety.png\",\"contentUrl\":\"https:\/\/www.gvs.com.br\/safety\/wp-content\/uploads\/2024\/12\/Logo-GVS-Safety.png\",\"width\":1920,\"height\":1080,\"caption\":\"Safety\"},\"image\":{\"@id\":\"https:\/\/www.gvs.com.br\/safety\/#\/schema\/logo\/image\/\"}},{\"@type\":\"Person\",\"@id\":\"https:\/\/www.gvs.com.br\/safety\/#\/schema\/person\/08f0e38941dafa538ee5706ec48fe5a1\",\"name\":\"admin-gvs\",\"image\":{\"@type\":\"ImageObject\",\"inLanguage\":\"pt-BR\",\"@id\":\"https:\/\/secure.gravatar.com\/avatar\/753807cf2c24e7c5051446eb4fc6c55657714e911f26a29329d9dc501ae35121?s=96&d=mm&r=g\",\"url\":\"https:\/\/secure.gravatar.com\/avatar\/753807cf2c24e7c5051446eb4fc6c55657714e911f26a29329d9dc501ae35121?s=96&d=mm&r=g\",\"contentUrl\":\"https:\/\/secure.gravatar.com\/avatar\/753807cf2c24e7c5051446eb4fc6c55657714e911f26a29329d9dc501ae35121?s=96&d=mm&r=g\",\"caption\":\"admin-gvs\"},\"url\":\"https:\/\/www.gvs.com.br\/safety\/author\/admin-gvs\/\"}]}<\/script>\n<!-- \/ Yoast SEO plugin. -->","yoast_head_json":{"title":"Respirador Semifacial A1P3 GVS","description":"Se voc\u00ea procura um respirador que alie m\u00e1xima prote\u00e7\u00e3o, conforto prolongado e design inteligente, o Respirador Semifacial Elipse A1P3","robots":{"index":"index","follow":"follow","max-snippet":"max-snippet:-1","max-image-preview":"max-image-preview:large","max-video-preview":"max-video-preview:-1"},"canonical":"https:\/\/www.gvs.com.br\/safety\/2025\/05\/14\/respirador-semifacial-a1p3\/","og_locale":"pt_BR","og_type":"article","og_title":"Respirador Semifacial A1P3 GVS","og_description":"Se voc\u00ea procura um respirador que alie m\u00e1xima prote\u00e7\u00e3o, conforto prolongado e design inteligente, o Respirador Semifacial Elipse A1P3","og_url":"https:\/\/www.gvs.com.br\/safety\/2025\/05\/14\/respirador-semifacial-a1p3\/","og_site_name":"Safety","article_published_time":"2025-05-14T09:00:00+00:00","article_modified_time":"2025-09-09T19:39:19+00:00","og_image":[{"width":1024,"height":576,"url":"https:\/\/www.gvs.com.br\/safety\/wp-content\/uploads\/2025\/04\/BANNER-BLOG-semifacial-elipse-1024x576.png","type":"image\/png"}],"author":"admin-gvs","twitter_card":"summary_large_image","twitter_misc":{"Escrito por":"admin-gvs","Est. tempo de leitura":"6 minutos"},"schema":{"@context":"https:\/\/schema.org","@graph":[{"@type":"Article","@id":"https:\/\/www.gvs.com.br\/safety\/2025\/05\/14\/respirador-semifacial-a1p3\/#article","isPartOf":{"@id":"https:\/\/www.gvs.com.br\/safety\/2025\/05\/14\/respirador-semifacial-a1p3\/"},"author":{"name":"admin-gvs","@id":"https:\/\/www.gvs.com.br\/safety\/#\/schema\/person\/08f0e38941dafa538ee5706ec48fe5a1"},"headline":"Respirador Semifacial A1P3 GVS: Prote\u00e7\u00e3o Avan\u00e7ada, Conforto Incompar\u00e1vel e Alta Performance para Ambientes Exigentes","datePublished":"2025-05-14T09:00:00+00:00","dateModified":"2025-09-09T19:39:19+00:00","mainEntityOfPage":{"@id":"https:\/\/www.gvs.com.br\/safety\/2025\/05\/14\/respirador-semifacial-a1p3\/"},"wordCount":1092,"commentCount":0,"publisher":{"@id":"https:\/\/www.gvs.com.br\/safety\/#organization"},"image":{"@id":"https:\/\/www.gvs.com.br\/safety\/2025\/05\/14\/respirador-semifacial-a1p3\/#primaryimage"},"thumbnailUrl":"https:\/\/www.gvs.com.br\/safety\/wp-content\/uploads\/2025\/04\/BANNER-BLOG-semifacial-elipse.png","keywords":["A1P3","Elipse","Produtos GVS","Prote\u00e7\u00e3o Respirat\u00f3ria","Safety"],"articleSection":["Ajuste Apertado","Safety"],"inLanguage":"pt-BR","potentialAction":[{"@type":"CommentAction","name":"Comment","target":["https:\/\/www.gvs.com.br\/safety\/2025\/05\/14\/respirador-semifacial-a1p3\/#respond"]}]},{"@type":"WebPage","@id":"https:\/\/www.gvs.com.br\/safety\/2025\/05\/14\/respirador-semifacial-a1p3\/","url":"https:\/\/www.gvs.com.br\/safety\/2025\/05\/14\/respirador-semifacial-a1p3\/","name":"Respirador Semifacial A1P3 GVS","isPartOf":{"@id":"https:\/\/www.gvs.com.br\/safety\/#website"},"primaryImageOfPage":{"@id":"https:\/\/www.gvs.com.br\/safety\/2025\/05\/14\/respirador-semifacial-a1p3\/#primaryimage"},"image":{"@id":"https:\/\/www.gvs.com.br\/safety\/2025\/05\/14\/respirador-semifacial-a1p3\/#primaryimage"},"thumbnailUrl":"https:\/\/www.gvs.com.br\/safety\/wp-content\/uploads\/2025\/04\/BANNER-BLOG-semifacial-elipse.png","datePublished":"2025-05-14T09:00:00+00:00","dateModified":"2025-09-09T19:39:19+00:00","description":"Se voc\u00ea procura um respirador que alie m\u00e1xima prote\u00e7\u00e3o, conforto prolongado e design inteligente, o Respirador Semifacial Elipse A1P3","breadcrumb":{"@id":"https:\/\/www.gvs.com.br\/safety\/2025\/05\/14\/respirador-semifacial-a1p3\/#breadcrumb"},"inLanguage":"pt-BR","potentialAction":[{"@type":"ReadAction","target":["https:\/\/www.gvs.com.br\/safety\/2025\/05\/14\/respirador-semifacial-a1p3\/"]}]},{"@type":"ImageObject","inLanguage":"pt-BR","@id":"https:\/\/www.gvs.com.br\/safety\/2025\/05\/14\/respirador-semifacial-a1p3\/#primaryimage","url":"https:\/\/www.gvs.com.br\/safety\/wp-content\/uploads\/2025\/04\/BANNER-BLOG-semifacial-elipse.png","contentUrl":"https:\/\/www.gvs.com.br\/safety\/wp-content\/uploads\/2025\/04\/BANNER-BLOG-semifacial-elipse.png","width":1920,"height":1080},{"@type":"BreadcrumbList","@id":"https:\/\/www.gvs.com.br\/safety\/2025\/05\/14\/respirador-semifacial-a1p3\/#breadcrumb","itemListElement":[{"@type":"ListItem","position":1,"name":"In\u00edcio","item":"https:\/\/www.gvs.com.br\/safety\/"},{"@type":"ListItem","position":2,"name":"Respirador Semifacial A1P3 GVS: Prote\u00e7\u00e3o Avan\u00e7ada, Conforto Incompar\u00e1vel e Alta Performance para Ambientes Exigentes"}]},{"@type":"WebSite","@id":"https:\/\/www.gvs.com.br\/safety\/#website","url":"https:\/\/www.gvs.com.br\/safety\/","name":"Safety","description":"","publisher":{"@id":"https:\/\/www.gvs.com.br\/safety\/#organization"},"potentialAction":[{"@type":"SearchAction","target":{"@type":"EntryPoint","urlTemplate":"https:\/\/www.gvs.com.br\/safety\/?s={search_term_string}"},"query-input":{"@type":"PropertyValueSpecification","valueRequired":true,"valueName":"search_term_string"}}],"inLanguage":"pt-BR"},{"@type":"Organization","@id":"https:\/\/www.gvs.com.br\/safety\/#organization","name":"Safety","url":"https:\/\/www.gvs.com.br\/safety\/","logo":{"@type":"ImageObject","inLanguage":"pt-BR","@id":"https:\/\/www.gvs.com.br\/safety\/#\/schema\/logo\/image\/","url":"https:\/\/www.gvs.com.br\/safety\/wp-content\/uploads\/2024\/12\/Logo-GVS-Safety.png","contentUrl":"https:\/\/www.gvs.com.br\/safety\/wp-content\/uploads\/2024\/12\/Logo-GVS-Safety.png","width":1920,"height":1080,"caption":"Safety"},"image":{"@id":"https:\/\/www.gvs.com.br\/safety\/#\/schema\/logo\/image\/"}},{"@type":"Person","@id":"https:\/\/www.gvs.com.br\/safety\/#\/schema\/person\/08f0e38941dafa538ee5706ec48fe5a1","name":"admin-gvs","image":{"@type":"ImageObject","inLanguage":"pt-BR","@id":"https:\/\/secure.gravatar.com\/avatar\/753807cf2c24e7c5051446eb4fc6c55657714e911f26a29329d9dc501ae35121?s=96&d=mm&r=g","url":"https:\/\/secure.gravatar.com\/avatar\/753807cf2c24e7c5051446eb4fc6c55657714e911f26a29329d9dc501ae35121?s=96&d=mm&r=g","contentUrl":"https:\/\/secure.gravatar.com\/avatar\/753807cf2c24e7c5051446eb4fc6c55657714e911f26a29329d9dc501ae35121?s=96&d=mm&r=g","caption":"admin-gvs"},"url":"https:\/\/www.gvs.com.br\/safety\/author\/admin-gvs\/"}]}},"uagb_featured_image_src":{"full":["https:\/\/www.gvs.com.br\/safety\/wp-content\/uploads\/2025\/04\/BANNER-BLOG-semifacial-elipse.png",1920,1080,false],"thumbnail":["https:\/\/www.gvs.com.br\/safety\/wp-content\/uploads\/2025\/04\/BANNER-BLOG-semifacial-elipse-150x150.png",150,150,true],"medium":["https:\/\/www.gvs.com.br\/safety\/wp-content\/uploads\/2025\/04\/BANNER-BLOG-semifacial-elipse-300x169.png",300,169,true],"medium_large":["https:\/\/www.gvs.com.br\/safety\/wp-content\/uploads\/2025\/04\/BANNER-BLOG-semifacial-elipse-768x432.png",768,432,true],"large":["https:\/\/www.gvs.com.br\/safety\/wp-content\/uploads\/2025\/04\/BANNER-BLOG-semifacial-elipse-1024x576.png",1024,576,true],"1536x1536":["https:\/\/www.gvs.com.br\/safety\/wp-content\/uploads\/2025\/04\/BANNER-BLOG-semifacial-elipse-1536x864.png",1536,864,true],"2048x2048":["https:\/\/www.gvs.com.br\/safety\/wp-content\/uploads\/2025\/04\/BANNER-BLOG-semifacial-elipse.png",1920,1080,false]},"uagb_author_info":{"display_name":"admin-gvs","author_link":"https:\/\/www.gvs.com.br\/safety\/author\/admin-gvs\/"},"uagb_comment_info":0,"uagb_excerpt":"Respirador Semifacial A1P3 GVS: Prote\u00e7\u00e3o Avan\u00e7ada, Conforto Incompar\u00e1vel e Alta Performance para Ambientes Exigentes Se voc\u00ea procura um respirador que [&hellip;]","_links":{"self":[{"href":"https:\/\/www.gvs.com.br\/safety\/wp-json\/wp\/v2\/posts\/1644","targetHints":{"allow":["GET"]}}],"collection":[{"href":"https:\/\/www.gvs.com.br\/safety\/wp-json\/wp\/v2\/posts"}],"about":[{"href":"https:\/\/www.gvs.com.br\/safety\/wp-json\/wp\/v2\/types\/post"}],"author":[{"embeddable":true,"href":"https:\/\/www.gvs.com.br\/safety\/wp-json\/wp\/v2\/users\/2"}],"replies":[{"embeddable":true,"href":"https:\/\/www.gvs.com.br\/safety\/wp-json\/wp\/v2\/comments?post=1644"}],"version-history":[{"count":5,"href":"https:\/\/www.gvs.com.br\/safety\/wp-json\/wp\/v2\/posts\/1644\/revisions"}],"predecessor-version":[{"id":2851,"href":"https:\/\/www.gvs.com.br\/safety\/wp-json\/wp\/v2\/posts\/1644\/revisions\/2851"}],"wp:featuredmedia":[{"embeddable":true,"href":"https:\/\/www.gvs.com.br\/safety\/wp-json\/wp\/v2\/media\/1658"}],"wp:attachment":[{"href":"https:\/\/www.gvs.com.br\/safety\/wp-json\/wp\/v2\/media?parent=1644"}],"wp:term":[{"taxonomy":"category","embeddable":true,"href":"https:\/\/www.gvs.com.br\/safety\/wp-json\/wp\/v2\/categories?post=1644"},{"taxonomy":"post_tag","embeddable":true,"href":"https:\/\/www.gvs.com.br\/safety\/wp-json\/wp\/v2\/tags?post=1644"}],"curies":[{"name":"wp","href":"https:\/\/api.w.org\/{rel}","templated":true}]}}