{"id":1639,"date":"2025-04-16T09:00:00","date_gmt":"2025-04-16T09:00:00","guid":{"rendered":"https:\/\/prihdesigner.com.br\/Health-Safety\/?p=1639"},"modified":"2025-09-09T19:33:08","modified_gmt":"2025-09-09T19:33:08","slug":"respirador-t200tm-da-gvs","status":"publish","type":"post","link":"https:\/\/www.gvs.com.br\/safety\/2025\/04\/16\/respirador-t200tm-da-gvs\/","title":{"rendered":"Respirador T200TM da GVS: O Respirador Multifuncional para M\u00e1xima Prote\u00e7\u00e3o e Conforto no Ambiente Industrial"},"content":{"rendered":"\n<div class=\"wp-block-uagb-container uagb-block-d1b42846 alignfull uagb-is-root-container\"><div class=\"uagb-container-inner-blocks-wrap\">\n<div class=\"wp-block-uagb-advanced-heading uagb-block-b02204f8\"><h2 class=\"uagb-heading-text\">R<strong>espirador T200<sup>TM<\/sup> da GVS: O Respirador <\/strong><br><strong>Multifuncional para M\u00e1xima Prote\u00e7\u00e3o e <\/strong><br><strong>Conforto no Ambiente Industrial<\/strong><\/h2><\/div>\n<\/div><\/div>\n\n\n\n<p><\/p>\n\n\n\n<p class=\"has-text-align-justify has-text-align-justify\">Quando se trata de seguran\u00e7a e conforto em ambientes de trabalho industriais, o Respirador T200<sup>TM<\/sup> da GVS se destaca como uma solu\u00e7\u00e3o inovadora e eficiente. Desenvolvido para oferecer prote\u00e7\u00e3o respirat\u00f3ria e facial em uma ampla variedade de aplica\u00e7\u00f5es, esse respirador \u00e9 ideal para ind\u00fastrias de sa\u00fade, farmac\u00eautica, qu\u00edmica, pintura, entre outras. Aqui voc\u00ea vai entender tudo sobre o T200<sup>TM<\/sup>: suas caracter\u00edsticas, vantagens, formas de uso e como ele pode melhorar a produtividade e seguran\u00e7a do seu ambiente de trabalho.<\/p>\n\n\n\n<div class=\"wp-block-uagb-container uagb-block-8d015335 alignfull uagb-is-root-container\"><div class=\"uagb-container-inner-blocks-wrap\">\n<div class=\"wp-block-uagb-container uagb-block-1a7b8f96\"><\/div>\n\n\n\n<div class=\"wp-block-uagb-container uagb-block-ac55f390\">\n<div class=\"wp-block-uagb-image uagb-block-155678a4 wp-block-uagb-image--layout-default wp-block-uagb-image--effect-static wp-block-uagb-image--align-none\"><figure class=\"wp-block-uagb-image__figure\"><img decoding=\"async\"  sizes=\"auto, (max-width: 480px) 150px\" src=\"https:\/\/www.gvs.com.br\/safety\/wp-content\/uploads\/2025\/04\/RPB_T200_InSitu_1_W-1024x683.jpg\" alt=\"\" width=\"1024\" height=\"683\" title=\"RPB_T200_InSitu_1_W\" loading=\"lazy\" role=\"img\"\/><\/figure><\/div>\n<\/div>\n\n\n\n<div class=\"wp-block-uagb-container uagb-block-1d3b9e35\"><\/div>\n<\/div><\/div>\n\n\n\n<div class=\"wp-block-uagb-container uagb-block-ce6226ad alignfull uagb-is-root-container\"><div class=\"uagb-container-inner-blocks-wrap\">\n<div class=\"wp-block-uagb-container uagb-block-55bcc301\">\n<h2 class=\"wp-block-heading\"><strong>O que \u00e9 o T200<sup>TM<\/sup> da GVS?<\/strong> <\/h2>\n\n\n\n<p class=\"has-text-align-justify has-text-align-justify\">O T200<strong><sup>TM<\/sup><\/strong> \u00e9 um respirador de uso multifuncional projetado para proteger o trabalhador contra part\u00edculas, vapores e agentes qu\u00edmicos presentes no ar. Com um design leve e ajust\u00e1vel, o respirador garante m\u00e1xima prote\u00e7\u00e3o e conforto, permitindo que os profissionais desempenhem suas fun\u00e7\u00f5es com efici\u00eancia e seguran\u00e7a. A inova\u00e7\u00e3o do T200<strong><sup>TM<\/sup><\/strong> \u00e9 que ele n\u00e3o exige teste de ajuste facial, o que simplifica o processo de uso e acelera a adapta\u00e7\u00e3o.<\/p>\n<\/div>\n\n\n\n<div class=\"wp-block-uagb-container uagb-block-d764ab31\">\n<div class=\"wp-block-uagb-image uagb-block-872306c5 wp-block-uagb-image--layout-default wp-block-uagb-image--effect-static wp-block-uagb-image--align-none\"><figure class=\"wp-block-uagb-image__figure\"><img decoding=\"async\"  sizes=\"auto, (max-width: 480px) 150px\" src=\"https:\/\/www.gvs.com.br\/safety\/wp-content\/uploads\/2025\/02\/T200.png\" alt=\"\" width=\"400\" height=\"389\" title=\"T200\" loading=\"lazy\" role=\"img\"\/><\/figure><\/div>\n<\/div>\n<\/div><\/div>\n\n\n\n<h2 class=\"wp-block-heading\"><strong>Principais Aplica\u00e7\u00f5es e Funcionalidades<\/strong><\/h2>\n\n\n\n<p>O T200<strong><sup>TM<\/sup><\/strong> \u00e9 ideal para ambientes que demandam prote\u00e7\u00e3o respirat\u00f3ria e facial em diversas situa\u00e7\u00f5es de risco, como:<\/p>\n\n\n\n<ul class=\"wp-block-list\">\n<li><strong>Ind\u00fastria farmac\u00eautica e de sa\u00fade:<\/strong> Protege contra poeiras, fumos e vapores, essenciais para a manipula\u00e7\u00e3o segura de subst\u00e2ncias.<\/li>\n\n\n\n<li><strong>Ind\u00fastria qu\u00edmica e de pesticidas:<\/strong> Oferece prote\u00e7\u00e3o contra subst\u00e2ncias qu\u00edmicas perigosas e vapores t\u00f3xicos.<\/li>\n\n\n\n<li><strong>Ind\u00fastria de pintura e revestimentos:<\/strong> Protege contra part\u00edculas de tinta e solventes durante processos de pintura automotiva, industrial e \u00e0 prova de fogo.<\/li>\n\n\n\n<li><strong>Saneamento e gerenciamento de res\u00edduos:<\/strong> Garantindo a seguran\u00e7a durante o manuseio de materiais contaminados ou perigosos.<\/li>\n\n\n\n<li><strong>Corte de concreto e decapagem qu\u00edmica:<\/strong> Ideal para trabalhadores expostos a poeiras e produtos qu\u00edmicos durante essas atividades.<\/li>\n<\/ul>\n\n\n\n<div class=\"wp-block-uagb-separator uagb-block-0d98cded\"><div class=\"uagb-separator-spacing-wrapper\"><div class=\"wp-block-uagb-separator__inner\" style=\"--my-background-image:\"><\/div><\/div><\/div>\n\n\n\n<h2 class=\"wp-block-heading\"><strong>Benef\u00edcios do T200<sup>TM<\/sup><\/strong><\/h2>\n\n\n\n<p class=\"has-text-align-justify has-text-align-justify\">O T200<sup>TM<\/sup> oferece uma s\u00e9rie de vantagens que tornam o trabalho mais seguro e confort\u00e1vel, al\u00e9m de otimizar a produtividade no dia a dia. Confira as principais vantagens:<\/p>\n\n\n\n<ul class=\"wp-block-list\">\n<li><strong>Prote\u00e7\u00e3o superior:<\/strong> O T200<sup>TM<\/sup> oferece um Fator de Prote\u00e7\u00e3o Atribu\u00eddo (FPA) superior a 1000, garantindo alta seguran\u00e7a contra part\u00edculas, vapores e produtos qu\u00edmicos.<\/li>\n\n\n\n<li><strong>Conforto prolongado:<\/strong> Seu design leve, a capacidade de ajuste personalizado e o fluxo de ar control\u00e1vel garantem conforto, mesmo durante o uso prolongado.<\/li>\n\n\n\n<li><strong>Visibilidade excepcional:<\/strong> A grande janela de vis\u00e3o permite uma vis\u00e3o clara, tanto para baixo quanto perif\u00e9rica, essencial para a precis\u00e3o em ambientes industriais.<\/li>\n\n\n\n<li><strong>Facilidade no uso:<\/strong> O respirador n\u00e3o exige teste de ajuste, simplificando o processo de adapta\u00e7\u00e3o e aumentando a produtividade.<\/li>\n\n\n\n<li><strong>Versatilidade:<\/strong> O T200<strong><sup>TM<\/sup><\/strong> \u00e9 compat\u00edvel com diversos acess\u00f3rios, como o sistema de prote\u00e7\u00e3o auditiva Quiet-Slim\u2122, ideal para ambientes de alto ru\u00eddo.<\/li>\n<\/ul>\n\n\n\n<div class=\"wp-block-uagb-separator uagb-block-2f5fe929\"><div class=\"uagb-separator-spacing-wrapper\"><div class=\"wp-block-uagb-separator__inner\" style=\"--my-background-image:\"><\/div><\/div><\/div>\n\n\n\n<h2 class=\"wp-block-heading\"><strong>Componentes Necess\u00e1rios<\/strong><\/h2>\n\n\n\n<p>Para garantir o uso adequado e a m\u00e1xima efici\u00eancia do T200<sup>TM<\/sup>, \u00e9 necess\u00e1rio contar com alguns componentes complementares. S\u00e3o eles:<\/p>\n\n\n\n<ul class=\"wp-block-list\">\n<li><strong>Cap\u00f4 do respirador T200\/T-LINK:<\/strong> Escolha o cap\u00f4 que melhor se adapta \u00e0s suas necessidades de prote\u00e7\u00e3o facial, como os modelos de veda\u00e7\u00e3o facial ou cap\u00f4 completo.<\/li>\n\n\n\n<li><strong>Conjunto de dutos de ar T200<sup>TM<\/sup>:<\/strong> Essencial para o fornecimento de ar filtrado e o bom funcionamento do respirador.<\/li>\n\n\n\n<li><strong>Tubo de respira\u00e7\u00e3o:<\/strong> Interliga\u00e7\u00e3o entre o respirador e a fonte de ar ou o sistema de purifica\u00e7\u00e3o de ar.<\/li>\n\n\n\n<li><strong>PX5 ou HX5 PAPR:<\/strong> Sistema de purifica\u00e7\u00e3o de ar motorizado que garante prote\u00e7\u00e3o adicional ao usu\u00e1rio, oferecendo um fluxo de ar controlado e eficiente.<\/li>\n<\/ul>\n\n\n\n<p>Esses componentes s\u00e3o facilmente intercambi\u00e1veis e garantem uma adapta\u00e7\u00e3o personalizada ao ambiente de trabalho.<\/p>\n\n\n\n<div class=\"wp-block-uagb-separator uagb-block-a28b89cd\"><div class=\"uagb-separator-spacing-wrapper\"><div class=\"wp-block-uagb-separator__inner\" style=\"--my-background-image:\"><\/div><\/div><\/div>\n\n\n\n<h2 class=\"wp-block-heading\"><strong>Como o T200<sup>TM<\/sup> contribui para a produtividade?<\/strong><\/h2>\n\n\n\n<p>Com o T200<sup>TM<\/sup>, os trabalhadores podem se concentrar nas tarefas sem se preocupar com desconforto ou fadiga respirat\u00f3ria. Ele oferece:<\/p>\n\n\n\n<ul class=\"wp-block-list\">\n<li><strong>Lentes descart\u00e1veis:<\/strong> Para aumentar a produtividade, as lentes podem ser facilmente substitu\u00eddas, evitando perda de tempo com manuten\u00e7\u00e3o.<\/li>\n\n\n\n<li><strong>Compatibilidade com outros equipamentos:<\/strong> O T200 \u00e9 compat\u00edvel com diferentes sistemas de purifica\u00e7\u00e3o de ar motorizado, garantindo flexibilidade e adaptabilidade no uso.<\/li>\n<\/ul>\n\n\n\n<p class=\"has-text-align-justify has-text-align-justify\"><strong>Conforto durante longos per\u00edodos de uso:<\/strong> A constru\u00e7\u00e3o leve e o design ajust\u00e1vel minimizam o cansa\u00e7o, permitindo que os profissionais se mantenham mais focados e produtivos.<\/p>\n\n\n\n<div class=\"wp-block-uagb-image uagb-block-adc872b5 wp-block-uagb-image--layout-default wp-block-uagb-image--effect-static wp-block-uagb-image--align-none\"><figure class=\"wp-block-uagb-image__figure\"><img decoding=\"async\"  sizes=\"auto, (max-width: 480px) 150px\" src=\"https:\/\/www.gvs.com.br\/safety\/wp-content\/uploads\/2025\/05\/T200-2.png\" alt=\"\" width=\"1024\" height=\"435\" title=\"T200-2\" loading=\"lazy\" role=\"img\"\/><\/figure><\/div>\n\n\n\n<h2 class=\"wp-block-heading\"><strong>Por que Escolher o T200<sup> TM<\/sup> da GVS?<\/strong><\/h2>\n\n\n\n<p class=\"has-text-align-justify has-text-align-justify\">O T200<sup>TM<\/sup> da GVS \u00e9 uma escolha estrat\u00e9gica para empresas que buscam oferecer a m\u00e1xima prote\u00e7\u00e3o, conforto e efici\u00eancia para seus trabalhadores em ambientes industriais. Aqui est\u00e3o os principais motivos para escolher este respirador:<\/p>\n\n\n\n<ol class=\"wp-block-list\">\n<li><strong>Prote\u00e7\u00e3o Superior<\/strong>: Com um Fator de Prote\u00e7\u00e3o Atribu\u00eddo (FPA) superior a 1000, o T200<sup>TM<\/sup> oferece seguran\u00e7a eficaz contra uma ampla gama de part\u00edculas, vapores e produtos qu\u00edmicos, garantindo a sa\u00fade do trabalhador em ambientes de risco.<\/li>\n\n\n\n<li><strong>Conforto Prolongado<\/strong>: Seu design leve e o sistema de suspens\u00e3o de cabe\u00e7a ajust\u00e1vel proporcionam um ajuste seguro e confort\u00e1vel, permitindo o uso cont\u00ednuo sem causar fadiga. Al\u00e9m disso, o fluxo de ar control\u00e1vel evita o emba\u00e7amento das lentes e mant\u00e9m a temperatura do usu\u00e1rio confort\u00e1vel.<\/li>\n\n\n\n<li><strong>Visibilidade Excepcional<\/strong>: A janela de vis\u00e3o ampla do T200<sup>TM<\/sup> garante excelente visibilidade perif\u00e9rica e para baixo, essencial para tarefas que exigem precis\u00e3o e seguran\u00e7a, sem comprometer a prote\u00e7\u00e3o.<\/li>\n\n\n\n<li><strong>Facilidade de Uso<\/strong>: O T200<sup>TM<\/sup> n\u00e3o requer teste de ajuste facial, o que facilita a adapta\u00e7\u00e3o e acelera o processo de implementa\u00e7\u00e3o em sua empresa. Isso significa mais agilidade e menos tempo gasto na prepara\u00e7\u00e3o do trabalhador.<\/li>\n\n\n\n<li><strong>Versatilidade e Adaptabilidade<\/strong>: O respirador \u00e9 compat\u00edvel com uma variedade de acess\u00f3rios, como o sistema de prote\u00e7\u00e3o auditiva Quiet-Slim\u2122 e diferentes op\u00e7\u00f5es de cap\u00f4, o que torna o T200<sup>TM<\/sup> adequado para diversas aplica\u00e7\u00f5es industriais e ambientes de trabalho.<\/li>\n\n\n\n<li><strong>Durabilidade e Economia<\/strong>: Com componentes reutiliz\u00e1veis, como o sistema de suspens\u00e3o de cabe\u00e7a e duto de ar, o T200<sup>TM<\/sup> oferece baixo custo de manuten\u00e7\u00e3o e alta durabilidade, contribuindo para a economia a longo prazo.<\/li>\n<\/ol>\n\n\n\n<p class=\"has-text-align-justify has-text-align-justify\">Com o T200<sup>TM<\/sup> da GVS, voc\u00ea garante n\u00e3o apenas uma prote\u00e7\u00e3o eficiente, mas tamb\u00e9m um n\u00edvel superior de conforto e praticidade, essencial para aumentar a produtividade e a seguran\u00e7a no ambiente de trabalho.<\/p>\n\n\n\n<div class=\"wp-block-uagb-separator uagb-block-d360f573\"><div class=\"uagb-separator-spacing-wrapper\"><div class=\"wp-block-uagb-separator__inner\" style=\"--my-background-image:\"><\/div><\/div><\/div>\n\n\n\n<p class=\"has-text-align-justify has-text-align-justify\">O Respirador T200<sup>TM<\/sup> da GVS \u00e9 um respirador de alta performance, desenvolvido para garantir a seguran\u00e7a e o conforto de trabalhadores em uma variedade de ambientes industriais. Com sua estrutura ajust\u00e1vel, design inovador e capacidade de adapta\u00e7\u00e3o a diferentes necessidades, o T200<sup>TM<\/sup> oferece prote\u00e7\u00e3o eficaz contra uma ampla gama de subst\u00e2ncias perigosas. N\u00e3o importa o setor, o T200<sup>TM<\/sup> pode ser a solu\u00e7\u00e3o que voc\u00ea precisa para melhorar a seguran\u00e7a e a produtividade no seu ambiente de trabalho.<\/p>\n\n\n\n<h3 class=\"wp-block-heading has-text-align-center\">Acreditamos em proteger voc\u00ea para os melhores momentos da vida!<\/h3>\n\n\n\n<p class=\"has-text-align-justify has-text-align-justify\">Criamos solu\u00e7\u00f5es de prote\u00e7\u00e3o respirat\u00f3ria que tornam voc\u00ea e sua equipe mais seguros, para que todos possam voltar para casa no final de cada dia, seguros, saud\u00e1veis e capazes de fazer aquilo que mais importa.<\/p>\n\n\n\n<div class=\"wp-block-uagb-call-to-action uagb-block-e55fe878 wp-block-button\"><div class=\"uagb-cta__wrap\"><h3 class=\"uagb-cta__title\">Confira mais detalhes!<\/h3><p class=\"uagb-cta__desc\">Confira as especifica\u00e7\u00f5es t\u00e9cnicas e certifica\u00e7\u00f5es do <strong><strong>Respirador T200<sup>TM<\/sup> da GVS <\/strong><\/strong> da GVS<strong>.<\/strong><\/p><\/div><div class=\"uagb-cta__buttons\"><a href=\"https:\/\/www.gvs.com.br\/safety\/produtos-ajuste-solto-gvs-t200-respirador\/\" class=\"uagb-cta__button-link-wrapper wp-block-button__link\" target=\"_blank\" rel=\"noopener noreferrer\">Saiba Mais!<\/a><\/div><\/div>\n\n\n\n<div class=\"wp-block-uagb-separator uagb-block-282c7a54\"><div class=\"uagb-separator-spacing-wrapper\"><div class=\"wp-block-uagb-separator__inner\" style=\"--my-background-image:\"><\/div><\/div><\/div>\n\n\n\n<div class=\"wp-block-uagb-call-to-action uagb-block-9250292e wp-block-button\"><div class=\"uagb-cta__wrap\"><h3 class=\"uagb-cta__title\">Fale com a gente!<\/h3><p class=\"uagb-cta__desc\">Entre em contato com o nosso time hoje mesmo, esclare\u00e7a as suas d\u00favidas e&nbsp;<strong>solicite a sua cota\u00e7\u00e3o!<\/strong><\/p><\/div><div class=\"uagb-cta__buttons\"><a href=\"https:\/\/wa.me\/551938797222\" class=\"uagb-cta__button-link-wrapper wp-block-button__link\" target=\"_blank\" rel=\"noopener noreferrer\"><svg xmlns=\"https:\/\/www.w3.org\/2000\/svg\" viewBox=\"0 0 448 512\"><path d=\"M380.9 97.1C339 55.1 283.2 32 223.9 32c-122.4 0-222 99.6-222 222 0 39.1 10.2 77.3 29.6 111L0 480l117.7-30.9c32.4 17.7 68.9 27 106.1 27h.1c122.3 0 224.1-99.6 224.1-222 0-59.3-25.2-115-67.1-157zm-157 341.6c-33.2 0-65.7-8.9-94-25.7l-6.7-4-69.8 18.3L72 359.2l-4.4-7c-18.5-29.4-28.2-63.3-28.2-98.2 0-101.7 82.8-184.5 184.6-184.5 49.3 0 95.6 19.2 130.4 54.1 34.8 34.9 56.2 81.2 56.1 130.5 0 101.8-84.9 184.6-186.6 184.6zm101.2-138.2c-5.5-2.8-32.8-16.2-37.9-18-5.1-1.9-8.8-2.8-12.5 2.8-3.7 5.6-14.3 18-17.6 21.8-3.2 3.7-6.5 4.2-12 1.4-32.6-16.3-54-29.1-75.5-66-5.7-9.8 5.7-9.1 16.3-30.3 1.8-3.7 .9-6.9-.5-9.7-1.4-2.8-12.5-30.1-17.1-41.2-4.5-10.8-9.1-9.3-12.5-9.5-3.2-.2-6.9-.2-10.6-.2-3.7 0-9.7 1.4-14.8 6.9-5.1 5.6-19.4 19-19.4 46.3 0 27.3 19.9 53.7 22.6 57.4 2.8 3.7 39.1 59.7 94.8 83.8 35.2 15.2 49 16.5 66.6 13.9 10.7-1.6 32.8-13.4 37.4-26.4 4.6-13 4.6-24.1 3.2-26.4-1.3-2.5-5-3.9-10.5-6.6z\"><\/path><\/svg>WhatsApp<\/a><\/div><\/div>\n\n\n\n<div class=\"wp-block-uagb-separator uagb-block-dd3ac1cb\"><div class=\"uagb-separator-spacing-wrapper\"><div class=\"wp-block-uagb-separator__inner\" style=\"--my-background-image:\"><\/div><\/div><\/div>\n\n\n\n<div class=\"wp-block-uagb-call-to-action uagb-block-f496457e wp-block-button\"><div class=\"uagb-cta__wrap\"><h3 class=\"uagb-cta__title\">Fique por dentro das novidades!<\/h3><p class=\"uagb-cta__desc\">Acompanhe nossa jornada de inova\u00e7\u00e3o e saiba mais sobre nossos produtos, acesse <strong>Safety da GVS.<\/strong><\/p><\/div><div class=\"uagb-cta__buttons\"><a href=\"https:\/\/www.gvs.com.br\/safety\" class=\"uagb-cta__button-link-wrapper wp-block-button__link\" target=\"_blank\" rel=\"noopener noreferrer\">Acesse o site<\/a><\/div><\/div>\n\n\n\n<p><\/p>\n","protected":false},"excerpt":{"rendered":"<p>Respirador T200TM da GVS: O Respirador Multifuncional para M\u00e1xima Prote\u00e7\u00e3o e Conforto no Ambiente Industrial Quando se trata de seguran\u00e7a [&hellip;]<\/p>\n","protected":false},"author":2,"featured_media":1640,"comment_status":"open","ping_status":"open","sticky":false,"template":"","format":"standard","meta":{"_uag_custom_page_level_css":"","site-sidebar-layout":"default","site-content-layout":"","ast-site-content-layout":"","site-content-style":"default","site-sidebar-style":"default","ast-global-header-display":"","ast-banner-title-visibility":"","ast-main-header-display":"","ast-hfb-above-header-display":"","ast-hfb-below-header-display":"","ast-hfb-mobile-header-display":"","site-post-title":"disabled","ast-breadcrumbs-content":"","ast-featured-img":"","footer-sml-layout":"","ast-disable-related-posts":"","theme-transparent-header-meta":"","adv-header-id-meta":"","stick-header-meta":"","header-above-stick-meta":"","header-main-stick-meta":"","header-below-stick-meta":"","astra-migrate-meta-layouts":"default","ast-page-background-enabled":"default","ast-page-background-meta":{"desktop":{"background-color":"var(--ast-global-color-4)","background-image":"","background-repeat":"repeat","background-position":"center center","background-size":"auto","background-attachment":"scroll","background-type":"","background-media":"","overlay-type":"","overlay-color":"","overlay-opacity":"","overlay-gradient":""},"tablet":{"background-color":"","background-image":"","background-repeat":"repeat","background-position":"center center","background-size":"auto","background-attachment":"scroll","background-type":"","background-media":"","overlay-type":"","overlay-color":"","overlay-opacity":"","overlay-gradient":""},"mobile":{"background-color":"","background-image":"","background-repeat":"repeat","background-position":"center center","background-size":"auto","background-attachment":"scroll","background-type":"","background-media":"","overlay-type":"","overlay-color":"","overlay-opacity":"","overlay-gradient":""}},"ast-content-background-meta":{"desktop":{"background-color":"var(--ast-global-color-5)","background-image":"","background-repeat":"repeat","background-position":"center center","background-size":"auto","background-attachment":"scroll","background-type":"","background-media":"","overlay-type":"","overlay-color":"","overlay-opacity":"","overlay-gradient":""},"tablet":{"background-color":"var(--ast-global-color-5)","background-image":"","background-repeat":"repeat","background-position":"center center","background-size":"auto","background-attachment":"scroll","background-type":"","background-media":"","overlay-type":"","overlay-color":"","overlay-opacity":"","overlay-gradient":""},"mobile":{"background-color":"var(--ast-global-color-5)","background-image":"","background-repeat":"repeat","background-position":"center center","background-size":"auto","background-attachment":"scroll","background-type":"","background-media":"","overlay-type":"","overlay-color":"","overlay-opacity":"","overlay-gradient":""}},"footnotes":""},"categories":[12,5],"tags":[7,21,17,22,16,33],"class_list":["post-1639","post","type-post","status-publish","format-standard","has-post-thumbnail","hentry","category-ajuste-solto","category-safety","tag-gvs","tag-pintura","tag-produtos-gvs","tag-quimica","tag-safety","tag-t200"],"yoast_head":"<!-- This site is optimized with the Yoast SEO plugin v27.2 - https:\/\/yoast.com\/product\/yoast-seo-wordpress\/ -->\n<title>Respirador T200TM da GVS<\/title>\n<meta name=\"description\" content=\"O T200TM \u00e9 um respirador de uso multifuncional projetado para proteger o trabalhador contra part\u00edculas, vapores e agentes qu\u00edmicos presentes no ar.\" \/>\n<meta name=\"robots\" content=\"index, follow, max-snippet:-1, max-image-preview:large, max-video-preview:-1\" \/>\n<link rel=\"canonical\" href=\"https:\/\/www.gvs.com.br\/safety\/2025\/04\/16\/respirador-t200tm-da-gvs\/\" \/>\n<meta property=\"og:locale\" content=\"pt_BR\" \/>\n<meta property=\"og:type\" content=\"article\" \/>\n<meta property=\"og:title\" content=\"Respirador T200TM da GVS\" \/>\n<meta property=\"og:description\" content=\"O T200TM \u00e9 um respirador de uso multifuncional projetado para proteger o trabalhador contra part\u00edculas, vapores e agentes qu\u00edmicos presentes no ar.\" \/>\n<meta property=\"og:url\" content=\"https:\/\/www.gvs.com.br\/safety\/2025\/04\/16\/respirador-t200tm-da-gvs\/\" \/>\n<meta property=\"og:site_name\" content=\"Safety\" \/>\n<meta property=\"article:published_time\" content=\"2025-04-16T09:00:00+00:00\" \/>\n<meta property=\"article:modified_time\" content=\"2025-09-09T19:33:08+00:00\" \/>\n<meta property=\"og:image\" content=\"https:\/\/www.gvs.com.br\/safety\/wp-content\/uploads\/2025\/04\/BANNER-BLOG-T200.jpg\" \/>\n\t<meta property=\"og:image:width\" content=\"1920\" \/>\n\t<meta property=\"og:image:height\" content=\"1080\" \/>\n\t<meta property=\"og:image:type\" content=\"image\/jpeg\" \/>\n<meta name=\"author\" content=\"admin-gvs\" \/>\n<meta name=\"twitter:card\" content=\"summary_large_image\" \/>\n<meta name=\"twitter:label1\" content=\"Escrito por\" \/>\n\t<meta name=\"twitter:data1\" content=\"admin-gvs\" \/>\n\t<meta name=\"twitter:label2\" content=\"Est. tempo de leitura\" \/>\n\t<meta name=\"twitter:data2\" content=\"8 minutos\" \/>\n<script type=\"application\/ld+json\" class=\"yoast-schema-graph\">{\"@context\":\"https:\/\/schema.org\",\"@graph\":[{\"@type\":\"Article\",\"@id\":\"https:\/\/www.gvs.com.br\/safety\/2025\/04\/16\/respirador-t200tm-da-gvs\/#article\",\"isPartOf\":{\"@id\":\"https:\/\/www.gvs.com.br\/safety\/2025\/04\/16\/respirador-t200tm-da-gvs\/\"},\"author\":{\"name\":\"admin-gvs\",\"@id\":\"https:\/\/www.gvs.com.br\/safety\/#\/schema\/person\/08f0e38941dafa538ee5706ec48fe5a1\"},\"headline\":\"Respirador T200TM da GVS: O Respirador Multifuncional para M\u00e1xima Prote\u00e7\u00e3o e Conforto no Ambiente Industrial\",\"datePublished\":\"2025-04-16T09:00:00+00:00\",\"dateModified\":\"2025-09-09T19:33:08+00:00\",\"mainEntityOfPage\":{\"@id\":\"https:\/\/www.gvs.com.br\/safety\/2025\/04\/16\/respirador-t200tm-da-gvs\/\"},\"wordCount\":1307,\"commentCount\":0,\"publisher\":{\"@id\":\"https:\/\/www.gvs.com.br\/safety\/#organization\"},\"image\":{\"@id\":\"https:\/\/www.gvs.com.br\/safety\/2025\/04\/16\/respirador-t200tm-da-gvs\/#primaryimage\"},\"thumbnailUrl\":\"https:\/\/www.gvs.com.br\/safety\/wp-content\/uploads\/2025\/04\/BANNER-BLOG-T200.jpg\",\"keywords\":[\"GVS\",\"Pintura\",\"Produtos GVS\",\"Qu\u00edmica\",\"Safety\",\"t200\"],\"articleSection\":[\"Ajuste Solto\",\"Safety\"],\"inLanguage\":\"pt-BR\",\"potentialAction\":[{\"@type\":\"CommentAction\",\"name\":\"Comment\",\"target\":[\"https:\/\/www.gvs.com.br\/safety\/2025\/04\/16\/respirador-t200tm-da-gvs\/#respond\"]}]},{\"@type\":\"WebPage\",\"@id\":\"https:\/\/www.gvs.com.br\/safety\/2025\/04\/16\/respirador-t200tm-da-gvs\/\",\"url\":\"https:\/\/www.gvs.com.br\/safety\/2025\/04\/16\/respirador-t200tm-da-gvs\/\",\"name\":\"Respirador T200TM da GVS\",\"isPartOf\":{\"@id\":\"https:\/\/www.gvs.com.br\/safety\/#website\"},\"primaryImageOfPage\":{\"@id\":\"https:\/\/www.gvs.com.br\/safety\/2025\/04\/16\/respirador-t200tm-da-gvs\/#primaryimage\"},\"image\":{\"@id\":\"https:\/\/www.gvs.com.br\/safety\/2025\/04\/16\/respirador-t200tm-da-gvs\/#primaryimage\"},\"thumbnailUrl\":\"https:\/\/www.gvs.com.br\/safety\/wp-content\/uploads\/2025\/04\/BANNER-BLOG-T200.jpg\",\"datePublished\":\"2025-04-16T09:00:00+00:00\",\"dateModified\":\"2025-09-09T19:33:08+00:00\",\"description\":\"O T200TM \u00e9 um respirador de uso multifuncional projetado para proteger o trabalhador contra part\u00edculas, vapores e agentes qu\u00edmicos presentes no ar.\",\"breadcrumb\":{\"@id\":\"https:\/\/www.gvs.com.br\/safety\/2025\/04\/16\/respirador-t200tm-da-gvs\/#breadcrumb\"},\"inLanguage\":\"pt-BR\",\"potentialAction\":[{\"@type\":\"ReadAction\",\"target\":[\"https:\/\/www.gvs.com.br\/safety\/2025\/04\/16\/respirador-t200tm-da-gvs\/\"]}]},{\"@type\":\"ImageObject\",\"inLanguage\":\"pt-BR\",\"@id\":\"https:\/\/www.gvs.com.br\/safety\/2025\/04\/16\/respirador-t200tm-da-gvs\/#primaryimage\",\"url\":\"https:\/\/www.gvs.com.br\/safety\/wp-content\/uploads\/2025\/04\/BANNER-BLOG-T200.jpg\",\"contentUrl\":\"https:\/\/www.gvs.com.br\/safety\/wp-content\/uploads\/2025\/04\/BANNER-BLOG-T200.jpg\",\"width\":1920,\"height\":1080},{\"@type\":\"BreadcrumbList\",\"@id\":\"https:\/\/www.gvs.com.br\/safety\/2025\/04\/16\/respirador-t200tm-da-gvs\/#breadcrumb\",\"itemListElement\":[{\"@type\":\"ListItem\",\"position\":1,\"name\":\"In\u00edcio\",\"item\":\"https:\/\/www.gvs.com.br\/safety\/\"},{\"@type\":\"ListItem\",\"position\":2,\"name\":\"Respirador T200TM da GVS: O Respirador Multifuncional para M\u00e1xima Prote\u00e7\u00e3o e Conforto no Ambiente Industrial\"}]},{\"@type\":\"WebSite\",\"@id\":\"https:\/\/www.gvs.com.br\/safety\/#website\",\"url\":\"https:\/\/www.gvs.com.br\/safety\/\",\"name\":\"Safety\",\"description\":\"\",\"publisher\":{\"@id\":\"https:\/\/www.gvs.com.br\/safety\/#organization\"},\"potentialAction\":[{\"@type\":\"SearchAction\",\"target\":{\"@type\":\"EntryPoint\",\"urlTemplate\":\"https:\/\/www.gvs.com.br\/safety\/?s={search_term_string}\"},\"query-input\":{\"@type\":\"PropertyValueSpecification\",\"valueRequired\":true,\"valueName\":\"search_term_string\"}}],\"inLanguage\":\"pt-BR\"},{\"@type\":\"Organization\",\"@id\":\"https:\/\/www.gvs.com.br\/safety\/#organization\",\"name\":\"Safety\",\"url\":\"https:\/\/www.gvs.com.br\/safety\/\",\"logo\":{\"@type\":\"ImageObject\",\"inLanguage\":\"pt-BR\",\"@id\":\"https:\/\/www.gvs.com.br\/safety\/#\/schema\/logo\/image\/\",\"url\":\"https:\/\/www.gvs.com.br\/safety\/wp-content\/uploads\/2024\/12\/Logo-GVS-Safety.png\",\"contentUrl\":\"https:\/\/www.gvs.com.br\/safety\/wp-content\/uploads\/2024\/12\/Logo-GVS-Safety.png\",\"width\":1920,\"height\":1080,\"caption\":\"Safety\"},\"image\":{\"@id\":\"https:\/\/www.gvs.com.br\/safety\/#\/schema\/logo\/image\/\"}},{\"@type\":\"Person\",\"@id\":\"https:\/\/www.gvs.com.br\/safety\/#\/schema\/person\/08f0e38941dafa538ee5706ec48fe5a1\",\"name\":\"admin-gvs\",\"image\":{\"@type\":\"ImageObject\",\"inLanguage\":\"pt-BR\",\"@id\":\"https:\/\/secure.gravatar.com\/avatar\/753807cf2c24e7c5051446eb4fc6c55657714e911f26a29329d9dc501ae35121?s=96&d=mm&r=g\",\"url\":\"https:\/\/secure.gravatar.com\/avatar\/753807cf2c24e7c5051446eb4fc6c55657714e911f26a29329d9dc501ae35121?s=96&d=mm&r=g\",\"contentUrl\":\"https:\/\/secure.gravatar.com\/avatar\/753807cf2c24e7c5051446eb4fc6c55657714e911f26a29329d9dc501ae35121?s=96&d=mm&r=g\",\"caption\":\"admin-gvs\"},\"url\":\"https:\/\/www.gvs.com.br\/safety\/author\/admin-gvs\/\"}]}<\/script>\n<!-- \/ Yoast SEO plugin. -->","yoast_head_json":{"title":"Respirador T200TM da GVS","description":"O T200TM \u00e9 um respirador de uso multifuncional projetado para proteger o trabalhador contra part\u00edculas, vapores e agentes qu\u00edmicos presentes no ar.","robots":{"index":"index","follow":"follow","max-snippet":"max-snippet:-1","max-image-preview":"max-image-preview:large","max-video-preview":"max-video-preview:-1"},"canonical":"https:\/\/www.gvs.com.br\/safety\/2025\/04\/16\/respirador-t200tm-da-gvs\/","og_locale":"pt_BR","og_type":"article","og_title":"Respirador T200TM da GVS","og_description":"O T200TM \u00e9 um respirador de uso multifuncional projetado para proteger o trabalhador contra part\u00edculas, vapores e agentes qu\u00edmicos presentes no ar.","og_url":"https:\/\/www.gvs.com.br\/safety\/2025\/04\/16\/respirador-t200tm-da-gvs\/","og_site_name":"Safety","article_published_time":"2025-04-16T09:00:00+00:00","article_modified_time":"2025-09-09T19:33:08+00:00","og_image":[{"width":1920,"height":1080,"url":"https:\/\/www.gvs.com.br\/safety\/wp-content\/uploads\/2025\/04\/BANNER-BLOG-T200.jpg","type":"image\/jpeg"}],"author":"admin-gvs","twitter_card":"summary_large_image","twitter_misc":{"Escrito por":"admin-gvs","Est. tempo de leitura":"8 minutos"},"schema":{"@context":"https:\/\/schema.org","@graph":[{"@type":"Article","@id":"https:\/\/www.gvs.com.br\/safety\/2025\/04\/16\/respirador-t200tm-da-gvs\/#article","isPartOf":{"@id":"https:\/\/www.gvs.com.br\/safety\/2025\/04\/16\/respirador-t200tm-da-gvs\/"},"author":{"name":"admin-gvs","@id":"https:\/\/www.gvs.com.br\/safety\/#\/schema\/person\/08f0e38941dafa538ee5706ec48fe5a1"},"headline":"Respirador T200TM da GVS: O Respirador Multifuncional para M\u00e1xima Prote\u00e7\u00e3o e Conforto no Ambiente Industrial","datePublished":"2025-04-16T09:00:00+00:00","dateModified":"2025-09-09T19:33:08+00:00","mainEntityOfPage":{"@id":"https:\/\/www.gvs.com.br\/safety\/2025\/04\/16\/respirador-t200tm-da-gvs\/"},"wordCount":1307,"commentCount":0,"publisher":{"@id":"https:\/\/www.gvs.com.br\/safety\/#organization"},"image":{"@id":"https:\/\/www.gvs.com.br\/safety\/2025\/04\/16\/respirador-t200tm-da-gvs\/#primaryimage"},"thumbnailUrl":"https:\/\/www.gvs.com.br\/safety\/wp-content\/uploads\/2025\/04\/BANNER-BLOG-T200.jpg","keywords":["GVS","Pintura","Produtos GVS","Qu\u00edmica","Safety","t200"],"articleSection":["Ajuste Solto","Safety"],"inLanguage":"pt-BR","potentialAction":[{"@type":"CommentAction","name":"Comment","target":["https:\/\/www.gvs.com.br\/safety\/2025\/04\/16\/respirador-t200tm-da-gvs\/#respond"]}]},{"@type":"WebPage","@id":"https:\/\/www.gvs.com.br\/safety\/2025\/04\/16\/respirador-t200tm-da-gvs\/","url":"https:\/\/www.gvs.com.br\/safety\/2025\/04\/16\/respirador-t200tm-da-gvs\/","name":"Respirador T200TM da GVS","isPartOf":{"@id":"https:\/\/www.gvs.com.br\/safety\/#website"},"primaryImageOfPage":{"@id":"https:\/\/www.gvs.com.br\/safety\/2025\/04\/16\/respirador-t200tm-da-gvs\/#primaryimage"},"image":{"@id":"https:\/\/www.gvs.com.br\/safety\/2025\/04\/16\/respirador-t200tm-da-gvs\/#primaryimage"},"thumbnailUrl":"https:\/\/www.gvs.com.br\/safety\/wp-content\/uploads\/2025\/04\/BANNER-BLOG-T200.jpg","datePublished":"2025-04-16T09:00:00+00:00","dateModified":"2025-09-09T19:33:08+00:00","description":"O T200TM \u00e9 um respirador de uso multifuncional projetado para proteger o trabalhador contra part\u00edculas, vapores e agentes qu\u00edmicos presentes no ar.","breadcrumb":{"@id":"https:\/\/www.gvs.com.br\/safety\/2025\/04\/16\/respirador-t200tm-da-gvs\/#breadcrumb"},"inLanguage":"pt-BR","potentialAction":[{"@type":"ReadAction","target":["https:\/\/www.gvs.com.br\/safety\/2025\/04\/16\/respirador-t200tm-da-gvs\/"]}]},{"@type":"ImageObject","inLanguage":"pt-BR","@id":"https:\/\/www.gvs.com.br\/safety\/2025\/04\/16\/respirador-t200tm-da-gvs\/#primaryimage","url":"https:\/\/www.gvs.com.br\/safety\/wp-content\/uploads\/2025\/04\/BANNER-BLOG-T200.jpg","contentUrl":"https:\/\/www.gvs.com.br\/safety\/wp-content\/uploads\/2025\/04\/BANNER-BLOG-T200.jpg","width":1920,"height":1080},{"@type":"BreadcrumbList","@id":"https:\/\/www.gvs.com.br\/safety\/2025\/04\/16\/respirador-t200tm-da-gvs\/#breadcrumb","itemListElement":[{"@type":"ListItem","position":1,"name":"In\u00edcio","item":"https:\/\/www.gvs.com.br\/safety\/"},{"@type":"ListItem","position":2,"name":"Respirador T200TM da GVS: O Respirador Multifuncional para M\u00e1xima Prote\u00e7\u00e3o e Conforto no Ambiente Industrial"}]},{"@type":"WebSite","@id":"https:\/\/www.gvs.com.br\/safety\/#website","url":"https:\/\/www.gvs.com.br\/safety\/","name":"Safety","description":"","publisher":{"@id":"https:\/\/www.gvs.com.br\/safety\/#organization"},"potentialAction":[{"@type":"SearchAction","target":{"@type":"EntryPoint","urlTemplate":"https:\/\/www.gvs.com.br\/safety\/?s={search_term_string}"},"query-input":{"@type":"PropertyValueSpecification","valueRequired":true,"valueName":"search_term_string"}}],"inLanguage":"pt-BR"},{"@type":"Organization","@id":"https:\/\/www.gvs.com.br\/safety\/#organization","name":"Safety","url":"https:\/\/www.gvs.com.br\/safety\/","logo":{"@type":"ImageObject","inLanguage":"pt-BR","@id":"https:\/\/www.gvs.com.br\/safety\/#\/schema\/logo\/image\/","url":"https:\/\/www.gvs.com.br\/safety\/wp-content\/uploads\/2024\/12\/Logo-GVS-Safety.png","contentUrl":"https:\/\/www.gvs.com.br\/safety\/wp-content\/uploads\/2024\/12\/Logo-GVS-Safety.png","width":1920,"height":1080,"caption":"Safety"},"image":{"@id":"https:\/\/www.gvs.com.br\/safety\/#\/schema\/logo\/image\/"}},{"@type":"Person","@id":"https:\/\/www.gvs.com.br\/safety\/#\/schema\/person\/08f0e38941dafa538ee5706ec48fe5a1","name":"admin-gvs","image":{"@type":"ImageObject","inLanguage":"pt-BR","@id":"https:\/\/secure.gravatar.com\/avatar\/753807cf2c24e7c5051446eb4fc6c55657714e911f26a29329d9dc501ae35121?s=96&d=mm&r=g","url":"https:\/\/secure.gravatar.com\/avatar\/753807cf2c24e7c5051446eb4fc6c55657714e911f26a29329d9dc501ae35121?s=96&d=mm&r=g","contentUrl":"https:\/\/secure.gravatar.com\/avatar\/753807cf2c24e7c5051446eb4fc6c55657714e911f26a29329d9dc501ae35121?s=96&d=mm&r=g","caption":"admin-gvs"},"url":"https:\/\/www.gvs.com.br\/safety\/author\/admin-gvs\/"}]}},"uagb_featured_image_src":{"full":["https:\/\/www.gvs.com.br\/safety\/wp-content\/uploads\/2025\/04\/BANNER-BLOG-T200.jpg",1920,1080,false],"thumbnail":["https:\/\/www.gvs.com.br\/safety\/wp-content\/uploads\/2025\/04\/BANNER-BLOG-T200-150x150.jpg",150,150,true],"medium":["https:\/\/www.gvs.com.br\/safety\/wp-content\/uploads\/2025\/04\/BANNER-BLOG-T200-300x169.jpg",300,169,true],"medium_large":["https:\/\/www.gvs.com.br\/safety\/wp-content\/uploads\/2025\/04\/BANNER-BLOG-T200-768x432.jpg",768,432,true],"large":["https:\/\/www.gvs.com.br\/safety\/wp-content\/uploads\/2025\/04\/BANNER-BLOG-T200-1024x576.jpg",1024,576,true],"1536x1536":["https:\/\/www.gvs.com.br\/safety\/wp-content\/uploads\/2025\/04\/BANNER-BLOG-T200-1536x864.jpg",1536,864,true],"2048x2048":["https:\/\/www.gvs.com.br\/safety\/wp-content\/uploads\/2025\/04\/BANNER-BLOG-T200.jpg",1920,1080,false]},"uagb_author_info":{"display_name":"admin-gvs","author_link":"https:\/\/www.gvs.com.br\/safety\/author\/admin-gvs\/"},"uagb_comment_info":0,"uagb_excerpt":"Respirador T200TM da GVS: O Respirador Multifuncional para M\u00e1xima Prote\u00e7\u00e3o e Conforto no Ambiente Industrial Quando se trata de seguran\u00e7a [&hellip;]","_links":{"self":[{"href":"https:\/\/www.gvs.com.br\/safety\/wp-json\/wp\/v2\/posts\/1639","targetHints":{"allow":["GET"]}}],"collection":[{"href":"https:\/\/www.gvs.com.br\/safety\/wp-json\/wp\/v2\/posts"}],"about":[{"href":"https:\/\/www.gvs.com.br\/safety\/wp-json\/wp\/v2\/types\/post"}],"author":[{"embeddable":true,"href":"https:\/\/www.gvs.com.br\/safety\/wp-json\/wp\/v2\/users\/2"}],"replies":[{"embeddable":true,"href":"https:\/\/www.gvs.com.br\/safety\/wp-json\/wp\/v2\/comments?post=1639"}],"version-history":[{"count":4,"href":"https:\/\/www.gvs.com.br\/safety\/wp-json\/wp\/v2\/posts\/1639\/revisions"}],"predecessor-version":[{"id":2849,"href":"https:\/\/www.gvs.com.br\/safety\/wp-json\/wp\/v2\/posts\/1639\/revisions\/2849"}],"wp:featuredmedia":[{"embeddable":true,"href":"https:\/\/www.gvs.com.br\/safety\/wp-json\/wp\/v2\/media\/1640"}],"wp:attachment":[{"href":"https:\/\/www.gvs.com.br\/safety\/wp-json\/wp\/v2\/media?parent=1639"}],"wp:term":[{"taxonomy":"category","embeddable":true,"href":"https:\/\/www.gvs.com.br\/safety\/wp-json\/wp\/v2\/categories?post=1639"},{"taxonomy":"post_tag","embeddable":true,"href":"https:\/\/www.gvs.com.br\/safety\/wp-json\/wp\/v2\/tags?post=1639"}],"curies":[{"name":"wp","href":"https:\/\/api.w.org\/{rel}","templated":true}]}}