{"id":1627,"date":"2025-03-19T09:00:00","date_gmt":"2025-03-19T09:00:00","guid":{"rendered":"https:\/\/prihdesigner.com.br\/Health-Safety\/?p=1627"},"modified":"2025-09-09T19:31:17","modified_gmt":"2025-09-09T19:31:17","slug":"por-que-escolher-o-filtro-de-linha-aerea-gvs-radex","status":"publish","type":"post","link":"https:\/\/www.gvs.com.br\/safety\/2025\/03\/19\/por-que-escolher-o-filtro-de-linha-aerea-gvs-radex\/","title":{"rendered":"Filtro de Linha A\u00e9rea GVS Radex\u00ae: Ar Respir\u00e1vel e Seguran\u00e7a para Ambientes Industriais"},"content":{"rendered":"\n<div class=\"wp-block-uagb-container uagb-block-d1b42846 alignfull uagb-is-root-container\"><div class=\"uagb-container-inner-blocks-wrap\">\n<div class=\"wp-block-uagb-advanced-heading uagb-block-41f95165\"><h2 class=\"uagb-heading-text\">Filtro de Linha A\u00e9rea GVS Radex\u00ae: Ar Respir\u00e1vel <br>e Seguran\u00e7a para Ambientes Industriais<\/h2><\/div>\n<\/div><\/div>\n\n\n\n<p><\/p>\n\n\n\n<p class=\"has-text-align-justify has-text-align-justify\">A qualidade do ar respir\u00e1vel \u00e9 essencial para profissionais que trabalham em ambientes industriais severos, como jateamento abrasivo, soldagem e pintura com isocianato. O Filtro de Linha A\u00e9rea GVS Radex\u00ae foi desenvolvido para filtrar impurezas do ar comprimido, removendo umidade, odores e part\u00edculas de at\u00e9 0,5 microns, garantindo um suprimento de ar limpo e seguro.<\/p>\n\n\n\n<p class=\"has-text-align-justify has-text-align-justify\">Seja fixado na parede ou utilizado no ch\u00e3o com suporte de base, o Radex\u00ae se adapta perfeitamente \u00e0s necessidades da sua opera\u00e7\u00e3o, proporcionando maior seguran\u00e7a e efici\u00eancia no uso de respiradores com suprimento de ar.<\/p>\n\n\n\n<h2 class=\"wp-block-heading\"><strong><strong>Para que serve o Filtro de Linha A\u00e9rea GVS Radex\u00ae?<\/strong><\/strong><\/h2>\n\n\n\n<p>O Radex\u00ae remove impurezas do ar comprimido, garantindo que o ar fornecido aos respiradores esteja limpo e seguro para inala\u00e7\u00e3o. Ele atua eliminando:<\/p>\n\n\n\n<ul class=\"wp-block-list\">\n<li>Odores e sabores indesejados, melhorando o conforto respirat\u00f3rio.<\/li>\n\n\n\n<li>Part\u00edculas finas de at\u00e9 0,5 microns, prevenindo inala\u00e7\u00e3o de contaminantes.<\/li>\n\n\n\n<li>Umidade excessiva, que pode comprometer a efici\u00eancia dos respiradores.<\/li>\n<\/ul>\n\n\n\n<div class=\"wp-block-uagb-advanced-heading uagb-block-367706d2\"><h2 class=\"uagb-heading-text\"><strong>Por que escolher o Filtro de Linha A\u00e9rea GVS Radex\u00ae?<\/strong><\/h2><\/div>\n\n\n\n<ul class=\"wp-block-list\">\n<li><strong>Filtra\u00e7\u00e3o superior em 6 est\u00e1gios:<\/strong> Remove part\u00edculas, umidade e odores, assegurando um ar mais puro.<\/li>\n\n\n\n<li><strong>Conectores de desconex\u00e3o r\u00e1pida<\/strong>: Compat\u00edvel com marcas como Aro, Cejn, Dixion e Rectus.<\/li>\n\n\n\n<li><strong>Op\u00e7\u00e3o para at\u00e9 6 sa\u00eddas:<\/strong> Permite o fornecimento de ar filtrado para at\u00e9 seis linhas simultaneamente.<\/li>\n\n\n\n<li><strong>Regulador de press\u00e3o:<\/strong> Ajuste preciso para diferentes necessidades de opera\u00e7\u00e3o.<\/li>\n\n\n\n<li><strong>Constru\u00e7\u00e3o robusta e dur\u00e1vel:<\/strong> Projetado para suportar ambientes industriais extremos.<\/li>\n\n\n\n<li><strong>Manuten\u00e7\u00e3o pr\u00e1tica e eficiente:<\/strong> Cartuchos com adesivo de data de substitui\u00e7\u00e3o para melhor planejamento.<\/li>\n<\/ul>\n\n\n\n<div class=\"wp-block-uagb-container uagb-block-d7cb74a5 alignfull uagb-is-root-container\"><div class=\"uagb-container-inner-blocks-wrap\">\n<div class=\"wp-block-uagb-container uagb-block-382bda48\">\n<div class=\"wp-block-uagb-advanced-heading uagb-block-251d0c58\"><h2 class=\"uagb-heading-text\"><strong>Principais aplica\u00e7\u00f5es industriais<\/strong><\/h2><\/div>\n\n\n\n<ul class=\"wp-block-list\">\n<li>&nbsp;<strong>Jateamento abrasivo: <\/strong>Prote\u00e7\u00e3o contra impurezas no ar comprimido.<\/li>\n\n\n\n<li><strong>Pintura com isocianato<\/strong> \u2013 Filtragem de part\u00edculas e redu\u00e7\u00e3o de odores.<\/li>\n\n\n\n<li><strong>Soldagem em espa\u00e7os confinados<\/strong> \u2013 Maior controle da qualidade do ar respir\u00e1vel.<\/li>\n\n\n\n<li><strong>Ambientes de alto calor<\/strong> \u2013 Suporte para respira\u00e7\u00e3o segura em condi\u00e7\u00f5es extremas.<\/li>\n\n\n\n<li><strong>Fabrica\u00e7\u00e3o industrial<\/strong> \u2013 Uso vers\u00e1til em diversas \u00e1reas produtivas.<\/li>\n<\/ul>\n<\/div>\n\n\n\n<div class=\"wp-block-uagb-container uagb-block-2333c0e6\">\n<div class=\"wp-block-uagb-image uagb-block-0945a75f wp-block-uagb-image--layout-default wp-block-uagb-image--effect-static wp-block-uagb-image--align-none\"><figure class=\"wp-block-uagb-image__figure\"><img decoding=\"async\"  sizes=\"auto, (max-width: 480px) 150px\" src=\"https:\/\/www.gvs.com.br\/safety\/wp-content\/uploads\/2025\/02\/radex.jpg\" alt=\"\" width=\"400\" height=\"390\" title=\"radex\" loading=\"lazy\" role=\"img\"\/><\/figure><\/div>\n<\/div>\n<\/div><\/div>\n\n\n\n<div class=\"wp-block-uagb-advanced-heading uagb-block-004599f7\"><h2 class=\"uagb-heading-text\"><strong>IMPORTANTE!<\/strong><\/h2><\/div>\n\n\n\n<p>O <strong>Radex\u00ae<\/strong> <strong>N\u00c3O remove gases t\u00f3xicos<\/strong> como o mon\u00f3xido de carbono. Para um ambiente ainda mais seguro, recomenda-se o uso de um secador de ar espec\u00edfico entre o compressor de ar respir\u00e1vel e o filtro, al\u00e9m de um monitor de gases, como o RPB GX4, para detec\u00e7\u00e3o cont\u00ednua de CO.<\/p>\n\n\n\n<div class=\"wp-block-uagb-advanced-heading uagb-block-9db209f6\"><h2 class=\"uagb-heading-text\"><strong>Por que investir no Filtro de Linha A\u00e9rea GVS Radex\u00ae?<\/strong><\/h2><\/div>\n\n\n\n<p>Trabalhar em ambientes industriais sem um sistema de filtra\u00e7\u00e3o adequado pode expor os profissionais a riscos respirat\u00f3rios s\u00e9rios, comprometendo a sa\u00fade e o desempenho. O Radex\u00ae garante um ambiente de trabalho mais seguro, contribuindo para a produtividade e bem-estar dos trabalhadores.<\/p>\n\n\n\n<div class=\"wp-block-uagb-advanced-heading uagb-block-f6a6a669\"><h2 class=\"uagb-heading-text\"><strong>Proteja sua equipe e garanta ar puro em cada respira\u00e7\u00e3o!<\/strong><\/h2><\/div>\n\n\n\n<div class=\"wp-block-uagb-container uagb-block-3dd9027f alignfull uagb-is-root-container\"><div class=\"uagb-container-inner-blocks-wrap\">\n<div class=\"wp-block-uagb-image uagb-block-20b2105a wp-block-uagb-image--layout-default wp-block-uagb-image--effect-static wp-block-uagb-image--align-none\"><figure class=\"wp-block-uagb-image__figure\"><img decoding=\"async\" srcset=\"https:\/\/www.gvs.com.br\/safety\/wp-content\/uploads\/2025\/03\/BLOCO3-1024x475.jpg ,https:\/\/gvs.com.br\/safety\/wp-content\/uploads\/2025\/03\/BLOCO3.jpg 780w, https:\/\/gvs.com.br\/safety\/wp-content\/uploads\/2025\/03\/BLOCO3.jpg 360w\" sizes=\"auto, (max-width: 480px) 150px\" src=\"https:\/\/www.gvs.com.br\/safety\/wp-content\/uploads\/2025\/03\/BLOCO3-1024x475.jpg\" alt=\"\" class=\"uag-image-1628\" width=\"1024\" height=\"475\" title=\"BLOCO3\" loading=\"lazy\" role=\"img\"\/><\/figure><\/div>\n<\/div><\/div>\n\n\n\n<p><\/p>\n\n\n\n<h3 class=\"wp-block-heading has-text-align-center\">Acreditamos em proteger voc\u00ea para os melhores momentos da vida!<\/h3>\n\n\n\n<p class=\"has-text-align-justify has-text-align-justify\">Criamos solu\u00e7\u00f5es de prote\u00e7\u00e3o respirat\u00f3ria que tornam voc\u00ea e sua equipe mais seguros, para que todos possam voltar para casa no final de cada dia, seguros, saud\u00e1veis e capazes de fazer aquilo que mais importa.<\/p>\n\n\n\n<div class=\"wp-block-uagb-call-to-action uagb-block-e55fe878 wp-block-button\"><div class=\"uagb-cta__wrap\"><h3 class=\"uagb-cta__title\">Confira mais detalhes!<\/h3><p class=\"uagb-cta__desc\">Confira as especifica\u00e7\u00f5es t\u00e9cnicas e certifica\u00e7\u00f5es do <strong>Radex\u00ae<\/strong> da GVS<strong>.<\/strong><\/p><\/div><div class=\"uagb-cta__buttons\"><a href=\"https:\/\/www.gvs.com.br\/safety\/produtos-ar-comprimido-filtracao-e-monitoramento-filtro-de-linha-aerea-gvs-radex\/\" class=\"uagb-cta__button-link-wrapper wp-block-button__link\" target=\"_blank\" rel=\"noopener noreferrer\">Saiba Mais!<\/a><\/div><\/div>\n\n\n\n<div class=\"wp-block-uagb-separator uagb-block-282c7a54\"><div class=\"uagb-separator-spacing-wrapper\"><div class=\"wp-block-uagb-separator__inner\" style=\"--my-background-image:\"><\/div><\/div><\/div>\n\n\n\n<div class=\"wp-block-uagb-call-to-action uagb-block-9250292e wp-block-button\"><div class=\"uagb-cta__wrap\"><h3 class=\"uagb-cta__title\">Fale com a gente!<\/h3><p class=\"uagb-cta__desc\">Entre em contato com o nosso time hoje mesmo, esclare\u00e7a as suas d\u00favidas e&nbsp;<strong>solicite a sua cota\u00e7\u00e3o!<\/strong><\/p><\/div><div class=\"uagb-cta__buttons\"><a href=\"https:\/\/wa.me\/551938797222\" class=\"uagb-cta__button-link-wrapper wp-block-button__link\" target=\"_blank\" rel=\"noopener noreferrer\"><svg xmlns=\"https:\/\/www.w3.org\/2000\/svg\" viewBox=\"0 0 448 512\"><path d=\"M380.9 97.1C339 55.1 283.2 32 223.9 32c-122.4 0-222 99.6-222 222 0 39.1 10.2 77.3 29.6 111L0 480l117.7-30.9c32.4 17.7 68.9 27 106.1 27h.1c122.3 0 224.1-99.6 224.1-222 0-59.3-25.2-115-67.1-157zm-157 341.6c-33.2 0-65.7-8.9-94-25.7l-6.7-4-69.8 18.3L72 359.2l-4.4-7c-18.5-29.4-28.2-63.3-28.2-98.2 0-101.7 82.8-184.5 184.6-184.5 49.3 0 95.6 19.2 130.4 54.1 34.8 34.9 56.2 81.2 56.1 130.5 0 101.8-84.9 184.6-186.6 184.6zm101.2-138.2c-5.5-2.8-32.8-16.2-37.9-18-5.1-1.9-8.8-2.8-12.5 2.8-3.7 5.6-14.3 18-17.6 21.8-3.2 3.7-6.5 4.2-12 1.4-32.6-16.3-54-29.1-75.5-66-5.7-9.8 5.7-9.1 16.3-30.3 1.8-3.7 .9-6.9-.5-9.7-1.4-2.8-12.5-30.1-17.1-41.2-4.5-10.8-9.1-9.3-12.5-9.5-3.2-.2-6.9-.2-10.6-.2-3.7 0-9.7 1.4-14.8 6.9-5.1 5.6-19.4 19-19.4 46.3 0 27.3 19.9 53.7 22.6 57.4 2.8 3.7 39.1 59.7 94.8 83.8 35.2 15.2 49 16.5 66.6 13.9 10.7-1.6 32.8-13.4 37.4-26.4 4.6-13 4.6-24.1 3.2-26.4-1.3-2.5-5-3.9-10.5-6.6z\"><\/path><\/svg>WhatsApp<\/a><\/div><\/div>\n\n\n\n<div class=\"wp-block-uagb-separator uagb-block-dd3ac1cb\"><div class=\"uagb-separator-spacing-wrapper\"><div class=\"wp-block-uagb-separator__inner\" style=\"--my-background-image:\"><\/div><\/div><\/div>\n\n\n\n<div class=\"wp-block-uagb-call-to-action uagb-block-f496457e wp-block-button\"><div class=\"uagb-cta__wrap\"><h3 class=\"uagb-cta__title\">Fique por dentro das novidades!<\/h3><p class=\"uagb-cta__desc\">Acompanhe nossa jornada de inova\u00e7\u00e3o e saiba mais sobre nossos produtos, acesse <strong>Safety da GVS.<\/strong><\/p><\/div><div class=\"uagb-cta__buttons\"><a href=\"https:\/\/www.gvs.com.br\/safety\" class=\"uagb-cta__button-link-wrapper wp-block-button__link\" target=\"_blank\" rel=\"noopener noreferrer\">Acesse o site<\/a><\/div><\/div>\n\n\n\n<p><\/p>\n","protected":false},"excerpt":{"rendered":"<p>Filtro de Linha A\u00e9rea GVS Radex\u00ae: Ar Respir\u00e1vel e Seguran\u00e7a para Ambientes Industriais A qualidade do ar respir\u00e1vel \u00e9 essencial [&hellip;]<\/p>\n","protected":false},"author":2,"featured_media":1628,"comment_status":"open","ping_status":"open","sticky":false,"template":"","format":"standard","meta":{"_uag_custom_page_level_css":"","site-sidebar-layout":"default","site-content-layout":"","ast-site-content-layout":"","site-content-style":"default","site-sidebar-style":"default","ast-global-header-display":"","ast-banner-title-visibility":"","ast-main-header-display":"","ast-hfb-above-header-display":"","ast-hfb-below-header-display":"","ast-hfb-mobile-header-display":"","site-post-title":"disabled","ast-breadcrumbs-content":"","ast-featured-img":"","footer-sml-layout":"","ast-disable-related-posts":"","theme-transparent-header-meta":"","adv-header-id-meta":"","stick-header-meta":"","header-above-stick-meta":"","header-main-stick-meta":"","header-below-stick-meta":"","astra-migrate-meta-layouts":"default","ast-page-background-enabled":"default","ast-page-background-meta":{"desktop":{"background-color":"var(--ast-global-color-4)","background-image":"","background-repeat":"repeat","background-position":"center center","background-size":"auto","background-attachment":"scroll","background-type":"","background-media":"","overlay-type":"","overlay-color":"","overlay-opacity":"","overlay-gradient":""},"tablet":{"background-color":"","background-image":"","background-repeat":"repeat","background-position":"center center","background-size":"auto","background-attachment":"scroll","background-type":"","background-media":"","overlay-type":"","overlay-color":"","overlay-opacity":"","overlay-gradient":""},"mobile":{"background-color":"","background-image":"","background-repeat":"repeat","background-position":"center center","background-size":"auto","background-attachment":"scroll","background-type":"","background-media":"","overlay-type":"","overlay-color":"","overlay-opacity":"","overlay-gradient":""}},"ast-content-background-meta":{"desktop":{"background-color":"var(--ast-global-color-5)","background-image":"","background-repeat":"repeat","background-position":"center center","background-size":"auto","background-attachment":"scroll","background-type":"","background-media":"","overlay-type":"","overlay-color":"","overlay-opacity":"","overlay-gradient":""},"tablet":{"background-color":"var(--ast-global-color-5)","background-image":"","background-repeat":"repeat","background-position":"center center","background-size":"auto","background-attachment":"scroll","background-type":"","background-media":"","overlay-type":"","overlay-color":"","overlay-opacity":"","overlay-gradient":""},"mobile":{"background-color":"var(--ast-global-color-5)","background-image":"","background-repeat":"repeat","background-position":"center center","background-size":"auto","background-attachment":"scroll","background-type":"","background-media":"","overlay-type":"","overlay-color":"","overlay-opacity":"","overlay-gradient":""}},"footnotes":""},"categories":[13,5],"tags":[31,18,7,19,17,16],"class_list":["post-1627","post","type-post","status-publish","format-standard","has-post-thumbnail","hentry","category-ar-comprimido-filtracao-e-monitoramento","category-safety","tag-ar-comprimido","tag-fabricacao","tag-gvs","tag-jateamento","tag-produtos-gvs","tag-safety"],"yoast_head":"<!-- This site is optimized with the Yoast SEO plugin v27.2 - https:\/\/yoast.com\/product\/yoast-seo-wordpress\/ -->\n<title>Por que escolher o Filtro de Linha A\u00e9rea GVS Radex\u00ae?<\/title>\n<meta name=\"description\" content=\"O Radex\u00ae remove impurezas do ar comprimido, garantindo que o ar fornecido aos respiradores esteja limpo e seguro para inala\u00e7\u00e3o.\" \/>\n<meta name=\"robots\" content=\"index, follow, max-snippet:-1, max-image-preview:large, max-video-preview:-1\" \/>\n<link rel=\"canonical\" href=\"https:\/\/www.gvs.com.br\/safety\/2025\/03\/19\/por-que-escolher-o-filtro-de-linha-aerea-gvs-radex\/\" \/>\n<meta property=\"og:locale\" content=\"pt_BR\" \/>\n<meta property=\"og:type\" content=\"article\" \/>\n<meta property=\"og:title\" content=\"Por que escolher o Filtro de Linha A\u00e9rea GVS Radex\u00ae?\" \/>\n<meta property=\"og:description\" content=\"O Radex\u00ae remove impurezas do ar comprimido, garantindo que o ar fornecido aos respiradores esteja limpo e seguro para inala\u00e7\u00e3o.\" \/>\n<meta property=\"og:url\" content=\"https:\/\/www.gvs.com.br\/safety\/2025\/03\/19\/por-que-escolher-o-filtro-de-linha-aerea-gvs-radex\/\" \/>\n<meta property=\"og:site_name\" content=\"Safety\" \/>\n<meta property=\"article:published_time\" content=\"2025-03-19T09:00:00+00:00\" \/>\n<meta property=\"article:modified_time\" content=\"2025-09-09T19:31:17+00:00\" \/>\n<meta property=\"og:image\" content=\"https:\/\/www.gvs.com.br\/safety\/wp-content\/uploads\/2025\/03\/BLOCO3.jpg\" \/>\n\t<meta property=\"og:image:width\" content=\"1280\" \/>\n\t<meta property=\"og:image:height\" content=\"594\" \/>\n\t<meta property=\"og:image:type\" content=\"image\/jpeg\" \/>\n<meta name=\"author\" content=\"admin-gvs\" \/>\n<meta name=\"twitter:card\" content=\"summary_large_image\" \/>\n<meta name=\"twitter:label1\" content=\"Escrito por\" \/>\n\t<meta name=\"twitter:data1\" content=\"admin-gvs\" \/>\n\t<meta name=\"twitter:label2\" content=\"Est. tempo de leitura\" \/>\n\t<meta name=\"twitter:data2\" content=\"4 minutos\" \/>\n<script type=\"application\/ld+json\" class=\"yoast-schema-graph\">{\"@context\":\"https:\/\/schema.org\",\"@graph\":[{\"@type\":\"Article\",\"@id\":\"https:\/\/www.gvs.com.br\/safety\/2025\/03\/19\/por-que-escolher-o-filtro-de-linha-aerea-gvs-radex\/#article\",\"isPartOf\":{\"@id\":\"https:\/\/www.gvs.com.br\/safety\/2025\/03\/19\/por-que-escolher-o-filtro-de-linha-aerea-gvs-radex\/\"},\"author\":{\"name\":\"admin-gvs\",\"@id\":\"https:\/\/www.gvs.com.br\/safety\/#\/schema\/person\/08f0e38941dafa538ee5706ec48fe5a1\"},\"headline\":\"Filtro de Linha A\u00e9rea GVS Radex\u00ae: Ar Respir\u00e1vel e Seguran\u00e7a para Ambientes Industriais\",\"datePublished\":\"2025-03-19T09:00:00+00:00\",\"dateModified\":\"2025-09-09T19:31:17+00:00\",\"mainEntityOfPage\":{\"@id\":\"https:\/\/www.gvs.com.br\/safety\/2025\/03\/19\/por-que-escolher-o-filtro-de-linha-aerea-gvs-radex\/\"},\"wordCount\":600,\"commentCount\":0,\"publisher\":{\"@id\":\"https:\/\/www.gvs.com.br\/safety\/#organization\"},\"image\":{\"@id\":\"https:\/\/www.gvs.com.br\/safety\/2025\/03\/19\/por-que-escolher-o-filtro-de-linha-aerea-gvs-radex\/#primaryimage\"},\"thumbnailUrl\":\"https:\/\/www.gvs.com.br\/safety\/wp-content\/uploads\/2025\/03\/BLOCO3.jpg\",\"keywords\":[\"Ar Comprimido\",\"Fabrica\u00e7\u00e3o\",\"GVS\",\"Jateamento\",\"Produtos GVS\",\"Safety\"],\"articleSection\":[\"Ar Comprimido, Filtra\u00e7\u00e3o e Monitoramento\",\"Safety\"],\"inLanguage\":\"pt-BR\",\"potentialAction\":[{\"@type\":\"CommentAction\",\"name\":\"Comment\",\"target\":[\"https:\/\/www.gvs.com.br\/safety\/2025\/03\/19\/por-que-escolher-o-filtro-de-linha-aerea-gvs-radex\/#respond\"]}]},{\"@type\":\"WebPage\",\"@id\":\"https:\/\/www.gvs.com.br\/safety\/2025\/03\/19\/por-que-escolher-o-filtro-de-linha-aerea-gvs-radex\/\",\"url\":\"https:\/\/www.gvs.com.br\/safety\/2025\/03\/19\/por-que-escolher-o-filtro-de-linha-aerea-gvs-radex\/\",\"name\":\"Por que escolher o Filtro de Linha A\u00e9rea GVS Radex\u00ae?\",\"isPartOf\":{\"@id\":\"https:\/\/www.gvs.com.br\/safety\/#website\"},\"primaryImageOfPage\":{\"@id\":\"https:\/\/www.gvs.com.br\/safety\/2025\/03\/19\/por-que-escolher-o-filtro-de-linha-aerea-gvs-radex\/#primaryimage\"},\"image\":{\"@id\":\"https:\/\/www.gvs.com.br\/safety\/2025\/03\/19\/por-que-escolher-o-filtro-de-linha-aerea-gvs-radex\/#primaryimage\"},\"thumbnailUrl\":\"https:\/\/www.gvs.com.br\/safety\/wp-content\/uploads\/2025\/03\/BLOCO3.jpg\",\"datePublished\":\"2025-03-19T09:00:00+00:00\",\"dateModified\":\"2025-09-09T19:31:17+00:00\",\"description\":\"O Radex\u00ae remove impurezas do ar comprimido, garantindo que o ar fornecido aos respiradores esteja limpo e seguro para inala\u00e7\u00e3o.\",\"breadcrumb\":{\"@id\":\"https:\/\/www.gvs.com.br\/safety\/2025\/03\/19\/por-que-escolher-o-filtro-de-linha-aerea-gvs-radex\/#breadcrumb\"},\"inLanguage\":\"pt-BR\",\"potentialAction\":[{\"@type\":\"ReadAction\",\"target\":[\"https:\/\/www.gvs.com.br\/safety\/2025\/03\/19\/por-que-escolher-o-filtro-de-linha-aerea-gvs-radex\/\"]}]},{\"@type\":\"ImageObject\",\"inLanguage\":\"pt-BR\",\"@id\":\"https:\/\/www.gvs.com.br\/safety\/2025\/03\/19\/por-que-escolher-o-filtro-de-linha-aerea-gvs-radex\/#primaryimage\",\"url\":\"https:\/\/www.gvs.com.br\/safety\/wp-content\/uploads\/2025\/03\/BLOCO3.jpg\",\"contentUrl\":\"https:\/\/www.gvs.com.br\/safety\/wp-content\/uploads\/2025\/03\/BLOCO3.jpg\",\"width\":1280,\"height\":594},{\"@type\":\"BreadcrumbList\",\"@id\":\"https:\/\/www.gvs.com.br\/safety\/2025\/03\/19\/por-que-escolher-o-filtro-de-linha-aerea-gvs-radex\/#breadcrumb\",\"itemListElement\":[{\"@type\":\"ListItem\",\"position\":1,\"name\":\"In\u00edcio\",\"item\":\"https:\/\/www.gvs.com.br\/safety\/\"},{\"@type\":\"ListItem\",\"position\":2,\"name\":\"Filtro de Linha A\u00e9rea GVS Radex\u00ae: Ar Respir\u00e1vel e Seguran\u00e7a para Ambientes Industriais\"}]},{\"@type\":\"WebSite\",\"@id\":\"https:\/\/www.gvs.com.br\/safety\/#website\",\"url\":\"https:\/\/www.gvs.com.br\/safety\/\",\"name\":\"Safety\",\"description\":\"\",\"publisher\":{\"@id\":\"https:\/\/www.gvs.com.br\/safety\/#organization\"},\"potentialAction\":[{\"@type\":\"SearchAction\",\"target\":{\"@type\":\"EntryPoint\",\"urlTemplate\":\"https:\/\/www.gvs.com.br\/safety\/?s={search_term_string}\"},\"query-input\":{\"@type\":\"PropertyValueSpecification\",\"valueRequired\":true,\"valueName\":\"search_term_string\"}}],\"inLanguage\":\"pt-BR\"},{\"@type\":\"Organization\",\"@id\":\"https:\/\/www.gvs.com.br\/safety\/#organization\",\"name\":\"Safety\",\"url\":\"https:\/\/www.gvs.com.br\/safety\/\",\"logo\":{\"@type\":\"ImageObject\",\"inLanguage\":\"pt-BR\",\"@id\":\"https:\/\/www.gvs.com.br\/safety\/#\/schema\/logo\/image\/\",\"url\":\"https:\/\/www.gvs.com.br\/safety\/wp-content\/uploads\/2024\/12\/Logo-GVS-Safety.png\",\"contentUrl\":\"https:\/\/www.gvs.com.br\/safety\/wp-content\/uploads\/2024\/12\/Logo-GVS-Safety.png\",\"width\":1920,\"height\":1080,\"caption\":\"Safety\"},\"image\":{\"@id\":\"https:\/\/www.gvs.com.br\/safety\/#\/schema\/logo\/image\/\"}},{\"@type\":\"Person\",\"@id\":\"https:\/\/www.gvs.com.br\/safety\/#\/schema\/person\/08f0e38941dafa538ee5706ec48fe5a1\",\"name\":\"admin-gvs\",\"image\":{\"@type\":\"ImageObject\",\"inLanguage\":\"pt-BR\",\"@id\":\"https:\/\/secure.gravatar.com\/avatar\/753807cf2c24e7c5051446eb4fc6c55657714e911f26a29329d9dc501ae35121?s=96&d=mm&r=g\",\"url\":\"https:\/\/secure.gravatar.com\/avatar\/753807cf2c24e7c5051446eb4fc6c55657714e911f26a29329d9dc501ae35121?s=96&d=mm&r=g\",\"contentUrl\":\"https:\/\/secure.gravatar.com\/avatar\/753807cf2c24e7c5051446eb4fc6c55657714e911f26a29329d9dc501ae35121?s=96&d=mm&r=g\",\"caption\":\"admin-gvs\"},\"url\":\"https:\/\/www.gvs.com.br\/safety\/author\/admin-gvs\/\"}]}<\/script>\n<!-- \/ Yoast SEO plugin. -->","yoast_head_json":{"title":"Por que escolher o Filtro de Linha A\u00e9rea GVS Radex\u00ae?","description":"O Radex\u00ae remove impurezas do ar comprimido, garantindo que o ar fornecido aos respiradores esteja limpo e seguro para inala\u00e7\u00e3o.","robots":{"index":"index","follow":"follow","max-snippet":"max-snippet:-1","max-image-preview":"max-image-preview:large","max-video-preview":"max-video-preview:-1"},"canonical":"https:\/\/www.gvs.com.br\/safety\/2025\/03\/19\/por-que-escolher-o-filtro-de-linha-aerea-gvs-radex\/","og_locale":"pt_BR","og_type":"article","og_title":"Por que escolher o Filtro de Linha A\u00e9rea GVS Radex\u00ae?","og_description":"O Radex\u00ae remove impurezas do ar comprimido, garantindo que o ar fornecido aos respiradores esteja limpo e seguro para inala\u00e7\u00e3o.","og_url":"https:\/\/www.gvs.com.br\/safety\/2025\/03\/19\/por-que-escolher-o-filtro-de-linha-aerea-gvs-radex\/","og_site_name":"Safety","article_published_time":"2025-03-19T09:00:00+00:00","article_modified_time":"2025-09-09T19:31:17+00:00","og_image":[{"width":1280,"height":594,"url":"https:\/\/www.gvs.com.br\/safety\/wp-content\/uploads\/2025\/03\/BLOCO3.jpg","type":"image\/jpeg"}],"author":"admin-gvs","twitter_card":"summary_large_image","twitter_misc":{"Escrito por":"admin-gvs","Est. tempo de leitura":"4 minutos"},"schema":{"@context":"https:\/\/schema.org","@graph":[{"@type":"Article","@id":"https:\/\/www.gvs.com.br\/safety\/2025\/03\/19\/por-que-escolher-o-filtro-de-linha-aerea-gvs-radex\/#article","isPartOf":{"@id":"https:\/\/www.gvs.com.br\/safety\/2025\/03\/19\/por-que-escolher-o-filtro-de-linha-aerea-gvs-radex\/"},"author":{"name":"admin-gvs","@id":"https:\/\/www.gvs.com.br\/safety\/#\/schema\/person\/08f0e38941dafa538ee5706ec48fe5a1"},"headline":"Filtro de Linha A\u00e9rea GVS Radex\u00ae: Ar Respir\u00e1vel e Seguran\u00e7a para Ambientes Industriais","datePublished":"2025-03-19T09:00:00+00:00","dateModified":"2025-09-09T19:31:17+00:00","mainEntityOfPage":{"@id":"https:\/\/www.gvs.com.br\/safety\/2025\/03\/19\/por-que-escolher-o-filtro-de-linha-aerea-gvs-radex\/"},"wordCount":600,"commentCount":0,"publisher":{"@id":"https:\/\/www.gvs.com.br\/safety\/#organization"},"image":{"@id":"https:\/\/www.gvs.com.br\/safety\/2025\/03\/19\/por-que-escolher-o-filtro-de-linha-aerea-gvs-radex\/#primaryimage"},"thumbnailUrl":"https:\/\/www.gvs.com.br\/safety\/wp-content\/uploads\/2025\/03\/BLOCO3.jpg","keywords":["Ar Comprimido","Fabrica\u00e7\u00e3o","GVS","Jateamento","Produtos GVS","Safety"],"articleSection":["Ar Comprimido, Filtra\u00e7\u00e3o e Monitoramento","Safety"],"inLanguage":"pt-BR","potentialAction":[{"@type":"CommentAction","name":"Comment","target":["https:\/\/www.gvs.com.br\/safety\/2025\/03\/19\/por-que-escolher-o-filtro-de-linha-aerea-gvs-radex\/#respond"]}]},{"@type":"WebPage","@id":"https:\/\/www.gvs.com.br\/safety\/2025\/03\/19\/por-que-escolher-o-filtro-de-linha-aerea-gvs-radex\/","url":"https:\/\/www.gvs.com.br\/safety\/2025\/03\/19\/por-que-escolher-o-filtro-de-linha-aerea-gvs-radex\/","name":"Por que escolher o Filtro de Linha A\u00e9rea GVS Radex\u00ae?","isPartOf":{"@id":"https:\/\/www.gvs.com.br\/safety\/#website"},"primaryImageOfPage":{"@id":"https:\/\/www.gvs.com.br\/safety\/2025\/03\/19\/por-que-escolher-o-filtro-de-linha-aerea-gvs-radex\/#primaryimage"},"image":{"@id":"https:\/\/www.gvs.com.br\/safety\/2025\/03\/19\/por-que-escolher-o-filtro-de-linha-aerea-gvs-radex\/#primaryimage"},"thumbnailUrl":"https:\/\/www.gvs.com.br\/safety\/wp-content\/uploads\/2025\/03\/BLOCO3.jpg","datePublished":"2025-03-19T09:00:00+00:00","dateModified":"2025-09-09T19:31:17+00:00","description":"O Radex\u00ae remove impurezas do ar comprimido, garantindo que o ar fornecido aos respiradores esteja limpo e seguro para inala\u00e7\u00e3o.","breadcrumb":{"@id":"https:\/\/www.gvs.com.br\/safety\/2025\/03\/19\/por-que-escolher-o-filtro-de-linha-aerea-gvs-radex\/#breadcrumb"},"inLanguage":"pt-BR","potentialAction":[{"@type":"ReadAction","target":["https:\/\/www.gvs.com.br\/safety\/2025\/03\/19\/por-que-escolher-o-filtro-de-linha-aerea-gvs-radex\/"]}]},{"@type":"ImageObject","inLanguage":"pt-BR","@id":"https:\/\/www.gvs.com.br\/safety\/2025\/03\/19\/por-que-escolher-o-filtro-de-linha-aerea-gvs-radex\/#primaryimage","url":"https:\/\/www.gvs.com.br\/safety\/wp-content\/uploads\/2025\/03\/BLOCO3.jpg","contentUrl":"https:\/\/www.gvs.com.br\/safety\/wp-content\/uploads\/2025\/03\/BLOCO3.jpg","width":1280,"height":594},{"@type":"BreadcrumbList","@id":"https:\/\/www.gvs.com.br\/safety\/2025\/03\/19\/por-que-escolher-o-filtro-de-linha-aerea-gvs-radex\/#breadcrumb","itemListElement":[{"@type":"ListItem","position":1,"name":"In\u00edcio","item":"https:\/\/www.gvs.com.br\/safety\/"},{"@type":"ListItem","position":2,"name":"Filtro de Linha A\u00e9rea GVS Radex\u00ae: Ar Respir\u00e1vel e Seguran\u00e7a para Ambientes Industriais"}]},{"@type":"WebSite","@id":"https:\/\/www.gvs.com.br\/safety\/#website","url":"https:\/\/www.gvs.com.br\/safety\/","name":"Safety","description":"","publisher":{"@id":"https:\/\/www.gvs.com.br\/safety\/#organization"},"potentialAction":[{"@type":"SearchAction","target":{"@type":"EntryPoint","urlTemplate":"https:\/\/www.gvs.com.br\/safety\/?s={search_term_string}"},"query-input":{"@type":"PropertyValueSpecification","valueRequired":true,"valueName":"search_term_string"}}],"inLanguage":"pt-BR"},{"@type":"Organization","@id":"https:\/\/www.gvs.com.br\/safety\/#organization","name":"Safety","url":"https:\/\/www.gvs.com.br\/safety\/","logo":{"@type":"ImageObject","inLanguage":"pt-BR","@id":"https:\/\/www.gvs.com.br\/safety\/#\/schema\/logo\/image\/","url":"https:\/\/www.gvs.com.br\/safety\/wp-content\/uploads\/2024\/12\/Logo-GVS-Safety.png","contentUrl":"https:\/\/www.gvs.com.br\/safety\/wp-content\/uploads\/2024\/12\/Logo-GVS-Safety.png","width":1920,"height":1080,"caption":"Safety"},"image":{"@id":"https:\/\/www.gvs.com.br\/safety\/#\/schema\/logo\/image\/"}},{"@type":"Person","@id":"https:\/\/www.gvs.com.br\/safety\/#\/schema\/person\/08f0e38941dafa538ee5706ec48fe5a1","name":"admin-gvs","image":{"@type":"ImageObject","inLanguage":"pt-BR","@id":"https:\/\/secure.gravatar.com\/avatar\/753807cf2c24e7c5051446eb4fc6c55657714e911f26a29329d9dc501ae35121?s=96&d=mm&r=g","url":"https:\/\/secure.gravatar.com\/avatar\/753807cf2c24e7c5051446eb4fc6c55657714e911f26a29329d9dc501ae35121?s=96&d=mm&r=g","contentUrl":"https:\/\/secure.gravatar.com\/avatar\/753807cf2c24e7c5051446eb4fc6c55657714e911f26a29329d9dc501ae35121?s=96&d=mm&r=g","caption":"admin-gvs"},"url":"https:\/\/www.gvs.com.br\/safety\/author\/admin-gvs\/"}]}},"uagb_featured_image_src":{"full":["https:\/\/www.gvs.com.br\/safety\/wp-content\/uploads\/2025\/03\/BLOCO3.jpg",1280,594,false],"thumbnail":["https:\/\/www.gvs.com.br\/safety\/wp-content\/uploads\/2025\/03\/BLOCO3-150x150.jpg",150,150,true],"medium":["https:\/\/www.gvs.com.br\/safety\/wp-content\/uploads\/2025\/03\/BLOCO3-300x139.jpg",300,139,true],"medium_large":["https:\/\/www.gvs.com.br\/safety\/wp-content\/uploads\/2025\/03\/BLOCO3-768x356.jpg",768,356,true],"large":["https:\/\/www.gvs.com.br\/safety\/wp-content\/uploads\/2025\/03\/BLOCO3-1024x475.jpg",1024,475,true],"1536x1536":["https:\/\/www.gvs.com.br\/safety\/wp-content\/uploads\/2025\/03\/BLOCO3.jpg",1280,594,false],"2048x2048":["https:\/\/www.gvs.com.br\/safety\/wp-content\/uploads\/2025\/03\/BLOCO3.jpg",1280,594,false]},"uagb_author_info":{"display_name":"admin-gvs","author_link":"https:\/\/www.gvs.com.br\/safety\/author\/admin-gvs\/"},"uagb_comment_info":0,"uagb_excerpt":"Filtro de Linha A\u00e9rea GVS Radex\u00ae: Ar Respir\u00e1vel e Seguran\u00e7a para Ambientes Industriais A qualidade do ar respir\u00e1vel \u00e9 essencial [&hellip;]","_links":{"self":[{"href":"https:\/\/www.gvs.com.br\/safety\/wp-json\/wp\/v2\/posts\/1627","targetHints":{"allow":["GET"]}}],"collection":[{"href":"https:\/\/www.gvs.com.br\/safety\/wp-json\/wp\/v2\/posts"}],"about":[{"href":"https:\/\/www.gvs.com.br\/safety\/wp-json\/wp\/v2\/types\/post"}],"author":[{"embeddable":true,"href":"https:\/\/www.gvs.com.br\/safety\/wp-json\/wp\/v2\/users\/2"}],"replies":[{"embeddable":true,"href":"https:\/\/www.gvs.com.br\/safety\/wp-json\/wp\/v2\/comments?post=1627"}],"version-history":[{"count":4,"href":"https:\/\/www.gvs.com.br\/safety\/wp-json\/wp\/v2\/posts\/1627\/revisions"}],"predecessor-version":[{"id":2847,"href":"https:\/\/www.gvs.com.br\/safety\/wp-json\/wp\/v2\/posts\/1627\/revisions\/2847"}],"wp:featuredmedia":[{"embeddable":true,"href":"https:\/\/www.gvs.com.br\/safety\/wp-json\/wp\/v2\/media\/1628"}],"wp:attachment":[{"href":"https:\/\/www.gvs.com.br\/safety\/wp-json\/wp\/v2\/media?parent=1627"}],"wp:term":[{"taxonomy":"category","embeddable":true,"href":"https:\/\/www.gvs.com.br\/safety\/wp-json\/wp\/v2\/categories?post=1627"},{"taxonomy":"post_tag","embeddable":true,"href":"https:\/\/www.gvs.com.br\/safety\/wp-json\/wp\/v2\/tags?post=1627"}],"curies":[{"name":"wp","href":"https:\/\/api.w.org\/{rel}","templated":true}]}}