{"id":1580,"date":"2025-02-24T16:37:42","date_gmt":"2025-02-24T16:37:42","guid":{"rendered":"https:\/\/prihdesigner.com.br\/Health-Safety\/?p=1580"},"modified":"2025-09-09T19:47:55","modified_gmt":"2025-09-09T19:47:55","slug":"a-gvs-do-brasil-participou-da-edicao-de-2024-da-fisp","status":"publish","type":"post","link":"https:\/\/www.gvs.com.br\/safety\/2025\/02\/24\/a-gvs-do-brasil-participou-da-edicao-de-2024-da-fisp\/","title":{"rendered":"GVS do Brasil marca presen\u00e7a na Fisp 2024, o maior evento de prote\u00e7\u00e3o e seguran\u00e7a da Am\u00e9rica Latina!"},"content":{"rendered":"\n<div class=\"wp-block-uagb-container uagb-block-d1b42846 alignfull uagb-is-root-container\"><div class=\"uagb-container-inner-blocks-wrap\">\n<div class=\"wp-block-uagb-advanced-heading uagb-block-85e5dfcb\"><h2 class=\"uagb-heading-text\">GVS do Brasil marca presen\u00e7a na Fisp 2024, <br>o maior evento de prote\u00e7\u00e3o e seguran\u00e7a da <br>Am\u00e9rica Latina!<\/h2><\/div>\n<\/div><\/div>\n\n\n\n<p><\/p>\n\n\n\n<div class=\"wp-block-uagb-separator uagb-block-5d96bb99\"><div class=\"uagb-separator-spacing-wrapper\"><div class=\"wp-block-uagb-separator__inner\" style=\"--my-background-image:\"><\/div><\/div><\/div>\n\n\n\n<p class=\"has-text-align-justify has-text-align-justify\">A GVS do Brasil participou da edi\u00e7\u00e3o de 2024 da FISP, consolidando seu compromisso com a seguran\u00e7a e a inova\u00e7\u00e3o no setor de prote\u00e7\u00e3o respirat\u00f3ria. O evento, conhecido por reunir os principais nomes do mercado de prote\u00e7\u00e3o e seguran\u00e7a da Am\u00e9rica Latina, foi o palco ideal para apresentarmos nossas \u00faltimas inova\u00e7\u00f5es e solu\u00e7\u00f5es de prote\u00e7\u00e3o.<\/p>\n\n\n\n<div class=\"wp-block-uagb-container uagb-block-f2061ffd alignfull uagb-is-root-container\"><div class=\"uagb-container-inner-blocks-wrap\">\n<div class=\"wp-block-uagb-image uagb-block-c2fb5ab6 wp-block-uagb-image--layout-default wp-block-uagb-image--effect-static wp-block-uagb-image--align-none\"><figure class=\"wp-block-uagb-image__figure\"><img decoding=\"async\"  sizes=\"auto, (max-width: 480px) 150px\" src=\"https:\/\/www.gvs.com.br\/safety\/wp-content\/uploads\/2025\/02\/Estande-Fisp-2024-edited.jpeg\" alt=\"\" width=\"863\" height=\"1024\" title=\"Estande-Fisp-2024\" loading=\"lazy\" role=\"img\"\/><\/figure><\/div>\n<\/div><\/div>\n\n\n\n<h2 class=\"wp-block-heading\"><strong>Inova\u00e7\u00f5es e lan\u00e7amentos em destaque<\/strong><\/h2>\n\n\n\n<p>Com um estande que atraiu clientes, parceiros e interessados do setor, a GVS apresentou uma s\u00e9rie de lan\u00e7amentos e produtos de \u00faltima gera\u00e7\u00e3o em prote\u00e7\u00e3o respirat\u00f3ria. Um dos destaques foi o nosso&nbsp;<strong>RESPIRADOR FACIAL INTEIRO<\/strong>, projetado para oferecer maior conforto e efic\u00e1cia para profissionais que trabalham em condi\u00e7\u00f5es de risco.<\/p>\n\n\n\n<p>Nosso portf\u00f3lio de produtos Health and Safety traz solu\u00e7\u00f5es para todos os tipos de necessidades respirat\u00f3rias no ambiente de trabalho:<\/p>\n\n\n\n<ul class=\"wp-block-list\">\n<li><strong>Respiradores semifaciais com manuten\u00e7\u00e3o, respiradores descart\u00e1veis sem manuten\u00e7\u00e3o:<\/strong>&nbsp;ideais para ambientes que exigem prote\u00e7\u00e3o pr\u00e1tica e eficaz.<\/li>\n\n\n\n<li><strong>Equipamentos de prote\u00e7\u00e3o respirat\u00f3ria com ar mandado (IPVS):<\/strong>&nbsp;garantindo seguran\u00e7a e conforto para situa\u00e7\u00f5es de maior complexidade.<\/li>\n\n\n\n<li>Uma ampla gama de produtos da linha, com foco em tecnologias que aumentam a seguran\u00e7a e o bem-estar dos profissionais.<\/li>\n<\/ul>\n\n\n\n<p><\/p>\n\n\n\n<div class=\"wp-block-uagb-container uagb-block-7ca8ab64 alignfull uagb-is-root-container\"><div class=\"uagb-container-inner-blocks-wrap\">\n<div class=\"wp-block-uagb-image uagb-block-d4d3af28 wp-block-uagb-image--layout-default wp-block-uagb-image--effect-static wp-block-uagb-image--align-none\"><figure class=\"wp-block-uagb-image__figure\"><img decoding=\"async\"  sizes=\"auto, (max-width: 480px) 150px\" src=\"https:\/\/www.gvs.com.br\/safety\/wp-content\/uploads\/2025\/02\/Estande-Fisp-2024-2-1024x576.jpeg\" alt=\"\" width=\"863\" height=\"1024\" title=\"Estande-Fisp-2024-2\" loading=\"lazy\" role=\"img\"\/><\/figure><\/div>\n<\/div><\/div>\n\n\n\n<h2 class=\"wp-block-heading\"><strong>Compromisso com a seguran\u00e7a e inova\u00e7\u00e3o<\/strong><\/h2>\n\n\n\n<p>Na GVS, nosso compromisso com a seguran\u00e7a vai al\u00e9m de apenas criar produtos. Cada solu\u00e7\u00e3o \u00e9 projetada para fornecer a prote\u00e7\u00e3o ideal, aliando conforto e efic\u00e1cia para trabalhadores em diferentes ambientes industriais. Nosso time esteve presente no evento para explicar as vantagens e os detalhes de cada inova\u00e7\u00e3o, demonstrando como a GVS est\u00e1 constantemente evoluindo para atender \u00e0s necessidades do mercado.<\/p>\n\n\n\n<h2 class=\"wp-block-heading\"><strong>Agradecimentos e futuro<\/strong><\/h2>\n\n\n\n<p>Agradecemos a todos que visitaram nosso estande e fizeram parte deste evento conosco. Foi um prazer compartilhar essas inova\u00e7\u00f5es e discutir como a prote\u00e7\u00e3o respirat\u00f3ria est\u00e1 se transformando! Continuaremos a desenvolver solu\u00e7\u00f5es de qualidade e aguardamos ansiosos para v\u00ea-los novamente em 2026.<\/p>\n\n\n\n<p><\/p>\n\n\n\n<div class=\"wp-block-uagb-container uagb-block-66dfe5e8 alignfull uagb-is-root-container\"><div class=\"uagb-container-inner-blocks-wrap\">\n<figure class=\"wp-block-embed is-type-video is-provider-youtube wp-block-embed-youtube wp-embed-aspect-16-9 wp-has-aspect-ratio\"><div class=\"wp-block-embed__wrapper\">\n<iframe loading=\"lazy\" title=\"GVS do Brasil marca presen\u00e7a na Fisp 2024!\" width=\"500\" height=\"281\" src=\"https:\/\/www.youtube.com\/embed\/xB5CksCXTEI?feature=oembed\" frameborder=\"0\" allow=\"accelerometer; autoplay; clipboard-write; encrypted-media; gyroscope; picture-in-picture; web-share\" referrerpolicy=\"strict-origin-when-cross-origin\" allowfullscreen><\/iframe>\n<\/div><\/figure>\n<\/div><\/div>\n\n\n\n<p><\/p>\n\n\n\n<div class=\"wp-block-uagb-call-to-action uagb-block-9250292e wp-block-button\"><div class=\"uagb-cta__wrap\"><h3 class=\"uagb-cta__title\">Fale com a gente!<\/h3><p class=\"uagb-cta__desc\">Entre em contato com o nosso time hoje mesmo, esclare\u00e7a as suas d\u00favidas e&nbsp;<strong>solicite a sua cota\u00e7\u00e3o!<\/strong><\/p><\/div><div class=\"uagb-cta__buttons\"><a href=\"https:\/\/wa.me\/551938797222\" class=\"uagb-cta__button-link-wrapper wp-block-button__link\" target=\"_blank\" rel=\"noopener noreferrer\"><svg xmlns=\"https:\/\/www.w3.org\/2000\/svg\" viewBox=\"0 0 448 512\"><path d=\"M380.9 97.1C339 55.1 283.2 32 223.9 32c-122.4 0-222 99.6-222 222 0 39.1 10.2 77.3 29.6 111L0 480l117.7-30.9c32.4 17.7 68.9 27 106.1 27h.1c122.3 0 224.1-99.6 224.1-222 0-59.3-25.2-115-67.1-157zm-157 341.6c-33.2 0-65.7-8.9-94-25.7l-6.7-4-69.8 18.3L72 359.2l-4.4-7c-18.5-29.4-28.2-63.3-28.2-98.2 0-101.7 82.8-184.5 184.6-184.5 49.3 0 95.6 19.2 130.4 54.1 34.8 34.9 56.2 81.2 56.1 130.5 0 101.8-84.9 184.6-186.6 184.6zm101.2-138.2c-5.5-2.8-32.8-16.2-37.9-18-5.1-1.9-8.8-2.8-12.5 2.8-3.7 5.6-14.3 18-17.6 21.8-3.2 3.7-6.5 4.2-12 1.4-32.6-16.3-54-29.1-75.5-66-5.7-9.8 5.7-9.1 16.3-30.3 1.8-3.7 .9-6.9-.5-9.7-1.4-2.8-12.5-30.1-17.1-41.2-4.5-10.8-9.1-9.3-12.5-9.5-3.2-.2-6.9-.2-10.6-.2-3.7 0-9.7 1.4-14.8 6.9-5.1 5.6-19.4 19-19.4 46.3 0 27.3 19.9 53.7 22.6 57.4 2.8 3.7 39.1 59.7 94.8 83.8 35.2 15.2 49 16.5 66.6 13.9 10.7-1.6 32.8-13.4 37.4-26.4 4.6-13 4.6-24.1 3.2-26.4-1.3-2.5-5-3.9-10.5-6.6z\"><\/path><\/svg>WhatsApp<\/a><\/div><\/div>\n\n\n\n<p><\/p>\n\n\n\n<div class=\"wp-block-uagb-separator uagb-block-dd3ac1cb\"><div class=\"uagb-separator-spacing-wrapper\"><div class=\"wp-block-uagb-separator__inner\" style=\"--my-background-image:\"><\/div><\/div><\/div>\n\n\n\n<div class=\"wp-block-uagb-call-to-action uagb-block-f496457e wp-block-button\"><div class=\"uagb-cta__wrap\"><h3 class=\"uagb-cta__title\">Fique por dentro das novidades!<\/h3><p class=\"uagb-cta__desc\">Acompanhe nossa jornada de inova\u00e7\u00e3o e saiba mais sobre nossos produtos, acesse <strong>Safety da GVS.<\/strong><\/p><\/div><div class=\"uagb-cta__buttons\"><a href=\"https:\/\/www.gvs.com.br\/safety\" class=\"uagb-cta__button-link-wrapper wp-block-button__link\" target=\"_blank\" rel=\"noopener noreferrer\">Acesse o site<\/a><\/div><\/div>\n\n\n\n<p><\/p>\n","protected":false},"excerpt":{"rendered":"<p>GVS do Brasil marca presen\u00e7a na Fisp 2024, o maior evento de prote\u00e7\u00e3o e seguran\u00e7a da Am\u00e9rica Latina! A GVS [&hellip;]<\/p>\n","protected":false},"author":2,"featured_media":1583,"comment_status":"open","ping_status":"open","sticky":false,"template":"","format":"standard","meta":{"_uag_custom_page_level_css":"","site-sidebar-layout":"default","site-content-layout":"","ast-site-content-layout":"","site-content-style":"default","site-sidebar-style":"default","ast-global-header-display":"","ast-banner-title-visibility":"","ast-main-header-display":"","ast-hfb-above-header-display":"","ast-hfb-below-header-display":"","ast-hfb-mobile-header-display":"","site-post-title":"disabled","ast-breadcrumbs-content":"","ast-featured-img":"","footer-sml-layout":"","ast-disable-related-posts":"","theme-transparent-header-meta":"","adv-header-id-meta":"","stick-header-meta":"","header-above-stick-meta":"","header-main-stick-meta":"","header-below-stick-meta":"","astra-migrate-meta-layouts":"default","ast-page-background-enabled":"default","ast-page-background-meta":{"desktop":{"background-color":"var(--ast-global-color-4)","background-image":"","background-repeat":"repeat","background-position":"center center","background-size":"auto","background-attachment":"scroll","background-type":"","background-media":"","overlay-type":"","overlay-color":"","overlay-opacity":"","overlay-gradient":""},"tablet":{"background-color":"","background-image":"","background-repeat":"repeat","background-position":"center center","background-size":"auto","background-attachment":"scroll","background-type":"","background-media":"","overlay-type":"","overlay-color":"","overlay-opacity":"","overlay-gradient":""},"mobile":{"background-color":"","background-image":"","background-repeat":"repeat","background-position":"center center","background-size":"auto","background-attachment":"scroll","background-type":"","background-media":"","overlay-type":"","overlay-color":"","overlay-opacity":"","overlay-gradient":""}},"ast-content-background-meta":{"desktop":{"background-color":"var(--ast-global-color-5)","background-image":"","background-repeat":"repeat","background-position":"center center","background-size":"auto","background-attachment":"scroll","background-type":"","background-media":"","overlay-type":"","overlay-color":"","overlay-opacity":"","overlay-gradient":""},"tablet":{"background-color":"var(--ast-global-color-5)","background-image":"","background-repeat":"repeat","background-position":"center center","background-size":"auto","background-attachment":"scroll","background-type":"","background-media":"","overlay-type":"","overlay-color":"","overlay-opacity":"","overlay-gradient":""},"mobile":{"background-color":"var(--ast-global-color-5)","background-image":"","background-repeat":"repeat","background-position":"center center","background-size":"auto","background-attachment":"scroll","background-type":"","background-media":"","overlay-type":"","overlay-color":"","overlay-opacity":"","overlay-gradient":""}},"footnotes":""},"categories":[12,5],"tags":[7,17,15,16],"class_list":["post-1580","post","type-post","status-publish","format-standard","has-post-thumbnail","hentry","category-ajuste-solto","category-safety","tag-gvs","tag-produtos-gvs","tag-protecao-respiratoria","tag-safety"],"yoast_head":"<!-- This site is optimized with the Yoast SEO plugin v27.2 - https:\/\/yoast.com\/product\/yoast-seo-wordpress\/ -->\n<title>A GVS do Brasil participou da edi\u00e7\u00e3o de 2024 da FISP<\/title>\n<meta name=\"description\" content=\"A GVS do Brasil participou da edi\u00e7\u00e3o de 2024 da FISP, consolidando seu compromisso com a seguran\u00e7a e a inova\u00e7\u00e3o no setor de prote\u00e7\u00e3o respirat\u00f3ria.\" \/>\n<meta name=\"robots\" content=\"index, follow, max-snippet:-1, max-image-preview:large, max-video-preview:-1\" \/>\n<link rel=\"canonical\" href=\"https:\/\/www.gvs.com.br\/safety\/2025\/02\/24\/a-gvs-do-brasil-participou-da-edicao-de-2024-da-fisp\/\" \/>\n<meta property=\"og:locale\" content=\"pt_BR\" \/>\n<meta property=\"og:type\" content=\"article\" \/>\n<meta property=\"og:title\" content=\"A GVS do Brasil participou da edi\u00e7\u00e3o de 2024 da FISP\" \/>\n<meta property=\"og:description\" content=\"A GVS do Brasil participou da edi\u00e7\u00e3o de 2024 da FISP, consolidando seu compromisso com a seguran\u00e7a e a inova\u00e7\u00e3o no setor de prote\u00e7\u00e3o respirat\u00f3ria.\" \/>\n<meta property=\"og:url\" content=\"https:\/\/www.gvs.com.br\/safety\/2025\/02\/24\/a-gvs-do-brasil-participou-da-edicao-de-2024-da-fisp\/\" \/>\n<meta property=\"og:site_name\" content=\"Safety\" \/>\n<meta property=\"article:published_time\" content=\"2025-02-24T16:37:42+00:00\" \/>\n<meta property=\"article:modified_time\" content=\"2025-09-09T19:47:55+00:00\" \/>\n<meta property=\"og:image\" content=\"https:\/\/www.gvs.com.br\/safety\/wp-content\/uploads\/2025\/02\/banner-fisp2024.jpg\" \/>\n\t<meta property=\"og:image:width\" content=\"1123\" \/>\n\t<meta property=\"og:image:height\" content=\"630\" \/>\n\t<meta property=\"og:image:type\" content=\"image\/jpeg\" \/>\n<meta name=\"author\" content=\"admin-gvs\" \/>\n<meta name=\"twitter:card\" content=\"summary_large_image\" \/>\n<meta name=\"twitter:label1\" content=\"Escrito por\" \/>\n\t<meta name=\"twitter:data1\" content=\"admin-gvs\" \/>\n\t<meta name=\"twitter:label2\" content=\"Est. tempo de leitura\" \/>\n\t<meta name=\"twitter:data2\" content=\"3 minutos\" \/>\n<script type=\"application\/ld+json\" class=\"yoast-schema-graph\">{\"@context\":\"https:\/\/schema.org\",\"@graph\":[{\"@type\":\"Article\",\"@id\":\"https:\/\/www.gvs.com.br\/safety\/2025\/02\/24\/a-gvs-do-brasil-participou-da-edicao-de-2024-da-fisp\/#article\",\"isPartOf\":{\"@id\":\"https:\/\/www.gvs.com.br\/safety\/2025\/02\/24\/a-gvs-do-brasil-participou-da-edicao-de-2024-da-fisp\/\"},\"author\":{\"name\":\"admin-gvs\",\"@id\":\"https:\/\/www.gvs.com.br\/safety\/#\/schema\/person\/08f0e38941dafa538ee5706ec48fe5a1\"},\"headline\":\"GVS do Brasil marca presen\u00e7a na Fisp 2024, o maior evento de prote\u00e7\u00e3o e seguran\u00e7a da Am\u00e9rica Latina!\",\"datePublished\":\"2025-02-24T16:37:42+00:00\",\"dateModified\":\"2025-09-09T19:47:55+00:00\",\"mainEntityOfPage\":{\"@id\":\"https:\/\/www.gvs.com.br\/safety\/2025\/02\/24\/a-gvs-do-brasil-participou-da-edicao-de-2024-da-fisp\/\"},\"wordCount\":443,\"commentCount\":0,\"publisher\":{\"@id\":\"https:\/\/www.gvs.com.br\/safety\/#organization\"},\"image\":{\"@id\":\"https:\/\/www.gvs.com.br\/safety\/2025\/02\/24\/a-gvs-do-brasil-participou-da-edicao-de-2024-da-fisp\/#primaryimage\"},\"thumbnailUrl\":\"https:\/\/www.gvs.com.br\/safety\/wp-content\/uploads\/2025\/02\/banner-fisp2024.jpg\",\"keywords\":[\"GVS\",\"Produtos GVS\",\"Prote\u00e7\u00e3o Respirat\u00f3ria\",\"Safety\"],\"articleSection\":[\"Ajuste Solto\",\"Safety\"],\"inLanguage\":\"pt-BR\",\"potentialAction\":[{\"@type\":\"CommentAction\",\"name\":\"Comment\",\"target\":[\"https:\/\/www.gvs.com.br\/safety\/2025\/02\/24\/a-gvs-do-brasil-participou-da-edicao-de-2024-da-fisp\/#respond\"]}]},{\"@type\":\"WebPage\",\"@id\":\"https:\/\/www.gvs.com.br\/safety\/2025\/02\/24\/a-gvs-do-brasil-participou-da-edicao-de-2024-da-fisp\/\",\"url\":\"https:\/\/www.gvs.com.br\/safety\/2025\/02\/24\/a-gvs-do-brasil-participou-da-edicao-de-2024-da-fisp\/\",\"name\":\"A GVS do Brasil participou da edi\u00e7\u00e3o de 2024 da FISP\",\"isPartOf\":{\"@id\":\"https:\/\/www.gvs.com.br\/safety\/#website\"},\"primaryImageOfPage\":{\"@id\":\"https:\/\/www.gvs.com.br\/safety\/2025\/02\/24\/a-gvs-do-brasil-participou-da-edicao-de-2024-da-fisp\/#primaryimage\"},\"image\":{\"@id\":\"https:\/\/www.gvs.com.br\/safety\/2025\/02\/24\/a-gvs-do-brasil-participou-da-edicao-de-2024-da-fisp\/#primaryimage\"},\"thumbnailUrl\":\"https:\/\/www.gvs.com.br\/safety\/wp-content\/uploads\/2025\/02\/banner-fisp2024.jpg\",\"datePublished\":\"2025-02-24T16:37:42+00:00\",\"dateModified\":\"2025-09-09T19:47:55+00:00\",\"description\":\"A GVS do Brasil participou da edi\u00e7\u00e3o de 2024 da FISP, consolidando seu compromisso com a seguran\u00e7a e a inova\u00e7\u00e3o no setor de prote\u00e7\u00e3o respirat\u00f3ria.\",\"breadcrumb\":{\"@id\":\"https:\/\/www.gvs.com.br\/safety\/2025\/02\/24\/a-gvs-do-brasil-participou-da-edicao-de-2024-da-fisp\/#breadcrumb\"},\"inLanguage\":\"pt-BR\",\"potentialAction\":[{\"@type\":\"ReadAction\",\"target\":[\"https:\/\/www.gvs.com.br\/safety\/2025\/02\/24\/a-gvs-do-brasil-participou-da-edicao-de-2024-da-fisp\/\"]}]},{\"@type\":\"ImageObject\",\"inLanguage\":\"pt-BR\",\"@id\":\"https:\/\/www.gvs.com.br\/safety\/2025\/02\/24\/a-gvs-do-brasil-participou-da-edicao-de-2024-da-fisp\/#primaryimage\",\"url\":\"https:\/\/www.gvs.com.br\/safety\/wp-content\/uploads\/2025\/02\/banner-fisp2024.jpg\",\"contentUrl\":\"https:\/\/www.gvs.com.br\/safety\/wp-content\/uploads\/2025\/02\/banner-fisp2024.jpg\",\"width\":1123,\"height\":630},{\"@type\":\"BreadcrumbList\",\"@id\":\"https:\/\/www.gvs.com.br\/safety\/2025\/02\/24\/a-gvs-do-brasil-participou-da-edicao-de-2024-da-fisp\/#breadcrumb\",\"itemListElement\":[{\"@type\":\"ListItem\",\"position\":1,\"name\":\"In\u00edcio\",\"item\":\"https:\/\/www.gvs.com.br\/safety\/\"},{\"@type\":\"ListItem\",\"position\":2,\"name\":\"GVS do Brasil marca presen\u00e7a na Fisp 2024, o maior evento de prote\u00e7\u00e3o e seguran\u00e7a da Am\u00e9rica Latina!\"}]},{\"@type\":\"WebSite\",\"@id\":\"https:\/\/www.gvs.com.br\/safety\/#website\",\"url\":\"https:\/\/www.gvs.com.br\/safety\/\",\"name\":\"Safety\",\"description\":\"\",\"publisher\":{\"@id\":\"https:\/\/www.gvs.com.br\/safety\/#organization\"},\"potentialAction\":[{\"@type\":\"SearchAction\",\"target\":{\"@type\":\"EntryPoint\",\"urlTemplate\":\"https:\/\/www.gvs.com.br\/safety\/?s={search_term_string}\"},\"query-input\":{\"@type\":\"PropertyValueSpecification\",\"valueRequired\":true,\"valueName\":\"search_term_string\"}}],\"inLanguage\":\"pt-BR\"},{\"@type\":\"Organization\",\"@id\":\"https:\/\/www.gvs.com.br\/safety\/#organization\",\"name\":\"Safety\",\"url\":\"https:\/\/www.gvs.com.br\/safety\/\",\"logo\":{\"@type\":\"ImageObject\",\"inLanguage\":\"pt-BR\",\"@id\":\"https:\/\/www.gvs.com.br\/safety\/#\/schema\/logo\/image\/\",\"url\":\"https:\/\/www.gvs.com.br\/safety\/wp-content\/uploads\/2024\/12\/Logo-GVS-Safety.png\",\"contentUrl\":\"https:\/\/www.gvs.com.br\/safety\/wp-content\/uploads\/2024\/12\/Logo-GVS-Safety.png\",\"width\":1920,\"height\":1080,\"caption\":\"Safety\"},\"image\":{\"@id\":\"https:\/\/www.gvs.com.br\/safety\/#\/schema\/logo\/image\/\"}},{\"@type\":\"Person\",\"@id\":\"https:\/\/www.gvs.com.br\/safety\/#\/schema\/person\/08f0e38941dafa538ee5706ec48fe5a1\",\"name\":\"admin-gvs\",\"image\":{\"@type\":\"ImageObject\",\"inLanguage\":\"pt-BR\",\"@id\":\"https:\/\/secure.gravatar.com\/avatar\/753807cf2c24e7c5051446eb4fc6c55657714e911f26a29329d9dc501ae35121?s=96&d=mm&r=g\",\"url\":\"https:\/\/secure.gravatar.com\/avatar\/753807cf2c24e7c5051446eb4fc6c55657714e911f26a29329d9dc501ae35121?s=96&d=mm&r=g\",\"contentUrl\":\"https:\/\/secure.gravatar.com\/avatar\/753807cf2c24e7c5051446eb4fc6c55657714e911f26a29329d9dc501ae35121?s=96&d=mm&r=g\",\"caption\":\"admin-gvs\"},\"url\":\"https:\/\/www.gvs.com.br\/safety\/author\/admin-gvs\/\"}]}<\/script>\n<!-- \/ Yoast SEO plugin. -->","yoast_head_json":{"title":"A GVS do Brasil participou da edi\u00e7\u00e3o de 2024 da FISP","description":"A GVS do Brasil participou da edi\u00e7\u00e3o de 2024 da FISP, consolidando seu compromisso com a seguran\u00e7a e a inova\u00e7\u00e3o no setor de prote\u00e7\u00e3o respirat\u00f3ria.","robots":{"index":"index","follow":"follow","max-snippet":"max-snippet:-1","max-image-preview":"max-image-preview:large","max-video-preview":"max-video-preview:-1"},"canonical":"https:\/\/www.gvs.com.br\/safety\/2025\/02\/24\/a-gvs-do-brasil-participou-da-edicao-de-2024-da-fisp\/","og_locale":"pt_BR","og_type":"article","og_title":"A GVS do Brasil participou da edi\u00e7\u00e3o de 2024 da FISP","og_description":"A GVS do Brasil participou da edi\u00e7\u00e3o de 2024 da FISP, consolidando seu compromisso com a seguran\u00e7a e a inova\u00e7\u00e3o no setor de prote\u00e7\u00e3o respirat\u00f3ria.","og_url":"https:\/\/www.gvs.com.br\/safety\/2025\/02\/24\/a-gvs-do-brasil-participou-da-edicao-de-2024-da-fisp\/","og_site_name":"Safety","article_published_time":"2025-02-24T16:37:42+00:00","article_modified_time":"2025-09-09T19:47:55+00:00","og_image":[{"width":1123,"height":630,"url":"https:\/\/www.gvs.com.br\/safety\/wp-content\/uploads\/2025\/02\/banner-fisp2024.jpg","type":"image\/jpeg"}],"author":"admin-gvs","twitter_card":"summary_large_image","twitter_misc":{"Escrito por":"admin-gvs","Est. tempo de leitura":"3 minutos"},"schema":{"@context":"https:\/\/schema.org","@graph":[{"@type":"Article","@id":"https:\/\/www.gvs.com.br\/safety\/2025\/02\/24\/a-gvs-do-brasil-participou-da-edicao-de-2024-da-fisp\/#article","isPartOf":{"@id":"https:\/\/www.gvs.com.br\/safety\/2025\/02\/24\/a-gvs-do-brasil-participou-da-edicao-de-2024-da-fisp\/"},"author":{"name":"admin-gvs","@id":"https:\/\/www.gvs.com.br\/safety\/#\/schema\/person\/08f0e38941dafa538ee5706ec48fe5a1"},"headline":"GVS do Brasil marca presen\u00e7a na Fisp 2024, o maior evento de prote\u00e7\u00e3o e seguran\u00e7a da Am\u00e9rica Latina!","datePublished":"2025-02-24T16:37:42+00:00","dateModified":"2025-09-09T19:47:55+00:00","mainEntityOfPage":{"@id":"https:\/\/www.gvs.com.br\/safety\/2025\/02\/24\/a-gvs-do-brasil-participou-da-edicao-de-2024-da-fisp\/"},"wordCount":443,"commentCount":0,"publisher":{"@id":"https:\/\/www.gvs.com.br\/safety\/#organization"},"image":{"@id":"https:\/\/www.gvs.com.br\/safety\/2025\/02\/24\/a-gvs-do-brasil-participou-da-edicao-de-2024-da-fisp\/#primaryimage"},"thumbnailUrl":"https:\/\/www.gvs.com.br\/safety\/wp-content\/uploads\/2025\/02\/banner-fisp2024.jpg","keywords":["GVS","Produtos GVS","Prote\u00e7\u00e3o Respirat\u00f3ria","Safety"],"articleSection":["Ajuste Solto","Safety"],"inLanguage":"pt-BR","potentialAction":[{"@type":"CommentAction","name":"Comment","target":["https:\/\/www.gvs.com.br\/safety\/2025\/02\/24\/a-gvs-do-brasil-participou-da-edicao-de-2024-da-fisp\/#respond"]}]},{"@type":"WebPage","@id":"https:\/\/www.gvs.com.br\/safety\/2025\/02\/24\/a-gvs-do-brasil-participou-da-edicao-de-2024-da-fisp\/","url":"https:\/\/www.gvs.com.br\/safety\/2025\/02\/24\/a-gvs-do-brasil-participou-da-edicao-de-2024-da-fisp\/","name":"A GVS do Brasil participou da edi\u00e7\u00e3o de 2024 da FISP","isPartOf":{"@id":"https:\/\/www.gvs.com.br\/safety\/#website"},"primaryImageOfPage":{"@id":"https:\/\/www.gvs.com.br\/safety\/2025\/02\/24\/a-gvs-do-brasil-participou-da-edicao-de-2024-da-fisp\/#primaryimage"},"image":{"@id":"https:\/\/www.gvs.com.br\/safety\/2025\/02\/24\/a-gvs-do-brasil-participou-da-edicao-de-2024-da-fisp\/#primaryimage"},"thumbnailUrl":"https:\/\/www.gvs.com.br\/safety\/wp-content\/uploads\/2025\/02\/banner-fisp2024.jpg","datePublished":"2025-02-24T16:37:42+00:00","dateModified":"2025-09-09T19:47:55+00:00","description":"A GVS do Brasil participou da edi\u00e7\u00e3o de 2024 da FISP, consolidando seu compromisso com a seguran\u00e7a e a inova\u00e7\u00e3o no setor de prote\u00e7\u00e3o respirat\u00f3ria.","breadcrumb":{"@id":"https:\/\/www.gvs.com.br\/safety\/2025\/02\/24\/a-gvs-do-brasil-participou-da-edicao-de-2024-da-fisp\/#breadcrumb"},"inLanguage":"pt-BR","potentialAction":[{"@type":"ReadAction","target":["https:\/\/www.gvs.com.br\/safety\/2025\/02\/24\/a-gvs-do-brasil-participou-da-edicao-de-2024-da-fisp\/"]}]},{"@type":"ImageObject","inLanguage":"pt-BR","@id":"https:\/\/www.gvs.com.br\/safety\/2025\/02\/24\/a-gvs-do-brasil-participou-da-edicao-de-2024-da-fisp\/#primaryimage","url":"https:\/\/www.gvs.com.br\/safety\/wp-content\/uploads\/2025\/02\/banner-fisp2024.jpg","contentUrl":"https:\/\/www.gvs.com.br\/safety\/wp-content\/uploads\/2025\/02\/banner-fisp2024.jpg","width":1123,"height":630},{"@type":"BreadcrumbList","@id":"https:\/\/www.gvs.com.br\/safety\/2025\/02\/24\/a-gvs-do-brasil-participou-da-edicao-de-2024-da-fisp\/#breadcrumb","itemListElement":[{"@type":"ListItem","position":1,"name":"In\u00edcio","item":"https:\/\/www.gvs.com.br\/safety\/"},{"@type":"ListItem","position":2,"name":"GVS do Brasil marca presen\u00e7a na Fisp 2024, o maior evento de prote\u00e7\u00e3o e seguran\u00e7a da Am\u00e9rica Latina!"}]},{"@type":"WebSite","@id":"https:\/\/www.gvs.com.br\/safety\/#website","url":"https:\/\/www.gvs.com.br\/safety\/","name":"Safety","description":"","publisher":{"@id":"https:\/\/www.gvs.com.br\/safety\/#organization"},"potentialAction":[{"@type":"SearchAction","target":{"@type":"EntryPoint","urlTemplate":"https:\/\/www.gvs.com.br\/safety\/?s={search_term_string}"},"query-input":{"@type":"PropertyValueSpecification","valueRequired":true,"valueName":"search_term_string"}}],"inLanguage":"pt-BR"},{"@type":"Organization","@id":"https:\/\/www.gvs.com.br\/safety\/#organization","name":"Safety","url":"https:\/\/www.gvs.com.br\/safety\/","logo":{"@type":"ImageObject","inLanguage":"pt-BR","@id":"https:\/\/www.gvs.com.br\/safety\/#\/schema\/logo\/image\/","url":"https:\/\/www.gvs.com.br\/safety\/wp-content\/uploads\/2024\/12\/Logo-GVS-Safety.png","contentUrl":"https:\/\/www.gvs.com.br\/safety\/wp-content\/uploads\/2024\/12\/Logo-GVS-Safety.png","width":1920,"height":1080,"caption":"Safety"},"image":{"@id":"https:\/\/www.gvs.com.br\/safety\/#\/schema\/logo\/image\/"}},{"@type":"Person","@id":"https:\/\/www.gvs.com.br\/safety\/#\/schema\/person\/08f0e38941dafa538ee5706ec48fe5a1","name":"admin-gvs","image":{"@type":"ImageObject","inLanguage":"pt-BR","@id":"https:\/\/secure.gravatar.com\/avatar\/753807cf2c24e7c5051446eb4fc6c55657714e911f26a29329d9dc501ae35121?s=96&d=mm&r=g","url":"https:\/\/secure.gravatar.com\/avatar\/753807cf2c24e7c5051446eb4fc6c55657714e911f26a29329d9dc501ae35121?s=96&d=mm&r=g","contentUrl":"https:\/\/secure.gravatar.com\/avatar\/753807cf2c24e7c5051446eb4fc6c55657714e911f26a29329d9dc501ae35121?s=96&d=mm&r=g","caption":"admin-gvs"},"url":"https:\/\/www.gvs.com.br\/safety\/author\/admin-gvs\/"}]}},"uagb_featured_image_src":{"full":["https:\/\/www.gvs.com.br\/safety\/wp-content\/uploads\/2025\/02\/banner-fisp2024.jpg",1123,630,false],"thumbnail":["https:\/\/www.gvs.com.br\/safety\/wp-content\/uploads\/2025\/02\/banner-fisp2024-150x150.jpg",150,150,true],"medium":["https:\/\/www.gvs.com.br\/safety\/wp-content\/uploads\/2025\/02\/banner-fisp2024-300x168.jpg",300,168,true],"medium_large":["https:\/\/www.gvs.com.br\/safety\/wp-content\/uploads\/2025\/02\/banner-fisp2024-768x431.jpg",768,431,true],"large":["https:\/\/www.gvs.com.br\/safety\/wp-content\/uploads\/2025\/02\/banner-fisp2024-1024x574.jpg",1024,574,true],"1536x1536":["https:\/\/www.gvs.com.br\/safety\/wp-content\/uploads\/2025\/02\/banner-fisp2024.jpg",1123,630,false],"2048x2048":["https:\/\/www.gvs.com.br\/safety\/wp-content\/uploads\/2025\/02\/banner-fisp2024.jpg",1123,630,false]},"uagb_author_info":{"display_name":"admin-gvs","author_link":"https:\/\/www.gvs.com.br\/safety\/author\/admin-gvs\/"},"uagb_comment_info":0,"uagb_excerpt":"GVS do Brasil marca presen\u00e7a na Fisp 2024, o maior evento de prote\u00e7\u00e3o e seguran\u00e7a da Am\u00e9rica Latina! A GVS [&hellip;]","_links":{"self":[{"href":"https:\/\/www.gvs.com.br\/safety\/wp-json\/wp\/v2\/posts\/1580","targetHints":{"allow":["GET"]}}],"collection":[{"href":"https:\/\/www.gvs.com.br\/safety\/wp-json\/wp\/v2\/posts"}],"about":[{"href":"https:\/\/www.gvs.com.br\/safety\/wp-json\/wp\/v2\/types\/post"}],"author":[{"embeddable":true,"href":"https:\/\/www.gvs.com.br\/safety\/wp-json\/wp\/v2\/users\/2"}],"replies":[{"embeddable":true,"href":"https:\/\/www.gvs.com.br\/safety\/wp-json\/wp\/v2\/comments?post=1580"}],"version-history":[{"count":4,"href":"https:\/\/www.gvs.com.br\/safety\/wp-json\/wp\/v2\/posts\/1580\/revisions"}],"predecessor-version":[{"id":2832,"href":"https:\/\/www.gvs.com.br\/safety\/wp-json\/wp\/v2\/posts\/1580\/revisions\/2832"}],"wp:featuredmedia":[{"embeddable":true,"href":"https:\/\/www.gvs.com.br\/safety\/wp-json\/wp\/v2\/media\/1583"}],"wp:attachment":[{"href":"https:\/\/www.gvs.com.br\/safety\/wp-json\/wp\/v2\/media?parent=1580"}],"wp:term":[{"taxonomy":"category","embeddable":true,"href":"https:\/\/www.gvs.com.br\/safety\/wp-json\/wp\/v2\/categories?post=1580"},{"taxonomy":"post_tag","embeddable":true,"href":"https:\/\/www.gvs.com.br\/safety\/wp-json\/wp\/v2\/tags?post=1580"}],"curies":[{"name":"wp","href":"https:\/\/api.w.org\/{rel}","templated":true}]}}