{"id":983,"date":"2025-09-08T18:42:40","date_gmt":"2025-09-08T18:42:40","guid":{"rendered":"https:\/\/www.gvs.com.br\/medtech\/?p=983"},"modified":"2025-09-09T18:09:02","modified_gmt":"2025-09-09T18:09:02","slug":"respirador-mecanico-no-coronavirus","status":"publish","type":"post","link":"https:\/\/www.gvs.com.br\/medtech\/2025\/09\/08\/respirador-mecanico-no-coronavirus\/","title":{"rendered":"Quando o respirador mec\u00e2nico \u00e9 utilizado no tratamento do coronav\u00edrus"},"content":{"rendered":"\n<div class=\"wp-block-uagb-container uagb-block-97360a92 alignfull uagb-is-root-container\"><div class=\"uagb-container-inner-blocks-wrap\">\n<div class=\"wp-block-uagb-advanced-heading uagb-block-b5b418f7\"><h2 class=\"uagb-heading-text\"><strong>Quando o respirador mec\u00e2nico \u00e9 utilizado no tratamento do coronav\u00edrus<\/strong><\/h2><\/div>\n\n\n\n<div class=\"wp-block-uagb-advanced-heading uagb-block-4708a093\"><h2 class=\"uagb-heading-text\"><strong>Entenda os crit\u00e9rios para o in\u00edcio do suporte ventilat\u00f3rio<\/strong>.<\/h2><\/div>\n<\/div><\/div>\n\n\n\n<p class=\"has-text-align-justify has-text-align-justify\"><\/p>\n\n\n\n<p>Ainda sem uma vacina que possa imunizar a popula\u00e7\u00e3o do novo coronav\u00edrus, muitas pessoas acabam se contaminando e precisando de cuidados nos hospitais. Por l\u00e1, uma das principais alternativas no suporte aos pacientes \u00e9 a&nbsp;<strong>respira\u00e7\u00e3o artificial<\/strong>, proporcionada pelo respirador mec\u00e2nico.<\/p>\n\n\n\n<p>Necess\u00e1rio em casos mais complexos, o respirador \u00e9 um equipamento fundamental no salvamento de vidas, e pode ser utilizado em situa\u00e7\u00f5es diversas.<\/p>\n\n\n\n<p>No texto de hoje voc\u00ea vai entender melhor quando ele \u00e9 utilizado em casos gerais, no tratamento do coronav\u00edrus, bem como seu funcionamento. Tenha uma \u00f3tima leitura!<\/p>\n\n\n\n<h3 class=\"wp-block-heading has-ast-global-color-0-color has-text-color has-link-color wp-elements-9178db3cbf7cc69145ed20017124d305\">O respirador mec\u00e2nico<\/h3>\n\n\n\n<p>O&nbsp;<strong>respirador<\/strong>&nbsp;<strong>mec\u00e2nico,&nbsp;<\/strong>tamb\u00e9m chamado de ventilador mec\u00e2nico,&nbsp;\u00e9 um equipamento que auxilia na entrada e sa\u00edda de ar dos pulm\u00f5es. Este aparelho pode ser usado em pacientes com insufici\u00eancia respirat\u00f3ria, ou seja, com baixa concentra\u00e7\u00e3o de oxig\u00eanio no sangue e alto n\u00edvel de di\u00f3xido de carbono (CO2).<\/p>\n\n\n\n<p>Em suma, sua fun\u00e7\u00e3o \u00e9 auxiliar o paciente a respirar, quando seu pr\u00f3prio corpo n\u00e3o \u00e9 capaz de fazer a troca de gases.<\/p>\n\n\n\n<h3 class=\"wp-block-heading has-ast-global-color-0-color has-text-color has-link-color wp-elements-9f422ec1c35fc23583845140bb410092\">Quando o respirador mec\u00e2nico \u00e9 usado?<\/h3>\n\n\n\n<p>De acordo com o&nbsp;<a href=\"https:\/\/tecnoblog.net\/338649\/o-que-e-um-respirador-mecanico-hospitalar\/\"><strong>Tecnoblog<\/strong><\/a>, o respirador mec\u00e2nico \u00e9 utilizado em casos de insufici\u00eancia respirat\u00f3ria. Os quadros que causam a necessidade do seu uso podem ser diversos, como por exemplo, doen\u00e7as que:<\/p>\n\n\n\n<ul class=\"wp-block-list\">\n<li>obstruem as vias a\u00e9reas;<\/li>\n\n\n\n<li>lesionam o tecido pulmonar;<\/li>\n\n\n\n<li>enfraquecem os m\u00fasculos que controlam a respira\u00e7\u00e3o;<\/li>\n\n\n\n<li>reduzem a for\u00e7a respirat\u00f3ria.<\/li>\n<\/ul>\n\n\n\n<h3 class=\"wp-block-heading has-ast-global-color-0-color has-text-color has-link-color wp-elements-02c226bdb4d32d368b68103b759965d1\">O respirador mec\u00e2nico no tratamento do coronav\u00edrus<\/h3>\n\n\n\n<p>Neste tipo de tratamento o conceito \u00e9 o mesmo. O respirador \u00e9 usado no caso de insufici\u00eancia respirat\u00f3ria. Mas vamos entender melhor os crit\u00e9rios para a sua aplica\u00e7\u00e3o.<\/p>\n\n\n\n<p>De acordo com F\u00e1bio Oliveira, da Ag\u00eancia Einstein, os especialistas precisam utilizar a ventila\u00e7\u00e3o mec\u00e2nica. \u00c9 este o sistema de suporte ventilat\u00f3rio que ajuda os pacientes a suprirem a falta de oxig\u00eanio. Ainda que, de acordo com estat\u00edsticas da Organiza\u00e7\u00e3o Mundial da Sa\u00fade (OMS), 80% dos indiv\u00edduos acometidos pela Covid-19 n\u00e3o apresentem sintomas da doen\u00e7a, outros 20% apresentam. Destes, 5% das pessoas&nbsp;podem apresentar a&nbsp;<strong>S\u00edndrome do Desconforto Respirat\u00f3rio Agudo&nbsp;<\/strong>(SRDA), e precisam de cuidados da UTI, e a maioria deles precisa da ajuda do respirador mec\u00e2nico.<\/p>\n\n\n\n<p>Sendo assim, o suporte ventilat\u00f3rio se faz necess\u00e1rio em raz\u00e3o da inflama\u00e7\u00e3o dos pulm\u00f5es, em uma tentativa do corpo de combater e eliminar o v\u00edrus do corpo.<\/p>\n\n\n\n<p>O uso deste recurso \u00e9 baseado em crit\u00e9rios objetivos. Os profissionais avaliam o n\u00edvel de satura\u00e7\u00e3o do sangue, sobre a qual j\u00e1 falamos aqui. Ou seja, \u00e9 mensurada a quantidade de oxig\u00eanio que est\u00e1 sendo transportada na circula\u00e7\u00e3o.<\/p>\n\n\n\n<p>Essa mensura\u00e7\u00e3o \u00e9 feita pelo ox\u00edmetro, aparelho que \u00e9 colocado no pulso do indiv\u00edduo, sem o uso agulhas. Ele capta a mudan\u00e7a de cor do sangue, gerada pelas hemoglobinas, atrav\u00e9s de um sensor com luz infravermelha. Isso porque elas ficam mais brilhantes quando est\u00e3o carregadas de oxig\u00eanio. A satura\u00e7\u00e3o n\u00e3o deve ser maior do que 94%.<\/p>\n\n\n\n<figure class=\"wp-block-image aligncenter size-large\"><img loading=\"lazy\" decoding=\"async\" width=\"1024\" height=\"323\" src=\"https:\/\/www.gvs.com.br\/medtech\/wp-content\/uploads\/2025\/09\/meio-me-respiracao-mecanica-1024x323.jpg\" alt=\"\" class=\"wp-image-985\" srcset=\"https:\/\/www.gvs.com.br\/medtech\/wp-content\/uploads\/2025\/09\/meio-me-respiracao-mecanica-1024x323.jpg 1024w, https:\/\/www.gvs.com.br\/medtech\/wp-content\/uploads\/2025\/09\/meio-me-respiracao-mecanica-300x95.jpg 300w, https:\/\/www.gvs.com.br\/medtech\/wp-content\/uploads\/2025\/09\/meio-me-respiracao-mecanica-768x242.jpg 768w, https:\/\/www.gvs.com.br\/medtech\/wp-content\/uploads\/2025\/09\/meio-me-respiracao-mecanica.jpg 1110w\" sizes=\"auto, (max-width: 1024px) 100vw, 1024px\" \/><\/figure>\n\n\n\n<h3 class=\"wp-block-heading has-ast-global-color-0-color has-text-color has-link-color wp-elements-5151472374e8fe045c1937838dfe2f65\">Os tipos de suporte ventilat\u00f3rio<\/h3>\n\n\n\n<p>Existem, basicamente, dois tipos diferentes de ventila\u00e7\u00e3o mec\u00e2nica, tanto para os pacientes com Covid-19 quanto para os indiv\u00edduos com outros problemas. S\u00e3o elas: a ventila\u00e7\u00e3o mec\u00e2nica invasiva e a n\u00e3o invasiva.<\/p>\n\n\n\n<h3 class=\"wp-block-heading has-ast-global-color-0-color has-text-color has-link-color wp-elements-4fe7cdfa9dccdb5f756f9d28a27c9298\"><strong>Ventila\u00e7\u00e3o mec\u00e2nica n\u00e3o invasiva<\/strong><\/h3>\n\n\n\n<p>Os pacientes que n\u00e3o se encontram em quadros graves podem ser tratados com a ventila\u00e7\u00e3o n\u00e3o invasiva. Desse modo, o oxig\u00eanio \u00e9 fornecido atrav\u00e9s de cateter ou m\u00e1scaras, conectados a m\u00e1quinas.<\/p>\n\n\n\n<h3 class=\"wp-block-heading has-ast-global-color-0-color has-text-color has-link-color wp-elements-01f1858dcd87caad4712658b6da56295\"><strong>Ventila\u00e7\u00e3o mec\u00e2nica invasiva<\/strong><\/h3>\n\n\n\n<p>Por outro lado, quando os casos s\u00e3o mais graves, a ventila\u00e7\u00e3o mec\u00e2nica invasiva acaba sendo a alternativa.<\/p>\n\n\n\n<p>Nela, como o nome sugere, um tubo, que chega at\u00e9 a traqueia do paciente, \u00e9 colocado pela boca. Ele estar\u00e1 sedado em um grau suficiente para sentir o m\u00ednimo de conforto.<\/p>\n\n\n\n<p>Atrav\u00e9s dela, o&nbsp;<strong>pulm\u00e3o fica em repouso<\/strong>, se recuperando, enquanto o respirador mec\u00e2nico realiza a troca gasosa respirat\u00f3ria.<\/p>\n\n\n\n<h3 class=\"wp-block-heading has-ast-global-color-0-color has-text-color has-link-color wp-elements-5710aa89e635331425dc2db7f7549e4f\">A fisioterapia respirat\u00f3ria no Covid-19<\/h3>\n\n\n\n<p>Em fun\u00e7\u00e3o do per\u00edodo de intuba\u00e7\u00e3o, seda\u00e7\u00e3o e imobiliza\u00e7\u00e3o, a musculatura dos pacientes pode atrofiar. Ali\u00e1s, a Covid-19 exige um per\u00edodo maior de ventila\u00e7\u00e3o mec\u00e2nica. Enquanto o tempo m\u00e9dio para outras doen\u00e7as era de cinco dias, o do coronav\u00edrus \u00e9 de 15 a 20 dias.<\/p>\n\n\n\n<p>Por isso, os fisioterapeutas em UTI tamb\u00e9m exercitam a&nbsp;<strong>parte motora dos pacientes<\/strong>, com o intuito de permitir que eles demorem menos tempo para retomar suas atividades normais.<\/p>\n\n\n\n<p>A pesquisadora Camila Ribas, doutoranda em Fisioterapia na UFPR, diz: \u201cAgora com a pandemia e o manejo dos aparelhos de ventila\u00e7\u00e3o mec\u00e2nica e com os protocolos de mobiliza\u00e7\u00e3o precoce nas UTIs, a fisioterapia realmente pode mostrar o trabalho numa unidade de terapia intensiva\u201d.<\/p>\n\n\n\n<h3 class=\"wp-block-heading has-ast-global-color-0-color has-text-color has-link-color wp-elements-b2be583672733d26cdeafec5641aa1c5\">O respirador mec\u00e2nico como alternativa<\/h3>\n\n\n\n<p>At\u00e9 n\u00e3o termos uma vacina eficiente, a melhor forma de evitar o coronav\u00edrus \u00e9 se protegendo, com todas as medidas recomendadas pela OMS. No entanto, quando necess\u00e1rio, o respirador mec\u00e2nico se mostra o principal elemento no tratamento dos pacientes.<\/p>\n\n\n\n<p>Vale lembrar que ele n\u00e3o cura a doen\u00e7a, mas sim, ajuda os acometidos a retomarem suas atividades respirat\u00f3rias de forma saud\u00e1vel.<\/p>\n\n\n\n<p>Quer saber mais sobre ventila\u00e7\u00e3o mec\u00e2nica? Ent\u00e3o continue no blog da GVS e leia agora mesmo sobre a\u00a0<strong><a href=\"https:\/\/www.gvs.com.br\/medtech\/2025\/09\/08\/pneumologia-na-ventilacao-mecanica\/\" target=\"_blank\" rel=\"noreferrer noopener\">Pneumologia na Ventila\u00e7\u00e3o Mec\u00e2nica: entenda melhor como surgem as doen\u00e7as e como evit\u00e1-las<\/a><\/strong>.<\/p>\n\n\n\n<div class=\"wp-block-uagb-separator uagb-block-ea6e94c0\"><div class=\"uagb-separator-spacing-wrapper\"><div class=\"wp-block-uagb-separator__inner\" style=\"--my-background-image:\"><\/div><\/div><\/div>\n\n\n\n<div class=\"wp-block-uagb-call-to-action uagb-block-9987562e wp-block-button\"><div class=\"uagb-cta__wrap\"><h3 class=\"uagb-cta__title\">Gostou do conte\u00fado?<\/h3><p class=\"uagb-cta__desc\">Entre em nosso blog e leia mais artigos como esse!<\/p><\/div><div class=\"uagb-cta__buttons\"><a href=\"https:\/\/gvs.com.br\/medtech\/blog\/\" class=\"uagb-cta__button-link-wrapper wp-block-button__link\" target=\"_self\" rel=\"noopener noreferrer\">Acesse<\/a><\/div><\/div>\n\n\n\n<div class=\"wp-block-uagb-separator uagb-block-89841de0\"><div class=\"uagb-separator-spacing-wrapper\"><div class=\"wp-block-uagb-separator__inner\" style=\"--my-background-image:\"><\/div><\/div><\/div>\n\n\n\n<div class=\"wp-block-uagb-call-to-action uagb-block-767538e5 wp-block-button\"><div class=\"uagb-cta__wrap\"><h3 class=\"uagb-cta__title\">Fale com a gente!<\/h3><p class=\"uagb-cta__desc\">Entre em contato com o nosso time hoje mesmo, esclare\u00e7a as suas d\u00favidas e&nbsp;<strong>solicite a sua cota\u00e7\u00e3o!<\/strong><\/p><\/div><div class=\"uagb-cta__buttons\"><a href=\"https:\/\/wa.me\/5519991369490\" class=\"uagb-cta__button-link-wrapper wp-block-button__link\" target=\"_blank\" rel=\"noopener noreferrer\"><svg xmlns=\"https:\/\/www.w3.org\/2000\/svg\" viewBox=\"0 0 448 512\"><path d=\"M380.9 97.1C339 55.1 283.2 32 223.9 32c-122.4 0-222 99.6-222 222 0 39.1 10.2 77.3 29.6 111L0 480l117.7-30.9c32.4 17.7 68.9 27 106.1 27h.1c122.3 0 224.1-99.6 224.1-222 0-59.3-25.2-115-67.1-157zm-157 341.6c-33.2 0-65.7-8.9-94-25.7l-6.7-4-69.8 18.3L72 359.2l-4.4-7c-18.5-29.4-28.2-63.3-28.2-98.2 0-101.7 82.8-184.5 184.6-184.5 49.3 0 95.6 19.2 130.4 54.1 34.8 34.9 56.2 81.2 56.1 130.5 0 101.8-84.9 184.6-186.6 184.6zm101.2-138.2c-5.5-2.8-32.8-16.2-37.9-18-5.1-1.9-8.8-2.8-12.5 2.8-3.7 5.6-14.3 18-17.6 21.8-3.2 3.7-6.5 4.2-12 1.4-32.6-16.3-54-29.1-75.5-66-5.7-9.8 5.7-9.1 16.3-30.3 1.8-3.7 .9-6.9-.5-9.7-1.4-2.8-12.5-30.1-17.1-41.2-4.5-10.8-9.1-9.3-12.5-9.5-3.2-.2-6.9-.2-10.6-.2-3.7 0-9.7 1.4-14.8 6.9-5.1 5.6-19.4 19-19.4 46.3 0 27.3 19.9 53.7 22.6 57.4 2.8 3.7 39.1 59.7 94.8 83.8 35.2 15.2 49 16.5 66.6 13.9 10.7-1.6 32.8-13.4 37.4-26.4 4.6-13 4.6-24.1 3.2-26.4-1.3-2.5-5-3.9-10.5-6.6z\"><\/path><\/svg>WhatsApp<\/a><\/div><\/div>\n\n\n\n<p><\/p>\n","protected":false},"excerpt":{"rendered":"<p>Quando o respirador mec\u00e2nico \u00e9 utilizado no tratamento do coronav\u00edrus Entenda os crit\u00e9rios para o in\u00edcio do suporte ventilat\u00f3rio. Ainda [&hellip;]<\/p>\n","protected":false},"author":3,"featured_media":984,"comment_status":"open","ping_status":"open","sticky":false,"template":"","format":"standard","meta":{"_uag_custom_page_level_css":"","site-sidebar-layout":"default","site-content-layout":"","ast-site-content-layout":"default","site-content-style":"default","site-sidebar-style":"default","ast-global-header-display":"","ast-banner-title-visibility":"","ast-main-header-display":"","ast-hfb-above-header-display":"","ast-hfb-below-header-display":"","ast-hfb-mobile-header-display":"","site-post-title":"disabled","ast-breadcrumbs-content":"","ast-featured-img":"disabled","footer-sml-layout":"","ast-disable-related-posts":"","theme-transparent-header-meta":"","adv-header-id-meta":"","stick-header-meta":"","header-above-stick-meta":"","header-main-stick-meta":"","header-below-stick-meta":"","astra-migrate-meta-layouts":"default","ast-page-background-enabled":"default","ast-page-background-meta":{"desktop":{"background-color":"var(--ast-global-color-4)","background-image":"","background-repeat":"repeat","background-position":"center center","background-size":"auto","background-attachment":"scroll","background-type":"","background-media":"","overlay-type":"","overlay-color":"","overlay-opacity":"","overlay-gradient":""},"tablet":{"background-color":"","background-image":"","background-repeat":"repeat","background-position":"center center","background-size":"auto","background-attachment":"scroll","background-type":"","background-media":"","overlay-type":"","overlay-color":"","overlay-opacity":"","overlay-gradient":""},"mobile":{"background-color":"","background-image":"","background-repeat":"repeat","background-position":"center center","background-size":"auto","background-attachment":"scroll","background-type":"","background-media":"","overlay-type":"","overlay-color":"","overlay-opacity":"","overlay-gradient":""}},"ast-content-background-meta":{"desktop":{"background-color":"var(--ast-global-color-5)","background-image":"","background-repeat":"repeat","background-position":"center center","background-size":"auto","background-attachment":"scroll","background-type":"","background-media":"","overlay-type":"","overlay-color":"","overlay-opacity":"","overlay-gradient":""},"tablet":{"background-color":"var(--ast-global-color-5)","background-image":"","background-repeat":"repeat","background-position":"center center","background-size":"auto","background-attachment":"scroll","background-type":"","background-media":"","overlay-type":"","overlay-color":"","overlay-opacity":"","overlay-gradient":""},"mobile":{"background-color":"var(--ast-global-color-5)","background-image":"","background-repeat":"repeat","background-position":"center center","background-size":"auto","background-attachment":"scroll","background-type":"","background-media":"","overlay-type":"","overlay-color":"","overlay-opacity":"","overlay-gradient":""}},"footnotes":""},"categories":[8,7],"tags":[21,22],"class_list":["post-983","post","type-post","status-publish","format-standard","has-post-thumbnail","hentry","category-gvs","category-medtech","tag-equipamentos-medicos","tag-produtos-hospitalares"],"yoast_head":"<!-- This site is optimized with the Yoast SEO plugin v27.5 - https:\/\/yoast.com\/product\/yoast-seo-wordpress\/ -->\n<title>respirador mec\u00e2nico no coronav\u00edrus<\/title>\n<meta name=\"description\" content=\"Quando o respirador mec\u00e2nico \u00e9 utilizado no tratamento do coronav\u00edrus. Entenda os crit\u00e9rios para o in\u00edcio do suporte ventilat\u00f3rio.\" \/>\n<meta name=\"robots\" content=\"index, follow, max-snippet:-1, max-image-preview:large, max-video-preview:-1\" \/>\n<link rel=\"canonical\" href=\"https:\/\/www.gvs.com.br\/medtech\/2025\/09\/08\/respirador-mecanico-no-coronavirus\/\" \/>\n<meta property=\"og:locale\" content=\"pt_BR\" \/>\n<meta property=\"og:type\" content=\"article\" \/>\n<meta property=\"og:title\" content=\"respirador mec\u00e2nico no coronav\u00edrus\" \/>\n<meta property=\"og:description\" content=\"Quando o respirador mec\u00e2nico \u00e9 utilizado no tratamento do coronav\u00edrus. Entenda os crit\u00e9rios para o in\u00edcio do suporte ventilat\u00f3rio.\" \/>\n<meta property=\"og:url\" content=\"https:\/\/www.gvs.com.br\/medtech\/2025\/09\/08\/respirador-mecanico-no-coronavirus\/\" \/>\n<meta property=\"og:site_name\" content=\"MedTech\" \/>\n<meta property=\"article:published_time\" content=\"2025-09-08T18:42:40+00:00\" \/>\n<meta property=\"article:modified_time\" content=\"2025-09-09T18:09:02+00:00\" \/>\n<meta property=\"og:image\" content=\"https:\/\/www.gvs.com.br\/medtech\/wp-content\/uploads\/2025\/09\/topo-me-respiracao-mecanica.jpg\" \/>\n\t<meta property=\"og:image:width\" content=\"1123\" \/>\n\t<meta property=\"og:image:height\" content=\"633\" \/>\n\t<meta property=\"og:image:type\" content=\"image\/jpeg\" \/>\n<meta name=\"author\" content=\"admin-gvs\" \/>\n<meta name=\"twitter:card\" content=\"summary_large_image\" \/>\n<meta name=\"twitter:label1\" content=\"Escrito por\" \/>\n\t<meta name=\"twitter:data1\" content=\"admin-gvs\" \/>\n\t<meta name=\"twitter:label2\" content=\"Est. tempo de leitura\" \/>\n\t<meta name=\"twitter:data2\" content=\"6 minutos\" \/>\n<script type=\"application\/ld+json\" class=\"yoast-schema-graph\">{\"@context\":\"https:\\\/\\\/schema.org\",\"@graph\":[{\"@type\":\"Article\",\"@id\":\"https:\\\/\\\/www.gvs.com.br\\\/medtech\\\/2025\\\/09\\\/08\\\/respirador-mecanico-no-coronavirus\\\/#article\",\"isPartOf\":{\"@id\":\"https:\\\/\\\/www.gvs.com.br\\\/medtech\\\/2025\\\/09\\\/08\\\/respirador-mecanico-no-coronavirus\\\/\"},\"author\":{\"name\":\"admin-gvs\",\"@id\":\"https:\\\/\\\/www.gvs.com.br\\\/medtech\\\/#\\\/schema\\\/person\\\/93f5a042f2130ba3dc092e8229ec0d0a\"},\"headline\":\"Quando o respirador mec\u00e2nico \u00e9 utilizado no tratamento do coronav\u00edrus\",\"datePublished\":\"2025-09-08T18:42:40+00:00\",\"dateModified\":\"2025-09-09T18:09:02+00:00\",\"mainEntityOfPage\":{\"@id\":\"https:\\\/\\\/www.gvs.com.br\\\/medtech\\\/2025\\\/09\\\/08\\\/respirador-mecanico-no-coronavirus\\\/\"},\"wordCount\":1017,\"commentCount\":0,\"publisher\":{\"@id\":\"https:\\\/\\\/www.gvs.com.br\\\/medtech\\\/#organization\"},\"image\":{\"@id\":\"https:\\\/\\\/www.gvs.com.br\\\/medtech\\\/2025\\\/09\\\/08\\\/respirador-mecanico-no-coronavirus\\\/#primaryimage\"},\"thumbnailUrl\":\"https:\\\/\\\/www.gvs.com.br\\\/medtech\\\/wp-content\\\/uploads\\\/2025\\\/09\\\/topo-me-respiracao-mecanica.jpg\",\"keywords\":[\"Equipamentos m\u00e9dicos\",\"Produtos hospitalares\"],\"articleSection\":[\"GVS\",\"MedTech\"],\"inLanguage\":\"pt-BR\",\"potentialAction\":[{\"@type\":\"CommentAction\",\"name\":\"Comment\",\"target\":[\"https:\\\/\\\/www.gvs.com.br\\\/medtech\\\/2025\\\/09\\\/08\\\/respirador-mecanico-no-coronavirus\\\/#respond\"]}]},{\"@type\":\"WebPage\",\"@id\":\"https:\\\/\\\/www.gvs.com.br\\\/medtech\\\/2025\\\/09\\\/08\\\/respirador-mecanico-no-coronavirus\\\/\",\"url\":\"https:\\\/\\\/www.gvs.com.br\\\/medtech\\\/2025\\\/09\\\/08\\\/respirador-mecanico-no-coronavirus\\\/\",\"name\":\"respirador mec\u00e2nico no coronav\u00edrus\",\"isPartOf\":{\"@id\":\"https:\\\/\\\/www.gvs.com.br\\\/medtech\\\/#website\"},\"primaryImageOfPage\":{\"@id\":\"https:\\\/\\\/www.gvs.com.br\\\/medtech\\\/2025\\\/09\\\/08\\\/respirador-mecanico-no-coronavirus\\\/#primaryimage\"},\"image\":{\"@id\":\"https:\\\/\\\/www.gvs.com.br\\\/medtech\\\/2025\\\/09\\\/08\\\/respirador-mecanico-no-coronavirus\\\/#primaryimage\"},\"thumbnailUrl\":\"https:\\\/\\\/www.gvs.com.br\\\/medtech\\\/wp-content\\\/uploads\\\/2025\\\/09\\\/topo-me-respiracao-mecanica.jpg\",\"datePublished\":\"2025-09-08T18:42:40+00:00\",\"dateModified\":\"2025-09-09T18:09:02+00:00\",\"description\":\"Quando o respirador mec\u00e2nico \u00e9 utilizado no tratamento do coronav\u00edrus. Entenda os crit\u00e9rios para o in\u00edcio do suporte ventilat\u00f3rio.\",\"breadcrumb\":{\"@id\":\"https:\\\/\\\/www.gvs.com.br\\\/medtech\\\/2025\\\/09\\\/08\\\/respirador-mecanico-no-coronavirus\\\/#breadcrumb\"},\"inLanguage\":\"pt-BR\",\"potentialAction\":[{\"@type\":\"ReadAction\",\"target\":[\"https:\\\/\\\/www.gvs.com.br\\\/medtech\\\/2025\\\/09\\\/08\\\/respirador-mecanico-no-coronavirus\\\/\"]}]},{\"@type\":\"ImageObject\",\"inLanguage\":\"pt-BR\",\"@id\":\"https:\\\/\\\/www.gvs.com.br\\\/medtech\\\/2025\\\/09\\\/08\\\/respirador-mecanico-no-coronavirus\\\/#primaryimage\",\"url\":\"https:\\\/\\\/www.gvs.com.br\\\/medtech\\\/wp-content\\\/uploads\\\/2025\\\/09\\\/topo-me-respiracao-mecanica.jpg\",\"contentUrl\":\"https:\\\/\\\/www.gvs.com.br\\\/medtech\\\/wp-content\\\/uploads\\\/2025\\\/09\\\/topo-me-respiracao-mecanica.jpg\",\"width\":1123,\"height\":633},{\"@type\":\"BreadcrumbList\",\"@id\":\"https:\\\/\\\/www.gvs.com.br\\\/medtech\\\/2025\\\/09\\\/08\\\/respirador-mecanico-no-coronavirus\\\/#breadcrumb\",\"itemListElement\":[{\"@type\":\"ListItem\",\"position\":1,\"name\":\"In\u00edcio\",\"item\":\"https:\\\/\\\/www.gvs.com.br\\\/medtech\\\/\"},{\"@type\":\"ListItem\",\"position\":2,\"name\":\"Quando o respirador mec\u00e2nico \u00e9 utilizado no tratamento do coronav\u00edrus\"}]},{\"@type\":\"WebSite\",\"@id\":\"https:\\\/\\\/www.gvs.com.br\\\/medtech\\\/#website\",\"url\":\"https:\\\/\\\/www.gvs.com.br\\\/medtech\\\/\",\"name\":\"MedTech\",\"description\":\"\",\"publisher\":{\"@id\":\"https:\\\/\\\/www.gvs.com.br\\\/medtech\\\/#organization\"},\"potentialAction\":[{\"@type\":\"SearchAction\",\"target\":{\"@type\":\"EntryPoint\",\"urlTemplate\":\"https:\\\/\\\/www.gvs.com.br\\\/medtech\\\/?s={search_term_string}\"},\"query-input\":{\"@type\":\"PropertyValueSpecification\",\"valueRequired\":true,\"valueName\":\"search_term_string\"}}],\"inLanguage\":\"pt-BR\"},{\"@type\":\"Organization\",\"@id\":\"https:\\\/\\\/www.gvs.com.br\\\/medtech\\\/#organization\",\"name\":\"MedTech\",\"url\":\"https:\\\/\\\/www.gvs.com.br\\\/medtech\\\/\",\"logo\":{\"@type\":\"ImageObject\",\"inLanguage\":\"pt-BR\",\"@id\":\"https:\\\/\\\/www.gvs.com.br\\\/medtech\\\/#\\\/schema\\\/logo\\\/image\\\/\",\"url\":\"https:\\\/\\\/www.gvs.com.br\\\/medtech\\\/wp-content\\\/uploads\\\/2024\\\/12\\\/logo-gvs.png\",\"contentUrl\":\"https:\\\/\\\/www.gvs.com.br\\\/medtech\\\/wp-content\\\/uploads\\\/2024\\\/12\\\/logo-gvs.png\",\"width\":334,\"height\":201,\"caption\":\"MedTech\"},\"image\":{\"@id\":\"https:\\\/\\\/www.gvs.com.br\\\/medtech\\\/#\\\/schema\\\/logo\\\/image\\\/\"}},{\"@type\":\"Person\",\"@id\":\"https:\\\/\\\/www.gvs.com.br\\\/medtech\\\/#\\\/schema\\\/person\\\/93f5a042f2130ba3dc092e8229ec0d0a\",\"name\":\"admin-gvs\",\"image\":{\"@type\":\"ImageObject\",\"inLanguage\":\"pt-BR\",\"@id\":\"https:\\\/\\\/secure.gravatar.com\\\/avatar\\\/753807cf2c24e7c5051446eb4fc6c55657714e911f26a29329d9dc501ae35121?s=96&d=mm&r=g\",\"url\":\"https:\\\/\\\/secure.gravatar.com\\\/avatar\\\/753807cf2c24e7c5051446eb4fc6c55657714e911f26a29329d9dc501ae35121?s=96&d=mm&r=g\",\"contentUrl\":\"https:\\\/\\\/secure.gravatar.com\\\/avatar\\\/753807cf2c24e7c5051446eb4fc6c55657714e911f26a29329d9dc501ae35121?s=96&d=mm&r=g\",\"caption\":\"admin-gvs\"},\"url\":\"https:\\\/\\\/www.gvs.com.br\\\/medtech\\\/author\\\/admin-gvs\\\/\"}]}<\/script>\n<!-- \/ Yoast SEO plugin. -->","yoast_head_json":{"title":"respirador mec\u00e2nico no coronav\u00edrus","description":"Quando o respirador mec\u00e2nico \u00e9 utilizado no tratamento do coronav\u00edrus. Entenda os crit\u00e9rios para o in\u00edcio do suporte ventilat\u00f3rio.","robots":{"index":"index","follow":"follow","max-snippet":"max-snippet:-1","max-image-preview":"max-image-preview:large","max-video-preview":"max-video-preview:-1"},"canonical":"https:\/\/www.gvs.com.br\/medtech\/2025\/09\/08\/respirador-mecanico-no-coronavirus\/","og_locale":"pt_BR","og_type":"article","og_title":"respirador mec\u00e2nico no coronav\u00edrus","og_description":"Quando o respirador mec\u00e2nico \u00e9 utilizado no tratamento do coronav\u00edrus. Entenda os crit\u00e9rios para o in\u00edcio do suporte ventilat\u00f3rio.","og_url":"https:\/\/www.gvs.com.br\/medtech\/2025\/09\/08\/respirador-mecanico-no-coronavirus\/","og_site_name":"MedTech","article_published_time":"2025-09-08T18:42:40+00:00","article_modified_time":"2025-09-09T18:09:02+00:00","og_image":[{"width":1123,"height":633,"url":"https:\/\/www.gvs.com.br\/medtech\/wp-content\/uploads\/2025\/09\/topo-me-respiracao-mecanica.jpg","type":"image\/jpeg"}],"author":"admin-gvs","twitter_card":"summary_large_image","twitter_misc":{"Escrito por":"admin-gvs","Est. tempo de leitura":"6 minutos"},"schema":{"@context":"https:\/\/schema.org","@graph":[{"@type":"Article","@id":"https:\/\/www.gvs.com.br\/medtech\/2025\/09\/08\/respirador-mecanico-no-coronavirus\/#article","isPartOf":{"@id":"https:\/\/www.gvs.com.br\/medtech\/2025\/09\/08\/respirador-mecanico-no-coronavirus\/"},"author":{"name":"admin-gvs","@id":"https:\/\/www.gvs.com.br\/medtech\/#\/schema\/person\/93f5a042f2130ba3dc092e8229ec0d0a"},"headline":"Quando o respirador mec\u00e2nico \u00e9 utilizado no tratamento do coronav\u00edrus","datePublished":"2025-09-08T18:42:40+00:00","dateModified":"2025-09-09T18:09:02+00:00","mainEntityOfPage":{"@id":"https:\/\/www.gvs.com.br\/medtech\/2025\/09\/08\/respirador-mecanico-no-coronavirus\/"},"wordCount":1017,"commentCount":0,"publisher":{"@id":"https:\/\/www.gvs.com.br\/medtech\/#organization"},"image":{"@id":"https:\/\/www.gvs.com.br\/medtech\/2025\/09\/08\/respirador-mecanico-no-coronavirus\/#primaryimage"},"thumbnailUrl":"https:\/\/www.gvs.com.br\/medtech\/wp-content\/uploads\/2025\/09\/topo-me-respiracao-mecanica.jpg","keywords":["Equipamentos m\u00e9dicos","Produtos hospitalares"],"articleSection":["GVS","MedTech"],"inLanguage":"pt-BR","potentialAction":[{"@type":"CommentAction","name":"Comment","target":["https:\/\/www.gvs.com.br\/medtech\/2025\/09\/08\/respirador-mecanico-no-coronavirus\/#respond"]}]},{"@type":"WebPage","@id":"https:\/\/www.gvs.com.br\/medtech\/2025\/09\/08\/respirador-mecanico-no-coronavirus\/","url":"https:\/\/www.gvs.com.br\/medtech\/2025\/09\/08\/respirador-mecanico-no-coronavirus\/","name":"respirador mec\u00e2nico no coronav\u00edrus","isPartOf":{"@id":"https:\/\/www.gvs.com.br\/medtech\/#website"},"primaryImageOfPage":{"@id":"https:\/\/www.gvs.com.br\/medtech\/2025\/09\/08\/respirador-mecanico-no-coronavirus\/#primaryimage"},"image":{"@id":"https:\/\/www.gvs.com.br\/medtech\/2025\/09\/08\/respirador-mecanico-no-coronavirus\/#primaryimage"},"thumbnailUrl":"https:\/\/www.gvs.com.br\/medtech\/wp-content\/uploads\/2025\/09\/topo-me-respiracao-mecanica.jpg","datePublished":"2025-09-08T18:42:40+00:00","dateModified":"2025-09-09T18:09:02+00:00","description":"Quando o respirador mec\u00e2nico \u00e9 utilizado no tratamento do coronav\u00edrus. Entenda os crit\u00e9rios para o in\u00edcio do suporte ventilat\u00f3rio.","breadcrumb":{"@id":"https:\/\/www.gvs.com.br\/medtech\/2025\/09\/08\/respirador-mecanico-no-coronavirus\/#breadcrumb"},"inLanguage":"pt-BR","potentialAction":[{"@type":"ReadAction","target":["https:\/\/www.gvs.com.br\/medtech\/2025\/09\/08\/respirador-mecanico-no-coronavirus\/"]}]},{"@type":"ImageObject","inLanguage":"pt-BR","@id":"https:\/\/www.gvs.com.br\/medtech\/2025\/09\/08\/respirador-mecanico-no-coronavirus\/#primaryimage","url":"https:\/\/www.gvs.com.br\/medtech\/wp-content\/uploads\/2025\/09\/topo-me-respiracao-mecanica.jpg","contentUrl":"https:\/\/www.gvs.com.br\/medtech\/wp-content\/uploads\/2025\/09\/topo-me-respiracao-mecanica.jpg","width":1123,"height":633},{"@type":"BreadcrumbList","@id":"https:\/\/www.gvs.com.br\/medtech\/2025\/09\/08\/respirador-mecanico-no-coronavirus\/#breadcrumb","itemListElement":[{"@type":"ListItem","position":1,"name":"In\u00edcio","item":"https:\/\/www.gvs.com.br\/medtech\/"},{"@type":"ListItem","position":2,"name":"Quando o respirador mec\u00e2nico \u00e9 utilizado no tratamento do coronav\u00edrus"}]},{"@type":"WebSite","@id":"https:\/\/www.gvs.com.br\/medtech\/#website","url":"https:\/\/www.gvs.com.br\/medtech\/","name":"MedTech","description":"","publisher":{"@id":"https:\/\/www.gvs.com.br\/medtech\/#organization"},"potentialAction":[{"@type":"SearchAction","target":{"@type":"EntryPoint","urlTemplate":"https:\/\/www.gvs.com.br\/medtech\/?s={search_term_string}"},"query-input":{"@type":"PropertyValueSpecification","valueRequired":true,"valueName":"search_term_string"}}],"inLanguage":"pt-BR"},{"@type":"Organization","@id":"https:\/\/www.gvs.com.br\/medtech\/#organization","name":"MedTech","url":"https:\/\/www.gvs.com.br\/medtech\/","logo":{"@type":"ImageObject","inLanguage":"pt-BR","@id":"https:\/\/www.gvs.com.br\/medtech\/#\/schema\/logo\/image\/","url":"https:\/\/www.gvs.com.br\/medtech\/wp-content\/uploads\/2024\/12\/logo-gvs.png","contentUrl":"https:\/\/www.gvs.com.br\/medtech\/wp-content\/uploads\/2024\/12\/logo-gvs.png","width":334,"height":201,"caption":"MedTech"},"image":{"@id":"https:\/\/www.gvs.com.br\/medtech\/#\/schema\/logo\/image\/"}},{"@type":"Person","@id":"https:\/\/www.gvs.com.br\/medtech\/#\/schema\/person\/93f5a042f2130ba3dc092e8229ec0d0a","name":"admin-gvs","image":{"@type":"ImageObject","inLanguage":"pt-BR","@id":"https:\/\/secure.gravatar.com\/avatar\/753807cf2c24e7c5051446eb4fc6c55657714e911f26a29329d9dc501ae35121?s=96&d=mm&r=g","url":"https:\/\/secure.gravatar.com\/avatar\/753807cf2c24e7c5051446eb4fc6c55657714e911f26a29329d9dc501ae35121?s=96&d=mm&r=g","contentUrl":"https:\/\/secure.gravatar.com\/avatar\/753807cf2c24e7c5051446eb4fc6c55657714e911f26a29329d9dc501ae35121?s=96&d=mm&r=g","caption":"admin-gvs"},"url":"https:\/\/www.gvs.com.br\/medtech\/author\/admin-gvs\/"}]}},"uagb_featured_image_src":{"full":["https:\/\/www.gvs.com.br\/medtech\/wp-content\/uploads\/2025\/09\/topo-me-respiracao-mecanica.jpg",1123,633,false],"thumbnail":["https:\/\/www.gvs.com.br\/medtech\/wp-content\/uploads\/2025\/09\/topo-me-respiracao-mecanica-150x150.jpg",150,150,true],"medium":["https:\/\/www.gvs.com.br\/medtech\/wp-content\/uploads\/2025\/09\/topo-me-respiracao-mecanica-300x169.jpg",300,169,true],"medium_large":["https:\/\/www.gvs.com.br\/medtech\/wp-content\/uploads\/2025\/09\/topo-me-respiracao-mecanica-768x433.jpg",768,433,true],"large":["https:\/\/www.gvs.com.br\/medtech\/wp-content\/uploads\/2025\/09\/topo-me-respiracao-mecanica-1024x577.jpg",1024,577,true],"1536x1536":["https:\/\/www.gvs.com.br\/medtech\/wp-content\/uploads\/2025\/09\/topo-me-respiracao-mecanica.jpg",1123,633,false],"2048x2048":["https:\/\/www.gvs.com.br\/medtech\/wp-content\/uploads\/2025\/09\/topo-me-respiracao-mecanica.jpg",1123,633,false]},"uagb_author_info":{"display_name":"admin-gvs","author_link":"https:\/\/www.gvs.com.br\/medtech\/author\/admin-gvs\/"},"uagb_comment_info":0,"uagb_excerpt":"Quando o respirador mec\u00e2nico \u00e9 utilizado no tratamento do coronav\u00edrus Entenda os crit\u00e9rios para o in\u00edcio do suporte ventilat\u00f3rio. Ainda [&hellip;]","_links":{"self":[{"href":"https:\/\/www.gvs.com.br\/medtech\/wp-json\/wp\/v2\/posts\/983","targetHints":{"allow":["GET"]}}],"collection":[{"href":"https:\/\/www.gvs.com.br\/medtech\/wp-json\/wp\/v2\/posts"}],"about":[{"href":"https:\/\/www.gvs.com.br\/medtech\/wp-json\/wp\/v2\/types\/post"}],"author":[{"embeddable":true,"href":"https:\/\/www.gvs.com.br\/medtech\/wp-json\/wp\/v2\/users\/3"}],"replies":[{"embeddable":true,"href":"https:\/\/www.gvs.com.br\/medtech\/wp-json\/wp\/v2\/comments?post=983"}],"version-history":[{"count":3,"href":"https:\/\/www.gvs.com.br\/medtech\/wp-json\/wp\/v2\/posts\/983\/revisions"}],"predecessor-version":[{"id":1108,"href":"https:\/\/www.gvs.com.br\/medtech\/wp-json\/wp\/v2\/posts\/983\/revisions\/1108"}],"wp:featuredmedia":[{"embeddable":true,"href":"https:\/\/www.gvs.com.br\/medtech\/wp-json\/wp\/v2\/media\/984"}],"wp:attachment":[{"href":"https:\/\/www.gvs.com.br\/medtech\/wp-json\/wp\/v2\/media?parent=983"}],"wp:term":[{"taxonomy":"category","embeddable":true,"href":"https:\/\/www.gvs.com.br\/medtech\/wp-json\/wp\/v2\/categories?post=983"},{"taxonomy":"post_tag","embeddable":true,"href":"https:\/\/www.gvs.com.br\/medtech\/wp-json\/wp\/v2\/tags?post=983"}],"curies":[{"name":"wp","href":"https:\/\/api.w.org\/{rel}","templated":true}]}}