{"id":971,"date":"2025-08-29T22:09:54","date_gmt":"2025-08-29T22:09:54","guid":{"rendered":"https:\/\/www.gvs.com.br\/medtech\/?p=971"},"modified":"2025-09-09T18:10:57","modified_gmt":"2025-09-09T18:10:57","slug":"traqueostomia","status":"publish","type":"post","link":"https:\/\/www.gvs.com.br\/medtech\/2025\/08\/29\/traqueostomia\/","title":{"rendered":"Traqueostomia: 10 perguntas frequentes sobre o tema e a quais modos ventilat\u00f3rios ela est\u00e1 a associada"},"content":{"rendered":"\n<div class=\"wp-block-uagb-container uagb-block-97360a92 alignfull uagb-is-root-container\"><div class=\"uagb-container-inner-blocks-wrap\">\n<div class=\"wp-block-uagb-advanced-heading uagb-block-b5b418f7\"><h2 class=\"uagb-heading-text\"><strong>Traqueostomia: 10 perguntas frequentes <br>sobre o tema e a quais modos ventilat\u00f3rios <br>ela est\u00e1 a associada<\/strong><\/h2><\/div>\n\n\n\n<div class=\"wp-block-uagb-advanced-heading uagb-block-4708a093\"><h2 class=\"uagb-heading-text\"><strong>Conhe\u00e7a mais a fundo essa t\u00e9cnica.<\/strong><\/h2><\/div>\n<\/div><\/div>\n\n\n\n<p class=\"has-text-align-justify has-text-align-justify\"><\/p>\n\n\n\n<p>Na medicina, diversos procedimentos, recursos e alternativas foram surgindo com o tempo. Todos eles t\u00eam o mesmo prop\u00f3sito: salvar vidas. E no caso da traqueostomia n\u00e3o \u00e9 diferente.<\/p>\n\n\n\n<p>Hoje voc\u00ea vai entender um pouco mais sobre essa t\u00e9cnica, lendo algumas das perguntas mais frequentes sobre o tema, com refer\u00eancia no&nbsp;<a href=\"https:\/\/www.cpaps.com.br\/blog\/traqueostomia-o-que-e-para-que-serve-modos-ventilatorios\/\"><strong>blog da CPAPs<\/strong><\/a>. E, al\u00e9m disso, vai conhecer um pouco mais sobre os m\u00e9todos ventilat\u00f3rios aos quais ela est\u00e1 diretamente ligada. Tenha uma \u00f3tima leitura!<\/p>\n\n\n\n<h3 class=\"wp-block-heading has-ast-global-color-0-color has-text-color has-link-color wp-elements-8d96cec653b44694f42119f03f80ada3\"><strong>10 perguntas sobre a traqueostomia<\/strong><\/h3>\n\n\n\n<h3 class=\"wp-block-heading has-ast-global-color-0-color has-text-color has-link-color wp-elements-eff85cdbf3f5908c8841edbcd8b845e3\">O que \u00e9 traqueostomia?<\/h3>\n\n\n\n<p>Na pr\u00e1tica, a&nbsp;<strong>traqueostomia<\/strong>&nbsp;se trata de um procedimento cir\u00fargico. Nele, \u00e9 feita uma abertura na parede da traqueia, que \u00e9 mantida aberta atrav\u00e9s de um tubo, de metal ou de pl\u00e1stico, chamado de c\u00e2nula.<\/p>\n\n\n\n<h3 class=\"wp-block-heading has-ast-global-color-0-color has-text-color has-link-color wp-elements-f1aa4fce1521f909689661ac4355e61e\">Quando ela \u00e9 feita?<\/h3>\n\n\n\n<p>A&nbsp;<strong>traqueostomia<\/strong>&nbsp;\u00e9 realizada com o objetivo de complementar certos tipos de procedimentos cir\u00fargicos. Al\u00e9m disso, ela tamb\u00e9m \u00e9 usada para manter a&nbsp;respira\u00e7\u00e3o do paciente est\u00e1vel, visando o m\u00ednimo comprometimento do seu conforto ao longo de interna\u00e7\u00f5es e tratamentos.<\/p>\n\n\n\n<h3 class=\"wp-block-heading has-ast-global-color-0-color has-text-color has-link-color wp-elements-fa542aafab3ca8fc49dffd7834380cdf\">Qual o seu objetivo?<\/h3>\n\n\n\n<p>A principal finalidade dessa t\u00e9cnica \u00e9 promover acesso direto \u00e0s vias a\u00e9reas dos pacientes, com a finalidade de manter a musculatura respirat\u00f3ria funcionando. Ela \u00e9 ainda mais importante em urg\u00eancias, onde o paciente possui um ac\u00famulo de secre\u00e7\u00e3o.<\/p>\n\n\n\n<h3 class=\"wp-block-heading has-ast-global-color-0-color has-text-color has-link-color wp-elements-ec733d05ff0547b73662f57c0cc8ddc6\">Por quanto tempo o paciente pode ficar com a traqueostomia?<\/h3>\n\n\n\n<p>Esse per\u00edodo pode variar a partir de diversas condi\u00e7\u00f5es do pr\u00f3prio paciente. Se seu quadro for revers\u00edvel, o uso da traqueo ser\u00e1 tempor\u00e1rio. Mas, em alguns casos, o seu uso pode se tornar definitivo.<\/p>\n\n\n\n<h3 class=\"wp-block-heading has-ast-global-color-0-color has-text-color has-link-color wp-elements-0c7f81fb4b371d9457edf3e09ddec578\">Nos casos revers\u00edveis, em quanto tempo \u00e9 poss\u00edvel retirar a traqueostomia?<\/h3>\n\n\n\n<p>Quando o paciente \u00e9 capaz de voltar a respirar saudavelmente a traqueostomia pode ser retirada. Quando necess\u00e1ria a realiza\u00e7\u00e3o da decanula\u00e7\u00e3o, o tempo de recupera\u00e7\u00e3o pode variar entre 5 e 30 dias.<\/p>\n\n\n\n<h3 class=\"wp-block-heading has-ast-global-color-0-color has-text-color has-link-color wp-elements-aa09b74194156b349fdcb2ee0083f4f6\">Quais os cuidados necess\u00e1rios?<\/h3>\n\n\n\n<p>\u00c9 fundamental possuir uma rotina de&nbsp;cuidados rigorosos com a traqueostomia, de modo a evitar problemas grandes, como infec\u00e7\u00e3o dos pulm\u00f5es e asfixia. Portanto, \u00e9 preciso retirar a c\u00e2nula interna para manter sua higieniza\u00e7\u00e3o sempre em dia. Tamb\u00e9m \u00e9 necess\u00e1rio trocar a gase que fica ao redor da traqueostomia e limpar a pele do pesco\u00e7o antes de colocar uma nova.<\/p>\n\n\n\n<h3 class=\"wp-block-heading has-ast-global-color-0-color has-text-color has-link-color wp-elements-596ee261e08d28995e7bf193f9cebec6\">Como fazer a aspira\u00e7\u00e3o?<\/h3>\n\n\n\n<p>Para evitar a obstru\u00e7\u00e3o da c\u00e2nula \u00e9 utilizado um aspirador de secre\u00e7\u00f5es. Esse procedimento \u00e9 necess\u00e1rio e de extrema import\u00e2ncia. Isso porque o ac\u00famulo de secre\u00e7\u00f5es pode prejudicar a chegada do ar nos pulm\u00f5es. Nos casos onde n\u00e3o h\u00e1 um aspirador dispon\u00edvel, o paciente precisa inalar ou receber 2ml de soro fisiol\u00f3gico na c\u00e2nula externa.<\/p>\n\n\n\n<figure class=\"wp-block-image aligncenter size-large\"><img loading=\"lazy\" decoding=\"async\" width=\"1024\" height=\"323\" src=\"https:\/\/www.gvs.com.br\/medtech\/wp-content\/uploads\/2025\/08\/meio-me-traqueostomia-2-1024x323.jpg\" alt=\"\" class=\"wp-image-973\" srcset=\"https:\/\/www.gvs.com.br\/medtech\/wp-content\/uploads\/2025\/08\/meio-me-traqueostomia-2-1024x323.jpg 1024w, https:\/\/www.gvs.com.br\/medtech\/wp-content\/uploads\/2025\/08\/meio-me-traqueostomia-2-300x95.jpg 300w, https:\/\/www.gvs.com.br\/medtech\/wp-content\/uploads\/2025\/08\/meio-me-traqueostomia-2-768x242.jpg 768w, https:\/\/www.gvs.com.br\/medtech\/wp-content\/uploads\/2025\/08\/meio-me-traqueostomia-2.jpg 1110w\" sizes=\"auto, (max-width: 1024px) 100vw, 1024px\" \/><\/figure>\n\n\n\n<p>Desse modo, a secre\u00e7\u00e3o \u00e9 expelida atrav\u00e9s da tosse, ajudando na limpeza.<\/p>\n\n\n\n<h3 class=\"wp-block-heading has-ast-global-color-0-color has-text-color has-link-color wp-elements-8bc043ee10ec0e5e946282f07a56005a\">Existe algum risco na traqueostomia?<\/h3>\n\n\n\n<p>Essa resposta tamb\u00e9m pode variar a partir das condi\u00e7\u00f5es de cada paciente. No entanto, como em qualquer procedimento cir\u00fargico, existem riscos como sangramentos e infec\u00e7\u00f5es. Alguns riscos espec\u00edficos deste procedimento s\u00e3o:<\/p>\n\n\n\n<ul class=\"wp-block-list\">\n<li>obstru\u00e7\u00e3o da c\u00e2nula por alguma secre\u00e7\u00e3o;<\/li>\n\n\n\n<li>les\u00e3o do es\u00f4fago;<\/li>\n\n\n\n<li>edema na regi\u00e3o;<\/li>\n\n\n\n<li>problemas ao deglutir alimentos ou na cicatriza\u00e7\u00e3o.<\/li>\n<\/ul>\n\n\n\n<h3 class=\"wp-block-heading has-ast-global-color-0-color has-text-color has-link-color wp-elements-10bf7c7a6f3859a19510bb89c0435dc4\">Como a traqueostomia \u00e9 aplicada?<\/h3>\n\n\n\n<p>Por ser um procedimento um tanto delicado, o paciente recebe uma anestesia geral para receber a traqueo. Sendo assim, o cirurgi\u00e3o higieniza a regi\u00e3o que receber\u00e1 o corte, de modo a expor os an\u00e9is de cartilagem.&nbsp;Em seguida, um segundo corte \u00e9 realizado entre dois an\u00e9is, onde ser\u00e1 inserida a c\u00e2nula.<\/p>\n\n\n\n<h3 class=\"wp-block-heading has-ast-global-color-0-color has-text-color has-link-color wp-elements-8796a2a5c46f8e6a33e083e569928586\">Os modos ventilat\u00f3rios utilizados na traqueostomia<\/h3>\n\n\n\n<h4 class=\"wp-block-heading has-ast-global-color-0-color has-text-color has-link-color wp-elements-cb00310ac83713715abaea023a20178c\"><strong>Ventila\u00e7\u00e3o mec\u00e2nica em volume controlado<\/strong><\/h4>\n\n\n\n<p>Nele, a frequ\u00eancia respirat\u00f3ria e o volume corrente s\u00e3o cont\u00ednuos e definidos previamente. Ele \u00e9 comumente utilizado em pacientes que n\u00e3o t\u00eam capacidade de exercer o m\u00ednimo ou nenhum esfor\u00e7o respirat\u00f3rio. Este modo ventilat\u00f3rio est\u00e1 indicado para pacientes que n\u00e3o conseguem exercer o m\u00ednimo ou nenhum esfor\u00e7o respirat\u00f3rio.<\/p>\n\n\n\n<h4 class=\"wp-block-heading has-ast-global-color-0-color has-text-color has-link-color wp-elements-5c6fe193437b90b4e072e334ce7fa556\"><strong>Ventila\u00e7\u00e3o assistida controlada<\/strong><\/h4>\n\n\n\n<p>Aqui, funciona um mecanismo misto de disparo, de fase inspirat\u00f3ria por tempo ou por press\u00e3o. Nele, a press\u00e3o \u00e9 ativada atrav\u00e9s da inspira\u00e7\u00e3o do paciente, que ocorre de forma assistida. Em seguida, o tempo de disparo acontece pelo aparelho, de forma controlada. Desse modo, esse tipo de ventila\u00e7\u00e3o garante que haja uma frequ\u00eancia m\u00ednima.<\/p>\n\n\n\n<p>Ele conta com o ajuste de sensibilidade, que promove o controle do n\u00edvel de esfor\u00e7o inspirat\u00f3rio, que ativa a fase inspirat\u00f3ria. \u00c9 utilizado quando h\u00e1 drive respirat\u00f3rio, mas os m\u00fasculos respirat\u00f3rios.<\/p>\n\n\n\n<h4 class=\"wp-block-heading has-ast-global-color-0-color has-text-color has-link-color wp-elements-3cacc4023a2d915b6f090b1cbe098596\"><strong>Ventila\u00e7\u00e3o com press\u00e3o de suporte<\/strong><\/h4>\n\n\n\n<p>Indicado apenas para quando h\u00e1 drive respirat\u00f3rio do paciente, ele \u00e9 um modo de ventila\u00e7\u00e3o espont\u00e2nea. Ou seja, o disparo \u00e9 feito pelo pr\u00f3prio paciente e o ventilador assiste \u00e0 ventila\u00e7\u00e3o atrav\u00e9s da manuten\u00e7\u00e3o da press\u00e3o positiva pr\u00e9-estabelecida.<\/p>\n\n\n\n<h4 class=\"wp-block-heading has-ast-global-color-0-color has-text-color has-link-color wp-elements-71a82b5cbf01101b54ab534ceb90ba21\"><strong>Press\u00e3o positiva continua nas vias a\u00e9reas<\/strong><\/h4>\n\n\n\n<p>Nesse modo, a ventila\u00e7\u00e3o ocorre espontaneamente pelo paciente. No entanto, existe uma pressuriza\u00e7\u00e3o cont\u00ednua na inspira\u00e7\u00e3o e na expira\u00e7\u00e3o. Desse modo, o volume corrente depende do esfor\u00e7o inspirat\u00f3rio do paciente e de sua mec\u00e2nica respirat\u00f3ria.<\/p>\n\n\n\n<p>Sendo assim, conclui-se que a&nbsp;<strong>traqueostomia<\/strong>&nbsp;e seus modos ventilat\u00f3rios acontecem a partir do que \u00e9 mais indicado para o caso de cada paciente. Al\u00e9m disso, outros fatores podem interferir, como os equipamentos dispon\u00edveis e, principalmente a experi\u00eancia da equipe respons\u00e1vel.<\/p>\n\n\n\n<h3 class=\"wp-block-heading has-ast-global-color-0-color has-text-color has-link-color wp-elements-e5e87e012f615ca13c110b46523808e3\">Os equipamentos ideias<\/h3>\n\n\n\n<p>Por se tratar de um procedimento delicado e minucioso, o ideal \u00e9 contar com equipamentos de alto n\u00edvel, que ajudem a garantir a sa\u00fade, prote\u00e7\u00e3o e respira\u00e7\u00e3o aos pacientes.<\/p>\n\n\n\n<p>A GVS conta com filtros espec\u00edficos para a aplica\u00e7\u00e3o em traqueostomia, que protegem os pacientes da contamina\u00e7\u00e3o cruzada em respira\u00e7\u00e3o espont\u00e2nea. Conhe\u00e7a-os&nbsp;<a href=\"https:\/\/www.gvs.com.br\/medtech\/\" target=\"_blank\" rel=\"noreferrer noopener\"><strong>acessando o nosso site<\/strong><\/a>!<\/p>\n\n\n\n<p>Quer ler mais sobre ventila\u00e7\u00e3o mec\u00e2nica? Ent\u00e3o continue no nosso blog e leia o texto<a href=\"https:\/\/www.gvs.com.br\/medtech\/2025\/09\/08\/pneumologia-na-ventilacao-mecanica\/\" target=\"_blank\" rel=\"noreferrer noopener\">\u00a0<strong>Pneumologia na Ventila\u00e7\u00e3o Mec\u00e2nica: entenda melhor como surgem as doen\u00e7as e como evit\u00e1-las<\/strong><\/a>.<\/p>\n\n\n\n<div class=\"wp-block-uagb-separator uagb-block-ea6e94c0\"><div class=\"uagb-separator-spacing-wrapper\"><div class=\"wp-block-uagb-separator__inner\" style=\"--my-background-image:\"><\/div><\/div><\/div>\n\n\n\n<div class=\"wp-block-uagb-call-to-action uagb-block-9987562e wp-block-button\"><div class=\"uagb-cta__wrap\"><h3 class=\"uagb-cta__title\">Gostou do conte\u00fado?<\/h3><p class=\"uagb-cta__desc\">Entre em nosso blog e leia mais artigos como esse!<\/p><\/div><div class=\"uagb-cta__buttons\"><a href=\"https:\/\/gvs.com.br\/medtech\/blog\/\" class=\"uagb-cta__button-link-wrapper wp-block-button__link\" target=\"_self\" rel=\"noopener noreferrer\">Acesse<\/a><\/div><\/div>\n\n\n\n<div class=\"wp-block-uagb-separator uagb-block-89841de0\"><div class=\"uagb-separator-spacing-wrapper\"><div class=\"wp-block-uagb-separator__inner\" style=\"--my-background-image:\"><\/div><\/div><\/div>\n\n\n\n<div class=\"wp-block-uagb-call-to-action uagb-block-767538e5 wp-block-button\"><div class=\"uagb-cta__wrap\"><h3 class=\"uagb-cta__title\">Fale com a gente!<\/h3><p class=\"uagb-cta__desc\">Entre em contato com o nosso time hoje mesmo, esclare\u00e7a as suas d\u00favidas e&nbsp;<strong>solicite a sua cota\u00e7\u00e3o!<\/strong><\/p><\/div><div class=\"uagb-cta__buttons\"><a href=\"https:\/\/wa.me\/5519991369490\" class=\"uagb-cta__button-link-wrapper wp-block-button__link\" target=\"_blank\" rel=\"noopener noreferrer\"><svg xmlns=\"https:\/\/www.w3.org\/2000\/svg\" viewBox=\"0 0 448 512\"><path d=\"M380.9 97.1C339 55.1 283.2 32 223.9 32c-122.4 0-222 99.6-222 222 0 39.1 10.2 77.3 29.6 111L0 480l117.7-30.9c32.4 17.7 68.9 27 106.1 27h.1c122.3 0 224.1-99.6 224.1-222 0-59.3-25.2-115-67.1-157zm-157 341.6c-33.2 0-65.7-8.9-94-25.7l-6.7-4-69.8 18.3L72 359.2l-4.4-7c-18.5-29.4-28.2-63.3-28.2-98.2 0-101.7 82.8-184.5 184.6-184.5 49.3 0 95.6 19.2 130.4 54.1 34.8 34.9 56.2 81.2 56.1 130.5 0 101.8-84.9 184.6-186.6 184.6zm101.2-138.2c-5.5-2.8-32.8-16.2-37.9-18-5.1-1.9-8.8-2.8-12.5 2.8-3.7 5.6-14.3 18-17.6 21.8-3.2 3.7-6.5 4.2-12 1.4-32.6-16.3-54-29.1-75.5-66-5.7-9.8 5.7-9.1 16.3-30.3 1.8-3.7 .9-6.9-.5-9.7-1.4-2.8-12.5-30.1-17.1-41.2-4.5-10.8-9.1-9.3-12.5-9.5-3.2-.2-6.9-.2-10.6-.2-3.7 0-9.7 1.4-14.8 6.9-5.1 5.6-19.4 19-19.4 46.3 0 27.3 19.9 53.7 22.6 57.4 2.8 3.7 39.1 59.7 94.8 83.8 35.2 15.2 49 16.5 66.6 13.9 10.7-1.6 32.8-13.4 37.4-26.4 4.6-13 4.6-24.1 3.2-26.4-1.3-2.5-5-3.9-10.5-6.6z\"><\/path><\/svg>WhatsApp<\/a><\/div><\/div>\n\n\n\n<p><\/p>\n","protected":false},"excerpt":{"rendered":"<p>Traqueostomia: 10 perguntas frequentes sobre o tema e a quais modos ventilat\u00f3rios ela est\u00e1 a associada Conhe\u00e7a mais a fundo [&hellip;]<\/p>\n","protected":false},"author":3,"featured_media":972,"comment_status":"open","ping_status":"open","sticky":false,"template":"","format":"standard","meta":{"_uag_custom_page_level_css":"","site-sidebar-layout":"default","site-content-layout":"","ast-site-content-layout":"default","site-content-style":"default","site-sidebar-style":"default","ast-global-header-display":"","ast-banner-title-visibility":"","ast-main-header-display":"","ast-hfb-above-header-display":"","ast-hfb-below-header-display":"","ast-hfb-mobile-header-display":"","site-post-title":"disabled","ast-breadcrumbs-content":"","ast-featured-img":"disabled","footer-sml-layout":"","ast-disable-related-posts":"","theme-transparent-header-meta":"","adv-header-id-meta":"","stick-header-meta":"","header-above-stick-meta":"","header-main-stick-meta":"","header-below-stick-meta":"","astra-migrate-meta-layouts":"default","ast-page-background-enabled":"default","ast-page-background-meta":{"desktop":{"background-color":"var(--ast-global-color-4)","background-image":"","background-repeat":"repeat","background-position":"center center","background-size":"auto","background-attachment":"scroll","background-type":"","background-media":"","overlay-type":"","overlay-color":"","overlay-opacity":"","overlay-gradient":""},"tablet":{"background-color":"","background-image":"","background-repeat":"repeat","background-position":"center center","background-size":"auto","background-attachment":"scroll","background-type":"","background-media":"","overlay-type":"","overlay-color":"","overlay-opacity":"","overlay-gradient":""},"mobile":{"background-color":"","background-image":"","background-repeat":"repeat","background-position":"center center","background-size":"auto","background-attachment":"scroll","background-type":"","background-media":"","overlay-type":"","overlay-color":"","overlay-opacity":"","overlay-gradient":""}},"ast-content-background-meta":{"desktop":{"background-color":"var(--ast-global-color-5)","background-image":"","background-repeat":"repeat","background-position":"center center","background-size":"auto","background-attachment":"scroll","background-type":"","background-media":"","overlay-type":"","overlay-color":"","overlay-opacity":"","overlay-gradient":""},"tablet":{"background-color":"var(--ast-global-color-5)","background-image":"","background-repeat":"repeat","background-position":"center center","background-size":"auto","background-attachment":"scroll","background-type":"","background-media":"","overlay-type":"","overlay-color":"","overlay-opacity":"","overlay-gradient":""},"mobile":{"background-color":"var(--ast-global-color-5)","background-image":"","background-repeat":"repeat","background-position":"center center","background-size":"auto","background-attachment":"scroll","background-type":"","background-media":"","overlay-type":"","overlay-color":"","overlay-opacity":"","overlay-gradient":""}},"footnotes":""},"categories":[8,7],"tags":[21,22],"class_list":["post-971","post","type-post","status-publish","format-standard","has-post-thumbnail","hentry","category-gvs","category-medtech","tag-equipamentos-medicos","tag-produtos-hospitalares"],"yoast_head":"<!-- This site is optimized with the Yoast SEO plugin v27.5 - https:\/\/yoast.com\/product\/yoast-seo-wordpress\/ -->\n<title>Traqueostomia<\/title>\n<meta name=\"description\" content=\"Traqueostomia: 10 perguntas frequentes sobre o tema e a quais modos ventilat\u00f3rios ela est\u00e1 a associadaConhe\u00e7a mais a fundo essa t\u00e9cnica.\" \/>\n<meta name=\"robots\" content=\"index, follow, max-snippet:-1, max-image-preview:large, max-video-preview:-1\" \/>\n<link rel=\"canonical\" href=\"https:\/\/www.gvs.com.br\/medtech\/2025\/08\/29\/traqueostomia\/\" \/>\n<meta property=\"og:locale\" content=\"pt_BR\" \/>\n<meta property=\"og:type\" content=\"article\" \/>\n<meta property=\"og:title\" content=\"Traqueostomia\" \/>\n<meta property=\"og:description\" content=\"Traqueostomia: 10 perguntas frequentes sobre o tema e a quais modos ventilat\u00f3rios ela est\u00e1 a associadaConhe\u00e7a mais a fundo essa t\u00e9cnica.\" \/>\n<meta property=\"og:url\" content=\"https:\/\/www.gvs.com.br\/medtech\/2025\/08\/29\/traqueostomia\/\" \/>\n<meta property=\"og:site_name\" content=\"MedTech\" \/>\n<meta property=\"article:published_time\" content=\"2025-08-29T22:09:54+00:00\" \/>\n<meta property=\"article:modified_time\" content=\"2025-09-09T18:10:57+00:00\" \/>\n<meta property=\"og:image\" content=\"https:\/\/www.gvs.com.br\/medtech\/wp-content\/uploads\/2025\/08\/topo-me-traqueostomia-2.jpg\" \/>\n\t<meta property=\"og:image:width\" content=\"1123\" \/>\n\t<meta property=\"og:image:height\" content=\"633\" \/>\n\t<meta property=\"og:image:type\" content=\"image\/jpeg\" \/>\n<meta name=\"author\" content=\"admin-gvs\" \/>\n<meta name=\"twitter:card\" content=\"summary_large_image\" \/>\n<meta name=\"twitter:label1\" content=\"Escrito por\" \/>\n\t<meta name=\"twitter:data1\" content=\"admin-gvs\" \/>\n\t<meta name=\"twitter:label2\" content=\"Est. tempo de leitura\" \/>\n\t<meta name=\"twitter:data2\" content=\"6 minutos\" \/>\n<script type=\"application\/ld+json\" class=\"yoast-schema-graph\">{\"@context\":\"https:\\\/\\\/schema.org\",\"@graph\":[{\"@type\":\"Article\",\"@id\":\"https:\\\/\\\/www.gvs.com.br\\\/medtech\\\/2025\\\/08\\\/29\\\/traqueostomia\\\/#article\",\"isPartOf\":{\"@id\":\"https:\\\/\\\/www.gvs.com.br\\\/medtech\\\/2025\\\/08\\\/29\\\/traqueostomia\\\/\"},\"author\":{\"name\":\"admin-gvs\",\"@id\":\"https:\\\/\\\/www.gvs.com.br\\\/medtech\\\/#\\\/schema\\\/person\\\/93f5a042f2130ba3dc092e8229ec0d0a\"},\"headline\":\"Traqueostomia: 10 perguntas frequentes sobre o tema e a quais modos ventilat\u00f3rios ela est\u00e1 a associada\",\"datePublished\":\"2025-08-29T22:09:54+00:00\",\"dateModified\":\"2025-09-09T18:10:57+00:00\",\"mainEntityOfPage\":{\"@id\":\"https:\\\/\\\/www.gvs.com.br\\\/medtech\\\/2025\\\/08\\\/29\\\/traqueostomia\\\/\"},\"wordCount\":1114,\"commentCount\":0,\"publisher\":{\"@id\":\"https:\\\/\\\/www.gvs.com.br\\\/medtech\\\/#organization\"},\"image\":{\"@id\":\"https:\\\/\\\/www.gvs.com.br\\\/medtech\\\/2025\\\/08\\\/29\\\/traqueostomia\\\/#primaryimage\"},\"thumbnailUrl\":\"https:\\\/\\\/www.gvs.com.br\\\/medtech\\\/wp-content\\\/uploads\\\/2025\\\/08\\\/topo-me-traqueostomia-2.jpg\",\"keywords\":[\"Equipamentos m\u00e9dicos\",\"Produtos hospitalares\"],\"articleSection\":[\"GVS\",\"MedTech\"],\"inLanguage\":\"pt-BR\",\"potentialAction\":[{\"@type\":\"CommentAction\",\"name\":\"Comment\",\"target\":[\"https:\\\/\\\/www.gvs.com.br\\\/medtech\\\/2025\\\/08\\\/29\\\/traqueostomia\\\/#respond\"]}]},{\"@type\":\"WebPage\",\"@id\":\"https:\\\/\\\/www.gvs.com.br\\\/medtech\\\/2025\\\/08\\\/29\\\/traqueostomia\\\/\",\"url\":\"https:\\\/\\\/www.gvs.com.br\\\/medtech\\\/2025\\\/08\\\/29\\\/traqueostomia\\\/\",\"name\":\"Traqueostomia\",\"isPartOf\":{\"@id\":\"https:\\\/\\\/www.gvs.com.br\\\/medtech\\\/#website\"},\"primaryImageOfPage\":{\"@id\":\"https:\\\/\\\/www.gvs.com.br\\\/medtech\\\/2025\\\/08\\\/29\\\/traqueostomia\\\/#primaryimage\"},\"image\":{\"@id\":\"https:\\\/\\\/www.gvs.com.br\\\/medtech\\\/2025\\\/08\\\/29\\\/traqueostomia\\\/#primaryimage\"},\"thumbnailUrl\":\"https:\\\/\\\/www.gvs.com.br\\\/medtech\\\/wp-content\\\/uploads\\\/2025\\\/08\\\/topo-me-traqueostomia-2.jpg\",\"datePublished\":\"2025-08-29T22:09:54+00:00\",\"dateModified\":\"2025-09-09T18:10:57+00:00\",\"description\":\"Traqueostomia: 10 perguntas frequentes sobre o tema e a quais modos ventilat\u00f3rios ela est\u00e1 a associadaConhe\u00e7a mais a fundo essa t\u00e9cnica.\",\"breadcrumb\":{\"@id\":\"https:\\\/\\\/www.gvs.com.br\\\/medtech\\\/2025\\\/08\\\/29\\\/traqueostomia\\\/#breadcrumb\"},\"inLanguage\":\"pt-BR\",\"potentialAction\":[{\"@type\":\"ReadAction\",\"target\":[\"https:\\\/\\\/www.gvs.com.br\\\/medtech\\\/2025\\\/08\\\/29\\\/traqueostomia\\\/\"]}]},{\"@type\":\"ImageObject\",\"inLanguage\":\"pt-BR\",\"@id\":\"https:\\\/\\\/www.gvs.com.br\\\/medtech\\\/2025\\\/08\\\/29\\\/traqueostomia\\\/#primaryimage\",\"url\":\"https:\\\/\\\/www.gvs.com.br\\\/medtech\\\/wp-content\\\/uploads\\\/2025\\\/08\\\/topo-me-traqueostomia-2.jpg\",\"contentUrl\":\"https:\\\/\\\/www.gvs.com.br\\\/medtech\\\/wp-content\\\/uploads\\\/2025\\\/08\\\/topo-me-traqueostomia-2.jpg\",\"width\":1123,\"height\":633},{\"@type\":\"BreadcrumbList\",\"@id\":\"https:\\\/\\\/www.gvs.com.br\\\/medtech\\\/2025\\\/08\\\/29\\\/traqueostomia\\\/#breadcrumb\",\"itemListElement\":[{\"@type\":\"ListItem\",\"position\":1,\"name\":\"In\u00edcio\",\"item\":\"https:\\\/\\\/www.gvs.com.br\\\/medtech\\\/\"},{\"@type\":\"ListItem\",\"position\":2,\"name\":\"Traqueostomia: 10 perguntas frequentes sobre o tema e a quais modos ventilat\u00f3rios ela est\u00e1 a associada\"}]},{\"@type\":\"WebSite\",\"@id\":\"https:\\\/\\\/www.gvs.com.br\\\/medtech\\\/#website\",\"url\":\"https:\\\/\\\/www.gvs.com.br\\\/medtech\\\/\",\"name\":\"MedTech\",\"description\":\"\",\"publisher\":{\"@id\":\"https:\\\/\\\/www.gvs.com.br\\\/medtech\\\/#organization\"},\"potentialAction\":[{\"@type\":\"SearchAction\",\"target\":{\"@type\":\"EntryPoint\",\"urlTemplate\":\"https:\\\/\\\/www.gvs.com.br\\\/medtech\\\/?s={search_term_string}\"},\"query-input\":{\"@type\":\"PropertyValueSpecification\",\"valueRequired\":true,\"valueName\":\"search_term_string\"}}],\"inLanguage\":\"pt-BR\"},{\"@type\":\"Organization\",\"@id\":\"https:\\\/\\\/www.gvs.com.br\\\/medtech\\\/#organization\",\"name\":\"MedTech\",\"url\":\"https:\\\/\\\/www.gvs.com.br\\\/medtech\\\/\",\"logo\":{\"@type\":\"ImageObject\",\"inLanguage\":\"pt-BR\",\"@id\":\"https:\\\/\\\/www.gvs.com.br\\\/medtech\\\/#\\\/schema\\\/logo\\\/image\\\/\",\"url\":\"https:\\\/\\\/www.gvs.com.br\\\/medtech\\\/wp-content\\\/uploads\\\/2024\\\/12\\\/logo-gvs.png\",\"contentUrl\":\"https:\\\/\\\/www.gvs.com.br\\\/medtech\\\/wp-content\\\/uploads\\\/2024\\\/12\\\/logo-gvs.png\",\"width\":334,\"height\":201,\"caption\":\"MedTech\"},\"image\":{\"@id\":\"https:\\\/\\\/www.gvs.com.br\\\/medtech\\\/#\\\/schema\\\/logo\\\/image\\\/\"}},{\"@type\":\"Person\",\"@id\":\"https:\\\/\\\/www.gvs.com.br\\\/medtech\\\/#\\\/schema\\\/person\\\/93f5a042f2130ba3dc092e8229ec0d0a\",\"name\":\"admin-gvs\",\"image\":{\"@type\":\"ImageObject\",\"inLanguage\":\"pt-BR\",\"@id\":\"https:\\\/\\\/secure.gravatar.com\\\/avatar\\\/753807cf2c24e7c5051446eb4fc6c55657714e911f26a29329d9dc501ae35121?s=96&d=mm&r=g\",\"url\":\"https:\\\/\\\/secure.gravatar.com\\\/avatar\\\/753807cf2c24e7c5051446eb4fc6c55657714e911f26a29329d9dc501ae35121?s=96&d=mm&r=g\",\"contentUrl\":\"https:\\\/\\\/secure.gravatar.com\\\/avatar\\\/753807cf2c24e7c5051446eb4fc6c55657714e911f26a29329d9dc501ae35121?s=96&d=mm&r=g\",\"caption\":\"admin-gvs\"},\"url\":\"https:\\\/\\\/www.gvs.com.br\\\/medtech\\\/author\\\/admin-gvs\\\/\"}]}<\/script>\n<!-- \/ Yoast SEO plugin. -->","yoast_head_json":{"title":"Traqueostomia","description":"Traqueostomia: 10 perguntas frequentes sobre o tema e a quais modos ventilat\u00f3rios ela est\u00e1 a associadaConhe\u00e7a mais a fundo essa t\u00e9cnica.","robots":{"index":"index","follow":"follow","max-snippet":"max-snippet:-1","max-image-preview":"max-image-preview:large","max-video-preview":"max-video-preview:-1"},"canonical":"https:\/\/www.gvs.com.br\/medtech\/2025\/08\/29\/traqueostomia\/","og_locale":"pt_BR","og_type":"article","og_title":"Traqueostomia","og_description":"Traqueostomia: 10 perguntas frequentes sobre o tema e a quais modos ventilat\u00f3rios ela est\u00e1 a associadaConhe\u00e7a mais a fundo essa t\u00e9cnica.","og_url":"https:\/\/www.gvs.com.br\/medtech\/2025\/08\/29\/traqueostomia\/","og_site_name":"MedTech","article_published_time":"2025-08-29T22:09:54+00:00","article_modified_time":"2025-09-09T18:10:57+00:00","og_image":[{"width":1123,"height":633,"url":"https:\/\/www.gvs.com.br\/medtech\/wp-content\/uploads\/2025\/08\/topo-me-traqueostomia-2.jpg","type":"image\/jpeg"}],"author":"admin-gvs","twitter_card":"summary_large_image","twitter_misc":{"Escrito por":"admin-gvs","Est. tempo de leitura":"6 minutos"},"schema":{"@context":"https:\/\/schema.org","@graph":[{"@type":"Article","@id":"https:\/\/www.gvs.com.br\/medtech\/2025\/08\/29\/traqueostomia\/#article","isPartOf":{"@id":"https:\/\/www.gvs.com.br\/medtech\/2025\/08\/29\/traqueostomia\/"},"author":{"name":"admin-gvs","@id":"https:\/\/www.gvs.com.br\/medtech\/#\/schema\/person\/93f5a042f2130ba3dc092e8229ec0d0a"},"headline":"Traqueostomia: 10 perguntas frequentes sobre o tema e a quais modos ventilat\u00f3rios ela est\u00e1 a associada","datePublished":"2025-08-29T22:09:54+00:00","dateModified":"2025-09-09T18:10:57+00:00","mainEntityOfPage":{"@id":"https:\/\/www.gvs.com.br\/medtech\/2025\/08\/29\/traqueostomia\/"},"wordCount":1114,"commentCount":0,"publisher":{"@id":"https:\/\/www.gvs.com.br\/medtech\/#organization"},"image":{"@id":"https:\/\/www.gvs.com.br\/medtech\/2025\/08\/29\/traqueostomia\/#primaryimage"},"thumbnailUrl":"https:\/\/www.gvs.com.br\/medtech\/wp-content\/uploads\/2025\/08\/topo-me-traqueostomia-2.jpg","keywords":["Equipamentos m\u00e9dicos","Produtos hospitalares"],"articleSection":["GVS","MedTech"],"inLanguage":"pt-BR","potentialAction":[{"@type":"CommentAction","name":"Comment","target":["https:\/\/www.gvs.com.br\/medtech\/2025\/08\/29\/traqueostomia\/#respond"]}]},{"@type":"WebPage","@id":"https:\/\/www.gvs.com.br\/medtech\/2025\/08\/29\/traqueostomia\/","url":"https:\/\/www.gvs.com.br\/medtech\/2025\/08\/29\/traqueostomia\/","name":"Traqueostomia","isPartOf":{"@id":"https:\/\/www.gvs.com.br\/medtech\/#website"},"primaryImageOfPage":{"@id":"https:\/\/www.gvs.com.br\/medtech\/2025\/08\/29\/traqueostomia\/#primaryimage"},"image":{"@id":"https:\/\/www.gvs.com.br\/medtech\/2025\/08\/29\/traqueostomia\/#primaryimage"},"thumbnailUrl":"https:\/\/www.gvs.com.br\/medtech\/wp-content\/uploads\/2025\/08\/topo-me-traqueostomia-2.jpg","datePublished":"2025-08-29T22:09:54+00:00","dateModified":"2025-09-09T18:10:57+00:00","description":"Traqueostomia: 10 perguntas frequentes sobre o tema e a quais modos ventilat\u00f3rios ela est\u00e1 a associadaConhe\u00e7a mais a fundo essa t\u00e9cnica.","breadcrumb":{"@id":"https:\/\/www.gvs.com.br\/medtech\/2025\/08\/29\/traqueostomia\/#breadcrumb"},"inLanguage":"pt-BR","potentialAction":[{"@type":"ReadAction","target":["https:\/\/www.gvs.com.br\/medtech\/2025\/08\/29\/traqueostomia\/"]}]},{"@type":"ImageObject","inLanguage":"pt-BR","@id":"https:\/\/www.gvs.com.br\/medtech\/2025\/08\/29\/traqueostomia\/#primaryimage","url":"https:\/\/www.gvs.com.br\/medtech\/wp-content\/uploads\/2025\/08\/topo-me-traqueostomia-2.jpg","contentUrl":"https:\/\/www.gvs.com.br\/medtech\/wp-content\/uploads\/2025\/08\/topo-me-traqueostomia-2.jpg","width":1123,"height":633},{"@type":"BreadcrumbList","@id":"https:\/\/www.gvs.com.br\/medtech\/2025\/08\/29\/traqueostomia\/#breadcrumb","itemListElement":[{"@type":"ListItem","position":1,"name":"In\u00edcio","item":"https:\/\/www.gvs.com.br\/medtech\/"},{"@type":"ListItem","position":2,"name":"Traqueostomia: 10 perguntas frequentes sobre o tema e a quais modos ventilat\u00f3rios ela est\u00e1 a associada"}]},{"@type":"WebSite","@id":"https:\/\/www.gvs.com.br\/medtech\/#website","url":"https:\/\/www.gvs.com.br\/medtech\/","name":"MedTech","description":"","publisher":{"@id":"https:\/\/www.gvs.com.br\/medtech\/#organization"},"potentialAction":[{"@type":"SearchAction","target":{"@type":"EntryPoint","urlTemplate":"https:\/\/www.gvs.com.br\/medtech\/?s={search_term_string}"},"query-input":{"@type":"PropertyValueSpecification","valueRequired":true,"valueName":"search_term_string"}}],"inLanguage":"pt-BR"},{"@type":"Organization","@id":"https:\/\/www.gvs.com.br\/medtech\/#organization","name":"MedTech","url":"https:\/\/www.gvs.com.br\/medtech\/","logo":{"@type":"ImageObject","inLanguage":"pt-BR","@id":"https:\/\/www.gvs.com.br\/medtech\/#\/schema\/logo\/image\/","url":"https:\/\/www.gvs.com.br\/medtech\/wp-content\/uploads\/2024\/12\/logo-gvs.png","contentUrl":"https:\/\/www.gvs.com.br\/medtech\/wp-content\/uploads\/2024\/12\/logo-gvs.png","width":334,"height":201,"caption":"MedTech"},"image":{"@id":"https:\/\/www.gvs.com.br\/medtech\/#\/schema\/logo\/image\/"}},{"@type":"Person","@id":"https:\/\/www.gvs.com.br\/medtech\/#\/schema\/person\/93f5a042f2130ba3dc092e8229ec0d0a","name":"admin-gvs","image":{"@type":"ImageObject","inLanguage":"pt-BR","@id":"https:\/\/secure.gravatar.com\/avatar\/753807cf2c24e7c5051446eb4fc6c55657714e911f26a29329d9dc501ae35121?s=96&d=mm&r=g","url":"https:\/\/secure.gravatar.com\/avatar\/753807cf2c24e7c5051446eb4fc6c55657714e911f26a29329d9dc501ae35121?s=96&d=mm&r=g","contentUrl":"https:\/\/secure.gravatar.com\/avatar\/753807cf2c24e7c5051446eb4fc6c55657714e911f26a29329d9dc501ae35121?s=96&d=mm&r=g","caption":"admin-gvs"},"url":"https:\/\/www.gvs.com.br\/medtech\/author\/admin-gvs\/"}]}},"uagb_featured_image_src":{"full":["https:\/\/www.gvs.com.br\/medtech\/wp-content\/uploads\/2025\/08\/topo-me-traqueostomia-2.jpg",1123,633,false],"thumbnail":["https:\/\/www.gvs.com.br\/medtech\/wp-content\/uploads\/2025\/08\/topo-me-traqueostomia-2-150x150.jpg",150,150,true],"medium":["https:\/\/www.gvs.com.br\/medtech\/wp-content\/uploads\/2025\/08\/topo-me-traqueostomia-2-300x169.jpg",300,169,true],"medium_large":["https:\/\/www.gvs.com.br\/medtech\/wp-content\/uploads\/2025\/08\/topo-me-traqueostomia-2-768x433.jpg",768,433,true],"large":["https:\/\/www.gvs.com.br\/medtech\/wp-content\/uploads\/2025\/08\/topo-me-traqueostomia-2-1024x577.jpg",1024,577,true],"1536x1536":["https:\/\/www.gvs.com.br\/medtech\/wp-content\/uploads\/2025\/08\/topo-me-traqueostomia-2.jpg",1123,633,false],"2048x2048":["https:\/\/www.gvs.com.br\/medtech\/wp-content\/uploads\/2025\/08\/topo-me-traqueostomia-2.jpg",1123,633,false]},"uagb_author_info":{"display_name":"admin-gvs","author_link":"https:\/\/www.gvs.com.br\/medtech\/author\/admin-gvs\/"},"uagb_comment_info":0,"uagb_excerpt":"Traqueostomia: 10 perguntas frequentes sobre o tema e a quais modos ventilat\u00f3rios ela est\u00e1 a associada Conhe\u00e7a mais a fundo [&hellip;]","_links":{"self":[{"href":"https:\/\/www.gvs.com.br\/medtech\/wp-json\/wp\/v2\/posts\/971","targetHints":{"allow":["GET"]}}],"collection":[{"href":"https:\/\/www.gvs.com.br\/medtech\/wp-json\/wp\/v2\/posts"}],"about":[{"href":"https:\/\/www.gvs.com.br\/medtech\/wp-json\/wp\/v2\/types\/post"}],"author":[{"embeddable":true,"href":"https:\/\/www.gvs.com.br\/medtech\/wp-json\/wp\/v2\/users\/3"}],"replies":[{"embeddable":true,"href":"https:\/\/www.gvs.com.br\/medtech\/wp-json\/wp\/v2\/comments?post=971"}],"version-history":[{"count":3,"href":"https:\/\/www.gvs.com.br\/medtech\/wp-json\/wp\/v2\/posts\/971\/revisions"}],"predecessor-version":[{"id":1109,"href":"https:\/\/www.gvs.com.br\/medtech\/wp-json\/wp\/v2\/posts\/971\/revisions\/1109"}],"wp:featuredmedia":[{"embeddable":true,"href":"https:\/\/www.gvs.com.br\/medtech\/wp-json\/wp\/v2\/media\/972"}],"wp:attachment":[{"href":"https:\/\/www.gvs.com.br\/medtech\/wp-json\/wp\/v2\/media?parent=971"}],"wp:term":[{"taxonomy":"category","embeddable":true,"href":"https:\/\/www.gvs.com.br\/medtech\/wp-json\/wp\/v2\/categories?post=971"},{"taxonomy":"post_tag","embeddable":true,"href":"https:\/\/www.gvs.com.br\/medtech\/wp-json\/wp\/v2\/tags?post=971"}],"curies":[{"name":"wp","href":"https:\/\/api.w.org\/{rel}","templated":true}]}}