{"id":931,"date":"2025-08-29T15:01:32","date_gmt":"2025-08-29T15:01:32","guid":{"rendered":"https:\/\/www.gvs.com.br\/medtech\/?p=931"},"modified":"2025-09-08T20:12:12","modified_gmt":"2025-09-08T20:12:12","slug":"traqueostomia-para-pacientes-com-coronavirus","status":"publish","type":"post","link":"https:\/\/www.gvs.com.br\/medtech\/2025\/08\/29\/traqueostomia-para-pacientes-com-coronavirus\/","title":{"rendered":"A traqueostomia \u00e9 vantajosa para pacientes com coronav\u00edrus? Descubra aqui!"},"content":{"rendered":"\n<div class=\"wp-block-uagb-container uagb-block-97360a92 alignfull uagb-is-root-container\"><div class=\"uagb-container-inner-blocks-wrap\">\n<div class=\"wp-block-uagb-advanced-heading uagb-block-b5b418f7\"><h2 class=\"uagb-heading-text\"><strong>A traqueostomia \u00e9 vantajosa para pacientes <\/strong><br><strong>com coronav\u00edrus? Descubra aqui!<\/strong><\/h2><\/div>\n\n\n\n<div class=\"wp-block-uagb-advanced-heading uagb-block-4708a093\"><h2 class=\"uagb-heading-text\"><strong>Realiza\u00e7\u00e3o do procedimento cresceu ap\u00f3s a pandemia do Covid-19<\/strong><\/h2><\/div>\n<\/div><\/div>\n\n\n\n<p class=\"has-text-align-justify has-text-align-justify\"><\/p>\n\n\n\n<p>Sem d\u00favida, a pandemia mudou radicalmente o cen\u00e1rio mundial do setor da sa\u00fade. Ali\u00e1s, uma das \u00e1reas m\u00e9dicas que mais sofreu mudan\u00e7as foi a de Unidades de Terapia Intensiva (UTI), que viu crescer a necessidade do uso de ventila\u00e7\u00e3o mec\u00e2nica para in\u00fameros pacientes, assim como, a realiza\u00e7\u00e3o de m\u00e9todos como a traqueostomia.<\/p>\n\n\n\n<p>Pensando nisso, hoje vamos falar sobre o assunto e mostrar quando o procedimento deve ser realizado em casos de Covid-19.<br><br>Quer saber mais sobre o tema? Ent\u00e3o, continue a leitura e tire todas as suas d\u00favidas sobre o assunto!<\/p>\n\n\n\n<h3 class=\"wp-block-heading has-ast-global-color-0-color has-text-color has-link-color wp-elements-eff85cdbf3f5908c8841edbcd8b845e3\">O que \u00e9 traqueostomia?<\/h3>\n\n\n\n<p>Para come\u00e7ar, antes de mais nada, \u00e9 importante destacar o que \u00e9 a traqueostomia.<\/p>\n\n\n\n<p>Ent\u00e3o, trata-se de um procedimento cir\u00fargico que promove uma abertura na parede da traqueia para introdu\u00e7\u00e3o de uma c\u00e2nula, para permitir a passagem de ar para os pulm\u00f5es.<\/p>\n\n\n\n<p>De acordo com especialistas, a traqueostomia \u00e9 uma alternativa segura para garantir que pacientes que n\u00e3o estejam conseguindo respirar normalmente pelas vias a\u00e9reas, consigam executar a fun\u00e7\u00e3o.<\/p>\n\n\n\n<p>Portanto, entre as vantagens do procedimento, podemos citar:<\/p>\n\n\n\n<ul class=\"wp-block-list\">\n<li>Permiss\u00e3o de ventila\u00e7\u00e3o mec\u00e2nica;<\/li>\n\n\n\n<li>Libera\u00e7\u00e3o de obstru\u00e7\u00e3o das vias a\u00e9reas;<\/li>\n\n\n\n<li>Higiene br\u00f4nquica;<\/li>\n\n\n\n<li>Ventila\u00e7\u00e3o em pacientes com disfun\u00e7\u00e3o na musculatura respirat\u00f3ria.<\/li>\n<\/ul>\n\n\n\n<p>De fato, a traqueostomia consegue oferecer grandes benef\u00edcios para os pacientes, quando realizada com as t\u00e9cnicas certas e por profissionais capacitados para o procedimento.<\/p>\n\n\n\n<p>Ali\u00e1s, em compara\u00e7\u00e3o com a intuba\u00e7\u00e3o orotraqueal, o processo \u00e9 muito vantajoso. Pois, pode facilitar a alimenta\u00e7\u00e3o, assim como, a higiene br\u00f4nquica e retorno precoce da fala.<\/p>\n\n\n\n<p>Al\u00e9m disso, a traqueostomia pode ser dividida entre v\u00e1rias finalidades, como: preventiva, curativa e paliativa.<\/p>\n\n\n\n<p>Desse modo, para fazer a traqueostomia, o m\u00e9dico especialista realiza uma incis\u00e3o na traqueia entre as clav\u00edculas e insere uma c\u00e2nula que oferece a passagem de ar.<\/p>\n\n\n\n<p>Ali\u00e1s, a escolha deste material, que pode ser met\u00e1lico ou de pl\u00e1stico, \u00e9 realizada antes do procedimento. Assim, para tomar a decis\u00e3o, s\u00e3o consideradas as particularidades de cada caso.<\/p>\n\n\n\n<p>Por fim, o tempo adequado para a realiza\u00e7\u00e3o do processo pode ser urgente ou eletivo. J\u00e1 o prazo de perman\u00eancia, pode ser tempor\u00e1rio ou definitivo.<\/p>\n\n\n\n<figure class=\"wp-block-image aligncenter size-large\"><img loading=\"lazy\" decoding=\"async\" width=\"1024\" height=\"323\" src=\"https:\/\/www.gvs.com.br\/medtech\/wp-content\/uploads\/2025\/08\/a-traqueostomia-e-vantajosa-para-pacientes-com-coronavirus-meio-1024x323.jpg\" alt=\"\" class=\"wp-image-939\" srcset=\"https:\/\/www.gvs.com.br\/medtech\/wp-content\/uploads\/2025\/08\/a-traqueostomia-e-vantajosa-para-pacientes-com-coronavirus-meio-1024x323.jpg 1024w, https:\/\/www.gvs.com.br\/medtech\/wp-content\/uploads\/2025\/08\/a-traqueostomia-e-vantajosa-para-pacientes-com-coronavirus-meio-300x95.jpg 300w, https:\/\/www.gvs.com.br\/medtech\/wp-content\/uploads\/2025\/08\/a-traqueostomia-e-vantajosa-para-pacientes-com-coronavirus-meio-768x242.jpg 768w, https:\/\/www.gvs.com.br\/medtech\/wp-content\/uploads\/2025\/08\/a-traqueostomia-e-vantajosa-para-pacientes-com-coronavirus-meio.jpg 1110w\" sizes=\"auto, (max-width: 1024px) 100vw, 1024px\" \/><\/figure>\n\n\n\n<h3 class=\"wp-block-heading has-ast-global-color-0-color has-text-color has-link-color wp-elements-2277193814dfc86b1fb3986754d6caa0\">Existe contraindica\u00e7\u00e3o para o procedimento?<\/h3>\n\n\n\n<p>Certamente, esta deve ser uma das suas d\u00favidas quando falamos sobre a traqueostomia.<br>Portanto, a resposta \u00e9 sim. Existe uma \u00fanica contraindica\u00e7\u00e3o, que \u00e9 para pacientes que sofram altera\u00e7\u00e3o homeost\u00e1tica, que \u00e9 quando o corpo n\u00e3o consegue manter equil\u00edbrio com o ambiente e altera suas propriedades fisiol\u00f3gicas.<\/p>\n\n\n\n<h3 class=\"wp-block-heading has-ast-global-color-0-color has-text-color has-link-color wp-elements-421571927f8bf54b338e621f2552fbd8\">A traqueostomia \u00e9 vantajosa em casos de Covid-19?<\/h3>\n\n\n\n<p>De acordo com pesquisas, antes da pandemia, o procedimento poderia ser estimado entre 8% e 13% de pacientes que recebem suporte respirat\u00f3rio em avan\u00e7o em UTIs. No entanto, com a crise do coronav\u00edrus, o \u00edndice est\u00e1 variando entre 16% e 61%.<\/p>\n\n\n\n<p>O que acontece \u00e9 que, por conta do v\u00edrus Covid-19, alguns pacientes ficam entubados por um per\u00edodo longo e a traqueostomia \u00e9 feita para diminuir o risco de infec\u00e7\u00f5es, proteger a via a\u00e9rea e evitar alguns problemas, como estenose, por exemplo.<\/p>\n\n\n\n<p>Portanto, como o tratamento \u00e9 indicado quando existe ac\u00famulo de secre\u00e7\u00e3o, inativa\u00e7\u00e3o da musculatura respirat\u00f3ria ou para promover uma via a\u00e9rea est\u00e1vel para pessoas que estejam enfrentando a intuba\u00e7\u00e3o traqueal prolongada, ele \u00e9 ben\u00e9fico para pacientes com Covid-19.<\/p>\n\n\n\n<h3 class=\"wp-block-heading has-ast-global-color-0-color has-text-color has-link-color wp-elements-66b18854ed7c2cf126e14c43671d051f\">A import\u00e2ncia do filtro HME na realiza\u00e7\u00e3o do procedimento<\/h3>\n\n\n\n<p>Conforme j\u00e1 citamos, a realiza\u00e7\u00e3o de traqueostomia \u00e9 complexa e deve ser realizada apenas por profissionais especializados no processo.<\/p>\n\n\n\n<p>Mas, al\u00e9m desta recomenda\u00e7\u00e3o, \u00e9 importante que voc\u00ea entenda que existem a\u00e7\u00f5es e solu\u00e7\u00f5es que podem fazer a diferen\u00e7a nos resultados como, por exemplo, o uso de um filtro HME entre a c\u00e2nula traqueal e o circuito de ventila\u00e7\u00e3o.<\/p>\n\n\n\n<p>O material atua de forma semelhante \u00e0s vias respirat\u00f3rias superiores do paciente. Assim, consegue reter umidade e calor do ar expirado e impede que ocorra perda destas caracter\u00edsticas durante o tratamento.<\/p>\n\n\n\n<p>Ali\u00e1s, este tipo de filtro, que tem a fun\u00e7\u00e3o de troca de calor e umidade, \u00e9 um dispositivo que consegue aquecer e umidificar o g\u00e1s inspirado. Sua contraindica\u00e7\u00e3o, est\u00e1 relacionada ao uso em pacientes restritivos, com problemas de reten\u00e7\u00e3o de g\u00e1s carb\u00f4nico, hipersecretivos extremos e com grande sangramento pulmonar.<\/p>\n\n\n\n<h3 class=\"wp-block-heading has-ast-global-color-0-color has-text-color has-link-color wp-elements-8538c708dd31a1fa42012f93470faaf5\">Filtros GVS para traqueostomia<\/h3>\n\n\n\n<p>Para terminar, queremos falar sobre as solu\u00e7\u00f5es da GVS para este tipo de procedimento. Ent\u00e3o, se voc\u00ea atua na \u00e1rea da sa\u00fade e busca produtos que tornem a realiza\u00e7\u00e3o da traqueostomia melhor, temos itens que s\u00e3o refer\u00eancia de qualidade no mercado.<\/p>\n\n\n\n<p>Os filtros HME Traqueo da GVS, foram desenvolvidos para aumentar o conforto dos pacientes traqueostomizados em respira\u00e7\u00e3o espont\u00e2nea. Assim, ajudam a reduzir protus\u00f5es e minimizam o arrasto do tubo de traqueostomia.<\/p>\n\n\n\n<p>Desse modo, nossos filtros s\u00e3o compat\u00edveis com diversos modelos de sistemas de respira\u00e7\u00e3o utilizados no setor hospitalar.<\/p>\n\n\n\n<p>Por possu\u00edrem uma troca de calor e umidade ideal para o uso no processo de traqueostomia, o material proporciona mais seguran\u00e7a para o paciente.<\/p>\n\n\n\n<p>Ent\u00e3o, se deseja saber mais sobre este e outros produtos da nossa marca,&nbsp;<strong><a href=\"https:\/\/www.gvs.com.br\/medtech\/produtos\/\" target=\"_blank\" rel=\"noreferrer noopener\">clique aqui<\/a><\/strong>&nbsp;agora mesmo e veja solu\u00e7\u00f5es ideais para este problema!<\/p>\n\n\n\n<p>E se quiser saber sobre o assunto e conferir outros textos como este, continue de olho&nbsp;<strong><a href=\"https:\/\/www.gvs.com.br\/medtech\/blog\/\" target=\"_blank\" rel=\"noreferrer noopener\">em nosso blog.<\/a><\/strong>&nbsp;Pois, em breve teremos novos conte\u00fados e muitas novidades!<\/p>\n\n\n\n<div class=\"wp-block-uagb-separator uagb-block-ea6e94c0\"><div class=\"uagb-separator-spacing-wrapper\"><div class=\"wp-block-uagb-separator__inner\" style=\"--my-background-image:\"><\/div><\/div><\/div>\n\n\n\n<div class=\"wp-block-uagb-call-to-action uagb-block-9987562e wp-block-button\"><div class=\"uagb-cta__wrap\"><h3 class=\"uagb-cta__title\">Gostou do conte\u00fado?<\/h3><p class=\"uagb-cta__desc\">Entre em nosso blog e leia mais artigos como esse!<\/p><\/div><div class=\"uagb-cta__buttons\"><a href=\"https:\/\/gvs.com.br\/medtech\/blog\/\" class=\"uagb-cta__button-link-wrapper wp-block-button__link\" target=\"_self\" rel=\"noopener noreferrer\">Acesse<\/a><\/div><\/div>\n\n\n\n<div class=\"wp-block-uagb-separator uagb-block-89841de0\"><div class=\"uagb-separator-spacing-wrapper\"><div class=\"wp-block-uagb-separator__inner\" style=\"--my-background-image:\"><\/div><\/div><\/div>\n\n\n\n<div class=\"wp-block-uagb-call-to-action uagb-block-767538e5 wp-block-button\"><div class=\"uagb-cta__wrap\"><h3 class=\"uagb-cta__title\">Fale com a gente!<\/h3><p class=\"uagb-cta__desc\">Entre em contato com o nosso time hoje mesmo, esclare\u00e7a as suas d\u00favidas e&nbsp;<strong>solicite a sua cota\u00e7\u00e3o!<\/strong><\/p><\/div><div class=\"uagb-cta__buttons\"><a href=\"https:\/\/wa.me\/5519991369490\" class=\"uagb-cta__button-link-wrapper wp-block-button__link\" target=\"_blank\" rel=\"noopener noreferrer\"><svg xmlns=\"https:\/\/www.w3.org\/2000\/svg\" viewBox=\"0 0 448 512\"><path d=\"M380.9 97.1C339 55.1 283.2 32 223.9 32c-122.4 0-222 99.6-222 222 0 39.1 10.2 77.3 29.6 111L0 480l117.7-30.9c32.4 17.7 68.9 27 106.1 27h.1c122.3 0 224.1-99.6 224.1-222 0-59.3-25.2-115-67.1-157zm-157 341.6c-33.2 0-65.7-8.9-94-25.7l-6.7-4-69.8 18.3L72 359.2l-4.4-7c-18.5-29.4-28.2-63.3-28.2-98.2 0-101.7 82.8-184.5 184.6-184.5 49.3 0 95.6 19.2 130.4 54.1 34.8 34.9 56.2 81.2 56.1 130.5 0 101.8-84.9 184.6-186.6 184.6zm101.2-138.2c-5.5-2.8-32.8-16.2-37.9-18-5.1-1.9-8.8-2.8-12.5 2.8-3.7 5.6-14.3 18-17.6 21.8-3.2 3.7-6.5 4.2-12 1.4-32.6-16.3-54-29.1-75.5-66-5.7-9.8 5.7-9.1 16.3-30.3 1.8-3.7 .9-6.9-.5-9.7-1.4-2.8-12.5-30.1-17.1-41.2-4.5-10.8-9.1-9.3-12.5-9.5-3.2-.2-6.9-.2-10.6-.2-3.7 0-9.7 1.4-14.8 6.9-5.1 5.6-19.4 19-19.4 46.3 0 27.3 19.9 53.7 22.6 57.4 2.8 3.7 39.1 59.7 94.8 83.8 35.2 15.2 49 16.5 66.6 13.9 10.7-1.6 32.8-13.4 37.4-26.4 4.6-13 4.6-24.1 3.2-26.4-1.3-2.5-5-3.9-10.5-6.6z\"><\/path><\/svg>WhatsApp<\/a><\/div><\/div>\n\n\n\n<p><\/p>\n","protected":false},"excerpt":{"rendered":"<p>A traqueostomia \u00e9 vantajosa para pacientes com coronav\u00edrus? Descubra aqui! Realiza\u00e7\u00e3o do procedimento cresceu ap\u00f3s a pandemia do Covid-19 Sem [&hellip;]<\/p>\n","protected":false},"author":3,"featured_media":938,"comment_status":"open","ping_status":"open","sticky":false,"template":"","format":"standard","meta":{"_uag_custom_page_level_css":"","site-sidebar-layout":"default","site-content-layout":"","ast-site-content-layout":"default","site-content-style":"default","site-sidebar-style":"default","ast-global-header-display":"","ast-banner-title-visibility":"","ast-main-header-display":"","ast-hfb-above-header-display":"","ast-hfb-below-header-display":"","ast-hfb-mobile-header-display":"","site-post-title":"disabled","ast-breadcrumbs-content":"","ast-featured-img":"disabled","footer-sml-layout":"","ast-disable-related-posts":"","theme-transparent-header-meta":"","adv-header-id-meta":"","stick-header-meta":"","header-above-stick-meta":"","header-main-stick-meta":"","header-below-stick-meta":"","astra-migrate-meta-layouts":"default","ast-page-background-enabled":"default","ast-page-background-meta":{"desktop":{"background-color":"var(--ast-global-color-4)","background-image":"","background-repeat":"repeat","background-position":"center center","background-size":"auto","background-attachment":"scroll","background-type":"","background-media":"","overlay-type":"","overlay-color":"","overlay-opacity":"","overlay-gradient":""},"tablet":{"background-color":"","background-image":"","background-repeat":"repeat","background-position":"center center","background-size":"auto","background-attachment":"scroll","background-type":"","background-media":"","overlay-type":"","overlay-color":"","overlay-opacity":"","overlay-gradient":""},"mobile":{"background-color":"","background-image":"","background-repeat":"repeat","background-position":"center center","background-size":"auto","background-attachment":"scroll","background-type":"","background-media":"","overlay-type":"","overlay-color":"","overlay-opacity":"","overlay-gradient":""}},"ast-content-background-meta":{"desktop":{"background-color":"var(--ast-global-color-5)","background-image":"","background-repeat":"repeat","background-position":"center center","background-size":"auto","background-attachment":"scroll","background-type":"","background-media":"","overlay-type":"","overlay-color":"","overlay-opacity":"","overlay-gradient":""},"tablet":{"background-color":"var(--ast-global-color-5)","background-image":"","background-repeat":"repeat","background-position":"center center","background-size":"auto","background-attachment":"scroll","background-type":"","background-media":"","overlay-type":"","overlay-color":"","overlay-opacity":"","overlay-gradient":""},"mobile":{"background-color":"var(--ast-global-color-5)","background-image":"","background-repeat":"repeat","background-position":"center center","background-size":"auto","background-attachment":"scroll","background-type":"","background-media":"","overlay-type":"","overlay-color":"","overlay-opacity":"","overlay-gradient":""}},"footnotes":""},"categories":[8,7],"tags":[21,22],"class_list":["post-931","post","type-post","status-publish","format-standard","has-post-thumbnail","hentry","category-gvs","category-medtech","tag-equipamentos-medicos","tag-produtos-hospitalares"],"yoast_head":"<!-- This site is optimized with the Yoast SEO plugin v27.5 - https:\/\/yoast.com\/product\/yoast-seo-wordpress\/ -->\n<title>Traqueostomia para pacientes com coronav\u00edrus<\/title>\n<meta name=\"description\" content=\"A traqueostomia \u00e9 vantajosa para pacientes com coronav\u00edrus? Descubra aqui!Realiza\u00e7\u00e3o do procedimento cresceu ap\u00f3s a pandemia do Covid-19\" \/>\n<meta name=\"robots\" content=\"index, follow, max-snippet:-1, max-image-preview:large, max-video-preview:-1\" \/>\n<link rel=\"canonical\" href=\"https:\/\/www.gvs.com.br\/medtech\/2025\/08\/29\/traqueostomia-para-pacientes-com-coronavirus\/\" \/>\n<meta property=\"og:locale\" content=\"pt_BR\" \/>\n<meta property=\"og:type\" content=\"article\" \/>\n<meta property=\"og:title\" content=\"Traqueostomia para pacientes com coronav\u00edrus\" \/>\n<meta property=\"og:description\" content=\"A traqueostomia \u00e9 vantajosa para pacientes com coronav\u00edrus? Descubra aqui!Realiza\u00e7\u00e3o do procedimento cresceu ap\u00f3s a pandemia do Covid-19\" \/>\n<meta property=\"og:url\" content=\"https:\/\/www.gvs.com.br\/medtech\/2025\/08\/29\/traqueostomia-para-pacientes-com-coronavirus\/\" \/>\n<meta property=\"og:site_name\" content=\"MedTech\" \/>\n<meta property=\"article:published_time\" content=\"2025-08-29T15:01:32+00:00\" \/>\n<meta property=\"article:modified_time\" content=\"2025-09-08T20:12:12+00:00\" \/>\n<meta property=\"og:image\" content=\"https:\/\/www.gvs.com.br\/medtech\/wp-content\/uploads\/2025\/08\/a-traqueostomia-e-vantajosa-para-pacientes-com-coronavirus-topo.jpg\" \/>\n\t<meta property=\"og:image:width\" content=\"1123\" \/>\n\t<meta property=\"og:image:height\" content=\"633\" \/>\n\t<meta property=\"og:image:type\" content=\"image\/jpeg\" \/>\n<meta name=\"author\" content=\"admin-gvs\" \/>\n<meta name=\"twitter:card\" content=\"summary_large_image\" \/>\n<meta name=\"twitter:label1\" content=\"Escrito por\" \/>\n\t<meta name=\"twitter:data1\" content=\"admin-gvs\" \/>\n\t<meta name=\"twitter:label2\" content=\"Est. tempo de leitura\" \/>\n\t<meta name=\"twitter:data2\" content=\"6 minutos\" \/>\n<script type=\"application\/ld+json\" class=\"yoast-schema-graph\">{\"@context\":\"https:\\\/\\\/schema.org\",\"@graph\":[{\"@type\":\"Article\",\"@id\":\"https:\\\/\\\/www.gvs.com.br\\\/medtech\\\/2025\\\/08\\\/29\\\/traqueostomia-para-pacientes-com-coronavirus\\\/#article\",\"isPartOf\":{\"@id\":\"https:\\\/\\\/www.gvs.com.br\\\/medtech\\\/2025\\\/08\\\/29\\\/traqueostomia-para-pacientes-com-coronavirus\\\/\"},\"author\":{\"name\":\"admin-gvs\",\"@id\":\"https:\\\/\\\/www.gvs.com.br\\\/medtech\\\/#\\\/schema\\\/person\\\/93f5a042f2130ba3dc092e8229ec0d0a\"},\"headline\":\"A traqueostomia \u00e9 vantajosa para pacientes com coronav\u00edrus? Descubra aqui!\",\"datePublished\":\"2025-08-29T15:01:32+00:00\",\"dateModified\":\"2025-09-08T20:12:12+00:00\",\"mainEntityOfPage\":{\"@id\":\"https:\\\/\\\/www.gvs.com.br\\\/medtech\\\/2025\\\/08\\\/29\\\/traqueostomia-para-pacientes-com-coronavirus\\\/\"},\"wordCount\":1003,\"commentCount\":0,\"publisher\":{\"@id\":\"https:\\\/\\\/www.gvs.com.br\\\/medtech\\\/#organization\"},\"image\":{\"@id\":\"https:\\\/\\\/www.gvs.com.br\\\/medtech\\\/2025\\\/08\\\/29\\\/traqueostomia-para-pacientes-com-coronavirus\\\/#primaryimage\"},\"thumbnailUrl\":\"https:\\\/\\\/www.gvs.com.br\\\/medtech\\\/wp-content\\\/uploads\\\/2025\\\/08\\\/a-traqueostomia-e-vantajosa-para-pacientes-com-coronavirus-topo.jpg\",\"keywords\":[\"Equipamentos m\u00e9dicos\",\"Produtos hospitalares\"],\"articleSection\":[\"GVS\",\"MedTech\"],\"inLanguage\":\"pt-BR\",\"potentialAction\":[{\"@type\":\"CommentAction\",\"name\":\"Comment\",\"target\":[\"https:\\\/\\\/www.gvs.com.br\\\/medtech\\\/2025\\\/08\\\/29\\\/traqueostomia-para-pacientes-com-coronavirus\\\/#respond\"]}]},{\"@type\":\"WebPage\",\"@id\":\"https:\\\/\\\/www.gvs.com.br\\\/medtech\\\/2025\\\/08\\\/29\\\/traqueostomia-para-pacientes-com-coronavirus\\\/\",\"url\":\"https:\\\/\\\/www.gvs.com.br\\\/medtech\\\/2025\\\/08\\\/29\\\/traqueostomia-para-pacientes-com-coronavirus\\\/\",\"name\":\"Traqueostomia para pacientes com coronav\u00edrus\",\"isPartOf\":{\"@id\":\"https:\\\/\\\/www.gvs.com.br\\\/medtech\\\/#website\"},\"primaryImageOfPage\":{\"@id\":\"https:\\\/\\\/www.gvs.com.br\\\/medtech\\\/2025\\\/08\\\/29\\\/traqueostomia-para-pacientes-com-coronavirus\\\/#primaryimage\"},\"image\":{\"@id\":\"https:\\\/\\\/www.gvs.com.br\\\/medtech\\\/2025\\\/08\\\/29\\\/traqueostomia-para-pacientes-com-coronavirus\\\/#primaryimage\"},\"thumbnailUrl\":\"https:\\\/\\\/www.gvs.com.br\\\/medtech\\\/wp-content\\\/uploads\\\/2025\\\/08\\\/a-traqueostomia-e-vantajosa-para-pacientes-com-coronavirus-topo.jpg\",\"datePublished\":\"2025-08-29T15:01:32+00:00\",\"dateModified\":\"2025-09-08T20:12:12+00:00\",\"description\":\"A traqueostomia \u00e9 vantajosa para pacientes com coronav\u00edrus? Descubra aqui!Realiza\u00e7\u00e3o do procedimento cresceu ap\u00f3s a pandemia do Covid-19\",\"breadcrumb\":{\"@id\":\"https:\\\/\\\/www.gvs.com.br\\\/medtech\\\/2025\\\/08\\\/29\\\/traqueostomia-para-pacientes-com-coronavirus\\\/#breadcrumb\"},\"inLanguage\":\"pt-BR\",\"potentialAction\":[{\"@type\":\"ReadAction\",\"target\":[\"https:\\\/\\\/www.gvs.com.br\\\/medtech\\\/2025\\\/08\\\/29\\\/traqueostomia-para-pacientes-com-coronavirus\\\/\"]}]},{\"@type\":\"ImageObject\",\"inLanguage\":\"pt-BR\",\"@id\":\"https:\\\/\\\/www.gvs.com.br\\\/medtech\\\/2025\\\/08\\\/29\\\/traqueostomia-para-pacientes-com-coronavirus\\\/#primaryimage\",\"url\":\"https:\\\/\\\/www.gvs.com.br\\\/medtech\\\/wp-content\\\/uploads\\\/2025\\\/08\\\/a-traqueostomia-e-vantajosa-para-pacientes-com-coronavirus-topo.jpg\",\"contentUrl\":\"https:\\\/\\\/www.gvs.com.br\\\/medtech\\\/wp-content\\\/uploads\\\/2025\\\/08\\\/a-traqueostomia-e-vantajosa-para-pacientes-com-coronavirus-topo.jpg\",\"width\":1123,\"height\":633},{\"@type\":\"BreadcrumbList\",\"@id\":\"https:\\\/\\\/www.gvs.com.br\\\/medtech\\\/2025\\\/08\\\/29\\\/traqueostomia-para-pacientes-com-coronavirus\\\/#breadcrumb\",\"itemListElement\":[{\"@type\":\"ListItem\",\"position\":1,\"name\":\"In\u00edcio\",\"item\":\"https:\\\/\\\/www.gvs.com.br\\\/medtech\\\/\"},{\"@type\":\"ListItem\",\"position\":2,\"name\":\"A traqueostomia \u00e9 vantajosa para pacientes com coronav\u00edrus? Descubra aqui!\"}]},{\"@type\":\"WebSite\",\"@id\":\"https:\\\/\\\/www.gvs.com.br\\\/medtech\\\/#website\",\"url\":\"https:\\\/\\\/www.gvs.com.br\\\/medtech\\\/\",\"name\":\"MedTech\",\"description\":\"\",\"publisher\":{\"@id\":\"https:\\\/\\\/www.gvs.com.br\\\/medtech\\\/#organization\"},\"potentialAction\":[{\"@type\":\"SearchAction\",\"target\":{\"@type\":\"EntryPoint\",\"urlTemplate\":\"https:\\\/\\\/www.gvs.com.br\\\/medtech\\\/?s={search_term_string}\"},\"query-input\":{\"@type\":\"PropertyValueSpecification\",\"valueRequired\":true,\"valueName\":\"search_term_string\"}}],\"inLanguage\":\"pt-BR\"},{\"@type\":\"Organization\",\"@id\":\"https:\\\/\\\/www.gvs.com.br\\\/medtech\\\/#organization\",\"name\":\"MedTech\",\"url\":\"https:\\\/\\\/www.gvs.com.br\\\/medtech\\\/\",\"logo\":{\"@type\":\"ImageObject\",\"inLanguage\":\"pt-BR\",\"@id\":\"https:\\\/\\\/www.gvs.com.br\\\/medtech\\\/#\\\/schema\\\/logo\\\/image\\\/\",\"url\":\"https:\\\/\\\/www.gvs.com.br\\\/medtech\\\/wp-content\\\/uploads\\\/2024\\\/12\\\/logo-gvs.png\",\"contentUrl\":\"https:\\\/\\\/www.gvs.com.br\\\/medtech\\\/wp-content\\\/uploads\\\/2024\\\/12\\\/logo-gvs.png\",\"width\":334,\"height\":201,\"caption\":\"MedTech\"},\"image\":{\"@id\":\"https:\\\/\\\/www.gvs.com.br\\\/medtech\\\/#\\\/schema\\\/logo\\\/image\\\/\"}},{\"@type\":\"Person\",\"@id\":\"https:\\\/\\\/www.gvs.com.br\\\/medtech\\\/#\\\/schema\\\/person\\\/93f5a042f2130ba3dc092e8229ec0d0a\",\"name\":\"admin-gvs\",\"image\":{\"@type\":\"ImageObject\",\"inLanguage\":\"pt-BR\",\"@id\":\"https:\\\/\\\/secure.gravatar.com\\\/avatar\\\/753807cf2c24e7c5051446eb4fc6c55657714e911f26a29329d9dc501ae35121?s=96&d=mm&r=g\",\"url\":\"https:\\\/\\\/secure.gravatar.com\\\/avatar\\\/753807cf2c24e7c5051446eb4fc6c55657714e911f26a29329d9dc501ae35121?s=96&d=mm&r=g\",\"contentUrl\":\"https:\\\/\\\/secure.gravatar.com\\\/avatar\\\/753807cf2c24e7c5051446eb4fc6c55657714e911f26a29329d9dc501ae35121?s=96&d=mm&r=g\",\"caption\":\"admin-gvs\"},\"url\":\"https:\\\/\\\/www.gvs.com.br\\\/medtech\\\/author\\\/admin-gvs\\\/\"}]}<\/script>\n<!-- \/ Yoast SEO plugin. -->","yoast_head_json":{"title":"Traqueostomia para pacientes com coronav\u00edrus","description":"A traqueostomia \u00e9 vantajosa para pacientes com coronav\u00edrus? Descubra aqui!Realiza\u00e7\u00e3o do procedimento cresceu ap\u00f3s a pandemia do Covid-19","robots":{"index":"index","follow":"follow","max-snippet":"max-snippet:-1","max-image-preview":"max-image-preview:large","max-video-preview":"max-video-preview:-1"},"canonical":"https:\/\/www.gvs.com.br\/medtech\/2025\/08\/29\/traqueostomia-para-pacientes-com-coronavirus\/","og_locale":"pt_BR","og_type":"article","og_title":"Traqueostomia para pacientes com coronav\u00edrus","og_description":"A traqueostomia \u00e9 vantajosa para pacientes com coronav\u00edrus? Descubra aqui!Realiza\u00e7\u00e3o do procedimento cresceu ap\u00f3s a pandemia do Covid-19","og_url":"https:\/\/www.gvs.com.br\/medtech\/2025\/08\/29\/traqueostomia-para-pacientes-com-coronavirus\/","og_site_name":"MedTech","article_published_time":"2025-08-29T15:01:32+00:00","article_modified_time":"2025-09-08T20:12:12+00:00","og_image":[{"width":1123,"height":633,"url":"https:\/\/www.gvs.com.br\/medtech\/wp-content\/uploads\/2025\/08\/a-traqueostomia-e-vantajosa-para-pacientes-com-coronavirus-topo.jpg","type":"image\/jpeg"}],"author":"admin-gvs","twitter_card":"summary_large_image","twitter_misc":{"Escrito por":"admin-gvs","Est. tempo de leitura":"6 minutos"},"schema":{"@context":"https:\/\/schema.org","@graph":[{"@type":"Article","@id":"https:\/\/www.gvs.com.br\/medtech\/2025\/08\/29\/traqueostomia-para-pacientes-com-coronavirus\/#article","isPartOf":{"@id":"https:\/\/www.gvs.com.br\/medtech\/2025\/08\/29\/traqueostomia-para-pacientes-com-coronavirus\/"},"author":{"name":"admin-gvs","@id":"https:\/\/www.gvs.com.br\/medtech\/#\/schema\/person\/93f5a042f2130ba3dc092e8229ec0d0a"},"headline":"A traqueostomia \u00e9 vantajosa para pacientes com coronav\u00edrus? Descubra aqui!","datePublished":"2025-08-29T15:01:32+00:00","dateModified":"2025-09-08T20:12:12+00:00","mainEntityOfPage":{"@id":"https:\/\/www.gvs.com.br\/medtech\/2025\/08\/29\/traqueostomia-para-pacientes-com-coronavirus\/"},"wordCount":1003,"commentCount":0,"publisher":{"@id":"https:\/\/www.gvs.com.br\/medtech\/#organization"},"image":{"@id":"https:\/\/www.gvs.com.br\/medtech\/2025\/08\/29\/traqueostomia-para-pacientes-com-coronavirus\/#primaryimage"},"thumbnailUrl":"https:\/\/www.gvs.com.br\/medtech\/wp-content\/uploads\/2025\/08\/a-traqueostomia-e-vantajosa-para-pacientes-com-coronavirus-topo.jpg","keywords":["Equipamentos m\u00e9dicos","Produtos hospitalares"],"articleSection":["GVS","MedTech"],"inLanguage":"pt-BR","potentialAction":[{"@type":"CommentAction","name":"Comment","target":["https:\/\/www.gvs.com.br\/medtech\/2025\/08\/29\/traqueostomia-para-pacientes-com-coronavirus\/#respond"]}]},{"@type":"WebPage","@id":"https:\/\/www.gvs.com.br\/medtech\/2025\/08\/29\/traqueostomia-para-pacientes-com-coronavirus\/","url":"https:\/\/www.gvs.com.br\/medtech\/2025\/08\/29\/traqueostomia-para-pacientes-com-coronavirus\/","name":"Traqueostomia para pacientes com coronav\u00edrus","isPartOf":{"@id":"https:\/\/www.gvs.com.br\/medtech\/#website"},"primaryImageOfPage":{"@id":"https:\/\/www.gvs.com.br\/medtech\/2025\/08\/29\/traqueostomia-para-pacientes-com-coronavirus\/#primaryimage"},"image":{"@id":"https:\/\/www.gvs.com.br\/medtech\/2025\/08\/29\/traqueostomia-para-pacientes-com-coronavirus\/#primaryimage"},"thumbnailUrl":"https:\/\/www.gvs.com.br\/medtech\/wp-content\/uploads\/2025\/08\/a-traqueostomia-e-vantajosa-para-pacientes-com-coronavirus-topo.jpg","datePublished":"2025-08-29T15:01:32+00:00","dateModified":"2025-09-08T20:12:12+00:00","description":"A traqueostomia \u00e9 vantajosa para pacientes com coronav\u00edrus? Descubra aqui!Realiza\u00e7\u00e3o do procedimento cresceu ap\u00f3s a pandemia do Covid-19","breadcrumb":{"@id":"https:\/\/www.gvs.com.br\/medtech\/2025\/08\/29\/traqueostomia-para-pacientes-com-coronavirus\/#breadcrumb"},"inLanguage":"pt-BR","potentialAction":[{"@type":"ReadAction","target":["https:\/\/www.gvs.com.br\/medtech\/2025\/08\/29\/traqueostomia-para-pacientes-com-coronavirus\/"]}]},{"@type":"ImageObject","inLanguage":"pt-BR","@id":"https:\/\/www.gvs.com.br\/medtech\/2025\/08\/29\/traqueostomia-para-pacientes-com-coronavirus\/#primaryimage","url":"https:\/\/www.gvs.com.br\/medtech\/wp-content\/uploads\/2025\/08\/a-traqueostomia-e-vantajosa-para-pacientes-com-coronavirus-topo.jpg","contentUrl":"https:\/\/www.gvs.com.br\/medtech\/wp-content\/uploads\/2025\/08\/a-traqueostomia-e-vantajosa-para-pacientes-com-coronavirus-topo.jpg","width":1123,"height":633},{"@type":"BreadcrumbList","@id":"https:\/\/www.gvs.com.br\/medtech\/2025\/08\/29\/traqueostomia-para-pacientes-com-coronavirus\/#breadcrumb","itemListElement":[{"@type":"ListItem","position":1,"name":"In\u00edcio","item":"https:\/\/www.gvs.com.br\/medtech\/"},{"@type":"ListItem","position":2,"name":"A traqueostomia \u00e9 vantajosa para pacientes com coronav\u00edrus? Descubra aqui!"}]},{"@type":"WebSite","@id":"https:\/\/www.gvs.com.br\/medtech\/#website","url":"https:\/\/www.gvs.com.br\/medtech\/","name":"MedTech","description":"","publisher":{"@id":"https:\/\/www.gvs.com.br\/medtech\/#organization"},"potentialAction":[{"@type":"SearchAction","target":{"@type":"EntryPoint","urlTemplate":"https:\/\/www.gvs.com.br\/medtech\/?s={search_term_string}"},"query-input":{"@type":"PropertyValueSpecification","valueRequired":true,"valueName":"search_term_string"}}],"inLanguage":"pt-BR"},{"@type":"Organization","@id":"https:\/\/www.gvs.com.br\/medtech\/#organization","name":"MedTech","url":"https:\/\/www.gvs.com.br\/medtech\/","logo":{"@type":"ImageObject","inLanguage":"pt-BR","@id":"https:\/\/www.gvs.com.br\/medtech\/#\/schema\/logo\/image\/","url":"https:\/\/www.gvs.com.br\/medtech\/wp-content\/uploads\/2024\/12\/logo-gvs.png","contentUrl":"https:\/\/www.gvs.com.br\/medtech\/wp-content\/uploads\/2024\/12\/logo-gvs.png","width":334,"height":201,"caption":"MedTech"},"image":{"@id":"https:\/\/www.gvs.com.br\/medtech\/#\/schema\/logo\/image\/"}},{"@type":"Person","@id":"https:\/\/www.gvs.com.br\/medtech\/#\/schema\/person\/93f5a042f2130ba3dc092e8229ec0d0a","name":"admin-gvs","image":{"@type":"ImageObject","inLanguage":"pt-BR","@id":"https:\/\/secure.gravatar.com\/avatar\/753807cf2c24e7c5051446eb4fc6c55657714e911f26a29329d9dc501ae35121?s=96&d=mm&r=g","url":"https:\/\/secure.gravatar.com\/avatar\/753807cf2c24e7c5051446eb4fc6c55657714e911f26a29329d9dc501ae35121?s=96&d=mm&r=g","contentUrl":"https:\/\/secure.gravatar.com\/avatar\/753807cf2c24e7c5051446eb4fc6c55657714e911f26a29329d9dc501ae35121?s=96&d=mm&r=g","caption":"admin-gvs"},"url":"https:\/\/www.gvs.com.br\/medtech\/author\/admin-gvs\/"}]}},"uagb_featured_image_src":{"full":["https:\/\/www.gvs.com.br\/medtech\/wp-content\/uploads\/2025\/08\/a-traqueostomia-e-vantajosa-para-pacientes-com-coronavirus-topo.jpg",1123,633,false],"thumbnail":["https:\/\/www.gvs.com.br\/medtech\/wp-content\/uploads\/2025\/08\/a-traqueostomia-e-vantajosa-para-pacientes-com-coronavirus-topo-150x150.jpg",150,150,true],"medium":["https:\/\/www.gvs.com.br\/medtech\/wp-content\/uploads\/2025\/08\/a-traqueostomia-e-vantajosa-para-pacientes-com-coronavirus-topo-300x169.jpg",300,169,true],"medium_large":["https:\/\/www.gvs.com.br\/medtech\/wp-content\/uploads\/2025\/08\/a-traqueostomia-e-vantajosa-para-pacientes-com-coronavirus-topo-768x433.jpg",768,433,true],"large":["https:\/\/www.gvs.com.br\/medtech\/wp-content\/uploads\/2025\/08\/a-traqueostomia-e-vantajosa-para-pacientes-com-coronavirus-topo-1024x577.jpg",1024,577,true],"1536x1536":["https:\/\/www.gvs.com.br\/medtech\/wp-content\/uploads\/2025\/08\/a-traqueostomia-e-vantajosa-para-pacientes-com-coronavirus-topo.jpg",1123,633,false],"2048x2048":["https:\/\/www.gvs.com.br\/medtech\/wp-content\/uploads\/2025\/08\/a-traqueostomia-e-vantajosa-para-pacientes-com-coronavirus-topo.jpg",1123,633,false]},"uagb_author_info":{"display_name":"admin-gvs","author_link":"https:\/\/www.gvs.com.br\/medtech\/author\/admin-gvs\/"},"uagb_comment_info":0,"uagb_excerpt":"A traqueostomia \u00e9 vantajosa para pacientes com coronav\u00edrus? Descubra aqui! Realiza\u00e7\u00e3o do procedimento cresceu ap\u00f3s a pandemia do Covid-19 Sem [&hellip;]","_links":{"self":[{"href":"https:\/\/www.gvs.com.br\/medtech\/wp-json\/wp\/v2\/posts\/931","targetHints":{"allow":["GET"]}}],"collection":[{"href":"https:\/\/www.gvs.com.br\/medtech\/wp-json\/wp\/v2\/posts"}],"about":[{"href":"https:\/\/www.gvs.com.br\/medtech\/wp-json\/wp\/v2\/types\/post"}],"author":[{"embeddable":true,"href":"https:\/\/www.gvs.com.br\/medtech\/wp-json\/wp\/v2\/users\/3"}],"replies":[{"embeddable":true,"href":"https:\/\/www.gvs.com.br\/medtech\/wp-json\/wp\/v2\/comments?post=931"}],"version-history":[{"count":2,"href":"https:\/\/www.gvs.com.br\/medtech\/wp-json\/wp\/v2\/posts\/931\/revisions"}],"predecessor-version":[{"id":1045,"href":"https:\/\/www.gvs.com.br\/medtech\/wp-json\/wp\/v2\/posts\/931\/revisions\/1045"}],"wp:featuredmedia":[{"embeddable":true,"href":"https:\/\/www.gvs.com.br\/medtech\/wp-json\/wp\/v2\/media\/938"}],"wp:attachment":[{"href":"https:\/\/www.gvs.com.br\/medtech\/wp-json\/wp\/v2\/media?parent=931"}],"wp:term":[{"taxonomy":"category","embeddable":true,"href":"https:\/\/www.gvs.com.br\/medtech\/wp-json\/wp\/v2\/categories?post=931"},{"taxonomy":"post_tag","embeddable":true,"href":"https:\/\/www.gvs.com.br\/medtech\/wp-json\/wp\/v2\/tags?post=931"}],"curies":[{"name":"wp","href":"https:\/\/api.w.org\/{rel}","templated":true}]}}