{"id":929,"date":"2025-08-29T14:44:20","date_gmt":"2025-08-29T14:44:20","guid":{"rendered":"https:\/\/www.gvs.com.br\/medtech\/?p=929"},"modified":"2025-09-08T20:10:37","modified_gmt":"2025-09-08T20:10:37","slug":"traqueostomia-infantil-e-o-aumento-na-expectativa-de-vida","status":"publish","type":"post","link":"https:\/\/www.gvs.com.br\/medtech\/2025\/08\/29\/traqueostomia-infantil-e-o-aumento-na-expectativa-de-vida\/","title":{"rendered":"Traqueostomia infantil e o aumento na expectativa de vida"},"content":{"rendered":"\n<div class=\"wp-block-uagb-container uagb-block-97360a92 alignfull uagb-is-root-container\"><div class=\"uagb-container-inner-blocks-wrap\">\n<div class=\"wp-block-uagb-advanced-heading uagb-block-b5b418f7\"><h2 class=\"uagb-heading-text\"><strong>Traqueostomia infantil e o aumento na<br>expectativa de vida<\/strong><\/h2><\/div>\n\n\n\n<div class=\"wp-block-uagb-advanced-heading uagb-block-4708a093\"><h2 class=\"uagb-heading-text\"><strong>Veja qual sua import\u00e2ncia e como se estabeleceu como principal meio de tratamento <\/strong><br><strong>para crises respirat\u00f3rias agudas.<\/strong><\/h2><\/div>\n<\/div><\/div>\n\n\n\n<p class=\"has-text-align-justify has-text-align-justify\"><\/p>\n\n\n\n<p class=\"has-text-align-justify has-text-align-justify\">A traqueostomia infantil foi uma das principais revolu\u00e7\u00f5es no suporte neonatal, principalmente ao longo do s\u00e9culo XIX e XX.<\/p>\n\n\n\n<p class=\"has-text-align-justify has-text-align-justify\">Isso porque, antes da fabrica\u00e7\u00e3o das vacinas que combatiam os principais v\u00edrus e bact\u00e9rias causadores de obstru\u00e7\u00e3o da traqueia, o procedimento era a principal forma de reverter quadros graves.<\/p>\n\n\n\n<p class=\"has-text-align-justify has-text-align-justify\">Dessa forma, garantindo um aumento na taxa de sobrevida em beb\u00eas. Depois de constatada sua efic\u00e1cia, o procedimento foi aprimorado e \u00e9 um dos principais no combate a crises respirat\u00f3rias agudas.<\/p>\n\n\n\n<p class=\"has-text-align-justify has-text-align-justify\">Por isso, hoje vamos falar sobre como esse processo se desenvolveu e quais as peculiaridades quando realizado em crian\u00e7as.<\/p>\n\n\n\n<p class=\"has-text-align-justify has-text-align-justify\">Se gostou do tema, continue a leitura e tire todas as suas d\u00favidas!<\/p>\n\n\n\n<h2 class=\"wp-block-heading has-ast-global-color-0-color has-text-color has-link-color wp-elements-9a8894ca2fddeb95899f8a4c8f293186\">Traqueostomia<\/h2>\n\n\n\n<p class=\"has-text-align-justify has-text-align-justify\">Antes de tudo, precisamos entender como funciona essa t\u00e9cnica, para assim, ser poss\u00edvel identificar as principais diferen\u00e7as entre o procedimento realizado em adultos e a traqueostomia infantil.<\/p>\n\n\n\n<p class=\"has-text-align-justify has-text-align-justify\">A traqueostomia se trata de uma incis\u00e3o cir\u00fargica na parede da traqueia para permitir a passagem de ar, dessa forma, normalizando a respira\u00e7\u00e3o, em caso de obstru\u00e7\u00e3o das vias a\u00e9reas.<\/p>\n\n\n\n<p class=\"has-text-align-justify has-text-align-justify\">O processo \u00e9 indicado para pacientes em intuba\u00e7\u00e3o prolongada, traumas complexos na regi\u00e3o, cirurgias que apresentam risco de sangramento ou edemas, entre outros.<\/p>\n\n\n\n<p class=\"has-text-align-justify has-text-align-justify\">Pode ser tempor\u00e1ria ou definitiva, dependendo do caso e do diagn\u00f3stico do m\u00e9dico respons\u00e1vel.<\/p>\n\n\n\n<p class=\"has-text-align-justify has-text-align-justify\">Os casos definitivos s\u00e3o comuns para situa\u00e7\u00f5es irrevers\u00edveis e que n\u00e3o h\u00e1 possibilidade de realizar o tratamento da les\u00e3o, ou traumas que gerem altera\u00e7\u00e3o anat\u00f4mica no paciente.<\/p>\n\n\n\n<p class=\"has-text-align-justify has-text-align-justify\">Al\u00e9m disso, podem ser classificadas como eletivas ou urgentes.<\/p>\n\n\n\n<p class=\"has-text-align-justify has-text-align-justify\">A traqueostomia de urg\u00eancia \u00e9 necess\u00e1ria em casos de obstru\u00e7\u00e3o aguda na passagem de ar, geralmente causadas por tumores com crescimento progressivo e traumas.<\/p>\n\n\n\n<p class=\"has-text-align-justify has-text-align-justify\">Os procedimentos de urg\u00eancia, s\u00e3o indicados em situa\u00e7\u00f5es que exigem uma revers\u00e3o r\u00e1pida do quadro cl\u00ednico do paciente.<\/p>\n\n\n\n<p class=\"has-text-align-justify has-text-align-justify\">J\u00e1 nos processos eletivos, a traqueostomia infantil \u00e9 utilizada para proporcionar conforto ao paciente, quando a respira\u00e7\u00e3o j\u00e1 est\u00e1 normalizada, mas, h\u00e1 a necessidade de interven\u00e7\u00e3o.<\/p>\n\n\n\n<p class=\"has-text-align-justify has-text-align-justify\">Outras formas de diferenciar o procedimento, \u00e9 atrav\u00e9s da sua finalidade, podendo ser classificadas da seguinte forma:<\/p>\n\n\n\n<h3 class=\"wp-block-heading has-ast-global-color-0-color has-text-color has-link-color wp-elements-9fb6252192972fbfa611544d856a3dba\">Traqueostomia de prote\u00e7\u00e3o<\/h3>\n\n\n\n<p>Alguns procedimento realizados em diversos tratamentos, como os endosc\u00f3picos, podem oferecer risco de obstru\u00e7\u00e3o das vias a\u00e9reas.<\/p>\n\n\n\n<p>Dessa forma, se faz necess\u00e1rio meios para conter riscos como esse. Por isso, a utiliza\u00e7\u00e3o da traqueostomia \u00e9 comum para esse tipo de preven\u00e7\u00e3o.<\/p>\n\n\n\n<p>Realizando a prote\u00e7\u00e3o do paciente, dos riscos presentes no tratamento realizado.<\/p>\n\n\n\n<h3 class=\"wp-block-heading has-ast-global-color-0-color has-text-color has-link-color wp-elements-fa7a8ca4637f02763ef9454ab6440457\">Traqueostomia imperativa<\/h3>\n\n\n\n<p>Comum para a manuten\u00e7\u00e3o das vias a\u00e9reas, em casos de estreitamento, tumores que contribuem para a obstru\u00e7\u00f5es, infec\u00e7\u00f5es e acumulo de l\u00edquidos no local.<\/p>\n\n\n\n<h3 class=\"wp-block-heading has-ast-global-color-0-color has-text-color has-link-color wp-elements-28f518296469ef885f59e595f82bb4a5\">Traqueostomia paliativa<\/h3>\n\n\n\n<p>A finalidade da traqueostomia paliativa \u00e9 fornecer conforto ao paciente. Dessa forma, permite a remo\u00e7\u00e3o dos tubos utilizados para a respira\u00e7\u00e3o mec\u00e2nica.<\/p>\n\n\n\n<p>Geralmente, utilizada em pacientes em fase terminal, ou seja, situa\u00e7\u00f5es irrevers\u00edveis, permitindo uma invas\u00e3o menor no restante do tratamento.<\/p>\n\n\n\n<p>Al\u00e9m disso, esse procedimento visa minimizar os riscos de pneumonia, associada \u00e0 ventila\u00e7\u00e3o mec\u00e2nica.<\/p>\n\n\n\n<h2 class=\"wp-block-heading has-ast-global-color-0-color has-text-color has-link-color wp-elements-071e4648efc86b30f8e170bfce92c643\">A hist\u00f3ria da traqueostomia infantil<\/h2>\n\n\n\n<p>Sua primeira apari\u00e7\u00e3o, remete \u00e0 Roma Antiga, mais especificamente, no s\u00e9culo II antes de Cristo, realizada por Asclep\u00edades.<\/p>\n\n\n\n<p>Depois disso, seu estudo foi aprofundado e, somente no s\u00e9culo II depois de Cristo, foram estabelecidos padr\u00f5es para a sua realiza\u00e7\u00e3o.<\/p>\n\n\n\n<p>O primeiro procedimento realizado em pacientes em idade pedi\u00e1trica, foi relatado em 1620 por Nicholas Habicot, que realizou a cirurgia em quatro pacientes, um deles com 14 anos.<\/p>\n\n\n\n<p>Depois disso, em 1766, Carron relata a remo\u00e7\u00e3o de um corpo estranho por meio de uma traqueostomia de emerg\u00eancia em uma crian\u00e7a de 7 anos.<\/p>\n\n\n\n<p>Nos pr\u00f3ximos anos, foram descritos alguns procedimentos realizados em casos pequenos, por\u00e9m sem inova\u00e7\u00f5es.<\/p>\n\n\n\n<p>Mas, somente em 1833, Trousseau relatou ter salvo, por meio da t\u00e9cnica de traqueostomia, cerca de 50 crian\u00e7as que sofriam de difteria.<\/p>\n\n\n\n<p>Foi ent\u00e3o que, pela primeira vez, se estabeleceu&nbsp;cuidados p\u00f3s-operat\u00f3rio&nbsp;para o procedimento de traqueostomia.<\/p>\n\n\n\n<p>Apesar de, ainda apresentar taxas de mortalidade elevada, a t\u00e9cnica se tornou popular no tratamento de difterias.<\/p>\n\n\n\n<p>J\u00e1 em 1921, Jackson contribui para a evolu\u00e7\u00e3o do procedimento, reduzindo a taxa de mortalidade p\u00f3s-operat\u00f3ria.<\/p>\n\n\n\n<p>De acordo com ele, para garantir a efici\u00eancia do processo cir\u00fargico, \u00e9 preciso realiz\u00e1-lo de forma adequada e se atentar aos cuidados posteriores ao procedimento.<\/p>\n\n\n\n<p>Inicialmente, a traqueostomia era vista como um \u00faltimo recurso e, somente ap\u00f3s o s\u00e9culo XX seu uso foi difundido como tratamento para melhora de cuidados respirat\u00f3rios.<\/p>\n\n\n\n<h2 class=\"wp-block-heading has-ast-global-color-0-color has-text-color has-link-color wp-elements-1a2ac30421ee4167e004790551be57db\">Finalidade da traqueostomia infantil<\/h2>\n\n\n\n<p>A utiliza\u00e7\u00e3o da t\u00e9cnica n\u00e3o possui muitas diferen\u00e7as quando falamos de crian\u00e7as. Claro que os cuidados, geralmente s\u00e3o redobrados.<\/p>\n\n\n\n<p>As finalidades podem ser as mesmas da traqueostomia realizada em adultos, por\u00e9m, um fator contribui para que a t\u00e9cnica seja mais comum em crian\u00e7as menores de 1 ano.<\/p>\n\n\n\n<p>O aumento da taxa de sobreviv\u00eancia de prematuros, est\u00e1 amplamente ligado ao desenvolvimento da t\u00e9cnica.<\/p>\n\n\n\n<p>Outro quadro cl\u00ednico que utiliza muito a traqueostomia em crian\u00e7as, \u00e9 a necessidade de ventila\u00e7\u00e3o prolongada, novamente, comum em crian\u00e7as que nasceram prematuramente.<\/p>\n\n\n\n<p>Esse aumento de sobrevida de crian\u00e7as prematuras, consequ\u00eancia da utiliza\u00e7\u00e3o do procedimento, contribuiu para que sua utiliza\u00e7\u00e3o fosse determinada precocemente.<\/p>\n\n\n\n<p>Dessa forma, tornando-se um dos procedimentos cir\u00fargicos mais comuns para tratamento de crises respirat\u00f3rias agudas em crian\u00e7as.<\/p>\n\n\n\n<p>Apesar disso, por apresentar estrutura anat\u00f4mica ainda em desenvolvimento, o uso emergencial da traqueostomia infantil n\u00e3o \u00e9 muito defendido.<\/p>\n\n\n\n<p>Isso porque, os riscos de sangramento e rompimento das vias a\u00e9reas s\u00e3o muito grandes.<\/p>\n\n\n\n<p>Por isso, na maioria dos casos emergenciais opta-se pela utiliza\u00e7\u00e3o da bolsa-m\u00e1scara anest\u00e9sica, para que n\u00e3o haja necessidade de intuba\u00e7\u00e3o traqueal.<\/p>\n\n\n\n<p>Por\u00e9m, a utiliza\u00e7\u00e3o da bolsa-m\u00e1scara s\u00f3 \u00e9 efetiva em curto per\u00edodo de tempo.<\/p>\n\n\n\n<figure class=\"wp-block-image aligncenter size-large\"><img loading=\"lazy\" decoding=\"async\" width=\"1024\" height=\"323\" src=\"https:\/\/www.gvs.com.br\/medtech\/wp-content\/uploads\/2025\/08\/traq-1024x323.jpg\" alt=\"\" class=\"wp-image-933\" srcset=\"https:\/\/www.gvs.com.br\/medtech\/wp-content\/uploads\/2025\/08\/traq-1024x323.jpg 1024w, https:\/\/www.gvs.com.br\/medtech\/wp-content\/uploads\/2025\/08\/traq-300x95.jpg 300w, https:\/\/www.gvs.com.br\/medtech\/wp-content\/uploads\/2025\/08\/traq-768x242.jpg 768w, https:\/\/www.gvs.com.br\/medtech\/wp-content\/uploads\/2025\/08\/traq.jpg 1110w\" sizes=\"auto, (max-width: 1024px) 100vw, 1024px\" \/><\/figure>\n\n\n\n<h2 class=\"wp-block-heading has-ast-global-color-0-color has-text-color has-link-color wp-elements-fdbf28af3d9fa2e7db7f8cf6aea1af2d\">Equipamentos necess\u00e1rios para a traqueostomia infantil<\/h2>\n\n\n\n<p class=\"has-text-align-justify has-text-align-justify\">Assim como, a import\u00e2ncia do seu desenvolvimento e dos cuidados p\u00f3s-operat\u00f3rios, os equipamentos s\u00e3o outra parte importante na realiza\u00e7\u00e3o da traqueostomia infantil.<\/p>\n\n\n\n<p>Apesar de serem equipamentos parecidos, apresentam diferen\u00e7a, principalmente, em seu tamanho e espessura.<\/p>\n\n\n\n<p>Mas, se resumem aos seguintes itens:<\/p>\n\n\n\n<ul class=\"wp-block-list\">\n<li>C\u00e2nula: trata-se de um tubo de pl\u00e1stico ou metal, introduzido na incis\u00e3o para que o corte n\u00e3o se feche, dessa forma, mantendo a passagem de ar;<\/li>\n\n\n\n<li><a href=\"https:\/\/www.gvs.com.br\/medtech\/traqueostomia-filtro-hme-traqueo-para-pacientes-traqueostomizados-com-respiracao-espontanea\/\" target=\"_blank\" rel=\"noreferrer noopener\">Filtro HME Traqueo<\/a>: ideal para garantir a seguran\u00e7a e conforto do paciente traqueostomizado em respira\u00e7\u00e3o espont\u00e2nea, garantindo troca de calor e umidade, \u00e9 ideal para pacientes que passam pelo tratamento por um tempo prolongado.<\/li>\n<\/ul>\n\n\n\n<p>Gostou do tema e quer ficar por dentro dos mais revolucion\u00e1rios procedimentos dispon\u00edveis?<\/p>\n\n\n\n<p>Acesse&nbsp;<a href=\"https:\/\/www.gvs.com.br\/medtech\/blog\/\" target=\"_blank\" rel=\"noreferrer noopener\">nosso blog<\/a>&nbsp;e saiba muito mais!<\/p>\n\n\n\n<h3 class=\"wp-block-heading has-ast-global-color-0-color has-text-color has-link-color wp-elements-ef5789a5c188be451c8c8e0c080c7740\">Refer\u00eancias<\/h3>\n\n\n\n<p><a href=\"https:\/\/pebmed.com.br\/traqueostomia-em-criancas-quais-as-indicacoes-e-complicacoes\">https:\/\/pebmed.com.br\/traqueostomia-em-criancas-quais-as-indicacoes-e-complicacoes<\/a><\/p>\n\n\n\n<p><a href=\"https:\/\/www.scielo.br\/j\/jped\/a\/d4KnWPG7HbgcdHyFJmjFZbp\/?lang=pt\">https:\/\/www.scielo.br\/j\/jped\/a\/d4KnWPG7HbgcdHyFJmjFZbp\/?lang=pt<\/a><\/p>\n\n\n\n<div class=\"wp-block-uagb-separator uagb-block-ea6e94c0\"><div class=\"uagb-separator-spacing-wrapper\"><div class=\"wp-block-uagb-separator__inner\" style=\"--my-background-image:\"><\/div><\/div><\/div>\n\n\n\n<div class=\"wp-block-uagb-call-to-action uagb-block-9987562e wp-block-button\"><div class=\"uagb-cta__wrap\"><h3 class=\"uagb-cta__title\">Gostou do conte\u00fado?<\/h3><p class=\"uagb-cta__desc\">Entre em nosso blog e leia mais artigos como esse!<\/p><\/div><div class=\"uagb-cta__buttons\"><a href=\"https:\/\/gvs.com.br\/medtech\/blog\/\" class=\"uagb-cta__button-link-wrapper wp-block-button__link\" target=\"_self\" rel=\"noopener noreferrer\">Acesse<\/a><\/div><\/div>\n\n\n\n<div class=\"wp-block-uagb-separator uagb-block-89841de0\"><div class=\"uagb-separator-spacing-wrapper\"><div class=\"wp-block-uagb-separator__inner\" style=\"--my-background-image:\"><\/div><\/div><\/div>\n\n\n\n<div class=\"wp-block-uagb-call-to-action uagb-block-767538e5 wp-block-button\"><div class=\"uagb-cta__wrap\"><h3 class=\"uagb-cta__title\">Fale com a gente!<\/h3><p class=\"uagb-cta__desc\">Entre em contato com o nosso time hoje mesmo, esclare\u00e7a as suas d\u00favidas e&nbsp;<strong>solicite a sua cota\u00e7\u00e3o!<\/strong><\/p><\/div><div class=\"uagb-cta__buttons\"><a href=\"https:\/\/wa.me\/5519991369490\" class=\"uagb-cta__button-link-wrapper wp-block-button__link\" target=\"_blank\" rel=\"noopener noreferrer\"><svg xmlns=\"https:\/\/www.w3.org\/2000\/svg\" viewBox=\"0 0 448 512\"><path d=\"M380.9 97.1C339 55.1 283.2 32 223.9 32c-122.4 0-222 99.6-222 222 0 39.1 10.2 77.3 29.6 111L0 480l117.7-30.9c32.4 17.7 68.9 27 106.1 27h.1c122.3 0 224.1-99.6 224.1-222 0-59.3-25.2-115-67.1-157zm-157 341.6c-33.2 0-65.7-8.9-94-25.7l-6.7-4-69.8 18.3L72 359.2l-4.4-7c-18.5-29.4-28.2-63.3-28.2-98.2 0-101.7 82.8-184.5 184.6-184.5 49.3 0 95.6 19.2 130.4 54.1 34.8 34.9 56.2 81.2 56.1 130.5 0 101.8-84.9 184.6-186.6 184.6zm101.2-138.2c-5.5-2.8-32.8-16.2-37.9-18-5.1-1.9-8.8-2.8-12.5 2.8-3.7 5.6-14.3 18-17.6 21.8-3.2 3.7-6.5 4.2-12 1.4-32.6-16.3-54-29.1-75.5-66-5.7-9.8 5.7-9.1 16.3-30.3 1.8-3.7 .9-6.9-.5-9.7-1.4-2.8-12.5-30.1-17.1-41.2-4.5-10.8-9.1-9.3-12.5-9.5-3.2-.2-6.9-.2-10.6-.2-3.7 0-9.7 1.4-14.8 6.9-5.1 5.6-19.4 19-19.4 46.3 0 27.3 19.9 53.7 22.6 57.4 2.8 3.7 39.1 59.7 94.8 83.8 35.2 15.2 49 16.5 66.6 13.9 10.7-1.6 32.8-13.4 37.4-26.4 4.6-13 4.6-24.1 3.2-26.4-1.3-2.5-5-3.9-10.5-6.6z\"><\/path><\/svg>WhatsApp<\/a><\/div><\/div>\n\n\n\n<p><\/p>\n","protected":false},"excerpt":{"rendered":"<p>Traqueostomia infantil e o aumento naexpectativa de vida Veja qual sua import\u00e2ncia e como se estabeleceu como principal meio de [&hellip;]<\/p>\n","protected":false},"author":3,"featured_media":932,"comment_status":"open","ping_status":"open","sticky":false,"template":"","format":"standard","meta":{"_uag_custom_page_level_css":"","site-sidebar-layout":"default","site-content-layout":"","ast-site-content-layout":"default","site-content-style":"default","site-sidebar-style":"default","ast-global-header-display":"","ast-banner-title-visibility":"","ast-main-header-display":"","ast-hfb-above-header-display":"","ast-hfb-below-header-display":"","ast-hfb-mobile-header-display":"","site-post-title":"disabled","ast-breadcrumbs-content":"","ast-featured-img":"disabled","footer-sml-layout":"","ast-disable-related-posts":"","theme-transparent-header-meta":"","adv-header-id-meta":"","stick-header-meta":"","header-above-stick-meta":"","header-main-stick-meta":"","header-below-stick-meta":"","astra-migrate-meta-layouts":"default","ast-page-background-enabled":"default","ast-page-background-meta":{"desktop":{"background-color":"var(--ast-global-color-4)","background-image":"","background-repeat":"repeat","background-position":"center center","background-size":"auto","background-attachment":"scroll","background-type":"","background-media":"","overlay-type":"","overlay-color":"","overlay-opacity":"","overlay-gradient":""},"tablet":{"background-color":"","background-image":"","background-repeat":"repeat","background-position":"center center","background-size":"auto","background-attachment":"scroll","background-type":"","background-media":"","overlay-type":"","overlay-color":"","overlay-opacity":"","overlay-gradient":""},"mobile":{"background-color":"","background-image":"","background-repeat":"repeat","background-position":"center center","background-size":"auto","background-attachment":"scroll","background-type":"","background-media":"","overlay-type":"","overlay-color":"","overlay-opacity":"","overlay-gradient":""}},"ast-content-background-meta":{"desktop":{"background-color":"var(--ast-global-color-5)","background-image":"","background-repeat":"repeat","background-position":"center center","background-size":"auto","background-attachment":"scroll","background-type":"","background-media":"","overlay-type":"","overlay-color":"","overlay-opacity":"","overlay-gradient":""},"tablet":{"background-color":"var(--ast-global-color-5)","background-image":"","background-repeat":"repeat","background-position":"center center","background-size":"auto","background-attachment":"scroll","background-type":"","background-media":"","overlay-type":"","overlay-color":"","overlay-opacity":"","overlay-gradient":""},"mobile":{"background-color":"var(--ast-global-color-5)","background-image":"","background-repeat":"repeat","background-position":"center center","background-size":"auto","background-attachment":"scroll","background-type":"","background-media":"","overlay-type":"","overlay-color":"","overlay-opacity":"","overlay-gradient":""}},"footnotes":""},"categories":[8,7],"tags":[21,22],"class_list":["post-929","post","type-post","status-publish","format-standard","has-post-thumbnail","hentry","category-gvs","category-medtech","tag-equipamentos-medicos","tag-produtos-hospitalares"],"yoast_head":"<!-- This site is optimized with the Yoast SEO plugin v27.5 - https:\/\/yoast.com\/product\/yoast-seo-wordpress\/ -->\n<title>Traqueostomia infantil e o aumento na expectativa de vida<\/title>\n<meta name=\"description\" content=\"Veja qual sua import\u00e2ncia e como se estabeleceu como principal meio de tratamento para crises respirat\u00f3rias agudas.\" \/>\n<meta name=\"robots\" content=\"index, follow, max-snippet:-1, max-image-preview:large, max-video-preview:-1\" \/>\n<link rel=\"canonical\" href=\"https:\/\/www.gvs.com.br\/medtech\/2025\/08\/29\/traqueostomia-infantil-e-o-aumento-na-expectativa-de-vida\/\" \/>\n<meta property=\"og:locale\" content=\"pt_BR\" \/>\n<meta property=\"og:type\" content=\"article\" \/>\n<meta property=\"og:title\" content=\"Traqueostomia infantil e o aumento na expectativa de vida\" \/>\n<meta property=\"og:description\" content=\"Veja qual sua import\u00e2ncia e como se estabeleceu como principal meio de tratamento para crises respirat\u00f3rias agudas.\" \/>\n<meta property=\"og:url\" content=\"https:\/\/www.gvs.com.br\/medtech\/2025\/08\/29\/traqueostomia-infantil-e-o-aumento-na-expectativa-de-vida\/\" \/>\n<meta property=\"og:site_name\" content=\"MedTech\" \/>\n<meta property=\"article:published_time\" content=\"2025-08-29T14:44:20+00:00\" \/>\n<meta property=\"article:modified_time\" content=\"2025-09-08T20:10:37+00:00\" \/>\n<meta property=\"og:image\" content=\"https:\/\/www.gvs.com.br\/medtech\/wp-content\/uploads\/2025\/08\/topo-healthcare-air-gas-traqueostomia-infantil.jpg\" \/>\n\t<meta property=\"og:image:width\" content=\"1123\" \/>\n\t<meta property=\"og:image:height\" content=\"633\" \/>\n\t<meta property=\"og:image:type\" content=\"image\/jpeg\" \/>\n<meta name=\"author\" content=\"admin-gvs\" \/>\n<meta name=\"twitter:card\" content=\"summary_large_image\" \/>\n<meta name=\"twitter:label1\" content=\"Escrito por\" \/>\n\t<meta name=\"twitter:data1\" content=\"admin-gvs\" \/>\n\t<meta name=\"twitter:label2\" content=\"Est. tempo de leitura\" \/>\n\t<meta name=\"twitter:data2\" content=\"7 minutos\" \/>\n<script type=\"application\/ld+json\" class=\"yoast-schema-graph\">{\"@context\":\"https:\\\/\\\/schema.org\",\"@graph\":[{\"@type\":\"Article\",\"@id\":\"https:\\\/\\\/www.gvs.com.br\\\/medtech\\\/2025\\\/08\\\/29\\\/traqueostomia-infantil-e-o-aumento-na-expectativa-de-vida\\\/#article\",\"isPartOf\":{\"@id\":\"https:\\\/\\\/www.gvs.com.br\\\/medtech\\\/2025\\\/08\\\/29\\\/traqueostomia-infantil-e-o-aumento-na-expectativa-de-vida\\\/\"},\"author\":{\"name\":\"admin-gvs\",\"@id\":\"https:\\\/\\\/www.gvs.com.br\\\/medtech\\\/#\\\/schema\\\/person\\\/93f5a042f2130ba3dc092e8229ec0d0a\"},\"headline\":\"Traqueostomia infantil e o aumento na expectativa de vida\",\"datePublished\":\"2025-08-29T14:44:20+00:00\",\"dateModified\":\"2025-09-08T20:10:37+00:00\",\"mainEntityOfPage\":{\"@id\":\"https:\\\/\\\/www.gvs.com.br\\\/medtech\\\/2025\\\/08\\\/29\\\/traqueostomia-infantil-e-o-aumento-na-expectativa-de-vida\\\/\"},\"wordCount\":1243,\"commentCount\":0,\"publisher\":{\"@id\":\"https:\\\/\\\/www.gvs.com.br\\\/medtech\\\/#organization\"},\"image\":{\"@id\":\"https:\\\/\\\/www.gvs.com.br\\\/medtech\\\/2025\\\/08\\\/29\\\/traqueostomia-infantil-e-o-aumento-na-expectativa-de-vida\\\/#primaryimage\"},\"thumbnailUrl\":\"https:\\\/\\\/www.gvs.com.br\\\/medtech\\\/wp-content\\\/uploads\\\/2025\\\/08\\\/topo-healthcare-air-gas-traqueostomia-infantil.jpg\",\"keywords\":[\"Equipamentos m\u00e9dicos\",\"Produtos hospitalares\"],\"articleSection\":[\"GVS\",\"MedTech\"],\"inLanguage\":\"pt-BR\",\"potentialAction\":[{\"@type\":\"CommentAction\",\"name\":\"Comment\",\"target\":[\"https:\\\/\\\/www.gvs.com.br\\\/medtech\\\/2025\\\/08\\\/29\\\/traqueostomia-infantil-e-o-aumento-na-expectativa-de-vida\\\/#respond\"]}]},{\"@type\":\"WebPage\",\"@id\":\"https:\\\/\\\/www.gvs.com.br\\\/medtech\\\/2025\\\/08\\\/29\\\/traqueostomia-infantil-e-o-aumento-na-expectativa-de-vida\\\/\",\"url\":\"https:\\\/\\\/www.gvs.com.br\\\/medtech\\\/2025\\\/08\\\/29\\\/traqueostomia-infantil-e-o-aumento-na-expectativa-de-vida\\\/\",\"name\":\"Traqueostomia infantil e o aumento na expectativa de vida\",\"isPartOf\":{\"@id\":\"https:\\\/\\\/www.gvs.com.br\\\/medtech\\\/#website\"},\"primaryImageOfPage\":{\"@id\":\"https:\\\/\\\/www.gvs.com.br\\\/medtech\\\/2025\\\/08\\\/29\\\/traqueostomia-infantil-e-o-aumento-na-expectativa-de-vida\\\/#primaryimage\"},\"image\":{\"@id\":\"https:\\\/\\\/www.gvs.com.br\\\/medtech\\\/2025\\\/08\\\/29\\\/traqueostomia-infantil-e-o-aumento-na-expectativa-de-vida\\\/#primaryimage\"},\"thumbnailUrl\":\"https:\\\/\\\/www.gvs.com.br\\\/medtech\\\/wp-content\\\/uploads\\\/2025\\\/08\\\/topo-healthcare-air-gas-traqueostomia-infantil.jpg\",\"datePublished\":\"2025-08-29T14:44:20+00:00\",\"dateModified\":\"2025-09-08T20:10:37+00:00\",\"description\":\"Veja qual sua import\u00e2ncia e como se estabeleceu como principal meio de tratamento para crises respirat\u00f3rias agudas.\",\"breadcrumb\":{\"@id\":\"https:\\\/\\\/www.gvs.com.br\\\/medtech\\\/2025\\\/08\\\/29\\\/traqueostomia-infantil-e-o-aumento-na-expectativa-de-vida\\\/#breadcrumb\"},\"inLanguage\":\"pt-BR\",\"potentialAction\":[{\"@type\":\"ReadAction\",\"target\":[\"https:\\\/\\\/www.gvs.com.br\\\/medtech\\\/2025\\\/08\\\/29\\\/traqueostomia-infantil-e-o-aumento-na-expectativa-de-vida\\\/\"]}]},{\"@type\":\"ImageObject\",\"inLanguage\":\"pt-BR\",\"@id\":\"https:\\\/\\\/www.gvs.com.br\\\/medtech\\\/2025\\\/08\\\/29\\\/traqueostomia-infantil-e-o-aumento-na-expectativa-de-vida\\\/#primaryimage\",\"url\":\"https:\\\/\\\/www.gvs.com.br\\\/medtech\\\/wp-content\\\/uploads\\\/2025\\\/08\\\/topo-healthcare-air-gas-traqueostomia-infantil.jpg\",\"contentUrl\":\"https:\\\/\\\/www.gvs.com.br\\\/medtech\\\/wp-content\\\/uploads\\\/2025\\\/08\\\/topo-healthcare-air-gas-traqueostomia-infantil.jpg\",\"width\":1123,\"height\":633},{\"@type\":\"BreadcrumbList\",\"@id\":\"https:\\\/\\\/www.gvs.com.br\\\/medtech\\\/2025\\\/08\\\/29\\\/traqueostomia-infantil-e-o-aumento-na-expectativa-de-vida\\\/#breadcrumb\",\"itemListElement\":[{\"@type\":\"ListItem\",\"position\":1,\"name\":\"In\u00edcio\",\"item\":\"https:\\\/\\\/www.gvs.com.br\\\/medtech\\\/\"},{\"@type\":\"ListItem\",\"position\":2,\"name\":\"Traqueostomia infantil e o aumento na expectativa de vida\"}]},{\"@type\":\"WebSite\",\"@id\":\"https:\\\/\\\/www.gvs.com.br\\\/medtech\\\/#website\",\"url\":\"https:\\\/\\\/www.gvs.com.br\\\/medtech\\\/\",\"name\":\"MedTech\",\"description\":\"\",\"publisher\":{\"@id\":\"https:\\\/\\\/www.gvs.com.br\\\/medtech\\\/#organization\"},\"potentialAction\":[{\"@type\":\"SearchAction\",\"target\":{\"@type\":\"EntryPoint\",\"urlTemplate\":\"https:\\\/\\\/www.gvs.com.br\\\/medtech\\\/?s={search_term_string}\"},\"query-input\":{\"@type\":\"PropertyValueSpecification\",\"valueRequired\":true,\"valueName\":\"search_term_string\"}}],\"inLanguage\":\"pt-BR\"},{\"@type\":\"Organization\",\"@id\":\"https:\\\/\\\/www.gvs.com.br\\\/medtech\\\/#organization\",\"name\":\"MedTech\",\"url\":\"https:\\\/\\\/www.gvs.com.br\\\/medtech\\\/\",\"logo\":{\"@type\":\"ImageObject\",\"inLanguage\":\"pt-BR\",\"@id\":\"https:\\\/\\\/www.gvs.com.br\\\/medtech\\\/#\\\/schema\\\/logo\\\/image\\\/\",\"url\":\"https:\\\/\\\/www.gvs.com.br\\\/medtech\\\/wp-content\\\/uploads\\\/2024\\\/12\\\/logo-gvs.png\",\"contentUrl\":\"https:\\\/\\\/www.gvs.com.br\\\/medtech\\\/wp-content\\\/uploads\\\/2024\\\/12\\\/logo-gvs.png\",\"width\":334,\"height\":201,\"caption\":\"MedTech\"},\"image\":{\"@id\":\"https:\\\/\\\/www.gvs.com.br\\\/medtech\\\/#\\\/schema\\\/logo\\\/image\\\/\"}},{\"@type\":\"Person\",\"@id\":\"https:\\\/\\\/www.gvs.com.br\\\/medtech\\\/#\\\/schema\\\/person\\\/93f5a042f2130ba3dc092e8229ec0d0a\",\"name\":\"admin-gvs\",\"image\":{\"@type\":\"ImageObject\",\"inLanguage\":\"pt-BR\",\"@id\":\"https:\\\/\\\/secure.gravatar.com\\\/avatar\\\/753807cf2c24e7c5051446eb4fc6c55657714e911f26a29329d9dc501ae35121?s=96&d=mm&r=g\",\"url\":\"https:\\\/\\\/secure.gravatar.com\\\/avatar\\\/753807cf2c24e7c5051446eb4fc6c55657714e911f26a29329d9dc501ae35121?s=96&d=mm&r=g\",\"contentUrl\":\"https:\\\/\\\/secure.gravatar.com\\\/avatar\\\/753807cf2c24e7c5051446eb4fc6c55657714e911f26a29329d9dc501ae35121?s=96&d=mm&r=g\",\"caption\":\"admin-gvs\"},\"url\":\"https:\\\/\\\/www.gvs.com.br\\\/medtech\\\/author\\\/admin-gvs\\\/\"}]}<\/script>\n<!-- \/ Yoast SEO plugin. -->","yoast_head_json":{"title":"Traqueostomia infantil e o aumento na expectativa de vida","description":"Veja qual sua import\u00e2ncia e como se estabeleceu como principal meio de tratamento para crises respirat\u00f3rias agudas.","robots":{"index":"index","follow":"follow","max-snippet":"max-snippet:-1","max-image-preview":"max-image-preview:large","max-video-preview":"max-video-preview:-1"},"canonical":"https:\/\/www.gvs.com.br\/medtech\/2025\/08\/29\/traqueostomia-infantil-e-o-aumento-na-expectativa-de-vida\/","og_locale":"pt_BR","og_type":"article","og_title":"Traqueostomia infantil e o aumento na expectativa de vida","og_description":"Veja qual sua import\u00e2ncia e como se estabeleceu como principal meio de tratamento para crises respirat\u00f3rias agudas.","og_url":"https:\/\/www.gvs.com.br\/medtech\/2025\/08\/29\/traqueostomia-infantil-e-o-aumento-na-expectativa-de-vida\/","og_site_name":"MedTech","article_published_time":"2025-08-29T14:44:20+00:00","article_modified_time":"2025-09-08T20:10:37+00:00","og_image":[{"width":1123,"height":633,"url":"https:\/\/www.gvs.com.br\/medtech\/wp-content\/uploads\/2025\/08\/topo-healthcare-air-gas-traqueostomia-infantil.jpg","type":"image\/jpeg"}],"author":"admin-gvs","twitter_card":"summary_large_image","twitter_misc":{"Escrito por":"admin-gvs","Est. tempo de leitura":"7 minutos"},"schema":{"@context":"https:\/\/schema.org","@graph":[{"@type":"Article","@id":"https:\/\/www.gvs.com.br\/medtech\/2025\/08\/29\/traqueostomia-infantil-e-o-aumento-na-expectativa-de-vida\/#article","isPartOf":{"@id":"https:\/\/www.gvs.com.br\/medtech\/2025\/08\/29\/traqueostomia-infantil-e-o-aumento-na-expectativa-de-vida\/"},"author":{"name":"admin-gvs","@id":"https:\/\/www.gvs.com.br\/medtech\/#\/schema\/person\/93f5a042f2130ba3dc092e8229ec0d0a"},"headline":"Traqueostomia infantil e o aumento na expectativa de vida","datePublished":"2025-08-29T14:44:20+00:00","dateModified":"2025-09-08T20:10:37+00:00","mainEntityOfPage":{"@id":"https:\/\/www.gvs.com.br\/medtech\/2025\/08\/29\/traqueostomia-infantil-e-o-aumento-na-expectativa-de-vida\/"},"wordCount":1243,"commentCount":0,"publisher":{"@id":"https:\/\/www.gvs.com.br\/medtech\/#organization"},"image":{"@id":"https:\/\/www.gvs.com.br\/medtech\/2025\/08\/29\/traqueostomia-infantil-e-o-aumento-na-expectativa-de-vida\/#primaryimage"},"thumbnailUrl":"https:\/\/www.gvs.com.br\/medtech\/wp-content\/uploads\/2025\/08\/topo-healthcare-air-gas-traqueostomia-infantil.jpg","keywords":["Equipamentos m\u00e9dicos","Produtos hospitalares"],"articleSection":["GVS","MedTech"],"inLanguage":"pt-BR","potentialAction":[{"@type":"CommentAction","name":"Comment","target":["https:\/\/www.gvs.com.br\/medtech\/2025\/08\/29\/traqueostomia-infantil-e-o-aumento-na-expectativa-de-vida\/#respond"]}]},{"@type":"WebPage","@id":"https:\/\/www.gvs.com.br\/medtech\/2025\/08\/29\/traqueostomia-infantil-e-o-aumento-na-expectativa-de-vida\/","url":"https:\/\/www.gvs.com.br\/medtech\/2025\/08\/29\/traqueostomia-infantil-e-o-aumento-na-expectativa-de-vida\/","name":"Traqueostomia infantil e o aumento na expectativa de vida","isPartOf":{"@id":"https:\/\/www.gvs.com.br\/medtech\/#website"},"primaryImageOfPage":{"@id":"https:\/\/www.gvs.com.br\/medtech\/2025\/08\/29\/traqueostomia-infantil-e-o-aumento-na-expectativa-de-vida\/#primaryimage"},"image":{"@id":"https:\/\/www.gvs.com.br\/medtech\/2025\/08\/29\/traqueostomia-infantil-e-o-aumento-na-expectativa-de-vida\/#primaryimage"},"thumbnailUrl":"https:\/\/www.gvs.com.br\/medtech\/wp-content\/uploads\/2025\/08\/topo-healthcare-air-gas-traqueostomia-infantil.jpg","datePublished":"2025-08-29T14:44:20+00:00","dateModified":"2025-09-08T20:10:37+00:00","description":"Veja qual sua import\u00e2ncia e como se estabeleceu como principal meio de tratamento para crises respirat\u00f3rias agudas.","breadcrumb":{"@id":"https:\/\/www.gvs.com.br\/medtech\/2025\/08\/29\/traqueostomia-infantil-e-o-aumento-na-expectativa-de-vida\/#breadcrumb"},"inLanguage":"pt-BR","potentialAction":[{"@type":"ReadAction","target":["https:\/\/www.gvs.com.br\/medtech\/2025\/08\/29\/traqueostomia-infantil-e-o-aumento-na-expectativa-de-vida\/"]}]},{"@type":"ImageObject","inLanguage":"pt-BR","@id":"https:\/\/www.gvs.com.br\/medtech\/2025\/08\/29\/traqueostomia-infantil-e-o-aumento-na-expectativa-de-vida\/#primaryimage","url":"https:\/\/www.gvs.com.br\/medtech\/wp-content\/uploads\/2025\/08\/topo-healthcare-air-gas-traqueostomia-infantil.jpg","contentUrl":"https:\/\/www.gvs.com.br\/medtech\/wp-content\/uploads\/2025\/08\/topo-healthcare-air-gas-traqueostomia-infantil.jpg","width":1123,"height":633},{"@type":"BreadcrumbList","@id":"https:\/\/www.gvs.com.br\/medtech\/2025\/08\/29\/traqueostomia-infantil-e-o-aumento-na-expectativa-de-vida\/#breadcrumb","itemListElement":[{"@type":"ListItem","position":1,"name":"In\u00edcio","item":"https:\/\/www.gvs.com.br\/medtech\/"},{"@type":"ListItem","position":2,"name":"Traqueostomia infantil e o aumento na expectativa de vida"}]},{"@type":"WebSite","@id":"https:\/\/www.gvs.com.br\/medtech\/#website","url":"https:\/\/www.gvs.com.br\/medtech\/","name":"MedTech","description":"","publisher":{"@id":"https:\/\/www.gvs.com.br\/medtech\/#organization"},"potentialAction":[{"@type":"SearchAction","target":{"@type":"EntryPoint","urlTemplate":"https:\/\/www.gvs.com.br\/medtech\/?s={search_term_string}"},"query-input":{"@type":"PropertyValueSpecification","valueRequired":true,"valueName":"search_term_string"}}],"inLanguage":"pt-BR"},{"@type":"Organization","@id":"https:\/\/www.gvs.com.br\/medtech\/#organization","name":"MedTech","url":"https:\/\/www.gvs.com.br\/medtech\/","logo":{"@type":"ImageObject","inLanguage":"pt-BR","@id":"https:\/\/www.gvs.com.br\/medtech\/#\/schema\/logo\/image\/","url":"https:\/\/www.gvs.com.br\/medtech\/wp-content\/uploads\/2024\/12\/logo-gvs.png","contentUrl":"https:\/\/www.gvs.com.br\/medtech\/wp-content\/uploads\/2024\/12\/logo-gvs.png","width":334,"height":201,"caption":"MedTech"},"image":{"@id":"https:\/\/www.gvs.com.br\/medtech\/#\/schema\/logo\/image\/"}},{"@type":"Person","@id":"https:\/\/www.gvs.com.br\/medtech\/#\/schema\/person\/93f5a042f2130ba3dc092e8229ec0d0a","name":"admin-gvs","image":{"@type":"ImageObject","inLanguage":"pt-BR","@id":"https:\/\/secure.gravatar.com\/avatar\/753807cf2c24e7c5051446eb4fc6c55657714e911f26a29329d9dc501ae35121?s=96&d=mm&r=g","url":"https:\/\/secure.gravatar.com\/avatar\/753807cf2c24e7c5051446eb4fc6c55657714e911f26a29329d9dc501ae35121?s=96&d=mm&r=g","contentUrl":"https:\/\/secure.gravatar.com\/avatar\/753807cf2c24e7c5051446eb4fc6c55657714e911f26a29329d9dc501ae35121?s=96&d=mm&r=g","caption":"admin-gvs"},"url":"https:\/\/www.gvs.com.br\/medtech\/author\/admin-gvs\/"}]}},"uagb_featured_image_src":{"full":["https:\/\/www.gvs.com.br\/medtech\/wp-content\/uploads\/2025\/08\/topo-healthcare-air-gas-traqueostomia-infantil.jpg",1123,633,false],"thumbnail":["https:\/\/www.gvs.com.br\/medtech\/wp-content\/uploads\/2025\/08\/topo-healthcare-air-gas-traqueostomia-infantil-150x150.jpg",150,150,true],"medium":["https:\/\/www.gvs.com.br\/medtech\/wp-content\/uploads\/2025\/08\/topo-healthcare-air-gas-traqueostomia-infantil-300x169.jpg",300,169,true],"medium_large":["https:\/\/www.gvs.com.br\/medtech\/wp-content\/uploads\/2025\/08\/topo-healthcare-air-gas-traqueostomia-infantil-768x433.jpg",768,433,true],"large":["https:\/\/www.gvs.com.br\/medtech\/wp-content\/uploads\/2025\/08\/topo-healthcare-air-gas-traqueostomia-infantil-1024x577.jpg",1024,577,true],"1536x1536":["https:\/\/www.gvs.com.br\/medtech\/wp-content\/uploads\/2025\/08\/topo-healthcare-air-gas-traqueostomia-infantil.jpg",1123,633,false],"2048x2048":["https:\/\/www.gvs.com.br\/medtech\/wp-content\/uploads\/2025\/08\/topo-healthcare-air-gas-traqueostomia-infantil.jpg",1123,633,false]},"uagb_author_info":{"display_name":"admin-gvs","author_link":"https:\/\/www.gvs.com.br\/medtech\/author\/admin-gvs\/"},"uagb_comment_info":0,"uagb_excerpt":"Traqueostomia infantil e o aumento naexpectativa de vida Veja qual sua import\u00e2ncia e como se estabeleceu como principal meio de [&hellip;]","_links":{"self":[{"href":"https:\/\/www.gvs.com.br\/medtech\/wp-json\/wp\/v2\/posts\/929","targetHints":{"allow":["GET"]}}],"collection":[{"href":"https:\/\/www.gvs.com.br\/medtech\/wp-json\/wp\/v2\/posts"}],"about":[{"href":"https:\/\/www.gvs.com.br\/medtech\/wp-json\/wp\/v2\/types\/post"}],"author":[{"embeddable":true,"href":"https:\/\/www.gvs.com.br\/medtech\/wp-json\/wp\/v2\/users\/3"}],"replies":[{"embeddable":true,"href":"https:\/\/www.gvs.com.br\/medtech\/wp-json\/wp\/v2\/comments?post=929"}],"version-history":[{"count":2,"href":"https:\/\/www.gvs.com.br\/medtech\/wp-json\/wp\/v2\/posts\/929\/revisions"}],"predecessor-version":[{"id":1043,"href":"https:\/\/www.gvs.com.br\/medtech\/wp-json\/wp\/v2\/posts\/929\/revisions\/1043"}],"wp:featuredmedia":[{"embeddable":true,"href":"https:\/\/www.gvs.com.br\/medtech\/wp-json\/wp\/v2\/media\/932"}],"wp:attachment":[{"href":"https:\/\/www.gvs.com.br\/medtech\/wp-json\/wp\/v2\/media?parent=929"}],"wp:term":[{"taxonomy":"category","embeddable":true,"href":"https:\/\/www.gvs.com.br\/medtech\/wp-json\/wp\/v2\/categories?post=929"},{"taxonomy":"post_tag","embeddable":true,"href":"https:\/\/www.gvs.com.br\/medtech\/wp-json\/wp\/v2\/tags?post=929"}],"curies":[{"name":"wp","href":"https:\/\/api.w.org\/{rel}","templated":true}]}}