{"id":925,"date":"2025-08-29T14:24:04","date_gmt":"2025-08-29T14:24:04","guid":{"rendered":"https:\/\/www.gvs.com.br\/medtech\/?p=925"},"modified":"2025-09-08T20:09:53","modified_gmt":"2025-09-08T20:09:53","slug":"intubacao-traqueal-em-casos-graves-de-covid-19","status":"publish","type":"post","link":"https:\/\/www.gvs.com.br\/medtech\/2025\/08\/29\/intubacao-traqueal-em-casos-graves-de-covid-19\/","title":{"rendered":"Intuba\u00e7\u00e3o traqueal em casos graves de COVID-19"},"content":{"rendered":"\n<div class=\"wp-block-uagb-container uagb-block-97360a92 alignfull uagb-is-root-container\"><div class=\"uagb-container-inner-blocks-wrap\">\n<div class=\"wp-block-uagb-advanced-heading uagb-block-b5b418f7\"><h2 class=\"uagb-heading-text\"><strong>Intuba\u00e7\u00e3o traqueal em casos graves <\/strong><br><strong>de COVID-19<\/strong><\/h2><\/div>\n\n\n\n<div class=\"wp-block-uagb-advanced-heading uagb-block-4708a093\"><h2 class=\"uagb-heading-text\"><strong>Descubra a import\u00e2ncia do procedimento em casos graves e quais as melhores pr\u00e1ticas<br>para a sua realiza\u00e7\u00e3o.<\/strong><\/h2><\/div>\n<\/div><\/div>\n\n\n\n<p class=\"has-text-align-justify has-text-align-justify\"><\/p>\n\n\n\n<p>A intuba\u00e7\u00e3o traqueal \u00e9 um procedimento comum em Unidades de Tratamento Intensivo. Por isso, \u00e9 utilizada h\u00e1 muito tempo em casos de insufici\u00eancia respirat\u00f3ria.<\/p>\n\n\n\n<p>Dessa maneira, torna-se muito importante para preservar a respira\u00e7\u00e3o do paciente em procedimentos que a fun\u00e7\u00e3o n\u00e3o possa ser realizada de forma espont\u00e2nea.<\/p>\n\n\n\n<p>Por exemplo, cirurgias que exijam anestesia geral, ou quadros que envolvam crise respirat\u00f3ria aguda.<\/p>\n\n\n\n<p>Durante a pandemia de COVID-19, o procedimento se tornou vital para contornar os problemas causados pelas infec\u00e7\u00f5es originadas pelo SARS-CoV-2.<\/p>\n\n\n\n<p>Essas infec\u00e7\u00f5es afetam, principalmente, as fun\u00e7\u00f5es respirat\u00f3rias e cardiovasculares. Isso ocorre, geralmente, em pacientes portadores do v\u00edrus, com hist\u00f3rico de pneumopatias e\/ou tabagismo.<\/p>\n\n\n\n<p>Hoje vamos falar sobre os benef\u00edcios do procedimento, cuidados necess\u00e1rios para o tratamento e os passos que devem ser seguidos durante a intuba\u00e7\u00e3o.<\/p>\n\n\n\n<p>Ent\u00e3o, se existem d\u00favidas sobre o assunto, continue a leitura e saiba tudo sobre o tema!<\/p>\n\n\n\n<h3 class=\"wp-block-heading has-ast-global-color-0-color has-text-color has-link-color wp-elements-674184d0bc093897702dede316f49cfa\">O que \u00e9 intuba\u00e7\u00e3o traqueal?<\/h3>\n\n\n\n<p>A intuba\u00e7\u00e3o traqueal, como j\u00e1 dito, \u00e9 um procedimento m\u00e9dico comum em UTI. E apesar de n\u00e3o ser novidade nos hospitais, seu uso se tornou muito popular durante a pandemia de COVID-19.<\/p>\n\n\n\n<p>O processo \u00e9 feito atrav\u00e9s da introdu\u00e7\u00e3o de uma c\u00e2nula pela boca do paciente. Dessa forma, facilitando o acesso \u00e0 traqueia para chegada do oxig\u00eanio ao trato respirat\u00f3rio inferior.<\/p>\n\n\n\n<p>Durante a realiza\u00e7\u00e3o da intuba\u00e7\u00e3o, \u00e9 necess\u00e1rio a utiliza\u00e7\u00e3o de equipamentos que facilitem o acesso \u00e0 traqueia do paciente. Por isso, \u00e9 comum vermos a introdu\u00e7\u00e3o de um laringosc\u00f3pio junto a tubo traqueal.<\/p>\n\n\n\n<p>Os resultados do procedimento dependem da anatomia do paciente, ou seja, da facilidade de acesso \u00e0 traqueia.<\/p>\n\n\n\n<p>Al\u00e9m disso, a disponibiliza\u00e7\u00e3o de equipamentos, exerce muito impacto sobre os resultados positivos da intuba\u00e7\u00e3o.<\/p>\n\n\n\n<p>Por isso, notamos mais sucesso nos procedimentos realizados em UTIs, que disp\u00f5em de equipe especializada e equipamentos direcionados ao tratamento, do que em emerg\u00eancias externas.<\/p>\n\n\n\n<p>A intuba\u00e7\u00e3o traqueal, pode ser utilizada em processos de ventila\u00e7\u00e3o manual, com aux\u00edlio do reanimador manual, ou por meio de processos mec\u00e2nicos, com ajuda do ventilador pulmonar.<\/p>\n\n\n\n<p>Os dois casos t\u00eam a mesma finalidade, por\u00e9m, s\u00e3o utilizados em situa\u00e7\u00f5es diferentes, em que tudo depende do tempo de interna\u00e7\u00e3o e gravidade do caso.<\/p>\n\n\n\n<p>Em casos emergenciais, \u00e9 comum observar o uso de equipamentos manuais para aliviar o desconforto do paciente, at\u00e9 que seja emitido o diagn\u00f3stico.<\/p>\n\n\n\n<p>J\u00e1 os casos mais graves, exigem o uso imediato do ventilador mec\u00e2nico, como por exemplo, em pacientes portadores da COVID-19.<\/p>\n\n\n\n<h3 class=\"wp-block-heading has-ast-global-color-0-color has-text-color has-link-color wp-elements-2df19cd64f275dd01305db300545b6b8\">SRI \u2013 Sequ\u00eancia R\u00e1pida de Intuba\u00e7\u00e3o<\/h3>\n\n\n\n<p>Trata-se da aplica\u00e7\u00e3o mais comum da intuba\u00e7\u00e3o traqueal em casos de urg\u00eancia e, apesar do nome, deve ser administrado com cautela e sem pressa.<\/p>\n\n\n\n<p>Isso porque, faz uso de um agente indutor e um agente bloqueador neuromuscular, para que, assim, seja feita de forma mais tranquila o processo de intuba\u00e7\u00e3o.<\/p>\n\n\n\n<p>O fato de utilizar analg\u00e9sicos para indu\u00e7\u00e3o e esses bloqueadores em dose paralisante, facilita o procedimento. J\u00e1 que, evita v\u00f4mitos, broncoaspira\u00e7\u00e3o e dessatura\u00e7\u00e3o.<\/p>\n\n\n\n<h3 class=\"wp-block-heading has-ast-global-color-0-color has-text-color has-link-color wp-elements-5b35b765380f67258b6161d14577369c\">Prepara\u00e7\u00e3o para a SRI<\/h3>\n\n\n\n<p>Como j\u00e1 explicamos, o procedimento exige muita cautela. Por isso, existe uma ordem para que seja realizado de forma segura e eficaz.<\/p>\n\n\n\n<p>Essa ordem, consiste na realiza\u00e7\u00e3o do processo em 7 passos, que podem definir o sucesso do procedimento. Entre esses passos, est\u00e3o:<\/p>\n\n\n\n<ul class=\"wp-block-list\">\n<li>Prepara\u00e7\u00e3o;<\/li>\n\n\n\n<li>Pr\u00e9-oxigena\u00e7\u00e3o;<\/li>\n\n\n\n<li>Pr\u00e9-tratamento;<\/li>\n\n\n\n<li>Paralisia;<\/li>\n\n\n\n<li>Postura;<\/li>\n\n\n\n<li>Posicionamento da c\u00e2nula;<\/li>\n\n\n\n<li>P\u00f3s-intuba\u00e7\u00e3o.<\/li>\n<\/ul>\n\n\n\n<p>Dessa forma, com a regra conhecida como os 7 Ps da intuba\u00e7\u00e3o traqueal, \u00e9 poss\u00edvel estabelecer um cen\u00e1rio de sucesso para o tratamento.<\/p>\n\n\n\n<p>Al\u00e9m disso, normalmente, o procedimento \u00e9 realizado por dois profissionais, em que um \u00e9 respons\u00e1vel por realizar o suporte da coluna e cabe\u00e7a e o outro faz a introdu\u00e7\u00e3o da c\u00e2nula traqueal.<\/p>\n\n\n\n<p>Durante o processo, a equipe especializada e respons\u00e1vel pelo procedimento, deve se atentar ao hist\u00f3rico do paciente, a prepara\u00e7\u00e3o dos equipamentos, necessidade de medica\u00e7\u00e3o sedativa, entre outros fatores.<\/p>\n\n\n\n<p>Al\u00e9m disso, uma das partes mais importantes e que requerem mais aten\u00e7\u00e3o da equipe m\u00e9dica, \u00e9 o per\u00edodo p\u00f3s-intuba\u00e7\u00e3o.<\/p>\n\n\n\n<p>Por isso, avalia\u00e7\u00f5es e monitoramento constante, s\u00e3o extremamente necess\u00e1rios para garantir a efic\u00e1cia do processo.<\/p>\n\n\n\n<figure class=\"wp-block-image aligncenter size-large\"><img loading=\"lazy\" decoding=\"async\" width=\"1024\" height=\"323\" src=\"https:\/\/www.gvs.com.br\/medtech\/wp-content\/uploads\/2025\/08\/intubacao-xxx-1024x323.jpg\" alt=\"\" class=\"wp-image-927\" srcset=\"https:\/\/www.gvs.com.br\/medtech\/wp-content\/uploads\/2025\/08\/intubacao-xxx-1024x323.jpg 1024w, https:\/\/www.gvs.com.br\/medtech\/wp-content\/uploads\/2025\/08\/intubacao-xxx-300x95.jpg 300w, https:\/\/www.gvs.com.br\/medtech\/wp-content\/uploads\/2025\/08\/intubacao-xxx-768x242.jpg 768w, https:\/\/www.gvs.com.br\/medtech\/wp-content\/uploads\/2025\/08\/intubacao-xxx.jpg 1110w\" sizes=\"auto, (max-width: 1024px) 100vw, 1024px\" \/><\/figure>\n\n\n\n<h3 class=\"wp-block-heading has-ast-global-color-0-color has-text-color has-link-color wp-elements-d1d03da9100d87e4fdb7f4a5eeb0bdae\">Precau\u00e7\u00f5es para intuba\u00e7\u00e3o traqueal<\/h3>\n\n\n\n<p>Por se tratar de um procedimento delicado, existem muitos cuidados a serem tomados para a realiza\u00e7\u00e3o da intuba\u00e7\u00e3o traqueal.<\/p>\n\n\n\n<p>A equipe m\u00e9dica deve se atentar \u00e0s pr\u00f3teses que o paciente faz uso, e garantir que n\u00e3o interfiram no atendimento de suas necessidades.<\/p>\n\n\n\n<p>Dessa forma, quando constatada a presen\u00e7a de pr\u00f3teses, a remo\u00e7\u00e3o do objeto \u00e9 indicada, para que, assim, sejam evitados riscos.<\/p>\n\n\n\n<p>Outra forma de evitar riscos durante a intuba\u00e7\u00e3o traqueal, \u00e9 a aten\u00e7\u00e3o \u00e0s acomoda\u00e7\u00f5es do paciente, a melhor forma de garantir que isso n\u00e3o interfira no procedimento, \u00e9 certificar que ele esteja em dec\u00fabito dorsal.<\/p>\n\n\n\n<p>Ou seja, seu corpo deve ser posicionado em 180\u00b0. Dessa forma, garantindo, que ele esteja reto para a introdu\u00e7\u00e3o da c\u00e2nula traqueal.<\/p>\n\n\n\n<p>Os equipamentos utilizados no processo de intuba\u00e7\u00e3o, s\u00e3o extremamente importantes.<\/p>\n\n\n\n<p>Por isso, a utiliza\u00e7\u00e3o de um duto que seja compat\u00edvel com as caracter\u00edsticas anat\u00f4micas do paciente, \u00e9 essencial para que seja garantida sua seguran\u00e7a e m\u00e1ximo conforto.<\/p>\n\n\n\n<p>Outro fator que deve ser observado durante o procedimento, \u00e9 a utiliza\u00e7\u00e3o de&nbsp;filtros respirat\u00f3rios&nbsp;adequados \u00e0s necessidades do paciente.<\/p>\n\n\n\n<p>Assim, evitando a transmiss\u00e3o de pat\u00f3genos e a circula\u00e7\u00e3o de part\u00edculas no fluxo de ar at\u00e9 o trato respirat\u00f3rio inferior do paciente, o que pode causar mais complica\u00e7\u00f5es.<\/p>\n\n\n\n<h3 class=\"wp-block-heading has-ast-global-color-0-color has-text-color has-link-color wp-elements-73c8c6e0c4a730b14a0e0f896e3ac43f\">A intuba\u00e7\u00e3o traqueal em casos de COVID-19<\/h3>\n\n\n\n<p>Em casos de fal\u00eancia respirat\u00f3ria, resultado de infec\u00e7\u00f5es pulmonares causadas pelo&nbsp;SARS-CoV-2, a intuba\u00e7\u00e3o traqueal \u00e9 o \u00fanico meio de contornar os sintomas de alto risco ao paciente.<\/p>\n\n\n\n<p>Por isso, como j\u00e1 dissemos, a utiliza\u00e7\u00e3o do procedimento se tornou comum nas UTIs, durante a pandemia de COVID-19.<\/p>\n\n\n\n<p>Principalmente, em pacientes que se enquadram nos par\u00e2metros de risco definidos pela OMS. Ou seja, com hist\u00f3rico de tabagismo ou pneumopatias e idade avan\u00e7ada.<\/p>\n\n\n\n<p>Al\u00e9m disso, outro fator que contribui para a populariza\u00e7\u00e3o do procedimento invasivo, \u00e9 que a forma n\u00e3o invasiva, n\u00e3o \u00e9 recomendada para casos do novo Corona v\u00edrus.<\/p>\n\n\n\n<h3 class=\"wp-block-heading has-ast-global-color-0-color has-text-color has-link-color wp-elements-f8a5396937ff0471a4310a3a379593cc\">Quais os protocolos de intuba\u00e7\u00e3o para casos de COVID-19?<\/h3>\n\n\n\n<p>A Associa\u00e7\u00e3o de Medicina Intensiva Brasileira (AMIB) elaborou \u201c<a href=\"https:\/\/www.amib.org.br\/fileadmin\/user_upload\/amib\/2020\/marco\/31\/0904202_1026_Orientac__o__es_sobre_o_manuseio_do_paciente_com_pneumonia_e_insuficie__ncia_respirato__ria_v4.pdf\" target=\"_blank\" rel=\"noreferrer noopener\">Orienta\u00e7\u00f5es sobre o manuseio do paciente com pneumonia e insufici\u00eancia respirat\u00f3ria devido a infec\u00e7\u00e3o pelo coronav\u00edrus (SARS-CoV-2)<\/a>\u201c.<\/p>\n\n\n\n<p>O material determina as melhores pr\u00e1ticas para o atendimento de pacientes com sintomas graves devido ao Corona v\u00edrus, e que necessitem da intuba\u00e7\u00e3o traqueal.<\/p>\n\n\n\n<p>Dessa forma, alertando para as necessidades, riscos e precau\u00e7\u00f5es que devem ser observadas durante o procedimento.<\/p>\n\n\n\n<p>Al\u00e9m disso, estabelece par\u00e2metros para a realiza\u00e7\u00e3o do processo de ventila\u00e7\u00e3o mec\u00e2nica e as formas de garantir a seguran\u00e7a do paciente e a efici\u00eancia do processo.<\/p>\n\n\n\n<p>Gostou do tema e quer saber mais sobre os procedimentos de recupera\u00e7\u00e3o do funcionamento pulmonar nos diversos casos de insufici\u00eancia respirat\u00f3ria?<\/p>\n\n\n\n<p>Acesse&nbsp;<a href=\"https:\/\/www.gvs.com.br\/medtech\/blog\/\" target=\"_blank\" rel=\"noreferrer noopener\">nosso blog<\/a>&nbsp;e tenha acesso a diversos artigos que explicam quais as melhores pr\u00e1ticas para garantir a efic\u00e1cia do procedimento e a seguran\u00e7a do paciente.<\/p>\n\n\n\n<p><\/p>\n\n\n\n<h3 class=\"wp-block-heading has-ast-global-color-0-color has-text-color has-link-color wp-elements-25b4721040eddfaa8da2b337902344d8\">Refer\u00eancias<\/h3>\n\n\n\n<p><a href=\"https:\/\/www.gov.br\/saude\/pt-br\/coronavirus\/publicacoes-tecnicas\/recomendacoes\/orientacoes-sobre-intubacao-orotraqueal-em-pacientes-com-covid-19\">https:\/\/www.gov.br\/saude\/pt-br\/coronavirus\/publicacoes-tecnicas\/recomendacoes\/orientacoes-sobre-intubacao-orotraqueal-em-pacientes-com-covid-19<\/a><\/p>\n\n\n\n<p><a href=\"https:\/\/www.amib.org.br\/fileadmin\/user_upload\/Protocolo_de_Intubacao_Orotraqueal.pdf\">https:\/\/www.amib.org.br\/fileadmin\/user_upload\/Protocolo_de_Intubacao_Orotraqueal.pdf<\/a><\/p>\n\n\n\n<p><a href=\"https:\/\/www.scielo.br\/j\/jped\/a\/bMHHD5rBmMWfX8VJjyvjhdb\/?lang=pt\">https:\/\/www.scielo.br\/j\/jped\/a\/bMHHD5rBmMWfX8VJjyvjhdb\/?lang=pt<\/a><\/p>\n\n\n\n<div class=\"wp-block-uagb-separator uagb-block-ea6e94c0\"><div class=\"uagb-separator-spacing-wrapper\"><div class=\"wp-block-uagb-separator__inner\" style=\"--my-background-image:\"><\/div><\/div><\/div>\n\n\n\n<div class=\"wp-block-uagb-call-to-action uagb-block-9987562e wp-block-button\"><div class=\"uagb-cta__wrap\"><h3 class=\"uagb-cta__title\">Gostou do conte\u00fado?<\/h3><p class=\"uagb-cta__desc\">Entre em nosso blog e leia mais artigos como esse!<\/p><\/div><div class=\"uagb-cta__buttons\"><a href=\"https:\/\/gvs.com.br\/medtech\/blog\/\" class=\"uagb-cta__button-link-wrapper wp-block-button__link\" target=\"_self\" rel=\"noopener noreferrer\">Acesse<\/a><\/div><\/div>\n\n\n\n<div class=\"wp-block-uagb-separator uagb-block-89841de0\"><div class=\"uagb-separator-spacing-wrapper\"><div class=\"wp-block-uagb-separator__inner\" style=\"--my-background-image:\"><\/div><\/div><\/div>\n\n\n\n<div class=\"wp-block-uagb-call-to-action uagb-block-767538e5 wp-block-button\"><div class=\"uagb-cta__wrap\"><h3 class=\"uagb-cta__title\">Fale com a gente!<\/h3><p class=\"uagb-cta__desc\">Entre em contato com o nosso time hoje mesmo, esclare\u00e7a as suas d\u00favidas e&nbsp;<strong>solicite a sua cota\u00e7\u00e3o!<\/strong><\/p><\/div><div class=\"uagb-cta__buttons\"><a href=\"https:\/\/wa.me\/5519991369490\" class=\"uagb-cta__button-link-wrapper wp-block-button__link\" target=\"_blank\" rel=\"noopener noreferrer\"><svg xmlns=\"https:\/\/www.w3.org\/2000\/svg\" viewBox=\"0 0 448 512\"><path d=\"M380.9 97.1C339 55.1 283.2 32 223.9 32c-122.4 0-222 99.6-222 222 0 39.1 10.2 77.3 29.6 111L0 480l117.7-30.9c32.4 17.7 68.9 27 106.1 27h.1c122.3 0 224.1-99.6 224.1-222 0-59.3-25.2-115-67.1-157zm-157 341.6c-33.2 0-65.7-8.9-94-25.7l-6.7-4-69.8 18.3L72 359.2l-4.4-7c-18.5-29.4-28.2-63.3-28.2-98.2 0-101.7 82.8-184.5 184.6-184.5 49.3 0 95.6 19.2 130.4 54.1 34.8 34.9 56.2 81.2 56.1 130.5 0 101.8-84.9 184.6-186.6 184.6zm101.2-138.2c-5.5-2.8-32.8-16.2-37.9-18-5.1-1.9-8.8-2.8-12.5 2.8-3.7 5.6-14.3 18-17.6 21.8-3.2 3.7-6.5 4.2-12 1.4-32.6-16.3-54-29.1-75.5-66-5.7-9.8 5.7-9.1 16.3-30.3 1.8-3.7 .9-6.9-.5-9.7-1.4-2.8-12.5-30.1-17.1-41.2-4.5-10.8-9.1-9.3-12.5-9.5-3.2-.2-6.9-.2-10.6-.2-3.7 0-9.7 1.4-14.8 6.9-5.1 5.6-19.4 19-19.4 46.3 0 27.3 19.9 53.7 22.6 57.4 2.8 3.7 39.1 59.7 94.8 83.8 35.2 15.2 49 16.5 66.6 13.9 10.7-1.6 32.8-13.4 37.4-26.4 4.6-13 4.6-24.1 3.2-26.4-1.3-2.5-5-3.9-10.5-6.6z\"><\/path><\/svg>WhatsApp<\/a><\/div><\/div>\n\n\n\n<p><\/p>\n","protected":false},"excerpt":{"rendered":"<p>Intuba\u00e7\u00e3o traqueal em casos graves de COVID-19 Descubra a import\u00e2ncia do procedimento em casos graves e quais as melhores pr\u00e1ticaspara [&hellip;]<\/p>\n","protected":false},"author":3,"featured_media":926,"comment_status":"open","ping_status":"open","sticky":false,"template":"","format":"standard","meta":{"_uag_custom_page_level_css":"","site-sidebar-layout":"default","site-content-layout":"","ast-site-content-layout":"default","site-content-style":"default","site-sidebar-style":"default","ast-global-header-display":"","ast-banner-title-visibility":"","ast-main-header-display":"","ast-hfb-above-header-display":"","ast-hfb-below-header-display":"","ast-hfb-mobile-header-display":"","site-post-title":"disabled","ast-breadcrumbs-content":"","ast-featured-img":"disabled","footer-sml-layout":"","ast-disable-related-posts":"","theme-transparent-header-meta":"","adv-header-id-meta":"","stick-header-meta":"","header-above-stick-meta":"","header-main-stick-meta":"","header-below-stick-meta":"","astra-migrate-meta-layouts":"default","ast-page-background-enabled":"default","ast-page-background-meta":{"desktop":{"background-color":"var(--ast-global-color-4)","background-image":"","background-repeat":"repeat","background-position":"center center","background-size":"auto","background-attachment":"scroll","background-type":"","background-media":"","overlay-type":"","overlay-color":"","overlay-opacity":"","overlay-gradient":""},"tablet":{"background-color":"","background-image":"","background-repeat":"repeat","background-position":"center center","background-size":"auto","background-attachment":"scroll","background-type":"","background-media":"","overlay-type":"","overlay-color":"","overlay-opacity":"","overlay-gradient":""},"mobile":{"background-color":"","background-image":"","background-repeat":"repeat","background-position":"center center","background-size":"auto","background-attachment":"scroll","background-type":"","background-media":"","overlay-type":"","overlay-color":"","overlay-opacity":"","overlay-gradient":""}},"ast-content-background-meta":{"desktop":{"background-color":"var(--ast-global-color-5)","background-image":"","background-repeat":"repeat","background-position":"center center","background-size":"auto","background-attachment":"scroll","background-type":"","background-media":"","overlay-type":"","overlay-color":"","overlay-opacity":"","overlay-gradient":""},"tablet":{"background-color":"var(--ast-global-color-5)","background-image":"","background-repeat":"repeat","background-position":"center center","background-size":"auto","background-attachment":"scroll","background-type":"","background-media":"","overlay-type":"","overlay-color":"","overlay-opacity":"","overlay-gradient":""},"mobile":{"background-color":"var(--ast-global-color-5)","background-image":"","background-repeat":"repeat","background-position":"center center","background-size":"auto","background-attachment":"scroll","background-type":"","background-media":"","overlay-type":"","overlay-color":"","overlay-opacity":"","overlay-gradient":""}},"footnotes":""},"categories":[8,7],"tags":[21,22],"class_list":["post-925","post","type-post","status-publish","format-standard","has-post-thumbnail","hentry","category-gvs","category-medtech","tag-equipamentos-medicos","tag-produtos-hospitalares"],"yoast_head":"<!-- This site is optimized with the Yoast SEO plugin v27.5 - https:\/\/yoast.com\/product\/yoast-seo-wordpress\/ -->\n<title>Intuba\u00e7\u00e3o traqueal em casos graves de COVID-19<\/title>\n<meta name=\"description\" content=\"Descubra a import\u00e2ncia do procedimento em casos graves e quais as melhores pr\u00e1ticas para a sua realiza\u00e7\u00e3o.\" \/>\n<meta name=\"robots\" content=\"index, follow, max-snippet:-1, max-image-preview:large, max-video-preview:-1\" \/>\n<link rel=\"canonical\" href=\"https:\/\/www.gvs.com.br\/medtech\/2025\/08\/29\/intubacao-traqueal-em-casos-graves-de-covid-19\/\" \/>\n<meta property=\"og:locale\" content=\"pt_BR\" \/>\n<meta property=\"og:type\" content=\"article\" \/>\n<meta property=\"og:title\" content=\"Intuba\u00e7\u00e3o traqueal em casos graves de COVID-19\" \/>\n<meta property=\"og:description\" content=\"Descubra a import\u00e2ncia do procedimento em casos graves e quais as melhores pr\u00e1ticas para a sua realiza\u00e7\u00e3o.\" \/>\n<meta property=\"og:url\" content=\"https:\/\/www.gvs.com.br\/medtech\/2025\/08\/29\/intubacao-traqueal-em-casos-graves-de-covid-19\/\" \/>\n<meta property=\"og:site_name\" content=\"MedTech\" \/>\n<meta property=\"article:published_time\" content=\"2025-08-29T14:24:04+00:00\" \/>\n<meta property=\"article:modified_time\" content=\"2025-09-08T20:09:53+00:00\" \/>\n<meta property=\"og:image\" content=\"https:\/\/www.gvs.com.br\/medtech\/wp-content\/uploads\/2025\/08\/topo-healthcare-air-gas-intubacao-traqueal.jpg\" \/>\n\t<meta property=\"og:image:width\" content=\"1123\" \/>\n\t<meta property=\"og:image:height\" content=\"633\" \/>\n\t<meta property=\"og:image:type\" content=\"image\/jpeg\" \/>\n<meta name=\"author\" content=\"admin-gvs\" \/>\n<meta name=\"twitter:card\" content=\"summary_large_image\" \/>\n<meta name=\"twitter:label1\" content=\"Escrito por\" \/>\n\t<meta name=\"twitter:data1\" content=\"admin-gvs\" \/>\n\t<meta name=\"twitter:label2\" content=\"Est. tempo de leitura\" \/>\n\t<meta name=\"twitter:data2\" content=\"7 minutos\" \/>\n<script type=\"application\/ld+json\" class=\"yoast-schema-graph\">{\"@context\":\"https:\\\/\\\/schema.org\",\"@graph\":[{\"@type\":\"Article\",\"@id\":\"https:\\\/\\\/www.gvs.com.br\\\/medtech\\\/2025\\\/08\\\/29\\\/intubacao-traqueal-em-casos-graves-de-covid-19\\\/#article\",\"isPartOf\":{\"@id\":\"https:\\\/\\\/www.gvs.com.br\\\/medtech\\\/2025\\\/08\\\/29\\\/intubacao-traqueal-em-casos-graves-de-covid-19\\\/\"},\"author\":{\"name\":\"admin-gvs\",\"@id\":\"https:\\\/\\\/www.gvs.com.br\\\/medtech\\\/#\\\/schema\\\/person\\\/93f5a042f2130ba3dc092e8229ec0d0a\"},\"headline\":\"Intuba\u00e7\u00e3o traqueal em casos graves de COVID-19\",\"datePublished\":\"2025-08-29T14:24:04+00:00\",\"dateModified\":\"2025-09-08T20:09:53+00:00\",\"mainEntityOfPage\":{\"@id\":\"https:\\\/\\\/www.gvs.com.br\\\/medtech\\\/2025\\\/08\\\/29\\\/intubacao-traqueal-em-casos-graves-de-covid-19\\\/\"},\"wordCount\":1364,\"commentCount\":0,\"publisher\":{\"@id\":\"https:\\\/\\\/www.gvs.com.br\\\/medtech\\\/#organization\"},\"image\":{\"@id\":\"https:\\\/\\\/www.gvs.com.br\\\/medtech\\\/2025\\\/08\\\/29\\\/intubacao-traqueal-em-casos-graves-de-covid-19\\\/#primaryimage\"},\"thumbnailUrl\":\"https:\\\/\\\/www.gvs.com.br\\\/medtech\\\/wp-content\\\/uploads\\\/2025\\\/08\\\/topo-healthcare-air-gas-intubacao-traqueal.jpg\",\"keywords\":[\"Equipamentos m\u00e9dicos\",\"Produtos hospitalares\"],\"articleSection\":[\"GVS\",\"MedTech\"],\"inLanguage\":\"pt-BR\",\"potentialAction\":[{\"@type\":\"CommentAction\",\"name\":\"Comment\",\"target\":[\"https:\\\/\\\/www.gvs.com.br\\\/medtech\\\/2025\\\/08\\\/29\\\/intubacao-traqueal-em-casos-graves-de-covid-19\\\/#respond\"]}]},{\"@type\":\"WebPage\",\"@id\":\"https:\\\/\\\/www.gvs.com.br\\\/medtech\\\/2025\\\/08\\\/29\\\/intubacao-traqueal-em-casos-graves-de-covid-19\\\/\",\"url\":\"https:\\\/\\\/www.gvs.com.br\\\/medtech\\\/2025\\\/08\\\/29\\\/intubacao-traqueal-em-casos-graves-de-covid-19\\\/\",\"name\":\"Intuba\u00e7\u00e3o traqueal em casos graves de COVID-19\",\"isPartOf\":{\"@id\":\"https:\\\/\\\/www.gvs.com.br\\\/medtech\\\/#website\"},\"primaryImageOfPage\":{\"@id\":\"https:\\\/\\\/www.gvs.com.br\\\/medtech\\\/2025\\\/08\\\/29\\\/intubacao-traqueal-em-casos-graves-de-covid-19\\\/#primaryimage\"},\"image\":{\"@id\":\"https:\\\/\\\/www.gvs.com.br\\\/medtech\\\/2025\\\/08\\\/29\\\/intubacao-traqueal-em-casos-graves-de-covid-19\\\/#primaryimage\"},\"thumbnailUrl\":\"https:\\\/\\\/www.gvs.com.br\\\/medtech\\\/wp-content\\\/uploads\\\/2025\\\/08\\\/topo-healthcare-air-gas-intubacao-traqueal.jpg\",\"datePublished\":\"2025-08-29T14:24:04+00:00\",\"dateModified\":\"2025-09-08T20:09:53+00:00\",\"description\":\"Descubra a import\u00e2ncia do procedimento em casos graves e quais as melhores pr\u00e1ticas para a sua realiza\u00e7\u00e3o.\",\"breadcrumb\":{\"@id\":\"https:\\\/\\\/www.gvs.com.br\\\/medtech\\\/2025\\\/08\\\/29\\\/intubacao-traqueal-em-casos-graves-de-covid-19\\\/#breadcrumb\"},\"inLanguage\":\"pt-BR\",\"potentialAction\":[{\"@type\":\"ReadAction\",\"target\":[\"https:\\\/\\\/www.gvs.com.br\\\/medtech\\\/2025\\\/08\\\/29\\\/intubacao-traqueal-em-casos-graves-de-covid-19\\\/\"]}]},{\"@type\":\"ImageObject\",\"inLanguage\":\"pt-BR\",\"@id\":\"https:\\\/\\\/www.gvs.com.br\\\/medtech\\\/2025\\\/08\\\/29\\\/intubacao-traqueal-em-casos-graves-de-covid-19\\\/#primaryimage\",\"url\":\"https:\\\/\\\/www.gvs.com.br\\\/medtech\\\/wp-content\\\/uploads\\\/2025\\\/08\\\/topo-healthcare-air-gas-intubacao-traqueal.jpg\",\"contentUrl\":\"https:\\\/\\\/www.gvs.com.br\\\/medtech\\\/wp-content\\\/uploads\\\/2025\\\/08\\\/topo-healthcare-air-gas-intubacao-traqueal.jpg\",\"width\":1123,\"height\":633},{\"@type\":\"BreadcrumbList\",\"@id\":\"https:\\\/\\\/www.gvs.com.br\\\/medtech\\\/2025\\\/08\\\/29\\\/intubacao-traqueal-em-casos-graves-de-covid-19\\\/#breadcrumb\",\"itemListElement\":[{\"@type\":\"ListItem\",\"position\":1,\"name\":\"In\u00edcio\",\"item\":\"https:\\\/\\\/www.gvs.com.br\\\/medtech\\\/\"},{\"@type\":\"ListItem\",\"position\":2,\"name\":\"Intuba\u00e7\u00e3o traqueal em casos graves de COVID-19\"}]},{\"@type\":\"WebSite\",\"@id\":\"https:\\\/\\\/www.gvs.com.br\\\/medtech\\\/#website\",\"url\":\"https:\\\/\\\/www.gvs.com.br\\\/medtech\\\/\",\"name\":\"MedTech\",\"description\":\"\",\"publisher\":{\"@id\":\"https:\\\/\\\/www.gvs.com.br\\\/medtech\\\/#organization\"},\"potentialAction\":[{\"@type\":\"SearchAction\",\"target\":{\"@type\":\"EntryPoint\",\"urlTemplate\":\"https:\\\/\\\/www.gvs.com.br\\\/medtech\\\/?s={search_term_string}\"},\"query-input\":{\"@type\":\"PropertyValueSpecification\",\"valueRequired\":true,\"valueName\":\"search_term_string\"}}],\"inLanguage\":\"pt-BR\"},{\"@type\":\"Organization\",\"@id\":\"https:\\\/\\\/www.gvs.com.br\\\/medtech\\\/#organization\",\"name\":\"MedTech\",\"url\":\"https:\\\/\\\/www.gvs.com.br\\\/medtech\\\/\",\"logo\":{\"@type\":\"ImageObject\",\"inLanguage\":\"pt-BR\",\"@id\":\"https:\\\/\\\/www.gvs.com.br\\\/medtech\\\/#\\\/schema\\\/logo\\\/image\\\/\",\"url\":\"https:\\\/\\\/www.gvs.com.br\\\/medtech\\\/wp-content\\\/uploads\\\/2024\\\/12\\\/logo-gvs.png\",\"contentUrl\":\"https:\\\/\\\/www.gvs.com.br\\\/medtech\\\/wp-content\\\/uploads\\\/2024\\\/12\\\/logo-gvs.png\",\"width\":334,\"height\":201,\"caption\":\"MedTech\"},\"image\":{\"@id\":\"https:\\\/\\\/www.gvs.com.br\\\/medtech\\\/#\\\/schema\\\/logo\\\/image\\\/\"}},{\"@type\":\"Person\",\"@id\":\"https:\\\/\\\/www.gvs.com.br\\\/medtech\\\/#\\\/schema\\\/person\\\/93f5a042f2130ba3dc092e8229ec0d0a\",\"name\":\"admin-gvs\",\"image\":{\"@type\":\"ImageObject\",\"inLanguage\":\"pt-BR\",\"@id\":\"https:\\\/\\\/secure.gravatar.com\\\/avatar\\\/753807cf2c24e7c5051446eb4fc6c55657714e911f26a29329d9dc501ae35121?s=96&d=mm&r=g\",\"url\":\"https:\\\/\\\/secure.gravatar.com\\\/avatar\\\/753807cf2c24e7c5051446eb4fc6c55657714e911f26a29329d9dc501ae35121?s=96&d=mm&r=g\",\"contentUrl\":\"https:\\\/\\\/secure.gravatar.com\\\/avatar\\\/753807cf2c24e7c5051446eb4fc6c55657714e911f26a29329d9dc501ae35121?s=96&d=mm&r=g\",\"caption\":\"admin-gvs\"},\"url\":\"https:\\\/\\\/www.gvs.com.br\\\/medtech\\\/author\\\/admin-gvs\\\/\"}]}<\/script>\n<!-- \/ Yoast SEO plugin. -->","yoast_head_json":{"title":"Intuba\u00e7\u00e3o traqueal em casos graves de COVID-19","description":"Descubra a import\u00e2ncia do procedimento em casos graves e quais as melhores pr\u00e1ticas para a sua realiza\u00e7\u00e3o.","robots":{"index":"index","follow":"follow","max-snippet":"max-snippet:-1","max-image-preview":"max-image-preview:large","max-video-preview":"max-video-preview:-1"},"canonical":"https:\/\/www.gvs.com.br\/medtech\/2025\/08\/29\/intubacao-traqueal-em-casos-graves-de-covid-19\/","og_locale":"pt_BR","og_type":"article","og_title":"Intuba\u00e7\u00e3o traqueal em casos graves de COVID-19","og_description":"Descubra a import\u00e2ncia do procedimento em casos graves e quais as melhores pr\u00e1ticas para a sua realiza\u00e7\u00e3o.","og_url":"https:\/\/www.gvs.com.br\/medtech\/2025\/08\/29\/intubacao-traqueal-em-casos-graves-de-covid-19\/","og_site_name":"MedTech","article_published_time":"2025-08-29T14:24:04+00:00","article_modified_time":"2025-09-08T20:09:53+00:00","og_image":[{"width":1123,"height":633,"url":"https:\/\/www.gvs.com.br\/medtech\/wp-content\/uploads\/2025\/08\/topo-healthcare-air-gas-intubacao-traqueal.jpg","type":"image\/jpeg"}],"author":"admin-gvs","twitter_card":"summary_large_image","twitter_misc":{"Escrito por":"admin-gvs","Est. tempo de leitura":"7 minutos"},"schema":{"@context":"https:\/\/schema.org","@graph":[{"@type":"Article","@id":"https:\/\/www.gvs.com.br\/medtech\/2025\/08\/29\/intubacao-traqueal-em-casos-graves-de-covid-19\/#article","isPartOf":{"@id":"https:\/\/www.gvs.com.br\/medtech\/2025\/08\/29\/intubacao-traqueal-em-casos-graves-de-covid-19\/"},"author":{"name":"admin-gvs","@id":"https:\/\/www.gvs.com.br\/medtech\/#\/schema\/person\/93f5a042f2130ba3dc092e8229ec0d0a"},"headline":"Intuba\u00e7\u00e3o traqueal em casos graves de COVID-19","datePublished":"2025-08-29T14:24:04+00:00","dateModified":"2025-09-08T20:09:53+00:00","mainEntityOfPage":{"@id":"https:\/\/www.gvs.com.br\/medtech\/2025\/08\/29\/intubacao-traqueal-em-casos-graves-de-covid-19\/"},"wordCount":1364,"commentCount":0,"publisher":{"@id":"https:\/\/www.gvs.com.br\/medtech\/#organization"},"image":{"@id":"https:\/\/www.gvs.com.br\/medtech\/2025\/08\/29\/intubacao-traqueal-em-casos-graves-de-covid-19\/#primaryimage"},"thumbnailUrl":"https:\/\/www.gvs.com.br\/medtech\/wp-content\/uploads\/2025\/08\/topo-healthcare-air-gas-intubacao-traqueal.jpg","keywords":["Equipamentos m\u00e9dicos","Produtos hospitalares"],"articleSection":["GVS","MedTech"],"inLanguage":"pt-BR","potentialAction":[{"@type":"CommentAction","name":"Comment","target":["https:\/\/www.gvs.com.br\/medtech\/2025\/08\/29\/intubacao-traqueal-em-casos-graves-de-covid-19\/#respond"]}]},{"@type":"WebPage","@id":"https:\/\/www.gvs.com.br\/medtech\/2025\/08\/29\/intubacao-traqueal-em-casos-graves-de-covid-19\/","url":"https:\/\/www.gvs.com.br\/medtech\/2025\/08\/29\/intubacao-traqueal-em-casos-graves-de-covid-19\/","name":"Intuba\u00e7\u00e3o traqueal em casos graves de COVID-19","isPartOf":{"@id":"https:\/\/www.gvs.com.br\/medtech\/#website"},"primaryImageOfPage":{"@id":"https:\/\/www.gvs.com.br\/medtech\/2025\/08\/29\/intubacao-traqueal-em-casos-graves-de-covid-19\/#primaryimage"},"image":{"@id":"https:\/\/www.gvs.com.br\/medtech\/2025\/08\/29\/intubacao-traqueal-em-casos-graves-de-covid-19\/#primaryimage"},"thumbnailUrl":"https:\/\/www.gvs.com.br\/medtech\/wp-content\/uploads\/2025\/08\/topo-healthcare-air-gas-intubacao-traqueal.jpg","datePublished":"2025-08-29T14:24:04+00:00","dateModified":"2025-09-08T20:09:53+00:00","description":"Descubra a import\u00e2ncia do procedimento em casos graves e quais as melhores pr\u00e1ticas para a sua realiza\u00e7\u00e3o.","breadcrumb":{"@id":"https:\/\/www.gvs.com.br\/medtech\/2025\/08\/29\/intubacao-traqueal-em-casos-graves-de-covid-19\/#breadcrumb"},"inLanguage":"pt-BR","potentialAction":[{"@type":"ReadAction","target":["https:\/\/www.gvs.com.br\/medtech\/2025\/08\/29\/intubacao-traqueal-em-casos-graves-de-covid-19\/"]}]},{"@type":"ImageObject","inLanguage":"pt-BR","@id":"https:\/\/www.gvs.com.br\/medtech\/2025\/08\/29\/intubacao-traqueal-em-casos-graves-de-covid-19\/#primaryimage","url":"https:\/\/www.gvs.com.br\/medtech\/wp-content\/uploads\/2025\/08\/topo-healthcare-air-gas-intubacao-traqueal.jpg","contentUrl":"https:\/\/www.gvs.com.br\/medtech\/wp-content\/uploads\/2025\/08\/topo-healthcare-air-gas-intubacao-traqueal.jpg","width":1123,"height":633},{"@type":"BreadcrumbList","@id":"https:\/\/www.gvs.com.br\/medtech\/2025\/08\/29\/intubacao-traqueal-em-casos-graves-de-covid-19\/#breadcrumb","itemListElement":[{"@type":"ListItem","position":1,"name":"In\u00edcio","item":"https:\/\/www.gvs.com.br\/medtech\/"},{"@type":"ListItem","position":2,"name":"Intuba\u00e7\u00e3o traqueal em casos graves de COVID-19"}]},{"@type":"WebSite","@id":"https:\/\/www.gvs.com.br\/medtech\/#website","url":"https:\/\/www.gvs.com.br\/medtech\/","name":"MedTech","description":"","publisher":{"@id":"https:\/\/www.gvs.com.br\/medtech\/#organization"},"potentialAction":[{"@type":"SearchAction","target":{"@type":"EntryPoint","urlTemplate":"https:\/\/www.gvs.com.br\/medtech\/?s={search_term_string}"},"query-input":{"@type":"PropertyValueSpecification","valueRequired":true,"valueName":"search_term_string"}}],"inLanguage":"pt-BR"},{"@type":"Organization","@id":"https:\/\/www.gvs.com.br\/medtech\/#organization","name":"MedTech","url":"https:\/\/www.gvs.com.br\/medtech\/","logo":{"@type":"ImageObject","inLanguage":"pt-BR","@id":"https:\/\/www.gvs.com.br\/medtech\/#\/schema\/logo\/image\/","url":"https:\/\/www.gvs.com.br\/medtech\/wp-content\/uploads\/2024\/12\/logo-gvs.png","contentUrl":"https:\/\/www.gvs.com.br\/medtech\/wp-content\/uploads\/2024\/12\/logo-gvs.png","width":334,"height":201,"caption":"MedTech"},"image":{"@id":"https:\/\/www.gvs.com.br\/medtech\/#\/schema\/logo\/image\/"}},{"@type":"Person","@id":"https:\/\/www.gvs.com.br\/medtech\/#\/schema\/person\/93f5a042f2130ba3dc092e8229ec0d0a","name":"admin-gvs","image":{"@type":"ImageObject","inLanguage":"pt-BR","@id":"https:\/\/secure.gravatar.com\/avatar\/753807cf2c24e7c5051446eb4fc6c55657714e911f26a29329d9dc501ae35121?s=96&d=mm&r=g","url":"https:\/\/secure.gravatar.com\/avatar\/753807cf2c24e7c5051446eb4fc6c55657714e911f26a29329d9dc501ae35121?s=96&d=mm&r=g","contentUrl":"https:\/\/secure.gravatar.com\/avatar\/753807cf2c24e7c5051446eb4fc6c55657714e911f26a29329d9dc501ae35121?s=96&d=mm&r=g","caption":"admin-gvs"},"url":"https:\/\/www.gvs.com.br\/medtech\/author\/admin-gvs\/"}]}},"uagb_featured_image_src":{"full":["https:\/\/www.gvs.com.br\/medtech\/wp-content\/uploads\/2025\/08\/topo-healthcare-air-gas-intubacao-traqueal.jpg",1123,633,false],"thumbnail":["https:\/\/www.gvs.com.br\/medtech\/wp-content\/uploads\/2025\/08\/topo-healthcare-air-gas-intubacao-traqueal-150x150.jpg",150,150,true],"medium":["https:\/\/www.gvs.com.br\/medtech\/wp-content\/uploads\/2025\/08\/topo-healthcare-air-gas-intubacao-traqueal-300x169.jpg",300,169,true],"medium_large":["https:\/\/www.gvs.com.br\/medtech\/wp-content\/uploads\/2025\/08\/topo-healthcare-air-gas-intubacao-traqueal-768x433.jpg",768,433,true],"large":["https:\/\/www.gvs.com.br\/medtech\/wp-content\/uploads\/2025\/08\/topo-healthcare-air-gas-intubacao-traqueal-1024x577.jpg",1024,577,true],"1536x1536":["https:\/\/www.gvs.com.br\/medtech\/wp-content\/uploads\/2025\/08\/topo-healthcare-air-gas-intubacao-traqueal.jpg",1123,633,false],"2048x2048":["https:\/\/www.gvs.com.br\/medtech\/wp-content\/uploads\/2025\/08\/topo-healthcare-air-gas-intubacao-traqueal.jpg",1123,633,false]},"uagb_author_info":{"display_name":"admin-gvs","author_link":"https:\/\/www.gvs.com.br\/medtech\/author\/admin-gvs\/"},"uagb_comment_info":0,"uagb_excerpt":"Intuba\u00e7\u00e3o traqueal em casos graves de COVID-19 Descubra a import\u00e2ncia do procedimento em casos graves e quais as melhores pr\u00e1ticaspara [&hellip;]","_links":{"self":[{"href":"https:\/\/www.gvs.com.br\/medtech\/wp-json\/wp\/v2\/posts\/925","targetHints":{"allow":["GET"]}}],"collection":[{"href":"https:\/\/www.gvs.com.br\/medtech\/wp-json\/wp\/v2\/posts"}],"about":[{"href":"https:\/\/www.gvs.com.br\/medtech\/wp-json\/wp\/v2\/types\/post"}],"author":[{"embeddable":true,"href":"https:\/\/www.gvs.com.br\/medtech\/wp-json\/wp\/v2\/users\/3"}],"replies":[{"embeddable":true,"href":"https:\/\/www.gvs.com.br\/medtech\/wp-json\/wp\/v2\/comments?post=925"}],"version-history":[{"count":2,"href":"https:\/\/www.gvs.com.br\/medtech\/wp-json\/wp\/v2\/posts\/925\/revisions"}],"predecessor-version":[{"id":1041,"href":"https:\/\/www.gvs.com.br\/medtech\/wp-json\/wp\/v2\/posts\/925\/revisions\/1041"}],"wp:featuredmedia":[{"embeddable":true,"href":"https:\/\/www.gvs.com.br\/medtech\/wp-json\/wp\/v2\/media\/926"}],"wp:attachment":[{"href":"https:\/\/www.gvs.com.br\/medtech\/wp-json\/wp\/v2\/media?parent=925"}],"wp:term":[{"taxonomy":"category","embeddable":true,"href":"https:\/\/www.gvs.com.br\/medtech\/wp-json\/wp\/v2\/categories?post=925"},{"taxonomy":"post_tag","embeddable":true,"href":"https:\/\/www.gvs.com.br\/medtech\/wp-json\/wp\/v2\/tags?post=925"}],"curies":[{"name":"wp","href":"https:\/\/api.w.org\/{rel}","templated":true}]}}