{"id":897,"date":"2025-08-28T22:29:13","date_gmt":"2025-08-28T22:29:13","guid":{"rendered":"https:\/\/www.gvs.com.br\/medtech\/?p=897"},"modified":"2025-09-08T19:57:59","modified_gmt":"2025-09-08T19:57:59","slug":"decubito-na-ventilacao-mecanica","status":"publish","type":"post","link":"https:\/\/www.gvs.com.br\/medtech\/2025\/08\/28\/decubito-na-ventilacao-mecanica\/","title":{"rendered":"Dec\u00fabito na ventila\u00e7\u00e3o mec\u00e2nica: garanta conforto para o seu paciente"},"content":{"rendered":"\n<div class=\"wp-block-uagb-container uagb-block-97360a92 alignfull uagb-is-root-container\"><div class=\"uagb-container-inner-blocks-wrap\">\n<div class=\"wp-block-uagb-advanced-heading uagb-block-b5b418f7\"><h2 class=\"uagb-heading-text\"><strong>Dec\u00fabito na ventila\u00e7\u00e3o mec\u00e2nica: garanta <br>conforto para o seu paciente<\/strong><\/h2><\/div>\n\n\n\n<div class=\"wp-block-uagb-advanced-heading uagb-block-4708a093\"><h2 class=\"uagb-heading-text\"><strong>Descubra como aumentar a seguran\u00e7a dos enfermos durante os processos de respira\u00e7\u00e3o artificial<\/strong><\/h2><\/div>\n<\/div><\/div>\n\n\n\n<p class=\"has-text-align-justify has-text-align-justify\"><\/p>\n\n\n\n<p class=\"has-text-align-justify has-text-align-justify\">Como vimos no \u00faltimo artigo em nosso blog, a escolha da posi\u00e7\u00e3o ideal para o seu paciente, pode contribuir para o sucesso do tratamento. Este fator, tamb\u00e9m interfere nos resultados do processo de respira\u00e7\u00e3o artificial. Por isso, hoje vamos entender quais os procedimentos para garantir a seguran\u00e7a do seu paciente, por meio do dec\u00fabito na ventila\u00e7\u00e3o mec\u00e2nica.<\/p>\n\n\n\n<p>Existem muitos fatores que podem exercer impacto no tratamento escolhido para o enfermo. Pensando nisso, \u00e9 fundamental levar em considera\u00e7\u00e3o o conforto do paciente no processo de recupera\u00e7\u00e3o, selecionando a posi\u00e7\u00e3o ideal e aplicando ferramentas para garantir sua seguran\u00e7a e bem-estar.<\/p>\n\n\n\n<p>O planejamento do processo de intuba\u00e7\u00e3o, contribui para a praticidade e estabilidade dos equipamentos, durante a manuten\u00e7\u00e3o de tubos condutores, c\u00e2nula e demais partes do sistema de ventila\u00e7\u00e3o mec\u00e2nica.<\/p>\n\n\n\n<p>Quer entender todos os detalhes e import\u00e2ncia dos processos de escolha de dec\u00fabito na ventila\u00e7\u00e3o mec\u00e2nica? Acompanhe o texto e saiba tudo sobre o assunto!<\/p>\n\n\n\n<h3 class=\"wp-block-heading has-ast-global-color-0-color has-text-color has-link-color wp-elements-db52036c8000e582d9851a164f9d59a9\">Problemas no dec\u00fabito em ventila\u00e7\u00e3o mec\u00e2nica<\/h3>\n\n\n\n<p>Sabemos que a ventila\u00e7\u00e3o mec\u00e2nica, \u00e9 um meio de suporte \u00e0 vida, essencial para a recupera\u00e7\u00e3o plena do paciente, e que existem algumas caracter\u00edsticas que devem ser levadas em conta durante procedimentos m\u00e9dicos como esse.<\/p>\n\n\n\n<p>Muitos dos problemas associados \u00e0s condi\u00e7\u00f5es cl\u00ednicas do enfermo, podem ser agravados ou amenizados, dependendo de seu dec\u00fabito.<\/p>\n\n\n\n<p>Entre as principais ocorr\u00eancias, \u00e9 poss\u00edvel citar:<\/p>\n\n\n\n<ul class=\"wp-block-list\">\n<li>Pioras em situa\u00e7\u00f5es de s\u00edndrome respirat\u00f3ria aguda;<\/li>\n\n\n\n<li>Aspira\u00e7\u00e3o de secre\u00e7\u00e3o;<\/li>\n\n\n\n<li>Ac\u00famulo e ressecamento de fluidos do paciente;<\/li>\n\n\n\n<li>Press\u00e3o dos \u00f3rg\u00e3os no sistema respirat\u00f3rio inferior.<\/li>\n<\/ul>\n\n\n\n<p>Desse modo, escolher o dec\u00fabito ideal na ventila\u00e7\u00e3o mec\u00e2nica, pode ajudar a alcan\u00e7ar resultados positivos com a recupera\u00e7\u00e3o do seu paciente.<\/p>\n\n\n\n<p>\u00c9 importante lembrar que tamb\u00e9m existem outras ferramentas e t\u00e9cnicas que podem auxiliar a manter o bem-estar e conforto dos enfermos. Acompanhe a leitura e saiba como implement\u00e1-las.<\/p>\n\n\n\n<h3 class=\"wp-block-heading has-ast-global-color-0-color has-text-color has-link-color wp-elements-c5e5fec2d05c7590e303ffe0cae38d35\">Solu\u00e7\u00f5es para pacientes em dec\u00fabito na ventila\u00e7\u00e3o mec\u00e2nica<\/h3>\n\n\n\n<p>Solucionar problemas do cotidiano, torna-se muito simples quando implantamos medidas de conten\u00e7\u00e3o e preven\u00e7\u00e3o. Por isso, atribuir rotinas e protocolos de a\u00e7\u00e3o, \u00e9 t\u00e3o importante no dia a dia de um hospital.<\/p>\n\n\n\n<p>Pensando nos problemas que podem ocorrer durante o processo de ventila\u00e7\u00e3o mec\u00e2nica, vamos listar as principais solu\u00e7\u00f5es para eles e como prevenir que ocorram com o seu paciente.<\/p>\n\n\n\n<p>Dessa forma, tornar o tratamento da pessoa acamada seguro e eficiente, n\u00e3o ser\u00e1 um problema para o seu dia a dia. Acompanhe as dicas!<\/p>\n\n\n\n<h3 class=\"wp-block-heading has-ast-global-color-0-color has-text-color has-link-color wp-elements-1f668f2973917dc6752e15c618cf299f\">Filtros respirat\u00f3rios<\/h3>\n\n\n\n<p>A aposta em&nbsp;filtros respirat\u00f3rios&nbsp;\u00e9 de extrema import\u00e2ncia para o seu paciente em dec\u00fabito por ventila\u00e7\u00e3o mec\u00e2nica. Isso porque, eles impedem a passagem e circula\u00e7\u00e3o de componentes prejudiciais no circuito respirat\u00f3rio.<\/p>\n\n\n\n<p>Sendo, ent\u00e3o, fundamentais para a montagem adequada do ventilador e, em alguns casos, contribuem para a manuten\u00e7\u00e3o da umidade no processo de inspira\u00e7\u00e3o e expira\u00e7\u00e3o.<\/p>\n\n\n\n<p>Assim, \u00e9 poss\u00edvel garantir a recupera\u00e7\u00e3o plena do paciente, com o m\u00e1ximo de conforto e seguran\u00e7a.<\/p>\n\n\n\n<p>Al\u00e9m do mais, \u00e9 por meio deste controle de umidade, que voc\u00ea poder\u00e1 impedir o ressecamento de secre\u00e7\u00e3o no tubo endotraqueal, fato que pode ocasionar o sufocamento do paciente.<\/p>\n\n\n\n<p>Por isso, a aten\u00e7\u00e3o a detalhes como esses, \u00e9 fundamental para o tratamento. Desse modo, voc\u00ea evita qualquer tipo de acidente que possa causar a obstru\u00e7\u00e3o das vias a\u00e9reas.<\/p>\n\n\n\n<p>Al\u00e9m disso, pensando em evitar esse tipo de problema, a posi\u00e7\u00e3o de dec\u00fabito de Fowler, \u00e9 ideal para garantir a seguran\u00e7a do enfermo. Isso porque, a cabeceira do leito submetida a uma eleva\u00e7\u00e3o de 45\u00b0, reduz a press\u00e3o no sistema respirat\u00f3rio inferior e evita a aspira\u00e7\u00e3o de fluidos, por exemplo.<\/p>\n\n\n\n<h3 class=\"wp-block-heading has-ast-global-color-0-color has-text-color has-link-color wp-elements-9d6f0075419b8a1ba0653a5223b56c76\">Dec\u00fabito na ventila\u00e7\u00e3o mec\u00e2nica<\/h3>\n\n\n\n<p>Como vimos anteriormente, a posi\u00e7\u00e3o em que o seu paciente se encontra, pode influenciar na acelera\u00e7\u00e3o de sua recupera\u00e7\u00e3o. Por isso, atentar-se a esses detalhes, \u00e9 fundamental para alcan\u00e7ar resultados cada vez melhores com o tratamento, bem como de contribuir com o bem-estar da pessoa acamada durante os procedimentos m\u00e9dicos.<\/p>\n\n\n\n<p>Devido ao tempo de tratamento, que pode se prolongar por semanas, a mudan\u00e7a de dec\u00fabito na ventila\u00e7\u00e3o mec\u00e2nica, \u00e9 extremamente recomendada, tanto pela melhora na distribui\u00e7\u00e3o da ventila\u00e7\u00e3o e perfus\u00e3o pulmonares como para evitar a forma\u00e7\u00e3o de escaras por dec\u00fabito, pois minimiza a press\u00e3o constante da &nbsp;pele evitando o surgimento dessas les\u00f5es, ou o agravamento do quadro cl\u00ednico do paciente.<\/p>\n\n\n\n<p>Assim, atribuir uma rotina de mudan\u00e7a de dec\u00fabito junto \u00e0 sua equipe de enfermagem, \u00e9 muito importante para evitar o surgimento de escaras. Assim como, implantar protocolos de verifica\u00e7\u00e3o e m\u00e9todos de higiene b\u00e1sica que n\u00e3o agridam a pele, por exemplo.<\/p>\n\n\n\n<p>Entenda mais sobre este problema e suas solu\u00e7\u00f5es, clicando&nbsp;<a href=\"https:\/\/www.gvs.com.br\/medtech\/2025\/08\/28\/posicoes-de-decubito\/\" target=\"_blank\" rel=\"noreferrer noopener\">aqui<\/a>!<\/p>\n\n\n\n<figure class=\"wp-block-image aligncenter size-large\"><img loading=\"lazy\" decoding=\"async\" width=\"1024\" height=\"323\" src=\"https:\/\/www.gvs.com.br\/medtech\/wp-content\/uploads\/2025\/08\/meio-leito-hospitalar-em-decubito-de-fowler-ideal-para-ventilacao-mecanica-1024x323.jpg\" alt=\"\" class=\"wp-image-899\" srcset=\"https:\/\/www.gvs.com.br\/medtech\/wp-content\/uploads\/2025\/08\/meio-leito-hospitalar-em-decubito-de-fowler-ideal-para-ventilacao-mecanica-1024x323.jpg 1024w, https:\/\/www.gvs.com.br\/medtech\/wp-content\/uploads\/2025\/08\/meio-leito-hospitalar-em-decubito-de-fowler-ideal-para-ventilacao-mecanica-300x95.jpg 300w, https:\/\/www.gvs.com.br\/medtech\/wp-content\/uploads\/2025\/08\/meio-leito-hospitalar-em-decubito-de-fowler-ideal-para-ventilacao-mecanica-768x242.jpg 768w, https:\/\/www.gvs.com.br\/medtech\/wp-content\/uploads\/2025\/08\/meio-leito-hospitalar-em-decubito-de-fowler-ideal-para-ventilacao-mecanica.jpg 1110w\" sizes=\"auto, (max-width: 1024px) 100vw, 1024px\" \/><\/figure>\n\n\n\n<p>Como j\u00e1 dissemos, existem posi\u00e7\u00f5es de dec\u00fabito que contribuem para o funcionamento pleno do sistema respirat\u00f3rio, uma vez que, em determinadas posi\u00e7\u00f5es, a press\u00e3o no diafragma e pulm\u00e3o, \u00e9 reduzida, facilitando o funcionamento desses \u00f3rg\u00e3os.<\/p>\n\n\n\n<p>Assim, as posi\u00e7\u00f5es de dec\u00fabito na ventila\u00e7\u00e3o mec\u00e2nica, s\u00e3o:<\/p>\n\n\n\n<ul class=\"wp-block-list\">\n<li>Dec\u00fabito dorsal (ou supino);<\/li>\n\n\n\n<li>Posi\u00e7\u00e3o de Trendelenburg;<\/li>\n\n\n\n<li>Dec\u00fabito ventral;<\/li>\n\n\n\n<li>Posi\u00e7\u00e3o de Fowler;<\/li>\n\n\n\n<li>Dec\u00fabito lateral;<\/li>\n\n\n\n<li>Posi\u00e7\u00e3o de Sims;<\/li>\n\n\n\n<li>Proclive.<\/li>\n<\/ul>\n\n\n\n<p>Estas posi\u00e7\u00f5es de dec\u00fabito, fazem com que a press\u00e3o na caixa tor\u00e1cica superior, seja reduzida, facilitando para que o paciente realize a fun\u00e7\u00e3o pulmonar de forma espont\u00e2nea.<\/p>\n\n\n\n<p>Utilizar as posi\u00e7\u00f5es de dec\u00fabito certas, podem auxiliar no desmame do paciente, ou seja, retirada do ventilador mec\u00e2nico e incentivo \u00e0 respira\u00e7\u00e3o espont\u00e2nea.<\/p>\n\n\n\n<h3 class=\"wp-block-heading has-ast-global-color-0-color has-text-color has-link-color wp-elements-0fc33eea455a458dafd629f4bac56d86\">Busque por solu\u00e7\u00f5es eficientes<\/h3>\n\n\n\n<p>J\u00e1 entendemos que, para que os sistemas de suporte \u00e0 vida, tenham \u00eaxito em suas fun\u00e7\u00f5es, \u00e9 preciso dispor de equipamentos e ferramentas de qualidade, tanto quanto, t\u00e9cnicas eficientes para aprimorar processo de recupera\u00e7\u00e3o do seu paciente.<\/p>\n\n\n\n<p>A GVS, est\u00e1 aqui para te ajudar nesta tarefa. Atuamos, h\u00e1 35 anos, no desenvolvimento e fabrica\u00e7\u00e3o de tecnologia de ponta para a filtra\u00e7\u00e3o em diversos setores, com experi\u00eancia em entender as demandas de nossos clientes, estamos prontos a encontrar as melhores solu\u00e7\u00f5es para os seus pacientes.<\/p>\n\n\n\n<p>Caminhamos rumo aos mesmos objetivos: garantir qualidade de vida, bem-estar, seguran\u00e7a e uma recupera\u00e7\u00e3o r\u00e1pida, atrav\u00e9s do oferecimento dos filtros mais eficientes do mercado.<\/p>\n\n\n\n<p>Todos os nossos processos, da pesquisa ao atendimento, seguem rigorosos padr\u00f5es de qualidade, para que voc\u00ea tenha acesso aos melhores produtos para os seus pacientes.<\/p>\n\n\n\n<p>N\u00e3o perca mais tempo! Acesse agora mesmo&nbsp;<a href=\"https:\/\/www.gvs.com.br\/medtech\/\" target=\"_blank\" rel=\"noreferrer noopener\">nosso site<\/a>&nbsp;e saiba como atribuir seguran\u00e7a e praticidade aos procedimentos m\u00e9dicos que exigem sistemas de filtra\u00e7\u00e3o no seu hospital.<\/p>\n\n\n\n<p>Quer mais dicas como as deste artigo? Acesse agora mesmo&nbsp;<a href=\"https:\/\/www.gvs.com.br\/medtech\/blog\/\" target=\"_blank\" rel=\"noreferrer noopener\">nosso blog<\/a>&nbsp;e saiba todos os detalhes para garantir a plena seguran\u00e7a dos seus pacientes durante o processo de ventila\u00e7\u00e3o mec\u00e2nica!<\/p>\n\n\n\n<h3 class=\"wp-block-heading has-ast-global-color-0-color has-text-color has-link-color wp-elements-ef5789a5c188be451c8c8e0c080c7740\">Refer\u00eancias<\/h3>\n\n\n\n<p><a href=\"https:\/\/drauziovarella.uol.com.br\/doencas-e-sintomas\/escara-ulcera-de-pressao\/\">https:\/\/drauziovarella.uol.com.br\/doencas-e-sintomas\/escara-ulcera-de-pressao\/<\/a><\/p>\n\n\n\n<p><a href=\"https:\/\/www.docsity.com\/pt\/aula-7-posicoes-cirurgicas\/4757482\">https:\/\/www.docsity.com\/pt\/aula-7-posicoes-cirurgicas\/4757482<\/a><\/p>\n\n\n\n<p class=\"has-text-align-justify has-text-align-justify\"><a href=\"https:\/\/www.scielo.br\/j\/reeusp\/a\/yZ9zSSgdRGXyKPcczLBS5qb\/?lang=pt#:~:text=O%20dec%C3%BAbito%20pode%20influenciar%20na,dorso(9%2D14).\">https:\/\/www.scielo.br\/j\/reeusp\/a\/yZ9zSSgdRGXyKPcczLBS5qb\/?lang=pt#:~:text=O%20dec%C3%BAbito%20pode%20influenciar%20na,dorso(9%2D14).<\/a><\/p>\n\n\n\n<div class=\"wp-block-uagb-separator uagb-block-ea6e94c0\"><div class=\"uagb-separator-spacing-wrapper\"><div class=\"wp-block-uagb-separator__inner\" style=\"--my-background-image:\"><\/div><\/div><\/div>\n\n\n\n<div class=\"wp-block-uagb-call-to-action uagb-block-9987562e wp-block-button\"><div class=\"uagb-cta__wrap\"><h3 class=\"uagb-cta__title\">Gostou do conte\u00fado?<\/h3><p class=\"uagb-cta__desc\">Entre em nosso blog e leia mais artigos como esse!<\/p><\/div><div class=\"uagb-cta__buttons\"><a href=\"https:\/\/gvs.com.br\/medtech\/blog\/\" class=\"uagb-cta__button-link-wrapper wp-block-button__link\" target=\"_self\" rel=\"noopener noreferrer\">Acesse<\/a><\/div><\/div>\n\n\n\n<div class=\"wp-block-uagb-separator uagb-block-89841de0\"><div class=\"uagb-separator-spacing-wrapper\"><div class=\"wp-block-uagb-separator__inner\" style=\"--my-background-image:\"><\/div><\/div><\/div>\n\n\n\n<div class=\"wp-block-uagb-call-to-action uagb-block-767538e5 wp-block-button\"><div class=\"uagb-cta__wrap\"><h3 class=\"uagb-cta__title\">Fale com a gente!<\/h3><p class=\"uagb-cta__desc\">Entre em contato com o nosso time hoje mesmo, esclare\u00e7a as suas d\u00favidas e&nbsp;<strong>solicite a sua cota\u00e7\u00e3o!<\/strong><\/p><\/div><div class=\"uagb-cta__buttons\"><a href=\"https:\/\/wa.me\/5519991369490\" class=\"uagb-cta__button-link-wrapper wp-block-button__link\" target=\"_blank\" rel=\"noopener noreferrer\"><svg xmlns=\"https:\/\/www.w3.org\/2000\/svg\" viewBox=\"0 0 448 512\"><path d=\"M380.9 97.1C339 55.1 283.2 32 223.9 32c-122.4 0-222 99.6-222 222 0 39.1 10.2 77.3 29.6 111L0 480l117.7-30.9c32.4 17.7 68.9 27 106.1 27h.1c122.3 0 224.1-99.6 224.1-222 0-59.3-25.2-115-67.1-157zm-157 341.6c-33.2 0-65.7-8.9-94-25.7l-6.7-4-69.8 18.3L72 359.2l-4.4-7c-18.5-29.4-28.2-63.3-28.2-98.2 0-101.7 82.8-184.5 184.6-184.5 49.3 0 95.6 19.2 130.4 54.1 34.8 34.9 56.2 81.2 56.1 130.5 0 101.8-84.9 184.6-186.6 184.6zm101.2-138.2c-5.5-2.8-32.8-16.2-37.9-18-5.1-1.9-8.8-2.8-12.5 2.8-3.7 5.6-14.3 18-17.6 21.8-3.2 3.7-6.5 4.2-12 1.4-32.6-16.3-54-29.1-75.5-66-5.7-9.8 5.7-9.1 16.3-30.3 1.8-3.7 .9-6.9-.5-9.7-1.4-2.8-12.5-30.1-17.1-41.2-4.5-10.8-9.1-9.3-12.5-9.5-3.2-.2-6.9-.2-10.6-.2-3.7 0-9.7 1.4-14.8 6.9-5.1 5.6-19.4 19-19.4 46.3 0 27.3 19.9 53.7 22.6 57.4 2.8 3.7 39.1 59.7 94.8 83.8 35.2 15.2 49 16.5 66.6 13.9 10.7-1.6 32.8-13.4 37.4-26.4 4.6-13 4.6-24.1 3.2-26.4-1.3-2.5-5-3.9-10.5-6.6z\"><\/path><\/svg>WhatsApp<\/a><\/div><\/div>\n\n\n\n<p><\/p>\n","protected":false},"excerpt":{"rendered":"<p>Dec\u00fabito na ventila\u00e7\u00e3o mec\u00e2nica: garanta conforto para o seu paciente Descubra como aumentar a seguran\u00e7a dos enfermos durante os processos [&hellip;]<\/p>\n","protected":false},"author":3,"featured_media":898,"comment_status":"open","ping_status":"open","sticky":false,"template":"","format":"standard","meta":{"_uag_custom_page_level_css":"","site-sidebar-layout":"default","site-content-layout":"","ast-site-content-layout":"default","site-content-style":"default","site-sidebar-style":"default","ast-global-header-display":"","ast-banner-title-visibility":"","ast-main-header-display":"","ast-hfb-above-header-display":"","ast-hfb-below-header-display":"","ast-hfb-mobile-header-display":"","site-post-title":"disabled","ast-breadcrumbs-content":"","ast-featured-img":"disabled","footer-sml-layout":"","ast-disable-related-posts":"","theme-transparent-header-meta":"","adv-header-id-meta":"","stick-header-meta":"","header-above-stick-meta":"","header-main-stick-meta":"","header-below-stick-meta":"","astra-migrate-meta-layouts":"default","ast-page-background-enabled":"default","ast-page-background-meta":{"desktop":{"background-color":"var(--ast-global-color-4)","background-image":"","background-repeat":"repeat","background-position":"center center","background-size":"auto","background-attachment":"scroll","background-type":"","background-media":"","overlay-type":"","overlay-color":"","overlay-opacity":"","overlay-gradient":""},"tablet":{"background-color":"","background-image":"","background-repeat":"repeat","background-position":"center center","background-size":"auto","background-attachment":"scroll","background-type":"","background-media":"","overlay-type":"","overlay-color":"","overlay-opacity":"","overlay-gradient":""},"mobile":{"background-color":"","background-image":"","background-repeat":"repeat","background-position":"center center","background-size":"auto","background-attachment":"scroll","background-type":"","background-media":"","overlay-type":"","overlay-color":"","overlay-opacity":"","overlay-gradient":""}},"ast-content-background-meta":{"desktop":{"background-color":"var(--ast-global-color-5)","background-image":"","background-repeat":"repeat","background-position":"center center","background-size":"auto","background-attachment":"scroll","background-type":"","background-media":"","overlay-type":"","overlay-color":"","overlay-opacity":"","overlay-gradient":""},"tablet":{"background-color":"var(--ast-global-color-5)","background-image":"","background-repeat":"repeat","background-position":"center center","background-size":"auto","background-attachment":"scroll","background-type":"","background-media":"","overlay-type":"","overlay-color":"","overlay-opacity":"","overlay-gradient":""},"mobile":{"background-color":"var(--ast-global-color-5)","background-image":"","background-repeat":"repeat","background-position":"center center","background-size":"auto","background-attachment":"scroll","background-type":"","background-media":"","overlay-type":"","overlay-color":"","overlay-opacity":"","overlay-gradient":""}},"footnotes":""},"categories":[8,7],"tags":[21,22],"class_list":["post-897","post","type-post","status-publish","format-standard","has-post-thumbnail","hentry","category-gvs","category-medtech","tag-equipamentos-medicos","tag-produtos-hospitalares"],"yoast_head":"<!-- This site is optimized with the Yoast SEO plugin v27.5 - https:\/\/yoast.com\/product\/yoast-seo-wordpress\/ -->\n<title>Dec\u00fabito na ventila\u00e7\u00e3o mec\u00e2nica<\/title>\n<meta name=\"description\" content=\"Dec\u00fabito na ventila\u00e7\u00e3o mec\u00e2nica: garanta conforto para o seu paciente. Aumente a seguran\u00e7a dos enfermos durante os processos de respira\u00e7\u00e3o artificial\" \/>\n<meta name=\"robots\" content=\"index, follow, max-snippet:-1, max-image-preview:large, max-video-preview:-1\" \/>\n<link rel=\"canonical\" href=\"https:\/\/www.gvs.com.br\/medtech\/2025\/08\/28\/decubito-na-ventilacao-mecanica\/\" \/>\n<meta property=\"og:locale\" content=\"pt_BR\" \/>\n<meta property=\"og:type\" content=\"article\" \/>\n<meta property=\"og:title\" content=\"Dec\u00fabito na ventila\u00e7\u00e3o mec\u00e2nica\" \/>\n<meta property=\"og:description\" content=\"Dec\u00fabito na ventila\u00e7\u00e3o mec\u00e2nica: garanta conforto para o seu paciente. Aumente a seguran\u00e7a dos enfermos durante os processos de respira\u00e7\u00e3o artificial\" \/>\n<meta property=\"og:url\" content=\"https:\/\/www.gvs.com.br\/medtech\/2025\/08\/28\/decubito-na-ventilacao-mecanica\/\" \/>\n<meta property=\"og:site_name\" content=\"MedTech\" \/>\n<meta property=\"article:published_time\" content=\"2025-08-28T22:29:13+00:00\" \/>\n<meta property=\"article:modified_time\" content=\"2025-09-08T19:57:59+00:00\" \/>\n<meta property=\"og:image\" content=\"https:\/\/www.gvs.com.br\/medtech\/wp-content\/uploads\/2025\/08\/topo-pacientes-em-decubito-na-ventilacao-mecanica-de-utis.jpg\" \/>\n\t<meta property=\"og:image:width\" content=\"1123\" \/>\n\t<meta property=\"og:image:height\" content=\"633\" \/>\n\t<meta property=\"og:image:type\" content=\"image\/jpeg\" \/>\n<meta name=\"author\" content=\"admin-gvs\" \/>\n<meta name=\"twitter:card\" content=\"summary_large_image\" \/>\n<meta name=\"twitter:label1\" content=\"Escrito por\" \/>\n\t<meta name=\"twitter:data1\" content=\"admin-gvs\" \/>\n\t<meta name=\"twitter:label2\" content=\"Est. tempo de leitura\" \/>\n\t<meta name=\"twitter:data2\" content=\"7 minutos\" \/>\n<script type=\"application\/ld+json\" class=\"yoast-schema-graph\">{\"@context\":\"https:\\\/\\\/schema.org\",\"@graph\":[{\"@type\":\"Article\",\"@id\":\"https:\\\/\\\/www.gvs.com.br\\\/medtech\\\/2025\\\/08\\\/28\\\/decubito-na-ventilacao-mecanica\\\/#article\",\"isPartOf\":{\"@id\":\"https:\\\/\\\/www.gvs.com.br\\\/medtech\\\/2025\\\/08\\\/28\\\/decubito-na-ventilacao-mecanica\\\/\"},\"author\":{\"name\":\"admin-gvs\",\"@id\":\"https:\\\/\\\/www.gvs.com.br\\\/medtech\\\/#\\\/schema\\\/person\\\/93f5a042f2130ba3dc092e8229ec0d0a\"},\"headline\":\"Dec\u00fabito na ventila\u00e7\u00e3o mec\u00e2nica: garanta conforto para o seu paciente\",\"datePublished\":\"2025-08-28T22:29:13+00:00\",\"dateModified\":\"2025-09-08T19:57:59+00:00\",\"mainEntityOfPage\":{\"@id\":\"https:\\\/\\\/www.gvs.com.br\\\/medtech\\\/2025\\\/08\\\/28\\\/decubito-na-ventilacao-mecanica\\\/\"},\"wordCount\":1313,\"commentCount\":0,\"publisher\":{\"@id\":\"https:\\\/\\\/www.gvs.com.br\\\/medtech\\\/#organization\"},\"image\":{\"@id\":\"https:\\\/\\\/www.gvs.com.br\\\/medtech\\\/2025\\\/08\\\/28\\\/decubito-na-ventilacao-mecanica\\\/#primaryimage\"},\"thumbnailUrl\":\"https:\\\/\\\/www.gvs.com.br\\\/medtech\\\/wp-content\\\/uploads\\\/2025\\\/08\\\/topo-pacientes-em-decubito-na-ventilacao-mecanica-de-utis.jpg\",\"keywords\":[\"Equipamentos m\u00e9dicos\",\"Produtos hospitalares\"],\"articleSection\":[\"GVS\",\"MedTech\"],\"inLanguage\":\"pt-BR\",\"potentialAction\":[{\"@type\":\"CommentAction\",\"name\":\"Comment\",\"target\":[\"https:\\\/\\\/www.gvs.com.br\\\/medtech\\\/2025\\\/08\\\/28\\\/decubito-na-ventilacao-mecanica\\\/#respond\"]}]},{\"@type\":\"WebPage\",\"@id\":\"https:\\\/\\\/www.gvs.com.br\\\/medtech\\\/2025\\\/08\\\/28\\\/decubito-na-ventilacao-mecanica\\\/\",\"url\":\"https:\\\/\\\/www.gvs.com.br\\\/medtech\\\/2025\\\/08\\\/28\\\/decubito-na-ventilacao-mecanica\\\/\",\"name\":\"Dec\u00fabito na ventila\u00e7\u00e3o mec\u00e2nica\",\"isPartOf\":{\"@id\":\"https:\\\/\\\/www.gvs.com.br\\\/medtech\\\/#website\"},\"primaryImageOfPage\":{\"@id\":\"https:\\\/\\\/www.gvs.com.br\\\/medtech\\\/2025\\\/08\\\/28\\\/decubito-na-ventilacao-mecanica\\\/#primaryimage\"},\"image\":{\"@id\":\"https:\\\/\\\/www.gvs.com.br\\\/medtech\\\/2025\\\/08\\\/28\\\/decubito-na-ventilacao-mecanica\\\/#primaryimage\"},\"thumbnailUrl\":\"https:\\\/\\\/www.gvs.com.br\\\/medtech\\\/wp-content\\\/uploads\\\/2025\\\/08\\\/topo-pacientes-em-decubito-na-ventilacao-mecanica-de-utis.jpg\",\"datePublished\":\"2025-08-28T22:29:13+00:00\",\"dateModified\":\"2025-09-08T19:57:59+00:00\",\"description\":\"Dec\u00fabito na ventila\u00e7\u00e3o mec\u00e2nica: garanta conforto para o seu paciente. Aumente a seguran\u00e7a dos enfermos durante os processos de respira\u00e7\u00e3o artificial\",\"breadcrumb\":{\"@id\":\"https:\\\/\\\/www.gvs.com.br\\\/medtech\\\/2025\\\/08\\\/28\\\/decubito-na-ventilacao-mecanica\\\/#breadcrumb\"},\"inLanguage\":\"pt-BR\",\"potentialAction\":[{\"@type\":\"ReadAction\",\"target\":[\"https:\\\/\\\/www.gvs.com.br\\\/medtech\\\/2025\\\/08\\\/28\\\/decubito-na-ventilacao-mecanica\\\/\"]}]},{\"@type\":\"ImageObject\",\"inLanguage\":\"pt-BR\",\"@id\":\"https:\\\/\\\/www.gvs.com.br\\\/medtech\\\/2025\\\/08\\\/28\\\/decubito-na-ventilacao-mecanica\\\/#primaryimage\",\"url\":\"https:\\\/\\\/www.gvs.com.br\\\/medtech\\\/wp-content\\\/uploads\\\/2025\\\/08\\\/topo-pacientes-em-decubito-na-ventilacao-mecanica-de-utis.jpg\",\"contentUrl\":\"https:\\\/\\\/www.gvs.com.br\\\/medtech\\\/wp-content\\\/uploads\\\/2025\\\/08\\\/topo-pacientes-em-decubito-na-ventilacao-mecanica-de-utis.jpg\",\"width\":1123,\"height\":633},{\"@type\":\"BreadcrumbList\",\"@id\":\"https:\\\/\\\/www.gvs.com.br\\\/medtech\\\/2025\\\/08\\\/28\\\/decubito-na-ventilacao-mecanica\\\/#breadcrumb\",\"itemListElement\":[{\"@type\":\"ListItem\",\"position\":1,\"name\":\"In\u00edcio\",\"item\":\"https:\\\/\\\/www.gvs.com.br\\\/medtech\\\/\"},{\"@type\":\"ListItem\",\"position\":2,\"name\":\"Dec\u00fabito na ventila\u00e7\u00e3o mec\u00e2nica: garanta conforto para o seu paciente\"}]},{\"@type\":\"WebSite\",\"@id\":\"https:\\\/\\\/www.gvs.com.br\\\/medtech\\\/#website\",\"url\":\"https:\\\/\\\/www.gvs.com.br\\\/medtech\\\/\",\"name\":\"MedTech\",\"description\":\"\",\"publisher\":{\"@id\":\"https:\\\/\\\/www.gvs.com.br\\\/medtech\\\/#organization\"},\"potentialAction\":[{\"@type\":\"SearchAction\",\"target\":{\"@type\":\"EntryPoint\",\"urlTemplate\":\"https:\\\/\\\/www.gvs.com.br\\\/medtech\\\/?s={search_term_string}\"},\"query-input\":{\"@type\":\"PropertyValueSpecification\",\"valueRequired\":true,\"valueName\":\"search_term_string\"}}],\"inLanguage\":\"pt-BR\"},{\"@type\":\"Organization\",\"@id\":\"https:\\\/\\\/www.gvs.com.br\\\/medtech\\\/#organization\",\"name\":\"MedTech\",\"url\":\"https:\\\/\\\/www.gvs.com.br\\\/medtech\\\/\",\"logo\":{\"@type\":\"ImageObject\",\"inLanguage\":\"pt-BR\",\"@id\":\"https:\\\/\\\/www.gvs.com.br\\\/medtech\\\/#\\\/schema\\\/logo\\\/image\\\/\",\"url\":\"https:\\\/\\\/www.gvs.com.br\\\/medtech\\\/wp-content\\\/uploads\\\/2024\\\/12\\\/logo-gvs.png\",\"contentUrl\":\"https:\\\/\\\/www.gvs.com.br\\\/medtech\\\/wp-content\\\/uploads\\\/2024\\\/12\\\/logo-gvs.png\",\"width\":334,\"height\":201,\"caption\":\"MedTech\"},\"image\":{\"@id\":\"https:\\\/\\\/www.gvs.com.br\\\/medtech\\\/#\\\/schema\\\/logo\\\/image\\\/\"}},{\"@type\":\"Person\",\"@id\":\"https:\\\/\\\/www.gvs.com.br\\\/medtech\\\/#\\\/schema\\\/person\\\/93f5a042f2130ba3dc092e8229ec0d0a\",\"name\":\"admin-gvs\",\"image\":{\"@type\":\"ImageObject\",\"inLanguage\":\"pt-BR\",\"@id\":\"https:\\\/\\\/secure.gravatar.com\\\/avatar\\\/753807cf2c24e7c5051446eb4fc6c55657714e911f26a29329d9dc501ae35121?s=96&d=mm&r=g\",\"url\":\"https:\\\/\\\/secure.gravatar.com\\\/avatar\\\/753807cf2c24e7c5051446eb4fc6c55657714e911f26a29329d9dc501ae35121?s=96&d=mm&r=g\",\"contentUrl\":\"https:\\\/\\\/secure.gravatar.com\\\/avatar\\\/753807cf2c24e7c5051446eb4fc6c55657714e911f26a29329d9dc501ae35121?s=96&d=mm&r=g\",\"caption\":\"admin-gvs\"},\"url\":\"https:\\\/\\\/www.gvs.com.br\\\/medtech\\\/author\\\/admin-gvs\\\/\"}]}<\/script>\n<!-- \/ Yoast SEO plugin. -->","yoast_head_json":{"title":"Dec\u00fabito na ventila\u00e7\u00e3o mec\u00e2nica","description":"Dec\u00fabito na ventila\u00e7\u00e3o mec\u00e2nica: garanta conforto para o seu paciente. Aumente a seguran\u00e7a dos enfermos durante os processos de respira\u00e7\u00e3o artificial","robots":{"index":"index","follow":"follow","max-snippet":"max-snippet:-1","max-image-preview":"max-image-preview:large","max-video-preview":"max-video-preview:-1"},"canonical":"https:\/\/www.gvs.com.br\/medtech\/2025\/08\/28\/decubito-na-ventilacao-mecanica\/","og_locale":"pt_BR","og_type":"article","og_title":"Dec\u00fabito na ventila\u00e7\u00e3o mec\u00e2nica","og_description":"Dec\u00fabito na ventila\u00e7\u00e3o mec\u00e2nica: garanta conforto para o seu paciente. Aumente a seguran\u00e7a dos enfermos durante os processos de respira\u00e7\u00e3o artificial","og_url":"https:\/\/www.gvs.com.br\/medtech\/2025\/08\/28\/decubito-na-ventilacao-mecanica\/","og_site_name":"MedTech","article_published_time":"2025-08-28T22:29:13+00:00","article_modified_time":"2025-09-08T19:57:59+00:00","og_image":[{"width":1123,"height":633,"url":"https:\/\/www.gvs.com.br\/medtech\/wp-content\/uploads\/2025\/08\/topo-pacientes-em-decubito-na-ventilacao-mecanica-de-utis.jpg","type":"image\/jpeg"}],"author":"admin-gvs","twitter_card":"summary_large_image","twitter_misc":{"Escrito por":"admin-gvs","Est. tempo de leitura":"7 minutos"},"schema":{"@context":"https:\/\/schema.org","@graph":[{"@type":"Article","@id":"https:\/\/www.gvs.com.br\/medtech\/2025\/08\/28\/decubito-na-ventilacao-mecanica\/#article","isPartOf":{"@id":"https:\/\/www.gvs.com.br\/medtech\/2025\/08\/28\/decubito-na-ventilacao-mecanica\/"},"author":{"name":"admin-gvs","@id":"https:\/\/www.gvs.com.br\/medtech\/#\/schema\/person\/93f5a042f2130ba3dc092e8229ec0d0a"},"headline":"Dec\u00fabito na ventila\u00e7\u00e3o mec\u00e2nica: garanta conforto para o seu paciente","datePublished":"2025-08-28T22:29:13+00:00","dateModified":"2025-09-08T19:57:59+00:00","mainEntityOfPage":{"@id":"https:\/\/www.gvs.com.br\/medtech\/2025\/08\/28\/decubito-na-ventilacao-mecanica\/"},"wordCount":1313,"commentCount":0,"publisher":{"@id":"https:\/\/www.gvs.com.br\/medtech\/#organization"},"image":{"@id":"https:\/\/www.gvs.com.br\/medtech\/2025\/08\/28\/decubito-na-ventilacao-mecanica\/#primaryimage"},"thumbnailUrl":"https:\/\/www.gvs.com.br\/medtech\/wp-content\/uploads\/2025\/08\/topo-pacientes-em-decubito-na-ventilacao-mecanica-de-utis.jpg","keywords":["Equipamentos m\u00e9dicos","Produtos hospitalares"],"articleSection":["GVS","MedTech"],"inLanguage":"pt-BR","potentialAction":[{"@type":"CommentAction","name":"Comment","target":["https:\/\/www.gvs.com.br\/medtech\/2025\/08\/28\/decubito-na-ventilacao-mecanica\/#respond"]}]},{"@type":"WebPage","@id":"https:\/\/www.gvs.com.br\/medtech\/2025\/08\/28\/decubito-na-ventilacao-mecanica\/","url":"https:\/\/www.gvs.com.br\/medtech\/2025\/08\/28\/decubito-na-ventilacao-mecanica\/","name":"Dec\u00fabito na ventila\u00e7\u00e3o mec\u00e2nica","isPartOf":{"@id":"https:\/\/www.gvs.com.br\/medtech\/#website"},"primaryImageOfPage":{"@id":"https:\/\/www.gvs.com.br\/medtech\/2025\/08\/28\/decubito-na-ventilacao-mecanica\/#primaryimage"},"image":{"@id":"https:\/\/www.gvs.com.br\/medtech\/2025\/08\/28\/decubito-na-ventilacao-mecanica\/#primaryimage"},"thumbnailUrl":"https:\/\/www.gvs.com.br\/medtech\/wp-content\/uploads\/2025\/08\/topo-pacientes-em-decubito-na-ventilacao-mecanica-de-utis.jpg","datePublished":"2025-08-28T22:29:13+00:00","dateModified":"2025-09-08T19:57:59+00:00","description":"Dec\u00fabito na ventila\u00e7\u00e3o mec\u00e2nica: garanta conforto para o seu paciente. Aumente a seguran\u00e7a dos enfermos durante os processos de respira\u00e7\u00e3o artificial","breadcrumb":{"@id":"https:\/\/www.gvs.com.br\/medtech\/2025\/08\/28\/decubito-na-ventilacao-mecanica\/#breadcrumb"},"inLanguage":"pt-BR","potentialAction":[{"@type":"ReadAction","target":["https:\/\/www.gvs.com.br\/medtech\/2025\/08\/28\/decubito-na-ventilacao-mecanica\/"]}]},{"@type":"ImageObject","inLanguage":"pt-BR","@id":"https:\/\/www.gvs.com.br\/medtech\/2025\/08\/28\/decubito-na-ventilacao-mecanica\/#primaryimage","url":"https:\/\/www.gvs.com.br\/medtech\/wp-content\/uploads\/2025\/08\/topo-pacientes-em-decubito-na-ventilacao-mecanica-de-utis.jpg","contentUrl":"https:\/\/www.gvs.com.br\/medtech\/wp-content\/uploads\/2025\/08\/topo-pacientes-em-decubito-na-ventilacao-mecanica-de-utis.jpg","width":1123,"height":633},{"@type":"BreadcrumbList","@id":"https:\/\/www.gvs.com.br\/medtech\/2025\/08\/28\/decubito-na-ventilacao-mecanica\/#breadcrumb","itemListElement":[{"@type":"ListItem","position":1,"name":"In\u00edcio","item":"https:\/\/www.gvs.com.br\/medtech\/"},{"@type":"ListItem","position":2,"name":"Dec\u00fabito na ventila\u00e7\u00e3o mec\u00e2nica: garanta conforto para o seu paciente"}]},{"@type":"WebSite","@id":"https:\/\/www.gvs.com.br\/medtech\/#website","url":"https:\/\/www.gvs.com.br\/medtech\/","name":"MedTech","description":"","publisher":{"@id":"https:\/\/www.gvs.com.br\/medtech\/#organization"},"potentialAction":[{"@type":"SearchAction","target":{"@type":"EntryPoint","urlTemplate":"https:\/\/www.gvs.com.br\/medtech\/?s={search_term_string}"},"query-input":{"@type":"PropertyValueSpecification","valueRequired":true,"valueName":"search_term_string"}}],"inLanguage":"pt-BR"},{"@type":"Organization","@id":"https:\/\/www.gvs.com.br\/medtech\/#organization","name":"MedTech","url":"https:\/\/www.gvs.com.br\/medtech\/","logo":{"@type":"ImageObject","inLanguage":"pt-BR","@id":"https:\/\/www.gvs.com.br\/medtech\/#\/schema\/logo\/image\/","url":"https:\/\/www.gvs.com.br\/medtech\/wp-content\/uploads\/2024\/12\/logo-gvs.png","contentUrl":"https:\/\/www.gvs.com.br\/medtech\/wp-content\/uploads\/2024\/12\/logo-gvs.png","width":334,"height":201,"caption":"MedTech"},"image":{"@id":"https:\/\/www.gvs.com.br\/medtech\/#\/schema\/logo\/image\/"}},{"@type":"Person","@id":"https:\/\/www.gvs.com.br\/medtech\/#\/schema\/person\/93f5a042f2130ba3dc092e8229ec0d0a","name":"admin-gvs","image":{"@type":"ImageObject","inLanguage":"pt-BR","@id":"https:\/\/secure.gravatar.com\/avatar\/753807cf2c24e7c5051446eb4fc6c55657714e911f26a29329d9dc501ae35121?s=96&d=mm&r=g","url":"https:\/\/secure.gravatar.com\/avatar\/753807cf2c24e7c5051446eb4fc6c55657714e911f26a29329d9dc501ae35121?s=96&d=mm&r=g","contentUrl":"https:\/\/secure.gravatar.com\/avatar\/753807cf2c24e7c5051446eb4fc6c55657714e911f26a29329d9dc501ae35121?s=96&d=mm&r=g","caption":"admin-gvs"},"url":"https:\/\/www.gvs.com.br\/medtech\/author\/admin-gvs\/"}]}},"uagb_featured_image_src":{"full":["https:\/\/www.gvs.com.br\/medtech\/wp-content\/uploads\/2025\/08\/topo-pacientes-em-decubito-na-ventilacao-mecanica-de-utis.jpg",1123,633,false],"thumbnail":["https:\/\/www.gvs.com.br\/medtech\/wp-content\/uploads\/2025\/08\/topo-pacientes-em-decubito-na-ventilacao-mecanica-de-utis-150x150.jpg",150,150,true],"medium":["https:\/\/www.gvs.com.br\/medtech\/wp-content\/uploads\/2025\/08\/topo-pacientes-em-decubito-na-ventilacao-mecanica-de-utis-300x169.jpg",300,169,true],"medium_large":["https:\/\/www.gvs.com.br\/medtech\/wp-content\/uploads\/2025\/08\/topo-pacientes-em-decubito-na-ventilacao-mecanica-de-utis-768x433.jpg",768,433,true],"large":["https:\/\/www.gvs.com.br\/medtech\/wp-content\/uploads\/2025\/08\/topo-pacientes-em-decubito-na-ventilacao-mecanica-de-utis-1024x577.jpg",1024,577,true],"1536x1536":["https:\/\/www.gvs.com.br\/medtech\/wp-content\/uploads\/2025\/08\/topo-pacientes-em-decubito-na-ventilacao-mecanica-de-utis.jpg",1123,633,false],"2048x2048":["https:\/\/www.gvs.com.br\/medtech\/wp-content\/uploads\/2025\/08\/topo-pacientes-em-decubito-na-ventilacao-mecanica-de-utis.jpg",1123,633,false]},"uagb_author_info":{"display_name":"admin-gvs","author_link":"https:\/\/www.gvs.com.br\/medtech\/author\/admin-gvs\/"},"uagb_comment_info":0,"uagb_excerpt":"Dec\u00fabito na ventila\u00e7\u00e3o mec\u00e2nica: garanta conforto para o seu paciente Descubra como aumentar a seguran\u00e7a dos enfermos durante os processos [&hellip;]","_links":{"self":[{"href":"https:\/\/www.gvs.com.br\/medtech\/wp-json\/wp\/v2\/posts\/897","targetHints":{"allow":["GET"]}}],"collection":[{"href":"https:\/\/www.gvs.com.br\/medtech\/wp-json\/wp\/v2\/posts"}],"about":[{"href":"https:\/\/www.gvs.com.br\/medtech\/wp-json\/wp\/v2\/types\/post"}],"author":[{"embeddable":true,"href":"https:\/\/www.gvs.com.br\/medtech\/wp-json\/wp\/v2\/users\/3"}],"replies":[{"embeddable":true,"href":"https:\/\/www.gvs.com.br\/medtech\/wp-json\/wp\/v2\/comments?post=897"}],"version-history":[{"count":2,"href":"https:\/\/www.gvs.com.br\/medtech\/wp-json\/wp\/v2\/posts\/897\/revisions"}],"predecessor-version":[{"id":1029,"href":"https:\/\/www.gvs.com.br\/medtech\/wp-json\/wp\/v2\/posts\/897\/revisions\/1029"}],"wp:featuredmedia":[{"embeddable":true,"href":"https:\/\/www.gvs.com.br\/medtech\/wp-json\/wp\/v2\/media\/898"}],"wp:attachment":[{"href":"https:\/\/www.gvs.com.br\/medtech\/wp-json\/wp\/v2\/media?parent=897"}],"wp:term":[{"taxonomy":"category","embeddable":true,"href":"https:\/\/www.gvs.com.br\/medtech\/wp-json\/wp\/v2\/categories?post=897"},{"taxonomy":"post_tag","embeddable":true,"href":"https:\/\/www.gvs.com.br\/medtech\/wp-json\/wp\/v2\/tags?post=897"}],"curies":[{"name":"wp","href":"https:\/\/api.w.org\/{rel}","templated":true}]}}