{"id":1069,"date":"2025-09-08T21:21:47","date_gmt":"2025-09-08T21:21:47","guid":{"rendered":"https:\/\/www.gvs.com.br\/medtech\/?p=1069"},"modified":"2025-09-09T18:05:49","modified_gmt":"2025-09-09T18:05:49","slug":"fisioterapia-respiratoria","status":"publish","type":"post","link":"https:\/\/www.gvs.com.br\/medtech\/2025\/09\/08\/fisioterapia-respiratoria\/","title":{"rendered":"Os equipamentos e as t\u00e9cnicas de fisioterapia respirat\u00f3ria"},"content":{"rendered":"\n<div class=\"wp-block-uagb-container uagb-block-97360a92 alignfull uagb-is-root-container\"><div class=\"uagb-container-inner-blocks-wrap\">\n<div class=\"wp-block-uagb-advanced-heading uagb-block-b5b418f7\"><h2 class=\"uagb-heading-text\"><strong>Os equipamentos e as t\u00e9cnicas de <\/strong><br><strong>fisioterapia respirat\u00f3ria<\/strong><\/h2><\/div>\n\n\n\n<p class=\"has-white-color has-text-color has-link-color wp-elements-bf0ccd5dee5305662c740217c849fa7e\"><strong>Veja como cuidar dos pulm\u00f5es dos pacientes<\/strong><\/p>\n<\/div><\/div>\n\n\n\n<p class=\"has-text-align-justify has-text-align-justify\"><\/p>\n\n\n\n<p>Dentro de sua ampla diversidade, o universo da terapia se mostra essencial em nossas vidas. Isso porque \u00e9 atrav\u00e9s dela que conseguimos prevenir e tratar diversos problemas, dos p\u00e9s ao pulm\u00e3o. Contudo, para que isso aconte\u00e7a, al\u00e9m de um profissional capacitado, outros fatores s\u00e3o preponderantes. No que diz respeito \u00e0 preven\u00e7\u00e3o e \u00e0 recupera\u00e7\u00e3o de disfun\u00e7\u00f5es pulmonares, os equipamentos e as t\u00e9cnicas de fisioterapia respirat\u00f3ria precisam ser adequados.<\/p>\n\n\n\n<p>No texto de hoje voc\u00ea vai conhecer mais sobre esses equipamentos e t\u00e9cnicas, entendendo mais sobre a fisioterapia respirat\u00f3ria e sua import\u00e2ncia, com base na mat\u00e9ria do blog&nbsp;<a href=\"https:\/\/www.shopfisio.com.br\/blog\/fisioterapia-respiratoria-para-profissionais-principais-tecnicas-e-equipamentos\"><strong>Shopfisio<\/strong><\/a>.<\/p>\n\n\n\n<h3 class=\"wp-block-heading has-ast-global-color-0-color has-text-color has-link-color wp-elements-1cbac253c6f0de0ee31da53653163350\">A fisioterapia respirat\u00f3ria<\/h3>\n\n\n\n<p>Seja para ajudar em situa\u00e7\u00f5es a curto prazo, como rinite e sinusite, por exemplo. Ou ent\u00e3o, para tratar doen\u00e7as cr\u00f4nicas, como asma, bronquite, enfisema, bronquiectasia, fibrose c\u00edstica, pneumonia, atelectasia.&nbsp;<strong>O objetivo dos equipamentos e das t\u00e9cnicas de fisioterapia respirat\u00f3ria \u00e9 reduzir os desconfortos dos pacientes.<\/strong><\/p>\n\n\n\n<h3 class=\"wp-block-heading has-ast-global-color-0-color has-text-color has-link-color wp-elements-926222d99f8dbba9dfc00b7c83dd464f\">T\u00e9cnicas de fisioterapia respirat\u00f3ria<\/h3>\n\n\n\n<p>As t\u00e9cnicas utilizadas s\u00e3o decididas a partir do quadro cl\u00ednico de cada paciente. Para cada caso, alguns tipos de procedimento s\u00e3o mais recomendados. Sendo assim, para obter os melhores resultados, \u00e9 fundamental que o fisioterapeuta avalie com cuidado cada caso, de modo a tra\u00e7ar as melhores estrat\u00e9gias para o tratamento.<\/p>\n\n\n\n<h3 class=\"wp-block-heading has-ast-global-color-0-color has-text-color has-link-color wp-elements-9b8dfd7f019f3d6d0eb861178d708743\">Exerc\u00edcios respirat\u00f3rios<\/h3>\n\n\n\n<p>Apesar de se demonstrarem simples,&nbsp;<strong>os exerc\u00edcios respirat\u00f3rios s\u00e3o de suma import\u00e2ncia para o tratamento de algumas doen\u00e7as<\/strong>, bem como a pneumonia severa e o ac\u00famulo de secre\u00e7\u00e3o pulmonar, que pode ocorrer ap\u00f3s cirurgias que requerem repouso absoluto, por exemplo.<\/p>\n\n\n\n<p>Nesses casos, portanto, o quadro do paciente \u00e9 analisado pelo fisioterapeuta, que supervisiona a execu\u00e7\u00e3o dos exerc\u00edcios indicados. Para contribuir para a melhor execu\u00e7\u00e3o dos exerc\u00edcios, dispositivos respirat\u00f3rios costumam ser usados. Como por exemplo:<\/p>\n\n\n\n<ul class=\"wp-block-list\">\n<li>incentivadores respirat\u00f3rios: podem ser classificados por fluxo ou por volume (que mensura volumes inspirados durante o exerc\u00edcio);<\/li>\n\n\n\n<li>terapia com press\u00e3o positiva: utiliza dispositivos que mant\u00e9m o pulm\u00e3o expandido durante o exerc\u00edcio, a partir da gera\u00e7\u00e3o de fluxo de ar ou por resist\u00eancia de orif\u00edcio.<\/li>\n<\/ul>\n\n\n\n<h3 class=\"wp-block-heading has-ast-global-color-0-color has-text-color has-link-color wp-elements-b2a02d13367b47613e6ad0575befb83f\">Higiene br\u00f4nquica<\/h3>\n\n\n\n<p>Algumas pessoas ret\u00e9m secre\u00e7\u00e3o e buscam facilitar sua mobiliza\u00e7\u00e3o e elimina\u00e7\u00e3o, atrav\u00e9s da tosse. Elas tamb\u00e9m costumam ser encaminhados \u00e0 fisioterapia respirat\u00f3ria, mas com a recomenda\u00e7\u00e3o espec\u00edfica da higiene br\u00f4nquica.<\/p>\n\n\n\n<p>Como o nome sugere, a higiene br\u00f4nquica trata-se da limpeza do sistema respirat\u00f3rio. E, para execut\u00e1-la, as t\u00e9cnicas utilizadas s\u00e3o as seguintes:<\/p>\n\n\n\n<ul class=\"wp-block-list\">\n<li><strong>drenagem postural<\/strong>: onde o posicionamento do paciente se aproveita da gravidade, favorecendo a drenagem da secre\u00e7\u00e3o;<\/li>\n\n\n\n<li><strong>manobras manuais<\/strong>: onde s\u00e3o utilizadas t\u00e9cnicas como a percuss\u00e3o, a vibrocompress\u00e3o e a tosse assistida;<\/li>\n\n\n\n<li><strong>expira\u00e7\u00e3o com press\u00e3o positiva<\/strong>: conta com dispositivos capazes de exercer press\u00e3o expirat\u00f3ria. Desse modo, a elimina\u00e7\u00e3o da secre\u00e7\u00e3o via tosse \u00e9 facilitada.<\/li>\n<\/ul>\n\n\n\n<figure class=\"wp-block-image aligncenter size-large\"><img loading=\"lazy\" decoding=\"async\" width=\"1024\" height=\"323\" src=\"https:\/\/www.gvs.com.br\/medtech\/wp-content\/uploads\/2025\/09\/meio-me-tecnica-de-fisioterapia-respiratoria-1024x323.jpg\" alt=\"\" class=\"wp-image-1071\" srcset=\"https:\/\/www.gvs.com.br\/medtech\/wp-content\/uploads\/2025\/09\/meio-me-tecnica-de-fisioterapia-respiratoria-1024x323.jpg 1024w, https:\/\/www.gvs.com.br\/medtech\/wp-content\/uploads\/2025\/09\/meio-me-tecnica-de-fisioterapia-respiratoria-300x95.jpg 300w, https:\/\/www.gvs.com.br\/medtech\/wp-content\/uploads\/2025\/09\/meio-me-tecnica-de-fisioterapia-respiratoria-768x242.jpg 768w, https:\/\/www.gvs.com.br\/medtech\/wp-content\/uploads\/2025\/09\/meio-me-tecnica-de-fisioterapia-respiratoria.jpg 1110w\" sizes=\"auto, (max-width: 1024px) 100vw, 1024px\" \/><\/figure>\n\n\n\n<h2 class=\"wp-block-heading has-ast-global-color-0-color has-text-color has-link-color wp-elements-2d1b8ea4354cd7b36cc37a177a8fcff3\">Equipamentos para fisioterapia respirat\u00f3ria<\/h2>\n\n\n\n<h3 class=\"wp-block-heading has-ast-global-color-0-color has-text-color has-link-color wp-elements-3d2416c45748d09bfa640a80b2d79437\">Filtro eletrost\u00e1tico<\/h3>\n\n\n\n<p>Possui uma membrana eletrost\u00e1tica projetada para filtrar com alta capacidade e n\u00e3o causar resist\u00eancia ao fluxo de respira\u00e7\u00e3o. Dessa forma, \u00e9 uma solu\u00e7\u00e3o econ\u00f4mica para quem busca um&nbsp;<strong>filtro antibacteriano\/viral&nbsp;<\/strong>simples e eficaz.<\/p>\n\n\n\n<p>Sendo assim, ele \u00e9 facilmente manuse\u00e1vel, gra\u00e7as a sua forma arredondada, e \u00e9 uma \u00f3tima alternativa para procedimentos anest\u00e9sicos curtos, com utiliza\u00e7\u00e3o de at\u00e9 24 horas para um paciente.<\/p>\n\n\n\n<p><a href=\"https:\/\/www.gvs.com.br\/medtech\/produtos-eletrostaticos\/\" target=\"_blank\" rel=\"noreferrer noopener\"><strong>Os filtros eletrost\u00e1ticos est\u00e3o dispon\u00edveis<\/strong><\/a>&nbsp;nos seguintes modelos, nas vers\u00f5es adulto e pedi\u00e1trico:<\/p>\n\n\n\n<ul class=\"wp-block-list\">\n<li>1 \u2013 Filtro Eletrost\u00e1tico Adulto para CIPAP \/ BPAP;<\/li>\n\n\n\n<li>2 \u2013 Filtro Eletrost\u00e1tico Adulto FlowBac com acesso Capn\u00f3grafo.<\/li>\n\n\n\n<li>3 \u2013 Filtro Eletrost\u00e1tico Adulto com acesso Capn\u00f3grafo.<\/li>\n<\/ul>\n\n\n\n<h3 class=\"wp-block-heading has-ast-global-color-0-color has-text-color has-link-color wp-elements-88e00248d200c33d2da499f7cd297e30\">Filtros Hepa Plissado<\/h3>\n\n\n\n<p>S\u00e3o filtros mec\u00e2nicos, que contam com uma&nbsp;<strong>membrana hidrof\u00f3bica<\/strong>, feita a partir de microfibras cer\u00e2micas plissadas. Dessa forma, a superf\u00edcie filtrante aumenta, e, consecutivamente, o filtro apresenta menor resist\u00eancia ao fluxo e maior tempo de vida \u00fatil, gra\u00e7as a sua maior \u00e1rea de filtra\u00e7\u00e3o.<\/p>\n\n\n\n<p>S\u00e3o \u00fateis em anestesias e terapia intensiva, permitem economias na gest\u00e3o de equipamentos quando usados com sabedoria, j\u00e1 que protegem o paciente e os dispositivos de ventila\u00e7\u00e3o da contamina\u00e7\u00e3o cruzada no circuito respirat\u00f3rio, evitando danos e estendendo o seu tempo de vida \u00fatil.<\/p>\n\n\n\n<p>Possui um per\u00edodo de&nbsp;<strong>utiliza\u00e7\u00e3o de 48 horas<\/strong>&nbsp;para um paciente.<\/p>\n\n\n\n<p><a href=\"https:\/\/prihdesigner.com.br\/backupgvs\/categoria-produto\/healthcare-air-gas\/?swoof=1&amp;product_cat=hepa&amp;paged=1&amp;really_curr_tax=17-product_cat\"><strong>Os filtros Hepa Plissados est\u00e3o dispon\u00edveis<\/strong><\/a>&nbsp;nos seguintes modelos:<\/p>\n\n\n\n<ul class=\"wp-block-list\">\n<li>Filtros Hepa Plissado Conex\u00e3o Angular;<\/li>\n\n\n\n<li>Filtro Hepa Plissado Conex\u00e3o Reta;<\/li>\n\n\n\n<li>Filtros Hepa Plissado Trocador de Calor e Umidade.<\/li>\n<\/ul>\n\n\n\n<h3 class=\"wp-block-heading has-ast-global-color-0-color has-text-color has-link-color wp-elements-e863624819633445e5c884b11402aa2f\">HMEF Filtro Trocador de Calor e Umidade<\/h3>\n\n\n\n<p>\u00c9 respons\u00e1vel por realizar a troca de calor e umidade em pacientes. \u00c9 utilizado em anestesias, ventila\u00e7\u00e3o assistida, terapia intensiva ou cirurgia.<br>Ele ret\u00e9m a umidade e calor presentes no ar expirado.<\/p>\n\n\n\n<p>Em seguida eles s\u00e3o liberados, fornecendo aquecimento e umidifica\u00e7\u00e3o dos gases inspirados de volta. Dessa forma, os pacientes mant\u00eam seu&nbsp;<strong>sistema respirat\u00f3rio umedecido<\/strong>, evitando ressecamento e sangramentos.<\/p>\n\n\n\n<p><a href=\"https:\/\/www.gvs.com.br\/medtech\/produtos-hmef\/\" target=\"_blank\" rel=\"noreferrer noopener\"><strong>Os filtros HMEF est\u00e3o dispon\u00edveis<\/strong><\/a>&nbsp;nos seguintes modelos, nas vers\u00f5es adulto e pedi\u00e1trico:<\/p>\n\n\n\n<ul class=\"wp-block-list\">\n<li>1 \u2013 Filtro HMEF Trocador de Calor e Umidade Adulto;<\/li>\n\n\n\n<li>2 \u2013 Filtro HMEF Trocador de Calor e Umidade Pedi\u00e1trico;<\/li>\n\n\n\n<li>3 \u2013 Filtro HMEF Trocador de Calor e Umidade Neonatal.<\/li>\n<\/ul>\n\n\n\n<p>A linha Medical da GVS tamb\u00e9m conta com outros produtos, que s\u00e3o:<\/p>\n\n\n\n<ul class=\"wp-block-list\">\n<li>Cathether Mounts, s\u00e3o conectores extens\u00edveis que permitem maior conforto ao paciente. Isso porque ele absorve a tra\u00e7\u00e3o e tor\u00e7\u00e3o vinda do circuito de ventila\u00e7\u00e3o;<\/li>\n\n\n\n<li>HME Traqueostomia, \u00e9 o HME especial para pacientes traqueostomizados com respira\u00e7\u00e3o espont\u00e2nea;<\/li>\n\n\n\n<li>Filtro eletrost\u00e1tico para espirometria (Prova de Fun\u00e7\u00e3o Pulmonar);<\/li>\n\n\n\n<li>Bocal convencional e flex\u00edvel para os filtros eletrost\u00e1ticos para espirometria;<\/li>\n\n\n\n<li>Clip nasal.<\/li>\n<\/ul>\n\n\n\n<p>Neste texto voc\u00ea p\u00f4de conhecer mais sobre os equipamentos e as t\u00e9cnicas de fisioterapia respirat\u00f3ria. Quer aprender mais? Ent\u00e3o leia a nossa mat\u00e9ria sobre a\u00a0<strong><a href=\"https:\/\/www.gvs.com.br\/medtech\/2025\/09\/08\/pneumologia-na-ventilacao-mecanica\/\" target=\"_blank\" rel=\"noreferrer noopener\">Pneumologia na Ventila\u00e7\u00e3o Mec\u00e2nica<\/a><\/strong>!<\/p>\n\n\n\n<div class=\"wp-block-uagb-separator uagb-block-ea6e94c0\"><div class=\"uagb-separator-spacing-wrapper\"><div class=\"wp-block-uagb-separator__inner\" style=\"--my-background-image:\"><\/div><\/div><\/div>\n\n\n\n<div class=\"wp-block-uagb-call-to-action uagb-block-9987562e wp-block-button\"><div class=\"uagb-cta__wrap\"><h3 class=\"uagb-cta__title\">Gostou do conte\u00fado?<\/h3><p class=\"uagb-cta__desc\">Entre em nosso blog e leia mais artigos como esse!<\/p><\/div><div class=\"uagb-cta__buttons\"><a href=\"https:\/\/gvs.com.br\/medtech\/blog\/\" class=\"uagb-cta__button-link-wrapper wp-block-button__link\" target=\"_self\" rel=\"noopener noreferrer\">Acesse<\/a><\/div><\/div>\n\n\n\n<div class=\"wp-block-uagb-separator uagb-block-89841de0\"><div class=\"uagb-separator-spacing-wrapper\"><div class=\"wp-block-uagb-separator__inner\" style=\"--my-background-image:\"><\/div><\/div><\/div>\n\n\n\n<div class=\"wp-block-uagb-call-to-action uagb-block-767538e5 wp-block-button\"><div class=\"uagb-cta__wrap\"><h3 class=\"uagb-cta__title\">Fale com a gente!<\/h3><p class=\"uagb-cta__desc\">Entre em contato com o nosso time hoje mesmo, esclare\u00e7a as suas d\u00favidas e&nbsp;<strong>solicite a sua cota\u00e7\u00e3o!<\/strong><\/p><\/div><div class=\"uagb-cta__buttons\"><a href=\"https:\/\/wa.me\/5519991369490\" class=\"uagb-cta__button-link-wrapper wp-block-button__link\" target=\"_blank\" rel=\"noopener noreferrer\"><svg xmlns=\"https:\/\/www.w3.org\/2000\/svg\" viewBox=\"0 0 448 512\"><path d=\"M380.9 97.1C339 55.1 283.2 32 223.9 32c-122.4 0-222 99.6-222 222 0 39.1 10.2 77.3 29.6 111L0 480l117.7-30.9c32.4 17.7 68.9 27 106.1 27h.1c122.3 0 224.1-99.6 224.1-222 0-59.3-25.2-115-67.1-157zm-157 341.6c-33.2 0-65.7-8.9-94-25.7l-6.7-4-69.8 18.3L72 359.2l-4.4-7c-18.5-29.4-28.2-63.3-28.2-98.2 0-101.7 82.8-184.5 184.6-184.5 49.3 0 95.6 19.2 130.4 54.1 34.8 34.9 56.2 81.2 56.1 130.5 0 101.8-84.9 184.6-186.6 184.6zm101.2-138.2c-5.5-2.8-32.8-16.2-37.9-18-5.1-1.9-8.8-2.8-12.5 2.8-3.7 5.6-14.3 18-17.6 21.8-3.2 3.7-6.5 4.2-12 1.4-32.6-16.3-54-29.1-75.5-66-5.7-9.8 5.7-9.1 16.3-30.3 1.8-3.7 .9-6.9-.5-9.7-1.4-2.8-12.5-30.1-17.1-41.2-4.5-10.8-9.1-9.3-12.5-9.5-3.2-.2-6.9-.2-10.6-.2-3.7 0-9.7 1.4-14.8 6.9-5.1 5.6-19.4 19-19.4 46.3 0 27.3 19.9 53.7 22.6 57.4 2.8 3.7 39.1 59.7 94.8 83.8 35.2 15.2 49 16.5 66.6 13.9 10.7-1.6 32.8-13.4 37.4-26.4 4.6-13 4.6-24.1 3.2-26.4-1.3-2.5-5-3.9-10.5-6.6z\"><\/path><\/svg>WhatsApp<\/a><\/div><\/div>\n\n\n\n<p><\/p>\n","protected":false},"excerpt":{"rendered":"<p>Os equipamentos e as t\u00e9cnicas de fisioterapia respirat\u00f3ria Veja como cuidar dos pulm\u00f5es dos pacientes Dentro de sua ampla diversidade, [&hellip;]<\/p>\n","protected":false},"author":3,"featured_media":1070,"comment_status":"open","ping_status":"open","sticky":false,"template":"","format":"standard","meta":{"_uag_custom_page_level_css":"","site-sidebar-layout":"default","site-content-layout":"","ast-site-content-layout":"default","site-content-style":"default","site-sidebar-style":"default","ast-global-header-display":"","ast-banner-title-visibility":"","ast-main-header-display":"","ast-hfb-above-header-display":"","ast-hfb-below-header-display":"","ast-hfb-mobile-header-display":"","site-post-title":"disabled","ast-breadcrumbs-content":"","ast-featured-img":"disabled","footer-sml-layout":"","ast-disable-related-posts":"","theme-transparent-header-meta":"","adv-header-id-meta":"","stick-header-meta":"","header-above-stick-meta":"","header-main-stick-meta":"","header-below-stick-meta":"","astra-migrate-meta-layouts":"default","ast-page-background-enabled":"default","ast-page-background-meta":{"desktop":{"background-color":"var(--ast-global-color-4)","background-image":"","background-repeat":"repeat","background-position":"center center","background-size":"auto","background-attachment":"scroll","background-type":"","background-media":"","overlay-type":"","overlay-color":"","overlay-opacity":"","overlay-gradient":""},"tablet":{"background-color":"","background-image":"","background-repeat":"repeat","background-position":"center center","background-size":"auto","background-attachment":"scroll","background-type":"","background-media":"","overlay-type":"","overlay-color":"","overlay-opacity":"","overlay-gradient":""},"mobile":{"background-color":"","background-image":"","background-repeat":"repeat","background-position":"center center","background-size":"auto","background-attachment":"scroll","background-type":"","background-media":"","overlay-type":"","overlay-color":"","overlay-opacity":"","overlay-gradient":""}},"ast-content-background-meta":{"desktop":{"background-color":"var(--ast-global-color-5)","background-image":"","background-repeat":"repeat","background-position":"center center","background-size":"auto","background-attachment":"scroll","background-type":"","background-media":"","overlay-type":"","overlay-color":"","overlay-opacity":"","overlay-gradient":""},"tablet":{"background-color":"var(--ast-global-color-5)","background-image":"","background-repeat":"repeat","background-position":"center center","background-size":"auto","background-attachment":"scroll","background-type":"","background-media":"","overlay-type":"","overlay-color":"","overlay-opacity":"","overlay-gradient":""},"mobile":{"background-color":"var(--ast-global-color-5)","background-image":"","background-repeat":"repeat","background-position":"center center","background-size":"auto","background-attachment":"scroll","background-type":"","background-media":"","overlay-type":"","overlay-color":"","overlay-opacity":"","overlay-gradient":""}},"footnotes":""},"categories":[8,7],"tags":[21,22],"class_list":["post-1069","post","type-post","status-publish","format-standard","has-post-thumbnail","hentry","category-gvs","category-medtech","tag-equipamentos-medicos","tag-produtos-hospitalares"],"yoast_head":"<!-- This site is optimized with the Yoast SEO plugin v27.5 - https:\/\/yoast.com\/product\/yoast-seo-wordpress\/ -->\n<title>Fisioterapia Respirat\u00f3ria<\/title>\n<meta name=\"description\" content=\"Os equipamentos GVS e as t\u00e9cnicas de fisioterapia respirat\u00f3ria. Veja como cuidar dos pulm\u00f5es dos pacientes.\" \/>\n<meta name=\"robots\" content=\"index, follow, max-snippet:-1, max-image-preview:large, max-video-preview:-1\" \/>\n<link rel=\"canonical\" href=\"https:\/\/www.gvs.com.br\/medtech\/2025\/09\/08\/fisioterapia-respiratoria\/\" \/>\n<meta property=\"og:locale\" content=\"pt_BR\" \/>\n<meta property=\"og:type\" content=\"article\" \/>\n<meta property=\"og:title\" content=\"Fisioterapia Respirat\u00f3ria\" \/>\n<meta property=\"og:description\" content=\"Os equipamentos GVS e as t\u00e9cnicas de fisioterapia respirat\u00f3ria. Veja como cuidar dos pulm\u00f5es dos pacientes.\" \/>\n<meta property=\"og:url\" content=\"https:\/\/www.gvs.com.br\/medtech\/2025\/09\/08\/fisioterapia-respiratoria\/\" \/>\n<meta property=\"og:site_name\" content=\"MedTech\" \/>\n<meta property=\"article:published_time\" content=\"2025-09-08T21:21:47+00:00\" \/>\n<meta property=\"article:modified_time\" content=\"2025-09-09T18:05:49+00:00\" \/>\n<meta property=\"og:image\" content=\"https:\/\/www.gvs.com.br\/medtech\/wp-content\/uploads\/2025\/09\/topo-me-tecnica-de-fisioterapia-respiratoria.jpg\" \/>\n\t<meta property=\"og:image:width\" content=\"1123\" \/>\n\t<meta property=\"og:image:height\" content=\"633\" \/>\n\t<meta property=\"og:image:type\" content=\"image\/jpeg\" \/>\n<meta name=\"author\" content=\"admin-gvs\" \/>\n<meta name=\"twitter:card\" content=\"summary_large_image\" \/>\n<meta name=\"twitter:label1\" content=\"Escrito por\" \/>\n\t<meta name=\"twitter:data1\" content=\"admin-gvs\" \/>\n\t<meta name=\"twitter:label2\" content=\"Est. tempo de leitura\" \/>\n\t<meta name=\"twitter:data2\" content=\"6 minutos\" \/>\n<script type=\"application\/ld+json\" class=\"yoast-schema-graph\">{\"@context\":\"https:\\\/\\\/schema.org\",\"@graph\":[{\"@type\":\"Article\",\"@id\":\"https:\\\/\\\/www.gvs.com.br\\\/medtech\\\/2025\\\/09\\\/08\\\/fisioterapia-respiratoria\\\/#article\",\"isPartOf\":{\"@id\":\"https:\\\/\\\/www.gvs.com.br\\\/medtech\\\/2025\\\/09\\\/08\\\/fisioterapia-respiratoria\\\/\"},\"author\":{\"name\":\"admin-gvs\",\"@id\":\"https:\\\/\\\/www.gvs.com.br\\\/medtech\\\/#\\\/schema\\\/person\\\/93f5a042f2130ba3dc092e8229ec0d0a\"},\"headline\":\"Os equipamentos e as t\u00e9cnicas de fisioterapia respirat\u00f3ria\",\"datePublished\":\"2025-09-08T21:21:47+00:00\",\"dateModified\":\"2025-09-09T18:05:49+00:00\",\"mainEntityOfPage\":{\"@id\":\"https:\\\/\\\/www.gvs.com.br\\\/medtech\\\/2025\\\/09\\\/08\\\/fisioterapia-respiratoria\\\/\"},\"wordCount\":1076,\"commentCount\":0,\"publisher\":{\"@id\":\"https:\\\/\\\/www.gvs.com.br\\\/medtech\\\/#organization\"},\"image\":{\"@id\":\"https:\\\/\\\/www.gvs.com.br\\\/medtech\\\/2025\\\/09\\\/08\\\/fisioterapia-respiratoria\\\/#primaryimage\"},\"thumbnailUrl\":\"https:\\\/\\\/www.gvs.com.br\\\/medtech\\\/wp-content\\\/uploads\\\/2025\\\/09\\\/topo-me-tecnica-de-fisioterapia-respiratoria.jpg\",\"keywords\":[\"Equipamentos m\u00e9dicos\",\"Produtos hospitalares\"],\"articleSection\":[\"GVS\",\"MedTech\"],\"inLanguage\":\"pt-BR\",\"potentialAction\":[{\"@type\":\"CommentAction\",\"name\":\"Comment\",\"target\":[\"https:\\\/\\\/www.gvs.com.br\\\/medtech\\\/2025\\\/09\\\/08\\\/fisioterapia-respiratoria\\\/#respond\"]}]},{\"@type\":\"WebPage\",\"@id\":\"https:\\\/\\\/www.gvs.com.br\\\/medtech\\\/2025\\\/09\\\/08\\\/fisioterapia-respiratoria\\\/\",\"url\":\"https:\\\/\\\/www.gvs.com.br\\\/medtech\\\/2025\\\/09\\\/08\\\/fisioterapia-respiratoria\\\/\",\"name\":\"Fisioterapia Respirat\u00f3ria\",\"isPartOf\":{\"@id\":\"https:\\\/\\\/www.gvs.com.br\\\/medtech\\\/#website\"},\"primaryImageOfPage\":{\"@id\":\"https:\\\/\\\/www.gvs.com.br\\\/medtech\\\/2025\\\/09\\\/08\\\/fisioterapia-respiratoria\\\/#primaryimage\"},\"image\":{\"@id\":\"https:\\\/\\\/www.gvs.com.br\\\/medtech\\\/2025\\\/09\\\/08\\\/fisioterapia-respiratoria\\\/#primaryimage\"},\"thumbnailUrl\":\"https:\\\/\\\/www.gvs.com.br\\\/medtech\\\/wp-content\\\/uploads\\\/2025\\\/09\\\/topo-me-tecnica-de-fisioterapia-respiratoria.jpg\",\"datePublished\":\"2025-09-08T21:21:47+00:00\",\"dateModified\":\"2025-09-09T18:05:49+00:00\",\"description\":\"Os equipamentos GVS e as t\u00e9cnicas de fisioterapia respirat\u00f3ria. Veja como cuidar dos pulm\u00f5es dos pacientes.\",\"breadcrumb\":{\"@id\":\"https:\\\/\\\/www.gvs.com.br\\\/medtech\\\/2025\\\/09\\\/08\\\/fisioterapia-respiratoria\\\/#breadcrumb\"},\"inLanguage\":\"pt-BR\",\"potentialAction\":[{\"@type\":\"ReadAction\",\"target\":[\"https:\\\/\\\/www.gvs.com.br\\\/medtech\\\/2025\\\/09\\\/08\\\/fisioterapia-respiratoria\\\/\"]}]},{\"@type\":\"ImageObject\",\"inLanguage\":\"pt-BR\",\"@id\":\"https:\\\/\\\/www.gvs.com.br\\\/medtech\\\/2025\\\/09\\\/08\\\/fisioterapia-respiratoria\\\/#primaryimage\",\"url\":\"https:\\\/\\\/www.gvs.com.br\\\/medtech\\\/wp-content\\\/uploads\\\/2025\\\/09\\\/topo-me-tecnica-de-fisioterapia-respiratoria.jpg\",\"contentUrl\":\"https:\\\/\\\/www.gvs.com.br\\\/medtech\\\/wp-content\\\/uploads\\\/2025\\\/09\\\/topo-me-tecnica-de-fisioterapia-respiratoria.jpg\",\"width\":1123,\"height\":633},{\"@type\":\"BreadcrumbList\",\"@id\":\"https:\\\/\\\/www.gvs.com.br\\\/medtech\\\/2025\\\/09\\\/08\\\/fisioterapia-respiratoria\\\/#breadcrumb\",\"itemListElement\":[{\"@type\":\"ListItem\",\"position\":1,\"name\":\"In\u00edcio\",\"item\":\"https:\\\/\\\/www.gvs.com.br\\\/medtech\\\/\"},{\"@type\":\"ListItem\",\"position\":2,\"name\":\"Os equipamentos e as t\u00e9cnicas de fisioterapia respirat\u00f3ria\"}]},{\"@type\":\"WebSite\",\"@id\":\"https:\\\/\\\/www.gvs.com.br\\\/medtech\\\/#website\",\"url\":\"https:\\\/\\\/www.gvs.com.br\\\/medtech\\\/\",\"name\":\"MedTech\",\"description\":\"\",\"publisher\":{\"@id\":\"https:\\\/\\\/www.gvs.com.br\\\/medtech\\\/#organization\"},\"potentialAction\":[{\"@type\":\"SearchAction\",\"target\":{\"@type\":\"EntryPoint\",\"urlTemplate\":\"https:\\\/\\\/www.gvs.com.br\\\/medtech\\\/?s={search_term_string}\"},\"query-input\":{\"@type\":\"PropertyValueSpecification\",\"valueRequired\":true,\"valueName\":\"search_term_string\"}}],\"inLanguage\":\"pt-BR\"},{\"@type\":\"Organization\",\"@id\":\"https:\\\/\\\/www.gvs.com.br\\\/medtech\\\/#organization\",\"name\":\"MedTech\",\"url\":\"https:\\\/\\\/www.gvs.com.br\\\/medtech\\\/\",\"logo\":{\"@type\":\"ImageObject\",\"inLanguage\":\"pt-BR\",\"@id\":\"https:\\\/\\\/www.gvs.com.br\\\/medtech\\\/#\\\/schema\\\/logo\\\/image\\\/\",\"url\":\"https:\\\/\\\/www.gvs.com.br\\\/medtech\\\/wp-content\\\/uploads\\\/2024\\\/12\\\/logo-gvs.png\",\"contentUrl\":\"https:\\\/\\\/www.gvs.com.br\\\/medtech\\\/wp-content\\\/uploads\\\/2024\\\/12\\\/logo-gvs.png\",\"width\":334,\"height\":201,\"caption\":\"MedTech\"},\"image\":{\"@id\":\"https:\\\/\\\/www.gvs.com.br\\\/medtech\\\/#\\\/schema\\\/logo\\\/image\\\/\"}},{\"@type\":\"Person\",\"@id\":\"https:\\\/\\\/www.gvs.com.br\\\/medtech\\\/#\\\/schema\\\/person\\\/93f5a042f2130ba3dc092e8229ec0d0a\",\"name\":\"admin-gvs\",\"image\":{\"@type\":\"ImageObject\",\"inLanguage\":\"pt-BR\",\"@id\":\"https:\\\/\\\/secure.gravatar.com\\\/avatar\\\/753807cf2c24e7c5051446eb4fc6c55657714e911f26a29329d9dc501ae35121?s=96&d=mm&r=g\",\"url\":\"https:\\\/\\\/secure.gravatar.com\\\/avatar\\\/753807cf2c24e7c5051446eb4fc6c55657714e911f26a29329d9dc501ae35121?s=96&d=mm&r=g\",\"contentUrl\":\"https:\\\/\\\/secure.gravatar.com\\\/avatar\\\/753807cf2c24e7c5051446eb4fc6c55657714e911f26a29329d9dc501ae35121?s=96&d=mm&r=g\",\"caption\":\"admin-gvs\"},\"url\":\"https:\\\/\\\/www.gvs.com.br\\\/medtech\\\/author\\\/admin-gvs\\\/\"}]}<\/script>\n<!-- \/ Yoast SEO plugin. -->","yoast_head_json":{"title":"Fisioterapia Respirat\u00f3ria","description":"Os equipamentos GVS e as t\u00e9cnicas de fisioterapia respirat\u00f3ria. Veja como cuidar dos pulm\u00f5es dos pacientes.","robots":{"index":"index","follow":"follow","max-snippet":"max-snippet:-1","max-image-preview":"max-image-preview:large","max-video-preview":"max-video-preview:-1"},"canonical":"https:\/\/www.gvs.com.br\/medtech\/2025\/09\/08\/fisioterapia-respiratoria\/","og_locale":"pt_BR","og_type":"article","og_title":"Fisioterapia Respirat\u00f3ria","og_description":"Os equipamentos GVS e as t\u00e9cnicas de fisioterapia respirat\u00f3ria. Veja como cuidar dos pulm\u00f5es dos pacientes.","og_url":"https:\/\/www.gvs.com.br\/medtech\/2025\/09\/08\/fisioterapia-respiratoria\/","og_site_name":"MedTech","article_published_time":"2025-09-08T21:21:47+00:00","article_modified_time":"2025-09-09T18:05:49+00:00","og_image":[{"width":1123,"height":633,"url":"https:\/\/www.gvs.com.br\/medtech\/wp-content\/uploads\/2025\/09\/topo-me-tecnica-de-fisioterapia-respiratoria.jpg","type":"image\/jpeg"}],"author":"admin-gvs","twitter_card":"summary_large_image","twitter_misc":{"Escrito por":"admin-gvs","Est. tempo de leitura":"6 minutos"},"schema":{"@context":"https:\/\/schema.org","@graph":[{"@type":"Article","@id":"https:\/\/www.gvs.com.br\/medtech\/2025\/09\/08\/fisioterapia-respiratoria\/#article","isPartOf":{"@id":"https:\/\/www.gvs.com.br\/medtech\/2025\/09\/08\/fisioterapia-respiratoria\/"},"author":{"name":"admin-gvs","@id":"https:\/\/www.gvs.com.br\/medtech\/#\/schema\/person\/93f5a042f2130ba3dc092e8229ec0d0a"},"headline":"Os equipamentos e as t\u00e9cnicas de fisioterapia respirat\u00f3ria","datePublished":"2025-09-08T21:21:47+00:00","dateModified":"2025-09-09T18:05:49+00:00","mainEntityOfPage":{"@id":"https:\/\/www.gvs.com.br\/medtech\/2025\/09\/08\/fisioterapia-respiratoria\/"},"wordCount":1076,"commentCount":0,"publisher":{"@id":"https:\/\/www.gvs.com.br\/medtech\/#organization"},"image":{"@id":"https:\/\/www.gvs.com.br\/medtech\/2025\/09\/08\/fisioterapia-respiratoria\/#primaryimage"},"thumbnailUrl":"https:\/\/www.gvs.com.br\/medtech\/wp-content\/uploads\/2025\/09\/topo-me-tecnica-de-fisioterapia-respiratoria.jpg","keywords":["Equipamentos m\u00e9dicos","Produtos hospitalares"],"articleSection":["GVS","MedTech"],"inLanguage":"pt-BR","potentialAction":[{"@type":"CommentAction","name":"Comment","target":["https:\/\/www.gvs.com.br\/medtech\/2025\/09\/08\/fisioterapia-respiratoria\/#respond"]}]},{"@type":"WebPage","@id":"https:\/\/www.gvs.com.br\/medtech\/2025\/09\/08\/fisioterapia-respiratoria\/","url":"https:\/\/www.gvs.com.br\/medtech\/2025\/09\/08\/fisioterapia-respiratoria\/","name":"Fisioterapia Respirat\u00f3ria","isPartOf":{"@id":"https:\/\/www.gvs.com.br\/medtech\/#website"},"primaryImageOfPage":{"@id":"https:\/\/www.gvs.com.br\/medtech\/2025\/09\/08\/fisioterapia-respiratoria\/#primaryimage"},"image":{"@id":"https:\/\/www.gvs.com.br\/medtech\/2025\/09\/08\/fisioterapia-respiratoria\/#primaryimage"},"thumbnailUrl":"https:\/\/www.gvs.com.br\/medtech\/wp-content\/uploads\/2025\/09\/topo-me-tecnica-de-fisioterapia-respiratoria.jpg","datePublished":"2025-09-08T21:21:47+00:00","dateModified":"2025-09-09T18:05:49+00:00","description":"Os equipamentos GVS e as t\u00e9cnicas de fisioterapia respirat\u00f3ria. Veja como cuidar dos pulm\u00f5es dos pacientes.","breadcrumb":{"@id":"https:\/\/www.gvs.com.br\/medtech\/2025\/09\/08\/fisioterapia-respiratoria\/#breadcrumb"},"inLanguage":"pt-BR","potentialAction":[{"@type":"ReadAction","target":["https:\/\/www.gvs.com.br\/medtech\/2025\/09\/08\/fisioterapia-respiratoria\/"]}]},{"@type":"ImageObject","inLanguage":"pt-BR","@id":"https:\/\/www.gvs.com.br\/medtech\/2025\/09\/08\/fisioterapia-respiratoria\/#primaryimage","url":"https:\/\/www.gvs.com.br\/medtech\/wp-content\/uploads\/2025\/09\/topo-me-tecnica-de-fisioterapia-respiratoria.jpg","contentUrl":"https:\/\/www.gvs.com.br\/medtech\/wp-content\/uploads\/2025\/09\/topo-me-tecnica-de-fisioterapia-respiratoria.jpg","width":1123,"height":633},{"@type":"BreadcrumbList","@id":"https:\/\/www.gvs.com.br\/medtech\/2025\/09\/08\/fisioterapia-respiratoria\/#breadcrumb","itemListElement":[{"@type":"ListItem","position":1,"name":"In\u00edcio","item":"https:\/\/www.gvs.com.br\/medtech\/"},{"@type":"ListItem","position":2,"name":"Os equipamentos e as t\u00e9cnicas de fisioterapia respirat\u00f3ria"}]},{"@type":"WebSite","@id":"https:\/\/www.gvs.com.br\/medtech\/#website","url":"https:\/\/www.gvs.com.br\/medtech\/","name":"MedTech","description":"","publisher":{"@id":"https:\/\/www.gvs.com.br\/medtech\/#organization"},"potentialAction":[{"@type":"SearchAction","target":{"@type":"EntryPoint","urlTemplate":"https:\/\/www.gvs.com.br\/medtech\/?s={search_term_string}"},"query-input":{"@type":"PropertyValueSpecification","valueRequired":true,"valueName":"search_term_string"}}],"inLanguage":"pt-BR"},{"@type":"Organization","@id":"https:\/\/www.gvs.com.br\/medtech\/#organization","name":"MedTech","url":"https:\/\/www.gvs.com.br\/medtech\/","logo":{"@type":"ImageObject","inLanguage":"pt-BR","@id":"https:\/\/www.gvs.com.br\/medtech\/#\/schema\/logo\/image\/","url":"https:\/\/www.gvs.com.br\/medtech\/wp-content\/uploads\/2024\/12\/logo-gvs.png","contentUrl":"https:\/\/www.gvs.com.br\/medtech\/wp-content\/uploads\/2024\/12\/logo-gvs.png","width":334,"height":201,"caption":"MedTech"},"image":{"@id":"https:\/\/www.gvs.com.br\/medtech\/#\/schema\/logo\/image\/"}},{"@type":"Person","@id":"https:\/\/www.gvs.com.br\/medtech\/#\/schema\/person\/93f5a042f2130ba3dc092e8229ec0d0a","name":"admin-gvs","image":{"@type":"ImageObject","inLanguage":"pt-BR","@id":"https:\/\/secure.gravatar.com\/avatar\/753807cf2c24e7c5051446eb4fc6c55657714e911f26a29329d9dc501ae35121?s=96&d=mm&r=g","url":"https:\/\/secure.gravatar.com\/avatar\/753807cf2c24e7c5051446eb4fc6c55657714e911f26a29329d9dc501ae35121?s=96&d=mm&r=g","contentUrl":"https:\/\/secure.gravatar.com\/avatar\/753807cf2c24e7c5051446eb4fc6c55657714e911f26a29329d9dc501ae35121?s=96&d=mm&r=g","caption":"admin-gvs"},"url":"https:\/\/www.gvs.com.br\/medtech\/author\/admin-gvs\/"}]}},"uagb_featured_image_src":{"full":["https:\/\/www.gvs.com.br\/medtech\/wp-content\/uploads\/2025\/09\/topo-me-tecnica-de-fisioterapia-respiratoria.jpg",1123,633,false],"thumbnail":["https:\/\/www.gvs.com.br\/medtech\/wp-content\/uploads\/2025\/09\/topo-me-tecnica-de-fisioterapia-respiratoria-150x150.jpg",150,150,true],"medium":["https:\/\/www.gvs.com.br\/medtech\/wp-content\/uploads\/2025\/09\/topo-me-tecnica-de-fisioterapia-respiratoria-300x169.jpg",300,169,true],"medium_large":["https:\/\/www.gvs.com.br\/medtech\/wp-content\/uploads\/2025\/09\/topo-me-tecnica-de-fisioterapia-respiratoria-768x433.jpg",768,433,true],"large":["https:\/\/www.gvs.com.br\/medtech\/wp-content\/uploads\/2025\/09\/topo-me-tecnica-de-fisioterapia-respiratoria-1024x577.jpg",1024,577,true],"1536x1536":["https:\/\/www.gvs.com.br\/medtech\/wp-content\/uploads\/2025\/09\/topo-me-tecnica-de-fisioterapia-respiratoria.jpg",1123,633,false],"2048x2048":["https:\/\/www.gvs.com.br\/medtech\/wp-content\/uploads\/2025\/09\/topo-me-tecnica-de-fisioterapia-respiratoria.jpg",1123,633,false]},"uagb_author_info":{"display_name":"admin-gvs","author_link":"https:\/\/www.gvs.com.br\/medtech\/author\/admin-gvs\/"},"uagb_comment_info":0,"uagb_excerpt":"Os equipamentos e as t\u00e9cnicas de fisioterapia respirat\u00f3ria Veja como cuidar dos pulm\u00f5es dos pacientes Dentro de sua ampla diversidade, [&hellip;]","_links":{"self":[{"href":"https:\/\/www.gvs.com.br\/medtech\/wp-json\/wp\/v2\/posts\/1069","targetHints":{"allow":["GET"]}}],"collection":[{"href":"https:\/\/www.gvs.com.br\/medtech\/wp-json\/wp\/v2\/posts"}],"about":[{"href":"https:\/\/www.gvs.com.br\/medtech\/wp-json\/wp\/v2\/types\/post"}],"author":[{"embeddable":true,"href":"https:\/\/www.gvs.com.br\/medtech\/wp-json\/wp\/v2\/users\/3"}],"replies":[{"embeddable":true,"href":"https:\/\/www.gvs.com.br\/medtech\/wp-json\/wp\/v2\/comments?post=1069"}],"version-history":[{"count":3,"href":"https:\/\/www.gvs.com.br\/medtech\/wp-json\/wp\/v2\/posts\/1069\/revisions"}],"predecessor-version":[{"id":1105,"href":"https:\/\/www.gvs.com.br\/medtech\/wp-json\/wp\/v2\/posts\/1069\/revisions\/1105"}],"wp:featuredmedia":[{"embeddable":true,"href":"https:\/\/www.gvs.com.br\/medtech\/wp-json\/wp\/v2\/media\/1070"}],"wp:attachment":[{"href":"https:\/\/www.gvs.com.br\/medtech\/wp-json\/wp\/v2\/media?parent=1069"}],"wp:term":[{"taxonomy":"category","embeddable":true,"href":"https:\/\/www.gvs.com.br\/medtech\/wp-json\/wp\/v2\/categories?post=1069"},{"taxonomy":"post_tag","embeddable":true,"href":"https:\/\/www.gvs.com.br\/medtech\/wp-json\/wp\/v2\/tags?post=1069"}],"curies":[{"name":"wp","href":"https:\/\/api.w.org\/{rel}","templated":true}]}}