{"id":1065,"date":"2025-09-08T20:45:16","date_gmt":"2025-09-08T20:45:16","guid":{"rendered":"https:\/\/www.gvs.com.br\/medtech\/?p=1065"},"modified":"2025-09-09T18:06:32","modified_gmt":"2025-09-09T18:06:32","slug":"suporte-ventilatorio","status":"publish","type":"post","link":"https:\/\/www.gvs.com.br\/medtech\/2025\/09\/08\/suporte-ventilatorio\/","title":{"rendered":"Suporte ventilat\u00f3rio: indica\u00e7\u00f5es de uso e seus diversos tipos"},"content":{"rendered":"\n<div class=\"wp-block-uagb-container uagb-block-97360a92 alignfull uagb-is-root-container\"><div class=\"uagb-container-inner-blocks-wrap\">\n<div class=\"wp-block-uagb-advanced-heading uagb-block-b5b418f7\"><h2 class=\"uagb-heading-text\"><strong>Suporte ventilat\u00f3rio: indica\u00e7\u00f5es de uso e <br>seus diversos tipos<\/strong><\/h2><\/div>\n\n\n\n<p class=\"has-white-color has-text-color has-link-color wp-elements-5b8f3b900a252ce16e8acc15795bb3b0\"><strong>Conhe\u00e7a mais sobre essa interven\u00e7\u00e3o<\/strong><\/p>\n<\/div><\/div>\n\n\n\n<p class=\"has-text-align-justify has-text-align-justify\"><\/p>\n\n\n\n<p>A ventila\u00e7\u00e3o mec\u00e2nica, tamb\u00e9m chamada de suporte ventilat\u00f3rio, trata-se de um m\u00e9todo que auxilia no tratamento de pacientes com insufici\u00eancia respirat\u00f3ria aguda ou cr\u00f4nica agudizada.<\/p>\n\n\n\n<p>Ela acontece atrav\u00e9s do uso de aparelhos que, de maneira intermitente, insuflam as vias respirat\u00f3rias com volumes necess\u00e1rios de ar.<\/p>\n\n\n\n<p>Mas quando o suporte respirat\u00f3rio \u00e9 realmente utilizado? Bom, para responder essa pergunta, voc\u00ea vai ver o que diz o artigo \u201c<a href=\"https:\/\/www.scielo.br\/scielo.php?script=sci_arttext&amp;pid=S1806-37132007000800002\"><strong>Ventila\u00e7\u00e3o mec\u00e2nica: princ\u00edpios, an\u00e1lise gr\u00e1fica e modalidades ventilat\u00f3rias<\/strong><\/a>\u201c, de&nbsp;<strong>Carlos Roberto Ribeiro de Carvalho; Carlos Toufen Junior; Suelene Aires Franca<\/strong>.<\/p>\n\n\n\n<p>Al\u00e9m disso, voc\u00ea tamb\u00e9m vai conhecer alguns tipos de ventila\u00e7\u00e3o mec\u00e2nica, segundo o blog&nbsp;<a href=\"https:\/\/www.cpapvital.com.br\/blog\/ventilacao-tipos\/\"><strong>CPAP Vital<\/strong><\/a><strong><a href=\"https:\/\/www.cpapvital.com.br\/blog\/ventilacao-tipos\/\">.<\/a>&nbsp;<\/strong>Aproveite!<\/p>\n\n\n\n<h3 class=\"wp-block-heading has-ast-global-color-0-color has-text-color has-link-color wp-elements-f200e528fe0ec988f2c23f7d3b895951\">Indica\u00e7\u00f5es de uso<\/h3>\n\n\n\n<ul class=\"wp-block-list\">\n<li>Reanima\u00e7\u00e3o devido \u00e0 parada cardiorrespirat\u00f3ria;<\/li>\n\n\n\n<li>Hipoventila\u00e7\u00e3o e apn\u00e9ia: A eleva\u00e7\u00e3o na PaCO<sub>2<\/sub>&nbsp;indica uma hipoventila\u00e7\u00e3o alveolar. Ela pode acontecer de forma aguda, como em pacientes com les\u00f5es no centro respirat\u00f3rio, intoxica\u00e7\u00e3o ou abuso de drogas e na embolia pulmonar, bem como de forma cr\u00f4nica nos pacientes portadores de doen\u00e7as com limita\u00e7\u00e3o cr\u00f4nica ao fluxo a\u00e9reo em fase de agudiza\u00e7\u00e3o e na obesidade m\u00f3rbida;<\/li>\n\n\n\n<li>Insufici\u00eancia respirat\u00f3ria devido a doen\u00e7a pulmonar intr\u00ednseca e hipoxemia.<\/li>\n\n\n\n<li>Fal\u00eancia mec\u00e2nica do aparelho respirat\u00f3rio:<\/li>\n<\/ul>\n\n\n\n<p>\u2013 Fraqueza muscular\/Doen\u00e7as neuromusculares\/Paralisia;<\/p>\n\n\n\n<p>\u2013 Comando respirat\u00f3rio inst\u00e1vel (trauma craniano, acidente vascular cerebral, intoxica\u00e7\u00e3o ex\u00f3gena e abuso de drogas).<\/p>\n\n\n\n<ul class=\"wp-block-list\">\n<li>Forma de preven\u00e7\u00e3o de complica\u00e7\u00f5es respirat\u00f3rias:<\/li>\n<\/ul>\n\n\n\n<p>\u2013 Restabelecimento no p\u00f3s-operat\u00f3rio de cirurgia de abdome superior, tor\u00e1cica de grande porte, deformidade tor\u00e1cica, obesidade m\u00f3rbida; e<\/p>\n\n\n\n<p>\u2013 Parede tor\u00e1cica inst\u00e1vel.<\/p>\n\n\n\n<ul class=\"wp-block-list\">\n<li>Redu\u00e7\u00e3o do trabalho muscular respirat\u00f3rio e fadiga muscular.<\/li>\n<\/ul>\n\n\n\n<h3 class=\"wp-block-heading has-ast-global-color-0-color has-text-color has-link-color wp-elements-5bdf2e25578cb7196eb51ec2225f994a\"><em>O ciclo ventilat\u00f3rio<\/em><\/h3>\n\n\n\n<p>Durante o suporte ventilat\u00f3rio, o seu ciclo com press\u00e3o positiva por ser dividido em quatro etapas. S\u00e3o elas:<\/p>\n\n\n\n<h3 class=\"wp-block-heading has-ast-global-color-0-color has-text-color has-link-color wp-elements-a671f7e755dd51694c4ac37ef1c64752\">1) Fase inspirat\u00f3ria<\/h3>\n\n\n\n<p>Quando o ventilador realiza a insufla\u00e7\u00e3o pulmonar, de acordo com as propriedades el\u00e1sticas e resistivas do sistema respirat\u00f3rio. V\u00e1lvula inspirat\u00f3ria aberta.<\/p>\n\n\n\n<h3 class=\"wp-block-heading has-ast-global-color-0-color has-text-color has-link-color wp-elements-f64c9012ab7395c9b23c2914058072ea\">2) Mudan\u00e7a de fase (ciclagem)<\/h3>\n\n\n\n<p>Nela acontece a transi\u00e7\u00e3o entre a fase inspirat\u00f3ria e a fase expirat\u00f3ria.<\/p>\n\n\n\n<h3 class=\"wp-block-heading has-ast-global-color-0-color has-text-color has-link-color wp-elements-39446c3f0f5080ba67bffad8c558c639\">3) Fase expirat\u00f3ria<\/h3>\n\n\n\n<p>Acontece ap\u00f3s o fechamento da v\u00e1lvula inspirat\u00f3ria e abertura da v\u00e1lvula expirat\u00f3ria. Desse modo, permite que a press\u00e3o do sistema respirat\u00f3rio se mantenha em equil\u00edbrio com a press\u00e3o expirat\u00f3ria final determinada no ventilador.<\/p>\n\n\n\n<h3 class=\"wp-block-heading has-ast-global-color-0-color has-text-color has-link-color wp-elements-92b724c32d67c399b6d3fda5a3fb8e8c\">4) Mudan\u00e7a da fase expirat\u00f3ria para a fase inspirat\u00f3ria (disparo)<\/h3>\n\n\n\n<p>Fim do clico, onde se encerra a expira\u00e7\u00e3o e ocorre o disparo do ventilador. Sendo assim, inicia-se uma nova fase inspirat\u00f3ria.<\/p>\n\n\n\n<figure class=\"wp-block-image aligncenter size-large\"><img loading=\"lazy\" decoding=\"async\" width=\"1024\" height=\"323\" src=\"https:\/\/www.gvs.com.br\/medtech\/wp-content\/uploads\/2025\/09\/meio-me-suporte-ventilatorio-1024x323.png\" alt=\"\" class=\"wp-image-1067\" srcset=\"https:\/\/www.gvs.com.br\/medtech\/wp-content\/uploads\/2025\/09\/meio-me-suporte-ventilatorio-1024x323.png 1024w, https:\/\/www.gvs.com.br\/medtech\/wp-content\/uploads\/2025\/09\/meio-me-suporte-ventilatorio-300x95.png 300w, https:\/\/www.gvs.com.br\/medtech\/wp-content\/uploads\/2025\/09\/meio-me-suporte-ventilatorio-768x242.png 768w, https:\/\/www.gvs.com.br\/medtech\/wp-content\/uploads\/2025\/09\/meio-me-suporte-ventilatorio.png 1110w\" sizes=\"auto, (max-width: 1024px) 100vw, 1024px\" \/><\/figure>\n\n\n\n<h3 class=\"wp-block-heading has-ast-global-color-0-color has-text-color has-link-color wp-elements-d96260c269e998ed420537349c0ff238\">Tipos de suporte respirat\u00f3rio<\/h3>\n\n\n\n<h3 class=\"wp-block-heading has-ast-global-color-0-color has-text-color has-link-color wp-elements-46811dad2741e6be9a5b59709aa55fa0\"><strong>AC: Ventila\u00e7\u00e3o assistida\/controlada<\/strong><\/h3>\n\n\n\n<p>Nela, \u00e9 criado um mecanismo misto de disparo da fase inspirat\u00f3ria por tempo ou press\u00e3o. Ent\u00e3o, enquanto o disparo por press\u00e3o \u00e9 ativado pelo esfor\u00e7o inspirat\u00f3rio do paciente (assistido), o disparo por tempo \u00e9 executado pelo aparelho (controlado). Ou seja, ele&nbsp;<strong>funciona como um mecanismo de resgate<\/strong>, que \u00e9 ativado somente quando o ciclo assistido n\u00e3o ocorre. Dessa forma, garante-se uma frequ\u00eancia m\u00ednima de respira\u00e7\u00e3o.<\/p>\n\n\n\n<h3 class=\"wp-block-heading has-ast-global-color-0-color has-text-color has-link-color wp-elements-8b30e44f6ff08017f9a904e7dce82cd5\"><strong>SIMV (Mandat\u00f3ria sincronizada)<\/strong><\/h3>\n\n\n\n<p>Este tipo de ventila\u00e7\u00e3o consiste em ciclos divididos entre o esfor\u00e7o do paciente (espont\u00e2neo) e o uso do ventilador (controlada\/assistida). Esse esse esfor\u00e7o inspirat\u00f3rio do paciente gera um ciclo adicional do aparelho.<\/p>\n\n\n\n<h3 class=\"wp-block-heading has-ast-global-color-0-color has-text-color has-link-color wp-elements-62c846a50223204cfa6ed59fe736ab6a\"><strong>PSV ou PS: Suporte press\u00f3rico<\/strong><\/h3>\n\n\n\n<p>Nele, os esfor\u00e7os do paciente contam com o aux\u00edlio de um suporte de press\u00e3o. Ele \u00e9 ajustado pelo m\u00e9dico, de modo a determinar um volume corrente aproximado de 10 ml\/Kg. Desse modo, a cada ciclo,<strong>&nbsp;o suporte de press\u00e3o \u00e9 iniciado logo que o aparelho detecta o esfor\u00e7o do paciente<\/strong>&nbsp;(por press\u00e3o negativa ou fluxo). O ciclo \u00e9 encerrado a partir do paciente ou pelo pr\u00f3prio ventilador, quando o fluxo atinge um n\u00edvel determinado. O PS ajuda a reduzir o trabalho respirat\u00f3rio, leva conforto ao paciente e respeita sua fisiologia respirat\u00f3ria.<\/p>\n\n\n\n<h3 class=\"wp-block-heading has-ast-global-color-0-color has-text-color has-link-color wp-elements-ad5fe5ff3418468ba41cbe7dcd038c2c\"><strong>PCV: Press\u00e3o Controlada<\/strong><\/h3>\n\n\n\n<p>Nela, uma&nbsp;<strong>press\u00e3o constante durante a inspira\u00e7\u00e3o \u00e9 proporcionada<\/strong>, a partir de um fluxo desacelerado. Sendo assim, os riscos de barotrauma s\u00e3o reduzidos. Al\u00e9m disso, o tempo inspirat\u00f3rio tamb\u00e9m pode ser aumentado. A Press\u00e3o Controlada n\u00e3o gera pico de press\u00e3o, cursando com menores press\u00f5es m\u00e9dias. No entanto, ela n\u00e3o garante volume corrente.<\/p>\n\n\n\n<h3 class=\"wp-block-heading has-ast-global-color-0-color has-text-color has-link-color wp-elements-269b93ef146bda4e25c28964596a1386\"><strong>CPAP<\/strong><\/h3>\n\n\n\n<p>Mant\u00e9m uma press\u00e3o inspirat\u00f3ria cont\u00ednua nas vias a\u00e9reas. Por outro lado, a expira\u00e7\u00e3o do paciente \u00e9 feita de forma totalmente espont\u00e2nea. Ela possibilita a manuten\u00e7\u00e3o das vias a\u00e9reas e alv\u00e9olos abertos, o que melhora a oxigena\u00e7\u00e3o.<\/p>\n\n\n\n<h3 class=\"wp-block-heading has-ast-global-color-0-color has-text-color has-link-color wp-elements-75260ab9104d2959c545aeddb8172ce3\"><strong>BIPAP<\/strong><\/h3>\n\n\n\n<p>Os aparelhos BiPAP possuem dois n\u00edveis diferentes de press\u00e3o: a sobre a inspira\u00e7\u00e3o (IPAP) e a sobre a expira\u00e7\u00e3o (EPAP). A segunda, por sua vez, \u00e9 sempre mais baixa, de modo a facilitar ao m\u00e1ximo a expira\u00e7\u00e3o. Sendo assim, o esfor\u00e7o para exalar \u00e9 menor, em compara\u00e7\u00e3o com outros dispositivos.<\/p>\n\n\n\n<h3 class=\"wp-block-heading has-ast-global-color-0-color has-text-color has-link-color wp-elements-845bdd0114fe927270e219e009933140\"><strong>VCV \u2013 Volume Controlado<\/strong><\/h3>\n\n\n\n<p>Sua principal caracter\u00edstica \u00e9 a de garantir volume corrente. Contudo,&nbsp;<strong>ela gera press\u00f5es m\u00e9dias de vias a\u00e9reas mais elevadas, gra\u00e7as ao seu pico de press\u00e3o inicial<\/strong>. Tanto o Volume Controlado quanto a Press\u00e3o Controlada permitem ventila\u00e7\u00e3o assistida ou controlada. Ela garante ao paciente o recebimento&nbsp;<a href=\"https:\/\/papertyper.net\/\">self writing essay<\/a>&nbsp;de um determinado volume corrente pr\u00e9-programado, de acordo com um fluxo e tempos inspirat\u00f3rios pr\u00e9-programados.<\/p>\n\n\n\n<h3 class=\"wp-block-heading has-ast-global-color-0-color has-text-color has-link-color wp-elements-32e2e56ef6d8c57e07bf7fda7b1c6797\"><strong>Controlada<\/strong><\/h3>\n\n\n\n<p>Neste tipo de suporte ventilat\u00f3rio n\u00e3o existe qualquer participa\u00e7\u00e3o do paciente. Ali\u00e1s, recomenda-se que ele esteja sedado para receb\u00ea-lo.<\/p>\n\n\n\n<h3 class=\"wp-block-heading has-ast-global-color-0-color has-text-color has-link-color wp-elements-6c5d053b3addc1d815c1c29457134d8b\"><strong>Assisto\/Controlada<\/strong><\/h3>\n\n\n\n<p>Nela, o esfor\u00e7o do paciente acontece apenas no in\u00edcio da fase inspirat\u00f3ria. A ventila\u00e7\u00e3o se inicia a partir deste esfor\u00e7o.<\/p>\n\n\n\n<p>Quer saber mais sobre ventila\u00e7\u00e3o mec\u00e2nica e suporte ventilat\u00f3rio? Ent\u00e3o continue no nosso blog e leia a mat\u00e9ria \u201c<strong><a href=\"https:\/\/www.gvs.com.br\/medtech\/2025\/09\/08\/pneumologia-na-ventilacao-mecanica\/\" target=\"_blank\" rel=\"noreferrer noopener\">Pneumologia na Ventila\u00e7\u00e3o Mec\u00e2nica: entenda melhor como surgem as doen\u00e7as e como evita-las<\/a><\/strong>\u201c.<\/p>\n\n\n\n<div class=\"wp-block-uagb-separator uagb-block-ea6e94c0\"><div class=\"uagb-separator-spacing-wrapper\"><div class=\"wp-block-uagb-separator__inner\" style=\"--my-background-image:\"><\/div><\/div><\/div>\n\n\n\n<div class=\"wp-block-uagb-call-to-action uagb-block-9987562e wp-block-button\"><div class=\"uagb-cta__wrap\"><h3 class=\"uagb-cta__title\">Gostou do conte\u00fado?<\/h3><p class=\"uagb-cta__desc\">Entre em nosso blog e leia mais artigos como esse!<\/p><\/div><div class=\"uagb-cta__buttons\"><a href=\"https:\/\/gvs.com.br\/medtech\/blog\/\" class=\"uagb-cta__button-link-wrapper wp-block-button__link\" target=\"_self\" rel=\"noopener noreferrer\">Acesse<\/a><\/div><\/div>\n\n\n\n<div class=\"wp-block-uagb-separator uagb-block-89841de0\"><div class=\"uagb-separator-spacing-wrapper\"><div class=\"wp-block-uagb-separator__inner\" style=\"--my-background-image:\"><\/div><\/div><\/div>\n\n\n\n<div class=\"wp-block-uagb-call-to-action uagb-block-767538e5 wp-block-button\"><div class=\"uagb-cta__wrap\"><h3 class=\"uagb-cta__title\">Fale com a gente!<\/h3><p class=\"uagb-cta__desc\">Entre em contato com o nosso time hoje mesmo, esclare\u00e7a as suas d\u00favidas e&nbsp;<strong>solicite a sua cota\u00e7\u00e3o!<\/strong><\/p><\/div><div class=\"uagb-cta__buttons\"><a href=\"https:\/\/wa.me\/5519991369490\" class=\"uagb-cta__button-link-wrapper wp-block-button__link\" target=\"_blank\" rel=\"noopener noreferrer\"><svg xmlns=\"https:\/\/www.w3.org\/2000\/svg\" viewBox=\"0 0 448 512\"><path d=\"M380.9 97.1C339 55.1 283.2 32 223.9 32c-122.4 0-222 99.6-222 222 0 39.1 10.2 77.3 29.6 111L0 480l117.7-30.9c32.4 17.7 68.9 27 106.1 27h.1c122.3 0 224.1-99.6 224.1-222 0-59.3-25.2-115-67.1-157zm-157 341.6c-33.2 0-65.7-8.9-94-25.7l-6.7-4-69.8 18.3L72 359.2l-4.4-7c-18.5-29.4-28.2-63.3-28.2-98.2 0-101.7 82.8-184.5 184.6-184.5 49.3 0 95.6 19.2 130.4 54.1 34.8 34.9 56.2 81.2 56.1 130.5 0 101.8-84.9 184.6-186.6 184.6zm101.2-138.2c-5.5-2.8-32.8-16.2-37.9-18-5.1-1.9-8.8-2.8-12.5 2.8-3.7 5.6-14.3 18-17.6 21.8-3.2 3.7-6.5 4.2-12 1.4-32.6-16.3-54-29.1-75.5-66-5.7-9.8 5.7-9.1 16.3-30.3 1.8-3.7 .9-6.9-.5-9.7-1.4-2.8-12.5-30.1-17.1-41.2-4.5-10.8-9.1-9.3-12.5-9.5-3.2-.2-6.9-.2-10.6-.2-3.7 0-9.7 1.4-14.8 6.9-5.1 5.6-19.4 19-19.4 46.3 0 27.3 19.9 53.7 22.6 57.4 2.8 3.7 39.1 59.7 94.8 83.8 35.2 15.2 49 16.5 66.6 13.9 10.7-1.6 32.8-13.4 37.4-26.4 4.6-13 4.6-24.1 3.2-26.4-1.3-2.5-5-3.9-10.5-6.6z\"><\/path><\/svg>WhatsApp<\/a><\/div><\/div>\n\n\n\n<p><\/p>\n","protected":false},"excerpt":{"rendered":"<p>Suporte ventilat\u00f3rio: indica\u00e7\u00f5es de uso e seus diversos tipos Conhe\u00e7a mais sobre essa interven\u00e7\u00e3o A ventila\u00e7\u00e3o mec\u00e2nica, tamb\u00e9m chamada de [&hellip;]<\/p>\n","protected":false},"author":3,"featured_media":1066,"comment_status":"open","ping_status":"open","sticky":false,"template":"","format":"standard","meta":{"_uag_custom_page_level_css":"","site-sidebar-layout":"default","site-content-layout":"","ast-site-content-layout":"default","site-content-style":"default","site-sidebar-style":"default","ast-global-header-display":"","ast-banner-title-visibility":"","ast-main-header-display":"","ast-hfb-above-header-display":"","ast-hfb-below-header-display":"","ast-hfb-mobile-header-display":"","site-post-title":"disabled","ast-breadcrumbs-content":"","ast-featured-img":"disabled","footer-sml-layout":"","ast-disable-related-posts":"","theme-transparent-header-meta":"","adv-header-id-meta":"","stick-header-meta":"","header-above-stick-meta":"","header-main-stick-meta":"","header-below-stick-meta":"","astra-migrate-meta-layouts":"default","ast-page-background-enabled":"default","ast-page-background-meta":{"desktop":{"background-color":"var(--ast-global-color-4)","background-image":"","background-repeat":"repeat","background-position":"center center","background-size":"auto","background-attachment":"scroll","background-type":"","background-media":"","overlay-type":"","overlay-color":"","overlay-opacity":"","overlay-gradient":""},"tablet":{"background-color":"","background-image":"","background-repeat":"repeat","background-position":"center center","background-size":"auto","background-attachment":"scroll","background-type":"","background-media":"","overlay-type":"","overlay-color":"","overlay-opacity":"","overlay-gradient":""},"mobile":{"background-color":"","background-image":"","background-repeat":"repeat","background-position":"center center","background-size":"auto","background-attachment":"scroll","background-type":"","background-media":"","overlay-type":"","overlay-color":"","overlay-opacity":"","overlay-gradient":""}},"ast-content-background-meta":{"desktop":{"background-color":"var(--ast-global-color-5)","background-image":"","background-repeat":"repeat","background-position":"center center","background-size":"auto","background-attachment":"scroll","background-type":"","background-media":"","overlay-type":"","overlay-color":"","overlay-opacity":"","overlay-gradient":""},"tablet":{"background-color":"var(--ast-global-color-5)","background-image":"","background-repeat":"repeat","background-position":"center center","background-size":"auto","background-attachment":"scroll","background-type":"","background-media":"","overlay-type":"","overlay-color":"","overlay-opacity":"","overlay-gradient":""},"mobile":{"background-color":"var(--ast-global-color-5)","background-image":"","background-repeat":"repeat","background-position":"center center","background-size":"auto","background-attachment":"scroll","background-type":"","background-media":"","overlay-type":"","overlay-color":"","overlay-opacity":"","overlay-gradient":""}},"footnotes":""},"categories":[8,7],"tags":[21,22],"class_list":["post-1065","post","type-post","status-publish","format-standard","has-post-thumbnail","hentry","category-gvs","category-medtech","tag-equipamentos-medicos","tag-produtos-hospitalares"],"yoast_head":"<!-- This site is optimized with the Yoast SEO plugin v27.5 - https:\/\/yoast.com\/product\/yoast-seo-wordpress\/ -->\n<title>Suporte ventilat\u00f3rio<\/title>\n<meta name=\"description\" content=\"Suporte ventilat\u00f3rio: Indica\u00e7\u00f5es de uso e seus diversos tipos. Conhe\u00e7a mais sobre essa interven\u00e7\u00e3o com a GVS.\" \/>\n<meta name=\"robots\" content=\"index, follow, max-snippet:-1, max-image-preview:large, max-video-preview:-1\" \/>\n<link rel=\"canonical\" href=\"https:\/\/www.gvs.com.br\/medtech\/2025\/09\/08\/suporte-ventilatorio\/\" \/>\n<meta property=\"og:locale\" content=\"pt_BR\" \/>\n<meta property=\"og:type\" content=\"article\" \/>\n<meta property=\"og:title\" content=\"Suporte ventilat\u00f3rio\" \/>\n<meta property=\"og:description\" content=\"Suporte ventilat\u00f3rio: Indica\u00e7\u00f5es de uso e seus diversos tipos. Conhe\u00e7a mais sobre essa interven\u00e7\u00e3o com a GVS.\" \/>\n<meta property=\"og:url\" content=\"https:\/\/www.gvs.com.br\/medtech\/2025\/09\/08\/suporte-ventilatorio\/\" \/>\n<meta property=\"og:site_name\" content=\"MedTech\" \/>\n<meta property=\"article:published_time\" content=\"2025-09-08T20:45:16+00:00\" \/>\n<meta property=\"article:modified_time\" content=\"2025-09-09T18:06:32+00:00\" \/>\n<meta property=\"og:image\" content=\"https:\/\/www.gvs.com.br\/medtech\/wp-content\/uploads\/2025\/09\/topo-me-suporte-ventilatorio.png\" \/>\n\t<meta property=\"og:image:width\" content=\"1123\" \/>\n\t<meta property=\"og:image:height\" content=\"633\" \/>\n\t<meta property=\"og:image:type\" content=\"image\/png\" \/>\n<meta name=\"author\" content=\"admin-gvs\" \/>\n<meta name=\"twitter:card\" content=\"summary_large_image\" \/>\n<meta name=\"twitter:label1\" content=\"Escrito por\" \/>\n\t<meta name=\"twitter:data1\" content=\"admin-gvs\" \/>\n\t<meta name=\"twitter:label2\" content=\"Est. tempo de leitura\" \/>\n\t<meta name=\"twitter:data2\" content=\"6 minutos\" \/>\n<script type=\"application\/ld+json\" class=\"yoast-schema-graph\">{\"@context\":\"https:\\\/\\\/schema.org\",\"@graph\":[{\"@type\":\"Article\",\"@id\":\"https:\\\/\\\/www.gvs.com.br\\\/medtech\\\/2025\\\/09\\\/08\\\/suporte-ventilatorio\\\/#article\",\"isPartOf\":{\"@id\":\"https:\\\/\\\/www.gvs.com.br\\\/medtech\\\/2025\\\/09\\\/08\\\/suporte-ventilatorio\\\/\"},\"author\":{\"name\":\"admin-gvs\",\"@id\":\"https:\\\/\\\/www.gvs.com.br\\\/medtech\\\/#\\\/schema\\\/person\\\/93f5a042f2130ba3dc092e8229ec0d0a\"},\"headline\":\"Suporte ventilat\u00f3rio: indica\u00e7\u00f5es de uso e seus diversos tipos\",\"datePublished\":\"2025-09-08T20:45:16+00:00\",\"dateModified\":\"2025-09-09T18:06:32+00:00\",\"mainEntityOfPage\":{\"@id\":\"https:\\\/\\\/www.gvs.com.br\\\/medtech\\\/2025\\\/09\\\/08\\\/suporte-ventilatorio\\\/\"},\"wordCount\":1100,\"commentCount\":0,\"publisher\":{\"@id\":\"https:\\\/\\\/www.gvs.com.br\\\/medtech\\\/#organization\"},\"image\":{\"@id\":\"https:\\\/\\\/www.gvs.com.br\\\/medtech\\\/2025\\\/09\\\/08\\\/suporte-ventilatorio\\\/#primaryimage\"},\"thumbnailUrl\":\"https:\\\/\\\/www.gvs.com.br\\\/medtech\\\/wp-content\\\/uploads\\\/2025\\\/09\\\/topo-me-suporte-ventilatorio.png\",\"keywords\":[\"Equipamentos m\u00e9dicos\",\"Produtos hospitalares\"],\"articleSection\":[\"GVS\",\"MedTech\"],\"inLanguage\":\"pt-BR\",\"potentialAction\":[{\"@type\":\"CommentAction\",\"name\":\"Comment\",\"target\":[\"https:\\\/\\\/www.gvs.com.br\\\/medtech\\\/2025\\\/09\\\/08\\\/suporte-ventilatorio\\\/#respond\"]}]},{\"@type\":\"WebPage\",\"@id\":\"https:\\\/\\\/www.gvs.com.br\\\/medtech\\\/2025\\\/09\\\/08\\\/suporte-ventilatorio\\\/\",\"url\":\"https:\\\/\\\/www.gvs.com.br\\\/medtech\\\/2025\\\/09\\\/08\\\/suporte-ventilatorio\\\/\",\"name\":\"Suporte ventilat\u00f3rio\",\"isPartOf\":{\"@id\":\"https:\\\/\\\/www.gvs.com.br\\\/medtech\\\/#website\"},\"primaryImageOfPage\":{\"@id\":\"https:\\\/\\\/www.gvs.com.br\\\/medtech\\\/2025\\\/09\\\/08\\\/suporte-ventilatorio\\\/#primaryimage\"},\"image\":{\"@id\":\"https:\\\/\\\/www.gvs.com.br\\\/medtech\\\/2025\\\/09\\\/08\\\/suporte-ventilatorio\\\/#primaryimage\"},\"thumbnailUrl\":\"https:\\\/\\\/www.gvs.com.br\\\/medtech\\\/wp-content\\\/uploads\\\/2025\\\/09\\\/topo-me-suporte-ventilatorio.png\",\"datePublished\":\"2025-09-08T20:45:16+00:00\",\"dateModified\":\"2025-09-09T18:06:32+00:00\",\"description\":\"Suporte ventilat\u00f3rio: Indica\u00e7\u00f5es de uso e seus diversos tipos. Conhe\u00e7a mais sobre essa interven\u00e7\u00e3o com a GVS.\",\"breadcrumb\":{\"@id\":\"https:\\\/\\\/www.gvs.com.br\\\/medtech\\\/2025\\\/09\\\/08\\\/suporte-ventilatorio\\\/#breadcrumb\"},\"inLanguage\":\"pt-BR\",\"potentialAction\":[{\"@type\":\"ReadAction\",\"target\":[\"https:\\\/\\\/www.gvs.com.br\\\/medtech\\\/2025\\\/09\\\/08\\\/suporte-ventilatorio\\\/\"]}]},{\"@type\":\"ImageObject\",\"inLanguage\":\"pt-BR\",\"@id\":\"https:\\\/\\\/www.gvs.com.br\\\/medtech\\\/2025\\\/09\\\/08\\\/suporte-ventilatorio\\\/#primaryimage\",\"url\":\"https:\\\/\\\/www.gvs.com.br\\\/medtech\\\/wp-content\\\/uploads\\\/2025\\\/09\\\/topo-me-suporte-ventilatorio.png\",\"contentUrl\":\"https:\\\/\\\/www.gvs.com.br\\\/medtech\\\/wp-content\\\/uploads\\\/2025\\\/09\\\/topo-me-suporte-ventilatorio.png\",\"width\":1123,\"height\":633},{\"@type\":\"BreadcrumbList\",\"@id\":\"https:\\\/\\\/www.gvs.com.br\\\/medtech\\\/2025\\\/09\\\/08\\\/suporte-ventilatorio\\\/#breadcrumb\",\"itemListElement\":[{\"@type\":\"ListItem\",\"position\":1,\"name\":\"In\u00edcio\",\"item\":\"https:\\\/\\\/www.gvs.com.br\\\/medtech\\\/\"},{\"@type\":\"ListItem\",\"position\":2,\"name\":\"Suporte ventilat\u00f3rio: indica\u00e7\u00f5es de uso e seus diversos tipos\"}]},{\"@type\":\"WebSite\",\"@id\":\"https:\\\/\\\/www.gvs.com.br\\\/medtech\\\/#website\",\"url\":\"https:\\\/\\\/www.gvs.com.br\\\/medtech\\\/\",\"name\":\"MedTech\",\"description\":\"\",\"publisher\":{\"@id\":\"https:\\\/\\\/www.gvs.com.br\\\/medtech\\\/#organization\"},\"potentialAction\":[{\"@type\":\"SearchAction\",\"target\":{\"@type\":\"EntryPoint\",\"urlTemplate\":\"https:\\\/\\\/www.gvs.com.br\\\/medtech\\\/?s={search_term_string}\"},\"query-input\":{\"@type\":\"PropertyValueSpecification\",\"valueRequired\":true,\"valueName\":\"search_term_string\"}}],\"inLanguage\":\"pt-BR\"},{\"@type\":\"Organization\",\"@id\":\"https:\\\/\\\/www.gvs.com.br\\\/medtech\\\/#organization\",\"name\":\"MedTech\",\"url\":\"https:\\\/\\\/www.gvs.com.br\\\/medtech\\\/\",\"logo\":{\"@type\":\"ImageObject\",\"inLanguage\":\"pt-BR\",\"@id\":\"https:\\\/\\\/www.gvs.com.br\\\/medtech\\\/#\\\/schema\\\/logo\\\/image\\\/\",\"url\":\"https:\\\/\\\/www.gvs.com.br\\\/medtech\\\/wp-content\\\/uploads\\\/2024\\\/12\\\/logo-gvs.png\",\"contentUrl\":\"https:\\\/\\\/www.gvs.com.br\\\/medtech\\\/wp-content\\\/uploads\\\/2024\\\/12\\\/logo-gvs.png\",\"width\":334,\"height\":201,\"caption\":\"MedTech\"},\"image\":{\"@id\":\"https:\\\/\\\/www.gvs.com.br\\\/medtech\\\/#\\\/schema\\\/logo\\\/image\\\/\"}},{\"@type\":\"Person\",\"@id\":\"https:\\\/\\\/www.gvs.com.br\\\/medtech\\\/#\\\/schema\\\/person\\\/93f5a042f2130ba3dc092e8229ec0d0a\",\"name\":\"admin-gvs\",\"image\":{\"@type\":\"ImageObject\",\"inLanguage\":\"pt-BR\",\"@id\":\"https:\\\/\\\/secure.gravatar.com\\\/avatar\\\/753807cf2c24e7c5051446eb4fc6c55657714e911f26a29329d9dc501ae35121?s=96&d=mm&r=g\",\"url\":\"https:\\\/\\\/secure.gravatar.com\\\/avatar\\\/753807cf2c24e7c5051446eb4fc6c55657714e911f26a29329d9dc501ae35121?s=96&d=mm&r=g\",\"contentUrl\":\"https:\\\/\\\/secure.gravatar.com\\\/avatar\\\/753807cf2c24e7c5051446eb4fc6c55657714e911f26a29329d9dc501ae35121?s=96&d=mm&r=g\",\"caption\":\"admin-gvs\"},\"url\":\"https:\\\/\\\/www.gvs.com.br\\\/medtech\\\/author\\\/admin-gvs\\\/\"}]}<\/script>\n<!-- \/ Yoast SEO plugin. -->","yoast_head_json":{"title":"Suporte ventilat\u00f3rio","description":"Suporte ventilat\u00f3rio: Indica\u00e7\u00f5es de uso e seus diversos tipos. Conhe\u00e7a mais sobre essa interven\u00e7\u00e3o com a GVS.","robots":{"index":"index","follow":"follow","max-snippet":"max-snippet:-1","max-image-preview":"max-image-preview:large","max-video-preview":"max-video-preview:-1"},"canonical":"https:\/\/www.gvs.com.br\/medtech\/2025\/09\/08\/suporte-ventilatorio\/","og_locale":"pt_BR","og_type":"article","og_title":"Suporte ventilat\u00f3rio","og_description":"Suporte ventilat\u00f3rio: Indica\u00e7\u00f5es de uso e seus diversos tipos. Conhe\u00e7a mais sobre essa interven\u00e7\u00e3o com a GVS.","og_url":"https:\/\/www.gvs.com.br\/medtech\/2025\/09\/08\/suporte-ventilatorio\/","og_site_name":"MedTech","article_published_time":"2025-09-08T20:45:16+00:00","article_modified_time":"2025-09-09T18:06:32+00:00","og_image":[{"width":1123,"height":633,"url":"https:\/\/www.gvs.com.br\/medtech\/wp-content\/uploads\/2025\/09\/topo-me-suporte-ventilatorio.png","type":"image\/png"}],"author":"admin-gvs","twitter_card":"summary_large_image","twitter_misc":{"Escrito por":"admin-gvs","Est. tempo de leitura":"6 minutos"},"schema":{"@context":"https:\/\/schema.org","@graph":[{"@type":"Article","@id":"https:\/\/www.gvs.com.br\/medtech\/2025\/09\/08\/suporte-ventilatorio\/#article","isPartOf":{"@id":"https:\/\/www.gvs.com.br\/medtech\/2025\/09\/08\/suporte-ventilatorio\/"},"author":{"name":"admin-gvs","@id":"https:\/\/www.gvs.com.br\/medtech\/#\/schema\/person\/93f5a042f2130ba3dc092e8229ec0d0a"},"headline":"Suporte ventilat\u00f3rio: indica\u00e7\u00f5es de uso e seus diversos tipos","datePublished":"2025-09-08T20:45:16+00:00","dateModified":"2025-09-09T18:06:32+00:00","mainEntityOfPage":{"@id":"https:\/\/www.gvs.com.br\/medtech\/2025\/09\/08\/suporte-ventilatorio\/"},"wordCount":1100,"commentCount":0,"publisher":{"@id":"https:\/\/www.gvs.com.br\/medtech\/#organization"},"image":{"@id":"https:\/\/www.gvs.com.br\/medtech\/2025\/09\/08\/suporte-ventilatorio\/#primaryimage"},"thumbnailUrl":"https:\/\/www.gvs.com.br\/medtech\/wp-content\/uploads\/2025\/09\/topo-me-suporte-ventilatorio.png","keywords":["Equipamentos m\u00e9dicos","Produtos hospitalares"],"articleSection":["GVS","MedTech"],"inLanguage":"pt-BR","potentialAction":[{"@type":"CommentAction","name":"Comment","target":["https:\/\/www.gvs.com.br\/medtech\/2025\/09\/08\/suporte-ventilatorio\/#respond"]}]},{"@type":"WebPage","@id":"https:\/\/www.gvs.com.br\/medtech\/2025\/09\/08\/suporte-ventilatorio\/","url":"https:\/\/www.gvs.com.br\/medtech\/2025\/09\/08\/suporte-ventilatorio\/","name":"Suporte ventilat\u00f3rio","isPartOf":{"@id":"https:\/\/www.gvs.com.br\/medtech\/#website"},"primaryImageOfPage":{"@id":"https:\/\/www.gvs.com.br\/medtech\/2025\/09\/08\/suporte-ventilatorio\/#primaryimage"},"image":{"@id":"https:\/\/www.gvs.com.br\/medtech\/2025\/09\/08\/suporte-ventilatorio\/#primaryimage"},"thumbnailUrl":"https:\/\/www.gvs.com.br\/medtech\/wp-content\/uploads\/2025\/09\/topo-me-suporte-ventilatorio.png","datePublished":"2025-09-08T20:45:16+00:00","dateModified":"2025-09-09T18:06:32+00:00","description":"Suporte ventilat\u00f3rio: Indica\u00e7\u00f5es de uso e seus diversos tipos. Conhe\u00e7a mais sobre essa interven\u00e7\u00e3o com a GVS.","breadcrumb":{"@id":"https:\/\/www.gvs.com.br\/medtech\/2025\/09\/08\/suporte-ventilatorio\/#breadcrumb"},"inLanguage":"pt-BR","potentialAction":[{"@type":"ReadAction","target":["https:\/\/www.gvs.com.br\/medtech\/2025\/09\/08\/suporte-ventilatorio\/"]}]},{"@type":"ImageObject","inLanguage":"pt-BR","@id":"https:\/\/www.gvs.com.br\/medtech\/2025\/09\/08\/suporte-ventilatorio\/#primaryimage","url":"https:\/\/www.gvs.com.br\/medtech\/wp-content\/uploads\/2025\/09\/topo-me-suporte-ventilatorio.png","contentUrl":"https:\/\/www.gvs.com.br\/medtech\/wp-content\/uploads\/2025\/09\/topo-me-suporte-ventilatorio.png","width":1123,"height":633},{"@type":"BreadcrumbList","@id":"https:\/\/www.gvs.com.br\/medtech\/2025\/09\/08\/suporte-ventilatorio\/#breadcrumb","itemListElement":[{"@type":"ListItem","position":1,"name":"In\u00edcio","item":"https:\/\/www.gvs.com.br\/medtech\/"},{"@type":"ListItem","position":2,"name":"Suporte ventilat\u00f3rio: indica\u00e7\u00f5es de uso e seus diversos tipos"}]},{"@type":"WebSite","@id":"https:\/\/www.gvs.com.br\/medtech\/#website","url":"https:\/\/www.gvs.com.br\/medtech\/","name":"MedTech","description":"","publisher":{"@id":"https:\/\/www.gvs.com.br\/medtech\/#organization"},"potentialAction":[{"@type":"SearchAction","target":{"@type":"EntryPoint","urlTemplate":"https:\/\/www.gvs.com.br\/medtech\/?s={search_term_string}"},"query-input":{"@type":"PropertyValueSpecification","valueRequired":true,"valueName":"search_term_string"}}],"inLanguage":"pt-BR"},{"@type":"Organization","@id":"https:\/\/www.gvs.com.br\/medtech\/#organization","name":"MedTech","url":"https:\/\/www.gvs.com.br\/medtech\/","logo":{"@type":"ImageObject","inLanguage":"pt-BR","@id":"https:\/\/www.gvs.com.br\/medtech\/#\/schema\/logo\/image\/","url":"https:\/\/www.gvs.com.br\/medtech\/wp-content\/uploads\/2024\/12\/logo-gvs.png","contentUrl":"https:\/\/www.gvs.com.br\/medtech\/wp-content\/uploads\/2024\/12\/logo-gvs.png","width":334,"height":201,"caption":"MedTech"},"image":{"@id":"https:\/\/www.gvs.com.br\/medtech\/#\/schema\/logo\/image\/"}},{"@type":"Person","@id":"https:\/\/www.gvs.com.br\/medtech\/#\/schema\/person\/93f5a042f2130ba3dc092e8229ec0d0a","name":"admin-gvs","image":{"@type":"ImageObject","inLanguage":"pt-BR","@id":"https:\/\/secure.gravatar.com\/avatar\/753807cf2c24e7c5051446eb4fc6c55657714e911f26a29329d9dc501ae35121?s=96&d=mm&r=g","url":"https:\/\/secure.gravatar.com\/avatar\/753807cf2c24e7c5051446eb4fc6c55657714e911f26a29329d9dc501ae35121?s=96&d=mm&r=g","contentUrl":"https:\/\/secure.gravatar.com\/avatar\/753807cf2c24e7c5051446eb4fc6c55657714e911f26a29329d9dc501ae35121?s=96&d=mm&r=g","caption":"admin-gvs"},"url":"https:\/\/www.gvs.com.br\/medtech\/author\/admin-gvs\/"}]}},"uagb_featured_image_src":{"full":["https:\/\/www.gvs.com.br\/medtech\/wp-content\/uploads\/2025\/09\/topo-me-suporte-ventilatorio.png",1123,633,false],"thumbnail":["https:\/\/www.gvs.com.br\/medtech\/wp-content\/uploads\/2025\/09\/topo-me-suporte-ventilatorio-150x150.png",150,150,true],"medium":["https:\/\/www.gvs.com.br\/medtech\/wp-content\/uploads\/2025\/09\/topo-me-suporte-ventilatorio-300x169.png",300,169,true],"medium_large":["https:\/\/www.gvs.com.br\/medtech\/wp-content\/uploads\/2025\/09\/topo-me-suporte-ventilatorio-768x433.png",768,433,true],"large":["https:\/\/www.gvs.com.br\/medtech\/wp-content\/uploads\/2025\/09\/topo-me-suporte-ventilatorio-1024x577.png",1024,577,true],"1536x1536":["https:\/\/www.gvs.com.br\/medtech\/wp-content\/uploads\/2025\/09\/topo-me-suporte-ventilatorio.png",1123,633,false],"2048x2048":["https:\/\/www.gvs.com.br\/medtech\/wp-content\/uploads\/2025\/09\/topo-me-suporte-ventilatorio.png",1123,633,false]},"uagb_author_info":{"display_name":"admin-gvs","author_link":"https:\/\/www.gvs.com.br\/medtech\/author\/admin-gvs\/"},"uagb_comment_info":0,"uagb_excerpt":"Suporte ventilat\u00f3rio: indica\u00e7\u00f5es de uso e seus diversos tipos Conhe\u00e7a mais sobre essa interven\u00e7\u00e3o A ventila\u00e7\u00e3o mec\u00e2nica, tamb\u00e9m chamada de [&hellip;]","_links":{"self":[{"href":"https:\/\/www.gvs.com.br\/medtech\/wp-json\/wp\/v2\/posts\/1065","targetHints":{"allow":["GET"]}}],"collection":[{"href":"https:\/\/www.gvs.com.br\/medtech\/wp-json\/wp\/v2\/posts"}],"about":[{"href":"https:\/\/www.gvs.com.br\/medtech\/wp-json\/wp\/v2\/types\/post"}],"author":[{"embeddable":true,"href":"https:\/\/www.gvs.com.br\/medtech\/wp-json\/wp\/v2\/users\/3"}],"replies":[{"embeddable":true,"href":"https:\/\/www.gvs.com.br\/medtech\/wp-json\/wp\/v2\/comments?post=1065"}],"version-history":[{"count":3,"href":"https:\/\/www.gvs.com.br\/medtech\/wp-json\/wp\/v2\/posts\/1065\/revisions"}],"predecessor-version":[{"id":1106,"href":"https:\/\/www.gvs.com.br\/medtech\/wp-json\/wp\/v2\/posts\/1065\/revisions\/1106"}],"wp:featuredmedia":[{"embeddable":true,"href":"https:\/\/www.gvs.com.br\/medtech\/wp-json\/wp\/v2\/media\/1066"}],"wp:attachment":[{"href":"https:\/\/www.gvs.com.br\/medtech\/wp-json\/wp\/v2\/media?parent=1065"}],"wp:term":[{"taxonomy":"category","embeddable":true,"href":"https:\/\/www.gvs.com.br\/medtech\/wp-json\/wp\/v2\/categories?post=1065"},{"taxonomy":"post_tag","embeddable":true,"href":"https:\/\/www.gvs.com.br\/medtech\/wp-json\/wp\/v2\/tags?post=1065"}],"curies":[{"name":"wp","href":"https:\/\/api.w.org\/{rel}","templated":true}]}}